{"id":10188,"date":"2021-06-06T14:29:19","date_gmt":"2021-06-06T13:29:19","guid":{"rendered":"https:\/\/congovirtuel.com\/information\/?p=10188"},"modified":"2021-06-06T14:29:21","modified_gmt":"2021-06-06T13:29:21","slug":"gims-je-ne-peux-pas-dire-que-la-france-est-raciste","status":"publish","type":"post","link":"https:\/\/congovirtuel.com\/information\/gims-je-ne-peux-pas-dire-que-la-france-est-raciste\/","title":{"rendered":"Gims : \u00abJe ne peux pas dire que la France est raciste\u00bb","gt_translate_keys":[{"key":"rendered","format":"text"}]},"content":{"rendered":"\n<p class=\"wp-block-paragraph\">Invit\u00e9 de \u00ab&nbsp;Sept \u00e0 huit&nbsp;\u00bb dimanche soir, le chanteur n\u00e9 \u00e0 Kinshasa se livre sur le racisme et&nbsp;les injures qu\u2019il a subies et continue de subir.<\/p>\n\n\n\n<p class=\"wp-block-paragraph\">Livreur noir violent\u00e9 \u00e0 Cergy-Pontoise, caissi\u00e8re agress\u00e9e en Haute-Savoie,\u00a0la chanson des Bleus controvers\u00e9\u2026 Dans ce climat tendu, Gims a accord\u00e9 une interview \u00e0 Audrey Crespo-Mara, qui lui consacre le portrait de la semaine de\u00a0Sept \u00e0 huit, diffus\u00e9 sur TF1 dimanche 6\u00a0juin. <\/p>\n\n\n\n<p class=\"wp-block-paragraph\">Dans cet entretien,\u00a0l&rsquo;artiste, qui a r\u00e9cemment annonc\u00e9 qu&rsquo;il arr\u00eatait le rap, s&rsquo;exprime sur le racisme. \u00ab\u00a0La France se dirige vers plus de m\u00e9tissage\u00a0\u00bb, observe-t-il, avant de d\u00e9noncer les discriminations ethniques\u00a0: \u00ab\u00a0Il n&rsquo;y a pas plus grande injustice que de s&rsquo;en prendre \u00e0 quelqu&rsquo;un pour une couleur qu&rsquo;il n&rsquo;a pas choisie. Moi, je ne me souviens pas d&rsquo;avoir choisi ma couleur.\u00a0\u00bb Et d&rsquo;insister\u00a0: \u00ab\u00a0En g\u00e9n\u00e9ral, on s&rsquo;en prend \u00e0 quelqu&rsquo;un pour des actes qu&rsquo;il aurait faits, pour des choix qu&rsquo;il a faits.\u00a0\u00bb<\/p>\n\n\n\n<p class=\"wp-block-paragraph\">Gims se livre ensuite sur sa propre exp\u00e9rience. Enfant, le chanteur a lui-m\u00eame fait face \u00e0 des insultes\u00a0visant sa couleur de peau. \u00ab\u00a0J&rsquo;en ai souffert, \u00e9tant gamin, bien s\u00fbr\u00a0\u00bb, confie-t-il. <\/p>\n\n\n\n<p class=\"wp-block-paragraph\">L&rsquo;ancien membre du groupe Sexion d&rsquo;assaut d\u00e9plore que, au fil des d\u00e9cennies, peu de choses aient \u00e9volu\u00e9. Au contraire, il regrette que dans les cours de r\u00e9cr\u00e9ation et sur les r\u00e9seaux sociaux, ces injures racistes perdurent. \u00ab\u00a0Ce qui choque, c&rsquo;est que les blagues qu&rsquo;on a pu me faire, on les fait encore aujourd&rsquo;hui. <\/p>\n\n\n\n<p class=\"wp-block-paragraph\">\u00c0 des enfants qui avaient mon \u00e2ge. On m&rsquo;a trait\u00e9 de singe ou de macaque, de sale Noir. Et les enfants, aujourd&rsquo;hui, en 2021, c&rsquo;est la m\u00eame chose\u00a0\u00bb, lance-t-il, derri\u00e8re ses lunettes teint\u00e9es. Et de conclure\u00a0: \u00ab\u00a0Il y a un boulot qui n&rsquo;est pas fait.\u00a0\u00bb<\/p>\n\n\n\n<h2 class=\"wp-block-heading\">Un \u00ab\u00a0haut-parleur pour le peuple\u00a0\u00bb<\/h2>\n\n\n\n<p class=\"wp-block-paragraph\">Malgr\u00e9 ce constat, Gims refuse de mettre tous les Fran\u00e7ais dans le m\u00eame sac. \u00ab\u00a0Je ne peux pas dire que la France est un pays raciste. Ce serait condamner des innocents. \u00c7a serait condamner des gens qui ne le sont pas\u00a0\u00bb, souligne-t-il. D&rsquo;autant plus que l&rsquo;interpr\u00e8te de \u00ab\u00a0J&rsquo;me tire\u00a0\u00bb peut se targuer d&rsquo;une brillante carri\u00e8re et d&rsquo;un public fid\u00e8le. \u00ab\u00a0Je n&rsquo;ai pas grandi \u00e0 Kinshasa, j&rsquo;y suis n\u00e9. Je suis congolais d&rsquo;origine, mais j&rsquo;ai fait mes dents, mes pas ici. Avec les gens d&rsquo;en bas, du peuple. Quand on dit que je suis un haut-parleur, je suis un haut-parleur pour le peuple. Ce sont eux qui ach\u00e8tent mes disques. Je ne peux pas dire que ces gens sont racistes. Ce n&rsquo;est pas vrai\u00a0\u00bb, d\u00e9clare l&rsquo;auteur-compositeur-interpr\u00e8te de 35\u00a0ans, qui se veut optimiste pour l&rsquo;avenir\u00a0: \u00ab\u00a0Le mal est l\u00e0 mais le bien domine et dominera toujours.\u00a0\u00bb<\/p>\n\n\n\n<p class=\"wp-block-paragraph\">Lepoint.fr<\/p>\n","protected":false,"gt_translate_keys":[{"key":"rendered","format":"html"}]},"excerpt":{"rendered":"<p>Invit\u00e9 de \u00ab&nbsp;Sept \u00e0 huit&nbsp;\u00bb dimanche soir, le chanteur n\u00e9 \u00e0 Kinshasa se livre sur le racisme et&nbsp;les injures qu\u2019il a subies et continue de subir. Livreur noir violent\u00e9 \u00e0 Cergy-Pontoise, caissi\u00e8re agress\u00e9e en Haute-Savoie,\u00a0la chanson des Bleus controvers\u00e9\u2026 Dans ce climat tendu, Gims a accord\u00e9 une interview \u00e0 Audrey Crespo-Mara, qui lui consacre le portrait de la semaine de\u00a0Sept \u00e0 huit, diffus\u00e9 sur TF1 dimanche 6\u00a0juin. Dans cet entretien,\u00a0l&rsquo;artiste, qui a r\u00e9cemment annonc\u00e9 qu&rsquo;il arr\u00eatait le rap, s&rsquo;exprime sur le racisme. \u00ab\u00a0La France se dirige vers plus de m\u00e9tissage\u00a0\u00bb,&hellip;<\/p>\n","protected":false,"gt_translate_keys":[{"key":"rendered","format":"html"}]},"author":1,"featured_media":10190,"comment_status":"open","ping_status":"open","sticky":false,"template":"","format":"standard","meta":{"_crdt_document":"","footnotes":""},"categories":[1762],"tags":[6470,8591,8590,8592],"class_list":["post-10188","post","type-post","status-publish","format-standard","has-post-thumbnail","hentry","category-france","tag-france","tag-gims","tag-maitre-gims-et-le-racisme","tag-racisme"],"gutentor_comment":0,"yoast_head":"<!-- This site is optimized with the Yoast SEO plugin v27.5 - https:\/\/yoast.com\/product\/yoast-seo-wordpress\/ -->\n<title>Gims : \u00abJe ne peux pas dire que la France est raciste\u00bb - Actualit\u00e9s congolaises et internationales<\/title>\n<meta name=\"robots\" content=\"index, follow, max-snippet:-1, max-image-preview:large, max-video-preview:-1\" \/>\n<link rel=\"canonical\" href=\"https:\/\/congovirtuel.com\/information\/gims-je-ne-peux-pas-dire-que-la-france-est-raciste\/\" \/>\n<meta property=\"og:locale\" content=\"fr_FR\" \/>\n<meta property=\"og:type\" content=\"article\" \/>\n<meta property=\"og:title\" content=\"Gims : \u00abJe ne peux pas dire que la France est raciste\u00bb - Actualit\u00e9s congolaises et internationales\" \/>\n<meta property=\"og:description\" content=\"Invit\u00e9 de \u00ab&nbsp;Sept \u00e0 huit&nbsp;\u00bb dimanche soir, le chanteur n\u00e9 \u00e0 Kinshasa se livre sur le racisme et&nbsp;les injures qu\u2019il a subies et continue de subir. Livreur noir violent\u00e9 \u00e0 Cergy-Pontoise, caissi\u00e8re agress\u00e9e en Haute-Savoie,\u00a0la chanson des Bleus controvers\u00e9\u2026 Dans ce climat tendu, Gims a accord\u00e9 une interview \u00e0 Audrey Crespo-Mara, qui lui consacre le portrait de la semaine de\u00a0Sept \u00e0 huit, diffus\u00e9 sur TF1 dimanche 6\u00a0juin. Dans cet entretien,\u00a0l&rsquo;artiste, qui a r\u00e9cemment annonc\u00e9 qu&rsquo;il arr\u00eatait le rap, s&rsquo;exprime sur le racisme. \u00ab\u00a0La France se dirige vers plus de m\u00e9tissage\u00a0\u00bb,&hellip;\" \/>\n<meta property=\"og:url\" content=\"https:\/\/congovirtuel.com\/information\/gims-je-ne-peux-pas-dire-que-la-france-est-raciste\/\" \/>\n<meta property=\"og:site_name\" content=\"Actualit\u00e9s congolaises et internationales\" \/>\n<meta property=\"article:publisher\" content=\"https:\/\/web.facebook.com\/Congovirtuel-763617960319601\/?ref=aymt_homepage_panel&amp;amp%3bamp%3bamp%3bamp%3bamp%3bamp%3bamp%3bamp%3bamp%3bamp%3bamp%3beid=ARCoxULa66767kIgF_KYav6VdjXTI4yk_LW4yoVO9s6NXpysgb7Cb65vpxcxgqzOAKvIbLQxaAETcqHT\" \/>\n<meta property=\"article:published_time\" content=\"2021-06-06T13:29:19+00:00\" \/>\n<meta property=\"article:modified_time\" content=\"2021-06-06T13:29:21+00:00\" \/>\n<meta property=\"og:image\" content=\"https:\/\/congovirtuel.com\/information\/wp-content\/uploads\/2021\/06\/maitregims-e1518705644371-780x449-1.jpg\" \/>\n\t<meta property=\"og:image:width\" content=\"780\" \/>\n\t<meta property=\"og:image:height\" content=\"449\" \/>\n\t<meta property=\"og:image:type\" content=\"image\/jpeg\" \/>\n<meta name=\"author\" content=\"infocongovirtuel\" \/>\n<meta name=\"twitter:card\" content=\"summary_large_image\" \/>\n<meta name=\"twitter:creator\" content=\"@congovirtuel\" \/>\n<meta name=\"twitter:site\" content=\"@congovirtuel\" \/>\n<meta name=\"twitter:label1\" content=\"\u00c9crit par\" \/>\n\t<meta name=\"twitter:data1\" content=\"infocongovirtuel\" \/>\n\t<meta name=\"twitter:label2\" content=\"Dur\u00e9e de lecture estim\u00e9e\" \/>\n\t<meta name=\"twitter:data2\" content=\"2 minutes\" \/>\n<script type=\"application\/ld+json\" class=\"yoast-schema-graph\">{\"@context\":\"https:\\\/\\\/schema.org\",\"@graph\":[{\"@type\":\"Article\",\"@id\":\"https:\\\/\\\/congovirtuel.com\\\/information\\\/gims-je-ne-peux-pas-dire-que-la-france-est-raciste\\\/#article\",\"isPartOf\":{\"@id\":\"https:\\\/\\\/congovirtuel.com\\\/information\\\/gims-je-ne-peux-pas-dire-que-la-france-est-raciste\\\/\"},\"author\":{\"name\":\"infocongovirtuel\",\"@id\":\"https:\\\/\\\/congovirtuel.com\\\/information\\\/#\\\/schema\\\/person\\\/739a44bf7990966cb53d58d2fdeca0b6\"},\"headline\":\"Gims : \u00abJe ne peux pas dire que la France est raciste\u00bb\",\"datePublished\":\"2021-06-06T13:29:19+00:00\",\"dateModified\":\"2021-06-06T13:29:21+00:00\",\"mainEntityOfPage\":{\"@id\":\"https:\\\/\\\/congovirtuel.com\\\/information\\\/gims-je-ne-peux-pas-dire-que-la-france-est-raciste\\\/\"},\"wordCount\":500,\"commentCount\":0,\"publisher\":{\"@id\":\"https:\\\/\\\/congovirtuel.com\\\/information\\\/#organization\"},\"image\":{\"@id\":\"https:\\\/\\\/congovirtuel.com\\\/information\\\/gims-je-ne-peux-pas-dire-que-la-france-est-raciste\\\/#primaryimage\"},\"thumbnailUrl\":\"https:\\\/\\\/congovirtuel.com\\\/information\\\/wp-content\\\/uploads\\\/2021\\\/06\\\/maitregims-e1518705644371-780x449-1.jpg\",\"keywords\":[\"France\",\"Gims\",\"Ma\u00eetre Gims et le racisme\",\"Racisme\"],\"articleSection\":[\"France\"],\"inLanguage\":\"fr-FR\",\"potentialAction\":[{\"@type\":\"CommentAction\",\"name\":\"Comment\",\"target\":[\"https:\\\/\\\/congovirtuel.com\\\/information\\\/gims-je-ne-peux-pas-dire-que-la-france-est-raciste\\\/#respond\"]}]},{\"@type\":\"WebPage\",\"@id\":\"https:\\\/\\\/congovirtuel.com\\\/information\\\/gims-je-ne-peux-pas-dire-que-la-france-est-raciste\\\/\",\"url\":\"https:\\\/\\\/congovirtuel.com\\\/information\\\/gims-je-ne-peux-pas-dire-que-la-france-est-raciste\\\/\",\"name\":\"Gims : \u00abJe ne peux pas dire que la France est raciste\u00bb - Actualit\u00e9s congolaises et internationales\",\"isPartOf\":{\"@id\":\"https:\\\/\\\/congovirtuel.com\\\/information\\\/#website\"},\"primaryImageOfPage\":{\"@id\":\"https:\\\/\\\/congovirtuel.com\\\/information\\\/gims-je-ne-peux-pas-dire-que-la-france-est-raciste\\\/#primaryimage\"},\"image\":{\"@id\":\"https:\\\/\\\/congovirtuel.com\\\/information\\\/gims-je-ne-peux-pas-dire-que-la-france-est-raciste\\\/#primaryimage\"},\"thumbnailUrl\":\"https:\\\/\\\/congovirtuel.com\\\/information\\\/wp-content\\\/uploads\\\/2021\\\/06\\\/maitregims-e1518705644371-780x449-1.jpg\",\"datePublished\":\"2021-06-06T13:29:19+00:00\",\"dateModified\":\"2021-06-06T13:29:21+00:00\",\"breadcrumb\":{\"@id\":\"https:\\\/\\\/congovirtuel.com\\\/information\\\/gims-je-ne-peux-pas-dire-que-la-france-est-raciste\\\/#breadcrumb\"},\"inLanguage\":\"fr-FR\",\"potentialAction\":[{\"@type\":\"ReadAction\",\"target\":[\"https:\\\/\\\/congovirtuel.com\\\/information\\\/gims-je-ne-peux-pas-dire-que-la-france-est-raciste\\\/\"]}]},{\"@type\":\"ImageObject\",\"inLanguage\":\"fr-FR\",\"@id\":\"https:\\\/\\\/congovirtuel.com\\\/information\\\/gims-je-ne-peux-pas-dire-que-la-france-est-raciste\\\/#primaryimage\",\"url\":\"https:\\\/\\\/congovirtuel.com\\\/information\\\/wp-content\\\/uploads\\\/2021\\\/06\\\/maitregims-e1518705644371-780x449-1.jpg\",\"contentUrl\":\"https:\\\/\\\/congovirtuel.com\\\/information\\\/wp-content\\\/uploads\\\/2021\\\/06\\\/maitregims-e1518705644371-780x449-1.jpg\",\"width\":780,\"height\":449},{\"@type\":\"BreadcrumbList\",\"@id\":\"https:\\\/\\\/congovirtuel.com\\\/information\\\/gims-je-ne-peux-pas-dire-que-la-france-est-raciste\\\/#breadcrumb\",\"itemListElement\":[{\"@type\":\"ListItem\",\"position\":1,\"name\":\"Accueil\",\"item\":\"https:\\\/\\\/congovirtuel.com\\\/information\\\/\"},{\"@type\":\"ListItem\",\"position\":2,\"name\":\"Gims : \u00abJe ne peux pas dire que la France est raciste\u00bb\"}]},{\"@type\":\"WebSite\",\"@id\":\"https:\\\/\\\/congovirtuel.com\\\/information\\\/#website\",\"url\":\"https:\\\/\\\/congovirtuel.com\\\/information\\\/\",\"name\":\"Actualit\u00e9s congolaises et internationales\",\"description\":\"site d&#039;analyse et de traitement d&#039;information\",\"publisher\":{\"@id\":\"https:\\\/\\\/congovirtuel.com\\\/information\\\/#organization\"},\"potentialAction\":[{\"@type\":\"SearchAction\",\"target\":{\"@type\":\"EntryPoint\",\"urlTemplate\":\"https:\\\/\\\/congovirtuel.com\\\/information\\\/?s={search_term_string}\"},\"query-input\":{\"@type\":\"PropertyValueSpecification\",\"valueRequired\":true,\"valueName\":\"search_term_string\"}}],\"inLanguage\":\"fr-FR\"},{\"@type\":\"Organization\",\"@id\":\"https:\\\/\\\/congovirtuel.com\\\/information\\\/#organization\",\"name\":\"Biblioth\u00e8que Virtuelle de la RDC\",\"url\":\"https:\\\/\\\/congovirtuel.com\\\/information\\\/\",\"logo\":{\"@type\":\"ImageObject\",\"inLanguage\":\"fr-FR\",\"@id\":\"https:\\\/\\\/congovirtuel.com\\\/information\\\/#\\\/schema\\\/logo\\\/image\\\/\",\"url\":\"https:\\\/\\\/congovirtuel.com\\\/information\\\/wp-content\\\/uploads\\\/2018\\\/10\\\/header-info-congovirtuel-vraie.jpg\",\"contentUrl\":\"https:\\\/\\\/congovirtuel.com\\\/information\\\/wp-content\\\/uploads\\\/2018\\\/10\\\/header-info-congovirtuel-vraie.jpg\",\"width\":728,\"height\":90,\"caption\":\"Biblioth\u00e8que Virtuelle de la RDC\"},\"image\":{\"@id\":\"https:\\\/\\\/congovirtuel.com\\\/information\\\/#\\\/schema\\\/logo\\\/image\\\/\"},\"sameAs\":[\"https:\\\/\\\/web.facebook.com\\\/Congovirtuel-763617960319601\\\/?ref=aymt_homepage_panel&amp;amp;amp;amp;amp;amp;amp;amp;amp;amp;amp;eid=ARCoxULa66767kIgF_KYav6VdjXTI4yk_LW4yoVO9s6NXpysgb7Cb65vpxcxgqzOAKvIbLQxaAETcqHT\",\"https:\\\/\\\/x.com\\\/congovirtuel\",\"https:\\\/\\\/www.youtube.com\\\/channel\\\/UCkFfprYzGgS3EWNpeMXpToQ?view_as=subscriber\"]},{\"@type\":\"Person\",\"@id\":\"https:\\\/\\\/congovirtuel.com\\\/information\\\/#\\\/schema\\\/person\\\/739a44bf7990966cb53d58d2fdeca0b6\",\"name\":\"infocongovirtuel\",\"image\":{\"@type\":\"ImageObject\",\"inLanguage\":\"fr-FR\",\"@id\":\"https:\\\/\\\/secure.gravatar.com\\\/avatar\\\/4d76991aa72469f0eb22e772586c99113c6997f88da636a9db8f2ce3a2c05e69?s=96&d=mm&r=g\",\"url\":\"https:\\\/\\\/secure.gravatar.com\\\/avatar\\\/4d76991aa72469f0eb22e772586c99113c6997f88da636a9db8f2ce3a2c05e69?s=96&d=mm&r=g\",\"contentUrl\":\"https:\\\/\\\/secure.gravatar.com\\\/avatar\\\/4d76991aa72469f0eb22e772586c99113c6997f88da636a9db8f2ce3a2c05e69?s=96&d=mm&r=g\",\"caption\":\"infocongovirtuel\"},\"url\":\"https:\\\/\\\/congovirtuel.com\\\/information\\\/author\\\/infocongovirtuel\\\/\"}]}<\/script>\n<!-- \/ Yoast SEO plugin. -->","yoast_head_json":{"title":"Gims : \u00abJe ne peux pas dire que la France est raciste\u00bb - Actualit\u00e9s congolaises et internationales","robots":{"index":"index","follow":"follow","max-snippet":"max-snippet:-1","max-image-preview":"max-image-preview:large","max-video-preview":"max-video-preview:-1"},"canonical":"https:\/\/congovirtuel.com\/information\/gims-je-ne-peux-pas-dire-que-la-france-est-raciste\/","og_locale":"fr_FR","og_type":"article","og_title":"Gims : \u00abJe ne peux pas dire que la France est raciste\u00bb - Actualit\u00e9s congolaises et internationales","og_description":"Invit\u00e9 de \u00ab&nbsp;Sept \u00e0 huit&nbsp;\u00bb dimanche soir, le chanteur n\u00e9 \u00e0 Kinshasa se livre sur le racisme et&nbsp;les injures qu\u2019il a subies et continue de subir. Livreur noir violent\u00e9 \u00e0 Cergy-Pontoise, caissi\u00e8re agress\u00e9e en Haute-Savoie,\u00a0la chanson des Bleus controvers\u00e9\u2026 Dans ce climat tendu, Gims a accord\u00e9 une interview \u00e0 Audrey Crespo-Mara, qui lui consacre le portrait de la semaine de\u00a0Sept \u00e0 huit, diffus\u00e9 sur TF1 dimanche 6\u00a0juin. Dans cet entretien,\u00a0l&rsquo;artiste, qui a r\u00e9cemment annonc\u00e9 qu&rsquo;il arr\u00eatait le rap, s&rsquo;exprime sur le racisme. \u00ab\u00a0La France se dirige vers plus de m\u00e9tissage\u00a0\u00bb,&hellip;","og_url":"https:\/\/congovirtuel.com\/information\/gims-je-ne-peux-pas-dire-que-la-france-est-raciste\/","og_site_name":"Actualit\u00e9s congolaises et internationales","article_publisher":"https:\/\/web.facebook.com\/Congovirtuel-763617960319601\/?ref=aymt_homepage_panel&amp%3bamp%3bamp%3bamp%3bamp%3bamp%3bamp%3bamp%3bamp%3bamp%3bamp%3beid=ARCoxULa66767kIgF_KYav6VdjXTI4yk_LW4yoVO9s6NXpysgb7Cb65vpxcxgqzOAKvIbLQxaAETcqHT","article_published_time":"2021-06-06T13:29:19+00:00","article_modified_time":"2021-06-06T13:29:21+00:00","og_image":[{"width":780,"height":449,"url":"https:\/\/congovirtuel.com\/information\/wp-content\/uploads\/2021\/06\/maitregims-e1518705644371-780x449-1.jpg","type":"image\/jpeg"}],"author":"infocongovirtuel","twitter_card":"summary_large_image","twitter_creator":"@congovirtuel","twitter_site":"@congovirtuel","twitter_misc":{"\u00c9crit par":"infocongovirtuel","Dur\u00e9e de lecture estim\u00e9e":"2 minutes"},"schema":{"@context":"https:\/\/schema.org","@graph":[{"@type":"Article","@id":"https:\/\/congovirtuel.com\/information\/gims-je-ne-peux-pas-dire-que-la-france-est-raciste\/#article","isPartOf":{"@id":"https:\/\/congovirtuel.com\/information\/gims-je-ne-peux-pas-dire-que-la-france-est-raciste\/"},"author":{"name":"infocongovirtuel","@id":"https:\/\/congovirtuel.com\/information\/#\/schema\/person\/739a44bf7990966cb53d58d2fdeca0b6"},"headline":"Gims : \u00abJe ne peux pas dire que la France est raciste\u00bb","datePublished":"2021-06-06T13:29:19+00:00","dateModified":"2021-06-06T13:29:21+00:00","mainEntityOfPage":{"@id":"https:\/\/congovirtuel.com\/information\/gims-je-ne-peux-pas-dire-que-la-france-est-raciste\/"},"wordCount":500,"commentCount":0,"publisher":{"@id":"https:\/\/congovirtuel.com\/information\/#organization"},"image":{"@id":"https:\/\/congovirtuel.com\/information\/gims-je-ne-peux-pas-dire-que-la-france-est-raciste\/#primaryimage"},"thumbnailUrl":"https:\/\/congovirtuel.com\/information\/wp-content\/uploads\/2021\/06\/maitregims-e1518705644371-780x449-1.jpg","keywords":["France","Gims","Ma\u00eetre Gims et le racisme","Racisme"],"articleSection":["France"],"inLanguage":"fr-FR","potentialAction":[{"@type":"CommentAction","name":"Comment","target":["https:\/\/congovirtuel.com\/information\/gims-je-ne-peux-pas-dire-que-la-france-est-raciste\/#respond"]}]},{"@type":"WebPage","@id":"https:\/\/congovirtuel.com\/information\/gims-je-ne-peux-pas-dire-que-la-france-est-raciste\/","url":"https:\/\/congovirtuel.com\/information\/gims-je-ne-peux-pas-dire-que-la-france-est-raciste\/","name":"Gims : \u00abJe ne peux pas dire que la France est raciste\u00bb - Actualit\u00e9s congolaises et internationales","isPartOf":{"@id":"https:\/\/congovirtuel.com\/information\/#website"},"primaryImageOfPage":{"@id":"https:\/\/congovirtuel.com\/information\/gims-je-ne-peux-pas-dire-que-la-france-est-raciste\/#primaryimage"},"image":{"@id":"https:\/\/congovirtuel.com\/information\/gims-je-ne-peux-pas-dire-que-la-france-est-raciste\/#primaryimage"},"thumbnailUrl":"https:\/\/congovirtuel.com\/information\/wp-content\/uploads\/2021\/06\/maitregims-e1518705644371-780x449-1.jpg","datePublished":"2021-06-06T13:29:19+00:00","dateModified":"2021-06-06T13:29:21+00:00","breadcrumb":{"@id":"https:\/\/congovirtuel.com\/information\/gims-je-ne-peux-pas-dire-que-la-france-est-raciste\/#breadcrumb"},"inLanguage":"fr-FR","potentialAction":[{"@type":"ReadAction","target":["https:\/\/congovirtuel.com\/information\/gims-je-ne-peux-pas-dire-que-la-france-est-raciste\/"]}]},{"@type":"ImageObject","inLanguage":"fr-FR","@id":"https:\/\/congovirtuel.com\/information\/gims-je-ne-peux-pas-dire-que-la-france-est-raciste\/#primaryimage","url":"https:\/\/congovirtuel.com\/information\/wp-content\/uploads\/2021\/06\/maitregims-e1518705644371-780x449-1.jpg","contentUrl":"https:\/\/congovirtuel.com\/information\/wp-content\/uploads\/2021\/06\/maitregims-e1518705644371-780x449-1.jpg","width":780,"height":449},{"@type":"BreadcrumbList","@id":"https:\/\/congovirtuel.com\/information\/gims-je-ne-peux-pas-dire-que-la-france-est-raciste\/#breadcrumb","itemListElement":[{"@type":"ListItem","position":1,"name":"Accueil","item":"https:\/\/congovirtuel.com\/information\/"},{"@type":"ListItem","position":2,"name":"Gims : \u00abJe ne peux pas dire que la France est raciste\u00bb"}]},{"@type":"WebSite","@id":"https:\/\/congovirtuel.com\/information\/#website","url":"https:\/\/congovirtuel.com\/information\/","name":"Actualit\u00e9s congolaises et internationales","description":"site d&#039;analyse et de traitement d&#039;information","publisher":{"@id":"https:\/\/congovirtuel.com\/information\/#organization"},"potentialAction":[{"@type":"SearchAction","target":{"@type":"EntryPoint","urlTemplate":"https:\/\/congovirtuel.com\/information\/?s={search_term_string}"},"query-input":{"@type":"PropertyValueSpecification","valueRequired":true,"valueName":"search_term_string"}}],"inLanguage":"fr-FR"},{"@type":"Organization","@id":"https:\/\/congovirtuel.com\/information\/#organization","name":"Biblioth\u00e8que Virtuelle de la RDC","url":"https:\/\/congovirtuel.com\/information\/","logo":{"@type":"ImageObject","inLanguage":"fr-FR","@id":"https:\/\/congovirtuel.com\/information\/#\/schema\/logo\/image\/","url":"https:\/\/congovirtuel.com\/information\/wp-content\/uploads\/2018\/10\/header-info-congovirtuel-vraie.jpg","contentUrl":"https:\/\/congovirtuel.com\/information\/wp-content\/uploads\/2018\/10\/header-info-congovirtuel-vraie.jpg","width":728,"height":90,"caption":"Biblioth\u00e8que Virtuelle de la RDC"},"image":{"@id":"https:\/\/congovirtuel.com\/information\/#\/schema\/logo\/image\/"},"sameAs":["https:\/\/web.facebook.com\/Congovirtuel-763617960319601\/?ref=aymt_homepage_panel&amp;amp;amp;amp;amp;amp;amp;amp;amp;amp;amp;eid=ARCoxULa66767kIgF_KYav6VdjXTI4yk_LW4yoVO9s6NXpysgb7Cb65vpxcxgqzOAKvIbLQxaAETcqHT","https:\/\/x.com\/congovirtuel","https:\/\/www.youtube.com\/channel\/UCkFfprYzGgS3EWNpeMXpToQ?view_as=subscriber"]},{"@type":"Person","@id":"https:\/\/congovirtuel.com\/information\/#\/schema\/person\/739a44bf7990966cb53d58d2fdeca0b6","name":"infocongovirtuel","image":{"@type":"ImageObject","inLanguage":"fr-FR","@id":"https:\/\/secure.gravatar.com\/avatar\/4d76991aa72469f0eb22e772586c99113c6997f88da636a9db8f2ce3a2c05e69?s=96&d=mm&r=g","url":"https:\/\/secure.gravatar.com\/avatar\/4d76991aa72469f0eb22e772586c99113c6997f88da636a9db8f2ce3a2c05e69?s=96&d=mm&r=g","contentUrl":"https:\/\/secure.gravatar.com\/avatar\/4d76991aa72469f0eb22e772586c99113c6997f88da636a9db8f2ce3a2c05e69?s=96&d=mm&r=g","caption":"infocongovirtuel"},"url":"https:\/\/congovirtuel.com\/information\/author\/infocongovirtuel\/"}]}},"gt_translate_keys":[{"key":"link","format":"url"}],"_links":{"self":[{"href":"https:\/\/congovirtuel.com\/information\/wp-json\/wp\/v2\/posts\/10188","targetHints":{"allow":["GET"]}}],"collection":[{"href":"https:\/\/congovirtuel.com\/information\/wp-json\/wp\/v2\/posts"}],"about":[{"href":"https:\/\/congovirtuel.com\/information\/wp-json\/wp\/v2\/types\/post"}],"author":[{"embeddable":true,"href":"https:\/\/congovirtuel.com\/information\/wp-json\/wp\/v2\/users\/1"}],"replies":[{"embeddable":true,"href":"https:\/\/congovirtuel.com\/information\/wp-json\/wp\/v2\/comments?post=10188"}],"version-history":[{"count":1,"href":"https:\/\/congovirtuel.com\/information\/wp-json\/wp\/v2\/posts\/10188\/revisions"}],"predecessor-version":[{"id":10191,"href":"https:\/\/congovirtuel.com\/information\/wp-json\/wp\/v2\/posts\/10188\/revisions\/10191"}],"wp:featuredmedia":[{"embeddable":true,"href":"https:\/\/congovirtuel.com\/information\/wp-json\/wp\/v2\/media\/10190"}],"wp:attachment":[{"href":"https:\/\/congovirtuel.com\/information\/wp-json\/wp\/v2\/media?parent=10188"}],"wp:term":[{"taxonomy":"category","embeddable":true,"href":"https:\/\/congovirtuel.com\/information\/wp-json\/wp\/v2\/categories?post=10188"},{"taxonomy":"post_tag","embeddable":true,"href":"https:\/\/congovirtuel.com\/information\/wp-json\/wp\/v2\/tags?post=10188"}],"curies":[{"name":"wp","href":"https:\/\/api.w.org\/{rel}","templated":true}]}}