{"id":102,"date":"2018-11-05T08:53:22","date_gmt":"2018-11-05T07:53:22","guid":{"rendered":"https:\/\/congovirtuel.com\/information\/?p=102"},"modified":"2018-11-05T08:53:22","modified_gmt":"2018-11-05T07:53:22","slug":"sept-civils-tues-et-15-enleves-dans-des-attaques-des-adf-en-rdc","status":"publish","type":"post","link":"https:\/\/congovirtuel.com\/information\/sept-civils-tues-et-15-enleves-dans-des-attaques-des-adf-en-rdc\/","title":{"rendered":"Sept civils tu\u00e9s et 15 enlev\u00e9s dans des attaques des ADF en RDC","gt_translate_keys":[{"key":"rendered","format":"text"}]},"content":{"rendered":"<div class=\"intro intro--bold\">\n<p style=\"text-align: justify;\">Au moins sept civils ont \u00e9t\u00e9 tu\u00e9s et quinze enlev\u00e9s dans deux attaques lanc\u00e9es par des rebelles ougandais musulmans dans la nuit de samedi \u00e0 dimanche dans le territoire de Beni, dans l&rsquo;est de la R\u00e9publique d\u00e9mocratique du Congo, a-t-on appris de sources concordantes.<\/p>\n<\/div>\n<div id=\"article-content\" class=\"content-floated-wrap fb-quotable\">\n<div class=\"wsw\">\n<p style=\"text-align: justify;\">Les rebelles des Forces d\u00e9mocratiques alli\u00e9es (ADF) ont \u00ab\u00a0attaqu\u00e9 simultan\u00e9ment les localit\u00e9s de Mangboko et Oicha\u00a0\u00bb dans l&rsquo;extr\u00eame-nord de la province du Nord-Kivu, a d\u00e9clar\u00e9 \u00e0 l&rsquo;AFP Teddy Kataliko, responsable de la soci\u00e9t\u00e9 civile du territoire de Beni.<\/p>\n<p><script async src=\"\/\/pagead2.googlesyndication.com\/pagead\/js\/adsbygoogle.js\"><\/script><br \/>\n<!-- code responsive --><br \/>\n<ins class=\"adsbygoogle\" style=\"display: block;\" data-ad-client=\"ca-pub-2119363214666215\" data-ad-slot=\"1973679082\" data-ad-format=\"auto\"><\/ins><br \/>\n<script>\n(adsbygoogle = window.adsbygoogle || []).push({});\n<\/script><\/p>\n<p style=\"text-align: justify;\">A Mangboko, ils ont \u00ab\u00a0br\u00fbl\u00e9 un conducteur dans son camion, tu\u00e9 six autres civils tandis que \u00e0 Oicha, ils ont tu\u00e9 une personne et enlev\u00e9 15 autres\u00a0\u00bb, a-t-il d\u00e9taill\u00e9, faisant ainsi \u00e9tat de huit morts au total.<\/p>\n<p style=\"text-align: justify;\">\u00ab\u00a0Nous d\u00e9non\u00e7ons l&rsquo;inefficacit\u00e9 de l&rsquo;arm\u00e9e, c&rsquo;est anormal que l&rsquo;arm\u00e9e n&rsquo;arrive pas \u00e0 s\u00e9curiser les populations\u00a0\u00bb, a affirm\u00e9 M. Kataliko.<\/p>\n<p style=\"text-align: justify;\">L&rsquo;administrateur du territoire de Beni, Donat Kibwana, a avanc\u00e9 un bilan de \u00ab\u00a0sept civils tu\u00e9s et 15 enlev\u00e9s dont 10 enfants\u00a0\u00bb.<\/p>\n<p style=\"text-align: justify;\">Interrog\u00e9 par l&rsquo;AFP, le capitaine Mak Hazukay, porte-parole de l&rsquo;arm\u00e9e a indiqu\u00e9 que \u00ab\u00a0l&rsquo;arm\u00e9e a vite r\u00e9agi afin d&rsquo;arr\u00eater les b\u00e9vues des ces rebelles qui ont malheureusement tu\u00e9 7 civils\u00a0\u00bb.<\/p>\n<p style=\"text-align: justify;\">Les ADF sont des rebelles musulmans oppos\u00e9s au pr\u00e9sident ougandais Yoweri Museveni et qui sont pr\u00e9sents sur le territoire congolais depuis 1995.<\/p>\n<p style=\"text-align: justify;\">Ce groupe myst\u00e9rieux, sans revendication claire, ni leader connu n&rsquo;a jamais lanc\u00e9 d&rsquo;attaque d&rsquo;envergure contre Kampala, mais sont tenus responsables depuis octobre 2014 d&rsquo;une s\u00e9rie de massacres contre des civils dans la ville et le territoire de Beni, avec un bilan de plusieurs centaines de morts.<\/p>\n<p style=\"text-align: justify;\">Ces rebelles sont \u00e9galement tenus responsables de la mort de 15 Casques bleus tanzaniens au cours d&rsquo;une attaque d&rsquo;une base de la Mission de l&rsquo;ONU en RDC en d\u00e9cembre 2017 \u00e0 Semuliki, plus \u00e0 l&rsquo;est, vers la fronti\u00e8re avec l&rsquo;Ouganda.<\/p>\n<p style=\"text-align: justify;\">VOA and AFP<\/p>\n<p><script async src=\"\/\/pagead2.googlesyndication.com\/pagead\/js\/adsbygoogle.js\"><\/script><br \/>\n<!-- code responsive --><br \/>\n<ins class=\"adsbygoogle\" style=\"display: block;\" data-ad-client=\"ca-pub-2119363214666215\" data-ad-slot=\"1973679082\" data-ad-format=\"auto\"><\/ins><br \/>\n<script>\n(adsbygoogle = window.adsbygoogle || []).push({});\n<\/script><\/p>\n<\/div>\n<\/div>\n","protected":false,"gt_translate_keys":[{"key":"rendered","format":"html"}]},"excerpt":{"rendered":"<p>Au moins sept civils ont \u00e9t\u00e9 tu\u00e9s et quinze enlev\u00e9s dans deux attaques lanc\u00e9es par des rebelles ougandais musulmans dans la nuit de samedi \u00e0 dimanche dans le territoire de Beni, dans l&rsquo;est de la R\u00e9publique d\u00e9mocratique du Congo, a-t-on appris de sources concordantes. Les rebelles des Forces d\u00e9mocratiques alli\u00e9es (ADF) ont \u00ab\u00a0attaqu\u00e9 simultan\u00e9ment les localit\u00e9s de Mangboko et Oicha\u00a0\u00bb dans l&rsquo;extr\u00eame-nord de la province du Nord-Kivu, a d\u00e9clar\u00e9 \u00e0 l&rsquo;AFP Teddy Kataliko, responsable de la soci\u00e9t\u00e9 civile du territoire de Beni. A Mangboko, ils ont \u00ab\u00a0br\u00fbl\u00e9 un conducteur dans&hellip;<\/p>\n","protected":false,"gt_translate_keys":[{"key":"rendered","format":"html"}]},"author":1,"featured_media":103,"comment_status":"open","ping_status":"open","sticky":false,"template":"","format":"standard","meta":{"_crdt_document":"","footnotes":""},"categories":[7],"tags":[],"class_list":["post-102","post","type-post","status-publish","format-standard","has-post-thumbnail","hentry","category-securite"],"gutentor_comment":0,"yoast_head":"<!-- This site is optimized with the Yoast SEO plugin v27.5 - https:\/\/yoast.com\/product\/yoast-seo-wordpress\/ -->\n<title>Sept civils tu\u00e9s et 15 enlev\u00e9s dans des attaques des ADF en RDC - Actualit\u00e9s congolaises et internationales<\/title>\n<meta name=\"robots\" content=\"index, follow, max-snippet:-1, max-image-preview:large, max-video-preview:-1\" \/>\n<link rel=\"canonical\" href=\"https:\/\/congovirtuel.com\/information\/sept-civils-tues-et-15-enleves-dans-des-attaques-des-adf-en-rdc\/\" \/>\n<meta property=\"og:locale\" content=\"fr_FR\" \/>\n<meta property=\"og:type\" content=\"article\" \/>\n<meta property=\"og:title\" content=\"Sept civils tu\u00e9s et 15 enlev\u00e9s dans des attaques des ADF en RDC - Actualit\u00e9s congolaises et internationales\" \/>\n<meta property=\"og:description\" content=\"Au moins sept civils ont \u00e9t\u00e9 tu\u00e9s et quinze enlev\u00e9s dans deux attaques lanc\u00e9es par des rebelles ougandais musulmans dans la nuit de samedi \u00e0 dimanche dans le territoire de Beni, dans l&rsquo;est de la R\u00e9publique d\u00e9mocratique du Congo, a-t-on appris de sources concordantes. Les rebelles des Forces d\u00e9mocratiques alli\u00e9es (ADF) ont \u00ab\u00a0attaqu\u00e9 simultan\u00e9ment les localit\u00e9s de Mangboko et Oicha\u00a0\u00bb dans l&rsquo;extr\u00eame-nord de la province du Nord-Kivu, a d\u00e9clar\u00e9 \u00e0 l&rsquo;AFP Teddy Kataliko, responsable de la soci\u00e9t\u00e9 civile du territoire de Beni. A Mangboko, ils ont \u00ab\u00a0br\u00fbl\u00e9 un conducteur dans&hellip;\" \/>\n<meta property=\"og:url\" content=\"https:\/\/congovirtuel.com\/information\/sept-civils-tues-et-15-enleves-dans-des-attaques-des-adf-en-rdc\/\" \/>\n<meta property=\"og:site_name\" content=\"Actualit\u00e9s congolaises et internationales\" \/>\n<meta property=\"article:publisher\" content=\"https:\/\/web.facebook.com\/Congovirtuel-763617960319601\/?ref=aymt_homepage_panel&amp;amp%3bamp%3bamp%3bamp%3bamp%3bamp%3bamp%3bamp%3bamp%3bamp%3bamp%3beid=ARCoxULa66767kIgF_KYav6VdjXTI4yk_LW4yoVO9s6NXpysgb7Cb65vpxcxgqzOAKvIbLQxaAETcqHT\" \/>\n<meta property=\"article:published_time\" content=\"2018-11-05T07:53:22+00:00\" \/>\n<meta property=\"og:image\" content=\"https:\/\/congovirtuel.com\/information\/wp-content\/uploads\/2018\/11\/horde_staline-e1541404308654.jpg\" \/>\n\t<meta property=\"og:image:width\" content=\"600\" \/>\n\t<meta property=\"og:image:height\" content=\"337\" \/>\n\t<meta property=\"og:image:type\" content=\"image\/jpeg\" \/>\n<meta name=\"author\" content=\"infocongovirtuel\" \/>\n<meta name=\"twitter:card\" content=\"summary_large_image\" \/>\n<meta name=\"twitter:creator\" content=\"@congovirtuel\" \/>\n<meta name=\"twitter:site\" content=\"@congovirtuel\" \/>\n<meta name=\"twitter:label1\" content=\"\u00c9crit par\" \/>\n\t<meta name=\"twitter:data1\" content=\"infocongovirtuel\" \/>\n\t<meta name=\"twitter:label2\" content=\"Dur\u00e9e de lecture estim\u00e9e\" \/>\n\t<meta name=\"twitter:data2\" content=\"2 minutes\" \/>\n<script type=\"application\/ld+json\" class=\"yoast-schema-graph\">{\"@context\":\"https:\\\/\\\/schema.org\",\"@graph\":[{\"@type\":\"Article\",\"@id\":\"https:\\\/\\\/congovirtuel.com\\\/information\\\/sept-civils-tues-et-15-enleves-dans-des-attaques-des-adf-en-rdc\\\/#article\",\"isPartOf\":{\"@id\":\"https:\\\/\\\/congovirtuel.com\\\/information\\\/sept-civils-tues-et-15-enleves-dans-des-attaques-des-adf-en-rdc\\\/\"},\"author\":{\"name\":\"infocongovirtuel\",\"@id\":\"https:\\\/\\\/congovirtuel.com\\\/information\\\/#\\\/schema\\\/person\\\/739a44bf7990966cb53d58d2fdeca0b6\"},\"headline\":\"Sept civils tu\u00e9s et 15 enlev\u00e9s dans des attaques des ADF en RDC\",\"datePublished\":\"2018-11-05T07:53:22+00:00\",\"mainEntityOfPage\":{\"@id\":\"https:\\\/\\\/congovirtuel.com\\\/information\\\/sept-civils-tues-et-15-enleves-dans-des-attaques-des-adf-en-rdc\\\/\"},\"wordCount\":355,\"commentCount\":0,\"publisher\":{\"@id\":\"https:\\\/\\\/congovirtuel.com\\\/information\\\/#organization\"},\"image\":{\"@id\":\"https:\\\/\\\/congovirtuel.com\\\/information\\\/sept-civils-tues-et-15-enleves-dans-des-attaques-des-adf-en-rdc\\\/#primaryimage\"},\"thumbnailUrl\":\"https:\\\/\\\/congovirtuel.com\\\/information\\\/wp-content\\\/uploads\\\/2018\\\/11\\\/horde_staline-e1541404308654.jpg\",\"articleSection\":[\"Securit\u00e9\"],\"inLanguage\":\"fr-FR\",\"potentialAction\":[{\"@type\":\"CommentAction\",\"name\":\"Comment\",\"target\":[\"https:\\\/\\\/congovirtuel.com\\\/information\\\/sept-civils-tues-et-15-enleves-dans-des-attaques-des-adf-en-rdc\\\/#respond\"]}]},{\"@type\":\"WebPage\",\"@id\":\"https:\\\/\\\/congovirtuel.com\\\/information\\\/sept-civils-tues-et-15-enleves-dans-des-attaques-des-adf-en-rdc\\\/\",\"url\":\"https:\\\/\\\/congovirtuel.com\\\/information\\\/sept-civils-tues-et-15-enleves-dans-des-attaques-des-adf-en-rdc\\\/\",\"name\":\"Sept civils tu\u00e9s et 15 enlev\u00e9s dans des attaques des ADF en RDC - Actualit\u00e9s congolaises et internationales\",\"isPartOf\":{\"@id\":\"https:\\\/\\\/congovirtuel.com\\\/information\\\/#website\"},\"primaryImageOfPage\":{\"@id\":\"https:\\\/\\\/congovirtuel.com\\\/information\\\/sept-civils-tues-et-15-enleves-dans-des-attaques-des-adf-en-rdc\\\/#primaryimage\"},\"image\":{\"@id\":\"https:\\\/\\\/congovirtuel.com\\\/information\\\/sept-civils-tues-et-15-enleves-dans-des-attaques-des-adf-en-rdc\\\/#primaryimage\"},\"thumbnailUrl\":\"https:\\\/\\\/congovirtuel.com\\\/information\\\/wp-content\\\/uploads\\\/2018\\\/11\\\/horde_staline-e1541404308654.jpg\",\"datePublished\":\"2018-11-05T07:53:22+00:00\",\"breadcrumb\":{\"@id\":\"https:\\\/\\\/congovirtuel.com\\\/information\\\/sept-civils-tues-et-15-enleves-dans-des-attaques-des-adf-en-rdc\\\/#breadcrumb\"},\"inLanguage\":\"fr-FR\",\"potentialAction\":[{\"@type\":\"ReadAction\",\"target\":[\"https:\\\/\\\/congovirtuel.com\\\/information\\\/sept-civils-tues-et-15-enleves-dans-des-attaques-des-adf-en-rdc\\\/\"]}]},{\"@type\":\"ImageObject\",\"inLanguage\":\"fr-FR\",\"@id\":\"https:\\\/\\\/congovirtuel.com\\\/information\\\/sept-civils-tues-et-15-enleves-dans-des-attaques-des-adf-en-rdc\\\/#primaryimage\",\"url\":\"https:\\\/\\\/congovirtuel.com\\\/information\\\/wp-content\\\/uploads\\\/2018\\\/11\\\/horde_staline-e1541404308654.jpg\",\"contentUrl\":\"https:\\\/\\\/congovirtuel.com\\\/information\\\/wp-content\\\/uploads\\\/2018\\\/11\\\/horde_staline-e1541404308654.jpg\",\"width\":600,\"height\":337,\"caption\":\"fardc\"},{\"@type\":\"BreadcrumbList\",\"@id\":\"https:\\\/\\\/congovirtuel.com\\\/information\\\/sept-civils-tues-et-15-enleves-dans-des-attaques-des-adf-en-rdc\\\/#breadcrumb\",\"itemListElement\":[{\"@type\":\"ListItem\",\"position\":1,\"name\":\"Accueil\",\"item\":\"https:\\\/\\\/congovirtuel.com\\\/information\\\/\"},{\"@type\":\"ListItem\",\"position\":2,\"name\":\"Sept civils tu\u00e9s et 15 enlev\u00e9s dans des attaques des ADF en RDC\"}]},{\"@type\":\"WebSite\",\"@id\":\"https:\\\/\\\/congovirtuel.com\\\/information\\\/#website\",\"url\":\"https:\\\/\\\/congovirtuel.com\\\/information\\\/\",\"name\":\"Actualit\u00e9s congolaises et internationales\",\"description\":\"site d&#039;analyse et de traitement d&#039;information\",\"publisher\":{\"@id\":\"https:\\\/\\\/congovirtuel.com\\\/information\\\/#organization\"},\"potentialAction\":[{\"@type\":\"SearchAction\",\"target\":{\"@type\":\"EntryPoint\",\"urlTemplate\":\"https:\\\/\\\/congovirtuel.com\\\/information\\\/?s={search_term_string}\"},\"query-input\":{\"@type\":\"PropertyValueSpecification\",\"valueRequired\":true,\"valueName\":\"search_term_string\"}}],\"inLanguage\":\"fr-FR\"},{\"@type\":\"Organization\",\"@id\":\"https:\\\/\\\/congovirtuel.com\\\/information\\\/#organization\",\"name\":\"Biblioth\u00e8que Virtuelle de la RDC\",\"url\":\"https:\\\/\\\/congovirtuel.com\\\/information\\\/\",\"logo\":{\"@type\":\"ImageObject\",\"inLanguage\":\"fr-FR\",\"@id\":\"https:\\\/\\\/congovirtuel.com\\\/information\\\/#\\\/schema\\\/logo\\\/image\\\/\",\"url\":\"https:\\\/\\\/congovirtuel.com\\\/information\\\/wp-content\\\/uploads\\\/2018\\\/10\\\/header-info-congovirtuel-vraie.jpg\",\"contentUrl\":\"https:\\\/\\\/congovirtuel.com\\\/information\\\/wp-content\\\/uploads\\\/2018\\\/10\\\/header-info-congovirtuel-vraie.jpg\",\"width\":728,\"height\":90,\"caption\":\"Biblioth\u00e8que Virtuelle de la RDC\"},\"image\":{\"@id\":\"https:\\\/\\\/congovirtuel.com\\\/information\\\/#\\\/schema\\\/logo\\\/image\\\/\"},\"sameAs\":[\"https:\\\/\\\/web.facebook.com\\\/Congovirtuel-763617960319601\\\/?ref=aymt_homepage_panel&amp;amp;amp;amp;amp;amp;amp;amp;amp;amp;amp;eid=ARCoxULa66767kIgF_KYav6VdjXTI4yk_LW4yoVO9s6NXpysgb7Cb65vpxcxgqzOAKvIbLQxaAETcqHT\",\"https:\\\/\\\/x.com\\\/congovirtuel\",\"https:\\\/\\\/www.youtube.com\\\/channel\\\/UCkFfprYzGgS3EWNpeMXpToQ?view_as=subscriber\"]},{\"@type\":\"Person\",\"@id\":\"https:\\\/\\\/congovirtuel.com\\\/information\\\/#\\\/schema\\\/person\\\/739a44bf7990966cb53d58d2fdeca0b6\",\"name\":\"infocongovirtuel\",\"image\":{\"@type\":\"ImageObject\",\"inLanguage\":\"fr-FR\",\"@id\":\"https:\\\/\\\/secure.gravatar.com\\\/avatar\\\/4d76991aa72469f0eb22e772586c99113c6997f88da636a9db8f2ce3a2c05e69?s=96&d=mm&r=g\",\"url\":\"https:\\\/\\\/secure.gravatar.com\\\/avatar\\\/4d76991aa72469f0eb22e772586c99113c6997f88da636a9db8f2ce3a2c05e69?s=96&d=mm&r=g\",\"contentUrl\":\"https:\\\/\\\/secure.gravatar.com\\\/avatar\\\/4d76991aa72469f0eb22e772586c99113c6997f88da636a9db8f2ce3a2c05e69?s=96&d=mm&r=g\",\"caption\":\"infocongovirtuel\"},\"url\":\"https:\\\/\\\/congovirtuel.com\\\/information\\\/author\\\/infocongovirtuel\\\/\"}]}<\/script>\n<!-- \/ Yoast SEO plugin. -->","yoast_head_json":{"title":"Sept civils tu\u00e9s et 15 enlev\u00e9s dans des attaques des ADF en RDC - Actualit\u00e9s congolaises et internationales","robots":{"index":"index","follow":"follow","max-snippet":"max-snippet:-1","max-image-preview":"max-image-preview:large","max-video-preview":"max-video-preview:-1"},"canonical":"https:\/\/congovirtuel.com\/information\/sept-civils-tues-et-15-enleves-dans-des-attaques-des-adf-en-rdc\/","og_locale":"fr_FR","og_type":"article","og_title":"Sept civils tu\u00e9s et 15 enlev\u00e9s dans des attaques des ADF en RDC - Actualit\u00e9s congolaises et internationales","og_description":"Au moins sept civils ont \u00e9t\u00e9 tu\u00e9s et quinze enlev\u00e9s dans deux attaques lanc\u00e9es par des rebelles ougandais musulmans dans la nuit de samedi \u00e0 dimanche dans le territoire de Beni, dans l&rsquo;est de la R\u00e9publique d\u00e9mocratique du Congo, a-t-on appris de sources concordantes. Les rebelles des Forces d\u00e9mocratiques alli\u00e9es (ADF) ont \u00ab\u00a0attaqu\u00e9 simultan\u00e9ment les localit\u00e9s de Mangboko et Oicha\u00a0\u00bb dans l&rsquo;extr\u00eame-nord de la province du Nord-Kivu, a d\u00e9clar\u00e9 \u00e0 l&rsquo;AFP Teddy Kataliko, responsable de la soci\u00e9t\u00e9 civile du territoire de Beni. A Mangboko, ils ont \u00ab\u00a0br\u00fbl\u00e9 un conducteur dans&hellip;","og_url":"https:\/\/congovirtuel.com\/information\/sept-civils-tues-et-15-enleves-dans-des-attaques-des-adf-en-rdc\/","og_site_name":"Actualit\u00e9s congolaises et internationales","article_publisher":"https:\/\/web.facebook.com\/Congovirtuel-763617960319601\/?ref=aymt_homepage_panel&amp%3bamp%3bamp%3bamp%3bamp%3bamp%3bamp%3bamp%3bamp%3bamp%3bamp%3beid=ARCoxULa66767kIgF_KYav6VdjXTI4yk_LW4yoVO9s6NXpysgb7Cb65vpxcxgqzOAKvIbLQxaAETcqHT","article_published_time":"2018-11-05T07:53:22+00:00","og_image":[{"width":600,"height":337,"url":"https:\/\/congovirtuel.com\/information\/wp-content\/uploads\/2018\/11\/horde_staline-e1541404308654.jpg","type":"image\/jpeg"}],"author":"infocongovirtuel","twitter_card":"summary_large_image","twitter_creator":"@congovirtuel","twitter_site":"@congovirtuel","twitter_misc":{"\u00c9crit par":"infocongovirtuel","Dur\u00e9e de lecture estim\u00e9e":"2 minutes"},"schema":{"@context":"https:\/\/schema.org","@graph":[{"@type":"Article","@id":"https:\/\/congovirtuel.com\/information\/sept-civils-tues-et-15-enleves-dans-des-attaques-des-adf-en-rdc\/#article","isPartOf":{"@id":"https:\/\/congovirtuel.com\/information\/sept-civils-tues-et-15-enleves-dans-des-attaques-des-adf-en-rdc\/"},"author":{"name":"infocongovirtuel","@id":"https:\/\/congovirtuel.com\/information\/#\/schema\/person\/739a44bf7990966cb53d58d2fdeca0b6"},"headline":"Sept civils tu\u00e9s et 15 enlev\u00e9s dans des attaques des ADF en RDC","datePublished":"2018-11-05T07:53:22+00:00","mainEntityOfPage":{"@id":"https:\/\/congovirtuel.com\/information\/sept-civils-tues-et-15-enleves-dans-des-attaques-des-adf-en-rdc\/"},"wordCount":355,"commentCount":0,"publisher":{"@id":"https:\/\/congovirtuel.com\/information\/#organization"},"image":{"@id":"https:\/\/congovirtuel.com\/information\/sept-civils-tues-et-15-enleves-dans-des-attaques-des-adf-en-rdc\/#primaryimage"},"thumbnailUrl":"https:\/\/congovirtuel.com\/information\/wp-content\/uploads\/2018\/11\/horde_staline-e1541404308654.jpg","articleSection":["Securit\u00e9"],"inLanguage":"fr-FR","potentialAction":[{"@type":"CommentAction","name":"Comment","target":["https:\/\/congovirtuel.com\/information\/sept-civils-tues-et-15-enleves-dans-des-attaques-des-adf-en-rdc\/#respond"]}]},{"@type":"WebPage","@id":"https:\/\/congovirtuel.com\/information\/sept-civils-tues-et-15-enleves-dans-des-attaques-des-adf-en-rdc\/","url":"https:\/\/congovirtuel.com\/information\/sept-civils-tues-et-15-enleves-dans-des-attaques-des-adf-en-rdc\/","name":"Sept civils tu\u00e9s et 15 enlev\u00e9s dans des attaques des ADF en RDC - Actualit\u00e9s congolaises et internationales","isPartOf":{"@id":"https:\/\/congovirtuel.com\/information\/#website"},"primaryImageOfPage":{"@id":"https:\/\/congovirtuel.com\/information\/sept-civils-tues-et-15-enleves-dans-des-attaques-des-adf-en-rdc\/#primaryimage"},"image":{"@id":"https:\/\/congovirtuel.com\/information\/sept-civils-tues-et-15-enleves-dans-des-attaques-des-adf-en-rdc\/#primaryimage"},"thumbnailUrl":"https:\/\/congovirtuel.com\/information\/wp-content\/uploads\/2018\/11\/horde_staline-e1541404308654.jpg","datePublished":"2018-11-05T07:53:22+00:00","breadcrumb":{"@id":"https:\/\/congovirtuel.com\/information\/sept-civils-tues-et-15-enleves-dans-des-attaques-des-adf-en-rdc\/#breadcrumb"},"inLanguage":"fr-FR","potentialAction":[{"@type":"ReadAction","target":["https:\/\/congovirtuel.com\/information\/sept-civils-tues-et-15-enleves-dans-des-attaques-des-adf-en-rdc\/"]}]},{"@type":"ImageObject","inLanguage":"fr-FR","@id":"https:\/\/congovirtuel.com\/information\/sept-civils-tues-et-15-enleves-dans-des-attaques-des-adf-en-rdc\/#primaryimage","url":"https:\/\/congovirtuel.com\/information\/wp-content\/uploads\/2018\/11\/horde_staline-e1541404308654.jpg","contentUrl":"https:\/\/congovirtuel.com\/information\/wp-content\/uploads\/2018\/11\/horde_staline-e1541404308654.jpg","width":600,"height":337,"caption":"fardc"},{"@type":"BreadcrumbList","@id":"https:\/\/congovirtuel.com\/information\/sept-civils-tues-et-15-enleves-dans-des-attaques-des-adf-en-rdc\/#breadcrumb","itemListElement":[{"@type":"ListItem","position":1,"name":"Accueil","item":"https:\/\/congovirtuel.com\/information\/"},{"@type":"ListItem","position":2,"name":"Sept civils tu\u00e9s et 15 enlev\u00e9s dans des attaques des ADF en RDC"}]},{"@type":"WebSite","@id":"https:\/\/congovirtuel.com\/information\/#website","url":"https:\/\/congovirtuel.com\/information\/","name":"Actualit\u00e9s congolaises et internationales","description":"site d&#039;analyse et de traitement d&#039;information","publisher":{"@id":"https:\/\/congovirtuel.com\/information\/#organization"},"potentialAction":[{"@type":"SearchAction","target":{"@type":"EntryPoint","urlTemplate":"https:\/\/congovirtuel.com\/information\/?s={search_term_string}"},"query-input":{"@type":"PropertyValueSpecification","valueRequired":true,"valueName":"search_term_string"}}],"inLanguage":"fr-FR"},{"@type":"Organization","@id":"https:\/\/congovirtuel.com\/information\/#organization","name":"Biblioth\u00e8que Virtuelle de la RDC","url":"https:\/\/congovirtuel.com\/information\/","logo":{"@type":"ImageObject","inLanguage":"fr-FR","@id":"https:\/\/congovirtuel.com\/information\/#\/schema\/logo\/image\/","url":"https:\/\/congovirtuel.com\/information\/wp-content\/uploads\/2018\/10\/header-info-congovirtuel-vraie.jpg","contentUrl":"https:\/\/congovirtuel.com\/information\/wp-content\/uploads\/2018\/10\/header-info-congovirtuel-vraie.jpg","width":728,"height":90,"caption":"Biblioth\u00e8que Virtuelle de la RDC"},"image":{"@id":"https:\/\/congovirtuel.com\/information\/#\/schema\/logo\/image\/"},"sameAs":["https:\/\/web.facebook.com\/Congovirtuel-763617960319601\/?ref=aymt_homepage_panel&amp;amp;amp;amp;amp;amp;amp;amp;amp;amp;amp;eid=ARCoxULa66767kIgF_KYav6VdjXTI4yk_LW4yoVO9s6NXpysgb7Cb65vpxcxgqzOAKvIbLQxaAETcqHT","https:\/\/x.com\/congovirtuel","https:\/\/www.youtube.com\/channel\/UCkFfprYzGgS3EWNpeMXpToQ?view_as=subscriber"]},{"@type":"Person","@id":"https:\/\/congovirtuel.com\/information\/#\/schema\/person\/739a44bf7990966cb53d58d2fdeca0b6","name":"infocongovirtuel","image":{"@type":"ImageObject","inLanguage":"fr-FR","@id":"https:\/\/secure.gravatar.com\/avatar\/4d76991aa72469f0eb22e772586c99113c6997f88da636a9db8f2ce3a2c05e69?s=96&d=mm&r=g","url":"https:\/\/secure.gravatar.com\/avatar\/4d76991aa72469f0eb22e772586c99113c6997f88da636a9db8f2ce3a2c05e69?s=96&d=mm&r=g","contentUrl":"https:\/\/secure.gravatar.com\/avatar\/4d76991aa72469f0eb22e772586c99113c6997f88da636a9db8f2ce3a2c05e69?s=96&d=mm&r=g","caption":"infocongovirtuel"},"url":"https:\/\/congovirtuel.com\/information\/author\/infocongovirtuel\/"}]}},"gt_translate_keys":[{"key":"link","format":"url"}],"_links":{"self":[{"href":"https:\/\/congovirtuel.com\/information\/wp-json\/wp\/v2\/posts\/102","targetHints":{"allow":["GET"]}}],"collection":[{"href":"https:\/\/congovirtuel.com\/information\/wp-json\/wp\/v2\/posts"}],"about":[{"href":"https:\/\/congovirtuel.com\/information\/wp-json\/wp\/v2\/types\/post"}],"author":[{"embeddable":true,"href":"https:\/\/congovirtuel.com\/information\/wp-json\/wp\/v2\/users\/1"}],"replies":[{"embeddable":true,"href":"https:\/\/congovirtuel.com\/information\/wp-json\/wp\/v2\/comments?post=102"}],"version-history":[{"count":1,"href":"https:\/\/congovirtuel.com\/information\/wp-json\/wp\/v2\/posts\/102\/revisions"}],"predecessor-version":[{"id":104,"href":"https:\/\/congovirtuel.com\/information\/wp-json\/wp\/v2\/posts\/102\/revisions\/104"}],"wp:featuredmedia":[{"embeddable":true,"href":"https:\/\/congovirtuel.com\/information\/wp-json\/wp\/v2\/media\/103"}],"wp:attachment":[{"href":"https:\/\/congovirtuel.com\/information\/wp-json\/wp\/v2\/media?parent=102"}],"wp:term":[{"taxonomy":"category","embeddable":true,"href":"https:\/\/congovirtuel.com\/information\/wp-json\/wp\/v2\/categories?post=102"},{"taxonomy":"post_tag","embeddable":true,"href":"https:\/\/congovirtuel.com\/information\/wp-json\/wp\/v2\/tags?post=102"}],"curies":[{"name":"wp","href":"https:\/\/api.w.org\/{rel}","templated":true}]}}