{"id":10499,"date":"2021-06-12T15:22:29","date_gmt":"2021-06-12T14:22:29","guid":{"rendered":"https:\/\/congovirtuel.com\/information\/?p=10499"},"modified":"2021-06-12T15:22:34","modified_gmt":"2021-06-12T14:22:34","slug":"rdc-compte-rendu-de-la-septieme-reunion-du-conseil-des-ministres","status":"publish","type":"post","link":"https:\/\/congovirtuel.com\/information\/rdc-compte-rendu-de-la-septieme-reunion-du-conseil-des-ministres\/","title":{"rendered":"RDC: COMPTE-RENDU DE LA SEPTIEME REUNION DU CONSEIL DES MINISTRES","gt_translate_keys":[{"key":"rendered","format":"text"}]},"content":{"rendered":"\n<p class=\"wp-block-paragraph\">Le Premier ministre, Jean Michel Sama Lukonde, a pr\u00e9sid\u00e9,\u00a0 vendredi, en vid\u00e9o conf\u00e9rence, la 7eme r\u00e9union du Conseil des ministres, au cours de laquelle il a inform\u00e9, dans sa communication aux membres du gouvernement, la d\u00e9cision du Pr\u00e9sident de la R\u00e9publique, F\u00e9lix Antoine Tshisekedi Tshilombo, de reporter toutes les manifestations pr\u00e9vues \u00e0 l\u2019occasion du 61eme anniversaire de l\u2019ind\u00e9pendance de notre pays.<\/p>\n\n\n\n<p class=\"wp-block-paragraph\">La septi\u00e8me r\u00e9union du Conseil des Ministres du Gouvernement de la R\u00e9publique a \u00e9t\u00e9 pr\u00e9sid\u00e9e, par Son Excellence Monsieur le Premier Ministre, Chef du Gouvernement, <strong>Jean-Michel SAMA LUKONDE KYENGE<\/strong>, ce vendredi 11juin 2021 par visioconf\u00e9rence.<\/p>\n\n\n\n<p class=\"wp-block-paragraph\">Cinq points \u00e9taient inscrits a\u0300 l\u2019ordre du jour, a\u0300 savoir :&nbsp;<\/p>\n\n\n\n<ol class=\"wp-block-list\" type=\"I\"><li><em>Communication de son Excellence Monsieur le Premier Ministre, Chef du Gouvernement ;<\/em><\/li><li><em>Points d\u2019informations ;&nbsp;<\/em><\/li><li><em>Approbation d\u2019un relev\u00e9 des d\u00e9cisions du Conseil des Ministres ;&nbsp; <\/em>IV. &nbsp;&nbsp;&nbsp;&nbsp; <em>Examen et adoption des dossiers ;&nbsp; <\/em>V. &nbsp;&nbsp; <em>Examen et adoption des textes.<\/em><\/li><\/ol>\n\n\n\n<ol class=\"wp-block-list\" type=\"I\"><li><strong>DE LA COMMUNICATION DU PREMIER MINISTRE. <\/strong>&nbsp;<\/li><\/ol>\n\n\n\n<p class=\"wp-block-paragraph\">La communication du Premier Ministre a port\u00e9 sur trois points :&nbsp;<\/p>\n\n\n\n<ol class=\"wp-block-list\" type=\"1\"><li><strong>A propos de la c\u00e9l\u00e9bration du 30 juin 2021 marqu\u00e9e cette ann\u00e9e par le retour des restes de Patrice Emery Lumumba<\/strong>. Le Chef du Gouvernement a inform\u00e9 le Conseil de la d\u00e9cision du Pr\u00e9sident de la R\u00e9publique de reporter, \u00e0 une date ult\u00e9rieure, toutes les festivit\u00e9s et c\u00e9r\u00e9monies pr\u00e9vues dans ce cadre.&nbsp;<\/li><\/ol>\n\n\n\n<p class=\"wp-block-paragraph\">Cette d\u00e9cision est motiv\u00e9e par la troisi\u00e8me vague de la pand\u00e9mie \u00e0 Covid-19 caract\u00e9ris\u00e9e par la mont\u00e9e du taux de contamination avec le pic attendu dans la quatorzaine. Cette situation sanitaire impose des mesures restrictives drastiques.<\/p>\n\n\n\n<ul class=\"wp-block-list\"><li><strong>Le Premier Ministre a inform\u00e9 le Conseil des Ministres de la visite de r\u00e9confort et d\u2019\u00e9valuation qu\u2019il a effectu\u00e9e \u00e0 Goma pour apporter l\u2019appui du Gouvernement aux populations qui ont \u00e9t\u00e9 touch\u00e9es par les cons\u00e9quences de l\u2019\u00e9ruption volcanique du Nyiragongo<\/strong>.&nbsp;<\/li><\/ul>\n\n\n\n<p class=\"wp-block-paragraph\">Les Ministres sectoriels qui l\u2019ont accompagn\u00e9s ont chacun apport\u00e9 des solutions dans leurs domaines de comp\u00e9tences. Le Chef du<\/p>\n\n\n\n<p class=\"wp-block-paragraph\">Gouvernement a visit\u00e9 quelques sites des d\u00e9plac\u00e9s \u00e0 Munigi et \u00e0 Sake. L\u2019avion qui l\u2019a amen\u00e9 \u00e0 Goma a marqu\u00e9 la r\u00e9ouverture de l\u2019a\u00e9roport, ferm\u00e9 depuis le 22 mai dernier. Le Gouvernement a aussi d\u00e9cid\u00e9 du retour progressif des populations suivant l\u2019ordre \u00e9tabli en accord avec les autorit\u00e9s provinciales et les services attitr\u00e9s.<\/p>\n\n\n\n<ul class=\"wp-block-list\"><li><strong>Le Premier Ministre a conclu sa communication en informant le Conseil de la mission diplomatique qu\u2019il vient d\u2019effectuer dans quelques pays qui si\u00e8gent au Comit\u00e9 de la Communaut\u00e9 de d\u00e9veloppement l\u2019Afrique Australe (SADC<\/strong>) en vue de renforcer la coop\u00e9ration \u00e9conomique et redynamiser la participation de la RDC ; et par la m\u00eame occasion, exprimer l\u2019ambition de la R\u00e9publique D\u00e9mocratique du Congo de briguer le Secr\u00e9tariat Ex\u00e9cutif de cette organisation r\u00e9gionale. <strong>&nbsp;<\/strong><\/li><\/ul>\n\n\n\n<p class=\"wp-block-paragraph\">Pour ce faire, il a \u00e9t\u00e9 re\u00e7u par les Pr\u00e9sidents de la R\u00e9publique de Botswana et du Malawi ainsi que par le Premier Ministre du Royaume du Swaziland \u00e0 qui il a transmis un message du Pr\u00e9sident de la R\u00e9publique D\u00e9mocratique du Congo dont il \u00e9tait porteur.<\/p>\n\n\n\n<ol class=\"wp-block-list\" type=\"I\"><li><strong>POINTS D\u2019INFORMATIONS.&nbsp;<\/strong><\/li><\/ol>\n\n\n\n<p class=\"wp-block-paragraph\"><strong>II.1. Etat et administration du territoire.<\/strong><\/p>\n\n\n\n<p class=\"wp-block-paragraph\">La situation pr\u00e9sent\u00e9e par le Vice-Premier Ministre, Ministre de l\u2019Int\u00e9rieur, D\u00e9centralisation et Affaires Coutumi\u00e8res est en particulier caract\u00e9ris\u00e9e d\u2019une part, par la prorogation de l\u2019\u00e9tat de si\u00e8ge d\u00e9cr\u00e9t\u00e9 dans les provinces de l\u2019Ituri et du Nord-Kivu, par le Commandant Supr\u00eame des FARDC et de la Police Nationale ; et d\u2019autre part, par le retour progressif de nos compatriotes, victimes de l\u2019\u00e9ruption du volcan Nyiragongo survenu le 22 mai 2021 \u00e0 Goma et sa p\u00e9riph\u00e9rie.<\/p>\n\n\n\n<p class=\"wp-block-paragraph\">En province de l\u2019Ituri, il a \u00e9t\u00e9 observ\u00e9 un conflit entre les membres de la communaut\u00e9 \u00ab Nyali \u00bb et ceux de la tribu \u00ab Banyabwisha \u00bb, alli\u00e9s aux terroristes ADF\/MTM et milices CODECO.&nbsp;<\/p>\n\n\n\n<p class=\"wp-block-paragraph\">Cette situation qui s\u2019apparente \u00e0 des actions punitives pr\u00e9m\u00e9dit\u00e9es s\u2019explique par le massacre d\u2019une cinquantaine de civils \u00ab Nyali \u00bb dans le territoire d\u2019Irumu et l\u2019enl\u00e8vement de 25 orpailleurs de cette tribu par les miliciens CODECO, le 5 juin dernier dans un chantier minier artisanal situ\u00e9 dans le triangle de la for\u00eat de Boku-Mongbalu-Dala dans le territoire de Djugu.&nbsp;<\/p>\n\n\n\n<p class=\"wp-block-paragraph\">Tous les otages ont \u00e9t\u00e9 lib\u00e9r\u00e9s par la suite et certains d\u2019entre eux s\u2019en sont sortis avec des blessures \u00e0 coups de machette.&nbsp;<\/p>\n\n\n\n<p class=\"wp-block-paragraph\">Face \u00e0 cette situation, le Gouvernement s\u2019est engag\u00e9 notamment \u00e0 consolider les efforts de pacification entre communaut\u00e9s et \u00e0 poursuivre la sensibilisation des d\u00e9plac\u00e9s \u00e0 regagner leurs milieux, dans les zones r\u00e9cup\u00e9r\u00e9es et s\u00e9curis\u00e9es par les forces de d\u00e9fense et de s\u00e9curit\u00e9.<\/p>\n\n\n\n<p class=\"wp-block-paragraph\">En province du Tanganyika, deux cas de naufrages ont \u00e9t\u00e9 d\u00e9plor\u00e9s. Le premier est survenu le 1<sup>er<\/sup> juin 2021 sur le Lac Tanganyika au niveau de Kogongo, localit\u00e9 situ\u00e9e dans la chefferie Bavira en territoire de Fizi. Cet accident caus\u00e9 par la surcharge a eu pour bilan&nbsp; 14 disparus, 9 rescap\u00e9s et toute une cargaison engloutie.&nbsp;<\/p>\n\n\n\n<p class=\"wp-block-paragraph\">Le second accident est survenu la nuit du 7 au 8 juin dernier. Une pirogue motoris\u00e9e transportant des passagers et des marchandises a chavir\u00e9 sur le Lac au niveau du village Nkorosha, dans la chefferie de Manda en territoire de Moba occasionnant 7 morts et 7 rescap\u00e9s.<\/p>\n\n\n\n<p class=\"wp-block-paragraph\">Face \u00e0 cette situation, le Gouvernement a exprim\u00e9 ses condol\u00e9ances aux familles \u00e9prouv\u00e9es et a t\u00e9moign\u00e9 sa compassion aux victimes de ces deux accidents. Des instructions pr\u00e9cises ont \u00e9t\u00e9 donn\u00e9es pour la redynamisation du Commissariat Fluvial afin que la r\u00e8glementation du secteur de la navigation soit de stricte application.<\/p>\n\n\n\n<p class=\"wp-block-paragraph\"><strong>II.2. Situation s\u00e9curitaire<\/strong><\/p>\n\n\n\n<p class=\"wp-block-paragraph\">La situation g\u00e9n\u00e9rale telle que pr\u00e9sent\u00e9e par le Ministre de la D\u00e9fense Nationale et Anciens Combattants demeure relativement calme et globalement sous contr\u00f4le dans toutes les zones de d\u00e9fense.&nbsp;<\/p>\n\n\n\n<p class=\"wp-block-paragraph\">Elle est demeur\u00e9e pr\u00e9occupante dans les localit\u00e9s de Boga et Tchabi en territoire d\u2019Irumu o\u00f9 les FARDC ont neutralis\u00e9 deux (02) \u00e9l\u00e9ments ADF parmi ceux qui ont attaqu\u00e9 le 7 juin dernier une position de l\u2019arm\u00e9e et la Mission Anglicane. Si l\u2019ennemi s\u2019est retranch\u00e9 \u00e0 Tchamata, situ\u00e9e \u00e0 dix (10) kilom\u00e8tres de Boga, les op\u00e9rations de fouille de toute la zone se poursuivent.&nbsp;<\/p>\n\n\n\n<p class=\"wp-block-paragraph\">Treize (13) villages ont \u00e9t\u00e9 reconquis en territoire d\u2019Irumu. Les activit\u00e9s socio-\u00e9conomiques ont repris. L\u2019appel des autorit\u00e9s locales est lanc\u00e9 aux populations du territoire d\u2019Irumu de regagner les villages pacifi\u00e9s par les FARDC tout en les invitant \u00e0 une cohabitation pacifique des communaut\u00e9s pour une paix durable.<\/p>\n\n\n\n<p class=\"wp-block-paragraph\">Dans le Nord-Kivu,&nbsp; douze (12) localit\u00e9s des territoires de Masisi, Walikale et Rutshuru ont \u00e9t\u00e9 r\u00e9cup\u00e9r\u00e9es par l\u2019arm\u00e9e.&nbsp;<\/p>\n\n\n\n<p class=\"wp-block-paragraph\">Le Ministre de la D\u00e9fense Nationale et Anciens Combattants a&nbsp; \u00e9galement rappel\u00e9 que les op\u00e9rations militaires men\u00e9es en profondeur dans le cadre de l\u2019\u00e9tat de si\u00e8ge s\u2019intensifient contre les auteurs de l\u2019ins\u00e9curit\u00e9 et les r\u00e9fractaires \u00e0 la reddition dans cette partie du pays. Dans le m\u00eame ordre, la sensibilisation de la population se poursuit pour qu\u2019elle se d\u00e9solidarise de l\u2019ennemi en faveur de son Arm\u00e9e.<\/p>\n\n\n\n<p class=\"wp-block-paragraph\">Il a conclu son propos en pr\u00e9cisant que les FARDC participent activement aux op\u00e9rations humanitaires en faveur des sinistr\u00e9s de l\u2019\u00e9ruption volcanique du Nyiragongo dans le Nord-Kivu. A ce sujet, le d\u00e9ploiement d\u2019un h\u00f4pital militaire de campagne a \u00e9t\u00e9 mis \u00e0 la disposition par le Pr\u00e9sident de la R\u00e9publique ; et l\u2019engagement du G\u00e9nie Militaire dans la construction d\u2019abris en faveur des sinistr\u00e9s qui ont perdu leurs habitations.<\/p>\n\n\n\n<p class=\"wp-block-paragraph\"><strong>II.3. \u00c9volution de la situation de la Pand\u00e9mie Covid-19.<\/strong><\/p>\n\n\n\n<p class=\"wp-block-paragraph\">Le Ministre de la Sant\u00e9 Publique, Hygi\u00e8ne et Pr\u00e9vention a fait le point de la situation g\u00e9n\u00e9rale de la pand\u00e9mie \u00e0 Covid-19. Apr\u00e8s avoir officiellement annonc\u00e9, le 3 juin 2021, le d\u00e9but de la troisi\u00e8me vague en R\u00e9publique D\u00e9mocratique du Congo, le pic est attendu \u00e0 la fin de ce mois.&nbsp;<\/p>\n\n\n\n<p class=\"wp-block-paragraph\">Au-del\u00e0&nbsp; des mesures qui ont \u00e9t\u00e9 prises notamment le renforcement des h\u00f4pitaux en oxyg\u00e8ne, l\u2019accentuation de la communication autour de l\u2019existence de la maladie et l\u2019exhortation \u00e0 la vaccination, d\u2019autres mesures visant \u00e0 renforcer la lutte contre cette pand\u00e9mie sont attendues dans la communication du Pr\u00e9sident de la R\u00e9publique dans les prochaines heures. &nbsp;<\/p>\n\n\n\n<p class=\"wp-block-paragraph\">Suivant le rapport de l\u2019Observatoire volcanologique de Goma (OVG), le Ministre de la Recherche Scientifique et Innovation Technologique a inform\u00e9 le Conseil des Ministres du tremblement de terre de magnitude 5,6 qui a \u00e9t\u00e9 ressenti, le matin du 10 juin 2021, par la population de Kamituga en territoire de Mwenga dans la province du Sud-Kivu. Le Gouvernement suit de pr\u00e8s cette situation.<\/p>\n\n\n\n<ol class=\"wp-block-list\" type=\"I\"><li><strong>APPROBATION D\u2019UN RELEVE DES DECISIONS DU CONSEIL DES MINISTRES.<\/strong><\/li><\/ol>\n\n\n\n<p class=\"wp-block-paragraph\">Le Conseil des Ministres a adopt\u00e9 le relev\u00e9 des d\u00e9cisions prises lors de sa cinqui\u00e8me r\u00e9union tenue le vendredi 04juin 2021.<\/p>\n\n\n\n<ol class=\"wp-block-list\" type=\"I\"><li><strong>EXAMEN ET ADOPTION D\u2019UN DOSSIER (01 dossier)<\/strong><\/li><\/ol>\n\n\n\n<ol class=\"wp-block-list\" type=\"I\"><li><strong>Le Ministre du Commerce Ext\u00e9rieur a pr\u00e9sent\u00e9 les mesures \u00e9conomiques n\u00e9cessaires en vue de la r\u00e9duction de la d\u00e9pendance aux importations, de la r\u00e9duction de la facture des importations et de la protection de l\u2019industrie locale<\/strong>.&nbsp;<\/li><\/ol>\n\n\n\n<p class=\"wp-block-paragraph\">Les mesures envisag\u00e9es sont motiv\u00e9es par le constat selon lequel la R\u00e9publique D\u00e9mocratique du Congo exporte 95% de produits primaires et moins de 5% des produits manufactur\u00e9s alors que ses principales importations comprennent au moins 70% des produits manufactur\u00e9s et 25% des produits de premi\u00e8re n\u00e9cessit\u00e9.<\/p>\n\n\n\n<p class=\"wp-block-paragraph\">Pour le Gouvernement, l\u2019impl\u00e9mentation d\u2019une s\u00e9rie de mesures \u00e9conomiques conjoncturelles et structurelles adapt\u00e9es (\u00e0 court et \u00e0 moyen termes) auront l\u2019avantage de :&nbsp;<\/p>\n\n\n\n<ul class=\"wp-block-list\"><li><em>R\u00e9duire la facture des importations et de ce fait, la d\u00e9pendance du pays \u00e0 certaines importations ;&nbsp;<\/em><ul><li><em>Prot\u00e9ger l\u2019industrie locale menac\u00e9e par des importations massives des produits similaires ;&nbsp;<\/em><\/li><\/ul><ul><li><em>Susciter la cr\u00e9ation des nouvelles industries dans les secteurs jug\u00e9s strat\u00e9giques du point de vue \u00e9conomique et sanitaire.&nbsp;<\/em><\/li><\/ul><\/li><\/ul>\n\n\n\n<p class=\"wp-block-paragraph\">Apr\u00e8s d\u00e9bat et d\u00e9lib\u00e9rations, le Conseil des Ministres a approuv\u00e9, moyennant amendements et enrichissements, les onze (11) mesures \u00e9conomiques urgentes pr\u00e9conis\u00e9es par le Ministre du Commerce<\/p>\n\n\n\n<p class=\"wp-block-paragraph\">Ext\u00e9rieur, lesquelles s\u2019organisent en six (6) axes ci-apr\u00e8s :&nbsp;<\/p>\n\n\n\n<ul class=\"wp-block-list\"><li>Ciblage des secteurs qui disposent des avantages comparatifs ind\u00e9niables et am\u00e9liorer des avantages comp\u00e9titifs cons\u00e9quents en leur faveur ;&nbsp;<ul><li>Mise en place de la politique d\u2019import substitution cibl\u00e9e dans certains secteurs, par le d\u00e9veloppement industriel dans le domaine&nbsp; des montages de v\u00e9hicules en RDC, des fabrications des produits pharmaceutiques national en favorisant le partenariat public-priv\u00e9 ;&nbsp;<\/li><\/ul><ul><li>Prise des mesures de protections commerciales de la production locale des produits tels que : les ciments gris, les bi\u00e8res et boissons gazeuses, les clinkers, les sucres bruns, les barres de fer, de l\u2019huile de palme, principalement ;&nbsp;<\/li><\/ul><ul><li>Limitation des quotas d\u2019importations des produits similaires \u00e0 ceux produits localement, essentiellement pour le besoin de compl\u00e9ment \u00e0 l\u2019offre int\u00e9rieur ;&nbsp;<\/li><\/ul><ul><li>L\u2019opposition aux importations superflues en les r\u00e9duisant au strict minimum par une politique des quotas et le rel\u00e8vement de droits des douanes. Il s\u2019agit notamment des produits tels que l\u2019eau aromatis\u00e9, le tabac roul\u00e9, les maisons pr\u00e9fabriqu\u00e9es, les v\u00eatements usag\u00e9s, les faux cheveux ;&nbsp;<\/li><\/ul><ul><li>Transformation des mati\u00e8res premi\u00e8res produites localement pour lesquelles la facture d\u2019importation des produits finis est \u00e9lev\u00e9e.<\/li><\/ul><\/li><\/ul>\n\n\n\n<p class=\"wp-block-paragraph\">L\u2019objectif poursuivi par le Gouvernement est celui d\u2019am\u00e9liorer l\u2019offre int\u00e9rieure, cr\u00e9er plus d\u2019emplois, accroitre le revenu national, r\u00e9duire la pauvret\u00e9, am\u00e9liorer l\u2019offre des devises et garantir la stabilit\u00e9 du march\u00e9 de change.&nbsp;<\/p>\n\n\n\n<ol class=\"wp-block-list\" type=\"I\"><li><strong>Le Ministre de la Jeunesse, Initiation \u00e0 la Nouvelle Citoyennet\u00e9 et Coh\u00e9sion Nationale a soumis au Conseil la proposition d\u2019activation du Fonds Sp\u00e9cial pour la Promotion, l\u2019Entrepreneuriat et l\u2019Emploi des Jeunes en R\u00e9publique D\u00e9mocratique du Congo, en sigle FSPEEJ.&nbsp;<\/strong><\/li><\/ol>\n\n\n\n<p class=\"wp-block-paragraph\">En vue de rencontrer l\u2019objectif de l\u2019autonomisation des jeunes poursuivi par le Pr\u00e9sident de la R\u00e9publique, ce Fonds constituant une r\u00e9ponse appropri\u00e9e vise notamment \u00e0 : <em>favoriser l\u2019acc\u00e8s des jeunes aux financements en vue de leur insertion socio-\u00e9conomique, la cr\u00e9ation d\u2019entreprises et activit\u00e9s g\u00e9n\u00e9ratrices des revenus, et la participation effective des jeunes au d\u00e9veloppement du pays<\/em>.&nbsp;<\/p>\n\n\n\n<p class=\"wp-block-paragraph\">Apr\u00e8s d\u00e9bat et d\u00e9lib\u00e9rations, le Conseil des Ministres a pris acte de la demande d\u2019activation formul\u00e9e par le Ministre de la Jeunesse, Initiation \u00e0 la Nouvelle Citoyennet\u00e9 et Coh\u00e9sion Nationale et l\u2019a charg\u00e9 de prendre contact avec le Ministre d\u2019Etat, Ministre du Budget et le Ministre des Finances pour la concr\u00e9tisation de cette d\u00e9cision.<\/p>\n\n\n\n<ul class=\"wp-block-list\"><li><strong>EXAMEN ET ADOPTION D\u2019UN PROJET DE TEXTE (01 texte)&nbsp;<\/strong><\/li><\/ul>\n\n\n\n<p class=\"wp-block-paragraph\">Le Ministre d\u2019Etat, Ministre de la Justice et Garde des Sceaux a pr\u00e9sent\u00e9&nbsp; au Conseil des Ministres le Projet de Loi portant habilitation du Gouvernement pour permettre \u00e0 ce dernier de l\u00e9gif\u00e9rer sur certaines mati\u00e8res.&nbsp;<\/p>\n\n\n\n<p class=\"wp-block-paragraph\">Ce projet de texte a \u00e9t\u00e9 adopt\u00e9.<\/p>\n\n\n\n<p class=\"wp-block-paragraph\">Commenc\u00e9e \u00e0 11h35, la r\u00e9union du Conseil des Ministres a pris fin \u00e0 15h44.<\/p>\n\n\n\n<p class=\"wp-block-paragraph\"><strong>Patrick MUYAYA KATEMBWE&nbsp;<\/strong><\/p>\n\n\n\n<p class=\"wp-block-paragraph\"><em>&nbsp;&nbsp;&nbsp;&nbsp;&nbsp;&nbsp;&nbsp;&nbsp; <u>Ministre de la Communication et M\u00e9dias<\/u>&nbsp;&nbsp;&nbsp;&nbsp;&nbsp;&nbsp;&nbsp; Porte-Parole du Gouvernement<\/em><\/p>\n","protected":false,"gt_translate_keys":[{"key":"rendered","format":"html"}]},"excerpt":{"rendered":"<p>Le Premier ministre, Jean Michel Sama Lukonde, a pr\u00e9sid\u00e9,\u00a0 vendredi, en vid\u00e9o conf\u00e9rence, la 7eme r\u00e9union du Conseil des ministres, au cours de laquelle il a inform\u00e9, dans sa communication aux membres du gouvernement, la d\u00e9cision du Pr\u00e9sident de la R\u00e9publique, F\u00e9lix Antoine Tshisekedi Tshilombo, de reporter toutes les manifestations pr\u00e9vues \u00e0 l\u2019occasion du 61eme anniversaire de l\u2019ind\u00e9pendance de notre pays. La septi\u00e8me r\u00e9union du Conseil des Ministres du Gouvernement de la R\u00e9publique a \u00e9t\u00e9 pr\u00e9sid\u00e9e, par Son Excellence Monsieur le Premier Ministre, Chef du Gouvernement, Jean-Michel SAMA LUKONDE KYENGE,&hellip;<\/p>\n","protected":false,"gt_translate_keys":[{"key":"rendered","format":"html"}]},"author":1,"featured_media":9841,"comment_status":"open","ping_status":"open","sticky":false,"template":"","format":"standard","meta":{"_crdt_document":"","footnotes":""},"categories":[218],"tags":[8866],"class_list":["post-10499","post","type-post","status-publish","format-standard","has-post-thumbnail","hentry","category-gouvernement","tag-conseil-des-ministres-rdc-du-11-juin-2021"],"gutentor_comment":0,"yoast_head":"<!-- This site is optimized with the Yoast SEO plugin v27.5 - https:\/\/yoast.com\/product\/yoast-seo-wordpress\/ -->\n<title>RDC: COMPTE-RENDU DE LA SEPTIEME REUNION DU CONSEIL DES MINISTRES - Actualit\u00e9s congolaises et internationales<\/title>\n<meta name=\"robots\" content=\"index, follow, max-snippet:-1, max-image-preview:large, max-video-preview:-1\" \/>\n<link rel=\"canonical\" href=\"https:\/\/congovirtuel.com\/information\/rdc-compte-rendu-de-la-septieme-reunion-du-conseil-des-ministres\/\" \/>\n<meta property=\"og:locale\" content=\"fr_FR\" \/>\n<meta property=\"og:type\" content=\"article\" \/>\n<meta property=\"og:title\" content=\"RDC: COMPTE-RENDU DE LA SEPTIEME REUNION DU CONSEIL DES MINISTRES - Actualit\u00e9s congolaises et internationales\" \/>\n<meta property=\"og:description\" content=\"Le Premier ministre, Jean Michel Sama Lukonde, a pr\u00e9sid\u00e9,\u00a0 vendredi, en vid\u00e9o conf\u00e9rence, la 7eme r\u00e9union du Conseil des ministres, au cours de laquelle il a inform\u00e9, dans sa communication aux membres du gouvernement, la d\u00e9cision du Pr\u00e9sident de la R\u00e9publique, F\u00e9lix Antoine Tshisekedi Tshilombo, de reporter toutes les manifestations pr\u00e9vues \u00e0 l\u2019occasion du 61eme anniversaire de l\u2019ind\u00e9pendance de notre pays. La septi\u00e8me r\u00e9union du Conseil des Ministres du Gouvernement de la R\u00e9publique a \u00e9t\u00e9 pr\u00e9sid\u00e9e, par Son Excellence Monsieur le Premier Ministre, Chef du Gouvernement, Jean-Michel SAMA LUKONDE KYENGE,&hellip;\" \/>\n<meta property=\"og:url\" content=\"https:\/\/congovirtuel.com\/information\/rdc-compte-rendu-de-la-septieme-reunion-du-conseil-des-ministres\/\" \/>\n<meta property=\"og:site_name\" content=\"Actualit\u00e9s congolaises et internationales\" \/>\n<meta property=\"article:publisher\" content=\"https:\/\/web.facebook.com\/Congovirtuel-763617960319601\/?ref=aymt_homepage_panel&amp;amp%3bamp%3bamp%3bamp%3bamp%3bamp%3bamp%3bamp%3bamp%3bamp%3bamp%3beid=ARCoxULa66767kIgF_KYav6VdjXTI4yk_LW4yoVO9s6NXpysgb7Cb65vpxcxgqzOAKvIbLQxaAETcqHT\" \/>\n<meta property=\"article:published_time\" content=\"2021-06-12T14:22:29+00:00\" \/>\n<meta property=\"article:modified_time\" content=\"2021-06-12T14:22:34+00:00\" \/>\n<meta property=\"og:image\" content=\"https:\/\/congovirtuel.com\/information\/wp-content\/uploads\/2021\/05\/Muyaya_patrick.jpg\" \/>\n\t<meta property=\"og:image:width\" content=\"696\" \/>\n\t<meta property=\"og:image:height\" content=\"464\" \/>\n\t<meta property=\"og:image:type\" content=\"image\/jpeg\" \/>\n<meta name=\"author\" content=\"infocongovirtuel\" \/>\n<meta name=\"twitter:card\" content=\"summary_large_image\" \/>\n<meta name=\"twitter:creator\" content=\"@congovirtuel\" \/>\n<meta name=\"twitter:site\" content=\"@congovirtuel\" \/>\n<meta name=\"twitter:label1\" content=\"\u00c9crit par\" \/>\n\t<meta name=\"twitter:data1\" content=\"infocongovirtuel\" \/>\n\t<meta name=\"twitter:label2\" content=\"Dur\u00e9e de lecture estim\u00e9e\" \/>\n\t<meta name=\"twitter:data2\" content=\"9 minutes\" \/>\n<script type=\"application\/ld+json\" class=\"yoast-schema-graph\">{\"@context\":\"https:\\\/\\\/schema.org\",\"@graph\":[{\"@type\":\"Article\",\"@id\":\"https:\\\/\\\/congovirtuel.com\\\/information\\\/rdc-compte-rendu-de-la-septieme-reunion-du-conseil-des-ministres\\\/#article\",\"isPartOf\":{\"@id\":\"https:\\\/\\\/congovirtuel.com\\\/information\\\/rdc-compte-rendu-de-la-septieme-reunion-du-conseil-des-ministres\\\/\"},\"author\":{\"name\":\"infocongovirtuel\",\"@id\":\"https:\\\/\\\/congovirtuel.com\\\/information\\\/#\\\/schema\\\/person\\\/739a44bf7990966cb53d58d2fdeca0b6\"},\"headline\":\"RDC: COMPTE-RENDU DE LA SEPTIEME REUNION DU CONSEIL DES MINISTRES\",\"datePublished\":\"2021-06-12T14:22:29+00:00\",\"dateModified\":\"2021-06-12T14:22:34+00:00\",\"mainEntityOfPage\":{\"@id\":\"https:\\\/\\\/congovirtuel.com\\\/information\\\/rdc-compte-rendu-de-la-septieme-reunion-du-conseil-des-ministres\\\/\"},\"wordCount\":2320,\"commentCount\":0,\"publisher\":{\"@id\":\"https:\\\/\\\/congovirtuel.com\\\/information\\\/#organization\"},\"image\":{\"@id\":\"https:\\\/\\\/congovirtuel.com\\\/information\\\/rdc-compte-rendu-de-la-septieme-reunion-du-conseil-des-ministres\\\/#primaryimage\"},\"thumbnailUrl\":\"https:\\\/\\\/congovirtuel.com\\\/information\\\/wp-content\\\/uploads\\\/2021\\\/05\\\/Muyaya_patrick.jpg\",\"keywords\":[\"conseil des ministres RDC du 11 juin 2021\"],\"articleSection\":[\"Gouvernement\"],\"inLanguage\":\"fr-FR\",\"potentialAction\":[{\"@type\":\"CommentAction\",\"name\":\"Comment\",\"target\":[\"https:\\\/\\\/congovirtuel.com\\\/information\\\/rdc-compte-rendu-de-la-septieme-reunion-du-conseil-des-ministres\\\/#respond\"]}]},{\"@type\":\"WebPage\",\"@id\":\"https:\\\/\\\/congovirtuel.com\\\/information\\\/rdc-compte-rendu-de-la-septieme-reunion-du-conseil-des-ministres\\\/\",\"url\":\"https:\\\/\\\/congovirtuel.com\\\/information\\\/rdc-compte-rendu-de-la-septieme-reunion-du-conseil-des-ministres\\\/\",\"name\":\"RDC: COMPTE-RENDU DE LA SEPTIEME REUNION DU CONSEIL DES MINISTRES - Actualit\u00e9s congolaises et internationales\",\"isPartOf\":{\"@id\":\"https:\\\/\\\/congovirtuel.com\\\/information\\\/#website\"},\"primaryImageOfPage\":{\"@id\":\"https:\\\/\\\/congovirtuel.com\\\/information\\\/rdc-compte-rendu-de-la-septieme-reunion-du-conseil-des-ministres\\\/#primaryimage\"},\"image\":{\"@id\":\"https:\\\/\\\/congovirtuel.com\\\/information\\\/rdc-compte-rendu-de-la-septieme-reunion-du-conseil-des-ministres\\\/#primaryimage\"},\"thumbnailUrl\":\"https:\\\/\\\/congovirtuel.com\\\/information\\\/wp-content\\\/uploads\\\/2021\\\/05\\\/Muyaya_patrick.jpg\",\"datePublished\":\"2021-06-12T14:22:29+00:00\",\"dateModified\":\"2021-06-12T14:22:34+00:00\",\"breadcrumb\":{\"@id\":\"https:\\\/\\\/congovirtuel.com\\\/information\\\/rdc-compte-rendu-de-la-septieme-reunion-du-conseil-des-ministres\\\/#breadcrumb\"},\"inLanguage\":\"fr-FR\",\"potentialAction\":[{\"@type\":\"ReadAction\",\"target\":[\"https:\\\/\\\/congovirtuel.com\\\/information\\\/rdc-compte-rendu-de-la-septieme-reunion-du-conseil-des-ministres\\\/\"]}]},{\"@type\":\"ImageObject\",\"inLanguage\":\"fr-FR\",\"@id\":\"https:\\\/\\\/congovirtuel.com\\\/information\\\/rdc-compte-rendu-de-la-septieme-reunion-du-conseil-des-ministres\\\/#primaryimage\",\"url\":\"https:\\\/\\\/congovirtuel.com\\\/information\\\/wp-content\\\/uploads\\\/2021\\\/05\\\/Muyaya_patrick.jpg\",\"contentUrl\":\"https:\\\/\\\/congovirtuel.com\\\/information\\\/wp-content\\\/uploads\\\/2021\\\/05\\\/Muyaya_patrick.jpg\",\"width\":696,\"height\":464},{\"@type\":\"BreadcrumbList\",\"@id\":\"https:\\\/\\\/congovirtuel.com\\\/information\\\/rdc-compte-rendu-de-la-septieme-reunion-du-conseil-des-ministres\\\/#breadcrumb\",\"itemListElement\":[{\"@type\":\"ListItem\",\"position\":1,\"name\":\"Accueil\",\"item\":\"https:\\\/\\\/congovirtuel.com\\\/information\\\/\"},{\"@type\":\"ListItem\",\"position\":2,\"name\":\"RDC: COMPTE-RENDU DE LA SEPTIEME REUNION DU CONSEIL DES MINISTRES\"}]},{\"@type\":\"WebSite\",\"@id\":\"https:\\\/\\\/congovirtuel.com\\\/information\\\/#website\",\"url\":\"https:\\\/\\\/congovirtuel.com\\\/information\\\/\",\"name\":\"Actualit\u00e9s congolaises et internationales\",\"description\":\"site d&#039;analyse et de traitement d&#039;information\",\"publisher\":{\"@id\":\"https:\\\/\\\/congovirtuel.com\\\/information\\\/#organization\"},\"potentialAction\":[{\"@type\":\"SearchAction\",\"target\":{\"@type\":\"EntryPoint\",\"urlTemplate\":\"https:\\\/\\\/congovirtuel.com\\\/information\\\/?s={search_term_string}\"},\"query-input\":{\"@type\":\"PropertyValueSpecification\",\"valueRequired\":true,\"valueName\":\"search_term_string\"}}],\"inLanguage\":\"fr-FR\"},{\"@type\":\"Organization\",\"@id\":\"https:\\\/\\\/congovirtuel.com\\\/information\\\/#organization\",\"name\":\"Biblioth\u00e8que Virtuelle de la RDC\",\"url\":\"https:\\\/\\\/congovirtuel.com\\\/information\\\/\",\"logo\":{\"@type\":\"ImageObject\",\"inLanguage\":\"fr-FR\",\"@id\":\"https:\\\/\\\/congovirtuel.com\\\/information\\\/#\\\/schema\\\/logo\\\/image\\\/\",\"url\":\"https:\\\/\\\/congovirtuel.com\\\/information\\\/wp-content\\\/uploads\\\/2018\\\/10\\\/header-info-congovirtuel-vraie.jpg\",\"contentUrl\":\"https:\\\/\\\/congovirtuel.com\\\/information\\\/wp-content\\\/uploads\\\/2018\\\/10\\\/header-info-congovirtuel-vraie.jpg\",\"width\":728,\"height\":90,\"caption\":\"Biblioth\u00e8que Virtuelle de la RDC\"},\"image\":{\"@id\":\"https:\\\/\\\/congovirtuel.com\\\/information\\\/#\\\/schema\\\/logo\\\/image\\\/\"},\"sameAs\":[\"https:\\\/\\\/web.facebook.com\\\/Congovirtuel-763617960319601\\\/?ref=aymt_homepage_panel&amp;amp;amp;amp;amp;amp;amp;amp;amp;amp;amp;eid=ARCoxULa66767kIgF_KYav6VdjXTI4yk_LW4yoVO9s6NXpysgb7Cb65vpxcxgqzOAKvIbLQxaAETcqHT\",\"https:\\\/\\\/x.com\\\/congovirtuel\",\"https:\\\/\\\/www.youtube.com\\\/channel\\\/UCkFfprYzGgS3EWNpeMXpToQ?view_as=subscriber\"]},{\"@type\":\"Person\",\"@id\":\"https:\\\/\\\/congovirtuel.com\\\/information\\\/#\\\/schema\\\/person\\\/739a44bf7990966cb53d58d2fdeca0b6\",\"name\":\"infocongovirtuel\",\"image\":{\"@type\":\"ImageObject\",\"inLanguage\":\"fr-FR\",\"@id\":\"https:\\\/\\\/secure.gravatar.com\\\/avatar\\\/4d76991aa72469f0eb22e772586c99113c6997f88da636a9db8f2ce3a2c05e69?s=96&d=mm&r=g\",\"url\":\"https:\\\/\\\/secure.gravatar.com\\\/avatar\\\/4d76991aa72469f0eb22e772586c99113c6997f88da636a9db8f2ce3a2c05e69?s=96&d=mm&r=g\",\"contentUrl\":\"https:\\\/\\\/secure.gravatar.com\\\/avatar\\\/4d76991aa72469f0eb22e772586c99113c6997f88da636a9db8f2ce3a2c05e69?s=96&d=mm&r=g\",\"caption\":\"infocongovirtuel\"},\"url\":\"https:\\\/\\\/congovirtuel.com\\\/information\\\/author\\\/infocongovirtuel\\\/\"}]}<\/script>\n<!-- \/ Yoast SEO plugin. -->","yoast_head_json":{"title":"RDC: COMPTE-RENDU DE LA SEPTIEME REUNION DU CONSEIL DES MINISTRES - Actualit\u00e9s congolaises et internationales","robots":{"index":"index","follow":"follow","max-snippet":"max-snippet:-1","max-image-preview":"max-image-preview:large","max-video-preview":"max-video-preview:-1"},"canonical":"https:\/\/congovirtuel.com\/information\/rdc-compte-rendu-de-la-septieme-reunion-du-conseil-des-ministres\/","og_locale":"fr_FR","og_type":"article","og_title":"RDC: COMPTE-RENDU DE LA SEPTIEME REUNION DU CONSEIL DES MINISTRES - Actualit\u00e9s congolaises et internationales","og_description":"Le Premier ministre, Jean Michel Sama Lukonde, a pr\u00e9sid\u00e9,\u00a0 vendredi, en vid\u00e9o conf\u00e9rence, la 7eme r\u00e9union du Conseil des ministres, au cours de laquelle il a inform\u00e9, dans sa communication aux membres du gouvernement, la d\u00e9cision du Pr\u00e9sident de la R\u00e9publique, F\u00e9lix Antoine Tshisekedi Tshilombo, de reporter toutes les manifestations pr\u00e9vues \u00e0 l\u2019occasion du 61eme anniversaire de l\u2019ind\u00e9pendance de notre pays. La septi\u00e8me r\u00e9union du Conseil des Ministres du Gouvernement de la R\u00e9publique a \u00e9t\u00e9 pr\u00e9sid\u00e9e, par Son Excellence Monsieur le Premier Ministre, Chef du Gouvernement, Jean-Michel SAMA LUKONDE KYENGE,&hellip;","og_url":"https:\/\/congovirtuel.com\/information\/rdc-compte-rendu-de-la-septieme-reunion-du-conseil-des-ministres\/","og_site_name":"Actualit\u00e9s congolaises et internationales","article_publisher":"https:\/\/web.facebook.com\/Congovirtuel-763617960319601\/?ref=aymt_homepage_panel&amp%3bamp%3bamp%3bamp%3bamp%3bamp%3bamp%3bamp%3bamp%3bamp%3bamp%3beid=ARCoxULa66767kIgF_KYav6VdjXTI4yk_LW4yoVO9s6NXpysgb7Cb65vpxcxgqzOAKvIbLQxaAETcqHT","article_published_time":"2021-06-12T14:22:29+00:00","article_modified_time":"2021-06-12T14:22:34+00:00","og_image":[{"width":696,"height":464,"url":"https:\/\/congovirtuel.com\/information\/wp-content\/uploads\/2021\/05\/Muyaya_patrick.jpg","type":"image\/jpeg"}],"author":"infocongovirtuel","twitter_card":"summary_large_image","twitter_creator":"@congovirtuel","twitter_site":"@congovirtuel","twitter_misc":{"\u00c9crit par":"infocongovirtuel","Dur\u00e9e de lecture estim\u00e9e":"9 minutes"},"schema":{"@context":"https:\/\/schema.org","@graph":[{"@type":"Article","@id":"https:\/\/congovirtuel.com\/information\/rdc-compte-rendu-de-la-septieme-reunion-du-conseil-des-ministres\/#article","isPartOf":{"@id":"https:\/\/congovirtuel.com\/information\/rdc-compte-rendu-de-la-septieme-reunion-du-conseil-des-ministres\/"},"author":{"name":"infocongovirtuel","@id":"https:\/\/congovirtuel.com\/information\/#\/schema\/person\/739a44bf7990966cb53d58d2fdeca0b6"},"headline":"RDC: COMPTE-RENDU DE LA SEPTIEME REUNION DU CONSEIL DES MINISTRES","datePublished":"2021-06-12T14:22:29+00:00","dateModified":"2021-06-12T14:22:34+00:00","mainEntityOfPage":{"@id":"https:\/\/congovirtuel.com\/information\/rdc-compte-rendu-de-la-septieme-reunion-du-conseil-des-ministres\/"},"wordCount":2320,"commentCount":0,"publisher":{"@id":"https:\/\/congovirtuel.com\/information\/#organization"},"image":{"@id":"https:\/\/congovirtuel.com\/information\/rdc-compte-rendu-de-la-septieme-reunion-du-conseil-des-ministres\/#primaryimage"},"thumbnailUrl":"https:\/\/congovirtuel.com\/information\/wp-content\/uploads\/2021\/05\/Muyaya_patrick.jpg","keywords":["conseil des ministres RDC du 11 juin 2021"],"articleSection":["Gouvernement"],"inLanguage":"fr-FR","potentialAction":[{"@type":"CommentAction","name":"Comment","target":["https:\/\/congovirtuel.com\/information\/rdc-compte-rendu-de-la-septieme-reunion-du-conseil-des-ministres\/#respond"]}]},{"@type":"WebPage","@id":"https:\/\/congovirtuel.com\/information\/rdc-compte-rendu-de-la-septieme-reunion-du-conseil-des-ministres\/","url":"https:\/\/congovirtuel.com\/information\/rdc-compte-rendu-de-la-septieme-reunion-du-conseil-des-ministres\/","name":"RDC: COMPTE-RENDU DE LA SEPTIEME REUNION DU CONSEIL DES MINISTRES - Actualit\u00e9s congolaises et internationales","isPartOf":{"@id":"https:\/\/congovirtuel.com\/information\/#website"},"primaryImageOfPage":{"@id":"https:\/\/congovirtuel.com\/information\/rdc-compte-rendu-de-la-septieme-reunion-du-conseil-des-ministres\/#primaryimage"},"image":{"@id":"https:\/\/congovirtuel.com\/information\/rdc-compte-rendu-de-la-septieme-reunion-du-conseil-des-ministres\/#primaryimage"},"thumbnailUrl":"https:\/\/congovirtuel.com\/information\/wp-content\/uploads\/2021\/05\/Muyaya_patrick.jpg","datePublished":"2021-06-12T14:22:29+00:00","dateModified":"2021-06-12T14:22:34+00:00","breadcrumb":{"@id":"https:\/\/congovirtuel.com\/information\/rdc-compte-rendu-de-la-septieme-reunion-du-conseil-des-ministres\/#breadcrumb"},"inLanguage":"fr-FR","potentialAction":[{"@type":"ReadAction","target":["https:\/\/congovirtuel.com\/information\/rdc-compte-rendu-de-la-septieme-reunion-du-conseil-des-ministres\/"]}]},{"@type":"ImageObject","inLanguage":"fr-FR","@id":"https:\/\/congovirtuel.com\/information\/rdc-compte-rendu-de-la-septieme-reunion-du-conseil-des-ministres\/#primaryimage","url":"https:\/\/congovirtuel.com\/information\/wp-content\/uploads\/2021\/05\/Muyaya_patrick.jpg","contentUrl":"https:\/\/congovirtuel.com\/information\/wp-content\/uploads\/2021\/05\/Muyaya_patrick.jpg","width":696,"height":464},{"@type":"BreadcrumbList","@id":"https:\/\/congovirtuel.com\/information\/rdc-compte-rendu-de-la-septieme-reunion-du-conseil-des-ministres\/#breadcrumb","itemListElement":[{"@type":"ListItem","position":1,"name":"Accueil","item":"https:\/\/congovirtuel.com\/information\/"},{"@type":"ListItem","position":2,"name":"RDC: COMPTE-RENDU DE LA SEPTIEME REUNION DU CONSEIL DES MINISTRES"}]},{"@type":"WebSite","@id":"https:\/\/congovirtuel.com\/information\/#website","url":"https:\/\/congovirtuel.com\/information\/","name":"Actualit\u00e9s congolaises et internationales","description":"site d&#039;analyse et de traitement d&#039;information","publisher":{"@id":"https:\/\/congovirtuel.com\/information\/#organization"},"potentialAction":[{"@type":"SearchAction","target":{"@type":"EntryPoint","urlTemplate":"https:\/\/congovirtuel.com\/information\/?s={search_term_string}"},"query-input":{"@type":"PropertyValueSpecification","valueRequired":true,"valueName":"search_term_string"}}],"inLanguage":"fr-FR"},{"@type":"Organization","@id":"https:\/\/congovirtuel.com\/information\/#organization","name":"Biblioth\u00e8que Virtuelle de la RDC","url":"https:\/\/congovirtuel.com\/information\/","logo":{"@type":"ImageObject","inLanguage":"fr-FR","@id":"https:\/\/congovirtuel.com\/information\/#\/schema\/logo\/image\/","url":"https:\/\/congovirtuel.com\/information\/wp-content\/uploads\/2018\/10\/header-info-congovirtuel-vraie.jpg","contentUrl":"https:\/\/congovirtuel.com\/information\/wp-content\/uploads\/2018\/10\/header-info-congovirtuel-vraie.jpg","width":728,"height":90,"caption":"Biblioth\u00e8que Virtuelle de la RDC"},"image":{"@id":"https:\/\/congovirtuel.com\/information\/#\/schema\/logo\/image\/"},"sameAs":["https:\/\/web.facebook.com\/Congovirtuel-763617960319601\/?ref=aymt_homepage_panel&amp;amp;amp;amp;amp;amp;amp;amp;amp;amp;amp;eid=ARCoxULa66767kIgF_KYav6VdjXTI4yk_LW4yoVO9s6NXpysgb7Cb65vpxcxgqzOAKvIbLQxaAETcqHT","https:\/\/x.com\/congovirtuel","https:\/\/www.youtube.com\/channel\/UCkFfprYzGgS3EWNpeMXpToQ?view_as=subscriber"]},{"@type":"Person","@id":"https:\/\/congovirtuel.com\/information\/#\/schema\/person\/739a44bf7990966cb53d58d2fdeca0b6","name":"infocongovirtuel","image":{"@type":"ImageObject","inLanguage":"fr-FR","@id":"https:\/\/secure.gravatar.com\/avatar\/4d76991aa72469f0eb22e772586c99113c6997f88da636a9db8f2ce3a2c05e69?s=96&d=mm&r=g","url":"https:\/\/secure.gravatar.com\/avatar\/4d76991aa72469f0eb22e772586c99113c6997f88da636a9db8f2ce3a2c05e69?s=96&d=mm&r=g","contentUrl":"https:\/\/secure.gravatar.com\/avatar\/4d76991aa72469f0eb22e772586c99113c6997f88da636a9db8f2ce3a2c05e69?s=96&d=mm&r=g","caption":"infocongovirtuel"},"url":"https:\/\/congovirtuel.com\/information\/author\/infocongovirtuel\/"}]}},"gt_translate_keys":[{"key":"link","format":"url"}],"_links":{"self":[{"href":"https:\/\/congovirtuel.com\/information\/wp-json\/wp\/v2\/posts\/10499","targetHints":{"allow":["GET"]}}],"collection":[{"href":"https:\/\/congovirtuel.com\/information\/wp-json\/wp\/v2\/posts"}],"about":[{"href":"https:\/\/congovirtuel.com\/information\/wp-json\/wp\/v2\/types\/post"}],"author":[{"embeddable":true,"href":"https:\/\/congovirtuel.com\/information\/wp-json\/wp\/v2\/users\/1"}],"replies":[{"embeddable":true,"href":"https:\/\/congovirtuel.com\/information\/wp-json\/wp\/v2\/comments?post=10499"}],"version-history":[{"count":1,"href":"https:\/\/congovirtuel.com\/information\/wp-json\/wp\/v2\/posts\/10499\/revisions"}],"predecessor-version":[{"id":10501,"href":"https:\/\/congovirtuel.com\/information\/wp-json\/wp\/v2\/posts\/10499\/revisions\/10501"}],"wp:featuredmedia":[{"embeddable":true,"href":"https:\/\/congovirtuel.com\/information\/wp-json\/wp\/v2\/media\/9841"}],"wp:attachment":[{"href":"https:\/\/congovirtuel.com\/information\/wp-json\/wp\/v2\/media?parent=10499"}],"wp:term":[{"taxonomy":"category","embeddable":true,"href":"https:\/\/congovirtuel.com\/information\/wp-json\/wp\/v2\/categories?post=10499"},{"taxonomy":"post_tag","embeddable":true,"href":"https:\/\/congovirtuel.com\/information\/wp-json\/wp\/v2\/tags?post=10499"}],"curies":[{"name":"wp","href":"https:\/\/api.w.org\/{rel}","templated":true}]}}