{"id":10527,"date":"2021-06-13T11:53:53","date_gmt":"2021-06-13T10:53:53","guid":{"rendered":"https:\/\/congovirtuel.com\/information\/?p=10527"},"modified":"2021-06-13T11:53:54","modified_gmt":"2021-06-13T10:53:54","slug":"nicolas-sarkozy-artisan-invisible-du-rapprochement-entre-la-france-et-le-rwandaenquete-ai","status":"publish","type":"post","link":"https:\/\/congovirtuel.com\/information\/nicolas-sarkozy-artisan-invisible-du-rapprochement-entre-la-france-et-le-rwandaenquete-ai\/","title":{"rendered":"Nicolas Sarkozy,\u00a0\u00bb artisan invisible \u00a0\u00bb du rapprochement entre la France et le Rwanda(Enqu\u00eate AI)","gt_translate_keys":[{"key":"rendered","format":"text"}]},"content":{"rendered":"\n<p class=\"wp-block-paragraph\">Si l&rsquo;ancien pr\u00e9sident fran\u00e7ais n&rsquo;a \u00e0 aucun moment \u00e9t\u00e9 l&rsquo;acteur direct de la normalisation finalis\u00e9e par Emmanuel Macron avec Kigali, il est rest\u00e9 tout au long du processus un observateur avis\u00e9 et consult\u00e9. Tr\u00e8s proche du pr\u00e9sident rwandais, Nicolas Sarkozy \u00e9tait encore \u00e0 Paris avec Paul Kagame quelques jours avant la venue du chef d&rsquo;Etat fran\u00e7ais au Rwanda.&nbsp;<\/p>\n\n\n\n<p class=\"wp-block-paragraph\">A Paris pour participer au sommet sur le financement des \u00e9conomies africaines qui se tenait le 18 mai, le pr\u00e9sident rwandais Paul Kagame a longuement re\u00e7u l&rsquo;ex-chef d&rsquo;Etat fran\u00e7ais Nicolas Sarkozy le 19 mai, dans sa suite du palace parisien du Peninsula. A chacun de ses (rares) s\u00e9jours parisiens, le leader du Front patriotique rwandais (FPR) ne manque jamais de rencontrer l&rsquo;ancien pr\u00e9sident fran\u00e7ais. Le mois dernier, les deux hommes ont longuement \u00e9voqu\u00e9 la venue d&rsquo;Emmanuel Macron \u00e0 Kigali, programm\u00e9e quelques jours apr\u00e8s la cl\u00f4ture du sommet : le dirigeant fran\u00e7ais \u00e9tait dans la capitale rwandaise du 27 au 28 mai pour une visite hautement historique.<\/p>\n\n\n\n<h2 class=\"wp-block-heading\"><strong>Nicolas Sarkozy, le pionnier<\/strong><\/h2>\n\n\n\n<p class=\"wp-block-paragraph\">Lorsqu&rsquo;il \u00e9tait \u00e0 la t\u00eate de l&rsquo;Etat fran\u00e7ais, Nicolas Sarkozy avait pos\u00e9 les premiers jalons de la reprise des relations entre Paris et Kigali. A l&rsquo;\u00e9poque, il s&rsquo;\u00e9tait largement appuy\u00e9 sur son ministre des affaires \u00e9trang\u00e8res, Bernard Kouchner. Ce dernier, fort de son aura humanitaire de cofondateur de M\u00e9decins sans fronti\u00e8res (MSF), s&rsquo;\u00e9tait rendu au pays des milles collines en \u00ab\u00a0\u00e9claireur\u00a0\u00bb en janvier 2008.<\/p>\n\n\n\n<p class=\"wp-block-paragraph\">En 2010, Nicolas Sarkozy avait \u00e9t\u00e9 le premier pr\u00e9sident fran\u00e7ais \u00e0 se rendre \u00e0 Kigali depuis le g\u00e9nocide de 1994 et avait alors reconnu \u00ab\u00a0les erreurs\u00a0\u00bb des autorit\u00e9s fran\u00e7aises de l&rsquo;\u00e9poque. Son discours s&rsquo;\u00e9tait tenu dans l&rsquo;un des lieux les plus symboliques de la capitale rwandaise : le M\u00e9morial du g\u00e9nocide de Kigali, \u00e9tabli dans le quartier de Gisozi. Par la suite, Nicolas Sarkozy s&rsquo;\u00e9tait rendu \u00e0 plusieurs reprises dans ce lieu qui pointe directement le soutien de la France \u00e0 un r\u00e9gime g\u00e9nocidaire, lors de ses s\u00e9jours priv\u00e9s au Rwanda.<\/p>\n\n\n\n<p class=\"wp-block-paragraph\">C&rsquo;est au m\u00eame endroit, s\u00e9pulture de pr\u00e8s de 250 000 de victimes du g\u00e9nocide, qu&rsquo;Emmanuel Macron a prononc\u00e9 son discours \u00ab\u00a0fondateur\u00a0\u00bb du 27 mai. Si le pr\u00e9sident fran\u00e7ais n&rsquo;a pas directement consult\u00e9 Nicolas Sarkozy pour pr\u00e9parer sa d\u00e9claration et sa visite, les deux hommes ont n\u00e9anmoins \u00e9voqu\u00e9 \u00e0 plusieurs reprises le dossier rwandais, et ce d\u00e8s le lendemain de l&rsquo;\u00e9lection d&rsquo;Emmanuel Macron en 2017.<\/p>\n\n\n\n<h2 class=\"wp-block-heading\"><strong>Conversations \u00e0 6 000 m\u00e8tres d&rsquo;altitude<\/strong><\/h2>\n\n\n\n<p class=\"wp-block-paragraph\">La premi\u00e8re conversation approfondie entre les deux hommes sur le Rwanda a eu lieu le 1er juillet 2017 dans le jet Falcon 7X de la pr\u00e9sidence fran\u00e7aise, qui amenait alors Emmanuel Macron et Nicolas Sarkozy \u00e0 Strasbourg pour participer \u00e0 l&rsquo;hommage rendu \u00e0 l&rsquo;ancien chancelier allemand, Helmut Kohl, d\u00e9c\u00e9d\u00e9 quelques jours plus t\u00f4t.<\/p>\n\n\n\n<p class=\"wp-block-paragraph\">Dans l&rsquo;avion, Nicolas Sarkozy avait de sa propre initiative entrepris Emmanuel Macron sur la normalisation entre Paris et Kigali. Entre les lignes, il avait m\u00eame regrett\u00e9 de ne pas avoir pu aller \u00ab\u00a0au bout\u00a0\u00bb de ce processus durant son quinquennat. Une conversation lourde de sous-entendus qui s&rsquo;\u00e9tait tenue \u00e0 quelques m\u00e8tres d&rsquo;Hubert V\u00e9drine, qui fut secr\u00e9taire g\u00e9n\u00e9ral de la pr\u00e9sidence de la R\u00e9publique de Fran\u00e7ois Mitterrand au moment du g\u00e9nocide en 1994 et voyageait \u00e9galement, ce jour-l\u00e0, dans l&rsquo;appareil pr\u00e9sidentiel fran\u00e7ais. Fid\u00e8le \u00e0 sa politique du \u00ab\u00a0en m\u00eame temps\u00a0\u00bb, depuis son \u00e9lection en 2017, l&rsquo;actuel locataire de l&rsquo;Elys\u00e9e a n\u00e9anmoins \u00e9galement consult\u00e9 l&rsquo;ancien ministre des affaires \u00e9trang\u00e8res socialiste, tenant d&rsquo;une ligne dure vis-\u00e0-vis de Paul Kagame et r\u00e9guli\u00e8rement d\u00e9nonc\u00e9 pour ses prises de position sur le Rwanda.<\/p>\n\n\n\n<p class=\"wp-block-paragraph\">Il faut dire que le dossier rwandais a toujours laiss\u00e9 un go\u00fbt d&rsquo;inachev\u00e9 \u00e0 l&rsquo;ex-pr\u00e9sident fran\u00e7ais : en d\u00e9pit de la reprise des relations diplomatiques rompues en 2006 et de la nomination en 2010 d&rsquo;un ambassadeur &#8211; Laurent Contini -, les relations entre les deux pays restaient min\u00e9es par diff\u00e9rentes proc\u00e9dures judiciaires.<\/p>\n\n\n\n<h2 class=\"wp-block-heading\"><strong>Guerres de pr\u00e9toires<\/strong><\/h2>\n\n\n\n<p class=\"wp-block-paragraph\">En cause notamment : les proc\u00e9dures initi\u00e9es par la justice fran\u00e7aise sur l&rsquo;attentat du 6 avril 1994 contre le Falcon 50 du pr\u00e9sident rwandais de l&rsquo;\u00e9poque, Juv\u00e9nal Habyarimana. Men\u00e9e par le juge Jean-Louis Brugui\u00e8re, l&rsquo;instruction avait directement mis en cause d\u00e8s 2006 Paul Kagame et plusieurs de ses plus proches collaborateurs, \u00e0 l&rsquo;instar de James Kabarebe ou de l&rsquo;ancien chef d&rsquo;\u00e9tat-major de l&rsquo;arm\u00e9e de terre, Charles Kayonga.<\/p>\n\n\n\n<p class=\"wp-block-paragraph\">Men\u00e9e syst\u00e9matiquement \u00e0 charge et ignorant des pans entiers du dossier, l&rsquo;enqu\u00eate n&rsquo;a cess\u00e9 tout au long des deux derni\u00e8res d\u00e9cennies d&rsquo;envenimer les relations entre la France et le Rwanda. Reprise en 2012, par les juges Marc Tr\u00e9vidic et Nathalie Poux, l&rsquo;instruction a finalement \u00e9t\u00e9 cl\u00f4tur\u00e9e cinq ans plus tard et une ordonnance de non-lieu a \u00e9t\u00e9 rendue en d\u00e9cembre 2018.<\/p>\n\n\n\n<h2 class=\"wp-block-heading\"><strong>Consultations informelles<\/strong><\/h2>\n\n\n\n<p class=\"wp-block-paragraph\">Ce premier apart\u00e9 a\u00e9rien entre Macron et Sarkozy a \u00e9t\u00e9 suivi d&rsquo;une s\u00e9rie d&rsquo;\u00e9changes entre 2018 et 2021. Retrait\u00e9 de l&rsquo;Elys\u00e9e en 2012, Nicolas Sarkozy a toujours cultiv\u00e9 son lien d&rsquo;amiti\u00e9 avec Paul Kagame, qu&rsquo;il rencontre, depuis une dizaine d&rsquo;ann\u00e9es, deux \u00e0 trois fois par an dans le cadre priv\u00e9. L&rsquo;ex-pr\u00e9sident fran\u00e7ais est \u00e9galement devenu au fil des ans un ami intime de l&rsquo;ancienne cheffe de la diplomatie rwandaise de 2009 \u00e0 2018, Louise Mushikiwabo, en poste lors de sa venue \u00e0 Kigali en 2010 et avec laquelle il lui arrive r\u00e9guli\u00e8rement de d\u00eener \u00e0 Paris.<\/p>\n\n\n\n<p class=\"wp-block-paragraph\">Cette derni\u00e8re est depuis l&rsquo;automne 2018 \u00e9tablie dans la capitale fran\u00e7aise o\u00f9 elle est secr\u00e9taire g\u00e9n\u00e9rale de l&rsquo;Organisation internationale de la francophonie (OIF). Son \u00e9lection, avec le plein soutien d&rsquo;Emmanuel Macron, avait \u00e0 l&rsquo;\u00e9poque \u00e9t\u00e9 l&rsquo;un des principaux signes d&rsquo;ouverture donn\u00e9s par Paris \u00e0 Kigali. Elle avait n\u00e9anmoins suscit\u00e9 une lev\u00e9e de boucliers dans plusieurs c\u00e9nacles proches du Parti socialiste (PS) prompts \u00e0 souligner que le Rwanda avait opt\u00e9 pour l&rsquo;anglais dans ses \u00e9coles, en remplacement du fran\u00e7ais.<\/p>\n\n\n\n<h2 class=\"wp-block-heading\"><strong>Courroie de transmission<\/strong><\/h2>\n\n\n\n<p class=\"wp-block-paragraph\">Intime parmi les intimes du pr\u00e9sident rwandais, Louise Mushikiwabo, qui accompagnait Emmanuel Macron \u00e0 Kigali du 27 au 28 mai, a \u00e9t\u00e9 l&rsquo;une des principales courroies de transmission entre Kigali et Paris depuis trois ans. De son c\u00f4t\u00e9, Nicolas Sarkozy n&rsquo;a assur\u00e9 qu&rsquo;un r\u00f4le secondaire et n&rsquo;a jamais \u00e9t\u00e9 directement sollicit\u00e9 pour jouer les missi dominici de la pr\u00e9sidence fran\u00e7aise aupr\u00e8s du palais d&rsquo;Urugwiro Village. L&rsquo;Elys\u00e9e a en effet mis sur pied d\u00e8s 2017 ses propres canaux de discussions avec Kigali, ne consultant l&rsquo;ex-pr\u00e9sident que de fa\u00e7on informelle.<\/p>\n\n\n\n<p class=\"wp-block-paragraph\">Les deux visites de Nicolas Sarkozy au Rwanda entre 2018 et 2021, durant lesquelles il a, \u00e0 chaque fois, rencontr\u00e9 Paul Kagame, ont ainsi \u00e9t\u00e9 organis\u00e9es \u00e0 son initiative. En janvier 2018, il s&rsquo;\u00e9tait rendu au Rwanda en compagnie de Cyrille Bollor\u00e9, alors pr\u00e9sident de Bollor\u00e9 Transport &amp; Logistics, pour identifier plusieurs opportunit\u00e9s d&rsquo;investissements dans le pays.<\/p>\n\n\n\n<p class=\"wp-block-paragraph\">Reconverti dans les affaires depuis son d\u00e9part de l&rsquo;Elys\u00e9e, l&rsquo;ex-pr\u00e9sident a fait de l&rsquo;Afrique son terrain de pr\u00e9dilection. Il aurait ainsi \u00e9t\u00e9 l&rsquo;un des discrets artisans du spectaculaire rapprochement op\u00e9r\u00e9 par Doha &#8211; Nicolas Sarkozy est un familier du p\u00e8re de l&rsquo;\u00e9mir Tamim ben Hamad al-Thani &#8211; avec le Rwanda depuis quatre ans : l&rsquo;\u00e9mirat gazier multiplie les partenariats commerciaux dans le pays depuis 2017. Moins visible, mais non moins strat\u00e9gique, le groupe Accor, dont l&rsquo;ex-chef d&rsquo;Etat est administrateur, s&rsquo;est \u00e9galement implant\u00e9 au Rwanda o\u00f9 il a tiss\u00e9 deux partenariats avec le groupe h\u00f4telier Mantis Development, positionn\u00e9 sur le tr\u00e8s lucratif secteur du tourisme \u00e9cologique haut de gamme.<\/p>\n\n\n\n<h2 class=\"wp-block-heading\"><strong>Longueurs dans le rapprochement<\/strong><\/h2>\n\n\n\n<p class=\"wp-block-paragraph\">S&rsquo;il s&rsquo;est gard\u00e9 de jouer le moindre r\u00f4le direct dans la normalisation avec Kigali, Nicolas Sarkozy s&rsquo;est \u00e0 plusieurs reprises, de son propre chef, occup\u00e9 d&rsquo;apaiser Paul Kagame, impatient\u00e9 par la \u00ab\u00a0lenteur\u00a0\u00bb du rapprochement. Au lendemain des comm\u00e9morations du 25e anniversaire du g\u00e9nocide en 2019, la pr\u00e9sidence rwandaise s&rsquo;\u00e9tait ainsi quelque peu agac\u00e9e que Paris ait d\u00e9p\u00each\u00e9 le d\u00e9put\u00e9 d&rsquo;origine rwandaise, Herv\u00e9 Berville, alors qu&rsquo;Emmanuel Macron avait \u00e9t\u00e9 invit\u00e9 \u00e0 prendre part en personne \u00e0 \u00ab\u00a0Kwibuka 25\u00a0\u00bb.<\/p>\n\n\n\n<p class=\"wp-block-paragraph\">Dans les jours suivants, Nicolas Sarkozy avait n\u00e9anmoins rassur\u00e9 Kagame sur \u00ab\u00a0la bonne volont\u00e9\u00a0\u00bb du pr\u00e9sident fran\u00e7ais et sa d\u00e9termination \u00e0 aller au bout du processus. Des \u00e9changes qui s&rsquo;inscrivaient dans le strict cadre de l&rsquo;amiti\u00e9 qui lie les deux hommes. Si \u00e0 l&rsquo;Elys\u00e9e, on reconna\u00eet avoir discut\u00e9 \u00e0 plusieurs reprises du dossier rwandais avec Nicolas Sarkozy, on souligne n\u00e9anmoins que ce dernier n&rsquo;a pour autant jamais jou\u00e9 un r\u00f4le d&rsquo;\u00e9missaire aupr\u00e8s de Paul Kagame. Une affirmation corrobor\u00e9e par l&rsquo;entourage de l&rsquo;ancien locataire de l&rsquo;Elys\u00e9e.<\/p>\n\n\n\n<h2 class=\"wp-block-heading\"><strong>\u00ab\u00a0Joyeux anniversaire\u00a0\u00bb<\/strong><\/h2>\n\n\n\n<p class=\"wp-block-paragraph\">Le dernier \u00e9change entre Emmanuel Macron et Nicolas Sarkozy \u00e0 propos du Rwanda remonte ainsi au 28 janvier 2021. Le sujet avait \u00e9t\u00e9 tr\u00e8s bri\u00e8vement \u00e9voqu\u00e9 au d\u00e9tour d&rsquo;un appel t\u00e9l\u00e9phonique pass\u00e9 par Emmanuel Macron \u00e0 son pr\u00e9d\u00e9cesseur pour ses 66 ans. Un anniversaire que Nicolas Sarkozy f\u00eatait alors en famille au pays des milles collines. Lors de ce bref \u00e9change, Emmanuel Macron avait \u00e9voqu\u00e9 son souhait de se rendre en visite officielle au Rwanda avant l&rsquo;\u00e9t\u00e9.<\/p>\n\n\n\n<p class=\"wp-block-paragraph\">Durant ce s\u00e9jour \u00ab\u00a0ultra-priv\u00e9\u00a0\u00bb qui n&rsquo;avait pas tard\u00e9 \u00e0 s&rsquo;\u00e9bruiter dans la presse rwandaise, Nicolas Sarkozy avait \u00e9t\u00e9 re\u00e7u \u00e0 la pr\u00e9sidence par Paul Kagame et avait visit\u00e9 en famille le parc national de l&rsquo;Akagera, situ\u00e9 au nord-est du pays.<\/p>\n\n\n\n<p class=\"wp-block-paragraph\"><strong>Africa Intelligence<\/strong><\/p>\n","protected":false,"gt_translate_keys":[{"key":"rendered","format":"html"}]},"excerpt":{"rendered":"<p>Si l&rsquo;ancien pr\u00e9sident fran\u00e7ais n&rsquo;a \u00e0 aucun moment \u00e9t\u00e9 l&rsquo;acteur direct de la normalisation finalis\u00e9e par Emmanuel Macron avec Kigali, il est rest\u00e9 tout au long du processus un observateur avis\u00e9 et consult\u00e9. Tr\u00e8s proche du pr\u00e9sident rwandais, Nicolas Sarkozy \u00e9tait encore \u00e0 Paris avec Paul Kagame quelques jours avant la venue du chef d&rsquo;Etat fran\u00e7ais au Rwanda.&nbsp; A Paris pour participer au sommet sur le financement des \u00e9conomies africaines qui se tenait le 18 mai, le pr\u00e9sident rwandais Paul Kagame a longuement re\u00e7u l&rsquo;ex-chef d&rsquo;Etat fran\u00e7ais Nicolas Sarkozy le&hellip;<\/p>\n","protected":false,"gt_translate_keys":[{"key":"rendered","format":"html"}]},"author":1,"featured_media":9380,"comment_status":"open","ping_status":"open","sticky":false,"template":"","format":"standard","meta":{"_crdt_document":"","footnotes":""},"categories":[1762],"tags":[8877,8878],"class_list":["post-10527","post","type-post","status-publish","format-standard","has-post-thumbnail","hentry","category-france","tag-sarkozy-et-le-rwanda","tag-sarkozy-soutien-kagame"],"gutentor_comment":0,"yoast_head":"<!-- This site is optimized with the Yoast SEO plugin v27.5 - https:\/\/yoast.com\/product\/yoast-seo-wordpress\/ -->\n<title>Nicolas Sarkozy,&quot; artisan invisible &quot; du rapprochement entre la France et le Rwanda(Enqu\u00eate AI) - Actualit\u00e9s congolaises et internationales<\/title>\n<meta name=\"robots\" content=\"index, follow, max-snippet:-1, max-image-preview:large, max-video-preview:-1\" \/>\n<link rel=\"canonical\" href=\"https:\/\/congovirtuel.com\/information\/nicolas-sarkozy-artisan-invisible-du-rapprochement-entre-la-france-et-le-rwandaenquete-ai\/\" \/>\n<meta property=\"og:locale\" content=\"fr_FR\" \/>\n<meta property=\"og:type\" content=\"article\" \/>\n<meta property=\"og:title\" content=\"Nicolas Sarkozy,&quot; artisan invisible &quot; du rapprochement entre la France et le Rwanda(Enqu\u00eate AI) - Actualit\u00e9s congolaises et internationales\" \/>\n<meta property=\"og:description\" content=\"Si l&rsquo;ancien pr\u00e9sident fran\u00e7ais n&rsquo;a \u00e0 aucun moment \u00e9t\u00e9 l&rsquo;acteur direct de la normalisation finalis\u00e9e par Emmanuel Macron avec Kigali, il est rest\u00e9 tout au long du processus un observateur avis\u00e9 et consult\u00e9. Tr\u00e8s proche du pr\u00e9sident rwandais, Nicolas Sarkozy \u00e9tait encore \u00e0 Paris avec Paul Kagame quelques jours avant la venue du chef d&rsquo;Etat fran\u00e7ais au Rwanda.&nbsp; A Paris pour participer au sommet sur le financement des \u00e9conomies africaines qui se tenait le 18 mai, le pr\u00e9sident rwandais Paul Kagame a longuement re\u00e7u l&rsquo;ex-chef d&rsquo;Etat fran\u00e7ais Nicolas Sarkozy le&hellip;\" \/>\n<meta property=\"og:url\" content=\"https:\/\/congovirtuel.com\/information\/nicolas-sarkozy-artisan-invisible-du-rapprochement-entre-la-france-et-le-rwandaenquete-ai\/\" \/>\n<meta property=\"og:site_name\" content=\"Actualit\u00e9s congolaises et internationales\" \/>\n<meta property=\"article:publisher\" content=\"https:\/\/web.facebook.com\/Congovirtuel-763617960319601\/?ref=aymt_homepage_panel&amp;amp%3bamp%3bamp%3bamp%3bamp%3bamp%3bamp%3bamp%3bamp%3bamp%3bamp%3beid=ARCoxULa66767kIgF_KYav6VdjXTI4yk_LW4yoVO9s6NXpysgb7Cb65vpxcxgqzOAKvIbLQxaAETcqHT\" \/>\n<meta property=\"article:published_time\" content=\"2021-06-13T10:53:53+00:00\" \/>\n<meta property=\"article:modified_time\" content=\"2021-06-13T10:53:54+00:00\" \/>\n<meta property=\"og:image\" content=\"https:\/\/congovirtuel.com\/information\/wp-content\/uploads\/2021\/05\/Kagame_macron2-1200-x-700.jpg\" \/>\n\t<meta property=\"og:image:width\" content=\"1200\" \/>\n\t<meta property=\"og:image:height\" content=\"700\" \/>\n\t<meta property=\"og:image:type\" content=\"image\/jpeg\" \/>\n<meta name=\"author\" content=\"infocongovirtuel\" \/>\n<meta name=\"twitter:card\" content=\"summary_large_image\" \/>\n<meta name=\"twitter:creator\" content=\"@congovirtuel\" \/>\n<meta name=\"twitter:site\" content=\"@congovirtuel\" \/>\n<meta name=\"twitter:label1\" content=\"\u00c9crit par\" \/>\n\t<meta name=\"twitter:data1\" content=\"infocongovirtuel\" \/>\n\t<meta name=\"twitter:label2\" content=\"Dur\u00e9e de lecture estim\u00e9e\" \/>\n\t<meta name=\"twitter:data2\" content=\"7 minutes\" \/>\n<script type=\"application\/ld+json\" class=\"yoast-schema-graph\">{\"@context\":\"https:\\\/\\\/schema.org\",\"@graph\":[{\"@type\":\"Article\",\"@id\":\"https:\\\/\\\/congovirtuel.com\\\/information\\\/nicolas-sarkozy-artisan-invisible-du-rapprochement-entre-la-france-et-le-rwandaenquete-ai\\\/#article\",\"isPartOf\":{\"@id\":\"https:\\\/\\\/congovirtuel.com\\\/information\\\/nicolas-sarkozy-artisan-invisible-du-rapprochement-entre-la-france-et-le-rwandaenquete-ai\\\/\"},\"author\":{\"name\":\"infocongovirtuel\",\"@id\":\"https:\\\/\\\/congovirtuel.com\\\/information\\\/#\\\/schema\\\/person\\\/739a44bf7990966cb53d58d2fdeca0b6\"},\"headline\":\"Nicolas Sarkozy,\u00a0\u00bb artisan invisible \u00a0\u00bb du rapprochement entre la France et le Rwanda(Enqu\u00eate AI)\",\"datePublished\":\"2021-06-13T10:53:53+00:00\",\"dateModified\":\"2021-06-13T10:53:54+00:00\",\"mainEntityOfPage\":{\"@id\":\"https:\\\/\\\/congovirtuel.com\\\/information\\\/nicolas-sarkozy-artisan-invisible-du-rapprochement-entre-la-france-et-le-rwandaenquete-ai\\\/\"},\"wordCount\":1672,\"commentCount\":0,\"publisher\":{\"@id\":\"https:\\\/\\\/congovirtuel.com\\\/information\\\/#organization\"},\"image\":{\"@id\":\"https:\\\/\\\/congovirtuel.com\\\/information\\\/nicolas-sarkozy-artisan-invisible-du-rapprochement-entre-la-france-et-le-rwandaenquete-ai\\\/#primaryimage\"},\"thumbnailUrl\":\"https:\\\/\\\/congovirtuel.com\\\/information\\\/wp-content\\\/uploads\\\/2021\\\/05\\\/Kagame_macron2-1200-x-700.jpg\",\"keywords\":[\"Sarkozy et le Rwanda\",\"Sarkozy soutien Kagame\"],\"articleSection\":[\"France\"],\"inLanguage\":\"fr-FR\",\"potentialAction\":[{\"@type\":\"CommentAction\",\"name\":\"Comment\",\"target\":[\"https:\\\/\\\/congovirtuel.com\\\/information\\\/nicolas-sarkozy-artisan-invisible-du-rapprochement-entre-la-france-et-le-rwandaenquete-ai\\\/#respond\"]}]},{\"@type\":\"WebPage\",\"@id\":\"https:\\\/\\\/congovirtuel.com\\\/information\\\/nicolas-sarkozy-artisan-invisible-du-rapprochement-entre-la-france-et-le-rwandaenquete-ai\\\/\",\"url\":\"https:\\\/\\\/congovirtuel.com\\\/information\\\/nicolas-sarkozy-artisan-invisible-du-rapprochement-entre-la-france-et-le-rwandaenquete-ai\\\/\",\"name\":\"Nicolas Sarkozy,\\\" artisan invisible \\\" du rapprochement entre la France et le Rwanda(Enqu\u00eate AI) - Actualit\u00e9s congolaises et internationales\",\"isPartOf\":{\"@id\":\"https:\\\/\\\/congovirtuel.com\\\/information\\\/#website\"},\"primaryImageOfPage\":{\"@id\":\"https:\\\/\\\/congovirtuel.com\\\/information\\\/nicolas-sarkozy-artisan-invisible-du-rapprochement-entre-la-france-et-le-rwandaenquete-ai\\\/#primaryimage\"},\"image\":{\"@id\":\"https:\\\/\\\/congovirtuel.com\\\/information\\\/nicolas-sarkozy-artisan-invisible-du-rapprochement-entre-la-france-et-le-rwandaenquete-ai\\\/#primaryimage\"},\"thumbnailUrl\":\"https:\\\/\\\/congovirtuel.com\\\/information\\\/wp-content\\\/uploads\\\/2021\\\/05\\\/Kagame_macron2-1200-x-700.jpg\",\"datePublished\":\"2021-06-13T10:53:53+00:00\",\"dateModified\":\"2021-06-13T10:53:54+00:00\",\"breadcrumb\":{\"@id\":\"https:\\\/\\\/congovirtuel.com\\\/information\\\/nicolas-sarkozy-artisan-invisible-du-rapprochement-entre-la-france-et-le-rwandaenquete-ai\\\/#breadcrumb\"},\"inLanguage\":\"fr-FR\",\"potentialAction\":[{\"@type\":\"ReadAction\",\"target\":[\"https:\\\/\\\/congovirtuel.com\\\/information\\\/nicolas-sarkozy-artisan-invisible-du-rapprochement-entre-la-france-et-le-rwandaenquete-ai\\\/\"]}]},{\"@type\":\"ImageObject\",\"inLanguage\":\"fr-FR\",\"@id\":\"https:\\\/\\\/congovirtuel.com\\\/information\\\/nicolas-sarkozy-artisan-invisible-du-rapprochement-entre-la-france-et-le-rwandaenquete-ai\\\/#primaryimage\",\"url\":\"https:\\\/\\\/congovirtuel.com\\\/information\\\/wp-content\\\/uploads\\\/2021\\\/05\\\/Kagame_macron2-1200-x-700.jpg\",\"contentUrl\":\"https:\\\/\\\/congovirtuel.com\\\/information\\\/wp-content\\\/uploads\\\/2021\\\/05\\\/Kagame_macron2-1200-x-700.jpg\",\"width\":1200,\"height\":700},{\"@type\":\"BreadcrumbList\",\"@id\":\"https:\\\/\\\/congovirtuel.com\\\/information\\\/nicolas-sarkozy-artisan-invisible-du-rapprochement-entre-la-france-et-le-rwandaenquete-ai\\\/#breadcrumb\",\"itemListElement\":[{\"@type\":\"ListItem\",\"position\":1,\"name\":\"Accueil\",\"item\":\"https:\\\/\\\/congovirtuel.com\\\/information\\\/\"},{\"@type\":\"ListItem\",\"position\":2,\"name\":\"Nicolas Sarkozy,\u00a0\u00bb artisan invisible \u00a0\u00bb du rapprochement entre la France et le Rwanda(Enqu\u00eate AI)\"}]},{\"@type\":\"WebSite\",\"@id\":\"https:\\\/\\\/congovirtuel.com\\\/information\\\/#website\",\"url\":\"https:\\\/\\\/congovirtuel.com\\\/information\\\/\",\"name\":\"Actualit\u00e9s congolaises et internationales\",\"description\":\"site d&#039;analyse et de traitement d&#039;information\",\"publisher\":{\"@id\":\"https:\\\/\\\/congovirtuel.com\\\/information\\\/#organization\"},\"potentialAction\":[{\"@type\":\"SearchAction\",\"target\":{\"@type\":\"EntryPoint\",\"urlTemplate\":\"https:\\\/\\\/congovirtuel.com\\\/information\\\/?s={search_term_string}\"},\"query-input\":{\"@type\":\"PropertyValueSpecification\",\"valueRequired\":true,\"valueName\":\"search_term_string\"}}],\"inLanguage\":\"fr-FR\"},{\"@type\":\"Organization\",\"@id\":\"https:\\\/\\\/congovirtuel.com\\\/information\\\/#organization\",\"name\":\"Biblioth\u00e8que Virtuelle de la RDC\",\"url\":\"https:\\\/\\\/congovirtuel.com\\\/information\\\/\",\"logo\":{\"@type\":\"ImageObject\",\"inLanguage\":\"fr-FR\",\"@id\":\"https:\\\/\\\/congovirtuel.com\\\/information\\\/#\\\/schema\\\/logo\\\/image\\\/\",\"url\":\"https:\\\/\\\/congovirtuel.com\\\/information\\\/wp-content\\\/uploads\\\/2018\\\/10\\\/header-info-congovirtuel-vraie.jpg\",\"contentUrl\":\"https:\\\/\\\/congovirtuel.com\\\/information\\\/wp-content\\\/uploads\\\/2018\\\/10\\\/header-info-congovirtuel-vraie.jpg\",\"width\":728,\"height\":90,\"caption\":\"Biblioth\u00e8que Virtuelle de la RDC\"},\"image\":{\"@id\":\"https:\\\/\\\/congovirtuel.com\\\/information\\\/#\\\/schema\\\/logo\\\/image\\\/\"},\"sameAs\":[\"https:\\\/\\\/web.facebook.com\\\/Congovirtuel-763617960319601\\\/?ref=aymt_homepage_panel&amp;amp;amp;amp;amp;amp;amp;amp;amp;amp;amp;eid=ARCoxULa66767kIgF_KYav6VdjXTI4yk_LW4yoVO9s6NXpysgb7Cb65vpxcxgqzOAKvIbLQxaAETcqHT\",\"https:\\\/\\\/x.com\\\/congovirtuel\",\"https:\\\/\\\/www.youtube.com\\\/channel\\\/UCkFfprYzGgS3EWNpeMXpToQ?view_as=subscriber\"]},{\"@type\":\"Person\",\"@id\":\"https:\\\/\\\/congovirtuel.com\\\/information\\\/#\\\/schema\\\/person\\\/739a44bf7990966cb53d58d2fdeca0b6\",\"name\":\"infocongovirtuel\",\"image\":{\"@type\":\"ImageObject\",\"inLanguage\":\"fr-FR\",\"@id\":\"https:\\\/\\\/secure.gravatar.com\\\/avatar\\\/4d76991aa72469f0eb22e772586c99113c6997f88da636a9db8f2ce3a2c05e69?s=96&d=mm&r=g\",\"url\":\"https:\\\/\\\/secure.gravatar.com\\\/avatar\\\/4d76991aa72469f0eb22e772586c99113c6997f88da636a9db8f2ce3a2c05e69?s=96&d=mm&r=g\",\"contentUrl\":\"https:\\\/\\\/secure.gravatar.com\\\/avatar\\\/4d76991aa72469f0eb22e772586c99113c6997f88da636a9db8f2ce3a2c05e69?s=96&d=mm&r=g\",\"caption\":\"infocongovirtuel\"},\"url\":\"https:\\\/\\\/congovirtuel.com\\\/information\\\/author\\\/infocongovirtuel\\\/\"}]}<\/script>\n<!-- \/ Yoast SEO plugin. -->","yoast_head_json":{"title":"Nicolas Sarkozy,\" artisan invisible \" du rapprochement entre la France et le Rwanda(Enqu\u00eate AI) - Actualit\u00e9s congolaises et internationales","robots":{"index":"index","follow":"follow","max-snippet":"max-snippet:-1","max-image-preview":"max-image-preview:large","max-video-preview":"max-video-preview:-1"},"canonical":"https:\/\/congovirtuel.com\/information\/nicolas-sarkozy-artisan-invisible-du-rapprochement-entre-la-france-et-le-rwandaenquete-ai\/","og_locale":"fr_FR","og_type":"article","og_title":"Nicolas Sarkozy,\" artisan invisible \" du rapprochement entre la France et le Rwanda(Enqu\u00eate AI) - Actualit\u00e9s congolaises et internationales","og_description":"Si l&rsquo;ancien pr\u00e9sident fran\u00e7ais n&rsquo;a \u00e0 aucun moment \u00e9t\u00e9 l&rsquo;acteur direct de la normalisation finalis\u00e9e par Emmanuel Macron avec Kigali, il est rest\u00e9 tout au long du processus un observateur avis\u00e9 et consult\u00e9. Tr\u00e8s proche du pr\u00e9sident rwandais, Nicolas Sarkozy \u00e9tait encore \u00e0 Paris avec Paul Kagame quelques jours avant la venue du chef d&rsquo;Etat fran\u00e7ais au Rwanda.&nbsp; A Paris pour participer au sommet sur le financement des \u00e9conomies africaines qui se tenait le 18 mai, le pr\u00e9sident rwandais Paul Kagame a longuement re\u00e7u l&rsquo;ex-chef d&rsquo;Etat fran\u00e7ais Nicolas Sarkozy le&hellip;","og_url":"https:\/\/congovirtuel.com\/information\/nicolas-sarkozy-artisan-invisible-du-rapprochement-entre-la-france-et-le-rwandaenquete-ai\/","og_site_name":"Actualit\u00e9s congolaises et internationales","article_publisher":"https:\/\/web.facebook.com\/Congovirtuel-763617960319601\/?ref=aymt_homepage_panel&amp%3bamp%3bamp%3bamp%3bamp%3bamp%3bamp%3bamp%3bamp%3bamp%3bamp%3beid=ARCoxULa66767kIgF_KYav6VdjXTI4yk_LW4yoVO9s6NXpysgb7Cb65vpxcxgqzOAKvIbLQxaAETcqHT","article_published_time":"2021-06-13T10:53:53+00:00","article_modified_time":"2021-06-13T10:53:54+00:00","og_image":[{"width":1200,"height":700,"url":"https:\/\/congovirtuel.com\/information\/wp-content\/uploads\/2021\/05\/Kagame_macron2-1200-x-700.jpg","type":"image\/jpeg"}],"author":"infocongovirtuel","twitter_card":"summary_large_image","twitter_creator":"@congovirtuel","twitter_site":"@congovirtuel","twitter_misc":{"\u00c9crit par":"infocongovirtuel","Dur\u00e9e de lecture estim\u00e9e":"7 minutes"},"schema":{"@context":"https:\/\/schema.org","@graph":[{"@type":"Article","@id":"https:\/\/congovirtuel.com\/information\/nicolas-sarkozy-artisan-invisible-du-rapprochement-entre-la-france-et-le-rwandaenquete-ai\/#article","isPartOf":{"@id":"https:\/\/congovirtuel.com\/information\/nicolas-sarkozy-artisan-invisible-du-rapprochement-entre-la-france-et-le-rwandaenquete-ai\/"},"author":{"name":"infocongovirtuel","@id":"https:\/\/congovirtuel.com\/information\/#\/schema\/person\/739a44bf7990966cb53d58d2fdeca0b6"},"headline":"Nicolas Sarkozy,\u00a0\u00bb artisan invisible \u00a0\u00bb du rapprochement entre la France et le Rwanda(Enqu\u00eate AI)","datePublished":"2021-06-13T10:53:53+00:00","dateModified":"2021-06-13T10:53:54+00:00","mainEntityOfPage":{"@id":"https:\/\/congovirtuel.com\/information\/nicolas-sarkozy-artisan-invisible-du-rapprochement-entre-la-france-et-le-rwandaenquete-ai\/"},"wordCount":1672,"commentCount":0,"publisher":{"@id":"https:\/\/congovirtuel.com\/information\/#organization"},"image":{"@id":"https:\/\/congovirtuel.com\/information\/nicolas-sarkozy-artisan-invisible-du-rapprochement-entre-la-france-et-le-rwandaenquete-ai\/#primaryimage"},"thumbnailUrl":"https:\/\/congovirtuel.com\/information\/wp-content\/uploads\/2021\/05\/Kagame_macron2-1200-x-700.jpg","keywords":["Sarkozy et le Rwanda","Sarkozy soutien Kagame"],"articleSection":["France"],"inLanguage":"fr-FR","potentialAction":[{"@type":"CommentAction","name":"Comment","target":["https:\/\/congovirtuel.com\/information\/nicolas-sarkozy-artisan-invisible-du-rapprochement-entre-la-france-et-le-rwandaenquete-ai\/#respond"]}]},{"@type":"WebPage","@id":"https:\/\/congovirtuel.com\/information\/nicolas-sarkozy-artisan-invisible-du-rapprochement-entre-la-france-et-le-rwandaenquete-ai\/","url":"https:\/\/congovirtuel.com\/information\/nicolas-sarkozy-artisan-invisible-du-rapprochement-entre-la-france-et-le-rwandaenquete-ai\/","name":"Nicolas Sarkozy,\" artisan invisible \" du rapprochement entre la France et le Rwanda(Enqu\u00eate AI) - Actualit\u00e9s congolaises et internationales","isPartOf":{"@id":"https:\/\/congovirtuel.com\/information\/#website"},"primaryImageOfPage":{"@id":"https:\/\/congovirtuel.com\/information\/nicolas-sarkozy-artisan-invisible-du-rapprochement-entre-la-france-et-le-rwandaenquete-ai\/#primaryimage"},"image":{"@id":"https:\/\/congovirtuel.com\/information\/nicolas-sarkozy-artisan-invisible-du-rapprochement-entre-la-france-et-le-rwandaenquete-ai\/#primaryimage"},"thumbnailUrl":"https:\/\/congovirtuel.com\/information\/wp-content\/uploads\/2021\/05\/Kagame_macron2-1200-x-700.jpg","datePublished":"2021-06-13T10:53:53+00:00","dateModified":"2021-06-13T10:53:54+00:00","breadcrumb":{"@id":"https:\/\/congovirtuel.com\/information\/nicolas-sarkozy-artisan-invisible-du-rapprochement-entre-la-france-et-le-rwandaenquete-ai\/#breadcrumb"},"inLanguage":"fr-FR","potentialAction":[{"@type":"ReadAction","target":["https:\/\/congovirtuel.com\/information\/nicolas-sarkozy-artisan-invisible-du-rapprochement-entre-la-france-et-le-rwandaenquete-ai\/"]}]},{"@type":"ImageObject","inLanguage":"fr-FR","@id":"https:\/\/congovirtuel.com\/information\/nicolas-sarkozy-artisan-invisible-du-rapprochement-entre-la-france-et-le-rwandaenquete-ai\/#primaryimage","url":"https:\/\/congovirtuel.com\/information\/wp-content\/uploads\/2021\/05\/Kagame_macron2-1200-x-700.jpg","contentUrl":"https:\/\/congovirtuel.com\/information\/wp-content\/uploads\/2021\/05\/Kagame_macron2-1200-x-700.jpg","width":1200,"height":700},{"@type":"BreadcrumbList","@id":"https:\/\/congovirtuel.com\/information\/nicolas-sarkozy-artisan-invisible-du-rapprochement-entre-la-france-et-le-rwandaenquete-ai\/#breadcrumb","itemListElement":[{"@type":"ListItem","position":1,"name":"Accueil","item":"https:\/\/congovirtuel.com\/information\/"},{"@type":"ListItem","position":2,"name":"Nicolas Sarkozy,\u00a0\u00bb artisan invisible \u00a0\u00bb du rapprochement entre la France et le Rwanda(Enqu\u00eate AI)"}]},{"@type":"WebSite","@id":"https:\/\/congovirtuel.com\/information\/#website","url":"https:\/\/congovirtuel.com\/information\/","name":"Actualit\u00e9s congolaises et internationales","description":"site d&#039;analyse et de traitement d&#039;information","publisher":{"@id":"https:\/\/congovirtuel.com\/information\/#organization"},"potentialAction":[{"@type":"SearchAction","target":{"@type":"EntryPoint","urlTemplate":"https:\/\/congovirtuel.com\/information\/?s={search_term_string}"},"query-input":{"@type":"PropertyValueSpecification","valueRequired":true,"valueName":"search_term_string"}}],"inLanguage":"fr-FR"},{"@type":"Organization","@id":"https:\/\/congovirtuel.com\/information\/#organization","name":"Biblioth\u00e8que Virtuelle de la RDC","url":"https:\/\/congovirtuel.com\/information\/","logo":{"@type":"ImageObject","inLanguage":"fr-FR","@id":"https:\/\/congovirtuel.com\/information\/#\/schema\/logo\/image\/","url":"https:\/\/congovirtuel.com\/information\/wp-content\/uploads\/2018\/10\/header-info-congovirtuel-vraie.jpg","contentUrl":"https:\/\/congovirtuel.com\/information\/wp-content\/uploads\/2018\/10\/header-info-congovirtuel-vraie.jpg","width":728,"height":90,"caption":"Biblioth\u00e8que Virtuelle de la RDC"},"image":{"@id":"https:\/\/congovirtuel.com\/information\/#\/schema\/logo\/image\/"},"sameAs":["https:\/\/web.facebook.com\/Congovirtuel-763617960319601\/?ref=aymt_homepage_panel&amp;amp;amp;amp;amp;amp;amp;amp;amp;amp;amp;eid=ARCoxULa66767kIgF_KYav6VdjXTI4yk_LW4yoVO9s6NXpysgb7Cb65vpxcxgqzOAKvIbLQxaAETcqHT","https:\/\/x.com\/congovirtuel","https:\/\/www.youtube.com\/channel\/UCkFfprYzGgS3EWNpeMXpToQ?view_as=subscriber"]},{"@type":"Person","@id":"https:\/\/congovirtuel.com\/information\/#\/schema\/person\/739a44bf7990966cb53d58d2fdeca0b6","name":"infocongovirtuel","image":{"@type":"ImageObject","inLanguage":"fr-FR","@id":"https:\/\/secure.gravatar.com\/avatar\/4d76991aa72469f0eb22e772586c99113c6997f88da636a9db8f2ce3a2c05e69?s=96&d=mm&r=g","url":"https:\/\/secure.gravatar.com\/avatar\/4d76991aa72469f0eb22e772586c99113c6997f88da636a9db8f2ce3a2c05e69?s=96&d=mm&r=g","contentUrl":"https:\/\/secure.gravatar.com\/avatar\/4d76991aa72469f0eb22e772586c99113c6997f88da636a9db8f2ce3a2c05e69?s=96&d=mm&r=g","caption":"infocongovirtuel"},"url":"https:\/\/congovirtuel.com\/information\/author\/infocongovirtuel\/"}]}},"gt_translate_keys":[{"key":"link","format":"url"}],"_links":{"self":[{"href":"https:\/\/congovirtuel.com\/information\/wp-json\/wp\/v2\/posts\/10527","targetHints":{"allow":["GET"]}}],"collection":[{"href":"https:\/\/congovirtuel.com\/information\/wp-json\/wp\/v2\/posts"}],"about":[{"href":"https:\/\/congovirtuel.com\/information\/wp-json\/wp\/v2\/types\/post"}],"author":[{"embeddable":true,"href":"https:\/\/congovirtuel.com\/information\/wp-json\/wp\/v2\/users\/1"}],"replies":[{"embeddable":true,"href":"https:\/\/congovirtuel.com\/information\/wp-json\/wp\/v2\/comments?post=10527"}],"version-history":[{"count":1,"href":"https:\/\/congovirtuel.com\/information\/wp-json\/wp\/v2\/posts\/10527\/revisions"}],"predecessor-version":[{"id":10529,"href":"https:\/\/congovirtuel.com\/information\/wp-json\/wp\/v2\/posts\/10527\/revisions\/10529"}],"wp:featuredmedia":[{"embeddable":true,"href":"https:\/\/congovirtuel.com\/information\/wp-json\/wp\/v2\/media\/9380"}],"wp:attachment":[{"href":"https:\/\/congovirtuel.com\/information\/wp-json\/wp\/v2\/media?parent=10527"}],"wp:term":[{"taxonomy":"category","embeddable":true,"href":"https:\/\/congovirtuel.com\/information\/wp-json\/wp\/v2\/categories?post=10527"},{"taxonomy":"post_tag","embeddable":true,"href":"https:\/\/congovirtuel.com\/information\/wp-json\/wp\/v2\/tags?post=10527"}],"curies":[{"name":"wp","href":"https:\/\/api.w.org\/{rel}","templated":true}]}}