{"id":10532,"date":"2021-06-13T15:39:59","date_gmt":"2021-06-13T14:39:59","guid":{"rendered":"https:\/\/congovirtuel.com\/information\/?p=10532"},"modified":"2021-06-13T15:40:03","modified_gmt":"2021-06-13T14:40:03","slug":"rdc-depuis-goma-f-tshisekedi-annonce-son-arrivee-en-ituri-et-beni-pour-evaluer-letat-de-siege","status":"publish","type":"post","link":"https:\/\/congovirtuel.com\/information\/rdc-depuis-goma-f-tshisekedi-annonce-son-arrivee-en-ituri-et-beni-pour-evaluer-letat-de-siege\/","title":{"rendered":"RDC: Depuis Goma, F.  Tshisekedi annonce son arriv\u00e9e en Ituri et Beni pour \u00e9valuer l\u2019\u00e9tat de si\u00e8ge","gt_translate_keys":[{"key":"rendered","format":"text"}]},"content":{"rendered":"\n<p class=\"wp-block-paragraph\">F\u00e9lix Tshisekedi est \u00e0 Goma pour, a t-il dit dit, piloter la gestion du drame li\u00e9 \u00e0 l\u2019\u00e9ruption volcanique.<\/p>\n\n\n\n<p class=\"wp-block-paragraph\">\u00ab&nbsp;Nous sommes au stade du retour, c\u2019\u00e9tait important d\u2019\u00eatre l\u00e0. Il faut dire \u00e0 cette population que l\u2019Etat ne les abandonnera jamais. Nous sommes venus les \u00e9couter et essayer de voir quels sont les probl\u00e8mes.&nbsp;\u00bb&nbsp;<\/p>\n\n\n\n<p class=\"wp-block-paragraph\">Sa mission est \u00e9galement s\u00e9curitaire. \u00ab&nbsp;C\u2019\u00e9tait n\u00e9cessaire de faire l\u2019\u00e9valuation de l\u2019Etat de si\u00e8ge. J\u2019irai en Ituri pour me faire une id\u00e9e des avanc\u00e9es, des r\u00e9sultats obtenus et voir les orientations \u00e0 prendre. En r\u00e8gle g\u00e9n\u00e9rale, c\u2019est un satisfecit. Je n\u2019ai pas encore les rapports de deux gouverneurs pour davantage prendre d\u2019autres d\u00e9cisions&nbsp;\u00bb.&nbsp;<\/p>\n\n\n\n<p class=\"wp-block-paragraph\">Il se rendra \u00e9galement \u00e0 Beni puis \u00e0 Kasindi o\u00f9. il compte rencontrer le Pr\u00e9sident Ougandais, Yuwerie Museveni. Le chef de l\u2019Etat est \u00e0 Goma depuis samedi et restera dans la r\u00e9gion pendant une dizaine de jours.<\/p>\n\n\n\n<p class=\"wp-block-paragraph\">Avec actualit\u00e9.cd<\/p>\n","protected":false,"gt_translate_keys":[{"key":"rendered","format":"html"}]},"excerpt":{"rendered":"<p>F\u00e9lix Tshisekedi est \u00e0 Goma pour, a t-il dit dit, piloter la gestion du drame li\u00e9 \u00e0 l\u2019\u00e9ruption volcanique. \u00ab&nbsp;Nous sommes au stade du retour, c\u2019\u00e9tait important d\u2019\u00eatre l\u00e0. Il faut dire \u00e0 cette population que l\u2019Etat ne les abandonnera jamais. Nous sommes venus les \u00e9couter et essayer de voir quels sont les probl\u00e8mes.&nbsp;\u00bb&nbsp; Sa mission est \u00e9galement s\u00e9curitaire. \u00ab&nbsp;C\u2019\u00e9tait n\u00e9cessaire de faire l\u2019\u00e9valuation de l\u2019Etat de si\u00e8ge. J\u2019irai en Ituri pour me faire une id\u00e9e des avanc\u00e9es, des r\u00e9sultats obtenus et voir les orientations \u00e0 prendre. En r\u00e8gle g\u00e9n\u00e9rale,&hellip;<\/p>\n","protected":false,"gt_translate_keys":[{"key":"rendered","format":"html"}]},"author":1,"featured_media":8491,"comment_status":"open","ping_status":"open","sticky":false,"template":"","format":"standard","meta":{"_crdt_document":"","footnotes":""},"categories":[285],"tags":[8880,8865,8879],"class_list":["post-10532","post","type-post","status-publish","format-standard","has-post-thumbnail","hentry","category-presidence","tag-tshisekedi-a-beni-2021","tag-tshisekedi-a-goma-2021","tag-tshisekedi-en-ituri"],"gutentor_comment":0,"yoast_head":"<!-- This site is optimized with the Yoast SEO plugin v27.5 - https:\/\/yoast.com\/product\/yoast-seo-wordpress\/ -->\n<title>RDC: Depuis Goma, F. Tshisekedi annonce son arriv\u00e9e en Ituri et Beni pour \u00e9valuer l\u2019\u00e9tat de si\u00e8ge - Actualit\u00e9s congolaises et internationales<\/title>\n<meta name=\"robots\" content=\"index, follow, max-snippet:-1, max-image-preview:large, max-video-preview:-1\" \/>\n<link rel=\"canonical\" href=\"https:\/\/congovirtuel.com\/information\/rdc-depuis-goma-f-tshisekedi-annonce-son-arrivee-en-ituri-et-beni-pour-evaluer-letat-de-siege\/\" \/>\n<meta property=\"og:locale\" content=\"fr_FR\" \/>\n<meta property=\"og:type\" content=\"article\" \/>\n<meta property=\"og:title\" content=\"RDC: Depuis Goma, F. Tshisekedi annonce son arriv\u00e9e en Ituri et Beni pour \u00e9valuer l\u2019\u00e9tat de si\u00e8ge - Actualit\u00e9s congolaises et internationales\" \/>\n<meta property=\"og:description\" content=\"F\u00e9lix Tshisekedi est \u00e0 Goma pour, a t-il dit dit, piloter la gestion du drame li\u00e9 \u00e0 l\u2019\u00e9ruption volcanique. \u00ab&nbsp;Nous sommes au stade du retour, c\u2019\u00e9tait important d\u2019\u00eatre l\u00e0. Il faut dire \u00e0 cette population que l\u2019Etat ne les abandonnera jamais. Nous sommes venus les \u00e9couter et essayer de voir quels sont les probl\u00e8mes.&nbsp;\u00bb&nbsp; Sa mission est \u00e9galement s\u00e9curitaire. \u00ab&nbsp;C\u2019\u00e9tait n\u00e9cessaire de faire l\u2019\u00e9valuation de l\u2019Etat de si\u00e8ge. J\u2019irai en Ituri pour me faire une id\u00e9e des avanc\u00e9es, des r\u00e9sultats obtenus et voir les orientations \u00e0 prendre. En r\u00e8gle g\u00e9n\u00e9rale,&hellip;\" \/>\n<meta property=\"og:url\" content=\"https:\/\/congovirtuel.com\/information\/rdc-depuis-goma-f-tshisekedi-annonce-son-arrivee-en-ituri-et-beni-pour-evaluer-letat-de-siege\/\" \/>\n<meta property=\"og:site_name\" content=\"Actualit\u00e9s congolaises et internationales\" \/>\n<meta property=\"article:publisher\" content=\"https:\/\/web.facebook.com\/Congovirtuel-763617960319601\/?ref=aymt_homepage_panel&amp;amp%3bamp%3bamp%3bamp%3bamp%3bamp%3bamp%3bamp%3bamp%3bamp%3bamp%3beid=ARCoxULa66767kIgF_KYav6VdjXTI4yk_LW4yoVO9s6NXpysgb7Cb65vpxcxgqzOAKvIbLQxaAETcqHT\" \/>\n<meta property=\"article:published_time\" content=\"2021-06-13T14:39:59+00:00\" \/>\n<meta property=\"article:modified_time\" content=\"2021-06-13T14:40:03+00:00\" \/>\n<meta property=\"og:image\" content=\"https:\/\/congovirtuel.com\/information\/wp-content\/uploads\/2021\/05\/FARDC.jpg\" \/>\n\t<meta property=\"og:image:width\" content=\"720\" \/>\n\t<meta property=\"og:image:height\" content=\"481\" \/>\n\t<meta property=\"og:image:type\" content=\"image\/jpeg\" \/>\n<meta name=\"author\" content=\"infocongovirtuel\" \/>\n<meta name=\"twitter:card\" content=\"summary_large_image\" \/>\n<meta name=\"twitter:creator\" content=\"@congovirtuel\" \/>\n<meta name=\"twitter:site\" content=\"@congovirtuel\" \/>\n<meta name=\"twitter:label1\" content=\"\u00c9crit par\" \/>\n\t<meta name=\"twitter:data1\" content=\"infocongovirtuel\" \/>\n\t<meta name=\"twitter:label2\" content=\"Dur\u00e9e de lecture estim\u00e9e\" \/>\n\t<meta name=\"twitter:data2\" content=\"1 minute\" \/>\n<script type=\"application\/ld+json\" class=\"yoast-schema-graph\">{\"@context\":\"https:\\\/\\\/schema.org\",\"@graph\":[{\"@type\":\"Article\",\"@id\":\"https:\\\/\\\/congovirtuel.com\\\/information\\\/rdc-depuis-goma-f-tshisekedi-annonce-son-arrivee-en-ituri-et-beni-pour-evaluer-letat-de-siege\\\/#article\",\"isPartOf\":{\"@id\":\"https:\\\/\\\/congovirtuel.com\\\/information\\\/rdc-depuis-goma-f-tshisekedi-annonce-son-arrivee-en-ituri-et-beni-pour-evaluer-letat-de-siege\\\/\"},\"author\":{\"name\":\"infocongovirtuel\",\"@id\":\"https:\\\/\\\/congovirtuel.com\\\/information\\\/#\\\/schema\\\/person\\\/739a44bf7990966cb53d58d2fdeca0b6\"},\"headline\":\"RDC: Depuis Goma, F. Tshisekedi annonce son arriv\u00e9e en Ituri et Beni pour \u00e9valuer l\u2019\u00e9tat de si\u00e8ge\",\"datePublished\":\"2021-06-13T14:39:59+00:00\",\"dateModified\":\"2021-06-13T14:40:03+00:00\",\"mainEntityOfPage\":{\"@id\":\"https:\\\/\\\/congovirtuel.com\\\/information\\\/rdc-depuis-goma-f-tshisekedi-annonce-son-arrivee-en-ituri-et-beni-pour-evaluer-letat-de-siege\\\/\"},\"wordCount\":192,\"commentCount\":0,\"publisher\":{\"@id\":\"https:\\\/\\\/congovirtuel.com\\\/information\\\/#organization\"},\"image\":{\"@id\":\"https:\\\/\\\/congovirtuel.com\\\/information\\\/rdc-depuis-goma-f-tshisekedi-annonce-son-arrivee-en-ituri-et-beni-pour-evaluer-letat-de-siege\\\/#primaryimage\"},\"thumbnailUrl\":\"https:\\\/\\\/congovirtuel.com\\\/information\\\/wp-content\\\/uploads\\\/2021\\\/05\\\/FARDC.jpg\",\"keywords\":[\"Tshisekedi \u00e0 B\u00e9ni 2021\",\"Tshisekedi \u00e0 Goma 2021\",\"Tshisekedi en Ituri\"],\"articleSection\":[\"Pr\u00e9sidence\"],\"inLanguage\":\"fr-FR\",\"potentialAction\":[{\"@type\":\"CommentAction\",\"name\":\"Comment\",\"target\":[\"https:\\\/\\\/congovirtuel.com\\\/information\\\/rdc-depuis-goma-f-tshisekedi-annonce-son-arrivee-en-ituri-et-beni-pour-evaluer-letat-de-siege\\\/#respond\"]}]},{\"@type\":\"WebPage\",\"@id\":\"https:\\\/\\\/congovirtuel.com\\\/information\\\/rdc-depuis-goma-f-tshisekedi-annonce-son-arrivee-en-ituri-et-beni-pour-evaluer-letat-de-siege\\\/\",\"url\":\"https:\\\/\\\/congovirtuel.com\\\/information\\\/rdc-depuis-goma-f-tshisekedi-annonce-son-arrivee-en-ituri-et-beni-pour-evaluer-letat-de-siege\\\/\",\"name\":\"RDC: Depuis Goma, F. Tshisekedi annonce son arriv\u00e9e en Ituri et Beni pour \u00e9valuer l\u2019\u00e9tat de si\u00e8ge - Actualit\u00e9s congolaises et internationales\",\"isPartOf\":{\"@id\":\"https:\\\/\\\/congovirtuel.com\\\/information\\\/#website\"},\"primaryImageOfPage\":{\"@id\":\"https:\\\/\\\/congovirtuel.com\\\/information\\\/rdc-depuis-goma-f-tshisekedi-annonce-son-arrivee-en-ituri-et-beni-pour-evaluer-letat-de-siege\\\/#primaryimage\"},\"image\":{\"@id\":\"https:\\\/\\\/congovirtuel.com\\\/information\\\/rdc-depuis-goma-f-tshisekedi-annonce-son-arrivee-en-ituri-et-beni-pour-evaluer-letat-de-siege\\\/#primaryimage\"},\"thumbnailUrl\":\"https:\\\/\\\/congovirtuel.com\\\/information\\\/wp-content\\\/uploads\\\/2021\\\/05\\\/FARDC.jpg\",\"datePublished\":\"2021-06-13T14:39:59+00:00\",\"dateModified\":\"2021-06-13T14:40:03+00:00\",\"breadcrumb\":{\"@id\":\"https:\\\/\\\/congovirtuel.com\\\/information\\\/rdc-depuis-goma-f-tshisekedi-annonce-son-arrivee-en-ituri-et-beni-pour-evaluer-letat-de-siege\\\/#breadcrumb\"},\"inLanguage\":\"fr-FR\",\"potentialAction\":[{\"@type\":\"ReadAction\",\"target\":[\"https:\\\/\\\/congovirtuel.com\\\/information\\\/rdc-depuis-goma-f-tshisekedi-annonce-son-arrivee-en-ituri-et-beni-pour-evaluer-letat-de-siege\\\/\"]}]},{\"@type\":\"ImageObject\",\"inLanguage\":\"fr-FR\",\"@id\":\"https:\\\/\\\/congovirtuel.com\\\/information\\\/rdc-depuis-goma-f-tshisekedi-annonce-son-arrivee-en-ituri-et-beni-pour-evaluer-letat-de-siege\\\/#primaryimage\",\"url\":\"https:\\\/\\\/congovirtuel.com\\\/information\\\/wp-content\\\/uploads\\\/2021\\\/05\\\/FARDC.jpg\",\"contentUrl\":\"https:\\\/\\\/congovirtuel.com\\\/information\\\/wp-content\\\/uploads\\\/2021\\\/05\\\/FARDC.jpg\",\"width\":720,\"height\":481},{\"@type\":\"BreadcrumbList\",\"@id\":\"https:\\\/\\\/congovirtuel.com\\\/information\\\/rdc-depuis-goma-f-tshisekedi-annonce-son-arrivee-en-ituri-et-beni-pour-evaluer-letat-de-siege\\\/#breadcrumb\",\"itemListElement\":[{\"@type\":\"ListItem\",\"position\":1,\"name\":\"Accueil\",\"item\":\"https:\\\/\\\/congovirtuel.com\\\/information\\\/\"},{\"@type\":\"ListItem\",\"position\":2,\"name\":\"RDC: Depuis Goma, F. Tshisekedi annonce son arriv\u00e9e en Ituri et Beni pour \u00e9valuer l\u2019\u00e9tat de si\u00e8ge\"}]},{\"@type\":\"WebSite\",\"@id\":\"https:\\\/\\\/congovirtuel.com\\\/information\\\/#website\",\"url\":\"https:\\\/\\\/congovirtuel.com\\\/information\\\/\",\"name\":\"Actualit\u00e9s congolaises et internationales\",\"description\":\"site d&#039;analyse et de traitement d&#039;information\",\"publisher\":{\"@id\":\"https:\\\/\\\/congovirtuel.com\\\/information\\\/#organization\"},\"potentialAction\":[{\"@type\":\"SearchAction\",\"target\":{\"@type\":\"EntryPoint\",\"urlTemplate\":\"https:\\\/\\\/congovirtuel.com\\\/information\\\/?s={search_term_string}\"},\"query-input\":{\"@type\":\"PropertyValueSpecification\",\"valueRequired\":true,\"valueName\":\"search_term_string\"}}],\"inLanguage\":\"fr-FR\"},{\"@type\":\"Organization\",\"@id\":\"https:\\\/\\\/congovirtuel.com\\\/information\\\/#organization\",\"name\":\"Biblioth\u00e8que Virtuelle de la RDC\",\"url\":\"https:\\\/\\\/congovirtuel.com\\\/information\\\/\",\"logo\":{\"@type\":\"ImageObject\",\"inLanguage\":\"fr-FR\",\"@id\":\"https:\\\/\\\/congovirtuel.com\\\/information\\\/#\\\/schema\\\/logo\\\/image\\\/\",\"url\":\"https:\\\/\\\/congovirtuel.com\\\/information\\\/wp-content\\\/uploads\\\/2018\\\/10\\\/header-info-congovirtuel-vraie.jpg\",\"contentUrl\":\"https:\\\/\\\/congovirtuel.com\\\/information\\\/wp-content\\\/uploads\\\/2018\\\/10\\\/header-info-congovirtuel-vraie.jpg\",\"width\":728,\"height\":90,\"caption\":\"Biblioth\u00e8que Virtuelle de la RDC\"},\"image\":{\"@id\":\"https:\\\/\\\/congovirtuel.com\\\/information\\\/#\\\/schema\\\/logo\\\/image\\\/\"},\"sameAs\":[\"https:\\\/\\\/web.facebook.com\\\/Congovirtuel-763617960319601\\\/?ref=aymt_homepage_panel&amp;amp;amp;amp;amp;amp;amp;amp;amp;amp;amp;eid=ARCoxULa66767kIgF_KYav6VdjXTI4yk_LW4yoVO9s6NXpysgb7Cb65vpxcxgqzOAKvIbLQxaAETcqHT\",\"https:\\\/\\\/x.com\\\/congovirtuel\",\"https:\\\/\\\/www.youtube.com\\\/channel\\\/UCkFfprYzGgS3EWNpeMXpToQ?view_as=subscriber\"]},{\"@type\":\"Person\",\"@id\":\"https:\\\/\\\/congovirtuel.com\\\/information\\\/#\\\/schema\\\/person\\\/739a44bf7990966cb53d58d2fdeca0b6\",\"name\":\"infocongovirtuel\",\"image\":{\"@type\":\"ImageObject\",\"inLanguage\":\"fr-FR\",\"@id\":\"https:\\\/\\\/secure.gravatar.com\\\/avatar\\\/4d76991aa72469f0eb22e772586c99113c6997f88da636a9db8f2ce3a2c05e69?s=96&d=mm&r=g\",\"url\":\"https:\\\/\\\/secure.gravatar.com\\\/avatar\\\/4d76991aa72469f0eb22e772586c99113c6997f88da636a9db8f2ce3a2c05e69?s=96&d=mm&r=g\",\"contentUrl\":\"https:\\\/\\\/secure.gravatar.com\\\/avatar\\\/4d76991aa72469f0eb22e772586c99113c6997f88da636a9db8f2ce3a2c05e69?s=96&d=mm&r=g\",\"caption\":\"infocongovirtuel\"},\"url\":\"https:\\\/\\\/congovirtuel.com\\\/information\\\/author\\\/infocongovirtuel\\\/\"}]}<\/script>\n<!-- \/ Yoast SEO plugin. -->","yoast_head_json":{"title":"RDC: Depuis Goma, F. Tshisekedi annonce son arriv\u00e9e en Ituri et Beni pour \u00e9valuer l\u2019\u00e9tat de si\u00e8ge - Actualit\u00e9s congolaises et internationales","robots":{"index":"index","follow":"follow","max-snippet":"max-snippet:-1","max-image-preview":"max-image-preview:large","max-video-preview":"max-video-preview:-1"},"canonical":"https:\/\/congovirtuel.com\/information\/rdc-depuis-goma-f-tshisekedi-annonce-son-arrivee-en-ituri-et-beni-pour-evaluer-letat-de-siege\/","og_locale":"fr_FR","og_type":"article","og_title":"RDC: Depuis Goma, F. Tshisekedi annonce son arriv\u00e9e en Ituri et Beni pour \u00e9valuer l\u2019\u00e9tat de si\u00e8ge - Actualit\u00e9s congolaises et internationales","og_description":"F\u00e9lix Tshisekedi est \u00e0 Goma pour, a t-il dit dit, piloter la gestion du drame li\u00e9 \u00e0 l\u2019\u00e9ruption volcanique. \u00ab&nbsp;Nous sommes au stade du retour, c\u2019\u00e9tait important d\u2019\u00eatre l\u00e0. Il faut dire \u00e0 cette population que l\u2019Etat ne les abandonnera jamais. Nous sommes venus les \u00e9couter et essayer de voir quels sont les probl\u00e8mes.&nbsp;\u00bb&nbsp; Sa mission est \u00e9galement s\u00e9curitaire. \u00ab&nbsp;C\u2019\u00e9tait n\u00e9cessaire de faire l\u2019\u00e9valuation de l\u2019Etat de si\u00e8ge. J\u2019irai en Ituri pour me faire une id\u00e9e des avanc\u00e9es, des r\u00e9sultats obtenus et voir les orientations \u00e0 prendre. En r\u00e8gle g\u00e9n\u00e9rale,&hellip;","og_url":"https:\/\/congovirtuel.com\/information\/rdc-depuis-goma-f-tshisekedi-annonce-son-arrivee-en-ituri-et-beni-pour-evaluer-letat-de-siege\/","og_site_name":"Actualit\u00e9s congolaises et internationales","article_publisher":"https:\/\/web.facebook.com\/Congovirtuel-763617960319601\/?ref=aymt_homepage_panel&amp%3bamp%3bamp%3bamp%3bamp%3bamp%3bamp%3bamp%3bamp%3bamp%3bamp%3beid=ARCoxULa66767kIgF_KYav6VdjXTI4yk_LW4yoVO9s6NXpysgb7Cb65vpxcxgqzOAKvIbLQxaAETcqHT","article_published_time":"2021-06-13T14:39:59+00:00","article_modified_time":"2021-06-13T14:40:03+00:00","og_image":[{"width":720,"height":481,"url":"https:\/\/congovirtuel.com\/information\/wp-content\/uploads\/2021\/05\/FARDC.jpg","type":"image\/jpeg"}],"author":"infocongovirtuel","twitter_card":"summary_large_image","twitter_creator":"@congovirtuel","twitter_site":"@congovirtuel","twitter_misc":{"\u00c9crit par":"infocongovirtuel","Dur\u00e9e de lecture estim\u00e9e":"1 minute"},"schema":{"@context":"https:\/\/schema.org","@graph":[{"@type":"Article","@id":"https:\/\/congovirtuel.com\/information\/rdc-depuis-goma-f-tshisekedi-annonce-son-arrivee-en-ituri-et-beni-pour-evaluer-letat-de-siege\/#article","isPartOf":{"@id":"https:\/\/congovirtuel.com\/information\/rdc-depuis-goma-f-tshisekedi-annonce-son-arrivee-en-ituri-et-beni-pour-evaluer-letat-de-siege\/"},"author":{"name":"infocongovirtuel","@id":"https:\/\/congovirtuel.com\/information\/#\/schema\/person\/739a44bf7990966cb53d58d2fdeca0b6"},"headline":"RDC: Depuis Goma, F. Tshisekedi annonce son arriv\u00e9e en Ituri et Beni pour \u00e9valuer l\u2019\u00e9tat de si\u00e8ge","datePublished":"2021-06-13T14:39:59+00:00","dateModified":"2021-06-13T14:40:03+00:00","mainEntityOfPage":{"@id":"https:\/\/congovirtuel.com\/information\/rdc-depuis-goma-f-tshisekedi-annonce-son-arrivee-en-ituri-et-beni-pour-evaluer-letat-de-siege\/"},"wordCount":192,"commentCount":0,"publisher":{"@id":"https:\/\/congovirtuel.com\/information\/#organization"},"image":{"@id":"https:\/\/congovirtuel.com\/information\/rdc-depuis-goma-f-tshisekedi-annonce-son-arrivee-en-ituri-et-beni-pour-evaluer-letat-de-siege\/#primaryimage"},"thumbnailUrl":"https:\/\/congovirtuel.com\/information\/wp-content\/uploads\/2021\/05\/FARDC.jpg","keywords":["Tshisekedi \u00e0 B\u00e9ni 2021","Tshisekedi \u00e0 Goma 2021","Tshisekedi en Ituri"],"articleSection":["Pr\u00e9sidence"],"inLanguage":"fr-FR","potentialAction":[{"@type":"CommentAction","name":"Comment","target":["https:\/\/congovirtuel.com\/information\/rdc-depuis-goma-f-tshisekedi-annonce-son-arrivee-en-ituri-et-beni-pour-evaluer-letat-de-siege\/#respond"]}]},{"@type":"WebPage","@id":"https:\/\/congovirtuel.com\/information\/rdc-depuis-goma-f-tshisekedi-annonce-son-arrivee-en-ituri-et-beni-pour-evaluer-letat-de-siege\/","url":"https:\/\/congovirtuel.com\/information\/rdc-depuis-goma-f-tshisekedi-annonce-son-arrivee-en-ituri-et-beni-pour-evaluer-letat-de-siege\/","name":"RDC: Depuis Goma, F. Tshisekedi annonce son arriv\u00e9e en Ituri et Beni pour \u00e9valuer l\u2019\u00e9tat de si\u00e8ge - Actualit\u00e9s congolaises et internationales","isPartOf":{"@id":"https:\/\/congovirtuel.com\/information\/#website"},"primaryImageOfPage":{"@id":"https:\/\/congovirtuel.com\/information\/rdc-depuis-goma-f-tshisekedi-annonce-son-arrivee-en-ituri-et-beni-pour-evaluer-letat-de-siege\/#primaryimage"},"image":{"@id":"https:\/\/congovirtuel.com\/information\/rdc-depuis-goma-f-tshisekedi-annonce-son-arrivee-en-ituri-et-beni-pour-evaluer-letat-de-siege\/#primaryimage"},"thumbnailUrl":"https:\/\/congovirtuel.com\/information\/wp-content\/uploads\/2021\/05\/FARDC.jpg","datePublished":"2021-06-13T14:39:59+00:00","dateModified":"2021-06-13T14:40:03+00:00","breadcrumb":{"@id":"https:\/\/congovirtuel.com\/information\/rdc-depuis-goma-f-tshisekedi-annonce-son-arrivee-en-ituri-et-beni-pour-evaluer-letat-de-siege\/#breadcrumb"},"inLanguage":"fr-FR","potentialAction":[{"@type":"ReadAction","target":["https:\/\/congovirtuel.com\/information\/rdc-depuis-goma-f-tshisekedi-annonce-son-arrivee-en-ituri-et-beni-pour-evaluer-letat-de-siege\/"]}]},{"@type":"ImageObject","inLanguage":"fr-FR","@id":"https:\/\/congovirtuel.com\/information\/rdc-depuis-goma-f-tshisekedi-annonce-son-arrivee-en-ituri-et-beni-pour-evaluer-letat-de-siege\/#primaryimage","url":"https:\/\/congovirtuel.com\/information\/wp-content\/uploads\/2021\/05\/FARDC.jpg","contentUrl":"https:\/\/congovirtuel.com\/information\/wp-content\/uploads\/2021\/05\/FARDC.jpg","width":720,"height":481},{"@type":"BreadcrumbList","@id":"https:\/\/congovirtuel.com\/information\/rdc-depuis-goma-f-tshisekedi-annonce-son-arrivee-en-ituri-et-beni-pour-evaluer-letat-de-siege\/#breadcrumb","itemListElement":[{"@type":"ListItem","position":1,"name":"Accueil","item":"https:\/\/congovirtuel.com\/information\/"},{"@type":"ListItem","position":2,"name":"RDC: Depuis Goma, F. Tshisekedi annonce son arriv\u00e9e en Ituri et Beni pour \u00e9valuer l\u2019\u00e9tat de si\u00e8ge"}]},{"@type":"WebSite","@id":"https:\/\/congovirtuel.com\/information\/#website","url":"https:\/\/congovirtuel.com\/information\/","name":"Actualit\u00e9s congolaises et internationales","description":"site d&#039;analyse et de traitement d&#039;information","publisher":{"@id":"https:\/\/congovirtuel.com\/information\/#organization"},"potentialAction":[{"@type":"SearchAction","target":{"@type":"EntryPoint","urlTemplate":"https:\/\/congovirtuel.com\/information\/?s={search_term_string}"},"query-input":{"@type":"PropertyValueSpecification","valueRequired":true,"valueName":"search_term_string"}}],"inLanguage":"fr-FR"},{"@type":"Organization","@id":"https:\/\/congovirtuel.com\/information\/#organization","name":"Biblioth\u00e8que Virtuelle de la RDC","url":"https:\/\/congovirtuel.com\/information\/","logo":{"@type":"ImageObject","inLanguage":"fr-FR","@id":"https:\/\/congovirtuel.com\/information\/#\/schema\/logo\/image\/","url":"https:\/\/congovirtuel.com\/information\/wp-content\/uploads\/2018\/10\/header-info-congovirtuel-vraie.jpg","contentUrl":"https:\/\/congovirtuel.com\/information\/wp-content\/uploads\/2018\/10\/header-info-congovirtuel-vraie.jpg","width":728,"height":90,"caption":"Biblioth\u00e8que Virtuelle de la RDC"},"image":{"@id":"https:\/\/congovirtuel.com\/information\/#\/schema\/logo\/image\/"},"sameAs":["https:\/\/web.facebook.com\/Congovirtuel-763617960319601\/?ref=aymt_homepage_panel&amp;amp;amp;amp;amp;amp;amp;amp;amp;amp;amp;eid=ARCoxULa66767kIgF_KYav6VdjXTI4yk_LW4yoVO9s6NXpysgb7Cb65vpxcxgqzOAKvIbLQxaAETcqHT","https:\/\/x.com\/congovirtuel","https:\/\/www.youtube.com\/channel\/UCkFfprYzGgS3EWNpeMXpToQ?view_as=subscriber"]},{"@type":"Person","@id":"https:\/\/congovirtuel.com\/information\/#\/schema\/person\/739a44bf7990966cb53d58d2fdeca0b6","name":"infocongovirtuel","image":{"@type":"ImageObject","inLanguage":"fr-FR","@id":"https:\/\/secure.gravatar.com\/avatar\/4d76991aa72469f0eb22e772586c99113c6997f88da636a9db8f2ce3a2c05e69?s=96&d=mm&r=g","url":"https:\/\/secure.gravatar.com\/avatar\/4d76991aa72469f0eb22e772586c99113c6997f88da636a9db8f2ce3a2c05e69?s=96&d=mm&r=g","contentUrl":"https:\/\/secure.gravatar.com\/avatar\/4d76991aa72469f0eb22e772586c99113c6997f88da636a9db8f2ce3a2c05e69?s=96&d=mm&r=g","caption":"infocongovirtuel"},"url":"https:\/\/congovirtuel.com\/information\/author\/infocongovirtuel\/"}]}},"gt_translate_keys":[{"key":"link","format":"url"}],"_links":{"self":[{"href":"https:\/\/congovirtuel.com\/information\/wp-json\/wp\/v2\/posts\/10532","targetHints":{"allow":["GET"]}}],"collection":[{"href":"https:\/\/congovirtuel.com\/information\/wp-json\/wp\/v2\/posts"}],"about":[{"href":"https:\/\/congovirtuel.com\/information\/wp-json\/wp\/v2\/types\/post"}],"author":[{"embeddable":true,"href":"https:\/\/congovirtuel.com\/information\/wp-json\/wp\/v2\/users\/1"}],"replies":[{"embeddable":true,"href":"https:\/\/congovirtuel.com\/information\/wp-json\/wp\/v2\/comments?post=10532"}],"version-history":[{"count":1,"href":"https:\/\/congovirtuel.com\/information\/wp-json\/wp\/v2\/posts\/10532\/revisions"}],"predecessor-version":[{"id":10534,"href":"https:\/\/congovirtuel.com\/information\/wp-json\/wp\/v2\/posts\/10532\/revisions\/10534"}],"wp:featuredmedia":[{"embeddable":true,"href":"https:\/\/congovirtuel.com\/information\/wp-json\/wp\/v2\/media\/8491"}],"wp:attachment":[{"href":"https:\/\/congovirtuel.com\/information\/wp-json\/wp\/v2\/media?parent=10532"}],"wp:term":[{"taxonomy":"category","embeddable":true,"href":"https:\/\/congovirtuel.com\/information\/wp-json\/wp\/v2\/categories?post=10532"},{"taxonomy":"post_tag","embeddable":true,"href":"https:\/\/congovirtuel.com\/information\/wp-json\/wp\/v2\/tags?post=10532"}],"curies":[{"name":"wp","href":"https:\/\/api.w.org\/{rel}","templated":true}]}}