{"id":10884,"date":"2021-06-19T10:07:33","date_gmt":"2021-06-19T09:07:33","guid":{"rendered":"https:\/\/congovirtuel.com\/information\/?p=10884"},"modified":"2021-06-19T10:07:35","modified_gmt":"2021-06-19T09:07:35","slug":"rdc-compte-rendu-de-la-huitieme-reunion-du-conseil-des-ministres","status":"publish","type":"post","link":"https:\/\/congovirtuel.com\/information\/rdc-compte-rendu-de-la-huitieme-reunion-du-conseil-des-ministres\/","title":{"rendered":"RDC: COMPTE-RENDU DE LA HUITIEME REUNION  DU CONSEIL DES MINISTRES","gt_translate_keys":[{"key":"rendered","format":"text"}]},"content":{"rendered":"\n<p class=\"wp-block-paragraph\">Le Pr\u00e9sident de la R\u00e9publique, F\u00e9lix Antoine Tshisekedi Tshilombo, a exprim\u00e9, vendredi, dans sa communication, lors de la reunion du gouvernement qu\u2019il a pr\u00e9sid\u00e9, par visioconf\u00e9rence \u00e0 Bunia, chef-lieu de la province de l\u2019Ituri, sa d\u00e9termination \u00e0 mettre fin \u00e0 l\u2019ins\u00e9curit\u00e9 qui pr\u00e9vaut dans l\u2019Est du pays. Aussi pour y parvenir dans le cadre de la mission humanitaire et s\u00e9curitaire qu\u2019il effectue dans cette partie du territoire national, le Chef de l\u2019Etat a sollicit\u00e9 des notables de la r\u00e9gion le soutien de tous \u00e0 nos Forces arm\u00e9es de la RDC (FARDC). En outre, le Chef de l\u2019Etat a fait part au Conseil de graves constats de mauvaise gestion de certaines entreprises et \u00e9tablissements publics du portefeuille de l\u2019Etat signal\u00e9s par l\u2019Inspection g\u00e9n\u00e9rale des finances (IGF). Ci-dessous, le texte int\u00e9gral du compte rendu fait \u00e0 la presse par M. Patrick Muyaya Katembwe, ministre de la Communication et m\u00e9dias, porte-parole du gouvernement.<\/p>\n\n\n\n<p class=\"wp-block-paragraph\">La huiti\u00e8me r\u00e9union du Conseil des Ministres du Gouvernement de la R\u00e9publique a \u00e9t\u00e9 pr\u00e9sid\u00e9e, par Son Excellence Monsieur le Pr\u00e9sident de la R\u00e9publique, Chef de l\u2019Etat, F\u00e9lix-Antoine TSHISEKEDI TSHILOMBO, ce vendredi 18 juin 2021 par visioconf\u00e9rence \u00e0 partir de Bunia en province d\u2019Ituri.<\/p>\n\n\n\n<p class=\"wp-block-paragraph\">Six points \u00e9taient inscrits \u00e0 l\u2019ordre du jour, \u00e0 savoir :<\/p>\n\n\n\n<ol class=\"wp-block-list\"><li><em>Communication de son Excellence Monsieur Pr\u00e9sident de la R\u00e9publique, Chef de l\u2019Etat ;<\/em><\/li><li><em>Note d\u2019information de Son Excellence Monsieur le Premier Ministre, Chef du Gouvernement ;<\/em><\/li><\/ol>\n\n\n\n<ul class=\"wp-block-list\"><li><em>Points d\u2019informations ;<\/em><\/li><\/ul>\n\n\n\n<ol class=\"wp-block-list\"><li><em>Approbation d\u2019un relev\u00e9 des d\u00e9cisions du Conseil des Ministres ;<\/em><\/li><li><em>Examen et adoption des dossiers ;&nbsp;<\/em>&nbsp;&nbsp;&nbsp;&nbsp;<em>Examen et adoption des textes.<\/em><\/li><\/ol>\n\n\n\n<ol class=\"wp-block-list\"><li><strong>DE LA COMMUNICATION DU PRESIDENT DE LA REPUBLIQUE.<\/strong><\/li><\/ol>\n\n\n\n<p class=\"wp-block-paragraph\">La communication du Pr\u00e9sident de la R\u00e9publique a port\u00e9 sur cinq points :<\/p>\n\n\n\n<ol class=\"wp-block-list\"><li><strong>De son s\u00e9jour dans la partie Est de la R\u00e9publique D\u00e9mocratique du Congo.<\/strong>&nbsp;Le Pr\u00e9sident de la R\u00e9publique a inform\u00e9 le Conseil de l\u2019objectif de sa mission \u00e0 la fois humanitaire et s\u00e9curitaire.<\/li><\/ol>\n\n\n\n<p class=\"wp-block-paragraph\">A l\u2019\u00e9tape de Goma, il a visit\u00e9 le site touch\u00e9 par l\u2019\u00e9ruption en territoire de Nyiragongo sur la Route Nationale N\u00b02, tron\u00e7on Goma-Rutshuru, r\u00e9confort\u00e9 les populations d\u00e9plac\u00e9s et inaugur\u00e9 l\u2019h\u00f4pital mobile pour apporter une assistance m\u00e9dicale \u00e0 ceux qui en ont besoin. Le Chef de l\u2019Etat a r\u00e9it\u00e9r\u00e9 la promesse du Gouvernement \u00e0 tout mettre en \u0153uvre pour reconstruire les abris de ceux qui ont perdu leurs domiciles.<\/p>\n\n\n\n<p class=\"wp-block-paragraph\">Pour ce qui concerne l\u2019\u00e9tat de si\u00e8ge, le Pr\u00e9sident de la R\u00e9publique, apr\u00e8s avoir r\u00e9uni son \u00c9tat-Major \u00e0 Goma, s\u2019est rendu \u00e0 Beni pour palper du doigt le quotidien de ses compatriotes.<\/p>\n\n\n\n<p class=\"wp-block-paragraph\">Devant les notabilit\u00e9s, il a dit sa d\u00e9termination \u00e0 ne m\u00e9nager aucun effort pour mettre fin \u00e0 cette situation d\u2019ins\u00e9curit\u00e9.&nbsp;<em>\u00ab Nos Forces arm\u00e9es vont monter en puissance et elles m\u00e9ritent le soutien de tous \u00bb,&nbsp;<\/em>a \u2013 t \u2013 il rappel\u00e9.<\/p>\n\n\n\n<p class=\"wp-block-paragraph\">Avec son homologue Ougandais, Yoweri MUSEVENI, il a aussi donn\u00e9 le coup d\u2019envoi des travaux des axes routiers KASINDI-BENI, BENIBUTEMBO et BUNAGANA-RUTSHURU-GOMA, soit 223 kilom\u00e8tres.<\/p>\n\n\n\n<p class=\"wp-block-paragraph\">Avant son arriv\u00e9e \u00e0 Bunia, le Pr\u00e9sident de la R\u00e9publique est pass\u00e9 par Butembo o\u00f9 il a r\u00e9it\u00e9r\u00e9 le sens de sa mission de ramener la paix dans cette partie du pays. Et il a insist\u00e9 sur la n\u00e9cessit\u00e9 de respecter les gestes barri\u00e8res dans la lutte contre la Covid-19.<\/p>\n\n\n\n<ol class=\"wp-block-list\" start=\"2\"><li><strong>De la conclusion du Programme triennal avec le Fonds Mon\u00e9taire International (FMI)<\/strong>. Le Chef de l\u2019Etat a rappel\u00e9 aux membres du Gouvernement que la partie congolaise et le FMI se sont mis d\u2019accord sur le contenu d\u2019un programme de trois ans. Sa validation par la Direction et le Conseil d\u2019Administration du FMI donnerait acc\u00e8s \u00e0 d\u2019autres financements provenant d\u2019autres bailleurs bilat\u00e9raux et multilat\u00e9raux.<\/li><\/ol>\n\n\n\n<ol class=\"wp-block-list\" start=\"3\"><li><strong>Des objectifs d\u2019am\u00e9lioration du climat des affaires repris dans le Programme du Gouvernement.<\/strong>&nbsp;Le Pr\u00e9sident de la R\u00e9publique a invit\u00e9 les membres du Gouvernement, chacun dans son secteur, \u00e0 collaborer \u00e9troitement avec la Cellule Climat des Affaires rattach\u00e9e \u00e0 son Cabinet afin de lui faciliter la mise en \u0153uvre de son Plan d\u2019Action en rapport avec trois assignations, \u00e0 savoir :&nbsp;<em>le classement Doing Business ; la rationalisation de la fiscalit\u00e9 ; et la s\u00e9curit\u00e9 juridique et judicaire<\/em>.<\/li><\/ol>\n\n\n\n<p class=\"wp-block-paragraph\">Le Pr\u00e9sident de la R\u00e9publique tient \u00e0 \u00eatre inform\u00e9 par ladite Cellule des efforts des uns et des autres sur les avanc\u00e9es significatives r\u00e9alis\u00e9es \u00e0 court et \u00e0 moyen termes pour l\u2019atteinte de ces assignations.<\/p>\n\n\n\n<ol class=\"wp-block-list\" start=\"4\"><li><strong>De la num\u00e9risation int\u00e9gr\u00e9e de la gestion des finances publiques et d\u2019autres secteurs strat\u00e9giques<\/strong>. Le Chef de l\u2019Etat a estim\u00e9 qu\u2019il est urgent d\u2019opter pour un projet fondateur, structurant et profond\u00e9ment r\u00e9formateur capable de permettre au pays de disposer d\u2019un socle \u00e0 partir duquel il faudra b\u00e2tir l\u2019ambition de faire entrer la R\u00e9publique D\u00e9mocratique du Congo, gr\u00e2ce au num\u00e9rique, dans l\u2019\u00e8re de la bonne gouvernance des Finances publiques et de la redevabilit\u00e9.<\/li><\/ol>\n\n\n\n<ol class=\"wp-block-list\" start=\"5\"><li><strong>Des graves constats de mauvaise gestion de certaines entreprises et \u00e9tablissements publics du portefeuille de l\u2019Etat relev\u00e9es par l\u2019Inspection G\u00e9n\u00e9rale des Finances<\/strong>.<\/li><\/ol>\n\n\n\n<p class=\"wp-block-paragraph\">Le Chef de l\u2019Etat a affirm\u00e9 avoir \u00e9t\u00e9 saisi des conclusions d\u00e9finitives tir\u00e9es des contr\u00f4les effectu\u00e9s suivant une proc\u00e9dure contradictoire et transmises aux responsables des structures contr\u00f4l\u00e9es par l\u2019IGF. Elles font \u00e9tat<em>&nbsp;:<\/em><\/p>\n\n\n\n<ul class=\"wp-block-list\"><li><em>De la perception par les gestionnaires d\u2019avantages exorbitants au m\u00e9pris des dispositions l\u00e9gales et r\u00e9glementaires ;<\/em><\/li><li><em>De l\u2019allocation \u00e0 certaines cat\u00e9gories du personnel d\u2019avantages de toute nature au d\u00e9triment d\u2019autres cat\u00e9gories d\u2019employ\u00e9s non-b\u00e9n\u00e9ficiaires ;<\/em><\/li><li><em>Du non-respect des normes sectorielles de gestion en mati\u00e8re d\u2019affectation des moyens mobilis\u00e9s ;<\/em><\/li><li><em>De la mauvaise gouvernance caract\u00e9ris\u00e9e par l\u2019importance des d\u00e9penses rest\u00e9es sans pi\u00e8ces justificatives ;<\/em><\/li><li><em>De la multiplication des march\u00e9s publics de gr\u00e9 \u00e0 gr\u00e9, mode de passation qui s\u2019est impos\u00e9 comme r\u00e8gle alors qu\u2019il consiste en une exception.<\/em><\/li><\/ul>\n\n\n\n<p class=\"wp-block-paragraph\">Pour \u00e9viter l\u2019aggravation de cette situation d\u00e9sastreuse, le Pr\u00e9sident de la R\u00e9publique a demand\u00e9 aux Ministres sectoriels concern\u00e9s de prendre les mesures conservatoires n\u00e9cessaires de nature \u00e0 mettre hors d\u2019\u00e9tat de nuire les auteurs de cette mauvaise gouvernance.<\/p>\n\n\n\n<ol class=\"wp-block-list\"><li><strong>NOTE D\u2019INFORMATION DU PREMIER MINISTRE.<\/strong><\/li><\/ol>\n\n\n\n<p class=\"wp-block-paragraph\"><strong>II.1. N\u00e9cessit\u00e9 de renforcement des mesures barri\u00e8res face \u00e0 la survenue de la troisi\u00e8me vague de Covid-19.<\/strong><\/p>\n\n\n\n<p class=\"wp-block-paragraph\">Dans son intervention, le Premier Ministre a rappel\u00e9 l\u2019annonce du Chef de l\u2019Etat, faite le 15 juin 2021, relative aux mesures barri\u00e8res pour faire face \u00e0 la survenue de la troisi\u00e8me vague de la pand\u00e9mie de Covid-19 en R\u00e9publique D\u00e9mocratique du Congo.<\/p>\n\n\n\n<p class=\"wp-block-paragraph\">Il a \u00e9t\u00e9 charg\u00e9, en tant que Chef du Gouvernement, de prendre toutes les mesures d\u2019encadrement et de suivi pour mettre en exergue ces mesures, dans les 48 heures. C\u2019est dans ce cadre qu\u2019il a r\u00e9uni, le 16 juin 2021, \u00e0 l\u2019H\u00f4tel du Gouvernement, tous les membres du Comit\u00e9 multisectoriel de la riposte \u00e0 la Covid-19.<\/p>\n\n\n\n<p class=\"wp-block-paragraph\">Apr\u00e8s leurs avis, les mesures suivantes sont arr\u00eat\u00e9es et doivent \u00eatre de stricte application \u00e0 dater de ce jour :<\/p>\n\n\n\n<ul class=\"wp-block-list\"><li>Le port obligatoire et correct des masques dans tous les espaces publics, notamment les lieux de travail, les \u00e9coles, les lieux de culte, les commerces, les banques, les lieux de d\u00e9roulement des activit\u00e9s sportives, les universit\u00e9s, les h\u00f4pitaux, les transports publics, les restaurants, les \u00e9tablissements d\u2019h\u00e9bergement et tous les \u00e9difices publics.<\/li><\/ul>\n\n\n\n<p class=\"wp-block-paragraph\">Il s\u2019agit d\u2019un masque sans ventilation, fabriqu\u00e9 en tissu ou en mat\u00e9riau jetable, qui s\u2019ajuste \u00e9troitement sur le visage, couvre le nez, la bouche et le menton, destin\u00e9 \u00e0 emp\u00eacher la contamination par une proximit\u00e9 ou contact entre personnes. Les accessoires en tissu de type : bandanas, \u00e9charpes ou foulards ne peuvent plus \u00eatre assimil\u00e9es \u00e0 des alternatives au masque ;<\/p>\n\n\n\n<ul class=\"wp-block-list\"><li>Le renforcement des dispositifs de contr\u00f4le et de pr\u00e9vention \u00e0 chaque entr\u00e9e d\u2019un \u00e9difice public impliquant la prise de la temp\u00e9rature corporelle, le lavage des mains \u00e0 l\u2019eau et au savon et\/ou l\u2019application des gels hydro-alcooliques ;<\/li><\/ul>\n\n\n\n<ul class=\"wp-block-list\"><li>Le strict respect de la distanciation physique en tout lieu ;<\/li><\/ul>\n\n\n\n<ul class=\"wp-block-list\"><li>Pour tout acc\u00e8s au territoire national, l\u2019obligation au voyageur de pr\u00e9senter, \u00e0 la fronti\u00e8re, une attestation m\u00e9dicale du test COVID-19 PCR COVID-19 n\u00e9gatif r\u00e9alis\u00e9 moins de 72 heures dans le pays d\u2019origine ou de provenance ;<\/li><\/ul>\n\n\n\n<ul class=\"wp-block-list\"><li>Pour tout acc\u00e8s sur le territoire national, le voyageur doit \u00eatre soumis au test PCR COVID-19 n\u00e9gatif et\/ou Antig\u00e9nique, r\u00e9alis\u00e9 par les agents de l\u2019Institut National de Recherche Biom\u00e9dicale (INRB) ou d\u2019une formation m\u00e9dicale d\u00fbment agr\u00e9\u00e9e par le Ministre ayant la Sant\u00e9 Publique, Hygi\u00e8ne et Pr\u00e9vention dans ses attributions ;<\/li><\/ul>\n\n\n\n<ul class=\"wp-block-list\"><li>Pour toute sortie du territoire national, l\u2019obligation au voyageur, de nationalit\u00e9 congolaise ou \u00e9trang\u00e8re, r\u00e9sidant ou ayant s\u00e9journ\u00e9 en R\u00e9publique D\u00e9mocratique du Congo, de pr\u00e9senter une attestation m\u00e9dicale confirmant le r\u00e9sultat PCR COVID-19 n\u00e9gatif r\u00e9alis\u00e9 moins de 72 heures avant le voyage par l\u2019Institut National de Recherche Biom\u00e9dicale (INRB) ou dans toute autre formation m\u00e9dicale d\u00fbment agr\u00e9\u00e9e par le Ministre ayant la Sant\u00e9 publique, Hygi\u00e8ne et Pr\u00e9vention dans ses attributions ;<\/li><\/ul>\n\n\n\n<ul class=\"wp-block-list\"><li>Pour tout d\u00e9placement interprovincial, l\u2019obligation au voyageur de d\u00e9tenir une attestation m\u00e9dicale confirmant le r\u00e9sultat PCR COVID-19 n\u00e9gatif \u00e9tabli par l\u2019Institut National de Recherche Biom\u00e9dicale (INRB) ou par toute autre formation m\u00e9dicale d\u00fbment agr\u00e9\u00e9e par le Ministre ayant la Sant\u00e9 publique, Hygi\u00e8ne et Pr\u00e9vention dans ses attributions, dans les 72 heures avant le d\u00e9part. La validit\u00e9 du test en provinces est de 14 jours ;<\/li><\/ul>\n\n\n\n<ul class=\"wp-block-list\"><li>Le maintien du couvre-feu de 22H00 \u00e0 04H00 du matin. Des patrouilles mixtes, de la Police et de la Police militaire, seront r\u00e9guli\u00e8res et tout contrevenant sera s\u00e9v\u00e8rement puni selon les prescrits de la loi. Le couvre-feu n\u2019est pas en vigueur dans les Provinces et ou les villes actuellement n\u2019ayant pas d\u00e9clar\u00e9 plus de 20 cas de COVID-19 ;<\/li><\/ul>\n\n\n\n<ul class=\"wp-block-list\"><li>Les usagers des transports en commun, \u00e0 l\u2019exception des enfants jusqu\u2019\u00e0 l\u2019\u00e2ge de 6 ans accomplis, sont tenus de se couvrir la bouche et le nez en portant un masque. Dans les transports publics, seuls 50% de la capacit\u00e9 d\u2019accueil seront tol\u00e9r\u00e9s. Tous les passagers devront \u00eatre assis, s\u2019il s\u2019agit de bus ou autocars. Les mototaxis ne sont autoris\u00e9es \u00e0 ne prendre qu\u2019un seul passager ;<\/li><\/ul>\n\n\n\n<ul class=\"wp-block-list\"><li>Afin de limiter le plus possible les contacts physiques entre les personnes, il est interdit tout rassemblement, r\u00e9union, c\u00e9l\u00e9bration, de plus de 20 personnes sur les lieux publics ;<\/li><\/ul>\n\n\n\n<ul class=\"wp-block-list\"><li>La vente sur la voie publique est strictement interdite. Les vendeurs sont oblig\u00e9s de gagner l\u2019int\u00e9rieur des march\u00e9s. A l\u2019int\u00e9rieur des march\u00e9s publics, l\u2019entr\u00e9e est subordonn\u00e9e \u00e0 la prise de la temp\u00e9rature corporelle, au lavage des mains \u00e0 l\u2019eau et au savon et au port obligatoire et correct du masque ;<\/li><\/ul>\n\n\n\n<ul class=\"wp-block-list\"><li>Les manifestations publiques (r\u00e9unions, c\u00e9l\u00e9brations mariages, r\u00e9ceptions apr\u00e8s fun\u00e9railles, anniversaires, etc.) se d\u00e9roulant dans un espace ext\u00e9rieur priv\u00e9 clos ne devront pas exc\u00e9der plus de 20 personnes ;<\/li><\/ul>\n\n\n\n<ul class=\"wp-block-list\"><li>Il est interdit les veill\u00e9es mortuaires dans les fun\u00e9rariums et ou \u00e0 domicile. Les d\u00e9pouilles mortelles seront directement conduites de la morgue au lieu d\u2019inhumation avec un nombre d\u2019accompagnateurs n\u2019exc\u00e9dant pas cinquante<\/li><\/ul>\n\n\n\n<p class=\"wp-block-paragraph\">(50) personnes ;<\/p>\n\n\n\n<ul class=\"wp-block-list\"><li>L\u2019Administration publique, les entreprises publiques ainsi que priv\u00e9es demeurent ouvertes \u00e0 50% de leur capacit\u00e9 d\u2019accueil. Obligation est faite \u00e0 tous les employeurs \u00e0 faire preuve d\u2019une gestion efficiente du personnel et le recours le cas \u00e9ch\u00e9ant au travail \u00e0 distance ou t\u00e9l\u00e9travail ;<\/li><\/ul>\n\n\n\n<ul class=\"wp-block-list\"><li>Les universit\u00e9s et les milieux scolaires demeurent ouverts avec le renforcement du strict respect des gestes barri\u00e8res tel que repris au point 2. Tandis que les \u00e9glises sont astreintes \u00e0 r\u00e9duire le nombre des participants \u00e0 50% de leur capacit\u00e9 d\u2019accueil lors des cultes et \u00e0 respecter les mesures barri\u00e8res, ainsi que la distanciation sociale ;<\/li><\/ul>\n\n\n\n<ul class=\"wp-block-list\"><li>Tous les bars, terrasses, discoth\u00e8ques et boites de nuits restent ferm\u00e9s. Cependant, les restaurants sont autoris\u00e9s \u00e0 fonctionner jusqu\u2019\u00e0 21h00 \u00e0 une capacit\u00e9 d\u2019accueil ne d\u00e9passant pas 50 % ;<\/li><\/ul>\n\n\n\n<ul class=\"wp-block-list\"><li>L\u2019obligation de se faire tester r\u00e9guli\u00e8rement devant toute toux associ\u00e9e ou non \u00e0 la fi\u00e8vre pour toutes les personnes \u00e0 risque ou les plus expos\u00e9s \u00e0 l\u2019aide des tests rapides \u00e0 savoir : les professionnels de sant\u00e9, le personnel enseignant, les agents et cadres des entreprises publiques et priv\u00e9es et\/ou toute autre personne exer\u00e7ant une activit\u00e9 n\u00e9cessitant de nombreux contacts ;<\/li><\/ul>\n\n\n\n<ul class=\"wp-block-list\"><li>La Police Nationale Congolaise, les Services de s\u00e9curit\u00e9 ainsi que les Services \u0153uvrant aux fronti\u00e8res, en l\u2019occurrence la Direction G\u00e9n\u00e9rale de Migration et le Programme National de l\u2019Hygi\u00e8ne aux Fronti\u00e8res, sont tenus de veiller au respect strict de pr\u00e9sentes dispositions ;<\/li><\/ul>\n\n\n\n<ul class=\"wp-block-list\"><li>Tout contrevenant sera soumis \u00e0 des sanctions administratives inflig\u00e9es par l\u2019Autorit\u00e9 administrative du ressort.<\/li><\/ul>\n\n\n\n<p class=\"wp-block-paragraph\">Le Conseil des Ministres adopt\u00e9 ces mesures et a charg\u00e9 les Ministres sectoriels ainsi que les Gouverneurs des Provinces de leur application.<\/p>\n\n\n\n<ul class=\"wp-block-list\"><li><strong>POINTS D\u2019INFORMATIONS.<\/strong><\/li><\/ul>\n\n\n\n<p class=\"wp-block-paragraph\"><strong>II.1. Etat et administration du territoire.<\/strong><\/p>\n\n\n\n<p class=\"wp-block-paragraph\">Brossant la situation de l\u2019\u00e9tat du territoire national, le Vice-Premier Ministre, Ministre de l\u2019Int\u00e9rieur, D\u00e9centralisation et Affaires Coutumi\u00e8res est revenu sur quelques faits saillants parmi lesquels :<\/p>\n\n\n\n<ul class=\"wp-block-list\"><li>La visite humanitaire et s\u00e9curitaire du Chef de l\u2019Etat dans les provinces du Nord Kivu et de l\u2019Ituri. Sa tourn\u00e9e dans cette partie du pays suscite une satisfaction dans le chef de la population et elle est surtout porteuse d\u2019espoir.<\/li><\/ul>\n\n\n\n<ul class=\"wp-block-list\"><li>La situation du pays face \u00e0 la pand\u00e9mie de Covid-19 ponctu\u00e9e par les nouvelles mesures annonc\u00e9es par le Chef de l\u2019Etat et la persistance des mouvements de gr\u00e8ve des professionnels de la sant\u00e9 sur toute l\u2019\u00e9tendue de la R\u00e9publique. Ces gr\u00e8ves rendent difficile la prise en charge des malades et l\u2019acc\u00e8s aux services des morgues.<\/li><li>Le drame survenu dans la province du Sud Kivu o\u00f9 un a\u00e9ronef \u00e0 destination de SHABUNDA s\u2019est \u00e9cras\u00e9 \u00e0 l\u2019a\u00e9roport de Kavumu le Mercredi 16 juin 2021. Le bilan provisoire fait \u00e9tat de trois morts.<\/li><\/ul>\n\n\n\n<ul class=\"wp-block-list\"><li>Le saccage des bureaux de l\u2019Agence Nationale de Renseignements (ANR) et de l\u2019Etat-Major de la Police Nationale dans la province du Bas-U\u00e9l\u00e9. Cela a occasionn\u00e9 l\u2019\u00e9vasion de plusieurs d\u00e9tenus du Commissariat de la Police Nationale\/GMI. Quatre (04) policiers ont \u00e9t\u00e9 gri\u00e8vement bless\u00e9s. Les investigations se poursuivent pour d\u00e9gager les responsabilit\u00e9s.<\/li><\/ul>\n\n\n\n<ul class=\"wp-block-list\"><li>L\u2019actualit\u00e9 s\u00e9curitaire reste largement domin\u00e9e par la poursuite des op\u00e9rations par les forces de d\u00e9fense et de s\u00e9curit\u00e9 contre les groupes arm\u00e9s actifs et autres forces n\u00e9gatives dans les provinces de l\u2019Ituri et du Nord Kivu, pr\u00e9sentement sous \u00e9tat de si\u00e8ge.<\/li><\/ul>\n\n\n\n<p class=\"wp-block-paragraph\"><strong>III.2. Situation s\u00e9curitaire<\/strong><\/p>\n\n\n\n<p class=\"wp-block-paragraph\">Le Ministre de la D\u00e9fense Nationale et Anciens Combattants, repr\u00e9sent\u00e9 par sa ViceMinistre, est revenu principalement sur la poursuite des op\u00e9rations militaires en profondeur en Ituri, dans le Nord Kivu contre tous les groupes arm\u00e9s r\u00e9fractaires au processus du d\u00e9sarmement volontaire.&nbsp;<strong>&nbsp;<\/strong><\/p>\n\n\n\n<h1 class=\"wp-block-heading\">Province du Nord-Kivu<\/h1>\n\n\n\n<p class=\"wp-block-paragraph\">Les affrontements entre les Forces Arm\u00e9es de la R\u00e9publique D\u00e9mocratique du Congo et les combattant du groupe arm\u00e9 APCLS de Janvier KALARI dans les villages de KAANJA, LWIBO, BUKOMBO, MAMBAMBIA et MIANJA a entrain\u00e9 un d\u00e9placement massif des populations.<\/p>\n\n\n\n<p class=\"wp-block-paragraph\">Une incursion des MAI-MAI YIRA a \u00e9t\u00e9 repouss\u00e9e sur le tron\u00e7on BENIMUSIENENE.<\/p>\n\n\n\n<p class=\"wp-block-paragraph\">Des \u00e9l\u00e9ments FDLR ont \u00e9t\u00e9 neutralis\u00e9s \u00e0 la suite des affrontements entre les Forces Arm\u00e9es de la R\u00e9publique D\u00e9mocratique du Congo et les FDLR \u00e0 KIPAKALI en territoire de RUTSHURU.<\/p>\n\n\n\n<p class=\"wp-block-paragraph\">Des miliciens fuyant l\u2019avanc\u00e9e des Forces Arm\u00e9es de la R\u00e9publique D\u00e9mocratique du Congo s\u2019adonnent aux tueries des civils sur leur passage dans le groupement BAPFUNA, secteur OSSO\/BANYUNGU.<\/p>\n\n\n\n<p class=\"wp-block-paragraph\"><strong><u>Province de l\u2019Ituri<\/u><\/strong><\/p>\n\n\n\n<p class=\"wp-block-paragraph\">En territoire d\u2019IRUMU, il a \u00e9t\u00e9 signal\u00e9 la reddition des quelques \u00e9l\u00e9ments Banyabwisha en provenance de MUNGWANGWA et recrut\u00e9s par les terroristes ADF. Leurs armes et minutions ont \u00e9t\u00e9 r\u00e9cup\u00e9r\u00e9es.<\/p>\n\n\n\n<p class=\"wp-block-paragraph\">En territoire de DJUGU, la reprise de la localit\u00e9 de FATAKI, situ\u00e9e \u00e0 environ 80 km au nord de Bunia, par les Forces Arm\u00e9es de la R\u00e9publique D\u00e9mocratique du Congo.&nbsp; Vingt-et-un (21) miliciens ont \u00e9t\u00e9 neutralis\u00e9s et de nombreuses armes et munitions r\u00e9cup\u00e9r\u00e9es.<\/p>\n\n\n\n<p class=\"wp-block-paragraph\">Dans une embuscade des combattants CODECO\/UPRDC, nous avons d\u00e9plor\u00e9 la mort du Lieutenant-Colonel Guy KOLONGO et de son \u00e9pouse ainsi que de ses deux (02) gardes du corps dans la localit\u00e9 GHU\/LOHA27 km \u00e0 l\u2019Est de Bunia.<\/p>\n\n\n\n<p class=\"wp-block-paragraph\">Le Gouvernement rassure que ces morts ne seront pas vaines. Au nom de la Nation, nous partageons la douleur des familles \u00e9plor\u00e9es et nous rendons hommage aux victimes. Nous pensons \u00e9galement \u00e0 toutes celles et ceux que nous avons perdus en cette heure o\u00f9 notre mission contre les forces n\u00e9gatives se poursuit.<\/p>\n\n\n\n<h1 class=\"wp-block-heading\">Province du Sud Kivu<\/h1>\n\n\n\n<p class=\"wp-block-paragraph\">Les Forces Arm\u00e9es de la R\u00e9publique D\u00e9mocratique du Congo poursuivent la traque de tous les groupes arm\u00e9s. A MINEMBWE, quelques arrestations ont \u00e9t\u00e9 effectu\u00e9e dans le d\u00e9mant\u00e8lement d\u2019un r\u00e9seau d\u2019achat d\u2019armes et de munitions du groupe arm\u00e9s TWIRWANEHO et plusieurs armes et munitions r\u00e9cup\u00e9r\u00e9es.<\/p>\n\n\n\n<p class=\"wp-block-paragraph\">La pression militaire des Forces Arm\u00e9es de la R\u00e9publique D\u00e9mocratique du Congo dans la zone de MINEMBWE, tend \u00e0 contraindre le seigneur de guerre Michel RUGUNDA alias MAKANIKA, \u00e0 dialoguer avec les forces loyalistes.<\/p>\n\n\n\n<p class=\"wp-block-paragraph\">Des munitions ont \u00e9t\u00e9 saisies \u00e0 la suite d\u2019un accrochage entre des bandits et les \u00e9l\u00e9ments du 2202<sup>eme<\/sup>&nbsp;r\u00e9giment \u00e0 BARAKA en territoire de FIZI.<\/p>\n\n\n\n<p class=\"wp-block-paragraph\"><strong>III.3. \u00c9volution de la situation de la Pand\u00e9mie Covid-19.<\/strong><\/p>\n\n\n\n<p class=\"wp-block-paragraph\">Prenant la parole pour sa part, le Ministre de la Sant\u00e9 Publique, Hygi\u00e8ne et Pr\u00e9vention a fait le point de la situation g\u00e9n\u00e9rale de la pand\u00e9mie \u00e0 Covid-19. Il a ax\u00e9 son propos sur le plaidoyer aupr\u00e8s des \u00e9v\u00eaques.<\/p>\n\n\n\n<p class=\"wp-block-paragraph\">A l\u2019issue des \u00e9changes, ils se sont officiellement engag\u00e9s \u00e0 soutenir la campagne de vaccination contre la Covid-19 en proposant leurs canaux (r\u00e9seau des paroisses et h\u00f4pitaux) pour la sensibilisation.<\/p>\n\n\n\n<p class=\"wp-block-paragraph\">Les \u00e9v\u00eaques ont sugg\u00e9r\u00e9 et recommand\u00e9 :&nbsp;<em>(1) que les autorit\u00e9s politiques et administratives du pays pr\u00eachent par l\u2019exemplarit\u00e9 comme eux le feront en se faisant vacciner publiquement ;&nbsp; (2) que le Ministre de la Sant\u00e9 Publique, Hygi\u00e8ne et Prevention et le Programme \u00c9largi de Vaccination fassent aussi un plaidoyer aupr\u00e8s des animateurs des \u00c9glises de r\u00e9veil, mosqu\u00e9es et toutes les communaut\u00e9s religieuses et spirituelles pour combattre la d\u00e9sinformation et les amener \u00e0 soutenir cette mesure de sant\u00e9 publique surtout devant cette troisi\u00e8me vague ; (3) que les tests PCR Covid-19 ne soient pas que pour les voyages et qu\u2019ils soient abordables pour avoir une estimation des cas r\u00e9els en R\u00e9publique D\u00e9mocratique du Congo.<\/em><\/p>\n\n\n\n<p class=\"wp-block-paragraph\">Sur un autre chapitre, le Ministre de la Sant\u00e9 Publique, Hygi\u00e8ne et Pr\u00e9vention a inform\u00e9 le Conseil de l\u2019\u00e9volution des n\u00e9gociations entre lui, son coll\u00e8gue du Budget et les diff\u00e9rents Syndicats professionnels de la Sant\u00e9 non-m\u00e9decins. Un compromis sera bient\u00f4t trouv\u00e9 pour permettre la lev\u00e9e de la gr\u00e8ve et assurer le fonctionnement optimal de nos h\u00f4pitaux.<\/p>\n\n\n\n<p class=\"wp-block-paragraph\"><strong>III.4. \u00c9volution de la situation r\u00e9cente sur le march\u00e9 des changes ainsi que des biens et services.&nbsp;<\/strong><strong>&nbsp;<\/strong><\/p>\n\n\n\n<p class=\"wp-block-paragraph\">Invit\u00e9 \u00e0 prendre part \u00e0 la R\u00e9union du Conseil des Ministres, le Gouverneur de la Banque Centrale du Congo a pr\u00e9sent\u00e9 la situation du march\u00e9 des changes pour la p\u00e9riode du 8 au 15 juin 2021. Il a not\u00e9 la stabilit\u00e9 du taux de change gr\u00e2ce notamment \u00e0 la gestion sur base caisse et d\u2019autres mesures d\u2019encadrement du Franc Congolais.<\/p>\n\n\n\n<p class=\"wp-block-paragraph\">Il a inform\u00e9 le Conseil de l\u2019am\u00e9lioration des r\u00e9serves de change qui ont connu un accroissement de pr\u00e8s de 158 millions de dollars gr\u00e2ce au rachat par le Gouvernement de la fiscalit\u00e9 p\u00e9troli\u00e8re et douani\u00e8re.&nbsp; Il a aussi mentionn\u00e9 la r\u00e9duction du Taux Directeur de la Banque Centrale du Congo de 10,5% \u00e0 8,5%.<\/p>\n\n\n\n<ol class=\"wp-block-list\"><li><strong>APPROBATION D\u2019UN RELEVE DES DECISIONS DU CONSEIL DES MINISTRES.<\/strong><\/li><\/ol>\n\n\n\n<p class=\"wp-block-paragraph\">Le Conseil des Ministres a adopt\u00e9 le relev\u00e9 des d\u00e9cisions prises lors de sa septi\u00e8me r\u00e9union tenue le vendredi 11 juin 2021.<\/p>\n\n\n\n<ol class=\"wp-block-list\"><li><strong>EXAMEN ET ADOPTION DES DOSSIERS (02 dossiers)<\/strong><\/li><\/ol>\n\n\n\n<ul class=\"wp-block-list\"><li><strong>Conform\u00e9ment \u00e0 la volont\u00e9 du Pr\u00e9sident de la R\u00e9publique exprim\u00e9e lors de la deuxi\u00e8me r\u00e9union du Conseil des Ministres, le Premier Ministre avait charg\u00e9 le Ministre d\u2019Etat, Ministre du Plan de produire une premi\u00e8re \u00e9bauche des projets disponibles permettant de d\u00e9marrer le Plan du Chef de l\u2019Etat en rapport avec les diff\u00e9rents territoires.<\/strong>&nbsp;Il a r\u00e9uni la Commission \u00c9conomique et Financi\u00e8re du Gouvernement \u00e0 cet effet.<\/li><\/ul>\n\n\n\n<p class=\"wp-block-paragraph\">C\u2019est ainsi qu\u2019il a \u00e9t\u00e9 propos\u00e9 les options suivantes \u00e0 lever par le Conseil des Ministres :<\/p>\n\n\n\n<ul class=\"wp-block-list\"><li>Instruire les Gouverneurs de province, en concertation avec les administrations locales de s\u00e9lectionner une infrastructure sociale \u00e0 financer dans chaque territoire selon trois (03) axes (\u00c9ducation, Sant\u00e9 et Hydraulique) ;<\/li><li>D\u00e9bloquer des fonds pour chacun des cent quarante-cinq (145) territoires en y ajoutant les frais de gestion ;<\/li><li>Transf\u00e9rer les fonds en provinces sous la rubrique \u00ab transfert sur investissement des provinces \u00bb avec libell\u00e9 pour chaque territoire ;<\/li><li>Activer les m\u00e9canismes ad\u00e9quats de suivi et contr\u00f4le pour ex\u00e9cution dans un d\u00e9lai raisonnable (6 mois).<\/li><\/ul>\n\n\n\n<p class=\"wp-block-paragraph\">Apr\u00e8s d\u00e9bat et d\u00e9lib\u00e9rations, le dossier a \u00e9t\u00e9 adopt\u00e9 pour le d\u00e9marrage effectif. Les ministres sectoriels ont \u00e9t\u00e9 invit\u00e9s \u00e0 l\u2019enrichir.<\/p>\n\n\n\n<ul class=\"wp-block-list\"><li><strong>Le Ministre des Finances a fait le point sur le dossier relatif \u00e0 l\u2019\u00e9valuation et au suivi des mesures pour la mobilisation accrue des recettes de l\u2019Etat.&nbsp;<\/strong>Il a montr\u00e9 la progression continue des r\u00e9alisations des recettes par les R\u00e9gies financi\u00e8res.<\/li><\/ul>\n\n\n\n<p class=\"wp-block-paragraph\">Ceci s\u2019explique notamment par la nouvelle dynamique politique qui a eu un impact positif autant sur les contribuables que sur les fonctionnaires ; les efforts des services (R\u00e9gies financi\u00e8res) ; la crainte du contr\u00f4le notamment de l\u2019Inspection G\u00e9n\u00e9rale des Finances ; et enfin, la transparence accrue apport\u00e9e par le logiciel de comptabilisation des recettes ISYS-REGIES.<\/p>\n\n\n\n<p class=\"wp-block-paragraph\">Le Ministre des Finances a \u00e9galement relev\u00e9 que le paiement des salaires couvre globalement 73% des recettes r\u00e9alis\u00e9es mensuellement alors que le crit\u00e8re de la qualit\u00e9 des d\u00e9penses exige que celles li\u00e9es aux r\u00e9mun\u00e9rations soient plafonn\u00e9es \u00e0 50% des recettes internes.<\/p>\n\n\n\n<p class=\"wp-block-paragraph\">Cette situation exige au Gouvernement de multiplier les efforts dans la mobilisation des recettes et de bien maitriser les effectifs de tous ceux qui sont r\u00e9mun\u00e9r\u00e9es par le Tr\u00e9sor public.<\/p>\n\n\n\n<p class=\"wp-block-paragraph\">L\u2019appuyant sur ce propos, le Ministre d\u2019Etat, Ministre du Budget, a fait part au Conseil du travail en cours qu\u2019il a d\u00e9but\u00e9 avec le Vice-Premier Ministre, Ministre de la Fonction Publique, pour une maitrise des effectifs des agents de l\u2019Etat dans le cadre de l\u2019\u00e9laboration en cours du Projet du Budget 2022.<\/p>\n\n\n\n<p class=\"wp-block-paragraph\">Concluant sur ce chapitre, le Premier Ministre est revenu sur son exhortation permanente aux membres du Gouvernement \u00e0 travailler pour am\u00e9liorer la mobilisation des recettes dans leurs secteurs respectifs en vue de l\u2019ex\u00e9cution optimale du Programme gouvernemental. Il a d\u00e9clar\u00e9, je cite :&nbsp;<em>\u00ab un \u00e9veil national patriotique est \u00e0 promouvoir. Car, les recettes de l\u2019Etat ne sont pas que l\u2019affaire des R\u00e9gies financi\u00e8res. \u00bb<\/em>&nbsp;<strong>&nbsp;<\/strong><\/p>\n\n\n\n<p class=\"wp-block-paragraph\">Ce dossier a \u00e9t\u00e9 adopt\u00e9.<\/p>\n\n\n\n<p class=\"wp-block-paragraph\"><strong>VII.<\/strong><strong>&nbsp;&nbsp; EXAMEN ET ADOPTION D\u2019UN PROJET DE TEXTE (01 texte)&nbsp;<\/strong><\/p>\n\n\n\n<p class=\"wp-block-paragraph\">En l\u2019absence de Madame la Ministre d\u2019Etat, Ministre de la Justice et Garde des Sceaux emp\u00each\u00e9e, le Ministre d\u2019Etat, Ministre du D\u00e9veloppement Rural a pr\u00e9sent\u00e9 au Conseil des Ministres le Projet de Loi portant autorisation de la prorogation de l\u2019\u00e9tat de si\u00e8ge sur une partie du territoire de la R\u00e9publique D\u00e9mocratique du Congo pour une p\u00e9riode de 15 jours prenant cours le 21 juin 2021.<\/p>\n\n\n\n<p class=\"wp-block-paragraph\">Ce projet a \u00e9t\u00e9 adopt\u00e9.<\/p>\n\n\n\n<p class=\"wp-block-paragraph\">Commenc\u00e9e \u00e0 12h00, heure de Bunia, la r\u00e9union du Conseil des Ministres a pris fin \u00e0 15h55\u2019.<\/p>\n\n\n\n<p class=\"wp-block-paragraph\"><strong>Patrick MUYAYA KATEMBWE<\/strong><\/p>\n\n\n\n<p class=\"wp-block-paragraph\"><em><u>Ministre de la Communication et M\u00e9dias<\/u><\/em><\/p>\n\n\n\n<p class=\"wp-block-paragraph\"><em>Porte-Parole du Gouvernement<\/em><\/p>\n","protected":false,"gt_translate_keys":[{"key":"rendered","format":"html"}]},"excerpt":{"rendered":"<p>Le Pr\u00e9sident de la R\u00e9publique, F\u00e9lix Antoine Tshisekedi Tshilombo, a exprim\u00e9, vendredi, dans sa communication, lors de la reunion du gouvernement qu\u2019il a pr\u00e9sid\u00e9, par visioconf\u00e9rence \u00e0 Bunia, chef-lieu de la province de l\u2019Ituri, sa d\u00e9termination \u00e0 mettre fin \u00e0 l\u2019ins\u00e9curit\u00e9 qui pr\u00e9vaut dans l\u2019Est du pays. Aussi pour y parvenir dans le cadre de la mission humanitaire et s\u00e9curitaire qu\u2019il effectue dans cette partie du territoire national, le Chef de l\u2019Etat a sollicit\u00e9 des notables de la r\u00e9gion le soutien de tous \u00e0 nos Forces arm\u00e9es de la RDC&hellip;<\/p>\n","protected":false,"gt_translate_keys":[{"key":"rendered","format":"html"}]},"author":1,"featured_media":10886,"comment_status":"open","ping_status":"open","sticky":false,"template":"","format":"standard","meta":{"_crdt_document":"","footnotes":""},"categories":[218],"tags":[],"class_list":["post-10884","post","type-post","status-publish","format-standard","has-post-thumbnail","hentry","category-gouvernement"],"gutentor_comment":0,"yoast_head":"<!-- This site is optimized with the Yoast SEO plugin v27.5 - https:\/\/yoast.com\/product\/yoast-seo-wordpress\/ -->\n<title>RDC: COMPTE-RENDU DE LA HUITIEME REUNION DU CONSEIL DES MINISTRES - Actualit\u00e9s congolaises et internationales<\/title>\n<meta name=\"robots\" content=\"index, follow, max-snippet:-1, max-image-preview:large, max-video-preview:-1\" \/>\n<link rel=\"canonical\" href=\"https:\/\/congovirtuel.com\/information\/rdc-compte-rendu-de-la-huitieme-reunion-du-conseil-des-ministres\/\" \/>\n<meta property=\"og:locale\" content=\"fr_FR\" \/>\n<meta property=\"og:type\" content=\"article\" \/>\n<meta property=\"og:title\" content=\"RDC: COMPTE-RENDU DE LA HUITIEME REUNION DU CONSEIL DES MINISTRES - Actualit\u00e9s congolaises et internationales\" \/>\n<meta property=\"og:description\" content=\"Le Pr\u00e9sident de la R\u00e9publique, F\u00e9lix Antoine Tshisekedi Tshilombo, a exprim\u00e9, vendredi, dans sa communication, lors de la reunion du gouvernement qu\u2019il a pr\u00e9sid\u00e9, par visioconf\u00e9rence \u00e0 Bunia, chef-lieu de la province de l\u2019Ituri, sa d\u00e9termination \u00e0 mettre fin \u00e0 l\u2019ins\u00e9curit\u00e9 qui pr\u00e9vaut dans l\u2019Est du pays. Aussi pour y parvenir dans le cadre de la mission humanitaire et s\u00e9curitaire qu\u2019il effectue dans cette partie du territoire national, le Chef de l\u2019Etat a sollicit\u00e9 des notables de la r\u00e9gion le soutien de tous \u00e0 nos Forces arm\u00e9es de la RDC&hellip;\" \/>\n<meta property=\"og:url\" content=\"https:\/\/congovirtuel.com\/information\/rdc-compte-rendu-de-la-huitieme-reunion-du-conseil-des-ministres\/\" \/>\n<meta property=\"og:site_name\" content=\"Actualit\u00e9s congolaises et internationales\" \/>\n<meta property=\"article:publisher\" content=\"https:\/\/web.facebook.com\/Congovirtuel-763617960319601\/?ref=aymt_homepage_panel&amp;amp%3bamp%3bamp%3bamp%3bamp%3bamp%3bamp%3bamp%3bamp%3bamp%3bamp%3beid=ARCoxULa66767kIgF_KYav6VdjXTI4yk_LW4yoVO9s6NXpysgb7Cb65vpxcxgqzOAKvIbLQxaAETcqHT\" \/>\n<meta property=\"article:published_time\" content=\"2021-06-19T09:07:33+00:00\" \/>\n<meta property=\"article:modified_time\" content=\"2021-06-19T09:07:35+00:00\" \/>\n<meta property=\"og:image\" content=\"https:\/\/congovirtuel.com\/information\/wp-content\/uploads\/2021\/06\/Muyaya.jpg\" \/>\n\t<meta property=\"og:image:width\" content=\"696\" \/>\n\t<meta property=\"og:image:height\" content=\"472\" \/>\n\t<meta property=\"og:image:type\" content=\"image\/jpeg\" \/>\n<meta name=\"author\" content=\"infocongovirtuel\" \/>\n<meta name=\"twitter:card\" content=\"summary_large_image\" \/>\n<meta name=\"twitter:creator\" content=\"@congovirtuel\" \/>\n<meta name=\"twitter:site\" content=\"@congovirtuel\" \/>\n<meta name=\"twitter:label1\" content=\"\u00c9crit par\" \/>\n\t<meta name=\"twitter:data1\" content=\"infocongovirtuel\" \/>\n\t<meta name=\"twitter:label2\" content=\"Dur\u00e9e de lecture estim\u00e9e\" \/>\n\t<meta name=\"twitter:data2\" content=\"17 minutes\" \/>\n<script type=\"application\/ld+json\" class=\"yoast-schema-graph\">{\"@context\":\"https:\\\/\\\/schema.org\",\"@graph\":[{\"@type\":\"Article\",\"@id\":\"https:\\\/\\\/congovirtuel.com\\\/information\\\/rdc-compte-rendu-de-la-huitieme-reunion-du-conseil-des-ministres\\\/#article\",\"isPartOf\":{\"@id\":\"https:\\\/\\\/congovirtuel.com\\\/information\\\/rdc-compte-rendu-de-la-huitieme-reunion-du-conseil-des-ministres\\\/\"},\"author\":{\"name\":\"infocongovirtuel\",\"@id\":\"https:\\\/\\\/congovirtuel.com\\\/information\\\/#\\\/schema\\\/person\\\/739a44bf7990966cb53d58d2fdeca0b6\"},\"headline\":\"RDC: COMPTE-RENDU DE LA HUITIEME REUNION DU CONSEIL DES MINISTRES\",\"datePublished\":\"2021-06-19T09:07:33+00:00\",\"dateModified\":\"2021-06-19T09:07:35+00:00\",\"mainEntityOfPage\":{\"@id\":\"https:\\\/\\\/congovirtuel.com\\\/information\\\/rdc-compte-rendu-de-la-huitieme-reunion-du-conseil-des-ministres\\\/\"},\"wordCount\":4155,\"commentCount\":0,\"publisher\":{\"@id\":\"https:\\\/\\\/congovirtuel.com\\\/information\\\/#organization\"},\"image\":{\"@id\":\"https:\\\/\\\/congovirtuel.com\\\/information\\\/rdc-compte-rendu-de-la-huitieme-reunion-du-conseil-des-ministres\\\/#primaryimage\"},\"thumbnailUrl\":\"https:\\\/\\\/congovirtuel.com\\\/information\\\/wp-content\\\/uploads\\\/2021\\\/06\\\/Muyaya.jpg\",\"articleSection\":[\"Gouvernement\"],\"inLanguage\":\"fr-FR\",\"potentialAction\":[{\"@type\":\"CommentAction\",\"name\":\"Comment\",\"target\":[\"https:\\\/\\\/congovirtuel.com\\\/information\\\/rdc-compte-rendu-de-la-huitieme-reunion-du-conseil-des-ministres\\\/#respond\"]}]},{\"@type\":\"WebPage\",\"@id\":\"https:\\\/\\\/congovirtuel.com\\\/information\\\/rdc-compte-rendu-de-la-huitieme-reunion-du-conseil-des-ministres\\\/\",\"url\":\"https:\\\/\\\/congovirtuel.com\\\/information\\\/rdc-compte-rendu-de-la-huitieme-reunion-du-conseil-des-ministres\\\/\",\"name\":\"RDC: COMPTE-RENDU DE LA HUITIEME REUNION DU CONSEIL DES MINISTRES - Actualit\u00e9s congolaises et internationales\",\"isPartOf\":{\"@id\":\"https:\\\/\\\/congovirtuel.com\\\/information\\\/#website\"},\"primaryImageOfPage\":{\"@id\":\"https:\\\/\\\/congovirtuel.com\\\/information\\\/rdc-compte-rendu-de-la-huitieme-reunion-du-conseil-des-ministres\\\/#primaryimage\"},\"image\":{\"@id\":\"https:\\\/\\\/congovirtuel.com\\\/information\\\/rdc-compte-rendu-de-la-huitieme-reunion-du-conseil-des-ministres\\\/#primaryimage\"},\"thumbnailUrl\":\"https:\\\/\\\/congovirtuel.com\\\/information\\\/wp-content\\\/uploads\\\/2021\\\/06\\\/Muyaya.jpg\",\"datePublished\":\"2021-06-19T09:07:33+00:00\",\"dateModified\":\"2021-06-19T09:07:35+00:00\",\"breadcrumb\":{\"@id\":\"https:\\\/\\\/congovirtuel.com\\\/information\\\/rdc-compte-rendu-de-la-huitieme-reunion-du-conseil-des-ministres\\\/#breadcrumb\"},\"inLanguage\":\"fr-FR\",\"potentialAction\":[{\"@type\":\"ReadAction\",\"target\":[\"https:\\\/\\\/congovirtuel.com\\\/information\\\/rdc-compte-rendu-de-la-huitieme-reunion-du-conseil-des-ministres\\\/\"]}]},{\"@type\":\"ImageObject\",\"inLanguage\":\"fr-FR\",\"@id\":\"https:\\\/\\\/congovirtuel.com\\\/information\\\/rdc-compte-rendu-de-la-huitieme-reunion-du-conseil-des-ministres\\\/#primaryimage\",\"url\":\"https:\\\/\\\/congovirtuel.com\\\/information\\\/wp-content\\\/uploads\\\/2021\\\/06\\\/Muyaya.jpg\",\"contentUrl\":\"https:\\\/\\\/congovirtuel.com\\\/information\\\/wp-content\\\/uploads\\\/2021\\\/06\\\/Muyaya.jpg\",\"width\":696,\"height\":472},{\"@type\":\"BreadcrumbList\",\"@id\":\"https:\\\/\\\/congovirtuel.com\\\/information\\\/rdc-compte-rendu-de-la-huitieme-reunion-du-conseil-des-ministres\\\/#breadcrumb\",\"itemListElement\":[{\"@type\":\"ListItem\",\"position\":1,\"name\":\"Accueil\",\"item\":\"https:\\\/\\\/congovirtuel.com\\\/information\\\/\"},{\"@type\":\"ListItem\",\"position\":2,\"name\":\"RDC: COMPTE-RENDU DE LA HUITIEME REUNION DU CONSEIL DES MINISTRES\"}]},{\"@type\":\"WebSite\",\"@id\":\"https:\\\/\\\/congovirtuel.com\\\/information\\\/#website\",\"url\":\"https:\\\/\\\/congovirtuel.com\\\/information\\\/\",\"name\":\"Actualit\u00e9s congolaises et internationales\",\"description\":\"site d&#039;analyse et de traitement d&#039;information\",\"publisher\":{\"@id\":\"https:\\\/\\\/congovirtuel.com\\\/information\\\/#organization\"},\"potentialAction\":[{\"@type\":\"SearchAction\",\"target\":{\"@type\":\"EntryPoint\",\"urlTemplate\":\"https:\\\/\\\/congovirtuel.com\\\/information\\\/?s={search_term_string}\"},\"query-input\":{\"@type\":\"PropertyValueSpecification\",\"valueRequired\":true,\"valueName\":\"search_term_string\"}}],\"inLanguage\":\"fr-FR\"},{\"@type\":\"Organization\",\"@id\":\"https:\\\/\\\/congovirtuel.com\\\/information\\\/#organization\",\"name\":\"Biblioth\u00e8que Virtuelle de la RDC\",\"url\":\"https:\\\/\\\/congovirtuel.com\\\/information\\\/\",\"logo\":{\"@type\":\"ImageObject\",\"inLanguage\":\"fr-FR\",\"@id\":\"https:\\\/\\\/congovirtuel.com\\\/information\\\/#\\\/schema\\\/logo\\\/image\\\/\",\"url\":\"https:\\\/\\\/congovirtuel.com\\\/information\\\/wp-content\\\/uploads\\\/2018\\\/10\\\/header-info-congovirtuel-vraie.jpg\",\"contentUrl\":\"https:\\\/\\\/congovirtuel.com\\\/information\\\/wp-content\\\/uploads\\\/2018\\\/10\\\/header-info-congovirtuel-vraie.jpg\",\"width\":728,\"height\":90,\"caption\":\"Biblioth\u00e8que Virtuelle de la RDC\"},\"image\":{\"@id\":\"https:\\\/\\\/congovirtuel.com\\\/information\\\/#\\\/schema\\\/logo\\\/image\\\/\"},\"sameAs\":[\"https:\\\/\\\/web.facebook.com\\\/Congovirtuel-763617960319601\\\/?ref=aymt_homepage_panel&amp;amp;amp;amp;amp;amp;amp;amp;amp;amp;amp;eid=ARCoxULa66767kIgF_KYav6VdjXTI4yk_LW4yoVO9s6NXpysgb7Cb65vpxcxgqzOAKvIbLQxaAETcqHT\",\"https:\\\/\\\/x.com\\\/congovirtuel\",\"https:\\\/\\\/www.youtube.com\\\/channel\\\/UCkFfprYzGgS3EWNpeMXpToQ?view_as=subscriber\"]},{\"@type\":\"Person\",\"@id\":\"https:\\\/\\\/congovirtuel.com\\\/information\\\/#\\\/schema\\\/person\\\/739a44bf7990966cb53d58d2fdeca0b6\",\"name\":\"infocongovirtuel\",\"image\":{\"@type\":\"ImageObject\",\"inLanguage\":\"fr-FR\",\"@id\":\"https:\\\/\\\/secure.gravatar.com\\\/avatar\\\/4d76991aa72469f0eb22e772586c99113c6997f88da636a9db8f2ce3a2c05e69?s=96&d=mm&r=g\",\"url\":\"https:\\\/\\\/secure.gravatar.com\\\/avatar\\\/4d76991aa72469f0eb22e772586c99113c6997f88da636a9db8f2ce3a2c05e69?s=96&d=mm&r=g\",\"contentUrl\":\"https:\\\/\\\/secure.gravatar.com\\\/avatar\\\/4d76991aa72469f0eb22e772586c99113c6997f88da636a9db8f2ce3a2c05e69?s=96&d=mm&r=g\",\"caption\":\"infocongovirtuel\"},\"url\":\"https:\\\/\\\/congovirtuel.com\\\/information\\\/author\\\/infocongovirtuel\\\/\"}]}<\/script>\n<!-- \/ Yoast SEO plugin. -->","yoast_head_json":{"title":"RDC: COMPTE-RENDU DE LA HUITIEME REUNION DU CONSEIL DES MINISTRES - Actualit\u00e9s congolaises et internationales","robots":{"index":"index","follow":"follow","max-snippet":"max-snippet:-1","max-image-preview":"max-image-preview:large","max-video-preview":"max-video-preview:-1"},"canonical":"https:\/\/congovirtuel.com\/information\/rdc-compte-rendu-de-la-huitieme-reunion-du-conseil-des-ministres\/","og_locale":"fr_FR","og_type":"article","og_title":"RDC: COMPTE-RENDU DE LA HUITIEME REUNION DU CONSEIL DES MINISTRES - Actualit\u00e9s congolaises et internationales","og_description":"Le Pr\u00e9sident de la R\u00e9publique, F\u00e9lix Antoine Tshisekedi Tshilombo, a exprim\u00e9, vendredi, dans sa communication, lors de la reunion du gouvernement qu\u2019il a pr\u00e9sid\u00e9, par visioconf\u00e9rence \u00e0 Bunia, chef-lieu de la province de l\u2019Ituri, sa d\u00e9termination \u00e0 mettre fin \u00e0 l\u2019ins\u00e9curit\u00e9 qui pr\u00e9vaut dans l\u2019Est du pays. Aussi pour y parvenir dans le cadre de la mission humanitaire et s\u00e9curitaire qu\u2019il effectue dans cette partie du territoire national, le Chef de l\u2019Etat a sollicit\u00e9 des notables de la r\u00e9gion le soutien de tous \u00e0 nos Forces arm\u00e9es de la RDC&hellip;","og_url":"https:\/\/congovirtuel.com\/information\/rdc-compte-rendu-de-la-huitieme-reunion-du-conseil-des-ministres\/","og_site_name":"Actualit\u00e9s congolaises et internationales","article_publisher":"https:\/\/web.facebook.com\/Congovirtuel-763617960319601\/?ref=aymt_homepage_panel&amp%3bamp%3bamp%3bamp%3bamp%3bamp%3bamp%3bamp%3bamp%3bamp%3bamp%3beid=ARCoxULa66767kIgF_KYav6VdjXTI4yk_LW4yoVO9s6NXpysgb7Cb65vpxcxgqzOAKvIbLQxaAETcqHT","article_published_time":"2021-06-19T09:07:33+00:00","article_modified_time":"2021-06-19T09:07:35+00:00","og_image":[{"width":696,"height":472,"url":"https:\/\/congovirtuel.com\/information\/wp-content\/uploads\/2021\/06\/Muyaya.jpg","type":"image\/jpeg"}],"author":"infocongovirtuel","twitter_card":"summary_large_image","twitter_creator":"@congovirtuel","twitter_site":"@congovirtuel","twitter_misc":{"\u00c9crit par":"infocongovirtuel","Dur\u00e9e de lecture estim\u00e9e":"17 minutes"},"schema":{"@context":"https:\/\/schema.org","@graph":[{"@type":"Article","@id":"https:\/\/congovirtuel.com\/information\/rdc-compte-rendu-de-la-huitieme-reunion-du-conseil-des-ministres\/#article","isPartOf":{"@id":"https:\/\/congovirtuel.com\/information\/rdc-compte-rendu-de-la-huitieme-reunion-du-conseil-des-ministres\/"},"author":{"name":"infocongovirtuel","@id":"https:\/\/congovirtuel.com\/information\/#\/schema\/person\/739a44bf7990966cb53d58d2fdeca0b6"},"headline":"RDC: COMPTE-RENDU DE LA HUITIEME REUNION DU CONSEIL DES MINISTRES","datePublished":"2021-06-19T09:07:33+00:00","dateModified":"2021-06-19T09:07:35+00:00","mainEntityOfPage":{"@id":"https:\/\/congovirtuel.com\/information\/rdc-compte-rendu-de-la-huitieme-reunion-du-conseil-des-ministres\/"},"wordCount":4155,"commentCount":0,"publisher":{"@id":"https:\/\/congovirtuel.com\/information\/#organization"},"image":{"@id":"https:\/\/congovirtuel.com\/information\/rdc-compte-rendu-de-la-huitieme-reunion-du-conseil-des-ministres\/#primaryimage"},"thumbnailUrl":"https:\/\/congovirtuel.com\/information\/wp-content\/uploads\/2021\/06\/Muyaya.jpg","articleSection":["Gouvernement"],"inLanguage":"fr-FR","potentialAction":[{"@type":"CommentAction","name":"Comment","target":["https:\/\/congovirtuel.com\/information\/rdc-compte-rendu-de-la-huitieme-reunion-du-conseil-des-ministres\/#respond"]}]},{"@type":"WebPage","@id":"https:\/\/congovirtuel.com\/information\/rdc-compte-rendu-de-la-huitieme-reunion-du-conseil-des-ministres\/","url":"https:\/\/congovirtuel.com\/information\/rdc-compte-rendu-de-la-huitieme-reunion-du-conseil-des-ministres\/","name":"RDC: COMPTE-RENDU DE LA HUITIEME REUNION DU CONSEIL DES MINISTRES - Actualit\u00e9s congolaises et internationales","isPartOf":{"@id":"https:\/\/congovirtuel.com\/information\/#website"},"primaryImageOfPage":{"@id":"https:\/\/congovirtuel.com\/information\/rdc-compte-rendu-de-la-huitieme-reunion-du-conseil-des-ministres\/#primaryimage"},"image":{"@id":"https:\/\/congovirtuel.com\/information\/rdc-compte-rendu-de-la-huitieme-reunion-du-conseil-des-ministres\/#primaryimage"},"thumbnailUrl":"https:\/\/congovirtuel.com\/information\/wp-content\/uploads\/2021\/06\/Muyaya.jpg","datePublished":"2021-06-19T09:07:33+00:00","dateModified":"2021-06-19T09:07:35+00:00","breadcrumb":{"@id":"https:\/\/congovirtuel.com\/information\/rdc-compte-rendu-de-la-huitieme-reunion-du-conseil-des-ministres\/#breadcrumb"},"inLanguage":"fr-FR","potentialAction":[{"@type":"ReadAction","target":["https:\/\/congovirtuel.com\/information\/rdc-compte-rendu-de-la-huitieme-reunion-du-conseil-des-ministres\/"]}]},{"@type":"ImageObject","inLanguage":"fr-FR","@id":"https:\/\/congovirtuel.com\/information\/rdc-compte-rendu-de-la-huitieme-reunion-du-conseil-des-ministres\/#primaryimage","url":"https:\/\/congovirtuel.com\/information\/wp-content\/uploads\/2021\/06\/Muyaya.jpg","contentUrl":"https:\/\/congovirtuel.com\/information\/wp-content\/uploads\/2021\/06\/Muyaya.jpg","width":696,"height":472},{"@type":"BreadcrumbList","@id":"https:\/\/congovirtuel.com\/information\/rdc-compte-rendu-de-la-huitieme-reunion-du-conseil-des-ministres\/#breadcrumb","itemListElement":[{"@type":"ListItem","position":1,"name":"Accueil","item":"https:\/\/congovirtuel.com\/information\/"},{"@type":"ListItem","position":2,"name":"RDC: COMPTE-RENDU DE LA HUITIEME REUNION DU CONSEIL DES MINISTRES"}]},{"@type":"WebSite","@id":"https:\/\/congovirtuel.com\/information\/#website","url":"https:\/\/congovirtuel.com\/information\/","name":"Actualit\u00e9s congolaises et internationales","description":"site d&#039;analyse et de traitement d&#039;information","publisher":{"@id":"https:\/\/congovirtuel.com\/information\/#organization"},"potentialAction":[{"@type":"SearchAction","target":{"@type":"EntryPoint","urlTemplate":"https:\/\/congovirtuel.com\/information\/?s={search_term_string}"},"query-input":{"@type":"PropertyValueSpecification","valueRequired":true,"valueName":"search_term_string"}}],"inLanguage":"fr-FR"},{"@type":"Organization","@id":"https:\/\/congovirtuel.com\/information\/#organization","name":"Biblioth\u00e8que Virtuelle de la RDC","url":"https:\/\/congovirtuel.com\/information\/","logo":{"@type":"ImageObject","inLanguage":"fr-FR","@id":"https:\/\/congovirtuel.com\/information\/#\/schema\/logo\/image\/","url":"https:\/\/congovirtuel.com\/information\/wp-content\/uploads\/2018\/10\/header-info-congovirtuel-vraie.jpg","contentUrl":"https:\/\/congovirtuel.com\/information\/wp-content\/uploads\/2018\/10\/header-info-congovirtuel-vraie.jpg","width":728,"height":90,"caption":"Biblioth\u00e8que Virtuelle de la RDC"},"image":{"@id":"https:\/\/congovirtuel.com\/information\/#\/schema\/logo\/image\/"},"sameAs":["https:\/\/web.facebook.com\/Congovirtuel-763617960319601\/?ref=aymt_homepage_panel&amp;amp;amp;amp;amp;amp;amp;amp;amp;amp;amp;eid=ARCoxULa66767kIgF_KYav6VdjXTI4yk_LW4yoVO9s6NXpysgb7Cb65vpxcxgqzOAKvIbLQxaAETcqHT","https:\/\/x.com\/congovirtuel","https:\/\/www.youtube.com\/channel\/UCkFfprYzGgS3EWNpeMXpToQ?view_as=subscriber"]},{"@type":"Person","@id":"https:\/\/congovirtuel.com\/information\/#\/schema\/person\/739a44bf7990966cb53d58d2fdeca0b6","name":"infocongovirtuel","image":{"@type":"ImageObject","inLanguage":"fr-FR","@id":"https:\/\/secure.gravatar.com\/avatar\/4d76991aa72469f0eb22e772586c99113c6997f88da636a9db8f2ce3a2c05e69?s=96&d=mm&r=g","url":"https:\/\/secure.gravatar.com\/avatar\/4d76991aa72469f0eb22e772586c99113c6997f88da636a9db8f2ce3a2c05e69?s=96&d=mm&r=g","contentUrl":"https:\/\/secure.gravatar.com\/avatar\/4d76991aa72469f0eb22e772586c99113c6997f88da636a9db8f2ce3a2c05e69?s=96&d=mm&r=g","caption":"infocongovirtuel"},"url":"https:\/\/congovirtuel.com\/information\/author\/infocongovirtuel\/"}]}},"gt_translate_keys":[{"key":"link","format":"url"}],"_links":{"self":[{"href":"https:\/\/congovirtuel.com\/information\/wp-json\/wp\/v2\/posts\/10884","targetHints":{"allow":["GET"]}}],"collection":[{"href":"https:\/\/congovirtuel.com\/information\/wp-json\/wp\/v2\/posts"}],"about":[{"href":"https:\/\/congovirtuel.com\/information\/wp-json\/wp\/v2\/types\/post"}],"author":[{"embeddable":true,"href":"https:\/\/congovirtuel.com\/information\/wp-json\/wp\/v2\/users\/1"}],"replies":[{"embeddable":true,"href":"https:\/\/congovirtuel.com\/information\/wp-json\/wp\/v2\/comments?post=10884"}],"version-history":[{"count":1,"href":"https:\/\/congovirtuel.com\/information\/wp-json\/wp\/v2\/posts\/10884\/revisions"}],"predecessor-version":[{"id":10887,"href":"https:\/\/congovirtuel.com\/information\/wp-json\/wp\/v2\/posts\/10884\/revisions\/10887"}],"wp:featuredmedia":[{"embeddable":true,"href":"https:\/\/congovirtuel.com\/information\/wp-json\/wp\/v2\/media\/10886"}],"wp:attachment":[{"href":"https:\/\/congovirtuel.com\/information\/wp-json\/wp\/v2\/media?parent=10884"}],"wp:term":[{"taxonomy":"category","embeddable":true,"href":"https:\/\/congovirtuel.com\/information\/wp-json\/wp\/v2\/categories?post=10884"},{"taxonomy":"post_tag","embeddable":true,"href":"https:\/\/congovirtuel.com\/information\/wp-json\/wp\/v2\/tags?post=10884"}],"curies":[{"name":"wp","href":"https:\/\/api.w.org\/{rel}","templated":true}]}}