{"id":11125,"date":"2021-06-25T15:57:02","date_gmt":"2021-06-25T14:57:02","guid":{"rendered":"https:\/\/congovirtuel.com\/information\/?p=11125"},"modified":"2021-06-25T15:57:08","modified_gmt":"2021-06-25T14:57:08","slug":"ouganda-le-fils-du-president-museveni-nomme-a-la-tete-de-larmee-de-terre","status":"publish","type":"post","link":"https:\/\/congovirtuel.com\/information\/ouganda-le-fils-du-president-museveni-nomme-a-la-tete-de-larmee-de-terre\/","title":{"rendered":"Ouganda: le fils du pr\u00e9sident Museveni nomm\u00e9 \u00e0 la t\u00eate de l\u2019arm\u00e9e de terre","gt_translate_keys":[{"key":"rendered","format":"text"}]},"content":{"rendered":"\n<p class=\"wp-block-paragraph\"><strong>C\u2019est un changement de taille au sein de l&rsquo;arm\u00e9e ougandaise. Avec cette nomination, le g\u00e9n\u00e9ral Muhoozi Kainerugaba confirme qu\u2019il prend depuis quelques ann\u00e9es une place de plus en plus importante dans l&rsquo;appareil s\u00e9curitaire.<\/strong><\/p>\n\n\n\n<p class=\"wp-block-paragraph\">\u00c0 47 ans, le g\u00e9n\u00e9ral Muhoozi Kainerugaba est maintenant le num\u00e9ro 3 de l\u2019UPDF (Uganda peuple defense forces, l\u2019arm\u00e9e ougandaise), \u00e0 la t\u00eate de la plus grande des diff\u00e9rentes unit\u00e9s qui composent les forces militaires. Un poste consid\u00e9r\u00e9 comme un tremplin avant celui de chef des forces de d\u00e9fense, rang le plus haut grad\u00e9 et \u00e9quivalent de chef d\u2019\u00e9tat-major.<\/p>\n\n\n\n<p class=\"wp-block-paragraph\">Le fils a\u00een\u00e9 du pr\u00e9sident Yoweri Museveni a rapidement gravi les \u00e9chelons au sein de l\u2019arm\u00e9e. \u00c0 partir de 2008, il est nomm\u00e9 \u00e0 la t\u00eate des tr\u00e8s influentes forces sp\u00e9ciales, l\u2019unit\u00e9 qui coordonne notamment la protection du chef de l&rsquo;\u00c9tat et les op\u00e9rations militaires les plus sensibles. En 2017, il devient \u00e9galement le conseiller pr\u00e9sidentiel en charge de la s\u00e9curit\u00e9.<\/p>\n\n\n\n<p class=\"wp-block-paragraph\">Depuis plusieurs ann\u00e9es, des rumeurs circulent affirmant que Yoweri Museveni pr\u00e9pare son fils \u00e0 sa succession. Pour l\u2019instant, le g\u00e9n\u00e9ral Muhoozi Kainerugaba n\u2019a jamais exprim\u00e9 d\u2019ambition politique. Mais depuis un an, il rencontre de nombreux ambassadeurs et diplomates.<\/p>\n\n\n\n<p class=\"wp-block-paragraph\">Selon l\u2019analyste et journaliste Andrew Mwenda, ce nouveau poste pourrait \u00eatre un premier pas vers une nouvelle carri\u00e8re. En Ouganda, de nombreux commandants de l\u2019arm\u00e9e de terre ont ensuite \u00e9t\u00e9 nomm\u00e9s au sein du gouvernement.<\/p>\n\n\n\n<p class=\"wp-block-paragraph\"><strong>RFI<\/strong><\/p>\n","protected":false,"gt_translate_keys":[{"key":"rendered","format":"html"}]},"excerpt":{"rendered":"<p>C\u2019est un changement de taille au sein de l&rsquo;arm\u00e9e ougandaise. Avec cette nomination, le g\u00e9n\u00e9ral Muhoozi Kainerugaba confirme qu\u2019il prend depuis quelques ann\u00e9es une place de plus en plus importante dans l&rsquo;appareil s\u00e9curitaire. \u00c0 47 ans, le g\u00e9n\u00e9ral Muhoozi Kainerugaba est maintenant le num\u00e9ro 3 de l\u2019UPDF (Uganda peuple defense forces, l\u2019arm\u00e9e ougandaise), \u00e0 la t\u00eate de la plus grande des diff\u00e9rentes unit\u00e9s qui composent les forces militaires. Un poste consid\u00e9r\u00e9 comme un tremplin avant celui de chef des forces de d\u00e9fense, rang le plus haut grad\u00e9 et \u00e9quivalent de&hellip;<\/p>\n","protected":false,"gt_translate_keys":[{"key":"rendered","format":"html"}]},"author":1,"featured_media":11127,"comment_status":"open","ping_status":"open","sticky":false,"template":"","format":"standard","meta":{"_crdt_document":"","footnotes":""},"categories":[1663],"tags":[10809,8357],"class_list":["post-11125","post","type-post","status-publish","format-standard","has-post-thumbnail","hentry","category-ouganda","tag-general-muhoozi-kainerugaba","tag-ouganda"],"gutentor_comment":0,"yoast_head":"<!-- This site is optimized with the Yoast SEO plugin v27.5 - https:\/\/yoast.com\/product\/yoast-seo-wordpress\/ -->\n<title>Ouganda: le fils du pr\u00e9sident Museveni nomm\u00e9 \u00e0 la t\u00eate de l\u2019arm\u00e9e de terre - Actualit\u00e9s congolaises et internationales<\/title>\n<meta name=\"robots\" content=\"index, follow, max-snippet:-1, max-image-preview:large, max-video-preview:-1\" \/>\n<link rel=\"canonical\" href=\"https:\/\/congovirtuel.com\/information\/ouganda-le-fils-du-president-museveni-nomme-a-la-tete-de-larmee-de-terre\/\" \/>\n<meta property=\"og:locale\" content=\"fr_FR\" \/>\n<meta property=\"og:type\" content=\"article\" \/>\n<meta property=\"og:title\" content=\"Ouganda: le fils du pr\u00e9sident Museveni nomm\u00e9 \u00e0 la t\u00eate de l\u2019arm\u00e9e de terre - Actualit\u00e9s congolaises et internationales\" \/>\n<meta property=\"og:description\" content=\"C\u2019est un changement de taille au sein de l&rsquo;arm\u00e9e ougandaise. Avec cette nomination, le g\u00e9n\u00e9ral Muhoozi Kainerugaba confirme qu\u2019il prend depuis quelques ann\u00e9es une place de plus en plus importante dans l&rsquo;appareil s\u00e9curitaire. \u00c0 47 ans, le g\u00e9n\u00e9ral Muhoozi Kainerugaba est maintenant le num\u00e9ro 3 de l\u2019UPDF (Uganda peuple defense forces, l\u2019arm\u00e9e ougandaise), \u00e0 la t\u00eate de la plus grande des diff\u00e9rentes unit\u00e9s qui composent les forces militaires. Un poste consid\u00e9r\u00e9 comme un tremplin avant celui de chef des forces de d\u00e9fense, rang le plus haut grad\u00e9 et \u00e9quivalent de&hellip;\" \/>\n<meta property=\"og:url\" content=\"https:\/\/congovirtuel.com\/information\/ouganda-le-fils-du-president-museveni-nomme-a-la-tete-de-larmee-de-terre\/\" \/>\n<meta property=\"og:site_name\" content=\"Actualit\u00e9s congolaises et internationales\" \/>\n<meta property=\"article:publisher\" content=\"https:\/\/web.facebook.com\/Congovirtuel-763617960319601\/?ref=aymt_homepage_panel&amp;amp%3bamp%3bamp%3bamp%3bamp%3bamp%3bamp%3bamp%3bamp%3bamp%3bamp%3beid=ARCoxULa66767kIgF_KYav6VdjXTI4yk_LW4yoVO9s6NXpysgb7Cb65vpxcxgqzOAKvIbLQxaAETcqHT\" \/>\n<meta property=\"article:published_time\" content=\"2021-06-25T14:57:02+00:00\" \/>\n<meta property=\"article:modified_time\" content=\"2021-06-25T14:57:08+00:00\" \/>\n<meta property=\"og:image\" content=\"https:\/\/congovirtuel.com\/information\/wp-content\/uploads\/2021\/06\/general_Muhoozi-1200-x-675.jpg\" \/>\n\t<meta property=\"og:image:width\" content=\"1200\" \/>\n\t<meta property=\"og:image:height\" content=\"675\" \/>\n\t<meta property=\"og:image:type\" content=\"image\/jpeg\" \/>\n<meta name=\"author\" content=\"infocongovirtuel\" \/>\n<meta name=\"twitter:card\" content=\"summary_large_image\" \/>\n<meta name=\"twitter:creator\" content=\"@congovirtuel\" \/>\n<meta name=\"twitter:site\" content=\"@congovirtuel\" \/>\n<meta name=\"twitter:label1\" content=\"\u00c9crit par\" \/>\n\t<meta name=\"twitter:data1\" content=\"infocongovirtuel\" \/>\n\t<meta name=\"twitter:label2\" content=\"Dur\u00e9e de lecture estim\u00e9e\" \/>\n\t<meta name=\"twitter:data2\" content=\"1 minute\" \/>\n<script type=\"application\/ld+json\" class=\"yoast-schema-graph\">{\"@context\":\"https:\\\/\\\/schema.org\",\"@graph\":[{\"@type\":\"Article\",\"@id\":\"https:\\\/\\\/congovirtuel.com\\\/information\\\/ouganda-le-fils-du-president-museveni-nomme-a-la-tete-de-larmee-de-terre\\\/#article\",\"isPartOf\":{\"@id\":\"https:\\\/\\\/congovirtuel.com\\\/information\\\/ouganda-le-fils-du-president-museveni-nomme-a-la-tete-de-larmee-de-terre\\\/\"},\"author\":{\"name\":\"infocongovirtuel\",\"@id\":\"https:\\\/\\\/congovirtuel.com\\\/information\\\/#\\\/schema\\\/person\\\/739a44bf7990966cb53d58d2fdeca0b6\"},\"headline\":\"Ouganda: le fils du pr\u00e9sident Museveni nomm\u00e9 \u00e0 la t\u00eate de l\u2019arm\u00e9e de terre\",\"datePublished\":\"2021-06-25T14:57:02+00:00\",\"dateModified\":\"2021-06-25T14:57:08+00:00\",\"mainEntityOfPage\":{\"@id\":\"https:\\\/\\\/congovirtuel.com\\\/information\\\/ouganda-le-fils-du-president-museveni-nomme-a-la-tete-de-larmee-de-terre\\\/\"},\"wordCount\":280,\"commentCount\":0,\"publisher\":{\"@id\":\"https:\\\/\\\/congovirtuel.com\\\/information\\\/#organization\"},\"image\":{\"@id\":\"https:\\\/\\\/congovirtuel.com\\\/information\\\/ouganda-le-fils-du-president-museveni-nomme-a-la-tete-de-larmee-de-terre\\\/#primaryimage\"},\"thumbnailUrl\":\"https:\\\/\\\/congovirtuel.com\\\/information\\\/wp-content\\\/uploads\\\/2021\\\/06\\\/general_Muhoozi-1200-x-675.jpg\",\"keywords\":[\"g\u00e9n\u00e9ral Muhoozi Kainerugaba\",\"Ouganda\"],\"articleSection\":[\"Ouganda\"],\"inLanguage\":\"fr-FR\",\"potentialAction\":[{\"@type\":\"CommentAction\",\"name\":\"Comment\",\"target\":[\"https:\\\/\\\/congovirtuel.com\\\/information\\\/ouganda-le-fils-du-president-museveni-nomme-a-la-tete-de-larmee-de-terre\\\/#respond\"]}]},{\"@type\":\"WebPage\",\"@id\":\"https:\\\/\\\/congovirtuel.com\\\/information\\\/ouganda-le-fils-du-president-museveni-nomme-a-la-tete-de-larmee-de-terre\\\/\",\"url\":\"https:\\\/\\\/congovirtuel.com\\\/information\\\/ouganda-le-fils-du-president-museveni-nomme-a-la-tete-de-larmee-de-terre\\\/\",\"name\":\"Ouganda: le fils du pr\u00e9sident Museveni nomm\u00e9 \u00e0 la t\u00eate de l\u2019arm\u00e9e de terre - Actualit\u00e9s congolaises et internationales\",\"isPartOf\":{\"@id\":\"https:\\\/\\\/congovirtuel.com\\\/information\\\/#website\"},\"primaryImageOfPage\":{\"@id\":\"https:\\\/\\\/congovirtuel.com\\\/information\\\/ouganda-le-fils-du-president-museveni-nomme-a-la-tete-de-larmee-de-terre\\\/#primaryimage\"},\"image\":{\"@id\":\"https:\\\/\\\/congovirtuel.com\\\/information\\\/ouganda-le-fils-du-president-museveni-nomme-a-la-tete-de-larmee-de-terre\\\/#primaryimage\"},\"thumbnailUrl\":\"https:\\\/\\\/congovirtuel.com\\\/information\\\/wp-content\\\/uploads\\\/2021\\\/06\\\/general_Muhoozi-1200-x-675.jpg\",\"datePublished\":\"2021-06-25T14:57:02+00:00\",\"dateModified\":\"2021-06-25T14:57:08+00:00\",\"breadcrumb\":{\"@id\":\"https:\\\/\\\/congovirtuel.com\\\/information\\\/ouganda-le-fils-du-president-museveni-nomme-a-la-tete-de-larmee-de-terre\\\/#breadcrumb\"},\"inLanguage\":\"fr-FR\",\"potentialAction\":[{\"@type\":\"ReadAction\",\"target\":[\"https:\\\/\\\/congovirtuel.com\\\/information\\\/ouganda-le-fils-du-president-museveni-nomme-a-la-tete-de-larmee-de-terre\\\/\"]}]},{\"@type\":\"ImageObject\",\"inLanguage\":\"fr-FR\",\"@id\":\"https:\\\/\\\/congovirtuel.com\\\/information\\\/ouganda-le-fils-du-president-museveni-nomme-a-la-tete-de-larmee-de-terre\\\/#primaryimage\",\"url\":\"https:\\\/\\\/congovirtuel.com\\\/information\\\/wp-content\\\/uploads\\\/2021\\\/06\\\/general_Muhoozi-1200-x-675.jpg\",\"contentUrl\":\"https:\\\/\\\/congovirtuel.com\\\/information\\\/wp-content\\\/uploads\\\/2021\\\/06\\\/general_Muhoozi-1200-x-675.jpg\",\"width\":1200,\"height\":675},{\"@type\":\"BreadcrumbList\",\"@id\":\"https:\\\/\\\/congovirtuel.com\\\/information\\\/ouganda-le-fils-du-president-museveni-nomme-a-la-tete-de-larmee-de-terre\\\/#breadcrumb\",\"itemListElement\":[{\"@type\":\"ListItem\",\"position\":1,\"name\":\"Accueil\",\"item\":\"https:\\\/\\\/congovirtuel.com\\\/information\\\/\"},{\"@type\":\"ListItem\",\"position\":2,\"name\":\"Ouganda: le fils du pr\u00e9sident Museveni nomm\u00e9 \u00e0 la t\u00eate de l\u2019arm\u00e9e de terre\"}]},{\"@type\":\"WebSite\",\"@id\":\"https:\\\/\\\/congovirtuel.com\\\/information\\\/#website\",\"url\":\"https:\\\/\\\/congovirtuel.com\\\/information\\\/\",\"name\":\"Actualit\u00e9s congolaises et internationales\",\"description\":\"site d&#039;analyse et de traitement d&#039;information\",\"publisher\":{\"@id\":\"https:\\\/\\\/congovirtuel.com\\\/information\\\/#organization\"},\"potentialAction\":[{\"@type\":\"SearchAction\",\"target\":{\"@type\":\"EntryPoint\",\"urlTemplate\":\"https:\\\/\\\/congovirtuel.com\\\/information\\\/?s={search_term_string}\"},\"query-input\":{\"@type\":\"PropertyValueSpecification\",\"valueRequired\":true,\"valueName\":\"search_term_string\"}}],\"inLanguage\":\"fr-FR\"},{\"@type\":\"Organization\",\"@id\":\"https:\\\/\\\/congovirtuel.com\\\/information\\\/#organization\",\"name\":\"Biblioth\u00e8que Virtuelle de la RDC\",\"url\":\"https:\\\/\\\/congovirtuel.com\\\/information\\\/\",\"logo\":{\"@type\":\"ImageObject\",\"inLanguage\":\"fr-FR\",\"@id\":\"https:\\\/\\\/congovirtuel.com\\\/information\\\/#\\\/schema\\\/logo\\\/image\\\/\",\"url\":\"https:\\\/\\\/congovirtuel.com\\\/information\\\/wp-content\\\/uploads\\\/2018\\\/10\\\/header-info-congovirtuel-vraie.jpg\",\"contentUrl\":\"https:\\\/\\\/congovirtuel.com\\\/information\\\/wp-content\\\/uploads\\\/2018\\\/10\\\/header-info-congovirtuel-vraie.jpg\",\"width\":728,\"height\":90,\"caption\":\"Biblioth\u00e8que Virtuelle de la RDC\"},\"image\":{\"@id\":\"https:\\\/\\\/congovirtuel.com\\\/information\\\/#\\\/schema\\\/logo\\\/image\\\/\"},\"sameAs\":[\"https:\\\/\\\/web.facebook.com\\\/Congovirtuel-763617960319601\\\/?ref=aymt_homepage_panel&amp;amp;amp;amp;amp;amp;amp;amp;amp;amp;amp;eid=ARCoxULa66767kIgF_KYav6VdjXTI4yk_LW4yoVO9s6NXpysgb7Cb65vpxcxgqzOAKvIbLQxaAETcqHT\",\"https:\\\/\\\/x.com\\\/congovirtuel\",\"https:\\\/\\\/www.youtube.com\\\/channel\\\/UCkFfprYzGgS3EWNpeMXpToQ?view_as=subscriber\"]},{\"@type\":\"Person\",\"@id\":\"https:\\\/\\\/congovirtuel.com\\\/information\\\/#\\\/schema\\\/person\\\/739a44bf7990966cb53d58d2fdeca0b6\",\"name\":\"infocongovirtuel\",\"image\":{\"@type\":\"ImageObject\",\"inLanguage\":\"fr-FR\",\"@id\":\"https:\\\/\\\/secure.gravatar.com\\\/avatar\\\/4d76991aa72469f0eb22e772586c99113c6997f88da636a9db8f2ce3a2c05e69?s=96&d=mm&r=g\",\"url\":\"https:\\\/\\\/secure.gravatar.com\\\/avatar\\\/4d76991aa72469f0eb22e772586c99113c6997f88da636a9db8f2ce3a2c05e69?s=96&d=mm&r=g\",\"contentUrl\":\"https:\\\/\\\/secure.gravatar.com\\\/avatar\\\/4d76991aa72469f0eb22e772586c99113c6997f88da636a9db8f2ce3a2c05e69?s=96&d=mm&r=g\",\"caption\":\"infocongovirtuel\"},\"url\":\"https:\\\/\\\/congovirtuel.com\\\/information\\\/author\\\/infocongovirtuel\\\/\"}]}<\/script>\n<!-- \/ Yoast SEO plugin. -->","yoast_head_json":{"title":"Ouganda: le fils du pr\u00e9sident Museveni nomm\u00e9 \u00e0 la t\u00eate de l\u2019arm\u00e9e de terre - Actualit\u00e9s congolaises et internationales","robots":{"index":"index","follow":"follow","max-snippet":"max-snippet:-1","max-image-preview":"max-image-preview:large","max-video-preview":"max-video-preview:-1"},"canonical":"https:\/\/congovirtuel.com\/information\/ouganda-le-fils-du-president-museveni-nomme-a-la-tete-de-larmee-de-terre\/","og_locale":"fr_FR","og_type":"article","og_title":"Ouganda: le fils du pr\u00e9sident Museveni nomm\u00e9 \u00e0 la t\u00eate de l\u2019arm\u00e9e de terre - Actualit\u00e9s congolaises et internationales","og_description":"C\u2019est un changement de taille au sein de l&rsquo;arm\u00e9e ougandaise. Avec cette nomination, le g\u00e9n\u00e9ral Muhoozi Kainerugaba confirme qu\u2019il prend depuis quelques ann\u00e9es une place de plus en plus importante dans l&rsquo;appareil s\u00e9curitaire. \u00c0 47 ans, le g\u00e9n\u00e9ral Muhoozi Kainerugaba est maintenant le num\u00e9ro 3 de l\u2019UPDF (Uganda peuple defense forces, l\u2019arm\u00e9e ougandaise), \u00e0 la t\u00eate de la plus grande des diff\u00e9rentes unit\u00e9s qui composent les forces militaires. Un poste consid\u00e9r\u00e9 comme un tremplin avant celui de chef des forces de d\u00e9fense, rang le plus haut grad\u00e9 et \u00e9quivalent de&hellip;","og_url":"https:\/\/congovirtuel.com\/information\/ouganda-le-fils-du-president-museveni-nomme-a-la-tete-de-larmee-de-terre\/","og_site_name":"Actualit\u00e9s congolaises et internationales","article_publisher":"https:\/\/web.facebook.com\/Congovirtuel-763617960319601\/?ref=aymt_homepage_panel&amp%3bamp%3bamp%3bamp%3bamp%3bamp%3bamp%3bamp%3bamp%3bamp%3bamp%3beid=ARCoxULa66767kIgF_KYav6VdjXTI4yk_LW4yoVO9s6NXpysgb7Cb65vpxcxgqzOAKvIbLQxaAETcqHT","article_published_time":"2021-06-25T14:57:02+00:00","article_modified_time":"2021-06-25T14:57:08+00:00","og_image":[{"width":1200,"height":675,"url":"https:\/\/congovirtuel.com\/information\/wp-content\/uploads\/2021\/06\/general_Muhoozi-1200-x-675.jpg","type":"image\/jpeg"}],"author":"infocongovirtuel","twitter_card":"summary_large_image","twitter_creator":"@congovirtuel","twitter_site":"@congovirtuel","twitter_misc":{"\u00c9crit par":"infocongovirtuel","Dur\u00e9e de lecture estim\u00e9e":"1 minute"},"schema":{"@context":"https:\/\/schema.org","@graph":[{"@type":"Article","@id":"https:\/\/congovirtuel.com\/information\/ouganda-le-fils-du-president-museveni-nomme-a-la-tete-de-larmee-de-terre\/#article","isPartOf":{"@id":"https:\/\/congovirtuel.com\/information\/ouganda-le-fils-du-president-museveni-nomme-a-la-tete-de-larmee-de-terre\/"},"author":{"name":"infocongovirtuel","@id":"https:\/\/congovirtuel.com\/information\/#\/schema\/person\/739a44bf7990966cb53d58d2fdeca0b6"},"headline":"Ouganda: le fils du pr\u00e9sident Museveni nomm\u00e9 \u00e0 la t\u00eate de l\u2019arm\u00e9e de terre","datePublished":"2021-06-25T14:57:02+00:00","dateModified":"2021-06-25T14:57:08+00:00","mainEntityOfPage":{"@id":"https:\/\/congovirtuel.com\/information\/ouganda-le-fils-du-president-museveni-nomme-a-la-tete-de-larmee-de-terre\/"},"wordCount":280,"commentCount":0,"publisher":{"@id":"https:\/\/congovirtuel.com\/information\/#organization"},"image":{"@id":"https:\/\/congovirtuel.com\/information\/ouganda-le-fils-du-president-museveni-nomme-a-la-tete-de-larmee-de-terre\/#primaryimage"},"thumbnailUrl":"https:\/\/congovirtuel.com\/information\/wp-content\/uploads\/2021\/06\/general_Muhoozi-1200-x-675.jpg","keywords":["g\u00e9n\u00e9ral Muhoozi Kainerugaba","Ouganda"],"articleSection":["Ouganda"],"inLanguage":"fr-FR","potentialAction":[{"@type":"CommentAction","name":"Comment","target":["https:\/\/congovirtuel.com\/information\/ouganda-le-fils-du-president-museveni-nomme-a-la-tete-de-larmee-de-terre\/#respond"]}]},{"@type":"WebPage","@id":"https:\/\/congovirtuel.com\/information\/ouganda-le-fils-du-president-museveni-nomme-a-la-tete-de-larmee-de-terre\/","url":"https:\/\/congovirtuel.com\/information\/ouganda-le-fils-du-president-museveni-nomme-a-la-tete-de-larmee-de-terre\/","name":"Ouganda: le fils du pr\u00e9sident Museveni nomm\u00e9 \u00e0 la t\u00eate de l\u2019arm\u00e9e de terre - Actualit\u00e9s congolaises et internationales","isPartOf":{"@id":"https:\/\/congovirtuel.com\/information\/#website"},"primaryImageOfPage":{"@id":"https:\/\/congovirtuel.com\/information\/ouganda-le-fils-du-president-museveni-nomme-a-la-tete-de-larmee-de-terre\/#primaryimage"},"image":{"@id":"https:\/\/congovirtuel.com\/information\/ouganda-le-fils-du-president-museveni-nomme-a-la-tete-de-larmee-de-terre\/#primaryimage"},"thumbnailUrl":"https:\/\/congovirtuel.com\/information\/wp-content\/uploads\/2021\/06\/general_Muhoozi-1200-x-675.jpg","datePublished":"2021-06-25T14:57:02+00:00","dateModified":"2021-06-25T14:57:08+00:00","breadcrumb":{"@id":"https:\/\/congovirtuel.com\/information\/ouganda-le-fils-du-president-museveni-nomme-a-la-tete-de-larmee-de-terre\/#breadcrumb"},"inLanguage":"fr-FR","potentialAction":[{"@type":"ReadAction","target":["https:\/\/congovirtuel.com\/information\/ouganda-le-fils-du-president-museveni-nomme-a-la-tete-de-larmee-de-terre\/"]}]},{"@type":"ImageObject","inLanguage":"fr-FR","@id":"https:\/\/congovirtuel.com\/information\/ouganda-le-fils-du-president-museveni-nomme-a-la-tete-de-larmee-de-terre\/#primaryimage","url":"https:\/\/congovirtuel.com\/information\/wp-content\/uploads\/2021\/06\/general_Muhoozi-1200-x-675.jpg","contentUrl":"https:\/\/congovirtuel.com\/information\/wp-content\/uploads\/2021\/06\/general_Muhoozi-1200-x-675.jpg","width":1200,"height":675},{"@type":"BreadcrumbList","@id":"https:\/\/congovirtuel.com\/information\/ouganda-le-fils-du-president-museveni-nomme-a-la-tete-de-larmee-de-terre\/#breadcrumb","itemListElement":[{"@type":"ListItem","position":1,"name":"Accueil","item":"https:\/\/congovirtuel.com\/information\/"},{"@type":"ListItem","position":2,"name":"Ouganda: le fils du pr\u00e9sident Museveni nomm\u00e9 \u00e0 la t\u00eate de l\u2019arm\u00e9e de terre"}]},{"@type":"WebSite","@id":"https:\/\/congovirtuel.com\/information\/#website","url":"https:\/\/congovirtuel.com\/information\/","name":"Actualit\u00e9s congolaises et internationales","description":"site d&#039;analyse et de traitement d&#039;information","publisher":{"@id":"https:\/\/congovirtuel.com\/information\/#organization"},"potentialAction":[{"@type":"SearchAction","target":{"@type":"EntryPoint","urlTemplate":"https:\/\/congovirtuel.com\/information\/?s={search_term_string}"},"query-input":{"@type":"PropertyValueSpecification","valueRequired":true,"valueName":"search_term_string"}}],"inLanguage":"fr-FR"},{"@type":"Organization","@id":"https:\/\/congovirtuel.com\/information\/#organization","name":"Biblioth\u00e8que Virtuelle de la RDC","url":"https:\/\/congovirtuel.com\/information\/","logo":{"@type":"ImageObject","inLanguage":"fr-FR","@id":"https:\/\/congovirtuel.com\/information\/#\/schema\/logo\/image\/","url":"https:\/\/congovirtuel.com\/information\/wp-content\/uploads\/2018\/10\/header-info-congovirtuel-vraie.jpg","contentUrl":"https:\/\/congovirtuel.com\/information\/wp-content\/uploads\/2018\/10\/header-info-congovirtuel-vraie.jpg","width":728,"height":90,"caption":"Biblioth\u00e8que Virtuelle de la RDC"},"image":{"@id":"https:\/\/congovirtuel.com\/information\/#\/schema\/logo\/image\/"},"sameAs":["https:\/\/web.facebook.com\/Congovirtuel-763617960319601\/?ref=aymt_homepage_panel&amp;amp;amp;amp;amp;amp;amp;amp;amp;amp;amp;eid=ARCoxULa66767kIgF_KYav6VdjXTI4yk_LW4yoVO9s6NXpysgb7Cb65vpxcxgqzOAKvIbLQxaAETcqHT","https:\/\/x.com\/congovirtuel","https:\/\/www.youtube.com\/channel\/UCkFfprYzGgS3EWNpeMXpToQ?view_as=subscriber"]},{"@type":"Person","@id":"https:\/\/congovirtuel.com\/information\/#\/schema\/person\/739a44bf7990966cb53d58d2fdeca0b6","name":"infocongovirtuel","image":{"@type":"ImageObject","inLanguage":"fr-FR","@id":"https:\/\/secure.gravatar.com\/avatar\/4d76991aa72469f0eb22e772586c99113c6997f88da636a9db8f2ce3a2c05e69?s=96&d=mm&r=g","url":"https:\/\/secure.gravatar.com\/avatar\/4d76991aa72469f0eb22e772586c99113c6997f88da636a9db8f2ce3a2c05e69?s=96&d=mm&r=g","contentUrl":"https:\/\/secure.gravatar.com\/avatar\/4d76991aa72469f0eb22e772586c99113c6997f88da636a9db8f2ce3a2c05e69?s=96&d=mm&r=g","caption":"infocongovirtuel"},"url":"https:\/\/congovirtuel.com\/information\/author\/infocongovirtuel\/"}]}},"gt_translate_keys":[{"key":"link","format":"url"}],"_links":{"self":[{"href":"https:\/\/congovirtuel.com\/information\/wp-json\/wp\/v2\/posts\/11125","targetHints":{"allow":["GET"]}}],"collection":[{"href":"https:\/\/congovirtuel.com\/information\/wp-json\/wp\/v2\/posts"}],"about":[{"href":"https:\/\/congovirtuel.com\/information\/wp-json\/wp\/v2\/types\/post"}],"author":[{"embeddable":true,"href":"https:\/\/congovirtuel.com\/information\/wp-json\/wp\/v2\/users\/1"}],"replies":[{"embeddable":true,"href":"https:\/\/congovirtuel.com\/information\/wp-json\/wp\/v2\/comments?post=11125"}],"version-history":[{"count":1,"href":"https:\/\/congovirtuel.com\/information\/wp-json\/wp\/v2\/posts\/11125\/revisions"}],"predecessor-version":[{"id":11128,"href":"https:\/\/congovirtuel.com\/information\/wp-json\/wp\/v2\/posts\/11125\/revisions\/11128"}],"wp:featuredmedia":[{"embeddable":true,"href":"https:\/\/congovirtuel.com\/information\/wp-json\/wp\/v2\/media\/11127"}],"wp:attachment":[{"href":"https:\/\/congovirtuel.com\/information\/wp-json\/wp\/v2\/media?parent=11125"}],"wp:term":[{"taxonomy":"category","embeddable":true,"href":"https:\/\/congovirtuel.com\/information\/wp-json\/wp\/v2\/categories?post=11125"},{"taxonomy":"post_tag","embeddable":true,"href":"https:\/\/congovirtuel.com\/information\/wp-json\/wp\/v2\/tags?post=11125"}],"curies":[{"name":"wp","href":"https:\/\/api.w.org\/{rel}","templated":true}]}}