{"id":11261,"date":"2021-06-30T21:57:48","date_gmt":"2021-06-30T20:57:48","guid":{"rendered":"https:\/\/congovirtuel.com\/information\/?p=11261"},"modified":"2021-06-30T21:57:48","modified_gmt":"2021-06-30T20:57:48","slug":"le-carton-rouge-europeen-au-vaccin-astrazeneca-fabrique-en-inde-risque-de-porter-prejudice-aux-etats-africains","status":"publish","type":"post","link":"https:\/\/congovirtuel.com\/information\/le-carton-rouge-europeen-au-vaccin-astrazeneca-fabrique-en-inde-risque-de-porter-prejudice-aux-etats-africains\/","title":{"rendered":"Le carton rouge europ\u00e9en au vaccin AstraZeneca fabriqu\u00e9 en Inde risque de porter pr\u00e9judice aux Etats africains","gt_translate_keys":[{"key":"rendered","format":"text"}]},"content":{"rendered":"<p>La version indienne du vaccin contre le Covid-19 d\u2019AstraZeneca, Covishield, produite \u00e0 moindre co\u00fbt, n\u2019est pas autoris\u00e9e dans l\u2019Union europ\u00e9enne en raison de la possibilit\u00e9 de \u00ab\u00a0<em>diff\u00e9rences<\/em>\u00a0\u00bb avec l\u2019original, a d\u00e9clar\u00e9 mercredi l\u2019Agence europ\u00e9enne des m\u00e9dicaments (EMA). Pour l\u2019Union africaine, cette\u00a0non-reconnaissance\u00a0pourrait \u00eatre pr\u00e9judiciable aux populations d\u2019Afrique o\u00f9 il est largement utilis\u00e9.<\/p>\n<h2>L\u2019OMS d\u00e9plore l\u2019attitude de l\u2019Europe<\/h2>\n<div class=\"rtbf-article-text \">\n<p>La d\u00e9cision de l\u2019Agence europ\u00e9enne des M\u00e9dicaments argumente\u00a0: \u00ab\u00a0<em>Cela s\u2019explique par le fait que les vaccins sont des produits biologiques. Des diff\u00e9rences infimes dans les conditions de fabrication peuvent entra\u00eener des diff\u00e9rences dans le produit final et la l\u00e9gislation europ\u00e9enne exige que les sites de fabrication et le processus de production soient \u00e9valu\u00e9s et approuv\u00e9s dans le cadre du processus d\u2019autorisation<\/em>\u00ab\u00a0, a ajout\u00e9 l\u2019EMA.<\/p>\n<p>Seuls quatre vaccins sont actuellement autoris\u00e9s dans l\u2019UE\u00a0: ceux de Pfizer\/BioNTech, Moderna, AstraZeneca et Johnson &amp; Johnson.\u00a0Quatre autres font l\u2019objet d\u2019un \u00ab\u00a0<em>examen continu<\/em>\u00a0\u00bb en vue d\u2019une \u00e9ventuelle autorisation\u00a0: Spoutnik (Russie), Sinovac (Chine), CureVac (Allemagne) et Novavax (\u00c9tats-Unis).<\/p>\n<p>L\u2019Organisation mondiale de la sant\u00e9 a toutefois approuv\u00e9 Covishield et a d\u00e9plor\u00e9 le fait que certains pays refusent son utilisation. \u00ab\u00a0C\u2019est tr\u00e8s dommage car AstraZeneca-Covishield est exactement le m\u00eame vaccin qu\u2019AstraZeneca-Vaxzevria\u00a0\u00bb, a d\u00e9clar\u00e9 mardi Richard Mihigo, du bureau r\u00e9gional de l\u2019OMS pour l\u2019Afrique. \u00ab\u00a0La seule diff\u00e9rence est que Covishield est fabriqu\u00e9 et distribu\u00e9 dans d\u2019autres parties du monde que l\u2019Europe\u00a0\u00bb. Il a exhort\u00e9 les pays de l\u2019UE \u00e0 accepter l\u2019utilisation du Covishield.<\/p>\n<p>RTBF<\/p>\n<\/div>\n","protected":false,"gt_translate_keys":[{"key":"rendered","format":"html"}]},"excerpt":{"rendered":"<p>La version indienne du vaccin contre le Covid-19 d\u2019AstraZeneca, Covishield, produite \u00e0 moindre co\u00fbt, n\u2019est pas autoris\u00e9e dans l\u2019Union europ\u00e9enne en raison de la possibilit\u00e9 de \u00ab\u00a0diff\u00e9rences\u00a0\u00bb avec l\u2019original, a d\u00e9clar\u00e9 mercredi l\u2019Agence europ\u00e9enne des m\u00e9dicaments (EMA). Pour l\u2019Union africaine, cette\u00a0non-reconnaissance\u00a0pourrait \u00eatre pr\u00e9judiciable aux populations d\u2019Afrique o\u00f9 il est largement utilis\u00e9. L\u2019OMS d\u00e9plore l\u2019attitude de l\u2019Europe La d\u00e9cision de l\u2019Agence europ\u00e9enne des M\u00e9dicaments argumente\u00a0: \u00ab\u00a0Cela s\u2019explique par le fait que les vaccins sont des produits biologiques. Des diff\u00e9rences infimes dans les conditions de fabrication peuvent entra\u00eener des diff\u00e9rences dans le&hellip;<\/p>\n","protected":false,"gt_translate_keys":[{"key":"rendered","format":"html"}]},"author":1,"featured_media":11262,"comment_status":"open","ping_status":"open","sticky":false,"template":"","format":"standard","meta":{"_crdt_document":"","footnotes":""},"categories":[221],"tags":[11344,11346,11345],"class_list":["post-11261","post","type-post","status-publish","format-standard","has-post-thumbnail","hentry","category-vaccin","tag-covishield","tag-qualite-vaccin-afrique","tag-vaccin-astrazenenca-afrique"],"gutentor_comment":0,"yoast_head":"<!-- This site is optimized with the Yoast SEO plugin v27.5 - https:\/\/yoast.com\/product\/yoast-seo-wordpress\/ -->\n<title>Le carton rouge europ\u00e9en au vaccin AstraZeneca fabriqu\u00e9 en Inde risque de porter pr\u00e9judice aux Etats africains - Actualit\u00e9s congolaises et internationales<\/title>\n<meta name=\"robots\" content=\"index, follow, max-snippet:-1, max-image-preview:large, max-video-preview:-1\" \/>\n<link rel=\"canonical\" href=\"https:\/\/congovirtuel.com\/information\/le-carton-rouge-europeen-au-vaccin-astrazeneca-fabrique-en-inde-risque-de-porter-prejudice-aux-etats-africains\/\" \/>\n<meta property=\"og:locale\" content=\"fr_FR\" \/>\n<meta property=\"og:type\" content=\"article\" \/>\n<meta property=\"og:title\" content=\"Le carton rouge europ\u00e9en au vaccin AstraZeneca fabriqu\u00e9 en Inde risque de porter pr\u00e9judice aux Etats africains - Actualit\u00e9s congolaises et internationales\" \/>\n<meta property=\"og:description\" content=\"La version indienne du vaccin contre le Covid-19 d\u2019AstraZeneca, Covishield, produite \u00e0 moindre co\u00fbt, n\u2019est pas autoris\u00e9e dans l\u2019Union europ\u00e9enne en raison de la possibilit\u00e9 de \u00ab\u00a0diff\u00e9rences\u00a0\u00bb avec l\u2019original, a d\u00e9clar\u00e9 mercredi l\u2019Agence europ\u00e9enne des m\u00e9dicaments (EMA). Pour l\u2019Union africaine, cette\u00a0non-reconnaissance\u00a0pourrait \u00eatre pr\u00e9judiciable aux populations d\u2019Afrique o\u00f9 il est largement utilis\u00e9. L\u2019OMS d\u00e9plore l\u2019attitude de l\u2019Europe La d\u00e9cision de l\u2019Agence europ\u00e9enne des M\u00e9dicaments argumente\u00a0: \u00ab\u00a0Cela s\u2019explique par le fait que les vaccins sont des produits biologiques. Des diff\u00e9rences infimes dans les conditions de fabrication peuvent entra\u00eener des diff\u00e9rences dans le&hellip;\" \/>\n<meta property=\"og:url\" content=\"https:\/\/congovirtuel.com\/information\/le-carton-rouge-europeen-au-vaccin-astrazeneca-fabrique-en-inde-risque-de-porter-prejudice-aux-etats-africains\/\" \/>\n<meta property=\"og:site_name\" content=\"Actualit\u00e9s congolaises et internationales\" \/>\n<meta property=\"article:publisher\" content=\"https:\/\/web.facebook.com\/Congovirtuel-763617960319601\/?ref=aymt_homepage_panel&amp;amp%3bamp%3bamp%3bamp%3bamp%3bamp%3bamp%3bamp%3bamp%3bamp%3bamp%3beid=ARCoxULa66767kIgF_KYav6VdjXTI4yk_LW4yoVO9s6NXpysgb7Cb65vpxcxgqzOAKvIbLQxaAETcqHT\" \/>\n<meta property=\"article:published_time\" content=\"2021-06-30T20:57:48+00:00\" \/>\n<meta property=\"og:image\" content=\"https:\/\/congovirtuel.com\/information\/wp-content\/uploads\/2021\/06\/ac4395adcb3da3b2af3d3972d7a10221-1625075872.jpg\" \/>\n\t<meta property=\"og:image:width\" content=\"770\" \/>\n\t<meta property=\"og:image:height\" content=\"433\" \/>\n\t<meta property=\"og:image:type\" content=\"image\/jpeg\" \/>\n<meta name=\"author\" content=\"infocongovirtuel\" \/>\n<meta name=\"twitter:card\" content=\"summary_large_image\" \/>\n<meta name=\"twitter:creator\" content=\"@congovirtuel\" \/>\n<meta name=\"twitter:site\" content=\"@congovirtuel\" \/>\n<meta name=\"twitter:label1\" content=\"\u00c9crit par\" \/>\n\t<meta name=\"twitter:data1\" content=\"infocongovirtuel\" \/>\n\t<meta name=\"twitter:label2\" content=\"Dur\u00e9e de lecture estim\u00e9e\" \/>\n\t<meta name=\"twitter:data2\" content=\"2 minutes\" \/>\n<script type=\"application\/ld+json\" class=\"yoast-schema-graph\">{\"@context\":\"https:\\\/\\\/schema.org\",\"@graph\":[{\"@type\":\"Article\",\"@id\":\"https:\\\/\\\/congovirtuel.com\\\/information\\\/le-carton-rouge-europeen-au-vaccin-astrazeneca-fabrique-en-inde-risque-de-porter-prejudice-aux-etats-africains\\\/#article\",\"isPartOf\":{\"@id\":\"https:\\\/\\\/congovirtuel.com\\\/information\\\/le-carton-rouge-europeen-au-vaccin-astrazeneca-fabrique-en-inde-risque-de-porter-prejudice-aux-etats-africains\\\/\"},\"author\":{\"name\":\"infocongovirtuel\",\"@id\":\"https:\\\/\\\/congovirtuel.com\\\/information\\\/#\\\/schema\\\/person\\\/739a44bf7990966cb53d58d2fdeca0b6\"},\"headline\":\"Le carton rouge europ\u00e9en au vaccin AstraZeneca fabriqu\u00e9 en Inde risque de porter pr\u00e9judice aux Etats africains\",\"datePublished\":\"2021-06-30T20:57:48+00:00\",\"mainEntityOfPage\":{\"@id\":\"https:\\\/\\\/congovirtuel.com\\\/information\\\/le-carton-rouge-europeen-au-vaccin-astrazeneca-fabrique-en-inde-risque-de-porter-prejudice-aux-etats-africains\\\/\"},\"wordCount\":304,\"commentCount\":0,\"publisher\":{\"@id\":\"https:\\\/\\\/congovirtuel.com\\\/information\\\/#organization\"},\"image\":{\"@id\":\"https:\\\/\\\/congovirtuel.com\\\/information\\\/le-carton-rouge-europeen-au-vaccin-astrazeneca-fabrique-en-inde-risque-de-porter-prejudice-aux-etats-africains\\\/#primaryimage\"},\"thumbnailUrl\":\"https:\\\/\\\/congovirtuel.com\\\/information\\\/wp-content\\\/uploads\\\/2021\\\/06\\\/ac4395adcb3da3b2af3d3972d7a10221-1625075872.jpg\",\"keywords\":[\"Covishield\",\"Qualit\u00e9 vaccin Afrique\",\"Vaccin astrazenenca Afrique\"],\"articleSection\":[\"Vaccin\"],\"inLanguage\":\"fr-FR\",\"potentialAction\":[{\"@type\":\"CommentAction\",\"name\":\"Comment\",\"target\":[\"https:\\\/\\\/congovirtuel.com\\\/information\\\/le-carton-rouge-europeen-au-vaccin-astrazeneca-fabrique-en-inde-risque-de-porter-prejudice-aux-etats-africains\\\/#respond\"]}]},{\"@type\":\"WebPage\",\"@id\":\"https:\\\/\\\/congovirtuel.com\\\/information\\\/le-carton-rouge-europeen-au-vaccin-astrazeneca-fabrique-en-inde-risque-de-porter-prejudice-aux-etats-africains\\\/\",\"url\":\"https:\\\/\\\/congovirtuel.com\\\/information\\\/le-carton-rouge-europeen-au-vaccin-astrazeneca-fabrique-en-inde-risque-de-porter-prejudice-aux-etats-africains\\\/\",\"name\":\"Le carton rouge europ\u00e9en au vaccin AstraZeneca fabriqu\u00e9 en Inde risque de porter pr\u00e9judice aux Etats africains - Actualit\u00e9s congolaises et internationales\",\"isPartOf\":{\"@id\":\"https:\\\/\\\/congovirtuel.com\\\/information\\\/#website\"},\"primaryImageOfPage\":{\"@id\":\"https:\\\/\\\/congovirtuel.com\\\/information\\\/le-carton-rouge-europeen-au-vaccin-astrazeneca-fabrique-en-inde-risque-de-porter-prejudice-aux-etats-africains\\\/#primaryimage\"},\"image\":{\"@id\":\"https:\\\/\\\/congovirtuel.com\\\/information\\\/le-carton-rouge-europeen-au-vaccin-astrazeneca-fabrique-en-inde-risque-de-porter-prejudice-aux-etats-africains\\\/#primaryimage\"},\"thumbnailUrl\":\"https:\\\/\\\/congovirtuel.com\\\/information\\\/wp-content\\\/uploads\\\/2021\\\/06\\\/ac4395adcb3da3b2af3d3972d7a10221-1625075872.jpg\",\"datePublished\":\"2021-06-30T20:57:48+00:00\",\"breadcrumb\":{\"@id\":\"https:\\\/\\\/congovirtuel.com\\\/information\\\/le-carton-rouge-europeen-au-vaccin-astrazeneca-fabrique-en-inde-risque-de-porter-prejudice-aux-etats-africains\\\/#breadcrumb\"},\"inLanguage\":\"fr-FR\",\"potentialAction\":[{\"@type\":\"ReadAction\",\"target\":[\"https:\\\/\\\/congovirtuel.com\\\/information\\\/le-carton-rouge-europeen-au-vaccin-astrazeneca-fabrique-en-inde-risque-de-porter-prejudice-aux-etats-africains\\\/\"]}]},{\"@type\":\"ImageObject\",\"inLanguage\":\"fr-FR\",\"@id\":\"https:\\\/\\\/congovirtuel.com\\\/information\\\/le-carton-rouge-europeen-au-vaccin-astrazeneca-fabrique-en-inde-risque-de-porter-prejudice-aux-etats-africains\\\/#primaryimage\",\"url\":\"https:\\\/\\\/congovirtuel.com\\\/information\\\/wp-content\\\/uploads\\\/2021\\\/06\\\/ac4395adcb3da3b2af3d3972d7a10221-1625075872.jpg\",\"contentUrl\":\"https:\\\/\\\/congovirtuel.com\\\/information\\\/wp-content\\\/uploads\\\/2021\\\/06\\\/ac4395adcb3da3b2af3d3972d7a10221-1625075872.jpg\",\"width\":770,\"height\":433},{\"@type\":\"BreadcrumbList\",\"@id\":\"https:\\\/\\\/congovirtuel.com\\\/information\\\/le-carton-rouge-europeen-au-vaccin-astrazeneca-fabrique-en-inde-risque-de-porter-prejudice-aux-etats-africains\\\/#breadcrumb\",\"itemListElement\":[{\"@type\":\"ListItem\",\"position\":1,\"name\":\"Accueil\",\"item\":\"https:\\\/\\\/congovirtuel.com\\\/information\\\/\"},{\"@type\":\"ListItem\",\"position\":2,\"name\":\"Le carton rouge europ\u00e9en au vaccin AstraZeneca fabriqu\u00e9 en Inde risque de porter pr\u00e9judice aux Etats africains\"}]},{\"@type\":\"WebSite\",\"@id\":\"https:\\\/\\\/congovirtuel.com\\\/information\\\/#website\",\"url\":\"https:\\\/\\\/congovirtuel.com\\\/information\\\/\",\"name\":\"Actualit\u00e9s congolaises et internationales\",\"description\":\"site d&#039;analyse et de traitement d&#039;information\",\"publisher\":{\"@id\":\"https:\\\/\\\/congovirtuel.com\\\/information\\\/#organization\"},\"potentialAction\":[{\"@type\":\"SearchAction\",\"target\":{\"@type\":\"EntryPoint\",\"urlTemplate\":\"https:\\\/\\\/congovirtuel.com\\\/information\\\/?s={search_term_string}\"},\"query-input\":{\"@type\":\"PropertyValueSpecification\",\"valueRequired\":true,\"valueName\":\"search_term_string\"}}],\"inLanguage\":\"fr-FR\"},{\"@type\":\"Organization\",\"@id\":\"https:\\\/\\\/congovirtuel.com\\\/information\\\/#organization\",\"name\":\"Biblioth\u00e8que Virtuelle de la RDC\",\"url\":\"https:\\\/\\\/congovirtuel.com\\\/information\\\/\",\"logo\":{\"@type\":\"ImageObject\",\"inLanguage\":\"fr-FR\",\"@id\":\"https:\\\/\\\/congovirtuel.com\\\/information\\\/#\\\/schema\\\/logo\\\/image\\\/\",\"url\":\"https:\\\/\\\/congovirtuel.com\\\/information\\\/wp-content\\\/uploads\\\/2018\\\/10\\\/header-info-congovirtuel-vraie.jpg\",\"contentUrl\":\"https:\\\/\\\/congovirtuel.com\\\/information\\\/wp-content\\\/uploads\\\/2018\\\/10\\\/header-info-congovirtuel-vraie.jpg\",\"width\":728,\"height\":90,\"caption\":\"Biblioth\u00e8que Virtuelle de la RDC\"},\"image\":{\"@id\":\"https:\\\/\\\/congovirtuel.com\\\/information\\\/#\\\/schema\\\/logo\\\/image\\\/\"},\"sameAs\":[\"https:\\\/\\\/web.facebook.com\\\/Congovirtuel-763617960319601\\\/?ref=aymt_homepage_panel&amp;amp;amp;amp;amp;amp;amp;amp;amp;amp;amp;eid=ARCoxULa66767kIgF_KYav6VdjXTI4yk_LW4yoVO9s6NXpysgb7Cb65vpxcxgqzOAKvIbLQxaAETcqHT\",\"https:\\\/\\\/x.com\\\/congovirtuel\",\"https:\\\/\\\/www.youtube.com\\\/channel\\\/UCkFfprYzGgS3EWNpeMXpToQ?view_as=subscriber\"]},{\"@type\":\"Person\",\"@id\":\"https:\\\/\\\/congovirtuel.com\\\/information\\\/#\\\/schema\\\/person\\\/739a44bf7990966cb53d58d2fdeca0b6\",\"name\":\"infocongovirtuel\",\"image\":{\"@type\":\"ImageObject\",\"inLanguage\":\"fr-FR\",\"@id\":\"https:\\\/\\\/secure.gravatar.com\\\/avatar\\\/4d76991aa72469f0eb22e772586c99113c6997f88da636a9db8f2ce3a2c05e69?s=96&d=mm&r=g\",\"url\":\"https:\\\/\\\/secure.gravatar.com\\\/avatar\\\/4d76991aa72469f0eb22e772586c99113c6997f88da636a9db8f2ce3a2c05e69?s=96&d=mm&r=g\",\"contentUrl\":\"https:\\\/\\\/secure.gravatar.com\\\/avatar\\\/4d76991aa72469f0eb22e772586c99113c6997f88da636a9db8f2ce3a2c05e69?s=96&d=mm&r=g\",\"caption\":\"infocongovirtuel\"},\"url\":\"https:\\\/\\\/congovirtuel.com\\\/information\\\/author\\\/infocongovirtuel\\\/\"}]}<\/script>\n<!-- \/ Yoast SEO plugin. -->","yoast_head_json":{"title":"Le carton rouge europ\u00e9en au vaccin AstraZeneca fabriqu\u00e9 en Inde risque de porter pr\u00e9judice aux Etats africains - Actualit\u00e9s congolaises et internationales","robots":{"index":"index","follow":"follow","max-snippet":"max-snippet:-1","max-image-preview":"max-image-preview:large","max-video-preview":"max-video-preview:-1"},"canonical":"https:\/\/congovirtuel.com\/information\/le-carton-rouge-europeen-au-vaccin-astrazeneca-fabrique-en-inde-risque-de-porter-prejudice-aux-etats-africains\/","og_locale":"fr_FR","og_type":"article","og_title":"Le carton rouge europ\u00e9en au vaccin AstraZeneca fabriqu\u00e9 en Inde risque de porter pr\u00e9judice aux Etats africains - Actualit\u00e9s congolaises et internationales","og_description":"La version indienne du vaccin contre le Covid-19 d\u2019AstraZeneca, Covishield, produite \u00e0 moindre co\u00fbt, n\u2019est pas autoris\u00e9e dans l\u2019Union europ\u00e9enne en raison de la possibilit\u00e9 de \u00ab\u00a0diff\u00e9rences\u00a0\u00bb avec l\u2019original, a d\u00e9clar\u00e9 mercredi l\u2019Agence europ\u00e9enne des m\u00e9dicaments (EMA). Pour l\u2019Union africaine, cette\u00a0non-reconnaissance\u00a0pourrait \u00eatre pr\u00e9judiciable aux populations d\u2019Afrique o\u00f9 il est largement utilis\u00e9. L\u2019OMS d\u00e9plore l\u2019attitude de l\u2019Europe La d\u00e9cision de l\u2019Agence europ\u00e9enne des M\u00e9dicaments argumente\u00a0: \u00ab\u00a0Cela s\u2019explique par le fait que les vaccins sont des produits biologiques. Des diff\u00e9rences infimes dans les conditions de fabrication peuvent entra\u00eener des diff\u00e9rences dans le&hellip;","og_url":"https:\/\/congovirtuel.com\/information\/le-carton-rouge-europeen-au-vaccin-astrazeneca-fabrique-en-inde-risque-de-porter-prejudice-aux-etats-africains\/","og_site_name":"Actualit\u00e9s congolaises et internationales","article_publisher":"https:\/\/web.facebook.com\/Congovirtuel-763617960319601\/?ref=aymt_homepage_panel&amp%3bamp%3bamp%3bamp%3bamp%3bamp%3bamp%3bamp%3bamp%3bamp%3bamp%3beid=ARCoxULa66767kIgF_KYav6VdjXTI4yk_LW4yoVO9s6NXpysgb7Cb65vpxcxgqzOAKvIbLQxaAETcqHT","article_published_time":"2021-06-30T20:57:48+00:00","og_image":[{"width":770,"height":433,"url":"https:\/\/congovirtuel.com\/information\/wp-content\/uploads\/2021\/06\/ac4395adcb3da3b2af3d3972d7a10221-1625075872.jpg","type":"image\/jpeg"}],"author":"infocongovirtuel","twitter_card":"summary_large_image","twitter_creator":"@congovirtuel","twitter_site":"@congovirtuel","twitter_misc":{"\u00c9crit par":"infocongovirtuel","Dur\u00e9e de lecture estim\u00e9e":"2 minutes"},"schema":{"@context":"https:\/\/schema.org","@graph":[{"@type":"Article","@id":"https:\/\/congovirtuel.com\/information\/le-carton-rouge-europeen-au-vaccin-astrazeneca-fabrique-en-inde-risque-de-porter-prejudice-aux-etats-africains\/#article","isPartOf":{"@id":"https:\/\/congovirtuel.com\/information\/le-carton-rouge-europeen-au-vaccin-astrazeneca-fabrique-en-inde-risque-de-porter-prejudice-aux-etats-africains\/"},"author":{"name":"infocongovirtuel","@id":"https:\/\/congovirtuel.com\/information\/#\/schema\/person\/739a44bf7990966cb53d58d2fdeca0b6"},"headline":"Le carton rouge europ\u00e9en au vaccin AstraZeneca fabriqu\u00e9 en Inde risque de porter pr\u00e9judice aux Etats africains","datePublished":"2021-06-30T20:57:48+00:00","mainEntityOfPage":{"@id":"https:\/\/congovirtuel.com\/information\/le-carton-rouge-europeen-au-vaccin-astrazeneca-fabrique-en-inde-risque-de-porter-prejudice-aux-etats-africains\/"},"wordCount":304,"commentCount":0,"publisher":{"@id":"https:\/\/congovirtuel.com\/information\/#organization"},"image":{"@id":"https:\/\/congovirtuel.com\/information\/le-carton-rouge-europeen-au-vaccin-astrazeneca-fabrique-en-inde-risque-de-porter-prejudice-aux-etats-africains\/#primaryimage"},"thumbnailUrl":"https:\/\/congovirtuel.com\/information\/wp-content\/uploads\/2021\/06\/ac4395adcb3da3b2af3d3972d7a10221-1625075872.jpg","keywords":["Covishield","Qualit\u00e9 vaccin Afrique","Vaccin astrazenenca Afrique"],"articleSection":["Vaccin"],"inLanguage":"fr-FR","potentialAction":[{"@type":"CommentAction","name":"Comment","target":["https:\/\/congovirtuel.com\/information\/le-carton-rouge-europeen-au-vaccin-astrazeneca-fabrique-en-inde-risque-de-porter-prejudice-aux-etats-africains\/#respond"]}]},{"@type":"WebPage","@id":"https:\/\/congovirtuel.com\/information\/le-carton-rouge-europeen-au-vaccin-astrazeneca-fabrique-en-inde-risque-de-porter-prejudice-aux-etats-africains\/","url":"https:\/\/congovirtuel.com\/information\/le-carton-rouge-europeen-au-vaccin-astrazeneca-fabrique-en-inde-risque-de-porter-prejudice-aux-etats-africains\/","name":"Le carton rouge europ\u00e9en au vaccin AstraZeneca fabriqu\u00e9 en Inde risque de porter pr\u00e9judice aux Etats africains - Actualit\u00e9s congolaises et internationales","isPartOf":{"@id":"https:\/\/congovirtuel.com\/information\/#website"},"primaryImageOfPage":{"@id":"https:\/\/congovirtuel.com\/information\/le-carton-rouge-europeen-au-vaccin-astrazeneca-fabrique-en-inde-risque-de-porter-prejudice-aux-etats-africains\/#primaryimage"},"image":{"@id":"https:\/\/congovirtuel.com\/information\/le-carton-rouge-europeen-au-vaccin-astrazeneca-fabrique-en-inde-risque-de-porter-prejudice-aux-etats-africains\/#primaryimage"},"thumbnailUrl":"https:\/\/congovirtuel.com\/information\/wp-content\/uploads\/2021\/06\/ac4395adcb3da3b2af3d3972d7a10221-1625075872.jpg","datePublished":"2021-06-30T20:57:48+00:00","breadcrumb":{"@id":"https:\/\/congovirtuel.com\/information\/le-carton-rouge-europeen-au-vaccin-astrazeneca-fabrique-en-inde-risque-de-porter-prejudice-aux-etats-africains\/#breadcrumb"},"inLanguage":"fr-FR","potentialAction":[{"@type":"ReadAction","target":["https:\/\/congovirtuel.com\/information\/le-carton-rouge-europeen-au-vaccin-astrazeneca-fabrique-en-inde-risque-de-porter-prejudice-aux-etats-africains\/"]}]},{"@type":"ImageObject","inLanguage":"fr-FR","@id":"https:\/\/congovirtuel.com\/information\/le-carton-rouge-europeen-au-vaccin-astrazeneca-fabrique-en-inde-risque-de-porter-prejudice-aux-etats-africains\/#primaryimage","url":"https:\/\/congovirtuel.com\/information\/wp-content\/uploads\/2021\/06\/ac4395adcb3da3b2af3d3972d7a10221-1625075872.jpg","contentUrl":"https:\/\/congovirtuel.com\/information\/wp-content\/uploads\/2021\/06\/ac4395adcb3da3b2af3d3972d7a10221-1625075872.jpg","width":770,"height":433},{"@type":"BreadcrumbList","@id":"https:\/\/congovirtuel.com\/information\/le-carton-rouge-europeen-au-vaccin-astrazeneca-fabrique-en-inde-risque-de-porter-prejudice-aux-etats-africains\/#breadcrumb","itemListElement":[{"@type":"ListItem","position":1,"name":"Accueil","item":"https:\/\/congovirtuel.com\/information\/"},{"@type":"ListItem","position":2,"name":"Le carton rouge europ\u00e9en au vaccin AstraZeneca fabriqu\u00e9 en Inde risque de porter pr\u00e9judice aux Etats africains"}]},{"@type":"WebSite","@id":"https:\/\/congovirtuel.com\/information\/#website","url":"https:\/\/congovirtuel.com\/information\/","name":"Actualit\u00e9s congolaises et internationales","description":"site d&#039;analyse et de traitement d&#039;information","publisher":{"@id":"https:\/\/congovirtuel.com\/information\/#organization"},"potentialAction":[{"@type":"SearchAction","target":{"@type":"EntryPoint","urlTemplate":"https:\/\/congovirtuel.com\/information\/?s={search_term_string}"},"query-input":{"@type":"PropertyValueSpecification","valueRequired":true,"valueName":"search_term_string"}}],"inLanguage":"fr-FR"},{"@type":"Organization","@id":"https:\/\/congovirtuel.com\/information\/#organization","name":"Biblioth\u00e8que Virtuelle de la RDC","url":"https:\/\/congovirtuel.com\/information\/","logo":{"@type":"ImageObject","inLanguage":"fr-FR","@id":"https:\/\/congovirtuel.com\/information\/#\/schema\/logo\/image\/","url":"https:\/\/congovirtuel.com\/information\/wp-content\/uploads\/2018\/10\/header-info-congovirtuel-vraie.jpg","contentUrl":"https:\/\/congovirtuel.com\/information\/wp-content\/uploads\/2018\/10\/header-info-congovirtuel-vraie.jpg","width":728,"height":90,"caption":"Biblioth\u00e8que Virtuelle de la RDC"},"image":{"@id":"https:\/\/congovirtuel.com\/information\/#\/schema\/logo\/image\/"},"sameAs":["https:\/\/web.facebook.com\/Congovirtuel-763617960319601\/?ref=aymt_homepage_panel&amp;amp;amp;amp;amp;amp;amp;amp;amp;amp;amp;eid=ARCoxULa66767kIgF_KYav6VdjXTI4yk_LW4yoVO9s6NXpysgb7Cb65vpxcxgqzOAKvIbLQxaAETcqHT","https:\/\/x.com\/congovirtuel","https:\/\/www.youtube.com\/channel\/UCkFfprYzGgS3EWNpeMXpToQ?view_as=subscriber"]},{"@type":"Person","@id":"https:\/\/congovirtuel.com\/information\/#\/schema\/person\/739a44bf7990966cb53d58d2fdeca0b6","name":"infocongovirtuel","image":{"@type":"ImageObject","inLanguage":"fr-FR","@id":"https:\/\/secure.gravatar.com\/avatar\/4d76991aa72469f0eb22e772586c99113c6997f88da636a9db8f2ce3a2c05e69?s=96&d=mm&r=g","url":"https:\/\/secure.gravatar.com\/avatar\/4d76991aa72469f0eb22e772586c99113c6997f88da636a9db8f2ce3a2c05e69?s=96&d=mm&r=g","contentUrl":"https:\/\/secure.gravatar.com\/avatar\/4d76991aa72469f0eb22e772586c99113c6997f88da636a9db8f2ce3a2c05e69?s=96&d=mm&r=g","caption":"infocongovirtuel"},"url":"https:\/\/congovirtuel.com\/information\/author\/infocongovirtuel\/"}]}},"gt_translate_keys":[{"key":"link","format":"url"}],"_links":{"self":[{"href":"https:\/\/congovirtuel.com\/information\/wp-json\/wp\/v2\/posts\/11261","targetHints":{"allow":["GET"]}}],"collection":[{"href":"https:\/\/congovirtuel.com\/information\/wp-json\/wp\/v2\/posts"}],"about":[{"href":"https:\/\/congovirtuel.com\/information\/wp-json\/wp\/v2\/types\/post"}],"author":[{"embeddable":true,"href":"https:\/\/congovirtuel.com\/information\/wp-json\/wp\/v2\/users\/1"}],"replies":[{"embeddable":true,"href":"https:\/\/congovirtuel.com\/information\/wp-json\/wp\/v2\/comments?post=11261"}],"version-history":[{"count":1,"href":"https:\/\/congovirtuel.com\/information\/wp-json\/wp\/v2\/posts\/11261\/revisions"}],"predecessor-version":[{"id":11263,"href":"https:\/\/congovirtuel.com\/information\/wp-json\/wp\/v2\/posts\/11261\/revisions\/11263"}],"wp:featuredmedia":[{"embeddable":true,"href":"https:\/\/congovirtuel.com\/information\/wp-json\/wp\/v2\/media\/11262"}],"wp:attachment":[{"href":"https:\/\/congovirtuel.com\/information\/wp-json\/wp\/v2\/media?parent=11261"}],"wp:term":[{"taxonomy":"category","embeddable":true,"href":"https:\/\/congovirtuel.com\/information\/wp-json\/wp\/v2\/categories?post=11261"},{"taxonomy":"post_tag","embeddable":true,"href":"https:\/\/congovirtuel.com\/information\/wp-json\/wp\/v2\/tags?post=11261"}],"curies":[{"name":"wp","href":"https:\/\/api.w.org\/{rel}","templated":true}]}}