{"id":11326,"date":"2021-07-02T17:35:37","date_gmt":"2021-07-02T16:35:37","guid":{"rendered":"https:\/\/congovirtuel.com\/information\/?p=11326"},"modified":"2021-07-02T17:35:40","modified_gmt":"2021-07-02T16:35:40","slug":"rdc-ituri-lynchage-de-8-presumes-collaborateurs-des-adf-par-la-population-de-komanda-2","status":"publish","type":"post","link":"https:\/\/congovirtuel.com\/information\/rdc-ituri-lynchage-de-8-presumes-collaborateurs-des-adf-par-la-population-de-komanda-2\/","title":{"rendered":"RDC-Ituri : Lynchage de 8 pr\u00e9sum\u00e9s collaborateurs des ADF par la population de Komanda 2","gt_translate_keys":[{"key":"rendered","format":"text"}]},"content":{"rendered":"\n<p class=\"wp-block-paragraph\">8 pr\u00e9sum\u00e9s combattants ADF ont subi la col\u00e8re des habitants de Komanda. En effet, un nouveau cas de justice populaire a \u00e9t\u00e9 enregistr\u00e9 jeudi 01 juillet au village Mabambila au sud de de Komanda dans le territoire d\u2019Irumu en province de l\u2019Ituri.<\/p>\n\n\n\n<p class=\"wp-block-paragraph\">8 personnes soup\u00e7onn\u00e9es par la population d\u2019\u00eatre collaborateurs des combattants ADF retrouv\u00e9s dans une maison, ont \u00e9t\u00e9 lynch\u00e9s et la maison incendi\u00e9e. Certaines sources imputent cet acte aux membres de la communaut\u00e9 \u00ab\u00a0Banyabwisha\u00a0\u00bb.<\/p>\n\n\n\n<p class=\"wp-block-paragraph\">A la suite de cette situation, les activit\u00e9s socio-\u00e9conomiques ont \u00e9t\u00e9 paralys\u00e9es au centre de Komanda jeudi soir et certains habitants de la place ont vid\u00e9 cette contr\u00e9e vers d\u2019autres zones suppos\u00e9es s\u00e9curis\u00e9es, craignant pour leur s\u00e9curit\u00e9.<\/p>\n\n\n\n<p class=\"wp-block-paragraph\">La Convention relative pour le respect des droits humains CRDH\/ Irumu, par le biais de son coordonnateur Christophe Munyanderu confirme cette information et fustige tout de m\u00eame l\u2019agissement de la population de Komanda, qui, selon lui peut faire disparaitre les traces des massacreurs de la paisible population dans cette partie du territoire d\u2019Irumu.<\/p>\n\n\n\n<p class=\"wp-block-paragraph\">Jusqu\u2019\u00e0 la r\u00e9daction de cette nouvelle aucune autorit\u00e9 officielle n\u2019a donn\u00e9 sa version des faits.<\/p>\n\n\n\n<p class=\"wp-block-paragraph\">I<strong>nfocongo<\/strong><\/p>\n","protected":false,"gt_translate_keys":[{"key":"rendered","format":"html"}]},"excerpt":{"rendered":"<p>8 pr\u00e9sum\u00e9s combattants ADF ont subi la col\u00e8re des habitants de Komanda. En effet, un nouveau cas de justice populaire a \u00e9t\u00e9 enregistr\u00e9 jeudi 01 juillet au village Mabambila au sud de de Komanda dans le territoire d\u2019Irumu en province de l\u2019Ituri. 8 personnes soup\u00e7onn\u00e9es par la population d\u2019\u00eatre collaborateurs des combattants ADF retrouv\u00e9s dans une maison, ont \u00e9t\u00e9 lynch\u00e9s et la maison incendi\u00e9e. Certaines sources imputent cet acte aux membres de la communaut\u00e9 \u00ab\u00a0Banyabwisha\u00a0\u00bb. A la suite de cette situation, les activit\u00e9s socio-\u00e9conomiques ont \u00e9t\u00e9 paralys\u00e9es au centre de&hellip;<\/p>\n","protected":false,"gt_translate_keys":[{"key":"rendered","format":"html"}]},"author":1,"featured_media":11328,"comment_status":"open","ping_status":"open","sticky":false,"template":"","format":"standard","meta":{"_crdt_document":"","footnotes":""},"categories":[199],"tags":[11492],"class_list":["post-11326","post","type-post","status-publish","format-standard","has-post-thumbnail","hentry","category-insecurite","tag-lynchage"],"gutentor_comment":0,"yoast_head":"<!-- This site is optimized with the Yoast SEO plugin v27.5 - https:\/\/yoast.com\/product\/yoast-seo-wordpress\/ -->\n<title>RDC-Ituri : Lynchage de 8 pr\u00e9sum\u00e9s collaborateurs des ADF par la population de Komanda 2 - Actualit\u00e9s congolaises et internationales<\/title>\n<meta name=\"robots\" content=\"index, follow, max-snippet:-1, max-image-preview:large, max-video-preview:-1\" \/>\n<link rel=\"canonical\" href=\"https:\/\/congovirtuel.com\/information\/rdc-ituri-lynchage-de-8-presumes-collaborateurs-des-adf-par-la-population-de-komanda-2\/\" \/>\n<meta property=\"og:locale\" content=\"fr_FR\" \/>\n<meta property=\"og:type\" content=\"article\" \/>\n<meta property=\"og:title\" content=\"RDC-Ituri : Lynchage de 8 pr\u00e9sum\u00e9s collaborateurs des ADF par la population de Komanda 2 - Actualit\u00e9s congolaises et internationales\" \/>\n<meta property=\"og:description\" content=\"8 pr\u00e9sum\u00e9s combattants ADF ont subi la col\u00e8re des habitants de Komanda. En effet, un nouveau cas de justice populaire a \u00e9t\u00e9 enregistr\u00e9 jeudi 01 juillet au village Mabambila au sud de de Komanda dans le territoire d\u2019Irumu en province de l\u2019Ituri. 8 personnes soup\u00e7onn\u00e9es par la population d\u2019\u00eatre collaborateurs des combattants ADF retrouv\u00e9s dans une maison, ont \u00e9t\u00e9 lynch\u00e9s et la maison incendi\u00e9e. Certaines sources imputent cet acte aux membres de la communaut\u00e9 \u00ab\u00a0Banyabwisha\u00a0\u00bb. A la suite de cette situation, les activit\u00e9s socio-\u00e9conomiques ont \u00e9t\u00e9 paralys\u00e9es au centre de&hellip;\" \/>\n<meta property=\"og:url\" content=\"https:\/\/congovirtuel.com\/information\/rdc-ituri-lynchage-de-8-presumes-collaborateurs-des-adf-par-la-population-de-komanda-2\/\" \/>\n<meta property=\"og:site_name\" content=\"Actualit\u00e9s congolaises et internationales\" \/>\n<meta property=\"article:publisher\" content=\"https:\/\/web.facebook.com\/Congovirtuel-763617960319601\/?ref=aymt_homepage_panel&amp;amp%3bamp%3bamp%3bamp%3bamp%3bamp%3bamp%3bamp%3bamp%3bamp%3bamp%3beid=ARCoxULa66767kIgF_KYav6VdjXTI4yk_LW4yoVO9s6NXpysgb7Cb65vpxcxgqzOAKvIbLQxaAETcqHT\" \/>\n<meta property=\"article:published_time\" content=\"2021-07-02T16:35:37+00:00\" \/>\n<meta property=\"article:modified_time\" content=\"2021-07-02T16:35:40+00:00\" \/>\n<meta property=\"og:image\" content=\"https:\/\/congovirtuel.com\/information\/wp-content\/uploads\/2021\/07\/lynchage.jpg\" \/>\n\t<meta property=\"og:image:width\" content=\"830\" \/>\n\t<meta property=\"og:image:height\" content=\"409\" \/>\n\t<meta property=\"og:image:type\" content=\"image\/jpeg\" \/>\n<meta name=\"author\" content=\"infocongovirtuel\" \/>\n<meta name=\"twitter:card\" content=\"summary_large_image\" \/>\n<meta name=\"twitter:creator\" content=\"@congovirtuel\" \/>\n<meta name=\"twitter:site\" content=\"@congovirtuel\" \/>\n<meta name=\"twitter:label1\" content=\"\u00c9crit par\" \/>\n\t<meta name=\"twitter:data1\" content=\"infocongovirtuel\" \/>\n\t<meta name=\"twitter:label2\" content=\"Dur\u00e9e de lecture estim\u00e9e\" \/>\n\t<meta name=\"twitter:data2\" content=\"1 minute\" \/>\n<script type=\"application\/ld+json\" class=\"yoast-schema-graph\">{\"@context\":\"https:\\\/\\\/schema.org\",\"@graph\":[{\"@type\":\"Article\",\"@id\":\"https:\\\/\\\/congovirtuel.com\\\/information\\\/rdc-ituri-lynchage-de-8-presumes-collaborateurs-des-adf-par-la-population-de-komanda-2\\\/#article\",\"isPartOf\":{\"@id\":\"https:\\\/\\\/congovirtuel.com\\\/information\\\/rdc-ituri-lynchage-de-8-presumes-collaborateurs-des-adf-par-la-population-de-komanda-2\\\/\"},\"author\":{\"name\":\"infocongovirtuel\",\"@id\":\"https:\\\/\\\/congovirtuel.com\\\/information\\\/#\\\/schema\\\/person\\\/739a44bf7990966cb53d58d2fdeca0b6\"},\"headline\":\"RDC-Ituri : Lynchage de 8 pr\u00e9sum\u00e9s collaborateurs des ADF par la population de Komanda 2\",\"datePublished\":\"2021-07-02T16:35:37+00:00\",\"dateModified\":\"2021-07-02T16:35:40+00:00\",\"mainEntityOfPage\":{\"@id\":\"https:\\\/\\\/congovirtuel.com\\\/information\\\/rdc-ituri-lynchage-de-8-presumes-collaborateurs-des-adf-par-la-population-de-komanda-2\\\/\"},\"wordCount\":217,\"commentCount\":0,\"publisher\":{\"@id\":\"https:\\\/\\\/congovirtuel.com\\\/information\\\/#organization\"},\"image\":{\"@id\":\"https:\\\/\\\/congovirtuel.com\\\/information\\\/rdc-ituri-lynchage-de-8-presumes-collaborateurs-des-adf-par-la-population-de-komanda-2\\\/#primaryimage\"},\"thumbnailUrl\":\"https:\\\/\\\/congovirtuel.com\\\/information\\\/wp-content\\\/uploads\\\/2021\\\/07\\\/lynchage.jpg\",\"keywords\":[\"Lynchage\"],\"articleSection\":[\"Ins\u00e9curit\u00e9\"],\"inLanguage\":\"fr-FR\",\"potentialAction\":[{\"@type\":\"CommentAction\",\"name\":\"Comment\",\"target\":[\"https:\\\/\\\/congovirtuel.com\\\/information\\\/rdc-ituri-lynchage-de-8-presumes-collaborateurs-des-adf-par-la-population-de-komanda-2\\\/#respond\"]}]},{\"@type\":\"WebPage\",\"@id\":\"https:\\\/\\\/congovirtuel.com\\\/information\\\/rdc-ituri-lynchage-de-8-presumes-collaborateurs-des-adf-par-la-population-de-komanda-2\\\/\",\"url\":\"https:\\\/\\\/congovirtuel.com\\\/information\\\/rdc-ituri-lynchage-de-8-presumes-collaborateurs-des-adf-par-la-population-de-komanda-2\\\/\",\"name\":\"RDC-Ituri : Lynchage de 8 pr\u00e9sum\u00e9s collaborateurs des ADF par la population de Komanda 2 - Actualit\u00e9s congolaises et internationales\",\"isPartOf\":{\"@id\":\"https:\\\/\\\/congovirtuel.com\\\/information\\\/#website\"},\"primaryImageOfPage\":{\"@id\":\"https:\\\/\\\/congovirtuel.com\\\/information\\\/rdc-ituri-lynchage-de-8-presumes-collaborateurs-des-adf-par-la-population-de-komanda-2\\\/#primaryimage\"},\"image\":{\"@id\":\"https:\\\/\\\/congovirtuel.com\\\/information\\\/rdc-ituri-lynchage-de-8-presumes-collaborateurs-des-adf-par-la-population-de-komanda-2\\\/#primaryimage\"},\"thumbnailUrl\":\"https:\\\/\\\/congovirtuel.com\\\/information\\\/wp-content\\\/uploads\\\/2021\\\/07\\\/lynchage.jpg\",\"datePublished\":\"2021-07-02T16:35:37+00:00\",\"dateModified\":\"2021-07-02T16:35:40+00:00\",\"breadcrumb\":{\"@id\":\"https:\\\/\\\/congovirtuel.com\\\/information\\\/rdc-ituri-lynchage-de-8-presumes-collaborateurs-des-adf-par-la-population-de-komanda-2\\\/#breadcrumb\"},\"inLanguage\":\"fr-FR\",\"potentialAction\":[{\"@type\":\"ReadAction\",\"target\":[\"https:\\\/\\\/congovirtuel.com\\\/information\\\/rdc-ituri-lynchage-de-8-presumes-collaborateurs-des-adf-par-la-population-de-komanda-2\\\/\"]}]},{\"@type\":\"ImageObject\",\"inLanguage\":\"fr-FR\",\"@id\":\"https:\\\/\\\/congovirtuel.com\\\/information\\\/rdc-ituri-lynchage-de-8-presumes-collaborateurs-des-adf-par-la-population-de-komanda-2\\\/#primaryimage\",\"url\":\"https:\\\/\\\/congovirtuel.com\\\/information\\\/wp-content\\\/uploads\\\/2021\\\/07\\\/lynchage.jpg\",\"contentUrl\":\"https:\\\/\\\/congovirtuel.com\\\/information\\\/wp-content\\\/uploads\\\/2021\\\/07\\\/lynchage.jpg\",\"width\":830,\"height\":409,\"caption\":\"\u00e2me sensible s'abstenir, image choquante\"},{\"@type\":\"BreadcrumbList\",\"@id\":\"https:\\\/\\\/congovirtuel.com\\\/information\\\/rdc-ituri-lynchage-de-8-presumes-collaborateurs-des-adf-par-la-population-de-komanda-2\\\/#breadcrumb\",\"itemListElement\":[{\"@type\":\"ListItem\",\"position\":1,\"name\":\"Accueil\",\"item\":\"https:\\\/\\\/congovirtuel.com\\\/information\\\/\"},{\"@type\":\"ListItem\",\"position\":2,\"name\":\"RDC-Ituri : Lynchage de 8 pr\u00e9sum\u00e9s collaborateurs des ADF par la population de Komanda 2\"}]},{\"@type\":\"WebSite\",\"@id\":\"https:\\\/\\\/congovirtuel.com\\\/information\\\/#website\",\"url\":\"https:\\\/\\\/congovirtuel.com\\\/information\\\/\",\"name\":\"Actualit\u00e9s congolaises et internationales\",\"description\":\"site d&#039;analyse et de traitement d&#039;information\",\"publisher\":{\"@id\":\"https:\\\/\\\/congovirtuel.com\\\/information\\\/#organization\"},\"potentialAction\":[{\"@type\":\"SearchAction\",\"target\":{\"@type\":\"EntryPoint\",\"urlTemplate\":\"https:\\\/\\\/congovirtuel.com\\\/information\\\/?s={search_term_string}\"},\"query-input\":{\"@type\":\"PropertyValueSpecification\",\"valueRequired\":true,\"valueName\":\"search_term_string\"}}],\"inLanguage\":\"fr-FR\"},{\"@type\":\"Organization\",\"@id\":\"https:\\\/\\\/congovirtuel.com\\\/information\\\/#organization\",\"name\":\"Biblioth\u00e8que Virtuelle de la RDC\",\"url\":\"https:\\\/\\\/congovirtuel.com\\\/information\\\/\",\"logo\":{\"@type\":\"ImageObject\",\"inLanguage\":\"fr-FR\",\"@id\":\"https:\\\/\\\/congovirtuel.com\\\/information\\\/#\\\/schema\\\/logo\\\/image\\\/\",\"url\":\"https:\\\/\\\/congovirtuel.com\\\/information\\\/wp-content\\\/uploads\\\/2018\\\/10\\\/header-info-congovirtuel-vraie.jpg\",\"contentUrl\":\"https:\\\/\\\/congovirtuel.com\\\/information\\\/wp-content\\\/uploads\\\/2018\\\/10\\\/header-info-congovirtuel-vraie.jpg\",\"width\":728,\"height\":90,\"caption\":\"Biblioth\u00e8que Virtuelle de la RDC\"},\"image\":{\"@id\":\"https:\\\/\\\/congovirtuel.com\\\/information\\\/#\\\/schema\\\/logo\\\/image\\\/\"},\"sameAs\":[\"https:\\\/\\\/web.facebook.com\\\/Congovirtuel-763617960319601\\\/?ref=aymt_homepage_panel&amp;amp;amp;amp;amp;amp;amp;amp;amp;amp;amp;eid=ARCoxULa66767kIgF_KYav6VdjXTI4yk_LW4yoVO9s6NXpysgb7Cb65vpxcxgqzOAKvIbLQxaAETcqHT\",\"https:\\\/\\\/x.com\\\/congovirtuel\",\"https:\\\/\\\/www.youtube.com\\\/channel\\\/UCkFfprYzGgS3EWNpeMXpToQ?view_as=subscriber\"]},{\"@type\":\"Person\",\"@id\":\"https:\\\/\\\/congovirtuel.com\\\/information\\\/#\\\/schema\\\/person\\\/739a44bf7990966cb53d58d2fdeca0b6\",\"name\":\"infocongovirtuel\",\"image\":{\"@type\":\"ImageObject\",\"inLanguage\":\"fr-FR\",\"@id\":\"https:\\\/\\\/secure.gravatar.com\\\/avatar\\\/4d76991aa72469f0eb22e772586c99113c6997f88da636a9db8f2ce3a2c05e69?s=96&d=mm&r=g\",\"url\":\"https:\\\/\\\/secure.gravatar.com\\\/avatar\\\/4d76991aa72469f0eb22e772586c99113c6997f88da636a9db8f2ce3a2c05e69?s=96&d=mm&r=g\",\"contentUrl\":\"https:\\\/\\\/secure.gravatar.com\\\/avatar\\\/4d76991aa72469f0eb22e772586c99113c6997f88da636a9db8f2ce3a2c05e69?s=96&d=mm&r=g\",\"caption\":\"infocongovirtuel\"},\"url\":\"https:\\\/\\\/congovirtuel.com\\\/information\\\/author\\\/infocongovirtuel\\\/\"}]}<\/script>\n<!-- \/ Yoast SEO plugin. -->","yoast_head_json":{"title":"RDC-Ituri : Lynchage de 8 pr\u00e9sum\u00e9s collaborateurs des ADF par la population de Komanda 2 - Actualit\u00e9s congolaises et internationales","robots":{"index":"index","follow":"follow","max-snippet":"max-snippet:-1","max-image-preview":"max-image-preview:large","max-video-preview":"max-video-preview:-1"},"canonical":"https:\/\/congovirtuel.com\/information\/rdc-ituri-lynchage-de-8-presumes-collaborateurs-des-adf-par-la-population-de-komanda-2\/","og_locale":"fr_FR","og_type":"article","og_title":"RDC-Ituri : Lynchage de 8 pr\u00e9sum\u00e9s collaborateurs des ADF par la population de Komanda 2 - Actualit\u00e9s congolaises et internationales","og_description":"8 pr\u00e9sum\u00e9s combattants ADF ont subi la col\u00e8re des habitants de Komanda. En effet, un nouveau cas de justice populaire a \u00e9t\u00e9 enregistr\u00e9 jeudi 01 juillet au village Mabambila au sud de de Komanda dans le territoire d\u2019Irumu en province de l\u2019Ituri. 8 personnes soup\u00e7onn\u00e9es par la population d\u2019\u00eatre collaborateurs des combattants ADF retrouv\u00e9s dans une maison, ont \u00e9t\u00e9 lynch\u00e9s et la maison incendi\u00e9e. Certaines sources imputent cet acte aux membres de la communaut\u00e9 \u00ab\u00a0Banyabwisha\u00a0\u00bb. A la suite de cette situation, les activit\u00e9s socio-\u00e9conomiques ont \u00e9t\u00e9 paralys\u00e9es au centre de&hellip;","og_url":"https:\/\/congovirtuel.com\/information\/rdc-ituri-lynchage-de-8-presumes-collaborateurs-des-adf-par-la-population-de-komanda-2\/","og_site_name":"Actualit\u00e9s congolaises et internationales","article_publisher":"https:\/\/web.facebook.com\/Congovirtuel-763617960319601\/?ref=aymt_homepage_panel&amp%3bamp%3bamp%3bamp%3bamp%3bamp%3bamp%3bamp%3bamp%3bamp%3bamp%3beid=ARCoxULa66767kIgF_KYav6VdjXTI4yk_LW4yoVO9s6NXpysgb7Cb65vpxcxgqzOAKvIbLQxaAETcqHT","article_published_time":"2021-07-02T16:35:37+00:00","article_modified_time":"2021-07-02T16:35:40+00:00","og_image":[{"width":830,"height":409,"url":"https:\/\/congovirtuel.com\/information\/wp-content\/uploads\/2021\/07\/lynchage.jpg","type":"image\/jpeg"}],"author":"infocongovirtuel","twitter_card":"summary_large_image","twitter_creator":"@congovirtuel","twitter_site":"@congovirtuel","twitter_misc":{"\u00c9crit par":"infocongovirtuel","Dur\u00e9e de lecture estim\u00e9e":"1 minute"},"schema":{"@context":"https:\/\/schema.org","@graph":[{"@type":"Article","@id":"https:\/\/congovirtuel.com\/information\/rdc-ituri-lynchage-de-8-presumes-collaborateurs-des-adf-par-la-population-de-komanda-2\/#article","isPartOf":{"@id":"https:\/\/congovirtuel.com\/information\/rdc-ituri-lynchage-de-8-presumes-collaborateurs-des-adf-par-la-population-de-komanda-2\/"},"author":{"name":"infocongovirtuel","@id":"https:\/\/congovirtuel.com\/information\/#\/schema\/person\/739a44bf7990966cb53d58d2fdeca0b6"},"headline":"RDC-Ituri : Lynchage de 8 pr\u00e9sum\u00e9s collaborateurs des ADF par la population de Komanda 2","datePublished":"2021-07-02T16:35:37+00:00","dateModified":"2021-07-02T16:35:40+00:00","mainEntityOfPage":{"@id":"https:\/\/congovirtuel.com\/information\/rdc-ituri-lynchage-de-8-presumes-collaborateurs-des-adf-par-la-population-de-komanda-2\/"},"wordCount":217,"commentCount":0,"publisher":{"@id":"https:\/\/congovirtuel.com\/information\/#organization"},"image":{"@id":"https:\/\/congovirtuel.com\/information\/rdc-ituri-lynchage-de-8-presumes-collaborateurs-des-adf-par-la-population-de-komanda-2\/#primaryimage"},"thumbnailUrl":"https:\/\/congovirtuel.com\/information\/wp-content\/uploads\/2021\/07\/lynchage.jpg","keywords":["Lynchage"],"articleSection":["Ins\u00e9curit\u00e9"],"inLanguage":"fr-FR","potentialAction":[{"@type":"CommentAction","name":"Comment","target":["https:\/\/congovirtuel.com\/information\/rdc-ituri-lynchage-de-8-presumes-collaborateurs-des-adf-par-la-population-de-komanda-2\/#respond"]}]},{"@type":"WebPage","@id":"https:\/\/congovirtuel.com\/information\/rdc-ituri-lynchage-de-8-presumes-collaborateurs-des-adf-par-la-population-de-komanda-2\/","url":"https:\/\/congovirtuel.com\/information\/rdc-ituri-lynchage-de-8-presumes-collaborateurs-des-adf-par-la-population-de-komanda-2\/","name":"RDC-Ituri : Lynchage de 8 pr\u00e9sum\u00e9s collaborateurs des ADF par la population de Komanda 2 - Actualit\u00e9s congolaises et internationales","isPartOf":{"@id":"https:\/\/congovirtuel.com\/information\/#website"},"primaryImageOfPage":{"@id":"https:\/\/congovirtuel.com\/information\/rdc-ituri-lynchage-de-8-presumes-collaborateurs-des-adf-par-la-population-de-komanda-2\/#primaryimage"},"image":{"@id":"https:\/\/congovirtuel.com\/information\/rdc-ituri-lynchage-de-8-presumes-collaborateurs-des-adf-par-la-population-de-komanda-2\/#primaryimage"},"thumbnailUrl":"https:\/\/congovirtuel.com\/information\/wp-content\/uploads\/2021\/07\/lynchage.jpg","datePublished":"2021-07-02T16:35:37+00:00","dateModified":"2021-07-02T16:35:40+00:00","breadcrumb":{"@id":"https:\/\/congovirtuel.com\/information\/rdc-ituri-lynchage-de-8-presumes-collaborateurs-des-adf-par-la-population-de-komanda-2\/#breadcrumb"},"inLanguage":"fr-FR","potentialAction":[{"@type":"ReadAction","target":["https:\/\/congovirtuel.com\/information\/rdc-ituri-lynchage-de-8-presumes-collaborateurs-des-adf-par-la-population-de-komanda-2\/"]}]},{"@type":"ImageObject","inLanguage":"fr-FR","@id":"https:\/\/congovirtuel.com\/information\/rdc-ituri-lynchage-de-8-presumes-collaborateurs-des-adf-par-la-population-de-komanda-2\/#primaryimage","url":"https:\/\/congovirtuel.com\/information\/wp-content\/uploads\/2021\/07\/lynchage.jpg","contentUrl":"https:\/\/congovirtuel.com\/information\/wp-content\/uploads\/2021\/07\/lynchage.jpg","width":830,"height":409,"caption":"\u00e2me sensible s'abstenir, image choquante"},{"@type":"BreadcrumbList","@id":"https:\/\/congovirtuel.com\/information\/rdc-ituri-lynchage-de-8-presumes-collaborateurs-des-adf-par-la-population-de-komanda-2\/#breadcrumb","itemListElement":[{"@type":"ListItem","position":1,"name":"Accueil","item":"https:\/\/congovirtuel.com\/information\/"},{"@type":"ListItem","position":2,"name":"RDC-Ituri : Lynchage de 8 pr\u00e9sum\u00e9s collaborateurs des ADF par la population de Komanda 2"}]},{"@type":"WebSite","@id":"https:\/\/congovirtuel.com\/information\/#website","url":"https:\/\/congovirtuel.com\/information\/","name":"Actualit\u00e9s congolaises et internationales","description":"site d&#039;analyse et de traitement d&#039;information","publisher":{"@id":"https:\/\/congovirtuel.com\/information\/#organization"},"potentialAction":[{"@type":"SearchAction","target":{"@type":"EntryPoint","urlTemplate":"https:\/\/congovirtuel.com\/information\/?s={search_term_string}"},"query-input":{"@type":"PropertyValueSpecification","valueRequired":true,"valueName":"search_term_string"}}],"inLanguage":"fr-FR"},{"@type":"Organization","@id":"https:\/\/congovirtuel.com\/information\/#organization","name":"Biblioth\u00e8que Virtuelle de la RDC","url":"https:\/\/congovirtuel.com\/information\/","logo":{"@type":"ImageObject","inLanguage":"fr-FR","@id":"https:\/\/congovirtuel.com\/information\/#\/schema\/logo\/image\/","url":"https:\/\/congovirtuel.com\/information\/wp-content\/uploads\/2018\/10\/header-info-congovirtuel-vraie.jpg","contentUrl":"https:\/\/congovirtuel.com\/information\/wp-content\/uploads\/2018\/10\/header-info-congovirtuel-vraie.jpg","width":728,"height":90,"caption":"Biblioth\u00e8que Virtuelle de la RDC"},"image":{"@id":"https:\/\/congovirtuel.com\/information\/#\/schema\/logo\/image\/"},"sameAs":["https:\/\/web.facebook.com\/Congovirtuel-763617960319601\/?ref=aymt_homepage_panel&amp;amp;amp;amp;amp;amp;amp;amp;amp;amp;amp;eid=ARCoxULa66767kIgF_KYav6VdjXTI4yk_LW4yoVO9s6NXpysgb7Cb65vpxcxgqzOAKvIbLQxaAETcqHT","https:\/\/x.com\/congovirtuel","https:\/\/www.youtube.com\/channel\/UCkFfprYzGgS3EWNpeMXpToQ?view_as=subscriber"]},{"@type":"Person","@id":"https:\/\/congovirtuel.com\/information\/#\/schema\/person\/739a44bf7990966cb53d58d2fdeca0b6","name":"infocongovirtuel","image":{"@type":"ImageObject","inLanguage":"fr-FR","@id":"https:\/\/secure.gravatar.com\/avatar\/4d76991aa72469f0eb22e772586c99113c6997f88da636a9db8f2ce3a2c05e69?s=96&d=mm&r=g","url":"https:\/\/secure.gravatar.com\/avatar\/4d76991aa72469f0eb22e772586c99113c6997f88da636a9db8f2ce3a2c05e69?s=96&d=mm&r=g","contentUrl":"https:\/\/secure.gravatar.com\/avatar\/4d76991aa72469f0eb22e772586c99113c6997f88da636a9db8f2ce3a2c05e69?s=96&d=mm&r=g","caption":"infocongovirtuel"},"url":"https:\/\/congovirtuel.com\/information\/author\/infocongovirtuel\/"}]}},"gt_translate_keys":[{"key":"link","format":"url"}],"_links":{"self":[{"href":"https:\/\/congovirtuel.com\/information\/wp-json\/wp\/v2\/posts\/11326","targetHints":{"allow":["GET"]}}],"collection":[{"href":"https:\/\/congovirtuel.com\/information\/wp-json\/wp\/v2\/posts"}],"about":[{"href":"https:\/\/congovirtuel.com\/information\/wp-json\/wp\/v2\/types\/post"}],"author":[{"embeddable":true,"href":"https:\/\/congovirtuel.com\/information\/wp-json\/wp\/v2\/users\/1"}],"replies":[{"embeddable":true,"href":"https:\/\/congovirtuel.com\/information\/wp-json\/wp\/v2\/comments?post=11326"}],"version-history":[{"count":1,"href":"https:\/\/congovirtuel.com\/information\/wp-json\/wp\/v2\/posts\/11326\/revisions"}],"predecessor-version":[{"id":11329,"href":"https:\/\/congovirtuel.com\/information\/wp-json\/wp\/v2\/posts\/11326\/revisions\/11329"}],"wp:featuredmedia":[{"embeddable":true,"href":"https:\/\/congovirtuel.com\/information\/wp-json\/wp\/v2\/media\/11328"}],"wp:attachment":[{"href":"https:\/\/congovirtuel.com\/information\/wp-json\/wp\/v2\/media?parent=11326"}],"wp:term":[{"taxonomy":"category","embeddable":true,"href":"https:\/\/congovirtuel.com\/information\/wp-json\/wp\/v2\/categories?post=11326"},{"taxonomy":"post_tag","embeddable":true,"href":"https:\/\/congovirtuel.com\/information\/wp-json\/wp\/v2\/tags?post=11326"}],"curies":[{"name":"wp","href":"https:\/\/api.w.org\/{rel}","templated":true}]}}