{"id":11398,"date":"2021-07-05T09:32:05","date_gmt":"2021-07-05T08:32:05","guid":{"rendered":"https:\/\/congovirtuel.com\/information\/?p=11398"},"modified":"2021-07-05T09:32:13","modified_gmt":"2021-07-05T08:32:13","slug":"amazon-jeff-bezos-cede-son-poste-de-directeur-general","status":"publish","type":"post","link":"https:\/\/congovirtuel.com\/information\/amazon-jeff-bezos-cede-son-poste-de-directeur-general\/","title":{"rendered":"AMAZON : JEFF BEZOS C\u00c8DE SON POSTE DE DIRECTEUR G\u00c9N\u00c9RAL","gt_translate_keys":[{"key":"rendered","format":"text"}]},"content":{"rendered":"\n<p class=\"wp-block-paragraph\">Apr\u00e8s avoir fond\u00e9 il y a 27 ans l\u2019une des soci\u00e9t\u00e9s les plus puissantes de la plan\u00e8te avec Amazon, Jeff Bezos c\u00e8de ce lundi 5 juillet sa place de directeur g\u00e9n\u00e9ral.<\/p>\n\n\n\n<p class=\"wp-block-paragraph\">L\u2019homme le plus riche du monde entame une nouvelle \u00e9tape de sa carri\u00e8re apr\u00e8s avoir b\u00e2ti ce qui \u00e9tait \u00e0 l\u2019origine une librairie en ligne et qui emploi aujourd\u2019hui 800 000 personnes aux \u00c9tats-Unis. \u00c0 57 ans, Jeff Bezos va c\u00e9der sa place de directeur g\u00e9n\u00e9ral \u00e0 son lieutenant Andy Jassy, pour se consacrer \u00e0 d\u2019autres projets, et notamment son voyage dans l\u2019espace pr\u00e9vu le 20 juillet prochain.<\/p>\n\n\n\n<p class=\"wp-block-paragraph\">Andy Jassy est consid\u00e9r\u00e9 comme l\u2019une des pierres angulaires du succ\u00e8s de l\u2019entreprise. Cet homme discret de 53 ans est devenu le bras droit du charismatique Jeff Bezos d\u00e8s la cr\u00e9ation de l\u2019entreprise. Le technophile dipl\u00f4m\u00e9 d\u2019Harvard, p\u00e8re de deux enfants et mari\u00e9 \u00e0 une cr\u00e9atrice de mode, a lanc\u00e9 en 2006 Amazon Web Service, un service de cloud computing \u00e0 la demande pour les entreprises et les particuliers, qui deviendra la premi\u00e8re source de profit de la gigantesque entreprise.&nbsp;<em>close<\/em><em>volume_off<\/em><\/p>\n\n\n\n<p class=\"wp-block-paragraph\"><img decoding=\"async\" alt=\"000_9au2b3_60e2b03749777.jpg\" src=\"https:\/\/static.cnews.fr\/sites\/default\/files\/2021_redaction\/000_9au2b3_60e2b03749777.jpg\">AUSTON JAMES \/ Amazon \/ AFP<\/p>\n\n\n\n<p class=\"wp-block-paragraph\">&nbsp;\u00ab&nbsp;Il sera un leader exceptionnel et il a toute ma confiance&nbsp;\u00bb, a d\u00e9clar\u00e9 Jeff Bezos. L\u2019homme d\u2019affaire conservera toutefois un r\u00f4le cl\u00e9 au sein d\u2019Amazon en restant le pr\u00e9sident ex\u00e9cutif de son conseil d\u2019administration.<\/p>\n\n\n\n<h2 class=\"wp-block-heading\">SUCCESS STORY<\/h2>\n\n\n\n<p class=\"wp-block-paragraph\">Lanc\u00e9 en 1994 dans le garage de Jeff Bezos, qui faisait lui-m\u00eame les colis, Amazon, groupe tentaculaire de commerce en ligne, vaut aujourd&rsquo;hui plus de 1.700 milliards de dollars en Bourse et a d\u00e9gag\u00e9 en 2020 un chiffre d&rsquo;affaires de 386 milliards de dollars. La fortune de son entreprise a aussi fait celle de son directeur g\u00e9n\u00e9ral. M\u00eame apr\u00e8s avoir c\u00e9d\u00e9 \u00e0 son ex-femme une partie de ses parts dans Amazon apr\u00e8s son divorce, Jeff Bezos p\u00e8se actuellement environ 200 milliards de dollars, selon le magazine Forbes.<\/p>\n\n\n\n<p class=\"wp-block-paragraph\">Il abandonne la gestion au quotidien de sa compagnie pour passer plus de temps sur d&rsquo;autres projets, comme son autre soci\u00e9t\u00e9 Blue Origin, qui fera son premier vol de tourisme spatial le 20 juillet, avec Jeff Bezos \u00e0 bord. L&rsquo;homme d&rsquo;affaires poss\u00e8de aussi le journal Washington Post et a dit vouloir consacrer du temps et de l&rsquo;argent \u00e0 la lutte contre le changement climatique.<\/p>\n\n\n\n<p class=\"wp-block-paragraph\">C<strong>NEWS<\/strong><\/p>\n","protected":false,"gt_translate_keys":[{"key":"rendered","format":"html"}]},"excerpt":{"rendered":"<p>Apr\u00e8s avoir fond\u00e9 il y a 27 ans l\u2019une des soci\u00e9t\u00e9s les plus puissantes de la plan\u00e8te avec Amazon, Jeff Bezos c\u00e8de ce lundi 5 juillet sa place de directeur g\u00e9n\u00e9ral. L\u2019homme le plus riche du monde entame une nouvelle \u00e9tape de sa carri\u00e8re apr\u00e8s avoir b\u00e2ti ce qui \u00e9tait \u00e0 l\u2019origine une librairie en ligne et qui emploi aujourd\u2019hui 800 000 personnes aux \u00c9tats-Unis. \u00c0 57 ans, Jeff Bezos va c\u00e9der sa place de directeur g\u00e9n\u00e9ral \u00e0 son lieutenant Andy Jassy, pour se consacrer \u00e0 d\u2019autres projets, et notamment&hellip;<\/p>\n","protected":false,"gt_translate_keys":[{"key":"rendered","format":"html"}]},"author":1,"featured_media":11400,"comment_status":"open","ping_status":"open","sticky":false,"template":"","format":"standard","meta":{"_crdt_document":"","footnotes":""},"categories":[1175],"tags":[11864,11866,11867,11863,11865],"class_list":["post-11398","post","type-post","status-publish","format-standard","has-post-thumbnail","hentry","category-entreprises","tag-amazon","tag-andy-jassy","tag-andy-jassy-dg-amazon","tag-jeff-bezos","tag-jeff-bezos-quitte-amazon"],"gutentor_comment":0,"yoast_head":"<!-- This site is optimized with the Yoast SEO plugin v27.5 - https:\/\/yoast.com\/product\/yoast-seo-wordpress\/ -->\n<title>AMAZON : JEFF BEZOS C\u00c8DE SON POSTE DE DIRECTEUR G\u00c9N\u00c9RAL - Actualit\u00e9s congolaises et internationales<\/title>\n<meta name=\"robots\" content=\"index, follow, max-snippet:-1, max-image-preview:large, max-video-preview:-1\" \/>\n<link rel=\"canonical\" href=\"https:\/\/congovirtuel.com\/information\/amazon-jeff-bezos-cede-son-poste-de-directeur-general\/\" \/>\n<meta property=\"og:locale\" content=\"fr_FR\" \/>\n<meta property=\"og:type\" content=\"article\" \/>\n<meta property=\"og:title\" content=\"AMAZON : JEFF BEZOS C\u00c8DE SON POSTE DE DIRECTEUR G\u00c9N\u00c9RAL - Actualit\u00e9s congolaises et internationales\" \/>\n<meta property=\"og:description\" content=\"Apr\u00e8s avoir fond\u00e9 il y a 27 ans l\u2019une des soci\u00e9t\u00e9s les plus puissantes de la plan\u00e8te avec Amazon, Jeff Bezos c\u00e8de ce lundi 5 juillet sa place de directeur g\u00e9n\u00e9ral. L\u2019homme le plus riche du monde entame une nouvelle \u00e9tape de sa carri\u00e8re apr\u00e8s avoir b\u00e2ti ce qui \u00e9tait \u00e0 l\u2019origine une librairie en ligne et qui emploi aujourd\u2019hui 800 000 personnes aux \u00c9tats-Unis. \u00c0 57 ans, Jeff Bezos va c\u00e9der sa place de directeur g\u00e9n\u00e9ral \u00e0 son lieutenant Andy Jassy, pour se consacrer \u00e0 d\u2019autres projets, et notamment&hellip;\" \/>\n<meta property=\"og:url\" content=\"https:\/\/congovirtuel.com\/information\/amazon-jeff-bezos-cede-son-poste-de-directeur-general\/\" \/>\n<meta property=\"og:site_name\" content=\"Actualit\u00e9s congolaises et internationales\" \/>\n<meta property=\"article:publisher\" content=\"https:\/\/web.facebook.com\/Congovirtuel-763617960319601\/?ref=aymt_homepage_panel&amp;amp%3bamp%3bamp%3bamp%3bamp%3bamp%3bamp%3bamp%3bamp%3bamp%3bamp%3beid=ARCoxULa66767kIgF_KYav6VdjXTI4yk_LW4yoVO9s6NXpysgb7Cb65vpxcxgqzOAKvIbLQxaAETcqHT\" \/>\n<meta property=\"article:published_time\" content=\"2021-07-05T08:32:05+00:00\" \/>\n<meta property=\"article:modified_time\" content=\"2021-07-05T08:32:13+00:00\" \/>\n<meta property=\"og:image\" content=\"https:\/\/congovirtuel.com\/information\/wp-content\/uploads\/2021\/07\/Bezos.jpg\" \/>\n\t<meta property=\"og:image:width\" content=\"640\" \/>\n\t<meta property=\"og:image:height\" content=\"360\" \/>\n\t<meta property=\"og:image:type\" content=\"image\/jpeg\" \/>\n<meta name=\"author\" content=\"infocongovirtuel\" \/>\n<meta name=\"twitter:card\" content=\"summary_large_image\" \/>\n<meta name=\"twitter:creator\" content=\"@congovirtuel\" \/>\n<meta name=\"twitter:site\" content=\"@congovirtuel\" \/>\n<meta name=\"twitter:label1\" content=\"\u00c9crit par\" \/>\n\t<meta name=\"twitter:data1\" content=\"infocongovirtuel\" \/>\n\t<meta name=\"twitter:label2\" content=\"Dur\u00e9e de lecture estim\u00e9e\" \/>\n\t<meta name=\"twitter:data2\" content=\"2 minutes\" \/>\n<script type=\"application\/ld+json\" class=\"yoast-schema-graph\">{\"@context\":\"https:\\\/\\\/schema.org\",\"@graph\":[{\"@type\":\"Article\",\"@id\":\"https:\\\/\\\/congovirtuel.com\\\/information\\\/amazon-jeff-bezos-cede-son-poste-de-directeur-general\\\/#article\",\"isPartOf\":{\"@id\":\"https:\\\/\\\/congovirtuel.com\\\/information\\\/amazon-jeff-bezos-cede-son-poste-de-directeur-general\\\/\"},\"author\":{\"name\":\"infocongovirtuel\",\"@id\":\"https:\\\/\\\/congovirtuel.com\\\/information\\\/#\\\/schema\\\/person\\\/739a44bf7990966cb53d58d2fdeca0b6\"},\"headline\":\"AMAZON : JEFF BEZOS C\u00c8DE SON POSTE DE DIRECTEUR G\u00c9N\u00c9RAL\",\"datePublished\":\"2021-07-05T08:32:05+00:00\",\"dateModified\":\"2021-07-05T08:32:13+00:00\",\"mainEntityOfPage\":{\"@id\":\"https:\\\/\\\/congovirtuel.com\\\/information\\\/amazon-jeff-bezos-cede-son-poste-de-directeur-general\\\/\"},\"wordCount\":424,\"commentCount\":0,\"publisher\":{\"@id\":\"https:\\\/\\\/congovirtuel.com\\\/information\\\/#organization\"},\"image\":{\"@id\":\"https:\\\/\\\/congovirtuel.com\\\/information\\\/amazon-jeff-bezos-cede-son-poste-de-directeur-general\\\/#primaryimage\"},\"thumbnailUrl\":\"https:\\\/\\\/congovirtuel.com\\\/information\\\/wp-content\\\/uploads\\\/2021\\\/07\\\/Bezos.jpg\",\"keywords\":[\"AMAZON\",\"Andy Jassy\",\"Andy Jassy DG Amazon\",\"JEFF BEZOS\",\"JEFF BEZOS quitte Amazon\"],\"articleSection\":[\"Entreprises\"],\"inLanguage\":\"fr-FR\",\"potentialAction\":[{\"@type\":\"CommentAction\",\"name\":\"Comment\",\"target\":[\"https:\\\/\\\/congovirtuel.com\\\/information\\\/amazon-jeff-bezos-cede-son-poste-de-directeur-general\\\/#respond\"]}]},{\"@type\":\"WebPage\",\"@id\":\"https:\\\/\\\/congovirtuel.com\\\/information\\\/amazon-jeff-bezos-cede-son-poste-de-directeur-general\\\/\",\"url\":\"https:\\\/\\\/congovirtuel.com\\\/information\\\/amazon-jeff-bezos-cede-son-poste-de-directeur-general\\\/\",\"name\":\"AMAZON : JEFF BEZOS C\u00c8DE SON POSTE DE DIRECTEUR G\u00c9N\u00c9RAL - Actualit\u00e9s congolaises et internationales\",\"isPartOf\":{\"@id\":\"https:\\\/\\\/congovirtuel.com\\\/information\\\/#website\"},\"primaryImageOfPage\":{\"@id\":\"https:\\\/\\\/congovirtuel.com\\\/information\\\/amazon-jeff-bezos-cede-son-poste-de-directeur-general\\\/#primaryimage\"},\"image\":{\"@id\":\"https:\\\/\\\/congovirtuel.com\\\/information\\\/amazon-jeff-bezos-cede-son-poste-de-directeur-general\\\/#primaryimage\"},\"thumbnailUrl\":\"https:\\\/\\\/congovirtuel.com\\\/information\\\/wp-content\\\/uploads\\\/2021\\\/07\\\/Bezos.jpg\",\"datePublished\":\"2021-07-05T08:32:05+00:00\",\"dateModified\":\"2021-07-05T08:32:13+00:00\",\"breadcrumb\":{\"@id\":\"https:\\\/\\\/congovirtuel.com\\\/information\\\/amazon-jeff-bezos-cede-son-poste-de-directeur-general\\\/#breadcrumb\"},\"inLanguage\":\"fr-FR\",\"potentialAction\":[{\"@type\":\"ReadAction\",\"target\":[\"https:\\\/\\\/congovirtuel.com\\\/information\\\/amazon-jeff-bezos-cede-son-poste-de-directeur-general\\\/\"]}]},{\"@type\":\"ImageObject\",\"inLanguage\":\"fr-FR\",\"@id\":\"https:\\\/\\\/congovirtuel.com\\\/information\\\/amazon-jeff-bezos-cede-son-poste-de-directeur-general\\\/#primaryimage\",\"url\":\"https:\\\/\\\/congovirtuel.com\\\/information\\\/wp-content\\\/uploads\\\/2021\\\/07\\\/Bezos.jpg\",\"contentUrl\":\"https:\\\/\\\/congovirtuel.com\\\/information\\\/wp-content\\\/uploads\\\/2021\\\/07\\\/Bezos.jpg\",\"width\":640,\"height\":360},{\"@type\":\"BreadcrumbList\",\"@id\":\"https:\\\/\\\/congovirtuel.com\\\/information\\\/amazon-jeff-bezos-cede-son-poste-de-directeur-general\\\/#breadcrumb\",\"itemListElement\":[{\"@type\":\"ListItem\",\"position\":1,\"name\":\"Accueil\",\"item\":\"https:\\\/\\\/congovirtuel.com\\\/information\\\/\"},{\"@type\":\"ListItem\",\"position\":2,\"name\":\"AMAZON : JEFF BEZOS C\u00c8DE SON POSTE DE DIRECTEUR G\u00c9N\u00c9RAL\"}]},{\"@type\":\"WebSite\",\"@id\":\"https:\\\/\\\/congovirtuel.com\\\/information\\\/#website\",\"url\":\"https:\\\/\\\/congovirtuel.com\\\/information\\\/\",\"name\":\"Actualit\u00e9s congolaises et internationales\",\"description\":\"site d&#039;analyse et de traitement d&#039;information\",\"publisher\":{\"@id\":\"https:\\\/\\\/congovirtuel.com\\\/information\\\/#organization\"},\"potentialAction\":[{\"@type\":\"SearchAction\",\"target\":{\"@type\":\"EntryPoint\",\"urlTemplate\":\"https:\\\/\\\/congovirtuel.com\\\/information\\\/?s={search_term_string}\"},\"query-input\":{\"@type\":\"PropertyValueSpecification\",\"valueRequired\":true,\"valueName\":\"search_term_string\"}}],\"inLanguage\":\"fr-FR\"},{\"@type\":\"Organization\",\"@id\":\"https:\\\/\\\/congovirtuel.com\\\/information\\\/#organization\",\"name\":\"Biblioth\u00e8que Virtuelle de la RDC\",\"url\":\"https:\\\/\\\/congovirtuel.com\\\/information\\\/\",\"logo\":{\"@type\":\"ImageObject\",\"inLanguage\":\"fr-FR\",\"@id\":\"https:\\\/\\\/congovirtuel.com\\\/information\\\/#\\\/schema\\\/logo\\\/image\\\/\",\"url\":\"https:\\\/\\\/congovirtuel.com\\\/information\\\/wp-content\\\/uploads\\\/2018\\\/10\\\/header-info-congovirtuel-vraie.jpg\",\"contentUrl\":\"https:\\\/\\\/congovirtuel.com\\\/information\\\/wp-content\\\/uploads\\\/2018\\\/10\\\/header-info-congovirtuel-vraie.jpg\",\"width\":728,\"height\":90,\"caption\":\"Biblioth\u00e8que Virtuelle de la RDC\"},\"image\":{\"@id\":\"https:\\\/\\\/congovirtuel.com\\\/information\\\/#\\\/schema\\\/logo\\\/image\\\/\"},\"sameAs\":[\"https:\\\/\\\/web.facebook.com\\\/Congovirtuel-763617960319601\\\/?ref=aymt_homepage_panel&amp;amp;amp;amp;amp;amp;amp;amp;amp;amp;amp;eid=ARCoxULa66767kIgF_KYav6VdjXTI4yk_LW4yoVO9s6NXpysgb7Cb65vpxcxgqzOAKvIbLQxaAETcqHT\",\"https:\\\/\\\/x.com\\\/congovirtuel\",\"https:\\\/\\\/www.youtube.com\\\/channel\\\/UCkFfprYzGgS3EWNpeMXpToQ?view_as=subscriber\"]},{\"@type\":\"Person\",\"@id\":\"https:\\\/\\\/congovirtuel.com\\\/information\\\/#\\\/schema\\\/person\\\/739a44bf7990966cb53d58d2fdeca0b6\",\"name\":\"infocongovirtuel\",\"image\":{\"@type\":\"ImageObject\",\"inLanguage\":\"fr-FR\",\"@id\":\"https:\\\/\\\/secure.gravatar.com\\\/avatar\\\/4d76991aa72469f0eb22e772586c99113c6997f88da636a9db8f2ce3a2c05e69?s=96&d=mm&r=g\",\"url\":\"https:\\\/\\\/secure.gravatar.com\\\/avatar\\\/4d76991aa72469f0eb22e772586c99113c6997f88da636a9db8f2ce3a2c05e69?s=96&d=mm&r=g\",\"contentUrl\":\"https:\\\/\\\/secure.gravatar.com\\\/avatar\\\/4d76991aa72469f0eb22e772586c99113c6997f88da636a9db8f2ce3a2c05e69?s=96&d=mm&r=g\",\"caption\":\"infocongovirtuel\"},\"url\":\"https:\\\/\\\/congovirtuel.com\\\/information\\\/author\\\/infocongovirtuel\\\/\"}]}<\/script>\n<!-- \/ Yoast SEO plugin. -->","yoast_head_json":{"title":"AMAZON : JEFF BEZOS C\u00c8DE SON POSTE DE DIRECTEUR G\u00c9N\u00c9RAL - Actualit\u00e9s congolaises et internationales","robots":{"index":"index","follow":"follow","max-snippet":"max-snippet:-1","max-image-preview":"max-image-preview:large","max-video-preview":"max-video-preview:-1"},"canonical":"https:\/\/congovirtuel.com\/information\/amazon-jeff-bezos-cede-son-poste-de-directeur-general\/","og_locale":"fr_FR","og_type":"article","og_title":"AMAZON : JEFF BEZOS C\u00c8DE SON POSTE DE DIRECTEUR G\u00c9N\u00c9RAL - Actualit\u00e9s congolaises et internationales","og_description":"Apr\u00e8s avoir fond\u00e9 il y a 27 ans l\u2019une des soci\u00e9t\u00e9s les plus puissantes de la plan\u00e8te avec Amazon, Jeff Bezos c\u00e8de ce lundi 5 juillet sa place de directeur g\u00e9n\u00e9ral. L\u2019homme le plus riche du monde entame une nouvelle \u00e9tape de sa carri\u00e8re apr\u00e8s avoir b\u00e2ti ce qui \u00e9tait \u00e0 l\u2019origine une librairie en ligne et qui emploi aujourd\u2019hui 800 000 personnes aux \u00c9tats-Unis. \u00c0 57 ans, Jeff Bezos va c\u00e9der sa place de directeur g\u00e9n\u00e9ral \u00e0 son lieutenant Andy Jassy, pour se consacrer \u00e0 d\u2019autres projets, et notamment&hellip;","og_url":"https:\/\/congovirtuel.com\/information\/amazon-jeff-bezos-cede-son-poste-de-directeur-general\/","og_site_name":"Actualit\u00e9s congolaises et internationales","article_publisher":"https:\/\/web.facebook.com\/Congovirtuel-763617960319601\/?ref=aymt_homepage_panel&amp%3bamp%3bamp%3bamp%3bamp%3bamp%3bamp%3bamp%3bamp%3bamp%3bamp%3beid=ARCoxULa66767kIgF_KYav6VdjXTI4yk_LW4yoVO9s6NXpysgb7Cb65vpxcxgqzOAKvIbLQxaAETcqHT","article_published_time":"2021-07-05T08:32:05+00:00","article_modified_time":"2021-07-05T08:32:13+00:00","og_image":[{"width":640,"height":360,"url":"https:\/\/congovirtuel.com\/information\/wp-content\/uploads\/2021\/07\/Bezos.jpg","type":"image\/jpeg"}],"author":"infocongovirtuel","twitter_card":"summary_large_image","twitter_creator":"@congovirtuel","twitter_site":"@congovirtuel","twitter_misc":{"\u00c9crit par":"infocongovirtuel","Dur\u00e9e de lecture estim\u00e9e":"2 minutes"},"schema":{"@context":"https:\/\/schema.org","@graph":[{"@type":"Article","@id":"https:\/\/congovirtuel.com\/information\/amazon-jeff-bezos-cede-son-poste-de-directeur-general\/#article","isPartOf":{"@id":"https:\/\/congovirtuel.com\/information\/amazon-jeff-bezos-cede-son-poste-de-directeur-general\/"},"author":{"name":"infocongovirtuel","@id":"https:\/\/congovirtuel.com\/information\/#\/schema\/person\/739a44bf7990966cb53d58d2fdeca0b6"},"headline":"AMAZON : JEFF BEZOS C\u00c8DE SON POSTE DE DIRECTEUR G\u00c9N\u00c9RAL","datePublished":"2021-07-05T08:32:05+00:00","dateModified":"2021-07-05T08:32:13+00:00","mainEntityOfPage":{"@id":"https:\/\/congovirtuel.com\/information\/amazon-jeff-bezos-cede-son-poste-de-directeur-general\/"},"wordCount":424,"commentCount":0,"publisher":{"@id":"https:\/\/congovirtuel.com\/information\/#organization"},"image":{"@id":"https:\/\/congovirtuel.com\/information\/amazon-jeff-bezos-cede-son-poste-de-directeur-general\/#primaryimage"},"thumbnailUrl":"https:\/\/congovirtuel.com\/information\/wp-content\/uploads\/2021\/07\/Bezos.jpg","keywords":["AMAZON","Andy Jassy","Andy Jassy DG Amazon","JEFF BEZOS","JEFF BEZOS quitte Amazon"],"articleSection":["Entreprises"],"inLanguage":"fr-FR","potentialAction":[{"@type":"CommentAction","name":"Comment","target":["https:\/\/congovirtuel.com\/information\/amazon-jeff-bezos-cede-son-poste-de-directeur-general\/#respond"]}]},{"@type":"WebPage","@id":"https:\/\/congovirtuel.com\/information\/amazon-jeff-bezos-cede-son-poste-de-directeur-general\/","url":"https:\/\/congovirtuel.com\/information\/amazon-jeff-bezos-cede-son-poste-de-directeur-general\/","name":"AMAZON : JEFF BEZOS C\u00c8DE SON POSTE DE DIRECTEUR G\u00c9N\u00c9RAL - Actualit\u00e9s congolaises et internationales","isPartOf":{"@id":"https:\/\/congovirtuel.com\/information\/#website"},"primaryImageOfPage":{"@id":"https:\/\/congovirtuel.com\/information\/amazon-jeff-bezos-cede-son-poste-de-directeur-general\/#primaryimage"},"image":{"@id":"https:\/\/congovirtuel.com\/information\/amazon-jeff-bezos-cede-son-poste-de-directeur-general\/#primaryimage"},"thumbnailUrl":"https:\/\/congovirtuel.com\/information\/wp-content\/uploads\/2021\/07\/Bezos.jpg","datePublished":"2021-07-05T08:32:05+00:00","dateModified":"2021-07-05T08:32:13+00:00","breadcrumb":{"@id":"https:\/\/congovirtuel.com\/information\/amazon-jeff-bezos-cede-son-poste-de-directeur-general\/#breadcrumb"},"inLanguage":"fr-FR","potentialAction":[{"@type":"ReadAction","target":["https:\/\/congovirtuel.com\/information\/amazon-jeff-bezos-cede-son-poste-de-directeur-general\/"]}]},{"@type":"ImageObject","inLanguage":"fr-FR","@id":"https:\/\/congovirtuel.com\/information\/amazon-jeff-bezos-cede-son-poste-de-directeur-general\/#primaryimage","url":"https:\/\/congovirtuel.com\/information\/wp-content\/uploads\/2021\/07\/Bezos.jpg","contentUrl":"https:\/\/congovirtuel.com\/information\/wp-content\/uploads\/2021\/07\/Bezos.jpg","width":640,"height":360},{"@type":"BreadcrumbList","@id":"https:\/\/congovirtuel.com\/information\/amazon-jeff-bezos-cede-son-poste-de-directeur-general\/#breadcrumb","itemListElement":[{"@type":"ListItem","position":1,"name":"Accueil","item":"https:\/\/congovirtuel.com\/information\/"},{"@type":"ListItem","position":2,"name":"AMAZON : JEFF BEZOS C\u00c8DE SON POSTE DE DIRECTEUR G\u00c9N\u00c9RAL"}]},{"@type":"WebSite","@id":"https:\/\/congovirtuel.com\/information\/#website","url":"https:\/\/congovirtuel.com\/information\/","name":"Actualit\u00e9s congolaises et internationales","description":"site d&#039;analyse et de traitement d&#039;information","publisher":{"@id":"https:\/\/congovirtuel.com\/information\/#organization"},"potentialAction":[{"@type":"SearchAction","target":{"@type":"EntryPoint","urlTemplate":"https:\/\/congovirtuel.com\/information\/?s={search_term_string}"},"query-input":{"@type":"PropertyValueSpecification","valueRequired":true,"valueName":"search_term_string"}}],"inLanguage":"fr-FR"},{"@type":"Organization","@id":"https:\/\/congovirtuel.com\/information\/#organization","name":"Biblioth\u00e8que Virtuelle de la RDC","url":"https:\/\/congovirtuel.com\/information\/","logo":{"@type":"ImageObject","inLanguage":"fr-FR","@id":"https:\/\/congovirtuel.com\/information\/#\/schema\/logo\/image\/","url":"https:\/\/congovirtuel.com\/information\/wp-content\/uploads\/2018\/10\/header-info-congovirtuel-vraie.jpg","contentUrl":"https:\/\/congovirtuel.com\/information\/wp-content\/uploads\/2018\/10\/header-info-congovirtuel-vraie.jpg","width":728,"height":90,"caption":"Biblioth\u00e8que Virtuelle de la RDC"},"image":{"@id":"https:\/\/congovirtuel.com\/information\/#\/schema\/logo\/image\/"},"sameAs":["https:\/\/web.facebook.com\/Congovirtuel-763617960319601\/?ref=aymt_homepage_panel&amp;amp;amp;amp;amp;amp;amp;amp;amp;amp;amp;eid=ARCoxULa66767kIgF_KYav6VdjXTI4yk_LW4yoVO9s6NXpysgb7Cb65vpxcxgqzOAKvIbLQxaAETcqHT","https:\/\/x.com\/congovirtuel","https:\/\/www.youtube.com\/channel\/UCkFfprYzGgS3EWNpeMXpToQ?view_as=subscriber"]},{"@type":"Person","@id":"https:\/\/congovirtuel.com\/information\/#\/schema\/person\/739a44bf7990966cb53d58d2fdeca0b6","name":"infocongovirtuel","image":{"@type":"ImageObject","inLanguage":"fr-FR","@id":"https:\/\/secure.gravatar.com\/avatar\/4d76991aa72469f0eb22e772586c99113c6997f88da636a9db8f2ce3a2c05e69?s=96&d=mm&r=g","url":"https:\/\/secure.gravatar.com\/avatar\/4d76991aa72469f0eb22e772586c99113c6997f88da636a9db8f2ce3a2c05e69?s=96&d=mm&r=g","contentUrl":"https:\/\/secure.gravatar.com\/avatar\/4d76991aa72469f0eb22e772586c99113c6997f88da636a9db8f2ce3a2c05e69?s=96&d=mm&r=g","caption":"infocongovirtuel"},"url":"https:\/\/congovirtuel.com\/information\/author\/infocongovirtuel\/"}]}},"gt_translate_keys":[{"key":"link","format":"url"}],"_links":{"self":[{"href":"https:\/\/congovirtuel.com\/information\/wp-json\/wp\/v2\/posts\/11398","targetHints":{"allow":["GET"]}}],"collection":[{"href":"https:\/\/congovirtuel.com\/information\/wp-json\/wp\/v2\/posts"}],"about":[{"href":"https:\/\/congovirtuel.com\/information\/wp-json\/wp\/v2\/types\/post"}],"author":[{"embeddable":true,"href":"https:\/\/congovirtuel.com\/information\/wp-json\/wp\/v2\/users\/1"}],"replies":[{"embeddable":true,"href":"https:\/\/congovirtuel.com\/information\/wp-json\/wp\/v2\/comments?post=11398"}],"version-history":[{"count":1,"href":"https:\/\/congovirtuel.com\/information\/wp-json\/wp\/v2\/posts\/11398\/revisions"}],"predecessor-version":[{"id":11401,"href":"https:\/\/congovirtuel.com\/information\/wp-json\/wp\/v2\/posts\/11398\/revisions\/11401"}],"wp:featuredmedia":[{"embeddable":true,"href":"https:\/\/congovirtuel.com\/information\/wp-json\/wp\/v2\/media\/11400"}],"wp:attachment":[{"href":"https:\/\/congovirtuel.com\/information\/wp-json\/wp\/v2\/media?parent=11398"}],"wp:term":[{"taxonomy":"category","embeddable":true,"href":"https:\/\/congovirtuel.com\/information\/wp-json\/wp\/v2\/categories?post=11398"},{"taxonomy":"post_tag","embeddable":true,"href":"https:\/\/congovirtuel.com\/information\/wp-json\/wp\/v2\/tags?post=11398"}],"curies":[{"name":"wp","href":"https:\/\/api.w.org\/{rel}","templated":true}]}}