{"id":1164,"date":"2020-04-27T11:46:11","date_gmt":"2020-04-27T10:46:11","guid":{"rendered":"https:\/\/congovirtuel.com\/information\/?p=1164"},"modified":"2020-04-27T11:46:16","modified_gmt":"2020-04-27T10:46:16","slug":"covid-19-plus-de-200-medecins-cubains-debarquent-en-afrique-du-sud-pour-lutter-contre-lepidemie","status":"publish","type":"post","link":"https:\/\/congovirtuel.com\/information\/covid-19-plus-de-200-medecins-cubains-debarquent-en-afrique-du-sud-pour-lutter-contre-lepidemie\/","title":{"rendered":"Covid-19: plus de 200 m\u00e9decins cubains d\u00e9barquent en Afrique du Sud pour lutter contre l&rsquo;\u00e9pid\u00e9mie","gt_translate_keys":[{"key":"rendered","format":"text"}]},"content":{"rendered":"\n<p class=\"wp-block-paragraph\">Plus de 200 m\u00e9decins et soignants cubains sont arriv\u00e9s lundi en Afrique du Sud pour participer \u00e0 la lutte contre le coronavirus dans le pays le plus touch\u00e9 du continent par la pand\u00e9mie, a annonc\u00e9 la pr\u00e9sidence sud-africaine.<\/p>\n\n\n\n<p class=\"wp-block-paragraph\">Selon le dernier bilan officiel, plus de 4.500 cas d&rsquo;infection au Covid-19, dont 87 mortels, y ont \u00e9t\u00e9 recens\u00e9s.<\/p>\n\n\n\n<p class=\"wp-block-paragraph\"><a href=\"https:\/\/www.rtbf.be\/info\/societe\/detail_des-medecins-cubains-dans-62-pays-1ere-source-de-devises-pour-l-ile?id=9582860\">Dans la d\u00e9l\u00e9gation cubaine figurent des \u00e9pid\u00e9miologistes, des experts en sant\u00e9 publique, des m\u00e9decins g\u00e9n\u00e9ralistes et des techniciens sp\u00e9cialis\u00e9s dans le mat\u00e9riel m\u00e9dical<\/a>&nbsp;qui \u00ab\u00a0<em>vont soutenir les efforts d\u00e9j\u00e0 d\u00e9ploy\u00e9s en Afrique du Sud contre la propagation du Covid-19<\/em>\u00ab\u00a0, a pr\u00e9cis\u00e9 la pr\u00e9sidence.<\/p>\n\n\n\n<p class=\"wp-block-paragraph\">Le chef de l&rsquo;Etat Cyril Ramaphosa a annonc\u00e9 la lev\u00e9e progressive \u00e0 partir du 1er mai de l&rsquo;ordre de confinement national impos\u00e9 aux 57 millions de Sud-Africains depuis le 27 mars.\u00a0Son gouvernement a lanc\u00e9 une vaste campagne de d\u00e9pistage qui a d\u00e9j\u00e0 permis de tester 168.000 personnes.<\/p>\n\n\n\n<p class=\"wp-block-paragraph\">L&rsquo;Afrique du Sud entretient des liens \u00e9troits avec&nbsp;<a href=\"https:\/\/www.rtbf.be\/info\/economie\/detail_cuba-veut-fermer-la-porte-au-coronavirus-mais-pas-aux-touristes?id=10458138\">Cuba<\/a>&nbsp;depuis la chute du r\u00e9gime raciste blanc de l&rsquo;apartheid en 1994. Le r\u00e9gime castriste avait soutenu la lutte de lib\u00e9ration conduite par le Congr\u00e8s national africain (ANC) de Nelson Mandela.<\/p>\n\n\n\n<p class=\"wp-block-paragraph\">Cuba a \u00e9galement d\u00e9p\u00each\u00e9 r\u00e9cemment 250 de ses m\u00e9decins et personnels soignants en Angola pour lutter contre le Covid-19.<\/p>\n\n\n\n<p class=\"wp-block-paragraph\">La Havane avait envoy\u00e9, en pleine Guerre froide, des milliers de soldats dans ce pays d&rsquo;Afrique australe pour soutenir le r\u00e9gime du Mouvement populaire de lib\u00e9ration de l&rsquo;Angola (MPLA, marxiste) dans la guerre civile (1975-2002).<\/p>\n\n\n\n<p class=\"wp-block-paragraph\"><strong>RTBF<\/strong><\/p>\n","protected":false,"gt_translate_keys":[{"key":"rendered","format":"html"}]},"excerpt":{"rendered":"<p>Plus de 200 m\u00e9decins et soignants cubains sont arriv\u00e9s lundi en Afrique du Sud pour participer \u00e0 la lutte contre le coronavirus dans le pays le plus touch\u00e9 du continent par la pand\u00e9mie, a annonc\u00e9 la pr\u00e9sidence sud-africaine. Selon le dernier bilan officiel, plus de 4.500 cas d&rsquo;infection au Covid-19, dont 87 mortels, y ont \u00e9t\u00e9 recens\u00e9s. Dans la d\u00e9l\u00e9gation cubaine figurent des \u00e9pid\u00e9miologistes, des experts en sant\u00e9 publique, des m\u00e9decins g\u00e9n\u00e9ralistes et des techniciens sp\u00e9cialis\u00e9s dans le mat\u00e9riel m\u00e9dical&nbsp;qui \u00ab\u00a0vont soutenir les efforts d\u00e9j\u00e0 d\u00e9ploy\u00e9s en Afrique du Sud&hellip;<\/p>\n","protected":false,"gt_translate_keys":[{"key":"rendered","format":"html"}]},"author":1,"featured_media":1165,"comment_status":"open","ping_status":"open","sticky":false,"template":"","format":"standard","meta":{"_crdt_document":"","footnotes":""},"categories":[317],"tags":[395,394],"class_list":["post-1164","post","type-post","status-publish","format-standard","has-post-thumbnail","hentry","category-covid-19","tag-afrique-du-sud-et-medecin-cubain","tag-medecin-cubain-2"],"gutentor_comment":0,"yoast_head":"<!-- This site is optimized with the Yoast SEO plugin v27.5 - https:\/\/yoast.com\/product\/yoast-seo-wordpress\/ -->\n<title>Covid-19: plus de 200 m\u00e9decins cubains d\u00e9barquent en Afrique du Sud pour lutter contre l&#039;\u00e9pid\u00e9mie - Actualit\u00e9s congolaises et internationales<\/title>\n<meta name=\"robots\" content=\"index, follow, max-snippet:-1, max-image-preview:large, max-video-preview:-1\" \/>\n<link rel=\"canonical\" href=\"https:\/\/congovirtuel.com\/information\/covid-19-plus-de-200-medecins-cubains-debarquent-en-afrique-du-sud-pour-lutter-contre-lepidemie\/\" \/>\n<meta property=\"og:locale\" content=\"fr_FR\" \/>\n<meta property=\"og:type\" content=\"article\" \/>\n<meta property=\"og:title\" content=\"Covid-19: plus de 200 m\u00e9decins cubains d\u00e9barquent en Afrique du Sud pour lutter contre l&#039;\u00e9pid\u00e9mie - Actualit\u00e9s congolaises et internationales\" \/>\n<meta property=\"og:description\" content=\"Plus de 200 m\u00e9decins et soignants cubains sont arriv\u00e9s lundi en Afrique du Sud pour participer \u00e0 la lutte contre le coronavirus dans le pays le plus touch\u00e9 du continent par la pand\u00e9mie, a annonc\u00e9 la pr\u00e9sidence sud-africaine. Selon le dernier bilan officiel, plus de 4.500 cas d&rsquo;infection au Covid-19, dont 87 mortels, y ont \u00e9t\u00e9 recens\u00e9s. Dans la d\u00e9l\u00e9gation cubaine figurent des \u00e9pid\u00e9miologistes, des experts en sant\u00e9 publique, des m\u00e9decins g\u00e9n\u00e9ralistes et des techniciens sp\u00e9cialis\u00e9s dans le mat\u00e9riel m\u00e9dical&nbsp;qui \u00ab\u00a0vont soutenir les efforts d\u00e9j\u00e0 d\u00e9ploy\u00e9s en Afrique du Sud&hellip;\" \/>\n<meta property=\"og:url\" content=\"https:\/\/congovirtuel.com\/information\/covid-19-plus-de-200-medecins-cubains-debarquent-en-afrique-du-sud-pour-lutter-contre-lepidemie\/\" \/>\n<meta property=\"og:site_name\" content=\"Actualit\u00e9s congolaises et internationales\" \/>\n<meta property=\"article:publisher\" content=\"https:\/\/web.facebook.com\/Congovirtuel-763617960319601\/?ref=aymt_homepage_panel&amp;amp%3bamp%3bamp%3bamp%3bamp%3bamp%3bamp%3bamp%3bamp%3bamp%3bamp%3beid=ARCoxULa66767kIgF_KYav6VdjXTI4yk_LW4yoVO9s6NXpysgb7Cb65vpxcxgqzOAKvIbLQxaAETcqHT\" \/>\n<meta property=\"article:published_time\" content=\"2020-04-27T10:46:11+00:00\" \/>\n<meta property=\"article:modified_time\" content=\"2020-04-27T10:46:16+00:00\" \/>\n<meta property=\"og:image\" content=\"https:\/\/congovirtuel.com\/information\/wp-content\/uploads\/2020\/04\/medecin_cubain-1200-x-674.jpg\" \/>\n\t<meta property=\"og:image:width\" content=\"1200\" \/>\n\t<meta property=\"og:image:height\" content=\"674\" \/>\n\t<meta property=\"og:image:type\" content=\"image\/jpeg\" \/>\n<meta name=\"author\" content=\"infocongovirtuel\" \/>\n<meta name=\"twitter:card\" content=\"summary_large_image\" \/>\n<meta name=\"twitter:creator\" content=\"@congovirtuel\" \/>\n<meta name=\"twitter:site\" content=\"@congovirtuel\" \/>\n<meta name=\"twitter:label1\" content=\"\u00c9crit par\" \/>\n\t<meta name=\"twitter:data1\" content=\"infocongovirtuel\" \/>\n\t<meta name=\"twitter:label2\" content=\"Dur\u00e9e de lecture estim\u00e9e\" \/>\n\t<meta name=\"twitter:data2\" content=\"1 minute\" \/>\n<script type=\"application\/ld+json\" class=\"yoast-schema-graph\">{\"@context\":\"https:\\\/\\\/schema.org\",\"@graph\":[{\"@type\":\"Article\",\"@id\":\"https:\\\/\\\/congovirtuel.com\\\/information\\\/covid-19-plus-de-200-medecins-cubains-debarquent-en-afrique-du-sud-pour-lutter-contre-lepidemie\\\/#article\",\"isPartOf\":{\"@id\":\"https:\\\/\\\/congovirtuel.com\\\/information\\\/covid-19-plus-de-200-medecins-cubains-debarquent-en-afrique-du-sud-pour-lutter-contre-lepidemie\\\/\"},\"author\":{\"name\":\"infocongovirtuel\",\"@id\":\"https:\\\/\\\/congovirtuel.com\\\/information\\\/#\\\/schema\\\/person\\\/739a44bf7990966cb53d58d2fdeca0b6\"},\"headline\":\"Covid-19: plus de 200 m\u00e9decins cubains d\u00e9barquent en Afrique du Sud pour lutter contre l&rsquo;\u00e9pid\u00e9mie\",\"datePublished\":\"2020-04-27T10:46:11+00:00\",\"dateModified\":\"2020-04-27T10:46:16+00:00\",\"mainEntityOfPage\":{\"@id\":\"https:\\\/\\\/congovirtuel.com\\\/information\\\/covid-19-plus-de-200-medecins-cubains-debarquent-en-afrique-du-sud-pour-lutter-contre-lepidemie\\\/\"},\"wordCount\":293,\"commentCount\":0,\"publisher\":{\"@id\":\"https:\\\/\\\/congovirtuel.com\\\/information\\\/#organization\"},\"image\":{\"@id\":\"https:\\\/\\\/congovirtuel.com\\\/information\\\/covid-19-plus-de-200-medecins-cubains-debarquent-en-afrique-du-sud-pour-lutter-contre-lepidemie\\\/#primaryimage\"},\"thumbnailUrl\":\"https:\\\/\\\/congovirtuel.com\\\/information\\\/wp-content\\\/uploads\\\/2020\\\/04\\\/medecin_cubain-1200-x-674.jpg\",\"keywords\":[\"Afrique du sud et m\u00e9decin cubain\",\"M\u00e9decin cubain\"],\"articleSection\":[\"COVID-19\"],\"inLanguage\":\"fr-FR\",\"potentialAction\":[{\"@type\":\"CommentAction\",\"name\":\"Comment\",\"target\":[\"https:\\\/\\\/congovirtuel.com\\\/information\\\/covid-19-plus-de-200-medecins-cubains-debarquent-en-afrique-du-sud-pour-lutter-contre-lepidemie\\\/#respond\"]}]},{\"@type\":\"WebPage\",\"@id\":\"https:\\\/\\\/congovirtuel.com\\\/information\\\/covid-19-plus-de-200-medecins-cubains-debarquent-en-afrique-du-sud-pour-lutter-contre-lepidemie\\\/\",\"url\":\"https:\\\/\\\/congovirtuel.com\\\/information\\\/covid-19-plus-de-200-medecins-cubains-debarquent-en-afrique-du-sud-pour-lutter-contre-lepidemie\\\/\",\"name\":\"Covid-19: plus de 200 m\u00e9decins cubains d\u00e9barquent en Afrique du Sud pour lutter contre l'\u00e9pid\u00e9mie - Actualit\u00e9s congolaises et internationales\",\"isPartOf\":{\"@id\":\"https:\\\/\\\/congovirtuel.com\\\/information\\\/#website\"},\"primaryImageOfPage\":{\"@id\":\"https:\\\/\\\/congovirtuel.com\\\/information\\\/covid-19-plus-de-200-medecins-cubains-debarquent-en-afrique-du-sud-pour-lutter-contre-lepidemie\\\/#primaryimage\"},\"image\":{\"@id\":\"https:\\\/\\\/congovirtuel.com\\\/information\\\/covid-19-plus-de-200-medecins-cubains-debarquent-en-afrique-du-sud-pour-lutter-contre-lepidemie\\\/#primaryimage\"},\"thumbnailUrl\":\"https:\\\/\\\/congovirtuel.com\\\/information\\\/wp-content\\\/uploads\\\/2020\\\/04\\\/medecin_cubain-1200-x-674.jpg\",\"datePublished\":\"2020-04-27T10:46:11+00:00\",\"dateModified\":\"2020-04-27T10:46:16+00:00\",\"breadcrumb\":{\"@id\":\"https:\\\/\\\/congovirtuel.com\\\/information\\\/covid-19-plus-de-200-medecins-cubains-debarquent-en-afrique-du-sud-pour-lutter-contre-lepidemie\\\/#breadcrumb\"},\"inLanguage\":\"fr-FR\",\"potentialAction\":[{\"@type\":\"ReadAction\",\"target\":[\"https:\\\/\\\/congovirtuel.com\\\/information\\\/covid-19-plus-de-200-medecins-cubains-debarquent-en-afrique-du-sud-pour-lutter-contre-lepidemie\\\/\"]}]},{\"@type\":\"ImageObject\",\"inLanguage\":\"fr-FR\",\"@id\":\"https:\\\/\\\/congovirtuel.com\\\/information\\\/covid-19-plus-de-200-medecins-cubains-debarquent-en-afrique-du-sud-pour-lutter-contre-lepidemie\\\/#primaryimage\",\"url\":\"https:\\\/\\\/congovirtuel.com\\\/information\\\/wp-content\\\/uploads\\\/2020\\\/04\\\/medecin_cubain-1200-x-674.jpg\",\"contentUrl\":\"https:\\\/\\\/congovirtuel.com\\\/information\\\/wp-content\\\/uploads\\\/2020\\\/04\\\/medecin_cubain-1200-x-674.jpg\",\"width\":1200,\"height\":674},{\"@type\":\"BreadcrumbList\",\"@id\":\"https:\\\/\\\/congovirtuel.com\\\/information\\\/covid-19-plus-de-200-medecins-cubains-debarquent-en-afrique-du-sud-pour-lutter-contre-lepidemie\\\/#breadcrumb\",\"itemListElement\":[{\"@type\":\"ListItem\",\"position\":1,\"name\":\"Accueil\",\"item\":\"https:\\\/\\\/congovirtuel.com\\\/information\\\/\"},{\"@type\":\"ListItem\",\"position\":2,\"name\":\"Covid-19: plus de 200 m\u00e9decins cubains d\u00e9barquent en Afrique du Sud pour lutter contre l&rsquo;\u00e9pid\u00e9mie\"}]},{\"@type\":\"WebSite\",\"@id\":\"https:\\\/\\\/congovirtuel.com\\\/information\\\/#website\",\"url\":\"https:\\\/\\\/congovirtuel.com\\\/information\\\/\",\"name\":\"Actualit\u00e9s congolaises et internationales\",\"description\":\"site d&#039;analyse et de traitement d&#039;information\",\"publisher\":{\"@id\":\"https:\\\/\\\/congovirtuel.com\\\/information\\\/#organization\"},\"potentialAction\":[{\"@type\":\"SearchAction\",\"target\":{\"@type\":\"EntryPoint\",\"urlTemplate\":\"https:\\\/\\\/congovirtuel.com\\\/information\\\/?s={search_term_string}\"},\"query-input\":{\"@type\":\"PropertyValueSpecification\",\"valueRequired\":true,\"valueName\":\"search_term_string\"}}],\"inLanguage\":\"fr-FR\"},{\"@type\":\"Organization\",\"@id\":\"https:\\\/\\\/congovirtuel.com\\\/information\\\/#organization\",\"name\":\"Biblioth\u00e8que Virtuelle de la RDC\",\"url\":\"https:\\\/\\\/congovirtuel.com\\\/information\\\/\",\"logo\":{\"@type\":\"ImageObject\",\"inLanguage\":\"fr-FR\",\"@id\":\"https:\\\/\\\/congovirtuel.com\\\/information\\\/#\\\/schema\\\/logo\\\/image\\\/\",\"url\":\"https:\\\/\\\/congovirtuel.com\\\/information\\\/wp-content\\\/uploads\\\/2018\\\/10\\\/header-info-congovirtuel-vraie.jpg\",\"contentUrl\":\"https:\\\/\\\/congovirtuel.com\\\/information\\\/wp-content\\\/uploads\\\/2018\\\/10\\\/header-info-congovirtuel-vraie.jpg\",\"width\":728,\"height\":90,\"caption\":\"Biblioth\u00e8que Virtuelle de la RDC\"},\"image\":{\"@id\":\"https:\\\/\\\/congovirtuel.com\\\/information\\\/#\\\/schema\\\/logo\\\/image\\\/\"},\"sameAs\":[\"https:\\\/\\\/web.facebook.com\\\/Congovirtuel-763617960319601\\\/?ref=aymt_homepage_panel&amp;amp;amp;amp;amp;amp;amp;amp;amp;amp;amp;eid=ARCoxULa66767kIgF_KYav6VdjXTI4yk_LW4yoVO9s6NXpysgb7Cb65vpxcxgqzOAKvIbLQxaAETcqHT\",\"https:\\\/\\\/x.com\\\/congovirtuel\",\"https:\\\/\\\/www.youtube.com\\\/channel\\\/UCkFfprYzGgS3EWNpeMXpToQ?view_as=subscriber\"]},{\"@type\":\"Person\",\"@id\":\"https:\\\/\\\/congovirtuel.com\\\/information\\\/#\\\/schema\\\/person\\\/739a44bf7990966cb53d58d2fdeca0b6\",\"name\":\"infocongovirtuel\",\"image\":{\"@type\":\"ImageObject\",\"inLanguage\":\"fr-FR\",\"@id\":\"https:\\\/\\\/secure.gravatar.com\\\/avatar\\\/4d76991aa72469f0eb22e772586c99113c6997f88da636a9db8f2ce3a2c05e69?s=96&d=mm&r=g\",\"url\":\"https:\\\/\\\/secure.gravatar.com\\\/avatar\\\/4d76991aa72469f0eb22e772586c99113c6997f88da636a9db8f2ce3a2c05e69?s=96&d=mm&r=g\",\"contentUrl\":\"https:\\\/\\\/secure.gravatar.com\\\/avatar\\\/4d76991aa72469f0eb22e772586c99113c6997f88da636a9db8f2ce3a2c05e69?s=96&d=mm&r=g\",\"caption\":\"infocongovirtuel\"},\"url\":\"https:\\\/\\\/congovirtuel.com\\\/information\\\/author\\\/infocongovirtuel\\\/\"}]}<\/script>\n<!-- \/ Yoast SEO plugin. -->","yoast_head_json":{"title":"Covid-19: plus de 200 m\u00e9decins cubains d\u00e9barquent en Afrique du Sud pour lutter contre l'\u00e9pid\u00e9mie - Actualit\u00e9s congolaises et internationales","robots":{"index":"index","follow":"follow","max-snippet":"max-snippet:-1","max-image-preview":"max-image-preview:large","max-video-preview":"max-video-preview:-1"},"canonical":"https:\/\/congovirtuel.com\/information\/covid-19-plus-de-200-medecins-cubains-debarquent-en-afrique-du-sud-pour-lutter-contre-lepidemie\/","og_locale":"fr_FR","og_type":"article","og_title":"Covid-19: plus de 200 m\u00e9decins cubains d\u00e9barquent en Afrique du Sud pour lutter contre l'\u00e9pid\u00e9mie - Actualit\u00e9s congolaises et internationales","og_description":"Plus de 200 m\u00e9decins et soignants cubains sont arriv\u00e9s lundi en Afrique du Sud pour participer \u00e0 la lutte contre le coronavirus dans le pays le plus touch\u00e9 du continent par la pand\u00e9mie, a annonc\u00e9 la pr\u00e9sidence sud-africaine. Selon le dernier bilan officiel, plus de 4.500 cas d&rsquo;infection au Covid-19, dont 87 mortels, y ont \u00e9t\u00e9 recens\u00e9s. Dans la d\u00e9l\u00e9gation cubaine figurent des \u00e9pid\u00e9miologistes, des experts en sant\u00e9 publique, des m\u00e9decins g\u00e9n\u00e9ralistes et des techniciens sp\u00e9cialis\u00e9s dans le mat\u00e9riel m\u00e9dical&nbsp;qui \u00ab\u00a0vont soutenir les efforts d\u00e9j\u00e0 d\u00e9ploy\u00e9s en Afrique du Sud&hellip;","og_url":"https:\/\/congovirtuel.com\/information\/covid-19-plus-de-200-medecins-cubains-debarquent-en-afrique-du-sud-pour-lutter-contre-lepidemie\/","og_site_name":"Actualit\u00e9s congolaises et internationales","article_publisher":"https:\/\/web.facebook.com\/Congovirtuel-763617960319601\/?ref=aymt_homepage_panel&amp%3bamp%3bamp%3bamp%3bamp%3bamp%3bamp%3bamp%3bamp%3bamp%3bamp%3beid=ARCoxULa66767kIgF_KYav6VdjXTI4yk_LW4yoVO9s6NXpysgb7Cb65vpxcxgqzOAKvIbLQxaAETcqHT","article_published_time":"2020-04-27T10:46:11+00:00","article_modified_time":"2020-04-27T10:46:16+00:00","og_image":[{"width":1200,"height":674,"url":"https:\/\/congovirtuel.com\/information\/wp-content\/uploads\/2020\/04\/medecin_cubain-1200-x-674.jpg","type":"image\/jpeg"}],"author":"infocongovirtuel","twitter_card":"summary_large_image","twitter_creator":"@congovirtuel","twitter_site":"@congovirtuel","twitter_misc":{"\u00c9crit par":"infocongovirtuel","Dur\u00e9e de lecture estim\u00e9e":"1 minute"},"schema":{"@context":"https:\/\/schema.org","@graph":[{"@type":"Article","@id":"https:\/\/congovirtuel.com\/information\/covid-19-plus-de-200-medecins-cubains-debarquent-en-afrique-du-sud-pour-lutter-contre-lepidemie\/#article","isPartOf":{"@id":"https:\/\/congovirtuel.com\/information\/covid-19-plus-de-200-medecins-cubains-debarquent-en-afrique-du-sud-pour-lutter-contre-lepidemie\/"},"author":{"name":"infocongovirtuel","@id":"https:\/\/congovirtuel.com\/information\/#\/schema\/person\/739a44bf7990966cb53d58d2fdeca0b6"},"headline":"Covid-19: plus de 200 m\u00e9decins cubains d\u00e9barquent en Afrique du Sud pour lutter contre l&rsquo;\u00e9pid\u00e9mie","datePublished":"2020-04-27T10:46:11+00:00","dateModified":"2020-04-27T10:46:16+00:00","mainEntityOfPage":{"@id":"https:\/\/congovirtuel.com\/information\/covid-19-plus-de-200-medecins-cubains-debarquent-en-afrique-du-sud-pour-lutter-contre-lepidemie\/"},"wordCount":293,"commentCount":0,"publisher":{"@id":"https:\/\/congovirtuel.com\/information\/#organization"},"image":{"@id":"https:\/\/congovirtuel.com\/information\/covid-19-plus-de-200-medecins-cubains-debarquent-en-afrique-du-sud-pour-lutter-contre-lepidemie\/#primaryimage"},"thumbnailUrl":"https:\/\/congovirtuel.com\/information\/wp-content\/uploads\/2020\/04\/medecin_cubain-1200-x-674.jpg","keywords":["Afrique du sud et m\u00e9decin cubain","M\u00e9decin cubain"],"articleSection":["COVID-19"],"inLanguage":"fr-FR","potentialAction":[{"@type":"CommentAction","name":"Comment","target":["https:\/\/congovirtuel.com\/information\/covid-19-plus-de-200-medecins-cubains-debarquent-en-afrique-du-sud-pour-lutter-contre-lepidemie\/#respond"]}]},{"@type":"WebPage","@id":"https:\/\/congovirtuel.com\/information\/covid-19-plus-de-200-medecins-cubains-debarquent-en-afrique-du-sud-pour-lutter-contre-lepidemie\/","url":"https:\/\/congovirtuel.com\/information\/covid-19-plus-de-200-medecins-cubains-debarquent-en-afrique-du-sud-pour-lutter-contre-lepidemie\/","name":"Covid-19: plus de 200 m\u00e9decins cubains d\u00e9barquent en Afrique du Sud pour lutter contre l'\u00e9pid\u00e9mie - Actualit\u00e9s congolaises et internationales","isPartOf":{"@id":"https:\/\/congovirtuel.com\/information\/#website"},"primaryImageOfPage":{"@id":"https:\/\/congovirtuel.com\/information\/covid-19-plus-de-200-medecins-cubains-debarquent-en-afrique-du-sud-pour-lutter-contre-lepidemie\/#primaryimage"},"image":{"@id":"https:\/\/congovirtuel.com\/information\/covid-19-plus-de-200-medecins-cubains-debarquent-en-afrique-du-sud-pour-lutter-contre-lepidemie\/#primaryimage"},"thumbnailUrl":"https:\/\/congovirtuel.com\/information\/wp-content\/uploads\/2020\/04\/medecin_cubain-1200-x-674.jpg","datePublished":"2020-04-27T10:46:11+00:00","dateModified":"2020-04-27T10:46:16+00:00","breadcrumb":{"@id":"https:\/\/congovirtuel.com\/information\/covid-19-plus-de-200-medecins-cubains-debarquent-en-afrique-du-sud-pour-lutter-contre-lepidemie\/#breadcrumb"},"inLanguage":"fr-FR","potentialAction":[{"@type":"ReadAction","target":["https:\/\/congovirtuel.com\/information\/covid-19-plus-de-200-medecins-cubains-debarquent-en-afrique-du-sud-pour-lutter-contre-lepidemie\/"]}]},{"@type":"ImageObject","inLanguage":"fr-FR","@id":"https:\/\/congovirtuel.com\/information\/covid-19-plus-de-200-medecins-cubains-debarquent-en-afrique-du-sud-pour-lutter-contre-lepidemie\/#primaryimage","url":"https:\/\/congovirtuel.com\/information\/wp-content\/uploads\/2020\/04\/medecin_cubain-1200-x-674.jpg","contentUrl":"https:\/\/congovirtuel.com\/information\/wp-content\/uploads\/2020\/04\/medecin_cubain-1200-x-674.jpg","width":1200,"height":674},{"@type":"BreadcrumbList","@id":"https:\/\/congovirtuel.com\/information\/covid-19-plus-de-200-medecins-cubains-debarquent-en-afrique-du-sud-pour-lutter-contre-lepidemie\/#breadcrumb","itemListElement":[{"@type":"ListItem","position":1,"name":"Accueil","item":"https:\/\/congovirtuel.com\/information\/"},{"@type":"ListItem","position":2,"name":"Covid-19: plus de 200 m\u00e9decins cubains d\u00e9barquent en Afrique du Sud pour lutter contre l&rsquo;\u00e9pid\u00e9mie"}]},{"@type":"WebSite","@id":"https:\/\/congovirtuel.com\/information\/#website","url":"https:\/\/congovirtuel.com\/information\/","name":"Actualit\u00e9s congolaises et internationales","description":"site d&#039;analyse et de traitement d&#039;information","publisher":{"@id":"https:\/\/congovirtuel.com\/information\/#organization"},"potentialAction":[{"@type":"SearchAction","target":{"@type":"EntryPoint","urlTemplate":"https:\/\/congovirtuel.com\/information\/?s={search_term_string}"},"query-input":{"@type":"PropertyValueSpecification","valueRequired":true,"valueName":"search_term_string"}}],"inLanguage":"fr-FR"},{"@type":"Organization","@id":"https:\/\/congovirtuel.com\/information\/#organization","name":"Biblioth\u00e8que Virtuelle de la RDC","url":"https:\/\/congovirtuel.com\/information\/","logo":{"@type":"ImageObject","inLanguage":"fr-FR","@id":"https:\/\/congovirtuel.com\/information\/#\/schema\/logo\/image\/","url":"https:\/\/congovirtuel.com\/information\/wp-content\/uploads\/2018\/10\/header-info-congovirtuel-vraie.jpg","contentUrl":"https:\/\/congovirtuel.com\/information\/wp-content\/uploads\/2018\/10\/header-info-congovirtuel-vraie.jpg","width":728,"height":90,"caption":"Biblioth\u00e8que Virtuelle de la RDC"},"image":{"@id":"https:\/\/congovirtuel.com\/information\/#\/schema\/logo\/image\/"},"sameAs":["https:\/\/web.facebook.com\/Congovirtuel-763617960319601\/?ref=aymt_homepage_panel&amp;amp;amp;amp;amp;amp;amp;amp;amp;amp;amp;eid=ARCoxULa66767kIgF_KYav6VdjXTI4yk_LW4yoVO9s6NXpysgb7Cb65vpxcxgqzOAKvIbLQxaAETcqHT","https:\/\/x.com\/congovirtuel","https:\/\/www.youtube.com\/channel\/UCkFfprYzGgS3EWNpeMXpToQ?view_as=subscriber"]},{"@type":"Person","@id":"https:\/\/congovirtuel.com\/information\/#\/schema\/person\/739a44bf7990966cb53d58d2fdeca0b6","name":"infocongovirtuel","image":{"@type":"ImageObject","inLanguage":"fr-FR","@id":"https:\/\/secure.gravatar.com\/avatar\/4d76991aa72469f0eb22e772586c99113c6997f88da636a9db8f2ce3a2c05e69?s=96&d=mm&r=g","url":"https:\/\/secure.gravatar.com\/avatar\/4d76991aa72469f0eb22e772586c99113c6997f88da636a9db8f2ce3a2c05e69?s=96&d=mm&r=g","contentUrl":"https:\/\/secure.gravatar.com\/avatar\/4d76991aa72469f0eb22e772586c99113c6997f88da636a9db8f2ce3a2c05e69?s=96&d=mm&r=g","caption":"infocongovirtuel"},"url":"https:\/\/congovirtuel.com\/information\/author\/infocongovirtuel\/"}]}},"gt_translate_keys":[{"key":"link","format":"url"}],"_links":{"self":[{"href":"https:\/\/congovirtuel.com\/information\/wp-json\/wp\/v2\/posts\/1164","targetHints":{"allow":["GET"]}}],"collection":[{"href":"https:\/\/congovirtuel.com\/information\/wp-json\/wp\/v2\/posts"}],"about":[{"href":"https:\/\/congovirtuel.com\/information\/wp-json\/wp\/v2\/types\/post"}],"author":[{"embeddable":true,"href":"https:\/\/congovirtuel.com\/information\/wp-json\/wp\/v2\/users\/1"}],"replies":[{"embeddable":true,"href":"https:\/\/congovirtuel.com\/information\/wp-json\/wp\/v2\/comments?post=1164"}],"version-history":[{"count":1,"href":"https:\/\/congovirtuel.com\/information\/wp-json\/wp\/v2\/posts\/1164\/revisions"}],"predecessor-version":[{"id":1166,"href":"https:\/\/congovirtuel.com\/information\/wp-json\/wp\/v2\/posts\/1164\/revisions\/1166"}],"wp:featuredmedia":[{"embeddable":true,"href":"https:\/\/congovirtuel.com\/information\/wp-json\/wp\/v2\/media\/1165"}],"wp:attachment":[{"href":"https:\/\/congovirtuel.com\/information\/wp-json\/wp\/v2\/media?parent=1164"}],"wp:term":[{"taxonomy":"category","embeddable":true,"href":"https:\/\/congovirtuel.com\/information\/wp-json\/wp\/v2\/categories?post=1164"},{"taxonomy":"post_tag","embeddable":true,"href":"https:\/\/congovirtuel.com\/information\/wp-json\/wp\/v2\/tags?post=1164"}],"curies":[{"name":"wp","href":"https:\/\/api.w.org\/{rel}","templated":true}]}}