{"id":11681,"date":"2021-07-11T16:45:39","date_gmt":"2021-07-11T15:45:39","guid":{"rendered":"https:\/\/congovirtuel.com\/information\/?p=11681"},"modified":"2021-07-11T16:45:42","modified_gmt":"2021-07-11T15:45:42","slug":"la-rdc-en-deuil-le-cardinal-laurent-monsengwo-pasinya-est-mort-ce-dimanche","status":"publish","type":"post","link":"https:\/\/congovirtuel.com\/information\/la-rdc-en-deuil-le-cardinal-laurent-monsengwo-pasinya-est-mort-ce-dimanche\/","title":{"rendered":"La RDC en deuil: Le cardinal Laurent Monsengwo Pasinya est mort ce dimanche","gt_translate_keys":[{"key":"rendered","format":"text"}]},"content":{"rendered":"\n<h2 class=\"wp-block-heading\">La RDC est en deuil. Le cardinal Laurent Monsengwo Pasinya est mort ce dimanche (11.07) \u00e0 Paris. Pr\u00eatre, docteur en Ecritures saintes, Professeur de th\u00e9ologie, il a aussi \u00e9t\u00e9 Archev\u00eaque puis cardinal.<\/h2>\n\n\n\n<p class=\"wp-block-paragraph\">&nbsp;Retour sur le parcours d\u2019un homme qui aura marqu\u00e9 la vie socio-politique et religieuse de la RDC.&nbsp;<\/p>\n\n\n\n<p class=\"wp-block-paragraph\"><em>\u00ab\u00a0La v\u00e9rit\u00e9 des urnes est essentielle pour la d\u00e9mocratie, parce que un peu partout, on conteste des r\u00e9sultats des \u00e9lections. C\u2019est dire que les gens ont commenc\u00e9 plus ou moins \u00e0 prendre&nbsp; le parti de prendre le pouvoir dans le mensonge sans l\u2019avoir m\u00e9rit\u00e9 et ce n\u2019est pas bon pour la soci\u00e9t\u00e9. Parce que la soci\u00e9t\u00e9 m\u00e9rite quand m\u00eame que les gens aient le pouvoir qu\u2019ils ont gagn\u00e9 honn\u00eatement\u00a0\u00bb.&nbsp;<\/em><\/p>\n\n\n\n<p class=\"wp-block-paragraph\">C\u2019\u00e9tait en 2012, alors qu\u2019il recevait \u00e0 Berlin le prix \u0153cum\u00e9nique de la paix pour son engagement en faveur de la paix et des droits de l&rsquo;Homme en RDC.<\/p>\n\n\n\n<p class=\"wp-block-paragraph\">Au micro de la DW, le cardinal Laurent Monsengwo Pasinya, alors archev\u00eaque de Kinshasa, r\u00e9it\u00e9rait ainsi ses r\u00e9serves vis-\u00e0-vis des r\u00e9sultats des \u00e9lections pr\u00e9sidentielle et l\u00e9gislatives dans son pays. Une posture qui illustre l\u2019engagement de cet homme d\u2019\u00e9glise.<br>&nbsp;<br>N\u00e9 le 7 octobre 1939 \u00e0 Mongobel\u00e9 village situ\u00e9 dans la province de Bandundu en RDC, Laurent Monsengwo commence sa carri\u00e8re d\u2019abord comme pr\u00eatre en 1963. Il poursuit ses \u00e9tudes \u00e0 Rome et en 1970, il est le premier Africain \u00e0 obtenir un doctorat en Ecritures saintes \u00e0 l&rsquo;Institut biblique pontifical de Rome.<\/p>\n\n\n\n<figure class=\"wp-block-image\"><img decoding=\"async\" src=\"https:\/\/static.dw.com\/image\/15999651_101.jpg\" alt=\"\"\/><\/figure>\n\n\n\n<p class=\"wp-block-paragraph\">De retour dans son pays, il occupe diff\u00e9rents postes de professeur de th\u00e9ologie.&nbsp; Archev\u00eaque de kisangani en 1988, c\u2019est \u00e0 ce poste qu\u2019il s&rsquo;imposera comme l&rsquo;un des acteurs politiques majeurs de la p\u00e9riode de retour \u00e0 la d\u00e9mocratie qui a suivi le r\u00e9gime de Mobutu.<\/p>\n\n\n\n<p class=\"wp-block-paragraph\">En 1991, il devient pr\u00e9sident du Bureau de la Conf\u00e9rence Nationale souveraine puis, de 1992 \u00e0 1996, du Haut conseil de la r\u00e9publique, \u00e9rig\u00e9 en parlement de transition en 1994.<\/p>\n\n\n\n<p class=\"wp-block-paragraph\">Le&nbsp; cardinal Laurent Monsengwo sera \u00e9galement par la suite \u00e9lu pr\u00e9sident du Symposium des conf\u00e9rences \u00e9piscopales d&rsquo;Afrique et de Madagascar en 1997 puis vice-pr\u00e9sident de Pax Christi international en 2002. En 2004, il est \u00e9lu pr\u00e9sident de la Conf\u00e9rence \u00e9piscopale nationale du Congo.&nbsp;<\/p>\n\n\n\n<p class=\"wp-block-paragraph\">Hostile au r\u00e9gime jug\u00e9 autoritaire de Joseph Kabila, le cardinal n\u2019a cess\u00e9 de monter au cr\u00e9neau pour le convaincre de quitter le pouvoir. Au sujet de la r\u00e9solution des crises politiques et de l\u2019instabilit\u00e9 dans l\u2019Est de la RDC, il \u00e9tait convaincu d\u2019une chose.<\/p>\n\n\n\n<figure class=\"wp-block-image\"><img decoding=\"async\" src=\"https:\/\/static.dw.com\/image\/15746500_403.jpg\" alt=\"\"\/><\/figure>\n\n\n\n<p class=\"wp-block-paragraph\"><audio src=\"https:\/\/radiodownloaddw-a.akamaihd.net\/Events\/dwelle\/dira\/mp3\/fra\/4208DCD8_2.mp3\"><\/audio><\/p>\n\n\n\n<figure class=\"wp-block-image\"><img decoding=\"async\" src=\"https:\/\/m.dw.com\/css-themes\/mobile\/image\/video.svg\" alt=\"\"\/><\/figure>\n\n\n\n<p class=\"wp-block-paragraph\"><em>\u00ab\u00a0Les probl\u00e8mes doivent \u00eatre r\u00e9solus par les Congolais en priorit\u00e9, les autres doivent amener un appoint, mais les autres ne devraient pas prendre le r\u00f4le principal, parce qu\u2019alors ils d\u00e9fendent leurs int\u00e9r\u00eats et non pas ceux des Congolais\u00a0\u00bb.<\/em><\/p>\n\n\n\n<p class=\"wp-block-paragraph\">Avant d\u2019\u00eatre emport\u00e9 par la maladie, le cardinal Laurent Monsengwo s\u2019\u00e9tait retir\u00e9 de sa charge \u00e9piscopale depuis 2018 mais \u00e9tait rest\u00e9 une figure influente en RDC.<\/p>\n\n\n\n<p class=\"wp-block-paragraph\">DW<\/p>\n","protected":false,"gt_translate_keys":[{"key":"rendered","format":"html"}]},"excerpt":{"rendered":"<p>La RDC est en deuil. Le cardinal Laurent Monsengwo Pasinya est mort ce dimanche (11.07) \u00e0 Paris. Pr\u00eatre, docteur en Ecritures saintes, Professeur de th\u00e9ologie, il a aussi \u00e9t\u00e9 Archev\u00eaque puis cardinal. &nbsp;Retour sur le parcours d\u2019un homme qui aura marqu\u00e9 la vie socio-politique et religieuse de la RDC.&nbsp; \u00ab\u00a0La v\u00e9rit\u00e9 des urnes est essentielle pour la d\u00e9mocratie, parce que un peu partout, on conteste des r\u00e9sultats des \u00e9lections. C\u2019est dire que les gens ont commenc\u00e9 plus ou moins \u00e0 prendre&nbsp; le parti de prendre le pouvoir dans le mensonge&hellip;<\/p>\n","protected":false,"gt_translate_keys":[{"key":"rendered","format":"html"}]},"author":1,"featured_media":11683,"comment_status":"open","ping_status":"open","sticky":false,"template":"","format":"standard","meta":{"_crdt_document":"","footnotes":""},"categories":[4],"tags":[12818,12816,12819,12817],"class_list":["post-11681","post","type-post","status-publish","format-standard","has-post-thumbnail","hentry","category-religions","tag-deces-cardinal","tag-deces-cardinal-monsengwo","tag-monsengwo","tag-monsengwo-mort-a-paris"],"gutentor_comment":0,"yoast_head":"<!-- This site is optimized with the Yoast SEO plugin v27.5 - https:\/\/yoast.com\/product\/yoast-seo-wordpress\/ -->\n<title>La RDC en deuil: Le cardinal Laurent Monsengwo Pasinya est mort ce dimanche - Actualit\u00e9s congolaises et internationales<\/title>\n<meta name=\"robots\" content=\"index, follow, max-snippet:-1, max-image-preview:large, max-video-preview:-1\" \/>\n<link rel=\"canonical\" href=\"https:\/\/congovirtuel.com\/information\/la-rdc-en-deuil-le-cardinal-laurent-monsengwo-pasinya-est-mort-ce-dimanche\/\" \/>\n<meta property=\"og:locale\" content=\"fr_FR\" \/>\n<meta property=\"og:type\" content=\"article\" \/>\n<meta property=\"og:title\" content=\"La RDC en deuil: Le cardinal Laurent Monsengwo Pasinya est mort ce dimanche - Actualit\u00e9s congolaises et internationales\" \/>\n<meta property=\"og:description\" content=\"La RDC est en deuil. Le cardinal Laurent Monsengwo Pasinya est mort ce dimanche (11.07) \u00e0 Paris. Pr\u00eatre, docteur en Ecritures saintes, Professeur de th\u00e9ologie, il a aussi \u00e9t\u00e9 Archev\u00eaque puis cardinal. &nbsp;Retour sur le parcours d\u2019un homme qui aura marqu\u00e9 la vie socio-politique et religieuse de la RDC.&nbsp; \u00ab\u00a0La v\u00e9rit\u00e9 des urnes est essentielle pour la d\u00e9mocratie, parce que un peu partout, on conteste des r\u00e9sultats des \u00e9lections. C\u2019est dire que les gens ont commenc\u00e9 plus ou moins \u00e0 prendre&nbsp; le parti de prendre le pouvoir dans le mensonge&hellip;\" \/>\n<meta property=\"og:url\" content=\"https:\/\/congovirtuel.com\/information\/la-rdc-en-deuil-le-cardinal-laurent-monsengwo-pasinya-est-mort-ce-dimanche\/\" \/>\n<meta property=\"og:site_name\" content=\"Actualit\u00e9s congolaises et internationales\" \/>\n<meta property=\"article:publisher\" content=\"https:\/\/web.facebook.com\/Congovirtuel-763617960319601\/?ref=aymt_homepage_panel&amp;amp%3bamp%3bamp%3bamp%3bamp%3bamp%3bamp%3bamp%3bamp%3bamp%3bamp%3beid=ARCoxULa66767kIgF_KYav6VdjXTI4yk_LW4yoVO9s6NXpysgb7Cb65vpxcxgqzOAKvIbLQxaAETcqHT\" \/>\n<meta property=\"article:published_time\" content=\"2021-07-11T15:45:39+00:00\" \/>\n<meta property=\"article:modified_time\" content=\"2021-07-11T15:45:42+00:00\" \/>\n<meta property=\"og:image\" content=\"https:\/\/congovirtuel.com\/information\/wp-content\/uploads\/2021\/07\/15999639_303.jpg\" \/>\n\t<meta property=\"og:image:width\" content=\"700\" \/>\n\t<meta property=\"og:image:height\" content=\"394\" \/>\n\t<meta property=\"og:image:type\" content=\"image\/jpeg\" \/>\n<meta name=\"author\" content=\"infocongovirtuel\" \/>\n<meta name=\"twitter:card\" content=\"summary_large_image\" \/>\n<meta name=\"twitter:creator\" content=\"@congovirtuel\" \/>\n<meta name=\"twitter:site\" content=\"@congovirtuel\" \/>\n<meta name=\"twitter:label1\" content=\"\u00c9crit par\" \/>\n\t<meta name=\"twitter:data1\" content=\"infocongovirtuel\" \/>\n\t<meta name=\"twitter:label2\" content=\"Dur\u00e9e de lecture estim\u00e9e\" \/>\n\t<meta name=\"twitter:data2\" content=\"3 minutes\" \/>\n<script type=\"application\/ld+json\" class=\"yoast-schema-graph\">{\"@context\":\"https:\\\/\\\/schema.org\",\"@graph\":[{\"@type\":\"Article\",\"@id\":\"https:\\\/\\\/congovirtuel.com\\\/information\\\/la-rdc-en-deuil-le-cardinal-laurent-monsengwo-pasinya-est-mort-ce-dimanche\\\/#article\",\"isPartOf\":{\"@id\":\"https:\\\/\\\/congovirtuel.com\\\/information\\\/la-rdc-en-deuil-le-cardinal-laurent-monsengwo-pasinya-est-mort-ce-dimanche\\\/\"},\"author\":{\"name\":\"infocongovirtuel\",\"@id\":\"https:\\\/\\\/congovirtuel.com\\\/information\\\/#\\\/schema\\\/person\\\/739a44bf7990966cb53d58d2fdeca0b6\"},\"headline\":\"La RDC en deuil: Le cardinal Laurent Monsengwo Pasinya est mort ce dimanche\",\"datePublished\":\"2021-07-11T15:45:39+00:00\",\"dateModified\":\"2021-07-11T15:45:42+00:00\",\"mainEntityOfPage\":{\"@id\":\"https:\\\/\\\/congovirtuel.com\\\/information\\\/la-rdc-en-deuil-le-cardinal-laurent-monsengwo-pasinya-est-mort-ce-dimanche\\\/\"},\"wordCount\":531,\"commentCount\":0,\"publisher\":{\"@id\":\"https:\\\/\\\/congovirtuel.com\\\/information\\\/#organization\"},\"image\":{\"@id\":\"https:\\\/\\\/congovirtuel.com\\\/information\\\/la-rdc-en-deuil-le-cardinal-laurent-monsengwo-pasinya-est-mort-ce-dimanche\\\/#primaryimage\"},\"thumbnailUrl\":\"https:\\\/\\\/congovirtuel.com\\\/information\\\/wp-content\\\/uploads\\\/2021\\\/07\\\/15999639_303.jpg\",\"keywords\":[\"D\u00e9c\u00e8s cardinal\",\"D\u00e9c\u00e8s cardinal Monsengwo\",\"Monsengwo\",\"Monsengwo Mort \u00e0 Paris\"],\"articleSection\":[\"Religions\"],\"inLanguage\":\"fr-FR\",\"potentialAction\":[{\"@type\":\"CommentAction\",\"name\":\"Comment\",\"target\":[\"https:\\\/\\\/congovirtuel.com\\\/information\\\/la-rdc-en-deuil-le-cardinal-laurent-monsengwo-pasinya-est-mort-ce-dimanche\\\/#respond\"]}]},{\"@type\":\"WebPage\",\"@id\":\"https:\\\/\\\/congovirtuel.com\\\/information\\\/la-rdc-en-deuil-le-cardinal-laurent-monsengwo-pasinya-est-mort-ce-dimanche\\\/\",\"url\":\"https:\\\/\\\/congovirtuel.com\\\/information\\\/la-rdc-en-deuil-le-cardinal-laurent-monsengwo-pasinya-est-mort-ce-dimanche\\\/\",\"name\":\"La RDC en deuil: Le cardinal Laurent Monsengwo Pasinya est mort ce dimanche - Actualit\u00e9s congolaises et internationales\",\"isPartOf\":{\"@id\":\"https:\\\/\\\/congovirtuel.com\\\/information\\\/#website\"},\"primaryImageOfPage\":{\"@id\":\"https:\\\/\\\/congovirtuel.com\\\/information\\\/la-rdc-en-deuil-le-cardinal-laurent-monsengwo-pasinya-est-mort-ce-dimanche\\\/#primaryimage\"},\"image\":{\"@id\":\"https:\\\/\\\/congovirtuel.com\\\/information\\\/la-rdc-en-deuil-le-cardinal-laurent-monsengwo-pasinya-est-mort-ce-dimanche\\\/#primaryimage\"},\"thumbnailUrl\":\"https:\\\/\\\/congovirtuel.com\\\/information\\\/wp-content\\\/uploads\\\/2021\\\/07\\\/15999639_303.jpg\",\"datePublished\":\"2021-07-11T15:45:39+00:00\",\"dateModified\":\"2021-07-11T15:45:42+00:00\",\"breadcrumb\":{\"@id\":\"https:\\\/\\\/congovirtuel.com\\\/information\\\/la-rdc-en-deuil-le-cardinal-laurent-monsengwo-pasinya-est-mort-ce-dimanche\\\/#breadcrumb\"},\"inLanguage\":\"fr-FR\",\"potentialAction\":[{\"@type\":\"ReadAction\",\"target\":[\"https:\\\/\\\/congovirtuel.com\\\/information\\\/la-rdc-en-deuil-le-cardinal-laurent-monsengwo-pasinya-est-mort-ce-dimanche\\\/\"]}]},{\"@type\":\"ImageObject\",\"inLanguage\":\"fr-FR\",\"@id\":\"https:\\\/\\\/congovirtuel.com\\\/information\\\/la-rdc-en-deuil-le-cardinal-laurent-monsengwo-pasinya-est-mort-ce-dimanche\\\/#primaryimage\",\"url\":\"https:\\\/\\\/congovirtuel.com\\\/information\\\/wp-content\\\/uploads\\\/2021\\\/07\\\/15999639_303.jpg\",\"contentUrl\":\"https:\\\/\\\/congovirtuel.com\\\/information\\\/wp-content\\\/uploads\\\/2021\\\/07\\\/15999639_303.jpg\",\"width\":700,\"height\":394},{\"@type\":\"BreadcrumbList\",\"@id\":\"https:\\\/\\\/congovirtuel.com\\\/information\\\/la-rdc-en-deuil-le-cardinal-laurent-monsengwo-pasinya-est-mort-ce-dimanche\\\/#breadcrumb\",\"itemListElement\":[{\"@type\":\"ListItem\",\"position\":1,\"name\":\"Accueil\",\"item\":\"https:\\\/\\\/congovirtuel.com\\\/information\\\/\"},{\"@type\":\"ListItem\",\"position\":2,\"name\":\"La RDC en deuil: Le cardinal Laurent Monsengwo Pasinya est mort ce dimanche\"}]},{\"@type\":\"WebSite\",\"@id\":\"https:\\\/\\\/congovirtuel.com\\\/information\\\/#website\",\"url\":\"https:\\\/\\\/congovirtuel.com\\\/information\\\/\",\"name\":\"Actualit\u00e9s congolaises et internationales\",\"description\":\"site d&#039;analyse et de traitement d&#039;information\",\"publisher\":{\"@id\":\"https:\\\/\\\/congovirtuel.com\\\/information\\\/#organization\"},\"potentialAction\":[{\"@type\":\"SearchAction\",\"target\":{\"@type\":\"EntryPoint\",\"urlTemplate\":\"https:\\\/\\\/congovirtuel.com\\\/information\\\/?s={search_term_string}\"},\"query-input\":{\"@type\":\"PropertyValueSpecification\",\"valueRequired\":true,\"valueName\":\"search_term_string\"}}],\"inLanguage\":\"fr-FR\"},{\"@type\":\"Organization\",\"@id\":\"https:\\\/\\\/congovirtuel.com\\\/information\\\/#organization\",\"name\":\"Biblioth\u00e8que Virtuelle de la RDC\",\"url\":\"https:\\\/\\\/congovirtuel.com\\\/information\\\/\",\"logo\":{\"@type\":\"ImageObject\",\"inLanguage\":\"fr-FR\",\"@id\":\"https:\\\/\\\/congovirtuel.com\\\/information\\\/#\\\/schema\\\/logo\\\/image\\\/\",\"url\":\"https:\\\/\\\/congovirtuel.com\\\/information\\\/wp-content\\\/uploads\\\/2018\\\/10\\\/header-info-congovirtuel-vraie.jpg\",\"contentUrl\":\"https:\\\/\\\/congovirtuel.com\\\/information\\\/wp-content\\\/uploads\\\/2018\\\/10\\\/header-info-congovirtuel-vraie.jpg\",\"width\":728,\"height\":90,\"caption\":\"Biblioth\u00e8que Virtuelle de la RDC\"},\"image\":{\"@id\":\"https:\\\/\\\/congovirtuel.com\\\/information\\\/#\\\/schema\\\/logo\\\/image\\\/\"},\"sameAs\":[\"https:\\\/\\\/web.facebook.com\\\/Congovirtuel-763617960319601\\\/?ref=aymt_homepage_panel&amp;amp;amp;amp;amp;amp;amp;amp;amp;amp;amp;eid=ARCoxULa66767kIgF_KYav6VdjXTI4yk_LW4yoVO9s6NXpysgb7Cb65vpxcxgqzOAKvIbLQxaAETcqHT\",\"https:\\\/\\\/x.com\\\/congovirtuel\",\"https:\\\/\\\/www.youtube.com\\\/channel\\\/UCkFfprYzGgS3EWNpeMXpToQ?view_as=subscriber\"]},{\"@type\":\"Person\",\"@id\":\"https:\\\/\\\/congovirtuel.com\\\/information\\\/#\\\/schema\\\/person\\\/739a44bf7990966cb53d58d2fdeca0b6\",\"name\":\"infocongovirtuel\",\"image\":{\"@type\":\"ImageObject\",\"inLanguage\":\"fr-FR\",\"@id\":\"https:\\\/\\\/secure.gravatar.com\\\/avatar\\\/4d76991aa72469f0eb22e772586c99113c6997f88da636a9db8f2ce3a2c05e69?s=96&d=mm&r=g\",\"url\":\"https:\\\/\\\/secure.gravatar.com\\\/avatar\\\/4d76991aa72469f0eb22e772586c99113c6997f88da636a9db8f2ce3a2c05e69?s=96&d=mm&r=g\",\"contentUrl\":\"https:\\\/\\\/secure.gravatar.com\\\/avatar\\\/4d76991aa72469f0eb22e772586c99113c6997f88da636a9db8f2ce3a2c05e69?s=96&d=mm&r=g\",\"caption\":\"infocongovirtuel\"},\"url\":\"https:\\\/\\\/congovirtuel.com\\\/information\\\/author\\\/infocongovirtuel\\\/\"}]}<\/script>\n<!-- \/ Yoast SEO plugin. -->","yoast_head_json":{"title":"La RDC en deuil: Le cardinal Laurent Monsengwo Pasinya est mort ce dimanche - Actualit\u00e9s congolaises et internationales","robots":{"index":"index","follow":"follow","max-snippet":"max-snippet:-1","max-image-preview":"max-image-preview:large","max-video-preview":"max-video-preview:-1"},"canonical":"https:\/\/congovirtuel.com\/information\/la-rdc-en-deuil-le-cardinal-laurent-monsengwo-pasinya-est-mort-ce-dimanche\/","og_locale":"fr_FR","og_type":"article","og_title":"La RDC en deuil: Le cardinal Laurent Monsengwo Pasinya est mort ce dimanche - Actualit\u00e9s congolaises et internationales","og_description":"La RDC est en deuil. Le cardinal Laurent Monsengwo Pasinya est mort ce dimanche (11.07) \u00e0 Paris. Pr\u00eatre, docteur en Ecritures saintes, Professeur de th\u00e9ologie, il a aussi \u00e9t\u00e9 Archev\u00eaque puis cardinal. &nbsp;Retour sur le parcours d\u2019un homme qui aura marqu\u00e9 la vie socio-politique et religieuse de la RDC.&nbsp; \u00ab\u00a0La v\u00e9rit\u00e9 des urnes est essentielle pour la d\u00e9mocratie, parce que un peu partout, on conteste des r\u00e9sultats des \u00e9lections. C\u2019est dire que les gens ont commenc\u00e9 plus ou moins \u00e0 prendre&nbsp; le parti de prendre le pouvoir dans le mensonge&hellip;","og_url":"https:\/\/congovirtuel.com\/information\/la-rdc-en-deuil-le-cardinal-laurent-monsengwo-pasinya-est-mort-ce-dimanche\/","og_site_name":"Actualit\u00e9s congolaises et internationales","article_publisher":"https:\/\/web.facebook.com\/Congovirtuel-763617960319601\/?ref=aymt_homepage_panel&amp%3bamp%3bamp%3bamp%3bamp%3bamp%3bamp%3bamp%3bamp%3bamp%3bamp%3beid=ARCoxULa66767kIgF_KYav6VdjXTI4yk_LW4yoVO9s6NXpysgb7Cb65vpxcxgqzOAKvIbLQxaAETcqHT","article_published_time":"2021-07-11T15:45:39+00:00","article_modified_time":"2021-07-11T15:45:42+00:00","og_image":[{"width":700,"height":394,"url":"https:\/\/congovirtuel.com\/information\/wp-content\/uploads\/2021\/07\/15999639_303.jpg","type":"image\/jpeg"}],"author":"infocongovirtuel","twitter_card":"summary_large_image","twitter_creator":"@congovirtuel","twitter_site":"@congovirtuel","twitter_misc":{"\u00c9crit par":"infocongovirtuel","Dur\u00e9e de lecture estim\u00e9e":"3 minutes"},"schema":{"@context":"https:\/\/schema.org","@graph":[{"@type":"Article","@id":"https:\/\/congovirtuel.com\/information\/la-rdc-en-deuil-le-cardinal-laurent-monsengwo-pasinya-est-mort-ce-dimanche\/#article","isPartOf":{"@id":"https:\/\/congovirtuel.com\/information\/la-rdc-en-deuil-le-cardinal-laurent-monsengwo-pasinya-est-mort-ce-dimanche\/"},"author":{"name":"infocongovirtuel","@id":"https:\/\/congovirtuel.com\/information\/#\/schema\/person\/739a44bf7990966cb53d58d2fdeca0b6"},"headline":"La RDC en deuil: Le cardinal Laurent Monsengwo Pasinya est mort ce dimanche","datePublished":"2021-07-11T15:45:39+00:00","dateModified":"2021-07-11T15:45:42+00:00","mainEntityOfPage":{"@id":"https:\/\/congovirtuel.com\/information\/la-rdc-en-deuil-le-cardinal-laurent-monsengwo-pasinya-est-mort-ce-dimanche\/"},"wordCount":531,"commentCount":0,"publisher":{"@id":"https:\/\/congovirtuel.com\/information\/#organization"},"image":{"@id":"https:\/\/congovirtuel.com\/information\/la-rdc-en-deuil-le-cardinal-laurent-monsengwo-pasinya-est-mort-ce-dimanche\/#primaryimage"},"thumbnailUrl":"https:\/\/congovirtuel.com\/information\/wp-content\/uploads\/2021\/07\/15999639_303.jpg","keywords":["D\u00e9c\u00e8s cardinal","D\u00e9c\u00e8s cardinal Monsengwo","Monsengwo","Monsengwo Mort \u00e0 Paris"],"articleSection":["Religions"],"inLanguage":"fr-FR","potentialAction":[{"@type":"CommentAction","name":"Comment","target":["https:\/\/congovirtuel.com\/information\/la-rdc-en-deuil-le-cardinal-laurent-monsengwo-pasinya-est-mort-ce-dimanche\/#respond"]}]},{"@type":"WebPage","@id":"https:\/\/congovirtuel.com\/information\/la-rdc-en-deuil-le-cardinal-laurent-monsengwo-pasinya-est-mort-ce-dimanche\/","url":"https:\/\/congovirtuel.com\/information\/la-rdc-en-deuil-le-cardinal-laurent-monsengwo-pasinya-est-mort-ce-dimanche\/","name":"La RDC en deuil: Le cardinal Laurent Monsengwo Pasinya est mort ce dimanche - Actualit\u00e9s congolaises et internationales","isPartOf":{"@id":"https:\/\/congovirtuel.com\/information\/#website"},"primaryImageOfPage":{"@id":"https:\/\/congovirtuel.com\/information\/la-rdc-en-deuil-le-cardinal-laurent-monsengwo-pasinya-est-mort-ce-dimanche\/#primaryimage"},"image":{"@id":"https:\/\/congovirtuel.com\/information\/la-rdc-en-deuil-le-cardinal-laurent-monsengwo-pasinya-est-mort-ce-dimanche\/#primaryimage"},"thumbnailUrl":"https:\/\/congovirtuel.com\/information\/wp-content\/uploads\/2021\/07\/15999639_303.jpg","datePublished":"2021-07-11T15:45:39+00:00","dateModified":"2021-07-11T15:45:42+00:00","breadcrumb":{"@id":"https:\/\/congovirtuel.com\/information\/la-rdc-en-deuil-le-cardinal-laurent-monsengwo-pasinya-est-mort-ce-dimanche\/#breadcrumb"},"inLanguage":"fr-FR","potentialAction":[{"@type":"ReadAction","target":["https:\/\/congovirtuel.com\/information\/la-rdc-en-deuil-le-cardinal-laurent-monsengwo-pasinya-est-mort-ce-dimanche\/"]}]},{"@type":"ImageObject","inLanguage":"fr-FR","@id":"https:\/\/congovirtuel.com\/information\/la-rdc-en-deuil-le-cardinal-laurent-monsengwo-pasinya-est-mort-ce-dimanche\/#primaryimage","url":"https:\/\/congovirtuel.com\/information\/wp-content\/uploads\/2021\/07\/15999639_303.jpg","contentUrl":"https:\/\/congovirtuel.com\/information\/wp-content\/uploads\/2021\/07\/15999639_303.jpg","width":700,"height":394},{"@type":"BreadcrumbList","@id":"https:\/\/congovirtuel.com\/information\/la-rdc-en-deuil-le-cardinal-laurent-monsengwo-pasinya-est-mort-ce-dimanche\/#breadcrumb","itemListElement":[{"@type":"ListItem","position":1,"name":"Accueil","item":"https:\/\/congovirtuel.com\/information\/"},{"@type":"ListItem","position":2,"name":"La RDC en deuil: Le cardinal Laurent Monsengwo Pasinya est mort ce dimanche"}]},{"@type":"WebSite","@id":"https:\/\/congovirtuel.com\/information\/#website","url":"https:\/\/congovirtuel.com\/information\/","name":"Actualit\u00e9s congolaises et internationales","description":"site d&#039;analyse et de traitement d&#039;information","publisher":{"@id":"https:\/\/congovirtuel.com\/information\/#organization"},"potentialAction":[{"@type":"SearchAction","target":{"@type":"EntryPoint","urlTemplate":"https:\/\/congovirtuel.com\/information\/?s={search_term_string}"},"query-input":{"@type":"PropertyValueSpecification","valueRequired":true,"valueName":"search_term_string"}}],"inLanguage":"fr-FR"},{"@type":"Organization","@id":"https:\/\/congovirtuel.com\/information\/#organization","name":"Biblioth\u00e8que Virtuelle de la RDC","url":"https:\/\/congovirtuel.com\/information\/","logo":{"@type":"ImageObject","inLanguage":"fr-FR","@id":"https:\/\/congovirtuel.com\/information\/#\/schema\/logo\/image\/","url":"https:\/\/congovirtuel.com\/information\/wp-content\/uploads\/2018\/10\/header-info-congovirtuel-vraie.jpg","contentUrl":"https:\/\/congovirtuel.com\/information\/wp-content\/uploads\/2018\/10\/header-info-congovirtuel-vraie.jpg","width":728,"height":90,"caption":"Biblioth\u00e8que Virtuelle de la RDC"},"image":{"@id":"https:\/\/congovirtuel.com\/information\/#\/schema\/logo\/image\/"},"sameAs":["https:\/\/web.facebook.com\/Congovirtuel-763617960319601\/?ref=aymt_homepage_panel&amp;amp;amp;amp;amp;amp;amp;amp;amp;amp;amp;eid=ARCoxULa66767kIgF_KYav6VdjXTI4yk_LW4yoVO9s6NXpysgb7Cb65vpxcxgqzOAKvIbLQxaAETcqHT","https:\/\/x.com\/congovirtuel","https:\/\/www.youtube.com\/channel\/UCkFfprYzGgS3EWNpeMXpToQ?view_as=subscriber"]},{"@type":"Person","@id":"https:\/\/congovirtuel.com\/information\/#\/schema\/person\/739a44bf7990966cb53d58d2fdeca0b6","name":"infocongovirtuel","image":{"@type":"ImageObject","inLanguage":"fr-FR","@id":"https:\/\/secure.gravatar.com\/avatar\/4d76991aa72469f0eb22e772586c99113c6997f88da636a9db8f2ce3a2c05e69?s=96&d=mm&r=g","url":"https:\/\/secure.gravatar.com\/avatar\/4d76991aa72469f0eb22e772586c99113c6997f88da636a9db8f2ce3a2c05e69?s=96&d=mm&r=g","contentUrl":"https:\/\/secure.gravatar.com\/avatar\/4d76991aa72469f0eb22e772586c99113c6997f88da636a9db8f2ce3a2c05e69?s=96&d=mm&r=g","caption":"infocongovirtuel"},"url":"https:\/\/congovirtuel.com\/information\/author\/infocongovirtuel\/"}]}},"gt_translate_keys":[{"key":"link","format":"url"}],"_links":{"self":[{"href":"https:\/\/congovirtuel.com\/information\/wp-json\/wp\/v2\/posts\/11681","targetHints":{"allow":["GET"]}}],"collection":[{"href":"https:\/\/congovirtuel.com\/information\/wp-json\/wp\/v2\/posts"}],"about":[{"href":"https:\/\/congovirtuel.com\/information\/wp-json\/wp\/v2\/types\/post"}],"author":[{"embeddable":true,"href":"https:\/\/congovirtuel.com\/information\/wp-json\/wp\/v2\/users\/1"}],"replies":[{"embeddable":true,"href":"https:\/\/congovirtuel.com\/information\/wp-json\/wp\/v2\/comments?post=11681"}],"version-history":[{"count":1,"href":"https:\/\/congovirtuel.com\/information\/wp-json\/wp\/v2\/posts\/11681\/revisions"}],"predecessor-version":[{"id":11684,"href":"https:\/\/congovirtuel.com\/information\/wp-json\/wp\/v2\/posts\/11681\/revisions\/11684"}],"wp:featuredmedia":[{"embeddable":true,"href":"https:\/\/congovirtuel.com\/information\/wp-json\/wp\/v2\/media\/11683"}],"wp:attachment":[{"href":"https:\/\/congovirtuel.com\/information\/wp-json\/wp\/v2\/media?parent=11681"}],"wp:term":[{"taxonomy":"category","embeddable":true,"href":"https:\/\/congovirtuel.com\/information\/wp-json\/wp\/v2\/categories?post=11681"},{"taxonomy":"post_tag","embeddable":true,"href":"https:\/\/congovirtuel.com\/information\/wp-json\/wp\/v2\/tags?post=11681"}],"curies":[{"name":"wp","href":"https:\/\/api.w.org\/{rel}","templated":true}]}}