{"id":11777,"date":"2021-07-13T17:32:47","date_gmt":"2021-07-13T16:32:47","guid":{"rendered":"https:\/\/congovirtuel.com\/information\/?p=11777"},"modified":"2021-07-13T17:33:00","modified_gmt":"2021-07-13T16:33:00","slug":"rdc-moise-moni-della-designe-censeur-a-logefrem","status":"publish","type":"post","link":"https:\/\/congovirtuel.com\/information\/rdc-moise-moni-della-designe-censeur-a-logefrem\/","title":{"rendered":"RDC : Mo\u00efse Moni Della d\u00e9sign\u00e9 censeur \u00e0 l\u2019OGEFREM","gt_translate_keys":[{"key":"rendered","format":"text"}]},"content":{"rendered":"\n<p class=\"wp-block-paragraph\"><strong>Cette d\u00e9cision du ministre des Transports, voies de communication et D\u00e9senclavement, Ch\u00e9rubin Okende intervient 24 heures apr\u00e8s la suspension du directeur g\u00e9n\u00e9ral de l\u2019entreprise, Patient Sayiba pour fautes graves. Le ministre Okende reproche \u00e0 cet agent de l\u2019\u00c9tat d\u2019avoir orchestr\u00e9 des man\u0153uvres pour faire obstacle aux investigations men\u00e9es par son cabinet, relatives au refus d\u2019ex\u00e9cution des instructions du chef de l\u2019\u00c9tat.<\/strong><\/p>\n\n\n\n<p class=\"wp-block-paragraph\">Enfin, le DG suspendu est accus\u00e9 de violer la d\u00e9cision du Conseil des ministres concernant le recrutement, le mouvement du personnel, la promotion en grades et le licenciement abusif.<\/p>\n\n\n\n<p class=\"wp-block-paragraph\"><em>D\u00e9sign\u00e9 censeur \u00e0 l\u2019OGEFREM, Mo\u00efse Moni Della est le pr\u00e9sident du parti des Conservateurs de la natures et d\u00e9mocrates (CONADE). Aujourd\u2019hui, il est l\u2019un des soutiens de Mo\u00efse Katumbi.<\/em><\/p>\n\n\n\n<figure class=\"wp-block-image\"><img decoding=\"async\" src=\"https:\/\/administration.ouragan.cd\/wp-content\/uploads\/2021\/07\/IMG-20210713-WA0098.jpg\" alt=\"img 20210713 wa0098\" class=\"wp-image-95380\"\/><\/figure>\n\n\n\n<p class=\"wp-block-paragraph\"><strong>Ouragan.cd<\/strong><\/p>\n","protected":false,"gt_translate_keys":[{"key":"rendered","format":"html"}]},"excerpt":{"rendered":"<p>Cette d\u00e9cision du ministre des Transports, voies de communication et D\u00e9senclavement, Ch\u00e9rubin Okende intervient 24 heures apr\u00e8s la suspension du directeur g\u00e9n\u00e9ral de l\u2019entreprise, Patient Sayiba pour fautes graves. Le ministre Okende reproche \u00e0 cet agent de l\u2019\u00c9tat d\u2019avoir orchestr\u00e9 des man\u0153uvres pour faire obstacle aux investigations men\u00e9es par son cabinet, relatives au refus d\u2019ex\u00e9cution des instructions du chef de l\u2019\u00c9tat. Enfin, le DG suspendu est accus\u00e9 de violer la d\u00e9cision du Conseil des ministres concernant le recrutement, le mouvement du personnel, la promotion en grades et le licenciement abusif.&hellip;<\/p>\n","protected":false,"gt_translate_keys":[{"key":"rendered","format":"html"}]},"author":1,"featured_media":11779,"comment_status":"open","ping_status":"open","sticky":false,"template":"","format":"standard","meta":{"_crdt_document":"","footnotes":""},"categories":[1175],"tags":[13096,13098,13097],"class_list":["post-11777","post","type-post","status-publish","format-standard","has-post-thumbnail","hentry","category-entreprises","tag-moise-moni-della","tag-moise-moni-della-dg-ogefrem","tag-moise-moni-della-ogefrem"],"gutentor_comment":0,"yoast_head":"<!-- This site is optimized with the Yoast SEO plugin v27.5 - https:\/\/yoast.com\/product\/yoast-seo-wordpress\/ -->\n<title>RDC : Mo\u00efse Moni Della d\u00e9sign\u00e9 censeur \u00e0 l\u2019OGEFREM - Actualit\u00e9s congolaises et internationales<\/title>\n<meta name=\"robots\" content=\"index, follow, max-snippet:-1, max-image-preview:large, max-video-preview:-1\" \/>\n<link rel=\"canonical\" href=\"https:\/\/congovirtuel.com\/information\/rdc-moise-moni-della-designe-censeur-a-logefrem\/\" \/>\n<meta property=\"og:locale\" content=\"fr_FR\" \/>\n<meta property=\"og:type\" content=\"article\" \/>\n<meta property=\"og:title\" content=\"RDC : Mo\u00efse Moni Della d\u00e9sign\u00e9 censeur \u00e0 l\u2019OGEFREM - Actualit\u00e9s congolaises et internationales\" \/>\n<meta property=\"og:description\" content=\"Cette d\u00e9cision du ministre des Transports, voies de communication et D\u00e9senclavement, Ch\u00e9rubin Okende intervient 24 heures apr\u00e8s la suspension du directeur g\u00e9n\u00e9ral de l\u2019entreprise, Patient Sayiba pour fautes graves. Le ministre Okende reproche \u00e0 cet agent de l\u2019\u00c9tat d\u2019avoir orchestr\u00e9 des man\u0153uvres pour faire obstacle aux investigations men\u00e9es par son cabinet, relatives au refus d\u2019ex\u00e9cution des instructions du chef de l\u2019\u00c9tat. Enfin, le DG suspendu est accus\u00e9 de violer la d\u00e9cision du Conseil des ministres concernant le recrutement, le mouvement du personnel, la promotion en grades et le licenciement abusif.&hellip;\" \/>\n<meta property=\"og:url\" content=\"https:\/\/congovirtuel.com\/information\/rdc-moise-moni-della-designe-censeur-a-logefrem\/\" \/>\n<meta property=\"og:site_name\" content=\"Actualit\u00e9s congolaises et internationales\" \/>\n<meta property=\"article:publisher\" content=\"https:\/\/web.facebook.com\/Congovirtuel-763617960319601\/?ref=aymt_homepage_panel&amp;amp%3bamp%3bamp%3bamp%3bamp%3bamp%3bamp%3bamp%3bamp%3bamp%3bamp%3beid=ARCoxULa66767kIgF_KYav6VdjXTI4yk_LW4yoVO9s6NXpysgb7Cb65vpxcxgqzOAKvIbLQxaAETcqHT\" \/>\n<meta property=\"article:published_time\" content=\"2021-07-13T16:32:47+00:00\" \/>\n<meta property=\"article:modified_time\" content=\"2021-07-13T16:33:00+00:00\" \/>\n<meta property=\"og:image\" content=\"https:\/\/congovirtuel.com\/information\/wp-content\/uploads\/2021\/07\/Monidella.jpg\" \/>\n\t<meta property=\"og:image:width\" content=\"566\" \/>\n\t<meta property=\"og:image:height\" content=\"296\" \/>\n\t<meta property=\"og:image:type\" content=\"image\/jpeg\" \/>\n<meta name=\"author\" content=\"infocongovirtuel\" \/>\n<meta name=\"twitter:card\" content=\"summary_large_image\" \/>\n<meta name=\"twitter:creator\" content=\"@congovirtuel\" \/>\n<meta name=\"twitter:site\" content=\"@congovirtuel\" \/>\n<meta name=\"twitter:label1\" content=\"\u00c9crit par\" \/>\n\t<meta name=\"twitter:data1\" content=\"infocongovirtuel\" \/>\n\t<meta name=\"twitter:label2\" content=\"Dur\u00e9e de lecture estim\u00e9e\" \/>\n\t<meta name=\"twitter:data2\" content=\"1 minute\" \/>\n<script type=\"application\/ld+json\" class=\"yoast-schema-graph\">{\"@context\":\"https:\\\/\\\/schema.org\",\"@graph\":[{\"@type\":\"Article\",\"@id\":\"https:\\\/\\\/congovirtuel.com\\\/information\\\/rdc-moise-moni-della-designe-censeur-a-logefrem\\\/#article\",\"isPartOf\":{\"@id\":\"https:\\\/\\\/congovirtuel.com\\\/information\\\/rdc-moise-moni-della-designe-censeur-a-logefrem\\\/\"},\"author\":{\"name\":\"infocongovirtuel\",\"@id\":\"https:\\\/\\\/congovirtuel.com\\\/information\\\/#\\\/schema\\\/person\\\/739a44bf7990966cb53d58d2fdeca0b6\"},\"headline\":\"RDC : Mo\u00efse Moni Della d\u00e9sign\u00e9 censeur \u00e0 l\u2019OGEFREM\",\"datePublished\":\"2021-07-13T16:32:47+00:00\",\"dateModified\":\"2021-07-13T16:33:00+00:00\",\"mainEntityOfPage\":{\"@id\":\"https:\\\/\\\/congovirtuel.com\\\/information\\\/rdc-moise-moni-della-designe-censeur-a-logefrem\\\/\"},\"wordCount\":151,\"commentCount\":0,\"publisher\":{\"@id\":\"https:\\\/\\\/congovirtuel.com\\\/information\\\/#organization\"},\"image\":{\"@id\":\"https:\\\/\\\/congovirtuel.com\\\/information\\\/rdc-moise-moni-della-designe-censeur-a-logefrem\\\/#primaryimage\"},\"thumbnailUrl\":\"https:\\\/\\\/congovirtuel.com\\\/information\\\/wp-content\\\/uploads\\\/2021\\\/07\\\/Monidella.jpg\",\"keywords\":[\"Mo\u00efse Moni Della\",\"Mo\u00efse Moni Della DG OGEFREM\",\"Mo\u00efse Moni Della OGEFREM\"],\"articleSection\":[\"Entreprises\"],\"inLanguage\":\"fr-FR\",\"potentialAction\":[{\"@type\":\"CommentAction\",\"name\":\"Comment\",\"target\":[\"https:\\\/\\\/congovirtuel.com\\\/information\\\/rdc-moise-moni-della-designe-censeur-a-logefrem\\\/#respond\"]}]},{\"@type\":\"WebPage\",\"@id\":\"https:\\\/\\\/congovirtuel.com\\\/information\\\/rdc-moise-moni-della-designe-censeur-a-logefrem\\\/\",\"url\":\"https:\\\/\\\/congovirtuel.com\\\/information\\\/rdc-moise-moni-della-designe-censeur-a-logefrem\\\/\",\"name\":\"RDC : Mo\u00efse Moni Della d\u00e9sign\u00e9 censeur \u00e0 l\u2019OGEFREM - Actualit\u00e9s congolaises et internationales\",\"isPartOf\":{\"@id\":\"https:\\\/\\\/congovirtuel.com\\\/information\\\/#website\"},\"primaryImageOfPage\":{\"@id\":\"https:\\\/\\\/congovirtuel.com\\\/information\\\/rdc-moise-moni-della-designe-censeur-a-logefrem\\\/#primaryimage\"},\"image\":{\"@id\":\"https:\\\/\\\/congovirtuel.com\\\/information\\\/rdc-moise-moni-della-designe-censeur-a-logefrem\\\/#primaryimage\"},\"thumbnailUrl\":\"https:\\\/\\\/congovirtuel.com\\\/information\\\/wp-content\\\/uploads\\\/2021\\\/07\\\/Monidella.jpg\",\"datePublished\":\"2021-07-13T16:32:47+00:00\",\"dateModified\":\"2021-07-13T16:33:00+00:00\",\"breadcrumb\":{\"@id\":\"https:\\\/\\\/congovirtuel.com\\\/information\\\/rdc-moise-moni-della-designe-censeur-a-logefrem\\\/#breadcrumb\"},\"inLanguage\":\"fr-FR\",\"potentialAction\":[{\"@type\":\"ReadAction\",\"target\":[\"https:\\\/\\\/congovirtuel.com\\\/information\\\/rdc-moise-moni-della-designe-censeur-a-logefrem\\\/\"]}]},{\"@type\":\"ImageObject\",\"inLanguage\":\"fr-FR\",\"@id\":\"https:\\\/\\\/congovirtuel.com\\\/information\\\/rdc-moise-moni-della-designe-censeur-a-logefrem\\\/#primaryimage\",\"url\":\"https:\\\/\\\/congovirtuel.com\\\/information\\\/wp-content\\\/uploads\\\/2021\\\/07\\\/Monidella.jpg\",\"contentUrl\":\"https:\\\/\\\/congovirtuel.com\\\/information\\\/wp-content\\\/uploads\\\/2021\\\/07\\\/Monidella.jpg\",\"width\":566,\"height\":296},{\"@type\":\"BreadcrumbList\",\"@id\":\"https:\\\/\\\/congovirtuel.com\\\/information\\\/rdc-moise-moni-della-designe-censeur-a-logefrem\\\/#breadcrumb\",\"itemListElement\":[{\"@type\":\"ListItem\",\"position\":1,\"name\":\"Accueil\",\"item\":\"https:\\\/\\\/congovirtuel.com\\\/information\\\/\"},{\"@type\":\"ListItem\",\"position\":2,\"name\":\"RDC : Mo\u00efse Moni Della d\u00e9sign\u00e9 censeur \u00e0 l\u2019OGEFREM\"}]},{\"@type\":\"WebSite\",\"@id\":\"https:\\\/\\\/congovirtuel.com\\\/information\\\/#website\",\"url\":\"https:\\\/\\\/congovirtuel.com\\\/information\\\/\",\"name\":\"Actualit\u00e9s congolaises et internationales\",\"description\":\"site d&#039;analyse et de traitement d&#039;information\",\"publisher\":{\"@id\":\"https:\\\/\\\/congovirtuel.com\\\/information\\\/#organization\"},\"potentialAction\":[{\"@type\":\"SearchAction\",\"target\":{\"@type\":\"EntryPoint\",\"urlTemplate\":\"https:\\\/\\\/congovirtuel.com\\\/information\\\/?s={search_term_string}\"},\"query-input\":{\"@type\":\"PropertyValueSpecification\",\"valueRequired\":true,\"valueName\":\"search_term_string\"}}],\"inLanguage\":\"fr-FR\"},{\"@type\":\"Organization\",\"@id\":\"https:\\\/\\\/congovirtuel.com\\\/information\\\/#organization\",\"name\":\"Biblioth\u00e8que Virtuelle de la RDC\",\"url\":\"https:\\\/\\\/congovirtuel.com\\\/information\\\/\",\"logo\":{\"@type\":\"ImageObject\",\"inLanguage\":\"fr-FR\",\"@id\":\"https:\\\/\\\/congovirtuel.com\\\/information\\\/#\\\/schema\\\/logo\\\/image\\\/\",\"url\":\"https:\\\/\\\/congovirtuel.com\\\/information\\\/wp-content\\\/uploads\\\/2018\\\/10\\\/header-info-congovirtuel-vraie.jpg\",\"contentUrl\":\"https:\\\/\\\/congovirtuel.com\\\/information\\\/wp-content\\\/uploads\\\/2018\\\/10\\\/header-info-congovirtuel-vraie.jpg\",\"width\":728,\"height\":90,\"caption\":\"Biblioth\u00e8que Virtuelle de la RDC\"},\"image\":{\"@id\":\"https:\\\/\\\/congovirtuel.com\\\/information\\\/#\\\/schema\\\/logo\\\/image\\\/\"},\"sameAs\":[\"https:\\\/\\\/web.facebook.com\\\/Congovirtuel-763617960319601\\\/?ref=aymt_homepage_panel&amp;amp;amp;amp;amp;amp;amp;amp;amp;amp;amp;eid=ARCoxULa66767kIgF_KYav6VdjXTI4yk_LW4yoVO9s6NXpysgb7Cb65vpxcxgqzOAKvIbLQxaAETcqHT\",\"https:\\\/\\\/x.com\\\/congovirtuel\",\"https:\\\/\\\/www.youtube.com\\\/channel\\\/UCkFfprYzGgS3EWNpeMXpToQ?view_as=subscriber\"]},{\"@type\":\"Person\",\"@id\":\"https:\\\/\\\/congovirtuel.com\\\/information\\\/#\\\/schema\\\/person\\\/739a44bf7990966cb53d58d2fdeca0b6\",\"name\":\"infocongovirtuel\",\"image\":{\"@type\":\"ImageObject\",\"inLanguage\":\"fr-FR\",\"@id\":\"https:\\\/\\\/secure.gravatar.com\\\/avatar\\\/4d76991aa72469f0eb22e772586c99113c6997f88da636a9db8f2ce3a2c05e69?s=96&d=mm&r=g\",\"url\":\"https:\\\/\\\/secure.gravatar.com\\\/avatar\\\/4d76991aa72469f0eb22e772586c99113c6997f88da636a9db8f2ce3a2c05e69?s=96&d=mm&r=g\",\"contentUrl\":\"https:\\\/\\\/secure.gravatar.com\\\/avatar\\\/4d76991aa72469f0eb22e772586c99113c6997f88da636a9db8f2ce3a2c05e69?s=96&d=mm&r=g\",\"caption\":\"infocongovirtuel\"},\"url\":\"https:\\\/\\\/congovirtuel.com\\\/information\\\/author\\\/infocongovirtuel\\\/\"}]}<\/script>\n<!-- \/ Yoast SEO plugin. -->","yoast_head_json":{"title":"RDC : Mo\u00efse Moni Della d\u00e9sign\u00e9 censeur \u00e0 l\u2019OGEFREM - Actualit\u00e9s congolaises et internationales","robots":{"index":"index","follow":"follow","max-snippet":"max-snippet:-1","max-image-preview":"max-image-preview:large","max-video-preview":"max-video-preview:-1"},"canonical":"https:\/\/congovirtuel.com\/information\/rdc-moise-moni-della-designe-censeur-a-logefrem\/","og_locale":"fr_FR","og_type":"article","og_title":"RDC : Mo\u00efse Moni Della d\u00e9sign\u00e9 censeur \u00e0 l\u2019OGEFREM - Actualit\u00e9s congolaises et internationales","og_description":"Cette d\u00e9cision du ministre des Transports, voies de communication et D\u00e9senclavement, Ch\u00e9rubin Okende intervient 24 heures apr\u00e8s la suspension du directeur g\u00e9n\u00e9ral de l\u2019entreprise, Patient Sayiba pour fautes graves. Le ministre Okende reproche \u00e0 cet agent de l\u2019\u00c9tat d\u2019avoir orchestr\u00e9 des man\u0153uvres pour faire obstacle aux investigations men\u00e9es par son cabinet, relatives au refus d\u2019ex\u00e9cution des instructions du chef de l\u2019\u00c9tat. Enfin, le DG suspendu est accus\u00e9 de violer la d\u00e9cision du Conseil des ministres concernant le recrutement, le mouvement du personnel, la promotion en grades et le licenciement abusif.&hellip;","og_url":"https:\/\/congovirtuel.com\/information\/rdc-moise-moni-della-designe-censeur-a-logefrem\/","og_site_name":"Actualit\u00e9s congolaises et internationales","article_publisher":"https:\/\/web.facebook.com\/Congovirtuel-763617960319601\/?ref=aymt_homepage_panel&amp%3bamp%3bamp%3bamp%3bamp%3bamp%3bamp%3bamp%3bamp%3bamp%3bamp%3beid=ARCoxULa66767kIgF_KYav6VdjXTI4yk_LW4yoVO9s6NXpysgb7Cb65vpxcxgqzOAKvIbLQxaAETcqHT","article_published_time":"2021-07-13T16:32:47+00:00","article_modified_time":"2021-07-13T16:33:00+00:00","og_image":[{"width":566,"height":296,"url":"https:\/\/congovirtuel.com\/information\/wp-content\/uploads\/2021\/07\/Monidella.jpg","type":"image\/jpeg"}],"author":"infocongovirtuel","twitter_card":"summary_large_image","twitter_creator":"@congovirtuel","twitter_site":"@congovirtuel","twitter_misc":{"\u00c9crit par":"infocongovirtuel","Dur\u00e9e de lecture estim\u00e9e":"1 minute"},"schema":{"@context":"https:\/\/schema.org","@graph":[{"@type":"Article","@id":"https:\/\/congovirtuel.com\/information\/rdc-moise-moni-della-designe-censeur-a-logefrem\/#article","isPartOf":{"@id":"https:\/\/congovirtuel.com\/information\/rdc-moise-moni-della-designe-censeur-a-logefrem\/"},"author":{"name":"infocongovirtuel","@id":"https:\/\/congovirtuel.com\/information\/#\/schema\/person\/739a44bf7990966cb53d58d2fdeca0b6"},"headline":"RDC : Mo\u00efse Moni Della d\u00e9sign\u00e9 censeur \u00e0 l\u2019OGEFREM","datePublished":"2021-07-13T16:32:47+00:00","dateModified":"2021-07-13T16:33:00+00:00","mainEntityOfPage":{"@id":"https:\/\/congovirtuel.com\/information\/rdc-moise-moni-della-designe-censeur-a-logefrem\/"},"wordCount":151,"commentCount":0,"publisher":{"@id":"https:\/\/congovirtuel.com\/information\/#organization"},"image":{"@id":"https:\/\/congovirtuel.com\/information\/rdc-moise-moni-della-designe-censeur-a-logefrem\/#primaryimage"},"thumbnailUrl":"https:\/\/congovirtuel.com\/information\/wp-content\/uploads\/2021\/07\/Monidella.jpg","keywords":["Mo\u00efse Moni Della","Mo\u00efse Moni Della DG OGEFREM","Mo\u00efse Moni Della OGEFREM"],"articleSection":["Entreprises"],"inLanguage":"fr-FR","potentialAction":[{"@type":"CommentAction","name":"Comment","target":["https:\/\/congovirtuel.com\/information\/rdc-moise-moni-della-designe-censeur-a-logefrem\/#respond"]}]},{"@type":"WebPage","@id":"https:\/\/congovirtuel.com\/information\/rdc-moise-moni-della-designe-censeur-a-logefrem\/","url":"https:\/\/congovirtuel.com\/information\/rdc-moise-moni-della-designe-censeur-a-logefrem\/","name":"RDC : Mo\u00efse Moni Della d\u00e9sign\u00e9 censeur \u00e0 l\u2019OGEFREM - Actualit\u00e9s congolaises et internationales","isPartOf":{"@id":"https:\/\/congovirtuel.com\/information\/#website"},"primaryImageOfPage":{"@id":"https:\/\/congovirtuel.com\/information\/rdc-moise-moni-della-designe-censeur-a-logefrem\/#primaryimage"},"image":{"@id":"https:\/\/congovirtuel.com\/information\/rdc-moise-moni-della-designe-censeur-a-logefrem\/#primaryimage"},"thumbnailUrl":"https:\/\/congovirtuel.com\/information\/wp-content\/uploads\/2021\/07\/Monidella.jpg","datePublished":"2021-07-13T16:32:47+00:00","dateModified":"2021-07-13T16:33:00+00:00","breadcrumb":{"@id":"https:\/\/congovirtuel.com\/information\/rdc-moise-moni-della-designe-censeur-a-logefrem\/#breadcrumb"},"inLanguage":"fr-FR","potentialAction":[{"@type":"ReadAction","target":["https:\/\/congovirtuel.com\/information\/rdc-moise-moni-della-designe-censeur-a-logefrem\/"]}]},{"@type":"ImageObject","inLanguage":"fr-FR","@id":"https:\/\/congovirtuel.com\/information\/rdc-moise-moni-della-designe-censeur-a-logefrem\/#primaryimage","url":"https:\/\/congovirtuel.com\/information\/wp-content\/uploads\/2021\/07\/Monidella.jpg","contentUrl":"https:\/\/congovirtuel.com\/information\/wp-content\/uploads\/2021\/07\/Monidella.jpg","width":566,"height":296},{"@type":"BreadcrumbList","@id":"https:\/\/congovirtuel.com\/information\/rdc-moise-moni-della-designe-censeur-a-logefrem\/#breadcrumb","itemListElement":[{"@type":"ListItem","position":1,"name":"Accueil","item":"https:\/\/congovirtuel.com\/information\/"},{"@type":"ListItem","position":2,"name":"RDC : Mo\u00efse Moni Della d\u00e9sign\u00e9 censeur \u00e0 l\u2019OGEFREM"}]},{"@type":"WebSite","@id":"https:\/\/congovirtuel.com\/information\/#website","url":"https:\/\/congovirtuel.com\/information\/","name":"Actualit\u00e9s congolaises et internationales","description":"site d&#039;analyse et de traitement d&#039;information","publisher":{"@id":"https:\/\/congovirtuel.com\/information\/#organization"},"potentialAction":[{"@type":"SearchAction","target":{"@type":"EntryPoint","urlTemplate":"https:\/\/congovirtuel.com\/information\/?s={search_term_string}"},"query-input":{"@type":"PropertyValueSpecification","valueRequired":true,"valueName":"search_term_string"}}],"inLanguage":"fr-FR"},{"@type":"Organization","@id":"https:\/\/congovirtuel.com\/information\/#organization","name":"Biblioth\u00e8que Virtuelle de la RDC","url":"https:\/\/congovirtuel.com\/information\/","logo":{"@type":"ImageObject","inLanguage":"fr-FR","@id":"https:\/\/congovirtuel.com\/information\/#\/schema\/logo\/image\/","url":"https:\/\/congovirtuel.com\/information\/wp-content\/uploads\/2018\/10\/header-info-congovirtuel-vraie.jpg","contentUrl":"https:\/\/congovirtuel.com\/information\/wp-content\/uploads\/2018\/10\/header-info-congovirtuel-vraie.jpg","width":728,"height":90,"caption":"Biblioth\u00e8que Virtuelle de la RDC"},"image":{"@id":"https:\/\/congovirtuel.com\/information\/#\/schema\/logo\/image\/"},"sameAs":["https:\/\/web.facebook.com\/Congovirtuel-763617960319601\/?ref=aymt_homepage_panel&amp;amp;amp;amp;amp;amp;amp;amp;amp;amp;amp;eid=ARCoxULa66767kIgF_KYav6VdjXTI4yk_LW4yoVO9s6NXpysgb7Cb65vpxcxgqzOAKvIbLQxaAETcqHT","https:\/\/x.com\/congovirtuel","https:\/\/www.youtube.com\/channel\/UCkFfprYzGgS3EWNpeMXpToQ?view_as=subscriber"]},{"@type":"Person","@id":"https:\/\/congovirtuel.com\/information\/#\/schema\/person\/739a44bf7990966cb53d58d2fdeca0b6","name":"infocongovirtuel","image":{"@type":"ImageObject","inLanguage":"fr-FR","@id":"https:\/\/secure.gravatar.com\/avatar\/4d76991aa72469f0eb22e772586c99113c6997f88da636a9db8f2ce3a2c05e69?s=96&d=mm&r=g","url":"https:\/\/secure.gravatar.com\/avatar\/4d76991aa72469f0eb22e772586c99113c6997f88da636a9db8f2ce3a2c05e69?s=96&d=mm&r=g","contentUrl":"https:\/\/secure.gravatar.com\/avatar\/4d76991aa72469f0eb22e772586c99113c6997f88da636a9db8f2ce3a2c05e69?s=96&d=mm&r=g","caption":"infocongovirtuel"},"url":"https:\/\/congovirtuel.com\/information\/author\/infocongovirtuel\/"}]}},"gt_translate_keys":[{"key":"link","format":"url"}],"_links":{"self":[{"href":"https:\/\/congovirtuel.com\/information\/wp-json\/wp\/v2\/posts\/11777","targetHints":{"allow":["GET"]}}],"collection":[{"href":"https:\/\/congovirtuel.com\/information\/wp-json\/wp\/v2\/posts"}],"about":[{"href":"https:\/\/congovirtuel.com\/information\/wp-json\/wp\/v2\/types\/post"}],"author":[{"embeddable":true,"href":"https:\/\/congovirtuel.com\/information\/wp-json\/wp\/v2\/users\/1"}],"replies":[{"embeddable":true,"href":"https:\/\/congovirtuel.com\/information\/wp-json\/wp\/v2\/comments?post=11777"}],"version-history":[{"count":1,"href":"https:\/\/congovirtuel.com\/information\/wp-json\/wp\/v2\/posts\/11777\/revisions"}],"predecessor-version":[{"id":11780,"href":"https:\/\/congovirtuel.com\/information\/wp-json\/wp\/v2\/posts\/11777\/revisions\/11780"}],"wp:featuredmedia":[{"embeddable":true,"href":"https:\/\/congovirtuel.com\/information\/wp-json\/wp\/v2\/media\/11779"}],"wp:attachment":[{"href":"https:\/\/congovirtuel.com\/information\/wp-json\/wp\/v2\/media?parent=11777"}],"wp:term":[{"taxonomy":"category","embeddable":true,"href":"https:\/\/congovirtuel.com\/information\/wp-json\/wp\/v2\/categories?post=11777"},{"taxonomy":"post_tag","embeddable":true,"href":"https:\/\/congovirtuel.com\/information\/wp-json\/wp\/v2\/tags?post=11777"}],"curies":[{"name":"wp","href":"https:\/\/api.w.org\/{rel}","templated":true}]}}