{"id":1196,"date":"2020-04-29T05:39:47","date_gmt":"2020-04-29T04:39:47","guid":{"rendered":"https:\/\/congovirtuel.com\/information\/?p=1196"},"modified":"2020-04-29T05:39:54","modified_gmt":"2020-04-29T04:39:54","slug":"rdc-presidence-vs-primature-de-couac-en-couac","status":"publish","type":"post","link":"https:\/\/congovirtuel.com\/information\/rdc-presidence-vs-primature-de-couac-en-couac\/","title":{"rendered":"RDC : Pr\u00e9sidence vs Primature de couac en couac","gt_translate_keys":[{"key":"rendered","format":"text"}]},"content":{"rendered":"\n<p class=\"wp-block-paragraph\">Un couac de plus. Peut-\u00eatre trop t\u00f4t pour dire un couac de trop. Mais, un couac dans tous les cas. Un faux pas dont la coalition au pouvoir aurait pu se passer.<\/p>\n\n\n\n<p class=\"wp-block-paragraph\">Un ministre -une en l&rsquo;occurrence &#8211; somm\u00e9 d&rsquo;annuler l&rsquo;arr\u00eat\u00e9 portant mise en place des secr\u00e9taires g\u00e9n\u00e9raux de l&rsquo;Administration publique. Somm\u00e9 par qui ? Par le directeur de cabinet adjoint du chef de l&rsquo;Etat. D&rsquo;ordre du Pr\u00e9sident de la r\u00e9publique.<\/p>\n\n\n\n<p class=\"wp-block-paragraph\">Dans ce pays o\u00f9 chaque constitutionnaliste voit midi devant sa porte, pas la peine de rentrer dans l&rsquo;herm\u00e9neutique de la Loi fondamentale. En lieu et place de cet exercice r\u00e9serv\u00e9 aux \u00ab\u00a0\u00e9rudits\u00a0\u00bb, quelques constats que le bon sens commande.<\/p>\n\n\n\n<p class=\"wp-block-paragraph\">Un arr\u00eat\u00e9 minist\u00e9riel d&rsquo;une si haute importance, recal\u00e9 a posteriori par ou plus exactement au nom de la premi\u00e8re institution du pays ! Alors, de deux choses l&rsquo;une : ou la copie de la ministre de la Fonction publique n&rsquo;est pas pass\u00e9e sous scanner et donc n&rsquo;a pas re\u00e7u l&rsquo;onction du Gouvernement avant sa publication. Ou la mouture de Yollande Ebongo a \u00e9t\u00e9 plac\u00e9e sous les fourches caudines de la hi\u00e9rarchie et suivi la proc\u00e9dure classique, mais n\u00e9gligemment.<\/p>\n\n\n\n<p class=\"wp-block-paragraph\">Dans les deux cas, il y a probl\u00e8me avec, \u00e0 la cl\u00e9, un mauvais signal que les gouvernants actuels envoient. Demander \u00e0 la ministre de rapporter un acte d&rsquo;une telle importance n&rsquo;est pas de nature \u00e0 rassurer l&rsquo;opinion. Ce \u00a0\u00bb retour \u00e0 l&rsquo;exp\u00e9diteur \u00ab\u00a0, ordonn\u00e9 par le Palais de la nation ou la Cit\u00e9 de l&rsquo;Union africaine -c&rsquo;est bonnet blanc et blanc bonnet &#8211; para\u00eet traduire un d\u00e9ficit de concertation en amont entre les deux branches de l&rsquo;Ex\u00e9cutif.<\/p>\n\n\n\n<p class=\"wp-block-paragraph\">Pis, cela donne m\u00eame \u00e0 penser que l&rsquo;on en est encore \u00e0 l&rsquo;essai-erreur caract\u00e9ristique d&rsquo;un pouvoir \u00e0 son seuil. Or, le navire battant pavillon FCC-CACH a d\u00e9j\u00e0 appareill\u00e9, voici plus d&rsquo;un an ! Et s&rsquo;approche du milieu du gu\u00e9.<\/p>\n\n\n\n<p class=\"wp-block-paragraph\">Ironie du sort ! Ce t\u00e2tonnement a pour cadre la cime de l&rsquo;administration publique o\u00f9 le respect de la norme proc\u00e9durale est sacr\u00e9. Pas s\u00fbr dans ces conditions que les d\u00e9lib\u00e9rations \u00e0 venir de la ministre de la Fonction publique soient prises \u00e0 l&rsquo;instant de leur publication pour argent comptant.<\/p>\n\n\n\n<p class=\"wp-block-paragraph\">Vue de l&rsquo;ext\u00e9rieur, cette volte-face impos\u00e9e \u00e0 la titulaire du d\u00e9partement de la Fonction publique est tout sauf un gage du respect de la r\u00e9partition des r\u00f4les \u00e0 l&rsquo;aune de la Constitution et de ma\u00eetrise de la gouvernance. En un mot comme en cent, ce r\u00e9trop\u00e9dalage constitue un mauvais signal.&nbsp;<\/p>\n\n\n\n<p class=\"wp-block-paragraph\"><strong>Jos\u00e9 NAWEJ\/Forum des As<\/strong><\/p>\n","protected":false,"gt_translate_keys":[{"key":"rendered","format":"html"}]},"excerpt":{"rendered":"<p>Dans les deux cas, il y a probl\u00e8me avec, \u00e0 la cl\u00e9, un mauvais signal que les gouvernants actuels envoient. Demander \u00e0 la ministre de rapporter un acte d&rsquo;une telle importance n&rsquo;est pas de nature \u00e0 rassurer l&rsquo;opinion. Ce \u00a0\u00bb retour \u00e0 l&rsquo;exp\u00e9diteur \u00ab\u00a0, ordonn\u00e9 par le Palais de la nation ou la Cit\u00e9 de l&rsquo;Union africaine -c&rsquo;est bonnet blanc et blanc bonnet &#8211; para\u00eet traduire un d\u00e9ficit de concertation en amont entre les deux branches de l&rsquo;Ex\u00e9cutif.<\/p>\n","protected":false,"gt_translate_keys":[{"key":"rendered","format":"html"}]},"author":1,"featured_media":1198,"comment_status":"open","ping_status":"open","sticky":false,"template":"","format":"standard","meta":{"_crdt_document":"","footnotes":""},"categories":[218,177],"tags":[448,452,453,430,451],"class_list":["post-1196","post","type-post","status-publish","format-standard","has-post-thumbnail","hentry","category-gouvernement","category-rdc-democratie","tag-lettre-dircaba-au-ministre-de-la-fonction-publique","tag-nomination-secretaires-generaux-rdc","tag-politisation-administration-rdc","tag-professeur-eberand-kolongele-dircaba","tag-yollande-ebongo"],"gutentor_comment":0,"yoast_head":"<!-- This site is optimized with the Yoast SEO plugin v27.5 - https:\/\/yoast.com\/product\/yoast-seo-wordpress\/ -->\n<title>RDC : Pr\u00e9sidence vs Primature de couac en couac - Actualit\u00e9s congolaises et internationales<\/title>\n<meta name=\"robots\" content=\"index, follow, max-snippet:-1, max-image-preview:large, max-video-preview:-1\" \/>\n<link rel=\"canonical\" href=\"https:\/\/congovirtuel.com\/information\/rdc-presidence-vs-primature-de-couac-en-couac\/\" \/>\n<meta property=\"og:locale\" content=\"fr_FR\" \/>\n<meta property=\"og:type\" content=\"article\" \/>\n<meta property=\"og:title\" content=\"RDC : Pr\u00e9sidence vs Primature de couac en couac - Actualit\u00e9s congolaises et internationales\" \/>\n<meta property=\"og:description\" content=\"Dans les deux cas, il y a probl\u00e8me avec, \u00e0 la cl\u00e9, un mauvais signal que les gouvernants actuels envoient. Demander \u00e0 la ministre de rapporter un acte d&#039;une telle importance n&#039;est pas de nature \u00e0 rassurer l&#039;opinion. Ce &quot; retour \u00e0 l&#039;exp\u00e9diteur &quot;, ordonn\u00e9 par le Palais de la nation ou la Cit\u00e9 de l&#039;Union africaine -c&#039;est bonnet blanc et blanc bonnet - para\u00eet traduire un d\u00e9ficit de concertation en amont entre les deux branches de l&#039;Ex\u00e9cutif.\" \/>\n<meta property=\"og:url\" content=\"https:\/\/congovirtuel.com\/information\/rdc-presidence-vs-primature-de-couac-en-couac\/\" \/>\n<meta property=\"og:site_name\" content=\"Actualit\u00e9s congolaises et internationales\" \/>\n<meta property=\"article:publisher\" content=\"https:\/\/web.facebook.com\/Congovirtuel-763617960319601\/?ref=aymt_homepage_panel&amp;amp%3bamp%3bamp%3bamp%3bamp%3bamp%3bamp%3bamp%3bamp%3bamp%3bamp%3beid=ARCoxULa66767kIgF_KYav6VdjXTI4yk_LW4yoVO9s6NXpysgb7Cb65vpxcxgqzOAKvIbLQxaAETcqHT\" \/>\n<meta property=\"article:published_time\" content=\"2020-04-29T04:39:47+00:00\" \/>\n<meta property=\"article:modified_time\" content=\"2020-04-29T04:39:54+00:00\" \/>\n<meta property=\"og:image\" content=\"https:\/\/congovirtuel.com\/information\/wp-content\/uploads\/2020\/04\/eberand_kolongele_ebongo.jpg\" \/>\n\t<meta property=\"og:image:width\" content=\"698\" \/>\n\t<meta property=\"og:image:height\" content=\"400\" \/>\n\t<meta property=\"og:image:type\" content=\"image\/jpeg\" \/>\n<meta name=\"author\" content=\"infocongovirtuel\" \/>\n<meta name=\"twitter:card\" content=\"summary_large_image\" \/>\n<meta name=\"twitter:creator\" content=\"@congovirtuel\" \/>\n<meta name=\"twitter:site\" content=\"@congovirtuel\" \/>\n<meta name=\"twitter:label1\" content=\"\u00c9crit par\" \/>\n\t<meta name=\"twitter:data1\" content=\"infocongovirtuel\" \/>\n\t<meta name=\"twitter:label2\" content=\"Dur\u00e9e de lecture estim\u00e9e\" \/>\n\t<meta name=\"twitter:data2\" content=\"2 minutes\" \/>\n<script type=\"application\/ld+json\" class=\"yoast-schema-graph\">{\"@context\":\"https:\\\/\\\/schema.org\",\"@graph\":[{\"@type\":\"Article\",\"@id\":\"https:\\\/\\\/congovirtuel.com\\\/information\\\/rdc-presidence-vs-primature-de-couac-en-couac\\\/#article\",\"isPartOf\":{\"@id\":\"https:\\\/\\\/congovirtuel.com\\\/information\\\/rdc-presidence-vs-primature-de-couac-en-couac\\\/\"},\"author\":{\"name\":\"infocongovirtuel\",\"@id\":\"https:\\\/\\\/congovirtuel.com\\\/information\\\/#\\\/schema\\\/person\\\/739a44bf7990966cb53d58d2fdeca0b6\"},\"headline\":\"RDC : Pr\u00e9sidence vs Primature de couac en couac\",\"datePublished\":\"2020-04-29T04:39:47+00:00\",\"dateModified\":\"2020-04-29T04:39:54+00:00\",\"mainEntityOfPage\":{\"@id\":\"https:\\\/\\\/congovirtuel.com\\\/information\\\/rdc-presidence-vs-primature-de-couac-en-couac\\\/\"},\"wordCount\":470,\"commentCount\":0,\"publisher\":{\"@id\":\"https:\\\/\\\/congovirtuel.com\\\/information\\\/#organization\"},\"image\":{\"@id\":\"https:\\\/\\\/congovirtuel.com\\\/information\\\/rdc-presidence-vs-primature-de-couac-en-couac\\\/#primaryimage\"},\"thumbnailUrl\":\"https:\\\/\\\/congovirtuel.com\\\/information\\\/wp-content\\\/uploads\\\/2020\\\/04\\\/eberand_kolongele_ebongo.jpg\",\"keywords\":[\"lettre dircaba au ministre de la fonction publique\",\"nomination secr\u00e9taires g\u00e9n\u00e9raux rdc\",\"politisation administration rdc\",\"professeur Eberand Kolongele dircaba\",\"Yollande Ebongo\"],\"articleSection\":[\"Gouvernement\",\"RDC\"],\"inLanguage\":\"fr-FR\",\"potentialAction\":[{\"@type\":\"CommentAction\",\"name\":\"Comment\",\"target\":[\"https:\\\/\\\/congovirtuel.com\\\/information\\\/rdc-presidence-vs-primature-de-couac-en-couac\\\/#respond\"]}]},{\"@type\":\"WebPage\",\"@id\":\"https:\\\/\\\/congovirtuel.com\\\/information\\\/rdc-presidence-vs-primature-de-couac-en-couac\\\/\",\"url\":\"https:\\\/\\\/congovirtuel.com\\\/information\\\/rdc-presidence-vs-primature-de-couac-en-couac\\\/\",\"name\":\"RDC : Pr\u00e9sidence vs Primature de couac en couac - Actualit\u00e9s congolaises et internationales\",\"isPartOf\":{\"@id\":\"https:\\\/\\\/congovirtuel.com\\\/information\\\/#website\"},\"primaryImageOfPage\":{\"@id\":\"https:\\\/\\\/congovirtuel.com\\\/information\\\/rdc-presidence-vs-primature-de-couac-en-couac\\\/#primaryimage\"},\"image\":{\"@id\":\"https:\\\/\\\/congovirtuel.com\\\/information\\\/rdc-presidence-vs-primature-de-couac-en-couac\\\/#primaryimage\"},\"thumbnailUrl\":\"https:\\\/\\\/congovirtuel.com\\\/information\\\/wp-content\\\/uploads\\\/2020\\\/04\\\/eberand_kolongele_ebongo.jpg\",\"datePublished\":\"2020-04-29T04:39:47+00:00\",\"dateModified\":\"2020-04-29T04:39:54+00:00\",\"breadcrumb\":{\"@id\":\"https:\\\/\\\/congovirtuel.com\\\/information\\\/rdc-presidence-vs-primature-de-couac-en-couac\\\/#breadcrumb\"},\"inLanguage\":\"fr-FR\",\"potentialAction\":[{\"@type\":\"ReadAction\",\"target\":[\"https:\\\/\\\/congovirtuel.com\\\/information\\\/rdc-presidence-vs-primature-de-couac-en-couac\\\/\"]}]},{\"@type\":\"ImageObject\",\"inLanguage\":\"fr-FR\",\"@id\":\"https:\\\/\\\/congovirtuel.com\\\/information\\\/rdc-presidence-vs-primature-de-couac-en-couac\\\/#primaryimage\",\"url\":\"https:\\\/\\\/congovirtuel.com\\\/information\\\/wp-content\\\/uploads\\\/2020\\\/04\\\/eberand_kolongele_ebongo.jpg\",\"contentUrl\":\"https:\\\/\\\/congovirtuel.com\\\/information\\\/wp-content\\\/uploads\\\/2020\\\/04\\\/eberand_kolongele_ebongo.jpg\",\"width\":698,\"height\":400,\"caption\":\"eberand_kolongele et Yollandeebongo\"},{\"@type\":\"BreadcrumbList\",\"@id\":\"https:\\\/\\\/congovirtuel.com\\\/information\\\/rdc-presidence-vs-primature-de-couac-en-couac\\\/#breadcrumb\",\"itemListElement\":[{\"@type\":\"ListItem\",\"position\":1,\"name\":\"Accueil\",\"item\":\"https:\\\/\\\/congovirtuel.com\\\/information\\\/\"},{\"@type\":\"ListItem\",\"position\":2,\"name\":\"RDC : Pr\u00e9sidence vs Primature de couac en couac\"}]},{\"@type\":\"WebSite\",\"@id\":\"https:\\\/\\\/congovirtuel.com\\\/information\\\/#website\",\"url\":\"https:\\\/\\\/congovirtuel.com\\\/information\\\/\",\"name\":\"Actualit\u00e9s congolaises et internationales\",\"description\":\"site d&#039;analyse et de traitement d&#039;information\",\"publisher\":{\"@id\":\"https:\\\/\\\/congovirtuel.com\\\/information\\\/#organization\"},\"potentialAction\":[{\"@type\":\"SearchAction\",\"target\":{\"@type\":\"EntryPoint\",\"urlTemplate\":\"https:\\\/\\\/congovirtuel.com\\\/information\\\/?s={search_term_string}\"},\"query-input\":{\"@type\":\"PropertyValueSpecification\",\"valueRequired\":true,\"valueName\":\"search_term_string\"}}],\"inLanguage\":\"fr-FR\"},{\"@type\":\"Organization\",\"@id\":\"https:\\\/\\\/congovirtuel.com\\\/information\\\/#organization\",\"name\":\"Biblioth\u00e8que Virtuelle de la RDC\",\"url\":\"https:\\\/\\\/congovirtuel.com\\\/information\\\/\",\"logo\":{\"@type\":\"ImageObject\",\"inLanguage\":\"fr-FR\",\"@id\":\"https:\\\/\\\/congovirtuel.com\\\/information\\\/#\\\/schema\\\/logo\\\/image\\\/\",\"url\":\"https:\\\/\\\/congovirtuel.com\\\/information\\\/wp-content\\\/uploads\\\/2018\\\/10\\\/header-info-congovirtuel-vraie.jpg\",\"contentUrl\":\"https:\\\/\\\/congovirtuel.com\\\/information\\\/wp-content\\\/uploads\\\/2018\\\/10\\\/header-info-congovirtuel-vraie.jpg\",\"width\":728,\"height\":90,\"caption\":\"Biblioth\u00e8que Virtuelle de la RDC\"},\"image\":{\"@id\":\"https:\\\/\\\/congovirtuel.com\\\/information\\\/#\\\/schema\\\/logo\\\/image\\\/\"},\"sameAs\":[\"https:\\\/\\\/web.facebook.com\\\/Congovirtuel-763617960319601\\\/?ref=aymt_homepage_panel&amp;amp;amp;amp;amp;amp;amp;amp;amp;amp;amp;eid=ARCoxULa66767kIgF_KYav6VdjXTI4yk_LW4yoVO9s6NXpysgb7Cb65vpxcxgqzOAKvIbLQxaAETcqHT\",\"https:\\\/\\\/x.com\\\/congovirtuel\",\"https:\\\/\\\/www.youtube.com\\\/channel\\\/UCkFfprYzGgS3EWNpeMXpToQ?view_as=subscriber\"]},{\"@type\":\"Person\",\"@id\":\"https:\\\/\\\/congovirtuel.com\\\/information\\\/#\\\/schema\\\/person\\\/739a44bf7990966cb53d58d2fdeca0b6\",\"name\":\"infocongovirtuel\",\"image\":{\"@type\":\"ImageObject\",\"inLanguage\":\"fr-FR\",\"@id\":\"https:\\\/\\\/secure.gravatar.com\\\/avatar\\\/4d76991aa72469f0eb22e772586c99113c6997f88da636a9db8f2ce3a2c05e69?s=96&d=mm&r=g\",\"url\":\"https:\\\/\\\/secure.gravatar.com\\\/avatar\\\/4d76991aa72469f0eb22e772586c99113c6997f88da636a9db8f2ce3a2c05e69?s=96&d=mm&r=g\",\"contentUrl\":\"https:\\\/\\\/secure.gravatar.com\\\/avatar\\\/4d76991aa72469f0eb22e772586c99113c6997f88da636a9db8f2ce3a2c05e69?s=96&d=mm&r=g\",\"caption\":\"infocongovirtuel\"},\"url\":\"https:\\\/\\\/congovirtuel.com\\\/information\\\/author\\\/infocongovirtuel\\\/\"}]}<\/script>\n<!-- \/ Yoast SEO plugin. -->","yoast_head_json":{"title":"RDC : Pr\u00e9sidence vs Primature de couac en couac - Actualit\u00e9s congolaises et internationales","robots":{"index":"index","follow":"follow","max-snippet":"max-snippet:-1","max-image-preview":"max-image-preview:large","max-video-preview":"max-video-preview:-1"},"canonical":"https:\/\/congovirtuel.com\/information\/rdc-presidence-vs-primature-de-couac-en-couac\/","og_locale":"fr_FR","og_type":"article","og_title":"RDC : Pr\u00e9sidence vs Primature de couac en couac - Actualit\u00e9s congolaises et internationales","og_description":"Dans les deux cas, il y a probl\u00e8me avec, \u00e0 la cl\u00e9, un mauvais signal que les gouvernants actuels envoient. Demander \u00e0 la ministre de rapporter un acte d'une telle importance n'est pas de nature \u00e0 rassurer l'opinion. Ce \" retour \u00e0 l'exp\u00e9diteur \", ordonn\u00e9 par le Palais de la nation ou la Cit\u00e9 de l'Union africaine -c'est bonnet blanc et blanc bonnet - para\u00eet traduire un d\u00e9ficit de concertation en amont entre les deux branches de l'Ex\u00e9cutif.","og_url":"https:\/\/congovirtuel.com\/information\/rdc-presidence-vs-primature-de-couac-en-couac\/","og_site_name":"Actualit\u00e9s congolaises et internationales","article_publisher":"https:\/\/web.facebook.com\/Congovirtuel-763617960319601\/?ref=aymt_homepage_panel&amp%3bamp%3bamp%3bamp%3bamp%3bamp%3bamp%3bamp%3bamp%3bamp%3bamp%3beid=ARCoxULa66767kIgF_KYav6VdjXTI4yk_LW4yoVO9s6NXpysgb7Cb65vpxcxgqzOAKvIbLQxaAETcqHT","article_published_time":"2020-04-29T04:39:47+00:00","article_modified_time":"2020-04-29T04:39:54+00:00","og_image":[{"width":698,"height":400,"url":"https:\/\/congovirtuel.com\/information\/wp-content\/uploads\/2020\/04\/eberand_kolongele_ebongo.jpg","type":"image\/jpeg"}],"author":"infocongovirtuel","twitter_card":"summary_large_image","twitter_creator":"@congovirtuel","twitter_site":"@congovirtuel","twitter_misc":{"\u00c9crit par":"infocongovirtuel","Dur\u00e9e de lecture estim\u00e9e":"2 minutes"},"schema":{"@context":"https:\/\/schema.org","@graph":[{"@type":"Article","@id":"https:\/\/congovirtuel.com\/information\/rdc-presidence-vs-primature-de-couac-en-couac\/#article","isPartOf":{"@id":"https:\/\/congovirtuel.com\/information\/rdc-presidence-vs-primature-de-couac-en-couac\/"},"author":{"name":"infocongovirtuel","@id":"https:\/\/congovirtuel.com\/information\/#\/schema\/person\/739a44bf7990966cb53d58d2fdeca0b6"},"headline":"RDC : Pr\u00e9sidence vs Primature de couac en couac","datePublished":"2020-04-29T04:39:47+00:00","dateModified":"2020-04-29T04:39:54+00:00","mainEntityOfPage":{"@id":"https:\/\/congovirtuel.com\/information\/rdc-presidence-vs-primature-de-couac-en-couac\/"},"wordCount":470,"commentCount":0,"publisher":{"@id":"https:\/\/congovirtuel.com\/information\/#organization"},"image":{"@id":"https:\/\/congovirtuel.com\/information\/rdc-presidence-vs-primature-de-couac-en-couac\/#primaryimage"},"thumbnailUrl":"https:\/\/congovirtuel.com\/information\/wp-content\/uploads\/2020\/04\/eberand_kolongele_ebongo.jpg","keywords":["lettre dircaba au ministre de la fonction publique","nomination secr\u00e9taires g\u00e9n\u00e9raux rdc","politisation administration rdc","professeur Eberand Kolongele dircaba","Yollande Ebongo"],"articleSection":["Gouvernement","RDC"],"inLanguage":"fr-FR","potentialAction":[{"@type":"CommentAction","name":"Comment","target":["https:\/\/congovirtuel.com\/information\/rdc-presidence-vs-primature-de-couac-en-couac\/#respond"]}]},{"@type":"WebPage","@id":"https:\/\/congovirtuel.com\/information\/rdc-presidence-vs-primature-de-couac-en-couac\/","url":"https:\/\/congovirtuel.com\/information\/rdc-presidence-vs-primature-de-couac-en-couac\/","name":"RDC : Pr\u00e9sidence vs Primature de couac en couac - Actualit\u00e9s congolaises et internationales","isPartOf":{"@id":"https:\/\/congovirtuel.com\/information\/#website"},"primaryImageOfPage":{"@id":"https:\/\/congovirtuel.com\/information\/rdc-presidence-vs-primature-de-couac-en-couac\/#primaryimage"},"image":{"@id":"https:\/\/congovirtuel.com\/information\/rdc-presidence-vs-primature-de-couac-en-couac\/#primaryimage"},"thumbnailUrl":"https:\/\/congovirtuel.com\/information\/wp-content\/uploads\/2020\/04\/eberand_kolongele_ebongo.jpg","datePublished":"2020-04-29T04:39:47+00:00","dateModified":"2020-04-29T04:39:54+00:00","breadcrumb":{"@id":"https:\/\/congovirtuel.com\/information\/rdc-presidence-vs-primature-de-couac-en-couac\/#breadcrumb"},"inLanguage":"fr-FR","potentialAction":[{"@type":"ReadAction","target":["https:\/\/congovirtuel.com\/information\/rdc-presidence-vs-primature-de-couac-en-couac\/"]}]},{"@type":"ImageObject","inLanguage":"fr-FR","@id":"https:\/\/congovirtuel.com\/information\/rdc-presidence-vs-primature-de-couac-en-couac\/#primaryimage","url":"https:\/\/congovirtuel.com\/information\/wp-content\/uploads\/2020\/04\/eberand_kolongele_ebongo.jpg","contentUrl":"https:\/\/congovirtuel.com\/information\/wp-content\/uploads\/2020\/04\/eberand_kolongele_ebongo.jpg","width":698,"height":400,"caption":"eberand_kolongele et Yollandeebongo"},{"@type":"BreadcrumbList","@id":"https:\/\/congovirtuel.com\/information\/rdc-presidence-vs-primature-de-couac-en-couac\/#breadcrumb","itemListElement":[{"@type":"ListItem","position":1,"name":"Accueil","item":"https:\/\/congovirtuel.com\/information\/"},{"@type":"ListItem","position":2,"name":"RDC : Pr\u00e9sidence vs Primature de couac en couac"}]},{"@type":"WebSite","@id":"https:\/\/congovirtuel.com\/information\/#website","url":"https:\/\/congovirtuel.com\/information\/","name":"Actualit\u00e9s congolaises et internationales","description":"site d&#039;analyse et de traitement d&#039;information","publisher":{"@id":"https:\/\/congovirtuel.com\/information\/#organization"},"potentialAction":[{"@type":"SearchAction","target":{"@type":"EntryPoint","urlTemplate":"https:\/\/congovirtuel.com\/information\/?s={search_term_string}"},"query-input":{"@type":"PropertyValueSpecification","valueRequired":true,"valueName":"search_term_string"}}],"inLanguage":"fr-FR"},{"@type":"Organization","@id":"https:\/\/congovirtuel.com\/information\/#organization","name":"Biblioth\u00e8que Virtuelle de la RDC","url":"https:\/\/congovirtuel.com\/information\/","logo":{"@type":"ImageObject","inLanguage":"fr-FR","@id":"https:\/\/congovirtuel.com\/information\/#\/schema\/logo\/image\/","url":"https:\/\/congovirtuel.com\/information\/wp-content\/uploads\/2018\/10\/header-info-congovirtuel-vraie.jpg","contentUrl":"https:\/\/congovirtuel.com\/information\/wp-content\/uploads\/2018\/10\/header-info-congovirtuel-vraie.jpg","width":728,"height":90,"caption":"Biblioth\u00e8que Virtuelle de la RDC"},"image":{"@id":"https:\/\/congovirtuel.com\/information\/#\/schema\/logo\/image\/"},"sameAs":["https:\/\/web.facebook.com\/Congovirtuel-763617960319601\/?ref=aymt_homepage_panel&amp;amp;amp;amp;amp;amp;amp;amp;amp;amp;amp;eid=ARCoxULa66767kIgF_KYav6VdjXTI4yk_LW4yoVO9s6NXpysgb7Cb65vpxcxgqzOAKvIbLQxaAETcqHT","https:\/\/x.com\/congovirtuel","https:\/\/www.youtube.com\/channel\/UCkFfprYzGgS3EWNpeMXpToQ?view_as=subscriber"]},{"@type":"Person","@id":"https:\/\/congovirtuel.com\/information\/#\/schema\/person\/739a44bf7990966cb53d58d2fdeca0b6","name":"infocongovirtuel","image":{"@type":"ImageObject","inLanguage":"fr-FR","@id":"https:\/\/secure.gravatar.com\/avatar\/4d76991aa72469f0eb22e772586c99113c6997f88da636a9db8f2ce3a2c05e69?s=96&d=mm&r=g","url":"https:\/\/secure.gravatar.com\/avatar\/4d76991aa72469f0eb22e772586c99113c6997f88da636a9db8f2ce3a2c05e69?s=96&d=mm&r=g","contentUrl":"https:\/\/secure.gravatar.com\/avatar\/4d76991aa72469f0eb22e772586c99113c6997f88da636a9db8f2ce3a2c05e69?s=96&d=mm&r=g","caption":"infocongovirtuel"},"url":"https:\/\/congovirtuel.com\/information\/author\/infocongovirtuel\/"}]}},"gt_translate_keys":[{"key":"link","format":"url"}],"_links":{"self":[{"href":"https:\/\/congovirtuel.com\/information\/wp-json\/wp\/v2\/posts\/1196","targetHints":{"allow":["GET"]}}],"collection":[{"href":"https:\/\/congovirtuel.com\/information\/wp-json\/wp\/v2\/posts"}],"about":[{"href":"https:\/\/congovirtuel.com\/information\/wp-json\/wp\/v2\/types\/post"}],"author":[{"embeddable":true,"href":"https:\/\/congovirtuel.com\/information\/wp-json\/wp\/v2\/users\/1"}],"replies":[{"embeddable":true,"href":"https:\/\/congovirtuel.com\/information\/wp-json\/wp\/v2\/comments?post=1196"}],"version-history":[{"count":1,"href":"https:\/\/congovirtuel.com\/information\/wp-json\/wp\/v2\/posts\/1196\/revisions"}],"predecessor-version":[{"id":1199,"href":"https:\/\/congovirtuel.com\/information\/wp-json\/wp\/v2\/posts\/1196\/revisions\/1199"}],"wp:featuredmedia":[{"embeddable":true,"href":"https:\/\/congovirtuel.com\/information\/wp-json\/wp\/v2\/media\/1198"}],"wp:attachment":[{"href":"https:\/\/congovirtuel.com\/information\/wp-json\/wp\/v2\/media?parent=1196"}],"wp:term":[{"taxonomy":"category","embeddable":true,"href":"https:\/\/congovirtuel.com\/information\/wp-json\/wp\/v2\/categories?post=1196"},{"taxonomy":"post_tag","embeddable":true,"href":"https:\/\/congovirtuel.com\/information\/wp-json\/wp\/v2\/tags?post=1196"}],"curies":[{"name":"wp","href":"https:\/\/api.w.org\/{rel}","templated":true}]}}