{"id":12126,"date":"2021-07-25T13:16:51","date_gmt":"2021-07-25T12:16:51","guid":{"rendered":"https:\/\/congovirtuel.com\/information\/?p=12126"},"modified":"2021-07-25T13:16:54","modified_gmt":"2021-07-25T12:16:54","slug":"covid-19-en-rdc-un-etudiant-qui-ne-portait-pas-de-masque-tue-par-un-policier","status":"publish","type":"post","link":"https:\/\/congovirtuel.com\/information\/covid-19-en-rdc-un-etudiant-qui-ne-portait-pas-de-masque-tue-par-un-policier\/","title":{"rendered":"Covid-19 en RDC : un \u00e9tudiant qui ne portait pas de masque tu\u00e9 par un policier","gt_translate_keys":[{"key":"rendered","format":"text"}]},"content":{"rendered":"\n<p class=\"wp-block-paragraph\">Selon un camarade de la victime<em>,\u00a0<\/em>le policier l&rsquo;a accus\u00e9 de faire de la r\u00e9sistance et a tir\u00e9 sur lui \u00e0 bout portant.<\/p>\n\n\n\n<p class=\"wp-block-paragraph\">Un \u00e9tudiant a \u00e9t\u00e9 tu\u00e9 samedi 24 juillet \u00e0 Kinshasa par un policier qui lui reprochait de ne pas porter de masque pendant l&rsquo;enregistrement d&rsquo;une vid\u00e9o, alors que la R\u00e9publique d\u00e9mocratique du Congo est confront\u00e9e \u00e0 une troisi\u00e8me vague de Covid-19, ont indiqu\u00e9 dimanche 25 juillet des t\u00e9moins et des m\u00e9dias.<\/p>\n\n\n\n<p class=\"wp-block-paragraph\">\u00ab<em>Notre camarade Honor\u00e9 Shama, \u00e9tudiant de la facult\u00e9 des lettres de l&rsquo;Universit\u00e9 de Kinshasa, \u00e9tait en tournage d&rsquo;une vid\u00e9o dans le cadre de travaux pratiques en com\u00e9die. Un policier lui a demand\u00e9 de porter son masque pendant le tournage<\/em>\u00bb, a t\u00e9moign\u00e9 \u00e0 l&rsquo;AFP Patient Odia, son camarade pr\u00e9sent lors de l&rsquo;incident.<\/p>\n\n\n\n<p class=\"wp-block-paragraph\">\u00ab<em>Malgr\u00e9 ses explications et apr\u00e8s avoir montr\u00e9 le masque, le policier, pris de col\u00e8re parce qu&rsquo;il attendait plut\u00f4t de recevoir de l&rsquo;argent, l&rsquo;a accus\u00e9 de faire de la r\u00e9sistance et a tir\u00e9 sur lui \u00e0 bout portant<\/em>\u00bb, a-t-il ajout\u00e9. D&rsquo;autres t\u00e9moignages ont \u00e9t\u00e9 \u00e9galement recueillis par la radio Top Congo, tr\u00e8s suivie en RDC ainsi que plusieurs m\u00e9dias en ligne.<\/p>\n\n\n\n<p class=\"wp-block-paragraph\">\u00ab<em>La police a arr\u00eat\u00e9 deux policiers, pr\u00e9sents pendant l&rsquo;incident provoqu\u00e9 par leur coll\u00e8gue policier irresponsable en fuite ainsi que le chef de poste de police de Bel Air \u00e0 Mont Ngafula. Les recherches continuent pour retrouver le policier fugitif<\/em>\u00bb, a r\u00e9agi aupr\u00e8s de l&rsquo;AFP le g\u00e9n\u00e9ral Sylvano Kasongo, chef de la police de Kinshasa.<\/p>\n\n\n\n<p class=\"wp-block-paragraph\">Le port du masque est obligatoire sous peine d&rsquo;une amende de 10.000 francs congolais (5 dollars). Mais \u00e0 Kinshasa, les policiers sont r\u00e9guli\u00e8rement accus\u00e9s de tracasseries et d&#8217;empocher l&rsquo;argent des amendes sans d\u00e9livrer de re\u00e7u.<\/p>\n\n\n\n<p class=\"wp-block-paragraph\">Depuis le d\u00e9but de la pand\u00e9mie en mars 2020, la RDC a enregistr\u00e9 47.786 cas et 1021 d\u00e9c\u00e8s, selon les statistiques des autorit\u00e9s sanitaires publi\u00e9es vendredi. Depuis le 10 juillet, la vaccination est suspendue dans le pays, le stock du vaccin AstraZeneca disponible ayant d\u00e9pass\u00e9 sa date de p\u00e9remption.<\/p>\n\n\n\n<p class=\"wp-block-paragraph\">Lefigaro<\/p>\n","protected":false,"gt_translate_keys":[{"key":"rendered","format":"html"}]},"excerpt":{"rendered":"<p>Selon un camarade de la victime,\u00a0le policier l&rsquo;a accus\u00e9 de faire de la r\u00e9sistance et a tir\u00e9 sur lui \u00e0 bout portant. Un \u00e9tudiant a \u00e9t\u00e9 tu\u00e9 samedi 24 juillet \u00e0 Kinshasa par un policier qui lui reprochait de ne pas porter de masque pendant l&rsquo;enregistrement d&rsquo;une vid\u00e9o, alors que la R\u00e9publique d\u00e9mocratique du Congo est confront\u00e9e \u00e0 une troisi\u00e8me vague de Covid-19, ont indiqu\u00e9 dimanche 25 juillet des t\u00e9moins et des m\u00e9dias. \u00abNotre camarade Honor\u00e9 Shama, \u00e9tudiant de la facult\u00e9 des lettres de l&rsquo;Universit\u00e9 de Kinshasa, \u00e9tait en tournage&hellip;<\/p>\n","protected":false,"gt_translate_keys":[{"key":"rendered","format":"html"}]},"author":1,"featured_media":12128,"comment_status":"open","ping_status":"open","sticky":false,"template":"","format":"standard","meta":{"_crdt_document":"","footnotes":""},"categories":[317],"tags":[14257],"class_list":["post-12126","post","type-post","status-publish","format-standard","has-post-thumbnail","hentry","category-covid-19","tag-etudiant-tue-masque-rdc"],"gutentor_comment":0,"yoast_head":"<!-- This site is optimized with the Yoast SEO plugin v27.5 - https:\/\/yoast.com\/product\/yoast-seo-wordpress\/ -->\n<title>Covid-19 en RDC : un \u00e9tudiant qui ne portait pas de masque tu\u00e9 par un policier - Actualit\u00e9s congolaises et internationales<\/title>\n<meta name=\"robots\" content=\"index, follow, max-snippet:-1, max-image-preview:large, max-video-preview:-1\" \/>\n<link rel=\"canonical\" href=\"https:\/\/congovirtuel.com\/information\/covid-19-en-rdc-un-etudiant-qui-ne-portait-pas-de-masque-tue-par-un-policier\/\" \/>\n<meta property=\"og:locale\" content=\"fr_FR\" \/>\n<meta property=\"og:type\" content=\"article\" \/>\n<meta property=\"og:title\" content=\"Covid-19 en RDC : un \u00e9tudiant qui ne portait pas de masque tu\u00e9 par un policier - Actualit\u00e9s congolaises et internationales\" \/>\n<meta property=\"og:description\" content=\"Selon un camarade de la victime,\u00a0le policier l&rsquo;a accus\u00e9 de faire de la r\u00e9sistance et a tir\u00e9 sur lui \u00e0 bout portant. Un \u00e9tudiant a \u00e9t\u00e9 tu\u00e9 samedi 24 juillet \u00e0 Kinshasa par un policier qui lui reprochait de ne pas porter de masque pendant l&rsquo;enregistrement d&rsquo;une vid\u00e9o, alors que la R\u00e9publique d\u00e9mocratique du Congo est confront\u00e9e \u00e0 une troisi\u00e8me vague de Covid-19, ont indiqu\u00e9 dimanche 25 juillet des t\u00e9moins et des m\u00e9dias. \u00abNotre camarade Honor\u00e9 Shama, \u00e9tudiant de la facult\u00e9 des lettres de l&rsquo;Universit\u00e9 de Kinshasa, \u00e9tait en tournage&hellip;\" \/>\n<meta property=\"og:url\" content=\"https:\/\/congovirtuel.com\/information\/covid-19-en-rdc-un-etudiant-qui-ne-portait-pas-de-masque-tue-par-un-policier\/\" \/>\n<meta property=\"og:site_name\" content=\"Actualit\u00e9s congolaises et internationales\" \/>\n<meta property=\"article:publisher\" content=\"https:\/\/web.facebook.com\/Congovirtuel-763617960319601\/?ref=aymt_homepage_panel&amp;amp%3bamp%3bamp%3bamp%3bamp%3bamp%3bamp%3bamp%3bamp%3bamp%3bamp%3beid=ARCoxULa66767kIgF_KYav6VdjXTI4yk_LW4yoVO9s6NXpysgb7Cb65vpxcxgqzOAKvIbLQxaAETcqHT\" \/>\n<meta property=\"article:published_time\" content=\"2021-07-25T12:16:51+00:00\" \/>\n<meta property=\"article:modified_time\" content=\"2021-07-25T12:16:54+00:00\" \/>\n<meta property=\"og:image\" content=\"https:\/\/congovirtuel.com\/information\/wp-content\/uploads\/2021\/07\/1c57c0d26f28e9c227429163440cd2d0bc570433f7fb783b1dbc9fda7c72be8e.jpg\" \/>\n\t<meta property=\"og:image:width\" content=\"704\" \/>\n\t<meta property=\"og:image:height\" content=\"396\" \/>\n\t<meta property=\"og:image:type\" content=\"image\/jpeg\" \/>\n<meta name=\"author\" content=\"infocongovirtuel\" \/>\n<meta name=\"twitter:card\" content=\"summary_large_image\" \/>\n<meta name=\"twitter:creator\" content=\"@congovirtuel\" \/>\n<meta name=\"twitter:site\" content=\"@congovirtuel\" \/>\n<meta name=\"twitter:label1\" content=\"\u00c9crit par\" \/>\n\t<meta name=\"twitter:data1\" content=\"infocongovirtuel\" \/>\n\t<meta name=\"twitter:label2\" content=\"Dur\u00e9e de lecture estim\u00e9e\" \/>\n\t<meta name=\"twitter:data2\" content=\"2 minutes\" \/>\n<script type=\"application\/ld+json\" class=\"yoast-schema-graph\">{\"@context\":\"https:\\\/\\\/schema.org\",\"@graph\":[{\"@type\":\"Article\",\"@id\":\"https:\\\/\\\/congovirtuel.com\\\/information\\\/covid-19-en-rdc-un-etudiant-qui-ne-portait-pas-de-masque-tue-par-un-policier\\\/#article\",\"isPartOf\":{\"@id\":\"https:\\\/\\\/congovirtuel.com\\\/information\\\/covid-19-en-rdc-un-etudiant-qui-ne-portait-pas-de-masque-tue-par-un-policier\\\/\"},\"author\":{\"name\":\"infocongovirtuel\",\"@id\":\"https:\\\/\\\/congovirtuel.com\\\/information\\\/#\\\/schema\\\/person\\\/739a44bf7990966cb53d58d2fdeca0b6\"},\"headline\":\"Covid-19 en RDC : un \u00e9tudiant qui ne portait pas de masque tu\u00e9 par un policier\",\"datePublished\":\"2021-07-25T12:16:51+00:00\",\"dateModified\":\"2021-07-25T12:16:54+00:00\",\"mainEntityOfPage\":{\"@id\":\"https:\\\/\\\/congovirtuel.com\\\/information\\\/covid-19-en-rdc-un-etudiant-qui-ne-portait-pas-de-masque-tue-par-un-policier\\\/\"},\"wordCount\":379,\"commentCount\":0,\"publisher\":{\"@id\":\"https:\\\/\\\/congovirtuel.com\\\/information\\\/#organization\"},\"image\":{\"@id\":\"https:\\\/\\\/congovirtuel.com\\\/information\\\/covid-19-en-rdc-un-etudiant-qui-ne-portait-pas-de-masque-tue-par-un-policier\\\/#primaryimage\"},\"thumbnailUrl\":\"https:\\\/\\\/congovirtuel.com\\\/information\\\/wp-content\\\/uploads\\\/2021\\\/07\\\/1c57c0d26f28e9c227429163440cd2d0bc570433f7fb783b1dbc9fda7c72be8e.jpg\",\"keywords\":[\"\u00c9tudiant tu\u00e9 masque RDC\"],\"articleSection\":[\"COVID-19\"],\"inLanguage\":\"fr-FR\",\"potentialAction\":[{\"@type\":\"CommentAction\",\"name\":\"Comment\",\"target\":[\"https:\\\/\\\/congovirtuel.com\\\/information\\\/covid-19-en-rdc-un-etudiant-qui-ne-portait-pas-de-masque-tue-par-un-policier\\\/#respond\"]}]},{\"@type\":\"WebPage\",\"@id\":\"https:\\\/\\\/congovirtuel.com\\\/information\\\/covid-19-en-rdc-un-etudiant-qui-ne-portait-pas-de-masque-tue-par-un-policier\\\/\",\"url\":\"https:\\\/\\\/congovirtuel.com\\\/information\\\/covid-19-en-rdc-un-etudiant-qui-ne-portait-pas-de-masque-tue-par-un-policier\\\/\",\"name\":\"Covid-19 en RDC : un \u00e9tudiant qui ne portait pas de masque tu\u00e9 par un policier - Actualit\u00e9s congolaises et internationales\",\"isPartOf\":{\"@id\":\"https:\\\/\\\/congovirtuel.com\\\/information\\\/#website\"},\"primaryImageOfPage\":{\"@id\":\"https:\\\/\\\/congovirtuel.com\\\/information\\\/covid-19-en-rdc-un-etudiant-qui-ne-portait-pas-de-masque-tue-par-un-policier\\\/#primaryimage\"},\"image\":{\"@id\":\"https:\\\/\\\/congovirtuel.com\\\/information\\\/covid-19-en-rdc-un-etudiant-qui-ne-portait-pas-de-masque-tue-par-un-policier\\\/#primaryimage\"},\"thumbnailUrl\":\"https:\\\/\\\/congovirtuel.com\\\/information\\\/wp-content\\\/uploads\\\/2021\\\/07\\\/1c57c0d26f28e9c227429163440cd2d0bc570433f7fb783b1dbc9fda7c72be8e.jpg\",\"datePublished\":\"2021-07-25T12:16:51+00:00\",\"dateModified\":\"2021-07-25T12:16:54+00:00\",\"breadcrumb\":{\"@id\":\"https:\\\/\\\/congovirtuel.com\\\/information\\\/covid-19-en-rdc-un-etudiant-qui-ne-portait-pas-de-masque-tue-par-un-policier\\\/#breadcrumb\"},\"inLanguage\":\"fr-FR\",\"potentialAction\":[{\"@type\":\"ReadAction\",\"target\":[\"https:\\\/\\\/congovirtuel.com\\\/information\\\/covid-19-en-rdc-un-etudiant-qui-ne-portait-pas-de-masque-tue-par-un-policier\\\/\"]}]},{\"@type\":\"ImageObject\",\"inLanguage\":\"fr-FR\",\"@id\":\"https:\\\/\\\/congovirtuel.com\\\/information\\\/covid-19-en-rdc-un-etudiant-qui-ne-portait-pas-de-masque-tue-par-un-policier\\\/#primaryimage\",\"url\":\"https:\\\/\\\/congovirtuel.com\\\/information\\\/wp-content\\\/uploads\\\/2021\\\/07\\\/1c57c0d26f28e9c227429163440cd2d0bc570433f7fb783b1dbc9fda7c72be8e.jpg\",\"contentUrl\":\"https:\\\/\\\/congovirtuel.com\\\/information\\\/wp-content\\\/uploads\\\/2021\\\/07\\\/1c57c0d26f28e9c227429163440cd2d0bc570433f7fb783b1dbc9fda7c72be8e.jpg\",\"width\":704,\"height\":396,\"caption\":\"Supporters of the winner of December 30 presidential election, Felix Tshisekedi, react near a police cordon on January 15, 2019 in Kinshasa, to radio broadcasts of the ongoing hearing of a petition filed by Tsishekedi's main rival, also in the opposition, Martin Fayulu, who called for a recount of the ballot citing electoral fraud. - DR Congo's Constitutional Court on January 15 began examining an appeal against presidential election results that gave victory to opposition leader Felix Tshisekedi, in a packed, heavily guarded courtroom. Official results released on January 10 by the Independent National Election Commission (CENI) gave Tshisekedi 38.57 of the December 30 vote, against Fayulu's 34.8 percent. (Photo by TONY KARUMBA \\\/ AFP)\"},{\"@type\":\"BreadcrumbList\",\"@id\":\"https:\\\/\\\/congovirtuel.com\\\/information\\\/covid-19-en-rdc-un-etudiant-qui-ne-portait-pas-de-masque-tue-par-un-policier\\\/#breadcrumb\",\"itemListElement\":[{\"@type\":\"ListItem\",\"position\":1,\"name\":\"Accueil\",\"item\":\"https:\\\/\\\/congovirtuel.com\\\/information\\\/\"},{\"@type\":\"ListItem\",\"position\":2,\"name\":\"Covid-19 en RDC : un \u00e9tudiant qui ne portait pas de masque tu\u00e9 par un policier\"}]},{\"@type\":\"WebSite\",\"@id\":\"https:\\\/\\\/congovirtuel.com\\\/information\\\/#website\",\"url\":\"https:\\\/\\\/congovirtuel.com\\\/information\\\/\",\"name\":\"Actualit\u00e9s congolaises et internationales\",\"description\":\"site d&#039;analyse et de traitement d&#039;information\",\"publisher\":{\"@id\":\"https:\\\/\\\/congovirtuel.com\\\/information\\\/#organization\"},\"potentialAction\":[{\"@type\":\"SearchAction\",\"target\":{\"@type\":\"EntryPoint\",\"urlTemplate\":\"https:\\\/\\\/congovirtuel.com\\\/information\\\/?s={search_term_string}\"},\"query-input\":{\"@type\":\"PropertyValueSpecification\",\"valueRequired\":true,\"valueName\":\"search_term_string\"}}],\"inLanguage\":\"fr-FR\"},{\"@type\":\"Organization\",\"@id\":\"https:\\\/\\\/congovirtuel.com\\\/information\\\/#organization\",\"name\":\"Biblioth\u00e8que Virtuelle de la RDC\",\"url\":\"https:\\\/\\\/congovirtuel.com\\\/information\\\/\",\"logo\":{\"@type\":\"ImageObject\",\"inLanguage\":\"fr-FR\",\"@id\":\"https:\\\/\\\/congovirtuel.com\\\/information\\\/#\\\/schema\\\/logo\\\/image\\\/\",\"url\":\"https:\\\/\\\/congovirtuel.com\\\/information\\\/wp-content\\\/uploads\\\/2018\\\/10\\\/header-info-congovirtuel-vraie.jpg\",\"contentUrl\":\"https:\\\/\\\/congovirtuel.com\\\/information\\\/wp-content\\\/uploads\\\/2018\\\/10\\\/header-info-congovirtuel-vraie.jpg\",\"width\":728,\"height\":90,\"caption\":\"Biblioth\u00e8que Virtuelle de la RDC\"},\"image\":{\"@id\":\"https:\\\/\\\/congovirtuel.com\\\/information\\\/#\\\/schema\\\/logo\\\/image\\\/\"},\"sameAs\":[\"https:\\\/\\\/web.facebook.com\\\/Congovirtuel-763617960319601\\\/?ref=aymt_homepage_panel&amp;amp;amp;amp;amp;amp;amp;amp;amp;amp;amp;eid=ARCoxULa66767kIgF_KYav6VdjXTI4yk_LW4yoVO9s6NXpysgb7Cb65vpxcxgqzOAKvIbLQxaAETcqHT\",\"https:\\\/\\\/x.com\\\/congovirtuel\",\"https:\\\/\\\/www.youtube.com\\\/channel\\\/UCkFfprYzGgS3EWNpeMXpToQ?view_as=subscriber\"]},{\"@type\":\"Person\",\"@id\":\"https:\\\/\\\/congovirtuel.com\\\/information\\\/#\\\/schema\\\/person\\\/739a44bf7990966cb53d58d2fdeca0b6\",\"name\":\"infocongovirtuel\",\"image\":{\"@type\":\"ImageObject\",\"inLanguage\":\"fr-FR\",\"@id\":\"https:\\\/\\\/secure.gravatar.com\\\/avatar\\\/4d76991aa72469f0eb22e772586c99113c6997f88da636a9db8f2ce3a2c05e69?s=96&d=mm&r=g\",\"url\":\"https:\\\/\\\/secure.gravatar.com\\\/avatar\\\/4d76991aa72469f0eb22e772586c99113c6997f88da636a9db8f2ce3a2c05e69?s=96&d=mm&r=g\",\"contentUrl\":\"https:\\\/\\\/secure.gravatar.com\\\/avatar\\\/4d76991aa72469f0eb22e772586c99113c6997f88da636a9db8f2ce3a2c05e69?s=96&d=mm&r=g\",\"caption\":\"infocongovirtuel\"},\"url\":\"https:\\\/\\\/congovirtuel.com\\\/information\\\/author\\\/infocongovirtuel\\\/\"}]}<\/script>\n<!-- \/ Yoast SEO plugin. -->","yoast_head_json":{"title":"Covid-19 en RDC : un \u00e9tudiant qui ne portait pas de masque tu\u00e9 par un policier - Actualit\u00e9s congolaises et internationales","robots":{"index":"index","follow":"follow","max-snippet":"max-snippet:-1","max-image-preview":"max-image-preview:large","max-video-preview":"max-video-preview:-1"},"canonical":"https:\/\/congovirtuel.com\/information\/covid-19-en-rdc-un-etudiant-qui-ne-portait-pas-de-masque-tue-par-un-policier\/","og_locale":"fr_FR","og_type":"article","og_title":"Covid-19 en RDC : un \u00e9tudiant qui ne portait pas de masque tu\u00e9 par un policier - Actualit\u00e9s congolaises et internationales","og_description":"Selon un camarade de la victime,\u00a0le policier l&rsquo;a accus\u00e9 de faire de la r\u00e9sistance et a tir\u00e9 sur lui \u00e0 bout portant. Un \u00e9tudiant a \u00e9t\u00e9 tu\u00e9 samedi 24 juillet \u00e0 Kinshasa par un policier qui lui reprochait de ne pas porter de masque pendant l&rsquo;enregistrement d&rsquo;une vid\u00e9o, alors que la R\u00e9publique d\u00e9mocratique du Congo est confront\u00e9e \u00e0 une troisi\u00e8me vague de Covid-19, ont indiqu\u00e9 dimanche 25 juillet des t\u00e9moins et des m\u00e9dias. \u00abNotre camarade Honor\u00e9 Shama, \u00e9tudiant de la facult\u00e9 des lettres de l&rsquo;Universit\u00e9 de Kinshasa, \u00e9tait en tournage&hellip;","og_url":"https:\/\/congovirtuel.com\/information\/covid-19-en-rdc-un-etudiant-qui-ne-portait-pas-de-masque-tue-par-un-policier\/","og_site_name":"Actualit\u00e9s congolaises et internationales","article_publisher":"https:\/\/web.facebook.com\/Congovirtuel-763617960319601\/?ref=aymt_homepage_panel&amp%3bamp%3bamp%3bamp%3bamp%3bamp%3bamp%3bamp%3bamp%3bamp%3bamp%3beid=ARCoxULa66767kIgF_KYav6VdjXTI4yk_LW4yoVO9s6NXpysgb7Cb65vpxcxgqzOAKvIbLQxaAETcqHT","article_published_time":"2021-07-25T12:16:51+00:00","article_modified_time":"2021-07-25T12:16:54+00:00","og_image":[{"width":704,"height":396,"url":"https:\/\/congovirtuel.com\/information\/wp-content\/uploads\/2021\/07\/1c57c0d26f28e9c227429163440cd2d0bc570433f7fb783b1dbc9fda7c72be8e.jpg","type":"image\/jpeg"}],"author":"infocongovirtuel","twitter_card":"summary_large_image","twitter_creator":"@congovirtuel","twitter_site":"@congovirtuel","twitter_misc":{"\u00c9crit par":"infocongovirtuel","Dur\u00e9e de lecture estim\u00e9e":"2 minutes"},"schema":{"@context":"https:\/\/schema.org","@graph":[{"@type":"Article","@id":"https:\/\/congovirtuel.com\/information\/covid-19-en-rdc-un-etudiant-qui-ne-portait-pas-de-masque-tue-par-un-policier\/#article","isPartOf":{"@id":"https:\/\/congovirtuel.com\/information\/covid-19-en-rdc-un-etudiant-qui-ne-portait-pas-de-masque-tue-par-un-policier\/"},"author":{"name":"infocongovirtuel","@id":"https:\/\/congovirtuel.com\/information\/#\/schema\/person\/739a44bf7990966cb53d58d2fdeca0b6"},"headline":"Covid-19 en RDC : un \u00e9tudiant qui ne portait pas de masque tu\u00e9 par un policier","datePublished":"2021-07-25T12:16:51+00:00","dateModified":"2021-07-25T12:16:54+00:00","mainEntityOfPage":{"@id":"https:\/\/congovirtuel.com\/information\/covid-19-en-rdc-un-etudiant-qui-ne-portait-pas-de-masque-tue-par-un-policier\/"},"wordCount":379,"commentCount":0,"publisher":{"@id":"https:\/\/congovirtuel.com\/information\/#organization"},"image":{"@id":"https:\/\/congovirtuel.com\/information\/covid-19-en-rdc-un-etudiant-qui-ne-portait-pas-de-masque-tue-par-un-policier\/#primaryimage"},"thumbnailUrl":"https:\/\/congovirtuel.com\/information\/wp-content\/uploads\/2021\/07\/1c57c0d26f28e9c227429163440cd2d0bc570433f7fb783b1dbc9fda7c72be8e.jpg","keywords":["\u00c9tudiant tu\u00e9 masque RDC"],"articleSection":["COVID-19"],"inLanguage":"fr-FR","potentialAction":[{"@type":"CommentAction","name":"Comment","target":["https:\/\/congovirtuel.com\/information\/covid-19-en-rdc-un-etudiant-qui-ne-portait-pas-de-masque-tue-par-un-policier\/#respond"]}]},{"@type":"WebPage","@id":"https:\/\/congovirtuel.com\/information\/covid-19-en-rdc-un-etudiant-qui-ne-portait-pas-de-masque-tue-par-un-policier\/","url":"https:\/\/congovirtuel.com\/information\/covid-19-en-rdc-un-etudiant-qui-ne-portait-pas-de-masque-tue-par-un-policier\/","name":"Covid-19 en RDC : un \u00e9tudiant qui ne portait pas de masque tu\u00e9 par un policier - Actualit\u00e9s congolaises et internationales","isPartOf":{"@id":"https:\/\/congovirtuel.com\/information\/#website"},"primaryImageOfPage":{"@id":"https:\/\/congovirtuel.com\/information\/covid-19-en-rdc-un-etudiant-qui-ne-portait-pas-de-masque-tue-par-un-policier\/#primaryimage"},"image":{"@id":"https:\/\/congovirtuel.com\/information\/covid-19-en-rdc-un-etudiant-qui-ne-portait-pas-de-masque-tue-par-un-policier\/#primaryimage"},"thumbnailUrl":"https:\/\/congovirtuel.com\/information\/wp-content\/uploads\/2021\/07\/1c57c0d26f28e9c227429163440cd2d0bc570433f7fb783b1dbc9fda7c72be8e.jpg","datePublished":"2021-07-25T12:16:51+00:00","dateModified":"2021-07-25T12:16:54+00:00","breadcrumb":{"@id":"https:\/\/congovirtuel.com\/information\/covid-19-en-rdc-un-etudiant-qui-ne-portait-pas-de-masque-tue-par-un-policier\/#breadcrumb"},"inLanguage":"fr-FR","potentialAction":[{"@type":"ReadAction","target":["https:\/\/congovirtuel.com\/information\/covid-19-en-rdc-un-etudiant-qui-ne-portait-pas-de-masque-tue-par-un-policier\/"]}]},{"@type":"ImageObject","inLanguage":"fr-FR","@id":"https:\/\/congovirtuel.com\/information\/covid-19-en-rdc-un-etudiant-qui-ne-portait-pas-de-masque-tue-par-un-policier\/#primaryimage","url":"https:\/\/congovirtuel.com\/information\/wp-content\/uploads\/2021\/07\/1c57c0d26f28e9c227429163440cd2d0bc570433f7fb783b1dbc9fda7c72be8e.jpg","contentUrl":"https:\/\/congovirtuel.com\/information\/wp-content\/uploads\/2021\/07\/1c57c0d26f28e9c227429163440cd2d0bc570433f7fb783b1dbc9fda7c72be8e.jpg","width":704,"height":396,"caption":"Supporters of the winner of December 30 presidential election, Felix Tshisekedi, react near a police cordon on January 15, 2019 in Kinshasa, to radio broadcasts of the ongoing hearing of a petition filed by Tsishekedi's main rival, also in the opposition, Martin Fayulu, who called for a recount of the ballot citing electoral fraud. - DR Congo's Constitutional Court on January 15 began examining an appeal against presidential election results that gave victory to opposition leader Felix Tshisekedi, in a packed, heavily guarded courtroom. Official results released on January 10 by the Independent National Election Commission (CENI) gave Tshisekedi 38.57 of the December 30 vote, against Fayulu's 34.8 percent. (Photo by TONY KARUMBA \/ AFP)"},{"@type":"BreadcrumbList","@id":"https:\/\/congovirtuel.com\/information\/covid-19-en-rdc-un-etudiant-qui-ne-portait-pas-de-masque-tue-par-un-policier\/#breadcrumb","itemListElement":[{"@type":"ListItem","position":1,"name":"Accueil","item":"https:\/\/congovirtuel.com\/information\/"},{"@type":"ListItem","position":2,"name":"Covid-19 en RDC : un \u00e9tudiant qui ne portait pas de masque tu\u00e9 par un policier"}]},{"@type":"WebSite","@id":"https:\/\/congovirtuel.com\/information\/#website","url":"https:\/\/congovirtuel.com\/information\/","name":"Actualit\u00e9s congolaises et internationales","description":"site d&#039;analyse et de traitement d&#039;information","publisher":{"@id":"https:\/\/congovirtuel.com\/information\/#organization"},"potentialAction":[{"@type":"SearchAction","target":{"@type":"EntryPoint","urlTemplate":"https:\/\/congovirtuel.com\/information\/?s={search_term_string}"},"query-input":{"@type":"PropertyValueSpecification","valueRequired":true,"valueName":"search_term_string"}}],"inLanguage":"fr-FR"},{"@type":"Organization","@id":"https:\/\/congovirtuel.com\/information\/#organization","name":"Biblioth\u00e8que Virtuelle de la RDC","url":"https:\/\/congovirtuel.com\/information\/","logo":{"@type":"ImageObject","inLanguage":"fr-FR","@id":"https:\/\/congovirtuel.com\/information\/#\/schema\/logo\/image\/","url":"https:\/\/congovirtuel.com\/information\/wp-content\/uploads\/2018\/10\/header-info-congovirtuel-vraie.jpg","contentUrl":"https:\/\/congovirtuel.com\/information\/wp-content\/uploads\/2018\/10\/header-info-congovirtuel-vraie.jpg","width":728,"height":90,"caption":"Biblioth\u00e8que Virtuelle de la RDC"},"image":{"@id":"https:\/\/congovirtuel.com\/information\/#\/schema\/logo\/image\/"},"sameAs":["https:\/\/web.facebook.com\/Congovirtuel-763617960319601\/?ref=aymt_homepage_panel&amp;amp;amp;amp;amp;amp;amp;amp;amp;amp;amp;eid=ARCoxULa66767kIgF_KYav6VdjXTI4yk_LW4yoVO9s6NXpysgb7Cb65vpxcxgqzOAKvIbLQxaAETcqHT","https:\/\/x.com\/congovirtuel","https:\/\/www.youtube.com\/channel\/UCkFfprYzGgS3EWNpeMXpToQ?view_as=subscriber"]},{"@type":"Person","@id":"https:\/\/congovirtuel.com\/information\/#\/schema\/person\/739a44bf7990966cb53d58d2fdeca0b6","name":"infocongovirtuel","image":{"@type":"ImageObject","inLanguage":"fr-FR","@id":"https:\/\/secure.gravatar.com\/avatar\/4d76991aa72469f0eb22e772586c99113c6997f88da636a9db8f2ce3a2c05e69?s=96&d=mm&r=g","url":"https:\/\/secure.gravatar.com\/avatar\/4d76991aa72469f0eb22e772586c99113c6997f88da636a9db8f2ce3a2c05e69?s=96&d=mm&r=g","contentUrl":"https:\/\/secure.gravatar.com\/avatar\/4d76991aa72469f0eb22e772586c99113c6997f88da636a9db8f2ce3a2c05e69?s=96&d=mm&r=g","caption":"infocongovirtuel"},"url":"https:\/\/congovirtuel.com\/information\/author\/infocongovirtuel\/"}]}},"gt_translate_keys":[{"key":"link","format":"url"}],"_links":{"self":[{"href":"https:\/\/congovirtuel.com\/information\/wp-json\/wp\/v2\/posts\/12126","targetHints":{"allow":["GET"]}}],"collection":[{"href":"https:\/\/congovirtuel.com\/information\/wp-json\/wp\/v2\/posts"}],"about":[{"href":"https:\/\/congovirtuel.com\/information\/wp-json\/wp\/v2\/types\/post"}],"author":[{"embeddable":true,"href":"https:\/\/congovirtuel.com\/information\/wp-json\/wp\/v2\/users\/1"}],"replies":[{"embeddable":true,"href":"https:\/\/congovirtuel.com\/information\/wp-json\/wp\/v2\/comments?post=12126"}],"version-history":[{"count":1,"href":"https:\/\/congovirtuel.com\/information\/wp-json\/wp\/v2\/posts\/12126\/revisions"}],"predecessor-version":[{"id":12129,"href":"https:\/\/congovirtuel.com\/information\/wp-json\/wp\/v2\/posts\/12126\/revisions\/12129"}],"wp:featuredmedia":[{"embeddable":true,"href":"https:\/\/congovirtuel.com\/information\/wp-json\/wp\/v2\/media\/12128"}],"wp:attachment":[{"href":"https:\/\/congovirtuel.com\/information\/wp-json\/wp\/v2\/media?parent=12126"}],"wp:term":[{"taxonomy":"category","embeddable":true,"href":"https:\/\/congovirtuel.com\/information\/wp-json\/wp\/v2\/categories?post=12126"},{"taxonomy":"post_tag","embeddable":true,"href":"https:\/\/congovirtuel.com\/information\/wp-json\/wp\/v2\/tags?post=12126"}],"curies":[{"name":"wp","href":"https:\/\/api.w.org\/{rel}","templated":true}]}}