{"id":12152,"date":"2021-07-26T08:04:32","date_gmt":"2021-07-26T07:04:32","guid":{"rendered":"https:\/\/congovirtuel.com\/information\/?p=12152"},"modified":"2021-07-26T08:04:34","modified_gmt":"2021-07-26T07:04:34","slug":"covid-19-brazzaville-interdit-les-vols-air-france-en-provenance-de-kinshasa","status":"publish","type":"post","link":"https:\/\/congovirtuel.com\/information\/covid-19-brazzaville-interdit-les-vols-air-france-en-provenance-de-kinshasa\/","title":{"rendered":"Covid-19 : Brazzaville interdit les vols Air France en provenance de Kinshasa","gt_translate_keys":[{"key":"rendered","format":"text"}]},"content":{"rendered":"\n<p class=\"wp-block-paragraph\"><em><strong>Le gouvernement de la R\u00e9publique du Congo vient de demander \u00e0 la Direction g\u00e9n\u00e9rale de la compagnie Air France d&rsquo;effectuer des vols directs au d\u00e9part ou \u00e0 l&rsquo;arriv\u00e9e de son pays et de ne plus faire des escales en RDC. Cette d\u00e9cision intervient apr\u00e8s que Paris a class\u00e9 Kinshasa comme \u00ab zone rouge \u00bb, \u00e0 cause de la circulation active du coronavirus.<\/strong><\/em><\/p>\n\n\n\n<p class=\"wp-block-paragraph\">Le ministre des Transports, de l&rsquo;aviation et de la marine de la R\u00e9publique du Congo demande \u00e0 la Direction g\u00e9n\u00e9rale de la Compagnie Air France d&rsquo;effectuer des vols directs au d\u00e9part ou \u00e0 l&rsquo;arriv\u00e9e du Congo et de ne plus faire des escales en R\u00e9publique d\u00e9mocratique du Congo.<\/p>\n\n\n\n<p class=\"wp-block-paragraph\">Dans une correspondance dont une copie est parvenue, hier dimanche 25 juillet \u00e0 Radio Okapi, Jean-Marc Thystere motive sa d\u00e9cision par des mesures relatives \u00e0 la Covid-19, afin de ne pas faire courir des risques \u00e0 ses populations.<\/p>\n\n\n\n<p class=\"wp-block-paragraph\">Il rappelle que son pays, la R\u00e9publique du Congo, a ferm\u00e9 les fronti\u00e8res avec la R\u00e9publique d\u00e9mocratique du Congo qui a \u00e9t\u00e9 d\u00e9clar\u00e9e comme zone rouge au d\u00e9but de ce mois par la France.<\/p>\n\n\n\n<p class=\"wp-block-paragraph\">Les voyageurs en provenance de la R\u00e9publique d\u00e9mocratique du Congo ne sont plus autoris\u00e9s \u00e0 entrer en France.<\/p>\n\n\n\n<p class=\"wp-block-paragraph\">Dans un article de Rfi.fr publi\u00e9 mardi 6 juillet, Paris a class\u00e9 Kinshasa comme \u00ab zone rouge \u00bb, \u00e0 cause de la circulation active du coronavirus, ainsi que \u00ab la pr\u00e9sence de variant pr\u00e9occupant \u00bb dans le pays.<\/p>\n\n\n\n<p class=\"wp-block-paragraph\">Les autorit\u00e9s fran\u00e7aises n\u2019autorisent les voyages en provenance des \u00ab pays rouges \u00bb qu\u2019en cas de \u00ab motifs imp\u00e9rieux \u00bb.<\/p>\n\n\n\n<p class=\"wp-block-paragraph\">Selon rfi.fr, les vacanciers et les touristes ne peuvent donc pas se rendre dans l\u2019Hexagone. Et pour ceux qui ont le droit de voyager, il faut en plus pr\u00e9senter un test de d\u00e9pistage n\u00e9gatif avant d\u2019embarquer.&nbsp;<\/p>\n\n\n\n<p class=\"wp-block-paragraph\">Un autre test est r\u00e9alis\u00e9 \u00e0 l&rsquo;arriv\u00e9e en France et une quarantaine de 7 ou 10 jours doit \u00eatre observ\u00e9e suivant si les personnes sont vaccin\u00e9es ou non.<\/p>\n\n\n\n<p class=\"wp-block-paragraph\">Vingt-quatre pays dans le monde dont quatre sur le continent africain sont d\u00e9sormais class\u00e9s \u00ab rouges \u00bb par Paris notamment, l\u2019Afrique du Sud, la Namibie, les Seychelles et la RDC.&nbsp;<\/p>\n\n\n\n<p class=\"wp-block-paragraph\">La RDC a \u00e9galement \u00e9t\u00e9 class\u00e9e un \u00ab pays \u00e0 tr\u00e8s haut risque \u00bb pour la Belgique depuis le jeudi 26 juin.<\/p>\n\n\n\n<p class=\"wp-block-paragraph\"><strong>L<\/strong>epotentiel<\/p>\n","protected":false,"gt_translate_keys":[{"key":"rendered","format":"html"}]},"excerpt":{"rendered":"<p>Le gouvernement de la R\u00e9publique du Congo vient de demander \u00e0 la Direction g\u00e9n\u00e9rale de la compagnie Air France d&rsquo;effectuer des vols directs au d\u00e9part ou \u00e0 l&rsquo;arriv\u00e9e de son pays et de ne plus faire des escales en RDC. Cette d\u00e9cision intervient apr\u00e8s que Paris a class\u00e9 Kinshasa comme \u00ab zone rouge \u00bb, \u00e0 cause de la circulation active du coronavirus. Le ministre des Transports, de l&rsquo;aviation et de la marine de la R\u00e9publique du Congo demande \u00e0 la Direction g\u00e9n\u00e9rale de la Compagnie Air France d&rsquo;effectuer des vols&hellip;<\/p>\n","protected":false,"gt_translate_keys":[{"key":"rendered","format":"html"}]},"author":1,"featured_media":12154,"comment_status":"open","ping_status":"open","sticky":false,"template":"","format":"standard","meta":{"_crdt_document":"","footnotes":""},"categories":[317],"tags":[14321],"class_list":["post-12152","post","type-post","status-publish","format-standard","has-post-thumbnail","hentry","category-covid-19","tag-brazzaville-interdit-le-vol-air-france-kinshasa"],"gutentor_comment":0,"yoast_head":"<!-- This site is optimized with the Yoast SEO plugin v27.5 - https:\/\/yoast.com\/product\/yoast-seo-wordpress\/ -->\n<title>Covid-19 : Brazzaville interdit les vols Air France en provenance de Kinshasa - Actualit\u00e9s congolaises et internationales<\/title>\n<meta name=\"robots\" content=\"index, follow, max-snippet:-1, max-image-preview:large, max-video-preview:-1\" \/>\n<link rel=\"canonical\" href=\"https:\/\/congovirtuel.com\/information\/covid-19-brazzaville-interdit-les-vols-air-france-en-provenance-de-kinshasa\/\" \/>\n<meta property=\"og:locale\" content=\"fr_FR\" \/>\n<meta property=\"og:type\" content=\"article\" \/>\n<meta property=\"og:title\" content=\"Covid-19 : Brazzaville interdit les vols Air France en provenance de Kinshasa - Actualit\u00e9s congolaises et internationales\" \/>\n<meta property=\"og:description\" content=\"Le gouvernement de la R\u00e9publique du Congo vient de demander \u00e0 la Direction g\u00e9n\u00e9rale de la compagnie Air France d&rsquo;effectuer des vols directs au d\u00e9part ou \u00e0 l&rsquo;arriv\u00e9e de son pays et de ne plus faire des escales en RDC. Cette d\u00e9cision intervient apr\u00e8s que Paris a class\u00e9 Kinshasa comme \u00ab zone rouge \u00bb, \u00e0 cause de la circulation active du coronavirus. Le ministre des Transports, de l&rsquo;aviation et de la marine de la R\u00e9publique du Congo demande \u00e0 la Direction g\u00e9n\u00e9rale de la Compagnie Air France d&rsquo;effectuer des vols&hellip;\" \/>\n<meta property=\"og:url\" content=\"https:\/\/congovirtuel.com\/information\/covid-19-brazzaville-interdit-les-vols-air-france-en-provenance-de-kinshasa\/\" \/>\n<meta property=\"og:site_name\" content=\"Actualit\u00e9s congolaises et internationales\" \/>\n<meta property=\"article:publisher\" content=\"https:\/\/web.facebook.com\/Congovirtuel-763617960319601\/?ref=aymt_homepage_panel&amp;amp%3bamp%3bamp%3bamp%3bamp%3bamp%3bamp%3bamp%3bamp%3bamp%3bamp%3beid=ARCoxULa66767kIgF_KYav6VdjXTI4yk_LW4yoVO9s6NXpysgb7Cb65vpxcxgqzOAKvIbLQxaAETcqHT\" \/>\n<meta property=\"article:published_time\" content=\"2021-07-26T07:04:32+00:00\" \/>\n<meta property=\"article:modified_time\" content=\"2021-07-26T07:04:34+00:00\" \/>\n<meta property=\"og:image\" content=\"https:\/\/congovirtuel.com\/information\/wp-content\/uploads\/2021\/07\/Ndjili.jpg\" \/>\n\t<meta property=\"og:image:width\" content=\"850\" \/>\n\t<meta property=\"og:image:height\" content=\"565\" \/>\n\t<meta property=\"og:image:type\" content=\"image\/jpeg\" \/>\n<meta name=\"author\" content=\"infocongovirtuel\" \/>\n<meta name=\"twitter:card\" content=\"summary_large_image\" \/>\n<meta name=\"twitter:creator\" content=\"@congovirtuel\" \/>\n<meta name=\"twitter:site\" content=\"@congovirtuel\" \/>\n<meta name=\"twitter:label1\" content=\"\u00c9crit par\" \/>\n\t<meta name=\"twitter:data1\" content=\"infocongovirtuel\" \/>\n\t<meta name=\"twitter:label2\" content=\"Dur\u00e9e de lecture estim\u00e9e\" \/>\n\t<meta name=\"twitter:data2\" content=\"2 minutes\" \/>\n<script type=\"application\/ld+json\" class=\"yoast-schema-graph\">{\"@context\":\"https:\\\/\\\/schema.org\",\"@graph\":[{\"@type\":\"Article\",\"@id\":\"https:\\\/\\\/congovirtuel.com\\\/information\\\/covid-19-brazzaville-interdit-les-vols-air-france-en-provenance-de-kinshasa\\\/#article\",\"isPartOf\":{\"@id\":\"https:\\\/\\\/congovirtuel.com\\\/information\\\/covid-19-brazzaville-interdit-les-vols-air-france-en-provenance-de-kinshasa\\\/\"},\"author\":{\"name\":\"infocongovirtuel\",\"@id\":\"https:\\\/\\\/congovirtuel.com\\\/information\\\/#\\\/schema\\\/person\\\/739a44bf7990966cb53d58d2fdeca0b6\"},\"headline\":\"Covid-19 : Brazzaville interdit les vols Air France en provenance de Kinshasa\",\"datePublished\":\"2021-07-26T07:04:32+00:00\",\"dateModified\":\"2021-07-26T07:04:34+00:00\",\"mainEntityOfPage\":{\"@id\":\"https:\\\/\\\/congovirtuel.com\\\/information\\\/covid-19-brazzaville-interdit-les-vols-air-france-en-provenance-de-kinshasa\\\/\"},\"wordCount\":411,\"commentCount\":0,\"publisher\":{\"@id\":\"https:\\\/\\\/congovirtuel.com\\\/information\\\/#organization\"},\"image\":{\"@id\":\"https:\\\/\\\/congovirtuel.com\\\/information\\\/covid-19-brazzaville-interdit-les-vols-air-france-en-provenance-de-kinshasa\\\/#primaryimage\"},\"thumbnailUrl\":\"https:\\\/\\\/congovirtuel.com\\\/information\\\/wp-content\\\/uploads\\\/2021\\\/07\\\/Ndjili.jpg\",\"keywords\":[\"Brazzaville interdit le vol Air France Kinshasa\"],\"articleSection\":[\"COVID-19\"],\"inLanguage\":\"fr-FR\",\"potentialAction\":[{\"@type\":\"CommentAction\",\"name\":\"Comment\",\"target\":[\"https:\\\/\\\/congovirtuel.com\\\/information\\\/covid-19-brazzaville-interdit-les-vols-air-france-en-provenance-de-kinshasa\\\/#respond\"]}]},{\"@type\":\"WebPage\",\"@id\":\"https:\\\/\\\/congovirtuel.com\\\/information\\\/covid-19-brazzaville-interdit-les-vols-air-france-en-provenance-de-kinshasa\\\/\",\"url\":\"https:\\\/\\\/congovirtuel.com\\\/information\\\/covid-19-brazzaville-interdit-les-vols-air-france-en-provenance-de-kinshasa\\\/\",\"name\":\"Covid-19 : Brazzaville interdit les vols Air France en provenance de Kinshasa - Actualit\u00e9s congolaises et internationales\",\"isPartOf\":{\"@id\":\"https:\\\/\\\/congovirtuel.com\\\/information\\\/#website\"},\"primaryImageOfPage\":{\"@id\":\"https:\\\/\\\/congovirtuel.com\\\/information\\\/covid-19-brazzaville-interdit-les-vols-air-france-en-provenance-de-kinshasa\\\/#primaryimage\"},\"image\":{\"@id\":\"https:\\\/\\\/congovirtuel.com\\\/information\\\/covid-19-brazzaville-interdit-les-vols-air-france-en-provenance-de-kinshasa\\\/#primaryimage\"},\"thumbnailUrl\":\"https:\\\/\\\/congovirtuel.com\\\/information\\\/wp-content\\\/uploads\\\/2021\\\/07\\\/Ndjili.jpg\",\"datePublished\":\"2021-07-26T07:04:32+00:00\",\"dateModified\":\"2021-07-26T07:04:34+00:00\",\"breadcrumb\":{\"@id\":\"https:\\\/\\\/congovirtuel.com\\\/information\\\/covid-19-brazzaville-interdit-les-vols-air-france-en-provenance-de-kinshasa\\\/#breadcrumb\"},\"inLanguage\":\"fr-FR\",\"potentialAction\":[{\"@type\":\"ReadAction\",\"target\":[\"https:\\\/\\\/congovirtuel.com\\\/information\\\/covid-19-brazzaville-interdit-les-vols-air-france-en-provenance-de-kinshasa\\\/\"]}]},{\"@type\":\"ImageObject\",\"inLanguage\":\"fr-FR\",\"@id\":\"https:\\\/\\\/congovirtuel.com\\\/information\\\/covid-19-brazzaville-interdit-les-vols-air-france-en-provenance-de-kinshasa\\\/#primaryimage\",\"url\":\"https:\\\/\\\/congovirtuel.com\\\/information\\\/wp-content\\\/uploads\\\/2021\\\/07\\\/Ndjili.jpg\",\"contentUrl\":\"https:\\\/\\\/congovirtuel.com\\\/information\\\/wp-content\\\/uploads\\\/2021\\\/07\\\/Ndjili.jpg\",\"width\":850,\"height\":565,\"caption\":\"Ndjili air france\"},{\"@type\":\"BreadcrumbList\",\"@id\":\"https:\\\/\\\/congovirtuel.com\\\/information\\\/covid-19-brazzaville-interdit-les-vols-air-france-en-provenance-de-kinshasa\\\/#breadcrumb\",\"itemListElement\":[{\"@type\":\"ListItem\",\"position\":1,\"name\":\"Accueil\",\"item\":\"https:\\\/\\\/congovirtuel.com\\\/information\\\/\"},{\"@type\":\"ListItem\",\"position\":2,\"name\":\"Covid-19 : Brazzaville interdit les vols Air France en provenance de Kinshasa\"}]},{\"@type\":\"WebSite\",\"@id\":\"https:\\\/\\\/congovirtuel.com\\\/information\\\/#website\",\"url\":\"https:\\\/\\\/congovirtuel.com\\\/information\\\/\",\"name\":\"Actualit\u00e9s congolaises et internationales\",\"description\":\"site d&#039;analyse et de traitement d&#039;information\",\"publisher\":{\"@id\":\"https:\\\/\\\/congovirtuel.com\\\/information\\\/#organization\"},\"potentialAction\":[{\"@type\":\"SearchAction\",\"target\":{\"@type\":\"EntryPoint\",\"urlTemplate\":\"https:\\\/\\\/congovirtuel.com\\\/information\\\/?s={search_term_string}\"},\"query-input\":{\"@type\":\"PropertyValueSpecification\",\"valueRequired\":true,\"valueName\":\"search_term_string\"}}],\"inLanguage\":\"fr-FR\"},{\"@type\":\"Organization\",\"@id\":\"https:\\\/\\\/congovirtuel.com\\\/information\\\/#organization\",\"name\":\"Biblioth\u00e8que Virtuelle de la RDC\",\"url\":\"https:\\\/\\\/congovirtuel.com\\\/information\\\/\",\"logo\":{\"@type\":\"ImageObject\",\"inLanguage\":\"fr-FR\",\"@id\":\"https:\\\/\\\/congovirtuel.com\\\/information\\\/#\\\/schema\\\/logo\\\/image\\\/\",\"url\":\"https:\\\/\\\/congovirtuel.com\\\/information\\\/wp-content\\\/uploads\\\/2018\\\/10\\\/header-info-congovirtuel-vraie.jpg\",\"contentUrl\":\"https:\\\/\\\/congovirtuel.com\\\/information\\\/wp-content\\\/uploads\\\/2018\\\/10\\\/header-info-congovirtuel-vraie.jpg\",\"width\":728,\"height\":90,\"caption\":\"Biblioth\u00e8que Virtuelle de la RDC\"},\"image\":{\"@id\":\"https:\\\/\\\/congovirtuel.com\\\/information\\\/#\\\/schema\\\/logo\\\/image\\\/\"},\"sameAs\":[\"https:\\\/\\\/web.facebook.com\\\/Congovirtuel-763617960319601\\\/?ref=aymt_homepage_panel&amp;amp;amp;amp;amp;amp;amp;amp;amp;amp;amp;eid=ARCoxULa66767kIgF_KYav6VdjXTI4yk_LW4yoVO9s6NXpysgb7Cb65vpxcxgqzOAKvIbLQxaAETcqHT\",\"https:\\\/\\\/x.com\\\/congovirtuel\",\"https:\\\/\\\/www.youtube.com\\\/channel\\\/UCkFfprYzGgS3EWNpeMXpToQ?view_as=subscriber\"]},{\"@type\":\"Person\",\"@id\":\"https:\\\/\\\/congovirtuel.com\\\/information\\\/#\\\/schema\\\/person\\\/739a44bf7990966cb53d58d2fdeca0b6\",\"name\":\"infocongovirtuel\",\"image\":{\"@type\":\"ImageObject\",\"inLanguage\":\"fr-FR\",\"@id\":\"https:\\\/\\\/secure.gravatar.com\\\/avatar\\\/4d76991aa72469f0eb22e772586c99113c6997f88da636a9db8f2ce3a2c05e69?s=96&d=mm&r=g\",\"url\":\"https:\\\/\\\/secure.gravatar.com\\\/avatar\\\/4d76991aa72469f0eb22e772586c99113c6997f88da636a9db8f2ce3a2c05e69?s=96&d=mm&r=g\",\"contentUrl\":\"https:\\\/\\\/secure.gravatar.com\\\/avatar\\\/4d76991aa72469f0eb22e772586c99113c6997f88da636a9db8f2ce3a2c05e69?s=96&d=mm&r=g\",\"caption\":\"infocongovirtuel\"},\"url\":\"https:\\\/\\\/congovirtuel.com\\\/information\\\/author\\\/infocongovirtuel\\\/\"}]}<\/script>\n<!-- \/ Yoast SEO plugin. -->","yoast_head_json":{"title":"Covid-19 : Brazzaville interdit les vols Air France en provenance de Kinshasa - Actualit\u00e9s congolaises et internationales","robots":{"index":"index","follow":"follow","max-snippet":"max-snippet:-1","max-image-preview":"max-image-preview:large","max-video-preview":"max-video-preview:-1"},"canonical":"https:\/\/congovirtuel.com\/information\/covid-19-brazzaville-interdit-les-vols-air-france-en-provenance-de-kinshasa\/","og_locale":"fr_FR","og_type":"article","og_title":"Covid-19 : Brazzaville interdit les vols Air France en provenance de Kinshasa - Actualit\u00e9s congolaises et internationales","og_description":"Le gouvernement de la R\u00e9publique du Congo vient de demander \u00e0 la Direction g\u00e9n\u00e9rale de la compagnie Air France d&rsquo;effectuer des vols directs au d\u00e9part ou \u00e0 l&rsquo;arriv\u00e9e de son pays et de ne plus faire des escales en RDC. Cette d\u00e9cision intervient apr\u00e8s que Paris a class\u00e9 Kinshasa comme \u00ab zone rouge \u00bb, \u00e0 cause de la circulation active du coronavirus. Le ministre des Transports, de l&rsquo;aviation et de la marine de la R\u00e9publique du Congo demande \u00e0 la Direction g\u00e9n\u00e9rale de la Compagnie Air France d&rsquo;effectuer des vols&hellip;","og_url":"https:\/\/congovirtuel.com\/information\/covid-19-brazzaville-interdit-les-vols-air-france-en-provenance-de-kinshasa\/","og_site_name":"Actualit\u00e9s congolaises et internationales","article_publisher":"https:\/\/web.facebook.com\/Congovirtuel-763617960319601\/?ref=aymt_homepage_panel&amp%3bamp%3bamp%3bamp%3bamp%3bamp%3bamp%3bamp%3bamp%3bamp%3bamp%3beid=ARCoxULa66767kIgF_KYav6VdjXTI4yk_LW4yoVO9s6NXpysgb7Cb65vpxcxgqzOAKvIbLQxaAETcqHT","article_published_time":"2021-07-26T07:04:32+00:00","article_modified_time":"2021-07-26T07:04:34+00:00","og_image":[{"width":850,"height":565,"url":"https:\/\/congovirtuel.com\/information\/wp-content\/uploads\/2021\/07\/Ndjili.jpg","type":"image\/jpeg"}],"author":"infocongovirtuel","twitter_card":"summary_large_image","twitter_creator":"@congovirtuel","twitter_site":"@congovirtuel","twitter_misc":{"\u00c9crit par":"infocongovirtuel","Dur\u00e9e de lecture estim\u00e9e":"2 minutes"},"schema":{"@context":"https:\/\/schema.org","@graph":[{"@type":"Article","@id":"https:\/\/congovirtuel.com\/information\/covid-19-brazzaville-interdit-les-vols-air-france-en-provenance-de-kinshasa\/#article","isPartOf":{"@id":"https:\/\/congovirtuel.com\/information\/covid-19-brazzaville-interdit-les-vols-air-france-en-provenance-de-kinshasa\/"},"author":{"name":"infocongovirtuel","@id":"https:\/\/congovirtuel.com\/information\/#\/schema\/person\/739a44bf7990966cb53d58d2fdeca0b6"},"headline":"Covid-19 : Brazzaville interdit les vols Air France en provenance de Kinshasa","datePublished":"2021-07-26T07:04:32+00:00","dateModified":"2021-07-26T07:04:34+00:00","mainEntityOfPage":{"@id":"https:\/\/congovirtuel.com\/information\/covid-19-brazzaville-interdit-les-vols-air-france-en-provenance-de-kinshasa\/"},"wordCount":411,"commentCount":0,"publisher":{"@id":"https:\/\/congovirtuel.com\/information\/#organization"},"image":{"@id":"https:\/\/congovirtuel.com\/information\/covid-19-brazzaville-interdit-les-vols-air-france-en-provenance-de-kinshasa\/#primaryimage"},"thumbnailUrl":"https:\/\/congovirtuel.com\/information\/wp-content\/uploads\/2021\/07\/Ndjili.jpg","keywords":["Brazzaville interdit le vol Air France Kinshasa"],"articleSection":["COVID-19"],"inLanguage":"fr-FR","potentialAction":[{"@type":"CommentAction","name":"Comment","target":["https:\/\/congovirtuel.com\/information\/covid-19-brazzaville-interdit-les-vols-air-france-en-provenance-de-kinshasa\/#respond"]}]},{"@type":"WebPage","@id":"https:\/\/congovirtuel.com\/information\/covid-19-brazzaville-interdit-les-vols-air-france-en-provenance-de-kinshasa\/","url":"https:\/\/congovirtuel.com\/information\/covid-19-brazzaville-interdit-les-vols-air-france-en-provenance-de-kinshasa\/","name":"Covid-19 : Brazzaville interdit les vols Air France en provenance de Kinshasa - Actualit\u00e9s congolaises et internationales","isPartOf":{"@id":"https:\/\/congovirtuel.com\/information\/#website"},"primaryImageOfPage":{"@id":"https:\/\/congovirtuel.com\/information\/covid-19-brazzaville-interdit-les-vols-air-france-en-provenance-de-kinshasa\/#primaryimage"},"image":{"@id":"https:\/\/congovirtuel.com\/information\/covid-19-brazzaville-interdit-les-vols-air-france-en-provenance-de-kinshasa\/#primaryimage"},"thumbnailUrl":"https:\/\/congovirtuel.com\/information\/wp-content\/uploads\/2021\/07\/Ndjili.jpg","datePublished":"2021-07-26T07:04:32+00:00","dateModified":"2021-07-26T07:04:34+00:00","breadcrumb":{"@id":"https:\/\/congovirtuel.com\/information\/covid-19-brazzaville-interdit-les-vols-air-france-en-provenance-de-kinshasa\/#breadcrumb"},"inLanguage":"fr-FR","potentialAction":[{"@type":"ReadAction","target":["https:\/\/congovirtuel.com\/information\/covid-19-brazzaville-interdit-les-vols-air-france-en-provenance-de-kinshasa\/"]}]},{"@type":"ImageObject","inLanguage":"fr-FR","@id":"https:\/\/congovirtuel.com\/information\/covid-19-brazzaville-interdit-les-vols-air-france-en-provenance-de-kinshasa\/#primaryimage","url":"https:\/\/congovirtuel.com\/information\/wp-content\/uploads\/2021\/07\/Ndjili.jpg","contentUrl":"https:\/\/congovirtuel.com\/information\/wp-content\/uploads\/2021\/07\/Ndjili.jpg","width":850,"height":565,"caption":"Ndjili air france"},{"@type":"BreadcrumbList","@id":"https:\/\/congovirtuel.com\/information\/covid-19-brazzaville-interdit-les-vols-air-france-en-provenance-de-kinshasa\/#breadcrumb","itemListElement":[{"@type":"ListItem","position":1,"name":"Accueil","item":"https:\/\/congovirtuel.com\/information\/"},{"@type":"ListItem","position":2,"name":"Covid-19 : Brazzaville interdit les vols Air France en provenance de Kinshasa"}]},{"@type":"WebSite","@id":"https:\/\/congovirtuel.com\/information\/#website","url":"https:\/\/congovirtuel.com\/information\/","name":"Actualit\u00e9s congolaises et internationales","description":"site d&#039;analyse et de traitement d&#039;information","publisher":{"@id":"https:\/\/congovirtuel.com\/information\/#organization"},"potentialAction":[{"@type":"SearchAction","target":{"@type":"EntryPoint","urlTemplate":"https:\/\/congovirtuel.com\/information\/?s={search_term_string}"},"query-input":{"@type":"PropertyValueSpecification","valueRequired":true,"valueName":"search_term_string"}}],"inLanguage":"fr-FR"},{"@type":"Organization","@id":"https:\/\/congovirtuel.com\/information\/#organization","name":"Biblioth\u00e8que Virtuelle de la RDC","url":"https:\/\/congovirtuel.com\/information\/","logo":{"@type":"ImageObject","inLanguage":"fr-FR","@id":"https:\/\/congovirtuel.com\/information\/#\/schema\/logo\/image\/","url":"https:\/\/congovirtuel.com\/information\/wp-content\/uploads\/2018\/10\/header-info-congovirtuel-vraie.jpg","contentUrl":"https:\/\/congovirtuel.com\/information\/wp-content\/uploads\/2018\/10\/header-info-congovirtuel-vraie.jpg","width":728,"height":90,"caption":"Biblioth\u00e8que Virtuelle de la RDC"},"image":{"@id":"https:\/\/congovirtuel.com\/information\/#\/schema\/logo\/image\/"},"sameAs":["https:\/\/web.facebook.com\/Congovirtuel-763617960319601\/?ref=aymt_homepage_panel&amp;amp;amp;amp;amp;amp;amp;amp;amp;amp;amp;eid=ARCoxULa66767kIgF_KYav6VdjXTI4yk_LW4yoVO9s6NXpysgb7Cb65vpxcxgqzOAKvIbLQxaAETcqHT","https:\/\/x.com\/congovirtuel","https:\/\/www.youtube.com\/channel\/UCkFfprYzGgS3EWNpeMXpToQ?view_as=subscriber"]},{"@type":"Person","@id":"https:\/\/congovirtuel.com\/information\/#\/schema\/person\/739a44bf7990966cb53d58d2fdeca0b6","name":"infocongovirtuel","image":{"@type":"ImageObject","inLanguage":"fr-FR","@id":"https:\/\/secure.gravatar.com\/avatar\/4d76991aa72469f0eb22e772586c99113c6997f88da636a9db8f2ce3a2c05e69?s=96&d=mm&r=g","url":"https:\/\/secure.gravatar.com\/avatar\/4d76991aa72469f0eb22e772586c99113c6997f88da636a9db8f2ce3a2c05e69?s=96&d=mm&r=g","contentUrl":"https:\/\/secure.gravatar.com\/avatar\/4d76991aa72469f0eb22e772586c99113c6997f88da636a9db8f2ce3a2c05e69?s=96&d=mm&r=g","caption":"infocongovirtuel"},"url":"https:\/\/congovirtuel.com\/information\/author\/infocongovirtuel\/"}]}},"gt_translate_keys":[{"key":"link","format":"url"}],"_links":{"self":[{"href":"https:\/\/congovirtuel.com\/information\/wp-json\/wp\/v2\/posts\/12152","targetHints":{"allow":["GET"]}}],"collection":[{"href":"https:\/\/congovirtuel.com\/information\/wp-json\/wp\/v2\/posts"}],"about":[{"href":"https:\/\/congovirtuel.com\/information\/wp-json\/wp\/v2\/types\/post"}],"author":[{"embeddable":true,"href":"https:\/\/congovirtuel.com\/information\/wp-json\/wp\/v2\/users\/1"}],"replies":[{"embeddable":true,"href":"https:\/\/congovirtuel.com\/information\/wp-json\/wp\/v2\/comments?post=12152"}],"version-history":[{"count":1,"href":"https:\/\/congovirtuel.com\/information\/wp-json\/wp\/v2\/posts\/12152\/revisions"}],"predecessor-version":[{"id":12155,"href":"https:\/\/congovirtuel.com\/information\/wp-json\/wp\/v2\/posts\/12152\/revisions\/12155"}],"wp:featuredmedia":[{"embeddable":true,"href":"https:\/\/congovirtuel.com\/information\/wp-json\/wp\/v2\/media\/12154"}],"wp:attachment":[{"href":"https:\/\/congovirtuel.com\/information\/wp-json\/wp\/v2\/media?parent=12152"}],"wp:term":[{"taxonomy":"category","embeddable":true,"href":"https:\/\/congovirtuel.com\/information\/wp-json\/wp\/v2\/categories?post=12152"},{"taxonomy":"post_tag","embeddable":true,"href":"https:\/\/congovirtuel.com\/information\/wp-json\/wp\/v2\/tags?post=12152"}],"curies":[{"name":"wp","href":"https:\/\/api.w.org\/{rel}","templated":true}]}}