{"id":12239,"date":"2021-07-29T09:48:44","date_gmt":"2021-07-29T08:48:44","guid":{"rendered":"https:\/\/congovirtuel.com\/information\/?p=12239"},"modified":"2021-07-29T09:49:03","modified_gmt":"2021-07-29T08:49:03","slug":"le-president-felix-tshisekedi-invite-a-berlin-par-la-chanceliere-angela-merkel","status":"publish","type":"post","link":"https:\/\/congovirtuel.com\/information\/le-president-felix-tshisekedi-invite-a-berlin-par-la-chanceliere-angela-merkel\/","title":{"rendered":"Le Pr\u00e9sident F\u00e9lix Tshisekedi invit\u00e9 \u00e0 Berlin par la Chanceli\u00e8re Angela Merkel","gt_translate_keys":[{"key":"rendered","format":"text"}]},"content":{"rendered":"\n<p class=\"wp-block-paragraph\">Le Pr\u00e9sident de la R\u00e9publique, F\u00e9lix Antoine Tshisekedi Tshilombo, a re\u00e7u du Charg\u00e9 des missions adjoint de l\u2019Ambassade de la R\u00e9publique F\u00e9d\u00e9rale d\u2019Allemagne en R\u00e9publique D\u00e9mocratique du Congo,&nbsp; Lars Gerrit Leyman, mercredi \u00e0 la Cit\u00e9 de l\u2019Union Africaine, l\u2019invitation lui adress\u00e9e par la Chanceli\u00e8re Angela Merkel pour prendre part, en sa qualit\u00e9 de Pr\u00e9sident de l\u2019Union Africaine,&nbsp; au&nbsp;&nbsp;<em>\u00abSommet des Etats du Compact for Africa\u00bb<\/em>&nbsp;qui se tiendra, \u00e0 Berlin, le 27 ao\u00fbt prochain.<\/p>\n\n\n\n<p class=\"wp-block-paragraph\">Selon la Cellule de Communication du Chef de l\u2019Etat qui a livr\u00e9 l\u2019information \u00e0 l\u2019ACP, il s\u2019agit du Sommet&nbsp; \u00e9conomique Allemagne-Afrique, qui est \u00e0 sa quatri\u00e8me \u00e9dition apr\u00e8s celles d\u2019Accra (2019), de Nairobi (2017) et de Berlin (2015), et qui vise \u00e0&nbsp; cr\u00e9er des plateformes cens\u00e9es r\u00e9unir les investisseurs priv\u00e9s allemands et africains autour des projets porteurs. Pour sa part, Lars Gerrit Leyman a fait savoir, au sortir de l\u2019audience, que ce Sommet est une initiative de l\u2019Allemagne, adopt\u00e9e&nbsp; en 2017, du temps o\u00f9 ce pays pr\u00e9sidait encore le groupe de G20. &nbsp;La rencontre&nbsp; Pr\u00e9sident Tshisekedi- Chanceli\u00e8re Angela Merkel&nbsp; est une occasion, pour le Pr\u00e9sident de l\u2019Union Africaine, de prendre langue avec des responsables africains et des investisseurs \u00e9trangers, afin de leur pr\u00e9senter les possibilit\u00e9s d\u2019investir en RDC, a-t-il indiqu\u00e9.<\/p>\n\n\n\n<p class=\"wp-block-paragraph\">Le contact avec les hautes personnalit\u00e9s allemandes et leurs op\u00e9rateurs \u00e9conomiques, \u00e0 travers le\u00a0\u00a0<em>\u00abSommet des \u00a0Etats du Compact for Africa\u00bb<\/em>\u00a0boostera sans nul doute, informe-t-on,\u00a0 la promesse du Chef de l\u2019\u00c9tat de faire de la R\u00e9publique D\u00e9mocratique du Congo, l\u2019Allemagne d\u2019Afrique. Dans le cadre de la Coop\u00e9ration au d\u00e9veloppement, l\u2019Allemagne soutient la gestion de la pand\u00e9mie de coronavirus en RDC, avec environ 6,5 millions d\u2019euros, tandis que ses projets de coop\u00e9ration avec le pays ont un volume total de plus de 400 millions d\u2019euros, rappelle-t-on.<\/p>\n\n\n\n<p class=\"wp-block-paragraph\"><strong>ACP<\/strong><\/p>\n","protected":false,"gt_translate_keys":[{"key":"rendered","format":"html"}]},"excerpt":{"rendered":"<p>Le Pr\u00e9sident de la R\u00e9publique, F\u00e9lix Antoine Tshisekedi Tshilombo, a re\u00e7u du Charg\u00e9 des missions adjoint de l\u2019Ambassade de la R\u00e9publique F\u00e9d\u00e9rale d\u2019Allemagne en R\u00e9publique D\u00e9mocratique du Congo,&nbsp; Lars Gerrit Leyman, mercredi \u00e0 la Cit\u00e9 de l\u2019Union Africaine, l\u2019invitation lui adress\u00e9e par la Chanceli\u00e8re Angela Merkel pour prendre part, en sa qualit\u00e9 de Pr\u00e9sident de l\u2019Union Africaine,&nbsp; au&nbsp;&nbsp;\u00abSommet des Etats du Compact for Africa\u00bb&nbsp;qui se tiendra, \u00e0 Berlin, le 27 ao\u00fbt prochain. Selon la Cellule de Communication du Chef de l\u2019Etat qui a livr\u00e9 l\u2019information \u00e0 l\u2019ACP, il s\u2019agit du&hellip;<\/p>\n","protected":false,"gt_translate_keys":[{"key":"rendered","format":"html"}]},"author":1,"featured_media":12241,"comment_status":"open","ping_status":"open","sticky":false,"template":"","format":"standard","meta":{"_crdt_document":"","footnotes":""},"categories":[14626],"tags":[14629,14628,14627],"class_list":["post-12239","post","type-post","status-publish","format-standard","has-post-thumbnail","hentry","category-allemagne-rdc","tag-angela","tag-merkel","tag-tshisekedi-invite-en-allemagne"],"gutentor_comment":0,"yoast_head":"<!-- This site is optimized with the Yoast SEO plugin v27.5 - https:\/\/yoast.com\/product\/yoast-seo-wordpress\/ -->\n<title>Le Pr\u00e9sident F\u00e9lix Tshisekedi invit\u00e9 \u00e0 Berlin par la Chanceli\u00e8re Angela Merkel - Actualit\u00e9s congolaises et internationales<\/title>\n<meta name=\"robots\" content=\"index, follow, max-snippet:-1, max-image-preview:large, max-video-preview:-1\" \/>\n<link rel=\"canonical\" href=\"https:\/\/congovirtuel.com\/information\/le-president-felix-tshisekedi-invite-a-berlin-par-la-chanceliere-angela-merkel\/\" \/>\n<meta property=\"og:locale\" content=\"fr_FR\" \/>\n<meta property=\"og:type\" content=\"article\" \/>\n<meta property=\"og:title\" content=\"Le Pr\u00e9sident F\u00e9lix Tshisekedi invit\u00e9 \u00e0 Berlin par la Chanceli\u00e8re Angela Merkel - Actualit\u00e9s congolaises et internationales\" \/>\n<meta property=\"og:description\" content=\"Le Pr\u00e9sident de la R\u00e9publique, F\u00e9lix Antoine Tshisekedi Tshilombo, a re\u00e7u du Charg\u00e9 des missions adjoint de l\u2019Ambassade de la R\u00e9publique F\u00e9d\u00e9rale d\u2019Allemagne en R\u00e9publique D\u00e9mocratique du Congo,&nbsp; Lars Gerrit Leyman, mercredi \u00e0 la Cit\u00e9 de l\u2019Union Africaine, l\u2019invitation lui adress\u00e9e par la Chanceli\u00e8re Angela Merkel pour prendre part, en sa qualit\u00e9 de Pr\u00e9sident de l\u2019Union Africaine,&nbsp; au&nbsp;&nbsp;\u00abSommet des Etats du Compact for Africa\u00bb&nbsp;qui se tiendra, \u00e0 Berlin, le 27 ao\u00fbt prochain. Selon la Cellule de Communication du Chef de l\u2019Etat qui a livr\u00e9 l\u2019information \u00e0 l\u2019ACP, il s\u2019agit du&hellip;\" \/>\n<meta property=\"og:url\" content=\"https:\/\/congovirtuel.com\/information\/le-president-felix-tshisekedi-invite-a-berlin-par-la-chanceliere-angela-merkel\/\" \/>\n<meta property=\"og:site_name\" content=\"Actualit\u00e9s congolaises et internationales\" \/>\n<meta property=\"article:publisher\" content=\"https:\/\/web.facebook.com\/Congovirtuel-763617960319601\/?ref=aymt_homepage_panel&amp;amp%3bamp%3bamp%3bamp%3bamp%3bamp%3bamp%3bamp%3bamp%3bamp%3bamp%3beid=ARCoxULa66767kIgF_KYav6VdjXTI4yk_LW4yoVO9s6NXpysgb7Cb65vpxcxgqzOAKvIbLQxaAETcqHT\" \/>\n<meta property=\"article:published_time\" content=\"2021-07-29T08:48:44+00:00\" \/>\n<meta property=\"article:modified_time\" content=\"2021-07-29T08:49:03+00:00\" \/>\n<meta property=\"og:image\" content=\"https:\/\/congovirtuel.com\/information\/wp-content\/uploads\/2021\/07\/Tshisekedi_allemagne.jpg\" \/>\n\t<meta property=\"og:image:width\" content=\"696\" \/>\n\t<meta property=\"og:image:height\" content=\"463\" \/>\n\t<meta property=\"og:image:type\" content=\"image\/jpeg\" \/>\n<meta name=\"author\" content=\"infocongovirtuel\" \/>\n<meta name=\"twitter:card\" content=\"summary_large_image\" \/>\n<meta name=\"twitter:creator\" content=\"@congovirtuel\" \/>\n<meta name=\"twitter:site\" content=\"@congovirtuel\" \/>\n<meta name=\"twitter:label1\" content=\"\u00c9crit par\" \/>\n\t<meta name=\"twitter:data1\" content=\"infocongovirtuel\" \/>\n\t<meta name=\"twitter:label2\" content=\"Dur\u00e9e de lecture estim\u00e9e\" \/>\n\t<meta name=\"twitter:data2\" content=\"2 minutes\" \/>\n<script type=\"application\/ld+json\" class=\"yoast-schema-graph\">{\"@context\":\"https:\\\/\\\/schema.org\",\"@graph\":[{\"@type\":\"Article\",\"@id\":\"https:\\\/\\\/congovirtuel.com\\\/information\\\/le-president-felix-tshisekedi-invite-a-berlin-par-la-chanceliere-angela-merkel\\\/#article\",\"isPartOf\":{\"@id\":\"https:\\\/\\\/congovirtuel.com\\\/information\\\/le-president-felix-tshisekedi-invite-a-berlin-par-la-chanceliere-angela-merkel\\\/\"},\"author\":{\"name\":\"infocongovirtuel\",\"@id\":\"https:\\\/\\\/congovirtuel.com\\\/information\\\/#\\\/schema\\\/person\\\/739a44bf7990966cb53d58d2fdeca0b6\"},\"headline\":\"Le Pr\u00e9sident F\u00e9lix Tshisekedi invit\u00e9 \u00e0 Berlin par la Chanceli\u00e8re Angela Merkel\",\"datePublished\":\"2021-07-29T08:48:44+00:00\",\"dateModified\":\"2021-07-29T08:49:03+00:00\",\"mainEntityOfPage\":{\"@id\":\"https:\\\/\\\/congovirtuel.com\\\/information\\\/le-president-felix-tshisekedi-invite-a-berlin-par-la-chanceliere-angela-merkel\\\/\"},\"wordCount\":357,\"commentCount\":0,\"publisher\":{\"@id\":\"https:\\\/\\\/congovirtuel.com\\\/information\\\/#organization\"},\"image\":{\"@id\":\"https:\\\/\\\/congovirtuel.com\\\/information\\\/le-president-felix-tshisekedi-invite-a-berlin-par-la-chanceliere-angela-merkel\\\/#primaryimage\"},\"thumbnailUrl\":\"https:\\\/\\\/congovirtuel.com\\\/information\\\/wp-content\\\/uploads\\\/2021\\\/07\\\/Tshisekedi_allemagne.jpg\",\"keywords\":[\"Angela\",\"Merkel\",\"Tshisekedi invit\u00e9 en Allemagne\"],\"articleSection\":[\"Allemagne RDC\"],\"inLanguage\":\"fr-FR\",\"potentialAction\":[{\"@type\":\"CommentAction\",\"name\":\"Comment\",\"target\":[\"https:\\\/\\\/congovirtuel.com\\\/information\\\/le-president-felix-tshisekedi-invite-a-berlin-par-la-chanceliere-angela-merkel\\\/#respond\"]}]},{\"@type\":\"WebPage\",\"@id\":\"https:\\\/\\\/congovirtuel.com\\\/information\\\/le-president-felix-tshisekedi-invite-a-berlin-par-la-chanceliere-angela-merkel\\\/\",\"url\":\"https:\\\/\\\/congovirtuel.com\\\/information\\\/le-president-felix-tshisekedi-invite-a-berlin-par-la-chanceliere-angela-merkel\\\/\",\"name\":\"Le Pr\u00e9sident F\u00e9lix Tshisekedi invit\u00e9 \u00e0 Berlin par la Chanceli\u00e8re Angela Merkel - Actualit\u00e9s congolaises et internationales\",\"isPartOf\":{\"@id\":\"https:\\\/\\\/congovirtuel.com\\\/information\\\/#website\"},\"primaryImageOfPage\":{\"@id\":\"https:\\\/\\\/congovirtuel.com\\\/information\\\/le-president-felix-tshisekedi-invite-a-berlin-par-la-chanceliere-angela-merkel\\\/#primaryimage\"},\"image\":{\"@id\":\"https:\\\/\\\/congovirtuel.com\\\/information\\\/le-president-felix-tshisekedi-invite-a-berlin-par-la-chanceliere-angela-merkel\\\/#primaryimage\"},\"thumbnailUrl\":\"https:\\\/\\\/congovirtuel.com\\\/information\\\/wp-content\\\/uploads\\\/2021\\\/07\\\/Tshisekedi_allemagne.jpg\",\"datePublished\":\"2021-07-29T08:48:44+00:00\",\"dateModified\":\"2021-07-29T08:49:03+00:00\",\"breadcrumb\":{\"@id\":\"https:\\\/\\\/congovirtuel.com\\\/information\\\/le-president-felix-tshisekedi-invite-a-berlin-par-la-chanceliere-angela-merkel\\\/#breadcrumb\"},\"inLanguage\":\"fr-FR\",\"potentialAction\":[{\"@type\":\"ReadAction\",\"target\":[\"https:\\\/\\\/congovirtuel.com\\\/information\\\/le-president-felix-tshisekedi-invite-a-berlin-par-la-chanceliere-angela-merkel\\\/\"]}]},{\"@type\":\"ImageObject\",\"inLanguage\":\"fr-FR\",\"@id\":\"https:\\\/\\\/congovirtuel.com\\\/information\\\/le-president-felix-tshisekedi-invite-a-berlin-par-la-chanceliere-angela-merkel\\\/#primaryimage\",\"url\":\"https:\\\/\\\/congovirtuel.com\\\/information\\\/wp-content\\\/uploads\\\/2021\\\/07\\\/Tshisekedi_allemagne.jpg\",\"contentUrl\":\"https:\\\/\\\/congovirtuel.com\\\/information\\\/wp-content\\\/uploads\\\/2021\\\/07\\\/Tshisekedi_allemagne.jpg\",\"width\":696,\"height\":463},{\"@type\":\"BreadcrumbList\",\"@id\":\"https:\\\/\\\/congovirtuel.com\\\/information\\\/le-president-felix-tshisekedi-invite-a-berlin-par-la-chanceliere-angela-merkel\\\/#breadcrumb\",\"itemListElement\":[{\"@type\":\"ListItem\",\"position\":1,\"name\":\"Accueil\",\"item\":\"https:\\\/\\\/congovirtuel.com\\\/information\\\/\"},{\"@type\":\"ListItem\",\"position\":2,\"name\":\"Le Pr\u00e9sident F\u00e9lix Tshisekedi invit\u00e9 \u00e0 Berlin par la Chanceli\u00e8re Angela Merkel\"}]},{\"@type\":\"WebSite\",\"@id\":\"https:\\\/\\\/congovirtuel.com\\\/information\\\/#website\",\"url\":\"https:\\\/\\\/congovirtuel.com\\\/information\\\/\",\"name\":\"Actualit\u00e9s congolaises et internationales\",\"description\":\"site d&#039;analyse et de traitement d&#039;information\",\"publisher\":{\"@id\":\"https:\\\/\\\/congovirtuel.com\\\/information\\\/#organization\"},\"potentialAction\":[{\"@type\":\"SearchAction\",\"target\":{\"@type\":\"EntryPoint\",\"urlTemplate\":\"https:\\\/\\\/congovirtuel.com\\\/information\\\/?s={search_term_string}\"},\"query-input\":{\"@type\":\"PropertyValueSpecification\",\"valueRequired\":true,\"valueName\":\"search_term_string\"}}],\"inLanguage\":\"fr-FR\"},{\"@type\":\"Organization\",\"@id\":\"https:\\\/\\\/congovirtuel.com\\\/information\\\/#organization\",\"name\":\"Biblioth\u00e8que Virtuelle de la RDC\",\"url\":\"https:\\\/\\\/congovirtuel.com\\\/information\\\/\",\"logo\":{\"@type\":\"ImageObject\",\"inLanguage\":\"fr-FR\",\"@id\":\"https:\\\/\\\/congovirtuel.com\\\/information\\\/#\\\/schema\\\/logo\\\/image\\\/\",\"url\":\"https:\\\/\\\/congovirtuel.com\\\/information\\\/wp-content\\\/uploads\\\/2018\\\/10\\\/header-info-congovirtuel-vraie.jpg\",\"contentUrl\":\"https:\\\/\\\/congovirtuel.com\\\/information\\\/wp-content\\\/uploads\\\/2018\\\/10\\\/header-info-congovirtuel-vraie.jpg\",\"width\":728,\"height\":90,\"caption\":\"Biblioth\u00e8que Virtuelle de la RDC\"},\"image\":{\"@id\":\"https:\\\/\\\/congovirtuel.com\\\/information\\\/#\\\/schema\\\/logo\\\/image\\\/\"},\"sameAs\":[\"https:\\\/\\\/web.facebook.com\\\/Congovirtuel-763617960319601\\\/?ref=aymt_homepage_panel&amp;amp;amp;amp;amp;amp;amp;amp;amp;amp;amp;eid=ARCoxULa66767kIgF_KYav6VdjXTI4yk_LW4yoVO9s6NXpysgb7Cb65vpxcxgqzOAKvIbLQxaAETcqHT\",\"https:\\\/\\\/x.com\\\/congovirtuel\",\"https:\\\/\\\/www.youtube.com\\\/channel\\\/UCkFfprYzGgS3EWNpeMXpToQ?view_as=subscriber\"]},{\"@type\":\"Person\",\"@id\":\"https:\\\/\\\/congovirtuel.com\\\/information\\\/#\\\/schema\\\/person\\\/739a44bf7990966cb53d58d2fdeca0b6\",\"name\":\"infocongovirtuel\",\"image\":{\"@type\":\"ImageObject\",\"inLanguage\":\"fr-FR\",\"@id\":\"https:\\\/\\\/secure.gravatar.com\\\/avatar\\\/4d76991aa72469f0eb22e772586c99113c6997f88da636a9db8f2ce3a2c05e69?s=96&d=mm&r=g\",\"url\":\"https:\\\/\\\/secure.gravatar.com\\\/avatar\\\/4d76991aa72469f0eb22e772586c99113c6997f88da636a9db8f2ce3a2c05e69?s=96&d=mm&r=g\",\"contentUrl\":\"https:\\\/\\\/secure.gravatar.com\\\/avatar\\\/4d76991aa72469f0eb22e772586c99113c6997f88da636a9db8f2ce3a2c05e69?s=96&d=mm&r=g\",\"caption\":\"infocongovirtuel\"},\"url\":\"https:\\\/\\\/congovirtuel.com\\\/information\\\/author\\\/infocongovirtuel\\\/\"}]}<\/script>\n<!-- \/ Yoast SEO plugin. -->","yoast_head_json":{"title":"Le Pr\u00e9sident F\u00e9lix Tshisekedi invit\u00e9 \u00e0 Berlin par la Chanceli\u00e8re Angela Merkel - Actualit\u00e9s congolaises et internationales","robots":{"index":"index","follow":"follow","max-snippet":"max-snippet:-1","max-image-preview":"max-image-preview:large","max-video-preview":"max-video-preview:-1"},"canonical":"https:\/\/congovirtuel.com\/information\/le-president-felix-tshisekedi-invite-a-berlin-par-la-chanceliere-angela-merkel\/","og_locale":"fr_FR","og_type":"article","og_title":"Le Pr\u00e9sident F\u00e9lix Tshisekedi invit\u00e9 \u00e0 Berlin par la Chanceli\u00e8re Angela Merkel - Actualit\u00e9s congolaises et internationales","og_description":"Le Pr\u00e9sident de la R\u00e9publique, F\u00e9lix Antoine Tshisekedi Tshilombo, a re\u00e7u du Charg\u00e9 des missions adjoint de l\u2019Ambassade de la R\u00e9publique F\u00e9d\u00e9rale d\u2019Allemagne en R\u00e9publique D\u00e9mocratique du Congo,&nbsp; Lars Gerrit Leyman, mercredi \u00e0 la Cit\u00e9 de l\u2019Union Africaine, l\u2019invitation lui adress\u00e9e par la Chanceli\u00e8re Angela Merkel pour prendre part, en sa qualit\u00e9 de Pr\u00e9sident de l\u2019Union Africaine,&nbsp; au&nbsp;&nbsp;\u00abSommet des Etats du Compact for Africa\u00bb&nbsp;qui se tiendra, \u00e0 Berlin, le 27 ao\u00fbt prochain. Selon la Cellule de Communication du Chef de l\u2019Etat qui a livr\u00e9 l\u2019information \u00e0 l\u2019ACP, il s\u2019agit du&hellip;","og_url":"https:\/\/congovirtuel.com\/information\/le-president-felix-tshisekedi-invite-a-berlin-par-la-chanceliere-angela-merkel\/","og_site_name":"Actualit\u00e9s congolaises et internationales","article_publisher":"https:\/\/web.facebook.com\/Congovirtuel-763617960319601\/?ref=aymt_homepage_panel&amp%3bamp%3bamp%3bamp%3bamp%3bamp%3bamp%3bamp%3bamp%3bamp%3bamp%3beid=ARCoxULa66767kIgF_KYav6VdjXTI4yk_LW4yoVO9s6NXpysgb7Cb65vpxcxgqzOAKvIbLQxaAETcqHT","article_published_time":"2021-07-29T08:48:44+00:00","article_modified_time":"2021-07-29T08:49:03+00:00","og_image":[{"width":696,"height":463,"url":"https:\/\/congovirtuel.com\/information\/wp-content\/uploads\/2021\/07\/Tshisekedi_allemagne.jpg","type":"image\/jpeg"}],"author":"infocongovirtuel","twitter_card":"summary_large_image","twitter_creator":"@congovirtuel","twitter_site":"@congovirtuel","twitter_misc":{"\u00c9crit par":"infocongovirtuel","Dur\u00e9e de lecture estim\u00e9e":"2 minutes"},"schema":{"@context":"https:\/\/schema.org","@graph":[{"@type":"Article","@id":"https:\/\/congovirtuel.com\/information\/le-president-felix-tshisekedi-invite-a-berlin-par-la-chanceliere-angela-merkel\/#article","isPartOf":{"@id":"https:\/\/congovirtuel.com\/information\/le-president-felix-tshisekedi-invite-a-berlin-par-la-chanceliere-angela-merkel\/"},"author":{"name":"infocongovirtuel","@id":"https:\/\/congovirtuel.com\/information\/#\/schema\/person\/739a44bf7990966cb53d58d2fdeca0b6"},"headline":"Le Pr\u00e9sident F\u00e9lix Tshisekedi invit\u00e9 \u00e0 Berlin par la Chanceli\u00e8re Angela Merkel","datePublished":"2021-07-29T08:48:44+00:00","dateModified":"2021-07-29T08:49:03+00:00","mainEntityOfPage":{"@id":"https:\/\/congovirtuel.com\/information\/le-president-felix-tshisekedi-invite-a-berlin-par-la-chanceliere-angela-merkel\/"},"wordCount":357,"commentCount":0,"publisher":{"@id":"https:\/\/congovirtuel.com\/information\/#organization"},"image":{"@id":"https:\/\/congovirtuel.com\/information\/le-president-felix-tshisekedi-invite-a-berlin-par-la-chanceliere-angela-merkel\/#primaryimage"},"thumbnailUrl":"https:\/\/congovirtuel.com\/information\/wp-content\/uploads\/2021\/07\/Tshisekedi_allemagne.jpg","keywords":["Angela","Merkel","Tshisekedi invit\u00e9 en Allemagne"],"articleSection":["Allemagne RDC"],"inLanguage":"fr-FR","potentialAction":[{"@type":"CommentAction","name":"Comment","target":["https:\/\/congovirtuel.com\/information\/le-president-felix-tshisekedi-invite-a-berlin-par-la-chanceliere-angela-merkel\/#respond"]}]},{"@type":"WebPage","@id":"https:\/\/congovirtuel.com\/information\/le-president-felix-tshisekedi-invite-a-berlin-par-la-chanceliere-angela-merkel\/","url":"https:\/\/congovirtuel.com\/information\/le-president-felix-tshisekedi-invite-a-berlin-par-la-chanceliere-angela-merkel\/","name":"Le Pr\u00e9sident F\u00e9lix Tshisekedi invit\u00e9 \u00e0 Berlin par la Chanceli\u00e8re Angela Merkel - Actualit\u00e9s congolaises et internationales","isPartOf":{"@id":"https:\/\/congovirtuel.com\/information\/#website"},"primaryImageOfPage":{"@id":"https:\/\/congovirtuel.com\/information\/le-president-felix-tshisekedi-invite-a-berlin-par-la-chanceliere-angela-merkel\/#primaryimage"},"image":{"@id":"https:\/\/congovirtuel.com\/information\/le-president-felix-tshisekedi-invite-a-berlin-par-la-chanceliere-angela-merkel\/#primaryimage"},"thumbnailUrl":"https:\/\/congovirtuel.com\/information\/wp-content\/uploads\/2021\/07\/Tshisekedi_allemagne.jpg","datePublished":"2021-07-29T08:48:44+00:00","dateModified":"2021-07-29T08:49:03+00:00","breadcrumb":{"@id":"https:\/\/congovirtuel.com\/information\/le-president-felix-tshisekedi-invite-a-berlin-par-la-chanceliere-angela-merkel\/#breadcrumb"},"inLanguage":"fr-FR","potentialAction":[{"@type":"ReadAction","target":["https:\/\/congovirtuel.com\/information\/le-president-felix-tshisekedi-invite-a-berlin-par-la-chanceliere-angela-merkel\/"]}]},{"@type":"ImageObject","inLanguage":"fr-FR","@id":"https:\/\/congovirtuel.com\/information\/le-president-felix-tshisekedi-invite-a-berlin-par-la-chanceliere-angela-merkel\/#primaryimage","url":"https:\/\/congovirtuel.com\/information\/wp-content\/uploads\/2021\/07\/Tshisekedi_allemagne.jpg","contentUrl":"https:\/\/congovirtuel.com\/information\/wp-content\/uploads\/2021\/07\/Tshisekedi_allemagne.jpg","width":696,"height":463},{"@type":"BreadcrumbList","@id":"https:\/\/congovirtuel.com\/information\/le-president-felix-tshisekedi-invite-a-berlin-par-la-chanceliere-angela-merkel\/#breadcrumb","itemListElement":[{"@type":"ListItem","position":1,"name":"Accueil","item":"https:\/\/congovirtuel.com\/information\/"},{"@type":"ListItem","position":2,"name":"Le Pr\u00e9sident F\u00e9lix Tshisekedi invit\u00e9 \u00e0 Berlin par la Chanceli\u00e8re Angela Merkel"}]},{"@type":"WebSite","@id":"https:\/\/congovirtuel.com\/information\/#website","url":"https:\/\/congovirtuel.com\/information\/","name":"Actualit\u00e9s congolaises et internationales","description":"site d&#039;analyse et de traitement d&#039;information","publisher":{"@id":"https:\/\/congovirtuel.com\/information\/#organization"},"potentialAction":[{"@type":"SearchAction","target":{"@type":"EntryPoint","urlTemplate":"https:\/\/congovirtuel.com\/information\/?s={search_term_string}"},"query-input":{"@type":"PropertyValueSpecification","valueRequired":true,"valueName":"search_term_string"}}],"inLanguage":"fr-FR"},{"@type":"Organization","@id":"https:\/\/congovirtuel.com\/information\/#organization","name":"Biblioth\u00e8que Virtuelle de la RDC","url":"https:\/\/congovirtuel.com\/information\/","logo":{"@type":"ImageObject","inLanguage":"fr-FR","@id":"https:\/\/congovirtuel.com\/information\/#\/schema\/logo\/image\/","url":"https:\/\/congovirtuel.com\/information\/wp-content\/uploads\/2018\/10\/header-info-congovirtuel-vraie.jpg","contentUrl":"https:\/\/congovirtuel.com\/information\/wp-content\/uploads\/2018\/10\/header-info-congovirtuel-vraie.jpg","width":728,"height":90,"caption":"Biblioth\u00e8que Virtuelle de la RDC"},"image":{"@id":"https:\/\/congovirtuel.com\/information\/#\/schema\/logo\/image\/"},"sameAs":["https:\/\/web.facebook.com\/Congovirtuel-763617960319601\/?ref=aymt_homepage_panel&amp;amp;amp;amp;amp;amp;amp;amp;amp;amp;amp;eid=ARCoxULa66767kIgF_KYav6VdjXTI4yk_LW4yoVO9s6NXpysgb7Cb65vpxcxgqzOAKvIbLQxaAETcqHT","https:\/\/x.com\/congovirtuel","https:\/\/www.youtube.com\/channel\/UCkFfprYzGgS3EWNpeMXpToQ?view_as=subscriber"]},{"@type":"Person","@id":"https:\/\/congovirtuel.com\/information\/#\/schema\/person\/739a44bf7990966cb53d58d2fdeca0b6","name":"infocongovirtuel","image":{"@type":"ImageObject","inLanguage":"fr-FR","@id":"https:\/\/secure.gravatar.com\/avatar\/4d76991aa72469f0eb22e772586c99113c6997f88da636a9db8f2ce3a2c05e69?s=96&d=mm&r=g","url":"https:\/\/secure.gravatar.com\/avatar\/4d76991aa72469f0eb22e772586c99113c6997f88da636a9db8f2ce3a2c05e69?s=96&d=mm&r=g","contentUrl":"https:\/\/secure.gravatar.com\/avatar\/4d76991aa72469f0eb22e772586c99113c6997f88da636a9db8f2ce3a2c05e69?s=96&d=mm&r=g","caption":"infocongovirtuel"},"url":"https:\/\/congovirtuel.com\/information\/author\/infocongovirtuel\/"}]}},"gt_translate_keys":[{"key":"link","format":"url"}],"_links":{"self":[{"href":"https:\/\/congovirtuel.com\/information\/wp-json\/wp\/v2\/posts\/12239","targetHints":{"allow":["GET"]}}],"collection":[{"href":"https:\/\/congovirtuel.com\/information\/wp-json\/wp\/v2\/posts"}],"about":[{"href":"https:\/\/congovirtuel.com\/information\/wp-json\/wp\/v2\/types\/post"}],"author":[{"embeddable":true,"href":"https:\/\/congovirtuel.com\/information\/wp-json\/wp\/v2\/users\/1"}],"replies":[{"embeddable":true,"href":"https:\/\/congovirtuel.com\/information\/wp-json\/wp\/v2\/comments?post=12239"}],"version-history":[{"count":1,"href":"https:\/\/congovirtuel.com\/information\/wp-json\/wp\/v2\/posts\/12239\/revisions"}],"predecessor-version":[{"id":12242,"href":"https:\/\/congovirtuel.com\/information\/wp-json\/wp\/v2\/posts\/12239\/revisions\/12242"}],"wp:featuredmedia":[{"embeddable":true,"href":"https:\/\/congovirtuel.com\/information\/wp-json\/wp\/v2\/media\/12241"}],"wp:attachment":[{"href":"https:\/\/congovirtuel.com\/information\/wp-json\/wp\/v2\/media?parent=12239"}],"wp:term":[{"taxonomy":"category","embeddable":true,"href":"https:\/\/congovirtuel.com\/information\/wp-json\/wp\/v2\/categories?post=12239"},{"taxonomy":"post_tag","embeddable":true,"href":"https:\/\/congovirtuel.com\/information\/wp-json\/wp\/v2\/tags?post=12239"}],"curies":[{"name":"wp","href":"https:\/\/api.w.org\/{rel}","templated":true}]}}