{"id":12331,"date":"2021-08-01T18:43:38","date_gmt":"2021-08-01T17:43:38","guid":{"rendered":"https:\/\/congovirtuel.com\/information\/?p=12331"},"modified":"2021-08-01T18:43:39","modified_gmt":"2021-08-01T17:43:39","slug":"les-medecins-du-secteur-public-de-la-rdc-suspendent-leur-mouvement-de-greve","status":"publish","type":"post","link":"https:\/\/congovirtuel.com\/information\/les-medecins-du-secteur-public-de-la-rdc-suspendent-leur-mouvement-de-greve\/","title":{"rendered":"Les m\u00e9decins du secteur public de la RDC suspendent leur mouvement de gr\u00e8ve","gt_translate_keys":[{"key":"rendered","format":"text"}]},"content":{"rendered":"\n<p class=\"wp-block-paragraph\">Les deux principaux syndicats des m\u00e9decins de la RDC, le Synamed (Syndicat national des m\u00e9decins) et le Sym\u00e9co (Syndicat\u00a0 des m\u00e9decins du Congo), ont annonc\u00e9 samedi la suspension du mouvement de gr\u00e8ve qu\u2019ils ont d\u00e9clench\u00e9 depuis le 12 juillet 2021 dans les h\u00f4pitaux et structures sanitaires de l\u2019Etat sur toute l\u2019\u00e9tendue du pays.<\/p>\n\n\n\n<p class=\"wp-block-paragraph\">Cette d\u00e9cision a \u00e9t\u00e9 prise au cours de leurs assembl\u00e9es g\u00e9n\u00e9rales et conseils provinciaux tenus du mercredi 28 au vendredi 30 Juillet 2021 afin d\u2019examiner toutes les propositions du gouvernement dans le cadre des n\u00e9gociations ouvertes autour des revendications reprises dans leur cahier des charges. Les m\u00e9decins font savoir dans leur communiqu\u00e9 que ces revendications ont \u00e9t\u00e9 rencontr\u00e9es. Ainsi, ils appellent le banc&nbsp;syndical des m\u00e9decins \u00e0 endosser toutes les propositions qui leur ont \u00e9t\u00e9 faites dans un accord formel que vont signer les deux parties.<\/p>\n\n\n\n<p class=\"wp-block-paragraph\">\u00ab&nbsp;<em>Les m\u00e9decins des services publics de l\u2019Etat membres du SYNAMED asbl et du SYMECO ont pris acte de toutes ces propositions faites par le gouvernement de la R\u00e9publique tant sur le plan administratif que sur le plan p\u00e9cuniaire&nbsp; et&nbsp; demandent au banc syndical des m\u00e9decins de les endosser dans un accord formel avec le gouvernement de la R\u00e9publique. Tenant compte de la volont\u00e9 du gouvernement de la R\u00e9publique de continuer \u00e0 rencontrer toutes les revendications reprises dans leur cahier des charges et soucieux de soulager la souffrance de notre population. Les m\u00e9decins des services publics de l\u2019Etat membres du SYNAMED ASBL et du SYMECO ont d\u00e9cid\u00e9 de suspendre la gr\u00e8ve d\u00e8s la signature formelle de l\u2019accord entre le banc gouvernemental et le banc syndical des m\u00e9decins&nbsp;<\/em>\u00bb, pr\u00e9cise le communiqu\u00e9 des m\u00e9decins.<\/p>\n\n\n\n<p class=\"wp-block-paragraph\">Sur le plan administratif, il s\u2019agit notamment de la promotion aux grades, de l\u2019admission sous statut et de la m\u00e9canisation ainsi que de la continuit\u00e9 de l\u2019alignement \u00e0 la prime de risque professionnel des m\u00e9decins non prim\u00e9s.<\/p>\n\n\n\n<p class=\"wp-block-paragraph\">S\u2019agissant du volet p\u00e9cuniaire, les m\u00e9decins ont not\u00e9 que, pour la prime de risque professionnel, le gouvernement de la R\u00e9publique a accept\u00e9 de corriger en deux paliers l\u2019injustice dont ils sont victimes depuis 2018 par rapport au taux de r\u00e9f\u00e9rence consacr\u00e9. Quant aux indemnit\u00e9s de transport et de logement, ils ont not\u00e9 que le gouvernement a accept\u00e9 de les int\u00e9grer dans le budget 2022 et enfin, disent les m\u00e9decins, l\u2019IPR (imp\u00f4t professionnel sur les revenus) &nbsp;\u00e9tant institu\u00e9 par une loi, la r\u00e9vision de son taux ou sa suppression ne peut \u00eatre discut\u00e9e qu\u2019au Parlement, autorit\u00e9 budg\u00e9taire.<\/p>\n\n\n\n<p class=\"wp-block-paragraph\"><strong>ACP\/CL\/NKV<\/strong><\/p>\n","protected":false,"gt_translate_keys":[{"key":"rendered","format":"html"}]},"excerpt":{"rendered":"<p>Les deux principaux syndicats des m\u00e9decins de la RDC, le Synamed (Syndicat national des m\u00e9decins) et le Sym\u00e9co (Syndicat\u00a0 des m\u00e9decins du Congo), ont annonc\u00e9 samedi la suspension du mouvement de gr\u00e8ve qu\u2019ils ont d\u00e9clench\u00e9 depuis le 12 juillet 2021 dans les h\u00f4pitaux et structures sanitaires de l\u2019Etat sur toute l\u2019\u00e9tendue du pays. Cette d\u00e9cision a \u00e9t\u00e9 prise au cours de leurs assembl\u00e9es g\u00e9n\u00e9rales et conseils provinciaux tenus du mercredi 28 au vendredi 30 Juillet 2021 afin d\u2019examiner toutes les propositions du gouvernement dans le cadre des n\u00e9gociations ouvertes autour&hellip;<\/p>\n","protected":false,"gt_translate_keys":[{"key":"rendered","format":"html"}]},"author":1,"featured_media":12333,"comment_status":"open","ping_status":"open","sticky":false,"template":"","format":"standard","meta":{"_crdt_document":"","footnotes":""},"categories":[3],"tags":[15019],"class_list":["post-12331","post","type-post","status-publish","format-standard","has-post-thumbnail","hentry","category-sante","tag-greve-medecin-rdc"],"gutentor_comment":0,"yoast_head":"<!-- This site is optimized with the Yoast SEO plugin v27.5 - https:\/\/yoast.com\/product\/yoast-seo-wordpress\/ -->\n<title>Les m\u00e9decins du secteur public de la RDC suspendent leur mouvement de gr\u00e8ve - Actualit\u00e9s congolaises et internationales<\/title>\n<meta name=\"robots\" content=\"index, follow, max-snippet:-1, max-image-preview:large, max-video-preview:-1\" \/>\n<link rel=\"canonical\" href=\"https:\/\/congovirtuel.com\/information\/les-medecins-du-secteur-public-de-la-rdc-suspendent-leur-mouvement-de-greve\/\" \/>\n<meta property=\"og:locale\" content=\"fr_FR\" \/>\n<meta property=\"og:type\" content=\"article\" \/>\n<meta property=\"og:title\" content=\"Les m\u00e9decins du secteur public de la RDC suspendent leur mouvement de gr\u00e8ve - Actualit\u00e9s congolaises et internationales\" \/>\n<meta property=\"og:description\" content=\"Les deux principaux syndicats des m\u00e9decins de la RDC, le Synamed (Syndicat national des m\u00e9decins) et le Sym\u00e9co (Syndicat\u00a0 des m\u00e9decins du Congo), ont annonc\u00e9 samedi la suspension du mouvement de gr\u00e8ve qu\u2019ils ont d\u00e9clench\u00e9 depuis le 12 juillet 2021 dans les h\u00f4pitaux et structures sanitaires de l\u2019Etat sur toute l\u2019\u00e9tendue du pays. Cette d\u00e9cision a \u00e9t\u00e9 prise au cours de leurs assembl\u00e9es g\u00e9n\u00e9rales et conseils provinciaux tenus du mercredi 28 au vendredi 30 Juillet 2021 afin d\u2019examiner toutes les propositions du gouvernement dans le cadre des n\u00e9gociations ouvertes autour&hellip;\" \/>\n<meta property=\"og:url\" content=\"https:\/\/congovirtuel.com\/information\/les-medecins-du-secteur-public-de-la-rdc-suspendent-leur-mouvement-de-greve\/\" \/>\n<meta property=\"og:site_name\" content=\"Actualit\u00e9s congolaises et internationales\" \/>\n<meta property=\"article:publisher\" content=\"https:\/\/web.facebook.com\/Congovirtuel-763617960319601\/?ref=aymt_homepage_panel&amp;amp%3bamp%3bamp%3bamp%3bamp%3bamp%3bamp%3bamp%3bamp%3bamp%3bamp%3beid=ARCoxULa66767kIgF_KYav6VdjXTI4yk_LW4yoVO9s6NXpysgb7Cb65vpxcxgqzOAKvIbLQxaAETcqHT\" \/>\n<meta property=\"article:published_time\" content=\"2021-08-01T17:43:38+00:00\" \/>\n<meta property=\"article:modified_time\" content=\"2021-08-01T17:43:39+00:00\" \/>\n<meta property=\"og:image\" content=\"https:\/\/congovirtuel.com\/information\/wp-content\/uploads\/2021\/08\/medecin2-696x392-1.jpg\" \/>\n\t<meta property=\"og:image:width\" content=\"696\" \/>\n\t<meta property=\"og:image:height\" content=\"392\" \/>\n\t<meta property=\"og:image:type\" content=\"image\/jpeg\" \/>\n<meta name=\"author\" content=\"infocongovirtuel\" \/>\n<meta name=\"twitter:card\" content=\"summary_large_image\" \/>\n<meta name=\"twitter:creator\" content=\"@congovirtuel\" \/>\n<meta name=\"twitter:site\" content=\"@congovirtuel\" \/>\n<meta name=\"twitter:label1\" content=\"\u00c9crit par\" \/>\n\t<meta name=\"twitter:data1\" content=\"infocongovirtuel\" \/>\n\t<meta name=\"twitter:label2\" content=\"Dur\u00e9e de lecture estim\u00e9e\" \/>\n\t<meta name=\"twitter:data2\" content=\"2 minutes\" \/>\n<script type=\"application\/ld+json\" class=\"yoast-schema-graph\">{\"@context\":\"https:\\\/\\\/schema.org\",\"@graph\":[{\"@type\":\"Article\",\"@id\":\"https:\\\/\\\/congovirtuel.com\\\/information\\\/les-medecins-du-secteur-public-de-la-rdc-suspendent-leur-mouvement-de-greve\\\/#article\",\"isPartOf\":{\"@id\":\"https:\\\/\\\/congovirtuel.com\\\/information\\\/les-medecins-du-secteur-public-de-la-rdc-suspendent-leur-mouvement-de-greve\\\/\"},\"author\":{\"name\":\"infocongovirtuel\",\"@id\":\"https:\\\/\\\/congovirtuel.com\\\/information\\\/#\\\/schema\\\/person\\\/739a44bf7990966cb53d58d2fdeca0b6\"},\"headline\":\"Les m\u00e9decins du secteur public de la RDC suspendent leur mouvement de gr\u00e8ve\",\"datePublished\":\"2021-08-01T17:43:38+00:00\",\"dateModified\":\"2021-08-01T17:43:39+00:00\",\"mainEntityOfPage\":{\"@id\":\"https:\\\/\\\/congovirtuel.com\\\/information\\\/les-medecins-du-secteur-public-de-la-rdc-suspendent-leur-mouvement-de-greve\\\/\"},\"wordCount\":474,\"commentCount\":0,\"publisher\":{\"@id\":\"https:\\\/\\\/congovirtuel.com\\\/information\\\/#organization\"},\"image\":{\"@id\":\"https:\\\/\\\/congovirtuel.com\\\/information\\\/les-medecins-du-secteur-public-de-la-rdc-suspendent-leur-mouvement-de-greve\\\/#primaryimage\"},\"thumbnailUrl\":\"https:\\\/\\\/congovirtuel.com\\\/information\\\/wp-content\\\/uploads\\\/2021\\\/08\\\/medecin2-696x392-1.jpg\",\"keywords\":[\"Gr\u00e8ve m\u00e9decin RDC\"],\"articleSection\":[\"Sant\u00e9\"],\"inLanguage\":\"fr-FR\",\"potentialAction\":[{\"@type\":\"CommentAction\",\"name\":\"Comment\",\"target\":[\"https:\\\/\\\/congovirtuel.com\\\/information\\\/les-medecins-du-secteur-public-de-la-rdc-suspendent-leur-mouvement-de-greve\\\/#respond\"]}]},{\"@type\":\"WebPage\",\"@id\":\"https:\\\/\\\/congovirtuel.com\\\/information\\\/les-medecins-du-secteur-public-de-la-rdc-suspendent-leur-mouvement-de-greve\\\/\",\"url\":\"https:\\\/\\\/congovirtuel.com\\\/information\\\/les-medecins-du-secteur-public-de-la-rdc-suspendent-leur-mouvement-de-greve\\\/\",\"name\":\"Les m\u00e9decins du secteur public de la RDC suspendent leur mouvement de gr\u00e8ve - Actualit\u00e9s congolaises et internationales\",\"isPartOf\":{\"@id\":\"https:\\\/\\\/congovirtuel.com\\\/information\\\/#website\"},\"primaryImageOfPage\":{\"@id\":\"https:\\\/\\\/congovirtuel.com\\\/information\\\/les-medecins-du-secteur-public-de-la-rdc-suspendent-leur-mouvement-de-greve\\\/#primaryimage\"},\"image\":{\"@id\":\"https:\\\/\\\/congovirtuel.com\\\/information\\\/les-medecins-du-secteur-public-de-la-rdc-suspendent-leur-mouvement-de-greve\\\/#primaryimage\"},\"thumbnailUrl\":\"https:\\\/\\\/congovirtuel.com\\\/information\\\/wp-content\\\/uploads\\\/2021\\\/08\\\/medecin2-696x392-1.jpg\",\"datePublished\":\"2021-08-01T17:43:38+00:00\",\"dateModified\":\"2021-08-01T17:43:39+00:00\",\"breadcrumb\":{\"@id\":\"https:\\\/\\\/congovirtuel.com\\\/information\\\/les-medecins-du-secteur-public-de-la-rdc-suspendent-leur-mouvement-de-greve\\\/#breadcrumb\"},\"inLanguage\":\"fr-FR\",\"potentialAction\":[{\"@type\":\"ReadAction\",\"target\":[\"https:\\\/\\\/congovirtuel.com\\\/information\\\/les-medecins-du-secteur-public-de-la-rdc-suspendent-leur-mouvement-de-greve\\\/\"]}]},{\"@type\":\"ImageObject\",\"inLanguage\":\"fr-FR\",\"@id\":\"https:\\\/\\\/congovirtuel.com\\\/information\\\/les-medecins-du-secteur-public-de-la-rdc-suspendent-leur-mouvement-de-greve\\\/#primaryimage\",\"url\":\"https:\\\/\\\/congovirtuel.com\\\/information\\\/wp-content\\\/uploads\\\/2021\\\/08\\\/medecin2-696x392-1.jpg\",\"contentUrl\":\"https:\\\/\\\/congovirtuel.com\\\/information\\\/wp-content\\\/uploads\\\/2021\\\/08\\\/medecin2-696x392-1.jpg\",\"width\":696,\"height\":392},{\"@type\":\"BreadcrumbList\",\"@id\":\"https:\\\/\\\/congovirtuel.com\\\/information\\\/les-medecins-du-secteur-public-de-la-rdc-suspendent-leur-mouvement-de-greve\\\/#breadcrumb\",\"itemListElement\":[{\"@type\":\"ListItem\",\"position\":1,\"name\":\"Accueil\",\"item\":\"https:\\\/\\\/congovirtuel.com\\\/information\\\/\"},{\"@type\":\"ListItem\",\"position\":2,\"name\":\"Les m\u00e9decins du secteur public de la RDC suspendent leur mouvement de gr\u00e8ve\"}]},{\"@type\":\"WebSite\",\"@id\":\"https:\\\/\\\/congovirtuel.com\\\/information\\\/#website\",\"url\":\"https:\\\/\\\/congovirtuel.com\\\/information\\\/\",\"name\":\"Actualit\u00e9s congolaises et internationales\",\"description\":\"site d&#039;analyse et de traitement d&#039;information\",\"publisher\":{\"@id\":\"https:\\\/\\\/congovirtuel.com\\\/information\\\/#organization\"},\"potentialAction\":[{\"@type\":\"SearchAction\",\"target\":{\"@type\":\"EntryPoint\",\"urlTemplate\":\"https:\\\/\\\/congovirtuel.com\\\/information\\\/?s={search_term_string}\"},\"query-input\":{\"@type\":\"PropertyValueSpecification\",\"valueRequired\":true,\"valueName\":\"search_term_string\"}}],\"inLanguage\":\"fr-FR\"},{\"@type\":\"Organization\",\"@id\":\"https:\\\/\\\/congovirtuel.com\\\/information\\\/#organization\",\"name\":\"Biblioth\u00e8que Virtuelle de la RDC\",\"url\":\"https:\\\/\\\/congovirtuel.com\\\/information\\\/\",\"logo\":{\"@type\":\"ImageObject\",\"inLanguage\":\"fr-FR\",\"@id\":\"https:\\\/\\\/congovirtuel.com\\\/information\\\/#\\\/schema\\\/logo\\\/image\\\/\",\"url\":\"https:\\\/\\\/congovirtuel.com\\\/information\\\/wp-content\\\/uploads\\\/2018\\\/10\\\/header-info-congovirtuel-vraie.jpg\",\"contentUrl\":\"https:\\\/\\\/congovirtuel.com\\\/information\\\/wp-content\\\/uploads\\\/2018\\\/10\\\/header-info-congovirtuel-vraie.jpg\",\"width\":728,\"height\":90,\"caption\":\"Biblioth\u00e8que Virtuelle de la RDC\"},\"image\":{\"@id\":\"https:\\\/\\\/congovirtuel.com\\\/information\\\/#\\\/schema\\\/logo\\\/image\\\/\"},\"sameAs\":[\"https:\\\/\\\/web.facebook.com\\\/Congovirtuel-763617960319601\\\/?ref=aymt_homepage_panel&amp;amp;amp;amp;amp;amp;amp;amp;amp;amp;amp;eid=ARCoxULa66767kIgF_KYav6VdjXTI4yk_LW4yoVO9s6NXpysgb7Cb65vpxcxgqzOAKvIbLQxaAETcqHT\",\"https:\\\/\\\/x.com\\\/congovirtuel\",\"https:\\\/\\\/www.youtube.com\\\/channel\\\/UCkFfprYzGgS3EWNpeMXpToQ?view_as=subscriber\"]},{\"@type\":\"Person\",\"@id\":\"https:\\\/\\\/congovirtuel.com\\\/information\\\/#\\\/schema\\\/person\\\/739a44bf7990966cb53d58d2fdeca0b6\",\"name\":\"infocongovirtuel\",\"image\":{\"@type\":\"ImageObject\",\"inLanguage\":\"fr-FR\",\"@id\":\"https:\\\/\\\/secure.gravatar.com\\\/avatar\\\/4d76991aa72469f0eb22e772586c99113c6997f88da636a9db8f2ce3a2c05e69?s=96&d=mm&r=g\",\"url\":\"https:\\\/\\\/secure.gravatar.com\\\/avatar\\\/4d76991aa72469f0eb22e772586c99113c6997f88da636a9db8f2ce3a2c05e69?s=96&d=mm&r=g\",\"contentUrl\":\"https:\\\/\\\/secure.gravatar.com\\\/avatar\\\/4d76991aa72469f0eb22e772586c99113c6997f88da636a9db8f2ce3a2c05e69?s=96&d=mm&r=g\",\"caption\":\"infocongovirtuel\"},\"url\":\"https:\\\/\\\/congovirtuel.com\\\/information\\\/author\\\/infocongovirtuel\\\/\"}]}<\/script>\n<!-- \/ Yoast SEO plugin. -->","yoast_head_json":{"title":"Les m\u00e9decins du secteur public de la RDC suspendent leur mouvement de gr\u00e8ve - Actualit\u00e9s congolaises et internationales","robots":{"index":"index","follow":"follow","max-snippet":"max-snippet:-1","max-image-preview":"max-image-preview:large","max-video-preview":"max-video-preview:-1"},"canonical":"https:\/\/congovirtuel.com\/information\/les-medecins-du-secteur-public-de-la-rdc-suspendent-leur-mouvement-de-greve\/","og_locale":"fr_FR","og_type":"article","og_title":"Les m\u00e9decins du secteur public de la RDC suspendent leur mouvement de gr\u00e8ve - Actualit\u00e9s congolaises et internationales","og_description":"Les deux principaux syndicats des m\u00e9decins de la RDC, le Synamed (Syndicat national des m\u00e9decins) et le Sym\u00e9co (Syndicat\u00a0 des m\u00e9decins du Congo), ont annonc\u00e9 samedi la suspension du mouvement de gr\u00e8ve qu\u2019ils ont d\u00e9clench\u00e9 depuis le 12 juillet 2021 dans les h\u00f4pitaux et structures sanitaires de l\u2019Etat sur toute l\u2019\u00e9tendue du pays. Cette d\u00e9cision a \u00e9t\u00e9 prise au cours de leurs assembl\u00e9es g\u00e9n\u00e9rales et conseils provinciaux tenus du mercredi 28 au vendredi 30 Juillet 2021 afin d\u2019examiner toutes les propositions du gouvernement dans le cadre des n\u00e9gociations ouvertes autour&hellip;","og_url":"https:\/\/congovirtuel.com\/information\/les-medecins-du-secteur-public-de-la-rdc-suspendent-leur-mouvement-de-greve\/","og_site_name":"Actualit\u00e9s congolaises et internationales","article_publisher":"https:\/\/web.facebook.com\/Congovirtuel-763617960319601\/?ref=aymt_homepage_panel&amp%3bamp%3bamp%3bamp%3bamp%3bamp%3bamp%3bamp%3bamp%3bamp%3bamp%3beid=ARCoxULa66767kIgF_KYav6VdjXTI4yk_LW4yoVO9s6NXpysgb7Cb65vpxcxgqzOAKvIbLQxaAETcqHT","article_published_time":"2021-08-01T17:43:38+00:00","article_modified_time":"2021-08-01T17:43:39+00:00","og_image":[{"width":696,"height":392,"url":"https:\/\/congovirtuel.com\/information\/wp-content\/uploads\/2021\/08\/medecin2-696x392-1.jpg","type":"image\/jpeg"}],"author":"infocongovirtuel","twitter_card":"summary_large_image","twitter_creator":"@congovirtuel","twitter_site":"@congovirtuel","twitter_misc":{"\u00c9crit par":"infocongovirtuel","Dur\u00e9e de lecture estim\u00e9e":"2 minutes"},"schema":{"@context":"https:\/\/schema.org","@graph":[{"@type":"Article","@id":"https:\/\/congovirtuel.com\/information\/les-medecins-du-secteur-public-de-la-rdc-suspendent-leur-mouvement-de-greve\/#article","isPartOf":{"@id":"https:\/\/congovirtuel.com\/information\/les-medecins-du-secteur-public-de-la-rdc-suspendent-leur-mouvement-de-greve\/"},"author":{"name":"infocongovirtuel","@id":"https:\/\/congovirtuel.com\/information\/#\/schema\/person\/739a44bf7990966cb53d58d2fdeca0b6"},"headline":"Les m\u00e9decins du secteur public de la RDC suspendent leur mouvement de gr\u00e8ve","datePublished":"2021-08-01T17:43:38+00:00","dateModified":"2021-08-01T17:43:39+00:00","mainEntityOfPage":{"@id":"https:\/\/congovirtuel.com\/information\/les-medecins-du-secteur-public-de-la-rdc-suspendent-leur-mouvement-de-greve\/"},"wordCount":474,"commentCount":0,"publisher":{"@id":"https:\/\/congovirtuel.com\/information\/#organization"},"image":{"@id":"https:\/\/congovirtuel.com\/information\/les-medecins-du-secteur-public-de-la-rdc-suspendent-leur-mouvement-de-greve\/#primaryimage"},"thumbnailUrl":"https:\/\/congovirtuel.com\/information\/wp-content\/uploads\/2021\/08\/medecin2-696x392-1.jpg","keywords":["Gr\u00e8ve m\u00e9decin RDC"],"articleSection":["Sant\u00e9"],"inLanguage":"fr-FR","potentialAction":[{"@type":"CommentAction","name":"Comment","target":["https:\/\/congovirtuel.com\/information\/les-medecins-du-secteur-public-de-la-rdc-suspendent-leur-mouvement-de-greve\/#respond"]}]},{"@type":"WebPage","@id":"https:\/\/congovirtuel.com\/information\/les-medecins-du-secteur-public-de-la-rdc-suspendent-leur-mouvement-de-greve\/","url":"https:\/\/congovirtuel.com\/information\/les-medecins-du-secteur-public-de-la-rdc-suspendent-leur-mouvement-de-greve\/","name":"Les m\u00e9decins du secteur public de la RDC suspendent leur mouvement de gr\u00e8ve - Actualit\u00e9s congolaises et internationales","isPartOf":{"@id":"https:\/\/congovirtuel.com\/information\/#website"},"primaryImageOfPage":{"@id":"https:\/\/congovirtuel.com\/information\/les-medecins-du-secteur-public-de-la-rdc-suspendent-leur-mouvement-de-greve\/#primaryimage"},"image":{"@id":"https:\/\/congovirtuel.com\/information\/les-medecins-du-secteur-public-de-la-rdc-suspendent-leur-mouvement-de-greve\/#primaryimage"},"thumbnailUrl":"https:\/\/congovirtuel.com\/information\/wp-content\/uploads\/2021\/08\/medecin2-696x392-1.jpg","datePublished":"2021-08-01T17:43:38+00:00","dateModified":"2021-08-01T17:43:39+00:00","breadcrumb":{"@id":"https:\/\/congovirtuel.com\/information\/les-medecins-du-secteur-public-de-la-rdc-suspendent-leur-mouvement-de-greve\/#breadcrumb"},"inLanguage":"fr-FR","potentialAction":[{"@type":"ReadAction","target":["https:\/\/congovirtuel.com\/information\/les-medecins-du-secteur-public-de-la-rdc-suspendent-leur-mouvement-de-greve\/"]}]},{"@type":"ImageObject","inLanguage":"fr-FR","@id":"https:\/\/congovirtuel.com\/information\/les-medecins-du-secteur-public-de-la-rdc-suspendent-leur-mouvement-de-greve\/#primaryimage","url":"https:\/\/congovirtuel.com\/information\/wp-content\/uploads\/2021\/08\/medecin2-696x392-1.jpg","contentUrl":"https:\/\/congovirtuel.com\/information\/wp-content\/uploads\/2021\/08\/medecin2-696x392-1.jpg","width":696,"height":392},{"@type":"BreadcrumbList","@id":"https:\/\/congovirtuel.com\/information\/les-medecins-du-secteur-public-de-la-rdc-suspendent-leur-mouvement-de-greve\/#breadcrumb","itemListElement":[{"@type":"ListItem","position":1,"name":"Accueil","item":"https:\/\/congovirtuel.com\/information\/"},{"@type":"ListItem","position":2,"name":"Les m\u00e9decins du secteur public de la RDC suspendent leur mouvement de gr\u00e8ve"}]},{"@type":"WebSite","@id":"https:\/\/congovirtuel.com\/information\/#website","url":"https:\/\/congovirtuel.com\/information\/","name":"Actualit\u00e9s congolaises et internationales","description":"site d&#039;analyse et de traitement d&#039;information","publisher":{"@id":"https:\/\/congovirtuel.com\/information\/#organization"},"potentialAction":[{"@type":"SearchAction","target":{"@type":"EntryPoint","urlTemplate":"https:\/\/congovirtuel.com\/information\/?s={search_term_string}"},"query-input":{"@type":"PropertyValueSpecification","valueRequired":true,"valueName":"search_term_string"}}],"inLanguage":"fr-FR"},{"@type":"Organization","@id":"https:\/\/congovirtuel.com\/information\/#organization","name":"Biblioth\u00e8que Virtuelle de la RDC","url":"https:\/\/congovirtuel.com\/information\/","logo":{"@type":"ImageObject","inLanguage":"fr-FR","@id":"https:\/\/congovirtuel.com\/information\/#\/schema\/logo\/image\/","url":"https:\/\/congovirtuel.com\/information\/wp-content\/uploads\/2018\/10\/header-info-congovirtuel-vraie.jpg","contentUrl":"https:\/\/congovirtuel.com\/information\/wp-content\/uploads\/2018\/10\/header-info-congovirtuel-vraie.jpg","width":728,"height":90,"caption":"Biblioth\u00e8que Virtuelle de la RDC"},"image":{"@id":"https:\/\/congovirtuel.com\/information\/#\/schema\/logo\/image\/"},"sameAs":["https:\/\/web.facebook.com\/Congovirtuel-763617960319601\/?ref=aymt_homepage_panel&amp;amp;amp;amp;amp;amp;amp;amp;amp;amp;amp;eid=ARCoxULa66767kIgF_KYav6VdjXTI4yk_LW4yoVO9s6NXpysgb7Cb65vpxcxgqzOAKvIbLQxaAETcqHT","https:\/\/x.com\/congovirtuel","https:\/\/www.youtube.com\/channel\/UCkFfprYzGgS3EWNpeMXpToQ?view_as=subscriber"]},{"@type":"Person","@id":"https:\/\/congovirtuel.com\/information\/#\/schema\/person\/739a44bf7990966cb53d58d2fdeca0b6","name":"infocongovirtuel","image":{"@type":"ImageObject","inLanguage":"fr-FR","@id":"https:\/\/secure.gravatar.com\/avatar\/4d76991aa72469f0eb22e772586c99113c6997f88da636a9db8f2ce3a2c05e69?s=96&d=mm&r=g","url":"https:\/\/secure.gravatar.com\/avatar\/4d76991aa72469f0eb22e772586c99113c6997f88da636a9db8f2ce3a2c05e69?s=96&d=mm&r=g","contentUrl":"https:\/\/secure.gravatar.com\/avatar\/4d76991aa72469f0eb22e772586c99113c6997f88da636a9db8f2ce3a2c05e69?s=96&d=mm&r=g","caption":"infocongovirtuel"},"url":"https:\/\/congovirtuel.com\/information\/author\/infocongovirtuel\/"}]}},"gt_translate_keys":[{"key":"link","format":"url"}],"_links":{"self":[{"href":"https:\/\/congovirtuel.com\/information\/wp-json\/wp\/v2\/posts\/12331","targetHints":{"allow":["GET"]}}],"collection":[{"href":"https:\/\/congovirtuel.com\/information\/wp-json\/wp\/v2\/posts"}],"about":[{"href":"https:\/\/congovirtuel.com\/information\/wp-json\/wp\/v2\/types\/post"}],"author":[{"embeddable":true,"href":"https:\/\/congovirtuel.com\/information\/wp-json\/wp\/v2\/users\/1"}],"replies":[{"embeddable":true,"href":"https:\/\/congovirtuel.com\/information\/wp-json\/wp\/v2\/comments?post=12331"}],"version-history":[{"count":1,"href":"https:\/\/congovirtuel.com\/information\/wp-json\/wp\/v2\/posts\/12331\/revisions"}],"predecessor-version":[{"id":12334,"href":"https:\/\/congovirtuel.com\/information\/wp-json\/wp\/v2\/posts\/12331\/revisions\/12334"}],"wp:featuredmedia":[{"embeddable":true,"href":"https:\/\/congovirtuel.com\/information\/wp-json\/wp\/v2\/media\/12333"}],"wp:attachment":[{"href":"https:\/\/congovirtuel.com\/information\/wp-json\/wp\/v2\/media?parent=12331"}],"wp:term":[{"taxonomy":"category","embeddable":true,"href":"https:\/\/congovirtuel.com\/information\/wp-json\/wp\/v2\/categories?post=12331"},{"taxonomy":"post_tag","embeddable":true,"href":"https:\/\/congovirtuel.com\/information\/wp-json\/wp\/v2\/tags?post=12331"}],"curies":[{"name":"wp","href":"https:\/\/api.w.org\/{rel}","templated":true}]}}