{"id":12336,"date":"2021-08-02T07:37:14","date_gmt":"2021-08-02T06:37:14","guid":{"rendered":"https:\/\/congovirtuel.com\/information\/?p=12336"},"modified":"2021-08-02T07:37:15","modified_gmt":"2021-08-02T06:37:15","slug":"rdc-apres-le-enieme-dialogue-des-sourds-inter-religieux-presidence-de-la-ceni-une-patate-chaude-entre-les-mains-de-mboso","status":"publish","type":"post","link":"https:\/\/congovirtuel.com\/information\/rdc-apres-le-enieme-dialogue-des-sourds-inter-religieux-presidence-de-la-ceni-une-patate-chaude-entre-les-mains-de-mboso\/","title":{"rendered":"RDC: Apr\u00e8s le \u00e9ni\u00e8me dialogue des sourds inter-religieux, pr\u00e9sidence de la Ceni, une patate chaude entre les mains de Mboso","gt_translate_keys":[{"key":"rendered","format":"text"}]},"content":{"rendered":"\n<p class=\"wp-block-paragraph\"><strong><em>Inimaginable, l\u2019image des confessions religieuses profond\u00e9ment divis\u00e9es ! 6 confessions sur 8 qui composent la plateforme des Confessions religieuses ont choisi leur candidat pour la pr\u00e9sidence de la Commission \u00e9lectorale nationale ind\u00e9pendante (Ceni). Un sc\u00e9nario qui rappelle celui de juillet 2020, lors de la d\u00e9signation de Ronsard Malonda \u00e0 la t\u00eate de la centrale \u00e9lectorale. Le m\u00eame sc\u00e9nario que celui de 2020 se r\u00e9p\u00e8te. Comme pour dire, les princes de l\u2019\u00e9glise, p\u00e8res de foi et g\u00e9n\u00e9ralement donneurs de le\u00e7ons aux politiques, n\u2019ont pas \u00e9t\u00e9, eux-m\u00eames, capables de tirer les le\u00e7ons du pass\u00e9. Entre l\u2019honneur et les relents politiques, la situation confuse actuelle explique tout, mieux est une r\u00e9ponse du choix surprenant op\u00e9r\u00e9 par eux. L\u2019Assembl\u00e9e nationale, avec \u00e0 sa t\u00eate le pr\u00e9sident Mboso Nkodia, devra ainsi g\u00e9rer avec m\u00e9thode et tact la suite du dossier sur base de la loi. Il s\u2019agit l\u00e0 d\u2019une patate chaude, bien tr\u00e8s chaude, entre les mains de Christophe Mboso. Lui et son institution devront produire un miracle, celui de d\u00e9velopper des codes pour d\u00e9crypter le langage des sourds.<\/em><\/strong><\/p>\n\n\n\n<p class=\"wp-block-paragraph\">Qui pour prendre le d\u00e9sormais \u00ab myst\u00e9rieux fauteuil \u00bb de Corneille Nangaa ? Question difficile au regard de la tournure inimaginable des \u00e9v\u00e9nements de la d\u00e9signation du pr\u00e9sident de la Commission \u00e9lectorale nationale ind\u00e9pendante (Ceni).<\/p>\n\n\n\n<p class=\"wp-block-paragraph\">C\u2019est l\u2019histoire qui se r\u00e9p\u00e8te en RDC. Seulement, l\u00e0 o\u00f9 le b\u00e2t blesse c\u2019est que les princes de l\u2019\u00e9glise qui ont l\u00e9galement la mission de choisir le pr\u00e9sident de la Ceni, n\u2019ont pas tir\u00e9 les le\u00e7ons du pass\u00e9.<\/p>\n\n\n\n<p class=\"wp-block-paragraph\">Pour rappel, d\u00e9j\u00e0 en juillet 2020, la d\u00e9signation \u00ab controvers\u00e9e \u00bb de Ronsard Malonda Ngimbi, secr\u00e9taire ex\u00e9cutif de la Ceni sous Corneille Nangaa, avait cr\u00e9\u00e9 la tension au pays, parce que ce dernier \u00e9tait consid\u00e9r\u00e9 \u00e0 tort ou \u00e0 raison comme la cheville ouvri\u00e8re de la fraude qui a \u00e9maill\u00e9 les \u00e9lections de d\u00e9cembre 2018.<\/p>\n\n\n\n<p class=\"wp-block-paragraph\">Retour \u00e0 la case d\u00e9part, et comme en juillet 2020, juillet 2021 consacre la r\u00e9p\u00e9tition de l\u2019histoire. Une histoire regrettable o\u00f9 l\u2019on notera qu\u2019une fois de plus, les religieux se divisent en cr\u00e9ant davantage un clivage entre citoyens d\u2019une m\u00eame nation. A la date butoir du 28 juillet fix\u00e9e par l\u2019Assembl\u00e9e nationale, tout comme \u00e0 la prolongation de 48 heures, les huit confessions religieuses concern\u00e9es par le choix, \u00e0 savoir l\u2019\u00e9glise catholique, l\u2019\u00e9glise du Christ au Congo (ECC), l\u2019\u00e9glise kimbanguiste, la communaut\u00e9 islamique, l\u2019Eglise de r\u00e9veil, l\u2019Arm\u00e9e du salut et les \u00e9glises ind\u00e9pendantes, ont d\u00e9velopp\u00e9 un dialogue de sourds, partag\u00e9es entre deux candidats avec des griefs \u00ab vrai ou faux \u00bb, leur coll\u00e9s, Denis Kadima port\u00e9 par l\u2019\u00e9glise kimbanguiste et Cyrille Ebotoko port\u00e9 par l\u2019\u00e9glise catholique.<\/p>\n\n\n\n<p class=\"wp-block-paragraph\">En lieu et place de la fum\u00e9e blanche tant attendue, c\u2019est un rapport, en guise de proc\u00e8s-verbal de non conciliation sign\u00e9 par toutes les parties, qui a \u00e9t\u00e9 d\u00e9pos\u00e9 par \u00e0 l\u2019Assembl\u00e9e nationale. En m\u00eame temps, les 6 autres confessions religieuses ont dress\u00e9 leur PV d\u00e9signant Denis Kadima comme pr\u00e9sident de la Ceni et M. Bimwala, de l\u2019Arm\u00e9e du Salut, comme membre de la pl\u00e9ni\u00e8re.<\/p>\n\n\n\n<p class=\"wp-block-paragraph\"><strong><em>Que fera l\u2019Assembl\u00e9e nationale ?<\/em><\/strong><\/p>\n\n\n\n<p class=\"wp-block-paragraph\">Question difficile \u00e0 trancher d\u00e8s lors que c\u2019est elle qui devra, bien entendue, g\u00e9rer la patate chaude entre ses mains. Christophe Mboso et les d\u00e9put\u00e9s nationaux devront puiser dans la loi, notamment le texte r\u00e9vis\u00e9 portant organisation et fonctionnement de la Ceni. Ce texte qui a \u00e9t\u00e9 l\u2019initiative de Christophe Lutundula Apala, alors d\u00e9put\u00e9, \u00e9claire sur les crit\u00e8res d\u2019\u00e9ligibilit\u00e9 et la proc\u00e9dure de d\u00e9signation des membres de la Ceni.<\/p>\n\n\n\n<p class=\"wp-block-paragraph\">L\u2019on note qu\u2019aux termes de l\u2019article 12, les membres de la Centrale \u00e9lectorale sont choisis parmi les personnalit\u00e9s ind\u00e9pendantes reconnues pour leur comp\u00e9tence, int\u00e9grit\u00e9 morale, probit\u00e9 et honn\u00eatet\u00e9 intellectuelle. En compl\u00e9ment \u00e0 l\u2019article 16 qui fixe le statut des membres et \u00e0 l\u2019article 17 qui soul\u00e8ve les incompatibilit\u00e9s avec la qualit\u00e9 de membre de la Centrale \u00e9lectorale, il est stipul\u00e9 que \u00ab nul ne peut \u00eatre d\u00e9sign\u00e9 membre de la Ceni s\u2019il est ou a \u00e9t\u00e9 cadre national ou provincial d\u2019une organisation politique ou d\u2019une organisation de la Soci\u00e9t\u00e9 civile affili\u00e9e ou alli\u00e9e \u00e0 une organisation politique au cours de 5 (cinq) ann\u00e9es pr\u00e9c\u00e9dant sa d\u00e9signation \u00bb.<\/p>\n\n\n\n<p class=\"wp-block-paragraph\">Le profil pour le candidat pr\u00e9sident est \u00e9voqu\u00e9 dans l\u2019article 12 de la loi organique de la Ceni. Il y a la comp\u00e9tence comme crit\u00e8re de fond et tout ce qui s\u2019en suit, notamment : l\u2019exp\u00e9rience, etc.<\/p>\n\n\n\n<p class=\"wp-block-paragraph\">S\u2019agissant du crit\u00e8re d\u2019ind\u00e9pendance, la loi est claire. L\u2019on note que \u00ab Nul ne peut \u00eatre d\u00e9sign\u00e9 membre de la Ceni s\u2019il est ou a \u00e9t\u00e9 cadre national ou provincial d\u2019une organisation politique ou d\u2019une organisation de la Soci\u00e9t\u00e9 civile affili\u00e9e ou alli\u00e9e \u00e0 une organisation politique au cours de 5 (cinq) ann\u00e9es pr\u00e9c\u00e9dant sa d\u00e9signation \u00bb.<\/p>\n\n\n\n<p class=\"wp-block-paragraph\">C\u2019est sur base de cette disposition l\u00e9gale que devait s\u2019\u00e9valuer le crit\u00e8re d\u2019ind\u00e9pendance, estime l\u2019analyste Mo\u00efse Musangana, auteur de la tribune intitul\u00e9 : \u00ab \u00c9tude comparative des profils des candidats Denis Kadima et Cyrille Ebokoto \u00bb, relay\u00e9e par le site 7sur7.cd.<\/p>\n\n\n\n<p class=\"wp-block-paragraph\">Dans cette perception soul\u00e8ve des interrogations simples : Est-ce que Denis Kadima et Cyrille Ebokoto appartiennent \u00e0 des partis politiques ou \u00e0 des organisations de la Soci\u00e9t\u00e9 civile affili\u00e9es \u00e0 des partis politiques ? Et pour Mo\u00efse Musangana, il ne suffit pas seulement de l\u2019affirmer, mais il convient d\u2019en administrer la preuve, notamment la carte de membre ou l\u2019acte d\u2019adh\u00e9sion.<\/p>\n\n\n\n<p class=\"wp-block-paragraph\">Car, explique l\u2019analyste, les deux pr\u00e9cit\u00e9s peuvent avoir des pr\u00e9f\u00e9rences entre les partis politiques qui existent ou en sont sympathisants. C\u2019est possible, mais cela n\u2019a rien \u00e0 voir avec la qualit\u00e9 de membre d\u2019un parti politique. Car, dans la m\u00eame approche, les chefs religieux, eux aussi, votent pour tel ou tel autre leader politique ou pour tel ou tel autre parti politique, sans \u00eatre n\u00e9cessairement membres. C\u2019est pour dire que le vote exprim\u00e9 ne leur attribue en aucun cas la qualit\u00e9 de membre d\u2019organisations politiques.<\/p>\n\n\n\n<p class=\"wp-block-paragraph\">C\u2019est ici qu\u2019il faut d\u00e9crier la d\u00e9marche subjective tendant \u00e0 manipuler l\u2019opinion. Une d\u00e9marche consistant \u00e0 tabler sur la proximit\u00e9, du reste non prouv\u00e9e d\u2019un candidat par rapport au pr\u00e9sident de la R\u00e9publique, ou encore \u00e9pingler des menaces du pouvoir et des tentatives de corruption dans le chef des autres confessions religieuses, sans en apporter des \u00e9l\u00e9ments pr\u00e9cis. \u00ab Qui a menac\u00e9 qui ? \u00bb, \u00ab Qui a tent\u00e9 de corrompre quel leader religieux ? \u00bb. Ces questions, sans r\u00e9ponses, friseraient des imputations dommageables, estime l\u2019analyste Mo\u00efse Musangana.<\/p>\n\n\n\n<p class=\"wp-block-paragraph\">Selon des indiscr\u00e9tions glan\u00e9es dans les couloirs du Palais du peuple, les catholiques et protestants ont endoss\u00e9 la candidature de Paul Nsapu en remplacement de Cyrille Ebotoko, seule mani\u00e8re de barrer \u00e0 tout prix la route \u00e0 Denis Kadima, alors que les six autres confessions religieuses n\u2019ont pas \u00e9volu\u00e9 dans leur choix avec le candidat Denis Kadima ou rien.<\/p>\n\n\n\n<p class=\"wp-block-paragraph\"><strong>Le Potentiel<\/strong><\/p>\n","protected":false,"gt_translate_keys":[{"key":"rendered","format":"html"}]},"excerpt":{"rendered":"<p>Inimaginable, l\u2019image des confessions religieuses profond\u00e9ment divis\u00e9es ! 6 confessions sur 8 qui composent la plateforme des Confessions religieuses ont choisi leur candidat pour la pr\u00e9sidence de la Commission \u00e9lectorale nationale ind\u00e9pendante (Ceni). Un sc\u00e9nario qui rappelle celui de juillet 2020, lors de la d\u00e9signation de Ronsard Malonda \u00e0 la t\u00eate de la centrale \u00e9lectorale. Le m\u00eame sc\u00e9nario que celui de 2020 se r\u00e9p\u00e8te. Comme pour dire, les princes de l\u2019\u00e9glise, p\u00e8res de foi et g\u00e9n\u00e9ralement donneurs de le\u00e7ons aux politiques, n\u2019ont pas \u00e9t\u00e9, eux-m\u00eames, capables de tirer les le\u00e7ons&hellip;<\/p>\n","protected":false,"gt_translate_keys":[{"key":"rendered","format":"html"}]},"author":1,"featured_media":12338,"comment_status":"open","ping_status":"open","sticky":false,"template":"","format":"standard","meta":{"_crdt_document":"","footnotes":""},"categories":[5572],"tags":[15032],"class_list":["post-12336","post","type-post","status-publish","format-standard","has-post-thumbnail","hentry","category-election","tag-choix-president-de-la-ceni"],"gutentor_comment":0,"yoast_head":"<!-- This site is optimized with the Yoast SEO plugin v27.5 - https:\/\/yoast.com\/product\/yoast-seo-wordpress\/ -->\n<title>RDC: Apr\u00e8s le \u00e9ni\u00e8me dialogue des sourds inter-religieux, pr\u00e9sidence de la Ceni, une patate chaude entre les mains de Mboso - Actualit\u00e9s congolaises et internationales<\/title>\n<meta name=\"robots\" content=\"index, follow, max-snippet:-1, max-image-preview:large, max-video-preview:-1\" \/>\n<link rel=\"canonical\" href=\"https:\/\/congovirtuel.com\/information\/rdc-apres-le-enieme-dialogue-des-sourds-inter-religieux-presidence-de-la-ceni-une-patate-chaude-entre-les-mains-de-mboso\/\" \/>\n<meta property=\"og:locale\" content=\"fr_FR\" \/>\n<meta property=\"og:type\" content=\"article\" \/>\n<meta property=\"og:title\" content=\"RDC: Apr\u00e8s le \u00e9ni\u00e8me dialogue des sourds inter-religieux, pr\u00e9sidence de la Ceni, une patate chaude entre les mains de Mboso - Actualit\u00e9s congolaises et internationales\" \/>\n<meta property=\"og:description\" content=\"Inimaginable, l\u2019image des confessions religieuses profond\u00e9ment divis\u00e9es ! 6 confessions sur 8 qui composent la plateforme des Confessions religieuses ont choisi leur candidat pour la pr\u00e9sidence de la Commission \u00e9lectorale nationale ind\u00e9pendante (Ceni). Un sc\u00e9nario qui rappelle celui de juillet 2020, lors de la d\u00e9signation de Ronsard Malonda \u00e0 la t\u00eate de la centrale \u00e9lectorale. Le m\u00eame sc\u00e9nario que celui de 2020 se r\u00e9p\u00e8te. Comme pour dire, les princes de l\u2019\u00e9glise, p\u00e8res de foi et g\u00e9n\u00e9ralement donneurs de le\u00e7ons aux politiques, n\u2019ont pas \u00e9t\u00e9, eux-m\u00eames, capables de tirer les le\u00e7ons&hellip;\" \/>\n<meta property=\"og:url\" content=\"https:\/\/congovirtuel.com\/information\/rdc-apres-le-enieme-dialogue-des-sourds-inter-religieux-presidence-de-la-ceni-une-patate-chaude-entre-les-mains-de-mboso\/\" \/>\n<meta property=\"og:site_name\" content=\"Actualit\u00e9s congolaises et internationales\" \/>\n<meta property=\"article:publisher\" content=\"https:\/\/web.facebook.com\/Congovirtuel-763617960319601\/?ref=aymt_homepage_panel&amp;amp%3bamp%3bamp%3bamp%3bamp%3bamp%3bamp%3bamp%3bamp%3bamp%3bamp%3beid=ARCoxULa66767kIgF_KYav6VdjXTI4yk_LW4yoVO9s6NXpysgb7Cb65vpxcxgqzOAKvIbLQxaAETcqHT\" \/>\n<meta property=\"article:published_time\" content=\"2021-08-02T06:37:14+00:00\" \/>\n<meta property=\"article:modified_time\" content=\"2021-08-02T06:37:15+00:00\" \/>\n<meta property=\"og:image\" content=\"https:\/\/congovirtuel.com\/information\/wp-content\/uploads\/2021\/08\/Dodo-Kamba.jpg\" \/>\n\t<meta property=\"og:image:width\" content=\"850\" \/>\n\t<meta property=\"og:image:height\" content=\"565\" \/>\n\t<meta property=\"og:image:type\" content=\"image\/jpeg\" \/>\n<meta name=\"author\" content=\"infocongovirtuel\" \/>\n<meta name=\"twitter:card\" content=\"summary_large_image\" \/>\n<meta name=\"twitter:creator\" content=\"@congovirtuel\" \/>\n<meta name=\"twitter:site\" content=\"@congovirtuel\" \/>\n<meta name=\"twitter:label1\" content=\"\u00c9crit par\" \/>\n\t<meta name=\"twitter:data1\" content=\"infocongovirtuel\" \/>\n\t<meta name=\"twitter:label2\" content=\"Dur\u00e9e de lecture estim\u00e9e\" \/>\n\t<meta name=\"twitter:data2\" content=\"5 minutes\" \/>\n<script type=\"application\/ld+json\" class=\"yoast-schema-graph\">{\"@context\":\"https:\\\/\\\/schema.org\",\"@graph\":[{\"@type\":\"Article\",\"@id\":\"https:\\\/\\\/congovirtuel.com\\\/information\\\/rdc-apres-le-enieme-dialogue-des-sourds-inter-religieux-presidence-de-la-ceni-une-patate-chaude-entre-les-mains-de-mboso\\\/#article\",\"isPartOf\":{\"@id\":\"https:\\\/\\\/congovirtuel.com\\\/information\\\/rdc-apres-le-enieme-dialogue-des-sourds-inter-religieux-presidence-de-la-ceni-une-patate-chaude-entre-les-mains-de-mboso\\\/\"},\"author\":{\"name\":\"infocongovirtuel\",\"@id\":\"https:\\\/\\\/congovirtuel.com\\\/information\\\/#\\\/schema\\\/person\\\/739a44bf7990966cb53d58d2fdeca0b6\"},\"headline\":\"RDC: Apr\u00e8s le \u00e9ni\u00e8me dialogue des sourds inter-religieux, pr\u00e9sidence de la Ceni, une patate chaude entre les mains de Mboso\",\"datePublished\":\"2021-08-02T06:37:14+00:00\",\"dateModified\":\"2021-08-02T06:37:15+00:00\",\"mainEntityOfPage\":{\"@id\":\"https:\\\/\\\/congovirtuel.com\\\/information\\\/rdc-apres-le-enieme-dialogue-des-sourds-inter-religieux-presidence-de-la-ceni-une-patate-chaude-entre-les-mains-de-mboso\\\/\"},\"wordCount\":1272,\"commentCount\":0,\"publisher\":{\"@id\":\"https:\\\/\\\/congovirtuel.com\\\/information\\\/#organization\"},\"image\":{\"@id\":\"https:\\\/\\\/congovirtuel.com\\\/information\\\/rdc-apres-le-enieme-dialogue-des-sourds-inter-religieux-presidence-de-la-ceni-une-patate-chaude-entre-les-mains-de-mboso\\\/#primaryimage\"},\"thumbnailUrl\":\"https:\\\/\\\/congovirtuel.com\\\/information\\\/wp-content\\\/uploads\\\/2021\\\/08\\\/Dodo-Kamba.jpg\",\"keywords\":[\"Choix pr\u00e9sident de la CENI\"],\"articleSection\":[\"\u00c9lection\"],\"inLanguage\":\"fr-FR\",\"potentialAction\":[{\"@type\":\"CommentAction\",\"name\":\"Comment\",\"target\":[\"https:\\\/\\\/congovirtuel.com\\\/information\\\/rdc-apres-le-enieme-dialogue-des-sourds-inter-religieux-presidence-de-la-ceni-une-patate-chaude-entre-les-mains-de-mboso\\\/#respond\"]}]},{\"@type\":\"WebPage\",\"@id\":\"https:\\\/\\\/congovirtuel.com\\\/information\\\/rdc-apres-le-enieme-dialogue-des-sourds-inter-religieux-presidence-de-la-ceni-une-patate-chaude-entre-les-mains-de-mboso\\\/\",\"url\":\"https:\\\/\\\/congovirtuel.com\\\/information\\\/rdc-apres-le-enieme-dialogue-des-sourds-inter-religieux-presidence-de-la-ceni-une-patate-chaude-entre-les-mains-de-mboso\\\/\",\"name\":\"RDC: Apr\u00e8s le \u00e9ni\u00e8me dialogue des sourds inter-religieux, pr\u00e9sidence de la Ceni, une patate chaude entre les mains de Mboso - Actualit\u00e9s congolaises et internationales\",\"isPartOf\":{\"@id\":\"https:\\\/\\\/congovirtuel.com\\\/information\\\/#website\"},\"primaryImageOfPage\":{\"@id\":\"https:\\\/\\\/congovirtuel.com\\\/information\\\/rdc-apres-le-enieme-dialogue-des-sourds-inter-religieux-presidence-de-la-ceni-une-patate-chaude-entre-les-mains-de-mboso\\\/#primaryimage\"},\"image\":{\"@id\":\"https:\\\/\\\/congovirtuel.com\\\/information\\\/rdc-apres-le-enieme-dialogue-des-sourds-inter-religieux-presidence-de-la-ceni-une-patate-chaude-entre-les-mains-de-mboso\\\/#primaryimage\"},\"thumbnailUrl\":\"https:\\\/\\\/congovirtuel.com\\\/information\\\/wp-content\\\/uploads\\\/2021\\\/08\\\/Dodo-Kamba.jpg\",\"datePublished\":\"2021-08-02T06:37:14+00:00\",\"dateModified\":\"2021-08-02T06:37:15+00:00\",\"breadcrumb\":{\"@id\":\"https:\\\/\\\/congovirtuel.com\\\/information\\\/rdc-apres-le-enieme-dialogue-des-sourds-inter-religieux-presidence-de-la-ceni-une-patate-chaude-entre-les-mains-de-mboso\\\/#breadcrumb\"},\"inLanguage\":\"fr-FR\",\"potentialAction\":[{\"@type\":\"ReadAction\",\"target\":[\"https:\\\/\\\/congovirtuel.com\\\/information\\\/rdc-apres-le-enieme-dialogue-des-sourds-inter-religieux-presidence-de-la-ceni-une-patate-chaude-entre-les-mains-de-mboso\\\/\"]}]},{\"@type\":\"ImageObject\",\"inLanguage\":\"fr-FR\",\"@id\":\"https:\\\/\\\/congovirtuel.com\\\/information\\\/rdc-apres-le-enieme-dialogue-des-sourds-inter-religieux-presidence-de-la-ceni-une-patate-chaude-entre-les-mains-de-mboso\\\/#primaryimage\",\"url\":\"https:\\\/\\\/congovirtuel.com\\\/information\\\/wp-content\\\/uploads\\\/2021\\\/08\\\/Dodo-Kamba.jpg\",\"contentUrl\":\"https:\\\/\\\/congovirtuel.com\\\/information\\\/wp-content\\\/uploads\\\/2021\\\/08\\\/Dodo-Kamba.jpg\",\"width\":850,\"height\":565,\"caption\":\"Dodo Kamba \u00e0 la CENCO\"},{\"@type\":\"BreadcrumbList\",\"@id\":\"https:\\\/\\\/congovirtuel.com\\\/information\\\/rdc-apres-le-enieme-dialogue-des-sourds-inter-religieux-presidence-de-la-ceni-une-patate-chaude-entre-les-mains-de-mboso\\\/#breadcrumb\",\"itemListElement\":[{\"@type\":\"ListItem\",\"position\":1,\"name\":\"Accueil\",\"item\":\"https:\\\/\\\/congovirtuel.com\\\/information\\\/\"},{\"@type\":\"ListItem\",\"position\":2,\"name\":\"RDC: Apr\u00e8s le \u00e9ni\u00e8me dialogue des sourds inter-religieux, pr\u00e9sidence de la Ceni, une patate chaude entre les mains de Mboso\"}]},{\"@type\":\"WebSite\",\"@id\":\"https:\\\/\\\/congovirtuel.com\\\/information\\\/#website\",\"url\":\"https:\\\/\\\/congovirtuel.com\\\/information\\\/\",\"name\":\"Actualit\u00e9s congolaises et internationales\",\"description\":\"site d&#039;analyse et de traitement d&#039;information\",\"publisher\":{\"@id\":\"https:\\\/\\\/congovirtuel.com\\\/information\\\/#organization\"},\"potentialAction\":[{\"@type\":\"SearchAction\",\"target\":{\"@type\":\"EntryPoint\",\"urlTemplate\":\"https:\\\/\\\/congovirtuel.com\\\/information\\\/?s={search_term_string}\"},\"query-input\":{\"@type\":\"PropertyValueSpecification\",\"valueRequired\":true,\"valueName\":\"search_term_string\"}}],\"inLanguage\":\"fr-FR\"},{\"@type\":\"Organization\",\"@id\":\"https:\\\/\\\/congovirtuel.com\\\/information\\\/#organization\",\"name\":\"Biblioth\u00e8que Virtuelle de la RDC\",\"url\":\"https:\\\/\\\/congovirtuel.com\\\/information\\\/\",\"logo\":{\"@type\":\"ImageObject\",\"inLanguage\":\"fr-FR\",\"@id\":\"https:\\\/\\\/congovirtuel.com\\\/information\\\/#\\\/schema\\\/logo\\\/image\\\/\",\"url\":\"https:\\\/\\\/congovirtuel.com\\\/information\\\/wp-content\\\/uploads\\\/2018\\\/10\\\/header-info-congovirtuel-vraie.jpg\",\"contentUrl\":\"https:\\\/\\\/congovirtuel.com\\\/information\\\/wp-content\\\/uploads\\\/2018\\\/10\\\/header-info-congovirtuel-vraie.jpg\",\"width\":728,\"height\":90,\"caption\":\"Biblioth\u00e8que Virtuelle de la RDC\"},\"image\":{\"@id\":\"https:\\\/\\\/congovirtuel.com\\\/information\\\/#\\\/schema\\\/logo\\\/image\\\/\"},\"sameAs\":[\"https:\\\/\\\/web.facebook.com\\\/Congovirtuel-763617960319601\\\/?ref=aymt_homepage_panel&amp;amp;amp;amp;amp;amp;amp;amp;amp;amp;amp;eid=ARCoxULa66767kIgF_KYav6VdjXTI4yk_LW4yoVO9s6NXpysgb7Cb65vpxcxgqzOAKvIbLQxaAETcqHT\",\"https:\\\/\\\/x.com\\\/congovirtuel\",\"https:\\\/\\\/www.youtube.com\\\/channel\\\/UCkFfprYzGgS3EWNpeMXpToQ?view_as=subscriber\"]},{\"@type\":\"Person\",\"@id\":\"https:\\\/\\\/congovirtuel.com\\\/information\\\/#\\\/schema\\\/person\\\/739a44bf7990966cb53d58d2fdeca0b6\",\"name\":\"infocongovirtuel\",\"image\":{\"@type\":\"ImageObject\",\"inLanguage\":\"fr-FR\",\"@id\":\"https:\\\/\\\/secure.gravatar.com\\\/avatar\\\/4d76991aa72469f0eb22e772586c99113c6997f88da636a9db8f2ce3a2c05e69?s=96&d=mm&r=g\",\"url\":\"https:\\\/\\\/secure.gravatar.com\\\/avatar\\\/4d76991aa72469f0eb22e772586c99113c6997f88da636a9db8f2ce3a2c05e69?s=96&d=mm&r=g\",\"contentUrl\":\"https:\\\/\\\/secure.gravatar.com\\\/avatar\\\/4d76991aa72469f0eb22e772586c99113c6997f88da636a9db8f2ce3a2c05e69?s=96&d=mm&r=g\",\"caption\":\"infocongovirtuel\"},\"url\":\"https:\\\/\\\/congovirtuel.com\\\/information\\\/author\\\/infocongovirtuel\\\/\"}]}<\/script>\n<!-- \/ Yoast SEO plugin. -->","yoast_head_json":{"title":"RDC: Apr\u00e8s le \u00e9ni\u00e8me dialogue des sourds inter-religieux, pr\u00e9sidence de la Ceni, une patate chaude entre les mains de Mboso - Actualit\u00e9s congolaises et internationales","robots":{"index":"index","follow":"follow","max-snippet":"max-snippet:-1","max-image-preview":"max-image-preview:large","max-video-preview":"max-video-preview:-1"},"canonical":"https:\/\/congovirtuel.com\/information\/rdc-apres-le-enieme-dialogue-des-sourds-inter-religieux-presidence-de-la-ceni-une-patate-chaude-entre-les-mains-de-mboso\/","og_locale":"fr_FR","og_type":"article","og_title":"RDC: Apr\u00e8s le \u00e9ni\u00e8me dialogue des sourds inter-religieux, pr\u00e9sidence de la Ceni, une patate chaude entre les mains de Mboso - Actualit\u00e9s congolaises et internationales","og_description":"Inimaginable, l\u2019image des confessions religieuses profond\u00e9ment divis\u00e9es ! 6 confessions sur 8 qui composent la plateforme des Confessions religieuses ont choisi leur candidat pour la pr\u00e9sidence de la Commission \u00e9lectorale nationale ind\u00e9pendante (Ceni). Un sc\u00e9nario qui rappelle celui de juillet 2020, lors de la d\u00e9signation de Ronsard Malonda \u00e0 la t\u00eate de la centrale \u00e9lectorale. Le m\u00eame sc\u00e9nario que celui de 2020 se r\u00e9p\u00e8te. Comme pour dire, les princes de l\u2019\u00e9glise, p\u00e8res de foi et g\u00e9n\u00e9ralement donneurs de le\u00e7ons aux politiques, n\u2019ont pas \u00e9t\u00e9, eux-m\u00eames, capables de tirer les le\u00e7ons&hellip;","og_url":"https:\/\/congovirtuel.com\/information\/rdc-apres-le-enieme-dialogue-des-sourds-inter-religieux-presidence-de-la-ceni-une-patate-chaude-entre-les-mains-de-mboso\/","og_site_name":"Actualit\u00e9s congolaises et internationales","article_publisher":"https:\/\/web.facebook.com\/Congovirtuel-763617960319601\/?ref=aymt_homepage_panel&amp%3bamp%3bamp%3bamp%3bamp%3bamp%3bamp%3bamp%3bamp%3bamp%3bamp%3beid=ARCoxULa66767kIgF_KYav6VdjXTI4yk_LW4yoVO9s6NXpysgb7Cb65vpxcxgqzOAKvIbLQxaAETcqHT","article_published_time":"2021-08-02T06:37:14+00:00","article_modified_time":"2021-08-02T06:37:15+00:00","og_image":[{"width":850,"height":565,"url":"https:\/\/congovirtuel.com\/information\/wp-content\/uploads\/2021\/08\/Dodo-Kamba.jpg","type":"image\/jpeg"}],"author":"infocongovirtuel","twitter_card":"summary_large_image","twitter_creator":"@congovirtuel","twitter_site":"@congovirtuel","twitter_misc":{"\u00c9crit par":"infocongovirtuel","Dur\u00e9e de lecture estim\u00e9e":"5 minutes"},"schema":{"@context":"https:\/\/schema.org","@graph":[{"@type":"Article","@id":"https:\/\/congovirtuel.com\/information\/rdc-apres-le-enieme-dialogue-des-sourds-inter-religieux-presidence-de-la-ceni-une-patate-chaude-entre-les-mains-de-mboso\/#article","isPartOf":{"@id":"https:\/\/congovirtuel.com\/information\/rdc-apres-le-enieme-dialogue-des-sourds-inter-religieux-presidence-de-la-ceni-une-patate-chaude-entre-les-mains-de-mboso\/"},"author":{"name":"infocongovirtuel","@id":"https:\/\/congovirtuel.com\/information\/#\/schema\/person\/739a44bf7990966cb53d58d2fdeca0b6"},"headline":"RDC: Apr\u00e8s le \u00e9ni\u00e8me dialogue des sourds inter-religieux, pr\u00e9sidence de la Ceni, une patate chaude entre les mains de Mboso","datePublished":"2021-08-02T06:37:14+00:00","dateModified":"2021-08-02T06:37:15+00:00","mainEntityOfPage":{"@id":"https:\/\/congovirtuel.com\/information\/rdc-apres-le-enieme-dialogue-des-sourds-inter-religieux-presidence-de-la-ceni-une-patate-chaude-entre-les-mains-de-mboso\/"},"wordCount":1272,"commentCount":0,"publisher":{"@id":"https:\/\/congovirtuel.com\/information\/#organization"},"image":{"@id":"https:\/\/congovirtuel.com\/information\/rdc-apres-le-enieme-dialogue-des-sourds-inter-religieux-presidence-de-la-ceni-une-patate-chaude-entre-les-mains-de-mboso\/#primaryimage"},"thumbnailUrl":"https:\/\/congovirtuel.com\/information\/wp-content\/uploads\/2021\/08\/Dodo-Kamba.jpg","keywords":["Choix pr\u00e9sident de la CENI"],"articleSection":["\u00c9lection"],"inLanguage":"fr-FR","potentialAction":[{"@type":"CommentAction","name":"Comment","target":["https:\/\/congovirtuel.com\/information\/rdc-apres-le-enieme-dialogue-des-sourds-inter-religieux-presidence-de-la-ceni-une-patate-chaude-entre-les-mains-de-mboso\/#respond"]}]},{"@type":"WebPage","@id":"https:\/\/congovirtuel.com\/information\/rdc-apres-le-enieme-dialogue-des-sourds-inter-religieux-presidence-de-la-ceni-une-patate-chaude-entre-les-mains-de-mboso\/","url":"https:\/\/congovirtuel.com\/information\/rdc-apres-le-enieme-dialogue-des-sourds-inter-religieux-presidence-de-la-ceni-une-patate-chaude-entre-les-mains-de-mboso\/","name":"RDC: Apr\u00e8s le \u00e9ni\u00e8me dialogue des sourds inter-religieux, pr\u00e9sidence de la Ceni, une patate chaude entre les mains de Mboso - Actualit\u00e9s congolaises et internationales","isPartOf":{"@id":"https:\/\/congovirtuel.com\/information\/#website"},"primaryImageOfPage":{"@id":"https:\/\/congovirtuel.com\/information\/rdc-apres-le-enieme-dialogue-des-sourds-inter-religieux-presidence-de-la-ceni-une-patate-chaude-entre-les-mains-de-mboso\/#primaryimage"},"image":{"@id":"https:\/\/congovirtuel.com\/information\/rdc-apres-le-enieme-dialogue-des-sourds-inter-religieux-presidence-de-la-ceni-une-patate-chaude-entre-les-mains-de-mboso\/#primaryimage"},"thumbnailUrl":"https:\/\/congovirtuel.com\/information\/wp-content\/uploads\/2021\/08\/Dodo-Kamba.jpg","datePublished":"2021-08-02T06:37:14+00:00","dateModified":"2021-08-02T06:37:15+00:00","breadcrumb":{"@id":"https:\/\/congovirtuel.com\/information\/rdc-apres-le-enieme-dialogue-des-sourds-inter-religieux-presidence-de-la-ceni-une-patate-chaude-entre-les-mains-de-mboso\/#breadcrumb"},"inLanguage":"fr-FR","potentialAction":[{"@type":"ReadAction","target":["https:\/\/congovirtuel.com\/information\/rdc-apres-le-enieme-dialogue-des-sourds-inter-religieux-presidence-de-la-ceni-une-patate-chaude-entre-les-mains-de-mboso\/"]}]},{"@type":"ImageObject","inLanguage":"fr-FR","@id":"https:\/\/congovirtuel.com\/information\/rdc-apres-le-enieme-dialogue-des-sourds-inter-religieux-presidence-de-la-ceni-une-patate-chaude-entre-les-mains-de-mboso\/#primaryimage","url":"https:\/\/congovirtuel.com\/information\/wp-content\/uploads\/2021\/08\/Dodo-Kamba.jpg","contentUrl":"https:\/\/congovirtuel.com\/information\/wp-content\/uploads\/2021\/08\/Dodo-Kamba.jpg","width":850,"height":565,"caption":"Dodo Kamba \u00e0 la CENCO"},{"@type":"BreadcrumbList","@id":"https:\/\/congovirtuel.com\/information\/rdc-apres-le-enieme-dialogue-des-sourds-inter-religieux-presidence-de-la-ceni-une-patate-chaude-entre-les-mains-de-mboso\/#breadcrumb","itemListElement":[{"@type":"ListItem","position":1,"name":"Accueil","item":"https:\/\/congovirtuel.com\/information\/"},{"@type":"ListItem","position":2,"name":"RDC: Apr\u00e8s le \u00e9ni\u00e8me dialogue des sourds inter-religieux, pr\u00e9sidence de la Ceni, une patate chaude entre les mains de Mboso"}]},{"@type":"WebSite","@id":"https:\/\/congovirtuel.com\/information\/#website","url":"https:\/\/congovirtuel.com\/information\/","name":"Actualit\u00e9s congolaises et internationales","description":"site d&#039;analyse et de traitement d&#039;information","publisher":{"@id":"https:\/\/congovirtuel.com\/information\/#organization"},"potentialAction":[{"@type":"SearchAction","target":{"@type":"EntryPoint","urlTemplate":"https:\/\/congovirtuel.com\/information\/?s={search_term_string}"},"query-input":{"@type":"PropertyValueSpecification","valueRequired":true,"valueName":"search_term_string"}}],"inLanguage":"fr-FR"},{"@type":"Organization","@id":"https:\/\/congovirtuel.com\/information\/#organization","name":"Biblioth\u00e8que Virtuelle de la RDC","url":"https:\/\/congovirtuel.com\/information\/","logo":{"@type":"ImageObject","inLanguage":"fr-FR","@id":"https:\/\/congovirtuel.com\/information\/#\/schema\/logo\/image\/","url":"https:\/\/congovirtuel.com\/information\/wp-content\/uploads\/2018\/10\/header-info-congovirtuel-vraie.jpg","contentUrl":"https:\/\/congovirtuel.com\/information\/wp-content\/uploads\/2018\/10\/header-info-congovirtuel-vraie.jpg","width":728,"height":90,"caption":"Biblioth\u00e8que Virtuelle de la RDC"},"image":{"@id":"https:\/\/congovirtuel.com\/information\/#\/schema\/logo\/image\/"},"sameAs":["https:\/\/web.facebook.com\/Congovirtuel-763617960319601\/?ref=aymt_homepage_panel&amp;amp;amp;amp;amp;amp;amp;amp;amp;amp;amp;eid=ARCoxULa66767kIgF_KYav6VdjXTI4yk_LW4yoVO9s6NXpysgb7Cb65vpxcxgqzOAKvIbLQxaAETcqHT","https:\/\/x.com\/congovirtuel","https:\/\/www.youtube.com\/channel\/UCkFfprYzGgS3EWNpeMXpToQ?view_as=subscriber"]},{"@type":"Person","@id":"https:\/\/congovirtuel.com\/information\/#\/schema\/person\/739a44bf7990966cb53d58d2fdeca0b6","name":"infocongovirtuel","image":{"@type":"ImageObject","inLanguage":"fr-FR","@id":"https:\/\/secure.gravatar.com\/avatar\/4d76991aa72469f0eb22e772586c99113c6997f88da636a9db8f2ce3a2c05e69?s=96&d=mm&r=g","url":"https:\/\/secure.gravatar.com\/avatar\/4d76991aa72469f0eb22e772586c99113c6997f88da636a9db8f2ce3a2c05e69?s=96&d=mm&r=g","contentUrl":"https:\/\/secure.gravatar.com\/avatar\/4d76991aa72469f0eb22e772586c99113c6997f88da636a9db8f2ce3a2c05e69?s=96&d=mm&r=g","caption":"infocongovirtuel"},"url":"https:\/\/congovirtuel.com\/information\/author\/infocongovirtuel\/"}]}},"gt_translate_keys":[{"key":"link","format":"url"}],"_links":{"self":[{"href":"https:\/\/congovirtuel.com\/information\/wp-json\/wp\/v2\/posts\/12336","targetHints":{"allow":["GET"]}}],"collection":[{"href":"https:\/\/congovirtuel.com\/information\/wp-json\/wp\/v2\/posts"}],"about":[{"href":"https:\/\/congovirtuel.com\/information\/wp-json\/wp\/v2\/types\/post"}],"author":[{"embeddable":true,"href":"https:\/\/congovirtuel.com\/information\/wp-json\/wp\/v2\/users\/1"}],"replies":[{"embeddable":true,"href":"https:\/\/congovirtuel.com\/information\/wp-json\/wp\/v2\/comments?post=12336"}],"version-history":[{"count":1,"href":"https:\/\/congovirtuel.com\/information\/wp-json\/wp\/v2\/posts\/12336\/revisions"}],"predecessor-version":[{"id":12339,"href":"https:\/\/congovirtuel.com\/information\/wp-json\/wp\/v2\/posts\/12336\/revisions\/12339"}],"wp:featuredmedia":[{"embeddable":true,"href":"https:\/\/congovirtuel.com\/information\/wp-json\/wp\/v2\/media\/12338"}],"wp:attachment":[{"href":"https:\/\/congovirtuel.com\/information\/wp-json\/wp\/v2\/media?parent=12336"}],"wp:term":[{"taxonomy":"category","embeddable":true,"href":"https:\/\/congovirtuel.com\/information\/wp-json\/wp\/v2\/categories?post=12336"},{"taxonomy":"post_tag","embeddable":true,"href":"https:\/\/congovirtuel.com\/information\/wp-json\/wp\/v2\/tags?post=12336"}],"curies":[{"name":"wp","href":"https:\/\/api.w.org\/{rel}","templated":true}]}}