{"id":12377,"date":"2021-08-03T12:17:12","date_gmt":"2021-08-03T11:17:12","guid":{"rendered":"https:\/\/congovirtuel.com\/information\/?p=12377"},"modified":"2021-08-03T12:17:14","modified_gmt":"2021-08-03T11:17:14","slug":"felix-tshisekedi-daccord-pour-succeder-a-denis-sassou-nguesso-a-la-tete-de-la-ceeac-en-2022","status":"publish","type":"post","link":"https:\/\/congovirtuel.com\/information\/felix-tshisekedi-daccord-pour-succeder-a-denis-sassou-nguesso-a-la-tete-de-la-ceeac-en-2022\/","title":{"rendered":"F\u00e9lix Tshisekedi d\u2019accord pour succ\u00e9der \u00e0 Denis Sassou N\u2019Guesso \u00e0 la t\u00eate de la CEEAC en 2022","gt_translate_keys":[{"key":"rendered","format":"text"}]},"content":{"rendered":"\n<p class=\"wp-block-paragraph\">Le Pr\u00e9sident de la RDC est favorable \u00e0 la succession de son homologue de la R\u00e9publique du Congo dont le mandat prendra fin en 2022\u00e0 la t\u00eate de la Communaut\u00e9 \u00e9conomique des \u00c9tats de l\u2019Afrique centrale (CEEAC).<\/p>\n\n\n\n<p class=\"wp-block-paragraph\">Le Pr\u00e9sident de la R\u00e9publique d\u00e9mocratique du Congo, F\u00e9lix Antoine Tshisekedi a marqu\u00e9 &nbsp;son accord de principe pour succ\u00e9der \u00e0 son homologue de la R\u00e9publique du Congo Denis Sassou N\u2019guesso au poste &nbsp;de pr\u00e9sident de la Communaut\u00e9 \u00e9conomique des \u00c9tats de l\u2019Afrique centrale (CEEAC) en 2022.<\/p>\n\n\n\n<p class=\"wp-block-paragraph\">Cette nouvelle a \u00e9t\u00e9 livr\u00e9e \u00e0 la presse lundi par le pr\u00e9sident de la Commission de cette organisation \u00e9conomique, M. Gilberto Da Piedade Verrissimo apr\u00e8s une audience lui accord\u00e9e par le concern\u00e9 en son cabinet \u00e0 la cit\u00e9 de l\u2019Union africaine (UA) dans la commune de Ngaliema.<\/p>\n\n\n\n<p class=\"wp-block-paragraph\">Le pr\u00e9sident de la Commission de la CEEAC qui &nbsp;\u00e9tait accompagn\u00e9 par le ministre congolais &nbsp;de l\u2019Int\u00e9gration r\u00e9gionale, &nbsp;Didier Manzenga et de la Conseill\u00e8re sp\u00e9ciale du Chef de l\u2019\u00c9tat en charge de la Coop\u00e9ration r\u00e9gionale, Mme Bestine Kazadi a en outre relev\u00e9 que \u00ab La RDC est \u00e9ligible \u00e0 ce poste \u00bb.<\/p>\n\n\n\n<p class=\"wp-block-paragraph\">\u00ab C\u2019est l\u2019une des raisons majeures de &nbsp;sa rencontre avec le Pr\u00e9sident F\u00e9lix Antoine Tshisekedi Tshilombo \u00bb, a-t-il pr\u00e9cis\u00e9, avant d\u2019expliquer que plusieurs autres sujets, examin\u00e9s au cours de &nbsp;la 19\u00e8me &nbsp;session ordinaire de la Conf\u00e9rence des Chefs d\u2019\u00c9tats et de Gouvernement de la CEEAC, qui avait r\u00e9uni, vendredi dernier par visioconf\u00e9rence les Chefs d\u2019\u00c9tat et de gouvernement de la sous-r\u00e9gion, ont \u00e9galement \u00e9t\u00e9 \u00e9voqu\u00e9s au cours de cette rencontre.<\/p>\n\n\n\n<p class=\"wp-block-paragraph\">Il s\u2019agit, a-t-il not\u00e9, &nbsp;de 17 d\u00e9cisions qui avaient \u00e9t\u00e9 approuv\u00e9es, dans le cadre de la mise en \u0153uvre de l\u2019int\u00e9gration r\u00e9gionale. Il manque une d\u00e9cision et une \u00e9quipe de la Commission de la CEEAC arrive &nbsp;mercredi prochain \u00e0 Brazzaville pour travailler avec les autorit\u00e9s, en vue de l\u2019approuver.<\/p>\n\n\n\n<p class=\"wp-block-paragraph\">Il a poursuivi que ce sont, toutes, des d\u00e9cisions pour faire avancer le processus de l\u2019int\u00e9gration r\u00e9gionale qui concernent la s\u00e9curit\u00e9 maritime en Afrique centrale, l\u2019organisation de sant\u00e9 et la zone de libre-\u00e9change en Afrique centrale qui doit \u00eatre soutenue par la Zone de libre-\u00e9change continentale (ZLECAF), la vaccination dans la &nbsp;r\u00e9gion d\u2019Afrique centrale, les agences sp\u00e9cialis\u00e9es et leur m\u00e9canisme d\u2019ex\u00e9cution&#8230;<\/p>\n\n\n\n<p class=\"wp-block-paragraph\">Par ailleurs, il poursuivi que la CEEAC traverse des difficult\u00e9s notamment, le manque de moyens et du personnel, pr\u00e9cisant que la CEEAC ne dispose que de 72 au lieu de&nbsp;400 fonctionnaires.<\/p>\n\n\n\n<p class=\"wp-block-paragraph\">La CEEAC qui est compos\u00e9e de la RDC, de l\u2019Angola, du Rwanda, du Burundi, du &nbsp;Cameroun, de la R\u00e9publique centrafricaine, de la R\u00e9publique du Congo, de la Guin\u00e9e Equatoriale, du Tchad et &nbsp;du &nbsp;Sao Tom\u00e9-et-Princip\u00e9 a \u00e9t\u00e9 cr\u00e9\u00e9e le 18 octobre 1983. Le Pr\u00e9sident Denis Sassou Nguesso est \u00e0 la t\u00eate de cette organisation depuis 2020. Son mandat \u00e0 prendra fin en 2022.<\/p>\n\n\n\n<p class=\"wp-block-paragraph\"><strong>Boni Tsala<\/strong>\/Digital Congo<\/p>\n","protected":false,"gt_translate_keys":[{"key":"rendered","format":"html"}]},"excerpt":{"rendered":"<p>Le Pr\u00e9sident de la RDC est favorable \u00e0 la succession de son homologue de la R\u00e9publique du Congo dont le mandat prendra fin en 2022\u00e0 la t\u00eate de la Communaut\u00e9 \u00e9conomique des \u00c9tats de l\u2019Afrique centrale (CEEAC). Le Pr\u00e9sident de la R\u00e9publique d\u00e9mocratique du Congo, F\u00e9lix Antoine Tshisekedi a marqu\u00e9 &nbsp;son accord de principe pour succ\u00e9der \u00e0 son homologue de la R\u00e9publique du Congo Denis Sassou N\u2019guesso au poste &nbsp;de pr\u00e9sident de la Communaut\u00e9 \u00e9conomique des \u00c9tats de l\u2019Afrique centrale (CEEAC) en 2022. Cette nouvelle a \u00e9t\u00e9 livr\u00e9e \u00e0 la&hellip;<\/p>\n","protected":false,"gt_translate_keys":[{"key":"rendered","format":"html"}]},"author":1,"featured_media":9079,"comment_status":"open","ping_status":"open","sticky":false,"template":"","format":"standard","meta":{"_crdt_document":"","footnotes":""},"categories":[12],"tags":[15141],"class_list":["post-12377","post","type-post","status-publish","format-standard","has-post-thumbnail","hentry","category-afrique","tag-tshisekedi-presidence-ceeac-2022"],"gutentor_comment":0,"yoast_head":"<!-- This site is optimized with the Yoast SEO plugin v27.5 - https:\/\/yoast.com\/product\/yoast-seo-wordpress\/ -->\n<title>F\u00e9lix Tshisekedi d\u2019accord pour succ\u00e9der \u00e0 Denis Sassou N\u2019Guesso \u00e0 la t\u00eate de la CEEAC en 2022 - Actualit\u00e9s congolaises et internationales<\/title>\n<meta name=\"robots\" content=\"index, follow, max-snippet:-1, max-image-preview:large, max-video-preview:-1\" \/>\n<link rel=\"canonical\" href=\"https:\/\/congovirtuel.com\/information\/felix-tshisekedi-daccord-pour-succeder-a-denis-sassou-nguesso-a-la-tete-de-la-ceeac-en-2022\/\" \/>\n<meta property=\"og:locale\" content=\"fr_FR\" \/>\n<meta property=\"og:type\" content=\"article\" \/>\n<meta property=\"og:title\" content=\"F\u00e9lix Tshisekedi d\u2019accord pour succ\u00e9der \u00e0 Denis Sassou N\u2019Guesso \u00e0 la t\u00eate de la CEEAC en 2022 - Actualit\u00e9s congolaises et internationales\" \/>\n<meta property=\"og:description\" content=\"Le Pr\u00e9sident de la RDC est favorable \u00e0 la succession de son homologue de la R\u00e9publique du Congo dont le mandat prendra fin en 2022\u00e0 la t\u00eate de la Communaut\u00e9 \u00e9conomique des \u00c9tats de l\u2019Afrique centrale (CEEAC). Le Pr\u00e9sident de la R\u00e9publique d\u00e9mocratique du Congo, F\u00e9lix Antoine Tshisekedi a marqu\u00e9 &nbsp;son accord de principe pour succ\u00e9der \u00e0 son homologue de la R\u00e9publique du Congo Denis Sassou N\u2019guesso au poste &nbsp;de pr\u00e9sident de la Communaut\u00e9 \u00e9conomique des \u00c9tats de l\u2019Afrique centrale (CEEAC) en 2022. Cette nouvelle a \u00e9t\u00e9 livr\u00e9e \u00e0 la&hellip;\" \/>\n<meta property=\"og:url\" content=\"https:\/\/congovirtuel.com\/information\/felix-tshisekedi-daccord-pour-succeder-a-denis-sassou-nguesso-a-la-tete-de-la-ceeac-en-2022\/\" \/>\n<meta property=\"og:site_name\" content=\"Actualit\u00e9s congolaises et internationales\" \/>\n<meta property=\"article:publisher\" content=\"https:\/\/web.facebook.com\/Congovirtuel-763617960319601\/?ref=aymt_homepage_panel&amp;amp%3bamp%3bamp%3bamp%3bamp%3bamp%3bamp%3bamp%3bamp%3bamp%3bamp%3beid=ARCoxULa66767kIgF_KYav6VdjXTI4yk_LW4yoVO9s6NXpysgb7Cb65vpxcxgqzOAKvIbLQxaAETcqHT\" \/>\n<meta property=\"article:published_time\" content=\"2021-08-03T11:17:12+00:00\" \/>\n<meta property=\"article:modified_time\" content=\"2021-08-03T11:17:14+00:00\" \/>\n<meta property=\"og:image\" content=\"https:\/\/congovirtuel.com\/information\/wp-content\/uploads\/2021\/05\/SKE__cbus_0542211205TSHISEKEDIETATSUNIS_mGlis.jpg\" \/>\n\t<meta property=\"og:image:width\" content=\"850\" \/>\n\t<meta property=\"og:image:height\" content=\"565\" \/>\n\t<meta property=\"og:image:type\" content=\"image\/jpeg\" \/>\n<meta name=\"author\" content=\"infocongovirtuel\" \/>\n<meta name=\"twitter:card\" content=\"summary_large_image\" \/>\n<meta name=\"twitter:creator\" content=\"@congovirtuel\" \/>\n<meta name=\"twitter:site\" content=\"@congovirtuel\" \/>\n<meta name=\"twitter:label1\" content=\"\u00c9crit par\" \/>\n\t<meta name=\"twitter:data1\" content=\"infocongovirtuel\" \/>\n\t<meta name=\"twitter:label2\" content=\"Dur\u00e9e de lecture estim\u00e9e\" \/>\n\t<meta name=\"twitter:data2\" content=\"2 minutes\" \/>\n<script type=\"application\/ld+json\" class=\"yoast-schema-graph\">{\"@context\":\"https:\\\/\\\/schema.org\",\"@graph\":[{\"@type\":\"Article\",\"@id\":\"https:\\\/\\\/congovirtuel.com\\\/information\\\/felix-tshisekedi-daccord-pour-succeder-a-denis-sassou-nguesso-a-la-tete-de-la-ceeac-en-2022\\\/#article\",\"isPartOf\":{\"@id\":\"https:\\\/\\\/congovirtuel.com\\\/information\\\/felix-tshisekedi-daccord-pour-succeder-a-denis-sassou-nguesso-a-la-tete-de-la-ceeac-en-2022\\\/\"},\"author\":{\"name\":\"infocongovirtuel\",\"@id\":\"https:\\\/\\\/congovirtuel.com\\\/information\\\/#\\\/schema\\\/person\\\/739a44bf7990966cb53d58d2fdeca0b6\"},\"headline\":\"F\u00e9lix Tshisekedi d\u2019accord pour succ\u00e9der \u00e0 Denis Sassou N\u2019Guesso \u00e0 la t\u00eate de la CEEAC en 2022\",\"datePublished\":\"2021-08-03T11:17:12+00:00\",\"dateModified\":\"2021-08-03T11:17:14+00:00\",\"mainEntityOfPage\":{\"@id\":\"https:\\\/\\\/congovirtuel.com\\\/information\\\/felix-tshisekedi-daccord-pour-succeder-a-denis-sassou-nguesso-a-la-tete-de-la-ceeac-en-2022\\\/\"},\"wordCount\":550,\"commentCount\":0,\"publisher\":{\"@id\":\"https:\\\/\\\/congovirtuel.com\\\/information\\\/#organization\"},\"image\":{\"@id\":\"https:\\\/\\\/congovirtuel.com\\\/information\\\/felix-tshisekedi-daccord-pour-succeder-a-denis-sassou-nguesso-a-la-tete-de-la-ceeac-en-2022\\\/#primaryimage\"},\"thumbnailUrl\":\"https:\\\/\\\/congovirtuel.com\\\/information\\\/wp-content\\\/uploads\\\/2021\\\/05\\\/SKE__cbus_0542211205TSHISEKEDIETATSUNIS_mGlis.jpg\",\"keywords\":[\"Tshisekedi pr\u00e9sidence CEEAC 2022\"],\"articleSection\":[\"Afrique\"],\"inLanguage\":\"fr-FR\",\"potentialAction\":[{\"@type\":\"CommentAction\",\"name\":\"Comment\",\"target\":[\"https:\\\/\\\/congovirtuel.com\\\/information\\\/felix-tshisekedi-daccord-pour-succeder-a-denis-sassou-nguesso-a-la-tete-de-la-ceeac-en-2022\\\/#respond\"]}]},{\"@type\":\"WebPage\",\"@id\":\"https:\\\/\\\/congovirtuel.com\\\/information\\\/felix-tshisekedi-daccord-pour-succeder-a-denis-sassou-nguesso-a-la-tete-de-la-ceeac-en-2022\\\/\",\"url\":\"https:\\\/\\\/congovirtuel.com\\\/information\\\/felix-tshisekedi-daccord-pour-succeder-a-denis-sassou-nguesso-a-la-tete-de-la-ceeac-en-2022\\\/\",\"name\":\"F\u00e9lix Tshisekedi d\u2019accord pour succ\u00e9der \u00e0 Denis Sassou N\u2019Guesso \u00e0 la t\u00eate de la CEEAC en 2022 - Actualit\u00e9s congolaises et internationales\",\"isPartOf\":{\"@id\":\"https:\\\/\\\/congovirtuel.com\\\/information\\\/#website\"},\"primaryImageOfPage\":{\"@id\":\"https:\\\/\\\/congovirtuel.com\\\/information\\\/felix-tshisekedi-daccord-pour-succeder-a-denis-sassou-nguesso-a-la-tete-de-la-ceeac-en-2022\\\/#primaryimage\"},\"image\":{\"@id\":\"https:\\\/\\\/congovirtuel.com\\\/information\\\/felix-tshisekedi-daccord-pour-succeder-a-denis-sassou-nguesso-a-la-tete-de-la-ceeac-en-2022\\\/#primaryimage\"},\"thumbnailUrl\":\"https:\\\/\\\/congovirtuel.com\\\/information\\\/wp-content\\\/uploads\\\/2021\\\/05\\\/SKE__cbus_0542211205TSHISEKEDIETATSUNIS_mGlis.jpg\",\"datePublished\":\"2021-08-03T11:17:12+00:00\",\"dateModified\":\"2021-08-03T11:17:14+00:00\",\"breadcrumb\":{\"@id\":\"https:\\\/\\\/congovirtuel.com\\\/information\\\/felix-tshisekedi-daccord-pour-succeder-a-denis-sassou-nguesso-a-la-tete-de-la-ceeac-en-2022\\\/#breadcrumb\"},\"inLanguage\":\"fr-FR\",\"potentialAction\":[{\"@type\":\"ReadAction\",\"target\":[\"https:\\\/\\\/congovirtuel.com\\\/information\\\/felix-tshisekedi-daccord-pour-succeder-a-denis-sassou-nguesso-a-la-tete-de-la-ceeac-en-2022\\\/\"]}]},{\"@type\":\"ImageObject\",\"inLanguage\":\"fr-FR\",\"@id\":\"https:\\\/\\\/congovirtuel.com\\\/information\\\/felix-tshisekedi-daccord-pour-succeder-a-denis-sassou-nguesso-a-la-tete-de-la-ceeac-en-2022\\\/#primaryimage\",\"url\":\"https:\\\/\\\/congovirtuel.com\\\/information\\\/wp-content\\\/uploads\\\/2021\\\/05\\\/SKE__cbus_0542211205TSHISEKEDIETATSUNIS_mGlis.jpg\",\"contentUrl\":\"https:\\\/\\\/congovirtuel.com\\\/information\\\/wp-content\\\/uploads\\\/2021\\\/05\\\/SKE__cbus_0542211205TSHISEKEDIETATSUNIS_mGlis.jpg\",\"width\":850,\"height\":565},{\"@type\":\"BreadcrumbList\",\"@id\":\"https:\\\/\\\/congovirtuel.com\\\/information\\\/felix-tshisekedi-daccord-pour-succeder-a-denis-sassou-nguesso-a-la-tete-de-la-ceeac-en-2022\\\/#breadcrumb\",\"itemListElement\":[{\"@type\":\"ListItem\",\"position\":1,\"name\":\"Accueil\",\"item\":\"https:\\\/\\\/congovirtuel.com\\\/information\\\/\"},{\"@type\":\"ListItem\",\"position\":2,\"name\":\"F\u00e9lix Tshisekedi d\u2019accord pour succ\u00e9der \u00e0 Denis Sassou N\u2019Guesso \u00e0 la t\u00eate de la CEEAC en 2022\"}]},{\"@type\":\"WebSite\",\"@id\":\"https:\\\/\\\/congovirtuel.com\\\/information\\\/#website\",\"url\":\"https:\\\/\\\/congovirtuel.com\\\/information\\\/\",\"name\":\"Actualit\u00e9s congolaises et internationales\",\"description\":\"site d&#039;analyse et de traitement d&#039;information\",\"publisher\":{\"@id\":\"https:\\\/\\\/congovirtuel.com\\\/information\\\/#organization\"},\"potentialAction\":[{\"@type\":\"SearchAction\",\"target\":{\"@type\":\"EntryPoint\",\"urlTemplate\":\"https:\\\/\\\/congovirtuel.com\\\/information\\\/?s={search_term_string}\"},\"query-input\":{\"@type\":\"PropertyValueSpecification\",\"valueRequired\":true,\"valueName\":\"search_term_string\"}}],\"inLanguage\":\"fr-FR\"},{\"@type\":\"Organization\",\"@id\":\"https:\\\/\\\/congovirtuel.com\\\/information\\\/#organization\",\"name\":\"Biblioth\u00e8que Virtuelle de la RDC\",\"url\":\"https:\\\/\\\/congovirtuel.com\\\/information\\\/\",\"logo\":{\"@type\":\"ImageObject\",\"inLanguage\":\"fr-FR\",\"@id\":\"https:\\\/\\\/congovirtuel.com\\\/information\\\/#\\\/schema\\\/logo\\\/image\\\/\",\"url\":\"https:\\\/\\\/congovirtuel.com\\\/information\\\/wp-content\\\/uploads\\\/2018\\\/10\\\/header-info-congovirtuel-vraie.jpg\",\"contentUrl\":\"https:\\\/\\\/congovirtuel.com\\\/information\\\/wp-content\\\/uploads\\\/2018\\\/10\\\/header-info-congovirtuel-vraie.jpg\",\"width\":728,\"height\":90,\"caption\":\"Biblioth\u00e8que Virtuelle de la RDC\"},\"image\":{\"@id\":\"https:\\\/\\\/congovirtuel.com\\\/information\\\/#\\\/schema\\\/logo\\\/image\\\/\"},\"sameAs\":[\"https:\\\/\\\/web.facebook.com\\\/Congovirtuel-763617960319601\\\/?ref=aymt_homepage_panel&amp;amp;amp;amp;amp;amp;amp;amp;amp;amp;amp;eid=ARCoxULa66767kIgF_KYav6VdjXTI4yk_LW4yoVO9s6NXpysgb7Cb65vpxcxgqzOAKvIbLQxaAETcqHT\",\"https:\\\/\\\/x.com\\\/congovirtuel\",\"https:\\\/\\\/www.youtube.com\\\/channel\\\/UCkFfprYzGgS3EWNpeMXpToQ?view_as=subscriber\"]},{\"@type\":\"Person\",\"@id\":\"https:\\\/\\\/congovirtuel.com\\\/information\\\/#\\\/schema\\\/person\\\/739a44bf7990966cb53d58d2fdeca0b6\",\"name\":\"infocongovirtuel\",\"image\":{\"@type\":\"ImageObject\",\"inLanguage\":\"fr-FR\",\"@id\":\"https:\\\/\\\/secure.gravatar.com\\\/avatar\\\/4d76991aa72469f0eb22e772586c99113c6997f88da636a9db8f2ce3a2c05e69?s=96&d=mm&r=g\",\"url\":\"https:\\\/\\\/secure.gravatar.com\\\/avatar\\\/4d76991aa72469f0eb22e772586c99113c6997f88da636a9db8f2ce3a2c05e69?s=96&d=mm&r=g\",\"contentUrl\":\"https:\\\/\\\/secure.gravatar.com\\\/avatar\\\/4d76991aa72469f0eb22e772586c99113c6997f88da636a9db8f2ce3a2c05e69?s=96&d=mm&r=g\",\"caption\":\"infocongovirtuel\"},\"url\":\"https:\\\/\\\/congovirtuel.com\\\/information\\\/author\\\/infocongovirtuel\\\/\"}]}<\/script>\n<!-- \/ Yoast SEO plugin. -->","yoast_head_json":{"title":"F\u00e9lix Tshisekedi d\u2019accord pour succ\u00e9der \u00e0 Denis Sassou N\u2019Guesso \u00e0 la t\u00eate de la CEEAC en 2022 - Actualit\u00e9s congolaises et internationales","robots":{"index":"index","follow":"follow","max-snippet":"max-snippet:-1","max-image-preview":"max-image-preview:large","max-video-preview":"max-video-preview:-1"},"canonical":"https:\/\/congovirtuel.com\/information\/felix-tshisekedi-daccord-pour-succeder-a-denis-sassou-nguesso-a-la-tete-de-la-ceeac-en-2022\/","og_locale":"fr_FR","og_type":"article","og_title":"F\u00e9lix Tshisekedi d\u2019accord pour succ\u00e9der \u00e0 Denis Sassou N\u2019Guesso \u00e0 la t\u00eate de la CEEAC en 2022 - Actualit\u00e9s congolaises et internationales","og_description":"Le Pr\u00e9sident de la RDC est favorable \u00e0 la succession de son homologue de la R\u00e9publique du Congo dont le mandat prendra fin en 2022\u00e0 la t\u00eate de la Communaut\u00e9 \u00e9conomique des \u00c9tats de l\u2019Afrique centrale (CEEAC). Le Pr\u00e9sident de la R\u00e9publique d\u00e9mocratique du Congo, F\u00e9lix Antoine Tshisekedi a marqu\u00e9 &nbsp;son accord de principe pour succ\u00e9der \u00e0 son homologue de la R\u00e9publique du Congo Denis Sassou N\u2019guesso au poste &nbsp;de pr\u00e9sident de la Communaut\u00e9 \u00e9conomique des \u00c9tats de l\u2019Afrique centrale (CEEAC) en 2022. Cette nouvelle a \u00e9t\u00e9 livr\u00e9e \u00e0 la&hellip;","og_url":"https:\/\/congovirtuel.com\/information\/felix-tshisekedi-daccord-pour-succeder-a-denis-sassou-nguesso-a-la-tete-de-la-ceeac-en-2022\/","og_site_name":"Actualit\u00e9s congolaises et internationales","article_publisher":"https:\/\/web.facebook.com\/Congovirtuel-763617960319601\/?ref=aymt_homepage_panel&amp%3bamp%3bamp%3bamp%3bamp%3bamp%3bamp%3bamp%3bamp%3bamp%3bamp%3beid=ARCoxULa66767kIgF_KYav6VdjXTI4yk_LW4yoVO9s6NXpysgb7Cb65vpxcxgqzOAKvIbLQxaAETcqHT","article_published_time":"2021-08-03T11:17:12+00:00","article_modified_time":"2021-08-03T11:17:14+00:00","og_image":[{"width":850,"height":565,"url":"https:\/\/congovirtuel.com\/information\/wp-content\/uploads\/2021\/05\/SKE__cbus_0542211205TSHISEKEDIETATSUNIS_mGlis.jpg","type":"image\/jpeg"}],"author":"infocongovirtuel","twitter_card":"summary_large_image","twitter_creator":"@congovirtuel","twitter_site":"@congovirtuel","twitter_misc":{"\u00c9crit par":"infocongovirtuel","Dur\u00e9e de lecture estim\u00e9e":"2 minutes"},"schema":{"@context":"https:\/\/schema.org","@graph":[{"@type":"Article","@id":"https:\/\/congovirtuel.com\/information\/felix-tshisekedi-daccord-pour-succeder-a-denis-sassou-nguesso-a-la-tete-de-la-ceeac-en-2022\/#article","isPartOf":{"@id":"https:\/\/congovirtuel.com\/information\/felix-tshisekedi-daccord-pour-succeder-a-denis-sassou-nguesso-a-la-tete-de-la-ceeac-en-2022\/"},"author":{"name":"infocongovirtuel","@id":"https:\/\/congovirtuel.com\/information\/#\/schema\/person\/739a44bf7990966cb53d58d2fdeca0b6"},"headline":"F\u00e9lix Tshisekedi d\u2019accord pour succ\u00e9der \u00e0 Denis Sassou N\u2019Guesso \u00e0 la t\u00eate de la CEEAC en 2022","datePublished":"2021-08-03T11:17:12+00:00","dateModified":"2021-08-03T11:17:14+00:00","mainEntityOfPage":{"@id":"https:\/\/congovirtuel.com\/information\/felix-tshisekedi-daccord-pour-succeder-a-denis-sassou-nguesso-a-la-tete-de-la-ceeac-en-2022\/"},"wordCount":550,"commentCount":0,"publisher":{"@id":"https:\/\/congovirtuel.com\/information\/#organization"},"image":{"@id":"https:\/\/congovirtuel.com\/information\/felix-tshisekedi-daccord-pour-succeder-a-denis-sassou-nguesso-a-la-tete-de-la-ceeac-en-2022\/#primaryimage"},"thumbnailUrl":"https:\/\/congovirtuel.com\/information\/wp-content\/uploads\/2021\/05\/SKE__cbus_0542211205TSHISEKEDIETATSUNIS_mGlis.jpg","keywords":["Tshisekedi pr\u00e9sidence CEEAC 2022"],"articleSection":["Afrique"],"inLanguage":"fr-FR","potentialAction":[{"@type":"CommentAction","name":"Comment","target":["https:\/\/congovirtuel.com\/information\/felix-tshisekedi-daccord-pour-succeder-a-denis-sassou-nguesso-a-la-tete-de-la-ceeac-en-2022\/#respond"]}]},{"@type":"WebPage","@id":"https:\/\/congovirtuel.com\/information\/felix-tshisekedi-daccord-pour-succeder-a-denis-sassou-nguesso-a-la-tete-de-la-ceeac-en-2022\/","url":"https:\/\/congovirtuel.com\/information\/felix-tshisekedi-daccord-pour-succeder-a-denis-sassou-nguesso-a-la-tete-de-la-ceeac-en-2022\/","name":"F\u00e9lix Tshisekedi d\u2019accord pour succ\u00e9der \u00e0 Denis Sassou N\u2019Guesso \u00e0 la t\u00eate de la CEEAC en 2022 - Actualit\u00e9s congolaises et internationales","isPartOf":{"@id":"https:\/\/congovirtuel.com\/information\/#website"},"primaryImageOfPage":{"@id":"https:\/\/congovirtuel.com\/information\/felix-tshisekedi-daccord-pour-succeder-a-denis-sassou-nguesso-a-la-tete-de-la-ceeac-en-2022\/#primaryimage"},"image":{"@id":"https:\/\/congovirtuel.com\/information\/felix-tshisekedi-daccord-pour-succeder-a-denis-sassou-nguesso-a-la-tete-de-la-ceeac-en-2022\/#primaryimage"},"thumbnailUrl":"https:\/\/congovirtuel.com\/information\/wp-content\/uploads\/2021\/05\/SKE__cbus_0542211205TSHISEKEDIETATSUNIS_mGlis.jpg","datePublished":"2021-08-03T11:17:12+00:00","dateModified":"2021-08-03T11:17:14+00:00","breadcrumb":{"@id":"https:\/\/congovirtuel.com\/information\/felix-tshisekedi-daccord-pour-succeder-a-denis-sassou-nguesso-a-la-tete-de-la-ceeac-en-2022\/#breadcrumb"},"inLanguage":"fr-FR","potentialAction":[{"@type":"ReadAction","target":["https:\/\/congovirtuel.com\/information\/felix-tshisekedi-daccord-pour-succeder-a-denis-sassou-nguesso-a-la-tete-de-la-ceeac-en-2022\/"]}]},{"@type":"ImageObject","inLanguage":"fr-FR","@id":"https:\/\/congovirtuel.com\/information\/felix-tshisekedi-daccord-pour-succeder-a-denis-sassou-nguesso-a-la-tete-de-la-ceeac-en-2022\/#primaryimage","url":"https:\/\/congovirtuel.com\/information\/wp-content\/uploads\/2021\/05\/SKE__cbus_0542211205TSHISEKEDIETATSUNIS_mGlis.jpg","contentUrl":"https:\/\/congovirtuel.com\/information\/wp-content\/uploads\/2021\/05\/SKE__cbus_0542211205TSHISEKEDIETATSUNIS_mGlis.jpg","width":850,"height":565},{"@type":"BreadcrumbList","@id":"https:\/\/congovirtuel.com\/information\/felix-tshisekedi-daccord-pour-succeder-a-denis-sassou-nguesso-a-la-tete-de-la-ceeac-en-2022\/#breadcrumb","itemListElement":[{"@type":"ListItem","position":1,"name":"Accueil","item":"https:\/\/congovirtuel.com\/information\/"},{"@type":"ListItem","position":2,"name":"F\u00e9lix Tshisekedi d\u2019accord pour succ\u00e9der \u00e0 Denis Sassou N\u2019Guesso \u00e0 la t\u00eate de la CEEAC en 2022"}]},{"@type":"WebSite","@id":"https:\/\/congovirtuel.com\/information\/#website","url":"https:\/\/congovirtuel.com\/information\/","name":"Actualit\u00e9s congolaises et internationales","description":"site d&#039;analyse et de traitement d&#039;information","publisher":{"@id":"https:\/\/congovirtuel.com\/information\/#organization"},"potentialAction":[{"@type":"SearchAction","target":{"@type":"EntryPoint","urlTemplate":"https:\/\/congovirtuel.com\/information\/?s={search_term_string}"},"query-input":{"@type":"PropertyValueSpecification","valueRequired":true,"valueName":"search_term_string"}}],"inLanguage":"fr-FR"},{"@type":"Organization","@id":"https:\/\/congovirtuel.com\/information\/#organization","name":"Biblioth\u00e8que Virtuelle de la RDC","url":"https:\/\/congovirtuel.com\/information\/","logo":{"@type":"ImageObject","inLanguage":"fr-FR","@id":"https:\/\/congovirtuel.com\/information\/#\/schema\/logo\/image\/","url":"https:\/\/congovirtuel.com\/information\/wp-content\/uploads\/2018\/10\/header-info-congovirtuel-vraie.jpg","contentUrl":"https:\/\/congovirtuel.com\/information\/wp-content\/uploads\/2018\/10\/header-info-congovirtuel-vraie.jpg","width":728,"height":90,"caption":"Biblioth\u00e8que Virtuelle de la RDC"},"image":{"@id":"https:\/\/congovirtuel.com\/information\/#\/schema\/logo\/image\/"},"sameAs":["https:\/\/web.facebook.com\/Congovirtuel-763617960319601\/?ref=aymt_homepage_panel&amp;amp;amp;amp;amp;amp;amp;amp;amp;amp;amp;eid=ARCoxULa66767kIgF_KYav6VdjXTI4yk_LW4yoVO9s6NXpysgb7Cb65vpxcxgqzOAKvIbLQxaAETcqHT","https:\/\/x.com\/congovirtuel","https:\/\/www.youtube.com\/channel\/UCkFfprYzGgS3EWNpeMXpToQ?view_as=subscriber"]},{"@type":"Person","@id":"https:\/\/congovirtuel.com\/information\/#\/schema\/person\/739a44bf7990966cb53d58d2fdeca0b6","name":"infocongovirtuel","image":{"@type":"ImageObject","inLanguage":"fr-FR","@id":"https:\/\/secure.gravatar.com\/avatar\/4d76991aa72469f0eb22e772586c99113c6997f88da636a9db8f2ce3a2c05e69?s=96&d=mm&r=g","url":"https:\/\/secure.gravatar.com\/avatar\/4d76991aa72469f0eb22e772586c99113c6997f88da636a9db8f2ce3a2c05e69?s=96&d=mm&r=g","contentUrl":"https:\/\/secure.gravatar.com\/avatar\/4d76991aa72469f0eb22e772586c99113c6997f88da636a9db8f2ce3a2c05e69?s=96&d=mm&r=g","caption":"infocongovirtuel"},"url":"https:\/\/congovirtuel.com\/information\/author\/infocongovirtuel\/"}]}},"gt_translate_keys":[{"key":"link","format":"url"}],"_links":{"self":[{"href":"https:\/\/congovirtuel.com\/information\/wp-json\/wp\/v2\/posts\/12377","targetHints":{"allow":["GET"]}}],"collection":[{"href":"https:\/\/congovirtuel.com\/information\/wp-json\/wp\/v2\/posts"}],"about":[{"href":"https:\/\/congovirtuel.com\/information\/wp-json\/wp\/v2\/types\/post"}],"author":[{"embeddable":true,"href":"https:\/\/congovirtuel.com\/information\/wp-json\/wp\/v2\/users\/1"}],"replies":[{"embeddable":true,"href":"https:\/\/congovirtuel.com\/information\/wp-json\/wp\/v2\/comments?post=12377"}],"version-history":[{"count":1,"href":"https:\/\/congovirtuel.com\/information\/wp-json\/wp\/v2\/posts\/12377\/revisions"}],"predecessor-version":[{"id":12379,"href":"https:\/\/congovirtuel.com\/information\/wp-json\/wp\/v2\/posts\/12377\/revisions\/12379"}],"wp:featuredmedia":[{"embeddable":true,"href":"https:\/\/congovirtuel.com\/information\/wp-json\/wp\/v2\/media\/9079"}],"wp:attachment":[{"href":"https:\/\/congovirtuel.com\/information\/wp-json\/wp\/v2\/media?parent=12377"}],"wp:term":[{"taxonomy":"category","embeddable":true,"href":"https:\/\/congovirtuel.com\/information\/wp-json\/wp\/v2\/categories?post=12377"},{"taxonomy":"post_tag","embeddable":true,"href":"https:\/\/congovirtuel.com\/information\/wp-json\/wp\/v2\/tags?post=12377"}],"curies":[{"name":"wp","href":"https:\/\/api.w.org\/{rel}","templated":true}]}}