{"id":12421,"date":"2021-08-04T13:20:34","date_gmt":"2021-08-04T12:20:34","guid":{"rendered":"https:\/\/congovirtuel.com\/information\/?p=12421"},"modified":"2021-08-04T13:21:01","modified_gmt":"2021-08-04T12:21:01","slug":"intimidations-et-menaces-contre-un-lanceur-dalerte-congolais","status":"publish","type":"post","link":"https:\/\/congovirtuel.com\/information\/intimidations-et-menaces-contre-un-lanceur-dalerte-congolais\/","title":{"rendered":"Intimidations et menaces contre un lanceur d\u2019alerte congolais","gt_translate_keys":[{"key":"rendered","format":"text"}]},"content":{"rendered":"\n<p class=\"wp-block-paragraph\">La semaine derni\u00e8re, Jean-Jacques Lumumba, ancien banquier et&nbsp;<a href=\"https:\/\/www.pplaaf.org\/whistleblowers\/jean-jacques-lumumba.html\">lanceur d\u2019alerte bien connu&nbsp;<\/a>de la&nbsp;<a href=\"https:\/\/www.hrw.org\/fr\/africa\/democratic-republic-congo\">R\u00e9publique d\u00e9mocratique du Congo<\/a>, s\u2019est senti suivi en se rendant \u00e0 la gare principale de Bruxelles. Il maintient n\u00e9anmoins son programme et prend un train pour rentrer \u00e0 Paris, o\u00f9 il vit en exil. C\u2019est \u00e0 mi-parcours, alors qu\u2019il s\u2019appr\u00eatait \u00e0 changer de train \u00e0 Lille, qu\u2019il se rend compte que son sac, contenant ses deux ordinateurs portables, a disparu.<\/p>\n\n\n\n<p class=\"wp-block-paragraph\">Lumumba s\u2019\u00e9tait rendu \u00e0 Bruxelles en tant que porte-parole d\u2019une plateforme d\u2019activistes congolais appel\u00e9e \u00ab&nbsp;Congo Dynamique 2060&nbsp;\u00bb. Lors d\u2019une&nbsp;<a href=\"https:\/\/www.youtube.com\/watch?v=HiuztxezHF0\">conf\u00e9rence de presse<\/a>&nbsp;le 24 juillet, il avait notamment parl\u00e9 de la lutte contre la corruption et l\u2019impunit\u00e9 en RD Congo, de probl\u00e8mes li\u00e9s aux prochaines \u00e9lections et de l\u2019ins\u00e9curit\u00e9 dans l\u2019est du pays.<\/p>\n\n\n\n<p class=\"wp-block-paragraph\">Quelques minutes apr\u00e8s sa pr\u00e9sentation, il recevait un appel t\u00e9l\u00e9phonique d\u2019une source de confiance au sein de l\u2019appareil s\u00e9curitaire congolais, l\u2019avertissant qu\u2019il pourrait \u00eatre sous surveillance pendant son voyage.<\/p>\n\n\n\n<p class=\"wp-block-paragraph\">Le 28 juillet, soit trois jours apr\u00e8s la disparition du sac de Lumumba, la police a convoqu\u00e9 ses locataires \u00e0 Kinshasa, la capitale congolaise, pour les interroger. Les policiers ont avanc\u00e9 que la maison qu\u2019ils louaient, appartenant \u00e0 Lumumba, avait \u00e9t\u00e9 achet\u00e9e avec des fonds ill\u00e9gaux et les ont menac\u00e9 d\u2019expulsion \u00e0 moins qu\u2019ils ne fournissent certains documents contenant des informations personnelles sur lui.<\/p>\n\n\n\n<p class=\"wp-block-paragraph\">Deux jours plus tard, la voiture de Lumumba a \u00e9t\u00e9 retrouv\u00e9e calcin\u00e9e sur son parking pr\u00e8s de son domicile, en banlieue parisienne. Il a port\u00e9 plainte aupr\u00e8s de la police.<\/p>\n\n\n\n<p class=\"wp-block-paragraph\">Lumumba a \u00e9t\u00e9 contraint \u00e0 l\u2019exil en 2016 apr\u00e8s avoir \u00e9t\u00e9 t\u00e9moin d\u2019actes r\u00e9pr\u00e9hensibles lorsqu\u2019il travaillait comme cadre d\u2019une filiale congolaise de la banque BGFI. Il avait alors&nbsp;<a href=\"https:\/\/plus.lesoir.be\/66290\/article\/2016-10-29\/corruption-au-congo-les-preuves-qui-accablent-le-regime-kabila\">r\u00e9v\u00e9l\u00e9&nbsp;<\/a>un \u00e9norme scandale de corruption impliquant la famille du pr\u00e9sident de l\u2019\u00e9poque, Joseph Kabila, et ses proches collaborateurs. La mine de documents qu\u2019il a divulgu\u00e9s, connus comme les \u00ab&nbsp;<a href=\"http:\/\/lumumbapapers.info\/\">Lumumba Papers<\/a>&nbsp;\u00bb, a&nbsp;<a href=\"https:\/\/www.bloomberg.com\/news\/features\/2016-12-15\/with-his-family-fortune-at-stake-congo-president-kabila-digs-in\">mis en \u00e9vidence&nbsp;<\/a>un syst\u00e8me de corruption enracin\u00e9e, de d\u00e9tournements de fonds publics, de financement ill\u00e9gal et de malversations.<\/p>\n\n\n\n<p class=\"wp-block-paragraph\">\u00ab&nbsp;<em>Ma femme et mes enfants sont choqu<\/em>\u00e9<em>s, ils ont peur<\/em>&nbsp;\u00bb, a d\u00e9clar\u00e9 Jean-Jacques Lumumba par t\u00e9l\u00e9phone \u00e0 Human Rights Watch. Il reste pourtant d\u00e9termin\u00e9 \u00e0 d\u00e9noncer la corruption et esp\u00e8re contribuer \u00e0 en d\u00e9barrasser la RD Congo.&nbsp;<\/p>\n\n\n\n<p class=\"wp-block-paragraph\">Cette nouvelle vague d\u2019intimidations et de menaces \u00e0 l\u2019encontre de Lumumba, tant en Europe qu\u2019\u00e0 Kinshasa, est tr\u00e8s pr\u00e9occupante, non seulement pour Lumumba et ses proches, mais aussi pour tous ceux qui luttent contre la corruption en RD Congo. Les responsables qui cherchent \u00e0 promouvoir l\u2019\u00e9tat de droit en RD Congo devraient non seulement\u00a0<a href=\"https:\/\/www.hrw.org\/fr\/news\/2021\/03\/09\/rd-congo-il-faut-annuler-les-condamnations-mort-des-lanceurs-dalerte\">enqu\u00eater<\/a>\u00a0sur toutes les accusations de corruption, mais aussi sur ceux qui cherchent \u00e0 dissuader les lanceurs d\u2019alerte de parler.<\/p>\n\n\n\n<p class=\"wp-block-paragraph\"><strong>HRW<\/strong><\/p>\n","protected":false,"gt_translate_keys":[{"key":"rendered","format":"html"}]},"excerpt":{"rendered":"<p>La semaine derni\u00e8re, Jean-Jacques Lumumba, ancien banquier et&nbsp;lanceur d\u2019alerte bien connu&nbsp;de la&nbsp;R\u00e9publique d\u00e9mocratique du Congo, s\u2019est senti suivi en se rendant \u00e0 la gare principale de Bruxelles. Il maintient n\u00e9anmoins son programme et prend un train pour rentrer \u00e0 Paris, o\u00f9 il vit en exil. C\u2019est \u00e0 mi-parcours, alors qu\u2019il s\u2019appr\u00eatait \u00e0 changer de train \u00e0 Lille, qu\u2019il se rend compte que son sac, contenant ses deux ordinateurs portables, a disparu. Lumumba s\u2019\u00e9tait rendu \u00e0 Bruxelles en tant que porte-parole d\u2019une plateforme d\u2019activistes congolais appel\u00e9e \u00ab&nbsp;Congo Dynamique 2060&nbsp;\u00bb. Lors d\u2019une&nbsp;conf\u00e9rence&hellip;<\/p>\n","protected":false,"gt_translate_keys":[{"key":"rendered","format":"html"}]},"author":1,"featured_media":12422,"comment_status":"open","ping_status":"open","sticky":false,"template":"","format":"standard","meta":{"_crdt_document":"","footnotes":""},"categories":[1],"tags":[],"class_list":["post-12421","post","type-post","status-publish","format-standard","has-post-thumbnail","hentry","category-non-classe"],"gutentor_comment":0,"yoast_head":"<!-- This site is optimized with the Yoast SEO plugin v27.5 - https:\/\/yoast.com\/product\/yoast-seo-wordpress\/ -->\n<title>Intimidations et menaces contre un lanceur d\u2019alerte congolais - Actualit\u00e9s congolaises et internationales<\/title>\n<meta name=\"robots\" content=\"index, follow, max-snippet:-1, max-image-preview:large, max-video-preview:-1\" \/>\n<link rel=\"canonical\" href=\"https:\/\/congovirtuel.com\/information\/intimidations-et-menaces-contre-un-lanceur-dalerte-congolais\/\" \/>\n<meta property=\"og:locale\" content=\"fr_FR\" \/>\n<meta property=\"og:type\" content=\"article\" \/>\n<meta property=\"og:title\" content=\"Intimidations et menaces contre un lanceur d\u2019alerte congolais - Actualit\u00e9s congolaises et internationales\" \/>\n<meta property=\"og:description\" content=\"La semaine derni\u00e8re, Jean-Jacques Lumumba, ancien banquier et&nbsp;lanceur d\u2019alerte bien connu&nbsp;de la&nbsp;R\u00e9publique d\u00e9mocratique du Congo, s\u2019est senti suivi en se rendant \u00e0 la gare principale de Bruxelles. Il maintient n\u00e9anmoins son programme et prend un train pour rentrer \u00e0 Paris, o\u00f9 il vit en exil. C\u2019est \u00e0 mi-parcours, alors qu\u2019il s\u2019appr\u00eatait \u00e0 changer de train \u00e0 Lille, qu\u2019il se rend compte que son sac, contenant ses deux ordinateurs portables, a disparu. Lumumba s\u2019\u00e9tait rendu \u00e0 Bruxelles en tant que porte-parole d\u2019une plateforme d\u2019activistes congolais appel\u00e9e \u00ab&nbsp;Congo Dynamique 2060&nbsp;\u00bb. Lors d\u2019une&nbsp;conf\u00e9rence&hellip;\" \/>\n<meta property=\"og:url\" content=\"https:\/\/congovirtuel.com\/information\/intimidations-et-menaces-contre-un-lanceur-dalerte-congolais\/\" \/>\n<meta property=\"og:site_name\" content=\"Actualit\u00e9s congolaises et internationales\" \/>\n<meta property=\"article:publisher\" content=\"https:\/\/web.facebook.com\/Congovirtuel-763617960319601\/?ref=aymt_homepage_panel&amp;amp%3bamp%3bamp%3bamp%3bamp%3bamp%3bamp%3bamp%3bamp%3bamp%3bamp%3beid=ARCoxULa66767kIgF_KYav6VdjXTI4yk_LW4yoVO9s6NXpysgb7Cb65vpxcxgqzOAKvIbLQxaAETcqHT\" \/>\n<meta property=\"article:published_time\" content=\"2021-08-04T12:20:34+00:00\" \/>\n<meta property=\"article:modified_time\" content=\"2021-08-04T12:21:01+00:00\" \/>\n<meta property=\"og:image\" content=\"https:\/\/congovirtuel.com\/information\/wp-content\/uploads\/2021\/08\/JJ_Lumumba.jpg\" \/>\n\t<meta property=\"og:image:width\" content=\"870\" \/>\n\t<meta property=\"og:image:height\" content=\"580\" \/>\n\t<meta property=\"og:image:type\" content=\"image\/jpeg\" \/>\n<meta name=\"author\" content=\"infocongovirtuel\" \/>\n<meta name=\"twitter:card\" content=\"summary_large_image\" \/>\n<meta name=\"twitter:creator\" content=\"@congovirtuel\" \/>\n<meta name=\"twitter:site\" content=\"@congovirtuel\" \/>\n<meta name=\"twitter:label1\" content=\"\u00c9crit par\" \/>\n\t<meta name=\"twitter:data1\" content=\"infocongovirtuel\" \/>\n\t<meta name=\"twitter:label2\" content=\"Dur\u00e9e de lecture estim\u00e9e\" \/>\n\t<meta name=\"twitter:data2\" content=\"2 minutes\" \/>\n<script type=\"application\/ld+json\" class=\"yoast-schema-graph\">{\"@context\":\"https:\\\/\\\/schema.org\",\"@graph\":[{\"@type\":\"Article\",\"@id\":\"https:\\\/\\\/congovirtuel.com\\\/information\\\/intimidations-et-menaces-contre-un-lanceur-dalerte-congolais\\\/#article\",\"isPartOf\":{\"@id\":\"https:\\\/\\\/congovirtuel.com\\\/information\\\/intimidations-et-menaces-contre-un-lanceur-dalerte-congolais\\\/\"},\"author\":{\"name\":\"infocongovirtuel\",\"@id\":\"https:\\\/\\\/congovirtuel.com\\\/information\\\/#\\\/schema\\\/person\\\/739a44bf7990966cb53d58d2fdeca0b6\"},\"headline\":\"Intimidations et menaces contre un lanceur d\u2019alerte congolais\",\"datePublished\":\"2021-08-04T12:20:34+00:00\",\"dateModified\":\"2021-08-04T12:21:01+00:00\",\"mainEntityOfPage\":{\"@id\":\"https:\\\/\\\/congovirtuel.com\\\/information\\\/intimidations-et-menaces-contre-un-lanceur-dalerte-congolais\\\/\"},\"wordCount\":521,\"commentCount\":0,\"publisher\":{\"@id\":\"https:\\\/\\\/congovirtuel.com\\\/information\\\/#organization\"},\"image\":{\"@id\":\"https:\\\/\\\/congovirtuel.com\\\/information\\\/intimidations-et-menaces-contre-un-lanceur-dalerte-congolais\\\/#primaryimage\"},\"thumbnailUrl\":\"https:\\\/\\\/congovirtuel.com\\\/information\\\/wp-content\\\/uploads\\\/2021\\\/08\\\/JJ_Lumumba.jpg\",\"inLanguage\":\"fr-FR\",\"potentialAction\":[{\"@type\":\"CommentAction\",\"name\":\"Comment\",\"target\":[\"https:\\\/\\\/congovirtuel.com\\\/information\\\/intimidations-et-menaces-contre-un-lanceur-dalerte-congolais\\\/#respond\"]}]},{\"@type\":\"WebPage\",\"@id\":\"https:\\\/\\\/congovirtuel.com\\\/information\\\/intimidations-et-menaces-contre-un-lanceur-dalerte-congolais\\\/\",\"url\":\"https:\\\/\\\/congovirtuel.com\\\/information\\\/intimidations-et-menaces-contre-un-lanceur-dalerte-congolais\\\/\",\"name\":\"Intimidations et menaces contre un lanceur d\u2019alerte congolais - Actualit\u00e9s congolaises et internationales\",\"isPartOf\":{\"@id\":\"https:\\\/\\\/congovirtuel.com\\\/information\\\/#website\"},\"primaryImageOfPage\":{\"@id\":\"https:\\\/\\\/congovirtuel.com\\\/information\\\/intimidations-et-menaces-contre-un-lanceur-dalerte-congolais\\\/#primaryimage\"},\"image\":{\"@id\":\"https:\\\/\\\/congovirtuel.com\\\/information\\\/intimidations-et-menaces-contre-un-lanceur-dalerte-congolais\\\/#primaryimage\"},\"thumbnailUrl\":\"https:\\\/\\\/congovirtuel.com\\\/information\\\/wp-content\\\/uploads\\\/2021\\\/08\\\/JJ_Lumumba.jpg\",\"datePublished\":\"2021-08-04T12:20:34+00:00\",\"dateModified\":\"2021-08-04T12:21:01+00:00\",\"breadcrumb\":{\"@id\":\"https:\\\/\\\/congovirtuel.com\\\/information\\\/intimidations-et-menaces-contre-un-lanceur-dalerte-congolais\\\/#breadcrumb\"},\"inLanguage\":\"fr-FR\",\"potentialAction\":[{\"@type\":\"ReadAction\",\"target\":[\"https:\\\/\\\/congovirtuel.com\\\/information\\\/intimidations-et-menaces-contre-un-lanceur-dalerte-congolais\\\/\"]}]},{\"@type\":\"ImageObject\",\"inLanguage\":\"fr-FR\",\"@id\":\"https:\\\/\\\/congovirtuel.com\\\/information\\\/intimidations-et-menaces-contre-un-lanceur-dalerte-congolais\\\/#primaryimage\",\"url\":\"https:\\\/\\\/congovirtuel.com\\\/information\\\/wp-content\\\/uploads\\\/2021\\\/08\\\/JJ_Lumumba.jpg\",\"contentUrl\":\"https:\\\/\\\/congovirtuel.com\\\/information\\\/wp-content\\\/uploads\\\/2021\\\/08\\\/JJ_Lumumba.jpg\",\"width\":870,\"height\":580,\"caption\":\"JJ_Lumumba\"},{\"@type\":\"BreadcrumbList\",\"@id\":\"https:\\\/\\\/congovirtuel.com\\\/information\\\/intimidations-et-menaces-contre-un-lanceur-dalerte-congolais\\\/#breadcrumb\",\"itemListElement\":[{\"@type\":\"ListItem\",\"position\":1,\"name\":\"Accueil\",\"item\":\"https:\\\/\\\/congovirtuel.com\\\/information\\\/\"},{\"@type\":\"ListItem\",\"position\":2,\"name\":\"Intimidations et menaces contre un lanceur d\u2019alerte congolais\"}]},{\"@type\":\"WebSite\",\"@id\":\"https:\\\/\\\/congovirtuel.com\\\/information\\\/#website\",\"url\":\"https:\\\/\\\/congovirtuel.com\\\/information\\\/\",\"name\":\"Actualit\u00e9s congolaises et internationales\",\"description\":\"site d&#039;analyse et de traitement d&#039;information\",\"publisher\":{\"@id\":\"https:\\\/\\\/congovirtuel.com\\\/information\\\/#organization\"},\"potentialAction\":[{\"@type\":\"SearchAction\",\"target\":{\"@type\":\"EntryPoint\",\"urlTemplate\":\"https:\\\/\\\/congovirtuel.com\\\/information\\\/?s={search_term_string}\"},\"query-input\":{\"@type\":\"PropertyValueSpecification\",\"valueRequired\":true,\"valueName\":\"search_term_string\"}}],\"inLanguage\":\"fr-FR\"},{\"@type\":\"Organization\",\"@id\":\"https:\\\/\\\/congovirtuel.com\\\/information\\\/#organization\",\"name\":\"Biblioth\u00e8que Virtuelle de la RDC\",\"url\":\"https:\\\/\\\/congovirtuel.com\\\/information\\\/\",\"logo\":{\"@type\":\"ImageObject\",\"inLanguage\":\"fr-FR\",\"@id\":\"https:\\\/\\\/congovirtuel.com\\\/information\\\/#\\\/schema\\\/logo\\\/image\\\/\",\"url\":\"https:\\\/\\\/congovirtuel.com\\\/information\\\/wp-content\\\/uploads\\\/2018\\\/10\\\/header-info-congovirtuel-vraie.jpg\",\"contentUrl\":\"https:\\\/\\\/congovirtuel.com\\\/information\\\/wp-content\\\/uploads\\\/2018\\\/10\\\/header-info-congovirtuel-vraie.jpg\",\"width\":728,\"height\":90,\"caption\":\"Biblioth\u00e8que Virtuelle de la RDC\"},\"image\":{\"@id\":\"https:\\\/\\\/congovirtuel.com\\\/information\\\/#\\\/schema\\\/logo\\\/image\\\/\"},\"sameAs\":[\"https:\\\/\\\/web.facebook.com\\\/Congovirtuel-763617960319601\\\/?ref=aymt_homepage_panel&amp;amp;amp;amp;amp;amp;amp;amp;amp;amp;amp;eid=ARCoxULa66767kIgF_KYav6VdjXTI4yk_LW4yoVO9s6NXpysgb7Cb65vpxcxgqzOAKvIbLQxaAETcqHT\",\"https:\\\/\\\/x.com\\\/congovirtuel\",\"https:\\\/\\\/www.youtube.com\\\/channel\\\/UCkFfprYzGgS3EWNpeMXpToQ?view_as=subscriber\"]},{\"@type\":\"Person\",\"@id\":\"https:\\\/\\\/congovirtuel.com\\\/information\\\/#\\\/schema\\\/person\\\/739a44bf7990966cb53d58d2fdeca0b6\",\"name\":\"infocongovirtuel\",\"image\":{\"@type\":\"ImageObject\",\"inLanguage\":\"fr-FR\",\"@id\":\"https:\\\/\\\/secure.gravatar.com\\\/avatar\\\/4d76991aa72469f0eb22e772586c99113c6997f88da636a9db8f2ce3a2c05e69?s=96&d=mm&r=g\",\"url\":\"https:\\\/\\\/secure.gravatar.com\\\/avatar\\\/4d76991aa72469f0eb22e772586c99113c6997f88da636a9db8f2ce3a2c05e69?s=96&d=mm&r=g\",\"contentUrl\":\"https:\\\/\\\/secure.gravatar.com\\\/avatar\\\/4d76991aa72469f0eb22e772586c99113c6997f88da636a9db8f2ce3a2c05e69?s=96&d=mm&r=g\",\"caption\":\"infocongovirtuel\"},\"url\":\"https:\\\/\\\/congovirtuel.com\\\/information\\\/author\\\/infocongovirtuel\\\/\"}]}<\/script>\n<!-- \/ Yoast SEO plugin. -->","yoast_head_json":{"title":"Intimidations et menaces contre un lanceur d\u2019alerte congolais - Actualit\u00e9s congolaises et internationales","robots":{"index":"index","follow":"follow","max-snippet":"max-snippet:-1","max-image-preview":"max-image-preview:large","max-video-preview":"max-video-preview:-1"},"canonical":"https:\/\/congovirtuel.com\/information\/intimidations-et-menaces-contre-un-lanceur-dalerte-congolais\/","og_locale":"fr_FR","og_type":"article","og_title":"Intimidations et menaces contre un lanceur d\u2019alerte congolais - Actualit\u00e9s congolaises et internationales","og_description":"La semaine derni\u00e8re, Jean-Jacques Lumumba, ancien banquier et&nbsp;lanceur d\u2019alerte bien connu&nbsp;de la&nbsp;R\u00e9publique d\u00e9mocratique du Congo, s\u2019est senti suivi en se rendant \u00e0 la gare principale de Bruxelles. Il maintient n\u00e9anmoins son programme et prend un train pour rentrer \u00e0 Paris, o\u00f9 il vit en exil. C\u2019est \u00e0 mi-parcours, alors qu\u2019il s\u2019appr\u00eatait \u00e0 changer de train \u00e0 Lille, qu\u2019il se rend compte que son sac, contenant ses deux ordinateurs portables, a disparu. Lumumba s\u2019\u00e9tait rendu \u00e0 Bruxelles en tant que porte-parole d\u2019une plateforme d\u2019activistes congolais appel\u00e9e \u00ab&nbsp;Congo Dynamique 2060&nbsp;\u00bb. Lors d\u2019une&nbsp;conf\u00e9rence&hellip;","og_url":"https:\/\/congovirtuel.com\/information\/intimidations-et-menaces-contre-un-lanceur-dalerte-congolais\/","og_site_name":"Actualit\u00e9s congolaises et internationales","article_publisher":"https:\/\/web.facebook.com\/Congovirtuel-763617960319601\/?ref=aymt_homepage_panel&amp%3bamp%3bamp%3bamp%3bamp%3bamp%3bamp%3bamp%3bamp%3bamp%3bamp%3beid=ARCoxULa66767kIgF_KYav6VdjXTI4yk_LW4yoVO9s6NXpysgb7Cb65vpxcxgqzOAKvIbLQxaAETcqHT","article_published_time":"2021-08-04T12:20:34+00:00","article_modified_time":"2021-08-04T12:21:01+00:00","og_image":[{"width":870,"height":580,"url":"https:\/\/congovirtuel.com\/information\/wp-content\/uploads\/2021\/08\/JJ_Lumumba.jpg","type":"image\/jpeg"}],"author":"infocongovirtuel","twitter_card":"summary_large_image","twitter_creator":"@congovirtuel","twitter_site":"@congovirtuel","twitter_misc":{"\u00c9crit par":"infocongovirtuel","Dur\u00e9e de lecture estim\u00e9e":"2 minutes"},"schema":{"@context":"https:\/\/schema.org","@graph":[{"@type":"Article","@id":"https:\/\/congovirtuel.com\/information\/intimidations-et-menaces-contre-un-lanceur-dalerte-congolais\/#article","isPartOf":{"@id":"https:\/\/congovirtuel.com\/information\/intimidations-et-menaces-contre-un-lanceur-dalerte-congolais\/"},"author":{"name":"infocongovirtuel","@id":"https:\/\/congovirtuel.com\/information\/#\/schema\/person\/739a44bf7990966cb53d58d2fdeca0b6"},"headline":"Intimidations et menaces contre un lanceur d\u2019alerte congolais","datePublished":"2021-08-04T12:20:34+00:00","dateModified":"2021-08-04T12:21:01+00:00","mainEntityOfPage":{"@id":"https:\/\/congovirtuel.com\/information\/intimidations-et-menaces-contre-un-lanceur-dalerte-congolais\/"},"wordCount":521,"commentCount":0,"publisher":{"@id":"https:\/\/congovirtuel.com\/information\/#organization"},"image":{"@id":"https:\/\/congovirtuel.com\/information\/intimidations-et-menaces-contre-un-lanceur-dalerte-congolais\/#primaryimage"},"thumbnailUrl":"https:\/\/congovirtuel.com\/information\/wp-content\/uploads\/2021\/08\/JJ_Lumumba.jpg","inLanguage":"fr-FR","potentialAction":[{"@type":"CommentAction","name":"Comment","target":["https:\/\/congovirtuel.com\/information\/intimidations-et-menaces-contre-un-lanceur-dalerte-congolais\/#respond"]}]},{"@type":"WebPage","@id":"https:\/\/congovirtuel.com\/information\/intimidations-et-menaces-contre-un-lanceur-dalerte-congolais\/","url":"https:\/\/congovirtuel.com\/information\/intimidations-et-menaces-contre-un-lanceur-dalerte-congolais\/","name":"Intimidations et menaces contre un lanceur d\u2019alerte congolais - Actualit\u00e9s congolaises et internationales","isPartOf":{"@id":"https:\/\/congovirtuel.com\/information\/#website"},"primaryImageOfPage":{"@id":"https:\/\/congovirtuel.com\/information\/intimidations-et-menaces-contre-un-lanceur-dalerte-congolais\/#primaryimage"},"image":{"@id":"https:\/\/congovirtuel.com\/information\/intimidations-et-menaces-contre-un-lanceur-dalerte-congolais\/#primaryimage"},"thumbnailUrl":"https:\/\/congovirtuel.com\/information\/wp-content\/uploads\/2021\/08\/JJ_Lumumba.jpg","datePublished":"2021-08-04T12:20:34+00:00","dateModified":"2021-08-04T12:21:01+00:00","breadcrumb":{"@id":"https:\/\/congovirtuel.com\/information\/intimidations-et-menaces-contre-un-lanceur-dalerte-congolais\/#breadcrumb"},"inLanguage":"fr-FR","potentialAction":[{"@type":"ReadAction","target":["https:\/\/congovirtuel.com\/information\/intimidations-et-menaces-contre-un-lanceur-dalerte-congolais\/"]}]},{"@type":"ImageObject","inLanguage":"fr-FR","@id":"https:\/\/congovirtuel.com\/information\/intimidations-et-menaces-contre-un-lanceur-dalerte-congolais\/#primaryimage","url":"https:\/\/congovirtuel.com\/information\/wp-content\/uploads\/2021\/08\/JJ_Lumumba.jpg","contentUrl":"https:\/\/congovirtuel.com\/information\/wp-content\/uploads\/2021\/08\/JJ_Lumumba.jpg","width":870,"height":580,"caption":"JJ_Lumumba"},{"@type":"BreadcrumbList","@id":"https:\/\/congovirtuel.com\/information\/intimidations-et-menaces-contre-un-lanceur-dalerte-congolais\/#breadcrumb","itemListElement":[{"@type":"ListItem","position":1,"name":"Accueil","item":"https:\/\/congovirtuel.com\/information\/"},{"@type":"ListItem","position":2,"name":"Intimidations et menaces contre un lanceur d\u2019alerte congolais"}]},{"@type":"WebSite","@id":"https:\/\/congovirtuel.com\/information\/#website","url":"https:\/\/congovirtuel.com\/information\/","name":"Actualit\u00e9s congolaises et internationales","description":"site d&#039;analyse et de traitement d&#039;information","publisher":{"@id":"https:\/\/congovirtuel.com\/information\/#organization"},"potentialAction":[{"@type":"SearchAction","target":{"@type":"EntryPoint","urlTemplate":"https:\/\/congovirtuel.com\/information\/?s={search_term_string}"},"query-input":{"@type":"PropertyValueSpecification","valueRequired":true,"valueName":"search_term_string"}}],"inLanguage":"fr-FR"},{"@type":"Organization","@id":"https:\/\/congovirtuel.com\/information\/#organization","name":"Biblioth\u00e8que Virtuelle de la RDC","url":"https:\/\/congovirtuel.com\/information\/","logo":{"@type":"ImageObject","inLanguage":"fr-FR","@id":"https:\/\/congovirtuel.com\/information\/#\/schema\/logo\/image\/","url":"https:\/\/congovirtuel.com\/information\/wp-content\/uploads\/2018\/10\/header-info-congovirtuel-vraie.jpg","contentUrl":"https:\/\/congovirtuel.com\/information\/wp-content\/uploads\/2018\/10\/header-info-congovirtuel-vraie.jpg","width":728,"height":90,"caption":"Biblioth\u00e8que Virtuelle de la RDC"},"image":{"@id":"https:\/\/congovirtuel.com\/information\/#\/schema\/logo\/image\/"},"sameAs":["https:\/\/web.facebook.com\/Congovirtuel-763617960319601\/?ref=aymt_homepage_panel&amp;amp;amp;amp;amp;amp;amp;amp;amp;amp;amp;eid=ARCoxULa66767kIgF_KYav6VdjXTI4yk_LW4yoVO9s6NXpysgb7Cb65vpxcxgqzOAKvIbLQxaAETcqHT","https:\/\/x.com\/congovirtuel","https:\/\/www.youtube.com\/channel\/UCkFfprYzGgS3EWNpeMXpToQ?view_as=subscriber"]},{"@type":"Person","@id":"https:\/\/congovirtuel.com\/information\/#\/schema\/person\/739a44bf7990966cb53d58d2fdeca0b6","name":"infocongovirtuel","image":{"@type":"ImageObject","inLanguage":"fr-FR","@id":"https:\/\/secure.gravatar.com\/avatar\/4d76991aa72469f0eb22e772586c99113c6997f88da636a9db8f2ce3a2c05e69?s=96&d=mm&r=g","url":"https:\/\/secure.gravatar.com\/avatar\/4d76991aa72469f0eb22e772586c99113c6997f88da636a9db8f2ce3a2c05e69?s=96&d=mm&r=g","contentUrl":"https:\/\/secure.gravatar.com\/avatar\/4d76991aa72469f0eb22e772586c99113c6997f88da636a9db8f2ce3a2c05e69?s=96&d=mm&r=g","caption":"infocongovirtuel"},"url":"https:\/\/congovirtuel.com\/information\/author\/infocongovirtuel\/"}]}},"gt_translate_keys":[{"key":"link","format":"url"}],"_links":{"self":[{"href":"https:\/\/congovirtuel.com\/information\/wp-json\/wp\/v2\/posts\/12421","targetHints":{"allow":["GET"]}}],"collection":[{"href":"https:\/\/congovirtuel.com\/information\/wp-json\/wp\/v2\/posts"}],"about":[{"href":"https:\/\/congovirtuel.com\/information\/wp-json\/wp\/v2\/types\/post"}],"author":[{"embeddable":true,"href":"https:\/\/congovirtuel.com\/information\/wp-json\/wp\/v2\/users\/1"}],"replies":[{"embeddable":true,"href":"https:\/\/congovirtuel.com\/information\/wp-json\/wp\/v2\/comments?post=12421"}],"version-history":[{"count":1,"href":"https:\/\/congovirtuel.com\/information\/wp-json\/wp\/v2\/posts\/12421\/revisions"}],"predecessor-version":[{"id":12423,"href":"https:\/\/congovirtuel.com\/information\/wp-json\/wp\/v2\/posts\/12421\/revisions\/12423"}],"wp:featuredmedia":[{"embeddable":true,"href":"https:\/\/congovirtuel.com\/information\/wp-json\/wp\/v2\/media\/12422"}],"wp:attachment":[{"href":"https:\/\/congovirtuel.com\/information\/wp-json\/wp\/v2\/media?parent=12421"}],"wp:term":[{"taxonomy":"category","embeddable":true,"href":"https:\/\/congovirtuel.com\/information\/wp-json\/wp\/v2\/categories?post=12421"},{"taxonomy":"post_tag","embeddable":true,"href":"https:\/\/congovirtuel.com\/information\/wp-json\/wp\/v2\/tags?post=12421"}],"curies":[{"name":"wp","href":"https:\/\/api.w.org\/{rel}","templated":true}]}}