{"id":12803,"date":"2021-08-13T14:27:54","date_gmt":"2021-08-13T13:27:54","guid":{"rendered":"https:\/\/congovirtuel.com\/information\/?p=12803"},"modified":"2021-08-13T14:28:10","modified_gmt":"2021-08-13T13:28:10","slug":"presidentielle-en-zambie-decompte-des-votes-armee-renforcee","status":"publish","type":"post","link":"https:\/\/congovirtuel.com\/information\/presidentielle-en-zambie-decompte-des-votes-armee-renforcee\/","title":{"rendered":"Pr\u00e9sidentielle en Zambie: d\u00e9compte des votes, arm\u00e9e renforc\u00e9e","gt_translate_keys":[{"key":"rendered","format":"text"}]},"content":{"rendered":"\n<p class=\"wp-block-paragraph\">Le d\u00e9compte des voix a repris en Zambie vendredi, au lendemain d&rsquo;un scrutin tendu mais \u00e9maill\u00e9 de peu d&rsquo;incidents qui devra d\u00e9partager le pr\u00e9sident sortant de son opposant historique, annonc\u00e9s au coude-\u00e0-coude.<\/p>\n\n\n\n<p class=\"wp-block-paragraph\">Les r\u00e9sultats de la pr\u00e9sidentielle, mais aussi des l\u00e9gislatives et municipales dans ce pays d&rsquo;Afrique australe \u00e0 l&rsquo;\u00e9conomie plomb\u00e9e, le premier du continent \u00e0 faire d\u00e9faut sur sa dette dans la foul\u00e9e de la pand\u00e9mie de coronavirus, devront \u00eatre connus d&rsquo;ici dimanche soir.<\/p>\n\n\n\n<p class=\"wp-block-paragraph\">Ce d\u00e9pouillement a valeur de test d\u00e9mocratique dans ce pays qui g\u00e8re g\u00e9n\u00e9ralement les transitions politiques en douceur.<\/p>\n\n\n\n<p class=\"wp-block-paragraph\">L&rsquo;\u00e9cart entre le pr\u00e9sident sortant Edgar Lungu, 64, et son infatigable rival qui se pr\u00e9sente pour la sixi\u00e8me fois, Hakainde Hichilema, 59 ans, n&rsquo;\u00e9tait que d&rsquo;un peu plus de 100.000 voix en 2016. Il pourrait \u00eatre encore plus serr\u00e9, croient savoir les sondeurs.<\/p>\n\n\n\n<p class=\"wp-block-paragraph\">Jeudi, les \u00e9lecteurs se sont mobilis\u00e9s paisiblement, faisant parfois tr\u00e8s longtemps la queue pour exprimer leur choix.<\/p>\n\n\n\n<p class=\"wp-block-paragraph\">Dans le pays de 17 millions, riche en mines de cuivre, les difficult\u00e9s \u00e9conomiques et la forte inflation semblent avoir entam\u00e9 le soutien \u00e0 M. Lungu &#8212; accus\u00e9 de se montrer de plus en plus inflexible depuis son arriv\u00e9e au pouvoir en 2015.<\/p>\n\n\n\n<p class=\"wp-block-paragraph\">Des violences ont \u00e9t\u00e9 signal\u00e9es dans la province du Nord-Ouest, un bastion d&rsquo;Hichilema, o\u00f9 deux personnes dont un responsable du parti au pouvoir, le Front patriotique (PF), ont \u00e9t\u00e9 tu\u00e9es, a annonc\u00e9 le pr\u00e9sident jeudi soir, accusant le parti de son rival, le Parti uni pour le d\u00e9veloppement national (UPND).<\/p>\n\n\n\n<p class=\"wp-block-paragraph\">La commission \u00e9lectorale zambienne a ouvert une enqu\u00eate sur ces violences et ce meurtre, dont l&rsquo;UPND s&rsquo;est distanci\u00e9, accusant le pouvoir de tenter ainsi de faire diversion.<\/p>\n\n\n\n<p class=\"wp-block-paragraph\">Le PF avance aussi que certains de ses partisans ont \u00e9t\u00e9 agress\u00e9s et chass\u00e9s des bureaux de vote dans le sud du pays.<\/p>\n\n\n\n<h2 class=\"wp-block-heading\">\u00ab\u00a0Libres et \u00e9quitables\u00a0\u00bb<\/h2>\n\n\n\n<p class=\"wp-block-paragraph\">M. Lungu, qui avait d\u00e9ploy\u00e9 l&rsquo;arm\u00e9e au d\u00e9but du mois pour renforcer l&rsquo;ordre pendant la p\u00e9riode \u00e9lectorale apr\u00e8s des violences sporadiques, a annonc\u00e9 le renfort d&rsquo;effectifs militaires dans trois provinces.<\/p>\n\n\n\n<p class=\"wp-block-paragraph\">L&rsquo;opposition craint que le pr\u00e9sident n&rsquo;exag\u00e8re l&rsquo;ampleur de la violence et de l&rsquo;instabilit\u00e9 dans les r\u00e9gions d&rsquo;opposition pour justifier l&rsquo;invalidation de r\u00e9sultats.<\/p>\n\n\n\n<p class=\"wp-block-paragraph\">D&rsquo;importantes perturbations d&rsquo;acc\u00e8s aux r\u00e9seaux sociaux, constat\u00e9es jeudi notamment dans la capitale Lusaka, et co\u00efncidant avec le moment du vote de M. Hichilema &#8211;que la rue appelle \u00ab\u00a0<em>HH<\/em>\u00a0\u00bb ou \u00ab\u00a0<em>Bally<\/em>\u00ab\u00a0, terme affectueux d\u00e9signant un a\u00een\u00e9&#8211; suscite aussi des inqui\u00e9tudes.<\/p>\n\n\n\n<p class=\"wp-block-paragraph\">Vendredi \u00e0 l&rsquo;aube, des agents \u00e9lectoraux, les yeux chassieux, ont repris le d\u00e9pouillement commenc\u00e9 la veille au soir \u00e0 l&rsquo;\u00e9cole primaire Vera Chiluba de Lusaka. D&rsquo;autres, en chasubles orage, dormaient encore sur des bancs d&rsquo;\u00e9coliers, a constat\u00e9 l&rsquo;AFP.<\/p>\n\n\n\n<p class=\"wp-block-paragraph\">Le scrutin s&rsquo;est poursuivi longtemps apr\u00e8s la fermeture des bureaux de vote pr\u00e9vue \u00e0 18 heures, pour faire voter tous ceux qui \u00e9taient d\u00e9j\u00e0 install\u00e9s dans la queue. Jusqu&rsquo;\u00e0 3 heures du matin, dans certains endroits, a pr\u00e9cis\u00e9 la commission \u00e9lectorale.<\/p>\n\n\n\n<p class=\"wp-block-paragraph\">Des d\u00e9pouillements partiels seront annonc\u00e9s r\u00e9guli\u00e8rement jusqu&rsquo;\u00e0 dimanche soir quand tous les bulletins devraient \u00eatre compt\u00e9s.<\/p>\n\n\n\n<p class=\"wp-block-paragraph\">M. Lungu a d\u00e9j\u00e0 laiss\u00e9 entendre que les violences du jour de l&rsquo;\u00e9lection avaient \u00ab\u00a0<em>emp\u00each\u00e9<\/em>\u00ab\u00a0, dans trois provinces, les \u00e9lections d&rsquo;\u00eatre&nbsp;<em>\u00ab\u00a0libres et \u00e9quitables\u00a0\u00bb.<\/em><\/p>\n\n\n\n<p class=\"wp-block-paragraph\">Les r\u00e9sultats \u00e0 Lusaka, bastion traditionnel du parti au pouvoir qui concentre 3,3 millions de Zambiens, et dans la province centrale de Copperbelt, essentielle \u00e0 l&rsquo;\u00e9conomie du pas avec ses mines de cuivre, sont particuli\u00e8rement scrut\u00e9s, pouvant faire basculer l&rsquo;\u00e9lection.<\/p>\n\n\n\n<p class=\"wp-block-paragraph\">Les observateurs, zambiens et internationaux, ont mis en garde contre d&rsquo;\u00e9ventuels troubles lorsque les r\u00e9sultats seront connus.<\/p>\n\n\n\n<p class=\"wp-block-paragraph\"><em>\u00ab\u00a0Le v\u00e9ritable test sera dans le processus de comptage\u00a0\u00bb\u00a0<\/em>et de voir si Lungu acceptera une \u00e9ventuelle d\u00e9faite, a comment\u00e9 l&rsquo;\u00e9conomiste zambien ind\u00e9pendant Trevor Simumba.<\/p>\n\n\n\n<p class=\"wp-block-paragraph\">VOA<\/p>\n","protected":false,"gt_translate_keys":[{"key":"rendered","format":"html"}]},"excerpt":{"rendered":"<p>Le d\u00e9compte des voix a repris en Zambie vendredi, au lendemain d&rsquo;un scrutin tendu mais \u00e9maill\u00e9 de peu d&rsquo;incidents qui devra d\u00e9partager le pr\u00e9sident sortant de son opposant historique, annonc\u00e9s au coude-\u00e0-coude. Les r\u00e9sultats de la pr\u00e9sidentielle, mais aussi des l\u00e9gislatives et municipales dans ce pays d&rsquo;Afrique australe \u00e0 l&rsquo;\u00e9conomie plomb\u00e9e, le premier du continent \u00e0 faire d\u00e9faut sur sa dette dans la foul\u00e9e de la pand\u00e9mie de coronavirus, devront \u00eatre connus d&rsquo;ici dimanche soir. Ce d\u00e9pouillement a valeur de test d\u00e9mocratique dans ce pays qui g\u00e8re g\u00e9n\u00e9ralement les transitions&hellip;<\/p>\n","protected":false,"gt_translate_keys":[{"key":"rendered","format":"html"}]},"author":1,"featured_media":12805,"comment_status":"open","ping_status":"open","sticky":false,"template":"","format":"standard","meta":{"_crdt_document":"","footnotes":""},"categories":[1891],"tags":[17103,17102,17104],"class_list":["post-12803","post","type-post","status-publish","format-standard","has-post-thumbnail","hentry","category-zambie","tag-edgar-lungu","tag-election-zambie","tag-hakainde-hichilema"],"gutentor_comment":0,"yoast_head":"<!-- This site is optimized with the Yoast SEO plugin v27.5 - https:\/\/yoast.com\/product\/yoast-seo-wordpress\/ -->\n<title>Pr\u00e9sidentielle en Zambie: d\u00e9compte des votes, arm\u00e9e renforc\u00e9e - Actualit\u00e9s congolaises et internationales<\/title>\n<meta name=\"robots\" content=\"index, follow, max-snippet:-1, max-image-preview:large, max-video-preview:-1\" \/>\n<link rel=\"canonical\" href=\"https:\/\/congovirtuel.com\/information\/presidentielle-en-zambie-decompte-des-votes-armee-renforcee\/\" \/>\n<meta property=\"og:locale\" content=\"fr_FR\" \/>\n<meta property=\"og:type\" content=\"article\" \/>\n<meta property=\"og:title\" content=\"Pr\u00e9sidentielle en Zambie: d\u00e9compte des votes, arm\u00e9e renforc\u00e9e - Actualit\u00e9s congolaises et internationales\" \/>\n<meta property=\"og:description\" content=\"Le d\u00e9compte des voix a repris en Zambie vendredi, au lendemain d&rsquo;un scrutin tendu mais \u00e9maill\u00e9 de peu d&rsquo;incidents qui devra d\u00e9partager le pr\u00e9sident sortant de son opposant historique, annonc\u00e9s au coude-\u00e0-coude. Les r\u00e9sultats de la pr\u00e9sidentielle, mais aussi des l\u00e9gislatives et municipales dans ce pays d&rsquo;Afrique australe \u00e0 l&rsquo;\u00e9conomie plomb\u00e9e, le premier du continent \u00e0 faire d\u00e9faut sur sa dette dans la foul\u00e9e de la pand\u00e9mie de coronavirus, devront \u00eatre connus d&rsquo;ici dimanche soir. Ce d\u00e9pouillement a valeur de test d\u00e9mocratique dans ce pays qui g\u00e8re g\u00e9n\u00e9ralement les transitions&hellip;\" \/>\n<meta property=\"og:url\" content=\"https:\/\/congovirtuel.com\/information\/presidentielle-en-zambie-decompte-des-votes-armee-renforcee\/\" \/>\n<meta property=\"og:site_name\" content=\"Actualit\u00e9s congolaises et internationales\" \/>\n<meta property=\"article:publisher\" content=\"https:\/\/web.facebook.com\/Congovirtuel-763617960319601\/?ref=aymt_homepage_panel&amp;amp%3bamp%3bamp%3bamp%3bamp%3bamp%3bamp%3bamp%3bamp%3bamp%3bamp%3beid=ARCoxULa66767kIgF_KYav6VdjXTI4yk_LW4yoVO9s6NXpysgb7Cb65vpxcxgqzOAKvIbLQxaAETcqHT\" \/>\n<meta property=\"article:published_time\" content=\"2021-08-13T13:27:54+00:00\" \/>\n<meta property=\"article:modified_time\" content=\"2021-08-13T13:28:10+00:00\" \/>\n<meta property=\"og:image\" content=\"https:\/\/congovirtuel.com\/information\/wp-content\/uploads\/2021\/08\/election_zambie.jpg\" \/>\n\t<meta property=\"og:image:width\" content=\"1023\" \/>\n\t<meta property=\"og:image:height\" content=\"575\" \/>\n\t<meta property=\"og:image:type\" content=\"image\/jpeg\" \/>\n<meta name=\"author\" content=\"infocongovirtuel\" \/>\n<meta name=\"twitter:card\" content=\"summary_large_image\" \/>\n<meta name=\"twitter:creator\" content=\"@congovirtuel\" \/>\n<meta name=\"twitter:site\" content=\"@congovirtuel\" \/>\n<meta name=\"twitter:label1\" content=\"\u00c9crit par\" \/>\n\t<meta name=\"twitter:data1\" content=\"infocongovirtuel\" \/>\n\t<meta name=\"twitter:label2\" content=\"Dur\u00e9e de lecture estim\u00e9e\" \/>\n\t<meta name=\"twitter:data2\" content=\"3 minutes\" \/>\n<script type=\"application\/ld+json\" class=\"yoast-schema-graph\">{\"@context\":\"https:\\\/\\\/schema.org\",\"@graph\":[{\"@type\":\"Article\",\"@id\":\"https:\\\/\\\/congovirtuel.com\\\/information\\\/presidentielle-en-zambie-decompte-des-votes-armee-renforcee\\\/#article\",\"isPartOf\":{\"@id\":\"https:\\\/\\\/congovirtuel.com\\\/information\\\/presidentielle-en-zambie-decompte-des-votes-armee-renforcee\\\/\"},\"author\":{\"name\":\"infocongovirtuel\",\"@id\":\"https:\\\/\\\/congovirtuel.com\\\/information\\\/#\\\/schema\\\/person\\\/739a44bf7990966cb53d58d2fdeca0b6\"},\"headline\":\"Pr\u00e9sidentielle en Zambie: d\u00e9compte des votes, arm\u00e9e renforc\u00e9e\",\"datePublished\":\"2021-08-13T13:27:54+00:00\",\"dateModified\":\"2021-08-13T13:28:10+00:00\",\"mainEntityOfPage\":{\"@id\":\"https:\\\/\\\/congovirtuel.com\\\/information\\\/presidentielle-en-zambie-decompte-des-votes-armee-renforcee\\\/\"},\"wordCount\":690,\"commentCount\":0,\"publisher\":{\"@id\":\"https:\\\/\\\/congovirtuel.com\\\/information\\\/#organization\"},\"image\":{\"@id\":\"https:\\\/\\\/congovirtuel.com\\\/information\\\/presidentielle-en-zambie-decompte-des-votes-armee-renforcee\\\/#primaryimage\"},\"thumbnailUrl\":\"https:\\\/\\\/congovirtuel.com\\\/information\\\/wp-content\\\/uploads\\\/2021\\\/08\\\/election_zambie.jpg\",\"keywords\":[\"Edgar Lungu\",\"Election Zambie\",\"Hakainde Hichilema\"],\"articleSection\":[\"Zambie\"],\"inLanguage\":\"fr-FR\",\"potentialAction\":[{\"@type\":\"CommentAction\",\"name\":\"Comment\",\"target\":[\"https:\\\/\\\/congovirtuel.com\\\/information\\\/presidentielle-en-zambie-decompte-des-votes-armee-renforcee\\\/#respond\"]}]},{\"@type\":\"WebPage\",\"@id\":\"https:\\\/\\\/congovirtuel.com\\\/information\\\/presidentielle-en-zambie-decompte-des-votes-armee-renforcee\\\/\",\"url\":\"https:\\\/\\\/congovirtuel.com\\\/information\\\/presidentielle-en-zambie-decompte-des-votes-armee-renforcee\\\/\",\"name\":\"Pr\u00e9sidentielle en Zambie: d\u00e9compte des votes, arm\u00e9e renforc\u00e9e - Actualit\u00e9s congolaises et internationales\",\"isPartOf\":{\"@id\":\"https:\\\/\\\/congovirtuel.com\\\/information\\\/#website\"},\"primaryImageOfPage\":{\"@id\":\"https:\\\/\\\/congovirtuel.com\\\/information\\\/presidentielle-en-zambie-decompte-des-votes-armee-renforcee\\\/#primaryimage\"},\"image\":{\"@id\":\"https:\\\/\\\/congovirtuel.com\\\/information\\\/presidentielle-en-zambie-decompte-des-votes-armee-renforcee\\\/#primaryimage\"},\"thumbnailUrl\":\"https:\\\/\\\/congovirtuel.com\\\/information\\\/wp-content\\\/uploads\\\/2021\\\/08\\\/election_zambie.jpg\",\"datePublished\":\"2021-08-13T13:27:54+00:00\",\"dateModified\":\"2021-08-13T13:28:10+00:00\",\"breadcrumb\":{\"@id\":\"https:\\\/\\\/congovirtuel.com\\\/information\\\/presidentielle-en-zambie-decompte-des-votes-armee-renforcee\\\/#breadcrumb\"},\"inLanguage\":\"fr-FR\",\"potentialAction\":[{\"@type\":\"ReadAction\",\"target\":[\"https:\\\/\\\/congovirtuel.com\\\/information\\\/presidentielle-en-zambie-decompte-des-votes-armee-renforcee\\\/\"]}]},{\"@type\":\"ImageObject\",\"inLanguage\":\"fr-FR\",\"@id\":\"https:\\\/\\\/congovirtuel.com\\\/information\\\/presidentielle-en-zambie-decompte-des-votes-armee-renforcee\\\/#primaryimage\",\"url\":\"https:\\\/\\\/congovirtuel.com\\\/information\\\/wp-content\\\/uploads\\\/2021\\\/08\\\/election_zambie.jpg\",\"contentUrl\":\"https:\\\/\\\/congovirtuel.com\\\/information\\\/wp-content\\\/uploads\\\/2021\\\/08\\\/election_zambie.jpg\",\"width\":1023,\"height\":575},{\"@type\":\"BreadcrumbList\",\"@id\":\"https:\\\/\\\/congovirtuel.com\\\/information\\\/presidentielle-en-zambie-decompte-des-votes-armee-renforcee\\\/#breadcrumb\",\"itemListElement\":[{\"@type\":\"ListItem\",\"position\":1,\"name\":\"Accueil\",\"item\":\"https:\\\/\\\/congovirtuel.com\\\/information\\\/\"},{\"@type\":\"ListItem\",\"position\":2,\"name\":\"Pr\u00e9sidentielle en Zambie: d\u00e9compte des votes, arm\u00e9e renforc\u00e9e\"}]},{\"@type\":\"WebSite\",\"@id\":\"https:\\\/\\\/congovirtuel.com\\\/information\\\/#website\",\"url\":\"https:\\\/\\\/congovirtuel.com\\\/information\\\/\",\"name\":\"Actualit\u00e9s congolaises et internationales\",\"description\":\"site d&#039;analyse et de traitement d&#039;information\",\"publisher\":{\"@id\":\"https:\\\/\\\/congovirtuel.com\\\/information\\\/#organization\"},\"potentialAction\":[{\"@type\":\"SearchAction\",\"target\":{\"@type\":\"EntryPoint\",\"urlTemplate\":\"https:\\\/\\\/congovirtuel.com\\\/information\\\/?s={search_term_string}\"},\"query-input\":{\"@type\":\"PropertyValueSpecification\",\"valueRequired\":true,\"valueName\":\"search_term_string\"}}],\"inLanguage\":\"fr-FR\"},{\"@type\":\"Organization\",\"@id\":\"https:\\\/\\\/congovirtuel.com\\\/information\\\/#organization\",\"name\":\"Biblioth\u00e8que Virtuelle de la RDC\",\"url\":\"https:\\\/\\\/congovirtuel.com\\\/information\\\/\",\"logo\":{\"@type\":\"ImageObject\",\"inLanguage\":\"fr-FR\",\"@id\":\"https:\\\/\\\/congovirtuel.com\\\/information\\\/#\\\/schema\\\/logo\\\/image\\\/\",\"url\":\"https:\\\/\\\/congovirtuel.com\\\/information\\\/wp-content\\\/uploads\\\/2018\\\/10\\\/header-info-congovirtuel-vraie.jpg\",\"contentUrl\":\"https:\\\/\\\/congovirtuel.com\\\/information\\\/wp-content\\\/uploads\\\/2018\\\/10\\\/header-info-congovirtuel-vraie.jpg\",\"width\":728,\"height\":90,\"caption\":\"Biblioth\u00e8que Virtuelle de la RDC\"},\"image\":{\"@id\":\"https:\\\/\\\/congovirtuel.com\\\/information\\\/#\\\/schema\\\/logo\\\/image\\\/\"},\"sameAs\":[\"https:\\\/\\\/web.facebook.com\\\/Congovirtuel-763617960319601\\\/?ref=aymt_homepage_panel&amp;amp;amp;amp;amp;amp;amp;amp;amp;amp;amp;eid=ARCoxULa66767kIgF_KYav6VdjXTI4yk_LW4yoVO9s6NXpysgb7Cb65vpxcxgqzOAKvIbLQxaAETcqHT\",\"https:\\\/\\\/x.com\\\/congovirtuel\",\"https:\\\/\\\/www.youtube.com\\\/channel\\\/UCkFfprYzGgS3EWNpeMXpToQ?view_as=subscriber\"]},{\"@type\":\"Person\",\"@id\":\"https:\\\/\\\/congovirtuel.com\\\/information\\\/#\\\/schema\\\/person\\\/739a44bf7990966cb53d58d2fdeca0b6\",\"name\":\"infocongovirtuel\",\"image\":{\"@type\":\"ImageObject\",\"inLanguage\":\"fr-FR\",\"@id\":\"https:\\\/\\\/secure.gravatar.com\\\/avatar\\\/4d76991aa72469f0eb22e772586c99113c6997f88da636a9db8f2ce3a2c05e69?s=96&d=mm&r=g\",\"url\":\"https:\\\/\\\/secure.gravatar.com\\\/avatar\\\/4d76991aa72469f0eb22e772586c99113c6997f88da636a9db8f2ce3a2c05e69?s=96&d=mm&r=g\",\"contentUrl\":\"https:\\\/\\\/secure.gravatar.com\\\/avatar\\\/4d76991aa72469f0eb22e772586c99113c6997f88da636a9db8f2ce3a2c05e69?s=96&d=mm&r=g\",\"caption\":\"infocongovirtuel\"},\"url\":\"https:\\\/\\\/congovirtuel.com\\\/information\\\/author\\\/infocongovirtuel\\\/\"}]}<\/script>\n<!-- \/ Yoast SEO plugin. -->","yoast_head_json":{"title":"Pr\u00e9sidentielle en Zambie: d\u00e9compte des votes, arm\u00e9e renforc\u00e9e - Actualit\u00e9s congolaises et internationales","robots":{"index":"index","follow":"follow","max-snippet":"max-snippet:-1","max-image-preview":"max-image-preview:large","max-video-preview":"max-video-preview:-1"},"canonical":"https:\/\/congovirtuel.com\/information\/presidentielle-en-zambie-decompte-des-votes-armee-renforcee\/","og_locale":"fr_FR","og_type":"article","og_title":"Pr\u00e9sidentielle en Zambie: d\u00e9compte des votes, arm\u00e9e renforc\u00e9e - Actualit\u00e9s congolaises et internationales","og_description":"Le d\u00e9compte des voix a repris en Zambie vendredi, au lendemain d&rsquo;un scrutin tendu mais \u00e9maill\u00e9 de peu d&rsquo;incidents qui devra d\u00e9partager le pr\u00e9sident sortant de son opposant historique, annonc\u00e9s au coude-\u00e0-coude. Les r\u00e9sultats de la pr\u00e9sidentielle, mais aussi des l\u00e9gislatives et municipales dans ce pays d&rsquo;Afrique australe \u00e0 l&rsquo;\u00e9conomie plomb\u00e9e, le premier du continent \u00e0 faire d\u00e9faut sur sa dette dans la foul\u00e9e de la pand\u00e9mie de coronavirus, devront \u00eatre connus d&rsquo;ici dimanche soir. Ce d\u00e9pouillement a valeur de test d\u00e9mocratique dans ce pays qui g\u00e8re g\u00e9n\u00e9ralement les transitions&hellip;","og_url":"https:\/\/congovirtuel.com\/information\/presidentielle-en-zambie-decompte-des-votes-armee-renforcee\/","og_site_name":"Actualit\u00e9s congolaises et internationales","article_publisher":"https:\/\/web.facebook.com\/Congovirtuel-763617960319601\/?ref=aymt_homepage_panel&amp%3bamp%3bamp%3bamp%3bamp%3bamp%3bamp%3bamp%3bamp%3bamp%3bamp%3beid=ARCoxULa66767kIgF_KYav6VdjXTI4yk_LW4yoVO9s6NXpysgb7Cb65vpxcxgqzOAKvIbLQxaAETcqHT","article_published_time":"2021-08-13T13:27:54+00:00","article_modified_time":"2021-08-13T13:28:10+00:00","og_image":[{"width":1023,"height":575,"url":"https:\/\/congovirtuel.com\/information\/wp-content\/uploads\/2021\/08\/election_zambie.jpg","type":"image\/jpeg"}],"author":"infocongovirtuel","twitter_card":"summary_large_image","twitter_creator":"@congovirtuel","twitter_site":"@congovirtuel","twitter_misc":{"\u00c9crit par":"infocongovirtuel","Dur\u00e9e de lecture estim\u00e9e":"3 minutes"},"schema":{"@context":"https:\/\/schema.org","@graph":[{"@type":"Article","@id":"https:\/\/congovirtuel.com\/information\/presidentielle-en-zambie-decompte-des-votes-armee-renforcee\/#article","isPartOf":{"@id":"https:\/\/congovirtuel.com\/information\/presidentielle-en-zambie-decompte-des-votes-armee-renforcee\/"},"author":{"name":"infocongovirtuel","@id":"https:\/\/congovirtuel.com\/information\/#\/schema\/person\/739a44bf7990966cb53d58d2fdeca0b6"},"headline":"Pr\u00e9sidentielle en Zambie: d\u00e9compte des votes, arm\u00e9e renforc\u00e9e","datePublished":"2021-08-13T13:27:54+00:00","dateModified":"2021-08-13T13:28:10+00:00","mainEntityOfPage":{"@id":"https:\/\/congovirtuel.com\/information\/presidentielle-en-zambie-decompte-des-votes-armee-renforcee\/"},"wordCount":690,"commentCount":0,"publisher":{"@id":"https:\/\/congovirtuel.com\/information\/#organization"},"image":{"@id":"https:\/\/congovirtuel.com\/information\/presidentielle-en-zambie-decompte-des-votes-armee-renforcee\/#primaryimage"},"thumbnailUrl":"https:\/\/congovirtuel.com\/information\/wp-content\/uploads\/2021\/08\/election_zambie.jpg","keywords":["Edgar Lungu","Election Zambie","Hakainde Hichilema"],"articleSection":["Zambie"],"inLanguage":"fr-FR","potentialAction":[{"@type":"CommentAction","name":"Comment","target":["https:\/\/congovirtuel.com\/information\/presidentielle-en-zambie-decompte-des-votes-armee-renforcee\/#respond"]}]},{"@type":"WebPage","@id":"https:\/\/congovirtuel.com\/information\/presidentielle-en-zambie-decompte-des-votes-armee-renforcee\/","url":"https:\/\/congovirtuel.com\/information\/presidentielle-en-zambie-decompte-des-votes-armee-renforcee\/","name":"Pr\u00e9sidentielle en Zambie: d\u00e9compte des votes, arm\u00e9e renforc\u00e9e - Actualit\u00e9s congolaises et internationales","isPartOf":{"@id":"https:\/\/congovirtuel.com\/information\/#website"},"primaryImageOfPage":{"@id":"https:\/\/congovirtuel.com\/information\/presidentielle-en-zambie-decompte-des-votes-armee-renforcee\/#primaryimage"},"image":{"@id":"https:\/\/congovirtuel.com\/information\/presidentielle-en-zambie-decompte-des-votes-armee-renforcee\/#primaryimage"},"thumbnailUrl":"https:\/\/congovirtuel.com\/information\/wp-content\/uploads\/2021\/08\/election_zambie.jpg","datePublished":"2021-08-13T13:27:54+00:00","dateModified":"2021-08-13T13:28:10+00:00","breadcrumb":{"@id":"https:\/\/congovirtuel.com\/information\/presidentielle-en-zambie-decompte-des-votes-armee-renforcee\/#breadcrumb"},"inLanguage":"fr-FR","potentialAction":[{"@type":"ReadAction","target":["https:\/\/congovirtuel.com\/information\/presidentielle-en-zambie-decompte-des-votes-armee-renforcee\/"]}]},{"@type":"ImageObject","inLanguage":"fr-FR","@id":"https:\/\/congovirtuel.com\/information\/presidentielle-en-zambie-decompte-des-votes-armee-renforcee\/#primaryimage","url":"https:\/\/congovirtuel.com\/information\/wp-content\/uploads\/2021\/08\/election_zambie.jpg","contentUrl":"https:\/\/congovirtuel.com\/information\/wp-content\/uploads\/2021\/08\/election_zambie.jpg","width":1023,"height":575},{"@type":"BreadcrumbList","@id":"https:\/\/congovirtuel.com\/information\/presidentielle-en-zambie-decompte-des-votes-armee-renforcee\/#breadcrumb","itemListElement":[{"@type":"ListItem","position":1,"name":"Accueil","item":"https:\/\/congovirtuel.com\/information\/"},{"@type":"ListItem","position":2,"name":"Pr\u00e9sidentielle en Zambie: d\u00e9compte des votes, arm\u00e9e renforc\u00e9e"}]},{"@type":"WebSite","@id":"https:\/\/congovirtuel.com\/information\/#website","url":"https:\/\/congovirtuel.com\/information\/","name":"Actualit\u00e9s congolaises et internationales","description":"site d&#039;analyse et de traitement d&#039;information","publisher":{"@id":"https:\/\/congovirtuel.com\/information\/#organization"},"potentialAction":[{"@type":"SearchAction","target":{"@type":"EntryPoint","urlTemplate":"https:\/\/congovirtuel.com\/information\/?s={search_term_string}"},"query-input":{"@type":"PropertyValueSpecification","valueRequired":true,"valueName":"search_term_string"}}],"inLanguage":"fr-FR"},{"@type":"Organization","@id":"https:\/\/congovirtuel.com\/information\/#organization","name":"Biblioth\u00e8que Virtuelle de la RDC","url":"https:\/\/congovirtuel.com\/information\/","logo":{"@type":"ImageObject","inLanguage":"fr-FR","@id":"https:\/\/congovirtuel.com\/information\/#\/schema\/logo\/image\/","url":"https:\/\/congovirtuel.com\/information\/wp-content\/uploads\/2018\/10\/header-info-congovirtuel-vraie.jpg","contentUrl":"https:\/\/congovirtuel.com\/information\/wp-content\/uploads\/2018\/10\/header-info-congovirtuel-vraie.jpg","width":728,"height":90,"caption":"Biblioth\u00e8que Virtuelle de la RDC"},"image":{"@id":"https:\/\/congovirtuel.com\/information\/#\/schema\/logo\/image\/"},"sameAs":["https:\/\/web.facebook.com\/Congovirtuel-763617960319601\/?ref=aymt_homepage_panel&amp;amp;amp;amp;amp;amp;amp;amp;amp;amp;amp;eid=ARCoxULa66767kIgF_KYav6VdjXTI4yk_LW4yoVO9s6NXpysgb7Cb65vpxcxgqzOAKvIbLQxaAETcqHT","https:\/\/x.com\/congovirtuel","https:\/\/www.youtube.com\/channel\/UCkFfprYzGgS3EWNpeMXpToQ?view_as=subscriber"]},{"@type":"Person","@id":"https:\/\/congovirtuel.com\/information\/#\/schema\/person\/739a44bf7990966cb53d58d2fdeca0b6","name":"infocongovirtuel","image":{"@type":"ImageObject","inLanguage":"fr-FR","@id":"https:\/\/secure.gravatar.com\/avatar\/4d76991aa72469f0eb22e772586c99113c6997f88da636a9db8f2ce3a2c05e69?s=96&d=mm&r=g","url":"https:\/\/secure.gravatar.com\/avatar\/4d76991aa72469f0eb22e772586c99113c6997f88da636a9db8f2ce3a2c05e69?s=96&d=mm&r=g","contentUrl":"https:\/\/secure.gravatar.com\/avatar\/4d76991aa72469f0eb22e772586c99113c6997f88da636a9db8f2ce3a2c05e69?s=96&d=mm&r=g","caption":"infocongovirtuel"},"url":"https:\/\/congovirtuel.com\/information\/author\/infocongovirtuel\/"}]}},"gt_translate_keys":[{"key":"link","format":"url"}],"_links":{"self":[{"href":"https:\/\/congovirtuel.com\/information\/wp-json\/wp\/v2\/posts\/12803","targetHints":{"allow":["GET"]}}],"collection":[{"href":"https:\/\/congovirtuel.com\/information\/wp-json\/wp\/v2\/posts"}],"about":[{"href":"https:\/\/congovirtuel.com\/information\/wp-json\/wp\/v2\/types\/post"}],"author":[{"embeddable":true,"href":"https:\/\/congovirtuel.com\/information\/wp-json\/wp\/v2\/users\/1"}],"replies":[{"embeddable":true,"href":"https:\/\/congovirtuel.com\/information\/wp-json\/wp\/v2\/comments?post=12803"}],"version-history":[{"count":1,"href":"https:\/\/congovirtuel.com\/information\/wp-json\/wp\/v2\/posts\/12803\/revisions"}],"predecessor-version":[{"id":12806,"href":"https:\/\/congovirtuel.com\/information\/wp-json\/wp\/v2\/posts\/12803\/revisions\/12806"}],"wp:featuredmedia":[{"embeddable":true,"href":"https:\/\/congovirtuel.com\/information\/wp-json\/wp\/v2\/media\/12805"}],"wp:attachment":[{"href":"https:\/\/congovirtuel.com\/information\/wp-json\/wp\/v2\/media?parent=12803"}],"wp:term":[{"taxonomy":"category","embeddable":true,"href":"https:\/\/congovirtuel.com\/information\/wp-json\/wp\/v2\/categories?post=12803"},{"taxonomy":"post_tag","embeddable":true,"href":"https:\/\/congovirtuel.com\/information\/wp-json\/wp\/v2\/tags?post=12803"}],"curies":[{"name":"wp","href":"https:\/\/api.w.org\/{rel}","templated":true}]}}