{"id":12905,"date":"2021-08-16T11:03:00","date_gmt":"2021-08-16T10:03:00","guid":{"rendered":"https:\/\/congovirtuel.com\/information\/?p=12905"},"modified":"2021-08-16T11:03:06","modified_gmt":"2021-08-16T10:03:06","slug":"rdc-lequipe-des-forces-speciales-americaines-recue-par-le-president-tshisekedi","status":"publish","type":"post","link":"https:\/\/congovirtuel.com\/information\/rdc-lequipe-des-forces-speciales-americaines-recue-par-le-president-tshisekedi\/","title":{"rendered":"RDC : L&rsquo;\u00e9quipe des Forces sp\u00e9ciales am\u00e9ricaines re\u00e7ue par le pr\u00e9sident Tshisekedi","gt_translate_keys":[{"key":"rendered","format":"text"}]},"content":{"rendered":"\n<h2 class=\"wp-block-heading\">L&rsquo;\u00e9quipe des Forces sp\u00e9ciales am\u00e9ricaines a \u00e9t\u00e9 re\u00e7ue ce dimanche 15 ao\u00fbt 2021 par le chef de l&rsquo;\u00c9tat F\u00e9lix Antoine Tshisekedi Tshilombo \u00e0 la Cit\u00e9 de l&rsquo;Union Africaine situ\u00e9e dans la commune de Ngaliema \u00e0 Kinshasa.&nbsp;<\/h2>\n\n\n\n<p class=\"wp-block-paragraph\">Accompagn\u00e9es de l&rsquo;Ambasaadeur des USA \u00e0 Kinshasa, Mike Hammer, ces unit\u00e9s sp\u00e9ciales ont \u00e9chang\u00e9 avec le commandant supr\u00eame des Forces Arm\u00e9es sur les termes de r\u00e9f\u00e9rence de leur mission \u00e0 savoir : Apporter un appui aux FARDC dans la lutte contre le terrorisme et aux gardiens des parcs nationaux de Virunga et Garamba devenus le sanctuaire des forces terroristes dans les provinces de l&rsquo;Est de la RDC.<\/p>\n\n\n\n<p class=\"wp-block-paragraph\">\u00c0 en croire l&rsquo;ambassadeur am\u00e9ricain Mike Hammer, le but de cette mission est de \u00ab\u00a0collaborer avec le minist\u00e8re de la D\u00e9fense et les FARDC pour une \u00e9valuation de la future \u00e9quipe congolaise de lutte contre le terrorisme\u00a0\u00bb.<\/p>\n\n\n\n<p class=\"wp-block-paragraph\">Pour rappel, l&rsquo;\u00e9quipe des Forces d\u2019op\u00e9rations sp\u00e9ciales am\u00e9ricaines est arriv\u00e9e \u00e0 Kinshasa dans la soir\u00e9e du 13 ao\u00fbt dernier.&nbsp;<\/p>\n\n\n\n<p class=\"wp-block-paragraph\">C&rsquo;est sur demande du gouvernement congolais dirig\u00e9 par le premier ministre Jean-Michel Sama Lukonde, que cette \u00e9quipe est en visite au pays. \u00c0 noter que cette visite va s&rsquo;\u00e9tendre sur plusieurs semaines.&nbsp;<\/p>\n\n\n\n<p class=\"wp-block-paragraph\">Cette visite s\u2019effectue dans le cadre du Partenariat privil\u00e9gi\u00e9 pour la paix, la prosp\u00e9rit\u00e9 et la pr\u00e9servation de l\u2019environnement (PP4PP+P) conclu par les \u00c9tats-Unis et la RDC, appuie la d\u00e9termination expresse du pr\u00e9sident Tshisekedi de restaurer la paix et la s\u00e9curit\u00e9 dans l\u2019est de la RDC et de lutter contre DAECH-RDC (aussi connu sous le nom de Forces d\u00e9mocratiques alli\u00e9es-ADF) dans la cadre de la Coalition mondiale pour vaincre DAECH.<br>&nbsp;<br>Le but de la visite de l\u2019\u00e9quipe des Forces d\u2019op\u00e9rations sp\u00e9ciales am\u00e9ricaines est de collaborer avec le minist\u00e8re de la D\u00e9fense et les Forces arm\u00e9es de la R\u00e9publique d\u00e9mocratique du Congo (FARDC) pour r\u00e9aliser une \u00e9valuation de la future \u00c9quipe congolaise de lutte contre le terrorisme dont l\u2019objectif sera de se focaliser sur DAECH-RDC dans l\u2019est du Congo.&nbsp;<\/p>\n\n\n\n<blockquote class=\"wp-block-quote is-layout-flow wp-block-quote-is-layout-flow\"><p>\u00ab\u00a0<em>L&rsquo;\u00e9valuation de l\u2019\u00e9quipe des Forces d\u2019op\u00e9rations sp\u00e9ciales informera les principaux responsables congolais de la D\u00e9fense alors qu\u2019ils cherchent \u00e0 mettre sur pied une \u00c9quipe efficace qui lutte contre le terrorisme et promeut la paix et la stabilit\u00e9 en faveur du peuple congolais<\/em>\u00ab\u00a0, avait indiqu\u00e9 l&rsquo;ambassade des USA dans un communiqu\u00e9. &nbsp;<\/p><\/blockquote>\n\n\n\n<p class=\"wp-block-paragraph\">L&rsquo;\u00e9quipe des Forces sp\u00e9ciales r\u00e9alisera aussi une \u00e9valuation des gardiens de parc de l\u2019ICCN en appui \u00e0 la conservation de la nature dans les Parcs nationaux de la Garamba et de Virunga et fournira des donn\u00e9es pour am\u00e9liorer l\u2019efficacit\u00e9 de leurs efforts visant \u00e0 contrer le trafic des esp\u00e8ces sauvages et les autres activit\u00e9s ill\u00e9gales entreprises dans les parcs.&nbsp;<\/p>\n\n\n\n<p class=\"wp-block-paragraph\"><strong>Jepht\u00e9 Kitsita<\/strong>\/7sur7<\/p>\n","protected":false,"gt_translate_keys":[{"key":"rendered","format":"html"}]},"excerpt":{"rendered":"<p>L&rsquo;\u00e9quipe des Forces sp\u00e9ciales am\u00e9ricaines a \u00e9t\u00e9 re\u00e7ue ce dimanche 15 ao\u00fbt 2021 par le chef de l&rsquo;\u00c9tat F\u00e9lix Antoine Tshisekedi Tshilombo \u00e0 la Cit\u00e9 de l&rsquo;Union Africaine situ\u00e9e dans la commune de Ngaliema \u00e0 Kinshasa.&nbsp; Accompagn\u00e9es de l&rsquo;Ambasaadeur des USA \u00e0 Kinshasa, Mike Hammer, ces unit\u00e9s sp\u00e9ciales ont \u00e9chang\u00e9 avec le commandant supr\u00eame des Forces Arm\u00e9es sur les termes de r\u00e9f\u00e9rence de leur mission \u00e0 savoir : Apporter un appui aux FARDC dans la lutte contre le terrorisme et aux gardiens des parcs nationaux de Virunga et Garamba devenus&hellip;<\/p>\n","protected":false,"gt_translate_keys":[{"key":"rendered","format":"html"}]},"author":1,"featured_media":12907,"comment_status":"open","ping_status":"open","sticky":false,"template":"","format":"standard","meta":{"_crdt_document":"","footnotes":""},"categories":[235],"tags":[],"class_list":["post-12905","post","type-post","status-publish","format-standard","has-post-thumbnail","hentry","category-rdc-usa"],"gutentor_comment":0,"yoast_head":"<!-- This site is optimized with the Yoast SEO plugin v27.5 - https:\/\/yoast.com\/product\/yoast-seo-wordpress\/ -->\n<title>RDC : L&#039;\u00e9quipe des Forces sp\u00e9ciales am\u00e9ricaines re\u00e7ue par le pr\u00e9sident Tshisekedi - Actualit\u00e9s congolaises et internationales<\/title>\n<meta name=\"robots\" content=\"index, follow, max-snippet:-1, max-image-preview:large, max-video-preview:-1\" \/>\n<link rel=\"canonical\" href=\"https:\/\/congovirtuel.com\/information\/rdc-lequipe-des-forces-speciales-americaines-recue-par-le-president-tshisekedi\/\" \/>\n<meta property=\"og:locale\" content=\"fr_FR\" \/>\n<meta property=\"og:type\" content=\"article\" \/>\n<meta property=\"og:title\" content=\"RDC : L&#039;\u00e9quipe des Forces sp\u00e9ciales am\u00e9ricaines re\u00e7ue par le pr\u00e9sident Tshisekedi - Actualit\u00e9s congolaises et internationales\" \/>\n<meta property=\"og:description\" content=\"L&rsquo;\u00e9quipe des Forces sp\u00e9ciales am\u00e9ricaines a \u00e9t\u00e9 re\u00e7ue ce dimanche 15 ao\u00fbt 2021 par le chef de l&rsquo;\u00c9tat F\u00e9lix Antoine Tshisekedi Tshilombo \u00e0 la Cit\u00e9 de l&rsquo;Union Africaine situ\u00e9e dans la commune de Ngaliema \u00e0 Kinshasa.&nbsp; Accompagn\u00e9es de l&rsquo;Ambasaadeur des USA \u00e0 Kinshasa, Mike Hammer, ces unit\u00e9s sp\u00e9ciales ont \u00e9chang\u00e9 avec le commandant supr\u00eame des Forces Arm\u00e9es sur les termes de r\u00e9f\u00e9rence de leur mission \u00e0 savoir : Apporter un appui aux FARDC dans la lutte contre le terrorisme et aux gardiens des parcs nationaux de Virunga et Garamba devenus&hellip;\" \/>\n<meta property=\"og:url\" content=\"https:\/\/congovirtuel.com\/information\/rdc-lequipe-des-forces-speciales-americaines-recue-par-le-president-tshisekedi\/\" \/>\n<meta property=\"og:site_name\" content=\"Actualit\u00e9s congolaises et internationales\" \/>\n<meta property=\"article:publisher\" content=\"https:\/\/web.facebook.com\/Congovirtuel-763617960319601\/?ref=aymt_homepage_panel&amp;amp%3bamp%3bamp%3bamp%3bamp%3bamp%3bamp%3bamp%3bamp%3bamp%3bamp%3beid=ARCoxULa66767kIgF_KYav6VdjXTI4yk_LW4yoVO9s6NXpysgb7Cb65vpxcxgqzOAKvIbLQxaAETcqHT\" \/>\n<meta property=\"article:published_time\" content=\"2021-08-16T10:03:00+00:00\" \/>\n<meta property=\"article:modified_time\" content=\"2021-08-16T10:03:06+00:00\" \/>\n<meta property=\"og:image\" content=\"https:\/\/congovirtuel.com\/information\/wp-content\/uploads\/2021\/08\/felix_force_speciale-600-x-300.jpg\" \/>\n\t<meta property=\"og:image:width\" content=\"600\" \/>\n\t<meta property=\"og:image:height\" content=\"300\" \/>\n\t<meta property=\"og:image:type\" content=\"image\/jpeg\" \/>\n<meta name=\"author\" content=\"infocongovirtuel\" \/>\n<meta name=\"twitter:card\" content=\"summary_large_image\" \/>\n<meta name=\"twitter:creator\" content=\"@congovirtuel\" \/>\n<meta name=\"twitter:site\" content=\"@congovirtuel\" \/>\n<meta name=\"twitter:label1\" content=\"\u00c9crit par\" \/>\n\t<meta name=\"twitter:data1\" content=\"infocongovirtuel\" \/>\n\t<meta name=\"twitter:label2\" content=\"Dur\u00e9e de lecture estim\u00e9e\" \/>\n\t<meta name=\"twitter:data2\" content=\"2 minutes\" \/>\n<script type=\"application\/ld+json\" class=\"yoast-schema-graph\">{\"@context\":\"https:\\\/\\\/schema.org\",\"@graph\":[{\"@type\":\"Article\",\"@id\":\"https:\\\/\\\/congovirtuel.com\\\/information\\\/rdc-lequipe-des-forces-speciales-americaines-recue-par-le-president-tshisekedi\\\/#article\",\"isPartOf\":{\"@id\":\"https:\\\/\\\/congovirtuel.com\\\/information\\\/rdc-lequipe-des-forces-speciales-americaines-recue-par-le-president-tshisekedi\\\/\"},\"author\":{\"name\":\"infocongovirtuel\",\"@id\":\"https:\\\/\\\/congovirtuel.com\\\/information\\\/#\\\/schema\\\/person\\\/739a44bf7990966cb53d58d2fdeca0b6\"},\"headline\":\"RDC : L&rsquo;\u00e9quipe des Forces sp\u00e9ciales am\u00e9ricaines re\u00e7ue par le pr\u00e9sident Tshisekedi\",\"datePublished\":\"2021-08-16T10:03:00+00:00\",\"dateModified\":\"2021-08-16T10:03:06+00:00\",\"mainEntityOfPage\":{\"@id\":\"https:\\\/\\\/congovirtuel.com\\\/information\\\/rdc-lequipe-des-forces-speciales-americaines-recue-par-le-president-tshisekedi\\\/\"},\"wordCount\":516,\"commentCount\":0,\"publisher\":{\"@id\":\"https:\\\/\\\/congovirtuel.com\\\/information\\\/#organization\"},\"image\":{\"@id\":\"https:\\\/\\\/congovirtuel.com\\\/information\\\/rdc-lequipe-des-forces-speciales-americaines-recue-par-le-president-tshisekedi\\\/#primaryimage\"},\"thumbnailUrl\":\"https:\\\/\\\/congovirtuel.com\\\/information\\\/wp-content\\\/uploads\\\/2021\\\/08\\\/felix_force_speciale-600-x-300.jpg\",\"articleSection\":[\"RDC-USA\"],\"inLanguage\":\"fr-FR\",\"potentialAction\":[{\"@type\":\"CommentAction\",\"name\":\"Comment\",\"target\":[\"https:\\\/\\\/congovirtuel.com\\\/information\\\/rdc-lequipe-des-forces-speciales-americaines-recue-par-le-president-tshisekedi\\\/#respond\"]}]},{\"@type\":\"WebPage\",\"@id\":\"https:\\\/\\\/congovirtuel.com\\\/information\\\/rdc-lequipe-des-forces-speciales-americaines-recue-par-le-president-tshisekedi\\\/\",\"url\":\"https:\\\/\\\/congovirtuel.com\\\/information\\\/rdc-lequipe-des-forces-speciales-americaines-recue-par-le-president-tshisekedi\\\/\",\"name\":\"RDC : L'\u00e9quipe des Forces sp\u00e9ciales am\u00e9ricaines re\u00e7ue par le pr\u00e9sident Tshisekedi - Actualit\u00e9s congolaises et internationales\",\"isPartOf\":{\"@id\":\"https:\\\/\\\/congovirtuel.com\\\/information\\\/#website\"},\"primaryImageOfPage\":{\"@id\":\"https:\\\/\\\/congovirtuel.com\\\/information\\\/rdc-lequipe-des-forces-speciales-americaines-recue-par-le-president-tshisekedi\\\/#primaryimage\"},\"image\":{\"@id\":\"https:\\\/\\\/congovirtuel.com\\\/information\\\/rdc-lequipe-des-forces-speciales-americaines-recue-par-le-president-tshisekedi\\\/#primaryimage\"},\"thumbnailUrl\":\"https:\\\/\\\/congovirtuel.com\\\/information\\\/wp-content\\\/uploads\\\/2021\\\/08\\\/felix_force_speciale-600-x-300.jpg\",\"datePublished\":\"2021-08-16T10:03:00+00:00\",\"dateModified\":\"2021-08-16T10:03:06+00:00\",\"breadcrumb\":{\"@id\":\"https:\\\/\\\/congovirtuel.com\\\/information\\\/rdc-lequipe-des-forces-speciales-americaines-recue-par-le-president-tshisekedi\\\/#breadcrumb\"},\"inLanguage\":\"fr-FR\",\"potentialAction\":[{\"@type\":\"ReadAction\",\"target\":[\"https:\\\/\\\/congovirtuel.com\\\/information\\\/rdc-lequipe-des-forces-speciales-americaines-recue-par-le-president-tshisekedi\\\/\"]}]},{\"@type\":\"ImageObject\",\"inLanguage\":\"fr-FR\",\"@id\":\"https:\\\/\\\/congovirtuel.com\\\/information\\\/rdc-lequipe-des-forces-speciales-americaines-recue-par-le-president-tshisekedi\\\/#primaryimage\",\"url\":\"https:\\\/\\\/congovirtuel.com\\\/information\\\/wp-content\\\/uploads\\\/2021\\\/08\\\/felix_force_speciale-600-x-300.jpg\",\"contentUrl\":\"https:\\\/\\\/congovirtuel.com\\\/information\\\/wp-content\\\/uploads\\\/2021\\\/08\\\/felix_force_speciale-600-x-300.jpg\",\"width\":600,\"height\":300},{\"@type\":\"BreadcrumbList\",\"@id\":\"https:\\\/\\\/congovirtuel.com\\\/information\\\/rdc-lequipe-des-forces-speciales-americaines-recue-par-le-president-tshisekedi\\\/#breadcrumb\",\"itemListElement\":[{\"@type\":\"ListItem\",\"position\":1,\"name\":\"Accueil\",\"item\":\"https:\\\/\\\/congovirtuel.com\\\/information\\\/\"},{\"@type\":\"ListItem\",\"position\":2,\"name\":\"RDC : L&rsquo;\u00e9quipe des Forces sp\u00e9ciales am\u00e9ricaines re\u00e7ue par le pr\u00e9sident Tshisekedi\"}]},{\"@type\":\"WebSite\",\"@id\":\"https:\\\/\\\/congovirtuel.com\\\/information\\\/#website\",\"url\":\"https:\\\/\\\/congovirtuel.com\\\/information\\\/\",\"name\":\"Actualit\u00e9s congolaises et internationales\",\"description\":\"site d&#039;analyse et de traitement d&#039;information\",\"publisher\":{\"@id\":\"https:\\\/\\\/congovirtuel.com\\\/information\\\/#organization\"},\"potentialAction\":[{\"@type\":\"SearchAction\",\"target\":{\"@type\":\"EntryPoint\",\"urlTemplate\":\"https:\\\/\\\/congovirtuel.com\\\/information\\\/?s={search_term_string}\"},\"query-input\":{\"@type\":\"PropertyValueSpecification\",\"valueRequired\":true,\"valueName\":\"search_term_string\"}}],\"inLanguage\":\"fr-FR\"},{\"@type\":\"Organization\",\"@id\":\"https:\\\/\\\/congovirtuel.com\\\/information\\\/#organization\",\"name\":\"Biblioth\u00e8que Virtuelle de la RDC\",\"url\":\"https:\\\/\\\/congovirtuel.com\\\/information\\\/\",\"logo\":{\"@type\":\"ImageObject\",\"inLanguage\":\"fr-FR\",\"@id\":\"https:\\\/\\\/congovirtuel.com\\\/information\\\/#\\\/schema\\\/logo\\\/image\\\/\",\"url\":\"https:\\\/\\\/congovirtuel.com\\\/information\\\/wp-content\\\/uploads\\\/2018\\\/10\\\/header-info-congovirtuel-vraie.jpg\",\"contentUrl\":\"https:\\\/\\\/congovirtuel.com\\\/information\\\/wp-content\\\/uploads\\\/2018\\\/10\\\/header-info-congovirtuel-vraie.jpg\",\"width\":728,\"height\":90,\"caption\":\"Biblioth\u00e8que Virtuelle de la RDC\"},\"image\":{\"@id\":\"https:\\\/\\\/congovirtuel.com\\\/information\\\/#\\\/schema\\\/logo\\\/image\\\/\"},\"sameAs\":[\"https:\\\/\\\/web.facebook.com\\\/Congovirtuel-763617960319601\\\/?ref=aymt_homepage_panel&amp;amp;amp;amp;amp;amp;amp;amp;amp;amp;amp;eid=ARCoxULa66767kIgF_KYav6VdjXTI4yk_LW4yoVO9s6NXpysgb7Cb65vpxcxgqzOAKvIbLQxaAETcqHT\",\"https:\\\/\\\/x.com\\\/congovirtuel\",\"https:\\\/\\\/www.youtube.com\\\/channel\\\/UCkFfprYzGgS3EWNpeMXpToQ?view_as=subscriber\"]},{\"@type\":\"Person\",\"@id\":\"https:\\\/\\\/congovirtuel.com\\\/information\\\/#\\\/schema\\\/person\\\/739a44bf7990966cb53d58d2fdeca0b6\",\"name\":\"infocongovirtuel\",\"image\":{\"@type\":\"ImageObject\",\"inLanguage\":\"fr-FR\",\"@id\":\"https:\\\/\\\/secure.gravatar.com\\\/avatar\\\/4d76991aa72469f0eb22e772586c99113c6997f88da636a9db8f2ce3a2c05e69?s=96&d=mm&r=g\",\"url\":\"https:\\\/\\\/secure.gravatar.com\\\/avatar\\\/4d76991aa72469f0eb22e772586c99113c6997f88da636a9db8f2ce3a2c05e69?s=96&d=mm&r=g\",\"contentUrl\":\"https:\\\/\\\/secure.gravatar.com\\\/avatar\\\/4d76991aa72469f0eb22e772586c99113c6997f88da636a9db8f2ce3a2c05e69?s=96&d=mm&r=g\",\"caption\":\"infocongovirtuel\"},\"url\":\"https:\\\/\\\/congovirtuel.com\\\/information\\\/author\\\/infocongovirtuel\\\/\"}]}<\/script>\n<!-- \/ Yoast SEO plugin. -->","yoast_head_json":{"title":"RDC : L'\u00e9quipe des Forces sp\u00e9ciales am\u00e9ricaines re\u00e7ue par le pr\u00e9sident Tshisekedi - Actualit\u00e9s congolaises et internationales","robots":{"index":"index","follow":"follow","max-snippet":"max-snippet:-1","max-image-preview":"max-image-preview:large","max-video-preview":"max-video-preview:-1"},"canonical":"https:\/\/congovirtuel.com\/information\/rdc-lequipe-des-forces-speciales-americaines-recue-par-le-president-tshisekedi\/","og_locale":"fr_FR","og_type":"article","og_title":"RDC : L'\u00e9quipe des Forces sp\u00e9ciales am\u00e9ricaines re\u00e7ue par le pr\u00e9sident Tshisekedi - Actualit\u00e9s congolaises et internationales","og_description":"L&rsquo;\u00e9quipe des Forces sp\u00e9ciales am\u00e9ricaines a \u00e9t\u00e9 re\u00e7ue ce dimanche 15 ao\u00fbt 2021 par le chef de l&rsquo;\u00c9tat F\u00e9lix Antoine Tshisekedi Tshilombo \u00e0 la Cit\u00e9 de l&rsquo;Union Africaine situ\u00e9e dans la commune de Ngaliema \u00e0 Kinshasa.&nbsp; Accompagn\u00e9es de l&rsquo;Ambasaadeur des USA \u00e0 Kinshasa, Mike Hammer, ces unit\u00e9s sp\u00e9ciales ont \u00e9chang\u00e9 avec le commandant supr\u00eame des Forces Arm\u00e9es sur les termes de r\u00e9f\u00e9rence de leur mission \u00e0 savoir : Apporter un appui aux FARDC dans la lutte contre le terrorisme et aux gardiens des parcs nationaux de Virunga et Garamba devenus&hellip;","og_url":"https:\/\/congovirtuel.com\/information\/rdc-lequipe-des-forces-speciales-americaines-recue-par-le-president-tshisekedi\/","og_site_name":"Actualit\u00e9s congolaises et internationales","article_publisher":"https:\/\/web.facebook.com\/Congovirtuel-763617960319601\/?ref=aymt_homepage_panel&amp%3bamp%3bamp%3bamp%3bamp%3bamp%3bamp%3bamp%3bamp%3bamp%3bamp%3beid=ARCoxULa66767kIgF_KYav6VdjXTI4yk_LW4yoVO9s6NXpysgb7Cb65vpxcxgqzOAKvIbLQxaAETcqHT","article_published_time":"2021-08-16T10:03:00+00:00","article_modified_time":"2021-08-16T10:03:06+00:00","og_image":[{"width":600,"height":300,"url":"https:\/\/congovirtuel.com\/information\/wp-content\/uploads\/2021\/08\/felix_force_speciale-600-x-300.jpg","type":"image\/jpeg"}],"author":"infocongovirtuel","twitter_card":"summary_large_image","twitter_creator":"@congovirtuel","twitter_site":"@congovirtuel","twitter_misc":{"\u00c9crit par":"infocongovirtuel","Dur\u00e9e de lecture estim\u00e9e":"2 minutes"},"schema":{"@context":"https:\/\/schema.org","@graph":[{"@type":"Article","@id":"https:\/\/congovirtuel.com\/information\/rdc-lequipe-des-forces-speciales-americaines-recue-par-le-president-tshisekedi\/#article","isPartOf":{"@id":"https:\/\/congovirtuel.com\/information\/rdc-lequipe-des-forces-speciales-americaines-recue-par-le-president-tshisekedi\/"},"author":{"name":"infocongovirtuel","@id":"https:\/\/congovirtuel.com\/information\/#\/schema\/person\/739a44bf7990966cb53d58d2fdeca0b6"},"headline":"RDC : L&rsquo;\u00e9quipe des Forces sp\u00e9ciales am\u00e9ricaines re\u00e7ue par le pr\u00e9sident Tshisekedi","datePublished":"2021-08-16T10:03:00+00:00","dateModified":"2021-08-16T10:03:06+00:00","mainEntityOfPage":{"@id":"https:\/\/congovirtuel.com\/information\/rdc-lequipe-des-forces-speciales-americaines-recue-par-le-president-tshisekedi\/"},"wordCount":516,"commentCount":0,"publisher":{"@id":"https:\/\/congovirtuel.com\/information\/#organization"},"image":{"@id":"https:\/\/congovirtuel.com\/information\/rdc-lequipe-des-forces-speciales-americaines-recue-par-le-president-tshisekedi\/#primaryimage"},"thumbnailUrl":"https:\/\/congovirtuel.com\/information\/wp-content\/uploads\/2021\/08\/felix_force_speciale-600-x-300.jpg","articleSection":["RDC-USA"],"inLanguage":"fr-FR","potentialAction":[{"@type":"CommentAction","name":"Comment","target":["https:\/\/congovirtuel.com\/information\/rdc-lequipe-des-forces-speciales-americaines-recue-par-le-president-tshisekedi\/#respond"]}]},{"@type":"WebPage","@id":"https:\/\/congovirtuel.com\/information\/rdc-lequipe-des-forces-speciales-americaines-recue-par-le-president-tshisekedi\/","url":"https:\/\/congovirtuel.com\/information\/rdc-lequipe-des-forces-speciales-americaines-recue-par-le-president-tshisekedi\/","name":"RDC : L'\u00e9quipe des Forces sp\u00e9ciales am\u00e9ricaines re\u00e7ue par le pr\u00e9sident Tshisekedi - Actualit\u00e9s congolaises et internationales","isPartOf":{"@id":"https:\/\/congovirtuel.com\/information\/#website"},"primaryImageOfPage":{"@id":"https:\/\/congovirtuel.com\/information\/rdc-lequipe-des-forces-speciales-americaines-recue-par-le-president-tshisekedi\/#primaryimage"},"image":{"@id":"https:\/\/congovirtuel.com\/information\/rdc-lequipe-des-forces-speciales-americaines-recue-par-le-president-tshisekedi\/#primaryimage"},"thumbnailUrl":"https:\/\/congovirtuel.com\/information\/wp-content\/uploads\/2021\/08\/felix_force_speciale-600-x-300.jpg","datePublished":"2021-08-16T10:03:00+00:00","dateModified":"2021-08-16T10:03:06+00:00","breadcrumb":{"@id":"https:\/\/congovirtuel.com\/information\/rdc-lequipe-des-forces-speciales-americaines-recue-par-le-president-tshisekedi\/#breadcrumb"},"inLanguage":"fr-FR","potentialAction":[{"@type":"ReadAction","target":["https:\/\/congovirtuel.com\/information\/rdc-lequipe-des-forces-speciales-americaines-recue-par-le-president-tshisekedi\/"]}]},{"@type":"ImageObject","inLanguage":"fr-FR","@id":"https:\/\/congovirtuel.com\/information\/rdc-lequipe-des-forces-speciales-americaines-recue-par-le-president-tshisekedi\/#primaryimage","url":"https:\/\/congovirtuel.com\/information\/wp-content\/uploads\/2021\/08\/felix_force_speciale-600-x-300.jpg","contentUrl":"https:\/\/congovirtuel.com\/information\/wp-content\/uploads\/2021\/08\/felix_force_speciale-600-x-300.jpg","width":600,"height":300},{"@type":"BreadcrumbList","@id":"https:\/\/congovirtuel.com\/information\/rdc-lequipe-des-forces-speciales-americaines-recue-par-le-president-tshisekedi\/#breadcrumb","itemListElement":[{"@type":"ListItem","position":1,"name":"Accueil","item":"https:\/\/congovirtuel.com\/information\/"},{"@type":"ListItem","position":2,"name":"RDC : L&rsquo;\u00e9quipe des Forces sp\u00e9ciales am\u00e9ricaines re\u00e7ue par le pr\u00e9sident Tshisekedi"}]},{"@type":"WebSite","@id":"https:\/\/congovirtuel.com\/information\/#website","url":"https:\/\/congovirtuel.com\/information\/","name":"Actualit\u00e9s congolaises et internationales","description":"site d&#039;analyse et de traitement d&#039;information","publisher":{"@id":"https:\/\/congovirtuel.com\/information\/#organization"},"potentialAction":[{"@type":"SearchAction","target":{"@type":"EntryPoint","urlTemplate":"https:\/\/congovirtuel.com\/information\/?s={search_term_string}"},"query-input":{"@type":"PropertyValueSpecification","valueRequired":true,"valueName":"search_term_string"}}],"inLanguage":"fr-FR"},{"@type":"Organization","@id":"https:\/\/congovirtuel.com\/information\/#organization","name":"Biblioth\u00e8que Virtuelle de la RDC","url":"https:\/\/congovirtuel.com\/information\/","logo":{"@type":"ImageObject","inLanguage":"fr-FR","@id":"https:\/\/congovirtuel.com\/information\/#\/schema\/logo\/image\/","url":"https:\/\/congovirtuel.com\/information\/wp-content\/uploads\/2018\/10\/header-info-congovirtuel-vraie.jpg","contentUrl":"https:\/\/congovirtuel.com\/information\/wp-content\/uploads\/2018\/10\/header-info-congovirtuel-vraie.jpg","width":728,"height":90,"caption":"Biblioth\u00e8que Virtuelle de la RDC"},"image":{"@id":"https:\/\/congovirtuel.com\/information\/#\/schema\/logo\/image\/"},"sameAs":["https:\/\/web.facebook.com\/Congovirtuel-763617960319601\/?ref=aymt_homepage_panel&amp;amp;amp;amp;amp;amp;amp;amp;amp;amp;amp;eid=ARCoxULa66767kIgF_KYav6VdjXTI4yk_LW4yoVO9s6NXpysgb7Cb65vpxcxgqzOAKvIbLQxaAETcqHT","https:\/\/x.com\/congovirtuel","https:\/\/www.youtube.com\/channel\/UCkFfprYzGgS3EWNpeMXpToQ?view_as=subscriber"]},{"@type":"Person","@id":"https:\/\/congovirtuel.com\/information\/#\/schema\/person\/739a44bf7990966cb53d58d2fdeca0b6","name":"infocongovirtuel","image":{"@type":"ImageObject","inLanguage":"fr-FR","@id":"https:\/\/secure.gravatar.com\/avatar\/4d76991aa72469f0eb22e772586c99113c6997f88da636a9db8f2ce3a2c05e69?s=96&d=mm&r=g","url":"https:\/\/secure.gravatar.com\/avatar\/4d76991aa72469f0eb22e772586c99113c6997f88da636a9db8f2ce3a2c05e69?s=96&d=mm&r=g","contentUrl":"https:\/\/secure.gravatar.com\/avatar\/4d76991aa72469f0eb22e772586c99113c6997f88da636a9db8f2ce3a2c05e69?s=96&d=mm&r=g","caption":"infocongovirtuel"},"url":"https:\/\/congovirtuel.com\/information\/author\/infocongovirtuel\/"}]}},"gt_translate_keys":[{"key":"link","format":"url"}],"_links":{"self":[{"href":"https:\/\/congovirtuel.com\/information\/wp-json\/wp\/v2\/posts\/12905","targetHints":{"allow":["GET"]}}],"collection":[{"href":"https:\/\/congovirtuel.com\/information\/wp-json\/wp\/v2\/posts"}],"about":[{"href":"https:\/\/congovirtuel.com\/information\/wp-json\/wp\/v2\/types\/post"}],"author":[{"embeddable":true,"href":"https:\/\/congovirtuel.com\/information\/wp-json\/wp\/v2\/users\/1"}],"replies":[{"embeddable":true,"href":"https:\/\/congovirtuel.com\/information\/wp-json\/wp\/v2\/comments?post=12905"}],"version-history":[{"count":1,"href":"https:\/\/congovirtuel.com\/information\/wp-json\/wp\/v2\/posts\/12905\/revisions"}],"predecessor-version":[{"id":12908,"href":"https:\/\/congovirtuel.com\/information\/wp-json\/wp\/v2\/posts\/12905\/revisions\/12908"}],"wp:featuredmedia":[{"embeddable":true,"href":"https:\/\/congovirtuel.com\/information\/wp-json\/wp\/v2\/media\/12907"}],"wp:attachment":[{"href":"https:\/\/congovirtuel.com\/information\/wp-json\/wp\/v2\/media?parent=12905"}],"wp:term":[{"taxonomy":"category","embeddable":true,"href":"https:\/\/congovirtuel.com\/information\/wp-json\/wp\/v2\/categories?post=12905"},{"taxonomy":"post_tag","embeddable":true,"href":"https:\/\/congovirtuel.com\/information\/wp-json\/wp\/v2\/tags?post=12905"}],"curies":[{"name":"wp","href":"https:\/\/api.w.org\/{rel}","templated":true}]}}