{"id":13106,"date":"2021-08-22T06:22:39","date_gmt":"2021-08-22T05:22:39","guid":{"rendered":"https:\/\/congovirtuel.com\/information\/?p=13106"},"modified":"2021-08-22T06:22:41","modified_gmt":"2021-08-22T05:22:41","slug":"rdc-haut-katanga-deces-de-g-kyungu-wa-kumwanza-president-de-lassemblee-provinciale","status":"publish","type":"post","link":"https:\/\/congovirtuel.com\/information\/rdc-haut-katanga-deces-de-g-kyungu-wa-kumwanza-president-de-lassemblee-provinciale\/","title":{"rendered":"RDC- Haut Katanga: d\u00e9c\u00e8s de G. Kyungu Wa Kumwanza pr\u00e9sident de l&rsquo;Assembl\u00e9e provinciale","gt_translate_keys":[{"key":"rendered","format":"text"}]},"content":{"rendered":"\n<p class=\"wp-block-paragraph\">Antoine Gabriel Kyungu wa Kumwanza, Pr\u00e9sident de l&rsquo;Assembl\u00e9e provinciale du Haut-Katanga est d\u00e9c\u00e9d\u00e9 dans la soir\u00e9e de ce samedi 21 ao\u00fbt \u00e0 Luanda, en Angola.<\/p>\n\n\n\n<p class=\"wp-block-paragraph\">Son d\u00e9c\u00e8s intervient quelques jours seulement apr\u00e8s la mort de son fils, Marcel Kyungu Nsala, en charge de la jeunesse de son parti, l&rsquo;UNAFEC.<\/p>\n\n\n\n<p class=\"wp-block-paragraph\">Le Pr\u00e9sident de la r\u00e9publique d\u00e9mocratique du Congo vient une fois de plus de perdre un alli\u00e9 de taille, une personnalit\u00e9 strat\u00e9gique, utile pour les \u00e9lections \u00e0 venir.<\/p>\n\n\n\n<figure class=\"wp-block-image size-large\"><img loading=\"lazy\" decoding=\"async\" width=\"604\" height=\"840\" src=\"https:\/\/congovirtuel.com\/information\/wp-content\/uploads\/2021\/08\/IMG-20210822-WA0000-604x840.jpg\" alt=\"\" class=\"wp-image-13108\" srcset=\"https:\/\/congovirtuel.com\/information\/wp-content\/uploads\/2021\/08\/IMG-20210822-WA0000-604x840.jpg 604w, https:\/\/congovirtuel.com\/information\/wp-content\/uploads\/2021\/08\/IMG-20210822-WA0000-263x365.jpg 263w, https:\/\/congovirtuel.com\/information\/wp-content\/uploads\/2021\/08\/IMG-20210822-WA0000-768x1067.jpg 768w, https:\/\/congovirtuel.com\/information\/wp-content\/uploads\/2021\/08\/IMG-20210822-WA0000.jpg 777w\" sizes=\"auto, (max-width: 604px) 100vw, 604px\" \/><\/figure>\n\n\n\n<p class=\"wp-block-paragraph\"><strong>Avec actualite.cd<\/strong><\/p>\n","protected":false,"gt_translate_keys":[{"key":"rendered","format":"html"}]},"excerpt":{"rendered":"<p>Antoine Gabriel Kyungu wa Kumwanza, Pr\u00e9sident de l&rsquo;Assembl\u00e9e provinciale du Haut-Katanga est d\u00e9c\u00e9d\u00e9 dans la soir\u00e9e de ce samedi 21 ao\u00fbt \u00e0 Luanda, en Angola. Son d\u00e9c\u00e8s intervient quelques jours seulement apr\u00e8s la mort de son fils, Marcel Kyungu Nsala, en charge de la jeunesse de son parti, l&rsquo;UNAFEC. Le Pr\u00e9sident de la r\u00e9publique d\u00e9mocratique du Congo vient une fois de plus de perdre un alli\u00e9 de taille, une personnalit\u00e9 strat\u00e9gique, utile pour les \u00e9lections \u00e0 venir. Avec actualite.cd<\/p>\n","protected":false,"gt_translate_keys":[{"key":"rendered","format":"html"}]},"author":1,"featured_media":13109,"comment_status":"open","ping_status":"open","sticky":false,"template":"","format":"standard","meta":{"_crdt_document":"","footnotes":""},"categories":[3385],"tags":[18783,18785,18784],"class_list":["post-13106","post","type-post","status-publish","format-standard","has-post-thumbnail","hentry","category-mort-celebrite","tag-deces-de-kyungu","tag-kyungu-mort","tag-kyungu-mort-en-angola"],"gutentor_comment":0,"yoast_head":"<!-- This site is optimized with the Yoast SEO plugin v27.5 - https:\/\/yoast.com\/product\/yoast-seo-wordpress\/ -->\n<title>RDC- Haut Katanga: d\u00e9c\u00e8s de G. Kyungu Wa Kumwanza pr\u00e9sident de l&#039;Assembl\u00e9e provinciale - Actualit\u00e9s congolaises et internationales<\/title>\n<meta name=\"robots\" content=\"index, follow, max-snippet:-1, max-image-preview:large, max-video-preview:-1\" \/>\n<link rel=\"canonical\" href=\"https:\/\/congovirtuel.com\/information\/rdc-haut-katanga-deces-de-g-kyungu-wa-kumwanza-president-de-lassemblee-provinciale\/\" \/>\n<meta property=\"og:locale\" content=\"fr_FR\" \/>\n<meta property=\"og:type\" content=\"article\" \/>\n<meta property=\"og:title\" content=\"RDC- Haut Katanga: d\u00e9c\u00e8s de G. Kyungu Wa Kumwanza pr\u00e9sident de l&#039;Assembl\u00e9e provinciale - Actualit\u00e9s congolaises et internationales\" \/>\n<meta property=\"og:description\" content=\"Antoine Gabriel Kyungu wa Kumwanza, Pr\u00e9sident de l&rsquo;Assembl\u00e9e provinciale du Haut-Katanga est d\u00e9c\u00e9d\u00e9 dans la soir\u00e9e de ce samedi 21 ao\u00fbt \u00e0 Luanda, en Angola. Son d\u00e9c\u00e8s intervient quelques jours seulement apr\u00e8s la mort de son fils, Marcel Kyungu Nsala, en charge de la jeunesse de son parti, l&rsquo;UNAFEC. Le Pr\u00e9sident de la r\u00e9publique d\u00e9mocratique du Congo vient une fois de plus de perdre un alli\u00e9 de taille, une personnalit\u00e9 strat\u00e9gique, utile pour les \u00e9lections \u00e0 venir. Avec actualite.cd\" \/>\n<meta property=\"og:url\" content=\"https:\/\/congovirtuel.com\/information\/rdc-haut-katanga-deces-de-g-kyungu-wa-kumwanza-president-de-lassemblee-provinciale\/\" \/>\n<meta property=\"og:site_name\" content=\"Actualit\u00e9s congolaises et internationales\" \/>\n<meta property=\"article:publisher\" content=\"https:\/\/web.facebook.com\/Congovirtuel-763617960319601\/?ref=aymt_homepage_panel&amp;amp%3bamp%3bamp%3bamp%3bamp%3bamp%3bamp%3bamp%3bamp%3bamp%3bamp%3beid=ARCoxULa66767kIgF_KYav6VdjXTI4yk_LW4yoVO9s6NXpysgb7Cb65vpxcxgqzOAKvIbLQxaAETcqHT\" \/>\n<meta property=\"article:published_time\" content=\"2021-08-22T05:22:39+00:00\" \/>\n<meta property=\"article:modified_time\" content=\"2021-08-22T05:22:41+00:00\" \/>\n<meta property=\"og:image\" content=\"https:\/\/congovirtuel.com\/information\/wp-content\/uploads\/2021\/08\/Gabriel-Kyungu-wa-Kumwanza.jpg\" \/>\n\t<meta property=\"og:image:width\" content=\"2048\" \/>\n\t<meta property=\"og:image:height\" content=\"1536\" \/>\n\t<meta property=\"og:image:type\" content=\"image\/jpeg\" \/>\n<meta name=\"author\" content=\"infocongovirtuel\" \/>\n<meta name=\"twitter:card\" content=\"summary_large_image\" \/>\n<meta name=\"twitter:creator\" content=\"@congovirtuel\" \/>\n<meta name=\"twitter:site\" content=\"@congovirtuel\" \/>\n<meta name=\"twitter:label1\" content=\"\u00c9crit par\" \/>\n\t<meta name=\"twitter:data1\" content=\"infocongovirtuel\" \/>\n\t<meta name=\"twitter:label2\" content=\"Dur\u00e9e de lecture estim\u00e9e\" \/>\n\t<meta name=\"twitter:data2\" content=\"1 minute\" \/>\n<script type=\"application\/ld+json\" class=\"yoast-schema-graph\">{\"@context\":\"https:\\\/\\\/schema.org\",\"@graph\":[{\"@type\":\"Article\",\"@id\":\"https:\\\/\\\/congovirtuel.com\\\/information\\\/rdc-haut-katanga-deces-de-g-kyungu-wa-kumwanza-president-de-lassemblee-provinciale\\\/#article\",\"isPartOf\":{\"@id\":\"https:\\\/\\\/congovirtuel.com\\\/information\\\/rdc-haut-katanga-deces-de-g-kyungu-wa-kumwanza-president-de-lassemblee-provinciale\\\/\"},\"author\":{\"name\":\"infocongovirtuel\",\"@id\":\"https:\\\/\\\/congovirtuel.com\\\/information\\\/#\\\/schema\\\/person\\\/739a44bf7990966cb53d58d2fdeca0b6\"},\"headline\":\"RDC- Haut Katanga: d\u00e9c\u00e8s de G. Kyungu Wa Kumwanza pr\u00e9sident de l&rsquo;Assembl\u00e9e provinciale\",\"datePublished\":\"2021-08-22T05:22:39+00:00\",\"dateModified\":\"2021-08-22T05:22:41+00:00\",\"mainEntityOfPage\":{\"@id\":\"https:\\\/\\\/congovirtuel.com\\\/information\\\/rdc-haut-katanga-deces-de-g-kyungu-wa-kumwanza-president-de-lassemblee-provinciale\\\/\"},\"wordCount\":110,\"commentCount\":0,\"publisher\":{\"@id\":\"https:\\\/\\\/congovirtuel.com\\\/information\\\/#organization\"},\"image\":{\"@id\":\"https:\\\/\\\/congovirtuel.com\\\/information\\\/rdc-haut-katanga-deces-de-g-kyungu-wa-kumwanza-president-de-lassemblee-provinciale\\\/#primaryimage\"},\"thumbnailUrl\":\"https:\\\/\\\/congovirtuel.com\\\/information\\\/wp-content\\\/uploads\\\/2021\\\/08\\\/Gabriel-Kyungu-wa-Kumwanza.jpg\",\"keywords\":[\"D\u00e9c\u00e8s de Kyungu\",\"Kyungu mort\",\"Kyungu mort en Angola\"],\"articleSection\":[\"Mort c\u00e9l\u00e9brit\u00e9\"],\"inLanguage\":\"fr-FR\",\"potentialAction\":[{\"@type\":\"CommentAction\",\"name\":\"Comment\",\"target\":[\"https:\\\/\\\/congovirtuel.com\\\/information\\\/rdc-haut-katanga-deces-de-g-kyungu-wa-kumwanza-president-de-lassemblee-provinciale\\\/#respond\"]}]},{\"@type\":\"WebPage\",\"@id\":\"https:\\\/\\\/congovirtuel.com\\\/information\\\/rdc-haut-katanga-deces-de-g-kyungu-wa-kumwanza-president-de-lassemblee-provinciale\\\/\",\"url\":\"https:\\\/\\\/congovirtuel.com\\\/information\\\/rdc-haut-katanga-deces-de-g-kyungu-wa-kumwanza-president-de-lassemblee-provinciale\\\/\",\"name\":\"RDC- Haut Katanga: d\u00e9c\u00e8s de G. Kyungu Wa Kumwanza pr\u00e9sident de l'Assembl\u00e9e provinciale - Actualit\u00e9s congolaises et internationales\",\"isPartOf\":{\"@id\":\"https:\\\/\\\/congovirtuel.com\\\/information\\\/#website\"},\"primaryImageOfPage\":{\"@id\":\"https:\\\/\\\/congovirtuel.com\\\/information\\\/rdc-haut-katanga-deces-de-g-kyungu-wa-kumwanza-president-de-lassemblee-provinciale\\\/#primaryimage\"},\"image\":{\"@id\":\"https:\\\/\\\/congovirtuel.com\\\/information\\\/rdc-haut-katanga-deces-de-g-kyungu-wa-kumwanza-president-de-lassemblee-provinciale\\\/#primaryimage\"},\"thumbnailUrl\":\"https:\\\/\\\/congovirtuel.com\\\/information\\\/wp-content\\\/uploads\\\/2021\\\/08\\\/Gabriel-Kyungu-wa-Kumwanza.jpg\",\"datePublished\":\"2021-08-22T05:22:39+00:00\",\"dateModified\":\"2021-08-22T05:22:41+00:00\",\"breadcrumb\":{\"@id\":\"https:\\\/\\\/congovirtuel.com\\\/information\\\/rdc-haut-katanga-deces-de-g-kyungu-wa-kumwanza-president-de-lassemblee-provinciale\\\/#breadcrumb\"},\"inLanguage\":\"fr-FR\",\"potentialAction\":[{\"@type\":\"ReadAction\",\"target\":[\"https:\\\/\\\/congovirtuel.com\\\/information\\\/rdc-haut-katanga-deces-de-g-kyungu-wa-kumwanza-president-de-lassemblee-provinciale\\\/\"]}]},{\"@type\":\"ImageObject\",\"inLanguage\":\"fr-FR\",\"@id\":\"https:\\\/\\\/congovirtuel.com\\\/information\\\/rdc-haut-katanga-deces-de-g-kyungu-wa-kumwanza-president-de-lassemblee-provinciale\\\/#primaryimage\",\"url\":\"https:\\\/\\\/congovirtuel.com\\\/information\\\/wp-content\\\/uploads\\\/2021\\\/08\\\/Gabriel-Kyungu-wa-Kumwanza.jpg\",\"contentUrl\":\"https:\\\/\\\/congovirtuel.com\\\/information\\\/wp-content\\\/uploads\\\/2021\\\/08\\\/Gabriel-Kyungu-wa-Kumwanza.jpg\",\"width\":2048,\"height\":1536},{\"@type\":\"BreadcrumbList\",\"@id\":\"https:\\\/\\\/congovirtuel.com\\\/information\\\/rdc-haut-katanga-deces-de-g-kyungu-wa-kumwanza-president-de-lassemblee-provinciale\\\/#breadcrumb\",\"itemListElement\":[{\"@type\":\"ListItem\",\"position\":1,\"name\":\"Accueil\",\"item\":\"https:\\\/\\\/congovirtuel.com\\\/information\\\/\"},{\"@type\":\"ListItem\",\"position\":2,\"name\":\"RDC- Haut Katanga: d\u00e9c\u00e8s de G. Kyungu Wa Kumwanza pr\u00e9sident de l&rsquo;Assembl\u00e9e provinciale\"}]},{\"@type\":\"WebSite\",\"@id\":\"https:\\\/\\\/congovirtuel.com\\\/information\\\/#website\",\"url\":\"https:\\\/\\\/congovirtuel.com\\\/information\\\/\",\"name\":\"Actualit\u00e9s congolaises et internationales\",\"description\":\"site d&#039;analyse et de traitement d&#039;information\",\"publisher\":{\"@id\":\"https:\\\/\\\/congovirtuel.com\\\/information\\\/#organization\"},\"potentialAction\":[{\"@type\":\"SearchAction\",\"target\":{\"@type\":\"EntryPoint\",\"urlTemplate\":\"https:\\\/\\\/congovirtuel.com\\\/information\\\/?s={search_term_string}\"},\"query-input\":{\"@type\":\"PropertyValueSpecification\",\"valueRequired\":true,\"valueName\":\"search_term_string\"}}],\"inLanguage\":\"fr-FR\"},{\"@type\":\"Organization\",\"@id\":\"https:\\\/\\\/congovirtuel.com\\\/information\\\/#organization\",\"name\":\"Biblioth\u00e8que Virtuelle de la RDC\",\"url\":\"https:\\\/\\\/congovirtuel.com\\\/information\\\/\",\"logo\":{\"@type\":\"ImageObject\",\"inLanguage\":\"fr-FR\",\"@id\":\"https:\\\/\\\/congovirtuel.com\\\/information\\\/#\\\/schema\\\/logo\\\/image\\\/\",\"url\":\"https:\\\/\\\/congovirtuel.com\\\/information\\\/wp-content\\\/uploads\\\/2018\\\/10\\\/header-info-congovirtuel-vraie.jpg\",\"contentUrl\":\"https:\\\/\\\/congovirtuel.com\\\/information\\\/wp-content\\\/uploads\\\/2018\\\/10\\\/header-info-congovirtuel-vraie.jpg\",\"width\":728,\"height\":90,\"caption\":\"Biblioth\u00e8que Virtuelle de la RDC\"},\"image\":{\"@id\":\"https:\\\/\\\/congovirtuel.com\\\/information\\\/#\\\/schema\\\/logo\\\/image\\\/\"},\"sameAs\":[\"https:\\\/\\\/web.facebook.com\\\/Congovirtuel-763617960319601\\\/?ref=aymt_homepage_panel&amp;amp;amp;amp;amp;amp;amp;amp;amp;amp;amp;eid=ARCoxULa66767kIgF_KYav6VdjXTI4yk_LW4yoVO9s6NXpysgb7Cb65vpxcxgqzOAKvIbLQxaAETcqHT\",\"https:\\\/\\\/x.com\\\/congovirtuel\",\"https:\\\/\\\/www.youtube.com\\\/channel\\\/UCkFfprYzGgS3EWNpeMXpToQ?view_as=subscriber\"]},{\"@type\":\"Person\",\"@id\":\"https:\\\/\\\/congovirtuel.com\\\/information\\\/#\\\/schema\\\/person\\\/739a44bf7990966cb53d58d2fdeca0b6\",\"name\":\"infocongovirtuel\",\"image\":{\"@type\":\"ImageObject\",\"inLanguage\":\"fr-FR\",\"@id\":\"https:\\\/\\\/secure.gravatar.com\\\/avatar\\\/4d76991aa72469f0eb22e772586c99113c6997f88da636a9db8f2ce3a2c05e69?s=96&d=mm&r=g\",\"url\":\"https:\\\/\\\/secure.gravatar.com\\\/avatar\\\/4d76991aa72469f0eb22e772586c99113c6997f88da636a9db8f2ce3a2c05e69?s=96&d=mm&r=g\",\"contentUrl\":\"https:\\\/\\\/secure.gravatar.com\\\/avatar\\\/4d76991aa72469f0eb22e772586c99113c6997f88da636a9db8f2ce3a2c05e69?s=96&d=mm&r=g\",\"caption\":\"infocongovirtuel\"},\"url\":\"https:\\\/\\\/congovirtuel.com\\\/information\\\/author\\\/infocongovirtuel\\\/\"}]}<\/script>\n<!-- \/ Yoast SEO plugin. -->","yoast_head_json":{"title":"RDC- Haut Katanga: d\u00e9c\u00e8s de G. Kyungu Wa Kumwanza pr\u00e9sident de l'Assembl\u00e9e provinciale - Actualit\u00e9s congolaises et internationales","robots":{"index":"index","follow":"follow","max-snippet":"max-snippet:-1","max-image-preview":"max-image-preview:large","max-video-preview":"max-video-preview:-1"},"canonical":"https:\/\/congovirtuel.com\/information\/rdc-haut-katanga-deces-de-g-kyungu-wa-kumwanza-president-de-lassemblee-provinciale\/","og_locale":"fr_FR","og_type":"article","og_title":"RDC- Haut Katanga: d\u00e9c\u00e8s de G. Kyungu Wa Kumwanza pr\u00e9sident de l'Assembl\u00e9e provinciale - Actualit\u00e9s congolaises et internationales","og_description":"Antoine Gabriel Kyungu wa Kumwanza, Pr\u00e9sident de l&rsquo;Assembl\u00e9e provinciale du Haut-Katanga est d\u00e9c\u00e9d\u00e9 dans la soir\u00e9e de ce samedi 21 ao\u00fbt \u00e0 Luanda, en Angola. Son d\u00e9c\u00e8s intervient quelques jours seulement apr\u00e8s la mort de son fils, Marcel Kyungu Nsala, en charge de la jeunesse de son parti, l&rsquo;UNAFEC. Le Pr\u00e9sident de la r\u00e9publique d\u00e9mocratique du Congo vient une fois de plus de perdre un alli\u00e9 de taille, une personnalit\u00e9 strat\u00e9gique, utile pour les \u00e9lections \u00e0 venir. Avec actualite.cd","og_url":"https:\/\/congovirtuel.com\/information\/rdc-haut-katanga-deces-de-g-kyungu-wa-kumwanza-president-de-lassemblee-provinciale\/","og_site_name":"Actualit\u00e9s congolaises et internationales","article_publisher":"https:\/\/web.facebook.com\/Congovirtuel-763617960319601\/?ref=aymt_homepage_panel&amp%3bamp%3bamp%3bamp%3bamp%3bamp%3bamp%3bamp%3bamp%3bamp%3bamp%3beid=ARCoxULa66767kIgF_KYav6VdjXTI4yk_LW4yoVO9s6NXpysgb7Cb65vpxcxgqzOAKvIbLQxaAETcqHT","article_published_time":"2021-08-22T05:22:39+00:00","article_modified_time":"2021-08-22T05:22:41+00:00","og_image":[{"width":2048,"height":1536,"url":"https:\/\/congovirtuel.com\/information\/wp-content\/uploads\/2021\/08\/Gabriel-Kyungu-wa-Kumwanza.jpg","type":"image\/jpeg"}],"author":"infocongovirtuel","twitter_card":"summary_large_image","twitter_creator":"@congovirtuel","twitter_site":"@congovirtuel","twitter_misc":{"\u00c9crit par":"infocongovirtuel","Dur\u00e9e de lecture estim\u00e9e":"1 minute"},"schema":{"@context":"https:\/\/schema.org","@graph":[{"@type":"Article","@id":"https:\/\/congovirtuel.com\/information\/rdc-haut-katanga-deces-de-g-kyungu-wa-kumwanza-president-de-lassemblee-provinciale\/#article","isPartOf":{"@id":"https:\/\/congovirtuel.com\/information\/rdc-haut-katanga-deces-de-g-kyungu-wa-kumwanza-president-de-lassemblee-provinciale\/"},"author":{"name":"infocongovirtuel","@id":"https:\/\/congovirtuel.com\/information\/#\/schema\/person\/739a44bf7990966cb53d58d2fdeca0b6"},"headline":"RDC- Haut Katanga: d\u00e9c\u00e8s de G. Kyungu Wa Kumwanza pr\u00e9sident de l&rsquo;Assembl\u00e9e provinciale","datePublished":"2021-08-22T05:22:39+00:00","dateModified":"2021-08-22T05:22:41+00:00","mainEntityOfPage":{"@id":"https:\/\/congovirtuel.com\/information\/rdc-haut-katanga-deces-de-g-kyungu-wa-kumwanza-president-de-lassemblee-provinciale\/"},"wordCount":110,"commentCount":0,"publisher":{"@id":"https:\/\/congovirtuel.com\/information\/#organization"},"image":{"@id":"https:\/\/congovirtuel.com\/information\/rdc-haut-katanga-deces-de-g-kyungu-wa-kumwanza-president-de-lassemblee-provinciale\/#primaryimage"},"thumbnailUrl":"https:\/\/congovirtuel.com\/information\/wp-content\/uploads\/2021\/08\/Gabriel-Kyungu-wa-Kumwanza.jpg","keywords":["D\u00e9c\u00e8s de Kyungu","Kyungu mort","Kyungu mort en Angola"],"articleSection":["Mort c\u00e9l\u00e9brit\u00e9"],"inLanguage":"fr-FR","potentialAction":[{"@type":"CommentAction","name":"Comment","target":["https:\/\/congovirtuel.com\/information\/rdc-haut-katanga-deces-de-g-kyungu-wa-kumwanza-president-de-lassemblee-provinciale\/#respond"]}]},{"@type":"WebPage","@id":"https:\/\/congovirtuel.com\/information\/rdc-haut-katanga-deces-de-g-kyungu-wa-kumwanza-president-de-lassemblee-provinciale\/","url":"https:\/\/congovirtuel.com\/information\/rdc-haut-katanga-deces-de-g-kyungu-wa-kumwanza-president-de-lassemblee-provinciale\/","name":"RDC- Haut Katanga: d\u00e9c\u00e8s de G. Kyungu Wa Kumwanza pr\u00e9sident de l'Assembl\u00e9e provinciale - Actualit\u00e9s congolaises et internationales","isPartOf":{"@id":"https:\/\/congovirtuel.com\/information\/#website"},"primaryImageOfPage":{"@id":"https:\/\/congovirtuel.com\/information\/rdc-haut-katanga-deces-de-g-kyungu-wa-kumwanza-president-de-lassemblee-provinciale\/#primaryimage"},"image":{"@id":"https:\/\/congovirtuel.com\/information\/rdc-haut-katanga-deces-de-g-kyungu-wa-kumwanza-president-de-lassemblee-provinciale\/#primaryimage"},"thumbnailUrl":"https:\/\/congovirtuel.com\/information\/wp-content\/uploads\/2021\/08\/Gabriel-Kyungu-wa-Kumwanza.jpg","datePublished":"2021-08-22T05:22:39+00:00","dateModified":"2021-08-22T05:22:41+00:00","breadcrumb":{"@id":"https:\/\/congovirtuel.com\/information\/rdc-haut-katanga-deces-de-g-kyungu-wa-kumwanza-president-de-lassemblee-provinciale\/#breadcrumb"},"inLanguage":"fr-FR","potentialAction":[{"@type":"ReadAction","target":["https:\/\/congovirtuel.com\/information\/rdc-haut-katanga-deces-de-g-kyungu-wa-kumwanza-president-de-lassemblee-provinciale\/"]}]},{"@type":"ImageObject","inLanguage":"fr-FR","@id":"https:\/\/congovirtuel.com\/information\/rdc-haut-katanga-deces-de-g-kyungu-wa-kumwanza-president-de-lassemblee-provinciale\/#primaryimage","url":"https:\/\/congovirtuel.com\/information\/wp-content\/uploads\/2021\/08\/Gabriel-Kyungu-wa-Kumwanza.jpg","contentUrl":"https:\/\/congovirtuel.com\/information\/wp-content\/uploads\/2021\/08\/Gabriel-Kyungu-wa-Kumwanza.jpg","width":2048,"height":1536},{"@type":"BreadcrumbList","@id":"https:\/\/congovirtuel.com\/information\/rdc-haut-katanga-deces-de-g-kyungu-wa-kumwanza-president-de-lassemblee-provinciale\/#breadcrumb","itemListElement":[{"@type":"ListItem","position":1,"name":"Accueil","item":"https:\/\/congovirtuel.com\/information\/"},{"@type":"ListItem","position":2,"name":"RDC- Haut Katanga: d\u00e9c\u00e8s de G. Kyungu Wa Kumwanza pr\u00e9sident de l&rsquo;Assembl\u00e9e provinciale"}]},{"@type":"WebSite","@id":"https:\/\/congovirtuel.com\/information\/#website","url":"https:\/\/congovirtuel.com\/information\/","name":"Actualit\u00e9s congolaises et internationales","description":"site d&#039;analyse et de traitement d&#039;information","publisher":{"@id":"https:\/\/congovirtuel.com\/information\/#organization"},"potentialAction":[{"@type":"SearchAction","target":{"@type":"EntryPoint","urlTemplate":"https:\/\/congovirtuel.com\/information\/?s={search_term_string}"},"query-input":{"@type":"PropertyValueSpecification","valueRequired":true,"valueName":"search_term_string"}}],"inLanguage":"fr-FR"},{"@type":"Organization","@id":"https:\/\/congovirtuel.com\/information\/#organization","name":"Biblioth\u00e8que Virtuelle de la RDC","url":"https:\/\/congovirtuel.com\/information\/","logo":{"@type":"ImageObject","inLanguage":"fr-FR","@id":"https:\/\/congovirtuel.com\/information\/#\/schema\/logo\/image\/","url":"https:\/\/congovirtuel.com\/information\/wp-content\/uploads\/2018\/10\/header-info-congovirtuel-vraie.jpg","contentUrl":"https:\/\/congovirtuel.com\/information\/wp-content\/uploads\/2018\/10\/header-info-congovirtuel-vraie.jpg","width":728,"height":90,"caption":"Biblioth\u00e8que Virtuelle de la RDC"},"image":{"@id":"https:\/\/congovirtuel.com\/information\/#\/schema\/logo\/image\/"},"sameAs":["https:\/\/web.facebook.com\/Congovirtuel-763617960319601\/?ref=aymt_homepage_panel&amp;amp;amp;amp;amp;amp;amp;amp;amp;amp;amp;eid=ARCoxULa66767kIgF_KYav6VdjXTI4yk_LW4yoVO9s6NXpysgb7Cb65vpxcxgqzOAKvIbLQxaAETcqHT","https:\/\/x.com\/congovirtuel","https:\/\/www.youtube.com\/channel\/UCkFfprYzGgS3EWNpeMXpToQ?view_as=subscriber"]},{"@type":"Person","@id":"https:\/\/congovirtuel.com\/information\/#\/schema\/person\/739a44bf7990966cb53d58d2fdeca0b6","name":"infocongovirtuel","image":{"@type":"ImageObject","inLanguage":"fr-FR","@id":"https:\/\/secure.gravatar.com\/avatar\/4d76991aa72469f0eb22e772586c99113c6997f88da636a9db8f2ce3a2c05e69?s=96&d=mm&r=g","url":"https:\/\/secure.gravatar.com\/avatar\/4d76991aa72469f0eb22e772586c99113c6997f88da636a9db8f2ce3a2c05e69?s=96&d=mm&r=g","contentUrl":"https:\/\/secure.gravatar.com\/avatar\/4d76991aa72469f0eb22e772586c99113c6997f88da636a9db8f2ce3a2c05e69?s=96&d=mm&r=g","caption":"infocongovirtuel"},"url":"https:\/\/congovirtuel.com\/information\/author\/infocongovirtuel\/"}]}},"gt_translate_keys":[{"key":"link","format":"url"}],"_links":{"self":[{"href":"https:\/\/congovirtuel.com\/information\/wp-json\/wp\/v2\/posts\/13106","targetHints":{"allow":["GET"]}}],"collection":[{"href":"https:\/\/congovirtuel.com\/information\/wp-json\/wp\/v2\/posts"}],"about":[{"href":"https:\/\/congovirtuel.com\/information\/wp-json\/wp\/v2\/types\/post"}],"author":[{"embeddable":true,"href":"https:\/\/congovirtuel.com\/information\/wp-json\/wp\/v2\/users\/1"}],"replies":[{"embeddable":true,"href":"https:\/\/congovirtuel.com\/information\/wp-json\/wp\/v2\/comments?post=13106"}],"version-history":[{"count":1,"href":"https:\/\/congovirtuel.com\/information\/wp-json\/wp\/v2\/posts\/13106\/revisions"}],"predecessor-version":[{"id":13110,"href":"https:\/\/congovirtuel.com\/information\/wp-json\/wp\/v2\/posts\/13106\/revisions\/13110"}],"wp:featuredmedia":[{"embeddable":true,"href":"https:\/\/congovirtuel.com\/information\/wp-json\/wp\/v2\/media\/13109"}],"wp:attachment":[{"href":"https:\/\/congovirtuel.com\/information\/wp-json\/wp\/v2\/media?parent=13106"}],"wp:term":[{"taxonomy":"category","embeddable":true,"href":"https:\/\/congovirtuel.com\/information\/wp-json\/wp\/v2\/categories?post=13106"},{"taxonomy":"post_tag","embeddable":true,"href":"https:\/\/congovirtuel.com\/information\/wp-json\/wp\/v2\/tags?post=13106"}],"curies":[{"name":"wp","href":"https:\/\/api.w.org\/{rel}","templated":true}]}}