{"id":1311,"date":"2020-05-06T04:19:16","date_gmt":"2020-05-06T03:19:16","guid":{"rendered":"https:\/\/congovirtuel.com\/information\/?p=1311"},"modified":"2020-05-06T04:19:26","modified_gmt":"2020-05-06T03:19:26","slug":"covid19-lunion-africaine-en-discussion-avec-madagascar-sur-un-remede-a-base-de-plantes","status":"publish","type":"post","link":"https:\/\/congovirtuel.com\/information\/covid19-lunion-africaine-en-discussion-avec-madagascar-sur-un-remede-a-base-de-plantes\/","title":{"rendered":"COVID19: L\u2019Union africaine en discussion avec Madagascar sur un rem\u00e8de \u00e0 base de plantes","gt_translate_keys":[{"key":"rendered","format":"text"}]},"content":{"rendered":"\n<p class=\"wp-block-paragraph\">L&rsquo;Union africaine est en discussion avec la R\u00e9publique de Madagascar, par le biais de son ambassade \u00e0 Addis Abeba, en vue d&rsquo;obtenir des donn\u00e9es techniques concernant la suret\u00e9 et l&rsquo;efficacit\u00e9 d&rsquo;un rem\u00e8de \u00e0 base de plantes, r\u00e9cemment annonc\u00e9 par Madagascar pour la pr\u00e9vention et le traitement signal\u00e9s du COVID19.<\/p>\n\n\n\n<p class=\"wp-block-paragraph\">\u00c0 cet \u00e9gard, la Commissaire aux Affaires sociales de l&rsquo;UA, S.E. Amira ElFadil, a organis\u00e9 une r\u00e9union avec le Charg\u00e9 d&rsquo;affaires de la R\u00e9publique de Madagascar, M. Eric Randrianantoandro, le 30 avril, au cours de laquelle il a \u00e9t\u00e9 convenu que l&rsquo;\u00c9tat membre fournirait \u00e0 l&rsquo;Union africaine les informations d\u00e9taill\u00e9es n\u00e9cessaires concernant le rem\u00e8de \u00e0 base de plantes.<\/p>\n\n\n\n<p class=\"wp-block-paragraph\">Une fois les d\u00e9tails fournis, l&rsquo;Union, par le biais du Centre africain de contr\u00f4le et de pr\u00e9vention des maladies (CDC Afrique), examinera les donn\u00e9es scientifiques recueillies jusqu&rsquo;\u00e0 pr\u00e9sent sur la suret\u00e9 et l&rsquo;efficacit\u00e9 des mati\u00e8res organiques pour le COVID-19. Cet examen sera bas\u00e9 sur les normes techniques et \u00e9thiques mondiales pour recueillir les preuves scientifiques n\u00e9cessaires concernant les performances du tonique.<\/p>\n\n\n\n<p class=\"wp-block-paragraph\">Ces d\u00e9veloppements font suite \u00e0 la participation du Pr\u00e9sident malgache S.E. Andry Rajoelina, lors d&rsquo;une r\u00e9union par t\u00e9l\u00e9conf\u00e9rence du Bureau de la Conf\u00e9rence de l&rsquo;UA avec les Pr\u00e9sidents des Communaut\u00e9s \u00e9conomiques r\u00e9gionales (CER) de l&rsquo;UA, le 29 avril 2020, \u00e0 laquelle il a particip\u00e9, en tant que Pr\u00e9sident du March\u00e9 commun de l&rsquo;Est et de l\u2019Afrique australe (COMESA), et o\u00f9 il a fait une pr\u00e9sentation \u00e0 ses pairs sur le rem\u00e8de \u00e0 base de plantes.<\/p>\n\n\n\n<p class=\"wp-block-paragraph\">La t\u00e9l\u00e9conf\u00e9rence a \u00e9t\u00e9 convoqu\u00e9e par S.E. Le Pr\u00e9sident Matamela Cyril Ramaphosa de la R\u00e9publique d&rsquo;Afrique du Sud et Pr\u00e9sident de l&rsquo;Union africaine (UA), ayant pour objectif d&rsquo;informer les Pr\u00e9sidents des CER des actions et initiatives prises par l&rsquo;Union africaine en r\u00e9ponse \u00e0 la propagation de la pand\u00e9mie Coronavirus (COVID-19) sur le continent. La r\u00e9union a \u00e9galement permis aux Pr\u00e9sidents des CER d&rsquo;informer le Bureau des mesures r\u00e9gionales prises en r\u00e9ponse \u00e0 la pand\u00e9mie de COVID-19.<\/p>\n\n\n\n<p class=\"wp-block-paragraph\"><strong>au.int<\/strong><\/p>\n","protected":false,"gt_translate_keys":[{"key":"rendered","format":"html"}]},"excerpt":{"rendered":"<p>L&rsquo;Union africaine est en discussion avec la R\u00e9publique de Madagascar, par le biais de son ambassade \u00e0 Addis Abeba, en vue d&rsquo;obtenir des donn\u00e9es techniques concernant la suret\u00e9 et l&rsquo;efficacit\u00e9 d&rsquo;un rem\u00e8de \u00e0 base de plantes, r\u00e9cemment annonc\u00e9 par Madagascar pour la pr\u00e9vention et le traitement signal\u00e9s du COVID19. \u00c0 cet \u00e9gard, la Commissaire aux Affaires sociales de l&rsquo;UA, S.E. Amira ElFadil, a organis\u00e9 une r\u00e9union avec le Charg\u00e9 d&rsquo;affaires de la R\u00e9publique de Madagascar, M. Eric Randrianantoandro, le 30 avril, au cours de laquelle il a \u00e9t\u00e9 convenu que&hellip;<\/p>\n","protected":false,"gt_translate_keys":[{"key":"rendered","format":"html"}]},"author":1,"featured_media":1312,"comment_status":"open","ping_status":"open","sticky":false,"template":"","format":"standard","meta":{"_crdt_document":"","footnotes":""},"categories":[220],"tags":[544,392,545],"class_list":["post-1311","post","type-post","status-publish","format-standard","has-post-thumbnail","hentry","category-coronnavirus","tag-covid-organic","tag-madagascar-covid-19","tag-union-africaine-etudie-covid-organic"],"gutentor_comment":0,"yoast_head":"<!-- This site is optimized with the Yoast SEO plugin v27.5 - https:\/\/yoast.com\/product\/yoast-seo-wordpress\/ -->\n<title>COVID19: L\u2019Union africaine en discussion avec Madagascar sur un rem\u00e8de \u00e0 base de plantes - Actualit\u00e9s congolaises et internationales<\/title>\n<meta name=\"robots\" content=\"index, follow, max-snippet:-1, max-image-preview:large, max-video-preview:-1\" \/>\n<link rel=\"canonical\" href=\"https:\/\/congovirtuel.com\/information\/covid19-lunion-africaine-en-discussion-avec-madagascar-sur-un-remede-a-base-de-plantes\/\" \/>\n<meta property=\"og:locale\" content=\"fr_FR\" \/>\n<meta property=\"og:type\" content=\"article\" \/>\n<meta property=\"og:title\" content=\"COVID19: L\u2019Union africaine en discussion avec Madagascar sur un rem\u00e8de \u00e0 base de plantes - Actualit\u00e9s congolaises et internationales\" \/>\n<meta property=\"og:description\" content=\"L&rsquo;Union africaine est en discussion avec la R\u00e9publique de Madagascar, par le biais de son ambassade \u00e0 Addis Abeba, en vue d&rsquo;obtenir des donn\u00e9es techniques concernant la suret\u00e9 et l&rsquo;efficacit\u00e9 d&rsquo;un rem\u00e8de \u00e0 base de plantes, r\u00e9cemment annonc\u00e9 par Madagascar pour la pr\u00e9vention et le traitement signal\u00e9s du COVID19. \u00c0 cet \u00e9gard, la Commissaire aux Affaires sociales de l&rsquo;UA, S.E. Amira ElFadil, a organis\u00e9 une r\u00e9union avec le Charg\u00e9 d&rsquo;affaires de la R\u00e9publique de Madagascar, M. Eric Randrianantoandro, le 30 avril, au cours de laquelle il a \u00e9t\u00e9 convenu que&hellip;\" \/>\n<meta property=\"og:url\" content=\"https:\/\/congovirtuel.com\/information\/covid19-lunion-africaine-en-discussion-avec-madagascar-sur-un-remede-a-base-de-plantes\/\" \/>\n<meta property=\"og:site_name\" content=\"Actualit\u00e9s congolaises et internationales\" \/>\n<meta property=\"article:publisher\" content=\"https:\/\/web.facebook.com\/Congovirtuel-763617960319601\/?ref=aymt_homepage_panel&amp;amp%3bamp%3bamp%3bamp%3bamp%3bamp%3bamp%3bamp%3bamp%3bamp%3bamp%3beid=ARCoxULa66767kIgF_KYav6VdjXTI4yk_LW4yoVO9s6NXpysgb7Cb65vpxcxgqzOAKvIbLQxaAETcqHT\" \/>\n<meta property=\"article:published_time\" content=\"2020-05-06T03:19:16+00:00\" \/>\n<meta property=\"article:modified_time\" content=\"2020-05-06T03:19:26+00:00\" \/>\n<meta property=\"og:image\" content=\"https:\/\/congovirtuel.com\/information\/wp-content\/uploads\/2020\/05\/image_covid.jpg\" \/>\n\t<meta property=\"og:image:width\" content=\"953\" \/>\n\t<meta property=\"og:image:height\" content=\"602\" \/>\n\t<meta property=\"og:image:type\" content=\"image\/jpeg\" \/>\n<meta name=\"author\" content=\"infocongovirtuel\" \/>\n<meta name=\"twitter:card\" content=\"summary_large_image\" \/>\n<meta name=\"twitter:creator\" content=\"@congovirtuel\" \/>\n<meta name=\"twitter:site\" content=\"@congovirtuel\" \/>\n<meta name=\"twitter:label1\" content=\"\u00c9crit par\" \/>\n\t<meta name=\"twitter:data1\" content=\"infocongovirtuel\" \/>\n\t<meta name=\"twitter:label2\" content=\"Dur\u00e9e de lecture estim\u00e9e\" \/>\n\t<meta name=\"twitter:data2\" content=\"2 minutes\" \/>\n<script type=\"application\/ld+json\" class=\"yoast-schema-graph\">{\"@context\":\"https:\\\/\\\/schema.org\",\"@graph\":[{\"@type\":\"Article\",\"@id\":\"https:\\\/\\\/congovirtuel.com\\\/information\\\/covid19-lunion-africaine-en-discussion-avec-madagascar-sur-un-remede-a-base-de-plantes\\\/#article\",\"isPartOf\":{\"@id\":\"https:\\\/\\\/congovirtuel.com\\\/information\\\/covid19-lunion-africaine-en-discussion-avec-madagascar-sur-un-remede-a-base-de-plantes\\\/\"},\"author\":{\"name\":\"infocongovirtuel\",\"@id\":\"https:\\\/\\\/congovirtuel.com\\\/information\\\/#\\\/schema\\\/person\\\/739a44bf7990966cb53d58d2fdeca0b6\"},\"headline\":\"COVID19: L\u2019Union africaine en discussion avec Madagascar sur un rem\u00e8de \u00e0 base de plantes\",\"datePublished\":\"2020-05-06T03:19:16+00:00\",\"dateModified\":\"2020-05-06T03:19:26+00:00\",\"mainEntityOfPage\":{\"@id\":\"https:\\\/\\\/congovirtuel.com\\\/information\\\/covid19-lunion-africaine-en-discussion-avec-madagascar-sur-un-remede-a-base-de-plantes\\\/\"},\"wordCount\":392,\"commentCount\":0,\"publisher\":{\"@id\":\"https:\\\/\\\/congovirtuel.com\\\/information\\\/#organization\"},\"image\":{\"@id\":\"https:\\\/\\\/congovirtuel.com\\\/information\\\/covid19-lunion-africaine-en-discussion-avec-madagascar-sur-un-remede-a-base-de-plantes\\\/#primaryimage\"},\"thumbnailUrl\":\"https:\\\/\\\/congovirtuel.com\\\/information\\\/wp-content\\\/uploads\\\/2020\\\/05\\\/image_covid.jpg\",\"keywords\":[\"Covid Organic\",\"Madagascar covid-19\",\"Union Africaine \u00e9tudie covid organic\"],\"articleSection\":[\"Coronnavirus\"],\"inLanguage\":\"fr-FR\",\"potentialAction\":[{\"@type\":\"CommentAction\",\"name\":\"Comment\",\"target\":[\"https:\\\/\\\/congovirtuel.com\\\/information\\\/covid19-lunion-africaine-en-discussion-avec-madagascar-sur-un-remede-a-base-de-plantes\\\/#respond\"]}]},{\"@type\":\"WebPage\",\"@id\":\"https:\\\/\\\/congovirtuel.com\\\/information\\\/covid19-lunion-africaine-en-discussion-avec-madagascar-sur-un-remede-a-base-de-plantes\\\/\",\"url\":\"https:\\\/\\\/congovirtuel.com\\\/information\\\/covid19-lunion-africaine-en-discussion-avec-madagascar-sur-un-remede-a-base-de-plantes\\\/\",\"name\":\"COVID19: L\u2019Union africaine en discussion avec Madagascar sur un rem\u00e8de \u00e0 base de plantes - Actualit\u00e9s congolaises et internationales\",\"isPartOf\":{\"@id\":\"https:\\\/\\\/congovirtuel.com\\\/information\\\/#website\"},\"primaryImageOfPage\":{\"@id\":\"https:\\\/\\\/congovirtuel.com\\\/information\\\/covid19-lunion-africaine-en-discussion-avec-madagascar-sur-un-remede-a-base-de-plantes\\\/#primaryimage\"},\"image\":{\"@id\":\"https:\\\/\\\/congovirtuel.com\\\/information\\\/covid19-lunion-africaine-en-discussion-avec-madagascar-sur-un-remede-a-base-de-plantes\\\/#primaryimage\"},\"thumbnailUrl\":\"https:\\\/\\\/congovirtuel.com\\\/information\\\/wp-content\\\/uploads\\\/2020\\\/05\\\/image_covid.jpg\",\"datePublished\":\"2020-05-06T03:19:16+00:00\",\"dateModified\":\"2020-05-06T03:19:26+00:00\",\"breadcrumb\":{\"@id\":\"https:\\\/\\\/congovirtuel.com\\\/information\\\/covid19-lunion-africaine-en-discussion-avec-madagascar-sur-un-remede-a-base-de-plantes\\\/#breadcrumb\"},\"inLanguage\":\"fr-FR\",\"potentialAction\":[{\"@type\":\"ReadAction\",\"target\":[\"https:\\\/\\\/congovirtuel.com\\\/information\\\/covid19-lunion-africaine-en-discussion-avec-madagascar-sur-un-remede-a-base-de-plantes\\\/\"]}]},{\"@type\":\"ImageObject\",\"inLanguage\":\"fr-FR\",\"@id\":\"https:\\\/\\\/congovirtuel.com\\\/information\\\/covid19-lunion-africaine-en-discussion-avec-madagascar-sur-un-remede-a-base-de-plantes\\\/#primaryimage\",\"url\":\"https:\\\/\\\/congovirtuel.com\\\/information\\\/wp-content\\\/uploads\\\/2020\\\/05\\\/image_covid.jpg\",\"contentUrl\":\"https:\\\/\\\/congovirtuel.com\\\/information\\\/wp-content\\\/uploads\\\/2020\\\/05\\\/image_covid.jpg\",\"width\":953,\"height\":602},{\"@type\":\"BreadcrumbList\",\"@id\":\"https:\\\/\\\/congovirtuel.com\\\/information\\\/covid19-lunion-africaine-en-discussion-avec-madagascar-sur-un-remede-a-base-de-plantes\\\/#breadcrumb\",\"itemListElement\":[{\"@type\":\"ListItem\",\"position\":1,\"name\":\"Accueil\",\"item\":\"https:\\\/\\\/congovirtuel.com\\\/information\\\/\"},{\"@type\":\"ListItem\",\"position\":2,\"name\":\"COVID19: L\u2019Union africaine en discussion avec Madagascar sur un rem\u00e8de \u00e0 base de plantes\"}]},{\"@type\":\"WebSite\",\"@id\":\"https:\\\/\\\/congovirtuel.com\\\/information\\\/#website\",\"url\":\"https:\\\/\\\/congovirtuel.com\\\/information\\\/\",\"name\":\"Actualit\u00e9s congolaises et internationales\",\"description\":\"site d&#039;analyse et de traitement d&#039;information\",\"publisher\":{\"@id\":\"https:\\\/\\\/congovirtuel.com\\\/information\\\/#organization\"},\"potentialAction\":[{\"@type\":\"SearchAction\",\"target\":{\"@type\":\"EntryPoint\",\"urlTemplate\":\"https:\\\/\\\/congovirtuel.com\\\/information\\\/?s={search_term_string}\"},\"query-input\":{\"@type\":\"PropertyValueSpecification\",\"valueRequired\":true,\"valueName\":\"search_term_string\"}}],\"inLanguage\":\"fr-FR\"},{\"@type\":\"Organization\",\"@id\":\"https:\\\/\\\/congovirtuel.com\\\/information\\\/#organization\",\"name\":\"Biblioth\u00e8que Virtuelle de la RDC\",\"url\":\"https:\\\/\\\/congovirtuel.com\\\/information\\\/\",\"logo\":{\"@type\":\"ImageObject\",\"inLanguage\":\"fr-FR\",\"@id\":\"https:\\\/\\\/congovirtuel.com\\\/information\\\/#\\\/schema\\\/logo\\\/image\\\/\",\"url\":\"https:\\\/\\\/congovirtuel.com\\\/information\\\/wp-content\\\/uploads\\\/2018\\\/10\\\/header-info-congovirtuel-vraie.jpg\",\"contentUrl\":\"https:\\\/\\\/congovirtuel.com\\\/information\\\/wp-content\\\/uploads\\\/2018\\\/10\\\/header-info-congovirtuel-vraie.jpg\",\"width\":728,\"height\":90,\"caption\":\"Biblioth\u00e8que Virtuelle de la RDC\"},\"image\":{\"@id\":\"https:\\\/\\\/congovirtuel.com\\\/information\\\/#\\\/schema\\\/logo\\\/image\\\/\"},\"sameAs\":[\"https:\\\/\\\/web.facebook.com\\\/Congovirtuel-763617960319601\\\/?ref=aymt_homepage_panel&amp;amp;amp;amp;amp;amp;amp;amp;amp;amp;amp;eid=ARCoxULa66767kIgF_KYav6VdjXTI4yk_LW4yoVO9s6NXpysgb7Cb65vpxcxgqzOAKvIbLQxaAETcqHT\",\"https:\\\/\\\/x.com\\\/congovirtuel\",\"https:\\\/\\\/www.youtube.com\\\/channel\\\/UCkFfprYzGgS3EWNpeMXpToQ?view_as=subscriber\"]},{\"@type\":\"Person\",\"@id\":\"https:\\\/\\\/congovirtuel.com\\\/information\\\/#\\\/schema\\\/person\\\/739a44bf7990966cb53d58d2fdeca0b6\",\"name\":\"infocongovirtuel\",\"image\":{\"@type\":\"ImageObject\",\"inLanguage\":\"fr-FR\",\"@id\":\"https:\\\/\\\/secure.gravatar.com\\\/avatar\\\/4d76991aa72469f0eb22e772586c99113c6997f88da636a9db8f2ce3a2c05e69?s=96&d=mm&r=g\",\"url\":\"https:\\\/\\\/secure.gravatar.com\\\/avatar\\\/4d76991aa72469f0eb22e772586c99113c6997f88da636a9db8f2ce3a2c05e69?s=96&d=mm&r=g\",\"contentUrl\":\"https:\\\/\\\/secure.gravatar.com\\\/avatar\\\/4d76991aa72469f0eb22e772586c99113c6997f88da636a9db8f2ce3a2c05e69?s=96&d=mm&r=g\",\"caption\":\"infocongovirtuel\"},\"url\":\"https:\\\/\\\/congovirtuel.com\\\/information\\\/author\\\/infocongovirtuel\\\/\"}]}<\/script>\n<!-- \/ Yoast SEO plugin. -->","yoast_head_json":{"title":"COVID19: L\u2019Union africaine en discussion avec Madagascar sur un rem\u00e8de \u00e0 base de plantes - Actualit\u00e9s congolaises et internationales","robots":{"index":"index","follow":"follow","max-snippet":"max-snippet:-1","max-image-preview":"max-image-preview:large","max-video-preview":"max-video-preview:-1"},"canonical":"https:\/\/congovirtuel.com\/information\/covid19-lunion-africaine-en-discussion-avec-madagascar-sur-un-remede-a-base-de-plantes\/","og_locale":"fr_FR","og_type":"article","og_title":"COVID19: L\u2019Union africaine en discussion avec Madagascar sur un rem\u00e8de \u00e0 base de plantes - Actualit\u00e9s congolaises et internationales","og_description":"L&rsquo;Union africaine est en discussion avec la R\u00e9publique de Madagascar, par le biais de son ambassade \u00e0 Addis Abeba, en vue d&rsquo;obtenir des donn\u00e9es techniques concernant la suret\u00e9 et l&rsquo;efficacit\u00e9 d&rsquo;un rem\u00e8de \u00e0 base de plantes, r\u00e9cemment annonc\u00e9 par Madagascar pour la pr\u00e9vention et le traitement signal\u00e9s du COVID19. \u00c0 cet \u00e9gard, la Commissaire aux Affaires sociales de l&rsquo;UA, S.E. Amira ElFadil, a organis\u00e9 une r\u00e9union avec le Charg\u00e9 d&rsquo;affaires de la R\u00e9publique de Madagascar, M. Eric Randrianantoandro, le 30 avril, au cours de laquelle il a \u00e9t\u00e9 convenu que&hellip;","og_url":"https:\/\/congovirtuel.com\/information\/covid19-lunion-africaine-en-discussion-avec-madagascar-sur-un-remede-a-base-de-plantes\/","og_site_name":"Actualit\u00e9s congolaises et internationales","article_publisher":"https:\/\/web.facebook.com\/Congovirtuel-763617960319601\/?ref=aymt_homepage_panel&amp%3bamp%3bamp%3bamp%3bamp%3bamp%3bamp%3bamp%3bamp%3bamp%3bamp%3beid=ARCoxULa66767kIgF_KYav6VdjXTI4yk_LW4yoVO9s6NXpysgb7Cb65vpxcxgqzOAKvIbLQxaAETcqHT","article_published_time":"2020-05-06T03:19:16+00:00","article_modified_time":"2020-05-06T03:19:26+00:00","og_image":[{"width":953,"height":602,"url":"https:\/\/congovirtuel.com\/information\/wp-content\/uploads\/2020\/05\/image_covid.jpg","type":"image\/jpeg"}],"author":"infocongovirtuel","twitter_card":"summary_large_image","twitter_creator":"@congovirtuel","twitter_site":"@congovirtuel","twitter_misc":{"\u00c9crit par":"infocongovirtuel","Dur\u00e9e de lecture estim\u00e9e":"2 minutes"},"schema":{"@context":"https:\/\/schema.org","@graph":[{"@type":"Article","@id":"https:\/\/congovirtuel.com\/information\/covid19-lunion-africaine-en-discussion-avec-madagascar-sur-un-remede-a-base-de-plantes\/#article","isPartOf":{"@id":"https:\/\/congovirtuel.com\/information\/covid19-lunion-africaine-en-discussion-avec-madagascar-sur-un-remede-a-base-de-plantes\/"},"author":{"name":"infocongovirtuel","@id":"https:\/\/congovirtuel.com\/information\/#\/schema\/person\/739a44bf7990966cb53d58d2fdeca0b6"},"headline":"COVID19: L\u2019Union africaine en discussion avec Madagascar sur un rem\u00e8de \u00e0 base de plantes","datePublished":"2020-05-06T03:19:16+00:00","dateModified":"2020-05-06T03:19:26+00:00","mainEntityOfPage":{"@id":"https:\/\/congovirtuel.com\/information\/covid19-lunion-africaine-en-discussion-avec-madagascar-sur-un-remede-a-base-de-plantes\/"},"wordCount":392,"commentCount":0,"publisher":{"@id":"https:\/\/congovirtuel.com\/information\/#organization"},"image":{"@id":"https:\/\/congovirtuel.com\/information\/covid19-lunion-africaine-en-discussion-avec-madagascar-sur-un-remede-a-base-de-plantes\/#primaryimage"},"thumbnailUrl":"https:\/\/congovirtuel.com\/information\/wp-content\/uploads\/2020\/05\/image_covid.jpg","keywords":["Covid Organic","Madagascar covid-19","Union Africaine \u00e9tudie covid organic"],"articleSection":["Coronnavirus"],"inLanguage":"fr-FR","potentialAction":[{"@type":"CommentAction","name":"Comment","target":["https:\/\/congovirtuel.com\/information\/covid19-lunion-africaine-en-discussion-avec-madagascar-sur-un-remede-a-base-de-plantes\/#respond"]}]},{"@type":"WebPage","@id":"https:\/\/congovirtuel.com\/information\/covid19-lunion-africaine-en-discussion-avec-madagascar-sur-un-remede-a-base-de-plantes\/","url":"https:\/\/congovirtuel.com\/information\/covid19-lunion-africaine-en-discussion-avec-madagascar-sur-un-remede-a-base-de-plantes\/","name":"COVID19: L\u2019Union africaine en discussion avec Madagascar sur un rem\u00e8de \u00e0 base de plantes - Actualit\u00e9s congolaises et internationales","isPartOf":{"@id":"https:\/\/congovirtuel.com\/information\/#website"},"primaryImageOfPage":{"@id":"https:\/\/congovirtuel.com\/information\/covid19-lunion-africaine-en-discussion-avec-madagascar-sur-un-remede-a-base-de-plantes\/#primaryimage"},"image":{"@id":"https:\/\/congovirtuel.com\/information\/covid19-lunion-africaine-en-discussion-avec-madagascar-sur-un-remede-a-base-de-plantes\/#primaryimage"},"thumbnailUrl":"https:\/\/congovirtuel.com\/information\/wp-content\/uploads\/2020\/05\/image_covid.jpg","datePublished":"2020-05-06T03:19:16+00:00","dateModified":"2020-05-06T03:19:26+00:00","breadcrumb":{"@id":"https:\/\/congovirtuel.com\/information\/covid19-lunion-africaine-en-discussion-avec-madagascar-sur-un-remede-a-base-de-plantes\/#breadcrumb"},"inLanguage":"fr-FR","potentialAction":[{"@type":"ReadAction","target":["https:\/\/congovirtuel.com\/information\/covid19-lunion-africaine-en-discussion-avec-madagascar-sur-un-remede-a-base-de-plantes\/"]}]},{"@type":"ImageObject","inLanguage":"fr-FR","@id":"https:\/\/congovirtuel.com\/information\/covid19-lunion-africaine-en-discussion-avec-madagascar-sur-un-remede-a-base-de-plantes\/#primaryimage","url":"https:\/\/congovirtuel.com\/information\/wp-content\/uploads\/2020\/05\/image_covid.jpg","contentUrl":"https:\/\/congovirtuel.com\/information\/wp-content\/uploads\/2020\/05\/image_covid.jpg","width":953,"height":602},{"@type":"BreadcrumbList","@id":"https:\/\/congovirtuel.com\/information\/covid19-lunion-africaine-en-discussion-avec-madagascar-sur-un-remede-a-base-de-plantes\/#breadcrumb","itemListElement":[{"@type":"ListItem","position":1,"name":"Accueil","item":"https:\/\/congovirtuel.com\/information\/"},{"@type":"ListItem","position":2,"name":"COVID19: L\u2019Union africaine en discussion avec Madagascar sur un rem\u00e8de \u00e0 base de plantes"}]},{"@type":"WebSite","@id":"https:\/\/congovirtuel.com\/information\/#website","url":"https:\/\/congovirtuel.com\/information\/","name":"Actualit\u00e9s congolaises et internationales","description":"site d&#039;analyse et de traitement d&#039;information","publisher":{"@id":"https:\/\/congovirtuel.com\/information\/#organization"},"potentialAction":[{"@type":"SearchAction","target":{"@type":"EntryPoint","urlTemplate":"https:\/\/congovirtuel.com\/information\/?s={search_term_string}"},"query-input":{"@type":"PropertyValueSpecification","valueRequired":true,"valueName":"search_term_string"}}],"inLanguage":"fr-FR"},{"@type":"Organization","@id":"https:\/\/congovirtuel.com\/information\/#organization","name":"Biblioth\u00e8que Virtuelle de la RDC","url":"https:\/\/congovirtuel.com\/information\/","logo":{"@type":"ImageObject","inLanguage":"fr-FR","@id":"https:\/\/congovirtuel.com\/information\/#\/schema\/logo\/image\/","url":"https:\/\/congovirtuel.com\/information\/wp-content\/uploads\/2018\/10\/header-info-congovirtuel-vraie.jpg","contentUrl":"https:\/\/congovirtuel.com\/information\/wp-content\/uploads\/2018\/10\/header-info-congovirtuel-vraie.jpg","width":728,"height":90,"caption":"Biblioth\u00e8que Virtuelle de la RDC"},"image":{"@id":"https:\/\/congovirtuel.com\/information\/#\/schema\/logo\/image\/"},"sameAs":["https:\/\/web.facebook.com\/Congovirtuel-763617960319601\/?ref=aymt_homepage_panel&amp;amp;amp;amp;amp;amp;amp;amp;amp;amp;amp;eid=ARCoxULa66767kIgF_KYav6VdjXTI4yk_LW4yoVO9s6NXpysgb7Cb65vpxcxgqzOAKvIbLQxaAETcqHT","https:\/\/x.com\/congovirtuel","https:\/\/www.youtube.com\/channel\/UCkFfprYzGgS3EWNpeMXpToQ?view_as=subscriber"]},{"@type":"Person","@id":"https:\/\/congovirtuel.com\/information\/#\/schema\/person\/739a44bf7990966cb53d58d2fdeca0b6","name":"infocongovirtuel","image":{"@type":"ImageObject","inLanguage":"fr-FR","@id":"https:\/\/secure.gravatar.com\/avatar\/4d76991aa72469f0eb22e772586c99113c6997f88da636a9db8f2ce3a2c05e69?s=96&d=mm&r=g","url":"https:\/\/secure.gravatar.com\/avatar\/4d76991aa72469f0eb22e772586c99113c6997f88da636a9db8f2ce3a2c05e69?s=96&d=mm&r=g","contentUrl":"https:\/\/secure.gravatar.com\/avatar\/4d76991aa72469f0eb22e772586c99113c6997f88da636a9db8f2ce3a2c05e69?s=96&d=mm&r=g","caption":"infocongovirtuel"},"url":"https:\/\/congovirtuel.com\/information\/author\/infocongovirtuel\/"}]}},"gt_translate_keys":[{"key":"link","format":"url"}],"_links":{"self":[{"href":"https:\/\/congovirtuel.com\/information\/wp-json\/wp\/v2\/posts\/1311","targetHints":{"allow":["GET"]}}],"collection":[{"href":"https:\/\/congovirtuel.com\/information\/wp-json\/wp\/v2\/posts"}],"about":[{"href":"https:\/\/congovirtuel.com\/information\/wp-json\/wp\/v2\/types\/post"}],"author":[{"embeddable":true,"href":"https:\/\/congovirtuel.com\/information\/wp-json\/wp\/v2\/users\/1"}],"replies":[{"embeddable":true,"href":"https:\/\/congovirtuel.com\/information\/wp-json\/wp\/v2\/comments?post=1311"}],"version-history":[{"count":1,"href":"https:\/\/congovirtuel.com\/information\/wp-json\/wp\/v2\/posts\/1311\/revisions"}],"predecessor-version":[{"id":1313,"href":"https:\/\/congovirtuel.com\/information\/wp-json\/wp\/v2\/posts\/1311\/revisions\/1313"}],"wp:featuredmedia":[{"embeddable":true,"href":"https:\/\/congovirtuel.com\/information\/wp-json\/wp\/v2\/media\/1312"}],"wp:attachment":[{"href":"https:\/\/congovirtuel.com\/information\/wp-json\/wp\/v2\/media?parent=1311"}],"wp:term":[{"taxonomy":"category","embeddable":true,"href":"https:\/\/congovirtuel.com\/information\/wp-json\/wp\/v2\/categories?post=1311"},{"taxonomy":"post_tag","embeddable":true,"href":"https:\/\/congovirtuel.com\/information\/wp-json\/wp\/v2\/tags?post=1311"}],"curies":[{"name":"wp","href":"https:\/\/api.w.org\/{rel}","templated":true}]}}