{"id":13210,"date":"2021-08-27T06:10:44","date_gmt":"2021-08-27T05:10:44","guid":{"rendered":"https:\/\/congovirtuel.com\/information\/?p=13210"},"modified":"2021-08-27T06:10:46","modified_gmt":"2021-08-27T05:10:46","slug":"le-president-felix-tshisekedi-au-sommet-des-etats-du-compact-for-africa-en-allemagne","status":"publish","type":"post","link":"https:\/\/congovirtuel.com\/information\/le-president-felix-tshisekedi-au-sommet-des-etats-du-compact-for-africa-en-allemagne\/","title":{"rendered":"Le Pr\u00e9sident F\u00e9lix Tshisekedi au \u00abSommet des Etats du Compact for Africa\u00bb en Allemagne","gt_translate_keys":[{"key":"rendered","format":"text"}]},"content":{"rendered":"\n<p class=\"wp-block-paragraph\"><a href=\"whatsapp:\/\/send?text=Le Pr%C3%A9sident F%C3%A9lix Tshisekedi au %C2%AB Sommet des Etats du Compact for Africa %C2%BB en Allemagne %0A%0A https:\/\/acpcongo.com\/index.php\/2021\/08\/26\/le-president-felix-tshisekedi-au-sommet-des-etats-du-compact-for-africa-en-allemagne\/\"><\/a>Le Pr\u00e9sident de la R\u00e9publique, F\u00e9lix Antoine Tshisekedi Tshilombo, a quitt\u00e9 Kinshasa jeudi, pour Berlin en Allemagne en vue de participer, en sa qualit\u00e9 de Pr\u00e9sident de l\u2019Union africaine (UA) et \u00e0 l\u2019invitation de la Chanceli\u00e8re Angela Merkel, au \u00ab&nbsp;Sommet des Etats du Compact for Africa&nbsp;\u00bb,&nbsp;pr\u00e9vu ce vendredi dans la capitale allemande.<\/p>\n\n\n\n<p class=\"wp-block-paragraph\">L\u2019invitation lui avait \u00e9t\u00e9 remise par le Charg\u00e9 des missions adjoint de l\u2019ambassade de la R\u00e9publique F\u00e9d\u00e9rale d\u2019Allemagne en RDC,&nbsp; Lars Gerrit Leyman, au cours d\u2019une audience que le Chef de l\u2019Etat lui avait accord\u00e9e le mois dernier, \u00e0 la cit\u00e9 de l\u2019Union Africaine (UA), \u00e0 Kinshasa.<\/p>\n\n\n\n<p class=\"wp-block-paragraph\">A l\u2019issue de l\u2019audience, Lars Gerrit Leyman avait fait savoir que ce Sommet est une initiative de l\u2019Allemagne, adopt\u00e9e en 2017, du temps o\u00f9 ce pays pr\u00e9sidait encore le groupe de G20.<\/p>\n\n\n\n<p class=\"wp-block-paragraph\"><em>\u00ab&nbsp;La rencontre&nbsp; Pr\u00e9sident F\u00e9lix Tshisekedi- Chanceli\u00e8re Angela Merkel&nbsp; est une occasion, pour le Pr\u00e9sident de l\u2019UA, de prendre langue avec des responsables africains et des investisseurs \u00e9trangers, afin de leur pr\u00e9senter les possibilit\u00e9s d\u2019investir en RDC&nbsp;\u00bb,<\/em>&nbsp;avait il indiqu\u00e9.<\/p>\n\n\n\n<p class=\"wp-block-paragraph\">Le contact avec les hautes personnalit\u00e9s et des op\u00e9rateurs \u00e9conomiques allemands, \u00e0 travers le&nbsp;&nbsp;<em>\u00abSommet des &nbsp;Etats du Compact for Africa\u00bb<\/em>&nbsp;, boostera sans nul doute, note-t-on,&nbsp; la promesse du Pr\u00e9sident &nbsp;&nbsp;&nbsp;&nbsp;&nbsp;&nbsp; F\u00e9lix Tshisekedi de faire de la RDC, l\u2019Allemagne d\u2019Afrique.<\/p>\n\n\n\n<p class=\"wp-block-paragraph\">Selon une source de la pr\u00e9sidence, il s\u2019agit d\u2019un Sommet&nbsp; \u00e9conomique Allemagne-Afrique, qui est \u00e0 sa quatri\u00e8me \u00e9dition apr\u00e8s celles d\u2019Accra (2019), de Nairobi (2017) et de Berlin (2015), et qui vise \u00e0&nbsp; cr\u00e9er des plateformes cens\u00e9es r\u00e9unir les investisseurs priv\u00e9s allemands et africains autour des projets porteurs.<\/p>\n\n\n\n<p class=\"wp-block-paragraph\">Dans le cadre de la coop\u00e9ration au d\u00e9veloppement, l\u2019Allemagne soutient la gestion de la pand\u00e9mie de Coronavirus en RDC, avec environ 6,5 millions d\u2019euros, tandis que ses projets de coop\u00e9ration avec le pays ont un volume total de plus de 400 millions d\u2019euros, rappelle-t-on.<\/p>\n\n\n\n<p class=\"wp-block-paragraph\">Premi\u00e8re puissance \u00e9conomique d\u2019Europe, l\u2019Allemagne suit de tr\u00e8s pr\u00e8s les actions du Chef de l\u2019\u00c9tat congolais et sa volont\u00e9 d\u2019entretenir un partenariat privil\u00e9gi\u00e9 avec l\u2019Allemagne.<\/p>\n\n\n\n<p class=\"wp-block-paragraph\">Lors de sa premi\u00e8re visite officielle en Allemagne en novembre 2019, le Pr\u00e9sident F\u00e9lix Tshisekedi avait \u00e9t\u00e9 re\u00e7u par le Pr\u00e9sident allemand, Frank-Walter Steinmeier. Il avait \u00e9galement eu un t\u00eate-\u00e0-t\u00eate avec la cheffe du gouvernement allemand, la Chanceli\u00e8re Angela Merkel.<\/p>\n\n\n\n<h2 class=\"wp-block-heading\"><strong><em>Les avantages d\u2019investir en RDC\u2026<\/em><\/strong><\/h2>\n\n\n\n<p class=\"wp-block-paragraph\">Lors de cette visite en novembre 2019 \u00e0 Berlin, le Chef de l\u2019Etat &nbsp;F\u00e9lix Tshisekedi avait pr\u00e9sent\u00e9 devant les op\u00e9rateurs \u00e9conomiques membres du patronat allemand, notamment des industriels du Bundesverband der Deutschen Industrie et de la F\u00e9d\u00e9ration des chambres de commerce et d\u2019industrie allemande, les nombreuses opportunit\u00e9s d\u2019investissement en RDC et sa vision du d\u00e9veloppement bas\u00e9e sur la diversification de l\u2019\u00e9conomie.<\/p>\n\n\n\n<p class=\"wp-block-paragraph\">Tout en indiquant que la RDC est un pays tr\u00e8s important qui se tourne r\u00e9solument vers un avenir plus radieux et souriant, il avait ajout\u00e9 qu\u2019il&nbsp;<em>\u00ab&nbsp;est tr\u00e8s important, \u00e0 la fois par sa taille, mais aussi par sa population, et \u00e9galement par sa position g\u00e9ographique au c\u0153ur de l\u2019Afrique, au carrefour de plusieurs organisations sous-r\u00e9gionales&nbsp;\u00bb.<\/em><\/p>\n\n\n\n<p class=\"wp-block-paragraph\">\u00ab&nbsp;Il n\u2019y a pas meilleur endroit que mon pays&nbsp;\u00bb, avait-il affirm\u00e9, ajoutant&nbsp;:&nbsp;<em>\u00ab&nbsp; Aujourd\u2019hui,&nbsp;c\u2019est un pays qui est tourn\u00e9 vers le d\u00e9veloppement, qui veut se d\u00e9barrasser de tous ses affreux souvenirs, ces \u00e9v\u00e8nements qui ont retard\u00e9 son d\u00e9veloppement&nbsp;\u00bb.<\/em><\/p>\n\n\n\n<p class=\"wp-block-paragraph\">Le Pr\u00e9sident Tshisekedi avait par ailleurs remerci\u00e9 ses interlocuteurs de l\u2019int\u00e9r\u00eat manifest\u00e9 pour son pays, tout en r\u00e9it\u00e9rant son v\u0153u de voir les industriels saisir l\u2019opportunit\u00e9 qu\u2019offre la RDC pour des partenariats gagnant-gagnant.<\/p>\n\n\n\n<p class=\"wp-block-paragraph\"><em>\u00ab&nbsp;Je souhaite vraiment de tout c\u0153ur, de vous revoir \u00e0 Kinshasa ou ailleurs sur le territoire national de la RDC en partenaires, en amis, en accompagnateurs de ce grand d\u00e9fi de d\u00e9veloppement&nbsp;\u00bb,<\/em>&nbsp;avait-il lanc\u00e9.<\/p>\n\n\n\n<h2 class=\"wp-block-heading\"><strong><em>L\u2019Allemagne encourag\u00e9e \u00e0 d\u00e9velopper ses relations avec la RDC<\/em><\/strong><\/h2>\n\n\n\n<p class=\"wp-block-paragraph\">Au cours de cette m\u00eame visite, apr\u00e8s un t\u00eate-\u00e0-t\u00eate le 15 novembre dernier \u00e0 Berlin, avec le Pr\u00e9sident F\u00e9lix Tshisekedi, la chanceli\u00e8re Angela Merkel avait d\u00e9clar\u00e9&nbsp;<strong>que son pays \u00e9tait<\/strong><strong>&nbsp;&nbsp;<\/strong>&nbsp;encourag\u00e9 \u00e0 d\u00e9velopper ses relations avec la RDC par la bonne foi du Chef de l\u2019Etat de ce pays qui a entrepris des \u00ab<em>&nbsp;r\u00e9formes courageuses&nbsp;\u00bb<\/em>&nbsp;depuis son accession au pouvoir.<\/p>\n\n\n\n<p class=\"wp-block-paragraph\">Tout en soulignant que le gouvernement allemand estime que le travail de la nouvelle \u00e9quipe \u00e0 la t\u00eate de la RDC est \u00ab&nbsp;tr\u00e8s positif&nbsp;\u00bb, Mme Merkel a relev\u00e9 que la reprise des contacts entre la RDC et le Fonds Mon\u00e9taire International (FMI) est \u00e9galement un bon signe qui renforce la cr\u00e9dibilit\u00e9 du pays.<\/p>\n\n\n\n<p class=\"wp-block-paragraph\"><em>\u00ab&nbsp;Nous ne nous imposons pas, mais un bon d\u00e9part a \u00e9t\u00e9 pris&nbsp;\u00bb,<\/em>&nbsp;a dit la Chanceli\u00e8re.<\/p>\n\n\n\n<p class=\"wp-block-paragraph\">Selon Mme Merkel, des \u00ab&nbsp;r\u00e9sultats encourageants&nbsp;\u00bb ont \u00e9t\u00e9 obtenus, en particulier dans le domaine des infrastructures ou dans la lutte contre Ebola dans l\u2019est de la RDC.<\/p>\n\n\n\n<p class=\"wp-block-paragraph\">Le gouvernement allemand, a-t-elle dit, offre \u00e9galement un soutien \u00e0 la RDC pour l\u2019extraction durable des mati\u00e8res premi\u00e8res et l\u2019approvisionnement en \u00e9nergie.<\/p>\n\n\n\n<p class=\"wp-block-paragraph\">\u00ab&nbsp;<em>La pr\u00e9servation de la for\u00eat tropicale humide dans le bassin du Congo est une pr\u00e9occupation mondiale importante.&nbsp;<strong>L\u2019Allemagne met 30 millions d\u2019euros suppl\u00e9mentaires \u00e0 disposition pour la conservation de cette ressource naturelle<\/strong><\/em><strong>&nbsp;\u00bb<\/strong>, a d\u00e9clar\u00e9 Mme Merkel.<\/p>\n\n\n\n<p class=\"wp-block-paragraph\">Elle a rappel\u00e9 que la for\u00eat tropicale du Congo joue un r\u00f4le tout aussi important pour le climat mondial que la for\u00eat amazonienne.<\/p>\n\n\n\n<p class=\"wp-block-paragraph\"><strong>ACP\/<\/strong><\/p>\n","protected":false,"gt_translate_keys":[{"key":"rendered","format":"html"}]},"excerpt":{"rendered":"<p>Le Pr\u00e9sident de la R\u00e9publique, F\u00e9lix Antoine Tshisekedi Tshilombo, a quitt\u00e9 Kinshasa jeudi, pour Berlin en Allemagne en vue de participer, en sa qualit\u00e9 de Pr\u00e9sident de l\u2019Union africaine (UA) et \u00e0 l\u2019invitation de la Chanceli\u00e8re Angela Merkel, au \u00ab&nbsp;Sommet des Etats du Compact for Africa&nbsp;\u00bb,&nbsp;pr\u00e9vu ce vendredi dans la capitale allemande. L\u2019invitation lui avait \u00e9t\u00e9 remise par le Charg\u00e9 des missions adjoint de l\u2019ambassade de la R\u00e9publique F\u00e9d\u00e9rale d\u2019Allemagne en RDC,&nbsp; Lars Gerrit Leyman, au cours d\u2019une audience que le Chef de l\u2019Etat lui avait accord\u00e9e le mois dernier,&hellip;<\/p>\n","protected":false,"gt_translate_keys":[{"key":"rendered","format":"html"}]},"author":1,"featured_media":13212,"comment_status":"open","ping_status":"open","sticky":false,"template":"","format":"standard","meta":{"_crdt_document":"","footnotes":""},"categories":[14626],"tags":[19253],"class_list":["post-13210","post","type-post","status-publish","format-standard","has-post-thumbnail","hentry","category-allemagne-rdc","tag-visite-tshisekedi-allemagne"],"gutentor_comment":0,"yoast_head":"<!-- This site is optimized with the Yoast SEO plugin v27.5 - https:\/\/yoast.com\/product\/yoast-seo-wordpress\/ -->\n<title>Le Pr\u00e9sident F\u00e9lix Tshisekedi au \u00abSommet des Etats du Compact for Africa\u00bb en Allemagne - Actualit\u00e9s congolaises et internationales<\/title>\n<meta name=\"robots\" content=\"index, follow, max-snippet:-1, max-image-preview:large, max-video-preview:-1\" \/>\n<link rel=\"canonical\" href=\"https:\/\/congovirtuel.com\/information\/le-president-felix-tshisekedi-au-sommet-des-etats-du-compact-for-africa-en-allemagne\/\" \/>\n<meta property=\"og:locale\" content=\"fr_FR\" \/>\n<meta property=\"og:type\" content=\"article\" \/>\n<meta property=\"og:title\" content=\"Le Pr\u00e9sident F\u00e9lix Tshisekedi au \u00abSommet des Etats du Compact for Africa\u00bb en Allemagne - Actualit\u00e9s congolaises et internationales\" \/>\n<meta property=\"og:description\" content=\"Le Pr\u00e9sident de la R\u00e9publique, F\u00e9lix Antoine Tshisekedi Tshilombo, a quitt\u00e9 Kinshasa jeudi, pour Berlin en Allemagne en vue de participer, en sa qualit\u00e9 de Pr\u00e9sident de l\u2019Union africaine (UA) et \u00e0 l\u2019invitation de la Chanceli\u00e8re Angela Merkel, au \u00ab&nbsp;Sommet des Etats du Compact for Africa&nbsp;\u00bb,&nbsp;pr\u00e9vu ce vendredi dans la capitale allemande. L\u2019invitation lui avait \u00e9t\u00e9 remise par le Charg\u00e9 des missions adjoint de l\u2019ambassade de la R\u00e9publique F\u00e9d\u00e9rale d\u2019Allemagne en RDC,&nbsp; Lars Gerrit Leyman, au cours d\u2019une audience que le Chef de l\u2019Etat lui avait accord\u00e9e le mois dernier,&hellip;\" \/>\n<meta property=\"og:url\" content=\"https:\/\/congovirtuel.com\/information\/le-president-felix-tshisekedi-au-sommet-des-etats-du-compact-for-africa-en-allemagne\/\" \/>\n<meta property=\"og:site_name\" content=\"Actualit\u00e9s congolaises et internationales\" \/>\n<meta property=\"article:publisher\" content=\"https:\/\/web.facebook.com\/Congovirtuel-763617960319601\/?ref=aymt_homepage_panel&amp;amp%3bamp%3bamp%3bamp%3bamp%3bamp%3bamp%3bamp%3bamp%3bamp%3bamp%3beid=ARCoxULa66767kIgF_KYav6VdjXTI4yk_LW4yoVO9s6NXpysgb7Cb65vpxcxgqzOAKvIbLQxaAETcqHT\" \/>\n<meta property=\"article:published_time\" content=\"2021-08-27T05:10:44+00:00\" \/>\n<meta property=\"article:modified_time\" content=\"2021-08-27T05:10:46+00:00\" \/>\n<meta property=\"og:image\" content=\"https:\/\/congovirtuel.com\/information\/wp-content\/uploads\/2021\/08\/Ftt-and-chancellor.jpg\" \/>\n\t<meta property=\"og:image:width\" content=\"598\" \/>\n\t<meta property=\"og:image:height\" content=\"268\" \/>\n\t<meta property=\"og:image:type\" content=\"image\/jpeg\" \/>\n<meta name=\"author\" content=\"infocongovirtuel\" \/>\n<meta name=\"twitter:card\" content=\"summary_large_image\" \/>\n<meta name=\"twitter:creator\" content=\"@congovirtuel\" \/>\n<meta name=\"twitter:site\" content=\"@congovirtuel\" \/>\n<meta name=\"twitter:label1\" content=\"\u00c9crit par\" \/>\n\t<meta name=\"twitter:data1\" content=\"infocongovirtuel\" \/>\n\t<meta name=\"twitter:label2\" content=\"Dur\u00e9e de lecture estim\u00e9e\" \/>\n\t<meta name=\"twitter:data2\" content=\"4 minutes\" \/>\n<script type=\"application\/ld+json\" class=\"yoast-schema-graph\">{\"@context\":\"https:\\\/\\\/schema.org\",\"@graph\":[{\"@type\":\"Article\",\"@id\":\"https:\\\/\\\/congovirtuel.com\\\/information\\\/le-president-felix-tshisekedi-au-sommet-des-etats-du-compact-for-africa-en-allemagne\\\/#article\",\"isPartOf\":{\"@id\":\"https:\\\/\\\/congovirtuel.com\\\/information\\\/le-president-felix-tshisekedi-au-sommet-des-etats-du-compact-for-africa-en-allemagne\\\/\"},\"author\":{\"name\":\"infocongovirtuel\",\"@id\":\"https:\\\/\\\/congovirtuel.com\\\/information\\\/#\\\/schema\\\/person\\\/739a44bf7990966cb53d58d2fdeca0b6\"},\"headline\":\"Le Pr\u00e9sident F\u00e9lix Tshisekedi au \u00abSommet des Etats du Compact for Africa\u00bb en Allemagne\",\"datePublished\":\"2021-08-27T05:10:44+00:00\",\"dateModified\":\"2021-08-27T05:10:46+00:00\",\"mainEntityOfPage\":{\"@id\":\"https:\\\/\\\/congovirtuel.com\\\/information\\\/le-president-felix-tshisekedi-au-sommet-des-etats-du-compact-for-africa-en-allemagne\\\/\"},\"wordCount\":1034,\"commentCount\":0,\"publisher\":{\"@id\":\"https:\\\/\\\/congovirtuel.com\\\/information\\\/#organization\"},\"image\":{\"@id\":\"https:\\\/\\\/congovirtuel.com\\\/information\\\/le-president-felix-tshisekedi-au-sommet-des-etats-du-compact-for-africa-en-allemagne\\\/#primaryimage\"},\"thumbnailUrl\":\"https:\\\/\\\/congovirtuel.com\\\/information\\\/wp-content\\\/uploads\\\/2021\\\/08\\\/Ftt-and-chancellor.jpg\",\"keywords\":[\"Visite Tshisekedi Allemagne\"],\"articleSection\":[\"Allemagne RDC\"],\"inLanguage\":\"fr-FR\",\"potentialAction\":[{\"@type\":\"CommentAction\",\"name\":\"Comment\",\"target\":[\"https:\\\/\\\/congovirtuel.com\\\/information\\\/le-president-felix-tshisekedi-au-sommet-des-etats-du-compact-for-africa-en-allemagne\\\/#respond\"]}]},{\"@type\":\"WebPage\",\"@id\":\"https:\\\/\\\/congovirtuel.com\\\/information\\\/le-president-felix-tshisekedi-au-sommet-des-etats-du-compact-for-africa-en-allemagne\\\/\",\"url\":\"https:\\\/\\\/congovirtuel.com\\\/information\\\/le-president-felix-tshisekedi-au-sommet-des-etats-du-compact-for-africa-en-allemagne\\\/\",\"name\":\"Le Pr\u00e9sident F\u00e9lix Tshisekedi au \u00abSommet des Etats du Compact for Africa\u00bb en Allemagne - Actualit\u00e9s congolaises et internationales\",\"isPartOf\":{\"@id\":\"https:\\\/\\\/congovirtuel.com\\\/information\\\/#website\"},\"primaryImageOfPage\":{\"@id\":\"https:\\\/\\\/congovirtuel.com\\\/information\\\/le-president-felix-tshisekedi-au-sommet-des-etats-du-compact-for-africa-en-allemagne\\\/#primaryimage\"},\"image\":{\"@id\":\"https:\\\/\\\/congovirtuel.com\\\/information\\\/le-president-felix-tshisekedi-au-sommet-des-etats-du-compact-for-africa-en-allemagne\\\/#primaryimage\"},\"thumbnailUrl\":\"https:\\\/\\\/congovirtuel.com\\\/information\\\/wp-content\\\/uploads\\\/2021\\\/08\\\/Ftt-and-chancellor.jpg\",\"datePublished\":\"2021-08-27T05:10:44+00:00\",\"dateModified\":\"2021-08-27T05:10:46+00:00\",\"breadcrumb\":{\"@id\":\"https:\\\/\\\/congovirtuel.com\\\/information\\\/le-president-felix-tshisekedi-au-sommet-des-etats-du-compact-for-africa-en-allemagne\\\/#breadcrumb\"},\"inLanguage\":\"fr-FR\",\"potentialAction\":[{\"@type\":\"ReadAction\",\"target\":[\"https:\\\/\\\/congovirtuel.com\\\/information\\\/le-president-felix-tshisekedi-au-sommet-des-etats-du-compact-for-africa-en-allemagne\\\/\"]}]},{\"@type\":\"ImageObject\",\"inLanguage\":\"fr-FR\",\"@id\":\"https:\\\/\\\/congovirtuel.com\\\/information\\\/le-president-felix-tshisekedi-au-sommet-des-etats-du-compact-for-africa-en-allemagne\\\/#primaryimage\",\"url\":\"https:\\\/\\\/congovirtuel.com\\\/information\\\/wp-content\\\/uploads\\\/2021\\\/08\\\/Ftt-and-chancellor.jpg\",\"contentUrl\":\"https:\\\/\\\/congovirtuel.com\\\/information\\\/wp-content\\\/uploads\\\/2021\\\/08\\\/Ftt-and-chancellor.jpg\",\"width\":598,\"height\":268},{\"@type\":\"BreadcrumbList\",\"@id\":\"https:\\\/\\\/congovirtuel.com\\\/information\\\/le-president-felix-tshisekedi-au-sommet-des-etats-du-compact-for-africa-en-allemagne\\\/#breadcrumb\",\"itemListElement\":[{\"@type\":\"ListItem\",\"position\":1,\"name\":\"Accueil\",\"item\":\"https:\\\/\\\/congovirtuel.com\\\/information\\\/\"},{\"@type\":\"ListItem\",\"position\":2,\"name\":\"Le Pr\u00e9sident F\u00e9lix Tshisekedi au \u00abSommet des Etats du Compact for Africa\u00bb en Allemagne\"}]},{\"@type\":\"WebSite\",\"@id\":\"https:\\\/\\\/congovirtuel.com\\\/information\\\/#website\",\"url\":\"https:\\\/\\\/congovirtuel.com\\\/information\\\/\",\"name\":\"Actualit\u00e9s congolaises et internationales\",\"description\":\"site d&#039;analyse et de traitement d&#039;information\",\"publisher\":{\"@id\":\"https:\\\/\\\/congovirtuel.com\\\/information\\\/#organization\"},\"potentialAction\":[{\"@type\":\"SearchAction\",\"target\":{\"@type\":\"EntryPoint\",\"urlTemplate\":\"https:\\\/\\\/congovirtuel.com\\\/information\\\/?s={search_term_string}\"},\"query-input\":{\"@type\":\"PropertyValueSpecification\",\"valueRequired\":true,\"valueName\":\"search_term_string\"}}],\"inLanguage\":\"fr-FR\"},{\"@type\":\"Organization\",\"@id\":\"https:\\\/\\\/congovirtuel.com\\\/information\\\/#organization\",\"name\":\"Biblioth\u00e8que Virtuelle de la RDC\",\"url\":\"https:\\\/\\\/congovirtuel.com\\\/information\\\/\",\"logo\":{\"@type\":\"ImageObject\",\"inLanguage\":\"fr-FR\",\"@id\":\"https:\\\/\\\/congovirtuel.com\\\/information\\\/#\\\/schema\\\/logo\\\/image\\\/\",\"url\":\"https:\\\/\\\/congovirtuel.com\\\/information\\\/wp-content\\\/uploads\\\/2018\\\/10\\\/header-info-congovirtuel-vraie.jpg\",\"contentUrl\":\"https:\\\/\\\/congovirtuel.com\\\/information\\\/wp-content\\\/uploads\\\/2018\\\/10\\\/header-info-congovirtuel-vraie.jpg\",\"width\":728,\"height\":90,\"caption\":\"Biblioth\u00e8que Virtuelle de la RDC\"},\"image\":{\"@id\":\"https:\\\/\\\/congovirtuel.com\\\/information\\\/#\\\/schema\\\/logo\\\/image\\\/\"},\"sameAs\":[\"https:\\\/\\\/web.facebook.com\\\/Congovirtuel-763617960319601\\\/?ref=aymt_homepage_panel&amp;amp;amp;amp;amp;amp;amp;amp;amp;amp;amp;eid=ARCoxULa66767kIgF_KYav6VdjXTI4yk_LW4yoVO9s6NXpysgb7Cb65vpxcxgqzOAKvIbLQxaAETcqHT\",\"https:\\\/\\\/x.com\\\/congovirtuel\",\"https:\\\/\\\/www.youtube.com\\\/channel\\\/UCkFfprYzGgS3EWNpeMXpToQ?view_as=subscriber\"]},{\"@type\":\"Person\",\"@id\":\"https:\\\/\\\/congovirtuel.com\\\/information\\\/#\\\/schema\\\/person\\\/739a44bf7990966cb53d58d2fdeca0b6\",\"name\":\"infocongovirtuel\",\"image\":{\"@type\":\"ImageObject\",\"inLanguage\":\"fr-FR\",\"@id\":\"https:\\\/\\\/secure.gravatar.com\\\/avatar\\\/4d76991aa72469f0eb22e772586c99113c6997f88da636a9db8f2ce3a2c05e69?s=96&d=mm&r=g\",\"url\":\"https:\\\/\\\/secure.gravatar.com\\\/avatar\\\/4d76991aa72469f0eb22e772586c99113c6997f88da636a9db8f2ce3a2c05e69?s=96&d=mm&r=g\",\"contentUrl\":\"https:\\\/\\\/secure.gravatar.com\\\/avatar\\\/4d76991aa72469f0eb22e772586c99113c6997f88da636a9db8f2ce3a2c05e69?s=96&d=mm&r=g\",\"caption\":\"infocongovirtuel\"},\"url\":\"https:\\\/\\\/congovirtuel.com\\\/information\\\/author\\\/infocongovirtuel\\\/\"}]}<\/script>\n<!-- \/ Yoast SEO plugin. -->","yoast_head_json":{"title":"Le Pr\u00e9sident F\u00e9lix Tshisekedi au \u00abSommet des Etats du Compact for Africa\u00bb en Allemagne - Actualit\u00e9s congolaises et internationales","robots":{"index":"index","follow":"follow","max-snippet":"max-snippet:-1","max-image-preview":"max-image-preview:large","max-video-preview":"max-video-preview:-1"},"canonical":"https:\/\/congovirtuel.com\/information\/le-president-felix-tshisekedi-au-sommet-des-etats-du-compact-for-africa-en-allemagne\/","og_locale":"fr_FR","og_type":"article","og_title":"Le Pr\u00e9sident F\u00e9lix Tshisekedi au \u00abSommet des Etats du Compact for Africa\u00bb en Allemagne - Actualit\u00e9s congolaises et internationales","og_description":"Le Pr\u00e9sident de la R\u00e9publique, F\u00e9lix Antoine Tshisekedi Tshilombo, a quitt\u00e9 Kinshasa jeudi, pour Berlin en Allemagne en vue de participer, en sa qualit\u00e9 de Pr\u00e9sident de l\u2019Union africaine (UA) et \u00e0 l\u2019invitation de la Chanceli\u00e8re Angela Merkel, au \u00ab&nbsp;Sommet des Etats du Compact for Africa&nbsp;\u00bb,&nbsp;pr\u00e9vu ce vendredi dans la capitale allemande. L\u2019invitation lui avait \u00e9t\u00e9 remise par le Charg\u00e9 des missions adjoint de l\u2019ambassade de la R\u00e9publique F\u00e9d\u00e9rale d\u2019Allemagne en RDC,&nbsp; Lars Gerrit Leyman, au cours d\u2019une audience que le Chef de l\u2019Etat lui avait accord\u00e9e le mois dernier,&hellip;","og_url":"https:\/\/congovirtuel.com\/information\/le-president-felix-tshisekedi-au-sommet-des-etats-du-compact-for-africa-en-allemagne\/","og_site_name":"Actualit\u00e9s congolaises et internationales","article_publisher":"https:\/\/web.facebook.com\/Congovirtuel-763617960319601\/?ref=aymt_homepage_panel&amp%3bamp%3bamp%3bamp%3bamp%3bamp%3bamp%3bamp%3bamp%3bamp%3bamp%3beid=ARCoxULa66767kIgF_KYav6VdjXTI4yk_LW4yoVO9s6NXpysgb7Cb65vpxcxgqzOAKvIbLQxaAETcqHT","article_published_time":"2021-08-27T05:10:44+00:00","article_modified_time":"2021-08-27T05:10:46+00:00","og_image":[{"width":598,"height":268,"url":"https:\/\/congovirtuel.com\/information\/wp-content\/uploads\/2021\/08\/Ftt-and-chancellor.jpg","type":"image\/jpeg"}],"author":"infocongovirtuel","twitter_card":"summary_large_image","twitter_creator":"@congovirtuel","twitter_site":"@congovirtuel","twitter_misc":{"\u00c9crit par":"infocongovirtuel","Dur\u00e9e de lecture estim\u00e9e":"4 minutes"},"schema":{"@context":"https:\/\/schema.org","@graph":[{"@type":"Article","@id":"https:\/\/congovirtuel.com\/information\/le-president-felix-tshisekedi-au-sommet-des-etats-du-compact-for-africa-en-allemagne\/#article","isPartOf":{"@id":"https:\/\/congovirtuel.com\/information\/le-president-felix-tshisekedi-au-sommet-des-etats-du-compact-for-africa-en-allemagne\/"},"author":{"name":"infocongovirtuel","@id":"https:\/\/congovirtuel.com\/information\/#\/schema\/person\/739a44bf7990966cb53d58d2fdeca0b6"},"headline":"Le Pr\u00e9sident F\u00e9lix Tshisekedi au \u00abSommet des Etats du Compact for Africa\u00bb en Allemagne","datePublished":"2021-08-27T05:10:44+00:00","dateModified":"2021-08-27T05:10:46+00:00","mainEntityOfPage":{"@id":"https:\/\/congovirtuel.com\/information\/le-president-felix-tshisekedi-au-sommet-des-etats-du-compact-for-africa-en-allemagne\/"},"wordCount":1034,"commentCount":0,"publisher":{"@id":"https:\/\/congovirtuel.com\/information\/#organization"},"image":{"@id":"https:\/\/congovirtuel.com\/information\/le-president-felix-tshisekedi-au-sommet-des-etats-du-compact-for-africa-en-allemagne\/#primaryimage"},"thumbnailUrl":"https:\/\/congovirtuel.com\/information\/wp-content\/uploads\/2021\/08\/Ftt-and-chancellor.jpg","keywords":["Visite Tshisekedi Allemagne"],"articleSection":["Allemagne RDC"],"inLanguage":"fr-FR","potentialAction":[{"@type":"CommentAction","name":"Comment","target":["https:\/\/congovirtuel.com\/information\/le-president-felix-tshisekedi-au-sommet-des-etats-du-compact-for-africa-en-allemagne\/#respond"]}]},{"@type":"WebPage","@id":"https:\/\/congovirtuel.com\/information\/le-president-felix-tshisekedi-au-sommet-des-etats-du-compact-for-africa-en-allemagne\/","url":"https:\/\/congovirtuel.com\/information\/le-president-felix-tshisekedi-au-sommet-des-etats-du-compact-for-africa-en-allemagne\/","name":"Le Pr\u00e9sident F\u00e9lix Tshisekedi au \u00abSommet des Etats du Compact for Africa\u00bb en Allemagne - Actualit\u00e9s congolaises et internationales","isPartOf":{"@id":"https:\/\/congovirtuel.com\/information\/#website"},"primaryImageOfPage":{"@id":"https:\/\/congovirtuel.com\/information\/le-president-felix-tshisekedi-au-sommet-des-etats-du-compact-for-africa-en-allemagne\/#primaryimage"},"image":{"@id":"https:\/\/congovirtuel.com\/information\/le-president-felix-tshisekedi-au-sommet-des-etats-du-compact-for-africa-en-allemagne\/#primaryimage"},"thumbnailUrl":"https:\/\/congovirtuel.com\/information\/wp-content\/uploads\/2021\/08\/Ftt-and-chancellor.jpg","datePublished":"2021-08-27T05:10:44+00:00","dateModified":"2021-08-27T05:10:46+00:00","breadcrumb":{"@id":"https:\/\/congovirtuel.com\/information\/le-president-felix-tshisekedi-au-sommet-des-etats-du-compact-for-africa-en-allemagne\/#breadcrumb"},"inLanguage":"fr-FR","potentialAction":[{"@type":"ReadAction","target":["https:\/\/congovirtuel.com\/information\/le-president-felix-tshisekedi-au-sommet-des-etats-du-compact-for-africa-en-allemagne\/"]}]},{"@type":"ImageObject","inLanguage":"fr-FR","@id":"https:\/\/congovirtuel.com\/information\/le-president-felix-tshisekedi-au-sommet-des-etats-du-compact-for-africa-en-allemagne\/#primaryimage","url":"https:\/\/congovirtuel.com\/information\/wp-content\/uploads\/2021\/08\/Ftt-and-chancellor.jpg","contentUrl":"https:\/\/congovirtuel.com\/information\/wp-content\/uploads\/2021\/08\/Ftt-and-chancellor.jpg","width":598,"height":268},{"@type":"BreadcrumbList","@id":"https:\/\/congovirtuel.com\/information\/le-president-felix-tshisekedi-au-sommet-des-etats-du-compact-for-africa-en-allemagne\/#breadcrumb","itemListElement":[{"@type":"ListItem","position":1,"name":"Accueil","item":"https:\/\/congovirtuel.com\/information\/"},{"@type":"ListItem","position":2,"name":"Le Pr\u00e9sident F\u00e9lix Tshisekedi au \u00abSommet des Etats du Compact for Africa\u00bb en Allemagne"}]},{"@type":"WebSite","@id":"https:\/\/congovirtuel.com\/information\/#website","url":"https:\/\/congovirtuel.com\/information\/","name":"Actualit\u00e9s congolaises et internationales","description":"site d&#039;analyse et de traitement d&#039;information","publisher":{"@id":"https:\/\/congovirtuel.com\/information\/#organization"},"potentialAction":[{"@type":"SearchAction","target":{"@type":"EntryPoint","urlTemplate":"https:\/\/congovirtuel.com\/information\/?s={search_term_string}"},"query-input":{"@type":"PropertyValueSpecification","valueRequired":true,"valueName":"search_term_string"}}],"inLanguage":"fr-FR"},{"@type":"Organization","@id":"https:\/\/congovirtuel.com\/information\/#organization","name":"Biblioth\u00e8que Virtuelle de la RDC","url":"https:\/\/congovirtuel.com\/information\/","logo":{"@type":"ImageObject","inLanguage":"fr-FR","@id":"https:\/\/congovirtuel.com\/information\/#\/schema\/logo\/image\/","url":"https:\/\/congovirtuel.com\/information\/wp-content\/uploads\/2018\/10\/header-info-congovirtuel-vraie.jpg","contentUrl":"https:\/\/congovirtuel.com\/information\/wp-content\/uploads\/2018\/10\/header-info-congovirtuel-vraie.jpg","width":728,"height":90,"caption":"Biblioth\u00e8que Virtuelle de la RDC"},"image":{"@id":"https:\/\/congovirtuel.com\/information\/#\/schema\/logo\/image\/"},"sameAs":["https:\/\/web.facebook.com\/Congovirtuel-763617960319601\/?ref=aymt_homepage_panel&amp;amp;amp;amp;amp;amp;amp;amp;amp;amp;amp;eid=ARCoxULa66767kIgF_KYav6VdjXTI4yk_LW4yoVO9s6NXpysgb7Cb65vpxcxgqzOAKvIbLQxaAETcqHT","https:\/\/x.com\/congovirtuel","https:\/\/www.youtube.com\/channel\/UCkFfprYzGgS3EWNpeMXpToQ?view_as=subscriber"]},{"@type":"Person","@id":"https:\/\/congovirtuel.com\/information\/#\/schema\/person\/739a44bf7990966cb53d58d2fdeca0b6","name":"infocongovirtuel","image":{"@type":"ImageObject","inLanguage":"fr-FR","@id":"https:\/\/secure.gravatar.com\/avatar\/4d76991aa72469f0eb22e772586c99113c6997f88da636a9db8f2ce3a2c05e69?s=96&d=mm&r=g","url":"https:\/\/secure.gravatar.com\/avatar\/4d76991aa72469f0eb22e772586c99113c6997f88da636a9db8f2ce3a2c05e69?s=96&d=mm&r=g","contentUrl":"https:\/\/secure.gravatar.com\/avatar\/4d76991aa72469f0eb22e772586c99113c6997f88da636a9db8f2ce3a2c05e69?s=96&d=mm&r=g","caption":"infocongovirtuel"},"url":"https:\/\/congovirtuel.com\/information\/author\/infocongovirtuel\/"}]}},"gt_translate_keys":[{"key":"link","format":"url"}],"_links":{"self":[{"href":"https:\/\/congovirtuel.com\/information\/wp-json\/wp\/v2\/posts\/13210","targetHints":{"allow":["GET"]}}],"collection":[{"href":"https:\/\/congovirtuel.com\/information\/wp-json\/wp\/v2\/posts"}],"about":[{"href":"https:\/\/congovirtuel.com\/information\/wp-json\/wp\/v2\/types\/post"}],"author":[{"embeddable":true,"href":"https:\/\/congovirtuel.com\/information\/wp-json\/wp\/v2\/users\/1"}],"replies":[{"embeddable":true,"href":"https:\/\/congovirtuel.com\/information\/wp-json\/wp\/v2\/comments?post=13210"}],"version-history":[{"count":2,"href":"https:\/\/congovirtuel.com\/information\/wp-json\/wp\/v2\/posts\/13210\/revisions"}],"predecessor-version":[{"id":13214,"href":"https:\/\/congovirtuel.com\/information\/wp-json\/wp\/v2\/posts\/13210\/revisions\/13214"}],"wp:featuredmedia":[{"embeddable":true,"href":"https:\/\/congovirtuel.com\/information\/wp-json\/wp\/v2\/media\/13212"}],"wp:attachment":[{"href":"https:\/\/congovirtuel.com\/information\/wp-json\/wp\/v2\/media?parent=13210"}],"wp:term":[{"taxonomy":"category","embeddable":true,"href":"https:\/\/congovirtuel.com\/information\/wp-json\/wp\/v2\/categories?post=13210"},{"taxonomy":"post_tag","embeddable":true,"href":"https:\/\/congovirtuel.com\/information\/wp-json\/wp\/v2\/tags?post=13210"}],"curies":[{"name":"wp","href":"https:\/\/api.w.org\/{rel}","templated":true}]}}