{"id":135,"date":"2019-07-20T07:49:25","date_gmt":"2019-07-20T05:49:25","guid":{"rendered":"https:\/\/congovirtuel.com\/information\/?p=135"},"modified":"2019-07-20T09:06:21","modified_gmt":"2019-07-20T07:06:21","slug":"deux-elus-congolais-condamnes-a-20-et-10-ans-de-prison-pour-meurtres","status":"publish","type":"post","link":"https:\/\/congovirtuel.com\/information\/deux-elus-congolais-condamnes-a-20-et-10-ans-de-prison-pour-meurtres\/","title":{"rendered":"Deux \u00e9lus congolais condamn\u00e9s \u00e0 20 et 10 ans de prison pour meurtres","gt_translate_keys":[{"key":"rendered","format":"text"}]},"content":{"rendered":"\n<p class=\"wp-block-paragraph\">Un d\u00e9put\u00e9 provincial et un d\u00e9put\u00e9 national ont \u00e9t\u00e9 condamn\u00e9s \u00e0 respectivement 20 et 10 ans de prison dans deux affaires de meurtres cette semaine dans l&rsquo;est de la R\u00e9publique d\u00e9mocratique du Congo, par ailleurs toujours victime de la violence des groupes arm\u00e9s.<\/p>\n\n\n\n<p class=\"wp-block-paragraph\">Le d\u00e9put\u00e9 provincial de l&rsquo;Ituri, Didier Boyoko, a \u00e9t\u00e9 condamn\u00e9 le 16 juillet \u00e0 20 ans de prison par un tribunal militaire \u00e0 Bunia, ont rapport\u00e9 les m\u00e9dias congolais. Il \u00e9tait poursuivi avec 13 complices pour le meurtre de deux personnes dont un ressortissant chinois.<\/p>\n\n\n\n<p class=\"wp-block-paragraph\">Le d\u00e9put\u00e9 provincial \u00ab\u00a0figurait parmi les 14 personnes &#8211; dont des militaires &#8211; poursuivies dans l&rsquo;attaque contre un convoi d&rsquo;exploitants d&rsquo;or chinois, le 17 juin\u00a0\u00bb, a rapport\u00e9 la radio Top Congo.<\/p>\n\n\n\n<p class=\"wp-block-paragraph\">Son proc\u00e8s avait commenc\u00e9 en public, en plein air, en plein centre de Bunia le 19 juin, avait rapport\u00e9 l&rsquo;AFP.<\/p>\n\n\n\n<p class=\"wp-block-paragraph\">De son c\u00f4t\u00e9, le d\u00e9put\u00e9 national Luc Mulimbalimba a \u00e9t\u00e9 condamn\u00e9 le 18 juillet \u00e0 dix ans de prison pour le meurtre d&rsquo;un civil mi-juin par la Haute cour militaire \u00e0 Bukavu, a rapport\u00e9 un correspondant de l&rsquo;AFP pr\u00e9sent \u00e0 l&rsquo;audience.<\/p>\n\n\n\n<p class=\"wp-block-paragraph\">L&rsquo;auteur mat\u00e9riel du crime, un militaire commis \u00e0 sa garde, a \u00e9t\u00e9 condamn\u00e9 \u00e0 perp\u00e9tuit\u00e9.<\/p>\n\n\n\n<p class=\"wp-block-paragraph\">L&rsquo;impunit\u00e9 des \u00e9lus et des \u00e9lites a souvent \u00e9t\u00e9 d\u00e9nonc\u00e9e dans l&rsquo;est de la R\u00e9publique d\u00e9mocratique du Congo, o\u00f9 des dizaines de groupes arm\u00e9s perturbent la vie des civils.<\/p>\n\n\n\n<p class=\"wp-block-paragraph\"><\/p>\n\n\n\n<p class=\"wp-block-paragraph\">Pr\u00e8s de Beni dans la province du Nord-Kivu, trois civils ont \u00e9t\u00e9 tu\u00e9s jeudi alors qu&rsquo;ils travaillaient aux champs, ont rapport\u00e9 vendredi plusieurs sources.<\/p>\n\n\n\n<p class=\"wp-block-paragraph\">\u00ab\u00a0Ces trois personnes tu\u00e9es \u00e0 la machette allaient chercher \u00e0 manger pour leur famille\u00a0\u00bb, a indiqu\u00e9 l&rsquo;administrateur de territoire de Beni (responsable local), Donat kibwana, \u00e0 un correspondant de l&rsquo;AFP.<\/p>\n\n\n\n<p class=\"wp-block-paragraph\">Les autorit\u00e9s attribuent comme d&rsquo;habitude ces trois meurtres aux miliciens des Forces d\u00e9mocratiques alli\u00e9es (ADF).<\/p>\n\n\n\n<p class=\"has-text-color has-background has-very-dark-gray-color has-very-light-gray-background-color wp-block-paragraph\">Historiquement des rebelles musulmans ougandais, les ADF sont les responsables pr\u00e9sum\u00e9s du massacre de centaines de civils dans la r\u00e9gion de Beni depuis octobre 2014.<\/p>\n\n\n\n<p class=\"wp-block-paragraph\">VOA<\/p>\n\n\n\n<p class=\"wp-block-paragraph\"><\/p>\n","protected":false,"gt_translate_keys":[{"key":"rendered","format":"html"}]},"excerpt":{"rendered":"<p>Un d\u00e9put\u00e9 provincial et un d\u00e9put\u00e9 national ont \u00e9t\u00e9 condamn\u00e9s \u00e0 respectivement 20 et 10 ans de prison dans deux affaires de meurtres cette semaine dans l&rsquo;est de la R\u00e9publique d\u00e9mocratique du Congo, par ailleurs toujours victime de la violence des groupes arm\u00e9s.<\/p>\n","protected":false,"gt_translate_keys":[{"key":"rendered","format":"html"}]},"author":1,"featured_media":136,"comment_status":"open","ping_status":"open","sticky":false,"template":"","format":"standard","meta":{"_crdt_document":"","footnotes":""},"categories":[1],"tags":[],"class_list":["post-135","post","type-post","status-publish","format-standard","has-post-thumbnail","hentry","category-non-classe"],"gutentor_comment":0,"yoast_head":"<!-- This site is optimized with the Yoast SEO plugin v27.5 - https:\/\/yoast.com\/product\/yoast-seo-wordpress\/ -->\n<title>Deux \u00e9lus congolais condamn\u00e9s \u00e0 20 et 10 ans de prison pour meurtres - Actualit\u00e9s congolaises et internationales<\/title>\n<meta name=\"robots\" content=\"index, follow, max-snippet:-1, max-image-preview:large, max-video-preview:-1\" \/>\n<link rel=\"canonical\" href=\"https:\/\/congovirtuel.com\/information\/deux-elus-congolais-condamnes-a-20-et-10-ans-de-prison-pour-meurtres\/\" \/>\n<meta property=\"og:locale\" content=\"fr_FR\" \/>\n<meta property=\"og:type\" content=\"article\" \/>\n<meta property=\"og:title\" content=\"Deux \u00e9lus congolais condamn\u00e9s \u00e0 20 et 10 ans de prison pour meurtres - Actualit\u00e9s congolaises et internationales\" \/>\n<meta property=\"og:description\" content=\"Un d\u00e9put\u00e9 provincial et un d\u00e9put\u00e9 national ont \u00e9t\u00e9 condamn\u00e9s \u00e0 respectivement 20 et 10 ans de prison dans deux affaires de meurtres cette semaine dans l&#039;est de la R\u00e9publique d\u00e9mocratique du Congo, par ailleurs toujours victime de la violence des groupes arm\u00e9s.\" \/>\n<meta property=\"og:url\" content=\"https:\/\/congovirtuel.com\/information\/deux-elus-congolais-condamnes-a-20-et-10-ans-de-prison-pour-meurtres\/\" \/>\n<meta property=\"og:site_name\" content=\"Actualit\u00e9s congolaises et internationales\" \/>\n<meta property=\"article:publisher\" content=\"https:\/\/web.facebook.com\/Congovirtuel-763617960319601\/?ref=aymt_homepage_panel&amp;amp%3bamp%3bamp%3bamp%3bamp%3bamp%3bamp%3bamp%3bamp%3bamp%3bamp%3beid=ARCoxULa66767kIgF_KYav6VdjXTI4yk_LW4yoVO9s6NXpysgb7Cb65vpxcxgqzOAKvIbLQxaAETcqHT\" \/>\n<meta property=\"article:published_time\" content=\"2019-07-20T05:49:25+00:00\" \/>\n<meta property=\"article:modified_time\" content=\"2019-07-20T07:06:21+00:00\" \/>\n<meta property=\"og:image\" content=\"https:\/\/congovirtuel.com\/information\/wp-content\/uploads\/2019\/07\/combatant_frpi.jpg\" \/>\n\t<meta property=\"og:image:width\" content=\"1023\" \/>\n\t<meta property=\"og:image:height\" content=\"575\" \/>\n\t<meta property=\"og:image:type\" content=\"image\/jpeg\" \/>\n<meta name=\"author\" content=\"infocongovirtuel\" \/>\n<meta name=\"twitter:card\" content=\"summary_large_image\" \/>\n<meta name=\"twitter:creator\" content=\"@congovirtuel\" \/>\n<meta name=\"twitter:site\" content=\"@congovirtuel\" \/>\n<meta name=\"twitter:label1\" content=\"\u00c9crit par\" \/>\n\t<meta name=\"twitter:data1\" content=\"infocongovirtuel\" \/>\n\t<meta name=\"twitter:label2\" content=\"Dur\u00e9e de lecture estim\u00e9e\" \/>\n\t<meta name=\"twitter:data2\" content=\"2 minutes\" \/>\n<script type=\"application\/ld+json\" class=\"yoast-schema-graph\">{\"@context\":\"https:\\\/\\\/schema.org\",\"@graph\":[{\"@type\":\"Article\",\"@id\":\"https:\\\/\\\/congovirtuel.com\\\/information\\\/deux-elus-congolais-condamnes-a-20-et-10-ans-de-prison-pour-meurtres\\\/#article\",\"isPartOf\":{\"@id\":\"https:\\\/\\\/congovirtuel.com\\\/information\\\/deux-elus-congolais-condamnes-a-20-et-10-ans-de-prison-pour-meurtres\\\/\"},\"author\":{\"name\":\"infocongovirtuel\",\"@id\":\"https:\\\/\\\/congovirtuel.com\\\/information\\\/#\\\/schema\\\/person\\\/739a44bf7990966cb53d58d2fdeca0b6\"},\"headline\":\"Deux \u00e9lus congolais condamn\u00e9s \u00e0 20 et 10 ans de prison pour meurtres\",\"datePublished\":\"2019-07-20T05:49:25+00:00\",\"dateModified\":\"2019-07-20T07:06:21+00:00\",\"mainEntityOfPage\":{\"@id\":\"https:\\\/\\\/congovirtuel.com\\\/information\\\/deux-elus-congolais-condamnes-a-20-et-10-ans-de-prison-pour-meurtres\\\/\"},\"wordCount\":354,\"commentCount\":0,\"publisher\":{\"@id\":\"https:\\\/\\\/congovirtuel.com\\\/information\\\/#organization\"},\"image\":{\"@id\":\"https:\\\/\\\/congovirtuel.com\\\/information\\\/deux-elus-congolais-condamnes-a-20-et-10-ans-de-prison-pour-meurtres\\\/#primaryimage\"},\"thumbnailUrl\":\"https:\\\/\\\/congovirtuel.com\\\/information\\\/wp-content\\\/uploads\\\/2019\\\/07\\\/combatant_frpi.jpg\",\"inLanguage\":\"fr-FR\",\"potentialAction\":[{\"@type\":\"CommentAction\",\"name\":\"Comment\",\"target\":[\"https:\\\/\\\/congovirtuel.com\\\/information\\\/deux-elus-congolais-condamnes-a-20-et-10-ans-de-prison-pour-meurtres\\\/#respond\"]}]},{\"@type\":\"WebPage\",\"@id\":\"https:\\\/\\\/congovirtuel.com\\\/information\\\/deux-elus-congolais-condamnes-a-20-et-10-ans-de-prison-pour-meurtres\\\/\",\"url\":\"https:\\\/\\\/congovirtuel.com\\\/information\\\/deux-elus-congolais-condamnes-a-20-et-10-ans-de-prison-pour-meurtres\\\/\",\"name\":\"Deux \u00e9lus congolais condamn\u00e9s \u00e0 20 et 10 ans de prison pour meurtres - Actualit\u00e9s congolaises et internationales\",\"isPartOf\":{\"@id\":\"https:\\\/\\\/congovirtuel.com\\\/information\\\/#website\"},\"primaryImageOfPage\":{\"@id\":\"https:\\\/\\\/congovirtuel.com\\\/information\\\/deux-elus-congolais-condamnes-a-20-et-10-ans-de-prison-pour-meurtres\\\/#primaryimage\"},\"image\":{\"@id\":\"https:\\\/\\\/congovirtuel.com\\\/information\\\/deux-elus-congolais-condamnes-a-20-et-10-ans-de-prison-pour-meurtres\\\/#primaryimage\"},\"thumbnailUrl\":\"https:\\\/\\\/congovirtuel.com\\\/information\\\/wp-content\\\/uploads\\\/2019\\\/07\\\/combatant_frpi.jpg\",\"datePublished\":\"2019-07-20T05:49:25+00:00\",\"dateModified\":\"2019-07-20T07:06:21+00:00\",\"breadcrumb\":{\"@id\":\"https:\\\/\\\/congovirtuel.com\\\/information\\\/deux-elus-congolais-condamnes-a-20-et-10-ans-de-prison-pour-meurtres\\\/#breadcrumb\"},\"inLanguage\":\"fr-FR\",\"potentialAction\":[{\"@type\":\"ReadAction\",\"target\":[\"https:\\\/\\\/congovirtuel.com\\\/information\\\/deux-elus-congolais-condamnes-a-20-et-10-ans-de-prison-pour-meurtres\\\/\"]}]},{\"@type\":\"ImageObject\",\"inLanguage\":\"fr-FR\",\"@id\":\"https:\\\/\\\/congovirtuel.com\\\/information\\\/deux-elus-congolais-condamnes-a-20-et-10-ans-de-prison-pour-meurtres\\\/#primaryimage\",\"url\":\"https:\\\/\\\/congovirtuel.com\\\/information\\\/wp-content\\\/uploads\\\/2019\\\/07\\\/combatant_frpi.jpg\",\"contentUrl\":\"https:\\\/\\\/congovirtuel.com\\\/information\\\/wp-content\\\/uploads\\\/2019\\\/07\\\/combatant_frpi.jpg\",\"width\":1023,\"height\":575,\"caption\":\"Un combattant de la Force de r\u00e9sistance patriotique pour la milice d'Ituri (FRPI), le 28 juillet 2006, pr\u00e8s de Tchei, dans le sud de l'Ituri.\"},{\"@type\":\"BreadcrumbList\",\"@id\":\"https:\\\/\\\/congovirtuel.com\\\/information\\\/deux-elus-congolais-condamnes-a-20-et-10-ans-de-prison-pour-meurtres\\\/#breadcrumb\",\"itemListElement\":[{\"@type\":\"ListItem\",\"position\":1,\"name\":\"Accueil\",\"item\":\"https:\\\/\\\/congovirtuel.com\\\/information\\\/\"},{\"@type\":\"ListItem\",\"position\":2,\"name\":\"Deux \u00e9lus congolais condamn\u00e9s \u00e0 20 et 10 ans de prison pour meurtres\"}]},{\"@type\":\"WebSite\",\"@id\":\"https:\\\/\\\/congovirtuel.com\\\/information\\\/#website\",\"url\":\"https:\\\/\\\/congovirtuel.com\\\/information\\\/\",\"name\":\"Actualit\u00e9s congolaises et internationales\",\"description\":\"site d&#039;analyse et de traitement d&#039;information\",\"publisher\":{\"@id\":\"https:\\\/\\\/congovirtuel.com\\\/information\\\/#organization\"},\"potentialAction\":[{\"@type\":\"SearchAction\",\"target\":{\"@type\":\"EntryPoint\",\"urlTemplate\":\"https:\\\/\\\/congovirtuel.com\\\/information\\\/?s={search_term_string}\"},\"query-input\":{\"@type\":\"PropertyValueSpecification\",\"valueRequired\":true,\"valueName\":\"search_term_string\"}}],\"inLanguage\":\"fr-FR\"},{\"@type\":\"Organization\",\"@id\":\"https:\\\/\\\/congovirtuel.com\\\/information\\\/#organization\",\"name\":\"Biblioth\u00e8que Virtuelle de la RDC\",\"url\":\"https:\\\/\\\/congovirtuel.com\\\/information\\\/\",\"logo\":{\"@type\":\"ImageObject\",\"inLanguage\":\"fr-FR\",\"@id\":\"https:\\\/\\\/congovirtuel.com\\\/information\\\/#\\\/schema\\\/logo\\\/image\\\/\",\"url\":\"https:\\\/\\\/congovirtuel.com\\\/information\\\/wp-content\\\/uploads\\\/2018\\\/10\\\/header-info-congovirtuel-vraie.jpg\",\"contentUrl\":\"https:\\\/\\\/congovirtuel.com\\\/information\\\/wp-content\\\/uploads\\\/2018\\\/10\\\/header-info-congovirtuel-vraie.jpg\",\"width\":728,\"height\":90,\"caption\":\"Biblioth\u00e8que Virtuelle de la RDC\"},\"image\":{\"@id\":\"https:\\\/\\\/congovirtuel.com\\\/information\\\/#\\\/schema\\\/logo\\\/image\\\/\"},\"sameAs\":[\"https:\\\/\\\/web.facebook.com\\\/Congovirtuel-763617960319601\\\/?ref=aymt_homepage_panel&amp;amp;amp;amp;amp;amp;amp;amp;amp;amp;amp;eid=ARCoxULa66767kIgF_KYav6VdjXTI4yk_LW4yoVO9s6NXpysgb7Cb65vpxcxgqzOAKvIbLQxaAETcqHT\",\"https:\\\/\\\/x.com\\\/congovirtuel\",\"https:\\\/\\\/www.youtube.com\\\/channel\\\/UCkFfprYzGgS3EWNpeMXpToQ?view_as=subscriber\"]},{\"@type\":\"Person\",\"@id\":\"https:\\\/\\\/congovirtuel.com\\\/information\\\/#\\\/schema\\\/person\\\/739a44bf7990966cb53d58d2fdeca0b6\",\"name\":\"infocongovirtuel\",\"image\":{\"@type\":\"ImageObject\",\"inLanguage\":\"fr-FR\",\"@id\":\"https:\\\/\\\/secure.gravatar.com\\\/avatar\\\/4d76991aa72469f0eb22e772586c99113c6997f88da636a9db8f2ce3a2c05e69?s=96&d=mm&r=g\",\"url\":\"https:\\\/\\\/secure.gravatar.com\\\/avatar\\\/4d76991aa72469f0eb22e772586c99113c6997f88da636a9db8f2ce3a2c05e69?s=96&d=mm&r=g\",\"contentUrl\":\"https:\\\/\\\/secure.gravatar.com\\\/avatar\\\/4d76991aa72469f0eb22e772586c99113c6997f88da636a9db8f2ce3a2c05e69?s=96&d=mm&r=g\",\"caption\":\"infocongovirtuel\"},\"url\":\"https:\\\/\\\/congovirtuel.com\\\/information\\\/author\\\/infocongovirtuel\\\/\"}]}<\/script>\n<!-- \/ Yoast SEO plugin. -->","yoast_head_json":{"title":"Deux \u00e9lus congolais condamn\u00e9s \u00e0 20 et 10 ans de prison pour meurtres - Actualit\u00e9s congolaises et internationales","robots":{"index":"index","follow":"follow","max-snippet":"max-snippet:-1","max-image-preview":"max-image-preview:large","max-video-preview":"max-video-preview:-1"},"canonical":"https:\/\/congovirtuel.com\/information\/deux-elus-congolais-condamnes-a-20-et-10-ans-de-prison-pour-meurtres\/","og_locale":"fr_FR","og_type":"article","og_title":"Deux \u00e9lus congolais condamn\u00e9s \u00e0 20 et 10 ans de prison pour meurtres - Actualit\u00e9s congolaises et internationales","og_description":"Un d\u00e9put\u00e9 provincial et un d\u00e9put\u00e9 national ont \u00e9t\u00e9 condamn\u00e9s \u00e0 respectivement 20 et 10 ans de prison dans deux affaires de meurtres cette semaine dans l'est de la R\u00e9publique d\u00e9mocratique du Congo, par ailleurs toujours victime de la violence des groupes arm\u00e9s.","og_url":"https:\/\/congovirtuel.com\/information\/deux-elus-congolais-condamnes-a-20-et-10-ans-de-prison-pour-meurtres\/","og_site_name":"Actualit\u00e9s congolaises et internationales","article_publisher":"https:\/\/web.facebook.com\/Congovirtuel-763617960319601\/?ref=aymt_homepage_panel&amp%3bamp%3bamp%3bamp%3bamp%3bamp%3bamp%3bamp%3bamp%3bamp%3bamp%3beid=ARCoxULa66767kIgF_KYav6VdjXTI4yk_LW4yoVO9s6NXpysgb7Cb65vpxcxgqzOAKvIbLQxaAETcqHT","article_published_time":"2019-07-20T05:49:25+00:00","article_modified_time":"2019-07-20T07:06:21+00:00","og_image":[{"width":1023,"height":575,"url":"https:\/\/congovirtuel.com\/information\/wp-content\/uploads\/2019\/07\/combatant_frpi.jpg","type":"image\/jpeg"}],"author":"infocongovirtuel","twitter_card":"summary_large_image","twitter_creator":"@congovirtuel","twitter_site":"@congovirtuel","twitter_misc":{"\u00c9crit par":"infocongovirtuel","Dur\u00e9e de lecture estim\u00e9e":"2 minutes"},"schema":{"@context":"https:\/\/schema.org","@graph":[{"@type":"Article","@id":"https:\/\/congovirtuel.com\/information\/deux-elus-congolais-condamnes-a-20-et-10-ans-de-prison-pour-meurtres\/#article","isPartOf":{"@id":"https:\/\/congovirtuel.com\/information\/deux-elus-congolais-condamnes-a-20-et-10-ans-de-prison-pour-meurtres\/"},"author":{"name":"infocongovirtuel","@id":"https:\/\/congovirtuel.com\/information\/#\/schema\/person\/739a44bf7990966cb53d58d2fdeca0b6"},"headline":"Deux \u00e9lus congolais condamn\u00e9s \u00e0 20 et 10 ans de prison pour meurtres","datePublished":"2019-07-20T05:49:25+00:00","dateModified":"2019-07-20T07:06:21+00:00","mainEntityOfPage":{"@id":"https:\/\/congovirtuel.com\/information\/deux-elus-congolais-condamnes-a-20-et-10-ans-de-prison-pour-meurtres\/"},"wordCount":354,"commentCount":0,"publisher":{"@id":"https:\/\/congovirtuel.com\/information\/#organization"},"image":{"@id":"https:\/\/congovirtuel.com\/information\/deux-elus-congolais-condamnes-a-20-et-10-ans-de-prison-pour-meurtres\/#primaryimage"},"thumbnailUrl":"https:\/\/congovirtuel.com\/information\/wp-content\/uploads\/2019\/07\/combatant_frpi.jpg","inLanguage":"fr-FR","potentialAction":[{"@type":"CommentAction","name":"Comment","target":["https:\/\/congovirtuel.com\/information\/deux-elus-congolais-condamnes-a-20-et-10-ans-de-prison-pour-meurtres\/#respond"]}]},{"@type":"WebPage","@id":"https:\/\/congovirtuel.com\/information\/deux-elus-congolais-condamnes-a-20-et-10-ans-de-prison-pour-meurtres\/","url":"https:\/\/congovirtuel.com\/information\/deux-elus-congolais-condamnes-a-20-et-10-ans-de-prison-pour-meurtres\/","name":"Deux \u00e9lus congolais condamn\u00e9s \u00e0 20 et 10 ans de prison pour meurtres - Actualit\u00e9s congolaises et internationales","isPartOf":{"@id":"https:\/\/congovirtuel.com\/information\/#website"},"primaryImageOfPage":{"@id":"https:\/\/congovirtuel.com\/information\/deux-elus-congolais-condamnes-a-20-et-10-ans-de-prison-pour-meurtres\/#primaryimage"},"image":{"@id":"https:\/\/congovirtuel.com\/information\/deux-elus-congolais-condamnes-a-20-et-10-ans-de-prison-pour-meurtres\/#primaryimage"},"thumbnailUrl":"https:\/\/congovirtuel.com\/information\/wp-content\/uploads\/2019\/07\/combatant_frpi.jpg","datePublished":"2019-07-20T05:49:25+00:00","dateModified":"2019-07-20T07:06:21+00:00","breadcrumb":{"@id":"https:\/\/congovirtuel.com\/information\/deux-elus-congolais-condamnes-a-20-et-10-ans-de-prison-pour-meurtres\/#breadcrumb"},"inLanguage":"fr-FR","potentialAction":[{"@type":"ReadAction","target":["https:\/\/congovirtuel.com\/information\/deux-elus-congolais-condamnes-a-20-et-10-ans-de-prison-pour-meurtres\/"]}]},{"@type":"ImageObject","inLanguage":"fr-FR","@id":"https:\/\/congovirtuel.com\/information\/deux-elus-congolais-condamnes-a-20-et-10-ans-de-prison-pour-meurtres\/#primaryimage","url":"https:\/\/congovirtuel.com\/information\/wp-content\/uploads\/2019\/07\/combatant_frpi.jpg","contentUrl":"https:\/\/congovirtuel.com\/information\/wp-content\/uploads\/2019\/07\/combatant_frpi.jpg","width":1023,"height":575,"caption":"Un combattant de la Force de r\u00e9sistance patriotique pour la milice d'Ituri (FRPI), le 28 juillet 2006, pr\u00e8s de Tchei, dans le sud de l'Ituri."},{"@type":"BreadcrumbList","@id":"https:\/\/congovirtuel.com\/information\/deux-elus-congolais-condamnes-a-20-et-10-ans-de-prison-pour-meurtres\/#breadcrumb","itemListElement":[{"@type":"ListItem","position":1,"name":"Accueil","item":"https:\/\/congovirtuel.com\/information\/"},{"@type":"ListItem","position":2,"name":"Deux \u00e9lus congolais condamn\u00e9s \u00e0 20 et 10 ans de prison pour meurtres"}]},{"@type":"WebSite","@id":"https:\/\/congovirtuel.com\/information\/#website","url":"https:\/\/congovirtuel.com\/information\/","name":"Actualit\u00e9s congolaises et internationales","description":"site d&#039;analyse et de traitement d&#039;information","publisher":{"@id":"https:\/\/congovirtuel.com\/information\/#organization"},"potentialAction":[{"@type":"SearchAction","target":{"@type":"EntryPoint","urlTemplate":"https:\/\/congovirtuel.com\/information\/?s={search_term_string}"},"query-input":{"@type":"PropertyValueSpecification","valueRequired":true,"valueName":"search_term_string"}}],"inLanguage":"fr-FR"},{"@type":"Organization","@id":"https:\/\/congovirtuel.com\/information\/#organization","name":"Biblioth\u00e8que Virtuelle de la RDC","url":"https:\/\/congovirtuel.com\/information\/","logo":{"@type":"ImageObject","inLanguage":"fr-FR","@id":"https:\/\/congovirtuel.com\/information\/#\/schema\/logo\/image\/","url":"https:\/\/congovirtuel.com\/information\/wp-content\/uploads\/2018\/10\/header-info-congovirtuel-vraie.jpg","contentUrl":"https:\/\/congovirtuel.com\/information\/wp-content\/uploads\/2018\/10\/header-info-congovirtuel-vraie.jpg","width":728,"height":90,"caption":"Biblioth\u00e8que Virtuelle de la RDC"},"image":{"@id":"https:\/\/congovirtuel.com\/information\/#\/schema\/logo\/image\/"},"sameAs":["https:\/\/web.facebook.com\/Congovirtuel-763617960319601\/?ref=aymt_homepage_panel&amp;amp;amp;amp;amp;amp;amp;amp;amp;amp;amp;eid=ARCoxULa66767kIgF_KYav6VdjXTI4yk_LW4yoVO9s6NXpysgb7Cb65vpxcxgqzOAKvIbLQxaAETcqHT","https:\/\/x.com\/congovirtuel","https:\/\/www.youtube.com\/channel\/UCkFfprYzGgS3EWNpeMXpToQ?view_as=subscriber"]},{"@type":"Person","@id":"https:\/\/congovirtuel.com\/information\/#\/schema\/person\/739a44bf7990966cb53d58d2fdeca0b6","name":"infocongovirtuel","image":{"@type":"ImageObject","inLanguage":"fr-FR","@id":"https:\/\/secure.gravatar.com\/avatar\/4d76991aa72469f0eb22e772586c99113c6997f88da636a9db8f2ce3a2c05e69?s=96&d=mm&r=g","url":"https:\/\/secure.gravatar.com\/avatar\/4d76991aa72469f0eb22e772586c99113c6997f88da636a9db8f2ce3a2c05e69?s=96&d=mm&r=g","contentUrl":"https:\/\/secure.gravatar.com\/avatar\/4d76991aa72469f0eb22e772586c99113c6997f88da636a9db8f2ce3a2c05e69?s=96&d=mm&r=g","caption":"infocongovirtuel"},"url":"https:\/\/congovirtuel.com\/information\/author\/infocongovirtuel\/"}]}},"gt_translate_keys":[{"key":"link","format":"url"}],"_links":{"self":[{"href":"https:\/\/congovirtuel.com\/information\/wp-json\/wp\/v2\/posts\/135","targetHints":{"allow":["GET"]}}],"collection":[{"href":"https:\/\/congovirtuel.com\/information\/wp-json\/wp\/v2\/posts"}],"about":[{"href":"https:\/\/congovirtuel.com\/information\/wp-json\/wp\/v2\/types\/post"}],"author":[{"embeddable":true,"href":"https:\/\/congovirtuel.com\/information\/wp-json\/wp\/v2\/users\/1"}],"replies":[{"embeddable":true,"href":"https:\/\/congovirtuel.com\/information\/wp-json\/wp\/v2\/comments?post=135"}],"version-history":[{"count":7,"href":"https:\/\/congovirtuel.com\/information\/wp-json\/wp\/v2\/posts\/135\/revisions"}],"predecessor-version":[{"id":144,"href":"https:\/\/congovirtuel.com\/information\/wp-json\/wp\/v2\/posts\/135\/revisions\/144"}],"wp:featuredmedia":[{"embeddable":true,"href":"https:\/\/congovirtuel.com\/information\/wp-json\/wp\/v2\/media\/136"}],"wp:attachment":[{"href":"https:\/\/congovirtuel.com\/information\/wp-json\/wp\/v2\/media?parent=135"}],"wp:term":[{"taxonomy":"category","embeddable":true,"href":"https:\/\/congovirtuel.com\/information\/wp-json\/wp\/v2\/categories?post=135"},{"taxonomy":"post_tag","embeddable":true,"href":"https:\/\/congovirtuel.com\/information\/wp-json\/wp\/v2\/tags?post=135"}],"curies":[{"name":"wp","href":"https:\/\/api.w.org\/{rel}","templated":true}]}}