{"id":13527,"date":"2021-09-05T18:59:29","date_gmt":"2021-09-05T17:59:29","guid":{"rendered":"https:\/\/congovirtuel.com\/information\/?p=13527"},"modified":"2021-09-05T18:59:31","modified_gmt":"2021-09-05T17:59:31","slug":"kemi-seba-jubile-apres-larrestation-annoncee-du-dictateur-alpha-conde","status":"publish","type":"post","link":"https:\/\/congovirtuel.com\/information\/kemi-seba-jubile-apres-larrestation-annoncee-du-dictateur-alpha-conde\/","title":{"rendered":"K\u00e9mi S\u00e9ba jubile apr\u00e8s l\u2019arrestation annonc\u00e9e du \u00ab\u00a0dictateur\u00a0\u00bb Alpha Cond\u00e9","gt_translate_keys":[{"key":"rendered","format":"text"}]},"content":{"rendered":"\n<p class=\"wp-block-paragraph\">L\u2019activiste panafricain, K\u00e9mi S\u00e9ba, vient de r\u00e9agir \u00e0 l\u2019arrestation annonc\u00e9e d\u2019Alpha Cond\u00e9 par les forces sp\u00e9ciales. Il se dit heureux de voir un pr\u00e9sident \u00e0 la solde des forces occidentales tomber face \u00e0 la volont\u00e9 populaire.<\/p>\n\n\n\n<p class=\"wp-block-paragraph\"><em>\u00ab\u00a0Une petite vid\u00e9o pour exprimer mon bonheur illimit\u00e9, ma joie, ma f\u00e9licit\u00e9, mon \u00e9tat d\u2019all\u00e9gresse d\u2019apprendre que l\u2019un des plus grands dictateurs d\u2019Afrique francophone et sans doute pas le dernier, l\u2019un des plus grands pers\u00e9cuteurs de son peuple, j\u2019ai nomm\u00e9 Alpha Cond\u00e9, l\u2019ami de George Soros, l\u2019ami de\u00a0<\/em><a href=\"https:\/\/www.senenews.com\/actualites\/multimedia\/video\/video-a-la-une\/nicolas-sarkozy-apres-sa-condamnation-je-ne-baisserai-pas-la-tete_350078.html\"><em>Nicolas Sarkozy,<\/em><\/a><em>\u00a0de tous les mafieux qui pillent le continent africain, l\u2019ethnocentriste, vient d\u2019\u00eatre arr\u00eat\u00e9 par les forces sp\u00e9ciales\u00a0\u00bb<\/em>, s\u2019est exclam\u00e9 K\u00e9mi S\u00e9ba.<\/p>\n\n\n\n<p class=\"wp-block-paragraph\"><\/p>\n\n\n\n<p class=\"wp-block-paragraph\">Ce dimanche, les forces sp\u00e9ciales guin\u00e9ennes ont revendiqu\u00e9 l\u2019arrestation d\u2019Alpha Cond\u00e9. Un peu plus t\u00f4t ce matin du m\u00eame jour, des tirs nourris \u00e9taient entendus autour de S\u00e9koutoureya, le palais pr\u00e9sidentiel o\u00f9 se trouve le chef de l\u2019\u00c9tat, Alpha Cond\u00e9.<\/p>\n\n\n\n<p class=\"wp-block-paragraph\"><em>\u00ab Depuis 8 heures du matin (heure locale), des tirs \u00e0 l\u2019arme automatique retentissent \u00e0\u00a0<\/em><a href=\"https:\/\/www.senenews.com\/actualites\/societe\/tentative-de-coup-detat-en-guinee-des-nouvelles-du-president-alpha-conde_367366.html\"><em>Kaloum<\/em><\/a><em>, quartier des affaires, administratif et si\u00e8ge du palais pr\u00e9sidentiel \u00bb<\/em>, a rapport\u00e9 le m\u00e9dia local, \u00ab\u00a0Guin\u00e9e News\u00a0\u00bb.<\/p>\n\n\n\n<p class=\"wp-block-paragraph\"><strong>Seneweb<\/strong><\/p>\n","protected":false,"gt_translate_keys":[{"key":"rendered","format":"html"}]},"excerpt":{"rendered":"<p>L\u2019activiste panafricain, K\u00e9mi S\u00e9ba, vient de r\u00e9agir \u00e0 l\u2019arrestation annonc\u00e9e d\u2019Alpha Cond\u00e9 par les forces sp\u00e9ciales. Il se dit heureux de voir un pr\u00e9sident \u00e0 la solde des forces occidentales tomber face \u00e0 la volont\u00e9 populaire. \u00ab\u00a0Une petite vid\u00e9o pour exprimer mon bonheur illimit\u00e9, ma joie, ma f\u00e9licit\u00e9, mon \u00e9tat d\u2019all\u00e9gresse d\u2019apprendre que l\u2019un des plus grands dictateurs d\u2019Afrique francophone et sans doute pas le dernier, l\u2019un des plus grands pers\u00e9cuteurs de son peuple, j\u2019ai nomm\u00e9 Alpha Cond\u00e9, l\u2019ami de George Soros, l\u2019ami de\u00a0Nicolas Sarkozy,\u00a0de tous les mafieux qui pillent&hellip;<\/p>\n","protected":false,"gt_translate_keys":[{"key":"rendered","format":"html"}]},"author":1,"featured_media":13530,"comment_status":"open","ping_status":"open","sticky":false,"template":"","format":"standard","meta":{"_crdt_document":"","footnotes":""},"categories":[12],"tags":[20589],"class_list":["post-13527","post","type-post","status-publish","format-standard","has-post-thumbnail","hentry","category-afrique","tag-kemi-seba"],"gutentor_comment":0,"yoast_head":"<!-- This site is optimized with the Yoast SEO plugin v27.5 - https:\/\/yoast.com\/product\/yoast-seo-wordpress\/ -->\n<title>K\u00e9mi S\u00e9ba jubile apr\u00e8s l\u2019arrestation annonc\u00e9e du \u00ab\u00a0dictateur\u00a0\u00bb Alpha Cond\u00e9 - Actualit\u00e9s congolaises et internationales<\/title>\n<meta name=\"robots\" content=\"index, follow, max-snippet:-1, max-image-preview:large, max-video-preview:-1\" \/>\n<link rel=\"canonical\" href=\"https:\/\/congovirtuel.com\/information\/kemi-seba-jubile-apres-larrestation-annoncee-du-dictateur-alpha-conde\/\" \/>\n<meta property=\"og:locale\" content=\"fr_FR\" \/>\n<meta property=\"og:type\" content=\"article\" \/>\n<meta property=\"og:title\" content=\"K\u00e9mi S\u00e9ba jubile apr\u00e8s l\u2019arrestation annonc\u00e9e du \u00ab\u00a0dictateur\u00a0\u00bb Alpha Cond\u00e9 - Actualit\u00e9s congolaises et internationales\" \/>\n<meta property=\"og:description\" content=\"L\u2019activiste panafricain, K\u00e9mi S\u00e9ba, vient de r\u00e9agir \u00e0 l\u2019arrestation annonc\u00e9e d\u2019Alpha Cond\u00e9 par les forces sp\u00e9ciales. Il se dit heureux de voir un pr\u00e9sident \u00e0 la solde des forces occidentales tomber face \u00e0 la volont\u00e9 populaire. \u00ab\u00a0Une petite vid\u00e9o pour exprimer mon bonheur illimit\u00e9, ma joie, ma f\u00e9licit\u00e9, mon \u00e9tat d\u2019all\u00e9gresse d\u2019apprendre que l\u2019un des plus grands dictateurs d\u2019Afrique francophone et sans doute pas le dernier, l\u2019un des plus grands pers\u00e9cuteurs de son peuple, j\u2019ai nomm\u00e9 Alpha Cond\u00e9, l\u2019ami de George Soros, l\u2019ami de\u00a0Nicolas Sarkozy,\u00a0de tous les mafieux qui pillent&hellip;\" \/>\n<meta property=\"og:url\" content=\"https:\/\/congovirtuel.com\/information\/kemi-seba-jubile-apres-larrestation-annoncee-du-dictateur-alpha-conde\/\" \/>\n<meta property=\"og:site_name\" content=\"Actualit\u00e9s congolaises et internationales\" \/>\n<meta property=\"article:publisher\" content=\"https:\/\/web.facebook.com\/Congovirtuel-763617960319601\/?ref=aymt_homepage_panel&amp;amp%3bamp%3bamp%3bamp%3bamp%3bamp%3bamp%3bamp%3bamp%3bamp%3bamp%3beid=ARCoxULa66767kIgF_KYav6VdjXTI4yk_LW4yoVO9s6NXpysgb7Cb65vpxcxgqzOAKvIbLQxaAETcqHT\" \/>\n<meta property=\"article:published_time\" content=\"2021-09-05T17:59:29+00:00\" \/>\n<meta property=\"article:modified_time\" content=\"2021-09-05T17:59:31+00:00\" \/>\n<meta property=\"og:image\" content=\"https:\/\/congovirtuel.com\/information\/wp-content\/uploads\/2021\/09\/fotojet-1-696x348-2.jpg\" \/>\n\t<meta property=\"og:image:width\" content=\"696\" \/>\n\t<meta property=\"og:image:height\" content=\"348\" \/>\n\t<meta property=\"og:image:type\" content=\"image\/jpeg\" \/>\n<meta name=\"author\" content=\"infocongovirtuel\" \/>\n<meta name=\"twitter:card\" content=\"summary_large_image\" \/>\n<meta name=\"twitter:creator\" content=\"@congovirtuel\" \/>\n<meta name=\"twitter:site\" content=\"@congovirtuel\" \/>\n<meta name=\"twitter:label1\" content=\"\u00c9crit par\" \/>\n\t<meta name=\"twitter:data1\" content=\"infocongovirtuel\" \/>\n\t<meta name=\"twitter:label2\" content=\"Dur\u00e9e de lecture estim\u00e9e\" \/>\n\t<meta name=\"twitter:data2\" content=\"1 minute\" \/>\n<script type=\"application\/ld+json\" class=\"yoast-schema-graph\">{\"@context\":\"https:\\\/\\\/schema.org\",\"@graph\":[{\"@type\":\"Article\",\"@id\":\"https:\\\/\\\/congovirtuel.com\\\/information\\\/kemi-seba-jubile-apres-larrestation-annoncee-du-dictateur-alpha-conde\\\/#article\",\"isPartOf\":{\"@id\":\"https:\\\/\\\/congovirtuel.com\\\/information\\\/kemi-seba-jubile-apres-larrestation-annoncee-du-dictateur-alpha-conde\\\/\"},\"author\":{\"name\":\"infocongovirtuel\",\"@id\":\"https:\\\/\\\/congovirtuel.com\\\/information\\\/#\\\/schema\\\/person\\\/739a44bf7990966cb53d58d2fdeca0b6\"},\"headline\":\"K\u00e9mi S\u00e9ba jubile apr\u00e8s l\u2019arrestation annonc\u00e9e du \u00ab\u00a0dictateur\u00a0\u00bb Alpha Cond\u00e9\",\"datePublished\":\"2021-09-05T17:59:29+00:00\",\"dateModified\":\"2021-09-05T17:59:31+00:00\",\"mainEntityOfPage\":{\"@id\":\"https:\\\/\\\/congovirtuel.com\\\/information\\\/kemi-seba-jubile-apres-larrestation-annoncee-du-dictateur-alpha-conde\\\/\"},\"wordCount\":230,\"commentCount\":0,\"publisher\":{\"@id\":\"https:\\\/\\\/congovirtuel.com\\\/information\\\/#organization\"},\"image\":{\"@id\":\"https:\\\/\\\/congovirtuel.com\\\/information\\\/kemi-seba-jubile-apres-larrestation-annoncee-du-dictateur-alpha-conde\\\/#primaryimage\"},\"thumbnailUrl\":\"https:\\\/\\\/congovirtuel.com\\\/information\\\/wp-content\\\/uploads\\\/2021\\\/09\\\/fotojet-1-696x348-2.jpg\",\"keywords\":[\"Kemi seba\"],\"articleSection\":[\"Afrique\"],\"inLanguage\":\"fr-FR\",\"potentialAction\":[{\"@type\":\"CommentAction\",\"name\":\"Comment\",\"target\":[\"https:\\\/\\\/congovirtuel.com\\\/information\\\/kemi-seba-jubile-apres-larrestation-annoncee-du-dictateur-alpha-conde\\\/#respond\"]}]},{\"@type\":\"WebPage\",\"@id\":\"https:\\\/\\\/congovirtuel.com\\\/information\\\/kemi-seba-jubile-apres-larrestation-annoncee-du-dictateur-alpha-conde\\\/\",\"url\":\"https:\\\/\\\/congovirtuel.com\\\/information\\\/kemi-seba-jubile-apres-larrestation-annoncee-du-dictateur-alpha-conde\\\/\",\"name\":\"K\u00e9mi S\u00e9ba jubile apr\u00e8s l\u2019arrestation annonc\u00e9e du \u00ab\u00a0dictateur\u00a0\u00bb Alpha Cond\u00e9 - Actualit\u00e9s congolaises et internationales\",\"isPartOf\":{\"@id\":\"https:\\\/\\\/congovirtuel.com\\\/information\\\/#website\"},\"primaryImageOfPage\":{\"@id\":\"https:\\\/\\\/congovirtuel.com\\\/information\\\/kemi-seba-jubile-apres-larrestation-annoncee-du-dictateur-alpha-conde\\\/#primaryimage\"},\"image\":{\"@id\":\"https:\\\/\\\/congovirtuel.com\\\/information\\\/kemi-seba-jubile-apres-larrestation-annoncee-du-dictateur-alpha-conde\\\/#primaryimage\"},\"thumbnailUrl\":\"https:\\\/\\\/congovirtuel.com\\\/information\\\/wp-content\\\/uploads\\\/2021\\\/09\\\/fotojet-1-696x348-2.jpg\",\"datePublished\":\"2021-09-05T17:59:29+00:00\",\"dateModified\":\"2021-09-05T17:59:31+00:00\",\"breadcrumb\":{\"@id\":\"https:\\\/\\\/congovirtuel.com\\\/information\\\/kemi-seba-jubile-apres-larrestation-annoncee-du-dictateur-alpha-conde\\\/#breadcrumb\"},\"inLanguage\":\"fr-FR\",\"potentialAction\":[{\"@type\":\"ReadAction\",\"target\":[\"https:\\\/\\\/congovirtuel.com\\\/information\\\/kemi-seba-jubile-apres-larrestation-annoncee-du-dictateur-alpha-conde\\\/\"]}]},{\"@type\":\"ImageObject\",\"inLanguage\":\"fr-FR\",\"@id\":\"https:\\\/\\\/congovirtuel.com\\\/information\\\/kemi-seba-jubile-apres-larrestation-annoncee-du-dictateur-alpha-conde\\\/#primaryimage\",\"url\":\"https:\\\/\\\/congovirtuel.com\\\/information\\\/wp-content\\\/uploads\\\/2021\\\/09\\\/fotojet-1-696x348-2.jpg\",\"contentUrl\":\"https:\\\/\\\/congovirtuel.com\\\/information\\\/wp-content\\\/uploads\\\/2021\\\/09\\\/fotojet-1-696x348-2.jpg\",\"width\":696,\"height\":348},{\"@type\":\"BreadcrumbList\",\"@id\":\"https:\\\/\\\/congovirtuel.com\\\/information\\\/kemi-seba-jubile-apres-larrestation-annoncee-du-dictateur-alpha-conde\\\/#breadcrumb\",\"itemListElement\":[{\"@type\":\"ListItem\",\"position\":1,\"name\":\"Accueil\",\"item\":\"https:\\\/\\\/congovirtuel.com\\\/information\\\/\"},{\"@type\":\"ListItem\",\"position\":2,\"name\":\"K\u00e9mi S\u00e9ba jubile apr\u00e8s l\u2019arrestation annonc\u00e9e du \u00ab\u00a0dictateur\u00a0\u00bb Alpha Cond\u00e9\"}]},{\"@type\":\"WebSite\",\"@id\":\"https:\\\/\\\/congovirtuel.com\\\/information\\\/#website\",\"url\":\"https:\\\/\\\/congovirtuel.com\\\/information\\\/\",\"name\":\"Actualit\u00e9s congolaises et internationales\",\"description\":\"site d&#039;analyse et de traitement d&#039;information\",\"publisher\":{\"@id\":\"https:\\\/\\\/congovirtuel.com\\\/information\\\/#organization\"},\"potentialAction\":[{\"@type\":\"SearchAction\",\"target\":{\"@type\":\"EntryPoint\",\"urlTemplate\":\"https:\\\/\\\/congovirtuel.com\\\/information\\\/?s={search_term_string}\"},\"query-input\":{\"@type\":\"PropertyValueSpecification\",\"valueRequired\":true,\"valueName\":\"search_term_string\"}}],\"inLanguage\":\"fr-FR\"},{\"@type\":\"Organization\",\"@id\":\"https:\\\/\\\/congovirtuel.com\\\/information\\\/#organization\",\"name\":\"Biblioth\u00e8que Virtuelle de la RDC\",\"url\":\"https:\\\/\\\/congovirtuel.com\\\/information\\\/\",\"logo\":{\"@type\":\"ImageObject\",\"inLanguage\":\"fr-FR\",\"@id\":\"https:\\\/\\\/congovirtuel.com\\\/information\\\/#\\\/schema\\\/logo\\\/image\\\/\",\"url\":\"https:\\\/\\\/congovirtuel.com\\\/information\\\/wp-content\\\/uploads\\\/2018\\\/10\\\/header-info-congovirtuel-vraie.jpg\",\"contentUrl\":\"https:\\\/\\\/congovirtuel.com\\\/information\\\/wp-content\\\/uploads\\\/2018\\\/10\\\/header-info-congovirtuel-vraie.jpg\",\"width\":728,\"height\":90,\"caption\":\"Biblioth\u00e8que Virtuelle de la RDC\"},\"image\":{\"@id\":\"https:\\\/\\\/congovirtuel.com\\\/information\\\/#\\\/schema\\\/logo\\\/image\\\/\"},\"sameAs\":[\"https:\\\/\\\/web.facebook.com\\\/Congovirtuel-763617960319601\\\/?ref=aymt_homepage_panel&amp;amp;amp;amp;amp;amp;amp;amp;amp;amp;amp;eid=ARCoxULa66767kIgF_KYav6VdjXTI4yk_LW4yoVO9s6NXpysgb7Cb65vpxcxgqzOAKvIbLQxaAETcqHT\",\"https:\\\/\\\/x.com\\\/congovirtuel\",\"https:\\\/\\\/www.youtube.com\\\/channel\\\/UCkFfprYzGgS3EWNpeMXpToQ?view_as=subscriber\"]},{\"@type\":\"Person\",\"@id\":\"https:\\\/\\\/congovirtuel.com\\\/information\\\/#\\\/schema\\\/person\\\/739a44bf7990966cb53d58d2fdeca0b6\",\"name\":\"infocongovirtuel\",\"image\":{\"@type\":\"ImageObject\",\"inLanguage\":\"fr-FR\",\"@id\":\"https:\\\/\\\/secure.gravatar.com\\\/avatar\\\/4d76991aa72469f0eb22e772586c99113c6997f88da636a9db8f2ce3a2c05e69?s=96&d=mm&r=g\",\"url\":\"https:\\\/\\\/secure.gravatar.com\\\/avatar\\\/4d76991aa72469f0eb22e772586c99113c6997f88da636a9db8f2ce3a2c05e69?s=96&d=mm&r=g\",\"contentUrl\":\"https:\\\/\\\/secure.gravatar.com\\\/avatar\\\/4d76991aa72469f0eb22e772586c99113c6997f88da636a9db8f2ce3a2c05e69?s=96&d=mm&r=g\",\"caption\":\"infocongovirtuel\"},\"url\":\"https:\\\/\\\/congovirtuel.com\\\/information\\\/author\\\/infocongovirtuel\\\/\"}]}<\/script>\n<!-- \/ Yoast SEO plugin. -->","yoast_head_json":{"title":"K\u00e9mi S\u00e9ba jubile apr\u00e8s l\u2019arrestation annonc\u00e9e du \u00ab\u00a0dictateur\u00a0\u00bb Alpha Cond\u00e9 - Actualit\u00e9s congolaises et internationales","robots":{"index":"index","follow":"follow","max-snippet":"max-snippet:-1","max-image-preview":"max-image-preview:large","max-video-preview":"max-video-preview:-1"},"canonical":"https:\/\/congovirtuel.com\/information\/kemi-seba-jubile-apres-larrestation-annoncee-du-dictateur-alpha-conde\/","og_locale":"fr_FR","og_type":"article","og_title":"K\u00e9mi S\u00e9ba jubile apr\u00e8s l\u2019arrestation annonc\u00e9e du \u00ab\u00a0dictateur\u00a0\u00bb Alpha Cond\u00e9 - Actualit\u00e9s congolaises et internationales","og_description":"L\u2019activiste panafricain, K\u00e9mi S\u00e9ba, vient de r\u00e9agir \u00e0 l\u2019arrestation annonc\u00e9e d\u2019Alpha Cond\u00e9 par les forces sp\u00e9ciales. Il se dit heureux de voir un pr\u00e9sident \u00e0 la solde des forces occidentales tomber face \u00e0 la volont\u00e9 populaire. \u00ab\u00a0Une petite vid\u00e9o pour exprimer mon bonheur illimit\u00e9, ma joie, ma f\u00e9licit\u00e9, mon \u00e9tat d\u2019all\u00e9gresse d\u2019apprendre que l\u2019un des plus grands dictateurs d\u2019Afrique francophone et sans doute pas le dernier, l\u2019un des plus grands pers\u00e9cuteurs de son peuple, j\u2019ai nomm\u00e9 Alpha Cond\u00e9, l\u2019ami de George Soros, l\u2019ami de\u00a0Nicolas Sarkozy,\u00a0de tous les mafieux qui pillent&hellip;","og_url":"https:\/\/congovirtuel.com\/information\/kemi-seba-jubile-apres-larrestation-annoncee-du-dictateur-alpha-conde\/","og_site_name":"Actualit\u00e9s congolaises et internationales","article_publisher":"https:\/\/web.facebook.com\/Congovirtuel-763617960319601\/?ref=aymt_homepage_panel&amp%3bamp%3bamp%3bamp%3bamp%3bamp%3bamp%3bamp%3bamp%3bamp%3bamp%3beid=ARCoxULa66767kIgF_KYav6VdjXTI4yk_LW4yoVO9s6NXpysgb7Cb65vpxcxgqzOAKvIbLQxaAETcqHT","article_published_time":"2021-09-05T17:59:29+00:00","article_modified_time":"2021-09-05T17:59:31+00:00","og_image":[{"width":696,"height":348,"url":"https:\/\/congovirtuel.com\/information\/wp-content\/uploads\/2021\/09\/fotojet-1-696x348-2.jpg","type":"image\/jpeg"}],"author":"infocongovirtuel","twitter_card":"summary_large_image","twitter_creator":"@congovirtuel","twitter_site":"@congovirtuel","twitter_misc":{"\u00c9crit par":"infocongovirtuel","Dur\u00e9e de lecture estim\u00e9e":"1 minute"},"schema":{"@context":"https:\/\/schema.org","@graph":[{"@type":"Article","@id":"https:\/\/congovirtuel.com\/information\/kemi-seba-jubile-apres-larrestation-annoncee-du-dictateur-alpha-conde\/#article","isPartOf":{"@id":"https:\/\/congovirtuel.com\/information\/kemi-seba-jubile-apres-larrestation-annoncee-du-dictateur-alpha-conde\/"},"author":{"name":"infocongovirtuel","@id":"https:\/\/congovirtuel.com\/information\/#\/schema\/person\/739a44bf7990966cb53d58d2fdeca0b6"},"headline":"K\u00e9mi S\u00e9ba jubile apr\u00e8s l\u2019arrestation annonc\u00e9e du \u00ab\u00a0dictateur\u00a0\u00bb Alpha Cond\u00e9","datePublished":"2021-09-05T17:59:29+00:00","dateModified":"2021-09-05T17:59:31+00:00","mainEntityOfPage":{"@id":"https:\/\/congovirtuel.com\/information\/kemi-seba-jubile-apres-larrestation-annoncee-du-dictateur-alpha-conde\/"},"wordCount":230,"commentCount":0,"publisher":{"@id":"https:\/\/congovirtuel.com\/information\/#organization"},"image":{"@id":"https:\/\/congovirtuel.com\/information\/kemi-seba-jubile-apres-larrestation-annoncee-du-dictateur-alpha-conde\/#primaryimage"},"thumbnailUrl":"https:\/\/congovirtuel.com\/information\/wp-content\/uploads\/2021\/09\/fotojet-1-696x348-2.jpg","keywords":["Kemi seba"],"articleSection":["Afrique"],"inLanguage":"fr-FR","potentialAction":[{"@type":"CommentAction","name":"Comment","target":["https:\/\/congovirtuel.com\/information\/kemi-seba-jubile-apres-larrestation-annoncee-du-dictateur-alpha-conde\/#respond"]}]},{"@type":"WebPage","@id":"https:\/\/congovirtuel.com\/information\/kemi-seba-jubile-apres-larrestation-annoncee-du-dictateur-alpha-conde\/","url":"https:\/\/congovirtuel.com\/information\/kemi-seba-jubile-apres-larrestation-annoncee-du-dictateur-alpha-conde\/","name":"K\u00e9mi S\u00e9ba jubile apr\u00e8s l\u2019arrestation annonc\u00e9e du \u00ab\u00a0dictateur\u00a0\u00bb Alpha Cond\u00e9 - Actualit\u00e9s congolaises et internationales","isPartOf":{"@id":"https:\/\/congovirtuel.com\/information\/#website"},"primaryImageOfPage":{"@id":"https:\/\/congovirtuel.com\/information\/kemi-seba-jubile-apres-larrestation-annoncee-du-dictateur-alpha-conde\/#primaryimage"},"image":{"@id":"https:\/\/congovirtuel.com\/information\/kemi-seba-jubile-apres-larrestation-annoncee-du-dictateur-alpha-conde\/#primaryimage"},"thumbnailUrl":"https:\/\/congovirtuel.com\/information\/wp-content\/uploads\/2021\/09\/fotojet-1-696x348-2.jpg","datePublished":"2021-09-05T17:59:29+00:00","dateModified":"2021-09-05T17:59:31+00:00","breadcrumb":{"@id":"https:\/\/congovirtuel.com\/information\/kemi-seba-jubile-apres-larrestation-annoncee-du-dictateur-alpha-conde\/#breadcrumb"},"inLanguage":"fr-FR","potentialAction":[{"@type":"ReadAction","target":["https:\/\/congovirtuel.com\/information\/kemi-seba-jubile-apres-larrestation-annoncee-du-dictateur-alpha-conde\/"]}]},{"@type":"ImageObject","inLanguage":"fr-FR","@id":"https:\/\/congovirtuel.com\/information\/kemi-seba-jubile-apres-larrestation-annoncee-du-dictateur-alpha-conde\/#primaryimage","url":"https:\/\/congovirtuel.com\/information\/wp-content\/uploads\/2021\/09\/fotojet-1-696x348-2.jpg","contentUrl":"https:\/\/congovirtuel.com\/information\/wp-content\/uploads\/2021\/09\/fotojet-1-696x348-2.jpg","width":696,"height":348},{"@type":"BreadcrumbList","@id":"https:\/\/congovirtuel.com\/information\/kemi-seba-jubile-apres-larrestation-annoncee-du-dictateur-alpha-conde\/#breadcrumb","itemListElement":[{"@type":"ListItem","position":1,"name":"Accueil","item":"https:\/\/congovirtuel.com\/information\/"},{"@type":"ListItem","position":2,"name":"K\u00e9mi S\u00e9ba jubile apr\u00e8s l\u2019arrestation annonc\u00e9e du \u00ab\u00a0dictateur\u00a0\u00bb Alpha Cond\u00e9"}]},{"@type":"WebSite","@id":"https:\/\/congovirtuel.com\/information\/#website","url":"https:\/\/congovirtuel.com\/information\/","name":"Actualit\u00e9s congolaises et internationales","description":"site d&#039;analyse et de traitement d&#039;information","publisher":{"@id":"https:\/\/congovirtuel.com\/information\/#organization"},"potentialAction":[{"@type":"SearchAction","target":{"@type":"EntryPoint","urlTemplate":"https:\/\/congovirtuel.com\/information\/?s={search_term_string}"},"query-input":{"@type":"PropertyValueSpecification","valueRequired":true,"valueName":"search_term_string"}}],"inLanguage":"fr-FR"},{"@type":"Organization","@id":"https:\/\/congovirtuel.com\/information\/#organization","name":"Biblioth\u00e8que Virtuelle de la RDC","url":"https:\/\/congovirtuel.com\/information\/","logo":{"@type":"ImageObject","inLanguage":"fr-FR","@id":"https:\/\/congovirtuel.com\/information\/#\/schema\/logo\/image\/","url":"https:\/\/congovirtuel.com\/information\/wp-content\/uploads\/2018\/10\/header-info-congovirtuel-vraie.jpg","contentUrl":"https:\/\/congovirtuel.com\/information\/wp-content\/uploads\/2018\/10\/header-info-congovirtuel-vraie.jpg","width":728,"height":90,"caption":"Biblioth\u00e8que Virtuelle de la RDC"},"image":{"@id":"https:\/\/congovirtuel.com\/information\/#\/schema\/logo\/image\/"},"sameAs":["https:\/\/web.facebook.com\/Congovirtuel-763617960319601\/?ref=aymt_homepage_panel&amp;amp;amp;amp;amp;amp;amp;amp;amp;amp;amp;eid=ARCoxULa66767kIgF_KYav6VdjXTI4yk_LW4yoVO9s6NXpysgb7Cb65vpxcxgqzOAKvIbLQxaAETcqHT","https:\/\/x.com\/congovirtuel","https:\/\/www.youtube.com\/channel\/UCkFfprYzGgS3EWNpeMXpToQ?view_as=subscriber"]},{"@type":"Person","@id":"https:\/\/congovirtuel.com\/information\/#\/schema\/person\/739a44bf7990966cb53d58d2fdeca0b6","name":"infocongovirtuel","image":{"@type":"ImageObject","inLanguage":"fr-FR","@id":"https:\/\/secure.gravatar.com\/avatar\/4d76991aa72469f0eb22e772586c99113c6997f88da636a9db8f2ce3a2c05e69?s=96&d=mm&r=g","url":"https:\/\/secure.gravatar.com\/avatar\/4d76991aa72469f0eb22e772586c99113c6997f88da636a9db8f2ce3a2c05e69?s=96&d=mm&r=g","contentUrl":"https:\/\/secure.gravatar.com\/avatar\/4d76991aa72469f0eb22e772586c99113c6997f88da636a9db8f2ce3a2c05e69?s=96&d=mm&r=g","caption":"infocongovirtuel"},"url":"https:\/\/congovirtuel.com\/information\/author\/infocongovirtuel\/"}]}},"gt_translate_keys":[{"key":"link","format":"url"}],"_links":{"self":[{"href":"https:\/\/congovirtuel.com\/information\/wp-json\/wp\/v2\/posts\/13527","targetHints":{"allow":["GET"]}}],"collection":[{"href":"https:\/\/congovirtuel.com\/information\/wp-json\/wp\/v2\/posts"}],"about":[{"href":"https:\/\/congovirtuel.com\/information\/wp-json\/wp\/v2\/types\/post"}],"author":[{"embeddable":true,"href":"https:\/\/congovirtuel.com\/information\/wp-json\/wp\/v2\/users\/1"}],"replies":[{"embeddable":true,"href":"https:\/\/congovirtuel.com\/information\/wp-json\/wp\/v2\/comments?post=13527"}],"version-history":[{"count":1,"href":"https:\/\/congovirtuel.com\/information\/wp-json\/wp\/v2\/posts\/13527\/revisions"}],"predecessor-version":[{"id":13531,"href":"https:\/\/congovirtuel.com\/information\/wp-json\/wp\/v2\/posts\/13527\/revisions\/13531"}],"wp:featuredmedia":[{"embeddable":true,"href":"https:\/\/congovirtuel.com\/information\/wp-json\/wp\/v2\/media\/13530"}],"wp:attachment":[{"href":"https:\/\/congovirtuel.com\/information\/wp-json\/wp\/v2\/media?parent=13527"}],"wp:term":[{"taxonomy":"category","embeddable":true,"href":"https:\/\/congovirtuel.com\/information\/wp-json\/wp\/v2\/categories?post=13527"},{"taxonomy":"post_tag","embeddable":true,"href":"https:\/\/congovirtuel.com\/information\/wp-json\/wp\/v2\/tags?post=13527"}],"curies":[{"name":"wp","href":"https:\/\/api.w.org\/{rel}","templated":true}]}}