{"id":13865,"date":"2021-09-16T12:36:11","date_gmt":"2021-09-16T11:36:11","guid":{"rendered":"https:\/\/congovirtuel.com\/information\/?p=13865"},"modified":"2021-09-16T12:36:29","modified_gmt":"2021-09-16T11:36:29","slug":"rdc-le-chef-de-letat-felix-antoine-tshisekedi-aux-obseques-de-baba-gabriel-kyungu-wa-kumwanza","status":"publish","type":"post","link":"https:\/\/congovirtuel.com\/information\/rdc-le-chef-de-letat-felix-antoine-tshisekedi-aux-obseques-de-baba-gabriel-kyungu-wa-kumwanza\/","title":{"rendered":"RDC: Le Chef de l\u2019Etat Felix Antoine Tshisekedi aux obs\u00e8ques de baba Gabriel Kyungu wa Kumwanza","gt_translate_keys":[{"key":"rendered","format":"text"}]},"content":{"rendered":"\n<p class=\"wp-block-paragraph\">Le Pr\u00e9sident de la R\u00e9publique, F\u00e9lix Antoine Tshisekedi Tshilombo est arriv\u00e9 jeudi Lubumbashi dans la province du Haut-Katanga pour rendre les derniers hommages \u00e0 Gabriel Kyungu wa Kumwanza.<\/p>\n\n\n\n<p class=\"wp-block-paragraph\">Le Chef de l\u2019Etat a \u00e9t\u00e9 pr\u00e9c\u00e9d\u00e9 par le Premier ministre Jean Michel Sama Lukonde qui s\u00e9journe dans cette ville depuis mercredi soir \u00e0 la t\u00eate d\u2019une grande d\u00e9l\u00e9gation venue de Kinshasa.<\/p>\n\n\n\n<p class=\"wp-block-paragraph\">&nbsp;Pr\u00e9vue ce jeudi dans sa ferme priv\u00e9e, l\u2019inhumation de baba Kyungu intervient apr\u00e8s la lev\u00e9e du corps mercredi de la morgue de l\u2019h\u00f4pital Afya Don Bosco de Lubumbashi. Des hommages officiels et populaires sont annonc\u00e9s devant le si\u00e8ge de l\u2019Assembl\u00e9e provinciale et le mausol\u00e9e est \u00e9rig\u00e9 en sa m\u00e9moire sur la route Kasenga.<\/p>\n\n\n\n<p class=\"wp-block-paragraph\">&nbsp;Gabriel Kyungu wa Kumwanza est d\u00e9c\u00e9d\u00e9 le mois dernier \u00e0 Luanda en Angola.<\/p>\n\n\n\n<p class=\"wp-block-paragraph\">Plusieurs fois d\u00e9put\u00e9 national et provincial, il a \u00e9t\u00e9 pr\u00e9sident de l\u2019Assembl\u00e9e provinciale du Haut-Katanga et pr\u00e9sident du conseil d\u2019administration de la Soci\u00e9t\u00e9 nationale de chemin de fer du Congo SNCC.\u00a0<\/p>\n\n\n\n<p class=\"wp-block-paragraph\"><strong>ACP\/Kayu\/NKV\/MNI\/SGB<\/strong><\/p>\n","protected":false,"gt_translate_keys":[{"key":"rendered","format":"html"}]},"excerpt":{"rendered":"<p>Le Pr\u00e9sident de la R\u00e9publique, F\u00e9lix Antoine Tshisekedi Tshilombo est arriv\u00e9 jeudi Lubumbashi dans la province du Haut-Katanga pour rendre les derniers hommages \u00e0 Gabriel Kyungu wa Kumwanza. Le Chef de l\u2019Etat a \u00e9t\u00e9 pr\u00e9c\u00e9d\u00e9 par le Premier ministre Jean Michel Sama Lukonde qui s\u00e9journe dans cette ville depuis mercredi soir \u00e0 la t\u00eate d\u2019une grande d\u00e9l\u00e9gation venue de Kinshasa. &nbsp;Pr\u00e9vue ce jeudi dans sa ferme priv\u00e9e, l\u2019inhumation de baba Kyungu intervient apr\u00e8s la lev\u00e9e du corps mercredi de la morgue de l\u2019h\u00f4pital Afya Don Bosco de Lubumbashi. Des hommages&hellip;<\/p>\n","protected":false,"gt_translate_keys":[{"key":"rendered","format":"html"}]},"author":1,"featured_media":13867,"comment_status":"open","ping_status":"open","sticky":false,"template":"","format":"standard","meta":{"_crdt_document":"","footnotes":""},"categories":[3385],"tags":[21583],"class_list":["post-13865","post","type-post","status-publish","format-standard","has-post-thumbnail","hentry","category-mort-celebrite","tag-obseques-de-baba-gabriel-kyungu-wa-kumwanza"],"gutentor_comment":0,"yoast_head":"<!-- This site is optimized with the Yoast SEO plugin v27.5 - https:\/\/yoast.com\/product\/yoast-seo-wordpress\/ -->\n<title>RDC: Le Chef de l\u2019Etat Felix Antoine Tshisekedi aux obs\u00e8ques de baba Gabriel Kyungu wa Kumwanza - Actualit\u00e9s congolaises et internationales<\/title>\n<meta name=\"robots\" content=\"index, follow, max-snippet:-1, max-image-preview:large, max-video-preview:-1\" \/>\n<link rel=\"canonical\" href=\"https:\/\/congovirtuel.com\/information\/rdc-le-chef-de-letat-felix-antoine-tshisekedi-aux-obseques-de-baba-gabriel-kyungu-wa-kumwanza\/\" \/>\n<meta property=\"og:locale\" content=\"fr_FR\" \/>\n<meta property=\"og:type\" content=\"article\" \/>\n<meta property=\"og:title\" content=\"RDC: Le Chef de l\u2019Etat Felix Antoine Tshisekedi aux obs\u00e8ques de baba Gabriel Kyungu wa Kumwanza - Actualit\u00e9s congolaises et internationales\" \/>\n<meta property=\"og:description\" content=\"Le Pr\u00e9sident de la R\u00e9publique, F\u00e9lix Antoine Tshisekedi Tshilombo est arriv\u00e9 jeudi Lubumbashi dans la province du Haut-Katanga pour rendre les derniers hommages \u00e0 Gabriel Kyungu wa Kumwanza. Le Chef de l\u2019Etat a \u00e9t\u00e9 pr\u00e9c\u00e9d\u00e9 par le Premier ministre Jean Michel Sama Lukonde qui s\u00e9journe dans cette ville depuis mercredi soir \u00e0 la t\u00eate d\u2019une grande d\u00e9l\u00e9gation venue de Kinshasa. &nbsp;Pr\u00e9vue ce jeudi dans sa ferme priv\u00e9e, l\u2019inhumation de baba Kyungu intervient apr\u00e8s la lev\u00e9e du corps mercredi de la morgue de l\u2019h\u00f4pital Afya Don Bosco de Lubumbashi. Des hommages&hellip;\" \/>\n<meta property=\"og:url\" content=\"https:\/\/congovirtuel.com\/information\/rdc-le-chef-de-letat-felix-antoine-tshisekedi-aux-obseques-de-baba-gabriel-kyungu-wa-kumwanza\/\" \/>\n<meta property=\"og:site_name\" content=\"Actualit\u00e9s congolaises et internationales\" \/>\n<meta property=\"article:publisher\" content=\"https:\/\/web.facebook.com\/Congovirtuel-763617960319601\/?ref=aymt_homepage_panel&amp;amp%3bamp%3bamp%3bamp%3bamp%3bamp%3bamp%3bamp%3bamp%3bamp%3bamp%3beid=ARCoxULa66767kIgF_KYav6VdjXTI4yk_LW4yoVO9s6NXpysgb7Cb65vpxcxgqzOAKvIbLQxaAETcqHT\" \/>\n<meta property=\"article:published_time\" content=\"2021-09-16T11:36:11+00:00\" \/>\n<meta property=\"article:modified_time\" content=\"2021-09-16T11:36:29+00:00\" \/>\n<meta property=\"og:image\" content=\"https:\/\/congovirtuel.com\/information\/wp-content\/uploads\/2021\/09\/felix_lubumbashi.jpg\" \/>\n\t<meta property=\"og:image:width\" content=\"640\" \/>\n\t<meta property=\"og:image:height\" content=\"350\" \/>\n\t<meta property=\"og:image:type\" content=\"image\/jpeg\" \/>\n<meta name=\"author\" content=\"infocongovirtuel\" \/>\n<meta name=\"twitter:card\" content=\"summary_large_image\" \/>\n<meta name=\"twitter:creator\" content=\"@congovirtuel\" \/>\n<meta name=\"twitter:site\" content=\"@congovirtuel\" \/>\n<meta name=\"twitter:label1\" content=\"\u00c9crit par\" \/>\n\t<meta name=\"twitter:data1\" content=\"infocongovirtuel\" \/>\n\t<meta name=\"twitter:label2\" content=\"Dur\u00e9e de lecture estim\u00e9e\" \/>\n\t<meta name=\"twitter:data2\" content=\"1 minute\" \/>\n<script type=\"application\/ld+json\" class=\"yoast-schema-graph\">{\"@context\":\"https:\\\/\\\/schema.org\",\"@graph\":[{\"@type\":\"Article\",\"@id\":\"https:\\\/\\\/congovirtuel.com\\\/information\\\/rdc-le-chef-de-letat-felix-antoine-tshisekedi-aux-obseques-de-baba-gabriel-kyungu-wa-kumwanza\\\/#article\",\"isPartOf\":{\"@id\":\"https:\\\/\\\/congovirtuel.com\\\/information\\\/rdc-le-chef-de-letat-felix-antoine-tshisekedi-aux-obseques-de-baba-gabriel-kyungu-wa-kumwanza\\\/\"},\"author\":{\"name\":\"infocongovirtuel\",\"@id\":\"https:\\\/\\\/congovirtuel.com\\\/information\\\/#\\\/schema\\\/person\\\/739a44bf7990966cb53d58d2fdeca0b6\"},\"headline\":\"RDC: Le Chef de l\u2019Etat Felix Antoine Tshisekedi aux obs\u00e8ques de baba Gabriel Kyungu wa Kumwanza\",\"datePublished\":\"2021-09-16T11:36:11+00:00\",\"dateModified\":\"2021-09-16T11:36:29+00:00\",\"mainEntityOfPage\":{\"@id\":\"https:\\\/\\\/congovirtuel.com\\\/information\\\/rdc-le-chef-de-letat-felix-antoine-tshisekedi-aux-obseques-de-baba-gabriel-kyungu-wa-kumwanza\\\/\"},\"wordCount\":212,\"commentCount\":0,\"publisher\":{\"@id\":\"https:\\\/\\\/congovirtuel.com\\\/information\\\/#organization\"},\"image\":{\"@id\":\"https:\\\/\\\/congovirtuel.com\\\/information\\\/rdc-le-chef-de-letat-felix-antoine-tshisekedi-aux-obseques-de-baba-gabriel-kyungu-wa-kumwanza\\\/#primaryimage\"},\"thumbnailUrl\":\"https:\\\/\\\/congovirtuel.com\\\/information\\\/wp-content\\\/uploads\\\/2021\\\/09\\\/felix_lubumbashi.jpg\",\"keywords\":[\"obs\u00e8ques de baba Gabriel Kyungu wa Kumwanza\"],\"articleSection\":[\"Mort c\u00e9l\u00e9brit\u00e9\"],\"inLanguage\":\"fr-FR\",\"potentialAction\":[{\"@type\":\"CommentAction\",\"name\":\"Comment\",\"target\":[\"https:\\\/\\\/congovirtuel.com\\\/information\\\/rdc-le-chef-de-letat-felix-antoine-tshisekedi-aux-obseques-de-baba-gabriel-kyungu-wa-kumwanza\\\/#respond\"]}]},{\"@type\":\"WebPage\",\"@id\":\"https:\\\/\\\/congovirtuel.com\\\/information\\\/rdc-le-chef-de-letat-felix-antoine-tshisekedi-aux-obseques-de-baba-gabriel-kyungu-wa-kumwanza\\\/\",\"url\":\"https:\\\/\\\/congovirtuel.com\\\/information\\\/rdc-le-chef-de-letat-felix-antoine-tshisekedi-aux-obseques-de-baba-gabriel-kyungu-wa-kumwanza\\\/\",\"name\":\"RDC: Le Chef de l\u2019Etat Felix Antoine Tshisekedi aux obs\u00e8ques de baba Gabriel Kyungu wa Kumwanza - Actualit\u00e9s congolaises et internationales\",\"isPartOf\":{\"@id\":\"https:\\\/\\\/congovirtuel.com\\\/information\\\/#website\"},\"primaryImageOfPage\":{\"@id\":\"https:\\\/\\\/congovirtuel.com\\\/information\\\/rdc-le-chef-de-letat-felix-antoine-tshisekedi-aux-obseques-de-baba-gabriel-kyungu-wa-kumwanza\\\/#primaryimage\"},\"image\":{\"@id\":\"https:\\\/\\\/congovirtuel.com\\\/information\\\/rdc-le-chef-de-letat-felix-antoine-tshisekedi-aux-obseques-de-baba-gabriel-kyungu-wa-kumwanza\\\/#primaryimage\"},\"thumbnailUrl\":\"https:\\\/\\\/congovirtuel.com\\\/information\\\/wp-content\\\/uploads\\\/2021\\\/09\\\/felix_lubumbashi.jpg\",\"datePublished\":\"2021-09-16T11:36:11+00:00\",\"dateModified\":\"2021-09-16T11:36:29+00:00\",\"breadcrumb\":{\"@id\":\"https:\\\/\\\/congovirtuel.com\\\/information\\\/rdc-le-chef-de-letat-felix-antoine-tshisekedi-aux-obseques-de-baba-gabriel-kyungu-wa-kumwanza\\\/#breadcrumb\"},\"inLanguage\":\"fr-FR\",\"potentialAction\":[{\"@type\":\"ReadAction\",\"target\":[\"https:\\\/\\\/congovirtuel.com\\\/information\\\/rdc-le-chef-de-letat-felix-antoine-tshisekedi-aux-obseques-de-baba-gabriel-kyungu-wa-kumwanza\\\/\"]}]},{\"@type\":\"ImageObject\",\"inLanguage\":\"fr-FR\",\"@id\":\"https:\\\/\\\/congovirtuel.com\\\/information\\\/rdc-le-chef-de-letat-felix-antoine-tshisekedi-aux-obseques-de-baba-gabriel-kyungu-wa-kumwanza\\\/#primaryimage\",\"url\":\"https:\\\/\\\/congovirtuel.com\\\/information\\\/wp-content\\\/uploads\\\/2021\\\/09\\\/felix_lubumbashi.jpg\",\"contentUrl\":\"https:\\\/\\\/congovirtuel.com\\\/information\\\/wp-content\\\/uploads\\\/2021\\\/09\\\/felix_lubumbashi.jpg\",\"width\":640,\"height\":350},{\"@type\":\"BreadcrumbList\",\"@id\":\"https:\\\/\\\/congovirtuel.com\\\/information\\\/rdc-le-chef-de-letat-felix-antoine-tshisekedi-aux-obseques-de-baba-gabriel-kyungu-wa-kumwanza\\\/#breadcrumb\",\"itemListElement\":[{\"@type\":\"ListItem\",\"position\":1,\"name\":\"Accueil\",\"item\":\"https:\\\/\\\/congovirtuel.com\\\/information\\\/\"},{\"@type\":\"ListItem\",\"position\":2,\"name\":\"RDC: Le Chef de l\u2019Etat Felix Antoine Tshisekedi aux obs\u00e8ques de baba Gabriel Kyungu wa Kumwanza\"}]},{\"@type\":\"WebSite\",\"@id\":\"https:\\\/\\\/congovirtuel.com\\\/information\\\/#website\",\"url\":\"https:\\\/\\\/congovirtuel.com\\\/information\\\/\",\"name\":\"Actualit\u00e9s congolaises et internationales\",\"description\":\"site d&#039;analyse et de traitement d&#039;information\",\"publisher\":{\"@id\":\"https:\\\/\\\/congovirtuel.com\\\/information\\\/#organization\"},\"potentialAction\":[{\"@type\":\"SearchAction\",\"target\":{\"@type\":\"EntryPoint\",\"urlTemplate\":\"https:\\\/\\\/congovirtuel.com\\\/information\\\/?s={search_term_string}\"},\"query-input\":{\"@type\":\"PropertyValueSpecification\",\"valueRequired\":true,\"valueName\":\"search_term_string\"}}],\"inLanguage\":\"fr-FR\"},{\"@type\":\"Organization\",\"@id\":\"https:\\\/\\\/congovirtuel.com\\\/information\\\/#organization\",\"name\":\"Biblioth\u00e8que Virtuelle de la RDC\",\"url\":\"https:\\\/\\\/congovirtuel.com\\\/information\\\/\",\"logo\":{\"@type\":\"ImageObject\",\"inLanguage\":\"fr-FR\",\"@id\":\"https:\\\/\\\/congovirtuel.com\\\/information\\\/#\\\/schema\\\/logo\\\/image\\\/\",\"url\":\"https:\\\/\\\/congovirtuel.com\\\/information\\\/wp-content\\\/uploads\\\/2018\\\/10\\\/header-info-congovirtuel-vraie.jpg\",\"contentUrl\":\"https:\\\/\\\/congovirtuel.com\\\/information\\\/wp-content\\\/uploads\\\/2018\\\/10\\\/header-info-congovirtuel-vraie.jpg\",\"width\":728,\"height\":90,\"caption\":\"Biblioth\u00e8que Virtuelle de la RDC\"},\"image\":{\"@id\":\"https:\\\/\\\/congovirtuel.com\\\/information\\\/#\\\/schema\\\/logo\\\/image\\\/\"},\"sameAs\":[\"https:\\\/\\\/web.facebook.com\\\/Congovirtuel-763617960319601\\\/?ref=aymt_homepage_panel&amp;amp;amp;amp;amp;amp;amp;amp;amp;amp;amp;eid=ARCoxULa66767kIgF_KYav6VdjXTI4yk_LW4yoVO9s6NXpysgb7Cb65vpxcxgqzOAKvIbLQxaAETcqHT\",\"https:\\\/\\\/x.com\\\/congovirtuel\",\"https:\\\/\\\/www.youtube.com\\\/channel\\\/UCkFfprYzGgS3EWNpeMXpToQ?view_as=subscriber\"]},{\"@type\":\"Person\",\"@id\":\"https:\\\/\\\/congovirtuel.com\\\/information\\\/#\\\/schema\\\/person\\\/739a44bf7990966cb53d58d2fdeca0b6\",\"name\":\"infocongovirtuel\",\"image\":{\"@type\":\"ImageObject\",\"inLanguage\":\"fr-FR\",\"@id\":\"https:\\\/\\\/secure.gravatar.com\\\/avatar\\\/4d76991aa72469f0eb22e772586c99113c6997f88da636a9db8f2ce3a2c05e69?s=96&d=mm&r=g\",\"url\":\"https:\\\/\\\/secure.gravatar.com\\\/avatar\\\/4d76991aa72469f0eb22e772586c99113c6997f88da636a9db8f2ce3a2c05e69?s=96&d=mm&r=g\",\"contentUrl\":\"https:\\\/\\\/secure.gravatar.com\\\/avatar\\\/4d76991aa72469f0eb22e772586c99113c6997f88da636a9db8f2ce3a2c05e69?s=96&d=mm&r=g\",\"caption\":\"infocongovirtuel\"},\"url\":\"https:\\\/\\\/congovirtuel.com\\\/information\\\/author\\\/infocongovirtuel\\\/\"}]}<\/script>\n<!-- \/ Yoast SEO plugin. -->","yoast_head_json":{"title":"RDC: Le Chef de l\u2019Etat Felix Antoine Tshisekedi aux obs\u00e8ques de baba Gabriel Kyungu wa Kumwanza - Actualit\u00e9s congolaises et internationales","robots":{"index":"index","follow":"follow","max-snippet":"max-snippet:-1","max-image-preview":"max-image-preview:large","max-video-preview":"max-video-preview:-1"},"canonical":"https:\/\/congovirtuel.com\/information\/rdc-le-chef-de-letat-felix-antoine-tshisekedi-aux-obseques-de-baba-gabriel-kyungu-wa-kumwanza\/","og_locale":"fr_FR","og_type":"article","og_title":"RDC: Le Chef de l\u2019Etat Felix Antoine Tshisekedi aux obs\u00e8ques de baba Gabriel Kyungu wa Kumwanza - Actualit\u00e9s congolaises et internationales","og_description":"Le Pr\u00e9sident de la R\u00e9publique, F\u00e9lix Antoine Tshisekedi Tshilombo est arriv\u00e9 jeudi Lubumbashi dans la province du Haut-Katanga pour rendre les derniers hommages \u00e0 Gabriel Kyungu wa Kumwanza. Le Chef de l\u2019Etat a \u00e9t\u00e9 pr\u00e9c\u00e9d\u00e9 par le Premier ministre Jean Michel Sama Lukonde qui s\u00e9journe dans cette ville depuis mercredi soir \u00e0 la t\u00eate d\u2019une grande d\u00e9l\u00e9gation venue de Kinshasa. &nbsp;Pr\u00e9vue ce jeudi dans sa ferme priv\u00e9e, l\u2019inhumation de baba Kyungu intervient apr\u00e8s la lev\u00e9e du corps mercredi de la morgue de l\u2019h\u00f4pital Afya Don Bosco de Lubumbashi. Des hommages&hellip;","og_url":"https:\/\/congovirtuel.com\/information\/rdc-le-chef-de-letat-felix-antoine-tshisekedi-aux-obseques-de-baba-gabriel-kyungu-wa-kumwanza\/","og_site_name":"Actualit\u00e9s congolaises et internationales","article_publisher":"https:\/\/web.facebook.com\/Congovirtuel-763617960319601\/?ref=aymt_homepage_panel&amp%3bamp%3bamp%3bamp%3bamp%3bamp%3bamp%3bamp%3bamp%3bamp%3bamp%3beid=ARCoxULa66767kIgF_KYav6VdjXTI4yk_LW4yoVO9s6NXpysgb7Cb65vpxcxgqzOAKvIbLQxaAETcqHT","article_published_time":"2021-09-16T11:36:11+00:00","article_modified_time":"2021-09-16T11:36:29+00:00","og_image":[{"width":640,"height":350,"url":"https:\/\/congovirtuel.com\/information\/wp-content\/uploads\/2021\/09\/felix_lubumbashi.jpg","type":"image\/jpeg"}],"author":"infocongovirtuel","twitter_card":"summary_large_image","twitter_creator":"@congovirtuel","twitter_site":"@congovirtuel","twitter_misc":{"\u00c9crit par":"infocongovirtuel","Dur\u00e9e de lecture estim\u00e9e":"1 minute"},"schema":{"@context":"https:\/\/schema.org","@graph":[{"@type":"Article","@id":"https:\/\/congovirtuel.com\/information\/rdc-le-chef-de-letat-felix-antoine-tshisekedi-aux-obseques-de-baba-gabriel-kyungu-wa-kumwanza\/#article","isPartOf":{"@id":"https:\/\/congovirtuel.com\/information\/rdc-le-chef-de-letat-felix-antoine-tshisekedi-aux-obseques-de-baba-gabriel-kyungu-wa-kumwanza\/"},"author":{"name":"infocongovirtuel","@id":"https:\/\/congovirtuel.com\/information\/#\/schema\/person\/739a44bf7990966cb53d58d2fdeca0b6"},"headline":"RDC: Le Chef de l\u2019Etat Felix Antoine Tshisekedi aux obs\u00e8ques de baba Gabriel Kyungu wa Kumwanza","datePublished":"2021-09-16T11:36:11+00:00","dateModified":"2021-09-16T11:36:29+00:00","mainEntityOfPage":{"@id":"https:\/\/congovirtuel.com\/information\/rdc-le-chef-de-letat-felix-antoine-tshisekedi-aux-obseques-de-baba-gabriel-kyungu-wa-kumwanza\/"},"wordCount":212,"commentCount":0,"publisher":{"@id":"https:\/\/congovirtuel.com\/information\/#organization"},"image":{"@id":"https:\/\/congovirtuel.com\/information\/rdc-le-chef-de-letat-felix-antoine-tshisekedi-aux-obseques-de-baba-gabriel-kyungu-wa-kumwanza\/#primaryimage"},"thumbnailUrl":"https:\/\/congovirtuel.com\/information\/wp-content\/uploads\/2021\/09\/felix_lubumbashi.jpg","keywords":["obs\u00e8ques de baba Gabriel Kyungu wa Kumwanza"],"articleSection":["Mort c\u00e9l\u00e9brit\u00e9"],"inLanguage":"fr-FR","potentialAction":[{"@type":"CommentAction","name":"Comment","target":["https:\/\/congovirtuel.com\/information\/rdc-le-chef-de-letat-felix-antoine-tshisekedi-aux-obseques-de-baba-gabriel-kyungu-wa-kumwanza\/#respond"]}]},{"@type":"WebPage","@id":"https:\/\/congovirtuel.com\/information\/rdc-le-chef-de-letat-felix-antoine-tshisekedi-aux-obseques-de-baba-gabriel-kyungu-wa-kumwanza\/","url":"https:\/\/congovirtuel.com\/information\/rdc-le-chef-de-letat-felix-antoine-tshisekedi-aux-obseques-de-baba-gabriel-kyungu-wa-kumwanza\/","name":"RDC: Le Chef de l\u2019Etat Felix Antoine Tshisekedi aux obs\u00e8ques de baba Gabriel Kyungu wa Kumwanza - Actualit\u00e9s congolaises et internationales","isPartOf":{"@id":"https:\/\/congovirtuel.com\/information\/#website"},"primaryImageOfPage":{"@id":"https:\/\/congovirtuel.com\/information\/rdc-le-chef-de-letat-felix-antoine-tshisekedi-aux-obseques-de-baba-gabriel-kyungu-wa-kumwanza\/#primaryimage"},"image":{"@id":"https:\/\/congovirtuel.com\/information\/rdc-le-chef-de-letat-felix-antoine-tshisekedi-aux-obseques-de-baba-gabriel-kyungu-wa-kumwanza\/#primaryimage"},"thumbnailUrl":"https:\/\/congovirtuel.com\/information\/wp-content\/uploads\/2021\/09\/felix_lubumbashi.jpg","datePublished":"2021-09-16T11:36:11+00:00","dateModified":"2021-09-16T11:36:29+00:00","breadcrumb":{"@id":"https:\/\/congovirtuel.com\/information\/rdc-le-chef-de-letat-felix-antoine-tshisekedi-aux-obseques-de-baba-gabriel-kyungu-wa-kumwanza\/#breadcrumb"},"inLanguage":"fr-FR","potentialAction":[{"@type":"ReadAction","target":["https:\/\/congovirtuel.com\/information\/rdc-le-chef-de-letat-felix-antoine-tshisekedi-aux-obseques-de-baba-gabriel-kyungu-wa-kumwanza\/"]}]},{"@type":"ImageObject","inLanguage":"fr-FR","@id":"https:\/\/congovirtuel.com\/information\/rdc-le-chef-de-letat-felix-antoine-tshisekedi-aux-obseques-de-baba-gabriel-kyungu-wa-kumwanza\/#primaryimage","url":"https:\/\/congovirtuel.com\/information\/wp-content\/uploads\/2021\/09\/felix_lubumbashi.jpg","contentUrl":"https:\/\/congovirtuel.com\/information\/wp-content\/uploads\/2021\/09\/felix_lubumbashi.jpg","width":640,"height":350},{"@type":"BreadcrumbList","@id":"https:\/\/congovirtuel.com\/information\/rdc-le-chef-de-letat-felix-antoine-tshisekedi-aux-obseques-de-baba-gabriel-kyungu-wa-kumwanza\/#breadcrumb","itemListElement":[{"@type":"ListItem","position":1,"name":"Accueil","item":"https:\/\/congovirtuel.com\/information\/"},{"@type":"ListItem","position":2,"name":"RDC: Le Chef de l\u2019Etat Felix Antoine Tshisekedi aux obs\u00e8ques de baba Gabriel Kyungu wa Kumwanza"}]},{"@type":"WebSite","@id":"https:\/\/congovirtuel.com\/information\/#website","url":"https:\/\/congovirtuel.com\/information\/","name":"Actualit\u00e9s congolaises et internationales","description":"site d&#039;analyse et de traitement d&#039;information","publisher":{"@id":"https:\/\/congovirtuel.com\/information\/#organization"},"potentialAction":[{"@type":"SearchAction","target":{"@type":"EntryPoint","urlTemplate":"https:\/\/congovirtuel.com\/information\/?s={search_term_string}"},"query-input":{"@type":"PropertyValueSpecification","valueRequired":true,"valueName":"search_term_string"}}],"inLanguage":"fr-FR"},{"@type":"Organization","@id":"https:\/\/congovirtuel.com\/information\/#organization","name":"Biblioth\u00e8que Virtuelle de la RDC","url":"https:\/\/congovirtuel.com\/information\/","logo":{"@type":"ImageObject","inLanguage":"fr-FR","@id":"https:\/\/congovirtuel.com\/information\/#\/schema\/logo\/image\/","url":"https:\/\/congovirtuel.com\/information\/wp-content\/uploads\/2018\/10\/header-info-congovirtuel-vraie.jpg","contentUrl":"https:\/\/congovirtuel.com\/information\/wp-content\/uploads\/2018\/10\/header-info-congovirtuel-vraie.jpg","width":728,"height":90,"caption":"Biblioth\u00e8que Virtuelle de la RDC"},"image":{"@id":"https:\/\/congovirtuel.com\/information\/#\/schema\/logo\/image\/"},"sameAs":["https:\/\/web.facebook.com\/Congovirtuel-763617960319601\/?ref=aymt_homepage_panel&amp;amp;amp;amp;amp;amp;amp;amp;amp;amp;amp;eid=ARCoxULa66767kIgF_KYav6VdjXTI4yk_LW4yoVO9s6NXpysgb7Cb65vpxcxgqzOAKvIbLQxaAETcqHT","https:\/\/x.com\/congovirtuel","https:\/\/www.youtube.com\/channel\/UCkFfprYzGgS3EWNpeMXpToQ?view_as=subscriber"]},{"@type":"Person","@id":"https:\/\/congovirtuel.com\/information\/#\/schema\/person\/739a44bf7990966cb53d58d2fdeca0b6","name":"infocongovirtuel","image":{"@type":"ImageObject","inLanguage":"fr-FR","@id":"https:\/\/secure.gravatar.com\/avatar\/4d76991aa72469f0eb22e772586c99113c6997f88da636a9db8f2ce3a2c05e69?s=96&d=mm&r=g","url":"https:\/\/secure.gravatar.com\/avatar\/4d76991aa72469f0eb22e772586c99113c6997f88da636a9db8f2ce3a2c05e69?s=96&d=mm&r=g","contentUrl":"https:\/\/secure.gravatar.com\/avatar\/4d76991aa72469f0eb22e772586c99113c6997f88da636a9db8f2ce3a2c05e69?s=96&d=mm&r=g","caption":"infocongovirtuel"},"url":"https:\/\/congovirtuel.com\/information\/author\/infocongovirtuel\/"}]}},"gt_translate_keys":[{"key":"link","format":"url"}],"_links":{"self":[{"href":"https:\/\/congovirtuel.com\/information\/wp-json\/wp\/v2\/posts\/13865","targetHints":{"allow":["GET"]}}],"collection":[{"href":"https:\/\/congovirtuel.com\/information\/wp-json\/wp\/v2\/posts"}],"about":[{"href":"https:\/\/congovirtuel.com\/information\/wp-json\/wp\/v2\/types\/post"}],"author":[{"embeddable":true,"href":"https:\/\/congovirtuel.com\/information\/wp-json\/wp\/v2\/users\/1"}],"replies":[{"embeddable":true,"href":"https:\/\/congovirtuel.com\/information\/wp-json\/wp\/v2\/comments?post=13865"}],"version-history":[{"count":1,"href":"https:\/\/congovirtuel.com\/information\/wp-json\/wp\/v2\/posts\/13865\/revisions"}],"predecessor-version":[{"id":13868,"href":"https:\/\/congovirtuel.com\/information\/wp-json\/wp\/v2\/posts\/13865\/revisions\/13868"}],"wp:featuredmedia":[{"embeddable":true,"href":"https:\/\/congovirtuel.com\/information\/wp-json\/wp\/v2\/media\/13867"}],"wp:attachment":[{"href":"https:\/\/congovirtuel.com\/information\/wp-json\/wp\/v2\/media?parent=13865"}],"wp:term":[{"taxonomy":"category","embeddable":true,"href":"https:\/\/congovirtuel.com\/information\/wp-json\/wp\/v2\/categories?post=13865"},{"taxonomy":"post_tag","embeddable":true,"href":"https:\/\/congovirtuel.com\/information\/wp-json\/wp\/v2\/tags?post=13865"}],"curies":[{"name":"wp","href":"https:\/\/api.w.org\/{rel}","templated":true}]}}