{"id":14023,"date":"2021-09-23T16:21:54","date_gmt":"2021-09-23T15:21:54","guid":{"rendered":"https:\/\/congovirtuel.com\/information\/?p=14023"},"modified":"2021-09-23T16:21:56","modified_gmt":"2021-09-23T15:21:56","slug":"rdc-greve-des-infirmiers-lindifference-du-gouvernement-inquiete","status":"publish","type":"post","link":"https:\/\/congovirtuel.com\/information\/rdc-greve-des-infirmiers-lindifference-du-gouvernement-inquiete\/","title":{"rendered":"RDC: Gr\u00e8ve des infirmiers, l\u2019indiff\u00e9rence du Gouvernement inqui\u00e8te !","gt_translate_keys":[{"key":"rendered","format":"text"}]},"content":{"rendered":"\n<p class=\"wp-block-paragraph\">Depuis que les infirmiers ont relanc\u00e9 leur gr\u00e8ve, apr\u00e8s l\u2019avoir suspendue pendant quelques jours, la situation est devenue intenable pour les malades qui fr\u00e9quentent les h\u00f4pitaux publics. C\u2019est le cas \u00e0 l\u2019H\u00f4pital de r\u00e9f\u00e9rence de Matete, ex Omeco. Le personnel administratif ainsi que les infirmiers ont d\u00e9sert\u00e9 les lieux, si bien les malades qui viennent pour des soins ne trouvent personne pour les accueillir.<\/p>\n\n\n\n<p class=\"wp-block-paragraph\">Quand on jette un coup d\u2019\u0153il dans les pavillons, les lits sont d\u00e9faits, les portes de ces pavillons et autres locaux ferm\u00e9s. La situation est la m\u00eame dans plusieurs autres \u00e9tablissements hospitaliers de l\u2019Etat \u00e0 travers la ville province de Kinshasa. Pour ne pas succomber, les patients se voient oblig\u00e9s d\u2019aller se faire soigner dans des officines priv\u00e9es o\u00f9 les factures sont g\u00e9n\u00e9ralement tr\u00e8s sal\u00e9es et donc non \u00e0 la port\u00e9e de toutes les bourses.<\/p>\n\n\n\n<p class=\"wp-block-paragraph\">Dans ce contexte de gr\u00e8ve, les malades qui n\u2019ont pas de moyens pour se faire soigner dans les officines priv\u00e9es sont donc abandonn\u00e9s \u00e0 leur triste sort et meurent dans une indiff\u00e9rence totale du pouvoir public. Il faut dire que depuis la relance de la gr\u00e8ve des infirmiers, le Gouvernement Sama Lukonde fait montre d\u2019une l\u00e9thargie qui inqui\u00e8te.<\/p>\n\n\n\n<p class=\"wp-block-paragraph\">Car, les patients qui n\u2019ont pas assez de moyens financiers pour aller se faire soigner dans des centres de sant\u00e9 priv\u00e9s \u00e9prouvent \u00e9norm\u00e9ment de difficult\u00e9s pour leur prise en charge. C\u2019est pourquoi, apr\u00e8s plusieurs semaines de gr\u00e8ve des infirmiers, le Gouvernement congolais tente tout de m\u00eame de relancer les n\u00e9gociations avec les infirmiers, afin de trouver des solutions \u00e0 leurs revendications.<\/p>\n\n\n\n<p class=\"wp-block-paragraph\">C\u2019est ce qui a \u00e9t\u00e9 fait avec les m\u00e9decins qui \u00e9taient aussi en gr\u00e8ve, qui ont vu leur cahier des charges \u00eatre enfin pris en compte par l\u2019Etat congolais. Il faut rappeler que les infirmiers \u00e9taient les premiers \u00e0 aller en gr\u00e8ve, avant d\u2019\u00eatre imit\u00e9s par les m\u00e9decins. Un semblant de solutions a \u00e9t\u00e9 trouv\u00e9.<\/p>\n\n\n\n<p class=\"wp-block-paragraph\">Apparemment, le Gouvernement a fait plus pour les m\u00e9decins et semblent n\u00e9gliger les revendications des infirmiers. C\u2019est sans doute pourquoi ces derniers reviennent \u00e0 la charge en radicalisant leur gr\u00e8ve.<\/p>\n\n\n\n<p class=\"wp-block-paragraph\">CNTV<\/p>\n","protected":false,"gt_translate_keys":[{"key":"rendered","format":"html"}]},"excerpt":{"rendered":"<p>Depuis que les infirmiers ont relanc\u00e9 leur gr\u00e8ve, apr\u00e8s l\u2019avoir suspendue pendant quelques jours, la situation est devenue intenable pour les malades qui fr\u00e9quentent les h\u00f4pitaux publics. C\u2019est le cas \u00e0 l\u2019H\u00f4pital de r\u00e9f\u00e9rence de Matete, ex Omeco. Le personnel administratif ainsi que les infirmiers ont d\u00e9sert\u00e9 les lieux, si bien les malades qui viennent pour des soins ne trouvent personne pour les accueillir. Quand on jette un coup d\u2019\u0153il dans les pavillons, les lits sont d\u00e9faits, les portes de ces pavillons et autres locaux ferm\u00e9s. La situation est la&hellip;<\/p>\n","protected":false,"gt_translate_keys":[{"key":"rendered","format":"html"}]},"author":1,"featured_media":12002,"comment_status":"open","ping_status":"open","sticky":false,"template":"","format":"standard","meta":{"_crdt_document":"","footnotes":""},"categories":[1],"tags":[22294],"class_list":["post-14023","post","type-post","status-publish","format-standard","has-post-thumbnail","hentry","category-non-classe","tag-greve-infirmiers-rdc"],"gutentor_comment":0,"yoast_head":"<!-- This site is optimized with the Yoast SEO plugin v27.5 - https:\/\/yoast.com\/product\/yoast-seo-wordpress\/ -->\n<title>RDC: Gr\u00e8ve des infirmiers, l\u2019indiff\u00e9rence du Gouvernement inqui\u00e8te ! - Actualit\u00e9s congolaises et internationales<\/title>\n<meta name=\"robots\" content=\"index, follow, max-snippet:-1, max-image-preview:large, max-video-preview:-1\" \/>\n<link rel=\"canonical\" href=\"https:\/\/congovirtuel.com\/information\/rdc-greve-des-infirmiers-lindifference-du-gouvernement-inquiete\/\" \/>\n<meta property=\"og:locale\" content=\"fr_FR\" \/>\n<meta property=\"og:type\" content=\"article\" \/>\n<meta property=\"og:title\" content=\"RDC: Gr\u00e8ve des infirmiers, l\u2019indiff\u00e9rence du Gouvernement inqui\u00e8te ! - Actualit\u00e9s congolaises et internationales\" \/>\n<meta property=\"og:description\" content=\"Depuis que les infirmiers ont relanc\u00e9 leur gr\u00e8ve, apr\u00e8s l\u2019avoir suspendue pendant quelques jours, la situation est devenue intenable pour les malades qui fr\u00e9quentent les h\u00f4pitaux publics. C\u2019est le cas \u00e0 l\u2019H\u00f4pital de r\u00e9f\u00e9rence de Matete, ex Omeco. Le personnel administratif ainsi que les infirmiers ont d\u00e9sert\u00e9 les lieux, si bien les malades qui viennent pour des soins ne trouvent personne pour les accueillir. Quand on jette un coup d\u2019\u0153il dans les pavillons, les lits sont d\u00e9faits, les portes de ces pavillons et autres locaux ferm\u00e9s. La situation est la&hellip;\" \/>\n<meta property=\"og:url\" content=\"https:\/\/congovirtuel.com\/information\/rdc-greve-des-infirmiers-lindifference-du-gouvernement-inquiete\/\" \/>\n<meta property=\"og:site_name\" content=\"Actualit\u00e9s congolaises et internationales\" \/>\n<meta property=\"article:publisher\" content=\"https:\/\/web.facebook.com\/Congovirtuel-763617960319601\/?ref=aymt_homepage_panel&amp;amp%3bamp%3bamp%3bamp%3bamp%3bamp%3bamp%3bamp%3bamp%3bamp%3bamp%3beid=ARCoxULa66767kIgF_KYav6VdjXTI4yk_LW4yoVO9s6NXpysgb7Cb65vpxcxgqzOAKvIbLQxaAETcqHT\" \/>\n<meta property=\"article:published_time\" content=\"2021-09-23T15:21:54+00:00\" \/>\n<meta property=\"article:modified_time\" content=\"2021-09-23T15:21:56+00:00\" \/>\n<meta property=\"og:image\" content=\"https:\/\/congovirtuel.com\/information\/wp-content\/uploads\/2021\/07\/Mama_Yemo.jpg\" \/>\n\t<meta property=\"og:image:width\" content=\"800\" \/>\n\t<meta property=\"og:image:height\" content=\"480\" \/>\n\t<meta property=\"og:image:type\" content=\"image\/jpeg\" \/>\n<meta name=\"author\" content=\"infocongovirtuel\" \/>\n<meta name=\"twitter:card\" content=\"summary_large_image\" \/>\n<meta name=\"twitter:creator\" content=\"@congovirtuel\" \/>\n<meta name=\"twitter:site\" content=\"@congovirtuel\" \/>\n<meta name=\"twitter:label1\" content=\"\u00c9crit par\" \/>\n\t<meta name=\"twitter:data1\" content=\"infocongovirtuel\" \/>\n\t<meta name=\"twitter:label2\" content=\"Dur\u00e9e de lecture estim\u00e9e\" \/>\n\t<meta name=\"twitter:data2\" content=\"2 minutes\" \/>\n<script type=\"application\/ld+json\" class=\"yoast-schema-graph\">{\"@context\":\"https:\\\/\\\/schema.org\",\"@graph\":[{\"@type\":\"Article\",\"@id\":\"https:\\\/\\\/congovirtuel.com\\\/information\\\/rdc-greve-des-infirmiers-lindifference-du-gouvernement-inquiete\\\/#article\",\"isPartOf\":{\"@id\":\"https:\\\/\\\/congovirtuel.com\\\/information\\\/rdc-greve-des-infirmiers-lindifference-du-gouvernement-inquiete\\\/\"},\"author\":{\"name\":\"infocongovirtuel\",\"@id\":\"https:\\\/\\\/congovirtuel.com\\\/information\\\/#\\\/schema\\\/person\\\/739a44bf7990966cb53d58d2fdeca0b6\"},\"headline\":\"RDC: Gr\u00e8ve des infirmiers, l\u2019indiff\u00e9rence du Gouvernement inqui\u00e8te !\",\"datePublished\":\"2021-09-23T15:21:54+00:00\",\"dateModified\":\"2021-09-23T15:21:56+00:00\",\"mainEntityOfPage\":{\"@id\":\"https:\\\/\\\/congovirtuel.com\\\/information\\\/rdc-greve-des-infirmiers-lindifference-du-gouvernement-inquiete\\\/\"},\"wordCount\":403,\"commentCount\":0,\"publisher\":{\"@id\":\"https:\\\/\\\/congovirtuel.com\\\/information\\\/#organization\"},\"image\":{\"@id\":\"https:\\\/\\\/congovirtuel.com\\\/information\\\/rdc-greve-des-infirmiers-lindifference-du-gouvernement-inquiete\\\/#primaryimage\"},\"thumbnailUrl\":\"https:\\\/\\\/congovirtuel.com\\\/information\\\/wp-content\\\/uploads\\\/2021\\\/07\\\/Mama_Yemo.jpg\",\"keywords\":[\"Gr\u00e8ve infirmiers RDC\"],\"inLanguage\":\"fr-FR\",\"potentialAction\":[{\"@type\":\"CommentAction\",\"name\":\"Comment\",\"target\":[\"https:\\\/\\\/congovirtuel.com\\\/information\\\/rdc-greve-des-infirmiers-lindifference-du-gouvernement-inquiete\\\/#respond\"]}]},{\"@type\":\"WebPage\",\"@id\":\"https:\\\/\\\/congovirtuel.com\\\/information\\\/rdc-greve-des-infirmiers-lindifference-du-gouvernement-inquiete\\\/\",\"url\":\"https:\\\/\\\/congovirtuel.com\\\/information\\\/rdc-greve-des-infirmiers-lindifference-du-gouvernement-inquiete\\\/\",\"name\":\"RDC: Gr\u00e8ve des infirmiers, l\u2019indiff\u00e9rence du Gouvernement inqui\u00e8te ! - Actualit\u00e9s congolaises et internationales\",\"isPartOf\":{\"@id\":\"https:\\\/\\\/congovirtuel.com\\\/information\\\/#website\"},\"primaryImageOfPage\":{\"@id\":\"https:\\\/\\\/congovirtuel.com\\\/information\\\/rdc-greve-des-infirmiers-lindifference-du-gouvernement-inquiete\\\/#primaryimage\"},\"image\":{\"@id\":\"https:\\\/\\\/congovirtuel.com\\\/information\\\/rdc-greve-des-infirmiers-lindifference-du-gouvernement-inquiete\\\/#primaryimage\"},\"thumbnailUrl\":\"https:\\\/\\\/congovirtuel.com\\\/information\\\/wp-content\\\/uploads\\\/2021\\\/07\\\/Mama_Yemo.jpg\",\"datePublished\":\"2021-09-23T15:21:54+00:00\",\"dateModified\":\"2021-09-23T15:21:56+00:00\",\"breadcrumb\":{\"@id\":\"https:\\\/\\\/congovirtuel.com\\\/information\\\/rdc-greve-des-infirmiers-lindifference-du-gouvernement-inquiete\\\/#breadcrumb\"},\"inLanguage\":\"fr-FR\",\"potentialAction\":[{\"@type\":\"ReadAction\",\"target\":[\"https:\\\/\\\/congovirtuel.com\\\/information\\\/rdc-greve-des-infirmiers-lindifference-du-gouvernement-inquiete\\\/\"]}]},{\"@type\":\"ImageObject\",\"inLanguage\":\"fr-FR\",\"@id\":\"https:\\\/\\\/congovirtuel.com\\\/information\\\/rdc-greve-des-infirmiers-lindifference-du-gouvernement-inquiete\\\/#primaryimage\",\"url\":\"https:\\\/\\\/congovirtuel.com\\\/information\\\/wp-content\\\/uploads\\\/2021\\\/07\\\/Mama_Yemo.jpg\",\"contentUrl\":\"https:\\\/\\\/congovirtuel.com\\\/information\\\/wp-content\\\/uploads\\\/2021\\\/07\\\/Mama_Yemo.jpg\",\"width\":800,\"height\":480,\"caption\":\"Mama_Yemo\"},{\"@type\":\"BreadcrumbList\",\"@id\":\"https:\\\/\\\/congovirtuel.com\\\/information\\\/rdc-greve-des-infirmiers-lindifference-du-gouvernement-inquiete\\\/#breadcrumb\",\"itemListElement\":[{\"@type\":\"ListItem\",\"position\":1,\"name\":\"Accueil\",\"item\":\"https:\\\/\\\/congovirtuel.com\\\/information\\\/\"},{\"@type\":\"ListItem\",\"position\":2,\"name\":\"RDC: Gr\u00e8ve des infirmiers, l\u2019indiff\u00e9rence du Gouvernement inqui\u00e8te !\"}]},{\"@type\":\"WebSite\",\"@id\":\"https:\\\/\\\/congovirtuel.com\\\/information\\\/#website\",\"url\":\"https:\\\/\\\/congovirtuel.com\\\/information\\\/\",\"name\":\"Actualit\u00e9s congolaises et internationales\",\"description\":\"site d&#039;analyse et de traitement d&#039;information\",\"publisher\":{\"@id\":\"https:\\\/\\\/congovirtuel.com\\\/information\\\/#organization\"},\"potentialAction\":[{\"@type\":\"SearchAction\",\"target\":{\"@type\":\"EntryPoint\",\"urlTemplate\":\"https:\\\/\\\/congovirtuel.com\\\/information\\\/?s={search_term_string}\"},\"query-input\":{\"@type\":\"PropertyValueSpecification\",\"valueRequired\":true,\"valueName\":\"search_term_string\"}}],\"inLanguage\":\"fr-FR\"},{\"@type\":\"Organization\",\"@id\":\"https:\\\/\\\/congovirtuel.com\\\/information\\\/#organization\",\"name\":\"Biblioth\u00e8que Virtuelle de la RDC\",\"url\":\"https:\\\/\\\/congovirtuel.com\\\/information\\\/\",\"logo\":{\"@type\":\"ImageObject\",\"inLanguage\":\"fr-FR\",\"@id\":\"https:\\\/\\\/congovirtuel.com\\\/information\\\/#\\\/schema\\\/logo\\\/image\\\/\",\"url\":\"https:\\\/\\\/congovirtuel.com\\\/information\\\/wp-content\\\/uploads\\\/2018\\\/10\\\/header-info-congovirtuel-vraie.jpg\",\"contentUrl\":\"https:\\\/\\\/congovirtuel.com\\\/information\\\/wp-content\\\/uploads\\\/2018\\\/10\\\/header-info-congovirtuel-vraie.jpg\",\"width\":728,\"height\":90,\"caption\":\"Biblioth\u00e8que Virtuelle de la RDC\"},\"image\":{\"@id\":\"https:\\\/\\\/congovirtuel.com\\\/information\\\/#\\\/schema\\\/logo\\\/image\\\/\"},\"sameAs\":[\"https:\\\/\\\/web.facebook.com\\\/Congovirtuel-763617960319601\\\/?ref=aymt_homepage_panel&amp;amp;amp;amp;amp;amp;amp;amp;amp;amp;amp;eid=ARCoxULa66767kIgF_KYav6VdjXTI4yk_LW4yoVO9s6NXpysgb7Cb65vpxcxgqzOAKvIbLQxaAETcqHT\",\"https:\\\/\\\/x.com\\\/congovirtuel\",\"https:\\\/\\\/www.youtube.com\\\/channel\\\/UCkFfprYzGgS3EWNpeMXpToQ?view_as=subscriber\"]},{\"@type\":\"Person\",\"@id\":\"https:\\\/\\\/congovirtuel.com\\\/information\\\/#\\\/schema\\\/person\\\/739a44bf7990966cb53d58d2fdeca0b6\",\"name\":\"infocongovirtuel\",\"image\":{\"@type\":\"ImageObject\",\"inLanguage\":\"fr-FR\",\"@id\":\"https:\\\/\\\/secure.gravatar.com\\\/avatar\\\/4d76991aa72469f0eb22e772586c99113c6997f88da636a9db8f2ce3a2c05e69?s=96&d=mm&r=g\",\"url\":\"https:\\\/\\\/secure.gravatar.com\\\/avatar\\\/4d76991aa72469f0eb22e772586c99113c6997f88da636a9db8f2ce3a2c05e69?s=96&d=mm&r=g\",\"contentUrl\":\"https:\\\/\\\/secure.gravatar.com\\\/avatar\\\/4d76991aa72469f0eb22e772586c99113c6997f88da636a9db8f2ce3a2c05e69?s=96&d=mm&r=g\",\"caption\":\"infocongovirtuel\"},\"url\":\"https:\\\/\\\/congovirtuel.com\\\/information\\\/author\\\/infocongovirtuel\\\/\"}]}<\/script>\n<!-- \/ Yoast SEO plugin. -->","yoast_head_json":{"title":"RDC: Gr\u00e8ve des infirmiers, l\u2019indiff\u00e9rence du Gouvernement inqui\u00e8te ! - Actualit\u00e9s congolaises et internationales","robots":{"index":"index","follow":"follow","max-snippet":"max-snippet:-1","max-image-preview":"max-image-preview:large","max-video-preview":"max-video-preview:-1"},"canonical":"https:\/\/congovirtuel.com\/information\/rdc-greve-des-infirmiers-lindifference-du-gouvernement-inquiete\/","og_locale":"fr_FR","og_type":"article","og_title":"RDC: Gr\u00e8ve des infirmiers, l\u2019indiff\u00e9rence du Gouvernement inqui\u00e8te ! - Actualit\u00e9s congolaises et internationales","og_description":"Depuis que les infirmiers ont relanc\u00e9 leur gr\u00e8ve, apr\u00e8s l\u2019avoir suspendue pendant quelques jours, la situation est devenue intenable pour les malades qui fr\u00e9quentent les h\u00f4pitaux publics. C\u2019est le cas \u00e0 l\u2019H\u00f4pital de r\u00e9f\u00e9rence de Matete, ex Omeco. Le personnel administratif ainsi que les infirmiers ont d\u00e9sert\u00e9 les lieux, si bien les malades qui viennent pour des soins ne trouvent personne pour les accueillir. Quand on jette un coup d\u2019\u0153il dans les pavillons, les lits sont d\u00e9faits, les portes de ces pavillons et autres locaux ferm\u00e9s. La situation est la&hellip;","og_url":"https:\/\/congovirtuel.com\/information\/rdc-greve-des-infirmiers-lindifference-du-gouvernement-inquiete\/","og_site_name":"Actualit\u00e9s congolaises et internationales","article_publisher":"https:\/\/web.facebook.com\/Congovirtuel-763617960319601\/?ref=aymt_homepage_panel&amp%3bamp%3bamp%3bamp%3bamp%3bamp%3bamp%3bamp%3bamp%3bamp%3bamp%3beid=ARCoxULa66767kIgF_KYav6VdjXTI4yk_LW4yoVO9s6NXpysgb7Cb65vpxcxgqzOAKvIbLQxaAETcqHT","article_published_time":"2021-09-23T15:21:54+00:00","article_modified_time":"2021-09-23T15:21:56+00:00","og_image":[{"width":800,"height":480,"url":"https:\/\/congovirtuel.com\/information\/wp-content\/uploads\/2021\/07\/Mama_Yemo.jpg","type":"image\/jpeg"}],"author":"infocongovirtuel","twitter_card":"summary_large_image","twitter_creator":"@congovirtuel","twitter_site":"@congovirtuel","twitter_misc":{"\u00c9crit par":"infocongovirtuel","Dur\u00e9e de lecture estim\u00e9e":"2 minutes"},"schema":{"@context":"https:\/\/schema.org","@graph":[{"@type":"Article","@id":"https:\/\/congovirtuel.com\/information\/rdc-greve-des-infirmiers-lindifference-du-gouvernement-inquiete\/#article","isPartOf":{"@id":"https:\/\/congovirtuel.com\/information\/rdc-greve-des-infirmiers-lindifference-du-gouvernement-inquiete\/"},"author":{"name":"infocongovirtuel","@id":"https:\/\/congovirtuel.com\/information\/#\/schema\/person\/739a44bf7990966cb53d58d2fdeca0b6"},"headline":"RDC: Gr\u00e8ve des infirmiers, l\u2019indiff\u00e9rence du Gouvernement inqui\u00e8te !","datePublished":"2021-09-23T15:21:54+00:00","dateModified":"2021-09-23T15:21:56+00:00","mainEntityOfPage":{"@id":"https:\/\/congovirtuel.com\/information\/rdc-greve-des-infirmiers-lindifference-du-gouvernement-inquiete\/"},"wordCount":403,"commentCount":0,"publisher":{"@id":"https:\/\/congovirtuel.com\/information\/#organization"},"image":{"@id":"https:\/\/congovirtuel.com\/information\/rdc-greve-des-infirmiers-lindifference-du-gouvernement-inquiete\/#primaryimage"},"thumbnailUrl":"https:\/\/congovirtuel.com\/information\/wp-content\/uploads\/2021\/07\/Mama_Yemo.jpg","keywords":["Gr\u00e8ve infirmiers RDC"],"inLanguage":"fr-FR","potentialAction":[{"@type":"CommentAction","name":"Comment","target":["https:\/\/congovirtuel.com\/information\/rdc-greve-des-infirmiers-lindifference-du-gouvernement-inquiete\/#respond"]}]},{"@type":"WebPage","@id":"https:\/\/congovirtuel.com\/information\/rdc-greve-des-infirmiers-lindifference-du-gouvernement-inquiete\/","url":"https:\/\/congovirtuel.com\/information\/rdc-greve-des-infirmiers-lindifference-du-gouvernement-inquiete\/","name":"RDC: Gr\u00e8ve des infirmiers, l\u2019indiff\u00e9rence du Gouvernement inqui\u00e8te ! - Actualit\u00e9s congolaises et internationales","isPartOf":{"@id":"https:\/\/congovirtuel.com\/information\/#website"},"primaryImageOfPage":{"@id":"https:\/\/congovirtuel.com\/information\/rdc-greve-des-infirmiers-lindifference-du-gouvernement-inquiete\/#primaryimage"},"image":{"@id":"https:\/\/congovirtuel.com\/information\/rdc-greve-des-infirmiers-lindifference-du-gouvernement-inquiete\/#primaryimage"},"thumbnailUrl":"https:\/\/congovirtuel.com\/information\/wp-content\/uploads\/2021\/07\/Mama_Yemo.jpg","datePublished":"2021-09-23T15:21:54+00:00","dateModified":"2021-09-23T15:21:56+00:00","breadcrumb":{"@id":"https:\/\/congovirtuel.com\/information\/rdc-greve-des-infirmiers-lindifference-du-gouvernement-inquiete\/#breadcrumb"},"inLanguage":"fr-FR","potentialAction":[{"@type":"ReadAction","target":["https:\/\/congovirtuel.com\/information\/rdc-greve-des-infirmiers-lindifference-du-gouvernement-inquiete\/"]}]},{"@type":"ImageObject","inLanguage":"fr-FR","@id":"https:\/\/congovirtuel.com\/information\/rdc-greve-des-infirmiers-lindifference-du-gouvernement-inquiete\/#primaryimage","url":"https:\/\/congovirtuel.com\/information\/wp-content\/uploads\/2021\/07\/Mama_Yemo.jpg","contentUrl":"https:\/\/congovirtuel.com\/information\/wp-content\/uploads\/2021\/07\/Mama_Yemo.jpg","width":800,"height":480,"caption":"Mama_Yemo"},{"@type":"BreadcrumbList","@id":"https:\/\/congovirtuel.com\/information\/rdc-greve-des-infirmiers-lindifference-du-gouvernement-inquiete\/#breadcrumb","itemListElement":[{"@type":"ListItem","position":1,"name":"Accueil","item":"https:\/\/congovirtuel.com\/information\/"},{"@type":"ListItem","position":2,"name":"RDC: Gr\u00e8ve des infirmiers, l\u2019indiff\u00e9rence du Gouvernement inqui\u00e8te !"}]},{"@type":"WebSite","@id":"https:\/\/congovirtuel.com\/information\/#website","url":"https:\/\/congovirtuel.com\/information\/","name":"Actualit\u00e9s congolaises et internationales","description":"site d&#039;analyse et de traitement d&#039;information","publisher":{"@id":"https:\/\/congovirtuel.com\/information\/#organization"},"potentialAction":[{"@type":"SearchAction","target":{"@type":"EntryPoint","urlTemplate":"https:\/\/congovirtuel.com\/information\/?s={search_term_string}"},"query-input":{"@type":"PropertyValueSpecification","valueRequired":true,"valueName":"search_term_string"}}],"inLanguage":"fr-FR"},{"@type":"Organization","@id":"https:\/\/congovirtuel.com\/information\/#organization","name":"Biblioth\u00e8que Virtuelle de la RDC","url":"https:\/\/congovirtuel.com\/information\/","logo":{"@type":"ImageObject","inLanguage":"fr-FR","@id":"https:\/\/congovirtuel.com\/information\/#\/schema\/logo\/image\/","url":"https:\/\/congovirtuel.com\/information\/wp-content\/uploads\/2018\/10\/header-info-congovirtuel-vraie.jpg","contentUrl":"https:\/\/congovirtuel.com\/information\/wp-content\/uploads\/2018\/10\/header-info-congovirtuel-vraie.jpg","width":728,"height":90,"caption":"Biblioth\u00e8que Virtuelle de la RDC"},"image":{"@id":"https:\/\/congovirtuel.com\/information\/#\/schema\/logo\/image\/"},"sameAs":["https:\/\/web.facebook.com\/Congovirtuel-763617960319601\/?ref=aymt_homepage_panel&amp;amp;amp;amp;amp;amp;amp;amp;amp;amp;amp;eid=ARCoxULa66767kIgF_KYav6VdjXTI4yk_LW4yoVO9s6NXpysgb7Cb65vpxcxgqzOAKvIbLQxaAETcqHT","https:\/\/x.com\/congovirtuel","https:\/\/www.youtube.com\/channel\/UCkFfprYzGgS3EWNpeMXpToQ?view_as=subscriber"]},{"@type":"Person","@id":"https:\/\/congovirtuel.com\/information\/#\/schema\/person\/739a44bf7990966cb53d58d2fdeca0b6","name":"infocongovirtuel","image":{"@type":"ImageObject","inLanguage":"fr-FR","@id":"https:\/\/secure.gravatar.com\/avatar\/4d76991aa72469f0eb22e772586c99113c6997f88da636a9db8f2ce3a2c05e69?s=96&d=mm&r=g","url":"https:\/\/secure.gravatar.com\/avatar\/4d76991aa72469f0eb22e772586c99113c6997f88da636a9db8f2ce3a2c05e69?s=96&d=mm&r=g","contentUrl":"https:\/\/secure.gravatar.com\/avatar\/4d76991aa72469f0eb22e772586c99113c6997f88da636a9db8f2ce3a2c05e69?s=96&d=mm&r=g","caption":"infocongovirtuel"},"url":"https:\/\/congovirtuel.com\/information\/author\/infocongovirtuel\/"}]}},"gt_translate_keys":[{"key":"link","format":"url"}],"_links":{"self":[{"href":"https:\/\/congovirtuel.com\/information\/wp-json\/wp\/v2\/posts\/14023","targetHints":{"allow":["GET"]}}],"collection":[{"href":"https:\/\/congovirtuel.com\/information\/wp-json\/wp\/v2\/posts"}],"about":[{"href":"https:\/\/congovirtuel.com\/information\/wp-json\/wp\/v2\/types\/post"}],"author":[{"embeddable":true,"href":"https:\/\/congovirtuel.com\/information\/wp-json\/wp\/v2\/users\/1"}],"replies":[{"embeddable":true,"href":"https:\/\/congovirtuel.com\/information\/wp-json\/wp\/v2\/comments?post=14023"}],"version-history":[{"count":1,"href":"https:\/\/congovirtuel.com\/information\/wp-json\/wp\/v2\/posts\/14023\/revisions"}],"predecessor-version":[{"id":14025,"href":"https:\/\/congovirtuel.com\/information\/wp-json\/wp\/v2\/posts\/14023\/revisions\/14025"}],"wp:featuredmedia":[{"embeddable":true,"href":"https:\/\/congovirtuel.com\/information\/wp-json\/wp\/v2\/media\/12002"}],"wp:attachment":[{"href":"https:\/\/congovirtuel.com\/information\/wp-json\/wp\/v2\/media?parent=14023"}],"wp:term":[{"taxonomy":"category","embeddable":true,"href":"https:\/\/congovirtuel.com\/information\/wp-json\/wp\/v2\/categories?post=14023"},{"taxonomy":"post_tag","embeddable":true,"href":"https:\/\/congovirtuel.com\/information\/wp-json\/wp\/v2\/tags?post=14023"}],"curies":[{"name":"wp","href":"https:\/\/api.w.org\/{rel}","templated":true}]}}