{"id":14106,"date":"2021-09-28T12:02:15","date_gmt":"2021-09-28T11:02:15","guid":{"rendered":"https:\/\/congovirtuel.com\/information\/?p=14106"},"modified":"2021-09-28T14:09:18","modified_gmt":"2021-09-28T13:09:18","slug":"rdc-lokutu-lhuile-de-palme-au-mepris-des-droits-humains","status":"publish","type":"post","link":"https:\/\/congovirtuel.com\/information\/rdc-lokutu-lhuile-de-palme-au-mepris-des-droits-humains\/","title":{"rendered":"RDC-Lokutu : la France a fourni 25 millions d\u2019euros \u00e0 Feronia, une entreprise d\u2019huile de palme accus\u00e9e de meurtres et d\u2019accaparement des terres","gt_translate_keys":[{"key":"rendered","format":"text"}]},"content":{"rendered":"\n<p class=\"wp-block-paragraph\"><strong>En R\u00e9publique d\u00e9mocratique du Congo, l\u2019AFD a financ\u00e9 pendant huit ans une plantation d\u2019huile de palme dont les g\u00e9rants et la soci\u00e9t\u00e9 de gardiennage sont accus\u00e9s de meurtres et d\u2019accaparement des terres.&nbsp;Avant d\u2019enfin prendre ses distances fin 2020.<\/strong><\/p>\n\n\n\n<p class=\"wp-block-paragraph\"><strong>Lokutu (R\u00e9publique d\u00e9mocratique du Congo).\u2013<\/strong>&nbsp;La plantation de palmiers \u00e0 huile de Lokutu, en plein c\u0153ur de la R\u00e9publique d\u00e9mocratique du Congo, est si vaste qu\u2019elle semble abandonn\u00e9e. Pour d\u00e9nicher les travailleurs parmi les 20&nbsp;000&nbsp;hectares d\u2019exploitation, il faut se laisser guider par le bruit des machettes, aussit\u00f4t suivi du lourd craquement d\u2019un r\u00e9gime de noix de palme tomb\u00e9 au sol.<\/p>\n\n\n\n<p class=\"wp-block-paragraph\">Sur place, Richard est en train d\u2019ass\u00e9ner un coup \u00ab&nbsp;de ciseau&nbsp;\u00bb, une sorte de long hachoir ac\u00e9r\u00e9, au niveau de la feuille de palmier. Puis, d\u2019un geste pr\u00e9cis, il d\u00e9loge le fruit convoit\u00e9 de \u00ab&nbsp;l\u2019aisselle&nbsp;\u00bb de l\u2019arbre. En moins de 20&nbsp;secondes, c\u2019est fait. Richard, luisant de sueur, ne tra\u00eene pas. Et pour cause&nbsp;: pour \u00eatre pay\u00e9 une journ\u00e9e compl\u00e8te, il doit r\u00e9colter entre 90 et 110&nbsp;r\u00e9gimes. Une cadence \u00e9reintante pour cet homme de 38&nbsp;ans qui travaille sept jours sur sept dans la palmeraie, \u00e0 raison de dix heures par jour pour un salaire quotidien de 1,23&nbsp;euro \u2013 trois fois moins que le salaire minimum en RDC, et en dessous du seuil de pauvret\u00e9 d\u00e9fini par la Banque mondiale (1,62&nbsp;euro par&nbsp;jour).<\/p>\n\n\n\n<p class=\"wp-block-paragraph\"><em>\u00ab<\/em>&nbsp;<em>Si je veux atteindre ce rendement, je dois commencer \u00e0 6&nbsp;heures du matin&nbsp;\u00bb<\/em>, glisse-t-il dans un souffle.&nbsp;<em>\u00ab&nbsp;Tout doit \u00eatre fini avant 16&nbsp;heures, au moment o\u00f9 le camion arrive. Et encore, m\u00eame avec ce rythme, c\u2019est compliqu\u00e9.&nbsp;\u00bb<\/em>&nbsp;Au mois de mars dernier, par exemple, Richard assure avoir travaill\u00e9 \u00e0 temps plein, mais n\u2019a \u00e9t\u00e9 pay\u00e9 que pour 21&nbsp;jours de labeur.&nbsp;<em>\u00ab&nbsp;Ce qui me d\u00e9sole<\/em>, poursuit-il,<em>&nbsp;c\u2019est que m\u00eame en travaillant tr\u00e8s dur, je n\u2019ai pas assez pour nourrir ma famille, ni pour envoyer mes enfants \u00e0 l\u2019\u00e9cole et payer les fournitures.&nbsp;\u00bb<\/em><img decoding=\"async\" src=\"https:\/\/static.mediapart.fr\/etmagine\/default\/files\/2021\/09\/27\/20210927-img-en-rdc-la-france-finance-l-huile-de-palme-au-mepris-des-travailleurs-1.jpg?width=1300&amp;height=867&amp;width_format=pixel&amp;height_format=pixel\" alt=\"Un travailleur non \u00e9quip\u00e9 de tenue de protection \u00e9pand des pesticides dans la palmeraie de Lokutu (RDC), le&nbsp;17 juillet 2021. \u00a9 Photo Anthony Fouchard \/ Disclose\">Un travailleur non \u00e9quip\u00e9 de tenue de protection \u00e9pand des pesticides dans la palmeraie de Lokutu (RDC), le&nbsp;17 juillet 2021. \u00a9 Photo Anthony Fouchard \/ Disclose<\/p>\n\n\n\n<p class=\"wp-block-paragraph\">En huit ans, le salaire de Richard a augment\u00e9 de 50&nbsp;centimes d\u2019euro. Dans le m\u00eame temps, son employeur, la soci\u00e9t\u00e9 Feronia, qui produit chaque ann\u00e9e 41&nbsp;000&nbsp;tonnes d\u2019huile de palme \u2013 une agro-industrie accus\u00e9e de d\u00e9forestation sauvage dans le bassin du Congo \u2013, a b\u00e9n\u00e9fici\u00e9 de pr\u00e8s de 128&nbsp;millions d\u2019euros d\u2019aide de plusieurs banques europ\u00e9ennes. Dont pr\u00e8s de 25&nbsp;millions d\u2019euros vers\u00e9s par l\u2019Agence fran\u00e7aise de d\u00e9veloppement (AFD) et Proparco, sa filiale d\u00e9di\u00e9e au secteur priv\u00e9e.<\/p>\n\n\n\n<p class=\"wp-block-paragraph\">Sollicit\u00e9e, la direction de Proparco assure que ce projet<em>&nbsp;\u00ab&nbsp;r\u00e9pondait \u00e0 l\u2019une de ses priorit\u00e9s qui est de contribuer \u00e0 faire cro\u00eetre le secteur agro-industriel en Afrique, en compl\u00e9mentarit\u00e9 et soutien d\u2019une agriculture familiale et communautaire&nbsp;\u00bb<\/em>. Malgr\u00e9 un accompagnement sur huit ans, cet objectif ne s\u2019est jamais r\u00e9alis\u00e9.<\/p>\n\n\n\n<h2 class=\"wp-block-heading\">Salaire de 51&nbsp;euros mensuels<\/h2>\n\n\n\n<p class=\"wp-block-paragraph\">L\u2019histoire d\u00e9bute en 2012. \u00c0 l\u2019\u00e9poque, le site de production de Feronia est en d\u00e9sh\u00e9rence. Les plantations, dont l\u2019emprise s\u2019\u00e9tend sur l\u2019int\u00e9gralit\u00e9 des terres de la r\u00e9gion de Lokutu, sont quasiment \u00e0 l\u2019abandon&nbsp;: l\u2019usine ne produit alors que six&nbsp;tonnes d\u2019huile de palme par an, et les dettes s\u2019accumulent. Mais pr\u00e8s de 8&nbsp;000&nbsp;m\u00e9nages d\u00e9pendent de l\u2019exploitation. De quoi justifier une demande de soutien financier \u00e0 des bailleurs internationaux dont la mission est d\u2019am\u00e9liorer les conditions de vie des populations locales.<\/p>\n\n\n\n<p class=\"wp-block-paragraph\">En \u00e9change de l\u2019aide internationale, Feronia s\u2019engage \u00e0 mettre en place un plan d\u2019action environnemental et social (PAES), cens\u00e9 b\u00e9n\u00e9ficier aux populations locales et aux travailleurs. Une promesse non tenue&nbsp;: Feronia va rester d\u00e9ficitaire jusqu\u2019\u00e0 sa faillite, en 2020&nbsp;;&nbsp;quant au PAES, ses avanc\u00e9es sont tr\u00e8s \u00e9loign\u00e9es des standards internationaux.<\/p>\n\n\n\n<p class=\"wp-block-paragraph\">Ernest travaille dans les vapeurs de produits chimiques six jours sur sept depuis six ans pour un salaire mensuel de 51&nbsp;euros (120&nbsp;000&nbsp;francs congolais).<\/p>\n\n\n\n<p class=\"wp-block-paragraph\">Au bord de la route en lat\u00e9rite, Ernest, torse nu, se d\u00e9bat pour enfiler une protection en cuir orange qui semble cousue main. L\u2019ouvrier agricole remonte ses gants en plastique bleu jusqu\u2019aux coudes, enfile sa visi\u00e8re de protection et charge sur son dos l\u2019imposant pulv\u00e9risateur de pesticides qu\u2019il va devoir d\u00e9verser autour de plusieurs centaines de palmiers.&nbsp;<em>\u00ab&nbsp;Depuis trois mois, nous avons \u00e9t\u00e9 dot\u00e9s de masques et de visi\u00e8res et nos tenues sont lav\u00e9es tous les soirs \u00e0 l\u2019entreprise&nbsp;\u00bb<\/em>, raconte Ernest, qui travaille dans les vapeurs de produits chimiques six jours sur sept depuis six ans pour un salaire mensuel de 51&nbsp;euros (120&nbsp;000&nbsp;francs congolais). Avant, Ernest et le reste de son \u00e9quipe travaillaient parfois sans chaussures et avec de simples masques chirurgicaux. C\u2019est de retour \u00e0 la maison qu\u2019ils devaient nettoyer chaque soir leur propre combinaison, imbib\u00e9e de produits chimiques.<\/p>\n\n\n\n<p class=\"wp-block-paragraph\"><em>\u00ab&nbsp;Ces am\u00e9liorations sont bonnes pour nous mais elles arrivent trop tard&nbsp;\u00bb<\/em>, rench\u00e9rit Joseph, install\u00e9 \u00e0 ses c\u00f4t\u00e9s. L\u2019homme s\u2019exprime sous couvert d\u2019anonymat, de peur de subir les repr\u00e9sailles de sa hi\u00e9rarchie, comme ce fut le cas en 2019. \u00c0 l\u2019\u00e9poque, des membres de son \u00e9quipe ont t\u00e9moign\u00e9 dans le cadre d\u2019une enqu\u00eate r\u00e9alis\u00e9e par l\u2019ONG Human Rights Watch sur les conditions de travail&nbsp;<em>\u00ab&nbsp;indignes et dangereuses&nbsp;\u00bb<\/em>&nbsp;au sein de l\u2019exploitation. \u00c0 la suite de cette enqu\u00eate, ils ont \u00e9t\u00e9 affect\u00e9s \u00e0 une nouvelle t\u00e2che, p\u00e9nible et sans rapport avec leurs qualifications&nbsp;: le d\u00e9sherbage.&nbsp;<em>\u00ab&nbsp;C\u2019est le travail des man\u0153uvres normalement<\/em>, explique Joseph.&nbsp;<em>Pendant deux mois, sans explication, toute l\u2019\u00e9quipe s\u2019est retrouv\u00e9e \u00e0 enlever les herbes.&nbsp;\u00bb<\/em>&nbsp;Interrog\u00e9e \u00e0 ce sujet, la directrice g\u00e9n\u00e9rale de l\u2019entreprise s\u2019est engag\u00e9e \u00e0&nbsp;<em>\u00ab&nbsp;investiguer&nbsp;<\/em>[&#8230;]<em>&nbsp;sur ces pressions qui vont \u00e0 l\u2019encontre des politiques de la soci\u00e9t\u00e9&nbsp;\u00bb<\/em>.<\/p>\n\n\n\n<blockquote class=\"wp-block-quote is-layout-flow wp-block-quote-is-layout-flow\"><p>Au d\u00e9but, je pensais que c\u2019\u00e9tait juste moi, mais on en a parl\u00e9 entre nous, et on s\u2019est rendu compte qu\u2019on avait tous le m\u00eame probl\u00e8me.&nbsp;<\/p><\/blockquote>\n\n\n\n<p class=\"wp-block-paragraph\">Joseph, un employ\u00e9 de la plantation<\/p>\n\n\n\n<p class=\"wp-block-paragraph\">Dipl\u00f4m\u00e9 en biochimie, avec pr\u00e8s de 10&nbsp;ans d\u2019exp\u00e9rience, Joseph ne d\u00e9col\u00e8re pas.&nbsp;<em>\u00ab&nbsp;Ils ont ruin\u00e9 notre sant\u00e9&nbsp;\u00bb<\/em>, s\u2019emporte-t-il. Il en veut pour preuve un sujet tabou&nbsp;: les probl\u00e8mes d\u2019impuissance sexuelle dont sont victimes la plupart des ouvriers du secteur phytosanitaire de Feronia.&nbsp;<em>\u00ab&nbsp;Personne ne vous le dira, mais apr\u00e8s quelques ann\u00e9es au contact de ces produits, vous ne pouvez plus avoir d\u2019\u00e9rection<\/em>, confie-t-il.&nbsp;<em>Au d\u00e9but, je pensais que c\u2019\u00e9tait juste moi, mais on en a parl\u00e9 entre nous, et on s\u2019est rendu compte qu\u2019on avait tous le m\u00eame probl\u00e8me.&nbsp;\u00bb<\/em><\/p>\n\n\n\n<p class=\"wp-block-paragraph\">Plus d\u2019une dizaine de salari\u00e9s rencontr\u00e9s par Disclose seraient atteints des m\u00eames sympt\u00f4mes. Ce que les directions de Proparco et des autres bailleurs de fonds n\u2019ignorent pas. Interrog\u00e9 sur ce sujet, Proparco indique que la groupe AFD a&nbsp;<em>\u00ab&nbsp;port\u00e9 une grande attention aux rapports publi\u00e9s par la soci\u00e9t\u00e9 civile sur les activit\u00e9s de Feronia&nbsp;\u00bb<\/em>&nbsp;et a&nbsp;<em>\u00ab&nbsp;rencontr\u00e9 r\u00e9guli\u00e8rement les ONG, notamment le CCFD-Terre solidaire et Grain, pour \u00e9changer avec elles sur l\u2019\u00e9volution du projet de r\u00e9habilitation et de relance des plantations par Feronia et, bien \u00e9videmment, sur les questions fonci\u00e8res et les sujets environnementaux et sociaux du plan d\u2019action E&nbsp;&amp;&nbsp;S accompagnant cet investissement&nbsp;\u00bb<\/em>.<img decoding=\"async\" src=\"https:\/\/static.mediapart.fr\/etmagine\/default\/files\/2021\/09\/27\/20210927-img-en-rdc-la-france-finance-l-huile-de-palme-au-mepris-des-travailleurs-2.jpg?width=1300&amp;height=867&amp;width_format=pixel&amp;height_format=pixel\" alt=\"Une \u00e9cole en cours de construction dans le village de Yalifombo (RDC). Les travaux ont d\u00e9but\u00e9 apr\u00e8s la faillite de Feronia en 2020, le 16 juillet 2021. \u00a9 Photo Anthony Fouchard \/ Disclose\">Une \u00e9cole en cours de construction dans le village de Yalifombo (RDC). Les travaux ont d\u00e9but\u00e9 apr\u00e8s la faillite de Feronia en 2020, le 16 juillet 2021. \u00a9 Photo Anthony Fouchard \/ Disclose<\/p>\n\n\n\n<p class=\"wp-block-paragraph\">Sur le terrain, rien ne semble avoir chang\u00e9. Ernest vit toujours avec l\u2019id\u00e9e qu\u2019il puisse souffrir d\u2019un cancer.&nbsp;<em>\u00ab&nbsp;Mais je ne le saurai jamais&nbsp;\u00bb<\/em>, dit-il. Avant de l\u00e2cher&nbsp;:&nbsp;<em>\u00ab&nbsp;Si on ose demander ou qu\u2019on se confie \u00e0 une personne ext\u00e9rieure \u00e0 l\u2019entreprise, nous sommes accus\u00e9s de trahison. En fait, Feronia r\u00e9prime tous ceux qui osent briser le silence.&nbsp;\u00bb<\/em><\/p>\n\n\n\n<h2 class=\"wp-block-heading\">Cinq mois de prison<\/h2>\n\n\n\n<p class=\"wp-block-paragraph\">Cette strat\u00e9gie d\u2019intimidation ne s\u2019arr\u00eate pas aux portes de l\u2019entreprise. Comme en t\u00e9moigne Mokil\u00e9 Iswutele Zouzou, l\u2019un des chefs du village de Yalifombo, situ\u00e9 \u00e0 quelques jets de pierre de la palmeraie. L\u2019homme re\u00e7oit dans sa modeste maison de paille et briques de terre. Ici, l\u2019entreprise a commenc\u00e9 la construction d\u2019une \u00e9cole il y a 3&nbsp;mois. Cette promesse avait \u00e9t\u00e9 sign\u00e9e dans un \u00ab&nbsp;cahier des charges&nbsp;\u00bb n\u00e9goci\u00e9 avec la soci\u00e9t\u00e9 il y a 4&nbsp;ans, en 2017, en \u00e9change du financement des banques europ\u00e9ennes. Dans ce \u00ab&nbsp;cahier&nbsp;\u00bb, les habitants r\u00e9clamaient, entre autres, dix \u00e9coles, deux centres de sant\u00e9, l\u2019entretien des routes, des maisons particuli\u00e8res pour les chefs de secteur, des puits, des t\u00f4les et des sacs de ciment.<\/p>\n\n\n\n<h2 class=\"wp-block-heading\"><\/h2>\n\n\n\n<p class=\"wp-block-paragraph\">Selon Proparco, plus de<em>&nbsp;\u00ab&nbsp;12&nbsp;millions de dollars&nbsp;\u00bb<\/em>&nbsp;auraient \u00e9t\u00e9 d\u00e9pens\u00e9s dans ces divers projets. Or, la plupart d\u2019entre eux demeurent toujours \u00e0 l\u2019\u00e9tat de chantier ou sont inutilisables, comme le d\u00e9voilent des informations disponibles en ligne et des rapports internes \u00e0 l\u2019entreprise que Disclose et Mediapart se sont procur\u00e9s. C\u2019est le cas d\u2019un centre de sant\u00e9 livr\u00e9 sans tables ni chaises, d\u2019une \u00e9cole dont les portes et les fen\u00eatres n\u2019ont toujours pas \u00e9t\u00e9 pos\u00e9es, ou de la route reliant Yalifombo au dispensaire m\u00e9dical jamais entretenue malgr\u00e9 la promesse \u00e9crite dans le cahier des charges.&nbsp;<em>\u00ab&nbsp;La v\u00e9rit\u00e9, c\u2019est que personne ne sait vraiment ce qui a \u00e9t\u00e9 fait avec cet argent&nbsp;\u00bb<\/em>, d\u00e9plore Valentin Brochard, de l\u2019ONG CCFD-Terre solidaire.<\/p>\n\n\n\n<p class=\"wp-block-paragraph\">Pour avoir d\u00e9nonc\u00e9 ces anomalies aux c\u00f4t\u00e9s de quatre autres responsables communautaires, Mokil\u00e9 Iswutele ZouZou a \u00e9t\u00e9 brutalement arr\u00eat\u00e9 chez lui, un soir de mars 2020, aux alentours de 23&nbsp;heures. Les policiers congolais ne lui ont pas fourni la moindre explication. Il n\u2019y a jamais eu de proc\u00e8s. Les cinq&nbsp;hommes ont \u00e9t\u00e9 remis en libert\u00e9 le 27&nbsp;ao\u00fbt 2020, apr\u00e8s 5&nbsp;mois d\u2019emprisonnement et apr\u00e8s s\u2019\u00eatre acquitt\u00e9s de la somme de 40&nbsp;000&nbsp;francs congolais (17&nbsp;euros par personne).&nbsp;<em>\u00ab&nbsp;Voil\u00e0 ce qu\u2019il en co\u00fbte d\u2019essayer de discuter avec l\u2019entreprise\u2026&nbsp;\u00bb<\/em>, l\u00e2che Mokil\u00e9.<\/p>\n\n\n\n<blockquote class=\"wp-block-quote is-layout-flow wp-block-quote-is-layout-flow\"><p>Proparco a investi dans Feronia en se lavant les mains de ce qui allait \u00eatre fait avec son argent.&nbsp;<\/p><\/blockquote>\n\n\n\n<p class=\"wp-block-paragraph\">Valentin Brochard, charg\u00e9 de plaidoyer \u00e0 CCFD-Terre solidaire<\/p>\n\n\n\n<p class=\"wp-block-paragraph\">Durant huit ans, l\u2019AFD a \u00e9t\u00e9 r\u00e9guli\u00e8rement inform\u00e9e des exactions commises par la soci\u00e9t\u00e9 Feronia, notamment&nbsp;<em>via<\/em>&nbsp;les organisations de la soci\u00e9t\u00e9 civile, dont CCFD-Terre solidaire. L\u2019ONG qui \u0153uvre contre la faim dans le monde et la r\u00e9duction des in\u00e9galit\u00e9s a rencontr\u00e9 des repr\u00e9sentants de Proparco, \u00e0 Paris, \u00e0 ce sujet au moins une fois par an depuis 2012. Une plainte a \u00e9galement \u00e9t\u00e9 d\u00e9pos\u00e9e par les communaut\u00e9s locales aupr\u00e8s du m\u00e9canisme ind\u00e9pendant de traitement des r\u00e9clamations environnementales et sociales (ICM), une structure internationale dont Proparco fait partie.<img decoding=\"async\" src=\"https:\/\/static.mediapart.fr\/etmagine\/default\/files\/2021\/09\/27\/20210927-img-en-rdc-la-france-finance-l-huile-de-palme-au-mepris-des-travailleurs-3.jpg?width=1300&amp;height=867&amp;width_format=pixel&amp;height_format=pixel\" alt=\"Un centre de sant\u00e9 construit par la soci\u00e9t\u00e9 Feronia, mais livr\u00e9 sans \u00e9quipements, dans la r\u00e9gion de Lokutu (RDC), le&nbsp;16 juillet 2021. \u00a9 Photo Anthony Fouchard \/ Disclose\">Un centre de sant\u00e9 construit par la soci\u00e9t\u00e9 Feronia, mais livr\u00e9 sans \u00e9quipements, dans la r\u00e9gion de Lokutu (RDC), le&nbsp;16 juillet 2021. \u00a9 Photo Anthony Fouchard \/ Disclose<\/p>\n\n\n\n<p class=\"wp-block-paragraph\"><a href=\"https:\/\/www.deginvest.de\/DEG-Dokumente-weitere-Sprachen\/Verantwortung\/Rapport-provisoire-2021.pdf\" target=\"_blank\" rel=\"noreferrer noopener\">Dans un document de 12 pages<\/a>, et \u00e0 l\u2019issue de deux visites de terrain, les rapporteurs du m\u00e9canisme de traitement des r\u00e9clamations confirment la recevabilit\u00e9 de la plainte et proposent un plan de m\u00e9diation. Selon nos informations, ledit plan n\u2019a toujours pas \u00e9t\u00e9 mis en application. Deux ans apr\u00e8s leur d\u00e9p\u00f4t de plainte, les communaut\u00e9s n\u2019ont toujours pas acc\u00e8s \u00e0 la justice et les exactions se poursuivent.&nbsp;<em>\u00ab&nbsp;Proparco a investi dans Feronia en se lavant les mains de ce qui allait \u00eatre fait avec son argent&nbsp;\u00bb<\/em>, r\u00e9sume Valentin Brochard, charg\u00e9 de plaidoyer \u00e0 CCFD-Terre solidaire. Il conclut&nbsp;:&nbsp;<em>\u00ab&nbsp;Cela va en contradiction avec tous les engagements officiels du groupe AFD.&nbsp;\u00bb<\/em><\/p>\n\n\n\n<p class=\"wp-block-paragraph\">Interrog\u00e9e sur les conditions de vie et de travail des employ\u00e9s de la plantation, Proparco estime que des&nbsp;<em>\u00ab&nbsp;avanc\u00e9es&nbsp;\u00bb<\/em>&nbsp;ont \u00e9t\u00e9 obtenues, parmi lesquelles&nbsp;<em>\u00ab&nbsp;le recours \u00e0 plus de main-d\u2019\u0153uvre permanente&nbsp;\u00bb<\/em>&nbsp;(et non saisonni\u00e8re) et l\u2019augmentation des salaires qui sont d\u00e9sormais<em>&nbsp;\u00ab&nbsp;au-dessus du salaire minimum national&nbsp;\u00bb<\/em>.<\/p>\n\n\n\n<p class=\"wp-block-paragraph\">Quant \u00e0 Feronia (qui a chang\u00e9 de nom apr\u00e8s avoir fait faillite,&nbsp;<em>cf. infra<\/em>), sa directrice g\u00e9n\u00e9rale explique le tr\u00e8s faible nombre de r\u00e9alisations sociales ou \u00e9conomiques par le fait que la plantation&nbsp;<em>\u00ab&nbsp;n\u2019\u00e9tait pas rentable pendant de nombreuses ann\u00e9es&nbsp;\u00bb<\/em>.&nbsp;<em>\u00ab<\/em>&nbsp;<em>La priorisation des investissements s\u2019est donc port\u00e9e sur les op\u00e9rations industrielles et agronomiques afin d\u2019obtenir la durabilit\u00e9 financi\u00e8re&nbsp;<\/em>[&#8230;]<em>&nbsp;qui permettrait, par la suite, de pouvoir efficacement contribuer au d\u00e9veloppement social&nbsp;\u00bb<\/em>, justifie-t-elle.<\/p>\n\n\n\n<h2 class=\"wp-block-heading\">16&nbsp;600 euros pour \u00ab&nbsp;ne plus d\u00e9ranger&nbsp;\u00bb l\u2019entreprise<\/h2>\n\n\n\n<p class=\"wp-block-paragraph\">L\u2019absence de rentabilit\u00e9 de la plantation n\u2019explique pas tout. Elle n\u2019explique pas, par exemple, les&nbsp;<a href=\"https:\/\/www.mediapart.fr\/journal\/international\/190715\/l-agence-francaise-de-developpement-est-accusee-d-accaparement-foncier-en-rdc\">accusations d\u2019accaparement des terres<\/a>&nbsp;dont fait l\u2019objet Feronia. En 2015, la soci\u00e9t\u00e9 a morcel\u00e9 la plantation en 138&nbsp;concessions, ce qui opacifie leur gestion, sans que les communaut\u00e9s locales n\u2019aient jamais \u00e9t\u00e9 associ\u00e9es. Des accusations dont la filiale de l\u2019AFD semble ne s\u2019\u00eatre jamais souci\u00e9e. Lors de plusieurs r\u00e9unions avec les organisations de la soci\u00e9t\u00e9 civile, les repr\u00e9sentants de Proparco auraient renvoy\u00e9 la responsabilit\u00e9 de cette v\u00e9rification \u00e0 ses&nbsp;<em>\u00ab&nbsp;homologues europ\u00e9ens&nbsp;\u00bb<\/em>.<img decoding=\"async\" src=\"https:\/\/static.mediapart.fr\/etmagine\/default\/files\/2021\/09\/27\/20210927-img-en-rdc-la-france-finance-l-huile-de-palme-au-mepris-des-travailleurs-4.jpg?width=1300&amp;height=867&amp;width_format=pixel&amp;height_format=pixel\" alt=\"Eddy se recueille sur la tombe de son fr\u00e8re, Blaise Mokwe, tu\u00e9 par des membres de la s\u00e9curit\u00e9 de gardiennage de la soci\u00e9t\u00e9 Feronia, dans le village de Lokutu (RDC), le&nbsp;18 juillet 2021. \u00a9 Photo Anthony Fouchard \/ Disclose\">Eddy se recueille sur la tombe de son fr\u00e8re, Blaise Mokwe, tu\u00e9 par des membres de la s\u00e9curit\u00e9 de gardiennage de la soci\u00e9t\u00e9 Feronia, dans le village de Lokutu (RDC), le&nbsp;18 juillet 2021. \u00a9 Photo Anthony Fouchard \/ Disclose<\/p>\n\n\n\n<p class=\"wp-block-paragraph\">Feronia et sa compagnie de s\u00e9curit\u00e9 d\u00e9di\u00e9e \u00e0 la&nbsp;<em>\u00ab&nbsp;s\u00e9curisation des plantations&nbsp;\u00bb&nbsp;<\/em>sont \u00e9galement sous le coup de nombreuses all\u00e9gations de violations des droits humains. Comme ce 21&nbsp;f\u00e9vrier dernier o\u00f9 un jeune homme, Blaise Mokwe, a d\u00fb traverser les plantations de l\u2019entreprise pour rendre visite \u00e0 sa m\u00e8re, \u00e0 25&nbsp;kilom\u00e8tres de Lokutu, dans le petit village de Mosit\u00e9. Une machette \u00e0 la main, comme c\u2019est souvent le cas dans cette r\u00e9gion, Blaise s\u2019est fait interpeller par \u00ab&nbsp;les gardes industriels&nbsp;\u00bb de l\u2019entreprise.&nbsp;<em>\u00ab&nbsp;Ils l\u2019ont pris pour un voleur de noix de palme, et l\u2019ont violemment tabass\u00e9&nbsp;\u00bb<\/em>, explique son fr\u00e8re a\u00een\u00e9, Eddy Baitata Lisemu. Conduit \u00e0 la prison de Lokutu, il sera lib\u00e9r\u00e9 quelques heures plus tard avant de d\u00e9c\u00e9der dans la nuit.<\/p>\n\n\n\n<blockquote class=\"wp-block-quote is-layout-flow wp-block-quote-is-layout-flow\"><p>J\u2019ai os\u00e9 demander \u00e0 ce qu\u2019un v\u00e9hicule soit mis \u00e0 notre disposition pour aller l\u2019inhumer. Ils ont refus\u00e9.&nbsp;<\/p><\/blockquote>\n\n\n\n<p class=\"wp-block-paragraph\">Eddy Batata Lisemu, fr\u00e8re de la victime<\/p>\n\n\n\n<p class=\"wp-block-paragraph\">D\u2019apr\u00e8s un rapport m\u00e9dical que Disclose s\u2019est procur\u00e9, le jeune homme est mort des suites d\u2019une&nbsp;<em>\u00ab&nbsp;fracture \u00e0 l\u2019avant-bras droit&nbsp;\u00bb<\/em>&nbsp;et d\u2019une blessure traumatique \u00e0 la poitrine. Le lendemain, l\u2019entreprise versera 86&nbsp;euros (200&nbsp;000&nbsp;francs congolais) \u00e0 la famille pour l\u2019achat du cercueil.&nbsp;<em>\u00ab&nbsp;J\u2019ai os\u00e9 demander \u00e0 ce qu\u2019un v\u00e9hicule soit mis \u00e0 notre disposition pour aller l\u2019inhumer. Ils ont refus\u00e9&nbsp;\u00bb<\/em>, poursuit le fr\u00e8re de la victime. En r\u00e9action, il d\u00e9pose le corps de Blaise devant les portes de la soci\u00e9t\u00e9. Cela suffit \u00e0 convaincre les dirigeants de Feronia, qui versent 215&nbsp;euros (500&nbsp;000&nbsp;francs congolais) suppl\u00e9mentaires pour l\u2019enterrement.<\/p>\n\n\n\n<h2 class=\"wp-block-heading\"><\/h2>\n\n\n\n<p class=\"wp-block-paragraph\">Pour cela, Eddy doit signer deux documents de&nbsp;<em>\u00ab&nbsp;reconnaissance&nbsp;\u00bb<\/em>&nbsp;qui mentionnent le montant d\u00e9livr\u00e9 par la soci\u00e9t\u00e9. Dans celui dat\u00e9 du 23&nbsp;f\u00e9vrier&nbsp;2021, sign\u00e9 par les repr\u00e9sentants de Ferronia, il est \u00e9crit qu\u2019Eddy,&nbsp;<em>\u00ab&nbsp;responsable du feu Blaise Mokwe Matu, tortur\u00e9 par les gardes industriels de la soci\u00e9t\u00e9 PHC, reconna<\/em>[\u00eet]<em>&nbsp;avoir retir\u00e9 au main de ladite soci\u00e9t\u00e9 la somme de 500&nbsp;000&nbsp;FC&nbsp;\u00bb<\/em>.<\/p>\n\n\n\n<p class=\"wp-block-paragraph\">Mais ce qui aurait pu \u00eatre un simple d\u00e9dommagement \u00ab&nbsp;culturel&nbsp;\u00bb, au vu des us et coutumes pratiqu\u00e9s dans la zone, finit par ressembler \u00e0 une r\u00e9elle volont\u00e9 d\u2019enterrer l\u2019affaire juridiquement. Rapidement, une d\u00e9l\u00e9gation d\u2019autorit\u00e9s locales, pr\u00e9sid\u00e9e par le ministre provincial de l\u2019int\u00e9rieur, intervient aupr\u00e8s de la famille Mokwe. Ils insistent pour qu\u2019Eddy r\u00e9dige un \u00ab&nbsp;cahier des charges&nbsp;\u00bb, une sorte de liste de dol\u00e9ances \u00e0 la suite du meurtre de leur proche. Le 30&nbsp;avril 2021, un document de r\u00e9solution de m\u00e9diation est imprim\u00e9. Contre une somme rondelette (16&nbsp;600&nbsp;euros), la famille Mokwe doit signer un \u00ab&nbsp;acte de reconnaissance&nbsp;\u00bb qui se conclut sur cette derni\u00e8re phrase&nbsp;:&nbsp;<em>\u00ab&nbsp;Nous demandons \u00e0 toute personne de la famille de ne pas d\u00e9ranger ladite soci\u00e9t\u00e9.&nbsp;\u00bb<\/em><\/p>\n\n\n\n<p class=\"wp-block-paragraph\">Interrog\u00e9e sur ce paiement, et le fait qu\u2019il puisse avoir \u00e9t\u00e9 \u00e9mis afin de dissuader la famille de d\u00e9poser plainte, Feronia se borne \u00e0 r\u00e9pondre que ce versement a \u00e9t\u00e9 fait&nbsp;<em>\u00ab&nbsp;\u00e0 la suite d\u2019une m\u00e9diation publique&nbsp;<\/em>[&#8230;]<em>&nbsp;o\u00f9 les diff\u00e9rentes parties \u00e9taient pr\u00e9sentes&nbsp;\u00bb<\/em>.<\/p>\n\n\n\n<p class=\"wp-block-paragraph\">Interrog\u00e9e sur le cas de Blaise Mokwe, et plus g\u00e9n\u00e9ralement sur les accusations d\u2019exactions, violences, corruption, tentatives d\u2019obstruction \u00e0 la justice et arrestations arbitraires, Proparco a fait savoir que les&nbsp;<em>\u00ab&nbsp;faits et t\u00e9moignages \u00e9voqu\u00e9s&nbsp;<\/em>[\u00e9taient]<em>&nbsp;extr\u00eamement choquants&nbsp;\u00bb<\/em>&nbsp;et qu\u2019elle&nbsp;<em>\u00ab&nbsp;condamn<\/em>[ait]<em>&nbsp;ces agissements&nbsp;\u00bb<\/em>, tout en soulignant qu\u2019elle n\u2019avait plus de liens avec Feronia depuis novembre 2020.<\/p>\n\n\n\n<h2 class=\"wp-block-heading\">Mort pour une chaise en plastique<\/h2>\n\n\n\n<p class=\"wp-block-paragraph\">En 2020 en effet, Feronia a fait faillite et les banques de d\u00e9veloppement se sont presque toutes retir\u00e9es du projet. La plantation a \u00e9t\u00e9 reprise par un fonds d\u2019investissement bas\u00e9 \u00e0 Maurice, Straight KKM 2 Limited. Dans un laconique communiqu\u00e9, publi\u00e9 en avril 2021, le groupe AFD acte&nbsp;<em>\u00ab&nbsp;la fin de&nbsp;<\/em>[s]<em>a participation indirecte&nbsp;\u00bb<\/em>&nbsp;dans l\u2019entreprise. En revanche, l\u2019AFD n\u2019a pas r\u00e9pondu \u00e0 nos questions sur le montant des pertes financi\u00e8res engendr\u00e9es par cet investissement.<\/p>\n\n\n\n<p class=\"wp-block-paragraph\">\u00c0 Lokutu, les travailleurs et les communaut\u00e9s villageoises n\u2019ont aucune information sur les d\u00e9boires judiciaires de la soci\u00e9t\u00e9. Papy Lonkonfo, le responsable du service social de la compagnie se veut prosa\u00efque&nbsp;:&nbsp;<em>\u00ab&nbsp;Sans cette entreprise ici, qu\u2019est-ce qu\u2019il y aurait&nbsp;? C\u2019est mieux que rien.&nbsp;\u00bb<\/em>&nbsp;En attendant que la situation juridique soit clarifi\u00e9e, les habitants et les travailleurs des palmeraies vont devoir se contenter encore quelque temps du \u00ab&nbsp;mieux que rien&nbsp;\u00bb.<\/p>\n\n\n\n<p class=\"wp-block-paragraph\">Quant aux cadres de la plantation, ils ne semblent pas avoir chang\u00e9 de m\u00e9thodes. En mars 2021, un homme a encore trouv\u00e9 la mort dans des circonstances troubles. Manu Efolafola, accus\u00e9 d\u2019un vol de chaise en plastique, \u00e9tait escort\u00e9 sur le fleuve en pirogue par un membre de la s\u00e9curit\u00e9 de la plantation et par des policiers lorsqu\u2019il est tomb\u00e9 \u00e0 l\u2019eau, les mains entrav\u00e9es par une corde. Son corps n\u2019a jamais \u00e9t\u00e9 retrouv\u00e9.<\/p>\n\n\n\n<div data-wp-interactive=\"core\/file\" class=\"wp-block-file\"><object data-wp-bind--hidden=\"!state.hasPdfPreview\" hidden class=\"wp-block-file__embed\" data=\"https:\/\/congovirtuel.com\/information\/wp-content\/uploads\/2021\/09\/Rapport-provisoire-2021.pdf\" type=\"application\/pdf\" style=\"width:100%;height:600px\" aria-label=\"Contenu embarqu\u00e9 Embed of Rapport-provisoire-2021..\"><\/object><a href=\"https:\/\/congovirtuel.com\/information\/wp-content\/uploads\/2021\/09\/Rapport-provisoire-2021.pdf\">Rapport-provisoire-2021<\/a><a href=\"https:\/\/congovirtuel.com\/information\/wp-content\/uploads\/2021\/09\/Rapport-provisoire-2021.pdf\" class=\"wp-block-file__button\" download>T\u00e9l\u00e9charger<\/a><\/div>\n\n\n\n<p class=\"wp-block-paragraph\"><\/p>\n\n\n\n<p class=\"wp-block-paragraph\"><strong>Mediapart<\/strong><\/p>\n","protected":false,"gt_translate_keys":[{"key":"rendered","format":"html"}]},"excerpt":{"rendered":"<p>En R\u00e9publique d\u00e9mocratique du Congo, l\u2019AFD a financ\u00e9 pendant huit ans une plantation d\u2019huile de palme dont les g\u00e9rants et la soci\u00e9t\u00e9 de gardiennage sont accus\u00e9s de meurtres et d\u2019accaparement des terres.&nbsp;Avant d\u2019enfin prendre ses distances fin 2020. Lokutu (R\u00e9publique d\u00e9mocratique du Congo).\u2013&nbsp;La plantation de palmiers \u00e0 huile de Lokutu, en plein c\u0153ur de la R\u00e9publique d\u00e9mocratique du Congo, est si vaste qu\u2019elle semble abandonn\u00e9e. Pour d\u00e9nicher les travailleurs parmi les 20&nbsp;000&nbsp;hectares d\u2019exploitation, il faut se laisser guider par le bruit des machettes, aussit\u00f4t suivi du lourd craquement d\u2019un r\u00e9gime&hellip;<\/p>\n","protected":false,"gt_translate_keys":[{"key":"rendered","format":"html"}]},"author":1,"featured_media":14109,"comment_status":"open","ping_status":"open","sticky":false,"template":"","format":"standard","meta":{"_crdt_document":"","footnotes":""},"categories":[5],"tags":[22511,22510],"class_list":["post-14106","post","type-post","status-publish","format-standard","has-post-thumbnail","hentry","category-violences","tag-huile-de-palmes","tag-lokutu"],"gutentor_comment":0,"yoast_head":"<!-- This site is optimized with the Yoast SEO plugin v27.5 - https:\/\/yoast.com\/product\/yoast-seo-wordpress\/ -->\n<title>RDC-Lokutu : la France a fourni 25 millions d\u2019euros \u00e0 Feronia, une entreprise d\u2019huile de palme accus\u00e9e de meurtres et d\u2019accaparement des terres - Actualit\u00e9s congolaises et internationales<\/title>\n<meta name=\"robots\" content=\"index, follow, max-snippet:-1, max-image-preview:large, max-video-preview:-1\" \/>\n<link rel=\"canonical\" href=\"https:\/\/congovirtuel.com\/information\/rdc-lokutu-lhuile-de-palme-au-mepris-des-droits-humains\/\" \/>\n<meta property=\"og:locale\" content=\"fr_FR\" \/>\n<meta property=\"og:type\" content=\"article\" \/>\n<meta property=\"og:title\" content=\"RDC-Lokutu : la France a fourni 25 millions d\u2019euros \u00e0 Feronia, une entreprise d\u2019huile de palme accus\u00e9e de meurtres et d\u2019accaparement des terres - Actualit\u00e9s congolaises et internationales\" \/>\n<meta property=\"og:description\" content=\"En R\u00e9publique d\u00e9mocratique du Congo, l\u2019AFD a financ\u00e9 pendant huit ans une plantation d\u2019huile de palme dont les g\u00e9rants et la soci\u00e9t\u00e9 de gardiennage sont accus\u00e9s de meurtres et d\u2019accaparement des terres.&nbsp;Avant d\u2019enfin prendre ses distances fin 2020. Lokutu (R\u00e9publique d\u00e9mocratique du Congo).\u2013&nbsp;La plantation de palmiers \u00e0 huile de Lokutu, en plein c\u0153ur de la R\u00e9publique d\u00e9mocratique du Congo, est si vaste qu\u2019elle semble abandonn\u00e9e. Pour d\u00e9nicher les travailleurs parmi les 20&nbsp;000&nbsp;hectares d\u2019exploitation, il faut se laisser guider par le bruit des machettes, aussit\u00f4t suivi du lourd craquement d\u2019un r\u00e9gime&hellip;\" \/>\n<meta property=\"og:url\" content=\"https:\/\/congovirtuel.com\/information\/rdc-lokutu-lhuile-de-palme-au-mepris-des-droits-humains\/\" \/>\n<meta property=\"og:site_name\" content=\"Actualit\u00e9s congolaises et internationales\" \/>\n<meta property=\"article:publisher\" content=\"https:\/\/web.facebook.com\/Congovirtuel-763617960319601\/?ref=aymt_homepage_panel&amp;amp%3bamp%3bamp%3bamp%3bamp%3bamp%3bamp%3bamp%3bamp%3bamp%3bamp%3beid=ARCoxULa66767kIgF_KYav6VdjXTI4yk_LW4yoVO9s6NXpysgb7Cb65vpxcxgqzOAKvIbLQxaAETcqHT\" \/>\n<meta property=\"article:published_time\" content=\"2021-09-28T11:02:15+00:00\" \/>\n<meta property=\"article:modified_time\" content=\"2021-09-28T13:09:18+00:00\" \/>\n<meta property=\"og:image\" content=\"https:\/\/congovirtuel.com\/information\/wp-content\/uploads\/2021\/09\/lokutu.jpg\" \/>\n\t<meta property=\"og:image:width\" content=\"900\" \/>\n\t<meta property=\"og:image:height\" content=\"450\" \/>\n\t<meta property=\"og:image:type\" content=\"image\/jpeg\" \/>\n<meta name=\"author\" content=\"infocongovirtuel\" \/>\n<meta name=\"twitter:card\" content=\"summary_large_image\" \/>\n<meta name=\"twitter:creator\" content=\"@congovirtuel\" \/>\n<meta name=\"twitter:site\" content=\"@congovirtuel\" \/>\n<meta name=\"twitter:label1\" content=\"\u00c9crit par\" \/>\n\t<meta name=\"twitter:data1\" content=\"infocongovirtuel\" \/>\n\t<meta name=\"twitter:label2\" content=\"Dur\u00e9e de lecture estim\u00e9e\" \/>\n\t<meta name=\"twitter:data2\" content=\"13 minutes\" \/>\n<script type=\"application\/ld+json\" class=\"yoast-schema-graph\">{\"@context\":\"https:\\\/\\\/schema.org\",\"@graph\":[{\"@type\":\"Article\",\"@id\":\"https:\\\/\\\/congovirtuel.com\\\/information\\\/rdc-lokutu-lhuile-de-palme-au-mepris-des-droits-humains\\\/#article\",\"isPartOf\":{\"@id\":\"https:\\\/\\\/congovirtuel.com\\\/information\\\/rdc-lokutu-lhuile-de-palme-au-mepris-des-droits-humains\\\/\"},\"author\":{\"name\":\"infocongovirtuel\",\"@id\":\"https:\\\/\\\/congovirtuel.com\\\/information\\\/#\\\/schema\\\/person\\\/739a44bf7990966cb53d58d2fdeca0b6\"},\"headline\":\"RDC-Lokutu : la France a fourni 25 millions d\u2019euros \u00e0 Feronia, une entreprise d\u2019huile de palme accus\u00e9e de meurtres et d\u2019accaparement des terres\",\"datePublished\":\"2021-09-28T11:02:15+00:00\",\"dateModified\":\"2021-09-28T13:09:18+00:00\",\"mainEntityOfPage\":{\"@id\":\"https:\\\/\\\/congovirtuel.com\\\/information\\\/rdc-lokutu-lhuile-de-palme-au-mepris-des-droits-humains\\\/\"},\"wordCount\":3407,\"commentCount\":0,\"publisher\":{\"@id\":\"https:\\\/\\\/congovirtuel.com\\\/information\\\/#organization\"},\"image\":{\"@id\":\"https:\\\/\\\/congovirtuel.com\\\/information\\\/rdc-lokutu-lhuile-de-palme-au-mepris-des-droits-humains\\\/#primaryimage\"},\"thumbnailUrl\":\"https:\\\/\\\/congovirtuel.com\\\/information\\\/wp-content\\\/uploads\\\/2021\\\/09\\\/lokutu.jpg\",\"keywords\":[\"huile de palmes\",\"Lokutu\"],\"articleSection\":[\"violences\"],\"inLanguage\":\"fr-FR\",\"potentialAction\":[{\"@type\":\"CommentAction\",\"name\":\"Comment\",\"target\":[\"https:\\\/\\\/congovirtuel.com\\\/information\\\/rdc-lokutu-lhuile-de-palme-au-mepris-des-droits-humains\\\/#respond\"]}]},{\"@type\":\"WebPage\",\"@id\":\"https:\\\/\\\/congovirtuel.com\\\/information\\\/rdc-lokutu-lhuile-de-palme-au-mepris-des-droits-humains\\\/\",\"url\":\"https:\\\/\\\/congovirtuel.com\\\/information\\\/rdc-lokutu-lhuile-de-palme-au-mepris-des-droits-humains\\\/\",\"name\":\"RDC-Lokutu : la France a fourni 25 millions d\u2019euros \u00e0 Feronia, une entreprise d\u2019huile de palme accus\u00e9e de meurtres et d\u2019accaparement des terres - Actualit\u00e9s congolaises et internationales\",\"isPartOf\":{\"@id\":\"https:\\\/\\\/congovirtuel.com\\\/information\\\/#website\"},\"primaryImageOfPage\":{\"@id\":\"https:\\\/\\\/congovirtuel.com\\\/information\\\/rdc-lokutu-lhuile-de-palme-au-mepris-des-droits-humains\\\/#primaryimage\"},\"image\":{\"@id\":\"https:\\\/\\\/congovirtuel.com\\\/information\\\/rdc-lokutu-lhuile-de-palme-au-mepris-des-droits-humains\\\/#primaryimage\"},\"thumbnailUrl\":\"https:\\\/\\\/congovirtuel.com\\\/information\\\/wp-content\\\/uploads\\\/2021\\\/09\\\/lokutu.jpg\",\"datePublished\":\"2021-09-28T11:02:15+00:00\",\"dateModified\":\"2021-09-28T13:09:18+00:00\",\"breadcrumb\":{\"@id\":\"https:\\\/\\\/congovirtuel.com\\\/information\\\/rdc-lokutu-lhuile-de-palme-au-mepris-des-droits-humains\\\/#breadcrumb\"},\"inLanguage\":\"fr-FR\",\"potentialAction\":[{\"@type\":\"ReadAction\",\"target\":[\"https:\\\/\\\/congovirtuel.com\\\/information\\\/rdc-lokutu-lhuile-de-palme-au-mepris-des-droits-humains\\\/\"]}]},{\"@type\":\"ImageObject\",\"inLanguage\":\"fr-FR\",\"@id\":\"https:\\\/\\\/congovirtuel.com\\\/information\\\/rdc-lokutu-lhuile-de-palme-au-mepris-des-droits-humains\\\/#primaryimage\",\"url\":\"https:\\\/\\\/congovirtuel.com\\\/information\\\/wp-content\\\/uploads\\\/2021\\\/09\\\/lokutu.jpg\",\"contentUrl\":\"https:\\\/\\\/congovirtuel.com\\\/information\\\/wp-content\\\/uploads\\\/2021\\\/09\\\/lokutu.jpg\",\"width\":900,\"height\":450,\"caption\":\"Lokutu\"},{\"@type\":\"BreadcrumbList\",\"@id\":\"https:\\\/\\\/congovirtuel.com\\\/information\\\/rdc-lokutu-lhuile-de-palme-au-mepris-des-droits-humains\\\/#breadcrumb\",\"itemListElement\":[{\"@type\":\"ListItem\",\"position\":1,\"name\":\"Accueil\",\"item\":\"https:\\\/\\\/congovirtuel.com\\\/information\\\/\"},{\"@type\":\"ListItem\",\"position\":2,\"name\":\"RDC-Lokutu : la France a fourni 25 millions d\u2019euros \u00e0 Feronia, une entreprise d\u2019huile de palme accus\u00e9e de meurtres et d\u2019accaparement des terres\"}]},{\"@type\":\"WebSite\",\"@id\":\"https:\\\/\\\/congovirtuel.com\\\/information\\\/#website\",\"url\":\"https:\\\/\\\/congovirtuel.com\\\/information\\\/\",\"name\":\"Actualit\u00e9s congolaises et internationales\",\"description\":\"site d&#039;analyse et de traitement d&#039;information\",\"publisher\":{\"@id\":\"https:\\\/\\\/congovirtuel.com\\\/information\\\/#organization\"},\"potentialAction\":[{\"@type\":\"SearchAction\",\"target\":{\"@type\":\"EntryPoint\",\"urlTemplate\":\"https:\\\/\\\/congovirtuel.com\\\/information\\\/?s={search_term_string}\"},\"query-input\":{\"@type\":\"PropertyValueSpecification\",\"valueRequired\":true,\"valueName\":\"search_term_string\"}}],\"inLanguage\":\"fr-FR\"},{\"@type\":\"Organization\",\"@id\":\"https:\\\/\\\/congovirtuel.com\\\/information\\\/#organization\",\"name\":\"Biblioth\u00e8que Virtuelle de la RDC\",\"url\":\"https:\\\/\\\/congovirtuel.com\\\/information\\\/\",\"logo\":{\"@type\":\"ImageObject\",\"inLanguage\":\"fr-FR\",\"@id\":\"https:\\\/\\\/congovirtuel.com\\\/information\\\/#\\\/schema\\\/logo\\\/image\\\/\",\"url\":\"https:\\\/\\\/congovirtuel.com\\\/information\\\/wp-content\\\/uploads\\\/2018\\\/10\\\/header-info-congovirtuel-vraie.jpg\",\"contentUrl\":\"https:\\\/\\\/congovirtuel.com\\\/information\\\/wp-content\\\/uploads\\\/2018\\\/10\\\/header-info-congovirtuel-vraie.jpg\",\"width\":728,\"height\":90,\"caption\":\"Biblioth\u00e8que Virtuelle de la RDC\"},\"image\":{\"@id\":\"https:\\\/\\\/congovirtuel.com\\\/information\\\/#\\\/schema\\\/logo\\\/image\\\/\"},\"sameAs\":[\"https:\\\/\\\/web.facebook.com\\\/Congovirtuel-763617960319601\\\/?ref=aymt_homepage_panel&amp;amp;amp;amp;amp;amp;amp;amp;amp;amp;amp;eid=ARCoxULa66767kIgF_KYav6VdjXTI4yk_LW4yoVO9s6NXpysgb7Cb65vpxcxgqzOAKvIbLQxaAETcqHT\",\"https:\\\/\\\/x.com\\\/congovirtuel\",\"https:\\\/\\\/www.youtube.com\\\/channel\\\/UCkFfprYzGgS3EWNpeMXpToQ?view_as=subscriber\"]},{\"@type\":\"Person\",\"@id\":\"https:\\\/\\\/congovirtuel.com\\\/information\\\/#\\\/schema\\\/person\\\/739a44bf7990966cb53d58d2fdeca0b6\",\"name\":\"infocongovirtuel\",\"image\":{\"@type\":\"ImageObject\",\"inLanguage\":\"fr-FR\",\"@id\":\"https:\\\/\\\/secure.gravatar.com\\\/avatar\\\/4d76991aa72469f0eb22e772586c99113c6997f88da636a9db8f2ce3a2c05e69?s=96&d=mm&r=g\",\"url\":\"https:\\\/\\\/secure.gravatar.com\\\/avatar\\\/4d76991aa72469f0eb22e772586c99113c6997f88da636a9db8f2ce3a2c05e69?s=96&d=mm&r=g\",\"contentUrl\":\"https:\\\/\\\/secure.gravatar.com\\\/avatar\\\/4d76991aa72469f0eb22e772586c99113c6997f88da636a9db8f2ce3a2c05e69?s=96&d=mm&r=g\",\"caption\":\"infocongovirtuel\"},\"url\":\"https:\\\/\\\/congovirtuel.com\\\/information\\\/author\\\/infocongovirtuel\\\/\"}]}<\/script>\n<!-- \/ Yoast SEO plugin. -->","yoast_head_json":{"title":"RDC-Lokutu : la France a fourni 25 millions d\u2019euros \u00e0 Feronia, une entreprise d\u2019huile de palme accus\u00e9e de meurtres et d\u2019accaparement des terres - Actualit\u00e9s congolaises et internationales","robots":{"index":"index","follow":"follow","max-snippet":"max-snippet:-1","max-image-preview":"max-image-preview:large","max-video-preview":"max-video-preview:-1"},"canonical":"https:\/\/congovirtuel.com\/information\/rdc-lokutu-lhuile-de-palme-au-mepris-des-droits-humains\/","og_locale":"fr_FR","og_type":"article","og_title":"RDC-Lokutu : la France a fourni 25 millions d\u2019euros \u00e0 Feronia, une entreprise d\u2019huile de palme accus\u00e9e de meurtres et d\u2019accaparement des terres - Actualit\u00e9s congolaises et internationales","og_description":"En R\u00e9publique d\u00e9mocratique du Congo, l\u2019AFD a financ\u00e9 pendant huit ans une plantation d\u2019huile de palme dont les g\u00e9rants et la soci\u00e9t\u00e9 de gardiennage sont accus\u00e9s de meurtres et d\u2019accaparement des terres.&nbsp;Avant d\u2019enfin prendre ses distances fin 2020. Lokutu (R\u00e9publique d\u00e9mocratique du Congo).\u2013&nbsp;La plantation de palmiers \u00e0 huile de Lokutu, en plein c\u0153ur de la R\u00e9publique d\u00e9mocratique du Congo, est si vaste qu\u2019elle semble abandonn\u00e9e. Pour d\u00e9nicher les travailleurs parmi les 20&nbsp;000&nbsp;hectares d\u2019exploitation, il faut se laisser guider par le bruit des machettes, aussit\u00f4t suivi du lourd craquement d\u2019un r\u00e9gime&hellip;","og_url":"https:\/\/congovirtuel.com\/information\/rdc-lokutu-lhuile-de-palme-au-mepris-des-droits-humains\/","og_site_name":"Actualit\u00e9s congolaises et internationales","article_publisher":"https:\/\/web.facebook.com\/Congovirtuel-763617960319601\/?ref=aymt_homepage_panel&amp%3bamp%3bamp%3bamp%3bamp%3bamp%3bamp%3bamp%3bamp%3bamp%3bamp%3beid=ARCoxULa66767kIgF_KYav6VdjXTI4yk_LW4yoVO9s6NXpysgb7Cb65vpxcxgqzOAKvIbLQxaAETcqHT","article_published_time":"2021-09-28T11:02:15+00:00","article_modified_time":"2021-09-28T13:09:18+00:00","og_image":[{"width":900,"height":450,"url":"https:\/\/congovirtuel.com\/information\/wp-content\/uploads\/2021\/09\/lokutu.jpg","type":"image\/jpeg"}],"author":"infocongovirtuel","twitter_card":"summary_large_image","twitter_creator":"@congovirtuel","twitter_site":"@congovirtuel","twitter_misc":{"\u00c9crit par":"infocongovirtuel","Dur\u00e9e de lecture estim\u00e9e":"13 minutes"},"schema":{"@context":"https:\/\/schema.org","@graph":[{"@type":"Article","@id":"https:\/\/congovirtuel.com\/information\/rdc-lokutu-lhuile-de-palme-au-mepris-des-droits-humains\/#article","isPartOf":{"@id":"https:\/\/congovirtuel.com\/information\/rdc-lokutu-lhuile-de-palme-au-mepris-des-droits-humains\/"},"author":{"name":"infocongovirtuel","@id":"https:\/\/congovirtuel.com\/information\/#\/schema\/person\/739a44bf7990966cb53d58d2fdeca0b6"},"headline":"RDC-Lokutu : la France a fourni 25 millions d\u2019euros \u00e0 Feronia, une entreprise d\u2019huile de palme accus\u00e9e de meurtres et d\u2019accaparement des terres","datePublished":"2021-09-28T11:02:15+00:00","dateModified":"2021-09-28T13:09:18+00:00","mainEntityOfPage":{"@id":"https:\/\/congovirtuel.com\/information\/rdc-lokutu-lhuile-de-palme-au-mepris-des-droits-humains\/"},"wordCount":3407,"commentCount":0,"publisher":{"@id":"https:\/\/congovirtuel.com\/information\/#organization"},"image":{"@id":"https:\/\/congovirtuel.com\/information\/rdc-lokutu-lhuile-de-palme-au-mepris-des-droits-humains\/#primaryimage"},"thumbnailUrl":"https:\/\/congovirtuel.com\/information\/wp-content\/uploads\/2021\/09\/lokutu.jpg","keywords":["huile de palmes","Lokutu"],"articleSection":["violences"],"inLanguage":"fr-FR","potentialAction":[{"@type":"CommentAction","name":"Comment","target":["https:\/\/congovirtuel.com\/information\/rdc-lokutu-lhuile-de-palme-au-mepris-des-droits-humains\/#respond"]}]},{"@type":"WebPage","@id":"https:\/\/congovirtuel.com\/information\/rdc-lokutu-lhuile-de-palme-au-mepris-des-droits-humains\/","url":"https:\/\/congovirtuel.com\/information\/rdc-lokutu-lhuile-de-palme-au-mepris-des-droits-humains\/","name":"RDC-Lokutu : la France a fourni 25 millions d\u2019euros \u00e0 Feronia, une entreprise d\u2019huile de palme accus\u00e9e de meurtres et d\u2019accaparement des terres - Actualit\u00e9s congolaises et internationales","isPartOf":{"@id":"https:\/\/congovirtuel.com\/information\/#website"},"primaryImageOfPage":{"@id":"https:\/\/congovirtuel.com\/information\/rdc-lokutu-lhuile-de-palme-au-mepris-des-droits-humains\/#primaryimage"},"image":{"@id":"https:\/\/congovirtuel.com\/information\/rdc-lokutu-lhuile-de-palme-au-mepris-des-droits-humains\/#primaryimage"},"thumbnailUrl":"https:\/\/congovirtuel.com\/information\/wp-content\/uploads\/2021\/09\/lokutu.jpg","datePublished":"2021-09-28T11:02:15+00:00","dateModified":"2021-09-28T13:09:18+00:00","breadcrumb":{"@id":"https:\/\/congovirtuel.com\/information\/rdc-lokutu-lhuile-de-palme-au-mepris-des-droits-humains\/#breadcrumb"},"inLanguage":"fr-FR","potentialAction":[{"@type":"ReadAction","target":["https:\/\/congovirtuel.com\/information\/rdc-lokutu-lhuile-de-palme-au-mepris-des-droits-humains\/"]}]},{"@type":"ImageObject","inLanguage":"fr-FR","@id":"https:\/\/congovirtuel.com\/information\/rdc-lokutu-lhuile-de-palme-au-mepris-des-droits-humains\/#primaryimage","url":"https:\/\/congovirtuel.com\/information\/wp-content\/uploads\/2021\/09\/lokutu.jpg","contentUrl":"https:\/\/congovirtuel.com\/information\/wp-content\/uploads\/2021\/09\/lokutu.jpg","width":900,"height":450,"caption":"Lokutu"},{"@type":"BreadcrumbList","@id":"https:\/\/congovirtuel.com\/information\/rdc-lokutu-lhuile-de-palme-au-mepris-des-droits-humains\/#breadcrumb","itemListElement":[{"@type":"ListItem","position":1,"name":"Accueil","item":"https:\/\/congovirtuel.com\/information\/"},{"@type":"ListItem","position":2,"name":"RDC-Lokutu : la France a fourni 25 millions d\u2019euros \u00e0 Feronia, une entreprise d\u2019huile de palme accus\u00e9e de meurtres et d\u2019accaparement des terres"}]},{"@type":"WebSite","@id":"https:\/\/congovirtuel.com\/information\/#website","url":"https:\/\/congovirtuel.com\/information\/","name":"Actualit\u00e9s congolaises et internationales","description":"site d&#039;analyse et de traitement d&#039;information","publisher":{"@id":"https:\/\/congovirtuel.com\/information\/#organization"},"potentialAction":[{"@type":"SearchAction","target":{"@type":"EntryPoint","urlTemplate":"https:\/\/congovirtuel.com\/information\/?s={search_term_string}"},"query-input":{"@type":"PropertyValueSpecification","valueRequired":true,"valueName":"search_term_string"}}],"inLanguage":"fr-FR"},{"@type":"Organization","@id":"https:\/\/congovirtuel.com\/information\/#organization","name":"Biblioth\u00e8que Virtuelle de la RDC","url":"https:\/\/congovirtuel.com\/information\/","logo":{"@type":"ImageObject","inLanguage":"fr-FR","@id":"https:\/\/congovirtuel.com\/information\/#\/schema\/logo\/image\/","url":"https:\/\/congovirtuel.com\/information\/wp-content\/uploads\/2018\/10\/header-info-congovirtuel-vraie.jpg","contentUrl":"https:\/\/congovirtuel.com\/information\/wp-content\/uploads\/2018\/10\/header-info-congovirtuel-vraie.jpg","width":728,"height":90,"caption":"Biblioth\u00e8que Virtuelle de la RDC"},"image":{"@id":"https:\/\/congovirtuel.com\/information\/#\/schema\/logo\/image\/"},"sameAs":["https:\/\/web.facebook.com\/Congovirtuel-763617960319601\/?ref=aymt_homepage_panel&amp;amp;amp;amp;amp;amp;amp;amp;amp;amp;amp;eid=ARCoxULa66767kIgF_KYav6VdjXTI4yk_LW4yoVO9s6NXpysgb7Cb65vpxcxgqzOAKvIbLQxaAETcqHT","https:\/\/x.com\/congovirtuel","https:\/\/www.youtube.com\/channel\/UCkFfprYzGgS3EWNpeMXpToQ?view_as=subscriber"]},{"@type":"Person","@id":"https:\/\/congovirtuel.com\/information\/#\/schema\/person\/739a44bf7990966cb53d58d2fdeca0b6","name":"infocongovirtuel","image":{"@type":"ImageObject","inLanguage":"fr-FR","@id":"https:\/\/secure.gravatar.com\/avatar\/4d76991aa72469f0eb22e772586c99113c6997f88da636a9db8f2ce3a2c05e69?s=96&d=mm&r=g","url":"https:\/\/secure.gravatar.com\/avatar\/4d76991aa72469f0eb22e772586c99113c6997f88da636a9db8f2ce3a2c05e69?s=96&d=mm&r=g","contentUrl":"https:\/\/secure.gravatar.com\/avatar\/4d76991aa72469f0eb22e772586c99113c6997f88da636a9db8f2ce3a2c05e69?s=96&d=mm&r=g","caption":"infocongovirtuel"},"url":"https:\/\/congovirtuel.com\/information\/author\/infocongovirtuel\/"}]}},"gt_translate_keys":[{"key":"link","format":"url"}],"_links":{"self":[{"href":"https:\/\/congovirtuel.com\/information\/wp-json\/wp\/v2\/posts\/14106","targetHints":{"allow":["GET"]}}],"collection":[{"href":"https:\/\/congovirtuel.com\/information\/wp-json\/wp\/v2\/posts"}],"about":[{"href":"https:\/\/congovirtuel.com\/information\/wp-json\/wp\/v2\/types\/post"}],"author":[{"embeddable":true,"href":"https:\/\/congovirtuel.com\/information\/wp-json\/wp\/v2\/users\/1"}],"replies":[{"embeddable":true,"href":"https:\/\/congovirtuel.com\/information\/wp-json\/wp\/v2\/comments?post=14106"}],"version-history":[{"count":4,"href":"https:\/\/congovirtuel.com\/information\/wp-json\/wp\/v2\/posts\/14106\/revisions"}],"predecessor-version":[{"id":14125,"href":"https:\/\/congovirtuel.com\/information\/wp-json\/wp\/v2\/posts\/14106\/revisions\/14125"}],"wp:featuredmedia":[{"embeddable":true,"href":"https:\/\/congovirtuel.com\/information\/wp-json\/wp\/v2\/media\/14109"}],"wp:attachment":[{"href":"https:\/\/congovirtuel.com\/information\/wp-json\/wp\/v2\/media?parent=14106"}],"wp:term":[{"taxonomy":"category","embeddable":true,"href":"https:\/\/congovirtuel.com\/information\/wp-json\/wp\/v2\/categories?post=14106"},{"taxonomy":"post_tag","embeddable":true,"href":"https:\/\/congovirtuel.com\/information\/wp-json\/wp\/v2\/tags?post=14106"}],"curies":[{"name":"wp","href":"https:\/\/api.w.org\/{rel}","templated":true}]}}