{"id":14299,"date":"2021-10-05T10:23:23","date_gmt":"2021-10-05T09:23:23","guid":{"rendered":"https:\/\/congovirtuel.com\/information\/?p=14299"},"modified":"2021-10-05T10:23:29","modified_gmt":"2021-10-05T09:23:29","slug":"glasgow-conference-des-nations-unies-sur-le-climat-regard-braque-sur-le-moratoire-de-la-rdc","status":"publish","type":"post","link":"https:\/\/congovirtuel.com\/information\/glasgow-conference-des-nations-unies-sur-le-climat-regard-braque-sur-le-moratoire-de-la-rdc\/","title":{"rendered":"Glasgow: Conf\u00e9rence des Nations unies sur le climat, regard braqu\u00e9 sur le moratoire de la RDC","gt_translate_keys":[{"key":"rendered","format":"text"}]},"content":{"rendered":"\n<p class=\"wp-block-paragraph\">A quelques semaines de la conf\u00e9rence des Nations unies sur le climat \u00e0 Glasgow, le regard des d\u00e9fenseurs de l\u2019environnement est braqu\u00e9 sur la\u00a0<a href=\"https:\/\/www.lemonde.fr\/congo-rdc\/\">R\u00e9publique d\u00e9mocratique du Congo\u00a0<\/a>(RDC). Le gouvernement a annonc\u00e9 la lev\u00e9e prochaine du moratoire sur l\u2019attribution de nouvelles concessions foresti\u00e8res, en vigueur depuis 2002. Pour Greenpeace et Rainforest Foundation UK, \u00e0 la t\u00eate d\u2019une coalition de quarante ONG internationales et locales, cette d\u00e9cision aboutira \u00e0 livrer la deuxi\u00e8me plus grande for\u00eat tropicale de la plan\u00e8te apr\u00e8s l\u2019Amazonie \u00e0 l\u2019exploitation industrielle, avec des cons\u00e9quences graves pour le climat, la biodiversit\u00e9 et les populations dont la vie en d\u00e9pend.<\/p>\n\n\n\n<p class=\"wp-block-paragraph\">A quelques semaines de la conf\u00e9rence des Nations unies sur le climat \u00e0 Glasgow, le regard des d\u00e9fenseurs de l\u2019environnement est braqu\u00e9 sur la\u00a0<a href=\"https:\/\/www.lemonde.fr\/congo-rdc\/\">R\u00e9publique d\u00e9mocratique du Congo\u00a0<\/a>(RDC). Le gouvernement a annonc\u00e9 la lev\u00e9e prochaine du moratoire sur l\u2019attribution de nouvelles concessions foresti\u00e8res, en vigueur depuis 2002. Pour Greenpeace et Rainforest Foundation UK, \u00e0 la t\u00eate d\u2019une coalition de quarante ONG internationales et locales, cette d\u00e9cision aboutira \u00e0 livrer la deuxi\u00e8me plus grande for\u00eat tropicale de la plan\u00e8te apr\u00e8s l\u2019Amazonie \u00e0 l\u2019exploitation industrielle, avec des cons\u00e9quences graves pour le climat, la biodiversit\u00e9 et les populations dont la vie en d\u00e9pend.<\/p>\n\n\n\n<p class=\"wp-block-paragraph\">Ce n\u2019est pas la premi\u00e8re fois que les autorit\u00e9s congolaises envisagent d\u2019abandonner cette interdiction prise pour donner un coup d\u2019arr\u00eat au pillage des ressources. Jusqu\u2019\u00e0 pr\u00e9sent, la pression internationale a toujours fait reculer Kinshasa. Cette fois-ci, la ministre de l\u2019environnement fra\u00eechement nomm\u00e9e, Eve Bazaiba, n\u2019entend pas renoncer&nbsp;:&nbsp;<em>\u00ab&nbsp;Le moratoire \u00e9tait une mesure provisoire et voil\u00e0 vingt ans qu\u2019il dure. Sans avoir permis de prot\u00e9ger la for\u00eat. C\u2019est au contraire un d\u00e9sordre incommensurable. Partout, le bois est exploit\u00e9 ill\u00e9galement au d\u00e9triment des recettes de l\u2019Etat&nbsp;\u00bb,<\/em>&nbsp;argue la ministre en jurant qu\u2019il n\u2019est pas pour elle question de livrer la for\u00eat aux grands exploitants.<\/p>\n\n\n\n<h2 class=\"wp-block-heading\">Une coop\u00e9ration encore inefficace<\/h2>\n\n\n\n<p class=\"wp-block-paragraph\">La RDC, avec une population estim\u00e9e de 90&nbsp;millions d\u2019habitants, a perdu 20&nbsp;% de ses for\u00eats humides en trente ans. Quasiment autant que le Br\u00e9sil, selon les chiffres du Joint Research Center (JRC) europ\u00e9en. Dans les pays voisins, o\u00f9 la pression d\u00e9mographique est moindre, la d\u00e9forestation n\u2019a pas suivi le m\u00eame cours. Au Gabon, 2&nbsp;millions d\u2019habitants et 267&nbsp;000&nbsp;km<sup>2<\/sup>&nbsp;recouverts \u00e0 pr\u00e8s de 90&nbsp;% de for\u00eats, la perte de couvert forestier est estim\u00e9e \u00e0 2,5&nbsp;% sur la m\u00eame p\u00e9riode. Contrairement \u00e0 l\u2019Amazonie, convertie en champs de soja ou en p\u00e2turages, ou \u00e0 l\u2019Indon\u00e9sie, paradis du palmier \u00e0 huile, l\u2019exploitation foresti\u00e8re et les cultures industrielles ne sont pas ici les principaux moteurs de la d\u00e9forestation. L\u2019agriculture itin\u00e9rante sur br\u00fblis, dont d\u00e9pendent des millions de paysans, et le charbon de bois, qui reste pour l\u2019immense majorit\u00e9 la seule source d\u2019\u00e9nergie, en sont bien davantage la cause. Ce qui a conduit \u00e0 parler d\u2019une&nbsp;<em>\u00ab&nbsp;d\u00e9forestation de la pauvret\u00e9&nbsp;\u00bb<\/em>.<\/p>\n\n\n\n<p class=\"wp-block-paragraph\">Avec des degr\u00e9s d\u2019ambition divers, tous les pays d\u2019Afrique centrale ont pris des engagements pour prot\u00e9ger leurs for\u00eats dans le cadre de l\u2019Accord de Paris sur le climat. L\u2019enjeu pour contenir le r\u00e9chauffement plan\u00e9taire en dessous de 1,5\u00b0C d\u2019ici \u00e0 la fin du si\u00e8cle est majeur. Le massif forestier du bassin du Congo et ses tourbi\u00e8res repr\u00e9sentent un stock de CO<sub>2<\/sub>&nbsp;\u00e9quivalent \u00e0 environ dix ann\u00e9es d\u2019\u00e9missions mondiales. Il en va aussi des \u00e9quilibres locaux et r\u00e9gionaux&nbsp;:&nbsp;<em>\u00ab&nbsp;Les for\u00eats influencent les pluies jusqu\u2019au Sahara, et sur le seul bassin du Congo, on estime qu\u2019elles contribuent \u00e0 injecter dans l\u2019atmosph\u00e8re plus de la moiti\u00e9 des pr\u00e9cipitations annuelles&nbsp;\u00bb<\/em>, rappelle le climatologue Arona Diedhiou, directeur de recherches \u00e0 l\u2019Universit\u00e9 de Grenoble.<\/p>\n\n\n\n<p class=\"wp-block-paragraph\">Les pays industrialis\u00e9s, qui portent la responsabilit\u00e9 historique du d\u00e9r\u00e8glement climatique, continuent pourtant de se montrer r\u00e9ticents \u00e0 mobiliser l\u2019argent n\u00e9cessaire \u00e0 la mise en \u0153uvre de ces engagements clairement conditionn\u00e9s \u00e0 des financements internationaux par les gouvernements africains. La persistance dans cette r\u00e9gion du continent de r\u00e9gimes bafouant les droits humains et\/ou peu scrupuleux dans la gestion des deniers publics ne les y encourage pas. Cette d\u00e9fiance se traduit par des politiques de coop\u00e9ration qui ont jusqu\u2019\u00e0 pr\u00e9sent donn\u00e9 peu de r\u00e9sultats. Apr\u00e8s cinq ann\u00e9es pass\u00e9es comme conseill\u00e8re aupr\u00e8s du ministre des finances de RDC pour la mise en \u0153uvre du Fonds national pour la r\u00e9duction des \u00e9missions li\u00e9es \u00e0 la d\u00e9forestation et \u00e0 la d\u00e9gradation des for\u00eats (Fonaredd), Mirey Atallah a bien r\u00e9sum\u00e9 la situation\u00a0:\u00a0<em>\u00ab\u00a0J\u2019ai compris que votre silence ne signifie pas que vous n\u2019avez rien \u00e0 dire mais que vous avez compris que la personne en face n\u2019est pas ouverte \u00e0 d\u2019autres avis.\u00a0\u00bb<\/em><\/p>\n\n\n\n<p class=\"wp-block-paragraph\">Le nouvel accord financier que s\u2019appr\u00eatent \u00e0 signer les bailleurs r\u00e9unis au sein de l\u2019initiative pour les for\u00eats d\u2019Afrique centrale avec la RDC permettra-t-il de sortir de cette impasse\u00a0? En tout cas, la\u00a0<em>\u00ab\u00a0provocation\u00a0\u00bb<\/em>\u00a0d\u2019Eve Bazaiba rappelle qu\u2019in fine les Etats conservent la d\u00e9cision de prot\u00e9ger ou non leurs for\u00eats. A d\u00e9faut de savoir trouver avec eux les moyens de sauver ce qui est pourtant consid\u00e9r\u00e9 comme un \u00ab\u00a0bien public mondial\u00a0\u00bb.<\/p>\n\n\n\n<p class=\"wp-block-paragraph\"><strong>Lemonde<\/strong><\/p>\n\n\n\n<p class=\"wp-block-paragraph\"><\/p>\n","protected":false,"gt_translate_keys":[{"key":"rendered","format":"html"}]},"excerpt":{"rendered":"<p>A quelques semaines de la conf\u00e9rence des Nations unies sur le climat \u00e0 Glasgow, le regard des d\u00e9fenseurs de l\u2019environnement est braqu\u00e9 sur la\u00a0R\u00e9publique d\u00e9mocratique du Congo\u00a0(RDC). Le gouvernement a annonc\u00e9 la lev\u00e9e prochaine du moratoire sur l\u2019attribution de nouvelles concessions foresti\u00e8res, en vigueur depuis 2002. Pour Greenpeace et Rainforest Foundation UK, \u00e0 la t\u00eate d\u2019une coalition de quarante ONG internationales et locales, cette d\u00e9cision aboutira \u00e0 livrer la deuxi\u00e8me plus grande for\u00eat tropicale de la plan\u00e8te apr\u00e8s l\u2019Amazonie \u00e0 l\u2019exploitation industrielle, avec des cons\u00e9quences graves pour le climat, la&hellip;<\/p>\n","protected":false,"gt_translate_keys":[{"key":"rendered","format":"html"}]},"author":1,"featured_media":14301,"comment_status":"open","ping_status":"open","sticky":false,"template":"","format":"standard","meta":{"_crdt_document":"","footnotes":""},"categories":[2539],"tags":[23203,23204],"class_list":["post-14299","post","type-post","status-publish","format-standard","has-post-thumbnail","hentry","category-environnement","tag-conference-des-nations-unies-sur-le-climat","tag-glasgow"],"gutentor_comment":0,"yoast_head":"<!-- This site is optimized with the Yoast SEO plugin v27.5 - https:\/\/yoast.com\/product\/yoast-seo-wordpress\/ -->\n<title>Glasgow: Conf\u00e9rence des Nations unies sur le climat, regard braqu\u00e9 sur le moratoire de la RDC - Actualit\u00e9s congolaises et internationales<\/title>\n<meta name=\"robots\" content=\"index, follow, max-snippet:-1, max-image-preview:large, max-video-preview:-1\" \/>\n<link rel=\"canonical\" href=\"https:\/\/congovirtuel.com\/information\/glasgow-conference-des-nations-unies-sur-le-climat-regard-braque-sur-le-moratoire-de-la-rdc\/\" \/>\n<meta property=\"og:locale\" content=\"fr_FR\" \/>\n<meta property=\"og:type\" content=\"article\" \/>\n<meta property=\"og:title\" content=\"Glasgow: Conf\u00e9rence des Nations unies sur le climat, regard braqu\u00e9 sur le moratoire de la RDC - Actualit\u00e9s congolaises et internationales\" \/>\n<meta property=\"og:description\" content=\"A quelques semaines de la conf\u00e9rence des Nations unies sur le climat \u00e0 Glasgow, le regard des d\u00e9fenseurs de l\u2019environnement est braqu\u00e9 sur la\u00a0R\u00e9publique d\u00e9mocratique du Congo\u00a0(RDC). Le gouvernement a annonc\u00e9 la lev\u00e9e prochaine du moratoire sur l\u2019attribution de nouvelles concessions foresti\u00e8res, en vigueur depuis 2002. Pour Greenpeace et Rainforest Foundation UK, \u00e0 la t\u00eate d\u2019une coalition de quarante ONG internationales et locales, cette d\u00e9cision aboutira \u00e0 livrer la deuxi\u00e8me plus grande for\u00eat tropicale de la plan\u00e8te apr\u00e8s l\u2019Amazonie \u00e0 l\u2019exploitation industrielle, avec des cons\u00e9quences graves pour le climat, la&hellip;\" \/>\n<meta property=\"og:url\" content=\"https:\/\/congovirtuel.com\/information\/glasgow-conference-des-nations-unies-sur-le-climat-regard-braque-sur-le-moratoire-de-la-rdc\/\" \/>\n<meta property=\"og:site_name\" content=\"Actualit\u00e9s congolaises et internationales\" \/>\n<meta property=\"article:publisher\" content=\"https:\/\/web.facebook.com\/Congovirtuel-763617960319601\/?ref=aymt_homepage_panel&amp;amp%3bamp%3bamp%3bamp%3bamp%3bamp%3bamp%3bamp%3bamp%3bamp%3bamp%3beid=ARCoxULa66767kIgF_KYav6VdjXTI4yk_LW4yoVO9s6NXpysgb7Cb65vpxcxgqzOAKvIbLQxaAETcqHT\" \/>\n<meta property=\"article:published_time\" content=\"2021-10-05T09:23:23+00:00\" \/>\n<meta property=\"article:modified_time\" content=\"2021-10-05T09:23:29+00:00\" \/>\n<meta property=\"og:image\" content=\"https:\/\/congovirtuel.com\/information\/wp-content\/uploads\/2021\/10\/Makaku_nazamba.jpg\" \/>\n\t<meta property=\"og:image:width\" content=\"664\" \/>\n\t<meta property=\"og:image:height\" content=\"443\" \/>\n\t<meta property=\"og:image:type\" content=\"image\/jpeg\" \/>\n<meta name=\"author\" content=\"infocongovirtuel\" \/>\n<meta name=\"twitter:card\" content=\"summary_large_image\" \/>\n<meta name=\"twitter:creator\" content=\"@congovirtuel\" \/>\n<meta name=\"twitter:site\" content=\"@congovirtuel\" \/>\n<meta name=\"twitter:label1\" content=\"\u00c9crit par\" \/>\n\t<meta name=\"twitter:data1\" content=\"infocongovirtuel\" \/>\n\t<meta name=\"twitter:label2\" content=\"Dur\u00e9e de lecture estim\u00e9e\" \/>\n\t<meta name=\"twitter:data2\" content=\"4 minutes\" \/>\n<script type=\"application\/ld+json\" class=\"yoast-schema-graph\">{\"@context\":\"https:\\\/\\\/schema.org\",\"@graph\":[{\"@type\":\"Article\",\"@id\":\"https:\\\/\\\/congovirtuel.com\\\/information\\\/glasgow-conference-des-nations-unies-sur-le-climat-regard-braque-sur-le-moratoire-de-la-rdc\\\/#article\",\"isPartOf\":{\"@id\":\"https:\\\/\\\/congovirtuel.com\\\/information\\\/glasgow-conference-des-nations-unies-sur-le-climat-regard-braque-sur-le-moratoire-de-la-rdc\\\/\"},\"author\":{\"name\":\"infocongovirtuel\",\"@id\":\"https:\\\/\\\/congovirtuel.com\\\/information\\\/#\\\/schema\\\/person\\\/739a44bf7990966cb53d58d2fdeca0b6\"},\"headline\":\"Glasgow: Conf\u00e9rence des Nations unies sur le climat, regard braqu\u00e9 sur le moratoire de la RDC\",\"datePublished\":\"2021-10-05T09:23:23+00:00\",\"dateModified\":\"2021-10-05T09:23:29+00:00\",\"mainEntityOfPage\":{\"@id\":\"https:\\\/\\\/congovirtuel.com\\\/information\\\/glasgow-conference-des-nations-unies-sur-le-climat-regard-braque-sur-le-moratoire-de-la-rdc\\\/\"},\"wordCount\":971,\"commentCount\":0,\"publisher\":{\"@id\":\"https:\\\/\\\/congovirtuel.com\\\/information\\\/#organization\"},\"image\":{\"@id\":\"https:\\\/\\\/congovirtuel.com\\\/information\\\/glasgow-conference-des-nations-unies-sur-le-climat-regard-braque-sur-le-moratoire-de-la-rdc\\\/#primaryimage\"},\"thumbnailUrl\":\"https:\\\/\\\/congovirtuel.com\\\/information\\\/wp-content\\\/uploads\\\/2021\\\/10\\\/Makaku_nazamba.jpg\",\"keywords\":[\"Conf\u00e9rence des Nations unies sur le climat\",\"Glasgow\"],\"articleSection\":[\"Environnement\"],\"inLanguage\":\"fr-FR\",\"potentialAction\":[{\"@type\":\"CommentAction\",\"name\":\"Comment\",\"target\":[\"https:\\\/\\\/congovirtuel.com\\\/information\\\/glasgow-conference-des-nations-unies-sur-le-climat-regard-braque-sur-le-moratoire-de-la-rdc\\\/#respond\"]}]},{\"@type\":\"WebPage\",\"@id\":\"https:\\\/\\\/congovirtuel.com\\\/information\\\/glasgow-conference-des-nations-unies-sur-le-climat-regard-braque-sur-le-moratoire-de-la-rdc\\\/\",\"url\":\"https:\\\/\\\/congovirtuel.com\\\/information\\\/glasgow-conference-des-nations-unies-sur-le-climat-regard-braque-sur-le-moratoire-de-la-rdc\\\/\",\"name\":\"Glasgow: Conf\u00e9rence des Nations unies sur le climat, regard braqu\u00e9 sur le moratoire de la RDC - Actualit\u00e9s congolaises et internationales\",\"isPartOf\":{\"@id\":\"https:\\\/\\\/congovirtuel.com\\\/information\\\/#website\"},\"primaryImageOfPage\":{\"@id\":\"https:\\\/\\\/congovirtuel.com\\\/information\\\/glasgow-conference-des-nations-unies-sur-le-climat-regard-braque-sur-le-moratoire-de-la-rdc\\\/#primaryimage\"},\"image\":{\"@id\":\"https:\\\/\\\/congovirtuel.com\\\/information\\\/glasgow-conference-des-nations-unies-sur-le-climat-regard-braque-sur-le-moratoire-de-la-rdc\\\/#primaryimage\"},\"thumbnailUrl\":\"https:\\\/\\\/congovirtuel.com\\\/information\\\/wp-content\\\/uploads\\\/2021\\\/10\\\/Makaku_nazamba.jpg\",\"datePublished\":\"2021-10-05T09:23:23+00:00\",\"dateModified\":\"2021-10-05T09:23:29+00:00\",\"breadcrumb\":{\"@id\":\"https:\\\/\\\/congovirtuel.com\\\/information\\\/glasgow-conference-des-nations-unies-sur-le-climat-regard-braque-sur-le-moratoire-de-la-rdc\\\/#breadcrumb\"},\"inLanguage\":\"fr-FR\",\"potentialAction\":[{\"@type\":\"ReadAction\",\"target\":[\"https:\\\/\\\/congovirtuel.com\\\/information\\\/glasgow-conference-des-nations-unies-sur-le-climat-regard-braque-sur-le-moratoire-de-la-rdc\\\/\"]}]},{\"@type\":\"ImageObject\",\"inLanguage\":\"fr-FR\",\"@id\":\"https:\\\/\\\/congovirtuel.com\\\/information\\\/glasgow-conference-des-nations-unies-sur-le-climat-regard-braque-sur-le-moratoire-de-la-rdc\\\/#primaryimage\",\"url\":\"https:\\\/\\\/congovirtuel.com\\\/information\\\/wp-content\\\/uploads\\\/2021\\\/10\\\/Makaku_nazamba.jpg\",\"contentUrl\":\"https:\\\/\\\/congovirtuel.com\\\/information\\\/wp-content\\\/uploads\\\/2021\\\/10\\\/Makaku_nazamba.jpg\",\"width\":664,\"height\":443},{\"@type\":\"BreadcrumbList\",\"@id\":\"https:\\\/\\\/congovirtuel.com\\\/information\\\/glasgow-conference-des-nations-unies-sur-le-climat-regard-braque-sur-le-moratoire-de-la-rdc\\\/#breadcrumb\",\"itemListElement\":[{\"@type\":\"ListItem\",\"position\":1,\"name\":\"Accueil\",\"item\":\"https:\\\/\\\/congovirtuel.com\\\/information\\\/\"},{\"@type\":\"ListItem\",\"position\":2,\"name\":\"Glasgow: Conf\u00e9rence des Nations unies sur le climat, regard braqu\u00e9 sur le moratoire de la RDC\"}]},{\"@type\":\"WebSite\",\"@id\":\"https:\\\/\\\/congovirtuel.com\\\/information\\\/#website\",\"url\":\"https:\\\/\\\/congovirtuel.com\\\/information\\\/\",\"name\":\"Actualit\u00e9s congolaises et internationales\",\"description\":\"site d&#039;analyse et de traitement d&#039;information\",\"publisher\":{\"@id\":\"https:\\\/\\\/congovirtuel.com\\\/information\\\/#organization\"},\"potentialAction\":[{\"@type\":\"SearchAction\",\"target\":{\"@type\":\"EntryPoint\",\"urlTemplate\":\"https:\\\/\\\/congovirtuel.com\\\/information\\\/?s={search_term_string}\"},\"query-input\":{\"@type\":\"PropertyValueSpecification\",\"valueRequired\":true,\"valueName\":\"search_term_string\"}}],\"inLanguage\":\"fr-FR\"},{\"@type\":\"Organization\",\"@id\":\"https:\\\/\\\/congovirtuel.com\\\/information\\\/#organization\",\"name\":\"Biblioth\u00e8que Virtuelle de la RDC\",\"url\":\"https:\\\/\\\/congovirtuel.com\\\/information\\\/\",\"logo\":{\"@type\":\"ImageObject\",\"inLanguage\":\"fr-FR\",\"@id\":\"https:\\\/\\\/congovirtuel.com\\\/information\\\/#\\\/schema\\\/logo\\\/image\\\/\",\"url\":\"https:\\\/\\\/congovirtuel.com\\\/information\\\/wp-content\\\/uploads\\\/2018\\\/10\\\/header-info-congovirtuel-vraie.jpg\",\"contentUrl\":\"https:\\\/\\\/congovirtuel.com\\\/information\\\/wp-content\\\/uploads\\\/2018\\\/10\\\/header-info-congovirtuel-vraie.jpg\",\"width\":728,\"height\":90,\"caption\":\"Biblioth\u00e8que Virtuelle de la RDC\"},\"image\":{\"@id\":\"https:\\\/\\\/congovirtuel.com\\\/information\\\/#\\\/schema\\\/logo\\\/image\\\/\"},\"sameAs\":[\"https:\\\/\\\/web.facebook.com\\\/Congovirtuel-763617960319601\\\/?ref=aymt_homepage_panel&amp;amp;amp;amp;amp;amp;amp;amp;amp;amp;amp;eid=ARCoxULa66767kIgF_KYav6VdjXTI4yk_LW4yoVO9s6NXpysgb7Cb65vpxcxgqzOAKvIbLQxaAETcqHT\",\"https:\\\/\\\/x.com\\\/congovirtuel\",\"https:\\\/\\\/www.youtube.com\\\/channel\\\/UCkFfprYzGgS3EWNpeMXpToQ?view_as=subscriber\"]},{\"@type\":\"Person\",\"@id\":\"https:\\\/\\\/congovirtuel.com\\\/information\\\/#\\\/schema\\\/person\\\/739a44bf7990966cb53d58d2fdeca0b6\",\"name\":\"infocongovirtuel\",\"image\":{\"@type\":\"ImageObject\",\"inLanguage\":\"fr-FR\",\"@id\":\"https:\\\/\\\/secure.gravatar.com\\\/avatar\\\/4d76991aa72469f0eb22e772586c99113c6997f88da636a9db8f2ce3a2c05e69?s=96&d=mm&r=g\",\"url\":\"https:\\\/\\\/secure.gravatar.com\\\/avatar\\\/4d76991aa72469f0eb22e772586c99113c6997f88da636a9db8f2ce3a2c05e69?s=96&d=mm&r=g\",\"contentUrl\":\"https:\\\/\\\/secure.gravatar.com\\\/avatar\\\/4d76991aa72469f0eb22e772586c99113c6997f88da636a9db8f2ce3a2c05e69?s=96&d=mm&r=g\",\"caption\":\"infocongovirtuel\"},\"url\":\"https:\\\/\\\/congovirtuel.com\\\/information\\\/author\\\/infocongovirtuel\\\/\"}]}<\/script>\n<!-- \/ Yoast SEO plugin. -->","yoast_head_json":{"title":"Glasgow: Conf\u00e9rence des Nations unies sur le climat, regard braqu\u00e9 sur le moratoire de la RDC - Actualit\u00e9s congolaises et internationales","robots":{"index":"index","follow":"follow","max-snippet":"max-snippet:-1","max-image-preview":"max-image-preview:large","max-video-preview":"max-video-preview:-1"},"canonical":"https:\/\/congovirtuel.com\/information\/glasgow-conference-des-nations-unies-sur-le-climat-regard-braque-sur-le-moratoire-de-la-rdc\/","og_locale":"fr_FR","og_type":"article","og_title":"Glasgow: Conf\u00e9rence des Nations unies sur le climat, regard braqu\u00e9 sur le moratoire de la RDC - Actualit\u00e9s congolaises et internationales","og_description":"A quelques semaines de la conf\u00e9rence des Nations unies sur le climat \u00e0 Glasgow, le regard des d\u00e9fenseurs de l\u2019environnement est braqu\u00e9 sur la\u00a0R\u00e9publique d\u00e9mocratique du Congo\u00a0(RDC). Le gouvernement a annonc\u00e9 la lev\u00e9e prochaine du moratoire sur l\u2019attribution de nouvelles concessions foresti\u00e8res, en vigueur depuis 2002. Pour Greenpeace et Rainforest Foundation UK, \u00e0 la t\u00eate d\u2019une coalition de quarante ONG internationales et locales, cette d\u00e9cision aboutira \u00e0 livrer la deuxi\u00e8me plus grande for\u00eat tropicale de la plan\u00e8te apr\u00e8s l\u2019Amazonie \u00e0 l\u2019exploitation industrielle, avec des cons\u00e9quences graves pour le climat, la&hellip;","og_url":"https:\/\/congovirtuel.com\/information\/glasgow-conference-des-nations-unies-sur-le-climat-regard-braque-sur-le-moratoire-de-la-rdc\/","og_site_name":"Actualit\u00e9s congolaises et internationales","article_publisher":"https:\/\/web.facebook.com\/Congovirtuel-763617960319601\/?ref=aymt_homepage_panel&amp%3bamp%3bamp%3bamp%3bamp%3bamp%3bamp%3bamp%3bamp%3bamp%3bamp%3beid=ARCoxULa66767kIgF_KYav6VdjXTI4yk_LW4yoVO9s6NXpysgb7Cb65vpxcxgqzOAKvIbLQxaAETcqHT","article_published_time":"2021-10-05T09:23:23+00:00","article_modified_time":"2021-10-05T09:23:29+00:00","og_image":[{"width":664,"height":443,"url":"https:\/\/congovirtuel.com\/information\/wp-content\/uploads\/2021\/10\/Makaku_nazamba.jpg","type":"image\/jpeg"}],"author":"infocongovirtuel","twitter_card":"summary_large_image","twitter_creator":"@congovirtuel","twitter_site":"@congovirtuel","twitter_misc":{"\u00c9crit par":"infocongovirtuel","Dur\u00e9e de lecture estim\u00e9e":"4 minutes"},"schema":{"@context":"https:\/\/schema.org","@graph":[{"@type":"Article","@id":"https:\/\/congovirtuel.com\/information\/glasgow-conference-des-nations-unies-sur-le-climat-regard-braque-sur-le-moratoire-de-la-rdc\/#article","isPartOf":{"@id":"https:\/\/congovirtuel.com\/information\/glasgow-conference-des-nations-unies-sur-le-climat-regard-braque-sur-le-moratoire-de-la-rdc\/"},"author":{"name":"infocongovirtuel","@id":"https:\/\/congovirtuel.com\/information\/#\/schema\/person\/739a44bf7990966cb53d58d2fdeca0b6"},"headline":"Glasgow: Conf\u00e9rence des Nations unies sur le climat, regard braqu\u00e9 sur le moratoire de la RDC","datePublished":"2021-10-05T09:23:23+00:00","dateModified":"2021-10-05T09:23:29+00:00","mainEntityOfPage":{"@id":"https:\/\/congovirtuel.com\/information\/glasgow-conference-des-nations-unies-sur-le-climat-regard-braque-sur-le-moratoire-de-la-rdc\/"},"wordCount":971,"commentCount":0,"publisher":{"@id":"https:\/\/congovirtuel.com\/information\/#organization"},"image":{"@id":"https:\/\/congovirtuel.com\/information\/glasgow-conference-des-nations-unies-sur-le-climat-regard-braque-sur-le-moratoire-de-la-rdc\/#primaryimage"},"thumbnailUrl":"https:\/\/congovirtuel.com\/information\/wp-content\/uploads\/2021\/10\/Makaku_nazamba.jpg","keywords":["Conf\u00e9rence des Nations unies sur le climat","Glasgow"],"articleSection":["Environnement"],"inLanguage":"fr-FR","potentialAction":[{"@type":"CommentAction","name":"Comment","target":["https:\/\/congovirtuel.com\/information\/glasgow-conference-des-nations-unies-sur-le-climat-regard-braque-sur-le-moratoire-de-la-rdc\/#respond"]}]},{"@type":"WebPage","@id":"https:\/\/congovirtuel.com\/information\/glasgow-conference-des-nations-unies-sur-le-climat-regard-braque-sur-le-moratoire-de-la-rdc\/","url":"https:\/\/congovirtuel.com\/information\/glasgow-conference-des-nations-unies-sur-le-climat-regard-braque-sur-le-moratoire-de-la-rdc\/","name":"Glasgow: Conf\u00e9rence des Nations unies sur le climat, regard braqu\u00e9 sur le moratoire de la RDC - Actualit\u00e9s congolaises et internationales","isPartOf":{"@id":"https:\/\/congovirtuel.com\/information\/#website"},"primaryImageOfPage":{"@id":"https:\/\/congovirtuel.com\/information\/glasgow-conference-des-nations-unies-sur-le-climat-regard-braque-sur-le-moratoire-de-la-rdc\/#primaryimage"},"image":{"@id":"https:\/\/congovirtuel.com\/information\/glasgow-conference-des-nations-unies-sur-le-climat-regard-braque-sur-le-moratoire-de-la-rdc\/#primaryimage"},"thumbnailUrl":"https:\/\/congovirtuel.com\/information\/wp-content\/uploads\/2021\/10\/Makaku_nazamba.jpg","datePublished":"2021-10-05T09:23:23+00:00","dateModified":"2021-10-05T09:23:29+00:00","breadcrumb":{"@id":"https:\/\/congovirtuel.com\/information\/glasgow-conference-des-nations-unies-sur-le-climat-regard-braque-sur-le-moratoire-de-la-rdc\/#breadcrumb"},"inLanguage":"fr-FR","potentialAction":[{"@type":"ReadAction","target":["https:\/\/congovirtuel.com\/information\/glasgow-conference-des-nations-unies-sur-le-climat-regard-braque-sur-le-moratoire-de-la-rdc\/"]}]},{"@type":"ImageObject","inLanguage":"fr-FR","@id":"https:\/\/congovirtuel.com\/information\/glasgow-conference-des-nations-unies-sur-le-climat-regard-braque-sur-le-moratoire-de-la-rdc\/#primaryimage","url":"https:\/\/congovirtuel.com\/information\/wp-content\/uploads\/2021\/10\/Makaku_nazamba.jpg","contentUrl":"https:\/\/congovirtuel.com\/information\/wp-content\/uploads\/2021\/10\/Makaku_nazamba.jpg","width":664,"height":443},{"@type":"BreadcrumbList","@id":"https:\/\/congovirtuel.com\/information\/glasgow-conference-des-nations-unies-sur-le-climat-regard-braque-sur-le-moratoire-de-la-rdc\/#breadcrumb","itemListElement":[{"@type":"ListItem","position":1,"name":"Accueil","item":"https:\/\/congovirtuel.com\/information\/"},{"@type":"ListItem","position":2,"name":"Glasgow: Conf\u00e9rence des Nations unies sur le climat, regard braqu\u00e9 sur le moratoire de la RDC"}]},{"@type":"WebSite","@id":"https:\/\/congovirtuel.com\/information\/#website","url":"https:\/\/congovirtuel.com\/information\/","name":"Actualit\u00e9s congolaises et internationales","description":"site d&#039;analyse et de traitement d&#039;information","publisher":{"@id":"https:\/\/congovirtuel.com\/information\/#organization"},"potentialAction":[{"@type":"SearchAction","target":{"@type":"EntryPoint","urlTemplate":"https:\/\/congovirtuel.com\/information\/?s={search_term_string}"},"query-input":{"@type":"PropertyValueSpecification","valueRequired":true,"valueName":"search_term_string"}}],"inLanguage":"fr-FR"},{"@type":"Organization","@id":"https:\/\/congovirtuel.com\/information\/#organization","name":"Biblioth\u00e8que Virtuelle de la RDC","url":"https:\/\/congovirtuel.com\/information\/","logo":{"@type":"ImageObject","inLanguage":"fr-FR","@id":"https:\/\/congovirtuel.com\/information\/#\/schema\/logo\/image\/","url":"https:\/\/congovirtuel.com\/information\/wp-content\/uploads\/2018\/10\/header-info-congovirtuel-vraie.jpg","contentUrl":"https:\/\/congovirtuel.com\/information\/wp-content\/uploads\/2018\/10\/header-info-congovirtuel-vraie.jpg","width":728,"height":90,"caption":"Biblioth\u00e8que Virtuelle de la RDC"},"image":{"@id":"https:\/\/congovirtuel.com\/information\/#\/schema\/logo\/image\/"},"sameAs":["https:\/\/web.facebook.com\/Congovirtuel-763617960319601\/?ref=aymt_homepage_panel&amp;amp;amp;amp;amp;amp;amp;amp;amp;amp;amp;eid=ARCoxULa66767kIgF_KYav6VdjXTI4yk_LW4yoVO9s6NXpysgb7Cb65vpxcxgqzOAKvIbLQxaAETcqHT","https:\/\/x.com\/congovirtuel","https:\/\/www.youtube.com\/channel\/UCkFfprYzGgS3EWNpeMXpToQ?view_as=subscriber"]},{"@type":"Person","@id":"https:\/\/congovirtuel.com\/information\/#\/schema\/person\/739a44bf7990966cb53d58d2fdeca0b6","name":"infocongovirtuel","image":{"@type":"ImageObject","inLanguage":"fr-FR","@id":"https:\/\/secure.gravatar.com\/avatar\/4d76991aa72469f0eb22e772586c99113c6997f88da636a9db8f2ce3a2c05e69?s=96&d=mm&r=g","url":"https:\/\/secure.gravatar.com\/avatar\/4d76991aa72469f0eb22e772586c99113c6997f88da636a9db8f2ce3a2c05e69?s=96&d=mm&r=g","contentUrl":"https:\/\/secure.gravatar.com\/avatar\/4d76991aa72469f0eb22e772586c99113c6997f88da636a9db8f2ce3a2c05e69?s=96&d=mm&r=g","caption":"infocongovirtuel"},"url":"https:\/\/congovirtuel.com\/information\/author\/infocongovirtuel\/"}]}},"gt_translate_keys":[{"key":"link","format":"url"}],"_links":{"self":[{"href":"https:\/\/congovirtuel.com\/information\/wp-json\/wp\/v2\/posts\/14299","targetHints":{"allow":["GET"]}}],"collection":[{"href":"https:\/\/congovirtuel.com\/information\/wp-json\/wp\/v2\/posts"}],"about":[{"href":"https:\/\/congovirtuel.com\/information\/wp-json\/wp\/v2\/types\/post"}],"author":[{"embeddable":true,"href":"https:\/\/congovirtuel.com\/information\/wp-json\/wp\/v2\/users\/1"}],"replies":[{"embeddable":true,"href":"https:\/\/congovirtuel.com\/information\/wp-json\/wp\/v2\/comments?post=14299"}],"version-history":[{"count":1,"href":"https:\/\/congovirtuel.com\/information\/wp-json\/wp\/v2\/posts\/14299\/revisions"}],"predecessor-version":[{"id":14302,"href":"https:\/\/congovirtuel.com\/information\/wp-json\/wp\/v2\/posts\/14299\/revisions\/14302"}],"wp:featuredmedia":[{"embeddable":true,"href":"https:\/\/congovirtuel.com\/information\/wp-json\/wp\/v2\/media\/14301"}],"wp:attachment":[{"href":"https:\/\/congovirtuel.com\/information\/wp-json\/wp\/v2\/media?parent=14299"}],"wp:term":[{"taxonomy":"category","embeddable":true,"href":"https:\/\/congovirtuel.com\/information\/wp-json\/wp\/v2\/categories?post=14299"},{"taxonomy":"post_tag","embeddable":true,"href":"https:\/\/congovirtuel.com\/information\/wp-json\/wp\/v2\/tags?post=14299"}],"curies":[{"name":"wp","href":"https:\/\/api.w.org\/{rel}","templated":true}]}}