{"id":14323,"date":"2021-10-06T14:20:10","date_gmt":"2021-10-06T13:20:10","guid":{"rendered":"https:\/\/congovirtuel.com\/information\/?p=14323"},"modified":"2021-10-06T14:20:24","modified_gmt":"2021-10-06T13:20:24","slug":"rdc-assemblee-nationale-nouvelle-esquive-du-ministre-kibassa","status":"publish","type":"post","link":"https:\/\/congovirtuel.com\/information\/rdc-assemblee-nationale-nouvelle-esquive-du-ministre-kibassa\/","title":{"rendered":"RDC\u00a0: Assembl\u00e9e nationale, nouvelle esquive du ministre Kibassa","gt_translate_keys":[{"key":"rendered","format":"text"}]},"content":{"rendered":"\n<p class=\"wp-block-paragraph\">Attendu pour la deuxi\u00e8me fois devant les d\u00e9put\u00e9s nationaux pour sa r\u00e9plique \u00e0 la question orale sur la taxe RAM, le ministre des PT-NTIC Augustin Kibassa Maliba, a de nouveau pos\u00e9 un lapin aux \u00e9lus du peuple ce mercredi 06 octobre.<\/p>\n\n\n\n<p class=\"wp-block-paragraph\">Apr\u00e8s un premier report sans motif connu samedi dernier, Augustin Kibassa a pr\u00e9text\u00e9 une mission officielle pour accompagner le Pr\u00e9sident de la R\u00e9publique F\u00e9lix Tshisekedi \u00e0 Duba\u00ef, pour ne pas r\u00e9pondre aux d\u00e9put\u00e9s qui l\u2019avaient d\u00e9j\u00e0 trait\u00e9 d\u2019escroc lors de la pl\u00e9ni\u00e8re de mercredi dernier, pour avoir instaur\u00e9 cette taxe jug\u00e9e ill\u00e9gale par la majorit\u00e9 de la population.<\/p>\n\n\n\n<p class=\"wp-block-paragraph\">Lundi dernier, le Groupe parlementaire du FCC (opposition) \u00e0 l\u2019Assembl\u00e9e nationale, avait exig\u00e9 la d\u00e9mission imm\u00e9diate du ministre Kibassa, et la suppression imm\u00e9diate de la taxe RAM, promettant le d\u00e9p\u00f4t d\u2019une motion de d\u00e9fiance contre lui, en cas de poursuite de la \u00ab\u00a0mascarade\u00a0\u00bb par sa famille politique de l\u2019union sacr\u00e9e.<\/p>\n\n\n\n<p class=\"wp-block-paragraph\">A Kinshasa, il se constate une impression de plus en plus vive d\u2019une complaisance du Bureau de l\u2019Assembl\u00e9e nationale en faveur du ministre Kibassa Maliba, membre de la majorit\u00e9 parlementaire de l\u2019Union sacr\u00e9e au pouvoir, et connu pour avoir des liens de famille avec l\u2019actuel Chef de l\u2019Etat F\u00e9lix Tshisekedi.\u00a0<\/p>\n\n\n\n<p class=\"wp-block-paragraph\">Infocongo<\/p>\n","protected":false,"gt_translate_keys":[{"key":"rendered","format":"html"}]},"excerpt":{"rendered":"<p>Attendu pour la deuxi\u00e8me fois devant les d\u00e9put\u00e9s nationaux pour sa r\u00e9plique \u00e0 la question orale sur la taxe RAM, le ministre des PT-NTIC Augustin Kibassa Maliba, a de nouveau pos\u00e9 un lapin aux \u00e9lus du peuple ce mercredi 06 octobre. Apr\u00e8s un premier report sans motif connu samedi dernier, Augustin Kibassa a pr\u00e9text\u00e9 une mission officielle pour accompagner le Pr\u00e9sident de la R\u00e9publique F\u00e9lix Tshisekedi \u00e0 Duba\u00ef, pour ne pas r\u00e9pondre aux d\u00e9put\u00e9s qui l\u2019avaient d\u00e9j\u00e0 trait\u00e9 d\u2019escroc lors de la pl\u00e9ni\u00e8re de mercredi dernier, pour avoir instaur\u00e9 cette&hellip;<\/p>\n","protected":false,"gt_translate_keys":[{"key":"rendered","format":"html"}]},"author":1,"featured_media":14325,"comment_status":"open","ping_status":"open","sticky":false,"template":"","format":"standard","meta":{"_crdt_document":"","footnotes":""},"categories":[219],"tags":[23337,23338],"class_list":["post-14323","post","type-post","status-publish","format-standard","has-post-thumbnail","hentry","category-assemblee-nationale","tag-kibassa","tag-ram"],"gutentor_comment":0,"yoast_head":"<!-- This site is optimized with the Yoast SEO plugin v27.5 - https:\/\/yoast.com\/product\/yoast-seo-wordpress\/ -->\n<title>RDC\u00a0: Assembl\u00e9e nationale, nouvelle esquive du ministre Kibassa - Actualit\u00e9s congolaises et internationales<\/title>\n<meta name=\"robots\" content=\"index, follow, max-snippet:-1, max-image-preview:large, max-video-preview:-1\" \/>\n<link rel=\"canonical\" href=\"https:\/\/congovirtuel.com\/information\/rdc-assemblee-nationale-nouvelle-esquive-du-ministre-kibassa\/\" \/>\n<meta property=\"og:locale\" content=\"fr_FR\" \/>\n<meta property=\"og:type\" content=\"article\" \/>\n<meta property=\"og:title\" content=\"RDC\u00a0: Assembl\u00e9e nationale, nouvelle esquive du ministre Kibassa - Actualit\u00e9s congolaises et internationales\" \/>\n<meta property=\"og:description\" content=\"Attendu pour la deuxi\u00e8me fois devant les d\u00e9put\u00e9s nationaux pour sa r\u00e9plique \u00e0 la question orale sur la taxe RAM, le ministre des PT-NTIC Augustin Kibassa Maliba, a de nouveau pos\u00e9 un lapin aux \u00e9lus du peuple ce mercredi 06 octobre. Apr\u00e8s un premier report sans motif connu samedi dernier, Augustin Kibassa a pr\u00e9text\u00e9 une mission officielle pour accompagner le Pr\u00e9sident de la R\u00e9publique F\u00e9lix Tshisekedi \u00e0 Duba\u00ef, pour ne pas r\u00e9pondre aux d\u00e9put\u00e9s qui l\u2019avaient d\u00e9j\u00e0 trait\u00e9 d\u2019escroc lors de la pl\u00e9ni\u00e8re de mercredi dernier, pour avoir instaur\u00e9 cette&hellip;\" \/>\n<meta property=\"og:url\" content=\"https:\/\/congovirtuel.com\/information\/rdc-assemblee-nationale-nouvelle-esquive-du-ministre-kibassa\/\" \/>\n<meta property=\"og:site_name\" content=\"Actualit\u00e9s congolaises et internationales\" \/>\n<meta property=\"article:publisher\" content=\"https:\/\/web.facebook.com\/Congovirtuel-763617960319601\/?ref=aymt_homepage_panel&amp;amp%3bamp%3bamp%3bamp%3bamp%3bamp%3bamp%3bamp%3bamp%3bamp%3bamp%3beid=ARCoxULa66767kIgF_KYav6VdjXTI4yk_LW4yoVO9s6NXpysgb7Cb65vpxcxgqzOAKvIbLQxaAETcqHT\" \/>\n<meta property=\"article:published_time\" content=\"2021-10-06T13:20:10+00:00\" \/>\n<meta property=\"article:modified_time\" content=\"2021-10-06T13:20:24+00:00\" \/>\n<meta property=\"og:image\" content=\"https:\/\/congovirtuel.com\/information\/wp-content\/uploads\/2021\/10\/kibassa.jpg\" \/>\n\t<meta property=\"og:image:width\" content=\"825\" \/>\n\t<meta property=\"og:image:height\" content=\"560\" \/>\n\t<meta property=\"og:image:type\" content=\"image\/jpeg\" \/>\n<meta name=\"author\" content=\"infocongovirtuel\" \/>\n<meta name=\"twitter:card\" content=\"summary_large_image\" \/>\n<meta name=\"twitter:creator\" content=\"@congovirtuel\" \/>\n<meta name=\"twitter:site\" content=\"@congovirtuel\" \/>\n<meta name=\"twitter:label1\" content=\"\u00c9crit par\" \/>\n\t<meta name=\"twitter:data1\" content=\"infocongovirtuel\" \/>\n\t<meta name=\"twitter:label2\" content=\"Dur\u00e9e de lecture estim\u00e9e\" \/>\n\t<meta name=\"twitter:data2\" content=\"1 minute\" \/>\n<script type=\"application\/ld+json\" class=\"yoast-schema-graph\">{\"@context\":\"https:\\\/\\\/schema.org\",\"@graph\":[{\"@type\":\"Article\",\"@id\":\"https:\\\/\\\/congovirtuel.com\\\/information\\\/rdc-assemblee-nationale-nouvelle-esquive-du-ministre-kibassa\\\/#article\",\"isPartOf\":{\"@id\":\"https:\\\/\\\/congovirtuel.com\\\/information\\\/rdc-assemblee-nationale-nouvelle-esquive-du-ministre-kibassa\\\/\"},\"author\":{\"name\":\"infocongovirtuel\",\"@id\":\"https:\\\/\\\/congovirtuel.com\\\/information\\\/#\\\/schema\\\/person\\\/739a44bf7990966cb53d58d2fdeca0b6\"},\"headline\":\"RDC\u00a0: Assembl\u00e9e nationale, nouvelle esquive du ministre Kibassa\",\"datePublished\":\"2021-10-06T13:20:10+00:00\",\"dateModified\":\"2021-10-06T13:20:24+00:00\",\"mainEntityOfPage\":{\"@id\":\"https:\\\/\\\/congovirtuel.com\\\/information\\\/rdc-assemblee-nationale-nouvelle-esquive-du-ministre-kibassa\\\/\"},\"wordCount\":243,\"commentCount\":0,\"publisher\":{\"@id\":\"https:\\\/\\\/congovirtuel.com\\\/information\\\/#organization\"},\"image\":{\"@id\":\"https:\\\/\\\/congovirtuel.com\\\/information\\\/rdc-assemblee-nationale-nouvelle-esquive-du-ministre-kibassa\\\/#primaryimage\"},\"thumbnailUrl\":\"https:\\\/\\\/congovirtuel.com\\\/information\\\/wp-content\\\/uploads\\\/2021\\\/10\\\/kibassa.jpg\",\"keywords\":[\"Kibassa\",\"RAM\"],\"articleSection\":[\"Assembl\u00e9e Nationale\"],\"inLanguage\":\"fr-FR\",\"potentialAction\":[{\"@type\":\"CommentAction\",\"name\":\"Comment\",\"target\":[\"https:\\\/\\\/congovirtuel.com\\\/information\\\/rdc-assemblee-nationale-nouvelle-esquive-du-ministre-kibassa\\\/#respond\"]}]},{\"@type\":\"WebPage\",\"@id\":\"https:\\\/\\\/congovirtuel.com\\\/information\\\/rdc-assemblee-nationale-nouvelle-esquive-du-ministre-kibassa\\\/\",\"url\":\"https:\\\/\\\/congovirtuel.com\\\/information\\\/rdc-assemblee-nationale-nouvelle-esquive-du-ministre-kibassa\\\/\",\"name\":\"RDC\u00a0: Assembl\u00e9e nationale, nouvelle esquive du ministre Kibassa - Actualit\u00e9s congolaises et internationales\",\"isPartOf\":{\"@id\":\"https:\\\/\\\/congovirtuel.com\\\/information\\\/#website\"},\"primaryImageOfPage\":{\"@id\":\"https:\\\/\\\/congovirtuel.com\\\/information\\\/rdc-assemblee-nationale-nouvelle-esquive-du-ministre-kibassa\\\/#primaryimage\"},\"image\":{\"@id\":\"https:\\\/\\\/congovirtuel.com\\\/information\\\/rdc-assemblee-nationale-nouvelle-esquive-du-ministre-kibassa\\\/#primaryimage\"},\"thumbnailUrl\":\"https:\\\/\\\/congovirtuel.com\\\/information\\\/wp-content\\\/uploads\\\/2021\\\/10\\\/kibassa.jpg\",\"datePublished\":\"2021-10-06T13:20:10+00:00\",\"dateModified\":\"2021-10-06T13:20:24+00:00\",\"breadcrumb\":{\"@id\":\"https:\\\/\\\/congovirtuel.com\\\/information\\\/rdc-assemblee-nationale-nouvelle-esquive-du-ministre-kibassa\\\/#breadcrumb\"},\"inLanguage\":\"fr-FR\",\"potentialAction\":[{\"@type\":\"ReadAction\",\"target\":[\"https:\\\/\\\/congovirtuel.com\\\/information\\\/rdc-assemblee-nationale-nouvelle-esquive-du-ministre-kibassa\\\/\"]}]},{\"@type\":\"ImageObject\",\"inLanguage\":\"fr-FR\",\"@id\":\"https:\\\/\\\/congovirtuel.com\\\/information\\\/rdc-assemblee-nationale-nouvelle-esquive-du-ministre-kibassa\\\/#primaryimage\",\"url\":\"https:\\\/\\\/congovirtuel.com\\\/information\\\/wp-content\\\/uploads\\\/2021\\\/10\\\/kibassa.jpg\",\"contentUrl\":\"https:\\\/\\\/congovirtuel.com\\\/information\\\/wp-content\\\/uploads\\\/2021\\\/10\\\/kibassa.jpg\",\"width\":825,\"height\":560},{\"@type\":\"BreadcrumbList\",\"@id\":\"https:\\\/\\\/congovirtuel.com\\\/information\\\/rdc-assemblee-nationale-nouvelle-esquive-du-ministre-kibassa\\\/#breadcrumb\",\"itemListElement\":[{\"@type\":\"ListItem\",\"position\":1,\"name\":\"Accueil\",\"item\":\"https:\\\/\\\/congovirtuel.com\\\/information\\\/\"},{\"@type\":\"ListItem\",\"position\":2,\"name\":\"RDC\u00a0: Assembl\u00e9e nationale, nouvelle esquive du ministre Kibassa\"}]},{\"@type\":\"WebSite\",\"@id\":\"https:\\\/\\\/congovirtuel.com\\\/information\\\/#website\",\"url\":\"https:\\\/\\\/congovirtuel.com\\\/information\\\/\",\"name\":\"Actualit\u00e9s congolaises et internationales\",\"description\":\"site d&#039;analyse et de traitement d&#039;information\",\"publisher\":{\"@id\":\"https:\\\/\\\/congovirtuel.com\\\/information\\\/#organization\"},\"potentialAction\":[{\"@type\":\"SearchAction\",\"target\":{\"@type\":\"EntryPoint\",\"urlTemplate\":\"https:\\\/\\\/congovirtuel.com\\\/information\\\/?s={search_term_string}\"},\"query-input\":{\"@type\":\"PropertyValueSpecification\",\"valueRequired\":true,\"valueName\":\"search_term_string\"}}],\"inLanguage\":\"fr-FR\"},{\"@type\":\"Organization\",\"@id\":\"https:\\\/\\\/congovirtuel.com\\\/information\\\/#organization\",\"name\":\"Biblioth\u00e8que Virtuelle de la RDC\",\"url\":\"https:\\\/\\\/congovirtuel.com\\\/information\\\/\",\"logo\":{\"@type\":\"ImageObject\",\"inLanguage\":\"fr-FR\",\"@id\":\"https:\\\/\\\/congovirtuel.com\\\/information\\\/#\\\/schema\\\/logo\\\/image\\\/\",\"url\":\"https:\\\/\\\/congovirtuel.com\\\/information\\\/wp-content\\\/uploads\\\/2018\\\/10\\\/header-info-congovirtuel-vraie.jpg\",\"contentUrl\":\"https:\\\/\\\/congovirtuel.com\\\/information\\\/wp-content\\\/uploads\\\/2018\\\/10\\\/header-info-congovirtuel-vraie.jpg\",\"width\":728,\"height\":90,\"caption\":\"Biblioth\u00e8que Virtuelle de la RDC\"},\"image\":{\"@id\":\"https:\\\/\\\/congovirtuel.com\\\/information\\\/#\\\/schema\\\/logo\\\/image\\\/\"},\"sameAs\":[\"https:\\\/\\\/web.facebook.com\\\/Congovirtuel-763617960319601\\\/?ref=aymt_homepage_panel&amp;amp;amp;amp;amp;amp;amp;amp;amp;amp;amp;eid=ARCoxULa66767kIgF_KYav6VdjXTI4yk_LW4yoVO9s6NXpysgb7Cb65vpxcxgqzOAKvIbLQxaAETcqHT\",\"https:\\\/\\\/x.com\\\/congovirtuel\",\"https:\\\/\\\/www.youtube.com\\\/channel\\\/UCkFfprYzGgS3EWNpeMXpToQ?view_as=subscriber\"]},{\"@type\":\"Person\",\"@id\":\"https:\\\/\\\/congovirtuel.com\\\/information\\\/#\\\/schema\\\/person\\\/739a44bf7990966cb53d58d2fdeca0b6\",\"name\":\"infocongovirtuel\",\"image\":{\"@type\":\"ImageObject\",\"inLanguage\":\"fr-FR\",\"@id\":\"https:\\\/\\\/secure.gravatar.com\\\/avatar\\\/4d76991aa72469f0eb22e772586c99113c6997f88da636a9db8f2ce3a2c05e69?s=96&d=mm&r=g\",\"url\":\"https:\\\/\\\/secure.gravatar.com\\\/avatar\\\/4d76991aa72469f0eb22e772586c99113c6997f88da636a9db8f2ce3a2c05e69?s=96&d=mm&r=g\",\"contentUrl\":\"https:\\\/\\\/secure.gravatar.com\\\/avatar\\\/4d76991aa72469f0eb22e772586c99113c6997f88da636a9db8f2ce3a2c05e69?s=96&d=mm&r=g\",\"caption\":\"infocongovirtuel\"},\"url\":\"https:\\\/\\\/congovirtuel.com\\\/information\\\/author\\\/infocongovirtuel\\\/\"}]}<\/script>\n<!-- \/ Yoast SEO plugin. -->","yoast_head_json":{"title":"RDC\u00a0: Assembl\u00e9e nationale, nouvelle esquive du ministre Kibassa - Actualit\u00e9s congolaises et internationales","robots":{"index":"index","follow":"follow","max-snippet":"max-snippet:-1","max-image-preview":"max-image-preview:large","max-video-preview":"max-video-preview:-1"},"canonical":"https:\/\/congovirtuel.com\/information\/rdc-assemblee-nationale-nouvelle-esquive-du-ministre-kibassa\/","og_locale":"fr_FR","og_type":"article","og_title":"RDC\u00a0: Assembl\u00e9e nationale, nouvelle esquive du ministre Kibassa - Actualit\u00e9s congolaises et internationales","og_description":"Attendu pour la deuxi\u00e8me fois devant les d\u00e9put\u00e9s nationaux pour sa r\u00e9plique \u00e0 la question orale sur la taxe RAM, le ministre des PT-NTIC Augustin Kibassa Maliba, a de nouveau pos\u00e9 un lapin aux \u00e9lus du peuple ce mercredi 06 octobre. Apr\u00e8s un premier report sans motif connu samedi dernier, Augustin Kibassa a pr\u00e9text\u00e9 une mission officielle pour accompagner le Pr\u00e9sident de la R\u00e9publique F\u00e9lix Tshisekedi \u00e0 Duba\u00ef, pour ne pas r\u00e9pondre aux d\u00e9put\u00e9s qui l\u2019avaient d\u00e9j\u00e0 trait\u00e9 d\u2019escroc lors de la pl\u00e9ni\u00e8re de mercredi dernier, pour avoir instaur\u00e9 cette&hellip;","og_url":"https:\/\/congovirtuel.com\/information\/rdc-assemblee-nationale-nouvelle-esquive-du-ministre-kibassa\/","og_site_name":"Actualit\u00e9s congolaises et internationales","article_publisher":"https:\/\/web.facebook.com\/Congovirtuel-763617960319601\/?ref=aymt_homepage_panel&amp%3bamp%3bamp%3bamp%3bamp%3bamp%3bamp%3bamp%3bamp%3bamp%3bamp%3beid=ARCoxULa66767kIgF_KYav6VdjXTI4yk_LW4yoVO9s6NXpysgb7Cb65vpxcxgqzOAKvIbLQxaAETcqHT","article_published_time":"2021-10-06T13:20:10+00:00","article_modified_time":"2021-10-06T13:20:24+00:00","og_image":[{"width":825,"height":560,"url":"https:\/\/congovirtuel.com\/information\/wp-content\/uploads\/2021\/10\/kibassa.jpg","type":"image\/jpeg"}],"author":"infocongovirtuel","twitter_card":"summary_large_image","twitter_creator":"@congovirtuel","twitter_site":"@congovirtuel","twitter_misc":{"\u00c9crit par":"infocongovirtuel","Dur\u00e9e de lecture estim\u00e9e":"1 minute"},"schema":{"@context":"https:\/\/schema.org","@graph":[{"@type":"Article","@id":"https:\/\/congovirtuel.com\/information\/rdc-assemblee-nationale-nouvelle-esquive-du-ministre-kibassa\/#article","isPartOf":{"@id":"https:\/\/congovirtuel.com\/information\/rdc-assemblee-nationale-nouvelle-esquive-du-ministre-kibassa\/"},"author":{"name":"infocongovirtuel","@id":"https:\/\/congovirtuel.com\/information\/#\/schema\/person\/739a44bf7990966cb53d58d2fdeca0b6"},"headline":"RDC\u00a0: Assembl\u00e9e nationale, nouvelle esquive du ministre Kibassa","datePublished":"2021-10-06T13:20:10+00:00","dateModified":"2021-10-06T13:20:24+00:00","mainEntityOfPage":{"@id":"https:\/\/congovirtuel.com\/information\/rdc-assemblee-nationale-nouvelle-esquive-du-ministre-kibassa\/"},"wordCount":243,"commentCount":0,"publisher":{"@id":"https:\/\/congovirtuel.com\/information\/#organization"},"image":{"@id":"https:\/\/congovirtuel.com\/information\/rdc-assemblee-nationale-nouvelle-esquive-du-ministre-kibassa\/#primaryimage"},"thumbnailUrl":"https:\/\/congovirtuel.com\/information\/wp-content\/uploads\/2021\/10\/kibassa.jpg","keywords":["Kibassa","RAM"],"articleSection":["Assembl\u00e9e Nationale"],"inLanguage":"fr-FR","potentialAction":[{"@type":"CommentAction","name":"Comment","target":["https:\/\/congovirtuel.com\/information\/rdc-assemblee-nationale-nouvelle-esquive-du-ministre-kibassa\/#respond"]}]},{"@type":"WebPage","@id":"https:\/\/congovirtuel.com\/information\/rdc-assemblee-nationale-nouvelle-esquive-du-ministre-kibassa\/","url":"https:\/\/congovirtuel.com\/information\/rdc-assemblee-nationale-nouvelle-esquive-du-ministre-kibassa\/","name":"RDC\u00a0: Assembl\u00e9e nationale, nouvelle esquive du ministre Kibassa - Actualit\u00e9s congolaises et internationales","isPartOf":{"@id":"https:\/\/congovirtuel.com\/information\/#website"},"primaryImageOfPage":{"@id":"https:\/\/congovirtuel.com\/information\/rdc-assemblee-nationale-nouvelle-esquive-du-ministre-kibassa\/#primaryimage"},"image":{"@id":"https:\/\/congovirtuel.com\/information\/rdc-assemblee-nationale-nouvelle-esquive-du-ministre-kibassa\/#primaryimage"},"thumbnailUrl":"https:\/\/congovirtuel.com\/information\/wp-content\/uploads\/2021\/10\/kibassa.jpg","datePublished":"2021-10-06T13:20:10+00:00","dateModified":"2021-10-06T13:20:24+00:00","breadcrumb":{"@id":"https:\/\/congovirtuel.com\/information\/rdc-assemblee-nationale-nouvelle-esquive-du-ministre-kibassa\/#breadcrumb"},"inLanguage":"fr-FR","potentialAction":[{"@type":"ReadAction","target":["https:\/\/congovirtuel.com\/information\/rdc-assemblee-nationale-nouvelle-esquive-du-ministre-kibassa\/"]}]},{"@type":"ImageObject","inLanguage":"fr-FR","@id":"https:\/\/congovirtuel.com\/information\/rdc-assemblee-nationale-nouvelle-esquive-du-ministre-kibassa\/#primaryimage","url":"https:\/\/congovirtuel.com\/information\/wp-content\/uploads\/2021\/10\/kibassa.jpg","contentUrl":"https:\/\/congovirtuel.com\/information\/wp-content\/uploads\/2021\/10\/kibassa.jpg","width":825,"height":560},{"@type":"BreadcrumbList","@id":"https:\/\/congovirtuel.com\/information\/rdc-assemblee-nationale-nouvelle-esquive-du-ministre-kibassa\/#breadcrumb","itemListElement":[{"@type":"ListItem","position":1,"name":"Accueil","item":"https:\/\/congovirtuel.com\/information\/"},{"@type":"ListItem","position":2,"name":"RDC\u00a0: Assembl\u00e9e nationale, nouvelle esquive du ministre Kibassa"}]},{"@type":"WebSite","@id":"https:\/\/congovirtuel.com\/information\/#website","url":"https:\/\/congovirtuel.com\/information\/","name":"Actualit\u00e9s congolaises et internationales","description":"site d&#039;analyse et de traitement d&#039;information","publisher":{"@id":"https:\/\/congovirtuel.com\/information\/#organization"},"potentialAction":[{"@type":"SearchAction","target":{"@type":"EntryPoint","urlTemplate":"https:\/\/congovirtuel.com\/information\/?s={search_term_string}"},"query-input":{"@type":"PropertyValueSpecification","valueRequired":true,"valueName":"search_term_string"}}],"inLanguage":"fr-FR"},{"@type":"Organization","@id":"https:\/\/congovirtuel.com\/information\/#organization","name":"Biblioth\u00e8que Virtuelle de la RDC","url":"https:\/\/congovirtuel.com\/information\/","logo":{"@type":"ImageObject","inLanguage":"fr-FR","@id":"https:\/\/congovirtuel.com\/information\/#\/schema\/logo\/image\/","url":"https:\/\/congovirtuel.com\/information\/wp-content\/uploads\/2018\/10\/header-info-congovirtuel-vraie.jpg","contentUrl":"https:\/\/congovirtuel.com\/information\/wp-content\/uploads\/2018\/10\/header-info-congovirtuel-vraie.jpg","width":728,"height":90,"caption":"Biblioth\u00e8que Virtuelle de la RDC"},"image":{"@id":"https:\/\/congovirtuel.com\/information\/#\/schema\/logo\/image\/"},"sameAs":["https:\/\/web.facebook.com\/Congovirtuel-763617960319601\/?ref=aymt_homepage_panel&amp;amp;amp;amp;amp;amp;amp;amp;amp;amp;amp;eid=ARCoxULa66767kIgF_KYav6VdjXTI4yk_LW4yoVO9s6NXpysgb7Cb65vpxcxgqzOAKvIbLQxaAETcqHT","https:\/\/x.com\/congovirtuel","https:\/\/www.youtube.com\/channel\/UCkFfprYzGgS3EWNpeMXpToQ?view_as=subscriber"]},{"@type":"Person","@id":"https:\/\/congovirtuel.com\/information\/#\/schema\/person\/739a44bf7990966cb53d58d2fdeca0b6","name":"infocongovirtuel","image":{"@type":"ImageObject","inLanguage":"fr-FR","@id":"https:\/\/secure.gravatar.com\/avatar\/4d76991aa72469f0eb22e772586c99113c6997f88da636a9db8f2ce3a2c05e69?s=96&d=mm&r=g","url":"https:\/\/secure.gravatar.com\/avatar\/4d76991aa72469f0eb22e772586c99113c6997f88da636a9db8f2ce3a2c05e69?s=96&d=mm&r=g","contentUrl":"https:\/\/secure.gravatar.com\/avatar\/4d76991aa72469f0eb22e772586c99113c6997f88da636a9db8f2ce3a2c05e69?s=96&d=mm&r=g","caption":"infocongovirtuel"},"url":"https:\/\/congovirtuel.com\/information\/author\/infocongovirtuel\/"}]}},"gt_translate_keys":[{"key":"link","format":"url"}],"_links":{"self":[{"href":"https:\/\/congovirtuel.com\/information\/wp-json\/wp\/v2\/posts\/14323","targetHints":{"allow":["GET"]}}],"collection":[{"href":"https:\/\/congovirtuel.com\/information\/wp-json\/wp\/v2\/posts"}],"about":[{"href":"https:\/\/congovirtuel.com\/information\/wp-json\/wp\/v2\/types\/post"}],"author":[{"embeddable":true,"href":"https:\/\/congovirtuel.com\/information\/wp-json\/wp\/v2\/users\/1"}],"replies":[{"embeddable":true,"href":"https:\/\/congovirtuel.com\/information\/wp-json\/wp\/v2\/comments?post=14323"}],"version-history":[{"count":1,"href":"https:\/\/congovirtuel.com\/information\/wp-json\/wp\/v2\/posts\/14323\/revisions"}],"predecessor-version":[{"id":14326,"href":"https:\/\/congovirtuel.com\/information\/wp-json\/wp\/v2\/posts\/14323\/revisions\/14326"}],"wp:featuredmedia":[{"embeddable":true,"href":"https:\/\/congovirtuel.com\/information\/wp-json\/wp\/v2\/media\/14325"}],"wp:attachment":[{"href":"https:\/\/congovirtuel.com\/information\/wp-json\/wp\/v2\/media?parent=14323"}],"wp:term":[{"taxonomy":"category","embeddable":true,"href":"https:\/\/congovirtuel.com\/information\/wp-json\/wp\/v2\/categories?post=14323"},{"taxonomy":"post_tag","embeddable":true,"href":"https:\/\/congovirtuel.com\/information\/wp-json\/wp\/v2\/tags?post=14323"}],"curies":[{"name":"wp","href":"https:\/\/api.w.org\/{rel}","templated":true}]}}