{"id":14342,"date":"2021-10-07T14:17:14","date_gmt":"2021-10-07T13:17:14","guid":{"rendered":"https:\/\/congovirtuel.com\/information\/?p=14342"},"modified":"2021-10-07T14:57:12","modified_gmt":"2021-10-07T13:57:12","slug":"lunesco-annoncera-sa-decision-en-novembre-sur-la-demande-conjointe-de-la-rdc-et-du-congo-brazza-dinscrire-la-rumba-sur-le-patrimoine-culturel-de-lorganisation","status":"publish","type":"post","link":"https:\/\/congovirtuel.com\/information\/lunesco-annoncera-sa-decision-en-novembre-sur-la-demande-conjointe-de-la-rdc-et-du-congo-brazza-dinscrire-la-rumba-sur-le-patrimoine-culturel-de-lorganisation\/","title":{"rendered":"L&rsquo;Unesco annoncera sa \u00ab\u00a0d\u00e9cision\u00a0\u00bb en novembre sur la \u00ab\u00a0demande conjointe\u00a0\u00bb de la RDC et du Congo- Brazza d&rsquo;inscrire la \u00ab\u00a0Rumba\u00a0\u00bb sur le patrimoine\u00a0 culturel de l&rsquo;organisation","gt_translate_keys":[{"key":"rendered","format":"text"}]},"content":{"rendered":"\n<p class=\"wp-block-paragraph\"><strong><em>\u00ab C&rsquo;est notre identit\u00e9 \u00bb : deux Congo demandent l&rsquo;inscription \u00e0 l&rsquo;Unesco de la rumba. La \u00ab\u00a0demande conjointe\u00a0\u00bb de deux pays vise \u00e0 ajouter un style musical qui a inspir\u00e9 l&rsquo;ind\u00e9pendance \u00e0 la liste du patrimoine culturel immat\u00e9riel.<\/em><\/strong><\/p>\n\n\n\n<p class=\"wp-block-paragraph\">Les autorit\u00e9s de Kinshasa et de Brazzaville, les capitales de la R\u00e9publique d\u00e9mocratique du Congo (RDC) voisine et de la R\u00e9publique du Congo, ont soumis une demande conjointe pour ajouter la rumba congolaise \u00e0 la liste du patrimoine culturel immat\u00e9riel de l&rsquo;Unesco.<\/p>\n\n\n\n<p class=\"wp-block-paragraph\">La liste permet de montrer la diversit\u00e9 du patrimoine et de sensibiliser \u00e0 son importance. Si la rumba congolaise devait \u00eatre ajout\u00e9e, elle rejoindrait la nourriture des colporteurs de Singapour, la culture du sauna de la Finlande et les syst\u00e8mes d&rsquo;irrigation traditionnels des \u00c9mirats arabes unis, parmi d&rsquo;innombrables autres coutumes de la liste.<\/p>\n\n\n\n<p class=\"wp-block-paragraph\">\u00ab\u00a0<em>Si vous regardez la rumba moderne, nous l&rsquo;avons \u00e9lev\u00e9e et d\u00e9velopp\u00e9e, mais nous avons gard\u00e9 des r\u00e9f\u00e9rences aux ic\u00f4nes comme Le Grand Kall\u00e9<\/em>\u00ab\u00a0, a d\u00e9clar\u00e9 la chanteuse de rumba kinoise Manda Chante, faisant r\u00e9f\u00e9rence au nom de sc\u00e8ne de Joseph Kabasele, qui a \u00e9crit Ind\u00e9pendance Cha Cha, un vieil hymne pour les mouvements anti coloniaux africains, pour persuader les politiciens de mettre de c\u00f4t\u00e9 leurs diff\u00e9rences pour assurer l&rsquo;autonomie.<\/p>\n\n\n\n<h2 class=\"wp-block-heading\"><strong>Face-\u00e0-face sur le Congo : la longue rivalit\u00e9 entre Kinshasa et Brazzaville<\/strong><\/h2>\n\n\n\n<p class=\"wp-block-paragraph\">La chanson a fait ses d\u00e9buts un soir \u00e0 Bruxelles en f\u00e9vrier 1960, \u00e9lectrisant lors des n\u00e9gociations pour la lib\u00e9ration du Congo de la Belgique. En quatre mois, le pays \u00e9tait libre.<\/p>\n\n\n\n<p class=\"wp-block-paragraph\">La R\u00e9publique du Congo, sur la rive oppos\u00e9e du fleuve Congo, a gagn\u00e9 la m\u00eame ann\u00e9e la libert\u00e9 de la France.<\/p>\n\n\n\n<p class=\"wp-block-paragraph\">Soixante et un ans plus tard, la rumba reste au c\u0153ur de la musique africaine, et un mouvement a \u00e9merg\u00e9 pour cimenter sa r\u00e9putation et assurer sa protection.<\/p>\n\n\n\n<p class=\"wp-block-paragraph\">N\u00e9e dans le creuset du Cuba du XIXe si\u00e8cle, la rumba combinait le tambourinage des esclaves africains avec les m\u00e9lodies des colonisateurs espagnols.<\/p>\n\n\n\n<p class=\"wp-block-paragraph\">R\u00e9export\u00e9 en Afrique au d\u00e9but du XXe si\u00e8cle sur vinyle, il trouve un public tout pr\u00eat dans les deux Congos, qui reconnaissent les rythmes comme les leurs.<\/p>\n\n\n\n<p class=\"wp-block-paragraph\">\u00ab <em>Ils ont emmen\u00e9 nos anc\u00eatres en Am\u00e9rique au XVe ou XVIe si\u00e8cle. La rumba congolaise a \u00e9t\u00e9 cr\u00e9\u00e9e et ancr\u00e9e dans la m\u00eame dynamique que l&rsquo;histoire qui a forg\u00e9 ce pays<\/em> \u00bb, a d\u00e9clar\u00e9 Andr\u00e9 Yoka, directeur de l&rsquo;Institut national des arts de Kinshasa, qui dirige la candidature de la RDC au statut de l&rsquo;Unesco.<\/p>\n\n\n\n<p class=\"wp-block-paragraph\">La rumba d\u00e9rive de \u00ab nkumba \u00bb, qui signifie nombril dans la langue locale, une danse qui trouve son origine \u00ab dans l&rsquo;ancien royaume du Kongo \u00bb, selon la soumission \u00e0 l&rsquo;Unesco.<\/p>\n\n\n\n<p class=\"wp-block-paragraph\">\u00ab <em>Quand nos anc\u00eatres emmen\u00e9s \u00e0 l&rsquo;\u00e9tranger voulaient se souvenir de leur histoire, de leur origine, de leur m\u00e9moire, ils dansaient la danse du nombril<\/em> \u00bb, a d\u00e9clar\u00e9 Catherine Kathungu Furaha, ministre de l&rsquo;Art et de la Culture de la RDC. \u00ab <em>Nous voulons que la rumba soit reconnue comme la n\u00f4tre. C&rsquo;est notre identit\u00e9.<\/em><\/p>\n\n\n\n<p class=\"wp-block-paragraph\">L&rsquo;Unesco annoncera sa d\u00e9cision en novembre.<\/p>\n\n\n\n<p class=\"wp-block-paragraph\"><strong>The Guardian via Reuters<\/strong><\/p>\n","protected":false,"gt_translate_keys":[{"key":"rendered","format":"html"}]},"excerpt":{"rendered":"<p>\u00ab C&rsquo;est notre identit\u00e9 \u00bb : deux Congo demandent l&rsquo;inscription \u00e0 l&rsquo;Unesco de la rumba. La \u00ab\u00a0demande conjointe\u00a0\u00bb de deux pays vise \u00e0 ajouter un style musical qui a inspir\u00e9 l&rsquo;ind\u00e9pendance \u00e0 la liste du patrimoine culturel immat\u00e9riel. Les autorit\u00e9s de Kinshasa et de Brazzaville, les capitales de la R\u00e9publique d\u00e9mocratique du Congo (RDC) voisine et de la R\u00e9publique du Congo, ont soumis une demande conjointe pour ajouter la rumba congolaise \u00e0 la liste du patrimoine culturel immat\u00e9riel de l&rsquo;Unesco. La liste permet de montrer la diversit\u00e9 du patrimoine et&hellip;<\/p>\n","protected":false,"gt_translate_keys":[{"key":"rendered","format":"html"}]},"author":1,"featured_media":14344,"comment_status":"open","ping_status":"open","sticky":false,"template":"","format":"standard","meta":{"_crdt_document":"","footnotes":""},"categories":[24],"tags":[18243],"class_list":["post-14342","post","type-post","status-publish","format-standard","has-post-thumbnail","hentry","category-musique","tag-rumba"],"gutentor_comment":0,"yoast_head":"<!-- This site is optimized with the Yoast SEO plugin v27.5 - https:\/\/yoast.com\/product\/yoast-seo-wordpress\/ -->\n<title>L&#039;Unesco annoncera sa &quot;d\u00e9cision&quot; en novembre sur la &quot;demande conjointe&quot; de la RDC et du Congo- Brazza d&#039;inscrire la &quot;Rumba&quot; sur le patrimoine\u00a0 culturel de l&#039;organisation - Actualit\u00e9s congolaises et internationales<\/title>\n<meta name=\"robots\" content=\"index, follow, max-snippet:-1, max-image-preview:large, max-video-preview:-1\" \/>\n<link rel=\"canonical\" href=\"https:\/\/congovirtuel.com\/information\/lunesco-annoncera-sa-decision-en-novembre-sur-la-demande-conjointe-de-la-rdc-et-du-congo-brazza-dinscrire-la-rumba-sur-le-patrimoine-culturel-de-lorganisation\/\" \/>\n<meta property=\"og:locale\" content=\"fr_FR\" \/>\n<meta property=\"og:type\" content=\"article\" \/>\n<meta property=\"og:title\" content=\"L&#039;Unesco annoncera sa &quot;d\u00e9cision&quot; en novembre sur la &quot;demande conjointe&quot; de la RDC et du Congo- Brazza d&#039;inscrire la &quot;Rumba&quot; sur le patrimoine\u00a0 culturel de l&#039;organisation - Actualit\u00e9s congolaises et internationales\" \/>\n<meta property=\"og:description\" content=\"\u00ab C&rsquo;est notre identit\u00e9 \u00bb : deux Congo demandent l&rsquo;inscription \u00e0 l&rsquo;Unesco de la rumba. La \u00ab\u00a0demande conjointe\u00a0\u00bb de deux pays vise \u00e0 ajouter un style musical qui a inspir\u00e9 l&rsquo;ind\u00e9pendance \u00e0 la liste du patrimoine culturel immat\u00e9riel. Les autorit\u00e9s de Kinshasa et de Brazzaville, les capitales de la R\u00e9publique d\u00e9mocratique du Congo (RDC) voisine et de la R\u00e9publique du Congo, ont soumis une demande conjointe pour ajouter la rumba congolaise \u00e0 la liste du patrimoine culturel immat\u00e9riel de l&rsquo;Unesco. La liste permet de montrer la diversit\u00e9 du patrimoine et&hellip;\" \/>\n<meta property=\"og:url\" content=\"https:\/\/congovirtuel.com\/information\/lunesco-annoncera-sa-decision-en-novembre-sur-la-demande-conjointe-de-la-rdc-et-du-congo-brazza-dinscrire-la-rumba-sur-le-patrimoine-culturel-de-lorganisation\/\" \/>\n<meta property=\"og:site_name\" content=\"Actualit\u00e9s congolaises et internationales\" \/>\n<meta property=\"article:publisher\" content=\"https:\/\/web.facebook.com\/Congovirtuel-763617960319601\/?ref=aymt_homepage_panel&amp;amp%3bamp%3bamp%3bamp%3bamp%3bamp%3bamp%3bamp%3bamp%3bamp%3bamp%3beid=ARCoxULa66767kIgF_KYav6VdjXTI4yk_LW4yoVO9s6NXpysgb7Cb65vpxcxgqzOAKvIbLQxaAETcqHT\" \/>\n<meta property=\"article:published_time\" content=\"2021-10-07T13:17:14+00:00\" \/>\n<meta property=\"article:modified_time\" content=\"2021-10-07T13:57:12+00:00\" \/>\n<meta property=\"og:image\" content=\"https:\/\/congovirtuel.com\/information\/wp-content\/uploads\/2021\/10\/ndombolo.jpg\" \/>\n\t<meta property=\"og:image:width\" content=\"740\" \/>\n\t<meta property=\"og:image:height\" content=\"370\" \/>\n\t<meta property=\"og:image:type\" content=\"image\/jpeg\" \/>\n<meta name=\"author\" content=\"infocongovirtuel\" \/>\n<meta name=\"twitter:card\" content=\"summary_large_image\" \/>\n<meta name=\"twitter:creator\" content=\"@congovirtuel\" \/>\n<meta name=\"twitter:site\" content=\"@congovirtuel\" \/>\n<meta name=\"twitter:label1\" content=\"\u00c9crit par\" \/>\n\t<meta name=\"twitter:data1\" content=\"infocongovirtuel\" \/>\n\t<meta name=\"twitter:label2\" content=\"Dur\u00e9e de lecture estim\u00e9e\" \/>\n\t<meta name=\"twitter:data2\" content=\"3 minutes\" \/>\n<script type=\"application\/ld+json\" class=\"yoast-schema-graph\">{\"@context\":\"https:\\\/\\\/schema.org\",\"@graph\":[{\"@type\":\"Article\",\"@id\":\"https:\\\/\\\/congovirtuel.com\\\/information\\\/lunesco-annoncera-sa-decision-en-novembre-sur-la-demande-conjointe-de-la-rdc-et-du-congo-brazza-dinscrire-la-rumba-sur-le-patrimoine-culturel-de-lorganisation\\\/#article\",\"isPartOf\":{\"@id\":\"https:\\\/\\\/congovirtuel.com\\\/information\\\/lunesco-annoncera-sa-decision-en-novembre-sur-la-demande-conjointe-de-la-rdc-et-du-congo-brazza-dinscrire-la-rumba-sur-le-patrimoine-culturel-de-lorganisation\\\/\"},\"author\":{\"name\":\"infocongovirtuel\",\"@id\":\"https:\\\/\\\/congovirtuel.com\\\/information\\\/#\\\/schema\\\/person\\\/739a44bf7990966cb53d58d2fdeca0b6\"},\"headline\":\"L&rsquo;Unesco annoncera sa \u00ab\u00a0d\u00e9cision\u00a0\u00bb en novembre sur la \u00ab\u00a0demande conjointe\u00a0\u00bb de la RDC et du Congo- Brazza d&rsquo;inscrire la \u00ab\u00a0Rumba\u00a0\u00bb sur le patrimoine\u00a0 culturel de l&rsquo;organisation\",\"datePublished\":\"2021-10-07T13:17:14+00:00\",\"dateModified\":\"2021-10-07T13:57:12+00:00\",\"mainEntityOfPage\":{\"@id\":\"https:\\\/\\\/congovirtuel.com\\\/information\\\/lunesco-annoncera-sa-decision-en-novembre-sur-la-demande-conjointe-de-la-rdc-et-du-congo-brazza-dinscrire-la-rumba-sur-le-patrimoine-culturel-de-lorganisation\\\/\"},\"wordCount\":578,\"commentCount\":0,\"publisher\":{\"@id\":\"https:\\\/\\\/congovirtuel.com\\\/information\\\/#organization\"},\"image\":{\"@id\":\"https:\\\/\\\/congovirtuel.com\\\/information\\\/lunesco-annoncera-sa-decision-en-novembre-sur-la-demande-conjointe-de-la-rdc-et-du-congo-brazza-dinscrire-la-rumba-sur-le-patrimoine-culturel-de-lorganisation\\\/#primaryimage\"},\"thumbnailUrl\":\"https:\\\/\\\/congovirtuel.com\\\/information\\\/wp-content\\\/uploads\\\/2021\\\/10\\\/ndombolo.jpg\",\"keywords\":[\"Rumba\"],\"articleSection\":[\"Musique\"],\"inLanguage\":\"fr-FR\",\"potentialAction\":[{\"@type\":\"CommentAction\",\"name\":\"Comment\",\"target\":[\"https:\\\/\\\/congovirtuel.com\\\/information\\\/lunesco-annoncera-sa-decision-en-novembre-sur-la-demande-conjointe-de-la-rdc-et-du-congo-brazza-dinscrire-la-rumba-sur-le-patrimoine-culturel-de-lorganisation\\\/#respond\"]}]},{\"@type\":\"WebPage\",\"@id\":\"https:\\\/\\\/congovirtuel.com\\\/information\\\/lunesco-annoncera-sa-decision-en-novembre-sur-la-demande-conjointe-de-la-rdc-et-du-congo-brazza-dinscrire-la-rumba-sur-le-patrimoine-culturel-de-lorganisation\\\/\",\"url\":\"https:\\\/\\\/congovirtuel.com\\\/information\\\/lunesco-annoncera-sa-decision-en-novembre-sur-la-demande-conjointe-de-la-rdc-et-du-congo-brazza-dinscrire-la-rumba-sur-le-patrimoine-culturel-de-lorganisation\\\/\",\"name\":\"L'Unesco annoncera sa \\\"d\u00e9cision\\\" en novembre sur la \\\"demande conjointe\\\" de la RDC et du Congo- Brazza d'inscrire la \\\"Rumba\\\" sur le patrimoine\u00a0 culturel de l'organisation - Actualit\u00e9s congolaises et internationales\",\"isPartOf\":{\"@id\":\"https:\\\/\\\/congovirtuel.com\\\/information\\\/#website\"},\"primaryImageOfPage\":{\"@id\":\"https:\\\/\\\/congovirtuel.com\\\/information\\\/lunesco-annoncera-sa-decision-en-novembre-sur-la-demande-conjointe-de-la-rdc-et-du-congo-brazza-dinscrire-la-rumba-sur-le-patrimoine-culturel-de-lorganisation\\\/#primaryimage\"},\"image\":{\"@id\":\"https:\\\/\\\/congovirtuel.com\\\/information\\\/lunesco-annoncera-sa-decision-en-novembre-sur-la-demande-conjointe-de-la-rdc-et-du-congo-brazza-dinscrire-la-rumba-sur-le-patrimoine-culturel-de-lorganisation\\\/#primaryimage\"},\"thumbnailUrl\":\"https:\\\/\\\/congovirtuel.com\\\/information\\\/wp-content\\\/uploads\\\/2021\\\/10\\\/ndombolo.jpg\",\"datePublished\":\"2021-10-07T13:17:14+00:00\",\"dateModified\":\"2021-10-07T13:57:12+00:00\",\"breadcrumb\":{\"@id\":\"https:\\\/\\\/congovirtuel.com\\\/information\\\/lunesco-annoncera-sa-decision-en-novembre-sur-la-demande-conjointe-de-la-rdc-et-du-congo-brazza-dinscrire-la-rumba-sur-le-patrimoine-culturel-de-lorganisation\\\/#breadcrumb\"},\"inLanguage\":\"fr-FR\",\"potentialAction\":[{\"@type\":\"ReadAction\",\"target\":[\"https:\\\/\\\/congovirtuel.com\\\/information\\\/lunesco-annoncera-sa-decision-en-novembre-sur-la-demande-conjointe-de-la-rdc-et-du-congo-brazza-dinscrire-la-rumba-sur-le-patrimoine-culturel-de-lorganisation\\\/\"]}]},{\"@type\":\"ImageObject\",\"inLanguage\":\"fr-FR\",\"@id\":\"https:\\\/\\\/congovirtuel.com\\\/information\\\/lunesco-annoncera-sa-decision-en-novembre-sur-la-demande-conjointe-de-la-rdc-et-du-congo-brazza-dinscrire-la-rumba-sur-le-patrimoine-culturel-de-lorganisation\\\/#primaryimage\",\"url\":\"https:\\\/\\\/congovirtuel.com\\\/information\\\/wp-content\\\/uploads\\\/2021\\\/10\\\/ndombolo.jpg\",\"contentUrl\":\"https:\\\/\\\/congovirtuel.com\\\/information\\\/wp-content\\\/uploads\\\/2021\\\/10\\\/ndombolo.jpg\",\"width\":740,\"height\":370},{\"@type\":\"BreadcrumbList\",\"@id\":\"https:\\\/\\\/congovirtuel.com\\\/information\\\/lunesco-annoncera-sa-decision-en-novembre-sur-la-demande-conjointe-de-la-rdc-et-du-congo-brazza-dinscrire-la-rumba-sur-le-patrimoine-culturel-de-lorganisation\\\/#breadcrumb\",\"itemListElement\":[{\"@type\":\"ListItem\",\"position\":1,\"name\":\"Accueil\",\"item\":\"https:\\\/\\\/congovirtuel.com\\\/information\\\/\"},{\"@type\":\"ListItem\",\"position\":2,\"name\":\"L&rsquo;Unesco annoncera sa \u00ab\u00a0d\u00e9cision\u00a0\u00bb en novembre sur la \u00ab\u00a0demande conjointe\u00a0\u00bb de la RDC et du Congo- Brazza d&rsquo;inscrire la \u00ab\u00a0Rumba\u00a0\u00bb sur le patrimoine\u00a0 culturel de l&rsquo;organisation\"}]},{\"@type\":\"WebSite\",\"@id\":\"https:\\\/\\\/congovirtuel.com\\\/information\\\/#website\",\"url\":\"https:\\\/\\\/congovirtuel.com\\\/information\\\/\",\"name\":\"Actualit\u00e9s congolaises et internationales\",\"description\":\"site d&#039;analyse et de traitement d&#039;information\",\"publisher\":{\"@id\":\"https:\\\/\\\/congovirtuel.com\\\/information\\\/#organization\"},\"potentialAction\":[{\"@type\":\"SearchAction\",\"target\":{\"@type\":\"EntryPoint\",\"urlTemplate\":\"https:\\\/\\\/congovirtuel.com\\\/information\\\/?s={search_term_string}\"},\"query-input\":{\"@type\":\"PropertyValueSpecification\",\"valueRequired\":true,\"valueName\":\"search_term_string\"}}],\"inLanguage\":\"fr-FR\"},{\"@type\":\"Organization\",\"@id\":\"https:\\\/\\\/congovirtuel.com\\\/information\\\/#organization\",\"name\":\"Biblioth\u00e8que Virtuelle de la RDC\",\"url\":\"https:\\\/\\\/congovirtuel.com\\\/information\\\/\",\"logo\":{\"@type\":\"ImageObject\",\"inLanguage\":\"fr-FR\",\"@id\":\"https:\\\/\\\/congovirtuel.com\\\/information\\\/#\\\/schema\\\/logo\\\/image\\\/\",\"url\":\"https:\\\/\\\/congovirtuel.com\\\/information\\\/wp-content\\\/uploads\\\/2018\\\/10\\\/header-info-congovirtuel-vraie.jpg\",\"contentUrl\":\"https:\\\/\\\/congovirtuel.com\\\/information\\\/wp-content\\\/uploads\\\/2018\\\/10\\\/header-info-congovirtuel-vraie.jpg\",\"width\":728,\"height\":90,\"caption\":\"Biblioth\u00e8que Virtuelle de la RDC\"},\"image\":{\"@id\":\"https:\\\/\\\/congovirtuel.com\\\/information\\\/#\\\/schema\\\/logo\\\/image\\\/\"},\"sameAs\":[\"https:\\\/\\\/web.facebook.com\\\/Congovirtuel-763617960319601\\\/?ref=aymt_homepage_panel&amp;amp;amp;amp;amp;amp;amp;amp;amp;amp;amp;eid=ARCoxULa66767kIgF_KYav6VdjXTI4yk_LW4yoVO9s6NXpysgb7Cb65vpxcxgqzOAKvIbLQxaAETcqHT\",\"https:\\\/\\\/x.com\\\/congovirtuel\",\"https:\\\/\\\/www.youtube.com\\\/channel\\\/UCkFfprYzGgS3EWNpeMXpToQ?view_as=subscriber\"]},{\"@type\":\"Person\",\"@id\":\"https:\\\/\\\/congovirtuel.com\\\/information\\\/#\\\/schema\\\/person\\\/739a44bf7990966cb53d58d2fdeca0b6\",\"name\":\"infocongovirtuel\",\"image\":{\"@type\":\"ImageObject\",\"inLanguage\":\"fr-FR\",\"@id\":\"https:\\\/\\\/secure.gravatar.com\\\/avatar\\\/4d76991aa72469f0eb22e772586c99113c6997f88da636a9db8f2ce3a2c05e69?s=96&d=mm&r=g\",\"url\":\"https:\\\/\\\/secure.gravatar.com\\\/avatar\\\/4d76991aa72469f0eb22e772586c99113c6997f88da636a9db8f2ce3a2c05e69?s=96&d=mm&r=g\",\"contentUrl\":\"https:\\\/\\\/secure.gravatar.com\\\/avatar\\\/4d76991aa72469f0eb22e772586c99113c6997f88da636a9db8f2ce3a2c05e69?s=96&d=mm&r=g\",\"caption\":\"infocongovirtuel\"},\"url\":\"https:\\\/\\\/congovirtuel.com\\\/information\\\/author\\\/infocongovirtuel\\\/\"}]}<\/script>\n<!-- \/ Yoast SEO plugin. -->","yoast_head_json":{"title":"L'Unesco annoncera sa \"d\u00e9cision\" en novembre sur la \"demande conjointe\" de la RDC et du Congo- Brazza d'inscrire la \"Rumba\" sur le patrimoine\u00a0 culturel de l'organisation - Actualit\u00e9s congolaises et internationales","robots":{"index":"index","follow":"follow","max-snippet":"max-snippet:-1","max-image-preview":"max-image-preview:large","max-video-preview":"max-video-preview:-1"},"canonical":"https:\/\/congovirtuel.com\/information\/lunesco-annoncera-sa-decision-en-novembre-sur-la-demande-conjointe-de-la-rdc-et-du-congo-brazza-dinscrire-la-rumba-sur-le-patrimoine-culturel-de-lorganisation\/","og_locale":"fr_FR","og_type":"article","og_title":"L'Unesco annoncera sa \"d\u00e9cision\" en novembre sur la \"demande conjointe\" de la RDC et du Congo- Brazza d'inscrire la \"Rumba\" sur le patrimoine\u00a0 culturel de l'organisation - Actualit\u00e9s congolaises et internationales","og_description":"\u00ab C&rsquo;est notre identit\u00e9 \u00bb : deux Congo demandent l&rsquo;inscription \u00e0 l&rsquo;Unesco de la rumba. La \u00ab\u00a0demande conjointe\u00a0\u00bb de deux pays vise \u00e0 ajouter un style musical qui a inspir\u00e9 l&rsquo;ind\u00e9pendance \u00e0 la liste du patrimoine culturel immat\u00e9riel. Les autorit\u00e9s de Kinshasa et de Brazzaville, les capitales de la R\u00e9publique d\u00e9mocratique du Congo (RDC) voisine et de la R\u00e9publique du Congo, ont soumis une demande conjointe pour ajouter la rumba congolaise \u00e0 la liste du patrimoine culturel immat\u00e9riel de l&rsquo;Unesco. La liste permet de montrer la diversit\u00e9 du patrimoine et&hellip;","og_url":"https:\/\/congovirtuel.com\/information\/lunesco-annoncera-sa-decision-en-novembre-sur-la-demande-conjointe-de-la-rdc-et-du-congo-brazza-dinscrire-la-rumba-sur-le-patrimoine-culturel-de-lorganisation\/","og_site_name":"Actualit\u00e9s congolaises et internationales","article_publisher":"https:\/\/web.facebook.com\/Congovirtuel-763617960319601\/?ref=aymt_homepage_panel&amp%3bamp%3bamp%3bamp%3bamp%3bamp%3bamp%3bamp%3bamp%3bamp%3bamp%3beid=ARCoxULa66767kIgF_KYav6VdjXTI4yk_LW4yoVO9s6NXpysgb7Cb65vpxcxgqzOAKvIbLQxaAETcqHT","article_published_time":"2021-10-07T13:17:14+00:00","article_modified_time":"2021-10-07T13:57:12+00:00","og_image":[{"width":740,"height":370,"url":"https:\/\/congovirtuel.com\/information\/wp-content\/uploads\/2021\/10\/ndombolo.jpg","type":"image\/jpeg"}],"author":"infocongovirtuel","twitter_card":"summary_large_image","twitter_creator":"@congovirtuel","twitter_site":"@congovirtuel","twitter_misc":{"\u00c9crit par":"infocongovirtuel","Dur\u00e9e de lecture estim\u00e9e":"3 minutes"},"schema":{"@context":"https:\/\/schema.org","@graph":[{"@type":"Article","@id":"https:\/\/congovirtuel.com\/information\/lunesco-annoncera-sa-decision-en-novembre-sur-la-demande-conjointe-de-la-rdc-et-du-congo-brazza-dinscrire-la-rumba-sur-le-patrimoine-culturel-de-lorganisation\/#article","isPartOf":{"@id":"https:\/\/congovirtuel.com\/information\/lunesco-annoncera-sa-decision-en-novembre-sur-la-demande-conjointe-de-la-rdc-et-du-congo-brazza-dinscrire-la-rumba-sur-le-patrimoine-culturel-de-lorganisation\/"},"author":{"name":"infocongovirtuel","@id":"https:\/\/congovirtuel.com\/information\/#\/schema\/person\/739a44bf7990966cb53d58d2fdeca0b6"},"headline":"L&rsquo;Unesco annoncera sa \u00ab\u00a0d\u00e9cision\u00a0\u00bb en novembre sur la \u00ab\u00a0demande conjointe\u00a0\u00bb de la RDC et du Congo- Brazza d&rsquo;inscrire la \u00ab\u00a0Rumba\u00a0\u00bb sur le patrimoine\u00a0 culturel de l&rsquo;organisation","datePublished":"2021-10-07T13:17:14+00:00","dateModified":"2021-10-07T13:57:12+00:00","mainEntityOfPage":{"@id":"https:\/\/congovirtuel.com\/information\/lunesco-annoncera-sa-decision-en-novembre-sur-la-demande-conjointe-de-la-rdc-et-du-congo-brazza-dinscrire-la-rumba-sur-le-patrimoine-culturel-de-lorganisation\/"},"wordCount":578,"commentCount":0,"publisher":{"@id":"https:\/\/congovirtuel.com\/information\/#organization"},"image":{"@id":"https:\/\/congovirtuel.com\/information\/lunesco-annoncera-sa-decision-en-novembre-sur-la-demande-conjointe-de-la-rdc-et-du-congo-brazza-dinscrire-la-rumba-sur-le-patrimoine-culturel-de-lorganisation\/#primaryimage"},"thumbnailUrl":"https:\/\/congovirtuel.com\/information\/wp-content\/uploads\/2021\/10\/ndombolo.jpg","keywords":["Rumba"],"articleSection":["Musique"],"inLanguage":"fr-FR","potentialAction":[{"@type":"CommentAction","name":"Comment","target":["https:\/\/congovirtuel.com\/information\/lunesco-annoncera-sa-decision-en-novembre-sur-la-demande-conjointe-de-la-rdc-et-du-congo-brazza-dinscrire-la-rumba-sur-le-patrimoine-culturel-de-lorganisation\/#respond"]}]},{"@type":"WebPage","@id":"https:\/\/congovirtuel.com\/information\/lunesco-annoncera-sa-decision-en-novembre-sur-la-demande-conjointe-de-la-rdc-et-du-congo-brazza-dinscrire-la-rumba-sur-le-patrimoine-culturel-de-lorganisation\/","url":"https:\/\/congovirtuel.com\/information\/lunesco-annoncera-sa-decision-en-novembre-sur-la-demande-conjointe-de-la-rdc-et-du-congo-brazza-dinscrire-la-rumba-sur-le-patrimoine-culturel-de-lorganisation\/","name":"L'Unesco annoncera sa \"d\u00e9cision\" en novembre sur la \"demande conjointe\" de la RDC et du Congo- Brazza d'inscrire la \"Rumba\" sur le patrimoine\u00a0 culturel de l'organisation - Actualit\u00e9s congolaises et internationales","isPartOf":{"@id":"https:\/\/congovirtuel.com\/information\/#website"},"primaryImageOfPage":{"@id":"https:\/\/congovirtuel.com\/information\/lunesco-annoncera-sa-decision-en-novembre-sur-la-demande-conjointe-de-la-rdc-et-du-congo-brazza-dinscrire-la-rumba-sur-le-patrimoine-culturel-de-lorganisation\/#primaryimage"},"image":{"@id":"https:\/\/congovirtuel.com\/information\/lunesco-annoncera-sa-decision-en-novembre-sur-la-demande-conjointe-de-la-rdc-et-du-congo-brazza-dinscrire-la-rumba-sur-le-patrimoine-culturel-de-lorganisation\/#primaryimage"},"thumbnailUrl":"https:\/\/congovirtuel.com\/information\/wp-content\/uploads\/2021\/10\/ndombolo.jpg","datePublished":"2021-10-07T13:17:14+00:00","dateModified":"2021-10-07T13:57:12+00:00","breadcrumb":{"@id":"https:\/\/congovirtuel.com\/information\/lunesco-annoncera-sa-decision-en-novembre-sur-la-demande-conjointe-de-la-rdc-et-du-congo-brazza-dinscrire-la-rumba-sur-le-patrimoine-culturel-de-lorganisation\/#breadcrumb"},"inLanguage":"fr-FR","potentialAction":[{"@type":"ReadAction","target":["https:\/\/congovirtuel.com\/information\/lunesco-annoncera-sa-decision-en-novembre-sur-la-demande-conjointe-de-la-rdc-et-du-congo-brazza-dinscrire-la-rumba-sur-le-patrimoine-culturel-de-lorganisation\/"]}]},{"@type":"ImageObject","inLanguage":"fr-FR","@id":"https:\/\/congovirtuel.com\/information\/lunesco-annoncera-sa-decision-en-novembre-sur-la-demande-conjointe-de-la-rdc-et-du-congo-brazza-dinscrire-la-rumba-sur-le-patrimoine-culturel-de-lorganisation\/#primaryimage","url":"https:\/\/congovirtuel.com\/information\/wp-content\/uploads\/2021\/10\/ndombolo.jpg","contentUrl":"https:\/\/congovirtuel.com\/information\/wp-content\/uploads\/2021\/10\/ndombolo.jpg","width":740,"height":370},{"@type":"BreadcrumbList","@id":"https:\/\/congovirtuel.com\/information\/lunesco-annoncera-sa-decision-en-novembre-sur-la-demande-conjointe-de-la-rdc-et-du-congo-brazza-dinscrire-la-rumba-sur-le-patrimoine-culturel-de-lorganisation\/#breadcrumb","itemListElement":[{"@type":"ListItem","position":1,"name":"Accueil","item":"https:\/\/congovirtuel.com\/information\/"},{"@type":"ListItem","position":2,"name":"L&rsquo;Unesco annoncera sa \u00ab\u00a0d\u00e9cision\u00a0\u00bb en novembre sur la \u00ab\u00a0demande conjointe\u00a0\u00bb de la RDC et du Congo- Brazza d&rsquo;inscrire la \u00ab\u00a0Rumba\u00a0\u00bb sur le patrimoine\u00a0 culturel de l&rsquo;organisation"}]},{"@type":"WebSite","@id":"https:\/\/congovirtuel.com\/information\/#website","url":"https:\/\/congovirtuel.com\/information\/","name":"Actualit\u00e9s congolaises et internationales","description":"site d&#039;analyse et de traitement d&#039;information","publisher":{"@id":"https:\/\/congovirtuel.com\/information\/#organization"},"potentialAction":[{"@type":"SearchAction","target":{"@type":"EntryPoint","urlTemplate":"https:\/\/congovirtuel.com\/information\/?s={search_term_string}"},"query-input":{"@type":"PropertyValueSpecification","valueRequired":true,"valueName":"search_term_string"}}],"inLanguage":"fr-FR"},{"@type":"Organization","@id":"https:\/\/congovirtuel.com\/information\/#organization","name":"Biblioth\u00e8que Virtuelle de la RDC","url":"https:\/\/congovirtuel.com\/information\/","logo":{"@type":"ImageObject","inLanguage":"fr-FR","@id":"https:\/\/congovirtuel.com\/information\/#\/schema\/logo\/image\/","url":"https:\/\/congovirtuel.com\/information\/wp-content\/uploads\/2018\/10\/header-info-congovirtuel-vraie.jpg","contentUrl":"https:\/\/congovirtuel.com\/information\/wp-content\/uploads\/2018\/10\/header-info-congovirtuel-vraie.jpg","width":728,"height":90,"caption":"Biblioth\u00e8que Virtuelle de la RDC"},"image":{"@id":"https:\/\/congovirtuel.com\/information\/#\/schema\/logo\/image\/"},"sameAs":["https:\/\/web.facebook.com\/Congovirtuel-763617960319601\/?ref=aymt_homepage_panel&amp;amp;amp;amp;amp;amp;amp;amp;amp;amp;amp;eid=ARCoxULa66767kIgF_KYav6VdjXTI4yk_LW4yoVO9s6NXpysgb7Cb65vpxcxgqzOAKvIbLQxaAETcqHT","https:\/\/x.com\/congovirtuel","https:\/\/www.youtube.com\/channel\/UCkFfprYzGgS3EWNpeMXpToQ?view_as=subscriber"]},{"@type":"Person","@id":"https:\/\/congovirtuel.com\/information\/#\/schema\/person\/739a44bf7990966cb53d58d2fdeca0b6","name":"infocongovirtuel","image":{"@type":"ImageObject","inLanguage":"fr-FR","@id":"https:\/\/secure.gravatar.com\/avatar\/4d76991aa72469f0eb22e772586c99113c6997f88da636a9db8f2ce3a2c05e69?s=96&d=mm&r=g","url":"https:\/\/secure.gravatar.com\/avatar\/4d76991aa72469f0eb22e772586c99113c6997f88da636a9db8f2ce3a2c05e69?s=96&d=mm&r=g","contentUrl":"https:\/\/secure.gravatar.com\/avatar\/4d76991aa72469f0eb22e772586c99113c6997f88da636a9db8f2ce3a2c05e69?s=96&d=mm&r=g","caption":"infocongovirtuel"},"url":"https:\/\/congovirtuel.com\/information\/author\/infocongovirtuel\/"}]}},"gt_translate_keys":[{"key":"link","format":"url"}],"_links":{"self":[{"href":"https:\/\/congovirtuel.com\/information\/wp-json\/wp\/v2\/posts\/14342","targetHints":{"allow":["GET"]}}],"collection":[{"href":"https:\/\/congovirtuel.com\/information\/wp-json\/wp\/v2\/posts"}],"about":[{"href":"https:\/\/congovirtuel.com\/information\/wp-json\/wp\/v2\/types\/post"}],"author":[{"embeddable":true,"href":"https:\/\/congovirtuel.com\/information\/wp-json\/wp\/v2\/users\/1"}],"replies":[{"embeddable":true,"href":"https:\/\/congovirtuel.com\/information\/wp-json\/wp\/v2\/comments?post=14342"}],"version-history":[{"count":2,"href":"https:\/\/congovirtuel.com\/information\/wp-json\/wp\/v2\/posts\/14342\/revisions"}],"predecessor-version":[{"id":14347,"href":"https:\/\/congovirtuel.com\/information\/wp-json\/wp\/v2\/posts\/14342\/revisions\/14347"}],"wp:featuredmedia":[{"embeddable":true,"href":"https:\/\/congovirtuel.com\/information\/wp-json\/wp\/v2\/media\/14344"}],"wp:attachment":[{"href":"https:\/\/congovirtuel.com\/information\/wp-json\/wp\/v2\/media?parent=14342"}],"wp:term":[{"taxonomy":"category","embeddable":true,"href":"https:\/\/congovirtuel.com\/information\/wp-json\/wp\/v2\/categories?post=14342"},{"taxonomy":"post_tag","embeddable":true,"href":"https:\/\/congovirtuel.com\/information\/wp-json\/wp\/v2\/tags?post=14342"}],"curies":[{"name":"wp","href":"https:\/\/api.w.org\/{rel}","templated":true}]}}