{"id":14482,"date":"2021-10-14T17:07:26","date_gmt":"2021-10-14T16:07:26","guid":{"rendered":"https:\/\/congovirtuel.com\/information\/?p=14482"},"modified":"2021-10-14T17:07:31","modified_gmt":"2021-10-14T16:07:31","slug":"rdc-incendie-mortel-a-lemba-six-personnes-dune-meme-famille-tuees-par-asphyxie","status":"publish","type":"post","link":"https:\/\/congovirtuel.com\/information\/rdc-incendie-mortel-a-lemba-six-personnes-dune-meme-famille-tuees-par-asphyxie\/","title":{"rendered":"RDC: Incendie mortel \u00e0 Lemba, six personnes d&rsquo;une m\u00eame famille tu\u00e9es par asphyxie","gt_translate_keys":[{"key":"rendered","format":"text"}]},"content":{"rendered":"\n<p class=\"wp-block-paragraph\">Six personnes d\u2019une m\u00eame famille, sont mortes, mercredi, par asphyxie \u00e0 la suite d\u2019un incendie dans une parcelle situ\u00e9e sur l\u2019avenue Elila, quartier commercial dans la commune de Lemba, a confirm\u00e9 \u00e0 la presse, le m\u00eame jour, le bourgmestre Jean Nsaka cit\u00e9 par Acp.<\/p>\n\n\n\n<p class=\"wp-block-paragraph\">Selon l\u2019autorit\u00e9 municipale, la police scientifique va effectuer des enqu\u00eates pour \u00e9lucider la cause exacte de cet incendie et la mort de ces 6 personnes dont un homme, travaillant dans une banque de la place, sa m\u00e8re, son \u00e9pouse, ainsi que trois de leurs enfants.<\/p>\n\n\n\n<p class=\"wp-block-paragraph\">Jean Nsaka a, \u00e0 cet effet, salu\u00e9 les efforts des voisins qui ont su ma\u00eetriser le feu malgr\u00e9 le drame, affirmant que la cause n\u2019est pas encore connue. N\u00e9anmoins, l\u2019incendie a consum\u00e9 une bonne partie de cette maison causant des d\u00e9g\u00e2ts mat\u00e9riels importants.<\/p>\n\n\n\n<p class=\"wp-block-paragraph\">Le bourgmestre de la commune de Lemba, qui a fait le d\u00e9placement sur le lieu du drame pour s\u2019impr\u00e9gner de la circonstance, a pr\u00e9sent\u00e9 ses condol\u00e9ances \u00e0 la famille \u00e9plor\u00e9e.<\/p>\n\n\n\n<p class=\"wp-block-paragraph\">Selon M. Serge Lidu, voisin : \u00ab&nbsp;nous ne saurions pas identifier la cause exacte de ce drame, c\u2019\u00e9tait vers 2 heures ou 3 heures du matin, nous avons constat\u00e9 qu\u2019il y avait le feu dans la maison et nous nous sommes pr\u00e9cit\u00e9s pour casser la maison. Et, Il y avait un r\u00e9chaud gaz dans la cuisine, c\u2019est ainsi que nous avons aper\u00e7u les corps non-calcin\u00e9s des victimes dans la chambre et dans la cuisine \u00bb.<\/p>\n\n\n\n<p class=\"wp-block-paragraph\">Il faut noter que les \u00e9l\u00e9ments de la Croix-Rouge ont achemin\u00e9 ces corps \u00e0 la morgue de l\u2019h\u00f4pital g\u00e9n\u00e9ral de r\u00e9f\u00e9rence de Kinshasa en attendant les conclusions des enqu\u00eates de la police scientifique.<\/p>\n\n\n\n<p class=\"wp-block-paragraph\"><strong>Raymond Okeseleke<\/strong>\/Digitalcongo<\/p>\n","protected":false,"gt_translate_keys":[{"key":"rendered","format":"html"}]},"excerpt":{"rendered":"<p>Six personnes d\u2019une m\u00eame famille, sont mortes, mercredi, par asphyxie \u00e0 la suite d\u2019un incendie dans une parcelle situ\u00e9e sur l\u2019avenue Elila, quartier commercial dans la commune de Lemba, a confirm\u00e9 \u00e0 la presse, le m\u00eame jour, le bourgmestre Jean Nsaka cit\u00e9 par Acp. Selon l\u2019autorit\u00e9 municipale, la police scientifique va effectuer des enqu\u00eates pour \u00e9lucider la cause exacte de cet incendie et la mort de ces 6 personnes dont un homme, travaillant dans une banque de la place, sa m\u00e8re, son \u00e9pouse, ainsi que trois de leurs enfants. Jean&hellip;<\/p>\n","protected":false,"gt_translate_keys":[{"key":"rendered","format":"html"}]},"author":1,"featured_media":14484,"comment_status":"open","ping_status":"open","sticky":false,"template":"","format":"standard","meta":{"_crdt_document":"","footnotes":""},"categories":[20],"tags":[24144,24143,24145],"class_list":["post-14482","post","type-post","status-publish","format-standard","has-post-thumbnail","hentry","category-divers","tag-feu","tag-incendie-lemba","tag-moto"],"gutentor_comment":0,"yoast_head":"<!-- This site is optimized with the Yoast SEO plugin v27.5 - https:\/\/yoast.com\/product\/yoast-seo-wordpress\/ -->\n<title>RDC: Incendie mortel \u00e0 Lemba, six personnes d&#039;une m\u00eame famille tu\u00e9es par asphyxie - Actualit\u00e9s congolaises et internationales<\/title>\n<meta name=\"robots\" content=\"index, follow, max-snippet:-1, max-image-preview:large, max-video-preview:-1\" \/>\n<link rel=\"canonical\" href=\"https:\/\/congovirtuel.com\/information\/rdc-incendie-mortel-a-lemba-six-personnes-dune-meme-famille-tuees-par-asphyxie\/\" \/>\n<meta property=\"og:locale\" content=\"fr_FR\" \/>\n<meta property=\"og:type\" content=\"article\" \/>\n<meta property=\"og:title\" content=\"RDC: Incendie mortel \u00e0 Lemba, six personnes d&#039;une m\u00eame famille tu\u00e9es par asphyxie - Actualit\u00e9s congolaises et internationales\" \/>\n<meta property=\"og:description\" content=\"Six personnes d\u2019une m\u00eame famille, sont mortes, mercredi, par asphyxie \u00e0 la suite d\u2019un incendie dans une parcelle situ\u00e9e sur l\u2019avenue Elila, quartier commercial dans la commune de Lemba, a confirm\u00e9 \u00e0 la presse, le m\u00eame jour, le bourgmestre Jean Nsaka cit\u00e9 par Acp. Selon l\u2019autorit\u00e9 municipale, la police scientifique va effectuer des enqu\u00eates pour \u00e9lucider la cause exacte de cet incendie et la mort de ces 6 personnes dont un homme, travaillant dans une banque de la place, sa m\u00e8re, son \u00e9pouse, ainsi que trois de leurs enfants. Jean&hellip;\" \/>\n<meta property=\"og:url\" content=\"https:\/\/congovirtuel.com\/information\/rdc-incendie-mortel-a-lemba-six-personnes-dune-meme-famille-tuees-par-asphyxie\/\" \/>\n<meta property=\"og:site_name\" content=\"Actualit\u00e9s congolaises et internationales\" \/>\n<meta property=\"article:publisher\" content=\"https:\/\/web.facebook.com\/Congovirtuel-763617960319601\/?ref=aymt_homepage_panel&amp;amp%3bamp%3bamp%3bamp%3bamp%3bamp%3bamp%3bamp%3bamp%3bamp%3bamp%3beid=ARCoxULa66767kIgF_KYav6VdjXTI4yk_LW4yoVO9s6NXpysgb7Cb65vpxcxgqzOAKvIbLQxaAETcqHT\" \/>\n<meta property=\"article:published_time\" content=\"2021-10-14T16:07:26+00:00\" \/>\n<meta property=\"article:modified_time\" content=\"2021-10-14T16:07:31+00:00\" \/>\n<meta property=\"og:image\" content=\"https:\/\/congovirtuel.com\/information\/wp-content\/uploads\/2021\/10\/Lemba.jpg\" \/>\n\t<meta property=\"og:image:width\" content=\"800\" \/>\n\t<meta property=\"og:image:height\" content=\"480\" \/>\n\t<meta property=\"og:image:type\" content=\"image\/jpeg\" \/>\n<meta name=\"author\" content=\"infocongovirtuel\" \/>\n<meta name=\"twitter:card\" content=\"summary_large_image\" \/>\n<meta name=\"twitter:creator\" content=\"@congovirtuel\" \/>\n<meta name=\"twitter:site\" content=\"@congovirtuel\" \/>\n<meta name=\"twitter:label1\" content=\"\u00c9crit par\" \/>\n\t<meta name=\"twitter:data1\" content=\"infocongovirtuel\" \/>\n\t<meta name=\"twitter:label2\" content=\"Dur\u00e9e de lecture estim\u00e9e\" \/>\n\t<meta name=\"twitter:data2\" content=\"2 minutes\" \/>\n<script type=\"application\/ld+json\" class=\"yoast-schema-graph\">{\"@context\":\"https:\\\/\\\/schema.org\",\"@graph\":[{\"@type\":\"Article\",\"@id\":\"https:\\\/\\\/congovirtuel.com\\\/information\\\/rdc-incendie-mortel-a-lemba-six-personnes-dune-meme-famille-tuees-par-asphyxie\\\/#article\",\"isPartOf\":{\"@id\":\"https:\\\/\\\/congovirtuel.com\\\/information\\\/rdc-incendie-mortel-a-lemba-six-personnes-dune-meme-famille-tuees-par-asphyxie\\\/\"},\"author\":{\"name\":\"infocongovirtuel\",\"@id\":\"https:\\\/\\\/congovirtuel.com\\\/information\\\/#\\\/schema\\\/person\\\/739a44bf7990966cb53d58d2fdeca0b6\"},\"headline\":\"RDC: Incendie mortel \u00e0 Lemba, six personnes d&rsquo;une m\u00eame famille tu\u00e9es par asphyxie\",\"datePublished\":\"2021-10-14T16:07:26+00:00\",\"dateModified\":\"2021-10-14T16:07:31+00:00\",\"mainEntityOfPage\":{\"@id\":\"https:\\\/\\\/congovirtuel.com\\\/information\\\/rdc-incendie-mortel-a-lemba-six-personnes-dune-meme-famille-tuees-par-asphyxie\\\/\"},\"wordCount\":317,\"commentCount\":0,\"publisher\":{\"@id\":\"https:\\\/\\\/congovirtuel.com\\\/information\\\/#organization\"},\"image\":{\"@id\":\"https:\\\/\\\/congovirtuel.com\\\/information\\\/rdc-incendie-mortel-a-lemba-six-personnes-dune-meme-famille-tuees-par-asphyxie\\\/#primaryimage\"},\"thumbnailUrl\":\"https:\\\/\\\/congovirtuel.com\\\/information\\\/wp-content\\\/uploads\\\/2021\\\/10\\\/Lemba.jpg\",\"keywords\":[\"feu\",\"incendie Lemba\",\"moto\"],\"articleSection\":[\"Divers\"],\"inLanguage\":\"fr-FR\",\"potentialAction\":[{\"@type\":\"CommentAction\",\"name\":\"Comment\",\"target\":[\"https:\\\/\\\/congovirtuel.com\\\/information\\\/rdc-incendie-mortel-a-lemba-six-personnes-dune-meme-famille-tuees-par-asphyxie\\\/#respond\"]}]},{\"@type\":\"WebPage\",\"@id\":\"https:\\\/\\\/congovirtuel.com\\\/information\\\/rdc-incendie-mortel-a-lemba-six-personnes-dune-meme-famille-tuees-par-asphyxie\\\/\",\"url\":\"https:\\\/\\\/congovirtuel.com\\\/information\\\/rdc-incendie-mortel-a-lemba-six-personnes-dune-meme-famille-tuees-par-asphyxie\\\/\",\"name\":\"RDC: Incendie mortel \u00e0 Lemba, six personnes d'une m\u00eame famille tu\u00e9es par asphyxie - Actualit\u00e9s congolaises et internationales\",\"isPartOf\":{\"@id\":\"https:\\\/\\\/congovirtuel.com\\\/information\\\/#website\"},\"primaryImageOfPage\":{\"@id\":\"https:\\\/\\\/congovirtuel.com\\\/information\\\/rdc-incendie-mortel-a-lemba-six-personnes-dune-meme-famille-tuees-par-asphyxie\\\/#primaryimage\"},\"image\":{\"@id\":\"https:\\\/\\\/congovirtuel.com\\\/information\\\/rdc-incendie-mortel-a-lemba-six-personnes-dune-meme-famille-tuees-par-asphyxie\\\/#primaryimage\"},\"thumbnailUrl\":\"https:\\\/\\\/congovirtuel.com\\\/information\\\/wp-content\\\/uploads\\\/2021\\\/10\\\/Lemba.jpg\",\"datePublished\":\"2021-10-14T16:07:26+00:00\",\"dateModified\":\"2021-10-14T16:07:31+00:00\",\"breadcrumb\":{\"@id\":\"https:\\\/\\\/congovirtuel.com\\\/information\\\/rdc-incendie-mortel-a-lemba-six-personnes-dune-meme-famille-tuees-par-asphyxie\\\/#breadcrumb\"},\"inLanguage\":\"fr-FR\",\"potentialAction\":[{\"@type\":\"ReadAction\",\"target\":[\"https:\\\/\\\/congovirtuel.com\\\/information\\\/rdc-incendie-mortel-a-lemba-six-personnes-dune-meme-famille-tuees-par-asphyxie\\\/\"]}]},{\"@type\":\"ImageObject\",\"inLanguage\":\"fr-FR\",\"@id\":\"https:\\\/\\\/congovirtuel.com\\\/information\\\/rdc-incendie-mortel-a-lemba-six-personnes-dune-meme-famille-tuees-par-asphyxie\\\/#primaryimage\",\"url\":\"https:\\\/\\\/congovirtuel.com\\\/information\\\/wp-content\\\/uploads\\\/2021\\\/10\\\/Lemba.jpg\",\"contentUrl\":\"https:\\\/\\\/congovirtuel.com\\\/information\\\/wp-content\\\/uploads\\\/2021\\\/10\\\/Lemba.jpg\",\"width\":800,\"height\":480},{\"@type\":\"BreadcrumbList\",\"@id\":\"https:\\\/\\\/congovirtuel.com\\\/information\\\/rdc-incendie-mortel-a-lemba-six-personnes-dune-meme-famille-tuees-par-asphyxie\\\/#breadcrumb\",\"itemListElement\":[{\"@type\":\"ListItem\",\"position\":1,\"name\":\"Accueil\",\"item\":\"https:\\\/\\\/congovirtuel.com\\\/information\\\/\"},{\"@type\":\"ListItem\",\"position\":2,\"name\":\"RDC: Incendie mortel \u00e0 Lemba, six personnes d&rsquo;une m\u00eame famille tu\u00e9es par asphyxie\"}]},{\"@type\":\"WebSite\",\"@id\":\"https:\\\/\\\/congovirtuel.com\\\/information\\\/#website\",\"url\":\"https:\\\/\\\/congovirtuel.com\\\/information\\\/\",\"name\":\"Actualit\u00e9s congolaises et internationales\",\"description\":\"site d&#039;analyse et de traitement d&#039;information\",\"publisher\":{\"@id\":\"https:\\\/\\\/congovirtuel.com\\\/information\\\/#organization\"},\"potentialAction\":[{\"@type\":\"SearchAction\",\"target\":{\"@type\":\"EntryPoint\",\"urlTemplate\":\"https:\\\/\\\/congovirtuel.com\\\/information\\\/?s={search_term_string}\"},\"query-input\":{\"@type\":\"PropertyValueSpecification\",\"valueRequired\":true,\"valueName\":\"search_term_string\"}}],\"inLanguage\":\"fr-FR\"},{\"@type\":\"Organization\",\"@id\":\"https:\\\/\\\/congovirtuel.com\\\/information\\\/#organization\",\"name\":\"Biblioth\u00e8que Virtuelle de la RDC\",\"url\":\"https:\\\/\\\/congovirtuel.com\\\/information\\\/\",\"logo\":{\"@type\":\"ImageObject\",\"inLanguage\":\"fr-FR\",\"@id\":\"https:\\\/\\\/congovirtuel.com\\\/information\\\/#\\\/schema\\\/logo\\\/image\\\/\",\"url\":\"https:\\\/\\\/congovirtuel.com\\\/information\\\/wp-content\\\/uploads\\\/2018\\\/10\\\/header-info-congovirtuel-vraie.jpg\",\"contentUrl\":\"https:\\\/\\\/congovirtuel.com\\\/information\\\/wp-content\\\/uploads\\\/2018\\\/10\\\/header-info-congovirtuel-vraie.jpg\",\"width\":728,\"height\":90,\"caption\":\"Biblioth\u00e8que Virtuelle de la RDC\"},\"image\":{\"@id\":\"https:\\\/\\\/congovirtuel.com\\\/information\\\/#\\\/schema\\\/logo\\\/image\\\/\"},\"sameAs\":[\"https:\\\/\\\/web.facebook.com\\\/Congovirtuel-763617960319601\\\/?ref=aymt_homepage_panel&amp;amp;amp;amp;amp;amp;amp;amp;amp;amp;amp;eid=ARCoxULa66767kIgF_KYav6VdjXTI4yk_LW4yoVO9s6NXpysgb7Cb65vpxcxgqzOAKvIbLQxaAETcqHT\",\"https:\\\/\\\/x.com\\\/congovirtuel\",\"https:\\\/\\\/www.youtube.com\\\/channel\\\/UCkFfprYzGgS3EWNpeMXpToQ?view_as=subscriber\"]},{\"@type\":\"Person\",\"@id\":\"https:\\\/\\\/congovirtuel.com\\\/information\\\/#\\\/schema\\\/person\\\/739a44bf7990966cb53d58d2fdeca0b6\",\"name\":\"infocongovirtuel\",\"image\":{\"@type\":\"ImageObject\",\"inLanguage\":\"fr-FR\",\"@id\":\"https:\\\/\\\/secure.gravatar.com\\\/avatar\\\/4d76991aa72469f0eb22e772586c99113c6997f88da636a9db8f2ce3a2c05e69?s=96&d=mm&r=g\",\"url\":\"https:\\\/\\\/secure.gravatar.com\\\/avatar\\\/4d76991aa72469f0eb22e772586c99113c6997f88da636a9db8f2ce3a2c05e69?s=96&d=mm&r=g\",\"contentUrl\":\"https:\\\/\\\/secure.gravatar.com\\\/avatar\\\/4d76991aa72469f0eb22e772586c99113c6997f88da636a9db8f2ce3a2c05e69?s=96&d=mm&r=g\",\"caption\":\"infocongovirtuel\"},\"url\":\"https:\\\/\\\/congovirtuel.com\\\/information\\\/author\\\/infocongovirtuel\\\/\"}]}<\/script>\n<!-- \/ Yoast SEO plugin. -->","yoast_head_json":{"title":"RDC: Incendie mortel \u00e0 Lemba, six personnes d'une m\u00eame famille tu\u00e9es par asphyxie - Actualit\u00e9s congolaises et internationales","robots":{"index":"index","follow":"follow","max-snippet":"max-snippet:-1","max-image-preview":"max-image-preview:large","max-video-preview":"max-video-preview:-1"},"canonical":"https:\/\/congovirtuel.com\/information\/rdc-incendie-mortel-a-lemba-six-personnes-dune-meme-famille-tuees-par-asphyxie\/","og_locale":"fr_FR","og_type":"article","og_title":"RDC: Incendie mortel \u00e0 Lemba, six personnes d'une m\u00eame famille tu\u00e9es par asphyxie - Actualit\u00e9s congolaises et internationales","og_description":"Six personnes d\u2019une m\u00eame famille, sont mortes, mercredi, par asphyxie \u00e0 la suite d\u2019un incendie dans une parcelle situ\u00e9e sur l\u2019avenue Elila, quartier commercial dans la commune de Lemba, a confirm\u00e9 \u00e0 la presse, le m\u00eame jour, le bourgmestre Jean Nsaka cit\u00e9 par Acp. Selon l\u2019autorit\u00e9 municipale, la police scientifique va effectuer des enqu\u00eates pour \u00e9lucider la cause exacte de cet incendie et la mort de ces 6 personnes dont un homme, travaillant dans une banque de la place, sa m\u00e8re, son \u00e9pouse, ainsi que trois de leurs enfants. Jean&hellip;","og_url":"https:\/\/congovirtuel.com\/information\/rdc-incendie-mortel-a-lemba-six-personnes-dune-meme-famille-tuees-par-asphyxie\/","og_site_name":"Actualit\u00e9s congolaises et internationales","article_publisher":"https:\/\/web.facebook.com\/Congovirtuel-763617960319601\/?ref=aymt_homepage_panel&amp%3bamp%3bamp%3bamp%3bamp%3bamp%3bamp%3bamp%3bamp%3bamp%3bamp%3beid=ARCoxULa66767kIgF_KYav6VdjXTI4yk_LW4yoVO9s6NXpysgb7Cb65vpxcxgqzOAKvIbLQxaAETcqHT","article_published_time":"2021-10-14T16:07:26+00:00","article_modified_time":"2021-10-14T16:07:31+00:00","og_image":[{"width":800,"height":480,"url":"https:\/\/congovirtuel.com\/information\/wp-content\/uploads\/2021\/10\/Lemba.jpg","type":"image\/jpeg"}],"author":"infocongovirtuel","twitter_card":"summary_large_image","twitter_creator":"@congovirtuel","twitter_site":"@congovirtuel","twitter_misc":{"\u00c9crit par":"infocongovirtuel","Dur\u00e9e de lecture estim\u00e9e":"2 minutes"},"schema":{"@context":"https:\/\/schema.org","@graph":[{"@type":"Article","@id":"https:\/\/congovirtuel.com\/information\/rdc-incendie-mortel-a-lemba-six-personnes-dune-meme-famille-tuees-par-asphyxie\/#article","isPartOf":{"@id":"https:\/\/congovirtuel.com\/information\/rdc-incendie-mortel-a-lemba-six-personnes-dune-meme-famille-tuees-par-asphyxie\/"},"author":{"name":"infocongovirtuel","@id":"https:\/\/congovirtuel.com\/information\/#\/schema\/person\/739a44bf7990966cb53d58d2fdeca0b6"},"headline":"RDC: Incendie mortel \u00e0 Lemba, six personnes d&rsquo;une m\u00eame famille tu\u00e9es par asphyxie","datePublished":"2021-10-14T16:07:26+00:00","dateModified":"2021-10-14T16:07:31+00:00","mainEntityOfPage":{"@id":"https:\/\/congovirtuel.com\/information\/rdc-incendie-mortel-a-lemba-six-personnes-dune-meme-famille-tuees-par-asphyxie\/"},"wordCount":317,"commentCount":0,"publisher":{"@id":"https:\/\/congovirtuel.com\/information\/#organization"},"image":{"@id":"https:\/\/congovirtuel.com\/information\/rdc-incendie-mortel-a-lemba-six-personnes-dune-meme-famille-tuees-par-asphyxie\/#primaryimage"},"thumbnailUrl":"https:\/\/congovirtuel.com\/information\/wp-content\/uploads\/2021\/10\/Lemba.jpg","keywords":["feu","incendie Lemba","moto"],"articleSection":["Divers"],"inLanguage":"fr-FR","potentialAction":[{"@type":"CommentAction","name":"Comment","target":["https:\/\/congovirtuel.com\/information\/rdc-incendie-mortel-a-lemba-six-personnes-dune-meme-famille-tuees-par-asphyxie\/#respond"]}]},{"@type":"WebPage","@id":"https:\/\/congovirtuel.com\/information\/rdc-incendie-mortel-a-lemba-six-personnes-dune-meme-famille-tuees-par-asphyxie\/","url":"https:\/\/congovirtuel.com\/information\/rdc-incendie-mortel-a-lemba-six-personnes-dune-meme-famille-tuees-par-asphyxie\/","name":"RDC: Incendie mortel \u00e0 Lemba, six personnes d'une m\u00eame famille tu\u00e9es par asphyxie - Actualit\u00e9s congolaises et internationales","isPartOf":{"@id":"https:\/\/congovirtuel.com\/information\/#website"},"primaryImageOfPage":{"@id":"https:\/\/congovirtuel.com\/information\/rdc-incendie-mortel-a-lemba-six-personnes-dune-meme-famille-tuees-par-asphyxie\/#primaryimage"},"image":{"@id":"https:\/\/congovirtuel.com\/information\/rdc-incendie-mortel-a-lemba-six-personnes-dune-meme-famille-tuees-par-asphyxie\/#primaryimage"},"thumbnailUrl":"https:\/\/congovirtuel.com\/information\/wp-content\/uploads\/2021\/10\/Lemba.jpg","datePublished":"2021-10-14T16:07:26+00:00","dateModified":"2021-10-14T16:07:31+00:00","breadcrumb":{"@id":"https:\/\/congovirtuel.com\/information\/rdc-incendie-mortel-a-lemba-six-personnes-dune-meme-famille-tuees-par-asphyxie\/#breadcrumb"},"inLanguage":"fr-FR","potentialAction":[{"@type":"ReadAction","target":["https:\/\/congovirtuel.com\/information\/rdc-incendie-mortel-a-lemba-six-personnes-dune-meme-famille-tuees-par-asphyxie\/"]}]},{"@type":"ImageObject","inLanguage":"fr-FR","@id":"https:\/\/congovirtuel.com\/information\/rdc-incendie-mortel-a-lemba-six-personnes-dune-meme-famille-tuees-par-asphyxie\/#primaryimage","url":"https:\/\/congovirtuel.com\/information\/wp-content\/uploads\/2021\/10\/Lemba.jpg","contentUrl":"https:\/\/congovirtuel.com\/information\/wp-content\/uploads\/2021\/10\/Lemba.jpg","width":800,"height":480},{"@type":"BreadcrumbList","@id":"https:\/\/congovirtuel.com\/information\/rdc-incendie-mortel-a-lemba-six-personnes-dune-meme-famille-tuees-par-asphyxie\/#breadcrumb","itemListElement":[{"@type":"ListItem","position":1,"name":"Accueil","item":"https:\/\/congovirtuel.com\/information\/"},{"@type":"ListItem","position":2,"name":"RDC: Incendie mortel \u00e0 Lemba, six personnes d&rsquo;une m\u00eame famille tu\u00e9es par asphyxie"}]},{"@type":"WebSite","@id":"https:\/\/congovirtuel.com\/information\/#website","url":"https:\/\/congovirtuel.com\/information\/","name":"Actualit\u00e9s congolaises et internationales","description":"site d&#039;analyse et de traitement d&#039;information","publisher":{"@id":"https:\/\/congovirtuel.com\/information\/#organization"},"potentialAction":[{"@type":"SearchAction","target":{"@type":"EntryPoint","urlTemplate":"https:\/\/congovirtuel.com\/information\/?s={search_term_string}"},"query-input":{"@type":"PropertyValueSpecification","valueRequired":true,"valueName":"search_term_string"}}],"inLanguage":"fr-FR"},{"@type":"Organization","@id":"https:\/\/congovirtuel.com\/information\/#organization","name":"Biblioth\u00e8que Virtuelle de la RDC","url":"https:\/\/congovirtuel.com\/information\/","logo":{"@type":"ImageObject","inLanguage":"fr-FR","@id":"https:\/\/congovirtuel.com\/information\/#\/schema\/logo\/image\/","url":"https:\/\/congovirtuel.com\/information\/wp-content\/uploads\/2018\/10\/header-info-congovirtuel-vraie.jpg","contentUrl":"https:\/\/congovirtuel.com\/information\/wp-content\/uploads\/2018\/10\/header-info-congovirtuel-vraie.jpg","width":728,"height":90,"caption":"Biblioth\u00e8que Virtuelle de la RDC"},"image":{"@id":"https:\/\/congovirtuel.com\/information\/#\/schema\/logo\/image\/"},"sameAs":["https:\/\/web.facebook.com\/Congovirtuel-763617960319601\/?ref=aymt_homepage_panel&amp;amp;amp;amp;amp;amp;amp;amp;amp;amp;amp;eid=ARCoxULa66767kIgF_KYav6VdjXTI4yk_LW4yoVO9s6NXpysgb7Cb65vpxcxgqzOAKvIbLQxaAETcqHT","https:\/\/x.com\/congovirtuel","https:\/\/www.youtube.com\/channel\/UCkFfprYzGgS3EWNpeMXpToQ?view_as=subscriber"]},{"@type":"Person","@id":"https:\/\/congovirtuel.com\/information\/#\/schema\/person\/739a44bf7990966cb53d58d2fdeca0b6","name":"infocongovirtuel","image":{"@type":"ImageObject","inLanguage":"fr-FR","@id":"https:\/\/secure.gravatar.com\/avatar\/4d76991aa72469f0eb22e772586c99113c6997f88da636a9db8f2ce3a2c05e69?s=96&d=mm&r=g","url":"https:\/\/secure.gravatar.com\/avatar\/4d76991aa72469f0eb22e772586c99113c6997f88da636a9db8f2ce3a2c05e69?s=96&d=mm&r=g","contentUrl":"https:\/\/secure.gravatar.com\/avatar\/4d76991aa72469f0eb22e772586c99113c6997f88da636a9db8f2ce3a2c05e69?s=96&d=mm&r=g","caption":"infocongovirtuel"},"url":"https:\/\/congovirtuel.com\/information\/author\/infocongovirtuel\/"}]}},"gt_translate_keys":[{"key":"link","format":"url"}],"_links":{"self":[{"href":"https:\/\/congovirtuel.com\/information\/wp-json\/wp\/v2\/posts\/14482","targetHints":{"allow":["GET"]}}],"collection":[{"href":"https:\/\/congovirtuel.com\/information\/wp-json\/wp\/v2\/posts"}],"about":[{"href":"https:\/\/congovirtuel.com\/information\/wp-json\/wp\/v2\/types\/post"}],"author":[{"embeddable":true,"href":"https:\/\/congovirtuel.com\/information\/wp-json\/wp\/v2\/users\/1"}],"replies":[{"embeddable":true,"href":"https:\/\/congovirtuel.com\/information\/wp-json\/wp\/v2\/comments?post=14482"}],"version-history":[{"count":1,"href":"https:\/\/congovirtuel.com\/information\/wp-json\/wp\/v2\/posts\/14482\/revisions"}],"predecessor-version":[{"id":14485,"href":"https:\/\/congovirtuel.com\/information\/wp-json\/wp\/v2\/posts\/14482\/revisions\/14485"}],"wp:featuredmedia":[{"embeddable":true,"href":"https:\/\/congovirtuel.com\/information\/wp-json\/wp\/v2\/media\/14484"}],"wp:attachment":[{"href":"https:\/\/congovirtuel.com\/information\/wp-json\/wp\/v2\/media?parent=14482"}],"wp:term":[{"taxonomy":"category","embeddable":true,"href":"https:\/\/congovirtuel.com\/information\/wp-json\/wp\/v2\/categories?post=14482"},{"taxonomy":"post_tag","embeddable":true,"href":"https:\/\/congovirtuel.com\/information\/wp-json\/wp\/v2\/tags?post=14482"}],"curies":[{"name":"wp","href":"https:\/\/api.w.org\/{rel}","templated":true}]}}