{"id":14548,"date":"2021-10-17T15:33:19","date_gmt":"2021-10-17T14:33:19","guid":{"rendered":"https:\/\/congovirtuel.com\/information\/?p=14548"},"modified":"2021-10-17T15:46:44","modified_gmt":"2021-10-17T14:46:44","slug":"rdc-syndrome-feronia-et-kikaya-bin-karubi-la-zone-economique-speciale-de-maluku-de-luc-gerard-nyafe-conseiller-et-ambassadeur-itinerant-de-f-tshisekedi-tarde-a-vo","status":"publish","type":"post","link":"https:\/\/congovirtuel.com\/information\/rdc-syndrome-feronia-et-kikaya-bin-karubi-la-zone-economique-speciale-de-maluku-de-luc-gerard-nyafe-conseiller-et-ambassadeur-itinerant-de-f-tshisekedi-tarde-a-vo\/","title":{"rendered":"RDC: \u00ab\u00a0Syndrome\u00a0 Feronia et\u00a0\u00a0 Kikaya Bin Karubi\u00a0\u00bb? : La zone \u00e9conomique sp\u00e9ciale de Maluku de\u00a0 Luc Gerard Nyaf\u00e9, conseiller et ambassadeur itin\u00e9rant de F. Tshisekedi, \u00a0\u00bb tarde \u00e0 voir le jour\u00a0\u00bb","gt_translate_keys":[{"key":"rendered","format":"text"}]},"content":{"rendered":"\n<p class=\"wp-block-paragraph\"><\/p>\n\n\n\n<p class=\"wp-block-paragraph\"><strong><em>Install\u00e9e \u00e0 70 km de la capitale et \u00e0 proximit\u00e9 imm\u00e9diate du fleuve Congo, la Zone \u00e9conomique sp\u00e9ciale de Maluku doit \u00e0 terme permettre la cr\u00e9ation d&rsquo;un p\u00f4le agro-industriel dont la production serait export\u00e9e par voie fluviale.Le projet de la ZES de Makulu a b\u00e9n\u00e9fici\u00e9 du soutien financier et technique de la Banque mondiale, avant d&rsquo;\u00eatre suspendu quelques ann\u00e9es plus tard par des d\u00e9m\u00eal\u00e9s autour de l&rsquo;indemnisation des personnes d\u00e9plac\u00e9es.<\/em><\/strong><\/p>\n\n\n\n<p class=\"wp-block-paragraph\"><strong>Un \u00ab\u00a0jeu\u00a0\u00bb de Passe &#8211; passe avec Feronia?<\/strong><\/p>\n\n\n\n<p class=\"wp-block-paragraph\"><strong>\u00ab\u00a0<\/strong> <em>M\u00eame si Strategos Plantations a eu des relations commerciales avec Feronia dans le pass\u00e9, ces relations ont pris fin \u00ab\u00a0.<\/em><\/p>\n\n\n\n<p class=\"wp-block-paragraph\"><em>\u00ab\u00a0Ce qui est clair, c&rsquo;est que Strategos a acquis une usine d&rsquo;une valeur d&rsquo;au moins 8 millions de dollars US qui appartenait autrefois \u00e0 Feronia, sans que Feronia n&rsquo;ait enregistr\u00e9 de montants pour une vente de l&rsquo;usine dans ses comptes\u00a0\u00bb,<\/em>on peut lire sur le site <a href=\"https:\/\/grain.org\/en\/article\/6674-the-untold-story-of-feronia-inc-s-failed-rice-operations-in-the-dr-congo\">Grain<\/a>.<\/p>\n\n\n\n<p class=\"wp-block-paragraph\">Site Internet de Feronia de 2012 annon\u00e7ant l&rsquo;ach\u00e8vement du moulin \u00e0 riz et le tweet de Luc G\u00e9rard du 4 novembre 2017 : \u00ab <em>Fin de s\u00e9jour. Agriculture : Nous entrons dans le Bas Congo en reprenant une usine existante. Et au Kwilu, les choses avancent lentement. L&rsquo;\u00e9tat des routes et la \u00ab\u00a0taxation\u00a0\u00bb permanente des Policiers, DMG et autres, rendent le travail difficile.<\/em><\/p>\n\n\n\n<p class=\"wp-block-paragraph\"><strong>Quid du Groupe Strategos et de Luc Nyafe?<\/strong><\/p>\n\n\n\n<p class=\"wp-block-paragraph\"><a href=\"http:\/\/strategosplantations.com\/?lang=en\">Le groupe Strategos<\/a> ( enregistr\u00e9 dans le <a href=\"https:\/\/www.africaintelligence.com\/exploration--production\/2019\/06\/18\/tshisekedi-ambassador-luc-gerard-still-looking-after-his-mining-interests,108361745-art\">paradis fiscal du Delaware<\/a>, \u00c9tats-Unis) appartient \u00e0 l&rsquo;homme d&rsquo;affaires belgo-congolais Luc Gerard Nyaf\u00e9. Il a fait fortune en Colombie, o\u00f9 il s&rsquo;est associ\u00e9 \u00e0 des acteurs financiers locaux bien connect\u00e9s pour cr\u00e9er un fonds de capital-investissement (Tribeca) qui a eu acc\u00e8s \u00e0 des centaines de millions de dollars du fonds de pension de l&rsquo;\u00c9tat colombien. Il a \u00e9galement obtenu une ma\u00eetrise en s\u00e9curit\u00e9 et d\u00e9fense de l&rsquo;\u00c9cole de guerre colombienne. G\u00e9rard s&rsquo;est rapidement lanc\u00e9 dans le secteur minier, ainsi que dans la sant\u00e9 privatis\u00e9e, et en 2015 il a tourn\u00e9 ses sites vers la RDC.<\/p>\n\n\n\n<p class=\"wp-block-paragraph\">Le p\u00e8re de G\u00e9rard \u00e9tait propri\u00e9taire d&rsquo;une plantation de caf\u00e9 en RDC, et G\u00e9rard semble avoir fait quelques premiers investissements dans l&rsquo;agro-industrie en RDC dans les ann\u00e9es 1990. Mais en 2015, il est revenu avec beaucoup plus de force, en fondant la soci\u00e9t\u00e9 Strategos Plantations et en reprenant deux des grandes concessions de plantation d&rsquo;Unilever et deux exploitations agricoles (dont, semble-t-il, celle de Feronia \u00e0 Kimpese).<\/p>\n\n\n\n<p class=\"wp-block-paragraph\">Puis, en 2018, avec l&rsquo;\u00e9lection de F\u00e9lix Tshisekedi, G\u00e9rard a fait un jeu beaucoup plus grand. Tshisekedi en fit un ambassadeur itin\u00e9rant et l&rsquo;un de ses principaux conseillers. Il s&rsquo;est vu confier la lucrative zone \u00e9conomique sp\u00e9ciale de Maluku. Il a \u00e9galement form\u00e9 une soci\u00e9t\u00e9 mini\u00e8re, la <a href=\"https:\/\/www.africaintelligence.com\/exploration--production\/2019\/06\/18\/tshisekedi-ambassador-luc-gerard-still-looking-after-his-mining-interests,108361745-art\">Compagnie des min\u00e9rais strat\u00e9giques (CMS) <\/a>\u00e0 Kinshasa en juin 2019, pour poursuivre les donn\u00e9es g\u00e9ologiques de 17 projets miniers en RDC et au Mali qu&rsquo;il a acquis en d\u00e9cembre 2018. En d\u00e9cembre 2020, G\u00e9rard a \u00e9t\u00e9 \u00e9lu pr\u00e9sident de le Parti d&rsquo;Union R\u00e9publicaine, un parti politique national r\u00e9cemment form\u00e9.<\/p>\n\n\n\n<p class=\"wp-block-paragraph\">En 2020, G\u00e9rard a affirm\u00e9 que Strategos avait vendu le moulin et ses op\u00e9rations rizicoles \u00e0 Bio Agro Business (BAB), une entreprise congolaise profond\u00e9ment impliqu\u00e9e dans les projets agricoles du pr\u00e9sident F\u00e9lix Tshisekedi. L&rsquo;un des chefs d&rsquo; \u00e9quipe de BAB est Raymond Batanga (ancien directeur de Feronia JCA Ltd SPRL). Un autre acteur cl\u00e9 est l&rsquo;agronome italien Giovanni Mazzotti , qui a pr\u00e9c\u00e9demment travaill\u00e9 pour le projet scandaleux Senhuile au S\u00e9n\u00e9gal.<\/p>\n\n\n\n<p class=\"wp-block-paragraph\">BAB a conclu un accord de distribution pour son riz avec EGAL Sprl, une soci\u00e9t\u00e9 congolaise qui a \u00e9t\u00e9 Accus\u00e9 de faciliter la disparition de millions de dollars dans les comptes bancaires <a href=\"https:\/\/www.occrp.org\/en\/investigations\/7234-drc-company-promised-cheap-food-delivers-stolen-money\">des anciens acolytes de L&rsquo;ex president Kabila<\/a> \u00e0 travers un programme de s\u00e9curit\u00e9 alimentaire du gouvernement qui \u00e9tait cens\u00e9 fournir aux gens pas cher import\u00e9s nourriture.<\/p>\n\n\n\n<p class=\"wp-block-paragraph\"><strong>La zone \u00e9conomique sp\u00e9ciale de(ZES) de Maluku<\/strong><\/p>\n\n\n\n<p class=\"wp-block-paragraph\">Plus d&rsquo;un an et demi apr\u00e8s le choix de Strategos comme entreprise gestionnaire du site, la zone \u00e9conomique sp\u00e9ciale (ZES) de Maluku, cens\u00e9e attirer des entreprises agricoles et industrielles pr\u00e8s de Kinshasa, est encore loin de sortir de terre. D&rsquo;apr\u00e8s un acteur du dossier, les autorit\u00e9s congolaises n&rsquo;ont toujours pas pris les dispositions l\u00e9gales permettant aux entreprises d\u00e9sireuses de s&rsquo;installer sur le site de b\u00e9n\u00e9ficier d&rsquo;une fiscalit\u00e9 avantageuse &#8211; une exon\u00e9ration de taxes sur cinq ou dix ans \u00e9tant pr\u00e9vue. L&rsquo;ancienne r\u00e9glementation, jug\u00e9e obsol\u00e8te et peu attractive, pr\u00e9vaut donc encore.<\/p>\n\n\n\n<p class=\"wp-block-paragraph\"><strong>Le squattage<\/strong><\/p>\n\n\n\n<p class=\"wp-block-paragraph\">La construction &nbsp;des voies d&rsquo;acc\u00e8s au site, le m\u00e9canisme, la construction d&rsquo;une sous-station \u00e9lectrique pour profiter pleinement de la puissance de la ligne haute tension provenant des barrages d\u2019Inga peinent \u00e0 se concr\u00e9tiser du fait de l\u2019occupation ill\u00e9gale du site par la population.<\/p>\n\n\n\n<p class=\"wp-block-paragraph\">Cette occupation sauvage \u00e0 60 % par la population retarde le d\u00e9but du travaux pr\u00e9vus pour le mois de semestre 2021. Leur pr\u00e9sence lelong du fleuve Congo rend impossible pour le moment la construction du futur port fluvial.<\/p>\n\n\n\n<p class=\"wp-block-paragraph\"><strong>Le Gouvernement s\u2019active<\/strong><\/p>\n\n\n\n<p class=\"wp-block-paragraph\">Le chef du Gouvernement Sama Lukonde charg\u00e9e d&rsquo;acc\u00e9l\u00e9rer l&rsquo;op\u00e9rationnalisation de la ZES multiplient les \u00e9tudes. &nbsp;Le groupement RCMU, qui associant des soci\u00e9t\u00e9s pour la plupart sud-africaines (notamment Rawlins Wales, Makia Civil Tech et Urban-Econ) afin de mener \u00e0 bien les \u00e9tudes d\u00e9taill\u00e9es et assurer le contr\u00f4le des travaux d&rsquo;infrastructures physiques de la ZES. Ce consortium a remport\u00e9 la mise avec une offre d&rsquo;environ 3,5 millions de dollars, apr\u00e8s avoir \u00e9t\u00e9 short-list\u00e9 en avril dernier aux c\u00f4t\u00e9s d&rsquo;un groupement singapourien. D&rsquo;autres \u00e9tudes sont \u00e9galement en cours pour la cr\u00e9ation d&rsquo;un guichet unique au service des futures entreprises de la ZES.<\/p>\n\n\n\n<p class=\"wp-block-paragraph\">Malgr\u00e9 ce retard, la ZES de Makulu fait toujours figure de projet pilote pour le gouvernement Congo, avec r\u00e9plique du mod\u00e8le dans d&rsquo;autres provinces du pays. Une aubaine ayant persuad\u00e9 l\u2019homme &nbsp;et ambassadeur itin\u00e9rant Luc G\u00e9rard Nyafe, patron de Strategos de signer le partenariat public-priv\u00e9 avec les autorit\u00e9s congolaise au mois janvier 2020.<\/p>\n\n\n\n<p class=\"wp-block-paragraph\">\u00a0<strong>Coco Kabwika<\/strong><\/p>\n","protected":false,"gt_translate_keys":[{"key":"rendered","format":"html"}]},"excerpt":{"rendered":"<p>Install\u00e9e \u00e0 70 km de la capitale et \u00e0 proximit\u00e9 imm\u00e9diate du fleuve Congo, la Zone \u00e9conomique sp\u00e9ciale de Maluku doit \u00e0 terme permettre la cr\u00e9ation d&rsquo;un p\u00f4le agro-industriel dont la production serait export\u00e9e par voie fluviale.Le projet de la ZES de Makulu a b\u00e9n\u00e9fici\u00e9 du soutien financier et technique de la Banque mondiale, avant d&rsquo;\u00eatre suspendu quelques ann\u00e9es plus tard par des d\u00e9m\u00eal\u00e9s autour de l&rsquo;indemnisation des personnes d\u00e9plac\u00e9es. Un \u00ab\u00a0jeu\u00a0\u00bb de Passe &#8211; passe avec Feronia? \u00ab\u00a0 M\u00eame si Strategos Plantations a eu des relations commerciales avec Feronia&hellip;<\/p>\n","protected":false,"gt_translate_keys":[{"key":"rendered","format":"html"}]},"author":1,"featured_media":14550,"comment_status":"open","ping_status":"open","sticky":false,"template":"","format":"standard","meta":{"_crdt_document":"","footnotes":""},"categories":[2264],"tags":[24527],"class_list":["post-14548","post","type-post","status-publish","format-standard","has-post-thumbnail","hentry","category-investissement","tag-zes-maluku"],"gutentor_comment":0,"yoast_head":"<!-- This site is optimized with the Yoast SEO plugin v27.5 - https:\/\/yoast.com\/product\/yoast-seo-wordpress\/ -->\n<title>RDC: &quot;Syndrome\u00a0 Feronia et\u00a0\u00a0 Kikaya Bin Karubi&quot;? : La zone \u00e9conomique sp\u00e9ciale de Maluku de\u00a0 Luc Gerard Nyaf\u00e9, conseiller et ambassadeur itin\u00e9rant de F. Tshisekedi, &quot; tarde \u00e0 voir le jour&quot; - Actualit\u00e9s congolaises et internationales<\/title>\n<meta name=\"robots\" content=\"index, follow, max-snippet:-1, max-image-preview:large, max-video-preview:-1\" \/>\n<link rel=\"canonical\" href=\"https:\/\/congovirtuel.com\/information\/rdc-syndrome-feronia-et-kikaya-bin-karubi-la-zone-economique-speciale-de-maluku-de-luc-gerard-nyafe-conseiller-et-ambassadeur-itinerant-de-f-tshisekedi-tarde-a-vo\/\" \/>\n<meta property=\"og:locale\" content=\"fr_FR\" \/>\n<meta property=\"og:type\" content=\"article\" \/>\n<meta property=\"og:title\" content=\"RDC: &quot;Syndrome\u00a0 Feronia et\u00a0\u00a0 Kikaya Bin Karubi&quot;? : La zone \u00e9conomique sp\u00e9ciale de Maluku de\u00a0 Luc Gerard Nyaf\u00e9, conseiller et ambassadeur itin\u00e9rant de F. Tshisekedi, &quot; tarde \u00e0 voir le jour&quot; - Actualit\u00e9s congolaises et internationales\" \/>\n<meta property=\"og:description\" content=\"Install\u00e9e \u00e0 70 km de la capitale et \u00e0 proximit\u00e9 imm\u00e9diate du fleuve Congo, la Zone \u00e9conomique sp\u00e9ciale de Maluku doit \u00e0 terme permettre la cr\u00e9ation d&rsquo;un p\u00f4le agro-industriel dont la production serait export\u00e9e par voie fluviale.Le projet de la ZES de Makulu a b\u00e9n\u00e9fici\u00e9 du soutien financier et technique de la Banque mondiale, avant d&rsquo;\u00eatre suspendu quelques ann\u00e9es plus tard par des d\u00e9m\u00eal\u00e9s autour de l&rsquo;indemnisation des personnes d\u00e9plac\u00e9es. Un \u00ab\u00a0jeu\u00a0\u00bb de Passe &#8211; passe avec Feronia? \u00ab\u00a0 M\u00eame si Strategos Plantations a eu des relations commerciales avec Feronia&hellip;\" \/>\n<meta property=\"og:url\" content=\"https:\/\/congovirtuel.com\/information\/rdc-syndrome-feronia-et-kikaya-bin-karubi-la-zone-economique-speciale-de-maluku-de-luc-gerard-nyafe-conseiller-et-ambassadeur-itinerant-de-f-tshisekedi-tarde-a-vo\/\" \/>\n<meta property=\"og:site_name\" content=\"Actualit\u00e9s congolaises et internationales\" \/>\n<meta property=\"article:publisher\" content=\"https:\/\/web.facebook.com\/Congovirtuel-763617960319601\/?ref=aymt_homepage_panel&amp;amp%3bamp%3bamp%3bamp%3bamp%3bamp%3bamp%3bamp%3bamp%3bamp%3bamp%3beid=ARCoxULa66767kIgF_KYav6VdjXTI4yk_LW4yoVO9s6NXpysgb7Cb65vpxcxgqzOAKvIbLQxaAETcqHT\" \/>\n<meta property=\"article:published_time\" content=\"2021-10-17T14:33:19+00:00\" \/>\n<meta property=\"article:modified_time\" content=\"2021-10-17T14:46:44+00:00\" \/>\n<meta property=\"og:image\" content=\"https:\/\/congovirtuel.com\/information\/wp-content\/uploads\/2021\/10\/IMG-20211017-WA0041.jpg\" \/>\n\t<meta property=\"og:image:width\" content=\"1080\" \/>\n\t<meta property=\"og:image:height\" content=\"643\" \/>\n\t<meta property=\"og:image:type\" content=\"image\/jpeg\" \/>\n<meta name=\"author\" content=\"infocongovirtuel\" \/>\n<meta name=\"twitter:card\" content=\"summary_large_image\" \/>\n<meta name=\"twitter:creator\" content=\"@congovirtuel\" \/>\n<meta name=\"twitter:site\" content=\"@congovirtuel\" \/>\n<meta name=\"twitter:label1\" content=\"\u00c9crit par\" \/>\n\t<meta name=\"twitter:data1\" content=\"infocongovirtuel\" \/>\n\t<meta name=\"twitter:label2\" content=\"Dur\u00e9e de lecture estim\u00e9e\" \/>\n\t<meta name=\"twitter:data2\" content=\"5 minutes\" \/>\n<script type=\"application\/ld+json\" class=\"yoast-schema-graph\">{\"@context\":\"https:\\\/\\\/schema.org\",\"@graph\":[{\"@type\":\"Article\",\"@id\":\"https:\\\/\\\/congovirtuel.com\\\/information\\\/rdc-syndrome-feronia-et-kikaya-bin-karubi-la-zone-economique-speciale-de-maluku-de-luc-gerard-nyafe-conseiller-et-ambassadeur-itinerant-de-f-tshisekedi-tarde-a-vo\\\/#article\",\"isPartOf\":{\"@id\":\"https:\\\/\\\/congovirtuel.com\\\/information\\\/rdc-syndrome-feronia-et-kikaya-bin-karubi-la-zone-economique-speciale-de-maluku-de-luc-gerard-nyafe-conseiller-et-ambassadeur-itinerant-de-f-tshisekedi-tarde-a-vo\\\/\"},\"author\":{\"name\":\"infocongovirtuel\",\"@id\":\"https:\\\/\\\/congovirtuel.com\\\/information\\\/#\\\/schema\\\/person\\\/739a44bf7990966cb53d58d2fdeca0b6\"},\"headline\":\"RDC: \u00ab\u00a0Syndrome\u00a0 Feronia et\u00a0\u00a0 Kikaya Bin Karubi\u00a0\u00bb? : La zone \u00e9conomique sp\u00e9ciale de Maluku de\u00a0 Luc Gerard Nyaf\u00e9, conseiller et ambassadeur itin\u00e9rant de F. Tshisekedi, \u00a0\u00bb tarde \u00e0 voir le jour\u00a0\u00bb\",\"datePublished\":\"2021-10-17T14:33:19+00:00\",\"dateModified\":\"2021-10-17T14:46:44+00:00\",\"mainEntityOfPage\":{\"@id\":\"https:\\\/\\\/congovirtuel.com\\\/information\\\/rdc-syndrome-feronia-et-kikaya-bin-karubi-la-zone-economique-speciale-de-maluku-de-luc-gerard-nyafe-conseiller-et-ambassadeur-itinerant-de-f-tshisekedi-tarde-a-vo\\\/\"},\"wordCount\":1092,\"commentCount\":0,\"publisher\":{\"@id\":\"https:\\\/\\\/congovirtuel.com\\\/information\\\/#organization\"},\"image\":{\"@id\":\"https:\\\/\\\/congovirtuel.com\\\/information\\\/rdc-syndrome-feronia-et-kikaya-bin-karubi-la-zone-economique-speciale-de-maluku-de-luc-gerard-nyafe-conseiller-et-ambassadeur-itinerant-de-f-tshisekedi-tarde-a-vo\\\/#primaryimage\"},\"thumbnailUrl\":\"https:\\\/\\\/congovirtuel.com\\\/information\\\/wp-content\\\/uploads\\\/2021\\\/10\\\/IMG-20211017-WA0041.jpg\",\"keywords\":[\"ZES Maluku\"],\"articleSection\":[\"Investissement\"],\"inLanguage\":\"fr-FR\",\"potentialAction\":[{\"@type\":\"CommentAction\",\"name\":\"Comment\",\"target\":[\"https:\\\/\\\/congovirtuel.com\\\/information\\\/rdc-syndrome-feronia-et-kikaya-bin-karubi-la-zone-economique-speciale-de-maluku-de-luc-gerard-nyafe-conseiller-et-ambassadeur-itinerant-de-f-tshisekedi-tarde-a-vo\\\/#respond\"]}]},{\"@type\":\"WebPage\",\"@id\":\"https:\\\/\\\/congovirtuel.com\\\/information\\\/rdc-syndrome-feronia-et-kikaya-bin-karubi-la-zone-economique-speciale-de-maluku-de-luc-gerard-nyafe-conseiller-et-ambassadeur-itinerant-de-f-tshisekedi-tarde-a-vo\\\/\",\"url\":\"https:\\\/\\\/congovirtuel.com\\\/information\\\/rdc-syndrome-feronia-et-kikaya-bin-karubi-la-zone-economique-speciale-de-maluku-de-luc-gerard-nyafe-conseiller-et-ambassadeur-itinerant-de-f-tshisekedi-tarde-a-vo\\\/\",\"name\":\"RDC: \\\"Syndrome\u00a0 Feronia et\u00a0\u00a0 Kikaya Bin Karubi\\\"? : La zone \u00e9conomique sp\u00e9ciale de Maluku de\u00a0 Luc Gerard Nyaf\u00e9, conseiller et ambassadeur itin\u00e9rant de F. Tshisekedi, \\\" tarde \u00e0 voir le jour\\\" - Actualit\u00e9s congolaises et internationales\",\"isPartOf\":{\"@id\":\"https:\\\/\\\/congovirtuel.com\\\/information\\\/#website\"},\"primaryImageOfPage\":{\"@id\":\"https:\\\/\\\/congovirtuel.com\\\/information\\\/rdc-syndrome-feronia-et-kikaya-bin-karubi-la-zone-economique-speciale-de-maluku-de-luc-gerard-nyafe-conseiller-et-ambassadeur-itinerant-de-f-tshisekedi-tarde-a-vo\\\/#primaryimage\"},\"image\":{\"@id\":\"https:\\\/\\\/congovirtuel.com\\\/information\\\/rdc-syndrome-feronia-et-kikaya-bin-karubi-la-zone-economique-speciale-de-maluku-de-luc-gerard-nyafe-conseiller-et-ambassadeur-itinerant-de-f-tshisekedi-tarde-a-vo\\\/#primaryimage\"},\"thumbnailUrl\":\"https:\\\/\\\/congovirtuel.com\\\/information\\\/wp-content\\\/uploads\\\/2021\\\/10\\\/IMG-20211017-WA0041.jpg\",\"datePublished\":\"2021-10-17T14:33:19+00:00\",\"dateModified\":\"2021-10-17T14:46:44+00:00\",\"breadcrumb\":{\"@id\":\"https:\\\/\\\/congovirtuel.com\\\/information\\\/rdc-syndrome-feronia-et-kikaya-bin-karubi-la-zone-economique-speciale-de-maluku-de-luc-gerard-nyafe-conseiller-et-ambassadeur-itinerant-de-f-tshisekedi-tarde-a-vo\\\/#breadcrumb\"},\"inLanguage\":\"fr-FR\",\"potentialAction\":[{\"@type\":\"ReadAction\",\"target\":[\"https:\\\/\\\/congovirtuel.com\\\/information\\\/rdc-syndrome-feronia-et-kikaya-bin-karubi-la-zone-economique-speciale-de-maluku-de-luc-gerard-nyafe-conseiller-et-ambassadeur-itinerant-de-f-tshisekedi-tarde-a-vo\\\/\"]}]},{\"@type\":\"ImageObject\",\"inLanguage\":\"fr-FR\",\"@id\":\"https:\\\/\\\/congovirtuel.com\\\/information\\\/rdc-syndrome-feronia-et-kikaya-bin-karubi-la-zone-economique-speciale-de-maluku-de-luc-gerard-nyafe-conseiller-et-ambassadeur-itinerant-de-f-tshisekedi-tarde-a-vo\\\/#primaryimage\",\"url\":\"https:\\\/\\\/congovirtuel.com\\\/information\\\/wp-content\\\/uploads\\\/2021\\\/10\\\/IMG-20211017-WA0041.jpg\",\"contentUrl\":\"https:\\\/\\\/congovirtuel.com\\\/information\\\/wp-content\\\/uploads\\\/2021\\\/10\\\/IMG-20211017-WA0041.jpg\",\"width\":1080,\"height\":643},{\"@type\":\"BreadcrumbList\",\"@id\":\"https:\\\/\\\/congovirtuel.com\\\/information\\\/rdc-syndrome-feronia-et-kikaya-bin-karubi-la-zone-economique-speciale-de-maluku-de-luc-gerard-nyafe-conseiller-et-ambassadeur-itinerant-de-f-tshisekedi-tarde-a-vo\\\/#breadcrumb\",\"itemListElement\":[{\"@type\":\"ListItem\",\"position\":1,\"name\":\"Accueil\",\"item\":\"https:\\\/\\\/congovirtuel.com\\\/information\\\/\"},{\"@type\":\"ListItem\",\"position\":2,\"name\":\"RDC: \u00ab\u00a0Syndrome\u00a0 Feronia et\u00a0\u00a0 Kikaya Bin Karubi\u00a0\u00bb? : La zone \u00e9conomique sp\u00e9ciale de Maluku de\u00a0 Luc Gerard Nyaf\u00e9, conseiller et ambassadeur itin\u00e9rant de F. Tshisekedi, \u00a0\u00bb tarde \u00e0 voir le jour\u00a0\u00bb\"}]},{\"@type\":\"WebSite\",\"@id\":\"https:\\\/\\\/congovirtuel.com\\\/information\\\/#website\",\"url\":\"https:\\\/\\\/congovirtuel.com\\\/information\\\/\",\"name\":\"Actualit\u00e9s congolaises et internationales\",\"description\":\"site d&#039;analyse et de traitement d&#039;information\",\"publisher\":{\"@id\":\"https:\\\/\\\/congovirtuel.com\\\/information\\\/#organization\"},\"potentialAction\":[{\"@type\":\"SearchAction\",\"target\":{\"@type\":\"EntryPoint\",\"urlTemplate\":\"https:\\\/\\\/congovirtuel.com\\\/information\\\/?s={search_term_string}\"},\"query-input\":{\"@type\":\"PropertyValueSpecification\",\"valueRequired\":true,\"valueName\":\"search_term_string\"}}],\"inLanguage\":\"fr-FR\"},{\"@type\":\"Organization\",\"@id\":\"https:\\\/\\\/congovirtuel.com\\\/information\\\/#organization\",\"name\":\"Biblioth\u00e8que Virtuelle de la RDC\",\"url\":\"https:\\\/\\\/congovirtuel.com\\\/information\\\/\",\"logo\":{\"@type\":\"ImageObject\",\"inLanguage\":\"fr-FR\",\"@id\":\"https:\\\/\\\/congovirtuel.com\\\/information\\\/#\\\/schema\\\/logo\\\/image\\\/\",\"url\":\"https:\\\/\\\/congovirtuel.com\\\/information\\\/wp-content\\\/uploads\\\/2018\\\/10\\\/header-info-congovirtuel-vraie.jpg\",\"contentUrl\":\"https:\\\/\\\/congovirtuel.com\\\/information\\\/wp-content\\\/uploads\\\/2018\\\/10\\\/header-info-congovirtuel-vraie.jpg\",\"width\":728,\"height\":90,\"caption\":\"Biblioth\u00e8que Virtuelle de la RDC\"},\"image\":{\"@id\":\"https:\\\/\\\/congovirtuel.com\\\/information\\\/#\\\/schema\\\/logo\\\/image\\\/\"},\"sameAs\":[\"https:\\\/\\\/web.facebook.com\\\/Congovirtuel-763617960319601\\\/?ref=aymt_homepage_panel&amp;amp;amp;amp;amp;amp;amp;amp;amp;amp;amp;eid=ARCoxULa66767kIgF_KYav6VdjXTI4yk_LW4yoVO9s6NXpysgb7Cb65vpxcxgqzOAKvIbLQxaAETcqHT\",\"https:\\\/\\\/x.com\\\/congovirtuel\",\"https:\\\/\\\/www.youtube.com\\\/channel\\\/UCkFfprYzGgS3EWNpeMXpToQ?view_as=subscriber\"]},{\"@type\":\"Person\",\"@id\":\"https:\\\/\\\/congovirtuel.com\\\/information\\\/#\\\/schema\\\/person\\\/739a44bf7990966cb53d58d2fdeca0b6\",\"name\":\"infocongovirtuel\",\"image\":{\"@type\":\"ImageObject\",\"inLanguage\":\"fr-FR\",\"@id\":\"https:\\\/\\\/secure.gravatar.com\\\/avatar\\\/4d76991aa72469f0eb22e772586c99113c6997f88da636a9db8f2ce3a2c05e69?s=96&d=mm&r=g\",\"url\":\"https:\\\/\\\/secure.gravatar.com\\\/avatar\\\/4d76991aa72469f0eb22e772586c99113c6997f88da636a9db8f2ce3a2c05e69?s=96&d=mm&r=g\",\"contentUrl\":\"https:\\\/\\\/secure.gravatar.com\\\/avatar\\\/4d76991aa72469f0eb22e772586c99113c6997f88da636a9db8f2ce3a2c05e69?s=96&d=mm&r=g\",\"caption\":\"infocongovirtuel\"},\"url\":\"https:\\\/\\\/congovirtuel.com\\\/information\\\/author\\\/infocongovirtuel\\\/\"}]}<\/script>\n<!-- \/ Yoast SEO plugin. -->","yoast_head_json":{"title":"RDC: \"Syndrome\u00a0 Feronia et\u00a0\u00a0 Kikaya Bin Karubi\"? : La zone \u00e9conomique sp\u00e9ciale de Maluku de\u00a0 Luc Gerard Nyaf\u00e9, conseiller et ambassadeur itin\u00e9rant de F. Tshisekedi, \" tarde \u00e0 voir le jour\" - Actualit\u00e9s congolaises et internationales","robots":{"index":"index","follow":"follow","max-snippet":"max-snippet:-1","max-image-preview":"max-image-preview:large","max-video-preview":"max-video-preview:-1"},"canonical":"https:\/\/congovirtuel.com\/information\/rdc-syndrome-feronia-et-kikaya-bin-karubi-la-zone-economique-speciale-de-maluku-de-luc-gerard-nyafe-conseiller-et-ambassadeur-itinerant-de-f-tshisekedi-tarde-a-vo\/","og_locale":"fr_FR","og_type":"article","og_title":"RDC: \"Syndrome\u00a0 Feronia et\u00a0\u00a0 Kikaya Bin Karubi\"? : La zone \u00e9conomique sp\u00e9ciale de Maluku de\u00a0 Luc Gerard Nyaf\u00e9, conseiller et ambassadeur itin\u00e9rant de F. Tshisekedi, \" tarde \u00e0 voir le jour\" - Actualit\u00e9s congolaises et internationales","og_description":"Install\u00e9e \u00e0 70 km de la capitale et \u00e0 proximit\u00e9 imm\u00e9diate du fleuve Congo, la Zone \u00e9conomique sp\u00e9ciale de Maluku doit \u00e0 terme permettre la cr\u00e9ation d&rsquo;un p\u00f4le agro-industriel dont la production serait export\u00e9e par voie fluviale.Le projet de la ZES de Makulu a b\u00e9n\u00e9fici\u00e9 du soutien financier et technique de la Banque mondiale, avant d&rsquo;\u00eatre suspendu quelques ann\u00e9es plus tard par des d\u00e9m\u00eal\u00e9s autour de l&rsquo;indemnisation des personnes d\u00e9plac\u00e9es. Un \u00ab\u00a0jeu\u00a0\u00bb de Passe &#8211; passe avec Feronia? \u00ab\u00a0 M\u00eame si Strategos Plantations a eu des relations commerciales avec Feronia&hellip;","og_url":"https:\/\/congovirtuel.com\/information\/rdc-syndrome-feronia-et-kikaya-bin-karubi-la-zone-economique-speciale-de-maluku-de-luc-gerard-nyafe-conseiller-et-ambassadeur-itinerant-de-f-tshisekedi-tarde-a-vo\/","og_site_name":"Actualit\u00e9s congolaises et internationales","article_publisher":"https:\/\/web.facebook.com\/Congovirtuel-763617960319601\/?ref=aymt_homepage_panel&amp%3bamp%3bamp%3bamp%3bamp%3bamp%3bamp%3bamp%3bamp%3bamp%3bamp%3beid=ARCoxULa66767kIgF_KYav6VdjXTI4yk_LW4yoVO9s6NXpysgb7Cb65vpxcxgqzOAKvIbLQxaAETcqHT","article_published_time":"2021-10-17T14:33:19+00:00","article_modified_time":"2021-10-17T14:46:44+00:00","og_image":[{"width":1080,"height":643,"url":"https:\/\/congovirtuel.com\/information\/wp-content\/uploads\/2021\/10\/IMG-20211017-WA0041.jpg","type":"image\/jpeg"}],"author":"infocongovirtuel","twitter_card":"summary_large_image","twitter_creator":"@congovirtuel","twitter_site":"@congovirtuel","twitter_misc":{"\u00c9crit par":"infocongovirtuel","Dur\u00e9e de lecture estim\u00e9e":"5 minutes"},"schema":{"@context":"https:\/\/schema.org","@graph":[{"@type":"Article","@id":"https:\/\/congovirtuel.com\/information\/rdc-syndrome-feronia-et-kikaya-bin-karubi-la-zone-economique-speciale-de-maluku-de-luc-gerard-nyafe-conseiller-et-ambassadeur-itinerant-de-f-tshisekedi-tarde-a-vo\/#article","isPartOf":{"@id":"https:\/\/congovirtuel.com\/information\/rdc-syndrome-feronia-et-kikaya-bin-karubi-la-zone-economique-speciale-de-maluku-de-luc-gerard-nyafe-conseiller-et-ambassadeur-itinerant-de-f-tshisekedi-tarde-a-vo\/"},"author":{"name":"infocongovirtuel","@id":"https:\/\/congovirtuel.com\/information\/#\/schema\/person\/739a44bf7990966cb53d58d2fdeca0b6"},"headline":"RDC: \u00ab\u00a0Syndrome\u00a0 Feronia et\u00a0\u00a0 Kikaya Bin Karubi\u00a0\u00bb? : La zone \u00e9conomique sp\u00e9ciale de Maluku de\u00a0 Luc Gerard Nyaf\u00e9, conseiller et ambassadeur itin\u00e9rant de F. Tshisekedi, \u00a0\u00bb tarde \u00e0 voir le jour\u00a0\u00bb","datePublished":"2021-10-17T14:33:19+00:00","dateModified":"2021-10-17T14:46:44+00:00","mainEntityOfPage":{"@id":"https:\/\/congovirtuel.com\/information\/rdc-syndrome-feronia-et-kikaya-bin-karubi-la-zone-economique-speciale-de-maluku-de-luc-gerard-nyafe-conseiller-et-ambassadeur-itinerant-de-f-tshisekedi-tarde-a-vo\/"},"wordCount":1092,"commentCount":0,"publisher":{"@id":"https:\/\/congovirtuel.com\/information\/#organization"},"image":{"@id":"https:\/\/congovirtuel.com\/information\/rdc-syndrome-feronia-et-kikaya-bin-karubi-la-zone-economique-speciale-de-maluku-de-luc-gerard-nyafe-conseiller-et-ambassadeur-itinerant-de-f-tshisekedi-tarde-a-vo\/#primaryimage"},"thumbnailUrl":"https:\/\/congovirtuel.com\/information\/wp-content\/uploads\/2021\/10\/IMG-20211017-WA0041.jpg","keywords":["ZES Maluku"],"articleSection":["Investissement"],"inLanguage":"fr-FR","potentialAction":[{"@type":"CommentAction","name":"Comment","target":["https:\/\/congovirtuel.com\/information\/rdc-syndrome-feronia-et-kikaya-bin-karubi-la-zone-economique-speciale-de-maluku-de-luc-gerard-nyafe-conseiller-et-ambassadeur-itinerant-de-f-tshisekedi-tarde-a-vo\/#respond"]}]},{"@type":"WebPage","@id":"https:\/\/congovirtuel.com\/information\/rdc-syndrome-feronia-et-kikaya-bin-karubi-la-zone-economique-speciale-de-maluku-de-luc-gerard-nyafe-conseiller-et-ambassadeur-itinerant-de-f-tshisekedi-tarde-a-vo\/","url":"https:\/\/congovirtuel.com\/information\/rdc-syndrome-feronia-et-kikaya-bin-karubi-la-zone-economique-speciale-de-maluku-de-luc-gerard-nyafe-conseiller-et-ambassadeur-itinerant-de-f-tshisekedi-tarde-a-vo\/","name":"RDC: \"Syndrome\u00a0 Feronia et\u00a0\u00a0 Kikaya Bin Karubi\"? : La zone \u00e9conomique sp\u00e9ciale de Maluku de\u00a0 Luc Gerard Nyaf\u00e9, conseiller et ambassadeur itin\u00e9rant de F. Tshisekedi, \" tarde \u00e0 voir le jour\" - Actualit\u00e9s congolaises et internationales","isPartOf":{"@id":"https:\/\/congovirtuel.com\/information\/#website"},"primaryImageOfPage":{"@id":"https:\/\/congovirtuel.com\/information\/rdc-syndrome-feronia-et-kikaya-bin-karubi-la-zone-economique-speciale-de-maluku-de-luc-gerard-nyafe-conseiller-et-ambassadeur-itinerant-de-f-tshisekedi-tarde-a-vo\/#primaryimage"},"image":{"@id":"https:\/\/congovirtuel.com\/information\/rdc-syndrome-feronia-et-kikaya-bin-karubi-la-zone-economique-speciale-de-maluku-de-luc-gerard-nyafe-conseiller-et-ambassadeur-itinerant-de-f-tshisekedi-tarde-a-vo\/#primaryimage"},"thumbnailUrl":"https:\/\/congovirtuel.com\/information\/wp-content\/uploads\/2021\/10\/IMG-20211017-WA0041.jpg","datePublished":"2021-10-17T14:33:19+00:00","dateModified":"2021-10-17T14:46:44+00:00","breadcrumb":{"@id":"https:\/\/congovirtuel.com\/information\/rdc-syndrome-feronia-et-kikaya-bin-karubi-la-zone-economique-speciale-de-maluku-de-luc-gerard-nyafe-conseiller-et-ambassadeur-itinerant-de-f-tshisekedi-tarde-a-vo\/#breadcrumb"},"inLanguage":"fr-FR","potentialAction":[{"@type":"ReadAction","target":["https:\/\/congovirtuel.com\/information\/rdc-syndrome-feronia-et-kikaya-bin-karubi-la-zone-economique-speciale-de-maluku-de-luc-gerard-nyafe-conseiller-et-ambassadeur-itinerant-de-f-tshisekedi-tarde-a-vo\/"]}]},{"@type":"ImageObject","inLanguage":"fr-FR","@id":"https:\/\/congovirtuel.com\/information\/rdc-syndrome-feronia-et-kikaya-bin-karubi-la-zone-economique-speciale-de-maluku-de-luc-gerard-nyafe-conseiller-et-ambassadeur-itinerant-de-f-tshisekedi-tarde-a-vo\/#primaryimage","url":"https:\/\/congovirtuel.com\/information\/wp-content\/uploads\/2021\/10\/IMG-20211017-WA0041.jpg","contentUrl":"https:\/\/congovirtuel.com\/information\/wp-content\/uploads\/2021\/10\/IMG-20211017-WA0041.jpg","width":1080,"height":643},{"@type":"BreadcrumbList","@id":"https:\/\/congovirtuel.com\/information\/rdc-syndrome-feronia-et-kikaya-bin-karubi-la-zone-economique-speciale-de-maluku-de-luc-gerard-nyafe-conseiller-et-ambassadeur-itinerant-de-f-tshisekedi-tarde-a-vo\/#breadcrumb","itemListElement":[{"@type":"ListItem","position":1,"name":"Accueil","item":"https:\/\/congovirtuel.com\/information\/"},{"@type":"ListItem","position":2,"name":"RDC: \u00ab\u00a0Syndrome\u00a0 Feronia et\u00a0\u00a0 Kikaya Bin Karubi\u00a0\u00bb? : La zone \u00e9conomique sp\u00e9ciale de Maluku de\u00a0 Luc Gerard Nyaf\u00e9, conseiller et ambassadeur itin\u00e9rant de F. Tshisekedi, \u00a0\u00bb tarde \u00e0 voir le jour\u00a0\u00bb"}]},{"@type":"WebSite","@id":"https:\/\/congovirtuel.com\/information\/#website","url":"https:\/\/congovirtuel.com\/information\/","name":"Actualit\u00e9s congolaises et internationales","description":"site d&#039;analyse et de traitement d&#039;information","publisher":{"@id":"https:\/\/congovirtuel.com\/information\/#organization"},"potentialAction":[{"@type":"SearchAction","target":{"@type":"EntryPoint","urlTemplate":"https:\/\/congovirtuel.com\/information\/?s={search_term_string}"},"query-input":{"@type":"PropertyValueSpecification","valueRequired":true,"valueName":"search_term_string"}}],"inLanguage":"fr-FR"},{"@type":"Organization","@id":"https:\/\/congovirtuel.com\/information\/#organization","name":"Biblioth\u00e8que Virtuelle de la RDC","url":"https:\/\/congovirtuel.com\/information\/","logo":{"@type":"ImageObject","inLanguage":"fr-FR","@id":"https:\/\/congovirtuel.com\/information\/#\/schema\/logo\/image\/","url":"https:\/\/congovirtuel.com\/information\/wp-content\/uploads\/2018\/10\/header-info-congovirtuel-vraie.jpg","contentUrl":"https:\/\/congovirtuel.com\/information\/wp-content\/uploads\/2018\/10\/header-info-congovirtuel-vraie.jpg","width":728,"height":90,"caption":"Biblioth\u00e8que Virtuelle de la RDC"},"image":{"@id":"https:\/\/congovirtuel.com\/information\/#\/schema\/logo\/image\/"},"sameAs":["https:\/\/web.facebook.com\/Congovirtuel-763617960319601\/?ref=aymt_homepage_panel&amp;amp;amp;amp;amp;amp;amp;amp;amp;amp;amp;eid=ARCoxULa66767kIgF_KYav6VdjXTI4yk_LW4yoVO9s6NXpysgb7Cb65vpxcxgqzOAKvIbLQxaAETcqHT","https:\/\/x.com\/congovirtuel","https:\/\/www.youtube.com\/channel\/UCkFfprYzGgS3EWNpeMXpToQ?view_as=subscriber"]},{"@type":"Person","@id":"https:\/\/congovirtuel.com\/information\/#\/schema\/person\/739a44bf7990966cb53d58d2fdeca0b6","name":"infocongovirtuel","image":{"@type":"ImageObject","inLanguage":"fr-FR","@id":"https:\/\/secure.gravatar.com\/avatar\/4d76991aa72469f0eb22e772586c99113c6997f88da636a9db8f2ce3a2c05e69?s=96&d=mm&r=g","url":"https:\/\/secure.gravatar.com\/avatar\/4d76991aa72469f0eb22e772586c99113c6997f88da636a9db8f2ce3a2c05e69?s=96&d=mm&r=g","contentUrl":"https:\/\/secure.gravatar.com\/avatar\/4d76991aa72469f0eb22e772586c99113c6997f88da636a9db8f2ce3a2c05e69?s=96&d=mm&r=g","caption":"infocongovirtuel"},"url":"https:\/\/congovirtuel.com\/information\/author\/infocongovirtuel\/"}]}},"gt_translate_keys":[{"key":"link","format":"url"}],"_links":{"self":[{"href":"https:\/\/congovirtuel.com\/information\/wp-json\/wp\/v2\/posts\/14548","targetHints":{"allow":["GET"]}}],"collection":[{"href":"https:\/\/congovirtuel.com\/information\/wp-json\/wp\/v2\/posts"}],"about":[{"href":"https:\/\/congovirtuel.com\/information\/wp-json\/wp\/v2\/types\/post"}],"author":[{"embeddable":true,"href":"https:\/\/congovirtuel.com\/information\/wp-json\/wp\/v2\/users\/1"}],"replies":[{"embeddable":true,"href":"https:\/\/congovirtuel.com\/information\/wp-json\/wp\/v2\/comments?post=14548"}],"version-history":[{"count":2,"href":"https:\/\/congovirtuel.com\/information\/wp-json\/wp\/v2\/posts\/14548\/revisions"}],"predecessor-version":[{"id":14553,"href":"https:\/\/congovirtuel.com\/information\/wp-json\/wp\/v2\/posts\/14548\/revisions\/14553"}],"wp:featuredmedia":[{"embeddable":true,"href":"https:\/\/congovirtuel.com\/information\/wp-json\/wp\/v2\/media\/14550"}],"wp:attachment":[{"href":"https:\/\/congovirtuel.com\/information\/wp-json\/wp\/v2\/media?parent=14548"}],"wp:term":[{"taxonomy":"category","embeddable":true,"href":"https:\/\/congovirtuel.com\/information\/wp-json\/wp\/v2\/categories?post=14548"},{"taxonomy":"post_tag","embeddable":true,"href":"https:\/\/congovirtuel.com\/information\/wp-json\/wp\/v2\/tags?post=14548"}],"curies":[{"name":"wp","href":"https:\/\/api.w.org\/{rel}","templated":true}]}}