{"id":14608,"date":"2021-10-20T07:02:40","date_gmt":"2021-10-20T06:02:40","guid":{"rendered":"https:\/\/congovirtuel.com\/information\/?p=14608"},"modified":"2021-10-20T07:07:03","modified_gmt":"2021-10-20T06:07:03","slug":"canada-le-reverend-p-mukendi-en-fuite-depuis-deux-mois-apparait-en-rdc","status":"publish","type":"post","link":"https:\/\/congovirtuel.com\/information\/canada-le-reverend-p-mukendi-en-fuite-depuis-deux-mois-apparait-en-rdc\/","title":{"rendered":"Canada: Le r\u00e9v\u00e9rend P. Mukendi, en fuite depuis deux mois, r\u00e9appara\u00eet en RDC","gt_translate_keys":[{"key":"rendered","format":"text"}]},"content":{"rendered":"\n<p class=\"wp-block-paragraph\">Le r\u00e9v\u00e9rend Paul Mukendi, en fuite depuis deux\u00a0mois, serait bel et bien en R\u00e9publique d\u00e9mocratique du Congo\u00a0(RDC). Il a refait surface dans un h\u00f4tel de la capitale Kinshasa, mardi, o\u00f9 il avait convoqu\u00e9 des m\u00e9dias locaux.<\/p>\n\n\n\n<p class=\"wp-block-paragraph\">Condamn\u00e9 \u00e0 huit&nbsp;ans de prison au Canada pour agressions sexuelles et voies de fait, Paul Mukendi avait affirm\u00e9 dans une apparition sur les r\u00e9seaux sociaux, il y a un mois, qu&rsquo;il \u00e9tait rentr\u00e9 dans son pays natal. Or, aucune information, \u00e0 ce moment, ne permettait de confirmer qu&rsquo;il s&rsquo;\u00e9tait rendu en R\u00e9publique d\u00e9mocratique du Congo.<\/p>\n\n\n\n<p class=\"wp-block-paragraph\">Mardi, des images montrant le r\u00e9v\u00e9rend ont commenc\u00e9 \u00e0 circuler sur les m\u00e9dias sociaux, puis dans des publications congolaises. On y mentionnait qu&rsquo;il avait tenu une conf\u00e9rence de presse \u00e0 l&rsquo;h\u00f4tel Marika, dans le quartier de la Gombe.<\/p>\n\n\n\n<p class=\"wp-block-paragraph\">Un secr\u00e9taire de l&rsquo;\u00e9tablissement h\u00f4telier a confirm\u00e9 \u00e0 Radio-Canada qu&rsquo;une salle avait \u00e9t\u00e9 lou\u00e9e mardi au nom de Paul&nbsp;Mukendi, de 9&nbsp;h \u00e0 11&nbsp;h, et qu&rsquo;une quinzaine de personnes auraient assist\u00e9 \u00e0 une conf\u00e9rence de presse organis\u00e9e par le r\u00e9v\u00e9rend lui-m\u00eame.<\/p>\n\n\n\n<p class=\"wp-block-paragraph\">Trois repr\u00e9sentants de la presse congolaise ont affirm\u00e9 \u00e0 Radio-Canada avoir re\u00e7u une invitation \u00e0 l&rsquo;\u00e9v\u00e9nement, et deux y ont assist\u00e9. C&rsquo;est le cas notamment de CongoBuzz.tv, un m\u00e9dia qui a publi\u00e9 des textes favorables \u00e0 Paul Mukendi ces derni\u00e8res semaines.<\/p>\n\n\n\n<p class=\"wp-block-paragraph\">Son directeur g\u00e9n\u00e9ral, Christian&nbsp;Bosembe, confirme avoir envoy\u00e9 un repr\u00e9sentant de sa salle de r\u00e9daction. Un autre m\u00e9dia,&nbsp;<em>Congo<\/em>&nbsp;<em>Profond<\/em>, a aussi confirm\u00e9 sa pr\u00e9sence, en plus de diffuser une courte vid\u00e9o du r\u00e9v\u00e9rend prenant la parole. Radio-Canada n&rsquo;a cependant pas pu authentifier le mat\u00e9riel qui circule en ligne.<\/p>\n\n\n\n<h2 class=\"wp-block-heading\">La police v\u00e9rifie<\/h2>\n\n\n\n<p class=\"wp-block-paragraph\">Le Service de police de la Ville de Qu\u00e9bec (SPVQ) a pris connaissance des m\u00eames informations.&nbsp;<q>Ces informations \u00e9taient en cours d\u2019analyse<\/q>&nbsp;mardi apr\u00e8s-midi.<\/p>\n\n\n\n<p class=\"wp-block-paragraph\"><q>Comme pr\u00e9c\u00e9demment, \u00e9tant donn\u00e9 que l\u2019enqu\u00eate criminelle est toujours en cours afin de localiser M.&nbsp;Mukendi, nous ne divulguerons pas davantage de renseignements afin de ne pas nuire \u00e0 l\u2019enqu\u00eate<\/q>, a pr\u00e9cis\u00e9 la porte-parole du&nbsp;SPVQService de police de la Ville de Qu\u00e9bec&nbsp;Marie-Pier&nbsp;Rivard.<\/p>\n\n\n\n<p class=\"wp-block-paragraph\">Paul\u00a0Mukendi devait se livrer aux autorit\u00e9s le 20\u00a0ao\u00fbt, apr\u00e8s avoir \u00e9t\u00e9 d\u00e9bout\u00e9 en Cour d&rsquo;appel. Un mandat d&rsquo;incarc\u00e9ration a \u00e9t\u00e9 lanc\u00e9 contre lui depuis qu&rsquo;il a pris la fuite. Il est \u00e9galement en attente d&rsquo;un second proc\u00e8s pour agression sexuelle.<\/p>\n\n\n\n<p class=\"wp-block-paragraph\">Radiocanada<\/p>\n","protected":false,"gt_translate_keys":[{"key":"rendered","format":"html"}]},"excerpt":{"rendered":"<p>Le r\u00e9v\u00e9rend Paul Mukendi, en fuite depuis deux\u00a0mois, serait bel et bien en R\u00e9publique d\u00e9mocratique du Congo\u00a0(RDC). Il a refait surface dans un h\u00f4tel de la capitale Kinshasa, mardi, o\u00f9 il avait convoqu\u00e9 des m\u00e9dias locaux. Condamn\u00e9 \u00e0 huit&nbsp;ans de prison au Canada pour agressions sexuelles et voies de fait, Paul Mukendi avait affirm\u00e9 dans une apparition sur les r\u00e9seaux sociaux, il y a un mois, qu&rsquo;il \u00e9tait rentr\u00e9 dans son pays natal. Or, aucune information, \u00e0 ce moment, ne permettait de confirmer qu&rsquo;il s&rsquo;\u00e9tait rendu en R\u00e9publique d\u00e9mocratique du&hellip;<\/p>\n","protected":false,"gt_translate_keys":[{"key":"rendered","format":"html"}]},"author":1,"featured_media":12978,"comment_status":"open","ping_status":"open","sticky":false,"template":"","format":"standard","meta":{"_crdt_document":"","footnotes":""},"categories":[461],"tags":[24654,24656,24655],"class_list":["post-14608","post","type-post","status-publish","format-standard","has-post-thumbnail","hentry","category-justice","tag-fuite-paul-mukendi","tag-paul-mukendi","tag-paul-mukendi-en-rdc"],"gutentor_comment":0,"yoast_head":"<!-- This site is optimized with the Yoast SEO plugin v27.5 - https:\/\/yoast.com\/product\/yoast-seo-wordpress\/ -->\n<title>Canada: Le r\u00e9v\u00e9rend P. Mukendi, en fuite depuis deux mois, r\u00e9appara\u00eet en RDC - Actualit\u00e9s congolaises et internationales<\/title>\n<meta name=\"robots\" content=\"index, follow, max-snippet:-1, max-image-preview:large, max-video-preview:-1\" \/>\n<link rel=\"canonical\" href=\"https:\/\/congovirtuel.com\/information\/canada-le-reverend-p-mukendi-en-fuite-depuis-deux-mois-apparait-en-rdc\/\" \/>\n<meta property=\"og:locale\" content=\"fr_FR\" \/>\n<meta property=\"og:type\" content=\"article\" \/>\n<meta property=\"og:title\" content=\"Canada: Le r\u00e9v\u00e9rend P. Mukendi, en fuite depuis deux mois, r\u00e9appara\u00eet en RDC - Actualit\u00e9s congolaises et internationales\" \/>\n<meta property=\"og:description\" content=\"Le r\u00e9v\u00e9rend Paul Mukendi, en fuite depuis deux\u00a0mois, serait bel et bien en R\u00e9publique d\u00e9mocratique du Congo\u00a0(RDC). Il a refait surface dans un h\u00f4tel de la capitale Kinshasa, mardi, o\u00f9 il avait convoqu\u00e9 des m\u00e9dias locaux. Condamn\u00e9 \u00e0 huit&nbsp;ans de prison au Canada pour agressions sexuelles et voies de fait, Paul Mukendi avait affirm\u00e9 dans une apparition sur les r\u00e9seaux sociaux, il y a un mois, qu&rsquo;il \u00e9tait rentr\u00e9 dans son pays natal. Or, aucune information, \u00e0 ce moment, ne permettait de confirmer qu&rsquo;il s&rsquo;\u00e9tait rendu en R\u00e9publique d\u00e9mocratique du&hellip;\" \/>\n<meta property=\"og:url\" content=\"https:\/\/congovirtuel.com\/information\/canada-le-reverend-p-mukendi-en-fuite-depuis-deux-mois-apparait-en-rdc\/\" \/>\n<meta property=\"og:site_name\" content=\"Actualit\u00e9s congolaises et internationales\" \/>\n<meta property=\"article:publisher\" content=\"https:\/\/web.facebook.com\/Congovirtuel-763617960319601\/?ref=aymt_homepage_panel&amp;amp%3bamp%3bamp%3bamp%3bamp%3bamp%3bamp%3bamp%3bamp%3bamp%3bamp%3beid=ARCoxULa66767kIgF_KYav6VdjXTI4yk_LW4yoVO9s6NXpysgb7Cb65vpxcxgqzOAKvIbLQxaAETcqHT\" \/>\n<meta property=\"article:published_time\" content=\"2021-10-20T06:02:40+00:00\" \/>\n<meta property=\"article:modified_time\" content=\"2021-10-20T06:07:03+00:00\" \/>\n<meta property=\"og:image\" content=\"https:\/\/congovirtuel.com\/information\/wp-content\/uploads\/2021\/08\/Pasteur_Mukendi_Quebec.jpg\" \/>\n\t<meta property=\"og:image:width\" content=\"960\" \/>\n\t<meta property=\"og:image:height\" content=\"540\" \/>\n\t<meta property=\"og:image:type\" content=\"image\/jpeg\" \/>\n<meta name=\"author\" content=\"infocongovirtuel\" \/>\n<meta name=\"twitter:card\" content=\"summary_large_image\" \/>\n<meta name=\"twitter:creator\" content=\"@congovirtuel\" \/>\n<meta name=\"twitter:site\" content=\"@congovirtuel\" \/>\n<meta name=\"twitter:label1\" content=\"\u00c9crit par\" \/>\n\t<meta name=\"twitter:data1\" content=\"infocongovirtuel\" \/>\n\t<meta name=\"twitter:label2\" content=\"Dur\u00e9e de lecture estim\u00e9e\" \/>\n\t<meta name=\"twitter:data2\" content=\"2 minutes\" \/>\n<script type=\"application\/ld+json\" class=\"yoast-schema-graph\">{\"@context\":\"https:\\\/\\\/schema.org\",\"@graph\":[{\"@type\":\"Article\",\"@id\":\"https:\\\/\\\/congovirtuel.com\\\/information\\\/canada-le-reverend-p-mukendi-en-fuite-depuis-deux-mois-apparait-en-rdc\\\/#article\",\"isPartOf\":{\"@id\":\"https:\\\/\\\/congovirtuel.com\\\/information\\\/canada-le-reverend-p-mukendi-en-fuite-depuis-deux-mois-apparait-en-rdc\\\/\"},\"author\":{\"name\":\"infocongovirtuel\",\"@id\":\"https:\\\/\\\/congovirtuel.com\\\/information\\\/#\\\/schema\\\/person\\\/739a44bf7990966cb53d58d2fdeca0b6\"},\"headline\":\"Canada: Le r\u00e9v\u00e9rend P. Mukendi, en fuite depuis deux mois, r\u00e9appara\u00eet en RDC\",\"datePublished\":\"2021-10-20T06:02:40+00:00\",\"dateModified\":\"2021-10-20T06:07:03+00:00\",\"mainEntityOfPage\":{\"@id\":\"https:\\\/\\\/congovirtuel.com\\\/information\\\/canada-le-reverend-p-mukendi-en-fuite-depuis-deux-mois-apparait-en-rdc\\\/\"},\"wordCount\":468,\"commentCount\":0,\"publisher\":{\"@id\":\"https:\\\/\\\/congovirtuel.com\\\/information\\\/#organization\"},\"image\":{\"@id\":\"https:\\\/\\\/congovirtuel.com\\\/information\\\/canada-le-reverend-p-mukendi-en-fuite-depuis-deux-mois-apparait-en-rdc\\\/#primaryimage\"},\"thumbnailUrl\":\"https:\\\/\\\/congovirtuel.com\\\/information\\\/wp-content\\\/uploads\\\/2021\\\/08\\\/Pasteur_Mukendi_Quebec.jpg\",\"keywords\":[\"Fuite PAUL Mukendi\",\"Paul Mukendi\",\"Paul Mukendi en RDC\"],\"articleSection\":[\"Justice\"],\"inLanguage\":\"fr-FR\",\"potentialAction\":[{\"@type\":\"CommentAction\",\"name\":\"Comment\",\"target\":[\"https:\\\/\\\/congovirtuel.com\\\/information\\\/canada-le-reverend-p-mukendi-en-fuite-depuis-deux-mois-apparait-en-rdc\\\/#respond\"]}]},{\"@type\":\"WebPage\",\"@id\":\"https:\\\/\\\/congovirtuel.com\\\/information\\\/canada-le-reverend-p-mukendi-en-fuite-depuis-deux-mois-apparait-en-rdc\\\/\",\"url\":\"https:\\\/\\\/congovirtuel.com\\\/information\\\/canada-le-reverend-p-mukendi-en-fuite-depuis-deux-mois-apparait-en-rdc\\\/\",\"name\":\"Canada: Le r\u00e9v\u00e9rend P. Mukendi, en fuite depuis deux mois, r\u00e9appara\u00eet en RDC - Actualit\u00e9s congolaises et internationales\",\"isPartOf\":{\"@id\":\"https:\\\/\\\/congovirtuel.com\\\/information\\\/#website\"},\"primaryImageOfPage\":{\"@id\":\"https:\\\/\\\/congovirtuel.com\\\/information\\\/canada-le-reverend-p-mukendi-en-fuite-depuis-deux-mois-apparait-en-rdc\\\/#primaryimage\"},\"image\":{\"@id\":\"https:\\\/\\\/congovirtuel.com\\\/information\\\/canada-le-reverend-p-mukendi-en-fuite-depuis-deux-mois-apparait-en-rdc\\\/#primaryimage\"},\"thumbnailUrl\":\"https:\\\/\\\/congovirtuel.com\\\/information\\\/wp-content\\\/uploads\\\/2021\\\/08\\\/Pasteur_Mukendi_Quebec.jpg\",\"datePublished\":\"2021-10-20T06:02:40+00:00\",\"dateModified\":\"2021-10-20T06:07:03+00:00\",\"breadcrumb\":{\"@id\":\"https:\\\/\\\/congovirtuel.com\\\/information\\\/canada-le-reverend-p-mukendi-en-fuite-depuis-deux-mois-apparait-en-rdc\\\/#breadcrumb\"},\"inLanguage\":\"fr-FR\",\"potentialAction\":[{\"@type\":\"ReadAction\",\"target\":[\"https:\\\/\\\/congovirtuel.com\\\/information\\\/canada-le-reverend-p-mukendi-en-fuite-depuis-deux-mois-apparait-en-rdc\\\/\"]}]},{\"@type\":\"ImageObject\",\"inLanguage\":\"fr-FR\",\"@id\":\"https:\\\/\\\/congovirtuel.com\\\/information\\\/canada-le-reverend-p-mukendi-en-fuite-depuis-deux-mois-apparait-en-rdc\\\/#primaryimage\",\"url\":\"https:\\\/\\\/congovirtuel.com\\\/information\\\/wp-content\\\/uploads\\\/2021\\\/08\\\/Pasteur_Mukendi_Quebec.jpg\",\"contentUrl\":\"https:\\\/\\\/congovirtuel.com\\\/information\\\/wp-content\\\/uploads\\\/2021\\\/08\\\/Pasteur_Mukendi_Quebec.jpg\",\"width\":960,\"height\":540,\"caption\":\"Pasteur_Mukendi_Quebec\"},{\"@type\":\"BreadcrumbList\",\"@id\":\"https:\\\/\\\/congovirtuel.com\\\/information\\\/canada-le-reverend-p-mukendi-en-fuite-depuis-deux-mois-apparait-en-rdc\\\/#breadcrumb\",\"itemListElement\":[{\"@type\":\"ListItem\",\"position\":1,\"name\":\"Accueil\",\"item\":\"https:\\\/\\\/congovirtuel.com\\\/information\\\/\"},{\"@type\":\"ListItem\",\"position\":2,\"name\":\"Canada: Le r\u00e9v\u00e9rend P. Mukendi, en fuite depuis deux mois, r\u00e9appara\u00eet en RDC\"}]},{\"@type\":\"WebSite\",\"@id\":\"https:\\\/\\\/congovirtuel.com\\\/information\\\/#website\",\"url\":\"https:\\\/\\\/congovirtuel.com\\\/information\\\/\",\"name\":\"Actualit\u00e9s congolaises et internationales\",\"description\":\"site d&#039;analyse et de traitement d&#039;information\",\"publisher\":{\"@id\":\"https:\\\/\\\/congovirtuel.com\\\/information\\\/#organization\"},\"potentialAction\":[{\"@type\":\"SearchAction\",\"target\":{\"@type\":\"EntryPoint\",\"urlTemplate\":\"https:\\\/\\\/congovirtuel.com\\\/information\\\/?s={search_term_string}\"},\"query-input\":{\"@type\":\"PropertyValueSpecification\",\"valueRequired\":true,\"valueName\":\"search_term_string\"}}],\"inLanguage\":\"fr-FR\"},{\"@type\":\"Organization\",\"@id\":\"https:\\\/\\\/congovirtuel.com\\\/information\\\/#organization\",\"name\":\"Biblioth\u00e8que Virtuelle de la RDC\",\"url\":\"https:\\\/\\\/congovirtuel.com\\\/information\\\/\",\"logo\":{\"@type\":\"ImageObject\",\"inLanguage\":\"fr-FR\",\"@id\":\"https:\\\/\\\/congovirtuel.com\\\/information\\\/#\\\/schema\\\/logo\\\/image\\\/\",\"url\":\"https:\\\/\\\/congovirtuel.com\\\/information\\\/wp-content\\\/uploads\\\/2018\\\/10\\\/header-info-congovirtuel-vraie.jpg\",\"contentUrl\":\"https:\\\/\\\/congovirtuel.com\\\/information\\\/wp-content\\\/uploads\\\/2018\\\/10\\\/header-info-congovirtuel-vraie.jpg\",\"width\":728,\"height\":90,\"caption\":\"Biblioth\u00e8que Virtuelle de la RDC\"},\"image\":{\"@id\":\"https:\\\/\\\/congovirtuel.com\\\/information\\\/#\\\/schema\\\/logo\\\/image\\\/\"},\"sameAs\":[\"https:\\\/\\\/web.facebook.com\\\/Congovirtuel-763617960319601\\\/?ref=aymt_homepage_panel&amp;amp;amp;amp;amp;amp;amp;amp;amp;amp;amp;eid=ARCoxULa66767kIgF_KYav6VdjXTI4yk_LW4yoVO9s6NXpysgb7Cb65vpxcxgqzOAKvIbLQxaAETcqHT\",\"https:\\\/\\\/x.com\\\/congovirtuel\",\"https:\\\/\\\/www.youtube.com\\\/channel\\\/UCkFfprYzGgS3EWNpeMXpToQ?view_as=subscriber\"]},{\"@type\":\"Person\",\"@id\":\"https:\\\/\\\/congovirtuel.com\\\/information\\\/#\\\/schema\\\/person\\\/739a44bf7990966cb53d58d2fdeca0b6\",\"name\":\"infocongovirtuel\",\"image\":{\"@type\":\"ImageObject\",\"inLanguage\":\"fr-FR\",\"@id\":\"https:\\\/\\\/secure.gravatar.com\\\/avatar\\\/4d76991aa72469f0eb22e772586c99113c6997f88da636a9db8f2ce3a2c05e69?s=96&d=mm&r=g\",\"url\":\"https:\\\/\\\/secure.gravatar.com\\\/avatar\\\/4d76991aa72469f0eb22e772586c99113c6997f88da636a9db8f2ce3a2c05e69?s=96&d=mm&r=g\",\"contentUrl\":\"https:\\\/\\\/secure.gravatar.com\\\/avatar\\\/4d76991aa72469f0eb22e772586c99113c6997f88da636a9db8f2ce3a2c05e69?s=96&d=mm&r=g\",\"caption\":\"infocongovirtuel\"},\"url\":\"https:\\\/\\\/congovirtuel.com\\\/information\\\/author\\\/infocongovirtuel\\\/\"}]}<\/script>\n<!-- \/ Yoast SEO plugin. -->","yoast_head_json":{"title":"Canada: Le r\u00e9v\u00e9rend P. Mukendi, en fuite depuis deux mois, r\u00e9appara\u00eet en RDC - Actualit\u00e9s congolaises et internationales","robots":{"index":"index","follow":"follow","max-snippet":"max-snippet:-1","max-image-preview":"max-image-preview:large","max-video-preview":"max-video-preview:-1"},"canonical":"https:\/\/congovirtuel.com\/information\/canada-le-reverend-p-mukendi-en-fuite-depuis-deux-mois-apparait-en-rdc\/","og_locale":"fr_FR","og_type":"article","og_title":"Canada: Le r\u00e9v\u00e9rend P. Mukendi, en fuite depuis deux mois, r\u00e9appara\u00eet en RDC - Actualit\u00e9s congolaises et internationales","og_description":"Le r\u00e9v\u00e9rend Paul Mukendi, en fuite depuis deux\u00a0mois, serait bel et bien en R\u00e9publique d\u00e9mocratique du Congo\u00a0(RDC). Il a refait surface dans un h\u00f4tel de la capitale Kinshasa, mardi, o\u00f9 il avait convoqu\u00e9 des m\u00e9dias locaux. Condamn\u00e9 \u00e0 huit&nbsp;ans de prison au Canada pour agressions sexuelles et voies de fait, Paul Mukendi avait affirm\u00e9 dans une apparition sur les r\u00e9seaux sociaux, il y a un mois, qu&rsquo;il \u00e9tait rentr\u00e9 dans son pays natal. Or, aucune information, \u00e0 ce moment, ne permettait de confirmer qu&rsquo;il s&rsquo;\u00e9tait rendu en R\u00e9publique d\u00e9mocratique du&hellip;","og_url":"https:\/\/congovirtuel.com\/information\/canada-le-reverend-p-mukendi-en-fuite-depuis-deux-mois-apparait-en-rdc\/","og_site_name":"Actualit\u00e9s congolaises et internationales","article_publisher":"https:\/\/web.facebook.com\/Congovirtuel-763617960319601\/?ref=aymt_homepage_panel&amp%3bamp%3bamp%3bamp%3bamp%3bamp%3bamp%3bamp%3bamp%3bamp%3bamp%3beid=ARCoxULa66767kIgF_KYav6VdjXTI4yk_LW4yoVO9s6NXpysgb7Cb65vpxcxgqzOAKvIbLQxaAETcqHT","article_published_time":"2021-10-20T06:02:40+00:00","article_modified_time":"2021-10-20T06:07:03+00:00","og_image":[{"width":960,"height":540,"url":"https:\/\/congovirtuel.com\/information\/wp-content\/uploads\/2021\/08\/Pasteur_Mukendi_Quebec.jpg","type":"image\/jpeg"}],"author":"infocongovirtuel","twitter_card":"summary_large_image","twitter_creator":"@congovirtuel","twitter_site":"@congovirtuel","twitter_misc":{"\u00c9crit par":"infocongovirtuel","Dur\u00e9e de lecture estim\u00e9e":"2 minutes"},"schema":{"@context":"https:\/\/schema.org","@graph":[{"@type":"Article","@id":"https:\/\/congovirtuel.com\/information\/canada-le-reverend-p-mukendi-en-fuite-depuis-deux-mois-apparait-en-rdc\/#article","isPartOf":{"@id":"https:\/\/congovirtuel.com\/information\/canada-le-reverend-p-mukendi-en-fuite-depuis-deux-mois-apparait-en-rdc\/"},"author":{"name":"infocongovirtuel","@id":"https:\/\/congovirtuel.com\/information\/#\/schema\/person\/739a44bf7990966cb53d58d2fdeca0b6"},"headline":"Canada: Le r\u00e9v\u00e9rend P. Mukendi, en fuite depuis deux mois, r\u00e9appara\u00eet en RDC","datePublished":"2021-10-20T06:02:40+00:00","dateModified":"2021-10-20T06:07:03+00:00","mainEntityOfPage":{"@id":"https:\/\/congovirtuel.com\/information\/canada-le-reverend-p-mukendi-en-fuite-depuis-deux-mois-apparait-en-rdc\/"},"wordCount":468,"commentCount":0,"publisher":{"@id":"https:\/\/congovirtuel.com\/information\/#organization"},"image":{"@id":"https:\/\/congovirtuel.com\/information\/canada-le-reverend-p-mukendi-en-fuite-depuis-deux-mois-apparait-en-rdc\/#primaryimage"},"thumbnailUrl":"https:\/\/congovirtuel.com\/information\/wp-content\/uploads\/2021\/08\/Pasteur_Mukendi_Quebec.jpg","keywords":["Fuite PAUL Mukendi","Paul Mukendi","Paul Mukendi en RDC"],"articleSection":["Justice"],"inLanguage":"fr-FR","potentialAction":[{"@type":"CommentAction","name":"Comment","target":["https:\/\/congovirtuel.com\/information\/canada-le-reverend-p-mukendi-en-fuite-depuis-deux-mois-apparait-en-rdc\/#respond"]}]},{"@type":"WebPage","@id":"https:\/\/congovirtuel.com\/information\/canada-le-reverend-p-mukendi-en-fuite-depuis-deux-mois-apparait-en-rdc\/","url":"https:\/\/congovirtuel.com\/information\/canada-le-reverend-p-mukendi-en-fuite-depuis-deux-mois-apparait-en-rdc\/","name":"Canada: Le r\u00e9v\u00e9rend P. Mukendi, en fuite depuis deux mois, r\u00e9appara\u00eet en RDC - Actualit\u00e9s congolaises et internationales","isPartOf":{"@id":"https:\/\/congovirtuel.com\/information\/#website"},"primaryImageOfPage":{"@id":"https:\/\/congovirtuel.com\/information\/canada-le-reverend-p-mukendi-en-fuite-depuis-deux-mois-apparait-en-rdc\/#primaryimage"},"image":{"@id":"https:\/\/congovirtuel.com\/information\/canada-le-reverend-p-mukendi-en-fuite-depuis-deux-mois-apparait-en-rdc\/#primaryimage"},"thumbnailUrl":"https:\/\/congovirtuel.com\/information\/wp-content\/uploads\/2021\/08\/Pasteur_Mukendi_Quebec.jpg","datePublished":"2021-10-20T06:02:40+00:00","dateModified":"2021-10-20T06:07:03+00:00","breadcrumb":{"@id":"https:\/\/congovirtuel.com\/information\/canada-le-reverend-p-mukendi-en-fuite-depuis-deux-mois-apparait-en-rdc\/#breadcrumb"},"inLanguage":"fr-FR","potentialAction":[{"@type":"ReadAction","target":["https:\/\/congovirtuel.com\/information\/canada-le-reverend-p-mukendi-en-fuite-depuis-deux-mois-apparait-en-rdc\/"]}]},{"@type":"ImageObject","inLanguage":"fr-FR","@id":"https:\/\/congovirtuel.com\/information\/canada-le-reverend-p-mukendi-en-fuite-depuis-deux-mois-apparait-en-rdc\/#primaryimage","url":"https:\/\/congovirtuel.com\/information\/wp-content\/uploads\/2021\/08\/Pasteur_Mukendi_Quebec.jpg","contentUrl":"https:\/\/congovirtuel.com\/information\/wp-content\/uploads\/2021\/08\/Pasteur_Mukendi_Quebec.jpg","width":960,"height":540,"caption":"Pasteur_Mukendi_Quebec"},{"@type":"BreadcrumbList","@id":"https:\/\/congovirtuel.com\/information\/canada-le-reverend-p-mukendi-en-fuite-depuis-deux-mois-apparait-en-rdc\/#breadcrumb","itemListElement":[{"@type":"ListItem","position":1,"name":"Accueil","item":"https:\/\/congovirtuel.com\/information\/"},{"@type":"ListItem","position":2,"name":"Canada: Le r\u00e9v\u00e9rend P. Mukendi, en fuite depuis deux mois, r\u00e9appara\u00eet en RDC"}]},{"@type":"WebSite","@id":"https:\/\/congovirtuel.com\/information\/#website","url":"https:\/\/congovirtuel.com\/information\/","name":"Actualit\u00e9s congolaises et internationales","description":"site d&#039;analyse et de traitement d&#039;information","publisher":{"@id":"https:\/\/congovirtuel.com\/information\/#organization"},"potentialAction":[{"@type":"SearchAction","target":{"@type":"EntryPoint","urlTemplate":"https:\/\/congovirtuel.com\/information\/?s={search_term_string}"},"query-input":{"@type":"PropertyValueSpecification","valueRequired":true,"valueName":"search_term_string"}}],"inLanguage":"fr-FR"},{"@type":"Organization","@id":"https:\/\/congovirtuel.com\/information\/#organization","name":"Biblioth\u00e8que Virtuelle de la RDC","url":"https:\/\/congovirtuel.com\/information\/","logo":{"@type":"ImageObject","inLanguage":"fr-FR","@id":"https:\/\/congovirtuel.com\/information\/#\/schema\/logo\/image\/","url":"https:\/\/congovirtuel.com\/information\/wp-content\/uploads\/2018\/10\/header-info-congovirtuel-vraie.jpg","contentUrl":"https:\/\/congovirtuel.com\/information\/wp-content\/uploads\/2018\/10\/header-info-congovirtuel-vraie.jpg","width":728,"height":90,"caption":"Biblioth\u00e8que Virtuelle de la RDC"},"image":{"@id":"https:\/\/congovirtuel.com\/information\/#\/schema\/logo\/image\/"},"sameAs":["https:\/\/web.facebook.com\/Congovirtuel-763617960319601\/?ref=aymt_homepage_panel&amp;amp;amp;amp;amp;amp;amp;amp;amp;amp;amp;eid=ARCoxULa66767kIgF_KYav6VdjXTI4yk_LW4yoVO9s6NXpysgb7Cb65vpxcxgqzOAKvIbLQxaAETcqHT","https:\/\/x.com\/congovirtuel","https:\/\/www.youtube.com\/channel\/UCkFfprYzGgS3EWNpeMXpToQ?view_as=subscriber"]},{"@type":"Person","@id":"https:\/\/congovirtuel.com\/information\/#\/schema\/person\/739a44bf7990966cb53d58d2fdeca0b6","name":"infocongovirtuel","image":{"@type":"ImageObject","inLanguage":"fr-FR","@id":"https:\/\/secure.gravatar.com\/avatar\/4d76991aa72469f0eb22e772586c99113c6997f88da636a9db8f2ce3a2c05e69?s=96&d=mm&r=g","url":"https:\/\/secure.gravatar.com\/avatar\/4d76991aa72469f0eb22e772586c99113c6997f88da636a9db8f2ce3a2c05e69?s=96&d=mm&r=g","contentUrl":"https:\/\/secure.gravatar.com\/avatar\/4d76991aa72469f0eb22e772586c99113c6997f88da636a9db8f2ce3a2c05e69?s=96&d=mm&r=g","caption":"infocongovirtuel"},"url":"https:\/\/congovirtuel.com\/information\/author\/infocongovirtuel\/"}]}},"gt_translate_keys":[{"key":"link","format":"url"}],"_links":{"self":[{"href":"https:\/\/congovirtuel.com\/information\/wp-json\/wp\/v2\/posts\/14608","targetHints":{"allow":["GET"]}}],"collection":[{"href":"https:\/\/congovirtuel.com\/information\/wp-json\/wp\/v2\/posts"}],"about":[{"href":"https:\/\/congovirtuel.com\/information\/wp-json\/wp\/v2\/types\/post"}],"author":[{"embeddable":true,"href":"https:\/\/congovirtuel.com\/information\/wp-json\/wp\/v2\/users\/1"}],"replies":[{"embeddable":true,"href":"https:\/\/congovirtuel.com\/information\/wp-json\/wp\/v2\/comments?post=14608"}],"version-history":[{"count":4,"href":"https:\/\/congovirtuel.com\/information\/wp-json\/wp\/v2\/posts\/14608\/revisions"}],"predecessor-version":[{"id":14615,"href":"https:\/\/congovirtuel.com\/information\/wp-json\/wp\/v2\/posts\/14608\/revisions\/14615"}],"wp:featuredmedia":[{"embeddable":true,"href":"https:\/\/congovirtuel.com\/information\/wp-json\/wp\/v2\/media\/12978"}],"wp:attachment":[{"href":"https:\/\/congovirtuel.com\/information\/wp-json\/wp\/v2\/media?parent=14608"}],"wp:term":[{"taxonomy":"category","embeddable":true,"href":"https:\/\/congovirtuel.com\/information\/wp-json\/wp\/v2\/categories?post=14608"},{"taxonomy":"post_tag","embeddable":true,"href":"https:\/\/congovirtuel.com\/information\/wp-json\/wp\/v2\/tags?post=14608"}],"curies":[{"name":"wp","href":"https:\/\/api.w.org\/{rel}","templated":true}]}}