{"id":14668,"date":"2021-10-22T10:14:44","date_gmt":"2021-10-22T09:14:44","guid":{"rendered":"https:\/\/congovirtuel.com\/information\/?p=14668"},"modified":"2021-10-22T10:14:47","modified_gmt":"2021-10-22T09:14:47","slug":"uk-a-95-ans-la-reine-elizabeth-ii-hospitalisee-une-nuit-pour-des-examens-preliminaires","status":"publish","type":"post","link":"https:\/\/congovirtuel.com\/information\/uk-a-95-ans-la-reine-elizabeth-ii-hospitalisee-une-nuit-pour-des-examens-preliminaires\/","title":{"rendered":"UK: \u00e0 95 ans, la reine Elizabeth II hospitalis\u00e9e une nuit pour des \u00ab\u00a0examens pr\u00e9liminaires\u00a0\u00bb","gt_translate_keys":[{"key":"rendered","format":"text"}]},"content":{"rendered":"\n<p class=\"wp-block-paragraph\">Officiellement, il s\u2019agit d\u2019une pr\u00e9caution. La reine Elizabeth II, 95 ans, a pass\u00e9 la nuit de mercredi \u00e0 jeudi \u00e0 l\u2019h\u00f4pital pour y subir des \u00ab&nbsp;examens pr\u00e9liminaires&nbsp;\u00bb apr\u00e8s&nbsp;<a href=\"https:\/\/www.20minutes.fr\/arts-stars\/people\/3152999-20211020-reine-elizabeth-ii-top-forme\">avoir \u00e9t\u00e9 mise au repos par ses m\u00e9decins<\/a>, a annonc\u00e9 jeudi le palais de Buckingham.<\/p>\n\n\n\n<p class=\"wp-block-paragraph\">\u00ab&nbsp;A la suite de l\u2019avis m\u00e9dical lui recommandant de se reposer pendant quelques jours, la reine s\u2019est rendue \u00e0 l\u2019h\u00f4pital mercredi apr\u00e8s-midi pour des examens pr\u00e9liminaires et est rentr\u00e9e au ch\u00e2teau de Windsor \u00e0 l\u2019heure du d\u00e9jeuner&nbsp;\u00bb jeudi, a \u00e9crit le palais dans un bref communiqu\u00e9. Elle \u00ab&nbsp;garde un bon moral&nbsp;\u00bb, est-il ajout\u00e9.<\/p>\n\n\n\n<h2 class=\"wp-block-heading\">Visite annul\u00e9e mercredi<\/h2>\n\n\n\n<p class=\"wp-block-paragraph\">Mercredi, la souveraine, qui s\u2019appr\u00eate \u00e0 f\u00eater en 2022 ses 70 ans de r\u00e8gne, avait annul\u00e9 une visite en Irlande du Nord apr\u00e8s avoir \u00ab&nbsp;accept\u00e9 \u00e0 contrec\u0153ur&nbsp;\u00bb le conseil de ses m\u00e9decins de se reposer.<\/p>\n\n\n\n<p class=\"wp-block-paragraph\">Apr\u00e8s avoir pass\u00e9 les confinements successifs au ch\u00e2teau de Windsor pr\u00e8s de Londres et en d\u00e9pit de conjectures sur une mise en retrait apr\u00e8s la mort en avril de son \u00e9poux Philip, Elizabeth II participe ces derniers temps \u00e0 de nombreux engagements publics.<\/p>\n\n\n\n<p class=\"wp-block-paragraph\">Elle est encore apparue mardi \u00e0 l\u2019occasion d\u2019une r\u00e9ception \u00e0 Windsor, en pr\u00e9sence du Premier ministre britannique Boris Johnson, de l\u2019homme d\u2019affaires Bill Gates ou de l\u2019envoy\u00e9 am\u00e9ricain pour le climat John Kerry. Visiblement en forme, elle a serr\u00e9 des mains sans gants et discut\u00e9 debout avec les invit\u00e9s, sans masque de protection. La semaine derni\u00e8re, elle a \u00e9t\u00e9 vue marcher en public avec une canne, une premi\u00e8re depuis 2004.<\/p>\n\n\n\n<p class=\"wp-block-paragraph\">20 minutes<\/p>\n","protected":false,"gt_translate_keys":[{"key":"rendered","format":"html"}]},"excerpt":{"rendered":"<p>Officiellement, il s\u2019agit d\u2019une pr\u00e9caution. La reine Elizabeth II, 95 ans, a pass\u00e9 la nuit de mercredi \u00e0 jeudi \u00e0 l\u2019h\u00f4pital pour y subir des \u00ab&nbsp;examens pr\u00e9liminaires&nbsp;\u00bb apr\u00e8s&nbsp;avoir \u00e9t\u00e9 mise au repos par ses m\u00e9decins, a annonc\u00e9 jeudi le palais de Buckingham. \u00ab&nbsp;A la suite de l\u2019avis m\u00e9dical lui recommandant de se reposer pendant quelques jours, la reine s\u2019est rendue \u00e0 l\u2019h\u00f4pital mercredi apr\u00e8s-midi pour des examens pr\u00e9liminaires et est rentr\u00e9e au ch\u00e2teau de Windsor \u00e0 l\u2019heure du d\u00e9jeuner&nbsp;\u00bb jeudi, a \u00e9crit le palais dans un bref communiqu\u00e9. Elle \u00ab&nbsp;garde&hellip;<\/p>\n","protected":false,"gt_translate_keys":[{"key":"rendered","format":"html"}]},"author":1,"featured_media":14670,"comment_status":"open","ping_status":"open","sticky":false,"template":"","format":"standard","meta":{"_crdt_document":"","footnotes":""},"categories":[1],"tags":[24823,24824],"class_list":["post-14668","post","type-post","status-publish","format-standard","has-post-thumbnail","hentry","category-non-classe","tag-elisabeth-ii","tag-queen"],"gutentor_comment":0,"yoast_head":"<!-- This site is optimized with the Yoast SEO plugin v27.5 - https:\/\/yoast.com\/product\/yoast-seo-wordpress\/ -->\n<title>UK: \u00e0 95 ans, la reine Elizabeth II hospitalis\u00e9e une nuit pour des \u00ab\u00a0examens pr\u00e9liminaires\u00a0\u00bb - Actualit\u00e9s congolaises et internationales<\/title>\n<meta name=\"robots\" content=\"index, follow, max-snippet:-1, max-image-preview:large, max-video-preview:-1\" \/>\n<link rel=\"canonical\" href=\"https:\/\/congovirtuel.com\/information\/uk-a-95-ans-la-reine-elizabeth-ii-hospitalisee-une-nuit-pour-des-examens-preliminaires\/\" \/>\n<meta property=\"og:locale\" content=\"fr_FR\" \/>\n<meta property=\"og:type\" content=\"article\" \/>\n<meta property=\"og:title\" content=\"UK: \u00e0 95 ans, la reine Elizabeth II hospitalis\u00e9e une nuit pour des \u00ab\u00a0examens pr\u00e9liminaires\u00a0\u00bb - Actualit\u00e9s congolaises et internationales\" \/>\n<meta property=\"og:description\" content=\"Officiellement, il s\u2019agit d\u2019une pr\u00e9caution. La reine Elizabeth II, 95 ans, a pass\u00e9 la nuit de mercredi \u00e0 jeudi \u00e0 l\u2019h\u00f4pital pour y subir des \u00ab&nbsp;examens pr\u00e9liminaires&nbsp;\u00bb apr\u00e8s&nbsp;avoir \u00e9t\u00e9 mise au repos par ses m\u00e9decins, a annonc\u00e9 jeudi le palais de Buckingham. \u00ab&nbsp;A la suite de l\u2019avis m\u00e9dical lui recommandant de se reposer pendant quelques jours, la reine s\u2019est rendue \u00e0 l\u2019h\u00f4pital mercredi apr\u00e8s-midi pour des examens pr\u00e9liminaires et est rentr\u00e9e au ch\u00e2teau de Windsor \u00e0 l\u2019heure du d\u00e9jeuner&nbsp;\u00bb jeudi, a \u00e9crit le palais dans un bref communiqu\u00e9. Elle \u00ab&nbsp;garde&hellip;\" \/>\n<meta property=\"og:url\" content=\"https:\/\/congovirtuel.com\/information\/uk-a-95-ans-la-reine-elizabeth-ii-hospitalisee-une-nuit-pour-des-examens-preliminaires\/\" \/>\n<meta property=\"og:site_name\" content=\"Actualit\u00e9s congolaises et internationales\" \/>\n<meta property=\"article:publisher\" content=\"https:\/\/web.facebook.com\/Congovirtuel-763617960319601\/?ref=aymt_homepage_panel&amp;amp%3bamp%3bamp%3bamp%3bamp%3bamp%3bamp%3bamp%3bamp%3bamp%3bamp%3beid=ARCoxULa66767kIgF_KYav6VdjXTI4yk_LW4yoVO9s6NXpysgb7Cb65vpxcxgqzOAKvIbLQxaAETcqHT\" \/>\n<meta property=\"article:published_time\" content=\"2021-10-22T09:14:44+00:00\" \/>\n<meta property=\"article:modified_time\" content=\"2021-10-22T09:14:47+00:00\" \/>\n<meta property=\"og:image\" content=\"https:\/\/congovirtuel.com\/information\/wp-content\/uploads\/2021\/10\/Queen_Elisabeth.jpg\" \/>\n\t<meta property=\"og:image:width\" content=\"640\" \/>\n\t<meta property=\"og:image:height\" content=\"410\" \/>\n\t<meta property=\"og:image:type\" content=\"image\/jpeg\" \/>\n<meta name=\"author\" content=\"infocongovirtuel\" \/>\n<meta name=\"twitter:card\" content=\"summary_large_image\" \/>\n<meta name=\"twitter:creator\" content=\"@congovirtuel\" \/>\n<meta name=\"twitter:site\" content=\"@congovirtuel\" \/>\n<meta name=\"twitter:label1\" content=\"\u00c9crit par\" \/>\n\t<meta name=\"twitter:data1\" content=\"infocongovirtuel\" \/>\n\t<meta name=\"twitter:label2\" content=\"Dur\u00e9e de lecture estim\u00e9e\" \/>\n\t<meta name=\"twitter:data2\" content=\"2 minutes\" \/>\n<script type=\"application\/ld+json\" class=\"yoast-schema-graph\">{\"@context\":\"https:\\\/\\\/schema.org\",\"@graph\":[{\"@type\":\"Article\",\"@id\":\"https:\\\/\\\/congovirtuel.com\\\/information\\\/uk-a-95-ans-la-reine-elizabeth-ii-hospitalisee-une-nuit-pour-des-examens-preliminaires\\\/#article\",\"isPartOf\":{\"@id\":\"https:\\\/\\\/congovirtuel.com\\\/information\\\/uk-a-95-ans-la-reine-elizabeth-ii-hospitalisee-une-nuit-pour-des-examens-preliminaires\\\/\"},\"author\":{\"name\":\"infocongovirtuel\",\"@id\":\"https:\\\/\\\/congovirtuel.com\\\/information\\\/#\\\/schema\\\/person\\\/739a44bf7990966cb53d58d2fdeca0b6\"},\"headline\":\"UK: \u00e0 95 ans, la reine Elizabeth II hospitalis\u00e9e une nuit pour des \u00ab\u00a0examens pr\u00e9liminaires\u00a0\u00bb\",\"datePublished\":\"2021-10-22T09:14:44+00:00\",\"dateModified\":\"2021-10-22T09:14:47+00:00\",\"mainEntityOfPage\":{\"@id\":\"https:\\\/\\\/congovirtuel.com\\\/information\\\/uk-a-95-ans-la-reine-elizabeth-ii-hospitalisee-une-nuit-pour-des-examens-preliminaires\\\/\"},\"wordCount\":302,\"commentCount\":0,\"publisher\":{\"@id\":\"https:\\\/\\\/congovirtuel.com\\\/information\\\/#organization\"},\"image\":{\"@id\":\"https:\\\/\\\/congovirtuel.com\\\/information\\\/uk-a-95-ans-la-reine-elizabeth-ii-hospitalisee-une-nuit-pour-des-examens-preliminaires\\\/#primaryimage\"},\"thumbnailUrl\":\"https:\\\/\\\/congovirtuel.com\\\/information\\\/wp-content\\\/uploads\\\/2021\\\/10\\\/Queen_Elisabeth.jpg\",\"keywords\":[\"Elisabeth II\",\"Queen\"],\"inLanguage\":\"fr-FR\",\"potentialAction\":[{\"@type\":\"CommentAction\",\"name\":\"Comment\",\"target\":[\"https:\\\/\\\/congovirtuel.com\\\/information\\\/uk-a-95-ans-la-reine-elizabeth-ii-hospitalisee-une-nuit-pour-des-examens-preliminaires\\\/#respond\"]}]},{\"@type\":\"WebPage\",\"@id\":\"https:\\\/\\\/congovirtuel.com\\\/information\\\/uk-a-95-ans-la-reine-elizabeth-ii-hospitalisee-une-nuit-pour-des-examens-preliminaires\\\/\",\"url\":\"https:\\\/\\\/congovirtuel.com\\\/information\\\/uk-a-95-ans-la-reine-elizabeth-ii-hospitalisee-une-nuit-pour-des-examens-preliminaires\\\/\",\"name\":\"UK: \u00e0 95 ans, la reine Elizabeth II hospitalis\u00e9e une nuit pour des \u00ab\u00a0examens pr\u00e9liminaires\u00a0\u00bb - Actualit\u00e9s congolaises et internationales\",\"isPartOf\":{\"@id\":\"https:\\\/\\\/congovirtuel.com\\\/information\\\/#website\"},\"primaryImageOfPage\":{\"@id\":\"https:\\\/\\\/congovirtuel.com\\\/information\\\/uk-a-95-ans-la-reine-elizabeth-ii-hospitalisee-une-nuit-pour-des-examens-preliminaires\\\/#primaryimage\"},\"image\":{\"@id\":\"https:\\\/\\\/congovirtuel.com\\\/information\\\/uk-a-95-ans-la-reine-elizabeth-ii-hospitalisee-une-nuit-pour-des-examens-preliminaires\\\/#primaryimage\"},\"thumbnailUrl\":\"https:\\\/\\\/congovirtuel.com\\\/information\\\/wp-content\\\/uploads\\\/2021\\\/10\\\/Queen_Elisabeth.jpg\",\"datePublished\":\"2021-10-22T09:14:44+00:00\",\"dateModified\":\"2021-10-22T09:14:47+00:00\",\"breadcrumb\":{\"@id\":\"https:\\\/\\\/congovirtuel.com\\\/information\\\/uk-a-95-ans-la-reine-elizabeth-ii-hospitalisee-une-nuit-pour-des-examens-preliminaires\\\/#breadcrumb\"},\"inLanguage\":\"fr-FR\",\"potentialAction\":[{\"@type\":\"ReadAction\",\"target\":[\"https:\\\/\\\/congovirtuel.com\\\/information\\\/uk-a-95-ans-la-reine-elizabeth-ii-hospitalisee-une-nuit-pour-des-examens-preliminaires\\\/\"]}]},{\"@type\":\"ImageObject\",\"inLanguage\":\"fr-FR\",\"@id\":\"https:\\\/\\\/congovirtuel.com\\\/information\\\/uk-a-95-ans-la-reine-elizabeth-ii-hospitalisee-une-nuit-pour-des-examens-preliminaires\\\/#primaryimage\",\"url\":\"https:\\\/\\\/congovirtuel.com\\\/information\\\/wp-content\\\/uploads\\\/2021\\\/10\\\/Queen_Elisabeth.jpg\",\"contentUrl\":\"https:\\\/\\\/congovirtuel.com\\\/information\\\/wp-content\\\/uploads\\\/2021\\\/10\\\/Queen_Elisabeth.jpg\",\"width\":640,\"height\":410},{\"@type\":\"BreadcrumbList\",\"@id\":\"https:\\\/\\\/congovirtuel.com\\\/information\\\/uk-a-95-ans-la-reine-elizabeth-ii-hospitalisee-une-nuit-pour-des-examens-preliminaires\\\/#breadcrumb\",\"itemListElement\":[{\"@type\":\"ListItem\",\"position\":1,\"name\":\"Accueil\",\"item\":\"https:\\\/\\\/congovirtuel.com\\\/information\\\/\"},{\"@type\":\"ListItem\",\"position\":2,\"name\":\"UK: \u00e0 95 ans, la reine Elizabeth II hospitalis\u00e9e une nuit pour des \u00ab\u00a0examens pr\u00e9liminaires\u00a0\u00bb\"}]},{\"@type\":\"WebSite\",\"@id\":\"https:\\\/\\\/congovirtuel.com\\\/information\\\/#website\",\"url\":\"https:\\\/\\\/congovirtuel.com\\\/information\\\/\",\"name\":\"Actualit\u00e9s congolaises et internationales\",\"description\":\"site d&#039;analyse et de traitement d&#039;information\",\"publisher\":{\"@id\":\"https:\\\/\\\/congovirtuel.com\\\/information\\\/#organization\"},\"potentialAction\":[{\"@type\":\"SearchAction\",\"target\":{\"@type\":\"EntryPoint\",\"urlTemplate\":\"https:\\\/\\\/congovirtuel.com\\\/information\\\/?s={search_term_string}\"},\"query-input\":{\"@type\":\"PropertyValueSpecification\",\"valueRequired\":true,\"valueName\":\"search_term_string\"}}],\"inLanguage\":\"fr-FR\"},{\"@type\":\"Organization\",\"@id\":\"https:\\\/\\\/congovirtuel.com\\\/information\\\/#organization\",\"name\":\"Biblioth\u00e8que Virtuelle de la RDC\",\"url\":\"https:\\\/\\\/congovirtuel.com\\\/information\\\/\",\"logo\":{\"@type\":\"ImageObject\",\"inLanguage\":\"fr-FR\",\"@id\":\"https:\\\/\\\/congovirtuel.com\\\/information\\\/#\\\/schema\\\/logo\\\/image\\\/\",\"url\":\"https:\\\/\\\/congovirtuel.com\\\/information\\\/wp-content\\\/uploads\\\/2018\\\/10\\\/header-info-congovirtuel-vraie.jpg\",\"contentUrl\":\"https:\\\/\\\/congovirtuel.com\\\/information\\\/wp-content\\\/uploads\\\/2018\\\/10\\\/header-info-congovirtuel-vraie.jpg\",\"width\":728,\"height\":90,\"caption\":\"Biblioth\u00e8que Virtuelle de la RDC\"},\"image\":{\"@id\":\"https:\\\/\\\/congovirtuel.com\\\/information\\\/#\\\/schema\\\/logo\\\/image\\\/\"},\"sameAs\":[\"https:\\\/\\\/web.facebook.com\\\/Congovirtuel-763617960319601\\\/?ref=aymt_homepage_panel&amp;amp;amp;amp;amp;amp;amp;amp;amp;amp;amp;eid=ARCoxULa66767kIgF_KYav6VdjXTI4yk_LW4yoVO9s6NXpysgb7Cb65vpxcxgqzOAKvIbLQxaAETcqHT\",\"https:\\\/\\\/x.com\\\/congovirtuel\",\"https:\\\/\\\/www.youtube.com\\\/channel\\\/UCkFfprYzGgS3EWNpeMXpToQ?view_as=subscriber\"]},{\"@type\":\"Person\",\"@id\":\"https:\\\/\\\/congovirtuel.com\\\/information\\\/#\\\/schema\\\/person\\\/739a44bf7990966cb53d58d2fdeca0b6\",\"name\":\"infocongovirtuel\",\"image\":{\"@type\":\"ImageObject\",\"inLanguage\":\"fr-FR\",\"@id\":\"https:\\\/\\\/secure.gravatar.com\\\/avatar\\\/4d76991aa72469f0eb22e772586c99113c6997f88da636a9db8f2ce3a2c05e69?s=96&d=mm&r=g\",\"url\":\"https:\\\/\\\/secure.gravatar.com\\\/avatar\\\/4d76991aa72469f0eb22e772586c99113c6997f88da636a9db8f2ce3a2c05e69?s=96&d=mm&r=g\",\"contentUrl\":\"https:\\\/\\\/secure.gravatar.com\\\/avatar\\\/4d76991aa72469f0eb22e772586c99113c6997f88da636a9db8f2ce3a2c05e69?s=96&d=mm&r=g\",\"caption\":\"infocongovirtuel\"},\"url\":\"https:\\\/\\\/congovirtuel.com\\\/information\\\/author\\\/infocongovirtuel\\\/\"}]}<\/script>\n<!-- \/ Yoast SEO plugin. -->","yoast_head_json":{"title":"UK: \u00e0 95 ans, la reine Elizabeth II hospitalis\u00e9e une nuit pour des \u00ab\u00a0examens pr\u00e9liminaires\u00a0\u00bb - Actualit\u00e9s congolaises et internationales","robots":{"index":"index","follow":"follow","max-snippet":"max-snippet:-1","max-image-preview":"max-image-preview:large","max-video-preview":"max-video-preview:-1"},"canonical":"https:\/\/congovirtuel.com\/information\/uk-a-95-ans-la-reine-elizabeth-ii-hospitalisee-une-nuit-pour-des-examens-preliminaires\/","og_locale":"fr_FR","og_type":"article","og_title":"UK: \u00e0 95 ans, la reine Elizabeth II hospitalis\u00e9e une nuit pour des \u00ab\u00a0examens pr\u00e9liminaires\u00a0\u00bb - Actualit\u00e9s congolaises et internationales","og_description":"Officiellement, il s\u2019agit d\u2019une pr\u00e9caution. La reine Elizabeth II, 95 ans, a pass\u00e9 la nuit de mercredi \u00e0 jeudi \u00e0 l\u2019h\u00f4pital pour y subir des \u00ab&nbsp;examens pr\u00e9liminaires&nbsp;\u00bb apr\u00e8s&nbsp;avoir \u00e9t\u00e9 mise au repos par ses m\u00e9decins, a annonc\u00e9 jeudi le palais de Buckingham. \u00ab&nbsp;A la suite de l\u2019avis m\u00e9dical lui recommandant de se reposer pendant quelques jours, la reine s\u2019est rendue \u00e0 l\u2019h\u00f4pital mercredi apr\u00e8s-midi pour des examens pr\u00e9liminaires et est rentr\u00e9e au ch\u00e2teau de Windsor \u00e0 l\u2019heure du d\u00e9jeuner&nbsp;\u00bb jeudi, a \u00e9crit le palais dans un bref communiqu\u00e9. Elle \u00ab&nbsp;garde&hellip;","og_url":"https:\/\/congovirtuel.com\/information\/uk-a-95-ans-la-reine-elizabeth-ii-hospitalisee-une-nuit-pour-des-examens-preliminaires\/","og_site_name":"Actualit\u00e9s congolaises et internationales","article_publisher":"https:\/\/web.facebook.com\/Congovirtuel-763617960319601\/?ref=aymt_homepage_panel&amp%3bamp%3bamp%3bamp%3bamp%3bamp%3bamp%3bamp%3bamp%3bamp%3bamp%3beid=ARCoxULa66767kIgF_KYav6VdjXTI4yk_LW4yoVO9s6NXpysgb7Cb65vpxcxgqzOAKvIbLQxaAETcqHT","article_published_time":"2021-10-22T09:14:44+00:00","article_modified_time":"2021-10-22T09:14:47+00:00","og_image":[{"width":640,"height":410,"url":"https:\/\/congovirtuel.com\/information\/wp-content\/uploads\/2021\/10\/Queen_Elisabeth.jpg","type":"image\/jpeg"}],"author":"infocongovirtuel","twitter_card":"summary_large_image","twitter_creator":"@congovirtuel","twitter_site":"@congovirtuel","twitter_misc":{"\u00c9crit par":"infocongovirtuel","Dur\u00e9e de lecture estim\u00e9e":"2 minutes"},"schema":{"@context":"https:\/\/schema.org","@graph":[{"@type":"Article","@id":"https:\/\/congovirtuel.com\/information\/uk-a-95-ans-la-reine-elizabeth-ii-hospitalisee-une-nuit-pour-des-examens-preliminaires\/#article","isPartOf":{"@id":"https:\/\/congovirtuel.com\/information\/uk-a-95-ans-la-reine-elizabeth-ii-hospitalisee-une-nuit-pour-des-examens-preliminaires\/"},"author":{"name":"infocongovirtuel","@id":"https:\/\/congovirtuel.com\/information\/#\/schema\/person\/739a44bf7990966cb53d58d2fdeca0b6"},"headline":"UK: \u00e0 95 ans, la reine Elizabeth II hospitalis\u00e9e une nuit pour des \u00ab\u00a0examens pr\u00e9liminaires\u00a0\u00bb","datePublished":"2021-10-22T09:14:44+00:00","dateModified":"2021-10-22T09:14:47+00:00","mainEntityOfPage":{"@id":"https:\/\/congovirtuel.com\/information\/uk-a-95-ans-la-reine-elizabeth-ii-hospitalisee-une-nuit-pour-des-examens-preliminaires\/"},"wordCount":302,"commentCount":0,"publisher":{"@id":"https:\/\/congovirtuel.com\/information\/#organization"},"image":{"@id":"https:\/\/congovirtuel.com\/information\/uk-a-95-ans-la-reine-elizabeth-ii-hospitalisee-une-nuit-pour-des-examens-preliminaires\/#primaryimage"},"thumbnailUrl":"https:\/\/congovirtuel.com\/information\/wp-content\/uploads\/2021\/10\/Queen_Elisabeth.jpg","keywords":["Elisabeth II","Queen"],"inLanguage":"fr-FR","potentialAction":[{"@type":"CommentAction","name":"Comment","target":["https:\/\/congovirtuel.com\/information\/uk-a-95-ans-la-reine-elizabeth-ii-hospitalisee-une-nuit-pour-des-examens-preliminaires\/#respond"]}]},{"@type":"WebPage","@id":"https:\/\/congovirtuel.com\/information\/uk-a-95-ans-la-reine-elizabeth-ii-hospitalisee-une-nuit-pour-des-examens-preliminaires\/","url":"https:\/\/congovirtuel.com\/information\/uk-a-95-ans-la-reine-elizabeth-ii-hospitalisee-une-nuit-pour-des-examens-preliminaires\/","name":"UK: \u00e0 95 ans, la reine Elizabeth II hospitalis\u00e9e une nuit pour des \u00ab\u00a0examens pr\u00e9liminaires\u00a0\u00bb - Actualit\u00e9s congolaises et internationales","isPartOf":{"@id":"https:\/\/congovirtuel.com\/information\/#website"},"primaryImageOfPage":{"@id":"https:\/\/congovirtuel.com\/information\/uk-a-95-ans-la-reine-elizabeth-ii-hospitalisee-une-nuit-pour-des-examens-preliminaires\/#primaryimage"},"image":{"@id":"https:\/\/congovirtuel.com\/information\/uk-a-95-ans-la-reine-elizabeth-ii-hospitalisee-une-nuit-pour-des-examens-preliminaires\/#primaryimage"},"thumbnailUrl":"https:\/\/congovirtuel.com\/information\/wp-content\/uploads\/2021\/10\/Queen_Elisabeth.jpg","datePublished":"2021-10-22T09:14:44+00:00","dateModified":"2021-10-22T09:14:47+00:00","breadcrumb":{"@id":"https:\/\/congovirtuel.com\/information\/uk-a-95-ans-la-reine-elizabeth-ii-hospitalisee-une-nuit-pour-des-examens-preliminaires\/#breadcrumb"},"inLanguage":"fr-FR","potentialAction":[{"@type":"ReadAction","target":["https:\/\/congovirtuel.com\/information\/uk-a-95-ans-la-reine-elizabeth-ii-hospitalisee-une-nuit-pour-des-examens-preliminaires\/"]}]},{"@type":"ImageObject","inLanguage":"fr-FR","@id":"https:\/\/congovirtuel.com\/information\/uk-a-95-ans-la-reine-elizabeth-ii-hospitalisee-une-nuit-pour-des-examens-preliminaires\/#primaryimage","url":"https:\/\/congovirtuel.com\/information\/wp-content\/uploads\/2021\/10\/Queen_Elisabeth.jpg","contentUrl":"https:\/\/congovirtuel.com\/information\/wp-content\/uploads\/2021\/10\/Queen_Elisabeth.jpg","width":640,"height":410},{"@type":"BreadcrumbList","@id":"https:\/\/congovirtuel.com\/information\/uk-a-95-ans-la-reine-elizabeth-ii-hospitalisee-une-nuit-pour-des-examens-preliminaires\/#breadcrumb","itemListElement":[{"@type":"ListItem","position":1,"name":"Accueil","item":"https:\/\/congovirtuel.com\/information\/"},{"@type":"ListItem","position":2,"name":"UK: \u00e0 95 ans, la reine Elizabeth II hospitalis\u00e9e une nuit pour des \u00ab\u00a0examens pr\u00e9liminaires\u00a0\u00bb"}]},{"@type":"WebSite","@id":"https:\/\/congovirtuel.com\/information\/#website","url":"https:\/\/congovirtuel.com\/information\/","name":"Actualit\u00e9s congolaises et internationales","description":"site d&#039;analyse et de traitement d&#039;information","publisher":{"@id":"https:\/\/congovirtuel.com\/information\/#organization"},"potentialAction":[{"@type":"SearchAction","target":{"@type":"EntryPoint","urlTemplate":"https:\/\/congovirtuel.com\/information\/?s={search_term_string}"},"query-input":{"@type":"PropertyValueSpecification","valueRequired":true,"valueName":"search_term_string"}}],"inLanguage":"fr-FR"},{"@type":"Organization","@id":"https:\/\/congovirtuel.com\/information\/#organization","name":"Biblioth\u00e8que Virtuelle de la RDC","url":"https:\/\/congovirtuel.com\/information\/","logo":{"@type":"ImageObject","inLanguage":"fr-FR","@id":"https:\/\/congovirtuel.com\/information\/#\/schema\/logo\/image\/","url":"https:\/\/congovirtuel.com\/information\/wp-content\/uploads\/2018\/10\/header-info-congovirtuel-vraie.jpg","contentUrl":"https:\/\/congovirtuel.com\/information\/wp-content\/uploads\/2018\/10\/header-info-congovirtuel-vraie.jpg","width":728,"height":90,"caption":"Biblioth\u00e8que Virtuelle de la RDC"},"image":{"@id":"https:\/\/congovirtuel.com\/information\/#\/schema\/logo\/image\/"},"sameAs":["https:\/\/web.facebook.com\/Congovirtuel-763617960319601\/?ref=aymt_homepage_panel&amp;amp;amp;amp;amp;amp;amp;amp;amp;amp;amp;eid=ARCoxULa66767kIgF_KYav6VdjXTI4yk_LW4yoVO9s6NXpysgb7Cb65vpxcxgqzOAKvIbLQxaAETcqHT","https:\/\/x.com\/congovirtuel","https:\/\/www.youtube.com\/channel\/UCkFfprYzGgS3EWNpeMXpToQ?view_as=subscriber"]},{"@type":"Person","@id":"https:\/\/congovirtuel.com\/information\/#\/schema\/person\/739a44bf7990966cb53d58d2fdeca0b6","name":"infocongovirtuel","image":{"@type":"ImageObject","inLanguage":"fr-FR","@id":"https:\/\/secure.gravatar.com\/avatar\/4d76991aa72469f0eb22e772586c99113c6997f88da636a9db8f2ce3a2c05e69?s=96&d=mm&r=g","url":"https:\/\/secure.gravatar.com\/avatar\/4d76991aa72469f0eb22e772586c99113c6997f88da636a9db8f2ce3a2c05e69?s=96&d=mm&r=g","contentUrl":"https:\/\/secure.gravatar.com\/avatar\/4d76991aa72469f0eb22e772586c99113c6997f88da636a9db8f2ce3a2c05e69?s=96&d=mm&r=g","caption":"infocongovirtuel"},"url":"https:\/\/congovirtuel.com\/information\/author\/infocongovirtuel\/"}]}},"gt_translate_keys":[{"key":"link","format":"url"}],"_links":{"self":[{"href":"https:\/\/congovirtuel.com\/information\/wp-json\/wp\/v2\/posts\/14668","targetHints":{"allow":["GET"]}}],"collection":[{"href":"https:\/\/congovirtuel.com\/information\/wp-json\/wp\/v2\/posts"}],"about":[{"href":"https:\/\/congovirtuel.com\/information\/wp-json\/wp\/v2\/types\/post"}],"author":[{"embeddable":true,"href":"https:\/\/congovirtuel.com\/information\/wp-json\/wp\/v2\/users\/1"}],"replies":[{"embeddable":true,"href":"https:\/\/congovirtuel.com\/information\/wp-json\/wp\/v2\/comments?post=14668"}],"version-history":[{"count":1,"href":"https:\/\/congovirtuel.com\/information\/wp-json\/wp\/v2\/posts\/14668\/revisions"}],"predecessor-version":[{"id":14671,"href":"https:\/\/congovirtuel.com\/information\/wp-json\/wp\/v2\/posts\/14668\/revisions\/14671"}],"wp:featuredmedia":[{"embeddable":true,"href":"https:\/\/congovirtuel.com\/information\/wp-json\/wp\/v2\/media\/14670"}],"wp:attachment":[{"href":"https:\/\/congovirtuel.com\/information\/wp-json\/wp\/v2\/media?parent=14668"}],"wp:term":[{"taxonomy":"category","embeddable":true,"href":"https:\/\/congovirtuel.com\/information\/wp-json\/wp\/v2\/categories?post=14668"},{"taxonomy":"post_tag","embeddable":true,"href":"https:\/\/congovirtuel.com\/information\/wp-json\/wp\/v2\/tags?post=14668"}],"curies":[{"name":"wp","href":"https:\/\/api.w.org\/{rel}","templated":true}]}}