{"id":14766,"date":"2021-10-26T07:31:03","date_gmt":"2021-10-26T06:31:03","guid":{"rendered":"https:\/\/congovirtuel.com\/information\/?p=14766"},"modified":"2021-10-26T07:35:06","modified_gmt":"2021-10-26T06:35:06","slug":"france-debut-du-proces-de-koffi-olomide-pour-agressions-sexuelles","status":"publish","type":"post","link":"https:\/\/congovirtuel.com\/information\/france-debut-du-proces-de-koffi-olomide-pour-agressions-sexuelles\/","title":{"rendered":"France: d\u00e9but du proc\u00e8s de Koffi Olomid\u00e9 pour agressions sexuelles","gt_translate_keys":[{"key":"rendered","format":"text"}]},"content":{"rendered":"\n<ul class=\"wp-block-list\"><li><\/li><\/ul>\n\n\n\n<p class=\"wp-block-paragraph\">L&rsquo;artiste star de la rumba congolaise Koffi Olomid\u00e9 s&rsquo;est pr\u00e9sent\u00e9 lundi devant la cour d&rsquo;appel de Versailles, en r\u00e9gion parisienne, au premier jour de son proc\u00e8s pour agressions sexuelles et s\u00e9questration sur quatre de ses danseuses entre 2002 et 2006.<\/p>\n\n\n\n<p class=\"wp-block-paragraph\">Au cours de l&rsquo;instruction, l&rsquo;absence du chanteur originaire de la R\u00e9publique D\u00e9mocratique du Congo (RDC) avait conduit la justice fran\u00e7aise \u00e0 d\u00e9livrer un mandat d&rsquo;arr\u00eat \u00e0 son encontre.<\/p>\n\n\n\n<p class=\"wp-block-paragraph\">En mars 2019, il ne s&rsquo;\u00e9tait pas pr\u00e9sent\u00e9 au tribunal pour son proc\u00e8s en premi\u00e8re instance. Il avait alors \u00e9t\u00e9 condamn\u00e9 \u00e0 deux ans de prison avec sursis pour&nbsp;<em>\u00ab\u00a0atteinte sexuelle\u00a0\u00bb<\/em>&nbsp;sur l&rsquo;une de ces jeunes femmes, d\u00e9clar\u00e9e mineure au moment des faits, et relax\u00e9 pour l&rsquo;essentiel des autres charges qui pesaient contre lui.<\/p>\n\n\n\n<p class=\"wp-block-paragraph\">Le minist\u00e8re public, qui avait requis sept ans d&#8217;emprisonnement ferme, avait fait appel.<\/p>\n\n\n\n<p class=\"wp-block-paragraph\"><strong>VOA<\/strong><\/p>\n","protected":false,"gt_translate_keys":[{"key":"rendered","format":"html"}]},"excerpt":{"rendered":"<p>L&rsquo;artiste star de la rumba congolaise Koffi Olomid\u00e9 s&rsquo;est pr\u00e9sent\u00e9 lundi devant la cour d&rsquo;appel de Versailles, en r\u00e9gion parisienne, au premier jour de son proc\u00e8s pour agressions sexuelles et s\u00e9questration sur quatre de ses danseuses entre 2002 et 2006. Au cours de l&rsquo;instruction, l&rsquo;absence du chanteur originaire de la R\u00e9publique D\u00e9mocratique du Congo (RDC) avait conduit la justice fran\u00e7aise \u00e0 d\u00e9livrer un mandat d&rsquo;arr\u00eat \u00e0 son encontre. En mars 2019, il ne s&rsquo;\u00e9tait pas pr\u00e9sent\u00e9 au tribunal pour son proc\u00e8s en premi\u00e8re instance. Il avait alors \u00e9t\u00e9 condamn\u00e9 \u00e0&hellip;<\/p>\n","protected":false,"gt_translate_keys":[{"key":"rendered","format":"html"}]},"author":1,"featured_media":14768,"comment_status":"open","ping_status":"open","sticky":false,"template":"","format":"standard","meta":{"_crdt_document":"","footnotes":""},"categories":[461],"tags":[25282],"class_list":["post-14766","post","type-post","status-publish","format-standard","has-post-thumbnail","hentry","category-justice","tag-proces-koffi-olomide"],"gutentor_comment":0,"yoast_head":"<!-- This site is optimized with the Yoast SEO plugin v27.5 - https:\/\/yoast.com\/product\/yoast-seo-wordpress\/ -->\n<title>France: d\u00e9but du proc\u00e8s de Koffi Olomid\u00e9 pour agressions sexuelles - Actualit\u00e9s congolaises et internationales<\/title>\n<meta name=\"robots\" content=\"index, follow, max-snippet:-1, max-image-preview:large, max-video-preview:-1\" \/>\n<link rel=\"canonical\" href=\"https:\/\/congovirtuel.com\/information\/france-debut-du-proces-de-koffi-olomide-pour-agressions-sexuelles\/\" \/>\n<meta property=\"og:locale\" content=\"fr_FR\" \/>\n<meta property=\"og:type\" content=\"article\" \/>\n<meta property=\"og:title\" content=\"France: d\u00e9but du proc\u00e8s de Koffi Olomid\u00e9 pour agressions sexuelles - Actualit\u00e9s congolaises et internationales\" \/>\n<meta property=\"og:description\" content=\"L&rsquo;artiste star de la rumba congolaise Koffi Olomid\u00e9 s&rsquo;est pr\u00e9sent\u00e9 lundi devant la cour d&rsquo;appel de Versailles, en r\u00e9gion parisienne, au premier jour de son proc\u00e8s pour agressions sexuelles et s\u00e9questration sur quatre de ses danseuses entre 2002 et 2006. Au cours de l&rsquo;instruction, l&rsquo;absence du chanteur originaire de la R\u00e9publique D\u00e9mocratique du Congo (RDC) avait conduit la justice fran\u00e7aise \u00e0 d\u00e9livrer un mandat d&rsquo;arr\u00eat \u00e0 son encontre. En mars 2019, il ne s&rsquo;\u00e9tait pas pr\u00e9sent\u00e9 au tribunal pour son proc\u00e8s en premi\u00e8re instance. Il avait alors \u00e9t\u00e9 condamn\u00e9 \u00e0&hellip;\" \/>\n<meta property=\"og:url\" content=\"https:\/\/congovirtuel.com\/information\/france-debut-du-proces-de-koffi-olomide-pour-agressions-sexuelles\/\" \/>\n<meta property=\"og:site_name\" content=\"Actualit\u00e9s congolaises et internationales\" \/>\n<meta property=\"article:publisher\" content=\"https:\/\/web.facebook.com\/Congovirtuel-763617960319601\/?ref=aymt_homepage_panel&amp;amp%3bamp%3bamp%3bamp%3bamp%3bamp%3bamp%3bamp%3bamp%3bamp%3bamp%3beid=ARCoxULa66767kIgF_KYav6VdjXTI4yk_LW4yoVO9s6NXpysgb7Cb65vpxcxgqzOAKvIbLQxaAETcqHT\" \/>\n<meta property=\"article:published_time\" content=\"2021-10-26T06:31:03+00:00\" \/>\n<meta property=\"article:modified_time\" content=\"2021-10-26T06:35:06+00:00\" \/>\n<meta property=\"og:image\" content=\"https:\/\/congovirtuel.com\/information\/wp-content\/uploads\/2021\/10\/Polish_20211026_072643113.jpg\" \/>\n\t<meta property=\"og:image:width\" content=\"408\" \/>\n\t<meta property=\"og:image:height\" content=\"230\" \/>\n\t<meta property=\"og:image:type\" content=\"image\/jpeg\" \/>\n<meta name=\"author\" content=\"infocongovirtuel\" \/>\n<meta name=\"twitter:card\" content=\"summary_large_image\" \/>\n<meta name=\"twitter:creator\" content=\"@congovirtuel\" \/>\n<meta name=\"twitter:site\" content=\"@congovirtuel\" \/>\n<meta name=\"twitter:label1\" content=\"\u00c9crit par\" \/>\n\t<meta name=\"twitter:data1\" content=\"infocongovirtuel\" \/>\n\t<meta name=\"twitter:label2\" content=\"Dur\u00e9e de lecture estim\u00e9e\" \/>\n\t<meta name=\"twitter:data2\" content=\"1 minute\" \/>\n<script type=\"application\/ld+json\" class=\"yoast-schema-graph\">{\"@context\":\"https:\\\/\\\/schema.org\",\"@graph\":[{\"@type\":\"Article\",\"@id\":\"https:\\\/\\\/congovirtuel.com\\\/information\\\/france-debut-du-proces-de-koffi-olomide-pour-agressions-sexuelles\\\/#article\",\"isPartOf\":{\"@id\":\"https:\\\/\\\/congovirtuel.com\\\/information\\\/france-debut-du-proces-de-koffi-olomide-pour-agressions-sexuelles\\\/\"},\"author\":{\"name\":\"infocongovirtuel\",\"@id\":\"https:\\\/\\\/congovirtuel.com\\\/information\\\/#\\\/schema\\\/person\\\/739a44bf7990966cb53d58d2fdeca0b6\"},\"headline\":\"France: d\u00e9but du proc\u00e8s de Koffi Olomid\u00e9 pour agressions sexuelles\",\"datePublished\":\"2021-10-26T06:31:03+00:00\",\"dateModified\":\"2021-10-26T06:35:06+00:00\",\"mainEntityOfPage\":{\"@id\":\"https:\\\/\\\/congovirtuel.com\\\/information\\\/france-debut-du-proces-de-koffi-olomide-pour-agressions-sexuelles\\\/\"},\"wordCount\":169,\"commentCount\":0,\"publisher\":{\"@id\":\"https:\\\/\\\/congovirtuel.com\\\/information\\\/#organization\"},\"image\":{\"@id\":\"https:\\\/\\\/congovirtuel.com\\\/information\\\/france-debut-du-proces-de-koffi-olomide-pour-agressions-sexuelles\\\/#primaryimage\"},\"thumbnailUrl\":\"https:\\\/\\\/congovirtuel.com\\\/information\\\/wp-content\\\/uploads\\\/2021\\\/10\\\/Polish_20211026_072643113.jpg\",\"keywords\":[\"Proc\u00e8s Koffi Olomide\"],\"articleSection\":[\"Justice\"],\"inLanguage\":\"fr-FR\",\"potentialAction\":[{\"@type\":\"CommentAction\",\"name\":\"Comment\",\"target\":[\"https:\\\/\\\/congovirtuel.com\\\/information\\\/france-debut-du-proces-de-koffi-olomide-pour-agressions-sexuelles\\\/#respond\"]}]},{\"@type\":\"WebPage\",\"@id\":\"https:\\\/\\\/congovirtuel.com\\\/information\\\/france-debut-du-proces-de-koffi-olomide-pour-agressions-sexuelles\\\/\",\"url\":\"https:\\\/\\\/congovirtuel.com\\\/information\\\/france-debut-du-proces-de-koffi-olomide-pour-agressions-sexuelles\\\/\",\"name\":\"France: d\u00e9but du proc\u00e8s de Koffi Olomid\u00e9 pour agressions sexuelles - Actualit\u00e9s congolaises et internationales\",\"isPartOf\":{\"@id\":\"https:\\\/\\\/congovirtuel.com\\\/information\\\/#website\"},\"primaryImageOfPage\":{\"@id\":\"https:\\\/\\\/congovirtuel.com\\\/information\\\/france-debut-du-proces-de-koffi-olomide-pour-agressions-sexuelles\\\/#primaryimage\"},\"image\":{\"@id\":\"https:\\\/\\\/congovirtuel.com\\\/information\\\/france-debut-du-proces-de-koffi-olomide-pour-agressions-sexuelles\\\/#primaryimage\"},\"thumbnailUrl\":\"https:\\\/\\\/congovirtuel.com\\\/information\\\/wp-content\\\/uploads\\\/2021\\\/10\\\/Polish_20211026_072643113.jpg\",\"datePublished\":\"2021-10-26T06:31:03+00:00\",\"dateModified\":\"2021-10-26T06:35:06+00:00\",\"breadcrumb\":{\"@id\":\"https:\\\/\\\/congovirtuel.com\\\/information\\\/france-debut-du-proces-de-koffi-olomide-pour-agressions-sexuelles\\\/#breadcrumb\"},\"inLanguage\":\"fr-FR\",\"potentialAction\":[{\"@type\":\"ReadAction\",\"target\":[\"https:\\\/\\\/congovirtuel.com\\\/information\\\/france-debut-du-proces-de-koffi-olomide-pour-agressions-sexuelles\\\/\"]}]},{\"@type\":\"ImageObject\",\"inLanguage\":\"fr-FR\",\"@id\":\"https:\\\/\\\/congovirtuel.com\\\/information\\\/france-debut-du-proces-de-koffi-olomide-pour-agressions-sexuelles\\\/#primaryimage\",\"url\":\"https:\\\/\\\/congovirtuel.com\\\/information\\\/wp-content\\\/uploads\\\/2021\\\/10\\\/Polish_20211026_072643113.jpg\",\"contentUrl\":\"https:\\\/\\\/congovirtuel.com\\\/information\\\/wp-content\\\/uploads\\\/2021\\\/10\\\/Polish_20211026_072643113.jpg\",\"width\":408,\"height\":230},{\"@type\":\"BreadcrumbList\",\"@id\":\"https:\\\/\\\/congovirtuel.com\\\/information\\\/france-debut-du-proces-de-koffi-olomide-pour-agressions-sexuelles\\\/#breadcrumb\",\"itemListElement\":[{\"@type\":\"ListItem\",\"position\":1,\"name\":\"Accueil\",\"item\":\"https:\\\/\\\/congovirtuel.com\\\/information\\\/\"},{\"@type\":\"ListItem\",\"position\":2,\"name\":\"France: d\u00e9but du proc\u00e8s de Koffi Olomid\u00e9 pour agressions sexuelles\"}]},{\"@type\":\"WebSite\",\"@id\":\"https:\\\/\\\/congovirtuel.com\\\/information\\\/#website\",\"url\":\"https:\\\/\\\/congovirtuel.com\\\/information\\\/\",\"name\":\"Actualit\u00e9s congolaises et internationales\",\"description\":\"site d&#039;analyse et de traitement d&#039;information\",\"publisher\":{\"@id\":\"https:\\\/\\\/congovirtuel.com\\\/information\\\/#organization\"},\"potentialAction\":[{\"@type\":\"SearchAction\",\"target\":{\"@type\":\"EntryPoint\",\"urlTemplate\":\"https:\\\/\\\/congovirtuel.com\\\/information\\\/?s={search_term_string}\"},\"query-input\":{\"@type\":\"PropertyValueSpecification\",\"valueRequired\":true,\"valueName\":\"search_term_string\"}}],\"inLanguage\":\"fr-FR\"},{\"@type\":\"Organization\",\"@id\":\"https:\\\/\\\/congovirtuel.com\\\/information\\\/#organization\",\"name\":\"Biblioth\u00e8que Virtuelle de la RDC\",\"url\":\"https:\\\/\\\/congovirtuel.com\\\/information\\\/\",\"logo\":{\"@type\":\"ImageObject\",\"inLanguage\":\"fr-FR\",\"@id\":\"https:\\\/\\\/congovirtuel.com\\\/information\\\/#\\\/schema\\\/logo\\\/image\\\/\",\"url\":\"https:\\\/\\\/congovirtuel.com\\\/information\\\/wp-content\\\/uploads\\\/2018\\\/10\\\/header-info-congovirtuel-vraie.jpg\",\"contentUrl\":\"https:\\\/\\\/congovirtuel.com\\\/information\\\/wp-content\\\/uploads\\\/2018\\\/10\\\/header-info-congovirtuel-vraie.jpg\",\"width\":728,\"height\":90,\"caption\":\"Biblioth\u00e8que Virtuelle de la RDC\"},\"image\":{\"@id\":\"https:\\\/\\\/congovirtuel.com\\\/information\\\/#\\\/schema\\\/logo\\\/image\\\/\"},\"sameAs\":[\"https:\\\/\\\/web.facebook.com\\\/Congovirtuel-763617960319601\\\/?ref=aymt_homepage_panel&amp;amp;amp;amp;amp;amp;amp;amp;amp;amp;amp;eid=ARCoxULa66767kIgF_KYav6VdjXTI4yk_LW4yoVO9s6NXpysgb7Cb65vpxcxgqzOAKvIbLQxaAETcqHT\",\"https:\\\/\\\/x.com\\\/congovirtuel\",\"https:\\\/\\\/www.youtube.com\\\/channel\\\/UCkFfprYzGgS3EWNpeMXpToQ?view_as=subscriber\"]},{\"@type\":\"Person\",\"@id\":\"https:\\\/\\\/congovirtuel.com\\\/information\\\/#\\\/schema\\\/person\\\/739a44bf7990966cb53d58d2fdeca0b6\",\"name\":\"infocongovirtuel\",\"image\":{\"@type\":\"ImageObject\",\"inLanguage\":\"fr-FR\",\"@id\":\"https:\\\/\\\/secure.gravatar.com\\\/avatar\\\/4d76991aa72469f0eb22e772586c99113c6997f88da636a9db8f2ce3a2c05e69?s=96&d=mm&r=g\",\"url\":\"https:\\\/\\\/secure.gravatar.com\\\/avatar\\\/4d76991aa72469f0eb22e772586c99113c6997f88da636a9db8f2ce3a2c05e69?s=96&d=mm&r=g\",\"contentUrl\":\"https:\\\/\\\/secure.gravatar.com\\\/avatar\\\/4d76991aa72469f0eb22e772586c99113c6997f88da636a9db8f2ce3a2c05e69?s=96&d=mm&r=g\",\"caption\":\"infocongovirtuel\"},\"url\":\"https:\\\/\\\/congovirtuel.com\\\/information\\\/author\\\/infocongovirtuel\\\/\"}]}<\/script>\n<!-- \/ Yoast SEO plugin. -->","yoast_head_json":{"title":"France: d\u00e9but du proc\u00e8s de Koffi Olomid\u00e9 pour agressions sexuelles - Actualit\u00e9s congolaises et internationales","robots":{"index":"index","follow":"follow","max-snippet":"max-snippet:-1","max-image-preview":"max-image-preview:large","max-video-preview":"max-video-preview:-1"},"canonical":"https:\/\/congovirtuel.com\/information\/france-debut-du-proces-de-koffi-olomide-pour-agressions-sexuelles\/","og_locale":"fr_FR","og_type":"article","og_title":"France: d\u00e9but du proc\u00e8s de Koffi Olomid\u00e9 pour agressions sexuelles - Actualit\u00e9s congolaises et internationales","og_description":"L&rsquo;artiste star de la rumba congolaise Koffi Olomid\u00e9 s&rsquo;est pr\u00e9sent\u00e9 lundi devant la cour d&rsquo;appel de Versailles, en r\u00e9gion parisienne, au premier jour de son proc\u00e8s pour agressions sexuelles et s\u00e9questration sur quatre de ses danseuses entre 2002 et 2006. Au cours de l&rsquo;instruction, l&rsquo;absence du chanteur originaire de la R\u00e9publique D\u00e9mocratique du Congo (RDC) avait conduit la justice fran\u00e7aise \u00e0 d\u00e9livrer un mandat d&rsquo;arr\u00eat \u00e0 son encontre. En mars 2019, il ne s&rsquo;\u00e9tait pas pr\u00e9sent\u00e9 au tribunal pour son proc\u00e8s en premi\u00e8re instance. Il avait alors \u00e9t\u00e9 condamn\u00e9 \u00e0&hellip;","og_url":"https:\/\/congovirtuel.com\/information\/france-debut-du-proces-de-koffi-olomide-pour-agressions-sexuelles\/","og_site_name":"Actualit\u00e9s congolaises et internationales","article_publisher":"https:\/\/web.facebook.com\/Congovirtuel-763617960319601\/?ref=aymt_homepage_panel&amp%3bamp%3bamp%3bamp%3bamp%3bamp%3bamp%3bamp%3bamp%3bamp%3bamp%3beid=ARCoxULa66767kIgF_KYav6VdjXTI4yk_LW4yoVO9s6NXpysgb7Cb65vpxcxgqzOAKvIbLQxaAETcqHT","article_published_time":"2021-10-26T06:31:03+00:00","article_modified_time":"2021-10-26T06:35:06+00:00","og_image":[{"width":408,"height":230,"url":"https:\/\/congovirtuel.com\/information\/wp-content\/uploads\/2021\/10\/Polish_20211026_072643113.jpg","type":"image\/jpeg"}],"author":"infocongovirtuel","twitter_card":"summary_large_image","twitter_creator":"@congovirtuel","twitter_site":"@congovirtuel","twitter_misc":{"\u00c9crit par":"infocongovirtuel","Dur\u00e9e de lecture estim\u00e9e":"1 minute"},"schema":{"@context":"https:\/\/schema.org","@graph":[{"@type":"Article","@id":"https:\/\/congovirtuel.com\/information\/france-debut-du-proces-de-koffi-olomide-pour-agressions-sexuelles\/#article","isPartOf":{"@id":"https:\/\/congovirtuel.com\/information\/france-debut-du-proces-de-koffi-olomide-pour-agressions-sexuelles\/"},"author":{"name":"infocongovirtuel","@id":"https:\/\/congovirtuel.com\/information\/#\/schema\/person\/739a44bf7990966cb53d58d2fdeca0b6"},"headline":"France: d\u00e9but du proc\u00e8s de Koffi Olomid\u00e9 pour agressions sexuelles","datePublished":"2021-10-26T06:31:03+00:00","dateModified":"2021-10-26T06:35:06+00:00","mainEntityOfPage":{"@id":"https:\/\/congovirtuel.com\/information\/france-debut-du-proces-de-koffi-olomide-pour-agressions-sexuelles\/"},"wordCount":169,"commentCount":0,"publisher":{"@id":"https:\/\/congovirtuel.com\/information\/#organization"},"image":{"@id":"https:\/\/congovirtuel.com\/information\/france-debut-du-proces-de-koffi-olomide-pour-agressions-sexuelles\/#primaryimage"},"thumbnailUrl":"https:\/\/congovirtuel.com\/information\/wp-content\/uploads\/2021\/10\/Polish_20211026_072643113.jpg","keywords":["Proc\u00e8s Koffi Olomide"],"articleSection":["Justice"],"inLanguage":"fr-FR","potentialAction":[{"@type":"CommentAction","name":"Comment","target":["https:\/\/congovirtuel.com\/information\/france-debut-du-proces-de-koffi-olomide-pour-agressions-sexuelles\/#respond"]}]},{"@type":"WebPage","@id":"https:\/\/congovirtuel.com\/information\/france-debut-du-proces-de-koffi-olomide-pour-agressions-sexuelles\/","url":"https:\/\/congovirtuel.com\/information\/france-debut-du-proces-de-koffi-olomide-pour-agressions-sexuelles\/","name":"France: d\u00e9but du proc\u00e8s de Koffi Olomid\u00e9 pour agressions sexuelles - Actualit\u00e9s congolaises et internationales","isPartOf":{"@id":"https:\/\/congovirtuel.com\/information\/#website"},"primaryImageOfPage":{"@id":"https:\/\/congovirtuel.com\/information\/france-debut-du-proces-de-koffi-olomide-pour-agressions-sexuelles\/#primaryimage"},"image":{"@id":"https:\/\/congovirtuel.com\/information\/france-debut-du-proces-de-koffi-olomide-pour-agressions-sexuelles\/#primaryimage"},"thumbnailUrl":"https:\/\/congovirtuel.com\/information\/wp-content\/uploads\/2021\/10\/Polish_20211026_072643113.jpg","datePublished":"2021-10-26T06:31:03+00:00","dateModified":"2021-10-26T06:35:06+00:00","breadcrumb":{"@id":"https:\/\/congovirtuel.com\/information\/france-debut-du-proces-de-koffi-olomide-pour-agressions-sexuelles\/#breadcrumb"},"inLanguage":"fr-FR","potentialAction":[{"@type":"ReadAction","target":["https:\/\/congovirtuel.com\/information\/france-debut-du-proces-de-koffi-olomide-pour-agressions-sexuelles\/"]}]},{"@type":"ImageObject","inLanguage":"fr-FR","@id":"https:\/\/congovirtuel.com\/information\/france-debut-du-proces-de-koffi-olomide-pour-agressions-sexuelles\/#primaryimage","url":"https:\/\/congovirtuel.com\/information\/wp-content\/uploads\/2021\/10\/Polish_20211026_072643113.jpg","contentUrl":"https:\/\/congovirtuel.com\/information\/wp-content\/uploads\/2021\/10\/Polish_20211026_072643113.jpg","width":408,"height":230},{"@type":"BreadcrumbList","@id":"https:\/\/congovirtuel.com\/information\/france-debut-du-proces-de-koffi-olomide-pour-agressions-sexuelles\/#breadcrumb","itemListElement":[{"@type":"ListItem","position":1,"name":"Accueil","item":"https:\/\/congovirtuel.com\/information\/"},{"@type":"ListItem","position":2,"name":"France: d\u00e9but du proc\u00e8s de Koffi Olomid\u00e9 pour agressions sexuelles"}]},{"@type":"WebSite","@id":"https:\/\/congovirtuel.com\/information\/#website","url":"https:\/\/congovirtuel.com\/information\/","name":"Actualit\u00e9s congolaises et internationales","description":"site d&#039;analyse et de traitement d&#039;information","publisher":{"@id":"https:\/\/congovirtuel.com\/information\/#organization"},"potentialAction":[{"@type":"SearchAction","target":{"@type":"EntryPoint","urlTemplate":"https:\/\/congovirtuel.com\/information\/?s={search_term_string}"},"query-input":{"@type":"PropertyValueSpecification","valueRequired":true,"valueName":"search_term_string"}}],"inLanguage":"fr-FR"},{"@type":"Organization","@id":"https:\/\/congovirtuel.com\/information\/#organization","name":"Biblioth\u00e8que Virtuelle de la RDC","url":"https:\/\/congovirtuel.com\/information\/","logo":{"@type":"ImageObject","inLanguage":"fr-FR","@id":"https:\/\/congovirtuel.com\/information\/#\/schema\/logo\/image\/","url":"https:\/\/congovirtuel.com\/information\/wp-content\/uploads\/2018\/10\/header-info-congovirtuel-vraie.jpg","contentUrl":"https:\/\/congovirtuel.com\/information\/wp-content\/uploads\/2018\/10\/header-info-congovirtuel-vraie.jpg","width":728,"height":90,"caption":"Biblioth\u00e8que Virtuelle de la RDC"},"image":{"@id":"https:\/\/congovirtuel.com\/information\/#\/schema\/logo\/image\/"},"sameAs":["https:\/\/web.facebook.com\/Congovirtuel-763617960319601\/?ref=aymt_homepage_panel&amp;amp;amp;amp;amp;amp;amp;amp;amp;amp;amp;eid=ARCoxULa66767kIgF_KYav6VdjXTI4yk_LW4yoVO9s6NXpysgb7Cb65vpxcxgqzOAKvIbLQxaAETcqHT","https:\/\/x.com\/congovirtuel","https:\/\/www.youtube.com\/channel\/UCkFfprYzGgS3EWNpeMXpToQ?view_as=subscriber"]},{"@type":"Person","@id":"https:\/\/congovirtuel.com\/information\/#\/schema\/person\/739a44bf7990966cb53d58d2fdeca0b6","name":"infocongovirtuel","image":{"@type":"ImageObject","inLanguage":"fr-FR","@id":"https:\/\/secure.gravatar.com\/avatar\/4d76991aa72469f0eb22e772586c99113c6997f88da636a9db8f2ce3a2c05e69?s=96&d=mm&r=g","url":"https:\/\/secure.gravatar.com\/avatar\/4d76991aa72469f0eb22e772586c99113c6997f88da636a9db8f2ce3a2c05e69?s=96&d=mm&r=g","contentUrl":"https:\/\/secure.gravatar.com\/avatar\/4d76991aa72469f0eb22e772586c99113c6997f88da636a9db8f2ce3a2c05e69?s=96&d=mm&r=g","caption":"infocongovirtuel"},"url":"https:\/\/congovirtuel.com\/information\/author\/infocongovirtuel\/"}]}},"gt_translate_keys":[{"key":"link","format":"url"}],"_links":{"self":[{"href":"https:\/\/congovirtuel.com\/information\/wp-json\/wp\/v2\/posts\/14766","targetHints":{"allow":["GET"]}}],"collection":[{"href":"https:\/\/congovirtuel.com\/information\/wp-json\/wp\/v2\/posts"}],"about":[{"href":"https:\/\/congovirtuel.com\/information\/wp-json\/wp\/v2\/types\/post"}],"author":[{"embeddable":true,"href":"https:\/\/congovirtuel.com\/information\/wp-json\/wp\/v2\/users\/1"}],"replies":[{"embeddable":true,"href":"https:\/\/congovirtuel.com\/information\/wp-json\/wp\/v2\/comments?post=14766"}],"version-history":[{"count":3,"href":"https:\/\/congovirtuel.com\/information\/wp-json\/wp\/v2\/posts\/14766\/revisions"}],"predecessor-version":[{"id":14774,"href":"https:\/\/congovirtuel.com\/information\/wp-json\/wp\/v2\/posts\/14766\/revisions\/14774"}],"wp:featuredmedia":[{"embeddable":true,"href":"https:\/\/congovirtuel.com\/information\/wp-json\/wp\/v2\/media\/14768"}],"wp:attachment":[{"href":"https:\/\/congovirtuel.com\/information\/wp-json\/wp\/v2\/media?parent=14766"}],"wp:term":[{"taxonomy":"category","embeddable":true,"href":"https:\/\/congovirtuel.com\/information\/wp-json\/wp\/v2\/categories?post=14766"},{"taxonomy":"post_tag","embeddable":true,"href":"https:\/\/congovirtuel.com\/information\/wp-json\/wp\/v2\/tags?post=14766"}],"curies":[{"name":"wp","href":"https:\/\/api.w.org\/{rel}","templated":true}]}}