{"id":14800,"date":"2021-10-26T13:39:52","date_gmt":"2021-10-26T12:39:52","guid":{"rendered":"https:\/\/congovirtuel.com\/information\/?p=14800"},"modified":"2021-10-26T13:39:53","modified_gmt":"2021-10-26T12:39:53","slug":"nous-sommes-fatigues-dattendre-lafrique-doit-etre-une-priorite-pour-la-cop-26-felix-tshisekedi","status":"publish","type":"post","link":"https:\/\/congovirtuel.com\/information\/nous-sommes-fatigues-dattendre-lafrique-doit-etre-une-priorite-pour-la-cop-26-felix-tshisekedi\/","title":{"rendered":"\u00ab\u00a0Nous sommes fatigu\u00e9s d&rsquo;attendre \u2014 L&rsquo;Afrique doit \u00eatre une priorit\u00e9 pour la COP 26\u00a0\u00bb (F\u00e9lix Tshisekedi)","gt_translate_keys":[{"key":"rendered","format":"text"}]},"content":{"rendered":"\n<p class=\"wp-block-paragraph\">Nous avons un plan qui aidera le continent \u00e0 s&rsquo;adapter, mais un soutien international est n\u00e9cessaire.<\/p>\n\n\n\n<p class=\"wp-block-paragraph\">Le changement climatique pourrait an\u00e9antir 15 % du PIB de l&rsquo;Afrique d&rsquo;ici 2030, poussant 100 millions de personnes suppl\u00e9mentaires dans l&rsquo;extr\u00eame pauvret\u00e9.<\/p>\n\n\n\n<p class=\"wp-block-paragraph\"><strong>L&rsquo;Afrique est fatigu\u00e9e d&rsquo;attendre<\/strong>. Pour des vaccins pour prot\u00e9ger notre peuple contre le Covid-19 ; pour que les investissements att\u00e9nuent la pire r\u00e9cession depuis 25 ans ; et pour l&rsquo;aide \u00e0 faire face aux effets de plus en plus d\u00e9vastateurs du changement climatique.<\/p>\n\n\n\n<p class=\"wp-block-paragraph\"><strong>Fatigu\u00e9s d&rsquo;attendre<\/strong>, les pays africains se sont r\u00e9unis pour concevoir un plan dirig\u00e9 et d\u00e9tenu par les Africains pour r\u00e9pondre au Covid-19 et aux urgences climatiques. C&rsquo;est radicalement diff\u00e9rent de tout ce que nous avons essay\u00e9 auparavant. D&rsquo;abord parce que les vieilles recettes du d\u00e9veloppement \u00e9conomique ont souvent contribu\u00e9 au changement climatique. Deuxi\u00e8mement, parce que les d\u00e9fis auxquels nous sommes confront\u00e9s sont d&rsquo;une telle ampleur qu&rsquo;ils n\u00e9cessitent une approche totalement nouvelle.<\/p>\n\n\n\n<p class=\"wp-block-paragraph\">Le changement climatique pourrait an\u00e9antir 15 % du produit int\u00e9rieur brut de l&rsquo;Afrique d&rsquo;ici 2030. Cela signifie 100 millions de personnes suppl\u00e9mentaires dans l&rsquo;extr\u00eame pauvret\u00e9 d&rsquo;ici la fin de la d\u00e9cennie. C&rsquo;est un sort cruel pour un continent qui contribue si peu au r\u00e9chauffement climatique.<\/p>\n\n\n\n<p class=\"wp-block-paragraph\">Notre solution consiste \u00e0 renforcer notre capacit\u00e9 \u00e0 r\u00e9agir et \u00e0 nous adapter au changement climatique. C&rsquo;est pourquoi l&rsquo;Union africaine, en collaboration avec le Centre mondial pour l&rsquo;adaptation, la Banque africaine de d\u00e9veloppement et d&rsquo;autres partenaires, approuve le Programme d&rsquo;acc\u00e9l\u00e9ration de l&rsquo;adaptation en Afrique. Le programme vise \u00e0 consacrer 12,5 milliards de dollars sur cinq ans, en plus des 12,5 milliards d\u00e9j\u00e0 promis par la Banque africaine de d\u00e9veloppement, \u00e0 la protection contre le changement climatique, \u00e0 la cr\u00e9ation de nouveaux emplois et \u00e0 la modernisation des secteurs \u00e9conomiques cl\u00e9s pour soutenir les efforts en amont d&rsquo;int\u00e9gration des investissements dans l&rsquo;adaptation au climat au niveau national. niveau. Nous savons que 25 milliards de dollars sur cinq ans ne suffisent pas pour s&rsquo;adapter pleinement. Mais c&rsquo;est un d\u00e9but.<\/p>\n\n\n\n<p class=\"wp-block-paragraph\">Les technologies et services num\u00e9riques pour les agriculteurs sont un domaine qui pr\u00e9sente un grand potentiel. La connectivit\u00e9 num\u00e9rique donne acc\u00e8s \u00e0 des conseils agricoles en temps r\u00e9el, \u00e0 des informations sur les prix du march\u00e9 et \u00e0 des pr\u00e9visions m\u00e9t\u00e9orologiques ; c&rsquo;est la passerelle vers les comptes bancaires num\u00e9riques, les pr\u00eats et l&rsquo;assurance-r\u00e9colte, et des efforts de restauration des paysages plus efficaces. La Banque africaine de d\u00e9veloppement a d\u00e9j\u00e0 aid\u00e9 19 millions d&rsquo;agriculteurs dans 27 pays \u00e0 augmenter leurs rendements de 60 % en moyenne gr\u00e2ce \u00e0 l&rsquo;application de la technologie num\u00e9rique. D\u00e9veloppez rapidement ces services et l&rsquo;Afrique sera en mesure de nourrir ses 2,5 milliards de personnes de mani\u00e8re s\u00fbre et durable d&rsquo;ici 2050. L&rsquo;application des technologies num\u00e9riques pourrait transformer les secteurs de l&rsquo;agriculture et de l&rsquo;agro-industrie en Afrique, d&rsquo;une valeur actuelle de 300 milliards de dollars, en un march\u00e9 de 1 milliard de dollars d&rsquo;ici 2030.<\/p>\n\n\n\n<p class=\"wp-block-paragraph\">Les start-up num\u00e9riques dans les services agricoles sont \u00e9galement un bon v\u00e9hicule pour l&rsquo;investissement du secteur priv\u00e9. Les rendements sont \u00e9lev\u00e9s \u2014 les services d&rsquo;information m\u00e9t\u00e9orologique et climatique sont vitaux pour le d\u00e9veloppement durable et les investissements dans les services climatologiques ont globalement un rapport co\u00fbt-b\u00e9n\u00e9fice de 1 \u00e0 10. En outre, ils attirent beaucoup les jeunes et constituent une nouvelle source d&#8217;emploi prometteuse.<\/p>\n\n\n\n<p class=\"wp-block-paragraph\">De nouveaux instruments financiers tels que les obligations vertes pourraient aider \u00e0 soutenir l&rsquo;investissement dans des infrastructures r\u00e9silientes. La plupart des infrastructures africaines n&rsquo;\u00e9tant pas encore construites, rendre les infrastructures du continent r\u00e9silientes n&rsquo;ajoute en moyenne que 3 % aux co\u00fbts totaux. Pourtant, chaque dollar d\u00e9pens\u00e9 en infrastructure pourrait rapporter 4 $ d&rsquo;avantages \u00e9conomiques plus larges. C&rsquo;est tout simplement de bons maths.<\/p>\n\n\n\n<p class=\"wp-block-paragraph\">\u00c0 l&rsquo;approche du sommet sur le climat COP26 \u00e0 Glasgow, certaines des nations les plus riches du monde promettent de tenir leur promesse de 2009 de d\u00e9penser 100 milliards de dollars par an pour att\u00e9nuer le changement climatique dans le monde en d\u00e9veloppement.<\/p>\n\n\n\n<p class=\"wp-block-paragraph\">Nous savons qu&rsquo;ils ont de nombreuses options, mais l&rsquo;Union africaine les exhorte \u00e0 envisager de financer d&rsquo;abord notre programme d&rsquo;adaptation. Parce que c&rsquo;est le plan de l&rsquo;Afrique, et parce que ses objectifs sont r\u00e9alistes, n\u00e9cessaires et r\u00e9alisables. Cinq milliards de dollars par an, c&rsquo;est un petit changement &#8211; le monde a d\u00e9pens\u00e9 20 milliards de dollars pour lutter contre Covid-19 &#8211; mais la cl\u00e9 est que ce capital initial aidera l&rsquo;Afrique \u00e0 cr\u00e9er beaucoup plus, gr\u00e2ce \u00e0 de nouveaux instruments financiers et en r\u00e9duisant les risques de projets de r\u00e9silience pour attirer investisseurs priv\u00e9s. Par exemple, l&rsquo;Afrique continue de rattraper son retard en ce qui concerne le financement des obligations vertes, levant moins de 8 milliards de dollars sur un total mondial de 539 milliards de dollars en 2020.<\/p>\n\n\n\n<p class=\"wp-block-paragraph\">Vingt-cinq milliards de dollars sur cinq ans, c&rsquo;est une goutte dans l&rsquo;oc\u00e9an par rapport aux d\u00e9fis auxquels nous sommes confront\u00e9s. Mais nous pensons que c&rsquo;est le plancher, et non un plafond, pour le financement de l&rsquo;adaptation. Pour lutter avec succ\u00e8s contre le changement climatique, apr\u00e8s la COP26, il doit y avoir un plan clair pour d\u00e9ployer les \u00e9normes ressources n\u00e9cessaires. L&rsquo;Union africaine consid\u00e8re le plan d&rsquo;adaptation comme central \u00e0 cet \u00e9gard. Ce qu&rsquo;il faut, ce sont des actions mondiales et des engagements fermes en mati\u00e8re de ressources.<\/p>\n\n\n\n<p class=\"wp-block-paragraph\">Rappelons-nous que les \u00e9cosyst\u00e8mes africains fournissent gratuitement des services cruciaux au monde. Les for\u00eats et les oc\u00e9ans africains servent de puits de carbone naturels. Il est temps que l&rsquo;Afrique soit d\u00e9dommag\u00e9e, pour le bien du continent et de la plan\u00e8te. Nous avons assez attendu.<\/p>\n\n\n\n<p class=\"wp-block-paragraph\"><strong><em>F\u00e9lix Tshisekedi<\/em><\/strong><\/p>\n\n\n\n<p class=\"wp-block-paragraph\"><strong><em>&nbsp;Pr\u00e9sident de la R\u00e9publique d\u00e9mocratique du Congo et pr\u00e9sident de l&rsquo;Union africaine<\/em><\/strong><\/p>\n","protected":false,"gt_translate_keys":[{"key":"rendered","format":"html"}]},"excerpt":{"rendered":"<p>Nous avons un plan qui aidera le continent \u00e0 s&rsquo;adapter, mais un soutien international est n\u00e9cessaire. Le changement climatique pourrait an\u00e9antir 15 % du PIB de l&rsquo;Afrique d&rsquo;ici 2030, poussant 100 millions de personnes suppl\u00e9mentaires dans l&rsquo;extr\u00eame pauvret\u00e9. L&rsquo;Afrique est fatigu\u00e9e d&rsquo;attendre. Pour des vaccins pour prot\u00e9ger notre peuple contre le Covid-19 ; pour que les investissements att\u00e9nuent la pire r\u00e9cession depuis 25 ans ; et pour l&rsquo;aide \u00e0 faire face aux effets de plus en plus d\u00e9vastateurs du changement climatique. Fatigu\u00e9s d&rsquo;attendre, les pays africains se sont r\u00e9unis pour&hellip;<\/p>\n","protected":false,"gt_translate_keys":[{"key":"rendered","format":"html"}]},"author":1,"featured_media":13992,"comment_status":"open","ping_status":"open","sticky":false,"template":"","format":"standard","meta":{"_crdt_document":"","footnotes":""},"categories":[22],"tags":[25432],"class_list":["post-14800","post","type-post","status-publish","format-standard","has-post-thumbnail","hentry","category-climat","tag-tshisekedi-cop-26"],"gutentor_comment":0,"yoast_head":"<!-- This site is optimized with the Yoast SEO plugin v27.5 - https:\/\/yoast.com\/product\/yoast-seo-wordpress\/ -->\n<title>&quot;Nous sommes fatigu\u00e9s d&#039;attendre \u2014 L&#039;Afrique doit \u00eatre une priorit\u00e9 pour la COP 26&quot; (F\u00e9lix Tshisekedi) - Actualit\u00e9s congolaises et internationales<\/title>\n<meta name=\"robots\" content=\"index, follow, max-snippet:-1, max-image-preview:large, max-video-preview:-1\" \/>\n<link rel=\"canonical\" href=\"https:\/\/congovirtuel.com\/information\/nous-sommes-fatigues-dattendre-lafrique-doit-etre-une-priorite-pour-la-cop-26-felix-tshisekedi\/\" \/>\n<meta property=\"og:locale\" content=\"fr_FR\" \/>\n<meta property=\"og:type\" content=\"article\" \/>\n<meta property=\"og:title\" content=\"&quot;Nous sommes fatigu\u00e9s d&#039;attendre \u2014 L&#039;Afrique doit \u00eatre une priorit\u00e9 pour la COP 26&quot; (F\u00e9lix Tshisekedi) - Actualit\u00e9s congolaises et internationales\" \/>\n<meta property=\"og:description\" content=\"Nous avons un plan qui aidera le continent \u00e0 s&rsquo;adapter, mais un soutien international est n\u00e9cessaire. Le changement climatique pourrait an\u00e9antir 15 % du PIB de l&rsquo;Afrique d&rsquo;ici 2030, poussant 100 millions de personnes suppl\u00e9mentaires dans l&rsquo;extr\u00eame pauvret\u00e9. L&rsquo;Afrique est fatigu\u00e9e d&rsquo;attendre. Pour des vaccins pour prot\u00e9ger notre peuple contre le Covid-19 ; pour que les investissements att\u00e9nuent la pire r\u00e9cession depuis 25 ans ; et pour l&rsquo;aide \u00e0 faire face aux effets de plus en plus d\u00e9vastateurs du changement climatique. Fatigu\u00e9s d&rsquo;attendre, les pays africains se sont r\u00e9unis pour&hellip;\" \/>\n<meta property=\"og:url\" content=\"https:\/\/congovirtuel.com\/information\/nous-sommes-fatigues-dattendre-lafrique-doit-etre-une-priorite-pour-la-cop-26-felix-tshisekedi\/\" \/>\n<meta property=\"og:site_name\" content=\"Actualit\u00e9s congolaises et internationales\" \/>\n<meta property=\"article:publisher\" content=\"https:\/\/web.facebook.com\/Congovirtuel-763617960319601\/?ref=aymt_homepage_panel&amp;amp%3bamp%3bamp%3bamp%3bamp%3bamp%3bamp%3bamp%3bamp%3bamp%3bamp%3beid=ARCoxULa66767kIgF_KYav6VdjXTI4yk_LW4yoVO9s6NXpysgb7Cb65vpxcxgqzOAKvIbLQxaAETcqHT\" \/>\n<meta property=\"article:published_time\" content=\"2021-10-26T12:39:52+00:00\" \/>\n<meta property=\"article:modified_time\" content=\"2021-10-26T12:39:53+00:00\" \/>\n<meta property=\"og:image\" content=\"https:\/\/congovirtuel.com\/information\/wp-content\/uploads\/2021\/09\/Tshisekedi_ONU.jpg\" \/>\n\t<meta property=\"og:image:width\" content=\"696\" \/>\n\t<meta property=\"og:image:height\" content=\"392\" \/>\n\t<meta property=\"og:image:type\" content=\"image\/jpeg\" \/>\n<meta name=\"author\" content=\"infocongovirtuel\" \/>\n<meta name=\"twitter:card\" content=\"summary_large_image\" \/>\n<meta name=\"twitter:creator\" content=\"@congovirtuel\" \/>\n<meta name=\"twitter:site\" content=\"@congovirtuel\" \/>\n<meta name=\"twitter:label1\" content=\"\u00c9crit par\" \/>\n\t<meta name=\"twitter:data1\" content=\"infocongovirtuel\" \/>\n\t<meta name=\"twitter:label2\" content=\"Dur\u00e9e de lecture estim\u00e9e\" \/>\n\t<meta name=\"twitter:data2\" content=\"4 minutes\" \/>\n<script type=\"application\/ld+json\" class=\"yoast-schema-graph\">{\"@context\":\"https:\\\/\\\/schema.org\",\"@graph\":[{\"@type\":\"Article\",\"@id\":\"https:\\\/\\\/congovirtuel.com\\\/information\\\/nous-sommes-fatigues-dattendre-lafrique-doit-etre-une-priorite-pour-la-cop-26-felix-tshisekedi\\\/#article\",\"isPartOf\":{\"@id\":\"https:\\\/\\\/congovirtuel.com\\\/information\\\/nous-sommes-fatigues-dattendre-lafrique-doit-etre-une-priorite-pour-la-cop-26-felix-tshisekedi\\\/\"},\"author\":{\"name\":\"infocongovirtuel\",\"@id\":\"https:\\\/\\\/congovirtuel.com\\\/information\\\/#\\\/schema\\\/person\\\/739a44bf7990966cb53d58d2fdeca0b6\"},\"headline\":\"\u00ab\u00a0Nous sommes fatigu\u00e9s d&rsquo;attendre \u2014 L&rsquo;Afrique doit \u00eatre une priorit\u00e9 pour la COP 26\u00a0\u00bb (F\u00e9lix Tshisekedi)\",\"datePublished\":\"2021-10-26T12:39:52+00:00\",\"dateModified\":\"2021-10-26T12:39:53+00:00\",\"mainEntityOfPage\":{\"@id\":\"https:\\\/\\\/congovirtuel.com\\\/information\\\/nous-sommes-fatigues-dattendre-lafrique-doit-etre-une-priorite-pour-la-cop-26-felix-tshisekedi\\\/\"},\"wordCount\":1040,\"commentCount\":0,\"publisher\":{\"@id\":\"https:\\\/\\\/congovirtuel.com\\\/information\\\/#organization\"},\"image\":{\"@id\":\"https:\\\/\\\/congovirtuel.com\\\/information\\\/nous-sommes-fatigues-dattendre-lafrique-doit-etre-une-priorite-pour-la-cop-26-felix-tshisekedi\\\/#primaryimage\"},\"thumbnailUrl\":\"https:\\\/\\\/congovirtuel.com\\\/information\\\/wp-content\\\/uploads\\\/2021\\\/09\\\/Tshisekedi_ONU.jpg\",\"keywords\":[\"Tshisekedi Cop 26\"],\"articleSection\":[\"Climat\"],\"inLanguage\":\"fr-FR\",\"potentialAction\":[{\"@type\":\"CommentAction\",\"name\":\"Comment\",\"target\":[\"https:\\\/\\\/congovirtuel.com\\\/information\\\/nous-sommes-fatigues-dattendre-lafrique-doit-etre-une-priorite-pour-la-cop-26-felix-tshisekedi\\\/#respond\"]}]},{\"@type\":\"WebPage\",\"@id\":\"https:\\\/\\\/congovirtuel.com\\\/information\\\/nous-sommes-fatigues-dattendre-lafrique-doit-etre-une-priorite-pour-la-cop-26-felix-tshisekedi\\\/\",\"url\":\"https:\\\/\\\/congovirtuel.com\\\/information\\\/nous-sommes-fatigues-dattendre-lafrique-doit-etre-une-priorite-pour-la-cop-26-felix-tshisekedi\\\/\",\"name\":\"\\\"Nous sommes fatigu\u00e9s d'attendre \u2014 L'Afrique doit \u00eatre une priorit\u00e9 pour la COP 26\\\" (F\u00e9lix Tshisekedi) - Actualit\u00e9s congolaises et internationales\",\"isPartOf\":{\"@id\":\"https:\\\/\\\/congovirtuel.com\\\/information\\\/#website\"},\"primaryImageOfPage\":{\"@id\":\"https:\\\/\\\/congovirtuel.com\\\/information\\\/nous-sommes-fatigues-dattendre-lafrique-doit-etre-une-priorite-pour-la-cop-26-felix-tshisekedi\\\/#primaryimage\"},\"image\":{\"@id\":\"https:\\\/\\\/congovirtuel.com\\\/information\\\/nous-sommes-fatigues-dattendre-lafrique-doit-etre-une-priorite-pour-la-cop-26-felix-tshisekedi\\\/#primaryimage\"},\"thumbnailUrl\":\"https:\\\/\\\/congovirtuel.com\\\/information\\\/wp-content\\\/uploads\\\/2021\\\/09\\\/Tshisekedi_ONU.jpg\",\"datePublished\":\"2021-10-26T12:39:52+00:00\",\"dateModified\":\"2021-10-26T12:39:53+00:00\",\"breadcrumb\":{\"@id\":\"https:\\\/\\\/congovirtuel.com\\\/information\\\/nous-sommes-fatigues-dattendre-lafrique-doit-etre-une-priorite-pour-la-cop-26-felix-tshisekedi\\\/#breadcrumb\"},\"inLanguage\":\"fr-FR\",\"potentialAction\":[{\"@type\":\"ReadAction\",\"target\":[\"https:\\\/\\\/congovirtuel.com\\\/information\\\/nous-sommes-fatigues-dattendre-lafrique-doit-etre-une-priorite-pour-la-cop-26-felix-tshisekedi\\\/\"]}]},{\"@type\":\"ImageObject\",\"inLanguage\":\"fr-FR\",\"@id\":\"https:\\\/\\\/congovirtuel.com\\\/information\\\/nous-sommes-fatigues-dattendre-lafrique-doit-etre-une-priorite-pour-la-cop-26-felix-tshisekedi\\\/#primaryimage\",\"url\":\"https:\\\/\\\/congovirtuel.com\\\/information\\\/wp-content\\\/uploads\\\/2021\\\/09\\\/Tshisekedi_ONU.jpg\",\"contentUrl\":\"https:\\\/\\\/congovirtuel.com\\\/information\\\/wp-content\\\/uploads\\\/2021\\\/09\\\/Tshisekedi_ONU.jpg\",\"width\":696,\"height\":392},{\"@type\":\"BreadcrumbList\",\"@id\":\"https:\\\/\\\/congovirtuel.com\\\/information\\\/nous-sommes-fatigues-dattendre-lafrique-doit-etre-une-priorite-pour-la-cop-26-felix-tshisekedi\\\/#breadcrumb\",\"itemListElement\":[{\"@type\":\"ListItem\",\"position\":1,\"name\":\"Accueil\",\"item\":\"https:\\\/\\\/congovirtuel.com\\\/information\\\/\"},{\"@type\":\"ListItem\",\"position\":2,\"name\":\"\u00ab\u00a0Nous sommes fatigu\u00e9s d&rsquo;attendre \u2014 L&rsquo;Afrique doit \u00eatre une priorit\u00e9 pour la COP 26\u00a0\u00bb (F\u00e9lix Tshisekedi)\"}]},{\"@type\":\"WebSite\",\"@id\":\"https:\\\/\\\/congovirtuel.com\\\/information\\\/#website\",\"url\":\"https:\\\/\\\/congovirtuel.com\\\/information\\\/\",\"name\":\"Actualit\u00e9s congolaises et internationales\",\"description\":\"site d&#039;analyse et de traitement d&#039;information\",\"publisher\":{\"@id\":\"https:\\\/\\\/congovirtuel.com\\\/information\\\/#organization\"},\"potentialAction\":[{\"@type\":\"SearchAction\",\"target\":{\"@type\":\"EntryPoint\",\"urlTemplate\":\"https:\\\/\\\/congovirtuel.com\\\/information\\\/?s={search_term_string}\"},\"query-input\":{\"@type\":\"PropertyValueSpecification\",\"valueRequired\":true,\"valueName\":\"search_term_string\"}}],\"inLanguage\":\"fr-FR\"},{\"@type\":\"Organization\",\"@id\":\"https:\\\/\\\/congovirtuel.com\\\/information\\\/#organization\",\"name\":\"Biblioth\u00e8que Virtuelle de la RDC\",\"url\":\"https:\\\/\\\/congovirtuel.com\\\/information\\\/\",\"logo\":{\"@type\":\"ImageObject\",\"inLanguage\":\"fr-FR\",\"@id\":\"https:\\\/\\\/congovirtuel.com\\\/information\\\/#\\\/schema\\\/logo\\\/image\\\/\",\"url\":\"https:\\\/\\\/congovirtuel.com\\\/information\\\/wp-content\\\/uploads\\\/2018\\\/10\\\/header-info-congovirtuel-vraie.jpg\",\"contentUrl\":\"https:\\\/\\\/congovirtuel.com\\\/information\\\/wp-content\\\/uploads\\\/2018\\\/10\\\/header-info-congovirtuel-vraie.jpg\",\"width\":728,\"height\":90,\"caption\":\"Biblioth\u00e8que Virtuelle de la RDC\"},\"image\":{\"@id\":\"https:\\\/\\\/congovirtuel.com\\\/information\\\/#\\\/schema\\\/logo\\\/image\\\/\"},\"sameAs\":[\"https:\\\/\\\/web.facebook.com\\\/Congovirtuel-763617960319601\\\/?ref=aymt_homepage_panel&amp;amp;amp;amp;amp;amp;amp;amp;amp;amp;amp;eid=ARCoxULa66767kIgF_KYav6VdjXTI4yk_LW4yoVO9s6NXpysgb7Cb65vpxcxgqzOAKvIbLQxaAETcqHT\",\"https:\\\/\\\/x.com\\\/congovirtuel\",\"https:\\\/\\\/www.youtube.com\\\/channel\\\/UCkFfprYzGgS3EWNpeMXpToQ?view_as=subscriber\"]},{\"@type\":\"Person\",\"@id\":\"https:\\\/\\\/congovirtuel.com\\\/information\\\/#\\\/schema\\\/person\\\/739a44bf7990966cb53d58d2fdeca0b6\",\"name\":\"infocongovirtuel\",\"image\":{\"@type\":\"ImageObject\",\"inLanguage\":\"fr-FR\",\"@id\":\"https:\\\/\\\/secure.gravatar.com\\\/avatar\\\/4d76991aa72469f0eb22e772586c99113c6997f88da636a9db8f2ce3a2c05e69?s=96&d=mm&r=g\",\"url\":\"https:\\\/\\\/secure.gravatar.com\\\/avatar\\\/4d76991aa72469f0eb22e772586c99113c6997f88da636a9db8f2ce3a2c05e69?s=96&d=mm&r=g\",\"contentUrl\":\"https:\\\/\\\/secure.gravatar.com\\\/avatar\\\/4d76991aa72469f0eb22e772586c99113c6997f88da636a9db8f2ce3a2c05e69?s=96&d=mm&r=g\",\"caption\":\"infocongovirtuel\"},\"url\":\"https:\\\/\\\/congovirtuel.com\\\/information\\\/author\\\/infocongovirtuel\\\/\"}]}<\/script>\n<!-- \/ Yoast SEO plugin. -->","yoast_head_json":{"title":"\"Nous sommes fatigu\u00e9s d'attendre \u2014 L'Afrique doit \u00eatre une priorit\u00e9 pour la COP 26\" (F\u00e9lix Tshisekedi) - Actualit\u00e9s congolaises et internationales","robots":{"index":"index","follow":"follow","max-snippet":"max-snippet:-1","max-image-preview":"max-image-preview:large","max-video-preview":"max-video-preview:-1"},"canonical":"https:\/\/congovirtuel.com\/information\/nous-sommes-fatigues-dattendre-lafrique-doit-etre-une-priorite-pour-la-cop-26-felix-tshisekedi\/","og_locale":"fr_FR","og_type":"article","og_title":"\"Nous sommes fatigu\u00e9s d'attendre \u2014 L'Afrique doit \u00eatre une priorit\u00e9 pour la COP 26\" (F\u00e9lix Tshisekedi) - Actualit\u00e9s congolaises et internationales","og_description":"Nous avons un plan qui aidera le continent \u00e0 s&rsquo;adapter, mais un soutien international est n\u00e9cessaire. Le changement climatique pourrait an\u00e9antir 15 % du PIB de l&rsquo;Afrique d&rsquo;ici 2030, poussant 100 millions de personnes suppl\u00e9mentaires dans l&rsquo;extr\u00eame pauvret\u00e9. L&rsquo;Afrique est fatigu\u00e9e d&rsquo;attendre. Pour des vaccins pour prot\u00e9ger notre peuple contre le Covid-19 ; pour que les investissements att\u00e9nuent la pire r\u00e9cession depuis 25 ans ; et pour l&rsquo;aide \u00e0 faire face aux effets de plus en plus d\u00e9vastateurs du changement climatique. Fatigu\u00e9s d&rsquo;attendre, les pays africains se sont r\u00e9unis pour&hellip;","og_url":"https:\/\/congovirtuel.com\/information\/nous-sommes-fatigues-dattendre-lafrique-doit-etre-une-priorite-pour-la-cop-26-felix-tshisekedi\/","og_site_name":"Actualit\u00e9s congolaises et internationales","article_publisher":"https:\/\/web.facebook.com\/Congovirtuel-763617960319601\/?ref=aymt_homepage_panel&amp%3bamp%3bamp%3bamp%3bamp%3bamp%3bamp%3bamp%3bamp%3bamp%3bamp%3beid=ARCoxULa66767kIgF_KYav6VdjXTI4yk_LW4yoVO9s6NXpysgb7Cb65vpxcxgqzOAKvIbLQxaAETcqHT","article_published_time":"2021-10-26T12:39:52+00:00","article_modified_time":"2021-10-26T12:39:53+00:00","og_image":[{"width":696,"height":392,"url":"https:\/\/congovirtuel.com\/information\/wp-content\/uploads\/2021\/09\/Tshisekedi_ONU.jpg","type":"image\/jpeg"}],"author":"infocongovirtuel","twitter_card":"summary_large_image","twitter_creator":"@congovirtuel","twitter_site":"@congovirtuel","twitter_misc":{"\u00c9crit par":"infocongovirtuel","Dur\u00e9e de lecture estim\u00e9e":"4 minutes"},"schema":{"@context":"https:\/\/schema.org","@graph":[{"@type":"Article","@id":"https:\/\/congovirtuel.com\/information\/nous-sommes-fatigues-dattendre-lafrique-doit-etre-une-priorite-pour-la-cop-26-felix-tshisekedi\/#article","isPartOf":{"@id":"https:\/\/congovirtuel.com\/information\/nous-sommes-fatigues-dattendre-lafrique-doit-etre-une-priorite-pour-la-cop-26-felix-tshisekedi\/"},"author":{"name":"infocongovirtuel","@id":"https:\/\/congovirtuel.com\/information\/#\/schema\/person\/739a44bf7990966cb53d58d2fdeca0b6"},"headline":"\u00ab\u00a0Nous sommes fatigu\u00e9s d&rsquo;attendre \u2014 L&rsquo;Afrique doit \u00eatre une priorit\u00e9 pour la COP 26\u00a0\u00bb (F\u00e9lix Tshisekedi)","datePublished":"2021-10-26T12:39:52+00:00","dateModified":"2021-10-26T12:39:53+00:00","mainEntityOfPage":{"@id":"https:\/\/congovirtuel.com\/information\/nous-sommes-fatigues-dattendre-lafrique-doit-etre-une-priorite-pour-la-cop-26-felix-tshisekedi\/"},"wordCount":1040,"commentCount":0,"publisher":{"@id":"https:\/\/congovirtuel.com\/information\/#organization"},"image":{"@id":"https:\/\/congovirtuel.com\/information\/nous-sommes-fatigues-dattendre-lafrique-doit-etre-une-priorite-pour-la-cop-26-felix-tshisekedi\/#primaryimage"},"thumbnailUrl":"https:\/\/congovirtuel.com\/information\/wp-content\/uploads\/2021\/09\/Tshisekedi_ONU.jpg","keywords":["Tshisekedi Cop 26"],"articleSection":["Climat"],"inLanguage":"fr-FR","potentialAction":[{"@type":"CommentAction","name":"Comment","target":["https:\/\/congovirtuel.com\/information\/nous-sommes-fatigues-dattendre-lafrique-doit-etre-une-priorite-pour-la-cop-26-felix-tshisekedi\/#respond"]}]},{"@type":"WebPage","@id":"https:\/\/congovirtuel.com\/information\/nous-sommes-fatigues-dattendre-lafrique-doit-etre-une-priorite-pour-la-cop-26-felix-tshisekedi\/","url":"https:\/\/congovirtuel.com\/information\/nous-sommes-fatigues-dattendre-lafrique-doit-etre-une-priorite-pour-la-cop-26-felix-tshisekedi\/","name":"\"Nous sommes fatigu\u00e9s d'attendre \u2014 L'Afrique doit \u00eatre une priorit\u00e9 pour la COP 26\" (F\u00e9lix Tshisekedi) - Actualit\u00e9s congolaises et internationales","isPartOf":{"@id":"https:\/\/congovirtuel.com\/information\/#website"},"primaryImageOfPage":{"@id":"https:\/\/congovirtuel.com\/information\/nous-sommes-fatigues-dattendre-lafrique-doit-etre-une-priorite-pour-la-cop-26-felix-tshisekedi\/#primaryimage"},"image":{"@id":"https:\/\/congovirtuel.com\/information\/nous-sommes-fatigues-dattendre-lafrique-doit-etre-une-priorite-pour-la-cop-26-felix-tshisekedi\/#primaryimage"},"thumbnailUrl":"https:\/\/congovirtuel.com\/information\/wp-content\/uploads\/2021\/09\/Tshisekedi_ONU.jpg","datePublished":"2021-10-26T12:39:52+00:00","dateModified":"2021-10-26T12:39:53+00:00","breadcrumb":{"@id":"https:\/\/congovirtuel.com\/information\/nous-sommes-fatigues-dattendre-lafrique-doit-etre-une-priorite-pour-la-cop-26-felix-tshisekedi\/#breadcrumb"},"inLanguage":"fr-FR","potentialAction":[{"@type":"ReadAction","target":["https:\/\/congovirtuel.com\/information\/nous-sommes-fatigues-dattendre-lafrique-doit-etre-une-priorite-pour-la-cop-26-felix-tshisekedi\/"]}]},{"@type":"ImageObject","inLanguage":"fr-FR","@id":"https:\/\/congovirtuel.com\/information\/nous-sommes-fatigues-dattendre-lafrique-doit-etre-une-priorite-pour-la-cop-26-felix-tshisekedi\/#primaryimage","url":"https:\/\/congovirtuel.com\/information\/wp-content\/uploads\/2021\/09\/Tshisekedi_ONU.jpg","contentUrl":"https:\/\/congovirtuel.com\/information\/wp-content\/uploads\/2021\/09\/Tshisekedi_ONU.jpg","width":696,"height":392},{"@type":"BreadcrumbList","@id":"https:\/\/congovirtuel.com\/information\/nous-sommes-fatigues-dattendre-lafrique-doit-etre-une-priorite-pour-la-cop-26-felix-tshisekedi\/#breadcrumb","itemListElement":[{"@type":"ListItem","position":1,"name":"Accueil","item":"https:\/\/congovirtuel.com\/information\/"},{"@type":"ListItem","position":2,"name":"\u00ab\u00a0Nous sommes fatigu\u00e9s d&rsquo;attendre \u2014 L&rsquo;Afrique doit \u00eatre une priorit\u00e9 pour la COP 26\u00a0\u00bb (F\u00e9lix Tshisekedi)"}]},{"@type":"WebSite","@id":"https:\/\/congovirtuel.com\/information\/#website","url":"https:\/\/congovirtuel.com\/information\/","name":"Actualit\u00e9s congolaises et internationales","description":"site d&#039;analyse et de traitement d&#039;information","publisher":{"@id":"https:\/\/congovirtuel.com\/information\/#organization"},"potentialAction":[{"@type":"SearchAction","target":{"@type":"EntryPoint","urlTemplate":"https:\/\/congovirtuel.com\/information\/?s={search_term_string}"},"query-input":{"@type":"PropertyValueSpecification","valueRequired":true,"valueName":"search_term_string"}}],"inLanguage":"fr-FR"},{"@type":"Organization","@id":"https:\/\/congovirtuel.com\/information\/#organization","name":"Biblioth\u00e8que Virtuelle de la RDC","url":"https:\/\/congovirtuel.com\/information\/","logo":{"@type":"ImageObject","inLanguage":"fr-FR","@id":"https:\/\/congovirtuel.com\/information\/#\/schema\/logo\/image\/","url":"https:\/\/congovirtuel.com\/information\/wp-content\/uploads\/2018\/10\/header-info-congovirtuel-vraie.jpg","contentUrl":"https:\/\/congovirtuel.com\/information\/wp-content\/uploads\/2018\/10\/header-info-congovirtuel-vraie.jpg","width":728,"height":90,"caption":"Biblioth\u00e8que Virtuelle de la RDC"},"image":{"@id":"https:\/\/congovirtuel.com\/information\/#\/schema\/logo\/image\/"},"sameAs":["https:\/\/web.facebook.com\/Congovirtuel-763617960319601\/?ref=aymt_homepage_panel&amp;amp;amp;amp;amp;amp;amp;amp;amp;amp;amp;eid=ARCoxULa66767kIgF_KYav6VdjXTI4yk_LW4yoVO9s6NXpysgb7Cb65vpxcxgqzOAKvIbLQxaAETcqHT","https:\/\/x.com\/congovirtuel","https:\/\/www.youtube.com\/channel\/UCkFfprYzGgS3EWNpeMXpToQ?view_as=subscriber"]},{"@type":"Person","@id":"https:\/\/congovirtuel.com\/information\/#\/schema\/person\/739a44bf7990966cb53d58d2fdeca0b6","name":"infocongovirtuel","image":{"@type":"ImageObject","inLanguage":"fr-FR","@id":"https:\/\/secure.gravatar.com\/avatar\/4d76991aa72469f0eb22e772586c99113c6997f88da636a9db8f2ce3a2c05e69?s=96&d=mm&r=g","url":"https:\/\/secure.gravatar.com\/avatar\/4d76991aa72469f0eb22e772586c99113c6997f88da636a9db8f2ce3a2c05e69?s=96&d=mm&r=g","contentUrl":"https:\/\/secure.gravatar.com\/avatar\/4d76991aa72469f0eb22e772586c99113c6997f88da636a9db8f2ce3a2c05e69?s=96&d=mm&r=g","caption":"infocongovirtuel"},"url":"https:\/\/congovirtuel.com\/information\/author\/infocongovirtuel\/"}]}},"gt_translate_keys":[{"key":"link","format":"url"}],"_links":{"self":[{"href":"https:\/\/congovirtuel.com\/information\/wp-json\/wp\/v2\/posts\/14800","targetHints":{"allow":["GET"]}}],"collection":[{"href":"https:\/\/congovirtuel.com\/information\/wp-json\/wp\/v2\/posts"}],"about":[{"href":"https:\/\/congovirtuel.com\/information\/wp-json\/wp\/v2\/types\/post"}],"author":[{"embeddable":true,"href":"https:\/\/congovirtuel.com\/information\/wp-json\/wp\/v2\/users\/1"}],"replies":[{"embeddable":true,"href":"https:\/\/congovirtuel.com\/information\/wp-json\/wp\/v2\/comments?post=14800"}],"version-history":[{"count":1,"href":"https:\/\/congovirtuel.com\/information\/wp-json\/wp\/v2\/posts\/14800\/revisions"}],"predecessor-version":[{"id":14802,"href":"https:\/\/congovirtuel.com\/information\/wp-json\/wp\/v2\/posts\/14800\/revisions\/14802"}],"wp:featuredmedia":[{"embeddable":true,"href":"https:\/\/congovirtuel.com\/information\/wp-json\/wp\/v2\/media\/13992"}],"wp:attachment":[{"href":"https:\/\/congovirtuel.com\/information\/wp-json\/wp\/v2\/media?parent=14800"}],"wp:term":[{"taxonomy":"category","embeddable":true,"href":"https:\/\/congovirtuel.com\/information\/wp-json\/wp\/v2\/categories?post=14800"},{"taxonomy":"post_tag","embeddable":true,"href":"https:\/\/congovirtuel.com\/information\/wp-json\/wp\/v2\/tags?post=14800"}],"curies":[{"name":"wp","href":"https:\/\/api.w.org\/{rel}","templated":true}]}}