{"id":14804,"date":"2021-10-26T14:19:30","date_gmt":"2021-10-26T13:19:30","guid":{"rendered":"https:\/\/congovirtuel.com\/information\/?p=14804"},"modified":"2021-10-26T14:19:32","modified_gmt":"2021-10-26T13:19:32","slug":"comment-christophe-lutundula-a-protege-laccreditation-disrael-a-lunion-africaine","status":"publish","type":"post","link":"https:\/\/congovirtuel.com\/information\/comment-christophe-lutundula-a-protege-laccreditation-disrael-a-lunion-africaine\/","title":{"rendered":"Comment Christophe Lutundula a prot\u00e9g\u00e9 l&rsquo;accr\u00e9ditation d&rsquo;Isra\u00ebl a l&rsquo;Union Africaine","gt_translate_keys":[{"key":"rendered","format":"text"}]},"content":{"rendered":"\n<p class=\"wp-block-paragraph\">&nbsp;Isra\u00ebl conservera l&rsquo;accr\u00e9ditation de l&rsquo;Union africaine pour le moment, mais son adh\u00e9sion a polaris\u00e9 l&rsquo;opinion au sein de l&rsquo;organe continental africain.<\/p>\n\n\n\n<p class=\"wp-block-paragraph\">L&rsquo; accr\u00e9ditation d&rsquo; Isra\u00ebl aupr\u00e8s de l&rsquo;Union africaine (UA) a divis\u00e9 l&rsquo;organe continental en une division Nord\/Sud contre Est\/Ouest qui pourrait endommager de fa\u00e7on permanente l&rsquo;unit\u00e9 fragile entre les nations africaines.<\/p>\n\n\n\n<p class=\"wp-block-paragraph\">C&rsquo;est ce qui est ressorti d&rsquo;une r\u00e9union du conseil ex\u00e9cutif des 14 et 15 octobre \u00e0 laquelle ont assist\u00e9 les ministres africains des Affaires \u00e9trang\u00e8res au si\u00e8ge de l&rsquo;UA dans la capitale \u00e9thiopienne, Addis-Abeba. Une d\u00e9cision concernant l&rsquo;accr\u00e9ditation d&rsquo;Isra\u00ebl \u00e0 l&rsquo;UA a \u00e9t\u00e9 report\u00e9e jusqu&rsquo;\u00e0 ce que les chefs d&rsquo;\u00c9tat africains se r\u00e9unissent au d\u00e9but de l&rsquo;ann\u00e9e prochaine.<\/p>\n\n\n\n<p class=\"wp-block-paragraph\">Le 22 juillet, le pr\u00e9sident de la Commission de l&rsquo;UA, Moussa Faki Mahamat, a accr\u00e9dit\u00e9 Isra\u00ebl aupr\u00e8s de l&rsquo;UA. La d\u00e9cision de Mahamat \u00e9tait dissimul\u00e9e dans le secret et l&rsquo;unilat\u00e9ralisme, la plupart des \u00c9tats membres d\u00e9couvrant l&rsquo;accr\u00e9ditation d&rsquo;Isra\u00ebl par le biais des m\u00e9dias isra\u00e9liens.<\/p>\n\n\n\n<p class=\"wp-block-paragraph\">Vingt-deux \u00c9tats africains, principalement d&rsquo; Afrique australe et du Nord , se sont formellement oppos\u00e9s \u00e0 l&rsquo;accr\u00e9ditation d&rsquo;Isra\u00ebl et, selon la proc\u00e9dure de l&rsquo;UA, la question devait \u00eatre inscrite \u00e0 l&rsquo;ordre du jour de la r\u00e9union ex\u00e9cutive.&nbsp;<\/p>\n\n\n\n<h2 class=\"wp-block-heading\"><strong>La RDC : un agenda cach\u00e9 ?<\/strong><\/h2>\n\n\n\n<p class=\"wp-block-paragraph\">La r\u00e9union du comit\u00e9 ex\u00e9cutif \u00e9tait pr\u00e9sid\u00e9e par le ministre des Affaires \u00e9trang\u00e8res de la R\u00e9publique d\u00e9mocratique du Congo (RDC) Christophe Lutundula &#8211; dont le pays assure actuellement la pr\u00e9sidence tournante de l&rsquo;UA .<\/p>\n\n\n\n<p class=\"wp-block-paragraph\">Lors de la s\u00e9ance d&rsquo;ouverture de la r\u00e9union ex\u00e9cutive o\u00f9 l&rsquo;ordre du jour \u00e9tait en cours de finalisation, Lutundula a essay\u00e9 de faire rel\u00e9guer la discussion sur l&rsquo;accr\u00e9ditation d&rsquo;Isra\u00ebl au dernier point de l&rsquo;ordre du jour sous les \u00ab <em>Points d&rsquo;information<\/em> \u00bb \u2013 plut\u00f4t que comme une question en soi.<\/p>\n\n\n\n<p class=\"wp-block-paragraph\">Suite aux objections de l&rsquo;Afrique du Sud et de l&rsquo;Alg\u00e9rie, Lutundula a \u00e9t\u00e9 contraint d&rsquo;inscrire l&rsquo;accr\u00e9ditation d&rsquo;Isra\u00ebl comme point de l&rsquo;ordre du jour \u2013 bien que le dernier point d&rsquo;un long ordre du jour. Les actes de&nbsp; Lutundula ont conduit certains diplomates \u00e0 demander s&rsquo;il manipulait les pouvoirs et les processus de la pr\u00e9sidence pour prot\u00e9ger l&rsquo;accr\u00e9ditation d&rsquo;Isra\u00ebl.<\/p>\n\n\n\n<h2 class=\"wp-block-heading\"><strong>Coup de pied dans la bo\u00eete<\/strong><\/h2>\n\n\n\n<p class=\"wp-block-paragraph\">Les \u00c9tats membres ont exprim\u00e9 leur position sur l&rsquo;accr\u00e9ditation d&rsquo;Isra\u00ebl \u00e0 l&rsquo;UA tard le 15 octobre au cours d&rsquo;une discussion anim\u00e9e, et parfois chaotique, qui s&rsquo;est d\u00e9roul\u00e9e apr\u00e8s minuit. Lutundula a ensuite annonc\u00e9 qu&rsquo;une d\u00e9cision serait prise sur la question lors du sommet des chefs d&rsquo;\u00c9tat de l&rsquo;UA au d\u00e9but de l&rsquo;ann\u00e9e prochaine, Isra\u00ebl restant accr\u00e9dit\u00e9 aupr\u00e8s de l&rsquo;UA jusque-l\u00e0.<\/p>\n\n\n\n<p class=\"wp-block-paragraph\">Lutundula a refus\u00e9 d&rsquo;entendre les propositions alternatives des membres et a mis fin \u00e0 la r\u00e9union. Cela a suscit\u00e9 la col\u00e8re et la confusion parmi les membres, qui ont tent\u00e9 \u2013 en vain \u2013 de relancer la r\u00e9union.<\/p>\n\n\n\n<p class=\"wp-block-paragraph\">Les diplomates pr\u00e9sents \u00e0 la discussion ont qualifi\u00e9 la conduite de Lutundula d&rsquo;\u00ab \u00e9pouvantable \u00bb, ajoutant qu&rsquo;elle imitait le propre unilat\u00e9ralisme de Mahamat. Le patron de Lutundula, le pr\u00e9sident de la RDC F\u00e9lix Tshisekedi, est un ardent d\u00e9fenseur de la normalisation avec Isra\u00ebl. S&rsquo;adressant \u00e0 la conf\u00e9rence de l&rsquo;American Israel Public Affairs Committee (AIPAC) en 2020, Tshisekedi a qualifi\u00e9&nbsp; Isra\u00ebl d'\u00a0\u00bbinspiration\u00a0\u00bb, ajoutant que son soutien \u00e0 Isra\u00ebl \u00e9tait motiv\u00e9 en partie par sa foi chr\u00e9tienne.&nbsp;<\/p>\n\n\n\n<p class=\"wp-block-paragraph\">Que Tshisekedi soit actuellement en Isra\u00ebl pour une visite de trois jours afin de discuter de la poursuite d&rsquo;une relation d\u00e9j\u00e0 florissante en mati\u00e8re de s\u00e9curit\u00e9 et d&rsquo;armes n&rsquo;est pas une co\u00efncidence, a not\u00e9 le mouvement Boycott, D\u00e9sinvestissement et Sanctions (BDS).<\/p>\n\n\n\n<h2 class=\"wp-block-heading\"><strong>Violations de la proc\u00e9dure de l&rsquo;UA et pr\u00e9c\u00e9dents juridiques dangereux<\/strong><\/h2>\n\n\n\n<p class=\"wp-block-paragraph\">Mahamat, quant \u00e0 lui, a doubl\u00e9 sa d\u00e9cision, arguant que sa d\u00e9cision d&rsquo;accr\u00e9diter Isra\u00ebl \u00e9tait justifi\u00e9e par les relations diplomatiques d&rsquo;Isra\u00ebl avec \u00ab plus des deux tiers \u00bb des membres de l&rsquo;UA \u2013 et \u00e0 la \u00ab demande expresse de nombreux \u00c9tats \u00bb.<\/p>\n\n\n\n<p class=\"wp-block-paragraph\">L&rsquo;accr\u00e9ditation d&rsquo;Isra\u00ebl aupr\u00e8s de l&rsquo;UA n&rsquo;est pas li\u00e9e \u00e0 ses relations avec les \u00c9tats africains individuels, a d\u00e9clar\u00e9 Clayson Monyela, chef de la diplomatie publique au D\u00e9partement sud-africain des relations internationales et de la coop\u00e9ration. Le maintien de relations diplomatiques avec Isra\u00ebl n&rsquo;implique pas le soutien \u00e0 l&rsquo;accr\u00e9ditation d&rsquo;Isra\u00ebl aupr\u00e8s de l&rsquo;UA.<\/p>\n\n\n\n<p class=\"wp-block-paragraph\">Monyela remet \u00e9galement en question l&rsquo;affirmation de Mahamat selon laquelle une \u00ab <em>majorit\u00e9 de plus des deux tiers<\/em> \u00bb des \u00c9tats africains avaient soutenu l&rsquo;accr\u00e9ditation d&rsquo;Isra\u00ebl. \u00ab <em>Si sa d\u00e9cision a effectivement \u00e9t\u00e9 prise en recevant l&rsquo;approbation de ce nombre d&rsquo;\u00c9tats membres, cela pourrait signifier que le pr\u00e9sident n&rsquo;a consult\u00e9 qu&rsquo;une partie de l&rsquo;organisation et a ignor\u00e9 le reste des \u00c9tats membres. Cela constituerait en soi une violation de son mandat et de sa proc\u00e9dure et, par cons\u00e9quent, cr\u00e9erait un dangereux pr\u00e9c\u00e9dent juridique<\/em> \u00bb, d\u00e9clare Monyela.<\/p>\n\n\n\n<p class=\"wp-block-paragraph\">La proc\u00e9dure de l&rsquo;UA pour obtenir une majorit\u00e9 des deux tiers passe par une communication officielle des \u00c9tats membres \u00e0 la commission de l&rsquo;UA. Cela ne s&rsquo;est pas produit dans le cas de l&rsquo;accr\u00e9ditation d&rsquo;Isra\u00ebl.<\/p>\n\n\n\n<p class=\"wp-block-paragraph\">Monyela dit qu&rsquo;il n&rsquo;y a aucune documentation ou preuve montrant ce que Mahamat appelle la \u00ab <em>demande exprim\u00e9e des \u00c9tats membres<\/em> \u00bb. Cependant, vingt-deux \u00c9tats membres ont officiellement et publiquement exprim\u00e9 leur objection et leur rejet de la d\u00e9cision de Mahamat.<\/p>\n\n\n\n<p class=\"wp-block-paragraph\">En outre, Isra\u00ebl a \u00e9t\u00e9 d\u00e9crit dans les r\u00e9solutions de l&rsquo;UA comme une force d&rsquo;occupation de la Palestine, violant le principe de l&rsquo;interdiction de l&rsquo;usage de la force qui est mentionn\u00e9 dans l&rsquo;Acte constitutif &#8211; le document directeur de l&rsquo;UA. Selon Monyela, \u00ab <em>cela seul aurait d\u00fb \u00eatre suffisant pour que le pr\u00e9sident rejette la demande [d&rsquo;Isra\u00eb<\/em>l] \u00bb.<\/p>\n\n\n\n<h2 class=\"wp-block-heading\"><strong>Isra\u00ebl en d\u00e9saccord avec les valeurs de l&rsquo;UA<\/strong><\/h2>\n\n\n\n<p class=\"wp-block-paragraph\">Le premier \u00e9l\u00e9ment \u00e9num\u00e9r\u00e9 dans les Crit\u00e8res d&rsquo;accr\u00e9ditation des \u00c9tats non africains de l&rsquo;UA est que les buts et objectifs des \u00c9tats non africains doivent \u00eatre conformes \u00e0 l&rsquo;esprit, aux objectifs et aux principes de l&rsquo;Acte constitutif de l&rsquo;UA.<\/p>\n\n\n\n<p class=\"wp-block-paragraph\">L&rsquo;Acte constitutif engage l&rsquo;UA \u00e0 prot\u00e9ger les droits de l&rsquo;homme conform\u00e9ment \u00e0 la Charte africaine des droits de l&rsquo;homme et des peuples (CADHP). La CADHP elle-m\u00eame s&rsquo;engage au nom des Africains \u00e0 \u00ab <em>\u00e9liminer le colonialisme, le n\u00e9o-colonialisme, l&rsquo;apartheid, [et] le sionisme<\/em> \u00bb.<\/p>\n\n\n\n<p class=\"wp-block-paragraph\">\u00ab <em>Pourquoi, alors, Mahamat a-t-il accr\u00e9dit\u00e9 Isra\u00ebl alors que l&rsquo;UA s&rsquo;est engag\u00e9e \u00e0 \u00e9liminer le sionisme &#8211; l&rsquo;id\u00e9ologie politique fondamentale de cet \u00c9tat raciste<\/em> \u00bb, a demand\u00e9 le R\u00e9seau panafricain de solidarit\u00e9 avec la Palestine (PAPSN) &#8211; une coalition de groupes de la soci\u00e9t\u00e9 civile africaine mobilisant le soutien pour Palestine.<\/p>\n\n\n\n<p class=\"wp-block-paragraph\">Les discussions lors de la r\u00e9union ex\u00e9cutive de l&rsquo;UA sur l&rsquo;accr\u00e9ditation d&rsquo;Isra\u00ebl ont r\u00e9v\u00e9l\u00e9 les profondes lignes de fracture entre les \u00c9tats africains en ce qui concerne les relations avec Isra\u00ebl. Tout aussi visible \u00e9tait le changement de forme de la solidarit\u00e9 avec les Palestiniens.<\/p>\n\n\n\n<h2 class=\"wp-block-heading\"><strong>Retour en arri\u00e8re et double jeu<\/strong><\/h2>\n\n\n\n<p class=\"wp-block-paragraph\">Dans une objection conjointe \u00e0 l&rsquo;UA le 2 ao\u00fbt, la Mauritanie, l&rsquo;\u00c9gypte, l&rsquo;Alg\u00e9rie, la Tunisie, la Libye et Djibouti ont fait valoir que l&rsquo;accr\u00e9ditation d&rsquo;Isra\u00ebl par Mahamat en juillet avait viol\u00e9 les proc\u00e9dures et principes de l&rsquo;UA. L&rsquo;Egypte a fait marche arri\u00e8re sur son objection.<\/p>\n\n\n\n<p class=\"wp-block-paragraph\">Selon des sources pr\u00e9sentes \u00e0 la r\u00e9union, le ministre \u00e9gyptien des Affaires \u00e9trang\u00e8res, Sameh Shoukry, a affirm\u00e9 que son pays ne s&rsquo;opposerait pas explicitement \u00e0 la d\u00e9cision d&rsquo;accr\u00e9diter Isra\u00ebl dans l&rsquo;int\u00e9r\u00eat de l&rsquo;unit\u00e9 de l&rsquo;UA. Djibouti, lui aussi, est rest\u00e9 silencieux.<\/p>\n\n\n\n<p class=\"wp-block-paragraph\">Le double discours du Soudan sur la Palestine s&rsquo;est \u00e9galement poursuivi. Khartoum est rest\u00e9 silencieux avant la r\u00e9union d&rsquo;Addis et n&rsquo;a pas pris la parole lors de la r\u00e9union de l&rsquo;ex\u00e9cutif. Son silence \u00e0 Addis-Abeba \u00e9tait une approbation tacite de l&rsquo;accr\u00e9ditation d&rsquo;Isra\u00ebl aupr\u00e8s de l&rsquo;UA. Cependant, apr\u00e8s la fin de la r\u00e9union ex\u00e9cutive, le minist\u00e8re soudanais des Affaires \u00e9trang\u00e8res a d\u00e9clar\u00e9 son \u00ab refus et rejet absolus \u00bb de l&rsquo;accr\u00e9ditation d&rsquo;Isra\u00ebl.<\/p>\n\n\n\n<p class=\"wp-block-paragraph\">La normalisation avec Isra\u00ebl a divis\u00e9 le conseil de transition du Soudan, qui est compos\u00e9 de composantes civiles et militaires. La d\u00e9claration du minist\u00e8re des Affaires \u00e9trang\u00e8res \u2013 g\u00e9r\u00e9e par la composante civile \u2013 est intervenue alors que des rapports faisaient \u00e9tat de rencontres entre chefs militaires et personnalit\u00e9s politiques et s\u00e9curitaires isra\u00e9liennes du 8 au 10 octobre.<\/p>\n\n\n\n<p class=\"wp-block-paragraph\">Dans un choc pour beaucoup, le S\u00e9n\u00e9gal, qui a pr\u00e9sid\u00e9 le Comit\u00e9 de l&rsquo;ONU sur l&rsquo;exercice des droits inali\u00e9nables du peuple palestinien pendant plus de trois d\u00e9cennies, a soutenu Isra\u00ebl en conservant son statut d&rsquo;accr\u00e9ditation.<\/p>\n\n\n\n<p class=\"wp-block-paragraph\">La Zambie, membre de la Communaut\u00e9 de d\u00e9veloppement de l&rsquo;Afrique australe (SADC), s&rsquo;est publiquement \u00e9cart\u00e9e du rejet collectif de ce bloc r\u00e9gional de l&rsquo;accr\u00e9ditation d&rsquo;Isra\u00ebl. Au lieu de s&rsquo;opposer \u00e0 l&rsquo;accr\u00e9ditation d&rsquo;Isra\u00ebl comme l&rsquo;avait convenu la SADC, le ministre zambien des Affaires \u00e9trang\u00e8res, Stanley Kasongo Kakubo, a demand\u00e9 que le d\u00e9bat soit d\u00e9plac\u00e9 au sommet des chefs d&rsquo;\u00c9tat.<\/p>\n\n\n\n<p class=\"wp-block-paragraph\">Positions coh\u00e9rentes sur la Palestine<\/p>\n\n\n\n<p class=\"wp-block-paragraph\">La puissance continentale, le Nigeria, un fervent partisan de la cause palestinienne, est rest\u00e9 silencieux avant la r\u00e9union de l&rsquo;ex\u00e9cutif, faisant craindre qu&rsquo;Abuja ne se rapproche d&rsquo;Isra\u00ebl. Cependant, lors de la r\u00e9union ex\u00e9cutive, le ministre nig\u00e9rian des Affaires \u00e9trang\u00e8res Geoffrey Onyeama a pris l&rsquo;initiative de s&rsquo;opposer \u00e0 l&rsquo;accr\u00e9ditation d&rsquo;Isra\u00ebl et a exhort\u00e9 les autres \u00c9tats membres \u00e0 faire de m\u00eame. La Tanzanie et le Niger ont soutenu la position du Nig\u00e9ria.<\/p>\n\n\n\n<p class=\"wp-block-paragraph\">Le ministre sud-africain des Affaires \u00e9trang\u00e8res, Naledi Pandor, a demand\u00e9 si l&rsquo;UA aurait accr\u00e9dit\u00e9 l&rsquo;Afrique du Sud de l&rsquo;apartheid. L&rsquo;Alg\u00e9rie, le Sahara occidental et la Tunisie ont tous conserv\u00e9 leurs positions et rejet\u00e9 l&rsquo;accr\u00e9ditation d&rsquo;Isra\u00ebl.<\/p>\n\n\n\n<p class=\"wp-block-paragraph\"><strong>Les alli\u00e9s africains d&rsquo;Isra\u00ebl<\/strong><\/p>\n\n\n\n<p class=\"wp-block-paragraph\">Le Maroc et le Rwanda ont \u00e9t\u00e9 au c\u0153ur de la d\u00e9cision de Mahamat d&rsquo;accr\u00e9diter Isra\u00ebl. Rabat a normalis\u00e9 les relations avec Isra\u00ebl l&rsquo;ann\u00e9e derni\u00e8re dans le cadre des accords d&rsquo;Abraham en \u00e9change de la reconnaissance par Washington de la souverainet\u00e9 marocaine sur le Sahara Occidental occup\u00e9.<\/p>\n\n\n\n<p class=\"wp-block-paragraph\">Deux ans apr\u00e8s que le Tchad ait renouvel\u00e9 ses relations diplomatiques avec Isra\u00ebl, son ministre des Affaires \u00e9trang\u00e8res Cherif Mahamat Zene, a \u00e9galement soutenu l&rsquo;accr\u00e9ditation d&rsquo;Isra\u00ebl \u2013 \u00e0 la fois lors de la s\u00e9ance d&rsquo;ouverture et pendant le d\u00e9bat.<\/p>\n\n\n\n<p class=\"wp-block-paragraph\">Le ministre togolais des Affaires \u00e9trang\u00e8res, Roberty Dussey, qui a un jour promis \u00ab Je ferai tout pour Isra\u00ebl \u00bb a m\u00eame tent\u00e9 de faire retirer l&rsquo;accr\u00e9ditation d&rsquo;Isra\u00ebl de l&rsquo;ordre du jour lors des discussions de la s\u00e9ance d&rsquo;ouverture. En r\u00e9ponse \u00e0 l&rsquo;Afrique du Sud insistant sur le fait que la question doit \u00eatre \u00e0 l&rsquo;ordre du jour, Dussey a r\u00e9torqu\u00e9 : \u00ab Nous n&rsquo;avons pas \u00e9t\u00e9 \u00e9lus pour traiter de choses sans importance comme celle-ci \u00bb.<\/p>\n\n\n\n<p class=\"wp-block-paragraph\">Dussey faisait r\u00e9f\u00e9rence \u00e0 l&rsquo;occupation de la Palestine par Isra\u00ebl et aux objections \u00e0 l&rsquo;accr\u00e9ditation d&rsquo;Isra\u00ebl aupr\u00e8s de l&rsquo;UA. Sans surprise, Dussey a soutenu Isra\u00ebl lors du d\u00e9bat sur la question le lendemain.<\/p>\n\n\n\n<p class=\"wp-block-paragraph\">Les pays d&rsquo;Afrique de l&rsquo;Ouest qui ont soutenu Isra\u00ebl sont le Cameroun, la C\u00f4te d&rsquo;Ivoire et le Lib\u00e9ria. La Gambie souhaite que la question soit discut\u00e9e lors du sommet des chefs d&rsquo;\u00c9tat. Le soutien de l&rsquo;Afrique de l&rsquo;Est \u00e0 Isra\u00ebl est venu du Burundi, de l&rsquo;Ouganda et du Soudan du Sud. Curieusement, le Kenya et le Ghana \u2013 alli\u00e9s de longue date et lobbyistes d&rsquo;Isra\u00ebl aupr\u00e8s de l&rsquo;UA \u2013 sont rest\u00e9s silencieux.<\/p>\n\n\n\n<p class=\"wp-block-paragraph\"><strong>Et ensuite ?<\/strong><\/p>\n\n\n\n<p class=\"wp-block-paragraph\">L&rsquo;Autorit\u00e9 palestinienne a \u00ab salu\u00e9 \u00bb le r\u00e9sultat de la r\u00e9union, et le Hamas a qualifi\u00e9 le r\u00e9sultat de \u00ab pas dans la bonne direction \u00bb. Ce sont des \u00e9valuations probl\u00e9matiquement g\u00e9n\u00e9reuses. Lors du d\u00e9bat \u00e0 Mandela Hall le 15 octobre, certains \u00c9tats africains ont montr\u00e9 que leur engagement en faveur de la lib\u00e9ration palestinienne est creux.<\/p>\n\n\n\n<p class=\"wp-block-paragraph\">Le PAPSN a d\u00e9clar\u00e9 qu&rsquo;il ferait pression sur la soci\u00e9t\u00e9 civile et les gouvernements \u00e0 travers l&rsquo;Afrique pour s&rsquo;assurer que l&rsquo;accr\u00e9ditation d&rsquo;Isra\u00ebl soit d\u00e9finitivement supprim\u00e9e. L&rsquo;Autorit\u00e9 palestinienne devrait \u00e9galement intensifier son engagement avec les gouvernements africains.<\/p>\n\n\n\n<p class=\"wp-block-paragraph\">Pour les Africains, cependant, il y a des inqui\u00e9tudes quant aux effets \u00e0 long terme que l&rsquo;accr\u00e9ditation d&rsquo;Isra\u00ebl aura sur l&rsquo;unit\u00e9 de l&rsquo;UA. \u00ab L&rsquo;Union africaine, un organisme multi-\u00e9tatique avec une tradition de prise de d\u00e9cisions par consensus, a suspendu la discussion sur une question critique parce que le foss\u00e9 \u00e9tait trop profond \u00bb, a d\u00e9clar\u00e9 Na&rsquo;eem Jeenah directeur du Centre Afro-Moyen-Orient (AMEC) \u00e0 Johannesbourg.<\/p>\n\n\n\n<p class=\"wp-block-paragraph\">Jeenah pense que cette division pourrait s&rsquo;ancrer sur un certain nombre d&rsquo;autres questions litigieuses \u00e0 l&rsquo;UA, divisant irr\u00e9m\u00e9diablement l&rsquo;organe continental de l&rsquo;Afrique.<\/p>\n\n\n\n<p class=\"wp-block-paragraph\">Apr\u00e8s avoir arm\u00e9 l&rsquo;Afrique du Sud de l&rsquo;apartheid, aliment\u00e9 le g\u00e9nocide au Rwanda et la guerre civile au Soudan du Sud, et aid\u00e9 les gouvernements r\u00e9pressifs \u00e0 travers le continent \u00e0 \u00e9craser la dissidence, l&rsquo;h\u00e9ritage destructeur d&rsquo;Isra\u00ebl en Afrique se poursuit maintenant au sein de l&rsquo;Union africaine.<\/p>\n\n\n\n<p class=\"wp-block-paragraph\"><strong><em>Suraya Dadoo est une \u00e9crivaine bas\u00e9e \u00e0 Johannesburg, en Afrique du Sud<\/em><\/strong><em><\/em><\/p>\n\n\n\n<p class=\"wp-block-paragraph\">Suivez-la sur Twitter :<a href=\"https:\/\/twitter.com\/suraya_dadoo?lang=en\">&nbsp; @Suraya_Dadoo<\/a><\/p>\n","protected":false,"gt_translate_keys":[{"key":"rendered","format":"html"}]},"excerpt":{"rendered":"<p>&nbsp;Isra\u00ebl conservera l&rsquo;accr\u00e9ditation de l&rsquo;Union africaine pour le moment, mais son adh\u00e9sion a polaris\u00e9 l&rsquo;opinion au sein de l&rsquo;organe continental africain. L&rsquo; accr\u00e9ditation d&rsquo; Isra\u00ebl aupr\u00e8s de l&rsquo;Union africaine (UA) a divis\u00e9 l&rsquo;organe continental en une division Nord\/Sud contre Est\/Ouest qui pourrait endommager de fa\u00e7on permanente l&rsquo;unit\u00e9 fragile entre les nations africaines. C&rsquo;est ce qui est ressorti d&rsquo;une r\u00e9union du conseil ex\u00e9cutif des 14 et 15 octobre \u00e0 laquelle ont assist\u00e9 les ministres africains des Affaires \u00e9trang\u00e8res au si\u00e8ge de l&rsquo;UA dans la capitale \u00e9thiopienne, Addis-Abeba. Une d\u00e9cision concernant l&rsquo;accr\u00e9ditation&hellip;<\/p>\n","protected":false,"gt_translate_keys":[{"key":"rendered","format":"html"}]},"author":1,"featured_media":14806,"comment_status":"open","ping_status":"open","sticky":false,"template":"","format":"standard","meta":{"_crdt_document":"","footnotes":""},"categories":[332],"tags":[25445,20932],"class_list":["post-14804","post","type-post","status-publish","format-standard","has-post-thumbnail","hentry","category-israel","tag-israel-et-lua","tag-israel-statut-observateur"],"gutentor_comment":0,"yoast_head":"<!-- This site is optimized with the Yoast SEO plugin v27.5 - https:\/\/yoast.com\/product\/yoast-seo-wordpress\/ -->\n<title>Comment Christophe Lutundula a prot\u00e9g\u00e9 l&#039;accr\u00e9ditation d&#039;Isra\u00ebl a l&#039;Union Africaine - Actualit\u00e9s congolaises et internationales<\/title>\n<meta name=\"robots\" content=\"index, follow, max-snippet:-1, max-image-preview:large, max-video-preview:-1\" \/>\n<link rel=\"canonical\" href=\"https:\/\/congovirtuel.com\/information\/comment-christophe-lutundula-a-protege-laccreditation-disrael-a-lunion-africaine\/\" \/>\n<meta property=\"og:locale\" content=\"fr_FR\" \/>\n<meta property=\"og:type\" content=\"article\" \/>\n<meta property=\"og:title\" content=\"Comment Christophe Lutundula a prot\u00e9g\u00e9 l&#039;accr\u00e9ditation d&#039;Isra\u00ebl a l&#039;Union Africaine - Actualit\u00e9s congolaises et internationales\" \/>\n<meta property=\"og:description\" content=\"&nbsp;Isra\u00ebl conservera l&rsquo;accr\u00e9ditation de l&rsquo;Union africaine pour le moment, mais son adh\u00e9sion a polaris\u00e9 l&rsquo;opinion au sein de l&rsquo;organe continental africain. L&rsquo; accr\u00e9ditation d&rsquo; Isra\u00ebl aupr\u00e8s de l&rsquo;Union africaine (UA) a divis\u00e9 l&rsquo;organe continental en une division Nord\/Sud contre Est\/Ouest qui pourrait endommager de fa\u00e7on permanente l&rsquo;unit\u00e9 fragile entre les nations africaines. C&rsquo;est ce qui est ressorti d&rsquo;une r\u00e9union du conseil ex\u00e9cutif des 14 et 15 octobre \u00e0 laquelle ont assist\u00e9 les ministres africains des Affaires \u00e9trang\u00e8res au si\u00e8ge de l&rsquo;UA dans la capitale \u00e9thiopienne, Addis-Abeba. Une d\u00e9cision concernant l&rsquo;accr\u00e9ditation&hellip;\" \/>\n<meta property=\"og:url\" content=\"https:\/\/congovirtuel.com\/information\/comment-christophe-lutundula-a-protege-laccreditation-disrael-a-lunion-africaine\/\" \/>\n<meta property=\"og:site_name\" content=\"Actualit\u00e9s congolaises et internationales\" \/>\n<meta property=\"article:publisher\" content=\"https:\/\/web.facebook.com\/Congovirtuel-763617960319601\/?ref=aymt_homepage_panel&amp;amp%3bamp%3bamp%3bamp%3bamp%3bamp%3bamp%3bamp%3bamp%3bamp%3bamp%3beid=ARCoxULa66767kIgF_KYav6VdjXTI4yk_LW4yoVO9s6NXpysgb7Cb65vpxcxgqzOAKvIbLQxaAETcqHT\" \/>\n<meta property=\"article:published_time\" content=\"2021-10-26T13:19:30+00:00\" \/>\n<meta property=\"article:modified_time\" content=\"2021-10-26T13:19:32+00:00\" \/>\n<meta property=\"og:image\" content=\"https:\/\/congovirtuel.com\/information\/wp-content\/uploads\/2021\/10\/lutundula_apala_21_02145_jpg_640_350_1.jpeg\" \/>\n\t<meta property=\"og:image:width\" content=\"640\" \/>\n\t<meta property=\"og:image:height\" content=\"350\" \/>\n\t<meta property=\"og:image:type\" content=\"image\/jpeg\" \/>\n<meta name=\"author\" content=\"infocongovirtuel\" \/>\n<meta name=\"twitter:card\" content=\"summary_large_image\" \/>\n<meta name=\"twitter:creator\" content=\"@congovirtuel\" \/>\n<meta name=\"twitter:site\" content=\"@congovirtuel\" \/>\n<meta name=\"twitter:label1\" content=\"\u00c9crit par\" \/>\n\t<meta name=\"twitter:data1\" content=\"infocongovirtuel\" \/>\n\t<meta name=\"twitter:label2\" content=\"Dur\u00e9e de lecture estim\u00e9e\" \/>\n\t<meta name=\"twitter:data2\" content=\"9 minutes\" \/>\n<script type=\"application\/ld+json\" class=\"yoast-schema-graph\">{\"@context\":\"https:\\\/\\\/schema.org\",\"@graph\":[{\"@type\":\"Article\",\"@id\":\"https:\\\/\\\/congovirtuel.com\\\/information\\\/comment-christophe-lutundula-a-protege-laccreditation-disrael-a-lunion-africaine\\\/#article\",\"isPartOf\":{\"@id\":\"https:\\\/\\\/congovirtuel.com\\\/information\\\/comment-christophe-lutundula-a-protege-laccreditation-disrael-a-lunion-africaine\\\/\"},\"author\":{\"name\":\"infocongovirtuel\",\"@id\":\"https:\\\/\\\/congovirtuel.com\\\/information\\\/#\\\/schema\\\/person\\\/739a44bf7990966cb53d58d2fdeca0b6\"},\"headline\":\"Comment Christophe Lutundula a prot\u00e9g\u00e9 l&rsquo;accr\u00e9ditation d&rsquo;Isra\u00ebl a l&rsquo;Union Africaine\",\"datePublished\":\"2021-10-26T13:19:30+00:00\",\"dateModified\":\"2021-10-26T13:19:32+00:00\",\"mainEntityOfPage\":{\"@id\":\"https:\\\/\\\/congovirtuel.com\\\/information\\\/comment-christophe-lutundula-a-protege-laccreditation-disrael-a-lunion-africaine\\\/\"},\"wordCount\":2443,\"commentCount\":0,\"publisher\":{\"@id\":\"https:\\\/\\\/congovirtuel.com\\\/information\\\/#organization\"},\"image\":{\"@id\":\"https:\\\/\\\/congovirtuel.com\\\/information\\\/comment-christophe-lutundula-a-protege-laccreditation-disrael-a-lunion-africaine\\\/#primaryimage\"},\"thumbnailUrl\":\"https:\\\/\\\/congovirtuel.com\\\/information\\\/wp-content\\\/uploads\\\/2021\\\/10\\\/lutundula_apala_21_02145_jpg_640_350_1.jpeg\",\"keywords\":[\"Isra\u00ebl et l&#039;UA\",\"Isra\u00ebl statut observateur\"],\"articleSection\":[\"Isra\u00ebl\"],\"inLanguage\":\"fr-FR\",\"potentialAction\":[{\"@type\":\"CommentAction\",\"name\":\"Comment\",\"target\":[\"https:\\\/\\\/congovirtuel.com\\\/information\\\/comment-christophe-lutundula-a-protege-laccreditation-disrael-a-lunion-africaine\\\/#respond\"]}]},{\"@type\":\"WebPage\",\"@id\":\"https:\\\/\\\/congovirtuel.com\\\/information\\\/comment-christophe-lutundula-a-protege-laccreditation-disrael-a-lunion-africaine\\\/\",\"url\":\"https:\\\/\\\/congovirtuel.com\\\/information\\\/comment-christophe-lutundula-a-protege-laccreditation-disrael-a-lunion-africaine\\\/\",\"name\":\"Comment Christophe Lutundula a prot\u00e9g\u00e9 l'accr\u00e9ditation d'Isra\u00ebl a l'Union Africaine - Actualit\u00e9s congolaises et internationales\",\"isPartOf\":{\"@id\":\"https:\\\/\\\/congovirtuel.com\\\/information\\\/#website\"},\"primaryImageOfPage\":{\"@id\":\"https:\\\/\\\/congovirtuel.com\\\/information\\\/comment-christophe-lutundula-a-protege-laccreditation-disrael-a-lunion-africaine\\\/#primaryimage\"},\"image\":{\"@id\":\"https:\\\/\\\/congovirtuel.com\\\/information\\\/comment-christophe-lutundula-a-protege-laccreditation-disrael-a-lunion-africaine\\\/#primaryimage\"},\"thumbnailUrl\":\"https:\\\/\\\/congovirtuel.com\\\/information\\\/wp-content\\\/uploads\\\/2021\\\/10\\\/lutundula_apala_21_02145_jpg_640_350_1.jpeg\",\"datePublished\":\"2021-10-26T13:19:30+00:00\",\"dateModified\":\"2021-10-26T13:19:32+00:00\",\"breadcrumb\":{\"@id\":\"https:\\\/\\\/congovirtuel.com\\\/information\\\/comment-christophe-lutundula-a-protege-laccreditation-disrael-a-lunion-africaine\\\/#breadcrumb\"},\"inLanguage\":\"fr-FR\",\"potentialAction\":[{\"@type\":\"ReadAction\",\"target\":[\"https:\\\/\\\/congovirtuel.com\\\/information\\\/comment-christophe-lutundula-a-protege-laccreditation-disrael-a-lunion-africaine\\\/\"]}]},{\"@type\":\"ImageObject\",\"inLanguage\":\"fr-FR\",\"@id\":\"https:\\\/\\\/congovirtuel.com\\\/information\\\/comment-christophe-lutundula-a-protege-laccreditation-disrael-a-lunion-africaine\\\/#primaryimage\",\"url\":\"https:\\\/\\\/congovirtuel.com\\\/information\\\/wp-content\\\/uploads\\\/2021\\\/10\\\/lutundula_apala_21_02145_jpg_640_350_1.jpeg\",\"contentUrl\":\"https:\\\/\\\/congovirtuel.com\\\/information\\\/wp-content\\\/uploads\\\/2021\\\/10\\\/lutundula_apala_21_02145_jpg_640_350_1.jpeg\",\"width\":640,\"height\":350},{\"@type\":\"BreadcrumbList\",\"@id\":\"https:\\\/\\\/congovirtuel.com\\\/information\\\/comment-christophe-lutundula-a-protege-laccreditation-disrael-a-lunion-africaine\\\/#breadcrumb\",\"itemListElement\":[{\"@type\":\"ListItem\",\"position\":1,\"name\":\"Accueil\",\"item\":\"https:\\\/\\\/congovirtuel.com\\\/information\\\/\"},{\"@type\":\"ListItem\",\"position\":2,\"name\":\"Comment Christophe Lutundula a prot\u00e9g\u00e9 l&rsquo;accr\u00e9ditation d&rsquo;Isra\u00ebl a l&rsquo;Union Africaine\"}]},{\"@type\":\"WebSite\",\"@id\":\"https:\\\/\\\/congovirtuel.com\\\/information\\\/#website\",\"url\":\"https:\\\/\\\/congovirtuel.com\\\/information\\\/\",\"name\":\"Actualit\u00e9s congolaises et internationales\",\"description\":\"site d&#039;analyse et de traitement d&#039;information\",\"publisher\":{\"@id\":\"https:\\\/\\\/congovirtuel.com\\\/information\\\/#organization\"},\"potentialAction\":[{\"@type\":\"SearchAction\",\"target\":{\"@type\":\"EntryPoint\",\"urlTemplate\":\"https:\\\/\\\/congovirtuel.com\\\/information\\\/?s={search_term_string}\"},\"query-input\":{\"@type\":\"PropertyValueSpecification\",\"valueRequired\":true,\"valueName\":\"search_term_string\"}}],\"inLanguage\":\"fr-FR\"},{\"@type\":\"Organization\",\"@id\":\"https:\\\/\\\/congovirtuel.com\\\/information\\\/#organization\",\"name\":\"Biblioth\u00e8que Virtuelle de la RDC\",\"url\":\"https:\\\/\\\/congovirtuel.com\\\/information\\\/\",\"logo\":{\"@type\":\"ImageObject\",\"inLanguage\":\"fr-FR\",\"@id\":\"https:\\\/\\\/congovirtuel.com\\\/information\\\/#\\\/schema\\\/logo\\\/image\\\/\",\"url\":\"https:\\\/\\\/congovirtuel.com\\\/information\\\/wp-content\\\/uploads\\\/2018\\\/10\\\/header-info-congovirtuel-vraie.jpg\",\"contentUrl\":\"https:\\\/\\\/congovirtuel.com\\\/information\\\/wp-content\\\/uploads\\\/2018\\\/10\\\/header-info-congovirtuel-vraie.jpg\",\"width\":728,\"height\":90,\"caption\":\"Biblioth\u00e8que Virtuelle de la RDC\"},\"image\":{\"@id\":\"https:\\\/\\\/congovirtuel.com\\\/information\\\/#\\\/schema\\\/logo\\\/image\\\/\"},\"sameAs\":[\"https:\\\/\\\/web.facebook.com\\\/Congovirtuel-763617960319601\\\/?ref=aymt_homepage_panel&amp;amp;amp;amp;amp;amp;amp;amp;amp;amp;amp;eid=ARCoxULa66767kIgF_KYav6VdjXTI4yk_LW4yoVO9s6NXpysgb7Cb65vpxcxgqzOAKvIbLQxaAETcqHT\",\"https:\\\/\\\/x.com\\\/congovirtuel\",\"https:\\\/\\\/www.youtube.com\\\/channel\\\/UCkFfprYzGgS3EWNpeMXpToQ?view_as=subscriber\"]},{\"@type\":\"Person\",\"@id\":\"https:\\\/\\\/congovirtuel.com\\\/information\\\/#\\\/schema\\\/person\\\/739a44bf7990966cb53d58d2fdeca0b6\",\"name\":\"infocongovirtuel\",\"image\":{\"@type\":\"ImageObject\",\"inLanguage\":\"fr-FR\",\"@id\":\"https:\\\/\\\/secure.gravatar.com\\\/avatar\\\/4d76991aa72469f0eb22e772586c99113c6997f88da636a9db8f2ce3a2c05e69?s=96&d=mm&r=g\",\"url\":\"https:\\\/\\\/secure.gravatar.com\\\/avatar\\\/4d76991aa72469f0eb22e772586c99113c6997f88da636a9db8f2ce3a2c05e69?s=96&d=mm&r=g\",\"contentUrl\":\"https:\\\/\\\/secure.gravatar.com\\\/avatar\\\/4d76991aa72469f0eb22e772586c99113c6997f88da636a9db8f2ce3a2c05e69?s=96&d=mm&r=g\",\"caption\":\"infocongovirtuel\"},\"url\":\"https:\\\/\\\/congovirtuel.com\\\/information\\\/author\\\/infocongovirtuel\\\/\"}]}<\/script>\n<!-- \/ Yoast SEO plugin. -->","yoast_head_json":{"title":"Comment Christophe Lutundula a prot\u00e9g\u00e9 l'accr\u00e9ditation d'Isra\u00ebl a l'Union Africaine - Actualit\u00e9s congolaises et internationales","robots":{"index":"index","follow":"follow","max-snippet":"max-snippet:-1","max-image-preview":"max-image-preview:large","max-video-preview":"max-video-preview:-1"},"canonical":"https:\/\/congovirtuel.com\/information\/comment-christophe-lutundula-a-protege-laccreditation-disrael-a-lunion-africaine\/","og_locale":"fr_FR","og_type":"article","og_title":"Comment Christophe Lutundula a prot\u00e9g\u00e9 l'accr\u00e9ditation d'Isra\u00ebl a l'Union Africaine - Actualit\u00e9s congolaises et internationales","og_description":"&nbsp;Isra\u00ebl conservera l&rsquo;accr\u00e9ditation de l&rsquo;Union africaine pour le moment, mais son adh\u00e9sion a polaris\u00e9 l&rsquo;opinion au sein de l&rsquo;organe continental africain. L&rsquo; accr\u00e9ditation d&rsquo; Isra\u00ebl aupr\u00e8s de l&rsquo;Union africaine (UA) a divis\u00e9 l&rsquo;organe continental en une division Nord\/Sud contre Est\/Ouest qui pourrait endommager de fa\u00e7on permanente l&rsquo;unit\u00e9 fragile entre les nations africaines. C&rsquo;est ce qui est ressorti d&rsquo;une r\u00e9union du conseil ex\u00e9cutif des 14 et 15 octobre \u00e0 laquelle ont assist\u00e9 les ministres africains des Affaires \u00e9trang\u00e8res au si\u00e8ge de l&rsquo;UA dans la capitale \u00e9thiopienne, Addis-Abeba. Une d\u00e9cision concernant l&rsquo;accr\u00e9ditation&hellip;","og_url":"https:\/\/congovirtuel.com\/information\/comment-christophe-lutundula-a-protege-laccreditation-disrael-a-lunion-africaine\/","og_site_name":"Actualit\u00e9s congolaises et internationales","article_publisher":"https:\/\/web.facebook.com\/Congovirtuel-763617960319601\/?ref=aymt_homepage_panel&amp%3bamp%3bamp%3bamp%3bamp%3bamp%3bamp%3bamp%3bamp%3bamp%3bamp%3beid=ARCoxULa66767kIgF_KYav6VdjXTI4yk_LW4yoVO9s6NXpysgb7Cb65vpxcxgqzOAKvIbLQxaAETcqHT","article_published_time":"2021-10-26T13:19:30+00:00","article_modified_time":"2021-10-26T13:19:32+00:00","og_image":[{"width":640,"height":350,"url":"https:\/\/congovirtuel.com\/information\/wp-content\/uploads\/2021\/10\/lutundula_apala_21_02145_jpg_640_350_1.jpeg","type":"image\/jpeg"}],"author":"infocongovirtuel","twitter_card":"summary_large_image","twitter_creator":"@congovirtuel","twitter_site":"@congovirtuel","twitter_misc":{"\u00c9crit par":"infocongovirtuel","Dur\u00e9e de lecture estim\u00e9e":"9 minutes"},"schema":{"@context":"https:\/\/schema.org","@graph":[{"@type":"Article","@id":"https:\/\/congovirtuel.com\/information\/comment-christophe-lutundula-a-protege-laccreditation-disrael-a-lunion-africaine\/#article","isPartOf":{"@id":"https:\/\/congovirtuel.com\/information\/comment-christophe-lutundula-a-protege-laccreditation-disrael-a-lunion-africaine\/"},"author":{"name":"infocongovirtuel","@id":"https:\/\/congovirtuel.com\/information\/#\/schema\/person\/739a44bf7990966cb53d58d2fdeca0b6"},"headline":"Comment Christophe Lutundula a prot\u00e9g\u00e9 l&rsquo;accr\u00e9ditation d&rsquo;Isra\u00ebl a l&rsquo;Union Africaine","datePublished":"2021-10-26T13:19:30+00:00","dateModified":"2021-10-26T13:19:32+00:00","mainEntityOfPage":{"@id":"https:\/\/congovirtuel.com\/information\/comment-christophe-lutundula-a-protege-laccreditation-disrael-a-lunion-africaine\/"},"wordCount":2443,"commentCount":0,"publisher":{"@id":"https:\/\/congovirtuel.com\/information\/#organization"},"image":{"@id":"https:\/\/congovirtuel.com\/information\/comment-christophe-lutundula-a-protege-laccreditation-disrael-a-lunion-africaine\/#primaryimage"},"thumbnailUrl":"https:\/\/congovirtuel.com\/information\/wp-content\/uploads\/2021\/10\/lutundula_apala_21_02145_jpg_640_350_1.jpeg","keywords":["Isra\u00ebl et l&#039;UA","Isra\u00ebl statut observateur"],"articleSection":["Isra\u00ebl"],"inLanguage":"fr-FR","potentialAction":[{"@type":"CommentAction","name":"Comment","target":["https:\/\/congovirtuel.com\/information\/comment-christophe-lutundula-a-protege-laccreditation-disrael-a-lunion-africaine\/#respond"]}]},{"@type":"WebPage","@id":"https:\/\/congovirtuel.com\/information\/comment-christophe-lutundula-a-protege-laccreditation-disrael-a-lunion-africaine\/","url":"https:\/\/congovirtuel.com\/information\/comment-christophe-lutundula-a-protege-laccreditation-disrael-a-lunion-africaine\/","name":"Comment Christophe Lutundula a prot\u00e9g\u00e9 l'accr\u00e9ditation d'Isra\u00ebl a l'Union Africaine - Actualit\u00e9s congolaises et internationales","isPartOf":{"@id":"https:\/\/congovirtuel.com\/information\/#website"},"primaryImageOfPage":{"@id":"https:\/\/congovirtuel.com\/information\/comment-christophe-lutundula-a-protege-laccreditation-disrael-a-lunion-africaine\/#primaryimage"},"image":{"@id":"https:\/\/congovirtuel.com\/information\/comment-christophe-lutundula-a-protege-laccreditation-disrael-a-lunion-africaine\/#primaryimage"},"thumbnailUrl":"https:\/\/congovirtuel.com\/information\/wp-content\/uploads\/2021\/10\/lutundula_apala_21_02145_jpg_640_350_1.jpeg","datePublished":"2021-10-26T13:19:30+00:00","dateModified":"2021-10-26T13:19:32+00:00","breadcrumb":{"@id":"https:\/\/congovirtuel.com\/information\/comment-christophe-lutundula-a-protege-laccreditation-disrael-a-lunion-africaine\/#breadcrumb"},"inLanguage":"fr-FR","potentialAction":[{"@type":"ReadAction","target":["https:\/\/congovirtuel.com\/information\/comment-christophe-lutundula-a-protege-laccreditation-disrael-a-lunion-africaine\/"]}]},{"@type":"ImageObject","inLanguage":"fr-FR","@id":"https:\/\/congovirtuel.com\/information\/comment-christophe-lutundula-a-protege-laccreditation-disrael-a-lunion-africaine\/#primaryimage","url":"https:\/\/congovirtuel.com\/information\/wp-content\/uploads\/2021\/10\/lutundula_apala_21_02145_jpg_640_350_1.jpeg","contentUrl":"https:\/\/congovirtuel.com\/information\/wp-content\/uploads\/2021\/10\/lutundula_apala_21_02145_jpg_640_350_1.jpeg","width":640,"height":350},{"@type":"BreadcrumbList","@id":"https:\/\/congovirtuel.com\/information\/comment-christophe-lutundula-a-protege-laccreditation-disrael-a-lunion-africaine\/#breadcrumb","itemListElement":[{"@type":"ListItem","position":1,"name":"Accueil","item":"https:\/\/congovirtuel.com\/information\/"},{"@type":"ListItem","position":2,"name":"Comment Christophe Lutundula a prot\u00e9g\u00e9 l&rsquo;accr\u00e9ditation d&rsquo;Isra\u00ebl a l&rsquo;Union Africaine"}]},{"@type":"WebSite","@id":"https:\/\/congovirtuel.com\/information\/#website","url":"https:\/\/congovirtuel.com\/information\/","name":"Actualit\u00e9s congolaises et internationales","description":"site d&#039;analyse et de traitement d&#039;information","publisher":{"@id":"https:\/\/congovirtuel.com\/information\/#organization"},"potentialAction":[{"@type":"SearchAction","target":{"@type":"EntryPoint","urlTemplate":"https:\/\/congovirtuel.com\/information\/?s={search_term_string}"},"query-input":{"@type":"PropertyValueSpecification","valueRequired":true,"valueName":"search_term_string"}}],"inLanguage":"fr-FR"},{"@type":"Organization","@id":"https:\/\/congovirtuel.com\/information\/#organization","name":"Biblioth\u00e8que Virtuelle de la RDC","url":"https:\/\/congovirtuel.com\/information\/","logo":{"@type":"ImageObject","inLanguage":"fr-FR","@id":"https:\/\/congovirtuel.com\/information\/#\/schema\/logo\/image\/","url":"https:\/\/congovirtuel.com\/information\/wp-content\/uploads\/2018\/10\/header-info-congovirtuel-vraie.jpg","contentUrl":"https:\/\/congovirtuel.com\/information\/wp-content\/uploads\/2018\/10\/header-info-congovirtuel-vraie.jpg","width":728,"height":90,"caption":"Biblioth\u00e8que Virtuelle de la RDC"},"image":{"@id":"https:\/\/congovirtuel.com\/information\/#\/schema\/logo\/image\/"},"sameAs":["https:\/\/web.facebook.com\/Congovirtuel-763617960319601\/?ref=aymt_homepage_panel&amp;amp;amp;amp;amp;amp;amp;amp;amp;amp;amp;eid=ARCoxULa66767kIgF_KYav6VdjXTI4yk_LW4yoVO9s6NXpysgb7Cb65vpxcxgqzOAKvIbLQxaAETcqHT","https:\/\/x.com\/congovirtuel","https:\/\/www.youtube.com\/channel\/UCkFfprYzGgS3EWNpeMXpToQ?view_as=subscriber"]},{"@type":"Person","@id":"https:\/\/congovirtuel.com\/information\/#\/schema\/person\/739a44bf7990966cb53d58d2fdeca0b6","name":"infocongovirtuel","image":{"@type":"ImageObject","inLanguage":"fr-FR","@id":"https:\/\/secure.gravatar.com\/avatar\/4d76991aa72469f0eb22e772586c99113c6997f88da636a9db8f2ce3a2c05e69?s=96&d=mm&r=g","url":"https:\/\/secure.gravatar.com\/avatar\/4d76991aa72469f0eb22e772586c99113c6997f88da636a9db8f2ce3a2c05e69?s=96&d=mm&r=g","contentUrl":"https:\/\/secure.gravatar.com\/avatar\/4d76991aa72469f0eb22e772586c99113c6997f88da636a9db8f2ce3a2c05e69?s=96&d=mm&r=g","caption":"infocongovirtuel"},"url":"https:\/\/congovirtuel.com\/information\/author\/infocongovirtuel\/"}]}},"gt_translate_keys":[{"key":"link","format":"url"}],"_links":{"self":[{"href":"https:\/\/congovirtuel.com\/information\/wp-json\/wp\/v2\/posts\/14804","targetHints":{"allow":["GET"]}}],"collection":[{"href":"https:\/\/congovirtuel.com\/information\/wp-json\/wp\/v2\/posts"}],"about":[{"href":"https:\/\/congovirtuel.com\/information\/wp-json\/wp\/v2\/types\/post"}],"author":[{"embeddable":true,"href":"https:\/\/congovirtuel.com\/information\/wp-json\/wp\/v2\/users\/1"}],"replies":[{"embeddable":true,"href":"https:\/\/congovirtuel.com\/information\/wp-json\/wp\/v2\/comments?post=14804"}],"version-history":[{"count":1,"href":"https:\/\/congovirtuel.com\/information\/wp-json\/wp\/v2\/posts\/14804\/revisions"}],"predecessor-version":[{"id":14807,"href":"https:\/\/congovirtuel.com\/information\/wp-json\/wp\/v2\/posts\/14804\/revisions\/14807"}],"wp:featuredmedia":[{"embeddable":true,"href":"https:\/\/congovirtuel.com\/information\/wp-json\/wp\/v2\/media\/14806"}],"wp:attachment":[{"href":"https:\/\/congovirtuel.com\/information\/wp-json\/wp\/v2\/media?parent=14804"}],"wp:term":[{"taxonomy":"category","embeddable":true,"href":"https:\/\/congovirtuel.com\/information\/wp-json\/wp\/v2\/categories?post=14804"},{"taxonomy":"post_tag","embeddable":true,"href":"https:\/\/congovirtuel.com\/information\/wp-json\/wp\/v2\/tags?post=14804"}],"curies":[{"name":"wp","href":"https:\/\/api.w.org\/{rel}","templated":true}]}}