{"id":14994,"date":"2021-11-03T04:56:18","date_gmt":"2021-11-03T03:56:18","guid":{"rendered":"https:\/\/congovirtuel.com\/information\/?p=14994"},"modified":"2021-11-03T04:56:20","modified_gmt":"2021-11-03T03:56:20","slug":"cop-26-glasgow-boris-johnson-a-rencontre-felix-tshisekedi","status":"publish","type":"post","link":"https:\/\/congovirtuel.com\/information\/cop-26-glasgow-boris-johnson-a-rencontre-felix-tshisekedi\/","title":{"rendered":"COP 26 &#8211; Glasgow: Boris Johnson \u00e0 rencontr\u00e9 F\u00e9lix Tshisekedi","gt_translate_keys":[{"key":"rendered","format":"text"}]},"content":{"rendered":"\n<p class=\"wp-block-paragraph\">S&rsquo;exprimant lors de la conf\u00e9rence sur le climat COP26 \u00e0 Glasgow mardi, Tshisekedi, qui pr\u00e9side actuellement l&rsquo;Union africaine, a d\u00e9clar\u00e9 que son pays augmentait sa contribution d\u00e9termin\u00e9e au niveau national pour parvenir \u00e0 une r\u00e9duction de 21% des \u00e9missions de gaz \u00e0 effet de serre d&rsquo;ici 2030, lan\u00e7ant un programme visant \u00e0 planter un milliard d&rsquo;arbres d&rsquo;ici 2023 et \u00e9largir leur bouquet \u00e9nerg\u00e9tique pour inclure des choix plus \u00e9cologiques.<\/p>\n\n\n\n<p class=\"wp-block-paragraph\"><a href=\"https:\/\/www.gov.uk\/government\/news\/pm-meeting-with-president-of-democratic-republic-of-congo-felix-tshisekedi-2-november-2021\">Le Premier ministre britannique Boris Johnson a rencontr\u00e9 pr\u00e9sident de la R\u00e9publique d\u00e9mocratique du Congo, F\u00e9lix Tshisekedi, \u00e0 la COP26<\/a>.<\/p>\n\n\n\n<p class=\"wp-block-paragraph\">Les deux dirigeants se sont f\u00e9licit\u00e9s d&rsquo;un nouveau partenariat sur le soutien aux riches for\u00eats tropicales du bassin du Congo convenu ce matin \u00e0 Glasgow, et d&rsquo;un engagement de plus de 110 dirigeants pour stopper la d\u00e9forestation.<\/p>\n\n\n\n<p class=\"wp-block-paragraph\">Le Premier ministre a soulign\u00e9 l&rsquo;engagement du Royaume-Uni \u00e0 <a href=\"https:\/\/www.gov.uk\/government\/news\/over-100-leaders-make-landmark-pledge-to-end-deforestation-at-cop26\">aider<\/a> la R\u00e9publique d\u00e9mocratique du Congo \u00e0 tirer pleinement parti des nouvelles technologies propres et des investissements dans le d\u00e9veloppement d&rsquo;infrastructures durables, notant l&rsquo;\u00e9norme potentiel \u00e9conomique du pays.<\/p>\n\n\n\n<p class=\"wp-block-paragraph\">Ils ont \u00e9galement discut\u00e9 des probl\u00e8mes de s\u00e9curit\u00e9 r\u00e9gionale plus larges en Afrique de l&rsquo;Ouest et des efforts visant \u00e0 stabiliser la situation dans l&rsquo;est de la RDC. Le Premier ministre et le pr\u00e9sident Tshisekedi ont convenu de continuer \u00e0 travailler en \u00e9troite collaboration sur le climat, la biodiversit\u00e9 et le d\u00e9veloppement social et \u00e9conomique.<\/p>\n\n\n\n<p class=\"wp-block-paragraph\">Source :<a href=\"https:\/\/www.gov.uk\/government\/news\/pm-meeting-with-president-of-democratic-republic-of-congo-felix-tshisekedi-2-november-2021\">https:\/\/www.gov.uk\/government\/news\/pm-meeting-with-president-of-democratic-republic-of-congo-felix-tshisekedi-2-november-2021<\/a><\/p>\n","protected":false,"gt_translate_keys":[{"key":"rendered","format":"html"}]},"excerpt":{"rendered":"<p>S&rsquo;exprimant lors de la conf\u00e9rence sur le climat COP26 \u00e0 Glasgow mardi, Tshisekedi, qui pr\u00e9side actuellement l&rsquo;Union africaine, a d\u00e9clar\u00e9 que son pays augmentait sa contribution d\u00e9termin\u00e9e au niveau national pour parvenir \u00e0 une r\u00e9duction de 21% des \u00e9missions de gaz \u00e0 effet de serre d&rsquo;ici 2030, lan\u00e7ant un programme visant \u00e0 planter un milliard d&rsquo;arbres d&rsquo;ici 2023 et \u00e9largir leur bouquet \u00e9nerg\u00e9tique pour inclure des choix plus \u00e9cologiques. Le Premier ministre britannique Boris Johnson a rencontr\u00e9 pr\u00e9sident de la R\u00e9publique d\u00e9mocratique du Congo, F\u00e9lix Tshisekedi, \u00e0 la COP26. Les&hellip;<\/p>\n","protected":false,"gt_translate_keys":[{"key":"rendered","format":"html"}]},"author":1,"featured_media":14996,"comment_status":"open","ping_status":"open","sticky":false,"template":"","format":"standard","meta":{"_crdt_document":"","footnotes":""},"categories":[22],"tags":[26260,18368,23204],"class_list":["post-14994","post","type-post","status-publish","format-standard","has-post-thumbnail","hentry","category-climat","tag-boris-johnson-et-tshisekedi","tag-climat","tag-glasgow"],"gutentor_comment":0,"yoast_head":"<!-- This site is optimized with the Yoast SEO plugin v27.5 - https:\/\/yoast.com\/product\/yoast-seo-wordpress\/ -->\n<title>COP 26 - Glasgow: Boris Johnson \u00e0 rencontr\u00e9 F\u00e9lix Tshisekedi - Actualit\u00e9s congolaises et internationales<\/title>\n<meta name=\"robots\" content=\"index, follow, max-snippet:-1, max-image-preview:large, max-video-preview:-1\" \/>\n<link rel=\"canonical\" href=\"https:\/\/congovirtuel.com\/information\/cop-26-glasgow-boris-johnson-a-rencontre-felix-tshisekedi\/\" \/>\n<meta property=\"og:locale\" content=\"fr_FR\" \/>\n<meta property=\"og:type\" content=\"article\" \/>\n<meta property=\"og:title\" content=\"COP 26 - Glasgow: Boris Johnson \u00e0 rencontr\u00e9 F\u00e9lix Tshisekedi - Actualit\u00e9s congolaises et internationales\" \/>\n<meta property=\"og:description\" content=\"S&rsquo;exprimant lors de la conf\u00e9rence sur le climat COP26 \u00e0 Glasgow mardi, Tshisekedi, qui pr\u00e9side actuellement l&rsquo;Union africaine, a d\u00e9clar\u00e9 que son pays augmentait sa contribution d\u00e9termin\u00e9e au niveau national pour parvenir \u00e0 une r\u00e9duction de 21% des \u00e9missions de gaz \u00e0 effet de serre d&rsquo;ici 2030, lan\u00e7ant un programme visant \u00e0 planter un milliard d&rsquo;arbres d&rsquo;ici 2023 et \u00e9largir leur bouquet \u00e9nerg\u00e9tique pour inclure des choix plus \u00e9cologiques. Le Premier ministre britannique Boris Johnson a rencontr\u00e9 pr\u00e9sident de la R\u00e9publique d\u00e9mocratique du Congo, F\u00e9lix Tshisekedi, \u00e0 la COP26. Les&hellip;\" \/>\n<meta property=\"og:url\" content=\"https:\/\/congovirtuel.com\/information\/cop-26-glasgow-boris-johnson-a-rencontre-felix-tshisekedi\/\" \/>\n<meta property=\"og:site_name\" content=\"Actualit\u00e9s congolaises et internationales\" \/>\n<meta property=\"article:publisher\" content=\"https:\/\/web.facebook.com\/Congovirtuel-763617960319601\/?ref=aymt_homepage_panel&amp;amp%3bamp%3bamp%3bamp%3bamp%3bamp%3bamp%3bamp%3bamp%3bamp%3bamp%3beid=ARCoxULa66767kIgF_KYav6VdjXTI4yk_LW4yoVO9s6NXpysgb7Cb65vpxcxgqzOAKvIbLQxaAETcqHT\" \/>\n<meta property=\"article:published_time\" content=\"2021-11-03T03:56:18+00:00\" \/>\n<meta property=\"article:modified_time\" content=\"2021-11-03T03:56:20+00:00\" \/>\n<meta property=\"og:image\" content=\"https:\/\/congovirtuel.com\/information\/wp-content\/uploads\/2021\/11\/IMG-20211103-WA0000.jpg\" \/>\n\t<meta property=\"og:image:width\" content=\"960\" \/>\n\t<meta property=\"og:image:height\" content=\"651\" \/>\n\t<meta property=\"og:image:type\" content=\"image\/jpeg\" \/>\n<meta name=\"author\" content=\"infocongovirtuel\" \/>\n<meta name=\"twitter:card\" content=\"summary_large_image\" \/>\n<meta name=\"twitter:creator\" content=\"@congovirtuel\" \/>\n<meta name=\"twitter:site\" content=\"@congovirtuel\" \/>\n<meta name=\"twitter:label1\" content=\"\u00c9crit par\" \/>\n\t<meta name=\"twitter:data1\" content=\"infocongovirtuel\" \/>\n\t<meta name=\"twitter:label2\" content=\"Dur\u00e9e de lecture estim\u00e9e\" \/>\n\t<meta name=\"twitter:data2\" content=\"1 minute\" \/>\n<script type=\"application\/ld+json\" class=\"yoast-schema-graph\">{\"@context\":\"https:\\\/\\\/schema.org\",\"@graph\":[{\"@type\":\"Article\",\"@id\":\"https:\\\/\\\/congovirtuel.com\\\/information\\\/cop-26-glasgow-boris-johnson-a-rencontre-felix-tshisekedi\\\/#article\",\"isPartOf\":{\"@id\":\"https:\\\/\\\/congovirtuel.com\\\/information\\\/cop-26-glasgow-boris-johnson-a-rencontre-felix-tshisekedi\\\/\"},\"author\":{\"name\":\"infocongovirtuel\",\"@id\":\"https:\\\/\\\/congovirtuel.com\\\/information\\\/#\\\/schema\\\/person\\\/739a44bf7990966cb53d58d2fdeca0b6\"},\"headline\":\"COP 26 &#8211; Glasgow: Boris Johnson \u00e0 rencontr\u00e9 F\u00e9lix Tshisekedi\",\"datePublished\":\"2021-11-03T03:56:18+00:00\",\"dateModified\":\"2021-11-03T03:56:20+00:00\",\"mainEntityOfPage\":{\"@id\":\"https:\\\/\\\/congovirtuel.com\\\/information\\\/cop-26-glasgow-boris-johnson-a-rencontre-felix-tshisekedi\\\/\"},\"wordCount\":258,\"commentCount\":0,\"publisher\":{\"@id\":\"https:\\\/\\\/congovirtuel.com\\\/information\\\/#organization\"},\"image\":{\"@id\":\"https:\\\/\\\/congovirtuel.com\\\/information\\\/cop-26-glasgow-boris-johnson-a-rencontre-felix-tshisekedi\\\/#primaryimage\"},\"thumbnailUrl\":\"https:\\\/\\\/congovirtuel.com\\\/information\\\/wp-content\\\/uploads\\\/2021\\\/11\\\/IMG-20211103-WA0000.jpg\",\"keywords\":[\"Boris Johnson et Tshisekedi\",\"climat\",\"Glasgow\"],\"articleSection\":[\"Climat\"],\"inLanguage\":\"fr-FR\",\"potentialAction\":[{\"@type\":\"CommentAction\",\"name\":\"Comment\",\"target\":[\"https:\\\/\\\/congovirtuel.com\\\/information\\\/cop-26-glasgow-boris-johnson-a-rencontre-felix-tshisekedi\\\/#respond\"]}]},{\"@type\":\"WebPage\",\"@id\":\"https:\\\/\\\/congovirtuel.com\\\/information\\\/cop-26-glasgow-boris-johnson-a-rencontre-felix-tshisekedi\\\/\",\"url\":\"https:\\\/\\\/congovirtuel.com\\\/information\\\/cop-26-glasgow-boris-johnson-a-rencontre-felix-tshisekedi\\\/\",\"name\":\"COP 26 - Glasgow: Boris Johnson \u00e0 rencontr\u00e9 F\u00e9lix Tshisekedi - Actualit\u00e9s congolaises et internationales\",\"isPartOf\":{\"@id\":\"https:\\\/\\\/congovirtuel.com\\\/information\\\/#website\"},\"primaryImageOfPage\":{\"@id\":\"https:\\\/\\\/congovirtuel.com\\\/information\\\/cop-26-glasgow-boris-johnson-a-rencontre-felix-tshisekedi\\\/#primaryimage\"},\"image\":{\"@id\":\"https:\\\/\\\/congovirtuel.com\\\/information\\\/cop-26-glasgow-boris-johnson-a-rencontre-felix-tshisekedi\\\/#primaryimage\"},\"thumbnailUrl\":\"https:\\\/\\\/congovirtuel.com\\\/information\\\/wp-content\\\/uploads\\\/2021\\\/11\\\/IMG-20211103-WA0000.jpg\",\"datePublished\":\"2021-11-03T03:56:18+00:00\",\"dateModified\":\"2021-11-03T03:56:20+00:00\",\"breadcrumb\":{\"@id\":\"https:\\\/\\\/congovirtuel.com\\\/information\\\/cop-26-glasgow-boris-johnson-a-rencontre-felix-tshisekedi\\\/#breadcrumb\"},\"inLanguage\":\"fr-FR\",\"potentialAction\":[{\"@type\":\"ReadAction\",\"target\":[\"https:\\\/\\\/congovirtuel.com\\\/information\\\/cop-26-glasgow-boris-johnson-a-rencontre-felix-tshisekedi\\\/\"]}]},{\"@type\":\"ImageObject\",\"inLanguage\":\"fr-FR\",\"@id\":\"https:\\\/\\\/congovirtuel.com\\\/information\\\/cop-26-glasgow-boris-johnson-a-rencontre-felix-tshisekedi\\\/#primaryimage\",\"url\":\"https:\\\/\\\/congovirtuel.com\\\/information\\\/wp-content\\\/uploads\\\/2021\\\/11\\\/IMG-20211103-WA0000.jpg\",\"contentUrl\":\"https:\\\/\\\/congovirtuel.com\\\/information\\\/wp-content\\\/uploads\\\/2021\\\/11\\\/IMG-20211103-WA0000.jpg\",\"width\":960,\"height\":651},{\"@type\":\"BreadcrumbList\",\"@id\":\"https:\\\/\\\/congovirtuel.com\\\/information\\\/cop-26-glasgow-boris-johnson-a-rencontre-felix-tshisekedi\\\/#breadcrumb\",\"itemListElement\":[{\"@type\":\"ListItem\",\"position\":1,\"name\":\"Accueil\",\"item\":\"https:\\\/\\\/congovirtuel.com\\\/information\\\/\"},{\"@type\":\"ListItem\",\"position\":2,\"name\":\"COP 26 &#8211; Glasgow: Boris Johnson \u00e0 rencontr\u00e9 F\u00e9lix Tshisekedi\"}]},{\"@type\":\"WebSite\",\"@id\":\"https:\\\/\\\/congovirtuel.com\\\/information\\\/#website\",\"url\":\"https:\\\/\\\/congovirtuel.com\\\/information\\\/\",\"name\":\"Actualit\u00e9s congolaises et internationales\",\"description\":\"site d&#039;analyse et de traitement d&#039;information\",\"publisher\":{\"@id\":\"https:\\\/\\\/congovirtuel.com\\\/information\\\/#organization\"},\"potentialAction\":[{\"@type\":\"SearchAction\",\"target\":{\"@type\":\"EntryPoint\",\"urlTemplate\":\"https:\\\/\\\/congovirtuel.com\\\/information\\\/?s={search_term_string}\"},\"query-input\":{\"@type\":\"PropertyValueSpecification\",\"valueRequired\":true,\"valueName\":\"search_term_string\"}}],\"inLanguage\":\"fr-FR\"},{\"@type\":\"Organization\",\"@id\":\"https:\\\/\\\/congovirtuel.com\\\/information\\\/#organization\",\"name\":\"Biblioth\u00e8que Virtuelle de la RDC\",\"url\":\"https:\\\/\\\/congovirtuel.com\\\/information\\\/\",\"logo\":{\"@type\":\"ImageObject\",\"inLanguage\":\"fr-FR\",\"@id\":\"https:\\\/\\\/congovirtuel.com\\\/information\\\/#\\\/schema\\\/logo\\\/image\\\/\",\"url\":\"https:\\\/\\\/congovirtuel.com\\\/information\\\/wp-content\\\/uploads\\\/2018\\\/10\\\/header-info-congovirtuel-vraie.jpg\",\"contentUrl\":\"https:\\\/\\\/congovirtuel.com\\\/information\\\/wp-content\\\/uploads\\\/2018\\\/10\\\/header-info-congovirtuel-vraie.jpg\",\"width\":728,\"height\":90,\"caption\":\"Biblioth\u00e8que Virtuelle de la RDC\"},\"image\":{\"@id\":\"https:\\\/\\\/congovirtuel.com\\\/information\\\/#\\\/schema\\\/logo\\\/image\\\/\"},\"sameAs\":[\"https:\\\/\\\/web.facebook.com\\\/Congovirtuel-763617960319601\\\/?ref=aymt_homepage_panel&amp;amp;amp;amp;amp;amp;amp;amp;amp;amp;amp;eid=ARCoxULa66767kIgF_KYav6VdjXTI4yk_LW4yoVO9s6NXpysgb7Cb65vpxcxgqzOAKvIbLQxaAETcqHT\",\"https:\\\/\\\/x.com\\\/congovirtuel\",\"https:\\\/\\\/www.youtube.com\\\/channel\\\/UCkFfprYzGgS3EWNpeMXpToQ?view_as=subscriber\"]},{\"@type\":\"Person\",\"@id\":\"https:\\\/\\\/congovirtuel.com\\\/information\\\/#\\\/schema\\\/person\\\/739a44bf7990966cb53d58d2fdeca0b6\",\"name\":\"infocongovirtuel\",\"image\":{\"@type\":\"ImageObject\",\"inLanguage\":\"fr-FR\",\"@id\":\"https:\\\/\\\/secure.gravatar.com\\\/avatar\\\/4d76991aa72469f0eb22e772586c99113c6997f88da636a9db8f2ce3a2c05e69?s=96&d=mm&r=g\",\"url\":\"https:\\\/\\\/secure.gravatar.com\\\/avatar\\\/4d76991aa72469f0eb22e772586c99113c6997f88da636a9db8f2ce3a2c05e69?s=96&d=mm&r=g\",\"contentUrl\":\"https:\\\/\\\/secure.gravatar.com\\\/avatar\\\/4d76991aa72469f0eb22e772586c99113c6997f88da636a9db8f2ce3a2c05e69?s=96&d=mm&r=g\",\"caption\":\"infocongovirtuel\"},\"url\":\"https:\\\/\\\/congovirtuel.com\\\/information\\\/author\\\/infocongovirtuel\\\/\"}]}<\/script>\n<!-- \/ Yoast SEO plugin. -->","yoast_head_json":{"title":"COP 26 - Glasgow: Boris Johnson \u00e0 rencontr\u00e9 F\u00e9lix Tshisekedi - Actualit\u00e9s congolaises et internationales","robots":{"index":"index","follow":"follow","max-snippet":"max-snippet:-1","max-image-preview":"max-image-preview:large","max-video-preview":"max-video-preview:-1"},"canonical":"https:\/\/congovirtuel.com\/information\/cop-26-glasgow-boris-johnson-a-rencontre-felix-tshisekedi\/","og_locale":"fr_FR","og_type":"article","og_title":"COP 26 - Glasgow: Boris Johnson \u00e0 rencontr\u00e9 F\u00e9lix Tshisekedi - Actualit\u00e9s congolaises et internationales","og_description":"S&rsquo;exprimant lors de la conf\u00e9rence sur le climat COP26 \u00e0 Glasgow mardi, Tshisekedi, qui pr\u00e9side actuellement l&rsquo;Union africaine, a d\u00e9clar\u00e9 que son pays augmentait sa contribution d\u00e9termin\u00e9e au niveau national pour parvenir \u00e0 une r\u00e9duction de 21% des \u00e9missions de gaz \u00e0 effet de serre d&rsquo;ici 2030, lan\u00e7ant un programme visant \u00e0 planter un milliard d&rsquo;arbres d&rsquo;ici 2023 et \u00e9largir leur bouquet \u00e9nerg\u00e9tique pour inclure des choix plus \u00e9cologiques. Le Premier ministre britannique Boris Johnson a rencontr\u00e9 pr\u00e9sident de la R\u00e9publique d\u00e9mocratique du Congo, F\u00e9lix Tshisekedi, \u00e0 la COP26. Les&hellip;","og_url":"https:\/\/congovirtuel.com\/information\/cop-26-glasgow-boris-johnson-a-rencontre-felix-tshisekedi\/","og_site_name":"Actualit\u00e9s congolaises et internationales","article_publisher":"https:\/\/web.facebook.com\/Congovirtuel-763617960319601\/?ref=aymt_homepage_panel&amp%3bamp%3bamp%3bamp%3bamp%3bamp%3bamp%3bamp%3bamp%3bamp%3bamp%3beid=ARCoxULa66767kIgF_KYav6VdjXTI4yk_LW4yoVO9s6NXpysgb7Cb65vpxcxgqzOAKvIbLQxaAETcqHT","article_published_time":"2021-11-03T03:56:18+00:00","article_modified_time":"2021-11-03T03:56:20+00:00","og_image":[{"width":960,"height":651,"url":"https:\/\/congovirtuel.com\/information\/wp-content\/uploads\/2021\/11\/IMG-20211103-WA0000.jpg","type":"image\/jpeg"}],"author":"infocongovirtuel","twitter_card":"summary_large_image","twitter_creator":"@congovirtuel","twitter_site":"@congovirtuel","twitter_misc":{"\u00c9crit par":"infocongovirtuel","Dur\u00e9e de lecture estim\u00e9e":"1 minute"},"schema":{"@context":"https:\/\/schema.org","@graph":[{"@type":"Article","@id":"https:\/\/congovirtuel.com\/information\/cop-26-glasgow-boris-johnson-a-rencontre-felix-tshisekedi\/#article","isPartOf":{"@id":"https:\/\/congovirtuel.com\/information\/cop-26-glasgow-boris-johnson-a-rencontre-felix-tshisekedi\/"},"author":{"name":"infocongovirtuel","@id":"https:\/\/congovirtuel.com\/information\/#\/schema\/person\/739a44bf7990966cb53d58d2fdeca0b6"},"headline":"COP 26 &#8211; Glasgow: Boris Johnson \u00e0 rencontr\u00e9 F\u00e9lix Tshisekedi","datePublished":"2021-11-03T03:56:18+00:00","dateModified":"2021-11-03T03:56:20+00:00","mainEntityOfPage":{"@id":"https:\/\/congovirtuel.com\/information\/cop-26-glasgow-boris-johnson-a-rencontre-felix-tshisekedi\/"},"wordCount":258,"commentCount":0,"publisher":{"@id":"https:\/\/congovirtuel.com\/information\/#organization"},"image":{"@id":"https:\/\/congovirtuel.com\/information\/cop-26-glasgow-boris-johnson-a-rencontre-felix-tshisekedi\/#primaryimage"},"thumbnailUrl":"https:\/\/congovirtuel.com\/information\/wp-content\/uploads\/2021\/11\/IMG-20211103-WA0000.jpg","keywords":["Boris Johnson et Tshisekedi","climat","Glasgow"],"articleSection":["Climat"],"inLanguage":"fr-FR","potentialAction":[{"@type":"CommentAction","name":"Comment","target":["https:\/\/congovirtuel.com\/information\/cop-26-glasgow-boris-johnson-a-rencontre-felix-tshisekedi\/#respond"]}]},{"@type":"WebPage","@id":"https:\/\/congovirtuel.com\/information\/cop-26-glasgow-boris-johnson-a-rencontre-felix-tshisekedi\/","url":"https:\/\/congovirtuel.com\/information\/cop-26-glasgow-boris-johnson-a-rencontre-felix-tshisekedi\/","name":"COP 26 - Glasgow: Boris Johnson \u00e0 rencontr\u00e9 F\u00e9lix Tshisekedi - Actualit\u00e9s congolaises et internationales","isPartOf":{"@id":"https:\/\/congovirtuel.com\/information\/#website"},"primaryImageOfPage":{"@id":"https:\/\/congovirtuel.com\/information\/cop-26-glasgow-boris-johnson-a-rencontre-felix-tshisekedi\/#primaryimage"},"image":{"@id":"https:\/\/congovirtuel.com\/information\/cop-26-glasgow-boris-johnson-a-rencontre-felix-tshisekedi\/#primaryimage"},"thumbnailUrl":"https:\/\/congovirtuel.com\/information\/wp-content\/uploads\/2021\/11\/IMG-20211103-WA0000.jpg","datePublished":"2021-11-03T03:56:18+00:00","dateModified":"2021-11-03T03:56:20+00:00","breadcrumb":{"@id":"https:\/\/congovirtuel.com\/information\/cop-26-glasgow-boris-johnson-a-rencontre-felix-tshisekedi\/#breadcrumb"},"inLanguage":"fr-FR","potentialAction":[{"@type":"ReadAction","target":["https:\/\/congovirtuel.com\/information\/cop-26-glasgow-boris-johnson-a-rencontre-felix-tshisekedi\/"]}]},{"@type":"ImageObject","inLanguage":"fr-FR","@id":"https:\/\/congovirtuel.com\/information\/cop-26-glasgow-boris-johnson-a-rencontre-felix-tshisekedi\/#primaryimage","url":"https:\/\/congovirtuel.com\/information\/wp-content\/uploads\/2021\/11\/IMG-20211103-WA0000.jpg","contentUrl":"https:\/\/congovirtuel.com\/information\/wp-content\/uploads\/2021\/11\/IMG-20211103-WA0000.jpg","width":960,"height":651},{"@type":"BreadcrumbList","@id":"https:\/\/congovirtuel.com\/information\/cop-26-glasgow-boris-johnson-a-rencontre-felix-tshisekedi\/#breadcrumb","itemListElement":[{"@type":"ListItem","position":1,"name":"Accueil","item":"https:\/\/congovirtuel.com\/information\/"},{"@type":"ListItem","position":2,"name":"COP 26 &#8211; Glasgow: Boris Johnson \u00e0 rencontr\u00e9 F\u00e9lix Tshisekedi"}]},{"@type":"WebSite","@id":"https:\/\/congovirtuel.com\/information\/#website","url":"https:\/\/congovirtuel.com\/information\/","name":"Actualit\u00e9s congolaises et internationales","description":"site d&#039;analyse et de traitement d&#039;information","publisher":{"@id":"https:\/\/congovirtuel.com\/information\/#organization"},"potentialAction":[{"@type":"SearchAction","target":{"@type":"EntryPoint","urlTemplate":"https:\/\/congovirtuel.com\/information\/?s={search_term_string}"},"query-input":{"@type":"PropertyValueSpecification","valueRequired":true,"valueName":"search_term_string"}}],"inLanguage":"fr-FR"},{"@type":"Organization","@id":"https:\/\/congovirtuel.com\/information\/#organization","name":"Biblioth\u00e8que Virtuelle de la RDC","url":"https:\/\/congovirtuel.com\/information\/","logo":{"@type":"ImageObject","inLanguage":"fr-FR","@id":"https:\/\/congovirtuel.com\/information\/#\/schema\/logo\/image\/","url":"https:\/\/congovirtuel.com\/information\/wp-content\/uploads\/2018\/10\/header-info-congovirtuel-vraie.jpg","contentUrl":"https:\/\/congovirtuel.com\/information\/wp-content\/uploads\/2018\/10\/header-info-congovirtuel-vraie.jpg","width":728,"height":90,"caption":"Biblioth\u00e8que Virtuelle de la RDC"},"image":{"@id":"https:\/\/congovirtuel.com\/information\/#\/schema\/logo\/image\/"},"sameAs":["https:\/\/web.facebook.com\/Congovirtuel-763617960319601\/?ref=aymt_homepage_panel&amp;amp;amp;amp;amp;amp;amp;amp;amp;amp;amp;eid=ARCoxULa66767kIgF_KYav6VdjXTI4yk_LW4yoVO9s6NXpysgb7Cb65vpxcxgqzOAKvIbLQxaAETcqHT","https:\/\/x.com\/congovirtuel","https:\/\/www.youtube.com\/channel\/UCkFfprYzGgS3EWNpeMXpToQ?view_as=subscriber"]},{"@type":"Person","@id":"https:\/\/congovirtuel.com\/information\/#\/schema\/person\/739a44bf7990966cb53d58d2fdeca0b6","name":"infocongovirtuel","image":{"@type":"ImageObject","inLanguage":"fr-FR","@id":"https:\/\/secure.gravatar.com\/avatar\/4d76991aa72469f0eb22e772586c99113c6997f88da636a9db8f2ce3a2c05e69?s=96&d=mm&r=g","url":"https:\/\/secure.gravatar.com\/avatar\/4d76991aa72469f0eb22e772586c99113c6997f88da636a9db8f2ce3a2c05e69?s=96&d=mm&r=g","contentUrl":"https:\/\/secure.gravatar.com\/avatar\/4d76991aa72469f0eb22e772586c99113c6997f88da636a9db8f2ce3a2c05e69?s=96&d=mm&r=g","caption":"infocongovirtuel"},"url":"https:\/\/congovirtuel.com\/information\/author\/infocongovirtuel\/"}]}},"gt_translate_keys":[{"key":"link","format":"url"}],"_links":{"self":[{"href":"https:\/\/congovirtuel.com\/information\/wp-json\/wp\/v2\/posts\/14994","targetHints":{"allow":["GET"]}}],"collection":[{"href":"https:\/\/congovirtuel.com\/information\/wp-json\/wp\/v2\/posts"}],"about":[{"href":"https:\/\/congovirtuel.com\/information\/wp-json\/wp\/v2\/types\/post"}],"author":[{"embeddable":true,"href":"https:\/\/congovirtuel.com\/information\/wp-json\/wp\/v2\/users\/1"}],"replies":[{"embeddable":true,"href":"https:\/\/congovirtuel.com\/information\/wp-json\/wp\/v2\/comments?post=14994"}],"version-history":[{"count":1,"href":"https:\/\/congovirtuel.com\/information\/wp-json\/wp\/v2\/posts\/14994\/revisions"}],"predecessor-version":[{"id":14997,"href":"https:\/\/congovirtuel.com\/information\/wp-json\/wp\/v2\/posts\/14994\/revisions\/14997"}],"wp:featuredmedia":[{"embeddable":true,"href":"https:\/\/congovirtuel.com\/information\/wp-json\/wp\/v2\/media\/14996"}],"wp:attachment":[{"href":"https:\/\/congovirtuel.com\/information\/wp-json\/wp\/v2\/media?parent=14994"}],"wp:term":[{"taxonomy":"category","embeddable":true,"href":"https:\/\/congovirtuel.com\/information\/wp-json\/wp\/v2\/categories?post=14994"},{"taxonomy":"post_tag","embeddable":true,"href":"https:\/\/congovirtuel.com\/information\/wp-json\/wp\/v2\/tags?post=14994"}],"curies":[{"name":"wp","href":"https:\/\/api.w.org\/{rel}","templated":true}]}}