{"id":15367,"date":"2021-11-15T11:37:22","date_gmt":"2021-11-15T10:37:22","guid":{"rendered":"https:\/\/congovirtuel.com\/information\/?p=15367"},"modified":"2021-11-15T11:40:07","modified_gmt":"2021-11-15T10:40:07","slug":"rdc-proces-bukanga-lonzo-la-cour-constitutionnelle-se-declare-incompetente","status":"publish","type":"post","link":"https:\/\/congovirtuel.com\/information\/rdc-proces-bukanga-lonzo-la-cour-constitutionnelle-se-declare-incompetente\/","title":{"rendered":"RDC: Proc\u00e8s Bukanga Lonzo : la Cour constitutionnelle se d\u00e9clare \u00abincomp\u00e9tente\u00bb","gt_translate_keys":[{"key":"rendered","format":"text"}]},"content":{"rendered":"\n<p class=\"wp-block-paragraph\">La Cour constitutionnelle s&rsquo;est d\u00e9clar\u00e9e incomp\u00e9tente dans l&rsquo;affaire mettant en cause l&rsquo;ancien Premier Ministre Matata Ponyo, l&rsquo;ancien Ministre d\u00e9l\u00e9gu\u00e9 aux Finances Patrice Kitebi et le responsable de la Soci\u00e9t\u00e9 AFRICOM Christo Grobler concernant la d\u00e9b\u00e2cle de Bukanga Lonzo.<\/p>\n\n\n\n<p class=\"wp-block-paragraph\">Statuant sur les exceptions soulev\u00e9es par les Avocats de la partie Matata, la Cour a jug\u00e9 que le Premier Ministre est justiciable devant la Cour constitutionnelle pendant la dur\u00e9e de sa fonction et pour les infractions qu&rsquo;il commet, m\u00eame en dehors de l&rsquo;exercice de son mandat ; mais une fois sa fonction termin\u00e9e, il redevient justiciable des juridictions ordinaires. La Cour a, en outre, relev\u00e9 que la proc\u00e9dure applicable en mati\u00e8re p\u00e9nale doit \u00eatre celle pr\u00e9vue par la constitution et par les lois en vigueur, conform\u00e9ment \u00e0 l&rsquo;article 17 alin\u00e9a 2 de la Constitution.<\/p>\n\n\n\n<p class=\"wp-block-paragraph\"><strong>Actualite.cd<\/strong><\/p>\n\n\n\n<p class=\"wp-block-paragraph\"><\/p>\n","protected":false,"gt_translate_keys":[{"key":"rendered","format":"html"}]},"excerpt":{"rendered":"<p>La Cour constitutionnelle s&rsquo;est d\u00e9clar\u00e9e incomp\u00e9tente dans l&rsquo;affaire mettant en cause l&rsquo;ancien Premier Ministre Matata Ponyo, l&rsquo;ancien Ministre d\u00e9l\u00e9gu\u00e9 aux Finances Patrice Kitebi et le responsable de la Soci\u00e9t\u00e9 AFRICOM Christo Grobler concernant la d\u00e9b\u00e2cle de Bukanga Lonzo. Statuant sur les exceptions soulev\u00e9es par les Avocats de la partie Matata, la Cour a jug\u00e9 que le Premier Ministre est justiciable devant la Cour constitutionnelle pendant la dur\u00e9e de sa fonction et pour les infractions qu&rsquo;il commet, m\u00eame en dehors de l&rsquo;exercice de son mandat ; mais une fois sa fonction&hellip;<\/p>\n","protected":false,"gt_translate_keys":[{"key":"rendered","format":"html"}]},"author":1,"featured_media":4781,"comment_status":"open","ping_status":"open","sticky":false,"template":"","format":"standard","meta":{"_crdt_document":"","footnotes":""},"categories":[461],"tags":[],"class_list":["post-15367","post","type-post","status-publish","format-standard","has-post-thumbnail","hentry","category-justice"],"gutentor_comment":0,"yoast_head":"<!-- This site is optimized with the Yoast SEO plugin v27.5 - https:\/\/yoast.com\/product\/yoast-seo-wordpress\/ -->\n<title>RDC: Proc\u00e8s Bukanga Lonzo : la Cour constitutionnelle se d\u00e9clare \u00abincomp\u00e9tente\u00bb - Actualit\u00e9s congolaises et internationales<\/title>\n<meta name=\"robots\" content=\"index, follow, max-snippet:-1, max-image-preview:large, max-video-preview:-1\" \/>\n<link rel=\"canonical\" href=\"https:\/\/congovirtuel.com\/information\/rdc-proces-bukanga-lonzo-la-cour-constitutionnelle-se-declare-incompetente\/\" \/>\n<meta property=\"og:locale\" content=\"fr_FR\" \/>\n<meta property=\"og:type\" content=\"article\" \/>\n<meta property=\"og:title\" content=\"RDC: Proc\u00e8s Bukanga Lonzo : la Cour constitutionnelle se d\u00e9clare \u00abincomp\u00e9tente\u00bb - Actualit\u00e9s congolaises et internationales\" \/>\n<meta property=\"og:description\" content=\"La Cour constitutionnelle s&rsquo;est d\u00e9clar\u00e9e incomp\u00e9tente dans l&rsquo;affaire mettant en cause l&rsquo;ancien Premier Ministre Matata Ponyo, l&rsquo;ancien Ministre d\u00e9l\u00e9gu\u00e9 aux Finances Patrice Kitebi et le responsable de la Soci\u00e9t\u00e9 AFRICOM Christo Grobler concernant la d\u00e9b\u00e2cle de Bukanga Lonzo. Statuant sur les exceptions soulev\u00e9es par les Avocats de la partie Matata, la Cour a jug\u00e9 que le Premier Ministre est justiciable devant la Cour constitutionnelle pendant la dur\u00e9e de sa fonction et pour les infractions qu&rsquo;il commet, m\u00eame en dehors de l&rsquo;exercice de son mandat ; mais une fois sa fonction&hellip;\" \/>\n<meta property=\"og:url\" content=\"https:\/\/congovirtuel.com\/information\/rdc-proces-bukanga-lonzo-la-cour-constitutionnelle-se-declare-incompetente\/\" \/>\n<meta property=\"og:site_name\" content=\"Actualit\u00e9s congolaises et internationales\" \/>\n<meta property=\"article:publisher\" content=\"https:\/\/web.facebook.com\/Congovirtuel-763617960319601\/?ref=aymt_homepage_panel&amp;amp%3bamp%3bamp%3bamp%3bamp%3bamp%3bamp%3bamp%3bamp%3bamp%3bamp%3beid=ARCoxULa66767kIgF_KYav6VdjXTI4yk_LW4yoVO9s6NXpysgb7Cb65vpxcxgqzOAKvIbLQxaAETcqHT\" \/>\n<meta property=\"article:published_time\" content=\"2021-11-15T10:37:22+00:00\" \/>\n<meta property=\"article:modified_time\" content=\"2021-11-15T10:40:07+00:00\" \/>\n<meta property=\"og:image\" content=\"https:\/\/congovirtuel.com\/information\/wp-content\/uploads\/2020\/12\/matata_ponyo-1200-x-656.jpg\" \/>\n\t<meta property=\"og:image:width\" content=\"1200\" \/>\n\t<meta property=\"og:image:height\" content=\"656\" \/>\n\t<meta property=\"og:image:type\" content=\"image\/jpeg\" \/>\n<meta name=\"author\" content=\"infocongovirtuel\" \/>\n<meta name=\"twitter:card\" content=\"summary_large_image\" \/>\n<meta name=\"twitter:creator\" content=\"@congovirtuel\" \/>\n<meta name=\"twitter:site\" content=\"@congovirtuel\" \/>\n<meta name=\"twitter:label1\" content=\"\u00c9crit par\" \/>\n\t<meta name=\"twitter:data1\" content=\"infocongovirtuel\" \/>\n\t<meta name=\"twitter:label2\" content=\"Dur\u00e9e de lecture estim\u00e9e\" \/>\n\t<meta name=\"twitter:data2\" content=\"1 minute\" \/>\n<script type=\"application\/ld+json\" class=\"yoast-schema-graph\">{\"@context\":\"https:\\\/\\\/schema.org\",\"@graph\":[{\"@type\":\"Article\",\"@id\":\"https:\\\/\\\/congovirtuel.com\\\/information\\\/rdc-proces-bukanga-lonzo-la-cour-constitutionnelle-se-declare-incompetente\\\/#article\",\"isPartOf\":{\"@id\":\"https:\\\/\\\/congovirtuel.com\\\/information\\\/rdc-proces-bukanga-lonzo-la-cour-constitutionnelle-se-declare-incompetente\\\/\"},\"author\":{\"name\":\"infocongovirtuel\",\"@id\":\"https:\\\/\\\/congovirtuel.com\\\/information\\\/#\\\/schema\\\/person\\\/739a44bf7990966cb53d58d2fdeca0b6\"},\"headline\":\"RDC: Proc\u00e8s Bukanga Lonzo : la Cour constitutionnelle se d\u00e9clare \u00abincomp\u00e9tente\u00bb\",\"datePublished\":\"2021-11-15T10:37:22+00:00\",\"dateModified\":\"2021-11-15T10:40:07+00:00\",\"mainEntityOfPage\":{\"@id\":\"https:\\\/\\\/congovirtuel.com\\\/information\\\/rdc-proces-bukanga-lonzo-la-cour-constitutionnelle-se-declare-incompetente\\\/\"},\"wordCount\":168,\"commentCount\":0,\"publisher\":{\"@id\":\"https:\\\/\\\/congovirtuel.com\\\/information\\\/#organization\"},\"image\":{\"@id\":\"https:\\\/\\\/congovirtuel.com\\\/information\\\/rdc-proces-bukanga-lonzo-la-cour-constitutionnelle-se-declare-incompetente\\\/#primaryimage\"},\"thumbnailUrl\":\"https:\\\/\\\/congovirtuel.com\\\/information\\\/wp-content\\\/uploads\\\/2020\\\/12\\\/matata_ponyo-1200-x-656.jpg\",\"articleSection\":[\"Justice\"],\"inLanguage\":\"fr-FR\",\"potentialAction\":[{\"@type\":\"CommentAction\",\"name\":\"Comment\",\"target\":[\"https:\\\/\\\/congovirtuel.com\\\/information\\\/rdc-proces-bukanga-lonzo-la-cour-constitutionnelle-se-declare-incompetente\\\/#respond\"]}]},{\"@type\":\"WebPage\",\"@id\":\"https:\\\/\\\/congovirtuel.com\\\/information\\\/rdc-proces-bukanga-lonzo-la-cour-constitutionnelle-se-declare-incompetente\\\/\",\"url\":\"https:\\\/\\\/congovirtuel.com\\\/information\\\/rdc-proces-bukanga-lonzo-la-cour-constitutionnelle-se-declare-incompetente\\\/\",\"name\":\"RDC: Proc\u00e8s Bukanga Lonzo : la Cour constitutionnelle se d\u00e9clare \u00abincomp\u00e9tente\u00bb - Actualit\u00e9s congolaises et internationales\",\"isPartOf\":{\"@id\":\"https:\\\/\\\/congovirtuel.com\\\/information\\\/#website\"},\"primaryImageOfPage\":{\"@id\":\"https:\\\/\\\/congovirtuel.com\\\/information\\\/rdc-proces-bukanga-lonzo-la-cour-constitutionnelle-se-declare-incompetente\\\/#primaryimage\"},\"image\":{\"@id\":\"https:\\\/\\\/congovirtuel.com\\\/information\\\/rdc-proces-bukanga-lonzo-la-cour-constitutionnelle-se-declare-incompetente\\\/#primaryimage\"},\"thumbnailUrl\":\"https:\\\/\\\/congovirtuel.com\\\/information\\\/wp-content\\\/uploads\\\/2020\\\/12\\\/matata_ponyo-1200-x-656.jpg\",\"datePublished\":\"2021-11-15T10:37:22+00:00\",\"dateModified\":\"2021-11-15T10:40:07+00:00\",\"breadcrumb\":{\"@id\":\"https:\\\/\\\/congovirtuel.com\\\/information\\\/rdc-proces-bukanga-lonzo-la-cour-constitutionnelle-se-declare-incompetente\\\/#breadcrumb\"},\"inLanguage\":\"fr-FR\",\"potentialAction\":[{\"@type\":\"ReadAction\",\"target\":[\"https:\\\/\\\/congovirtuel.com\\\/information\\\/rdc-proces-bukanga-lonzo-la-cour-constitutionnelle-se-declare-incompetente\\\/\"]}]},{\"@type\":\"ImageObject\",\"inLanguage\":\"fr-FR\",\"@id\":\"https:\\\/\\\/congovirtuel.com\\\/information\\\/rdc-proces-bukanga-lonzo-la-cour-constitutionnelle-se-declare-incompetente\\\/#primaryimage\",\"url\":\"https:\\\/\\\/congovirtuel.com\\\/information\\\/wp-content\\\/uploads\\\/2020\\\/12\\\/matata_ponyo-1200-x-656.jpg\",\"contentUrl\":\"https:\\\/\\\/congovirtuel.com\\\/information\\\/wp-content\\\/uploads\\\/2020\\\/12\\\/matata_ponyo-1200-x-656.jpg\",\"width\":1200,\"height\":656,\"caption\":\"Matata Ponyo\"},{\"@type\":\"BreadcrumbList\",\"@id\":\"https:\\\/\\\/congovirtuel.com\\\/information\\\/rdc-proces-bukanga-lonzo-la-cour-constitutionnelle-se-declare-incompetente\\\/#breadcrumb\",\"itemListElement\":[{\"@type\":\"ListItem\",\"position\":1,\"name\":\"Accueil\",\"item\":\"https:\\\/\\\/congovirtuel.com\\\/information\\\/\"},{\"@type\":\"ListItem\",\"position\":2,\"name\":\"RDC: Proc\u00e8s Bukanga Lonzo : la Cour constitutionnelle se d\u00e9clare \u00abincomp\u00e9tente\u00bb\"}]},{\"@type\":\"WebSite\",\"@id\":\"https:\\\/\\\/congovirtuel.com\\\/information\\\/#website\",\"url\":\"https:\\\/\\\/congovirtuel.com\\\/information\\\/\",\"name\":\"Actualit\u00e9s congolaises et internationales\",\"description\":\"site d&#039;analyse et de traitement d&#039;information\",\"publisher\":{\"@id\":\"https:\\\/\\\/congovirtuel.com\\\/information\\\/#organization\"},\"potentialAction\":[{\"@type\":\"SearchAction\",\"target\":{\"@type\":\"EntryPoint\",\"urlTemplate\":\"https:\\\/\\\/congovirtuel.com\\\/information\\\/?s={search_term_string}\"},\"query-input\":{\"@type\":\"PropertyValueSpecification\",\"valueRequired\":true,\"valueName\":\"search_term_string\"}}],\"inLanguage\":\"fr-FR\"},{\"@type\":\"Organization\",\"@id\":\"https:\\\/\\\/congovirtuel.com\\\/information\\\/#organization\",\"name\":\"Biblioth\u00e8que Virtuelle de la RDC\",\"url\":\"https:\\\/\\\/congovirtuel.com\\\/information\\\/\",\"logo\":{\"@type\":\"ImageObject\",\"inLanguage\":\"fr-FR\",\"@id\":\"https:\\\/\\\/congovirtuel.com\\\/information\\\/#\\\/schema\\\/logo\\\/image\\\/\",\"url\":\"https:\\\/\\\/congovirtuel.com\\\/information\\\/wp-content\\\/uploads\\\/2018\\\/10\\\/header-info-congovirtuel-vraie.jpg\",\"contentUrl\":\"https:\\\/\\\/congovirtuel.com\\\/information\\\/wp-content\\\/uploads\\\/2018\\\/10\\\/header-info-congovirtuel-vraie.jpg\",\"width\":728,\"height\":90,\"caption\":\"Biblioth\u00e8que Virtuelle de la RDC\"},\"image\":{\"@id\":\"https:\\\/\\\/congovirtuel.com\\\/information\\\/#\\\/schema\\\/logo\\\/image\\\/\"},\"sameAs\":[\"https:\\\/\\\/web.facebook.com\\\/Congovirtuel-763617960319601\\\/?ref=aymt_homepage_panel&amp;amp;amp;amp;amp;amp;amp;amp;amp;amp;amp;eid=ARCoxULa66767kIgF_KYav6VdjXTI4yk_LW4yoVO9s6NXpysgb7Cb65vpxcxgqzOAKvIbLQxaAETcqHT\",\"https:\\\/\\\/x.com\\\/congovirtuel\",\"https:\\\/\\\/www.youtube.com\\\/channel\\\/UCkFfprYzGgS3EWNpeMXpToQ?view_as=subscriber\"]},{\"@type\":\"Person\",\"@id\":\"https:\\\/\\\/congovirtuel.com\\\/information\\\/#\\\/schema\\\/person\\\/739a44bf7990966cb53d58d2fdeca0b6\",\"name\":\"infocongovirtuel\",\"image\":{\"@type\":\"ImageObject\",\"inLanguage\":\"fr-FR\",\"@id\":\"https:\\\/\\\/secure.gravatar.com\\\/avatar\\\/4d76991aa72469f0eb22e772586c99113c6997f88da636a9db8f2ce3a2c05e69?s=96&d=mm&r=g\",\"url\":\"https:\\\/\\\/secure.gravatar.com\\\/avatar\\\/4d76991aa72469f0eb22e772586c99113c6997f88da636a9db8f2ce3a2c05e69?s=96&d=mm&r=g\",\"contentUrl\":\"https:\\\/\\\/secure.gravatar.com\\\/avatar\\\/4d76991aa72469f0eb22e772586c99113c6997f88da636a9db8f2ce3a2c05e69?s=96&d=mm&r=g\",\"caption\":\"infocongovirtuel\"},\"url\":\"https:\\\/\\\/congovirtuel.com\\\/information\\\/author\\\/infocongovirtuel\\\/\"}]}<\/script>\n<!-- \/ Yoast SEO plugin. -->","yoast_head_json":{"title":"RDC: Proc\u00e8s Bukanga Lonzo : la Cour constitutionnelle se d\u00e9clare \u00abincomp\u00e9tente\u00bb - Actualit\u00e9s congolaises et internationales","robots":{"index":"index","follow":"follow","max-snippet":"max-snippet:-1","max-image-preview":"max-image-preview:large","max-video-preview":"max-video-preview:-1"},"canonical":"https:\/\/congovirtuel.com\/information\/rdc-proces-bukanga-lonzo-la-cour-constitutionnelle-se-declare-incompetente\/","og_locale":"fr_FR","og_type":"article","og_title":"RDC: Proc\u00e8s Bukanga Lonzo : la Cour constitutionnelle se d\u00e9clare \u00abincomp\u00e9tente\u00bb - Actualit\u00e9s congolaises et internationales","og_description":"La Cour constitutionnelle s&rsquo;est d\u00e9clar\u00e9e incomp\u00e9tente dans l&rsquo;affaire mettant en cause l&rsquo;ancien Premier Ministre Matata Ponyo, l&rsquo;ancien Ministre d\u00e9l\u00e9gu\u00e9 aux Finances Patrice Kitebi et le responsable de la Soci\u00e9t\u00e9 AFRICOM Christo Grobler concernant la d\u00e9b\u00e2cle de Bukanga Lonzo. Statuant sur les exceptions soulev\u00e9es par les Avocats de la partie Matata, la Cour a jug\u00e9 que le Premier Ministre est justiciable devant la Cour constitutionnelle pendant la dur\u00e9e de sa fonction et pour les infractions qu&rsquo;il commet, m\u00eame en dehors de l&rsquo;exercice de son mandat ; mais une fois sa fonction&hellip;","og_url":"https:\/\/congovirtuel.com\/information\/rdc-proces-bukanga-lonzo-la-cour-constitutionnelle-se-declare-incompetente\/","og_site_name":"Actualit\u00e9s congolaises et internationales","article_publisher":"https:\/\/web.facebook.com\/Congovirtuel-763617960319601\/?ref=aymt_homepage_panel&amp%3bamp%3bamp%3bamp%3bamp%3bamp%3bamp%3bamp%3bamp%3bamp%3bamp%3beid=ARCoxULa66767kIgF_KYav6VdjXTI4yk_LW4yoVO9s6NXpysgb7Cb65vpxcxgqzOAKvIbLQxaAETcqHT","article_published_time":"2021-11-15T10:37:22+00:00","article_modified_time":"2021-11-15T10:40:07+00:00","og_image":[{"width":1200,"height":656,"url":"https:\/\/congovirtuel.com\/information\/wp-content\/uploads\/2020\/12\/matata_ponyo-1200-x-656.jpg","type":"image\/jpeg"}],"author":"infocongovirtuel","twitter_card":"summary_large_image","twitter_creator":"@congovirtuel","twitter_site":"@congovirtuel","twitter_misc":{"\u00c9crit par":"infocongovirtuel","Dur\u00e9e de lecture estim\u00e9e":"1 minute"},"schema":{"@context":"https:\/\/schema.org","@graph":[{"@type":"Article","@id":"https:\/\/congovirtuel.com\/information\/rdc-proces-bukanga-lonzo-la-cour-constitutionnelle-se-declare-incompetente\/#article","isPartOf":{"@id":"https:\/\/congovirtuel.com\/information\/rdc-proces-bukanga-lonzo-la-cour-constitutionnelle-se-declare-incompetente\/"},"author":{"name":"infocongovirtuel","@id":"https:\/\/congovirtuel.com\/information\/#\/schema\/person\/739a44bf7990966cb53d58d2fdeca0b6"},"headline":"RDC: Proc\u00e8s Bukanga Lonzo : la Cour constitutionnelle se d\u00e9clare \u00abincomp\u00e9tente\u00bb","datePublished":"2021-11-15T10:37:22+00:00","dateModified":"2021-11-15T10:40:07+00:00","mainEntityOfPage":{"@id":"https:\/\/congovirtuel.com\/information\/rdc-proces-bukanga-lonzo-la-cour-constitutionnelle-se-declare-incompetente\/"},"wordCount":168,"commentCount":0,"publisher":{"@id":"https:\/\/congovirtuel.com\/information\/#organization"},"image":{"@id":"https:\/\/congovirtuel.com\/information\/rdc-proces-bukanga-lonzo-la-cour-constitutionnelle-se-declare-incompetente\/#primaryimage"},"thumbnailUrl":"https:\/\/congovirtuel.com\/information\/wp-content\/uploads\/2020\/12\/matata_ponyo-1200-x-656.jpg","articleSection":["Justice"],"inLanguage":"fr-FR","potentialAction":[{"@type":"CommentAction","name":"Comment","target":["https:\/\/congovirtuel.com\/information\/rdc-proces-bukanga-lonzo-la-cour-constitutionnelle-se-declare-incompetente\/#respond"]}]},{"@type":"WebPage","@id":"https:\/\/congovirtuel.com\/information\/rdc-proces-bukanga-lonzo-la-cour-constitutionnelle-se-declare-incompetente\/","url":"https:\/\/congovirtuel.com\/information\/rdc-proces-bukanga-lonzo-la-cour-constitutionnelle-se-declare-incompetente\/","name":"RDC: Proc\u00e8s Bukanga Lonzo : la Cour constitutionnelle se d\u00e9clare \u00abincomp\u00e9tente\u00bb - Actualit\u00e9s congolaises et internationales","isPartOf":{"@id":"https:\/\/congovirtuel.com\/information\/#website"},"primaryImageOfPage":{"@id":"https:\/\/congovirtuel.com\/information\/rdc-proces-bukanga-lonzo-la-cour-constitutionnelle-se-declare-incompetente\/#primaryimage"},"image":{"@id":"https:\/\/congovirtuel.com\/information\/rdc-proces-bukanga-lonzo-la-cour-constitutionnelle-se-declare-incompetente\/#primaryimage"},"thumbnailUrl":"https:\/\/congovirtuel.com\/information\/wp-content\/uploads\/2020\/12\/matata_ponyo-1200-x-656.jpg","datePublished":"2021-11-15T10:37:22+00:00","dateModified":"2021-11-15T10:40:07+00:00","breadcrumb":{"@id":"https:\/\/congovirtuel.com\/information\/rdc-proces-bukanga-lonzo-la-cour-constitutionnelle-se-declare-incompetente\/#breadcrumb"},"inLanguage":"fr-FR","potentialAction":[{"@type":"ReadAction","target":["https:\/\/congovirtuel.com\/information\/rdc-proces-bukanga-lonzo-la-cour-constitutionnelle-se-declare-incompetente\/"]}]},{"@type":"ImageObject","inLanguage":"fr-FR","@id":"https:\/\/congovirtuel.com\/information\/rdc-proces-bukanga-lonzo-la-cour-constitutionnelle-se-declare-incompetente\/#primaryimage","url":"https:\/\/congovirtuel.com\/information\/wp-content\/uploads\/2020\/12\/matata_ponyo-1200-x-656.jpg","contentUrl":"https:\/\/congovirtuel.com\/information\/wp-content\/uploads\/2020\/12\/matata_ponyo-1200-x-656.jpg","width":1200,"height":656,"caption":"Matata Ponyo"},{"@type":"BreadcrumbList","@id":"https:\/\/congovirtuel.com\/information\/rdc-proces-bukanga-lonzo-la-cour-constitutionnelle-se-declare-incompetente\/#breadcrumb","itemListElement":[{"@type":"ListItem","position":1,"name":"Accueil","item":"https:\/\/congovirtuel.com\/information\/"},{"@type":"ListItem","position":2,"name":"RDC: Proc\u00e8s Bukanga Lonzo : la Cour constitutionnelle se d\u00e9clare \u00abincomp\u00e9tente\u00bb"}]},{"@type":"WebSite","@id":"https:\/\/congovirtuel.com\/information\/#website","url":"https:\/\/congovirtuel.com\/information\/","name":"Actualit\u00e9s congolaises et internationales","description":"site d&#039;analyse et de traitement d&#039;information","publisher":{"@id":"https:\/\/congovirtuel.com\/information\/#organization"},"potentialAction":[{"@type":"SearchAction","target":{"@type":"EntryPoint","urlTemplate":"https:\/\/congovirtuel.com\/information\/?s={search_term_string}"},"query-input":{"@type":"PropertyValueSpecification","valueRequired":true,"valueName":"search_term_string"}}],"inLanguage":"fr-FR"},{"@type":"Organization","@id":"https:\/\/congovirtuel.com\/information\/#organization","name":"Biblioth\u00e8que Virtuelle de la RDC","url":"https:\/\/congovirtuel.com\/information\/","logo":{"@type":"ImageObject","inLanguage":"fr-FR","@id":"https:\/\/congovirtuel.com\/information\/#\/schema\/logo\/image\/","url":"https:\/\/congovirtuel.com\/information\/wp-content\/uploads\/2018\/10\/header-info-congovirtuel-vraie.jpg","contentUrl":"https:\/\/congovirtuel.com\/information\/wp-content\/uploads\/2018\/10\/header-info-congovirtuel-vraie.jpg","width":728,"height":90,"caption":"Biblioth\u00e8que Virtuelle de la RDC"},"image":{"@id":"https:\/\/congovirtuel.com\/information\/#\/schema\/logo\/image\/"},"sameAs":["https:\/\/web.facebook.com\/Congovirtuel-763617960319601\/?ref=aymt_homepage_panel&amp;amp;amp;amp;amp;amp;amp;amp;amp;amp;amp;eid=ARCoxULa66767kIgF_KYav6VdjXTI4yk_LW4yoVO9s6NXpysgb7Cb65vpxcxgqzOAKvIbLQxaAETcqHT","https:\/\/x.com\/congovirtuel","https:\/\/www.youtube.com\/channel\/UCkFfprYzGgS3EWNpeMXpToQ?view_as=subscriber"]},{"@type":"Person","@id":"https:\/\/congovirtuel.com\/information\/#\/schema\/person\/739a44bf7990966cb53d58d2fdeca0b6","name":"infocongovirtuel","image":{"@type":"ImageObject","inLanguage":"fr-FR","@id":"https:\/\/secure.gravatar.com\/avatar\/4d76991aa72469f0eb22e772586c99113c6997f88da636a9db8f2ce3a2c05e69?s=96&d=mm&r=g","url":"https:\/\/secure.gravatar.com\/avatar\/4d76991aa72469f0eb22e772586c99113c6997f88da636a9db8f2ce3a2c05e69?s=96&d=mm&r=g","contentUrl":"https:\/\/secure.gravatar.com\/avatar\/4d76991aa72469f0eb22e772586c99113c6997f88da636a9db8f2ce3a2c05e69?s=96&d=mm&r=g","caption":"infocongovirtuel"},"url":"https:\/\/congovirtuel.com\/information\/author\/infocongovirtuel\/"}]}},"gt_translate_keys":[{"key":"link","format":"url"}],"_links":{"self":[{"href":"https:\/\/congovirtuel.com\/information\/wp-json\/wp\/v2\/posts\/15367","targetHints":{"allow":["GET"]}}],"collection":[{"href":"https:\/\/congovirtuel.com\/information\/wp-json\/wp\/v2\/posts"}],"about":[{"href":"https:\/\/congovirtuel.com\/information\/wp-json\/wp\/v2\/types\/post"}],"author":[{"embeddable":true,"href":"https:\/\/congovirtuel.com\/information\/wp-json\/wp\/v2\/users\/1"}],"replies":[{"embeddable":true,"href":"https:\/\/congovirtuel.com\/information\/wp-json\/wp\/v2\/comments?post=15367"}],"version-history":[{"count":2,"href":"https:\/\/congovirtuel.com\/information\/wp-json\/wp\/v2\/posts\/15367\/revisions"}],"predecessor-version":[{"id":15370,"href":"https:\/\/congovirtuel.com\/information\/wp-json\/wp\/v2\/posts\/15367\/revisions\/15370"}],"wp:featuredmedia":[{"embeddable":true,"href":"https:\/\/congovirtuel.com\/information\/wp-json\/wp\/v2\/media\/4781"}],"wp:attachment":[{"href":"https:\/\/congovirtuel.com\/information\/wp-json\/wp\/v2\/media?parent=15367"}],"wp:term":[{"taxonomy":"category","embeddable":true,"href":"https:\/\/congovirtuel.com\/information\/wp-json\/wp\/v2\/categories?post=15367"},{"taxonomy":"post_tag","embeddable":true,"href":"https:\/\/congovirtuel.com\/information\/wp-json\/wp\/v2\/tags?post=15367"}],"curies":[{"name":"wp","href":"https:\/\/api.w.org\/{rel}","templated":true}]}}