{"id":154,"date":"2019-07-24T09:35:14","date_gmt":"2019-07-24T07:35:14","guid":{"rendered":"https:\/\/congovirtuel.com\/information\/?p=154"},"modified":"2019-07-24T09:35:16","modified_gmt":"2019-07-24T07:35:16","slug":"gambie-lex-president-jammeh-accuse-davoir-fait-tuer-des-dizaines-de-migrants-ghaneens","status":"publish","type":"post","link":"https:\/\/congovirtuel.com\/information\/gambie-lex-president-jammeh-accuse-davoir-fait-tuer-des-dizaines-de-migrants-ghaneens\/","title":{"rendered":"Gambie: l&rsquo;ex-pr\u00e9sident Jammeh accus\u00e9 d&rsquo;avoir fait tuer des dizaines de migrants ghan\u00e9ens","gt_translate_keys":[{"key":"rendered","format":"text"}]},"content":{"rendered":"\n<p class=\"wp-block-paragraph\"> Une trentaine de migrants originaires du Ghana ont \u00e9t\u00e9 ex\u00e9cut\u00e9s sommairement par une unit\u00e9 paramilitaire sur ordre de l&rsquo;ex-pr\u00e9sident gambien Yahya Jammeh, ont accus\u00e9 mardi deux anciens membre de la garde pr\u00e9sidentielle, reconnaissant avoir particip\u00e9 au massacre, lors d&rsquo;une audition publique devant la Commission v\u00e9rit\u00e9 et r\u00e9conciliation (TRRC). <\/p>\n\n\n\n<p class=\"wp-block-paragraph\">Les meurtres, qui remontent \u00e0 juillet 2005, visaient 30 Ghan\u00e9ens faisant partie d&rsquo;un groupe de migrants clandestins &#8211; 44 Ghan\u00e9ens et plusieurs Nig\u00e9rians, S\u00e9n\u00e9galais et Togolais &#8211; arr\u00eat\u00e9s sur une plage de Gambie alors qu&rsquo;ils tentaient de se rendre en Europe.<\/p>\n\n\n\n<p class=\"wp-block-paragraph\">\u00ab\u00a0<em>Yahya Jammeh a ordonn\u00e9 l&rsquo;ex\u00e9cution de ces ressortissants \u00e9trangers<\/em>\u00ab\u00a0, pr\u00e9sent\u00e9s comme des \u00ab\u00a0<em>mercenaires<\/em>\u00a0\u00bb venus renverser le pr\u00e9sident, a d\u00e9clar\u00e9 devant la TRRC Omar Jallow, qui \u00e9tait membre des \u00ab\u00a0<em>junglers<\/em>\u00ab\u00a0, une unit\u00e9 officieuse de soldats choisis au sein de la garde nationale.<\/p>\n\n\n\n<p class=\"wp-block-paragraph\">Selon son r\u00e9cit, qui confirme une enqu\u00eate des ONG Human Rights Watch (HRW) et TRIAL, ces 30 Ghan\u00e9ens ont \u00e9t\u00e9 s\u00e9par\u00e9s du reste du groupe et emmen\u00e9s dans le village du pr\u00e9sident, Kanilai, avant d&rsquo;\u00eatre conduits sur un lieu d&rsquo;ex\u00e9cution en Casamance, la r\u00e9gion du sud du S\u00e9n\u00e9gal, frontali\u00e8re de la Gambie.<\/p>\n\n\n\n<script async src=\"\/\/pagead2.googlesyndication.com\/pagead\/js\/adsbygoogle.js\"><\/script>\n<!-- code responsive -->\n<ins class=\"adsbygoogle\"\n     style=\"display:block\"\n     data-ad-client=\"ca-pub-2119363214666215\"\n     data-ad-slot=\"1973679082\"\n     data-ad-format=\"auto\"><\/ins>\n<script>\n(adsbygoogle = window.adsbygoogle || []).push({});\n<\/script>\n\n\n\n<p class=\"wp-block-paragraph\">Les autres migrants ont \u00e9galement \u00e9t\u00e9 tu\u00e9s, \u00e0 l&rsquo;exception de Martin Kyere, l&rsquo;unique survivant ghan\u00e9en connu, qui avait r\u00e9ussi \u00e0 se lib\u00e9rer et \u00e0 sauter du v\u00e9hicule en marche pour s&rsquo;\u00e9vader, selon HRW et TRIAL. Yahya Jammeh, en exil en Guin\u00e9e Equatoriale depuis janvier 2017, a toujours d\u00e9menti \u00eatre impliqu\u00e9 dans ces assassinats.<\/p>\n\n\n\n<p class=\"wp-block-paragraph\">BELGA &#8211; RTBF<\/p>\n","protected":false,"gt_translate_keys":[{"key":"rendered","format":"html"}]},"excerpt":{"rendered":"<p>Une trentaine de migrants originaires du Ghana ont \u00e9t\u00e9 ex\u00e9cut\u00e9s sommairement par une unit\u00e9 paramilitaire sur ordre de l&rsquo;ex-pr\u00e9sident gambien Yahya Jammeh, ont accus\u00e9 mardi deux anciens membre de la garde pr\u00e9sidentielle, reconnaissant avoir particip\u00e9 au massacre, lors d&rsquo;une audition publique devant la Commission v\u00e9rit\u00e9 et r\u00e9conciliation (TRRC). Les meurtres, qui remontent \u00e0 juillet 2005, visaient 30 Ghan\u00e9ens faisant partie d&rsquo;un groupe de migrants clandestins &#8211; 44 Ghan\u00e9ens et plusieurs Nig\u00e9rians, S\u00e9n\u00e9galais et Togolais &#8211; arr\u00eat\u00e9s sur une plage de Gambie alors qu&rsquo;ils tentaient de se rendre en Europe. \u00ab\u00a0Yahya&hellip;<\/p>\n","protected":false,"gt_translate_keys":[{"key":"rendered","format":"html"}]},"author":1,"featured_media":155,"comment_status":"open","ping_status":"open","sticky":false,"template":"","format":"standard","meta":{"_crdt_document":"","footnotes":""},"categories":[6],"tags":[],"class_list":["post-154","post","type-post","status-publish","format-standard","has-post-thumbnail","hentry","category-internationale"],"gutentor_comment":0,"yoast_head":"<!-- This site is optimized with the Yoast SEO plugin v27.5 - https:\/\/yoast.com\/product\/yoast-seo-wordpress\/ -->\n<title>Gambie: l&#039;ex-pr\u00e9sident Jammeh accus\u00e9 d&#039;avoir fait tuer des dizaines de migrants ghan\u00e9ens - Actualit\u00e9s congolaises et internationales<\/title>\n<meta name=\"robots\" content=\"index, follow, max-snippet:-1, max-image-preview:large, max-video-preview:-1\" \/>\n<link rel=\"canonical\" href=\"https:\/\/congovirtuel.com\/information\/gambie-lex-president-jammeh-accuse-davoir-fait-tuer-des-dizaines-de-migrants-ghaneens\/\" \/>\n<meta property=\"og:locale\" content=\"fr_FR\" \/>\n<meta property=\"og:type\" content=\"article\" \/>\n<meta property=\"og:title\" content=\"Gambie: l&#039;ex-pr\u00e9sident Jammeh accus\u00e9 d&#039;avoir fait tuer des dizaines de migrants ghan\u00e9ens - Actualit\u00e9s congolaises et internationales\" \/>\n<meta property=\"og:description\" content=\"Une trentaine de migrants originaires du Ghana ont \u00e9t\u00e9 ex\u00e9cut\u00e9s sommairement par une unit\u00e9 paramilitaire sur ordre de l&rsquo;ex-pr\u00e9sident gambien Yahya Jammeh, ont accus\u00e9 mardi deux anciens membre de la garde pr\u00e9sidentielle, reconnaissant avoir particip\u00e9 au massacre, lors d&rsquo;une audition publique devant la Commission v\u00e9rit\u00e9 et r\u00e9conciliation (TRRC). Les meurtres, qui remontent \u00e0 juillet 2005, visaient 30 Ghan\u00e9ens faisant partie d&rsquo;un groupe de migrants clandestins &#8211; 44 Ghan\u00e9ens et plusieurs Nig\u00e9rians, S\u00e9n\u00e9galais et Togolais &#8211; arr\u00eat\u00e9s sur une plage de Gambie alors qu&rsquo;ils tentaient de se rendre en Europe. \u00ab\u00a0Yahya&hellip;\" \/>\n<meta property=\"og:url\" content=\"https:\/\/congovirtuel.com\/information\/gambie-lex-president-jammeh-accuse-davoir-fait-tuer-des-dizaines-de-migrants-ghaneens\/\" \/>\n<meta property=\"og:site_name\" content=\"Actualit\u00e9s congolaises et internationales\" \/>\n<meta property=\"article:publisher\" content=\"https:\/\/web.facebook.com\/Congovirtuel-763617960319601\/?ref=aymt_homepage_panel&amp;amp%3bamp%3bamp%3bamp%3bamp%3bamp%3bamp%3bamp%3bamp%3bamp%3bamp%3beid=ARCoxULa66767kIgF_KYav6VdjXTI4yk_LW4yoVO9s6NXpysgb7Cb65vpxcxgqzOAKvIbLQxaAETcqHT\" \/>\n<meta property=\"article:published_time\" content=\"2019-07-24T07:35:14+00:00\" \/>\n<meta property=\"article:modified_time\" content=\"2019-07-24T07:35:16+00:00\" \/>\n<meta property=\"og:image\" content=\"https:\/\/congovirtuel.com\/information\/wp-content\/uploads\/2019\/07\/jahmey.jpg\" \/>\n\t<meta property=\"og:image:width\" content=\"1248\" \/>\n\t<meta property=\"og:image:height\" content=\"701\" \/>\n\t<meta property=\"og:image:type\" content=\"image\/jpeg\" \/>\n<meta name=\"author\" content=\"infocongovirtuel\" \/>\n<meta name=\"twitter:card\" content=\"summary_large_image\" \/>\n<meta name=\"twitter:creator\" content=\"@congovirtuel\" \/>\n<meta name=\"twitter:site\" content=\"@congovirtuel\" \/>\n<meta name=\"twitter:label1\" content=\"\u00c9crit par\" \/>\n\t<meta name=\"twitter:data1\" content=\"infocongovirtuel\" \/>\n\t<meta name=\"twitter:label2\" content=\"Dur\u00e9e de lecture estim\u00e9e\" \/>\n\t<meta name=\"twitter:data2\" content=\"1 minute\" \/>\n<script type=\"application\/ld+json\" class=\"yoast-schema-graph\">{\"@context\":\"https:\\\/\\\/schema.org\",\"@graph\":[{\"@type\":\"Article\",\"@id\":\"https:\\\/\\\/congovirtuel.com\\\/information\\\/gambie-lex-president-jammeh-accuse-davoir-fait-tuer-des-dizaines-de-migrants-ghaneens\\\/#article\",\"isPartOf\":{\"@id\":\"https:\\\/\\\/congovirtuel.com\\\/information\\\/gambie-lex-president-jammeh-accuse-davoir-fait-tuer-des-dizaines-de-migrants-ghaneens\\\/\"},\"author\":{\"name\":\"infocongovirtuel\",\"@id\":\"https:\\\/\\\/congovirtuel.com\\\/information\\\/#\\\/schema\\\/person\\\/739a44bf7990966cb53d58d2fdeca0b6\"},\"headline\":\"Gambie: l&rsquo;ex-pr\u00e9sident Jammeh accus\u00e9 d&rsquo;avoir fait tuer des dizaines de migrants ghan\u00e9ens\",\"datePublished\":\"2019-07-24T07:35:14+00:00\",\"dateModified\":\"2019-07-24T07:35:16+00:00\",\"mainEntityOfPage\":{\"@id\":\"https:\\\/\\\/congovirtuel.com\\\/information\\\/gambie-lex-president-jammeh-accuse-davoir-fait-tuer-des-dizaines-de-migrants-ghaneens\\\/\"},\"wordCount\":292,\"commentCount\":0,\"publisher\":{\"@id\":\"https:\\\/\\\/congovirtuel.com\\\/information\\\/#organization\"},\"image\":{\"@id\":\"https:\\\/\\\/congovirtuel.com\\\/information\\\/gambie-lex-president-jammeh-accuse-davoir-fait-tuer-des-dizaines-de-migrants-ghaneens\\\/#primaryimage\"},\"thumbnailUrl\":\"https:\\\/\\\/congovirtuel.com\\\/information\\\/wp-content\\\/uploads\\\/2019\\\/07\\\/jahmey.jpg\",\"articleSection\":[\"Internationale\"],\"inLanguage\":\"fr-FR\",\"potentialAction\":[{\"@type\":\"CommentAction\",\"name\":\"Comment\",\"target\":[\"https:\\\/\\\/congovirtuel.com\\\/information\\\/gambie-lex-president-jammeh-accuse-davoir-fait-tuer-des-dizaines-de-migrants-ghaneens\\\/#respond\"]}]},{\"@type\":\"WebPage\",\"@id\":\"https:\\\/\\\/congovirtuel.com\\\/information\\\/gambie-lex-president-jammeh-accuse-davoir-fait-tuer-des-dizaines-de-migrants-ghaneens\\\/\",\"url\":\"https:\\\/\\\/congovirtuel.com\\\/information\\\/gambie-lex-president-jammeh-accuse-davoir-fait-tuer-des-dizaines-de-migrants-ghaneens\\\/\",\"name\":\"Gambie: l'ex-pr\u00e9sident Jammeh accus\u00e9 d'avoir fait tuer des dizaines de migrants ghan\u00e9ens - Actualit\u00e9s congolaises et internationales\",\"isPartOf\":{\"@id\":\"https:\\\/\\\/congovirtuel.com\\\/information\\\/#website\"},\"primaryImageOfPage\":{\"@id\":\"https:\\\/\\\/congovirtuel.com\\\/information\\\/gambie-lex-president-jammeh-accuse-davoir-fait-tuer-des-dizaines-de-migrants-ghaneens\\\/#primaryimage\"},\"image\":{\"@id\":\"https:\\\/\\\/congovirtuel.com\\\/information\\\/gambie-lex-president-jammeh-accuse-davoir-fait-tuer-des-dizaines-de-migrants-ghaneens\\\/#primaryimage\"},\"thumbnailUrl\":\"https:\\\/\\\/congovirtuel.com\\\/information\\\/wp-content\\\/uploads\\\/2019\\\/07\\\/jahmey.jpg\",\"datePublished\":\"2019-07-24T07:35:14+00:00\",\"dateModified\":\"2019-07-24T07:35:16+00:00\",\"breadcrumb\":{\"@id\":\"https:\\\/\\\/congovirtuel.com\\\/information\\\/gambie-lex-president-jammeh-accuse-davoir-fait-tuer-des-dizaines-de-migrants-ghaneens\\\/#breadcrumb\"},\"inLanguage\":\"fr-FR\",\"potentialAction\":[{\"@type\":\"ReadAction\",\"target\":[\"https:\\\/\\\/congovirtuel.com\\\/information\\\/gambie-lex-president-jammeh-accuse-davoir-fait-tuer-des-dizaines-de-migrants-ghaneens\\\/\"]}]},{\"@type\":\"ImageObject\",\"inLanguage\":\"fr-FR\",\"@id\":\"https:\\\/\\\/congovirtuel.com\\\/information\\\/gambie-lex-president-jammeh-accuse-davoir-fait-tuer-des-dizaines-de-migrants-ghaneens\\\/#primaryimage\",\"url\":\"https:\\\/\\\/congovirtuel.com\\\/information\\\/wp-content\\\/uploads\\\/2019\\\/07\\\/jahmey.jpg\",\"contentUrl\":\"https:\\\/\\\/congovirtuel.com\\\/information\\\/wp-content\\\/uploads\\\/2019\\\/07\\\/jahmey.jpg\",\"width\":1248,\"height\":701},{\"@type\":\"BreadcrumbList\",\"@id\":\"https:\\\/\\\/congovirtuel.com\\\/information\\\/gambie-lex-president-jammeh-accuse-davoir-fait-tuer-des-dizaines-de-migrants-ghaneens\\\/#breadcrumb\",\"itemListElement\":[{\"@type\":\"ListItem\",\"position\":1,\"name\":\"Accueil\",\"item\":\"https:\\\/\\\/congovirtuel.com\\\/information\\\/\"},{\"@type\":\"ListItem\",\"position\":2,\"name\":\"Gambie: l&rsquo;ex-pr\u00e9sident Jammeh accus\u00e9 d&rsquo;avoir fait tuer des dizaines de migrants ghan\u00e9ens\"}]},{\"@type\":\"WebSite\",\"@id\":\"https:\\\/\\\/congovirtuel.com\\\/information\\\/#website\",\"url\":\"https:\\\/\\\/congovirtuel.com\\\/information\\\/\",\"name\":\"Actualit\u00e9s congolaises et internationales\",\"description\":\"site d&#039;analyse et de traitement d&#039;information\",\"publisher\":{\"@id\":\"https:\\\/\\\/congovirtuel.com\\\/information\\\/#organization\"},\"potentialAction\":[{\"@type\":\"SearchAction\",\"target\":{\"@type\":\"EntryPoint\",\"urlTemplate\":\"https:\\\/\\\/congovirtuel.com\\\/information\\\/?s={search_term_string}\"},\"query-input\":{\"@type\":\"PropertyValueSpecification\",\"valueRequired\":true,\"valueName\":\"search_term_string\"}}],\"inLanguage\":\"fr-FR\"},{\"@type\":\"Organization\",\"@id\":\"https:\\\/\\\/congovirtuel.com\\\/information\\\/#organization\",\"name\":\"Biblioth\u00e8que Virtuelle de la RDC\",\"url\":\"https:\\\/\\\/congovirtuel.com\\\/information\\\/\",\"logo\":{\"@type\":\"ImageObject\",\"inLanguage\":\"fr-FR\",\"@id\":\"https:\\\/\\\/congovirtuel.com\\\/information\\\/#\\\/schema\\\/logo\\\/image\\\/\",\"url\":\"https:\\\/\\\/congovirtuel.com\\\/information\\\/wp-content\\\/uploads\\\/2018\\\/10\\\/header-info-congovirtuel-vraie.jpg\",\"contentUrl\":\"https:\\\/\\\/congovirtuel.com\\\/information\\\/wp-content\\\/uploads\\\/2018\\\/10\\\/header-info-congovirtuel-vraie.jpg\",\"width\":728,\"height\":90,\"caption\":\"Biblioth\u00e8que Virtuelle de la RDC\"},\"image\":{\"@id\":\"https:\\\/\\\/congovirtuel.com\\\/information\\\/#\\\/schema\\\/logo\\\/image\\\/\"},\"sameAs\":[\"https:\\\/\\\/web.facebook.com\\\/Congovirtuel-763617960319601\\\/?ref=aymt_homepage_panel&amp;amp;amp;amp;amp;amp;amp;amp;amp;amp;amp;eid=ARCoxULa66767kIgF_KYav6VdjXTI4yk_LW4yoVO9s6NXpysgb7Cb65vpxcxgqzOAKvIbLQxaAETcqHT\",\"https:\\\/\\\/x.com\\\/congovirtuel\",\"https:\\\/\\\/www.youtube.com\\\/channel\\\/UCkFfprYzGgS3EWNpeMXpToQ?view_as=subscriber\"]},{\"@type\":\"Person\",\"@id\":\"https:\\\/\\\/congovirtuel.com\\\/information\\\/#\\\/schema\\\/person\\\/739a44bf7990966cb53d58d2fdeca0b6\",\"name\":\"infocongovirtuel\",\"image\":{\"@type\":\"ImageObject\",\"inLanguage\":\"fr-FR\",\"@id\":\"https:\\\/\\\/secure.gravatar.com\\\/avatar\\\/4d76991aa72469f0eb22e772586c99113c6997f88da636a9db8f2ce3a2c05e69?s=96&d=mm&r=g\",\"url\":\"https:\\\/\\\/secure.gravatar.com\\\/avatar\\\/4d76991aa72469f0eb22e772586c99113c6997f88da636a9db8f2ce3a2c05e69?s=96&d=mm&r=g\",\"contentUrl\":\"https:\\\/\\\/secure.gravatar.com\\\/avatar\\\/4d76991aa72469f0eb22e772586c99113c6997f88da636a9db8f2ce3a2c05e69?s=96&d=mm&r=g\",\"caption\":\"infocongovirtuel\"},\"url\":\"https:\\\/\\\/congovirtuel.com\\\/information\\\/author\\\/infocongovirtuel\\\/\"}]}<\/script>\n<!-- \/ Yoast SEO plugin. -->","yoast_head_json":{"title":"Gambie: l'ex-pr\u00e9sident Jammeh accus\u00e9 d'avoir fait tuer des dizaines de migrants ghan\u00e9ens - Actualit\u00e9s congolaises et internationales","robots":{"index":"index","follow":"follow","max-snippet":"max-snippet:-1","max-image-preview":"max-image-preview:large","max-video-preview":"max-video-preview:-1"},"canonical":"https:\/\/congovirtuel.com\/information\/gambie-lex-president-jammeh-accuse-davoir-fait-tuer-des-dizaines-de-migrants-ghaneens\/","og_locale":"fr_FR","og_type":"article","og_title":"Gambie: l'ex-pr\u00e9sident Jammeh accus\u00e9 d'avoir fait tuer des dizaines de migrants ghan\u00e9ens - Actualit\u00e9s congolaises et internationales","og_description":"Une trentaine de migrants originaires du Ghana ont \u00e9t\u00e9 ex\u00e9cut\u00e9s sommairement par une unit\u00e9 paramilitaire sur ordre de l&rsquo;ex-pr\u00e9sident gambien Yahya Jammeh, ont accus\u00e9 mardi deux anciens membre de la garde pr\u00e9sidentielle, reconnaissant avoir particip\u00e9 au massacre, lors d&rsquo;une audition publique devant la Commission v\u00e9rit\u00e9 et r\u00e9conciliation (TRRC). Les meurtres, qui remontent \u00e0 juillet 2005, visaient 30 Ghan\u00e9ens faisant partie d&rsquo;un groupe de migrants clandestins &#8211; 44 Ghan\u00e9ens et plusieurs Nig\u00e9rians, S\u00e9n\u00e9galais et Togolais &#8211; arr\u00eat\u00e9s sur une plage de Gambie alors qu&rsquo;ils tentaient de se rendre en Europe. \u00ab\u00a0Yahya&hellip;","og_url":"https:\/\/congovirtuel.com\/information\/gambie-lex-president-jammeh-accuse-davoir-fait-tuer-des-dizaines-de-migrants-ghaneens\/","og_site_name":"Actualit\u00e9s congolaises et internationales","article_publisher":"https:\/\/web.facebook.com\/Congovirtuel-763617960319601\/?ref=aymt_homepage_panel&amp%3bamp%3bamp%3bamp%3bamp%3bamp%3bamp%3bamp%3bamp%3bamp%3bamp%3beid=ARCoxULa66767kIgF_KYav6VdjXTI4yk_LW4yoVO9s6NXpysgb7Cb65vpxcxgqzOAKvIbLQxaAETcqHT","article_published_time":"2019-07-24T07:35:14+00:00","article_modified_time":"2019-07-24T07:35:16+00:00","og_image":[{"width":1248,"height":701,"url":"https:\/\/congovirtuel.com\/information\/wp-content\/uploads\/2019\/07\/jahmey.jpg","type":"image\/jpeg"}],"author":"infocongovirtuel","twitter_card":"summary_large_image","twitter_creator":"@congovirtuel","twitter_site":"@congovirtuel","twitter_misc":{"\u00c9crit par":"infocongovirtuel","Dur\u00e9e de lecture estim\u00e9e":"1 minute"},"schema":{"@context":"https:\/\/schema.org","@graph":[{"@type":"Article","@id":"https:\/\/congovirtuel.com\/information\/gambie-lex-president-jammeh-accuse-davoir-fait-tuer-des-dizaines-de-migrants-ghaneens\/#article","isPartOf":{"@id":"https:\/\/congovirtuel.com\/information\/gambie-lex-president-jammeh-accuse-davoir-fait-tuer-des-dizaines-de-migrants-ghaneens\/"},"author":{"name":"infocongovirtuel","@id":"https:\/\/congovirtuel.com\/information\/#\/schema\/person\/739a44bf7990966cb53d58d2fdeca0b6"},"headline":"Gambie: l&rsquo;ex-pr\u00e9sident Jammeh accus\u00e9 d&rsquo;avoir fait tuer des dizaines de migrants ghan\u00e9ens","datePublished":"2019-07-24T07:35:14+00:00","dateModified":"2019-07-24T07:35:16+00:00","mainEntityOfPage":{"@id":"https:\/\/congovirtuel.com\/information\/gambie-lex-president-jammeh-accuse-davoir-fait-tuer-des-dizaines-de-migrants-ghaneens\/"},"wordCount":292,"commentCount":0,"publisher":{"@id":"https:\/\/congovirtuel.com\/information\/#organization"},"image":{"@id":"https:\/\/congovirtuel.com\/information\/gambie-lex-president-jammeh-accuse-davoir-fait-tuer-des-dizaines-de-migrants-ghaneens\/#primaryimage"},"thumbnailUrl":"https:\/\/congovirtuel.com\/information\/wp-content\/uploads\/2019\/07\/jahmey.jpg","articleSection":["Internationale"],"inLanguage":"fr-FR","potentialAction":[{"@type":"CommentAction","name":"Comment","target":["https:\/\/congovirtuel.com\/information\/gambie-lex-president-jammeh-accuse-davoir-fait-tuer-des-dizaines-de-migrants-ghaneens\/#respond"]}]},{"@type":"WebPage","@id":"https:\/\/congovirtuel.com\/information\/gambie-lex-president-jammeh-accuse-davoir-fait-tuer-des-dizaines-de-migrants-ghaneens\/","url":"https:\/\/congovirtuel.com\/information\/gambie-lex-president-jammeh-accuse-davoir-fait-tuer-des-dizaines-de-migrants-ghaneens\/","name":"Gambie: l'ex-pr\u00e9sident Jammeh accus\u00e9 d'avoir fait tuer des dizaines de migrants ghan\u00e9ens - Actualit\u00e9s congolaises et internationales","isPartOf":{"@id":"https:\/\/congovirtuel.com\/information\/#website"},"primaryImageOfPage":{"@id":"https:\/\/congovirtuel.com\/information\/gambie-lex-president-jammeh-accuse-davoir-fait-tuer-des-dizaines-de-migrants-ghaneens\/#primaryimage"},"image":{"@id":"https:\/\/congovirtuel.com\/information\/gambie-lex-president-jammeh-accuse-davoir-fait-tuer-des-dizaines-de-migrants-ghaneens\/#primaryimage"},"thumbnailUrl":"https:\/\/congovirtuel.com\/information\/wp-content\/uploads\/2019\/07\/jahmey.jpg","datePublished":"2019-07-24T07:35:14+00:00","dateModified":"2019-07-24T07:35:16+00:00","breadcrumb":{"@id":"https:\/\/congovirtuel.com\/information\/gambie-lex-president-jammeh-accuse-davoir-fait-tuer-des-dizaines-de-migrants-ghaneens\/#breadcrumb"},"inLanguage":"fr-FR","potentialAction":[{"@type":"ReadAction","target":["https:\/\/congovirtuel.com\/information\/gambie-lex-president-jammeh-accuse-davoir-fait-tuer-des-dizaines-de-migrants-ghaneens\/"]}]},{"@type":"ImageObject","inLanguage":"fr-FR","@id":"https:\/\/congovirtuel.com\/information\/gambie-lex-president-jammeh-accuse-davoir-fait-tuer-des-dizaines-de-migrants-ghaneens\/#primaryimage","url":"https:\/\/congovirtuel.com\/information\/wp-content\/uploads\/2019\/07\/jahmey.jpg","contentUrl":"https:\/\/congovirtuel.com\/information\/wp-content\/uploads\/2019\/07\/jahmey.jpg","width":1248,"height":701},{"@type":"BreadcrumbList","@id":"https:\/\/congovirtuel.com\/information\/gambie-lex-president-jammeh-accuse-davoir-fait-tuer-des-dizaines-de-migrants-ghaneens\/#breadcrumb","itemListElement":[{"@type":"ListItem","position":1,"name":"Accueil","item":"https:\/\/congovirtuel.com\/information\/"},{"@type":"ListItem","position":2,"name":"Gambie: l&rsquo;ex-pr\u00e9sident Jammeh accus\u00e9 d&rsquo;avoir fait tuer des dizaines de migrants ghan\u00e9ens"}]},{"@type":"WebSite","@id":"https:\/\/congovirtuel.com\/information\/#website","url":"https:\/\/congovirtuel.com\/information\/","name":"Actualit\u00e9s congolaises et internationales","description":"site d&#039;analyse et de traitement d&#039;information","publisher":{"@id":"https:\/\/congovirtuel.com\/information\/#organization"},"potentialAction":[{"@type":"SearchAction","target":{"@type":"EntryPoint","urlTemplate":"https:\/\/congovirtuel.com\/information\/?s={search_term_string}"},"query-input":{"@type":"PropertyValueSpecification","valueRequired":true,"valueName":"search_term_string"}}],"inLanguage":"fr-FR"},{"@type":"Organization","@id":"https:\/\/congovirtuel.com\/information\/#organization","name":"Biblioth\u00e8que Virtuelle de la RDC","url":"https:\/\/congovirtuel.com\/information\/","logo":{"@type":"ImageObject","inLanguage":"fr-FR","@id":"https:\/\/congovirtuel.com\/information\/#\/schema\/logo\/image\/","url":"https:\/\/congovirtuel.com\/information\/wp-content\/uploads\/2018\/10\/header-info-congovirtuel-vraie.jpg","contentUrl":"https:\/\/congovirtuel.com\/information\/wp-content\/uploads\/2018\/10\/header-info-congovirtuel-vraie.jpg","width":728,"height":90,"caption":"Biblioth\u00e8que Virtuelle de la RDC"},"image":{"@id":"https:\/\/congovirtuel.com\/information\/#\/schema\/logo\/image\/"},"sameAs":["https:\/\/web.facebook.com\/Congovirtuel-763617960319601\/?ref=aymt_homepage_panel&amp;amp;amp;amp;amp;amp;amp;amp;amp;amp;amp;eid=ARCoxULa66767kIgF_KYav6VdjXTI4yk_LW4yoVO9s6NXpysgb7Cb65vpxcxgqzOAKvIbLQxaAETcqHT","https:\/\/x.com\/congovirtuel","https:\/\/www.youtube.com\/channel\/UCkFfprYzGgS3EWNpeMXpToQ?view_as=subscriber"]},{"@type":"Person","@id":"https:\/\/congovirtuel.com\/information\/#\/schema\/person\/739a44bf7990966cb53d58d2fdeca0b6","name":"infocongovirtuel","image":{"@type":"ImageObject","inLanguage":"fr-FR","@id":"https:\/\/secure.gravatar.com\/avatar\/4d76991aa72469f0eb22e772586c99113c6997f88da636a9db8f2ce3a2c05e69?s=96&d=mm&r=g","url":"https:\/\/secure.gravatar.com\/avatar\/4d76991aa72469f0eb22e772586c99113c6997f88da636a9db8f2ce3a2c05e69?s=96&d=mm&r=g","contentUrl":"https:\/\/secure.gravatar.com\/avatar\/4d76991aa72469f0eb22e772586c99113c6997f88da636a9db8f2ce3a2c05e69?s=96&d=mm&r=g","caption":"infocongovirtuel"},"url":"https:\/\/congovirtuel.com\/information\/author\/infocongovirtuel\/"}]}},"gt_translate_keys":[{"key":"link","format":"url"}],"_links":{"self":[{"href":"https:\/\/congovirtuel.com\/information\/wp-json\/wp\/v2\/posts\/154","targetHints":{"allow":["GET"]}}],"collection":[{"href":"https:\/\/congovirtuel.com\/information\/wp-json\/wp\/v2\/posts"}],"about":[{"href":"https:\/\/congovirtuel.com\/information\/wp-json\/wp\/v2\/types\/post"}],"author":[{"embeddable":true,"href":"https:\/\/congovirtuel.com\/information\/wp-json\/wp\/v2\/users\/1"}],"replies":[{"embeddable":true,"href":"https:\/\/congovirtuel.com\/information\/wp-json\/wp\/v2\/comments?post=154"}],"version-history":[{"count":1,"href":"https:\/\/congovirtuel.com\/information\/wp-json\/wp\/v2\/posts\/154\/revisions"}],"predecessor-version":[{"id":156,"href":"https:\/\/congovirtuel.com\/information\/wp-json\/wp\/v2\/posts\/154\/revisions\/156"}],"wp:featuredmedia":[{"embeddable":true,"href":"https:\/\/congovirtuel.com\/information\/wp-json\/wp\/v2\/media\/155"}],"wp:attachment":[{"href":"https:\/\/congovirtuel.com\/information\/wp-json\/wp\/v2\/media?parent=154"}],"wp:term":[{"taxonomy":"category","embeddable":true,"href":"https:\/\/congovirtuel.com\/information\/wp-json\/wp\/v2\/categories?post=154"},{"taxonomy":"post_tag","embeddable":true,"href":"https:\/\/congovirtuel.com\/information\/wp-json\/wp\/v2\/tags?post=154"}],"curies":[{"name":"wp","href":"https:\/\/api.w.org\/{rel}","templated":true}]}}