{"id":15551,"date":"2021-11-21T09:31:21","date_gmt":"2021-11-21T08:31:21","guid":{"rendered":"https:\/\/congovirtuel.com\/information\/?p=15551"},"modified":"2021-11-21T09:32:27","modified_gmt":"2021-11-21T08:32:27","slug":"rdc-kin-faute-de-personnalite-juridique-kinshasa-le-gouverneur-interdit-la-marche-du-27-novembre","status":"publish","type":"post","link":"https:\/\/congovirtuel.com\/information\/rdc-kin-faute-de-personnalite-juridique-kinshasa-le-gouverneur-interdit-la-marche-du-27-novembre\/","title":{"rendered":"RDC-Kin: Faute de personnalit\u00e9 juridique, le Gouvermeur interdit la marche du 27 novembre","gt_translate_keys":[{"key":"rendered","format":"text"}]},"content":{"rendered":"\n<p class=\"wp-block-paragraph\">Le Gouverneur de la ville de Kinshasa Gentiny Ngobila Mbaka a interdit la marche pacifique projet\u00e9e pour samedi 27 novembre prochain par les la\u00efcs catholiques (CALCC) et protestants (Milapro), pour \u00ab&nbsp;d\u00e9faut de qualit\u00e9&nbsp;\u00bb.<\/p>\n\n\n\n<p class=\"wp-block-paragraph\">Dans une note d\u2019accus\u00e9 de r\u00e9ception reprise sur les r\u00e9seaux sociaux, le Gouverneur de la ville indique que ces deux organisations ne sont pas fond\u00e9es \u00e0 faire une demande dans ce sens, puisque ne disposant pas de personnalit\u00e9 juridique et que toute demande dans ce sens devrait venir des organisations religieuses dont elles \u00e9manent, notamment la CENCO pour l\u2019une, et l\u2019ECC pour l\u2019autre.<\/p>\n\n\n\n<p class=\"wp-block-paragraph\">Le Gouverneur ajoute par ailleurs qu\u2019il ne saurait prendre acte de cette demande, au regard des \u00ab&nbsp;incidents physiques&nbsp;\u00bb qui ont \u00e9maill\u00e9 selon lui, des marches similaires dans le pass\u00e9.<\/p>\n\n\n\n<p class=\"wp-block-paragraph\">Apr\u00e8s la r\u00e9ussite de la marche populaire du 13 novembre dernier pour exiger la \u00ab&nbsp;d\u00e9politisation de la CENI&nbsp;\u00bb, le CALCC et le Milapro, auxquels se sont jointes des organisations politiques de l\u2019opposition comme le FCC et Lamuka, avaient projet\u00e9 une nouvelle marche dans les rues de la ville, et sur toute l\u2019\u00e9tendue de la ville.<\/p>\n\n\n\n<p class=\"wp-block-paragraph\">Ce refus de l\u2019autorit\u00e9 urbaine d\u2019avaliser cette nouvelle manifestation, pourrait d\u00e9boucher sur un nouveau bras-de-fer entre l\u2019opposition et le pouvoir en place \u00e0 Kinshasa.<\/p>\n\n\n\n<p class=\"wp-block-paragraph\"><strong>Infocongo<\/strong><\/p>\n","protected":false,"gt_translate_keys":[{"key":"rendered","format":"html"}]},"excerpt":{"rendered":"<p>Le Gouverneur de la ville de Kinshasa Gentiny Ngobila Mbaka a interdit la marche pacifique projet\u00e9e pour samedi 27 novembre prochain par les la\u00efcs catholiques (CALCC) et protestants (Milapro), pour \u00ab&nbsp;d\u00e9faut de qualit\u00e9&nbsp;\u00bb. Dans une note d\u2019accus\u00e9 de r\u00e9ception reprise sur les r\u00e9seaux sociaux, le Gouverneur de la ville indique que ces deux organisations ne sont pas fond\u00e9es \u00e0 faire une demande dans ce sens, puisque ne disposant pas de personnalit\u00e9 juridique et que toute demande dans ce sens devrait venir des organisations religieuses dont elles \u00e9manent, notamment la CENCO&hellip;<\/p>\n","protected":false,"gt_translate_keys":[{"key":"rendered","format":"html"}]},"author":1,"featured_media":15344,"comment_status":"open","ping_status":"open","sticky":false,"template":"","format":"standard","meta":{"_crdt_document":"","footnotes":""},"categories":[1260],"tags":[28165],"class_list":["post-15551","post","type-post","status-publish","format-standard","has-post-thumbnail","hentry","category-opposition","tag-refus-marche-27-novembre"],"gutentor_comment":0,"yoast_head":"<!-- This site is optimized with the Yoast SEO plugin v27.5 - https:\/\/yoast.com\/product\/yoast-seo-wordpress\/ -->\n<title>RDC-Kin: Faute de personnalit\u00e9 juridique, le Gouvermeur interdit la marche du 27 novembre - Actualit\u00e9s congolaises et internationales<\/title>\n<meta name=\"robots\" content=\"index, follow, max-snippet:-1, max-image-preview:large, max-video-preview:-1\" \/>\n<link rel=\"canonical\" href=\"https:\/\/congovirtuel.com\/information\/rdc-kin-faute-de-personnalite-juridique-kinshasa-le-gouverneur-interdit-la-marche-du-27-novembre\/\" \/>\n<meta property=\"og:locale\" content=\"fr_FR\" \/>\n<meta property=\"og:type\" content=\"article\" \/>\n<meta property=\"og:title\" content=\"RDC-Kin: Faute de personnalit\u00e9 juridique, le Gouvermeur interdit la marche du 27 novembre - Actualit\u00e9s congolaises et internationales\" \/>\n<meta property=\"og:description\" content=\"Le Gouverneur de la ville de Kinshasa Gentiny Ngobila Mbaka a interdit la marche pacifique projet\u00e9e pour samedi 27 novembre prochain par les la\u00efcs catholiques (CALCC) et protestants (Milapro), pour \u00ab&nbsp;d\u00e9faut de qualit\u00e9&nbsp;\u00bb. Dans une note d\u2019accus\u00e9 de r\u00e9ception reprise sur les r\u00e9seaux sociaux, le Gouverneur de la ville indique que ces deux organisations ne sont pas fond\u00e9es \u00e0 faire une demande dans ce sens, puisque ne disposant pas de personnalit\u00e9 juridique et que toute demande dans ce sens devrait venir des organisations religieuses dont elles \u00e9manent, notamment la CENCO&hellip;\" \/>\n<meta property=\"og:url\" content=\"https:\/\/congovirtuel.com\/information\/rdc-kin-faute-de-personnalite-juridique-kinshasa-le-gouverneur-interdit-la-marche-du-27-novembre\/\" \/>\n<meta property=\"og:site_name\" content=\"Actualit\u00e9s congolaises et internationales\" \/>\n<meta property=\"article:publisher\" content=\"https:\/\/web.facebook.com\/Congovirtuel-763617960319601\/?ref=aymt_homepage_panel&amp;amp%3bamp%3bamp%3bamp%3bamp%3bamp%3bamp%3bamp%3bamp%3bamp%3bamp%3beid=ARCoxULa66767kIgF_KYav6VdjXTI4yk_LW4yoVO9s6NXpysgb7Cb65vpxcxgqzOAKvIbLQxaAETcqHT\" \/>\n<meta property=\"article:published_time\" content=\"2021-11-21T08:31:21+00:00\" \/>\n<meta property=\"article:modified_time\" content=\"2021-11-21T08:32:27+00:00\" \/>\n<meta property=\"og:image\" content=\"https:\/\/congovirtuel.com\/information\/wp-content\/uploads\/2021\/11\/mwilanya-marche-1160x560-1.jpg\" \/>\n\t<meta property=\"og:image:width\" content=\"1160\" \/>\n\t<meta property=\"og:image:height\" content=\"560\" \/>\n\t<meta property=\"og:image:type\" content=\"image\/jpeg\" \/>\n<meta name=\"author\" content=\"infocongovirtuel\" \/>\n<meta name=\"twitter:card\" content=\"summary_large_image\" \/>\n<meta name=\"twitter:creator\" content=\"@congovirtuel\" \/>\n<meta name=\"twitter:site\" content=\"@congovirtuel\" \/>\n<meta name=\"twitter:label1\" content=\"\u00c9crit par\" \/>\n\t<meta name=\"twitter:data1\" content=\"infocongovirtuel\" \/>\n\t<meta name=\"twitter:label2\" content=\"Dur\u00e9e de lecture estim\u00e9e\" \/>\n\t<meta name=\"twitter:data2\" content=\"1 minute\" \/>\n<script type=\"application\/ld+json\" class=\"yoast-schema-graph\">{\"@context\":\"https:\\\/\\\/schema.org\",\"@graph\":[{\"@type\":\"Article\",\"@id\":\"https:\\\/\\\/congovirtuel.com\\\/information\\\/rdc-kin-faute-de-personnalite-juridique-kinshasa-le-gouverneur-interdit-la-marche-du-27-novembre\\\/#article\",\"isPartOf\":{\"@id\":\"https:\\\/\\\/congovirtuel.com\\\/information\\\/rdc-kin-faute-de-personnalite-juridique-kinshasa-le-gouverneur-interdit-la-marche-du-27-novembre\\\/\"},\"author\":{\"name\":\"infocongovirtuel\",\"@id\":\"https:\\\/\\\/congovirtuel.com\\\/information\\\/#\\\/schema\\\/person\\\/739a44bf7990966cb53d58d2fdeca0b6\"},\"headline\":\"RDC-Kin: Faute de personnalit\u00e9 juridique, le Gouvermeur interdit la marche du 27 novembre\",\"datePublished\":\"2021-11-21T08:31:21+00:00\",\"dateModified\":\"2021-11-21T08:32:27+00:00\",\"mainEntityOfPage\":{\"@id\":\"https:\\\/\\\/congovirtuel.com\\\/information\\\/rdc-kin-faute-de-personnalite-juridique-kinshasa-le-gouverneur-interdit-la-marche-du-27-novembre\\\/\"},\"wordCount\":239,\"commentCount\":0,\"publisher\":{\"@id\":\"https:\\\/\\\/congovirtuel.com\\\/information\\\/#organization\"},\"image\":{\"@id\":\"https:\\\/\\\/congovirtuel.com\\\/information\\\/rdc-kin-faute-de-personnalite-juridique-kinshasa-le-gouverneur-interdit-la-marche-du-27-novembre\\\/#primaryimage\"},\"thumbnailUrl\":\"https:\\\/\\\/congovirtuel.com\\\/information\\\/wp-content\\\/uploads\\\/2021\\\/11\\\/mwilanya-marche-1160x560-1.jpg\",\"keywords\":[\"Refus marche 27 novembre\"],\"articleSection\":[\"Opposition\"],\"inLanguage\":\"fr-FR\",\"potentialAction\":[{\"@type\":\"CommentAction\",\"name\":\"Comment\",\"target\":[\"https:\\\/\\\/congovirtuel.com\\\/information\\\/rdc-kin-faute-de-personnalite-juridique-kinshasa-le-gouverneur-interdit-la-marche-du-27-novembre\\\/#respond\"]}]},{\"@type\":\"WebPage\",\"@id\":\"https:\\\/\\\/congovirtuel.com\\\/information\\\/rdc-kin-faute-de-personnalite-juridique-kinshasa-le-gouverneur-interdit-la-marche-du-27-novembre\\\/\",\"url\":\"https:\\\/\\\/congovirtuel.com\\\/information\\\/rdc-kin-faute-de-personnalite-juridique-kinshasa-le-gouverneur-interdit-la-marche-du-27-novembre\\\/\",\"name\":\"RDC-Kin: Faute de personnalit\u00e9 juridique, le Gouvermeur interdit la marche du 27 novembre - Actualit\u00e9s congolaises et internationales\",\"isPartOf\":{\"@id\":\"https:\\\/\\\/congovirtuel.com\\\/information\\\/#website\"},\"primaryImageOfPage\":{\"@id\":\"https:\\\/\\\/congovirtuel.com\\\/information\\\/rdc-kin-faute-de-personnalite-juridique-kinshasa-le-gouverneur-interdit-la-marche-du-27-novembre\\\/#primaryimage\"},\"image\":{\"@id\":\"https:\\\/\\\/congovirtuel.com\\\/information\\\/rdc-kin-faute-de-personnalite-juridique-kinshasa-le-gouverneur-interdit-la-marche-du-27-novembre\\\/#primaryimage\"},\"thumbnailUrl\":\"https:\\\/\\\/congovirtuel.com\\\/information\\\/wp-content\\\/uploads\\\/2021\\\/11\\\/mwilanya-marche-1160x560-1.jpg\",\"datePublished\":\"2021-11-21T08:31:21+00:00\",\"dateModified\":\"2021-11-21T08:32:27+00:00\",\"breadcrumb\":{\"@id\":\"https:\\\/\\\/congovirtuel.com\\\/information\\\/rdc-kin-faute-de-personnalite-juridique-kinshasa-le-gouverneur-interdit-la-marche-du-27-novembre\\\/#breadcrumb\"},\"inLanguage\":\"fr-FR\",\"potentialAction\":[{\"@type\":\"ReadAction\",\"target\":[\"https:\\\/\\\/congovirtuel.com\\\/information\\\/rdc-kin-faute-de-personnalite-juridique-kinshasa-le-gouverneur-interdit-la-marche-du-27-novembre\\\/\"]}]},{\"@type\":\"ImageObject\",\"inLanguage\":\"fr-FR\",\"@id\":\"https:\\\/\\\/congovirtuel.com\\\/information\\\/rdc-kin-faute-de-personnalite-juridique-kinshasa-le-gouverneur-interdit-la-marche-du-27-novembre\\\/#primaryimage\",\"url\":\"https:\\\/\\\/congovirtuel.com\\\/information\\\/wp-content\\\/uploads\\\/2021\\\/11\\\/mwilanya-marche-1160x560-1.jpg\",\"contentUrl\":\"https:\\\/\\\/congovirtuel.com\\\/information\\\/wp-content\\\/uploads\\\/2021\\\/11\\\/mwilanya-marche-1160x560-1.jpg\",\"width\":1160,\"height\":560},{\"@type\":\"BreadcrumbList\",\"@id\":\"https:\\\/\\\/congovirtuel.com\\\/information\\\/rdc-kin-faute-de-personnalite-juridique-kinshasa-le-gouverneur-interdit-la-marche-du-27-novembre\\\/#breadcrumb\",\"itemListElement\":[{\"@type\":\"ListItem\",\"position\":1,\"name\":\"Accueil\",\"item\":\"https:\\\/\\\/congovirtuel.com\\\/information\\\/\"},{\"@type\":\"ListItem\",\"position\":2,\"name\":\"RDC-Kin: Faute de personnalit\u00e9 juridique, le Gouvermeur interdit la marche du 27 novembre\"}]},{\"@type\":\"WebSite\",\"@id\":\"https:\\\/\\\/congovirtuel.com\\\/information\\\/#website\",\"url\":\"https:\\\/\\\/congovirtuel.com\\\/information\\\/\",\"name\":\"Actualit\u00e9s congolaises et internationales\",\"description\":\"site d&#039;analyse et de traitement d&#039;information\",\"publisher\":{\"@id\":\"https:\\\/\\\/congovirtuel.com\\\/information\\\/#organization\"},\"potentialAction\":[{\"@type\":\"SearchAction\",\"target\":{\"@type\":\"EntryPoint\",\"urlTemplate\":\"https:\\\/\\\/congovirtuel.com\\\/information\\\/?s={search_term_string}\"},\"query-input\":{\"@type\":\"PropertyValueSpecification\",\"valueRequired\":true,\"valueName\":\"search_term_string\"}}],\"inLanguage\":\"fr-FR\"},{\"@type\":\"Organization\",\"@id\":\"https:\\\/\\\/congovirtuel.com\\\/information\\\/#organization\",\"name\":\"Biblioth\u00e8que Virtuelle de la RDC\",\"url\":\"https:\\\/\\\/congovirtuel.com\\\/information\\\/\",\"logo\":{\"@type\":\"ImageObject\",\"inLanguage\":\"fr-FR\",\"@id\":\"https:\\\/\\\/congovirtuel.com\\\/information\\\/#\\\/schema\\\/logo\\\/image\\\/\",\"url\":\"https:\\\/\\\/congovirtuel.com\\\/information\\\/wp-content\\\/uploads\\\/2018\\\/10\\\/header-info-congovirtuel-vraie.jpg\",\"contentUrl\":\"https:\\\/\\\/congovirtuel.com\\\/information\\\/wp-content\\\/uploads\\\/2018\\\/10\\\/header-info-congovirtuel-vraie.jpg\",\"width\":728,\"height\":90,\"caption\":\"Biblioth\u00e8que Virtuelle de la RDC\"},\"image\":{\"@id\":\"https:\\\/\\\/congovirtuel.com\\\/information\\\/#\\\/schema\\\/logo\\\/image\\\/\"},\"sameAs\":[\"https:\\\/\\\/web.facebook.com\\\/Congovirtuel-763617960319601\\\/?ref=aymt_homepage_panel&amp;amp;amp;amp;amp;amp;amp;amp;amp;amp;amp;eid=ARCoxULa66767kIgF_KYav6VdjXTI4yk_LW4yoVO9s6NXpysgb7Cb65vpxcxgqzOAKvIbLQxaAETcqHT\",\"https:\\\/\\\/x.com\\\/congovirtuel\",\"https:\\\/\\\/www.youtube.com\\\/channel\\\/UCkFfprYzGgS3EWNpeMXpToQ?view_as=subscriber\"]},{\"@type\":\"Person\",\"@id\":\"https:\\\/\\\/congovirtuel.com\\\/information\\\/#\\\/schema\\\/person\\\/739a44bf7990966cb53d58d2fdeca0b6\",\"name\":\"infocongovirtuel\",\"image\":{\"@type\":\"ImageObject\",\"inLanguage\":\"fr-FR\",\"@id\":\"https:\\\/\\\/secure.gravatar.com\\\/avatar\\\/4d76991aa72469f0eb22e772586c99113c6997f88da636a9db8f2ce3a2c05e69?s=96&d=mm&r=g\",\"url\":\"https:\\\/\\\/secure.gravatar.com\\\/avatar\\\/4d76991aa72469f0eb22e772586c99113c6997f88da636a9db8f2ce3a2c05e69?s=96&d=mm&r=g\",\"contentUrl\":\"https:\\\/\\\/secure.gravatar.com\\\/avatar\\\/4d76991aa72469f0eb22e772586c99113c6997f88da636a9db8f2ce3a2c05e69?s=96&d=mm&r=g\",\"caption\":\"infocongovirtuel\"},\"url\":\"https:\\\/\\\/congovirtuel.com\\\/information\\\/author\\\/infocongovirtuel\\\/\"}]}<\/script>\n<!-- \/ Yoast SEO plugin. -->","yoast_head_json":{"title":"RDC-Kin: Faute de personnalit\u00e9 juridique, le Gouvermeur interdit la marche du 27 novembre - Actualit\u00e9s congolaises et internationales","robots":{"index":"index","follow":"follow","max-snippet":"max-snippet:-1","max-image-preview":"max-image-preview:large","max-video-preview":"max-video-preview:-1"},"canonical":"https:\/\/congovirtuel.com\/information\/rdc-kin-faute-de-personnalite-juridique-kinshasa-le-gouverneur-interdit-la-marche-du-27-novembre\/","og_locale":"fr_FR","og_type":"article","og_title":"RDC-Kin: Faute de personnalit\u00e9 juridique, le Gouvermeur interdit la marche du 27 novembre - Actualit\u00e9s congolaises et internationales","og_description":"Le Gouverneur de la ville de Kinshasa Gentiny Ngobila Mbaka a interdit la marche pacifique projet\u00e9e pour samedi 27 novembre prochain par les la\u00efcs catholiques (CALCC) et protestants (Milapro), pour \u00ab&nbsp;d\u00e9faut de qualit\u00e9&nbsp;\u00bb. Dans une note d\u2019accus\u00e9 de r\u00e9ception reprise sur les r\u00e9seaux sociaux, le Gouverneur de la ville indique que ces deux organisations ne sont pas fond\u00e9es \u00e0 faire une demande dans ce sens, puisque ne disposant pas de personnalit\u00e9 juridique et que toute demande dans ce sens devrait venir des organisations religieuses dont elles \u00e9manent, notamment la CENCO&hellip;","og_url":"https:\/\/congovirtuel.com\/information\/rdc-kin-faute-de-personnalite-juridique-kinshasa-le-gouverneur-interdit-la-marche-du-27-novembre\/","og_site_name":"Actualit\u00e9s congolaises et internationales","article_publisher":"https:\/\/web.facebook.com\/Congovirtuel-763617960319601\/?ref=aymt_homepage_panel&amp%3bamp%3bamp%3bamp%3bamp%3bamp%3bamp%3bamp%3bamp%3bamp%3bamp%3beid=ARCoxULa66767kIgF_KYav6VdjXTI4yk_LW4yoVO9s6NXpysgb7Cb65vpxcxgqzOAKvIbLQxaAETcqHT","article_published_time":"2021-11-21T08:31:21+00:00","article_modified_time":"2021-11-21T08:32:27+00:00","og_image":[{"width":1160,"height":560,"url":"https:\/\/congovirtuel.com\/information\/wp-content\/uploads\/2021\/11\/mwilanya-marche-1160x560-1.jpg","type":"image\/jpeg"}],"author":"infocongovirtuel","twitter_card":"summary_large_image","twitter_creator":"@congovirtuel","twitter_site":"@congovirtuel","twitter_misc":{"\u00c9crit par":"infocongovirtuel","Dur\u00e9e de lecture estim\u00e9e":"1 minute"},"schema":{"@context":"https:\/\/schema.org","@graph":[{"@type":"Article","@id":"https:\/\/congovirtuel.com\/information\/rdc-kin-faute-de-personnalite-juridique-kinshasa-le-gouverneur-interdit-la-marche-du-27-novembre\/#article","isPartOf":{"@id":"https:\/\/congovirtuel.com\/information\/rdc-kin-faute-de-personnalite-juridique-kinshasa-le-gouverneur-interdit-la-marche-du-27-novembre\/"},"author":{"name":"infocongovirtuel","@id":"https:\/\/congovirtuel.com\/information\/#\/schema\/person\/739a44bf7990966cb53d58d2fdeca0b6"},"headline":"RDC-Kin: Faute de personnalit\u00e9 juridique, le Gouvermeur interdit la marche du 27 novembre","datePublished":"2021-11-21T08:31:21+00:00","dateModified":"2021-11-21T08:32:27+00:00","mainEntityOfPage":{"@id":"https:\/\/congovirtuel.com\/information\/rdc-kin-faute-de-personnalite-juridique-kinshasa-le-gouverneur-interdit-la-marche-du-27-novembre\/"},"wordCount":239,"commentCount":0,"publisher":{"@id":"https:\/\/congovirtuel.com\/information\/#organization"},"image":{"@id":"https:\/\/congovirtuel.com\/information\/rdc-kin-faute-de-personnalite-juridique-kinshasa-le-gouverneur-interdit-la-marche-du-27-novembre\/#primaryimage"},"thumbnailUrl":"https:\/\/congovirtuel.com\/information\/wp-content\/uploads\/2021\/11\/mwilanya-marche-1160x560-1.jpg","keywords":["Refus marche 27 novembre"],"articleSection":["Opposition"],"inLanguage":"fr-FR","potentialAction":[{"@type":"CommentAction","name":"Comment","target":["https:\/\/congovirtuel.com\/information\/rdc-kin-faute-de-personnalite-juridique-kinshasa-le-gouverneur-interdit-la-marche-du-27-novembre\/#respond"]}]},{"@type":"WebPage","@id":"https:\/\/congovirtuel.com\/information\/rdc-kin-faute-de-personnalite-juridique-kinshasa-le-gouverneur-interdit-la-marche-du-27-novembre\/","url":"https:\/\/congovirtuel.com\/information\/rdc-kin-faute-de-personnalite-juridique-kinshasa-le-gouverneur-interdit-la-marche-du-27-novembre\/","name":"RDC-Kin: Faute de personnalit\u00e9 juridique, le Gouvermeur interdit la marche du 27 novembre - Actualit\u00e9s congolaises et internationales","isPartOf":{"@id":"https:\/\/congovirtuel.com\/information\/#website"},"primaryImageOfPage":{"@id":"https:\/\/congovirtuel.com\/information\/rdc-kin-faute-de-personnalite-juridique-kinshasa-le-gouverneur-interdit-la-marche-du-27-novembre\/#primaryimage"},"image":{"@id":"https:\/\/congovirtuel.com\/information\/rdc-kin-faute-de-personnalite-juridique-kinshasa-le-gouverneur-interdit-la-marche-du-27-novembre\/#primaryimage"},"thumbnailUrl":"https:\/\/congovirtuel.com\/information\/wp-content\/uploads\/2021\/11\/mwilanya-marche-1160x560-1.jpg","datePublished":"2021-11-21T08:31:21+00:00","dateModified":"2021-11-21T08:32:27+00:00","breadcrumb":{"@id":"https:\/\/congovirtuel.com\/information\/rdc-kin-faute-de-personnalite-juridique-kinshasa-le-gouverneur-interdit-la-marche-du-27-novembre\/#breadcrumb"},"inLanguage":"fr-FR","potentialAction":[{"@type":"ReadAction","target":["https:\/\/congovirtuel.com\/information\/rdc-kin-faute-de-personnalite-juridique-kinshasa-le-gouverneur-interdit-la-marche-du-27-novembre\/"]}]},{"@type":"ImageObject","inLanguage":"fr-FR","@id":"https:\/\/congovirtuel.com\/information\/rdc-kin-faute-de-personnalite-juridique-kinshasa-le-gouverneur-interdit-la-marche-du-27-novembre\/#primaryimage","url":"https:\/\/congovirtuel.com\/information\/wp-content\/uploads\/2021\/11\/mwilanya-marche-1160x560-1.jpg","contentUrl":"https:\/\/congovirtuel.com\/information\/wp-content\/uploads\/2021\/11\/mwilanya-marche-1160x560-1.jpg","width":1160,"height":560},{"@type":"BreadcrumbList","@id":"https:\/\/congovirtuel.com\/information\/rdc-kin-faute-de-personnalite-juridique-kinshasa-le-gouverneur-interdit-la-marche-du-27-novembre\/#breadcrumb","itemListElement":[{"@type":"ListItem","position":1,"name":"Accueil","item":"https:\/\/congovirtuel.com\/information\/"},{"@type":"ListItem","position":2,"name":"RDC-Kin: Faute de personnalit\u00e9 juridique, le Gouvermeur interdit la marche du 27 novembre"}]},{"@type":"WebSite","@id":"https:\/\/congovirtuel.com\/information\/#website","url":"https:\/\/congovirtuel.com\/information\/","name":"Actualit\u00e9s congolaises et internationales","description":"site d&#039;analyse et de traitement d&#039;information","publisher":{"@id":"https:\/\/congovirtuel.com\/information\/#organization"},"potentialAction":[{"@type":"SearchAction","target":{"@type":"EntryPoint","urlTemplate":"https:\/\/congovirtuel.com\/information\/?s={search_term_string}"},"query-input":{"@type":"PropertyValueSpecification","valueRequired":true,"valueName":"search_term_string"}}],"inLanguage":"fr-FR"},{"@type":"Organization","@id":"https:\/\/congovirtuel.com\/information\/#organization","name":"Biblioth\u00e8que Virtuelle de la RDC","url":"https:\/\/congovirtuel.com\/information\/","logo":{"@type":"ImageObject","inLanguage":"fr-FR","@id":"https:\/\/congovirtuel.com\/information\/#\/schema\/logo\/image\/","url":"https:\/\/congovirtuel.com\/information\/wp-content\/uploads\/2018\/10\/header-info-congovirtuel-vraie.jpg","contentUrl":"https:\/\/congovirtuel.com\/information\/wp-content\/uploads\/2018\/10\/header-info-congovirtuel-vraie.jpg","width":728,"height":90,"caption":"Biblioth\u00e8que Virtuelle de la RDC"},"image":{"@id":"https:\/\/congovirtuel.com\/information\/#\/schema\/logo\/image\/"},"sameAs":["https:\/\/web.facebook.com\/Congovirtuel-763617960319601\/?ref=aymt_homepage_panel&amp;amp;amp;amp;amp;amp;amp;amp;amp;amp;amp;eid=ARCoxULa66767kIgF_KYav6VdjXTI4yk_LW4yoVO9s6NXpysgb7Cb65vpxcxgqzOAKvIbLQxaAETcqHT","https:\/\/x.com\/congovirtuel","https:\/\/www.youtube.com\/channel\/UCkFfprYzGgS3EWNpeMXpToQ?view_as=subscriber"]},{"@type":"Person","@id":"https:\/\/congovirtuel.com\/information\/#\/schema\/person\/739a44bf7990966cb53d58d2fdeca0b6","name":"infocongovirtuel","image":{"@type":"ImageObject","inLanguage":"fr-FR","@id":"https:\/\/secure.gravatar.com\/avatar\/4d76991aa72469f0eb22e772586c99113c6997f88da636a9db8f2ce3a2c05e69?s=96&d=mm&r=g","url":"https:\/\/secure.gravatar.com\/avatar\/4d76991aa72469f0eb22e772586c99113c6997f88da636a9db8f2ce3a2c05e69?s=96&d=mm&r=g","contentUrl":"https:\/\/secure.gravatar.com\/avatar\/4d76991aa72469f0eb22e772586c99113c6997f88da636a9db8f2ce3a2c05e69?s=96&d=mm&r=g","caption":"infocongovirtuel"},"url":"https:\/\/congovirtuel.com\/information\/author\/infocongovirtuel\/"}]}},"gt_translate_keys":[{"key":"link","format":"url"}],"_links":{"self":[{"href":"https:\/\/congovirtuel.com\/information\/wp-json\/wp\/v2\/posts\/15551","targetHints":{"allow":["GET"]}}],"collection":[{"href":"https:\/\/congovirtuel.com\/information\/wp-json\/wp\/v2\/posts"}],"about":[{"href":"https:\/\/congovirtuel.com\/information\/wp-json\/wp\/v2\/types\/post"}],"author":[{"embeddable":true,"href":"https:\/\/congovirtuel.com\/information\/wp-json\/wp\/v2\/users\/1"}],"replies":[{"embeddable":true,"href":"https:\/\/congovirtuel.com\/information\/wp-json\/wp\/v2\/comments?post=15551"}],"version-history":[{"count":2,"href":"https:\/\/congovirtuel.com\/information\/wp-json\/wp\/v2\/posts\/15551\/revisions"}],"predecessor-version":[{"id":15555,"href":"https:\/\/congovirtuel.com\/information\/wp-json\/wp\/v2\/posts\/15551\/revisions\/15555"}],"wp:featuredmedia":[{"embeddable":true,"href":"https:\/\/congovirtuel.com\/information\/wp-json\/wp\/v2\/media\/15344"}],"wp:attachment":[{"href":"https:\/\/congovirtuel.com\/information\/wp-json\/wp\/v2\/media?parent=15551"}],"wp:term":[{"taxonomy":"category","embeddable":true,"href":"https:\/\/congovirtuel.com\/information\/wp-json\/wp\/v2\/categories?post=15551"},{"taxonomy":"post_tag","embeddable":true,"href":"https:\/\/congovirtuel.com\/information\/wp-json\/wp\/v2\/tags?post=15551"}],"curies":[{"name":"wp","href":"https:\/\/api.w.org\/{rel}","templated":true}]}}