{"id":1561,"date":"2020-05-25T07:34:11","date_gmt":"2020-05-25T06:34:11","guid":{"rendered":"https:\/\/congovirtuel.com\/information\/?p=1561"},"modified":"2020-05-25T07:51:16","modified_gmt":"2020-05-25T06:51:16","slug":"rdc-presidence-des-morts-suspectes","status":"publish","type":"post","link":"https:\/\/congovirtuel.com\/information\/rdc-presidence-des-morts-suspectes\/","title":{"rendered":"RDC: Des morts suspectes \u00e0 la Pr\u00e9sidence","gt_translate_keys":[{"key":"rendered","format":"text"}]},"content":{"rendered":"\n<p class=\"wp-block-paragraph\"><strong><em>Que se passe-t-il \u00e0 la Pr\u00e9sidence de la R\u00e9publique, o\u00f9 les morts s\u2019encha\u00eenent \u00e0 un rythme inqui\u00e9tant, aussi bien au sein du pool des Conseillers que du personnel d\u2019appoint ? Le dernier week-end a \u00e9t\u00e9 particuli\u00e8rement \u00ab noir \u00bb, avec les disparitions de Charles Kilosho, Directeur de Communication adjoint, Jean-Pierre Wetshi (Conseiller en charge de l\u2019identification nationale), Julio Kapeta et Kabasele (garde du corps).<\/em><\/strong><\/p>\n\n\n\n<p class=\"wp-block-paragraph\"><strong><em>En l\u2019espace d\u2019une ann\u00e9e, la liste des morts parait anormalement longue, avec notamment trois gardes du corps du Chef de l\u2019Etat et son chauffeur tu\u00e9s dans le crash d\u2019un Antonov, au Sankuru, Gilbert Mundela Fid\u00e8le ( conseiller), Jacques Ilunga (Charg\u00e9 des \u00e9tudes), Roger Kalala (charg\u00e9 des \u00e9tudes), Me Jean-Joseph Mukendi, Mgr G\u00e9rard Mulumba ( Chef de la Maison civile), Jonas Shamone, L\u00e9on Lukaku (assassin\u00e9 ?), C\u00e9sar Kalala (Conseiller), Marcellin Bilomba, etc.<\/em><\/strong><\/p>\n\n\n\n<p class=\"wp-block-paragraph\">&nbsp;&nbsp;&nbsp;&nbsp;&nbsp;&nbsp;&nbsp;&nbsp;&nbsp;&nbsp;&nbsp; Au regard de cette comptabilit\u00e9 macabre, les rumeurs les plus folles courent au niveau de la \u00ab ville haute \u00bb, faisant \u00e9tat tant\u00f4t des ravages du coronavirus dans les rangs du personnel de la Pr\u00e9sidence de la R\u00e9publique, tant\u00f4t d\u2019assassinats, ou encore d\u2019empoisonnements cibl\u00e9s, voire des cas d\u2019envo\u00fbtement. Nombre d\u2019observateurs, au regard du flou qui entoure ces d\u00e9c\u00e8s le plus souvent subits, souhaiteraient que le Chef de l\u2019Etat ou son Directeur de cabinet puisse ordonner des investigations s\u00e9rieuses pour obtenir de la lumi\u00e8re sur une h\u00e9catombe humaine qui semble loin de s\u2019arr\u00eater.<\/p>\n\n\n\n<p class=\"wp-block-paragraph\">A en croire des bruits incontr\u00f4l\u00e9s qui circulent dans tous les sens, la s\u00e9rie noire pourrait toucher d\u2019autres hauts cadres du Cabinet du Chef de l\u2019Etat comme des services d\u2019appoint. Une enqu\u00eate urgente serait donc n\u00e9cessaire pour rassurer tout le monde, car le vent de panique est fort perceptible tant au niveau de la Cit\u00e9 de l\u2019Union Africaine que du Palais de la Nation, o\u00f9 sont bas\u00e9s les diff\u00e9rents pools de travail de la Pr\u00e9sidence de la R\u00e9publique.<\/p>\n\n\n\n<p class=\"wp-block-paragraph\">&nbsp;&nbsp;&nbsp;&nbsp;&nbsp;&nbsp;&nbsp;&nbsp;&nbsp;&nbsp;&nbsp; Une enqu\u00eate urgente est fort souhait\u00e9e pour permettre \u00e0 ceux qui se consid\u00e9rent d\u00e9sormais comme des morts en sursis, de savoir de quoi sont morts ceux qui les ont pr\u00e9c\u00e9d\u00e9s dans l\u2019au-del\u00e0, dans un milieu aussi hautement s\u00e9curis\u00e9 et couvert, 24 heures sur 24, par un service m\u00e9dical sp\u00e9cialis\u00e9.&nbsp; Il n\u2019est pas normal que des citoyens soient frapp\u00e9s par la mort, comme des mouches, dans un environnement o\u00f9 toutes les conditions sont r\u00e9unies pour qu\u2019ils jouissent d\u2019une sant\u00e9 de fer, m\u00eame si, en tant qu\u2019humain, tout le monde est mortel.<\/p>\n\n\n\n<p class=\"wp-block-paragraph\">Coronavirus, assassinats, empoisonnements, envo\u00fbtement ? L\u2019opinion veut savoir.<\/p>\n\n\n\n<p class=\"wp-block-paragraph\">\u00a0\u00a0<strong><em>Kimp<\/em><\/strong>\/Lephare<\/p>\n","protected":false,"gt_translate_keys":[{"key":"rendered","format":"html"}]},"excerpt":{"rendered":"<p>Que se passe-t-il \u00e0 la Pr\u00e9sidence de la R\u00e9publique, o\u00f9 les morts s\u2019encha\u00eenent \u00e0 un rythme inqui\u00e9tant, aussi bien au sein du pool des Conseillers que du personnel d\u2019appoint ? Le dernier week-end a \u00e9t\u00e9 particuli\u00e8rement \u00ab noir \u00bb, avec les disparitions de Charles Kilosho, Directeur de Communication adjoint, Jean-Pierre Wetshi (Conseiller en charge de l\u2019identification nationale), Julio Kapeta et Kabasele (garde du corps). En l\u2019espace d\u2019une ann\u00e9e, la liste des morts parait anormalement longue, avec notamment trois gardes du corps du Chef de l\u2019Etat et son chauffeur tu\u00e9s dans&hellip;<\/p>\n","protected":false,"gt_translate_keys":[{"key":"rendered","format":"html"}]},"author":1,"featured_media":1563,"comment_status":"open","ping_status":"open","sticky":false,"template":"","format":"standard","meta":{"_crdt_document":"","footnotes":""},"categories":[285,177],"tags":[795,794,796,802,799,803,797,800,798,804,801],"class_list":["post-1561","post","type-post","status-publish","format-standard","has-post-thumbnail","hentry","category-presidence","category-rdc-democratie","tag-cesar-kalala-conseiller","tag-charles-kilisho","tag-gilbert-mundela-fidele-conseiller","tag-jacques-ilunga-charge-des-etudes","tag-jonas-shamone","tag-leon-lukaku-assassine","tag-marcellin-bilomba","tag-me-jean-joseph-mukendi","tag-mgr-gerard-mulumba-chef-de-la-maison-civile","tag-morts-a-la-presidence-rdc","tag-roger-kalala-charge-des-etudes"],"gutentor_comment":0,"yoast_head":"<!-- This site is optimized with the Yoast SEO plugin v27.5 - https:\/\/yoast.com\/product\/yoast-seo-wordpress\/ -->\n<title>RDC: Des morts suspectes \u00e0 la Pr\u00e9sidence - Actualit\u00e9s congolaises et internationales<\/title>\n<meta name=\"robots\" content=\"index, follow, max-snippet:-1, max-image-preview:large, max-video-preview:-1\" \/>\n<link rel=\"canonical\" href=\"https:\/\/congovirtuel.com\/information\/rdc-presidence-des-morts-suspectes\/\" \/>\n<meta property=\"og:locale\" content=\"fr_FR\" \/>\n<meta property=\"og:type\" content=\"article\" \/>\n<meta property=\"og:title\" content=\"RDC: Des morts suspectes \u00e0 la Pr\u00e9sidence - Actualit\u00e9s congolaises et internationales\" \/>\n<meta property=\"og:description\" content=\"Que se passe-t-il \u00e0 la Pr\u00e9sidence de la R\u00e9publique, o\u00f9 les morts s\u2019encha\u00eenent \u00e0 un rythme inqui\u00e9tant, aussi bien au sein du pool des Conseillers que du personnel d\u2019appoint ? Le dernier week-end a \u00e9t\u00e9 particuli\u00e8rement \u00ab noir \u00bb, avec les disparitions de Charles Kilosho, Directeur de Communication adjoint, Jean-Pierre Wetshi (Conseiller en charge de l\u2019identification nationale), Julio Kapeta et Kabasele (garde du corps). En l\u2019espace d\u2019une ann\u00e9e, la liste des morts parait anormalement longue, avec notamment trois gardes du corps du Chef de l\u2019Etat et son chauffeur tu\u00e9s dans&hellip;\" \/>\n<meta property=\"og:url\" content=\"https:\/\/congovirtuel.com\/information\/rdc-presidence-des-morts-suspectes\/\" \/>\n<meta property=\"og:site_name\" content=\"Actualit\u00e9s congolaises et internationales\" \/>\n<meta property=\"article:publisher\" content=\"https:\/\/web.facebook.com\/Congovirtuel-763617960319601\/?ref=aymt_homepage_panel&amp;amp%3bamp%3bamp%3bamp%3bamp%3bamp%3bamp%3bamp%3bamp%3bamp%3bamp%3beid=ARCoxULa66767kIgF_KYav6VdjXTI4yk_LW4yoVO9s6NXpysgb7Cb65vpxcxgqzOAKvIbLQxaAETcqHT\" \/>\n<meta property=\"article:published_time\" content=\"2020-05-25T06:34:11+00:00\" \/>\n<meta property=\"article:modified_time\" content=\"2020-05-25T06:51:16+00:00\" \/>\n<meta property=\"og:image\" content=\"https:\/\/congovirtuel.com\/information\/wp-content\/uploads\/2020\/05\/charles_kilisho-1200-x-675.jpg\" \/>\n\t<meta property=\"og:image:width\" content=\"1200\" \/>\n\t<meta property=\"og:image:height\" content=\"675\" \/>\n\t<meta property=\"og:image:type\" content=\"image\/jpeg\" \/>\n<meta name=\"author\" content=\"infocongovirtuel\" \/>\n<meta name=\"twitter:card\" content=\"summary_large_image\" \/>\n<meta name=\"twitter:creator\" content=\"@congovirtuel\" \/>\n<meta name=\"twitter:site\" content=\"@congovirtuel\" \/>\n<meta name=\"twitter:label1\" content=\"\u00c9crit par\" \/>\n\t<meta name=\"twitter:data1\" content=\"infocongovirtuel\" \/>\n\t<meta name=\"twitter:label2\" content=\"Dur\u00e9e de lecture estim\u00e9e\" \/>\n\t<meta name=\"twitter:data2\" content=\"2 minutes\" \/>\n<script type=\"application\/ld+json\" class=\"yoast-schema-graph\">{\"@context\":\"https:\\\/\\\/schema.org\",\"@graph\":[{\"@type\":\"Article\",\"@id\":\"https:\\\/\\\/congovirtuel.com\\\/information\\\/rdc-presidence-des-morts-suspectes\\\/#article\",\"isPartOf\":{\"@id\":\"https:\\\/\\\/congovirtuel.com\\\/information\\\/rdc-presidence-des-morts-suspectes\\\/\"},\"author\":{\"name\":\"infocongovirtuel\",\"@id\":\"https:\\\/\\\/congovirtuel.com\\\/information\\\/#\\\/schema\\\/person\\\/739a44bf7990966cb53d58d2fdeca0b6\"},\"headline\":\"RDC: Des morts suspectes \u00e0 la Pr\u00e9sidence\",\"datePublished\":\"2020-05-25T06:34:11+00:00\",\"dateModified\":\"2020-05-25T06:51:16+00:00\",\"mainEntityOfPage\":{\"@id\":\"https:\\\/\\\/congovirtuel.com\\\/information\\\/rdc-presidence-des-morts-suspectes\\\/\"},\"wordCount\":490,\"commentCount\":0,\"publisher\":{\"@id\":\"https:\\\/\\\/congovirtuel.com\\\/information\\\/#organization\"},\"image\":{\"@id\":\"https:\\\/\\\/congovirtuel.com\\\/information\\\/rdc-presidence-des-morts-suspectes\\\/#primaryimage\"},\"thumbnailUrl\":\"https:\\\/\\\/congovirtuel.com\\\/information\\\/wp-content\\\/uploads\\\/2020\\\/05\\\/charles_kilisho-1200-x-675.jpg\",\"keywords\":[\"C\u00e9sar Kalala (Conseiller)\",\"charles kilisho\",\"Gilbert Mundela Fid\u00e8le ( conseiller)\",\"Jacques Ilunga (Charg\u00e9 des \u00e9tudes)\",\"Jonas Shamone\",\"L\u00e9on Lukaku (assassin\u00e9 ?)\",\"Marcellin Bilomba\",\"Me Jean-Joseph Mukendi\",\"Mgr G\u00e9rard Mulumba ( Chef de la Maison civile)\",\"morts \u00e0 la pr\u00e9sidence rdc\",\"Roger Kalala (charg\u00e9 des \u00e9tudes)\"],\"articleSection\":[\"Pr\u00e9sidence\",\"RDC\"],\"inLanguage\":\"fr-FR\",\"potentialAction\":[{\"@type\":\"CommentAction\",\"name\":\"Comment\",\"target\":[\"https:\\\/\\\/congovirtuel.com\\\/information\\\/rdc-presidence-des-morts-suspectes\\\/#respond\"]}]},{\"@type\":\"WebPage\",\"@id\":\"https:\\\/\\\/congovirtuel.com\\\/information\\\/rdc-presidence-des-morts-suspectes\\\/\",\"url\":\"https:\\\/\\\/congovirtuel.com\\\/information\\\/rdc-presidence-des-morts-suspectes\\\/\",\"name\":\"RDC: Des morts suspectes \u00e0 la Pr\u00e9sidence - Actualit\u00e9s congolaises et internationales\",\"isPartOf\":{\"@id\":\"https:\\\/\\\/congovirtuel.com\\\/information\\\/#website\"},\"primaryImageOfPage\":{\"@id\":\"https:\\\/\\\/congovirtuel.com\\\/information\\\/rdc-presidence-des-morts-suspectes\\\/#primaryimage\"},\"image\":{\"@id\":\"https:\\\/\\\/congovirtuel.com\\\/information\\\/rdc-presidence-des-morts-suspectes\\\/#primaryimage\"},\"thumbnailUrl\":\"https:\\\/\\\/congovirtuel.com\\\/information\\\/wp-content\\\/uploads\\\/2020\\\/05\\\/charles_kilisho-1200-x-675.jpg\",\"datePublished\":\"2020-05-25T06:34:11+00:00\",\"dateModified\":\"2020-05-25T06:51:16+00:00\",\"breadcrumb\":{\"@id\":\"https:\\\/\\\/congovirtuel.com\\\/information\\\/rdc-presidence-des-morts-suspectes\\\/#breadcrumb\"},\"inLanguage\":\"fr-FR\",\"potentialAction\":[{\"@type\":\"ReadAction\",\"target\":[\"https:\\\/\\\/congovirtuel.com\\\/information\\\/rdc-presidence-des-morts-suspectes\\\/\"]}]},{\"@type\":\"ImageObject\",\"inLanguage\":\"fr-FR\",\"@id\":\"https:\\\/\\\/congovirtuel.com\\\/information\\\/rdc-presidence-des-morts-suspectes\\\/#primaryimage\",\"url\":\"https:\\\/\\\/congovirtuel.com\\\/information\\\/wp-content\\\/uploads\\\/2020\\\/05\\\/charles_kilisho-1200-x-675.jpg\",\"contentUrl\":\"https:\\\/\\\/congovirtuel.com\\\/information\\\/wp-content\\\/uploads\\\/2020\\\/05\\\/charles_kilisho-1200-x-675.jpg\",\"width\":1200,\"height\":675,\"caption\":\"Charles Kilisho\"},{\"@type\":\"BreadcrumbList\",\"@id\":\"https:\\\/\\\/congovirtuel.com\\\/information\\\/rdc-presidence-des-morts-suspectes\\\/#breadcrumb\",\"itemListElement\":[{\"@type\":\"ListItem\",\"position\":1,\"name\":\"Accueil\",\"item\":\"https:\\\/\\\/congovirtuel.com\\\/information\\\/\"},{\"@type\":\"ListItem\",\"position\":2,\"name\":\"RDC: Des morts suspectes \u00e0 la Pr\u00e9sidence\"}]},{\"@type\":\"WebSite\",\"@id\":\"https:\\\/\\\/congovirtuel.com\\\/information\\\/#website\",\"url\":\"https:\\\/\\\/congovirtuel.com\\\/information\\\/\",\"name\":\"Actualit\u00e9s congolaises et internationales\",\"description\":\"site d&#039;analyse et de traitement d&#039;information\",\"publisher\":{\"@id\":\"https:\\\/\\\/congovirtuel.com\\\/information\\\/#organization\"},\"potentialAction\":[{\"@type\":\"SearchAction\",\"target\":{\"@type\":\"EntryPoint\",\"urlTemplate\":\"https:\\\/\\\/congovirtuel.com\\\/information\\\/?s={search_term_string}\"},\"query-input\":{\"@type\":\"PropertyValueSpecification\",\"valueRequired\":true,\"valueName\":\"search_term_string\"}}],\"inLanguage\":\"fr-FR\"},{\"@type\":\"Organization\",\"@id\":\"https:\\\/\\\/congovirtuel.com\\\/information\\\/#organization\",\"name\":\"Biblioth\u00e8que Virtuelle de la RDC\",\"url\":\"https:\\\/\\\/congovirtuel.com\\\/information\\\/\",\"logo\":{\"@type\":\"ImageObject\",\"inLanguage\":\"fr-FR\",\"@id\":\"https:\\\/\\\/congovirtuel.com\\\/information\\\/#\\\/schema\\\/logo\\\/image\\\/\",\"url\":\"https:\\\/\\\/congovirtuel.com\\\/information\\\/wp-content\\\/uploads\\\/2018\\\/10\\\/header-info-congovirtuel-vraie.jpg\",\"contentUrl\":\"https:\\\/\\\/congovirtuel.com\\\/information\\\/wp-content\\\/uploads\\\/2018\\\/10\\\/header-info-congovirtuel-vraie.jpg\",\"width\":728,\"height\":90,\"caption\":\"Biblioth\u00e8que Virtuelle de la RDC\"},\"image\":{\"@id\":\"https:\\\/\\\/congovirtuel.com\\\/information\\\/#\\\/schema\\\/logo\\\/image\\\/\"},\"sameAs\":[\"https:\\\/\\\/web.facebook.com\\\/Congovirtuel-763617960319601\\\/?ref=aymt_homepage_panel&amp;amp;amp;amp;amp;amp;amp;amp;amp;amp;amp;eid=ARCoxULa66767kIgF_KYav6VdjXTI4yk_LW4yoVO9s6NXpysgb7Cb65vpxcxgqzOAKvIbLQxaAETcqHT\",\"https:\\\/\\\/x.com\\\/congovirtuel\",\"https:\\\/\\\/www.youtube.com\\\/channel\\\/UCkFfprYzGgS3EWNpeMXpToQ?view_as=subscriber\"]},{\"@type\":\"Person\",\"@id\":\"https:\\\/\\\/congovirtuel.com\\\/information\\\/#\\\/schema\\\/person\\\/739a44bf7990966cb53d58d2fdeca0b6\",\"name\":\"infocongovirtuel\",\"image\":{\"@type\":\"ImageObject\",\"inLanguage\":\"fr-FR\",\"@id\":\"https:\\\/\\\/secure.gravatar.com\\\/avatar\\\/4d76991aa72469f0eb22e772586c99113c6997f88da636a9db8f2ce3a2c05e69?s=96&d=mm&r=g\",\"url\":\"https:\\\/\\\/secure.gravatar.com\\\/avatar\\\/4d76991aa72469f0eb22e772586c99113c6997f88da636a9db8f2ce3a2c05e69?s=96&d=mm&r=g\",\"contentUrl\":\"https:\\\/\\\/secure.gravatar.com\\\/avatar\\\/4d76991aa72469f0eb22e772586c99113c6997f88da636a9db8f2ce3a2c05e69?s=96&d=mm&r=g\",\"caption\":\"infocongovirtuel\"},\"url\":\"https:\\\/\\\/congovirtuel.com\\\/information\\\/author\\\/infocongovirtuel\\\/\"}]}<\/script>\n<!-- \/ Yoast SEO plugin. -->","yoast_head_json":{"title":"RDC: Des morts suspectes \u00e0 la Pr\u00e9sidence - Actualit\u00e9s congolaises et internationales","robots":{"index":"index","follow":"follow","max-snippet":"max-snippet:-1","max-image-preview":"max-image-preview:large","max-video-preview":"max-video-preview:-1"},"canonical":"https:\/\/congovirtuel.com\/information\/rdc-presidence-des-morts-suspectes\/","og_locale":"fr_FR","og_type":"article","og_title":"RDC: Des morts suspectes \u00e0 la Pr\u00e9sidence - Actualit\u00e9s congolaises et internationales","og_description":"Que se passe-t-il \u00e0 la Pr\u00e9sidence de la R\u00e9publique, o\u00f9 les morts s\u2019encha\u00eenent \u00e0 un rythme inqui\u00e9tant, aussi bien au sein du pool des Conseillers que du personnel d\u2019appoint ? Le dernier week-end a \u00e9t\u00e9 particuli\u00e8rement \u00ab noir \u00bb, avec les disparitions de Charles Kilosho, Directeur de Communication adjoint, Jean-Pierre Wetshi (Conseiller en charge de l\u2019identification nationale), Julio Kapeta et Kabasele (garde du corps). En l\u2019espace d\u2019une ann\u00e9e, la liste des morts parait anormalement longue, avec notamment trois gardes du corps du Chef de l\u2019Etat et son chauffeur tu\u00e9s dans&hellip;","og_url":"https:\/\/congovirtuel.com\/information\/rdc-presidence-des-morts-suspectes\/","og_site_name":"Actualit\u00e9s congolaises et internationales","article_publisher":"https:\/\/web.facebook.com\/Congovirtuel-763617960319601\/?ref=aymt_homepage_panel&amp%3bamp%3bamp%3bamp%3bamp%3bamp%3bamp%3bamp%3bamp%3bamp%3bamp%3beid=ARCoxULa66767kIgF_KYav6VdjXTI4yk_LW4yoVO9s6NXpysgb7Cb65vpxcxgqzOAKvIbLQxaAETcqHT","article_published_time":"2020-05-25T06:34:11+00:00","article_modified_time":"2020-05-25T06:51:16+00:00","og_image":[{"width":1200,"height":675,"url":"https:\/\/congovirtuel.com\/information\/wp-content\/uploads\/2020\/05\/charles_kilisho-1200-x-675.jpg","type":"image\/jpeg"}],"author":"infocongovirtuel","twitter_card":"summary_large_image","twitter_creator":"@congovirtuel","twitter_site":"@congovirtuel","twitter_misc":{"\u00c9crit par":"infocongovirtuel","Dur\u00e9e de lecture estim\u00e9e":"2 minutes"},"schema":{"@context":"https:\/\/schema.org","@graph":[{"@type":"Article","@id":"https:\/\/congovirtuel.com\/information\/rdc-presidence-des-morts-suspectes\/#article","isPartOf":{"@id":"https:\/\/congovirtuel.com\/information\/rdc-presidence-des-morts-suspectes\/"},"author":{"name":"infocongovirtuel","@id":"https:\/\/congovirtuel.com\/information\/#\/schema\/person\/739a44bf7990966cb53d58d2fdeca0b6"},"headline":"RDC: Des morts suspectes \u00e0 la Pr\u00e9sidence","datePublished":"2020-05-25T06:34:11+00:00","dateModified":"2020-05-25T06:51:16+00:00","mainEntityOfPage":{"@id":"https:\/\/congovirtuel.com\/information\/rdc-presidence-des-morts-suspectes\/"},"wordCount":490,"commentCount":0,"publisher":{"@id":"https:\/\/congovirtuel.com\/information\/#organization"},"image":{"@id":"https:\/\/congovirtuel.com\/information\/rdc-presidence-des-morts-suspectes\/#primaryimage"},"thumbnailUrl":"https:\/\/congovirtuel.com\/information\/wp-content\/uploads\/2020\/05\/charles_kilisho-1200-x-675.jpg","keywords":["C\u00e9sar Kalala (Conseiller)","charles kilisho","Gilbert Mundela Fid\u00e8le ( conseiller)","Jacques Ilunga (Charg\u00e9 des \u00e9tudes)","Jonas Shamone","L\u00e9on Lukaku (assassin\u00e9 ?)","Marcellin Bilomba","Me Jean-Joseph Mukendi","Mgr G\u00e9rard Mulumba ( Chef de la Maison civile)","morts \u00e0 la pr\u00e9sidence rdc","Roger Kalala (charg\u00e9 des \u00e9tudes)"],"articleSection":["Pr\u00e9sidence","RDC"],"inLanguage":"fr-FR","potentialAction":[{"@type":"CommentAction","name":"Comment","target":["https:\/\/congovirtuel.com\/information\/rdc-presidence-des-morts-suspectes\/#respond"]}]},{"@type":"WebPage","@id":"https:\/\/congovirtuel.com\/information\/rdc-presidence-des-morts-suspectes\/","url":"https:\/\/congovirtuel.com\/information\/rdc-presidence-des-morts-suspectes\/","name":"RDC: Des morts suspectes \u00e0 la Pr\u00e9sidence - Actualit\u00e9s congolaises et internationales","isPartOf":{"@id":"https:\/\/congovirtuel.com\/information\/#website"},"primaryImageOfPage":{"@id":"https:\/\/congovirtuel.com\/information\/rdc-presidence-des-morts-suspectes\/#primaryimage"},"image":{"@id":"https:\/\/congovirtuel.com\/information\/rdc-presidence-des-morts-suspectes\/#primaryimage"},"thumbnailUrl":"https:\/\/congovirtuel.com\/information\/wp-content\/uploads\/2020\/05\/charles_kilisho-1200-x-675.jpg","datePublished":"2020-05-25T06:34:11+00:00","dateModified":"2020-05-25T06:51:16+00:00","breadcrumb":{"@id":"https:\/\/congovirtuel.com\/information\/rdc-presidence-des-morts-suspectes\/#breadcrumb"},"inLanguage":"fr-FR","potentialAction":[{"@type":"ReadAction","target":["https:\/\/congovirtuel.com\/information\/rdc-presidence-des-morts-suspectes\/"]}]},{"@type":"ImageObject","inLanguage":"fr-FR","@id":"https:\/\/congovirtuel.com\/information\/rdc-presidence-des-morts-suspectes\/#primaryimage","url":"https:\/\/congovirtuel.com\/information\/wp-content\/uploads\/2020\/05\/charles_kilisho-1200-x-675.jpg","contentUrl":"https:\/\/congovirtuel.com\/information\/wp-content\/uploads\/2020\/05\/charles_kilisho-1200-x-675.jpg","width":1200,"height":675,"caption":"Charles Kilisho"},{"@type":"BreadcrumbList","@id":"https:\/\/congovirtuel.com\/information\/rdc-presidence-des-morts-suspectes\/#breadcrumb","itemListElement":[{"@type":"ListItem","position":1,"name":"Accueil","item":"https:\/\/congovirtuel.com\/information\/"},{"@type":"ListItem","position":2,"name":"RDC: Des morts suspectes \u00e0 la Pr\u00e9sidence"}]},{"@type":"WebSite","@id":"https:\/\/congovirtuel.com\/information\/#website","url":"https:\/\/congovirtuel.com\/information\/","name":"Actualit\u00e9s congolaises et internationales","description":"site d&#039;analyse et de traitement d&#039;information","publisher":{"@id":"https:\/\/congovirtuel.com\/information\/#organization"},"potentialAction":[{"@type":"SearchAction","target":{"@type":"EntryPoint","urlTemplate":"https:\/\/congovirtuel.com\/information\/?s={search_term_string}"},"query-input":{"@type":"PropertyValueSpecification","valueRequired":true,"valueName":"search_term_string"}}],"inLanguage":"fr-FR"},{"@type":"Organization","@id":"https:\/\/congovirtuel.com\/information\/#organization","name":"Biblioth\u00e8que Virtuelle de la RDC","url":"https:\/\/congovirtuel.com\/information\/","logo":{"@type":"ImageObject","inLanguage":"fr-FR","@id":"https:\/\/congovirtuel.com\/information\/#\/schema\/logo\/image\/","url":"https:\/\/congovirtuel.com\/information\/wp-content\/uploads\/2018\/10\/header-info-congovirtuel-vraie.jpg","contentUrl":"https:\/\/congovirtuel.com\/information\/wp-content\/uploads\/2018\/10\/header-info-congovirtuel-vraie.jpg","width":728,"height":90,"caption":"Biblioth\u00e8que Virtuelle de la RDC"},"image":{"@id":"https:\/\/congovirtuel.com\/information\/#\/schema\/logo\/image\/"},"sameAs":["https:\/\/web.facebook.com\/Congovirtuel-763617960319601\/?ref=aymt_homepage_panel&amp;amp;amp;amp;amp;amp;amp;amp;amp;amp;amp;eid=ARCoxULa66767kIgF_KYav6VdjXTI4yk_LW4yoVO9s6NXpysgb7Cb65vpxcxgqzOAKvIbLQxaAETcqHT","https:\/\/x.com\/congovirtuel","https:\/\/www.youtube.com\/channel\/UCkFfprYzGgS3EWNpeMXpToQ?view_as=subscriber"]},{"@type":"Person","@id":"https:\/\/congovirtuel.com\/information\/#\/schema\/person\/739a44bf7990966cb53d58d2fdeca0b6","name":"infocongovirtuel","image":{"@type":"ImageObject","inLanguage":"fr-FR","@id":"https:\/\/secure.gravatar.com\/avatar\/4d76991aa72469f0eb22e772586c99113c6997f88da636a9db8f2ce3a2c05e69?s=96&d=mm&r=g","url":"https:\/\/secure.gravatar.com\/avatar\/4d76991aa72469f0eb22e772586c99113c6997f88da636a9db8f2ce3a2c05e69?s=96&d=mm&r=g","contentUrl":"https:\/\/secure.gravatar.com\/avatar\/4d76991aa72469f0eb22e772586c99113c6997f88da636a9db8f2ce3a2c05e69?s=96&d=mm&r=g","caption":"infocongovirtuel"},"url":"https:\/\/congovirtuel.com\/information\/author\/infocongovirtuel\/"}]}},"gt_translate_keys":[{"key":"link","format":"url"}],"_links":{"self":[{"href":"https:\/\/congovirtuel.com\/information\/wp-json\/wp\/v2\/posts\/1561","targetHints":{"allow":["GET"]}}],"collection":[{"href":"https:\/\/congovirtuel.com\/information\/wp-json\/wp\/v2\/posts"}],"about":[{"href":"https:\/\/congovirtuel.com\/information\/wp-json\/wp\/v2\/types\/post"}],"author":[{"embeddable":true,"href":"https:\/\/congovirtuel.com\/information\/wp-json\/wp\/v2\/users\/1"}],"replies":[{"embeddable":true,"href":"https:\/\/congovirtuel.com\/information\/wp-json\/wp\/v2\/comments?post=1561"}],"version-history":[{"count":3,"href":"https:\/\/congovirtuel.com\/information\/wp-json\/wp\/v2\/posts\/1561\/revisions"}],"predecessor-version":[{"id":1567,"href":"https:\/\/congovirtuel.com\/information\/wp-json\/wp\/v2\/posts\/1561\/revisions\/1567"}],"wp:featuredmedia":[{"embeddable":true,"href":"https:\/\/congovirtuel.com\/information\/wp-json\/wp\/v2\/media\/1563"}],"wp:attachment":[{"href":"https:\/\/congovirtuel.com\/information\/wp-json\/wp\/v2\/media?parent=1561"}],"wp:term":[{"taxonomy":"category","embeddable":true,"href":"https:\/\/congovirtuel.com\/information\/wp-json\/wp\/v2\/categories?post=1561"},{"taxonomy":"post_tag","embeddable":true,"href":"https:\/\/congovirtuel.com\/information\/wp-json\/wp\/v2\/tags?post=1561"}],"curies":[{"name":"wp","href":"https:\/\/api.w.org\/{rel}","templated":true}]}}