{"id":158,"date":"2019-07-25T05:43:32","date_gmt":"2019-07-25T03:43:32","guid":{"rendered":"https:\/\/congovirtuel.com\/information\/?p=158"},"modified":"2019-07-25T05:47:15","modified_gmt":"2019-07-25T03:47:15","slug":"le-nord-de-goma-paralyse-apres-le-meurtre-de-quatre-personnes","status":"publish","type":"post","link":"https:\/\/congovirtuel.com\/information\/le-nord-de-goma-paralyse-apres-le-meurtre-de-quatre-personnes\/","title":{"rendered":"Le nord de Goma paralys\u00e9 apr\u00e8s le meurtre de quatre personnes","gt_translate_keys":[{"key":"rendered","format":"text"}]},"content":{"rendered":"\n<p class=\"wp-block-paragraph\">Des habitants d&rsquo;un quartier de Goma, dans l&rsquo;est de la R\u00e9publique d\u00e9mocratique du Congo, ont barricad\u00e9 mercredi les routes, paralysant toutes les activit\u00e9s, pour protester contre le meurtre de quatre personnes, dont deux adolescents, tu\u00e9s dans la nuit par des bandits arm\u00e9s.<\/p>\n\n\n\n<script async src=\"\/\/pagead2.googlesyndication.com\/pagead\/js\/adsbygoogle.js\"><\/script>\n<!-- code responsive -->\n<ins class=\"adsbygoogle\"\n     style=\"display:block\"\n     data-ad-client=\"ca-pub-2119363214666215\"\n     data-ad-slot=\"1973679082\"\n     data-ad-format=\"auto\"><\/ins>\n<script>\n(adsbygoogle = window.adsbygoogle || []).push({});\n<\/script>\n\n\n\n<p class=\"wp-block-paragraph\">Des poteaux \u00e9lectriques ont \u00e9t\u00e9 arrach\u00e9s pour bloquer toute possibilit\u00e9 de circulation des taxis-motos et des bus dans ce quartier de la capitale du Nord-Kivu, ont constat\u00e9 deux journalistes de l&rsquo;AFP.<\/p>\n\n\n\n<p class=\"wp-block-paragraph\">Des jeunes en col\u00e8re occupaient les rues en condamnant \u00ab\u00a0l&rsquo;inaction des autorit\u00e9s face \u00e0 ces tueries qui durent\u00a0\u00bb depuis le d\u00e9but de l&rsquo;ann\u00e9e et qui ont fait au moins sept morts en six jours, sans que l&rsquo;identit\u00e9 des assaillants ne soit connue.<\/p>\n\n\n\n<p class=\"wp-block-paragraph\">\u00ab\u00a0Le soir, un v\u00e9hicule a d\u00e9pos\u00e9 des gens qui sont entr\u00e9s dans un point de recharge de t\u00e9l\u00e9phone, ont tir\u00e9 sur le propri\u00e9taire, un adolescent qui tentait de fuir a \u00e9t\u00e9 atteint \u00e0 la t\u00eate, ensuite ils ont tir\u00e9 sur une femme qui vendait ses l\u00e9gumes \u00e0 l&rsquo;ext\u00e9rieur\u00a0\u00bb, a t\u00e9moign\u00e9 \u00e0 l&rsquo;AFP Yannick Choukourou pr\u00e9sent lors de la fusillade.<\/p>\n\n\n\n<p class=\"wp-block-paragraph\">\u00ab\u00a0Dans leur fuite, un adolescent qui a cri\u00e9 +au voleur+ dans une maison voisine a \u00e9t\u00e9 cribl\u00e9 de balles\u00a0\u00bb, a-t-il encore ajout\u00e9. Trois autres t\u00e9moins pr\u00e9sents interrog\u00e9s par l&rsquo;\u00e9quipe de l&rsquo;AFP ont donn\u00e9 une version semblable des faits.<\/p>\n\n\n\n<p class=\"wp-block-paragraph\">\u00ab\u00a0Comment peut-on faire preuve d&rsquo;autant d&rsquo;incapacit\u00e9 \u00e0 maitriser des criminels qui tuent des enfants ?\u00a0\u00bb, a temp\u00eat\u00e9 entre deux sanglots Janvier Katembo, l&rsquo;oncle d&rsquo;un des adolescents tu\u00e9s.<\/p>\n\n\n\n<p class=\"wp-block-paragraph\">\u00ab\u00a0La police est arriv\u00e9e apr\u00e8s trente minutes. Ils n&rsquo;ont pas os\u00e9 poursuivre les bandits arm\u00e9s et ont rebrouss\u00e9 chemin\u00a0\u00bb, a encore d\u00e9plor\u00e9 M. Katembo. Aucune autorit\u00e9 n&rsquo;\u00e9tait disponible pour r\u00e9pondre aux sollicitations de l&rsquo;\u00e9quipe de l&rsquo;AFP.<\/p>\n\n\n\n<p class=\"wp-block-paragraph\">Au moins dix personnes ont \u00e9t\u00e9 tu\u00e9es par des bandits arm\u00e9s dans des braquages ou au hasard dans les rues de Goma depuis mars. Les autorit\u00e9s n&rsquo;ont arr\u00eat\u00e9 ni donn\u00e9 l&rsquo;identit\u00e9 des assaillants.<\/p>\n\n\n\n<p class=\"wp-block-paragraph\">Repaire de milices et groupes arm\u00e9s, la province du Nord-Kivu est en proie \u00e0 une forte ins\u00e9curit\u00e9 depuis plus de deux d\u00e9cennies.<\/p>\n\n\n\n<p class=\"wp-block-paragraph\">VOA<\/p>\n","protected":false,"gt_translate_keys":[{"key":"rendered","format":"html"}]},"excerpt":{"rendered":"<p>Des habitants d&rsquo;un quartier de Goma, dans l&rsquo;est de la R\u00e9publique d\u00e9mocratique du Congo, ont barricad\u00e9 mercredi les routes, paralysant toutes les activit\u00e9s, pour protester contre le meurtre de quatre personnes, dont deux adolescents, tu\u00e9s dans la nuit par des bandits arm\u00e9s. Des poteaux \u00e9lectriques ont \u00e9t\u00e9 arrach\u00e9s pour bloquer toute possibilit\u00e9 de circulation des taxis-motos et des bus dans ce quartier de la capitale du Nord-Kivu, ont constat\u00e9 deux journalistes de l&rsquo;AFP. Des jeunes en col\u00e8re occupaient les rues en condamnant \u00ab\u00a0l&rsquo;inaction des autorit\u00e9s face \u00e0 ces tueries qui&hellip;<\/p>\n","protected":false,"gt_translate_keys":[{"key":"rendered","format":"html"}]},"author":1,"featured_media":159,"comment_status":"open","ping_status":"open","sticky":false,"template":"","format":"standard","meta":{"_crdt_document":"","footnotes":""},"categories":[2],"tags":[],"class_list":["post-158","post","type-post","status-publish","format-standard","has-post-thumbnail","hentry","category-politique"],"gutentor_comment":0,"yoast_head":"<!-- This site is optimized with the Yoast SEO plugin v27.5 - https:\/\/yoast.com\/product\/yoast-seo-wordpress\/ -->\n<title>Le nord de Goma paralys\u00e9 apr\u00e8s le meurtre de quatre personnes - Actualit\u00e9s congolaises et internationales<\/title>\n<meta name=\"robots\" content=\"index, follow, max-snippet:-1, max-image-preview:large, max-video-preview:-1\" \/>\n<link rel=\"canonical\" href=\"https:\/\/congovirtuel.com\/information\/le-nord-de-goma-paralyse-apres-le-meurtre-de-quatre-personnes\/\" \/>\n<meta property=\"og:locale\" content=\"fr_FR\" \/>\n<meta property=\"og:type\" content=\"article\" \/>\n<meta property=\"og:title\" content=\"Le nord de Goma paralys\u00e9 apr\u00e8s le meurtre de quatre personnes - Actualit\u00e9s congolaises et internationales\" \/>\n<meta property=\"og:description\" content=\"Des habitants d&rsquo;un quartier de Goma, dans l&rsquo;est de la R\u00e9publique d\u00e9mocratique du Congo, ont barricad\u00e9 mercredi les routes, paralysant toutes les activit\u00e9s, pour protester contre le meurtre de quatre personnes, dont deux adolescents, tu\u00e9s dans la nuit par des bandits arm\u00e9s. Des poteaux \u00e9lectriques ont \u00e9t\u00e9 arrach\u00e9s pour bloquer toute possibilit\u00e9 de circulation des taxis-motos et des bus dans ce quartier de la capitale du Nord-Kivu, ont constat\u00e9 deux journalistes de l&rsquo;AFP. Des jeunes en col\u00e8re occupaient les rues en condamnant \u00ab\u00a0l&rsquo;inaction des autorit\u00e9s face \u00e0 ces tueries qui&hellip;\" \/>\n<meta property=\"og:url\" content=\"https:\/\/congovirtuel.com\/information\/le-nord-de-goma-paralyse-apres-le-meurtre-de-quatre-personnes\/\" \/>\n<meta property=\"og:site_name\" content=\"Actualit\u00e9s congolaises et internationales\" \/>\n<meta property=\"article:publisher\" content=\"https:\/\/web.facebook.com\/Congovirtuel-763617960319601\/?ref=aymt_homepage_panel&amp;amp%3bamp%3bamp%3bamp%3bamp%3bamp%3bamp%3bamp%3bamp%3bamp%3bamp%3beid=ARCoxULa66767kIgF_KYav6VdjXTI4yk_LW4yoVO9s6NXpysgb7Cb65vpxcxgqzOAKvIbLQxaAETcqHT\" \/>\n<meta property=\"article:published_time\" content=\"2019-07-25T03:43:32+00:00\" \/>\n<meta property=\"article:modified_time\" content=\"2019-07-25T03:47:15+00:00\" \/>\n<meta property=\"og:image\" content=\"https:\/\/congovirtuel.com\/information\/wp-content\/uploads\/2019\/07\/policier_congolais.jpg\" \/>\n\t<meta property=\"og:image:width\" content=\"1023\" \/>\n\t<meta property=\"og:image:height\" content=\"575\" \/>\n\t<meta property=\"og:image:type\" content=\"image\/jpeg\" \/>\n<meta name=\"author\" content=\"infocongovirtuel\" \/>\n<meta name=\"twitter:card\" content=\"summary_large_image\" \/>\n<meta name=\"twitter:creator\" content=\"@congovirtuel\" \/>\n<meta name=\"twitter:site\" content=\"@congovirtuel\" \/>\n<meta name=\"twitter:label1\" content=\"\u00c9crit par\" \/>\n\t<meta name=\"twitter:data1\" content=\"infocongovirtuel\" \/>\n\t<meta name=\"twitter:label2\" content=\"Dur\u00e9e de lecture estim\u00e9e\" \/>\n\t<meta name=\"twitter:data2\" content=\"2 minutes\" \/>\n<script type=\"application\/ld+json\" class=\"yoast-schema-graph\">{\"@context\":\"https:\\\/\\\/schema.org\",\"@graph\":[{\"@type\":\"Article\",\"@id\":\"https:\\\/\\\/congovirtuel.com\\\/information\\\/le-nord-de-goma-paralyse-apres-le-meurtre-de-quatre-personnes\\\/#article\",\"isPartOf\":{\"@id\":\"https:\\\/\\\/congovirtuel.com\\\/information\\\/le-nord-de-goma-paralyse-apres-le-meurtre-de-quatre-personnes\\\/\"},\"author\":{\"name\":\"infocongovirtuel\",\"@id\":\"https:\\\/\\\/congovirtuel.com\\\/information\\\/#\\\/schema\\\/person\\\/739a44bf7990966cb53d58d2fdeca0b6\"},\"headline\":\"Le nord de Goma paralys\u00e9 apr\u00e8s le meurtre de quatre personnes\",\"datePublished\":\"2019-07-25T03:43:32+00:00\",\"dateModified\":\"2019-07-25T03:47:15+00:00\",\"mainEntityOfPage\":{\"@id\":\"https:\\\/\\\/congovirtuel.com\\\/information\\\/le-nord-de-goma-paralyse-apres-le-meurtre-de-quatre-personnes\\\/\"},\"wordCount\":394,\"commentCount\":0,\"publisher\":{\"@id\":\"https:\\\/\\\/congovirtuel.com\\\/information\\\/#organization\"},\"image\":{\"@id\":\"https:\\\/\\\/congovirtuel.com\\\/information\\\/le-nord-de-goma-paralyse-apres-le-meurtre-de-quatre-personnes\\\/#primaryimage\"},\"thumbnailUrl\":\"https:\\\/\\\/congovirtuel.com\\\/information\\\/wp-content\\\/uploads\\\/2019\\\/07\\\/policier_congolais.jpg\",\"articleSection\":[\"Politique\"],\"inLanguage\":\"fr-FR\",\"potentialAction\":[{\"@type\":\"CommentAction\",\"name\":\"Comment\",\"target\":[\"https:\\\/\\\/congovirtuel.com\\\/information\\\/le-nord-de-goma-paralyse-apres-le-meurtre-de-quatre-personnes\\\/#respond\"]}]},{\"@type\":\"WebPage\",\"@id\":\"https:\\\/\\\/congovirtuel.com\\\/information\\\/le-nord-de-goma-paralyse-apres-le-meurtre-de-quatre-personnes\\\/\",\"url\":\"https:\\\/\\\/congovirtuel.com\\\/information\\\/le-nord-de-goma-paralyse-apres-le-meurtre-de-quatre-personnes\\\/\",\"name\":\"Le nord de Goma paralys\u00e9 apr\u00e8s le meurtre de quatre personnes - Actualit\u00e9s congolaises et internationales\",\"isPartOf\":{\"@id\":\"https:\\\/\\\/congovirtuel.com\\\/information\\\/#website\"},\"primaryImageOfPage\":{\"@id\":\"https:\\\/\\\/congovirtuel.com\\\/information\\\/le-nord-de-goma-paralyse-apres-le-meurtre-de-quatre-personnes\\\/#primaryimage\"},\"image\":{\"@id\":\"https:\\\/\\\/congovirtuel.com\\\/information\\\/le-nord-de-goma-paralyse-apres-le-meurtre-de-quatre-personnes\\\/#primaryimage\"},\"thumbnailUrl\":\"https:\\\/\\\/congovirtuel.com\\\/information\\\/wp-content\\\/uploads\\\/2019\\\/07\\\/policier_congolais.jpg\",\"datePublished\":\"2019-07-25T03:43:32+00:00\",\"dateModified\":\"2019-07-25T03:47:15+00:00\",\"breadcrumb\":{\"@id\":\"https:\\\/\\\/congovirtuel.com\\\/information\\\/le-nord-de-goma-paralyse-apres-le-meurtre-de-quatre-personnes\\\/#breadcrumb\"},\"inLanguage\":\"fr-FR\",\"potentialAction\":[{\"@type\":\"ReadAction\",\"target\":[\"https:\\\/\\\/congovirtuel.com\\\/information\\\/le-nord-de-goma-paralyse-apres-le-meurtre-de-quatre-personnes\\\/\"]}]},{\"@type\":\"ImageObject\",\"inLanguage\":\"fr-FR\",\"@id\":\"https:\\\/\\\/congovirtuel.com\\\/information\\\/le-nord-de-goma-paralyse-apres-le-meurtre-de-quatre-personnes\\\/#primaryimage\",\"url\":\"https:\\\/\\\/congovirtuel.com\\\/information\\\/wp-content\\\/uploads\\\/2019\\\/07\\\/policier_congolais.jpg\",\"contentUrl\":\"https:\\\/\\\/congovirtuel.com\\\/information\\\/wp-content\\\/uploads\\\/2019\\\/07\\\/policier_congolais.jpg\",\"width\":1023,\"height\":575},{\"@type\":\"BreadcrumbList\",\"@id\":\"https:\\\/\\\/congovirtuel.com\\\/information\\\/le-nord-de-goma-paralyse-apres-le-meurtre-de-quatre-personnes\\\/#breadcrumb\",\"itemListElement\":[{\"@type\":\"ListItem\",\"position\":1,\"name\":\"Accueil\",\"item\":\"https:\\\/\\\/congovirtuel.com\\\/information\\\/\"},{\"@type\":\"ListItem\",\"position\":2,\"name\":\"Le nord de Goma paralys\u00e9 apr\u00e8s le meurtre de quatre personnes\"}]},{\"@type\":\"WebSite\",\"@id\":\"https:\\\/\\\/congovirtuel.com\\\/information\\\/#website\",\"url\":\"https:\\\/\\\/congovirtuel.com\\\/information\\\/\",\"name\":\"Actualit\u00e9s congolaises et internationales\",\"description\":\"site d&#039;analyse et de traitement d&#039;information\",\"publisher\":{\"@id\":\"https:\\\/\\\/congovirtuel.com\\\/information\\\/#organization\"},\"potentialAction\":[{\"@type\":\"SearchAction\",\"target\":{\"@type\":\"EntryPoint\",\"urlTemplate\":\"https:\\\/\\\/congovirtuel.com\\\/information\\\/?s={search_term_string}\"},\"query-input\":{\"@type\":\"PropertyValueSpecification\",\"valueRequired\":true,\"valueName\":\"search_term_string\"}}],\"inLanguage\":\"fr-FR\"},{\"@type\":\"Organization\",\"@id\":\"https:\\\/\\\/congovirtuel.com\\\/information\\\/#organization\",\"name\":\"Biblioth\u00e8que Virtuelle de la RDC\",\"url\":\"https:\\\/\\\/congovirtuel.com\\\/information\\\/\",\"logo\":{\"@type\":\"ImageObject\",\"inLanguage\":\"fr-FR\",\"@id\":\"https:\\\/\\\/congovirtuel.com\\\/information\\\/#\\\/schema\\\/logo\\\/image\\\/\",\"url\":\"https:\\\/\\\/congovirtuel.com\\\/information\\\/wp-content\\\/uploads\\\/2018\\\/10\\\/header-info-congovirtuel-vraie.jpg\",\"contentUrl\":\"https:\\\/\\\/congovirtuel.com\\\/information\\\/wp-content\\\/uploads\\\/2018\\\/10\\\/header-info-congovirtuel-vraie.jpg\",\"width\":728,\"height\":90,\"caption\":\"Biblioth\u00e8que Virtuelle de la RDC\"},\"image\":{\"@id\":\"https:\\\/\\\/congovirtuel.com\\\/information\\\/#\\\/schema\\\/logo\\\/image\\\/\"},\"sameAs\":[\"https:\\\/\\\/web.facebook.com\\\/Congovirtuel-763617960319601\\\/?ref=aymt_homepage_panel&amp;amp;amp;amp;amp;amp;amp;amp;amp;amp;amp;eid=ARCoxULa66767kIgF_KYav6VdjXTI4yk_LW4yoVO9s6NXpysgb7Cb65vpxcxgqzOAKvIbLQxaAETcqHT\",\"https:\\\/\\\/x.com\\\/congovirtuel\",\"https:\\\/\\\/www.youtube.com\\\/channel\\\/UCkFfprYzGgS3EWNpeMXpToQ?view_as=subscriber\"]},{\"@type\":\"Person\",\"@id\":\"https:\\\/\\\/congovirtuel.com\\\/information\\\/#\\\/schema\\\/person\\\/739a44bf7990966cb53d58d2fdeca0b6\",\"name\":\"infocongovirtuel\",\"image\":{\"@type\":\"ImageObject\",\"inLanguage\":\"fr-FR\",\"@id\":\"https:\\\/\\\/secure.gravatar.com\\\/avatar\\\/4d76991aa72469f0eb22e772586c99113c6997f88da636a9db8f2ce3a2c05e69?s=96&d=mm&r=g\",\"url\":\"https:\\\/\\\/secure.gravatar.com\\\/avatar\\\/4d76991aa72469f0eb22e772586c99113c6997f88da636a9db8f2ce3a2c05e69?s=96&d=mm&r=g\",\"contentUrl\":\"https:\\\/\\\/secure.gravatar.com\\\/avatar\\\/4d76991aa72469f0eb22e772586c99113c6997f88da636a9db8f2ce3a2c05e69?s=96&d=mm&r=g\",\"caption\":\"infocongovirtuel\"},\"url\":\"https:\\\/\\\/congovirtuel.com\\\/information\\\/author\\\/infocongovirtuel\\\/\"}]}<\/script>\n<!-- \/ Yoast SEO plugin. -->","yoast_head_json":{"title":"Le nord de Goma paralys\u00e9 apr\u00e8s le meurtre de quatre personnes - Actualit\u00e9s congolaises et internationales","robots":{"index":"index","follow":"follow","max-snippet":"max-snippet:-1","max-image-preview":"max-image-preview:large","max-video-preview":"max-video-preview:-1"},"canonical":"https:\/\/congovirtuel.com\/information\/le-nord-de-goma-paralyse-apres-le-meurtre-de-quatre-personnes\/","og_locale":"fr_FR","og_type":"article","og_title":"Le nord de Goma paralys\u00e9 apr\u00e8s le meurtre de quatre personnes - Actualit\u00e9s congolaises et internationales","og_description":"Des habitants d&rsquo;un quartier de Goma, dans l&rsquo;est de la R\u00e9publique d\u00e9mocratique du Congo, ont barricad\u00e9 mercredi les routes, paralysant toutes les activit\u00e9s, pour protester contre le meurtre de quatre personnes, dont deux adolescents, tu\u00e9s dans la nuit par des bandits arm\u00e9s. Des poteaux \u00e9lectriques ont \u00e9t\u00e9 arrach\u00e9s pour bloquer toute possibilit\u00e9 de circulation des taxis-motos et des bus dans ce quartier de la capitale du Nord-Kivu, ont constat\u00e9 deux journalistes de l&rsquo;AFP. Des jeunes en col\u00e8re occupaient les rues en condamnant \u00ab\u00a0l&rsquo;inaction des autorit\u00e9s face \u00e0 ces tueries qui&hellip;","og_url":"https:\/\/congovirtuel.com\/information\/le-nord-de-goma-paralyse-apres-le-meurtre-de-quatre-personnes\/","og_site_name":"Actualit\u00e9s congolaises et internationales","article_publisher":"https:\/\/web.facebook.com\/Congovirtuel-763617960319601\/?ref=aymt_homepage_panel&amp%3bamp%3bamp%3bamp%3bamp%3bamp%3bamp%3bamp%3bamp%3bamp%3bamp%3beid=ARCoxULa66767kIgF_KYav6VdjXTI4yk_LW4yoVO9s6NXpysgb7Cb65vpxcxgqzOAKvIbLQxaAETcqHT","article_published_time":"2019-07-25T03:43:32+00:00","article_modified_time":"2019-07-25T03:47:15+00:00","og_image":[{"width":1023,"height":575,"url":"https:\/\/congovirtuel.com\/information\/wp-content\/uploads\/2019\/07\/policier_congolais.jpg","type":"image\/jpeg"}],"author":"infocongovirtuel","twitter_card":"summary_large_image","twitter_creator":"@congovirtuel","twitter_site":"@congovirtuel","twitter_misc":{"\u00c9crit par":"infocongovirtuel","Dur\u00e9e de lecture estim\u00e9e":"2 minutes"},"schema":{"@context":"https:\/\/schema.org","@graph":[{"@type":"Article","@id":"https:\/\/congovirtuel.com\/information\/le-nord-de-goma-paralyse-apres-le-meurtre-de-quatre-personnes\/#article","isPartOf":{"@id":"https:\/\/congovirtuel.com\/information\/le-nord-de-goma-paralyse-apres-le-meurtre-de-quatre-personnes\/"},"author":{"name":"infocongovirtuel","@id":"https:\/\/congovirtuel.com\/information\/#\/schema\/person\/739a44bf7990966cb53d58d2fdeca0b6"},"headline":"Le nord de Goma paralys\u00e9 apr\u00e8s le meurtre de quatre personnes","datePublished":"2019-07-25T03:43:32+00:00","dateModified":"2019-07-25T03:47:15+00:00","mainEntityOfPage":{"@id":"https:\/\/congovirtuel.com\/information\/le-nord-de-goma-paralyse-apres-le-meurtre-de-quatre-personnes\/"},"wordCount":394,"commentCount":0,"publisher":{"@id":"https:\/\/congovirtuel.com\/information\/#organization"},"image":{"@id":"https:\/\/congovirtuel.com\/information\/le-nord-de-goma-paralyse-apres-le-meurtre-de-quatre-personnes\/#primaryimage"},"thumbnailUrl":"https:\/\/congovirtuel.com\/information\/wp-content\/uploads\/2019\/07\/policier_congolais.jpg","articleSection":["Politique"],"inLanguage":"fr-FR","potentialAction":[{"@type":"CommentAction","name":"Comment","target":["https:\/\/congovirtuel.com\/information\/le-nord-de-goma-paralyse-apres-le-meurtre-de-quatre-personnes\/#respond"]}]},{"@type":"WebPage","@id":"https:\/\/congovirtuel.com\/information\/le-nord-de-goma-paralyse-apres-le-meurtre-de-quatre-personnes\/","url":"https:\/\/congovirtuel.com\/information\/le-nord-de-goma-paralyse-apres-le-meurtre-de-quatre-personnes\/","name":"Le nord de Goma paralys\u00e9 apr\u00e8s le meurtre de quatre personnes - Actualit\u00e9s congolaises et internationales","isPartOf":{"@id":"https:\/\/congovirtuel.com\/information\/#website"},"primaryImageOfPage":{"@id":"https:\/\/congovirtuel.com\/information\/le-nord-de-goma-paralyse-apres-le-meurtre-de-quatre-personnes\/#primaryimage"},"image":{"@id":"https:\/\/congovirtuel.com\/information\/le-nord-de-goma-paralyse-apres-le-meurtre-de-quatre-personnes\/#primaryimage"},"thumbnailUrl":"https:\/\/congovirtuel.com\/information\/wp-content\/uploads\/2019\/07\/policier_congolais.jpg","datePublished":"2019-07-25T03:43:32+00:00","dateModified":"2019-07-25T03:47:15+00:00","breadcrumb":{"@id":"https:\/\/congovirtuel.com\/information\/le-nord-de-goma-paralyse-apres-le-meurtre-de-quatre-personnes\/#breadcrumb"},"inLanguage":"fr-FR","potentialAction":[{"@type":"ReadAction","target":["https:\/\/congovirtuel.com\/information\/le-nord-de-goma-paralyse-apres-le-meurtre-de-quatre-personnes\/"]}]},{"@type":"ImageObject","inLanguage":"fr-FR","@id":"https:\/\/congovirtuel.com\/information\/le-nord-de-goma-paralyse-apres-le-meurtre-de-quatre-personnes\/#primaryimage","url":"https:\/\/congovirtuel.com\/information\/wp-content\/uploads\/2019\/07\/policier_congolais.jpg","contentUrl":"https:\/\/congovirtuel.com\/information\/wp-content\/uploads\/2019\/07\/policier_congolais.jpg","width":1023,"height":575},{"@type":"BreadcrumbList","@id":"https:\/\/congovirtuel.com\/information\/le-nord-de-goma-paralyse-apres-le-meurtre-de-quatre-personnes\/#breadcrumb","itemListElement":[{"@type":"ListItem","position":1,"name":"Accueil","item":"https:\/\/congovirtuel.com\/information\/"},{"@type":"ListItem","position":2,"name":"Le nord de Goma paralys\u00e9 apr\u00e8s le meurtre de quatre personnes"}]},{"@type":"WebSite","@id":"https:\/\/congovirtuel.com\/information\/#website","url":"https:\/\/congovirtuel.com\/information\/","name":"Actualit\u00e9s congolaises et internationales","description":"site d&#039;analyse et de traitement d&#039;information","publisher":{"@id":"https:\/\/congovirtuel.com\/information\/#organization"},"potentialAction":[{"@type":"SearchAction","target":{"@type":"EntryPoint","urlTemplate":"https:\/\/congovirtuel.com\/information\/?s={search_term_string}"},"query-input":{"@type":"PropertyValueSpecification","valueRequired":true,"valueName":"search_term_string"}}],"inLanguage":"fr-FR"},{"@type":"Organization","@id":"https:\/\/congovirtuel.com\/information\/#organization","name":"Biblioth\u00e8que Virtuelle de la RDC","url":"https:\/\/congovirtuel.com\/information\/","logo":{"@type":"ImageObject","inLanguage":"fr-FR","@id":"https:\/\/congovirtuel.com\/information\/#\/schema\/logo\/image\/","url":"https:\/\/congovirtuel.com\/information\/wp-content\/uploads\/2018\/10\/header-info-congovirtuel-vraie.jpg","contentUrl":"https:\/\/congovirtuel.com\/information\/wp-content\/uploads\/2018\/10\/header-info-congovirtuel-vraie.jpg","width":728,"height":90,"caption":"Biblioth\u00e8que Virtuelle de la RDC"},"image":{"@id":"https:\/\/congovirtuel.com\/information\/#\/schema\/logo\/image\/"},"sameAs":["https:\/\/web.facebook.com\/Congovirtuel-763617960319601\/?ref=aymt_homepage_panel&amp;amp;amp;amp;amp;amp;amp;amp;amp;amp;amp;eid=ARCoxULa66767kIgF_KYav6VdjXTI4yk_LW4yoVO9s6NXpysgb7Cb65vpxcxgqzOAKvIbLQxaAETcqHT","https:\/\/x.com\/congovirtuel","https:\/\/www.youtube.com\/channel\/UCkFfprYzGgS3EWNpeMXpToQ?view_as=subscriber"]},{"@type":"Person","@id":"https:\/\/congovirtuel.com\/information\/#\/schema\/person\/739a44bf7990966cb53d58d2fdeca0b6","name":"infocongovirtuel","image":{"@type":"ImageObject","inLanguage":"fr-FR","@id":"https:\/\/secure.gravatar.com\/avatar\/4d76991aa72469f0eb22e772586c99113c6997f88da636a9db8f2ce3a2c05e69?s=96&d=mm&r=g","url":"https:\/\/secure.gravatar.com\/avatar\/4d76991aa72469f0eb22e772586c99113c6997f88da636a9db8f2ce3a2c05e69?s=96&d=mm&r=g","contentUrl":"https:\/\/secure.gravatar.com\/avatar\/4d76991aa72469f0eb22e772586c99113c6997f88da636a9db8f2ce3a2c05e69?s=96&d=mm&r=g","caption":"infocongovirtuel"},"url":"https:\/\/congovirtuel.com\/information\/author\/infocongovirtuel\/"}]}},"gt_translate_keys":[{"key":"link","format":"url"}],"_links":{"self":[{"href":"https:\/\/congovirtuel.com\/information\/wp-json\/wp\/v2\/posts\/158","targetHints":{"allow":["GET"]}}],"collection":[{"href":"https:\/\/congovirtuel.com\/information\/wp-json\/wp\/v2\/posts"}],"about":[{"href":"https:\/\/congovirtuel.com\/information\/wp-json\/wp\/v2\/types\/post"}],"author":[{"embeddable":true,"href":"https:\/\/congovirtuel.com\/information\/wp-json\/wp\/v2\/users\/1"}],"replies":[{"embeddable":true,"href":"https:\/\/congovirtuel.com\/information\/wp-json\/wp\/v2\/comments?post=158"}],"version-history":[{"count":2,"href":"https:\/\/congovirtuel.com\/information\/wp-json\/wp\/v2\/posts\/158\/revisions"}],"predecessor-version":[{"id":161,"href":"https:\/\/congovirtuel.com\/information\/wp-json\/wp\/v2\/posts\/158\/revisions\/161"}],"wp:featuredmedia":[{"embeddable":true,"href":"https:\/\/congovirtuel.com\/information\/wp-json\/wp\/v2\/media\/159"}],"wp:attachment":[{"href":"https:\/\/congovirtuel.com\/information\/wp-json\/wp\/v2\/media?parent=158"}],"wp:term":[{"taxonomy":"category","embeddable":true,"href":"https:\/\/congovirtuel.com\/information\/wp-json\/wp\/v2\/categories?post=158"},{"taxonomy":"post_tag","embeddable":true,"href":"https:\/\/congovirtuel.com\/information\/wp-json\/wp\/v2\/tags?post=158"}],"curies":[{"name":"wp","href":"https:\/\/api.w.org\/{rel}","templated":true}]}}