{"id":15831,"date":"2021-11-29T11:01:17","date_gmt":"2021-11-29T10:01:17","guid":{"rendered":"https:\/\/congovirtuel.com\/information\/?p=15831"},"modified":"2021-11-29T11:01:20","modified_gmt":"2021-11-29T10:01:20","slug":"covid-19-variante-congolaise-detectee-en-france-et-placee-sous-surveillance-dans-toute-l-europe","status":"publish","type":"post","link":"https:\/\/congovirtuel.com\/information\/covid-19-variante-congolaise-detectee-en-france-et-placee-sous-surveillance-dans-toute-l-europe\/","title":{"rendered":"Covid-19 : Variante congolaise d\u00e9tect\u00e9e en France et plac\u00e9e sous surveillance dans toute l&rsquo; Europe","gt_translate_keys":[{"key":"rendered","format":"text"}]},"content":{"rendered":"\n<p class=\"wp-block-paragraph\">La variante congolaise, connue sous le nom scientifique B1 640, a \u00e9t\u00e9 d\u00e9tect\u00e9e pour la premi\u00e8re fois dans une famille en France au retour d&rsquo;un voyage en R\u00e9publique du Congo.<\/p>\n\n\n\n<p class=\"wp-block-paragraph\">Mais si l&rsquo;Europe d\u00e9couvre aujourd&rsquo;hui ce variant aux mutations inhabituelles, les scientifiques congolais l&rsquo;ont d\u00e9couvert bien plus t\u00f4t.<\/p>\n\n\n\n<p class=\"wp-block-paragraph\">\u00ab C&rsquo;est une variante du SRAS cov2 responsable du covid-19 qui a \u00e9t\u00e9 d\u00e9crite dans notre laboratoire fin ao\u00fbt 2021, et c&rsquo;est une variante qui a ensuite \u00e9t\u00e9 d\u00e9tect\u00e9e dans d&rsquo;autres pays \u00bb, a d\u00e9clar\u00e9 Francine Ntoumi, pr\u00e9sidente de la Fondation congolaise pour la m\u00e9decine. Recherche.<\/p>\n\n\n\n<p class=\"wp-block-paragraph\">Jusqu&rsquo;\u00e0 pr\u00e9sent, huit cas ont \u00e9t\u00e9 d\u00e9tect\u00e9s en R\u00e9publique du Congo et 24 autres cas dans le reste du monde.<\/p>\n\n\n\n<p class=\"wp-block-paragraph\">Il a \u00e9t\u00e9 plac\u00e9 sous surveillance dans toute l&rsquo;Europe.<\/p>\n\n\n\n<p class=\"wp-block-paragraph\">\u00ab Les tests de diagnostic actuellement utilis\u00e9s permettent de d\u00e9tecter la prot\u00e9ine de pointe, l&rsquo;une des prot\u00e9ines les plus importantes permettant l&rsquo;entr\u00e9e dans la cellule humaine. En effet, les mutations dans cette r\u00e9gion sont tr\u00e8s importantes, mais \u00e0 ce jour, les tests de diagnostic par PCR ou tests anti-g\u00e8nes semblent capables de d\u00e9tecter ce virus, mais il est certain que les scientifiques doivent continuer \u00e0 travailler afin de comprendre s&rsquo;il \u00e9chappe ou non \u00e0 certains tests de diagnostic\u00a0\u00bb a conclu le scientifique.<\/p>\n\n\n\n<p class=\"wp-block-paragraph\">Le correspondant d&rsquo;Africanews C\u00e9dric Lyonnel Sehossolo ajoute :<\/p>\n\n\n\n<p class=\"wp-block-paragraph\">\u00ab <em>Pour l&rsquo;instant, l&rsquo;OMS se veut rassurante sur la virulence du variant congolais, mais la prudence s&rsquo;impose car elle pourrait r\u00e9duire l&rsquo;efficacit\u00e9 des vaccins au Congo <\/em>\u00bb.<\/p>\n\n\n\n<p class=\"wp-block-paragraph\"><strong>Africanews<\/strong><\/p>\n","protected":false,"gt_translate_keys":[{"key":"rendered","format":"html"}]},"excerpt":{"rendered":"<p>La variante congolaise, connue sous le nom scientifique B1 640, a \u00e9t\u00e9 d\u00e9tect\u00e9e pour la premi\u00e8re fois dans une famille en France au retour d&rsquo;un voyage en R\u00e9publique du Congo. Mais si l&rsquo;Europe d\u00e9couvre aujourd&rsquo;hui ce variant aux mutations inhabituelles, les scientifiques congolais l&rsquo;ont d\u00e9couvert bien plus t\u00f4t. \u00ab C&rsquo;est une variante du SRAS cov2 responsable du covid-19 qui a \u00e9t\u00e9 d\u00e9crite dans notre laboratoire fin ao\u00fbt 2021, et c&rsquo;est une variante qui a ensuite \u00e9t\u00e9 d\u00e9tect\u00e9e dans d&rsquo;autres pays \u00bb, a d\u00e9clar\u00e9 Francine Ntoumi, pr\u00e9sidente de la Fondation congolaise&hellip;<\/p>\n","protected":false,"gt_translate_keys":[{"key":"rendered","format":"html"}]},"author":1,"featured_media":12503,"comment_status":"open","ping_status":"open","sticky":false,"template":"","format":"standard","meta":{"_crdt_document":"","footnotes":""},"categories":[317],"tags":[28957,28956],"class_list":["post-15831","post","type-post","status-publish","format-standard","has-post-thumbnail","hentry","category-covid-19","tag-b1-640","tag-variante-congolaise"],"gutentor_comment":0,"yoast_head":"<!-- This site is optimized with the Yoast SEO plugin v27.5 - https:\/\/yoast.com\/product\/yoast-seo-wordpress\/ -->\n<title>Covid-19 : Variante congolaise d\u00e9tect\u00e9e en France et plac\u00e9e sous surveillance dans toute l&#039; Europe - Actualit\u00e9s congolaises et internationales<\/title>\n<meta name=\"robots\" content=\"index, follow, max-snippet:-1, max-image-preview:large, max-video-preview:-1\" \/>\n<link rel=\"canonical\" href=\"https:\/\/congovirtuel.com\/information\/covid-19-variante-congolaise-detectee-en-france-et-placee-sous-surveillance-dans-toute-l-europe\/\" \/>\n<meta property=\"og:locale\" content=\"fr_FR\" \/>\n<meta property=\"og:type\" content=\"article\" \/>\n<meta property=\"og:title\" content=\"Covid-19 : Variante congolaise d\u00e9tect\u00e9e en France et plac\u00e9e sous surveillance dans toute l&#039; Europe - Actualit\u00e9s congolaises et internationales\" \/>\n<meta property=\"og:description\" content=\"La variante congolaise, connue sous le nom scientifique B1 640, a \u00e9t\u00e9 d\u00e9tect\u00e9e pour la premi\u00e8re fois dans une famille en France au retour d&rsquo;un voyage en R\u00e9publique du Congo. Mais si l&rsquo;Europe d\u00e9couvre aujourd&rsquo;hui ce variant aux mutations inhabituelles, les scientifiques congolais l&rsquo;ont d\u00e9couvert bien plus t\u00f4t. \u00ab C&rsquo;est une variante du SRAS cov2 responsable du covid-19 qui a \u00e9t\u00e9 d\u00e9crite dans notre laboratoire fin ao\u00fbt 2021, et c&rsquo;est une variante qui a ensuite \u00e9t\u00e9 d\u00e9tect\u00e9e dans d&rsquo;autres pays \u00bb, a d\u00e9clar\u00e9 Francine Ntoumi, pr\u00e9sidente de la Fondation congolaise&hellip;\" \/>\n<meta property=\"og:url\" content=\"https:\/\/congovirtuel.com\/information\/covid-19-variante-congolaise-detectee-en-france-et-placee-sous-surveillance-dans-toute-l-europe\/\" \/>\n<meta property=\"og:site_name\" content=\"Actualit\u00e9s congolaises et internationales\" \/>\n<meta property=\"article:publisher\" content=\"https:\/\/web.facebook.com\/Congovirtuel-763617960319601\/?ref=aymt_homepage_panel&amp;amp%3bamp%3bamp%3bamp%3bamp%3bamp%3bamp%3bamp%3bamp%3bamp%3bamp%3beid=ARCoxULa66767kIgF_KYav6VdjXTI4yk_LW4yoVO9s6NXpysgb7Cb65vpxcxgqzOAKvIbLQxaAETcqHT\" \/>\n<meta property=\"article:published_time\" content=\"2021-11-29T10:01:17+00:00\" \/>\n<meta property=\"article:modified_time\" content=\"2021-11-29T10:01:20+00:00\" \/>\n<meta property=\"og:image\" content=\"https:\/\/congovirtuel.com\/information\/wp-content\/uploads\/2021\/08\/COVID.jpg\" \/>\n\t<meta property=\"og:image:width\" content=\"500\" \/>\n\t<meta property=\"og:image:height\" content=\"333\" \/>\n\t<meta property=\"og:image:type\" content=\"image\/jpeg\" \/>\n<meta name=\"author\" content=\"infocongovirtuel\" \/>\n<meta name=\"twitter:card\" content=\"summary_large_image\" \/>\n<meta name=\"twitter:creator\" content=\"@congovirtuel\" \/>\n<meta name=\"twitter:site\" content=\"@congovirtuel\" \/>\n<meta name=\"twitter:label1\" content=\"\u00c9crit par\" \/>\n\t<meta name=\"twitter:data1\" content=\"infocongovirtuel\" \/>\n\t<meta name=\"twitter:label2\" content=\"Dur\u00e9e de lecture estim\u00e9e\" \/>\n\t<meta name=\"twitter:data2\" content=\"2 minutes\" \/>\n<script type=\"application\/ld+json\" class=\"yoast-schema-graph\">{\"@context\":\"https:\\\/\\\/schema.org\",\"@graph\":[{\"@type\":\"Article\",\"@id\":\"https:\\\/\\\/congovirtuel.com\\\/information\\\/covid-19-variante-congolaise-detectee-en-france-et-placee-sous-surveillance-dans-toute-l-europe\\\/#article\",\"isPartOf\":{\"@id\":\"https:\\\/\\\/congovirtuel.com\\\/information\\\/covid-19-variante-congolaise-detectee-en-france-et-placee-sous-surveillance-dans-toute-l-europe\\\/\"},\"author\":{\"name\":\"infocongovirtuel\",\"@id\":\"https:\\\/\\\/congovirtuel.com\\\/information\\\/#\\\/schema\\\/person\\\/739a44bf7990966cb53d58d2fdeca0b6\"},\"headline\":\"Covid-19 : Variante congolaise d\u00e9tect\u00e9e en France et plac\u00e9e sous surveillance dans toute l&rsquo; Europe\",\"datePublished\":\"2021-11-29T10:01:17+00:00\",\"dateModified\":\"2021-11-29T10:01:20+00:00\",\"mainEntityOfPage\":{\"@id\":\"https:\\\/\\\/congovirtuel.com\\\/information\\\/covid-19-variante-congolaise-detectee-en-france-et-placee-sous-surveillance-dans-toute-l-europe\\\/\"},\"wordCount\":291,\"commentCount\":0,\"publisher\":{\"@id\":\"https:\\\/\\\/congovirtuel.com\\\/information\\\/#organization\"},\"image\":{\"@id\":\"https:\\\/\\\/congovirtuel.com\\\/information\\\/covid-19-variante-congolaise-detectee-en-france-et-placee-sous-surveillance-dans-toute-l-europe\\\/#primaryimage\"},\"thumbnailUrl\":\"https:\\\/\\\/congovirtuel.com\\\/information\\\/wp-content\\\/uploads\\\/2021\\\/08\\\/COVID.jpg\",\"keywords\":[\"B1 640\",\"variante congolaise\"],\"articleSection\":[\"COVID-19\"],\"inLanguage\":\"fr-FR\",\"potentialAction\":[{\"@type\":\"CommentAction\",\"name\":\"Comment\",\"target\":[\"https:\\\/\\\/congovirtuel.com\\\/information\\\/covid-19-variante-congolaise-detectee-en-france-et-placee-sous-surveillance-dans-toute-l-europe\\\/#respond\"]}]},{\"@type\":\"WebPage\",\"@id\":\"https:\\\/\\\/congovirtuel.com\\\/information\\\/covid-19-variante-congolaise-detectee-en-france-et-placee-sous-surveillance-dans-toute-l-europe\\\/\",\"url\":\"https:\\\/\\\/congovirtuel.com\\\/information\\\/covid-19-variante-congolaise-detectee-en-france-et-placee-sous-surveillance-dans-toute-l-europe\\\/\",\"name\":\"Covid-19 : Variante congolaise d\u00e9tect\u00e9e en France et plac\u00e9e sous surveillance dans toute l' Europe - Actualit\u00e9s congolaises et internationales\",\"isPartOf\":{\"@id\":\"https:\\\/\\\/congovirtuel.com\\\/information\\\/#website\"},\"primaryImageOfPage\":{\"@id\":\"https:\\\/\\\/congovirtuel.com\\\/information\\\/covid-19-variante-congolaise-detectee-en-france-et-placee-sous-surveillance-dans-toute-l-europe\\\/#primaryimage\"},\"image\":{\"@id\":\"https:\\\/\\\/congovirtuel.com\\\/information\\\/covid-19-variante-congolaise-detectee-en-france-et-placee-sous-surveillance-dans-toute-l-europe\\\/#primaryimage\"},\"thumbnailUrl\":\"https:\\\/\\\/congovirtuel.com\\\/information\\\/wp-content\\\/uploads\\\/2021\\\/08\\\/COVID.jpg\",\"datePublished\":\"2021-11-29T10:01:17+00:00\",\"dateModified\":\"2021-11-29T10:01:20+00:00\",\"breadcrumb\":{\"@id\":\"https:\\\/\\\/congovirtuel.com\\\/information\\\/covid-19-variante-congolaise-detectee-en-france-et-placee-sous-surveillance-dans-toute-l-europe\\\/#breadcrumb\"},\"inLanguage\":\"fr-FR\",\"potentialAction\":[{\"@type\":\"ReadAction\",\"target\":[\"https:\\\/\\\/congovirtuel.com\\\/information\\\/covid-19-variante-congolaise-detectee-en-france-et-placee-sous-surveillance-dans-toute-l-europe\\\/\"]}]},{\"@type\":\"ImageObject\",\"inLanguage\":\"fr-FR\",\"@id\":\"https:\\\/\\\/congovirtuel.com\\\/information\\\/covid-19-variante-congolaise-detectee-en-france-et-placee-sous-surveillance-dans-toute-l-europe\\\/#primaryimage\",\"url\":\"https:\\\/\\\/congovirtuel.com\\\/information\\\/wp-content\\\/uploads\\\/2021\\\/08\\\/COVID.jpg\",\"contentUrl\":\"https:\\\/\\\/congovirtuel.com\\\/information\\\/wp-content\\\/uploads\\\/2021\\\/08\\\/COVID.jpg\",\"width\":500,\"height\":333},{\"@type\":\"BreadcrumbList\",\"@id\":\"https:\\\/\\\/congovirtuel.com\\\/information\\\/covid-19-variante-congolaise-detectee-en-france-et-placee-sous-surveillance-dans-toute-l-europe\\\/#breadcrumb\",\"itemListElement\":[{\"@type\":\"ListItem\",\"position\":1,\"name\":\"Accueil\",\"item\":\"https:\\\/\\\/congovirtuel.com\\\/information\\\/\"},{\"@type\":\"ListItem\",\"position\":2,\"name\":\"Covid-19 : Variante congolaise d\u00e9tect\u00e9e en France et plac\u00e9e sous surveillance dans toute l&rsquo; Europe\"}]},{\"@type\":\"WebSite\",\"@id\":\"https:\\\/\\\/congovirtuel.com\\\/information\\\/#website\",\"url\":\"https:\\\/\\\/congovirtuel.com\\\/information\\\/\",\"name\":\"Actualit\u00e9s congolaises et internationales\",\"description\":\"site d&#039;analyse et de traitement d&#039;information\",\"publisher\":{\"@id\":\"https:\\\/\\\/congovirtuel.com\\\/information\\\/#organization\"},\"potentialAction\":[{\"@type\":\"SearchAction\",\"target\":{\"@type\":\"EntryPoint\",\"urlTemplate\":\"https:\\\/\\\/congovirtuel.com\\\/information\\\/?s={search_term_string}\"},\"query-input\":{\"@type\":\"PropertyValueSpecification\",\"valueRequired\":true,\"valueName\":\"search_term_string\"}}],\"inLanguage\":\"fr-FR\"},{\"@type\":\"Organization\",\"@id\":\"https:\\\/\\\/congovirtuel.com\\\/information\\\/#organization\",\"name\":\"Biblioth\u00e8que Virtuelle de la RDC\",\"url\":\"https:\\\/\\\/congovirtuel.com\\\/information\\\/\",\"logo\":{\"@type\":\"ImageObject\",\"inLanguage\":\"fr-FR\",\"@id\":\"https:\\\/\\\/congovirtuel.com\\\/information\\\/#\\\/schema\\\/logo\\\/image\\\/\",\"url\":\"https:\\\/\\\/congovirtuel.com\\\/information\\\/wp-content\\\/uploads\\\/2018\\\/10\\\/header-info-congovirtuel-vraie.jpg\",\"contentUrl\":\"https:\\\/\\\/congovirtuel.com\\\/information\\\/wp-content\\\/uploads\\\/2018\\\/10\\\/header-info-congovirtuel-vraie.jpg\",\"width\":728,\"height\":90,\"caption\":\"Biblioth\u00e8que Virtuelle de la RDC\"},\"image\":{\"@id\":\"https:\\\/\\\/congovirtuel.com\\\/information\\\/#\\\/schema\\\/logo\\\/image\\\/\"},\"sameAs\":[\"https:\\\/\\\/web.facebook.com\\\/Congovirtuel-763617960319601\\\/?ref=aymt_homepage_panel&amp;amp;amp;amp;amp;amp;amp;amp;amp;amp;amp;eid=ARCoxULa66767kIgF_KYav6VdjXTI4yk_LW4yoVO9s6NXpysgb7Cb65vpxcxgqzOAKvIbLQxaAETcqHT\",\"https:\\\/\\\/x.com\\\/congovirtuel\",\"https:\\\/\\\/www.youtube.com\\\/channel\\\/UCkFfprYzGgS3EWNpeMXpToQ?view_as=subscriber\"]},{\"@type\":\"Person\",\"@id\":\"https:\\\/\\\/congovirtuel.com\\\/information\\\/#\\\/schema\\\/person\\\/739a44bf7990966cb53d58d2fdeca0b6\",\"name\":\"infocongovirtuel\",\"image\":{\"@type\":\"ImageObject\",\"inLanguage\":\"fr-FR\",\"@id\":\"https:\\\/\\\/secure.gravatar.com\\\/avatar\\\/4d76991aa72469f0eb22e772586c99113c6997f88da636a9db8f2ce3a2c05e69?s=96&d=mm&r=g\",\"url\":\"https:\\\/\\\/secure.gravatar.com\\\/avatar\\\/4d76991aa72469f0eb22e772586c99113c6997f88da636a9db8f2ce3a2c05e69?s=96&d=mm&r=g\",\"contentUrl\":\"https:\\\/\\\/secure.gravatar.com\\\/avatar\\\/4d76991aa72469f0eb22e772586c99113c6997f88da636a9db8f2ce3a2c05e69?s=96&d=mm&r=g\",\"caption\":\"infocongovirtuel\"},\"url\":\"https:\\\/\\\/congovirtuel.com\\\/information\\\/author\\\/infocongovirtuel\\\/\"}]}<\/script>\n<!-- \/ Yoast SEO plugin. -->","yoast_head_json":{"title":"Covid-19 : Variante congolaise d\u00e9tect\u00e9e en France et plac\u00e9e sous surveillance dans toute l' Europe - Actualit\u00e9s congolaises et internationales","robots":{"index":"index","follow":"follow","max-snippet":"max-snippet:-1","max-image-preview":"max-image-preview:large","max-video-preview":"max-video-preview:-1"},"canonical":"https:\/\/congovirtuel.com\/information\/covid-19-variante-congolaise-detectee-en-france-et-placee-sous-surveillance-dans-toute-l-europe\/","og_locale":"fr_FR","og_type":"article","og_title":"Covid-19 : Variante congolaise d\u00e9tect\u00e9e en France et plac\u00e9e sous surveillance dans toute l' Europe - Actualit\u00e9s congolaises et internationales","og_description":"La variante congolaise, connue sous le nom scientifique B1 640, a \u00e9t\u00e9 d\u00e9tect\u00e9e pour la premi\u00e8re fois dans une famille en France au retour d&rsquo;un voyage en R\u00e9publique du Congo. Mais si l&rsquo;Europe d\u00e9couvre aujourd&rsquo;hui ce variant aux mutations inhabituelles, les scientifiques congolais l&rsquo;ont d\u00e9couvert bien plus t\u00f4t. \u00ab C&rsquo;est une variante du SRAS cov2 responsable du covid-19 qui a \u00e9t\u00e9 d\u00e9crite dans notre laboratoire fin ao\u00fbt 2021, et c&rsquo;est une variante qui a ensuite \u00e9t\u00e9 d\u00e9tect\u00e9e dans d&rsquo;autres pays \u00bb, a d\u00e9clar\u00e9 Francine Ntoumi, pr\u00e9sidente de la Fondation congolaise&hellip;","og_url":"https:\/\/congovirtuel.com\/information\/covid-19-variante-congolaise-detectee-en-france-et-placee-sous-surveillance-dans-toute-l-europe\/","og_site_name":"Actualit\u00e9s congolaises et internationales","article_publisher":"https:\/\/web.facebook.com\/Congovirtuel-763617960319601\/?ref=aymt_homepage_panel&amp%3bamp%3bamp%3bamp%3bamp%3bamp%3bamp%3bamp%3bamp%3bamp%3bamp%3beid=ARCoxULa66767kIgF_KYav6VdjXTI4yk_LW4yoVO9s6NXpysgb7Cb65vpxcxgqzOAKvIbLQxaAETcqHT","article_published_time":"2021-11-29T10:01:17+00:00","article_modified_time":"2021-11-29T10:01:20+00:00","og_image":[{"width":500,"height":333,"url":"https:\/\/congovirtuel.com\/information\/wp-content\/uploads\/2021\/08\/COVID.jpg","type":"image\/jpeg"}],"author":"infocongovirtuel","twitter_card":"summary_large_image","twitter_creator":"@congovirtuel","twitter_site":"@congovirtuel","twitter_misc":{"\u00c9crit par":"infocongovirtuel","Dur\u00e9e de lecture estim\u00e9e":"2 minutes"},"schema":{"@context":"https:\/\/schema.org","@graph":[{"@type":"Article","@id":"https:\/\/congovirtuel.com\/information\/covid-19-variante-congolaise-detectee-en-france-et-placee-sous-surveillance-dans-toute-l-europe\/#article","isPartOf":{"@id":"https:\/\/congovirtuel.com\/information\/covid-19-variante-congolaise-detectee-en-france-et-placee-sous-surveillance-dans-toute-l-europe\/"},"author":{"name":"infocongovirtuel","@id":"https:\/\/congovirtuel.com\/information\/#\/schema\/person\/739a44bf7990966cb53d58d2fdeca0b6"},"headline":"Covid-19 : Variante congolaise d\u00e9tect\u00e9e en France et plac\u00e9e sous surveillance dans toute l&rsquo; Europe","datePublished":"2021-11-29T10:01:17+00:00","dateModified":"2021-11-29T10:01:20+00:00","mainEntityOfPage":{"@id":"https:\/\/congovirtuel.com\/information\/covid-19-variante-congolaise-detectee-en-france-et-placee-sous-surveillance-dans-toute-l-europe\/"},"wordCount":291,"commentCount":0,"publisher":{"@id":"https:\/\/congovirtuel.com\/information\/#organization"},"image":{"@id":"https:\/\/congovirtuel.com\/information\/covid-19-variante-congolaise-detectee-en-france-et-placee-sous-surveillance-dans-toute-l-europe\/#primaryimage"},"thumbnailUrl":"https:\/\/congovirtuel.com\/information\/wp-content\/uploads\/2021\/08\/COVID.jpg","keywords":["B1 640","variante congolaise"],"articleSection":["COVID-19"],"inLanguage":"fr-FR","potentialAction":[{"@type":"CommentAction","name":"Comment","target":["https:\/\/congovirtuel.com\/information\/covid-19-variante-congolaise-detectee-en-france-et-placee-sous-surveillance-dans-toute-l-europe\/#respond"]}]},{"@type":"WebPage","@id":"https:\/\/congovirtuel.com\/information\/covid-19-variante-congolaise-detectee-en-france-et-placee-sous-surveillance-dans-toute-l-europe\/","url":"https:\/\/congovirtuel.com\/information\/covid-19-variante-congolaise-detectee-en-france-et-placee-sous-surveillance-dans-toute-l-europe\/","name":"Covid-19 : Variante congolaise d\u00e9tect\u00e9e en France et plac\u00e9e sous surveillance dans toute l' Europe - Actualit\u00e9s congolaises et internationales","isPartOf":{"@id":"https:\/\/congovirtuel.com\/information\/#website"},"primaryImageOfPage":{"@id":"https:\/\/congovirtuel.com\/information\/covid-19-variante-congolaise-detectee-en-france-et-placee-sous-surveillance-dans-toute-l-europe\/#primaryimage"},"image":{"@id":"https:\/\/congovirtuel.com\/information\/covid-19-variante-congolaise-detectee-en-france-et-placee-sous-surveillance-dans-toute-l-europe\/#primaryimage"},"thumbnailUrl":"https:\/\/congovirtuel.com\/information\/wp-content\/uploads\/2021\/08\/COVID.jpg","datePublished":"2021-11-29T10:01:17+00:00","dateModified":"2021-11-29T10:01:20+00:00","breadcrumb":{"@id":"https:\/\/congovirtuel.com\/information\/covid-19-variante-congolaise-detectee-en-france-et-placee-sous-surveillance-dans-toute-l-europe\/#breadcrumb"},"inLanguage":"fr-FR","potentialAction":[{"@type":"ReadAction","target":["https:\/\/congovirtuel.com\/information\/covid-19-variante-congolaise-detectee-en-france-et-placee-sous-surveillance-dans-toute-l-europe\/"]}]},{"@type":"ImageObject","inLanguage":"fr-FR","@id":"https:\/\/congovirtuel.com\/information\/covid-19-variante-congolaise-detectee-en-france-et-placee-sous-surveillance-dans-toute-l-europe\/#primaryimage","url":"https:\/\/congovirtuel.com\/information\/wp-content\/uploads\/2021\/08\/COVID.jpg","contentUrl":"https:\/\/congovirtuel.com\/information\/wp-content\/uploads\/2021\/08\/COVID.jpg","width":500,"height":333},{"@type":"BreadcrumbList","@id":"https:\/\/congovirtuel.com\/information\/covid-19-variante-congolaise-detectee-en-france-et-placee-sous-surveillance-dans-toute-l-europe\/#breadcrumb","itemListElement":[{"@type":"ListItem","position":1,"name":"Accueil","item":"https:\/\/congovirtuel.com\/information\/"},{"@type":"ListItem","position":2,"name":"Covid-19 : Variante congolaise d\u00e9tect\u00e9e en France et plac\u00e9e sous surveillance dans toute l&rsquo; Europe"}]},{"@type":"WebSite","@id":"https:\/\/congovirtuel.com\/information\/#website","url":"https:\/\/congovirtuel.com\/information\/","name":"Actualit\u00e9s congolaises et internationales","description":"site d&#039;analyse et de traitement d&#039;information","publisher":{"@id":"https:\/\/congovirtuel.com\/information\/#organization"},"potentialAction":[{"@type":"SearchAction","target":{"@type":"EntryPoint","urlTemplate":"https:\/\/congovirtuel.com\/information\/?s={search_term_string}"},"query-input":{"@type":"PropertyValueSpecification","valueRequired":true,"valueName":"search_term_string"}}],"inLanguage":"fr-FR"},{"@type":"Organization","@id":"https:\/\/congovirtuel.com\/information\/#organization","name":"Biblioth\u00e8que Virtuelle de la RDC","url":"https:\/\/congovirtuel.com\/information\/","logo":{"@type":"ImageObject","inLanguage":"fr-FR","@id":"https:\/\/congovirtuel.com\/information\/#\/schema\/logo\/image\/","url":"https:\/\/congovirtuel.com\/information\/wp-content\/uploads\/2018\/10\/header-info-congovirtuel-vraie.jpg","contentUrl":"https:\/\/congovirtuel.com\/information\/wp-content\/uploads\/2018\/10\/header-info-congovirtuel-vraie.jpg","width":728,"height":90,"caption":"Biblioth\u00e8que Virtuelle de la RDC"},"image":{"@id":"https:\/\/congovirtuel.com\/information\/#\/schema\/logo\/image\/"},"sameAs":["https:\/\/web.facebook.com\/Congovirtuel-763617960319601\/?ref=aymt_homepage_panel&amp;amp;amp;amp;amp;amp;amp;amp;amp;amp;amp;eid=ARCoxULa66767kIgF_KYav6VdjXTI4yk_LW4yoVO9s6NXpysgb7Cb65vpxcxgqzOAKvIbLQxaAETcqHT","https:\/\/x.com\/congovirtuel","https:\/\/www.youtube.com\/channel\/UCkFfprYzGgS3EWNpeMXpToQ?view_as=subscriber"]},{"@type":"Person","@id":"https:\/\/congovirtuel.com\/information\/#\/schema\/person\/739a44bf7990966cb53d58d2fdeca0b6","name":"infocongovirtuel","image":{"@type":"ImageObject","inLanguage":"fr-FR","@id":"https:\/\/secure.gravatar.com\/avatar\/4d76991aa72469f0eb22e772586c99113c6997f88da636a9db8f2ce3a2c05e69?s=96&d=mm&r=g","url":"https:\/\/secure.gravatar.com\/avatar\/4d76991aa72469f0eb22e772586c99113c6997f88da636a9db8f2ce3a2c05e69?s=96&d=mm&r=g","contentUrl":"https:\/\/secure.gravatar.com\/avatar\/4d76991aa72469f0eb22e772586c99113c6997f88da636a9db8f2ce3a2c05e69?s=96&d=mm&r=g","caption":"infocongovirtuel"},"url":"https:\/\/congovirtuel.com\/information\/author\/infocongovirtuel\/"}]}},"gt_translate_keys":[{"key":"link","format":"url"}],"_links":{"self":[{"href":"https:\/\/congovirtuel.com\/information\/wp-json\/wp\/v2\/posts\/15831","targetHints":{"allow":["GET"]}}],"collection":[{"href":"https:\/\/congovirtuel.com\/information\/wp-json\/wp\/v2\/posts"}],"about":[{"href":"https:\/\/congovirtuel.com\/information\/wp-json\/wp\/v2\/types\/post"}],"author":[{"embeddable":true,"href":"https:\/\/congovirtuel.com\/information\/wp-json\/wp\/v2\/users\/1"}],"replies":[{"embeddable":true,"href":"https:\/\/congovirtuel.com\/information\/wp-json\/wp\/v2\/comments?post=15831"}],"version-history":[{"count":1,"href":"https:\/\/congovirtuel.com\/information\/wp-json\/wp\/v2\/posts\/15831\/revisions"}],"predecessor-version":[{"id":15833,"href":"https:\/\/congovirtuel.com\/information\/wp-json\/wp\/v2\/posts\/15831\/revisions\/15833"}],"wp:featuredmedia":[{"embeddable":true,"href":"https:\/\/congovirtuel.com\/information\/wp-json\/wp\/v2\/media\/12503"}],"wp:attachment":[{"href":"https:\/\/congovirtuel.com\/information\/wp-json\/wp\/v2\/media?parent=15831"}],"wp:term":[{"taxonomy":"category","embeddable":true,"href":"https:\/\/congovirtuel.com\/information\/wp-json\/wp\/v2\/categories?post=15831"},{"taxonomy":"post_tag","embeddable":true,"href":"https:\/\/congovirtuel.com\/information\/wp-json\/wp\/v2\/tags?post=15831"}],"curies":[{"name":"wp","href":"https:\/\/api.w.org\/{rel}","templated":true}]}}