{"id":15975,"date":"2021-12-04T11:08:27","date_gmt":"2021-12-04T10:08:27","guid":{"rendered":"https:\/\/congovirtuel.com\/information\/?p=15975"},"modified":"2021-12-04T11:08:29","modified_gmt":"2021-12-04T10:08:29","slug":"rdc-evince-par-f-tshisekedi-a-yuma-va-se-battre-pour-eviter-le-gel-de-ses-comptes-dans-les-banques-internationales","status":"publish","type":"post","link":"https:\/\/congovirtuel.com\/information\/rdc-evince-par-f-tshisekedi-a-yuma-va-se-battre-pour-eviter-le-gel-de-ses-comptes-dans-les-banques-internationales\/","title":{"rendered":"RDC: \u00e9vinc\u00e9 par F. Tshisekedi, A. Yuma va se battre pour \u00e9viter le gel de ses \u00ab\u00a0comptes\u00a0\u00bb dans les banques internationales","gt_translate_keys":[{"key":"rendered","format":"text"}]},"content":{"rendered":"\n<p class=\"wp-block-paragraph\"><strong><em>De hauts responsables du d\u00e9partement d&rsquo;\u00c9tat ont exhort\u00e9 l&rsquo;administration Biden \u00e0 imposer des sanctions contre Albert Yuma, qui a d\u00e9clar\u00e9 au Times qu&rsquo;il avait, selon ses propres dires, \u00e9t\u00e9 accus\u00e9 d&rsquo;avoir d\u00e9tourn\u00e9 jusqu&rsquo;\u00e0 8,8 milliards de dollars de revenus miniers au fil des ans.<\/em><\/strong><\/p>\n\n\n\n<p class=\"wp-block-paragraph\"><strong><em>Il a \u00e9t\u00e9 s\u00e9par\u00e9ment interdit en 2018 d&rsquo;entrer aux \u00c9tats-Unis, et il a depuis embauch\u00e9 une \u00e9quipe de <\/em><\/strong><a href=\"https:\/\/lda.senate.gov\/filings\/public\/filing\/58bfaed8-191b-4644-934d-0c24eb7ec8dd\/print\/\"><strong><em>lobbyistes<\/em><\/strong><\/a><strong><em> et d&rsquo;avocats \u00e0 Washington pour tenter de riposter et d&rsquo;\u00e9viter toute sanction, ce qui pourrait geler l&rsquo;argent qu&rsquo;il a dans les banques internationales.<\/em><\/strong><\/p>\n\n\n\n<p class=\"wp-block-paragraph\"><strong><em>Le pr\u00e9sident de la soci\u00e9t\u00e9 mini\u00e8re d&rsquo;\u00c9tat de la R\u00e9publique d\u00e9mocratique du Congo a \u00e9t\u00e9 \u00e9vinc\u00e9 vendredi apr\u00e8s des all\u00e9gations de longue date selon lesquelles des milliards de dollars de revenus auraient disparu, une d\u00e9cision selon les responsables \u00e9tait destin\u00e9e \u00e0 lutter contre la corruption alors que le pays devient de plus en plus important dans la r\u00e9volution mondiale de l&rsquo;\u00e9nergie propre.<\/em><\/strong><\/p>\n\n\n\n<p class=\"wp-block-paragraph\">Albert Yuma Mulimbi, pr\u00e9sident de la soci\u00e9t\u00e9 depuis 2010, a \u00e9t\u00e9 \u00e9vinc\u00e9 par le pr\u00e9sident congolais F\u00e9lix Tshisekedi quelques jours seulement apr\u00e8s que le New York Times a publi\u00e9 un article r\u00e9v\u00e9lant de nouvelles all\u00e9gations contre Yuma.<\/p>\n\n\n\n<p class=\"wp-block-paragraph\">L&rsquo;agence gouvernementale, connue sous le nom de G\u00e9camines, contr\u00f4le la production de m\u00e9taux tels que le cobalt et le cuivre, des ressources cruciales dans la pouss\u00e9e pour d\u00e9velopper les v\u00e9hicules \u00e9lectriques et autres \u00e9nergies renouvelables. Sans sa pr\u00e9sidence, Yuma ne jouera plus un r\u00f4le important dans les partenariats avec des soci\u00e9t\u00e9s internationales dans le cadre d&rsquo;importants accords miniers.<\/p>\n\n\n\n<p class=\"wp-block-paragraph\">\u00ab\u00a0<em>Il est difficile de sous-estimer l&rsquo;importance de ce d\u00e9veloppement &#8211; c&rsquo;est une \u00e9tape importante dans la lutte contre la corruption au Congo<\/em>\u00ab\u00a0, a d\u00e9clar\u00e9 J. Peter Pham, qui jusqu&rsquo;en janvier a \u00e9t\u00e9 haut responsable de l&rsquo;Afrique centrale au d\u00e9partement d&rsquo;\u00c9tat am\u00e9ricain. \u00ab <em>Albert Yuma et le secteur minier sont au c\u0153ur des ressources naturelles, du pouvoir politique et \u00e9conomique du pays<\/em>. \u00bb<\/p>\n\n\n\n<p class=\"wp-block-paragraph\">Au moins pour l&rsquo;instant, Yuma conservera son r\u00f4le de supervision de la r\u00e9forme de l&rsquo;exploitation mini\u00e8re \u00e0 petite \u00e9chelle et informelle au Congo, a d\u00e9clar\u00e9 un responsable de l&rsquo;industrie. Ses plans incluent l&rsquo;achat de cobalt aupr\u00e8s des mineurs informels, \u00e9galement connus sous le nom de mineurs artisanaux, et la r\u00e9glementation des prix. Le cobalt produit par l&rsquo;exploitation mini\u00e8re artisanale, par opposition aux op\u00e9rations industrielles, repr\u00e9sente environ 30 pour cent de la production nationale.<\/p>\n\n\n\n<figure class=\"wp-block-image size-large\"><img loading=\"lazy\" decoding=\"async\" width=\"840\" height=\"840\" src=\"https:\/\/congovirtuel.com\/information\/wp-content\/uploads\/2021\/12\/IMG-20211204-WA0026-840x840.jpg\" alt=\"\" class=\"wp-image-15978\" srcset=\"https:\/\/congovirtuel.com\/information\/wp-content\/uploads\/2021\/12\/IMG-20211204-WA0026-840x840.jpg 840w, https:\/\/congovirtuel.com\/information\/wp-content\/uploads\/2021\/12\/IMG-20211204-WA0026-365x365.jpg 365w, https:\/\/congovirtuel.com\/information\/wp-content\/uploads\/2021\/12\/IMG-20211204-WA0026-768x768.jpg 768w, https:\/\/congovirtuel.com\/information\/wp-content\/uploads\/2021\/12\/IMG-20211204-WA0026.jpg 1200w\" sizes=\"auto, (max-width: 840px) 100vw, 840px\" \/><figcaption>Albert Yuma<\/figcaption><\/figure>\n\n\n\n<p class=\"wp-block-paragraph\">Il a \u00e9galement annonc\u00e9 des plans pour accro\u00eetre la s\u00e9curit\u00e9 sur ces sites. Le travail des enfants et les blessures et d\u00e9c\u00e8s fr\u00e9quents associ\u00e9s \u00e0 de telles exploitations mini\u00e8res ont attir\u00e9 l&rsquo;attention internationale, chass\u00e9 de nouveaux investisseurs am\u00e9ricains et m\u00eame rendu certains constructeurs automobiles r\u00e9ticents \u00e0 acheter du cobalt du Congo.<\/p>\n\n\n\n<p class=\"wp-block-paragraph\">Le pays est responsable de plus des deux tiers du cobalt mondial et est \u00e9galement un important producteur de cuivre. Bien que les prix aient grimp\u00e9 en fl\u00e8che ces derni\u00e8res ann\u00e9es, la G\u00e9camines a \u00e9t\u00e9 critiqu\u00e9e pendant le mandat de M. Yuma pour avoir sign\u00e9 des accords avec des soci\u00e9t\u00e9s mini\u00e8res \u00e9trang\u00e8res, y compris des entit\u00e9s soutenues par le gouvernement chinois . Ces arrangements ont effectivement remis les extraordinaires richesses min\u00e9rales du pays au profit des \u00e9trangers.<\/p>\n\n\n\n<p class=\"wp-block-paragraph\">De hauts responsables du d\u00e9partement d&rsquo;\u00c9tat ont exhort\u00e9 l&rsquo;administration Biden \u00e0 imposer des sanctions contre Albert Yuma, qui a d\u00e9clar\u00e9 au Times qu&rsquo;il avait, selon ses propres dires, \u00e9t\u00e9 accus\u00e9 d&rsquo;avoir d\u00e9tourn\u00e9 jusqu&rsquo;\u00e0 8,8 milliards de dollars de revenus miniers au fil des ans.<\/p>\n\n\n\n<p class=\"wp-block-paragraph\">Il a \u00e9t\u00e9 s\u00e9par\u00e9ment interdit en 2018 d&rsquo;entrer aux \u00c9tats-Unis, et il a depuis embauch\u00e9 une \u00e9quipe de <a href=\"https:\/\/lda.senate.gov\/filings\/public\/filing\/58bfaed8-191b-4644-934d-0c24eb7ec8dd\/print\/\">lobbyistes<\/a> et d&rsquo;avocats \u00e0 Washington pour tenter de riposter et d&rsquo;\u00e9viter toute sanction, ce qui pourrait geler l&rsquo;argent qu&rsquo;il a dans les banques internationales.<\/p>\n\n\n\n<p class=\"wp-block-paragraph\">M. Yuma, un courtier de longue date au Congo et l&rsquo;un des hommes d&rsquo;affaires les plus riches du pays, n&rsquo;a pas r\u00e9pondu vendredi \u00e0 une demande de commentaire. Mais dans une s\u00e9rie d&rsquo;entretiens avec le Times ces derniers mois, il a qualifi\u00e9 les accusations port\u00e9es contre lui de fabrications par des provocateurs ext\u00e9rieurs cherchant \u00e0 saper la souverainet\u00e9 du Congo.<\/p>\n\n\n\n<p class=\"wp-block-paragraph\">Dans un document qu&rsquo;il a fourni en octobre, il a qualifi\u00e9 les all\u00e9gations de \u00ab v\u00e9ritables campagnes de diffamation \u00bb, affirmant que ses d\u00e9tracteurs voulaient \u00ab entacher sa r\u00e9putation et brouiller son r\u00f4le majeur en faveur du pays \u00e0 travers la r\u00e9forme de sa politique mini\u00e8re \u00bb.<\/p>\n\n\n\n<p class=\"wp-block-paragraph\">Pendant des d\u00e9cennies, la G\u00e9camines a \u00e9t\u00e9 l&rsquo;une des plus importantes sources de revenus du Congo, contr\u00f4lant les concessions accord\u00e9es aux grandes soci\u00e9t\u00e9s mini\u00e8res internationales et percevant des redevances aupr\u00e8s d&rsquo;elles. L&rsquo;ann\u00e9e derni\u00e8re, l&rsquo;entreprise a g\u00e9n\u00e9r\u00e9 324 millions de dollars .<\/p>\n\n\n\n<p class=\"wp-block-paragraph\">Yuma a \u00e9t\u00e9 nomm\u00e9 \u00e0 son poste de pr\u00e9sident par l&rsquo;ancien pr\u00e9sident du pays, Joseph Kabila, qui, selon les responsables am\u00e9ricains, a travaill\u00e9 en \u00e9troite collaboration avec Yuma pour d\u00e9tourner les fonds de l&rsquo;agence \u00e0 des fins politiques, et peut-\u00eatre aussi pour enrichir la famille de M. Kabila.<\/p>\n\n\n\n<p class=\"wp-block-paragraph\">Il a \u00e9t\u00e9 reconduit dans ses fonctions de pr\u00e9sident en 2019, apr\u00e8s l&rsquo;entr\u00e9e en fonction de M. Tshisekedi. Cette ann\u00e9e-l\u00e0, M. Yuma avait \u00e9t\u00e9 envisag\u00e9 pour devenir Premier ministre du Congo, une d\u00e9cision \u00e0 laquelle les \u00c9tats-Unis s&rsquo;opposaient parce qu&rsquo;il pr\u00e9voyait de servir de mandataire de M. Kabila, ont d\u00e9clar\u00e9 des responsables du d\u00e9partement d&rsquo;\u00c9tat au Times.<\/p>\n\n\n\n<p class=\"wp-block-paragraph\">M. Yuma sera d\u00e9sormais remplac\u00e9 par Kaputo Kalubi Alphonse, que M. Tshisekedi avait nomm\u00e9 il y a trois ans au conseil d&rsquo;administration de la G\u00e9camines. Signe du r\u00f4le cl\u00e9 que joue la G\u00e9camines au Congo, le porte-parole de M. Tshisekedi a annonc\u00e9 vendredi cette nouvelle nomination \u00e0 la t\u00e9l\u00e9vision nationale.<\/p>\n\n\n\n<p class=\"wp-block-paragraph\">L\u00e9on Mwine, qui a \u00e9t\u00e9 nomm\u00e9 par M. Tshisekedi \u00e0 un poste de direction \u00e0 la G\u00e9camines en 2019, a d\u00e9clar\u00e9 que les dirigeants avaient r\u00e9alis\u00e9 qu&rsquo;ils devaient prouver au monde que l&rsquo;agence pouvait changer de cap.<\/p>\n\n\n\n<p class=\"wp-block-paragraph\">\u00ab\u00a0<em>Des valeurs &#8211; telles que l&rsquo;honn\u00eatet\u00e9, la transparence et l&rsquo;int\u00e9grit\u00e9 &#8211; ces valeurs fondamentales sont ce dont nous avons besoin pour \u00eatre comp\u00e9titifs sur le march\u00e9 international<\/em>\u00ab\u00a0, a d\u00e9clar\u00e9 M. Mwine.<\/p>\n\n\n\n<p class=\"wp-block-paragraph\"><strong><em>Eric Lipton est un journaliste d&rsquo;investigation bas\u00e9 \u00e0 Washington. Trois fois laur\u00e9at du prix Pulitzer, il a pr\u00e9c\u00e9demment travaill\u00e9 au Washington Post et au Hartford Courant.@Eric LiptonNYT<\/em><\/strong><\/p>\n\n\n\n<p class=\"wp-block-paragraph\"><strong><em>Dionne Searcey fait partie d&rsquo;une \u00e9quipe qui a remport\u00e9 le prix Pulitzer 2020 du reportage international et auteur du livre \u00a0\u00bb <\/em><\/strong><a href=\"https:\/\/www.amazon.com\/Pursuit-Disobedient-Women-Memoir-Rebellion\/dp\/0399179852\"><strong><em>In Pursuit of Disobedient Women \u00ab\u00a0.<\/em><\/strong><\/a><strong><em>&nbsp; <\/em><\/strong><a href=\"https:\/\/twitter.com\/dionnesearcey?lang=en\"><strong><em>@dionnesearcey<\/em><\/strong><\/a><strong><em> \u2022<\/em><\/strong><\/p>\n\n\n\n<p class=\"wp-block-paragraph\"><strong><em>Lire le un document de 33 que Albert Yuma a fourni en octobre au New York Times<\/em><\/strong> <\/p>\n\n\n\n<div data-wp-interactive=\"core\/file\" class=\"wp-block-file\"><object data-wp-bind--hidden=\"!state.hasPdfPreview\" hidden class=\"wp-block-file__embed\" data=\"https:\/\/congovirtuel.com\/information\/wp-content\/uploads\/2021\/12\/fullz.pdf\" type=\"application\/pdf\" style=\"width:100%;height:600px\" aria-label=\"Contenu embarqu\u00e9 Embed of fullz..\"><\/object><a id=\"wp-block-file--media-9e6a6ba0-ed93-48ce-91a4-0af3d69d22c1\" href=\"https:\/\/congovirtuel.com\/information\/wp-content\/uploads\/2021\/12\/fullz.pdf\">fullz<\/a><a href=\"https:\/\/congovirtuel.com\/information\/wp-content\/uploads\/2021\/12\/fullz.pdf\" class=\"wp-block-file__button\" download aria-describedby=\"wp-block-file--media-9e6a6ba0-ed93-48ce-91a4-0af3d69d22c1\"><\/a><\/div>\n","protected":false,"gt_translate_keys":[{"key":"rendered","format":"html"}]},"excerpt":{"rendered":"<p>De hauts responsables du d\u00e9partement d&rsquo;\u00c9tat ont exhort\u00e9 l&rsquo;administration Biden \u00e0 imposer des sanctions contre Albert Yuma, qui a d\u00e9clar\u00e9 au Times qu&rsquo;il avait, selon ses propres dires, \u00e9t\u00e9 accus\u00e9 d&rsquo;avoir d\u00e9tourn\u00e9 jusqu&rsquo;\u00e0 8,8 milliards de dollars de revenus miniers au fil des ans. Il a \u00e9t\u00e9 s\u00e9par\u00e9ment interdit en 2018 d&rsquo;entrer aux \u00c9tats-Unis, et il a depuis embauch\u00e9 une \u00e9quipe de lobbyistes et d&rsquo;avocats \u00e0 Washington pour tenter de riposter et d&rsquo;\u00e9viter toute sanction, ce qui pourrait geler l&rsquo;argent qu&rsquo;il a dans les banques internationales. Le pr\u00e9sident de la&hellip;<\/p>\n","protected":false,"gt_translate_keys":[{"key":"rendered","format":"html"}]},"author":1,"featured_media":15977,"comment_status":"open","ping_status":"open","sticky":false,"template":"","format":"standard","meta":{"_crdt_document":"","footnotes":""},"categories":[660],"tags":[2452],"class_list":["post-15975","post","type-post","status-publish","format-standard","has-post-thumbnail","hentry","category-detournement","tag-albert-yuma"],"gutentor_comment":0,"yoast_head":"<!-- This site is optimized with the Yoast SEO plugin v27.5 - https:\/\/yoast.com\/product\/yoast-seo-wordpress\/ -->\n<title>RDC: \u00e9vinc\u00e9 par F. Tshisekedi, A. Yuma va se battre pour \u00e9viter le gel de ses &quot;comptes&quot; dans les banques internationales - Actualit\u00e9s congolaises et internationales<\/title>\n<meta name=\"robots\" content=\"index, follow, max-snippet:-1, max-image-preview:large, max-video-preview:-1\" \/>\n<link rel=\"canonical\" href=\"https:\/\/congovirtuel.com\/information\/rdc-evince-par-f-tshisekedi-a-yuma-va-se-battre-pour-eviter-le-gel-de-ses-comptes-dans-les-banques-internationales\/\" \/>\n<meta property=\"og:locale\" content=\"fr_FR\" \/>\n<meta property=\"og:type\" content=\"article\" \/>\n<meta property=\"og:title\" content=\"RDC: \u00e9vinc\u00e9 par F. Tshisekedi, A. Yuma va se battre pour \u00e9viter le gel de ses &quot;comptes&quot; dans les banques internationales - Actualit\u00e9s congolaises et internationales\" \/>\n<meta property=\"og:description\" content=\"De hauts responsables du d\u00e9partement d&rsquo;\u00c9tat ont exhort\u00e9 l&rsquo;administration Biden \u00e0 imposer des sanctions contre Albert Yuma, qui a d\u00e9clar\u00e9 au Times qu&rsquo;il avait, selon ses propres dires, \u00e9t\u00e9 accus\u00e9 d&rsquo;avoir d\u00e9tourn\u00e9 jusqu&rsquo;\u00e0 8,8 milliards de dollars de revenus miniers au fil des ans. Il a \u00e9t\u00e9 s\u00e9par\u00e9ment interdit en 2018 d&rsquo;entrer aux \u00c9tats-Unis, et il a depuis embauch\u00e9 une \u00e9quipe de lobbyistes et d&rsquo;avocats \u00e0 Washington pour tenter de riposter et d&rsquo;\u00e9viter toute sanction, ce qui pourrait geler l&rsquo;argent qu&rsquo;il a dans les banques internationales. Le pr\u00e9sident de la&hellip;\" \/>\n<meta property=\"og:url\" content=\"https:\/\/congovirtuel.com\/information\/rdc-evince-par-f-tshisekedi-a-yuma-va-se-battre-pour-eviter-le-gel-de-ses-comptes-dans-les-banques-internationales\/\" \/>\n<meta property=\"og:site_name\" content=\"Actualit\u00e9s congolaises et internationales\" \/>\n<meta property=\"article:publisher\" content=\"https:\/\/web.facebook.com\/Congovirtuel-763617960319601\/?ref=aymt_homepage_panel&amp;amp%3bamp%3bamp%3bamp%3bamp%3bamp%3bamp%3bamp%3bamp%3bamp%3bamp%3beid=ARCoxULa66767kIgF_KYav6VdjXTI4yk_LW4yoVO9s6NXpysgb7Cb65vpxcxgqzOAKvIbLQxaAETcqHT\" \/>\n<meta property=\"article:published_time\" content=\"2021-12-04T10:08:27+00:00\" \/>\n<meta property=\"article:modified_time\" content=\"2021-12-04T10:08:29+00:00\" \/>\n<meta property=\"og:image\" content=\"https:\/\/congovirtuel.com\/information\/wp-content\/uploads\/2021\/12\/IMG-20211204-WA0025.jpg\" \/>\n\t<meta property=\"og:image:width\" content=\"1440\" \/>\n\t<meta property=\"og:image:height\" content=\"1439\" \/>\n\t<meta property=\"og:image:type\" content=\"image\/jpeg\" \/>\n<meta name=\"author\" content=\"infocongovirtuel\" \/>\n<meta name=\"twitter:card\" content=\"summary_large_image\" \/>\n<meta name=\"twitter:creator\" content=\"@congovirtuel\" \/>\n<meta name=\"twitter:site\" content=\"@congovirtuel\" \/>\n<meta name=\"twitter:label1\" content=\"\u00c9crit par\" \/>\n\t<meta name=\"twitter:data1\" content=\"infocongovirtuel\" \/>\n\t<meta name=\"twitter:label2\" content=\"Dur\u00e9e de lecture estim\u00e9e\" \/>\n\t<meta name=\"twitter:data2\" content=\"5 minutes\" \/>\n<script type=\"application\/ld+json\" class=\"yoast-schema-graph\">{\"@context\":\"https:\\\/\\\/schema.org\",\"@graph\":[{\"@type\":\"Article\",\"@id\":\"https:\\\/\\\/congovirtuel.com\\\/information\\\/rdc-evince-par-f-tshisekedi-a-yuma-va-se-battre-pour-eviter-le-gel-de-ses-comptes-dans-les-banques-internationales\\\/#article\",\"isPartOf\":{\"@id\":\"https:\\\/\\\/congovirtuel.com\\\/information\\\/rdc-evince-par-f-tshisekedi-a-yuma-va-se-battre-pour-eviter-le-gel-de-ses-comptes-dans-les-banques-internationales\\\/\"},\"author\":{\"name\":\"infocongovirtuel\",\"@id\":\"https:\\\/\\\/congovirtuel.com\\\/information\\\/#\\\/schema\\\/person\\\/739a44bf7990966cb53d58d2fdeca0b6\"},\"headline\":\"RDC: \u00e9vinc\u00e9 par F. Tshisekedi, A. Yuma va se battre pour \u00e9viter le gel de ses \u00ab\u00a0comptes\u00a0\u00bb dans les banques internationales\",\"datePublished\":\"2021-12-04T10:08:27+00:00\",\"dateModified\":\"2021-12-04T10:08:29+00:00\",\"mainEntityOfPage\":{\"@id\":\"https:\\\/\\\/congovirtuel.com\\\/information\\\/rdc-evince-par-f-tshisekedi-a-yuma-va-se-battre-pour-eviter-le-gel-de-ses-comptes-dans-les-banques-internationales\\\/\"},\"wordCount\":1203,\"commentCount\":0,\"publisher\":{\"@id\":\"https:\\\/\\\/congovirtuel.com\\\/information\\\/#organization\"},\"image\":{\"@id\":\"https:\\\/\\\/congovirtuel.com\\\/information\\\/rdc-evince-par-f-tshisekedi-a-yuma-va-se-battre-pour-eviter-le-gel-de-ses-comptes-dans-les-banques-internationales\\\/#primaryimage\"},\"thumbnailUrl\":\"https:\\\/\\\/congovirtuel.com\\\/information\\\/wp-content\\\/uploads\\\/2021\\\/12\\\/IMG-20211204-WA0025.jpg\",\"keywords\":[\"Albert Yuma\"],\"articleSection\":[\"D\u00e9tournement\"],\"inLanguage\":\"fr-FR\",\"potentialAction\":[{\"@type\":\"CommentAction\",\"name\":\"Comment\",\"target\":[\"https:\\\/\\\/congovirtuel.com\\\/information\\\/rdc-evince-par-f-tshisekedi-a-yuma-va-se-battre-pour-eviter-le-gel-de-ses-comptes-dans-les-banques-internationales\\\/#respond\"]}]},{\"@type\":\"WebPage\",\"@id\":\"https:\\\/\\\/congovirtuel.com\\\/information\\\/rdc-evince-par-f-tshisekedi-a-yuma-va-se-battre-pour-eviter-le-gel-de-ses-comptes-dans-les-banques-internationales\\\/\",\"url\":\"https:\\\/\\\/congovirtuel.com\\\/information\\\/rdc-evince-par-f-tshisekedi-a-yuma-va-se-battre-pour-eviter-le-gel-de-ses-comptes-dans-les-banques-internationales\\\/\",\"name\":\"RDC: \u00e9vinc\u00e9 par F. Tshisekedi, A. Yuma va se battre pour \u00e9viter le gel de ses \\\"comptes\\\" dans les banques internationales - Actualit\u00e9s congolaises et internationales\",\"isPartOf\":{\"@id\":\"https:\\\/\\\/congovirtuel.com\\\/information\\\/#website\"},\"primaryImageOfPage\":{\"@id\":\"https:\\\/\\\/congovirtuel.com\\\/information\\\/rdc-evince-par-f-tshisekedi-a-yuma-va-se-battre-pour-eviter-le-gel-de-ses-comptes-dans-les-banques-internationales\\\/#primaryimage\"},\"image\":{\"@id\":\"https:\\\/\\\/congovirtuel.com\\\/information\\\/rdc-evince-par-f-tshisekedi-a-yuma-va-se-battre-pour-eviter-le-gel-de-ses-comptes-dans-les-banques-internationales\\\/#primaryimage\"},\"thumbnailUrl\":\"https:\\\/\\\/congovirtuel.com\\\/information\\\/wp-content\\\/uploads\\\/2021\\\/12\\\/IMG-20211204-WA0025.jpg\",\"datePublished\":\"2021-12-04T10:08:27+00:00\",\"dateModified\":\"2021-12-04T10:08:29+00:00\",\"breadcrumb\":{\"@id\":\"https:\\\/\\\/congovirtuel.com\\\/information\\\/rdc-evince-par-f-tshisekedi-a-yuma-va-se-battre-pour-eviter-le-gel-de-ses-comptes-dans-les-banques-internationales\\\/#breadcrumb\"},\"inLanguage\":\"fr-FR\",\"potentialAction\":[{\"@type\":\"ReadAction\",\"target\":[\"https:\\\/\\\/congovirtuel.com\\\/information\\\/rdc-evince-par-f-tshisekedi-a-yuma-va-se-battre-pour-eviter-le-gel-de-ses-comptes-dans-les-banques-internationales\\\/\"]}]},{\"@type\":\"ImageObject\",\"inLanguage\":\"fr-FR\",\"@id\":\"https:\\\/\\\/congovirtuel.com\\\/information\\\/rdc-evince-par-f-tshisekedi-a-yuma-va-se-battre-pour-eviter-le-gel-de-ses-comptes-dans-les-banques-internationales\\\/#primaryimage\",\"url\":\"https:\\\/\\\/congovirtuel.com\\\/information\\\/wp-content\\\/uploads\\\/2021\\\/12\\\/IMG-20211204-WA0025.jpg\",\"contentUrl\":\"https:\\\/\\\/congovirtuel.com\\\/information\\\/wp-content\\\/uploads\\\/2021\\\/12\\\/IMG-20211204-WA0025.jpg\",\"width\":1440,\"height\":1439},{\"@type\":\"BreadcrumbList\",\"@id\":\"https:\\\/\\\/congovirtuel.com\\\/information\\\/rdc-evince-par-f-tshisekedi-a-yuma-va-se-battre-pour-eviter-le-gel-de-ses-comptes-dans-les-banques-internationales\\\/#breadcrumb\",\"itemListElement\":[{\"@type\":\"ListItem\",\"position\":1,\"name\":\"Accueil\",\"item\":\"https:\\\/\\\/congovirtuel.com\\\/information\\\/\"},{\"@type\":\"ListItem\",\"position\":2,\"name\":\"RDC: \u00e9vinc\u00e9 par F. Tshisekedi, A. Yuma va se battre pour \u00e9viter le gel de ses \u00ab\u00a0comptes\u00a0\u00bb dans les banques internationales\"}]},{\"@type\":\"WebSite\",\"@id\":\"https:\\\/\\\/congovirtuel.com\\\/information\\\/#website\",\"url\":\"https:\\\/\\\/congovirtuel.com\\\/information\\\/\",\"name\":\"Actualit\u00e9s congolaises et internationales\",\"description\":\"site d&#039;analyse et de traitement d&#039;information\",\"publisher\":{\"@id\":\"https:\\\/\\\/congovirtuel.com\\\/information\\\/#organization\"},\"potentialAction\":[{\"@type\":\"SearchAction\",\"target\":{\"@type\":\"EntryPoint\",\"urlTemplate\":\"https:\\\/\\\/congovirtuel.com\\\/information\\\/?s={search_term_string}\"},\"query-input\":{\"@type\":\"PropertyValueSpecification\",\"valueRequired\":true,\"valueName\":\"search_term_string\"}}],\"inLanguage\":\"fr-FR\"},{\"@type\":\"Organization\",\"@id\":\"https:\\\/\\\/congovirtuel.com\\\/information\\\/#organization\",\"name\":\"Biblioth\u00e8que Virtuelle de la RDC\",\"url\":\"https:\\\/\\\/congovirtuel.com\\\/information\\\/\",\"logo\":{\"@type\":\"ImageObject\",\"inLanguage\":\"fr-FR\",\"@id\":\"https:\\\/\\\/congovirtuel.com\\\/information\\\/#\\\/schema\\\/logo\\\/image\\\/\",\"url\":\"https:\\\/\\\/congovirtuel.com\\\/information\\\/wp-content\\\/uploads\\\/2018\\\/10\\\/header-info-congovirtuel-vraie.jpg\",\"contentUrl\":\"https:\\\/\\\/congovirtuel.com\\\/information\\\/wp-content\\\/uploads\\\/2018\\\/10\\\/header-info-congovirtuel-vraie.jpg\",\"width\":728,\"height\":90,\"caption\":\"Biblioth\u00e8que Virtuelle de la RDC\"},\"image\":{\"@id\":\"https:\\\/\\\/congovirtuel.com\\\/information\\\/#\\\/schema\\\/logo\\\/image\\\/\"},\"sameAs\":[\"https:\\\/\\\/web.facebook.com\\\/Congovirtuel-763617960319601\\\/?ref=aymt_homepage_panel&amp;amp;amp;amp;amp;amp;amp;amp;amp;amp;amp;eid=ARCoxULa66767kIgF_KYav6VdjXTI4yk_LW4yoVO9s6NXpysgb7Cb65vpxcxgqzOAKvIbLQxaAETcqHT\",\"https:\\\/\\\/x.com\\\/congovirtuel\",\"https:\\\/\\\/www.youtube.com\\\/channel\\\/UCkFfprYzGgS3EWNpeMXpToQ?view_as=subscriber\"]},{\"@type\":\"Person\",\"@id\":\"https:\\\/\\\/congovirtuel.com\\\/information\\\/#\\\/schema\\\/person\\\/739a44bf7990966cb53d58d2fdeca0b6\",\"name\":\"infocongovirtuel\",\"image\":{\"@type\":\"ImageObject\",\"inLanguage\":\"fr-FR\",\"@id\":\"https:\\\/\\\/secure.gravatar.com\\\/avatar\\\/4d76991aa72469f0eb22e772586c99113c6997f88da636a9db8f2ce3a2c05e69?s=96&d=mm&r=g\",\"url\":\"https:\\\/\\\/secure.gravatar.com\\\/avatar\\\/4d76991aa72469f0eb22e772586c99113c6997f88da636a9db8f2ce3a2c05e69?s=96&d=mm&r=g\",\"contentUrl\":\"https:\\\/\\\/secure.gravatar.com\\\/avatar\\\/4d76991aa72469f0eb22e772586c99113c6997f88da636a9db8f2ce3a2c05e69?s=96&d=mm&r=g\",\"caption\":\"infocongovirtuel\"},\"url\":\"https:\\\/\\\/congovirtuel.com\\\/information\\\/author\\\/infocongovirtuel\\\/\"}]}<\/script>\n<!-- \/ Yoast SEO plugin. -->","yoast_head_json":{"title":"RDC: \u00e9vinc\u00e9 par F. Tshisekedi, A. Yuma va se battre pour \u00e9viter le gel de ses \"comptes\" dans les banques internationales - Actualit\u00e9s congolaises et internationales","robots":{"index":"index","follow":"follow","max-snippet":"max-snippet:-1","max-image-preview":"max-image-preview:large","max-video-preview":"max-video-preview:-1"},"canonical":"https:\/\/congovirtuel.com\/information\/rdc-evince-par-f-tshisekedi-a-yuma-va-se-battre-pour-eviter-le-gel-de-ses-comptes-dans-les-banques-internationales\/","og_locale":"fr_FR","og_type":"article","og_title":"RDC: \u00e9vinc\u00e9 par F. Tshisekedi, A. Yuma va se battre pour \u00e9viter le gel de ses \"comptes\" dans les banques internationales - Actualit\u00e9s congolaises et internationales","og_description":"De hauts responsables du d\u00e9partement d&rsquo;\u00c9tat ont exhort\u00e9 l&rsquo;administration Biden \u00e0 imposer des sanctions contre Albert Yuma, qui a d\u00e9clar\u00e9 au Times qu&rsquo;il avait, selon ses propres dires, \u00e9t\u00e9 accus\u00e9 d&rsquo;avoir d\u00e9tourn\u00e9 jusqu&rsquo;\u00e0 8,8 milliards de dollars de revenus miniers au fil des ans. Il a \u00e9t\u00e9 s\u00e9par\u00e9ment interdit en 2018 d&rsquo;entrer aux \u00c9tats-Unis, et il a depuis embauch\u00e9 une \u00e9quipe de lobbyistes et d&rsquo;avocats \u00e0 Washington pour tenter de riposter et d&rsquo;\u00e9viter toute sanction, ce qui pourrait geler l&rsquo;argent qu&rsquo;il a dans les banques internationales. Le pr\u00e9sident de la&hellip;","og_url":"https:\/\/congovirtuel.com\/information\/rdc-evince-par-f-tshisekedi-a-yuma-va-se-battre-pour-eviter-le-gel-de-ses-comptes-dans-les-banques-internationales\/","og_site_name":"Actualit\u00e9s congolaises et internationales","article_publisher":"https:\/\/web.facebook.com\/Congovirtuel-763617960319601\/?ref=aymt_homepage_panel&amp%3bamp%3bamp%3bamp%3bamp%3bamp%3bamp%3bamp%3bamp%3bamp%3bamp%3beid=ARCoxULa66767kIgF_KYav6VdjXTI4yk_LW4yoVO9s6NXpysgb7Cb65vpxcxgqzOAKvIbLQxaAETcqHT","article_published_time":"2021-12-04T10:08:27+00:00","article_modified_time":"2021-12-04T10:08:29+00:00","og_image":[{"width":1440,"height":1439,"url":"https:\/\/congovirtuel.com\/information\/wp-content\/uploads\/2021\/12\/IMG-20211204-WA0025.jpg","type":"image\/jpeg"}],"author":"infocongovirtuel","twitter_card":"summary_large_image","twitter_creator":"@congovirtuel","twitter_site":"@congovirtuel","twitter_misc":{"\u00c9crit par":"infocongovirtuel","Dur\u00e9e de lecture estim\u00e9e":"5 minutes"},"schema":{"@context":"https:\/\/schema.org","@graph":[{"@type":"Article","@id":"https:\/\/congovirtuel.com\/information\/rdc-evince-par-f-tshisekedi-a-yuma-va-se-battre-pour-eviter-le-gel-de-ses-comptes-dans-les-banques-internationales\/#article","isPartOf":{"@id":"https:\/\/congovirtuel.com\/information\/rdc-evince-par-f-tshisekedi-a-yuma-va-se-battre-pour-eviter-le-gel-de-ses-comptes-dans-les-banques-internationales\/"},"author":{"name":"infocongovirtuel","@id":"https:\/\/congovirtuel.com\/information\/#\/schema\/person\/739a44bf7990966cb53d58d2fdeca0b6"},"headline":"RDC: \u00e9vinc\u00e9 par F. Tshisekedi, A. Yuma va se battre pour \u00e9viter le gel de ses \u00ab\u00a0comptes\u00a0\u00bb dans les banques internationales","datePublished":"2021-12-04T10:08:27+00:00","dateModified":"2021-12-04T10:08:29+00:00","mainEntityOfPage":{"@id":"https:\/\/congovirtuel.com\/information\/rdc-evince-par-f-tshisekedi-a-yuma-va-se-battre-pour-eviter-le-gel-de-ses-comptes-dans-les-banques-internationales\/"},"wordCount":1203,"commentCount":0,"publisher":{"@id":"https:\/\/congovirtuel.com\/information\/#organization"},"image":{"@id":"https:\/\/congovirtuel.com\/information\/rdc-evince-par-f-tshisekedi-a-yuma-va-se-battre-pour-eviter-le-gel-de-ses-comptes-dans-les-banques-internationales\/#primaryimage"},"thumbnailUrl":"https:\/\/congovirtuel.com\/information\/wp-content\/uploads\/2021\/12\/IMG-20211204-WA0025.jpg","keywords":["Albert Yuma"],"articleSection":["D\u00e9tournement"],"inLanguage":"fr-FR","potentialAction":[{"@type":"CommentAction","name":"Comment","target":["https:\/\/congovirtuel.com\/information\/rdc-evince-par-f-tshisekedi-a-yuma-va-se-battre-pour-eviter-le-gel-de-ses-comptes-dans-les-banques-internationales\/#respond"]}]},{"@type":"WebPage","@id":"https:\/\/congovirtuel.com\/information\/rdc-evince-par-f-tshisekedi-a-yuma-va-se-battre-pour-eviter-le-gel-de-ses-comptes-dans-les-banques-internationales\/","url":"https:\/\/congovirtuel.com\/information\/rdc-evince-par-f-tshisekedi-a-yuma-va-se-battre-pour-eviter-le-gel-de-ses-comptes-dans-les-banques-internationales\/","name":"RDC: \u00e9vinc\u00e9 par F. Tshisekedi, A. Yuma va se battre pour \u00e9viter le gel de ses \"comptes\" dans les banques internationales - Actualit\u00e9s congolaises et internationales","isPartOf":{"@id":"https:\/\/congovirtuel.com\/information\/#website"},"primaryImageOfPage":{"@id":"https:\/\/congovirtuel.com\/information\/rdc-evince-par-f-tshisekedi-a-yuma-va-se-battre-pour-eviter-le-gel-de-ses-comptes-dans-les-banques-internationales\/#primaryimage"},"image":{"@id":"https:\/\/congovirtuel.com\/information\/rdc-evince-par-f-tshisekedi-a-yuma-va-se-battre-pour-eviter-le-gel-de-ses-comptes-dans-les-banques-internationales\/#primaryimage"},"thumbnailUrl":"https:\/\/congovirtuel.com\/information\/wp-content\/uploads\/2021\/12\/IMG-20211204-WA0025.jpg","datePublished":"2021-12-04T10:08:27+00:00","dateModified":"2021-12-04T10:08:29+00:00","breadcrumb":{"@id":"https:\/\/congovirtuel.com\/information\/rdc-evince-par-f-tshisekedi-a-yuma-va-se-battre-pour-eviter-le-gel-de-ses-comptes-dans-les-banques-internationales\/#breadcrumb"},"inLanguage":"fr-FR","potentialAction":[{"@type":"ReadAction","target":["https:\/\/congovirtuel.com\/information\/rdc-evince-par-f-tshisekedi-a-yuma-va-se-battre-pour-eviter-le-gel-de-ses-comptes-dans-les-banques-internationales\/"]}]},{"@type":"ImageObject","inLanguage":"fr-FR","@id":"https:\/\/congovirtuel.com\/information\/rdc-evince-par-f-tshisekedi-a-yuma-va-se-battre-pour-eviter-le-gel-de-ses-comptes-dans-les-banques-internationales\/#primaryimage","url":"https:\/\/congovirtuel.com\/information\/wp-content\/uploads\/2021\/12\/IMG-20211204-WA0025.jpg","contentUrl":"https:\/\/congovirtuel.com\/information\/wp-content\/uploads\/2021\/12\/IMG-20211204-WA0025.jpg","width":1440,"height":1439},{"@type":"BreadcrumbList","@id":"https:\/\/congovirtuel.com\/information\/rdc-evince-par-f-tshisekedi-a-yuma-va-se-battre-pour-eviter-le-gel-de-ses-comptes-dans-les-banques-internationales\/#breadcrumb","itemListElement":[{"@type":"ListItem","position":1,"name":"Accueil","item":"https:\/\/congovirtuel.com\/information\/"},{"@type":"ListItem","position":2,"name":"RDC: \u00e9vinc\u00e9 par F. Tshisekedi, A. Yuma va se battre pour \u00e9viter le gel de ses \u00ab\u00a0comptes\u00a0\u00bb dans les banques internationales"}]},{"@type":"WebSite","@id":"https:\/\/congovirtuel.com\/information\/#website","url":"https:\/\/congovirtuel.com\/information\/","name":"Actualit\u00e9s congolaises et internationales","description":"site d&#039;analyse et de traitement d&#039;information","publisher":{"@id":"https:\/\/congovirtuel.com\/information\/#organization"},"potentialAction":[{"@type":"SearchAction","target":{"@type":"EntryPoint","urlTemplate":"https:\/\/congovirtuel.com\/information\/?s={search_term_string}"},"query-input":{"@type":"PropertyValueSpecification","valueRequired":true,"valueName":"search_term_string"}}],"inLanguage":"fr-FR"},{"@type":"Organization","@id":"https:\/\/congovirtuel.com\/information\/#organization","name":"Biblioth\u00e8que Virtuelle de la RDC","url":"https:\/\/congovirtuel.com\/information\/","logo":{"@type":"ImageObject","inLanguage":"fr-FR","@id":"https:\/\/congovirtuel.com\/information\/#\/schema\/logo\/image\/","url":"https:\/\/congovirtuel.com\/information\/wp-content\/uploads\/2018\/10\/header-info-congovirtuel-vraie.jpg","contentUrl":"https:\/\/congovirtuel.com\/information\/wp-content\/uploads\/2018\/10\/header-info-congovirtuel-vraie.jpg","width":728,"height":90,"caption":"Biblioth\u00e8que Virtuelle de la RDC"},"image":{"@id":"https:\/\/congovirtuel.com\/information\/#\/schema\/logo\/image\/"},"sameAs":["https:\/\/web.facebook.com\/Congovirtuel-763617960319601\/?ref=aymt_homepage_panel&amp;amp;amp;amp;amp;amp;amp;amp;amp;amp;amp;eid=ARCoxULa66767kIgF_KYav6VdjXTI4yk_LW4yoVO9s6NXpysgb7Cb65vpxcxgqzOAKvIbLQxaAETcqHT","https:\/\/x.com\/congovirtuel","https:\/\/www.youtube.com\/channel\/UCkFfprYzGgS3EWNpeMXpToQ?view_as=subscriber"]},{"@type":"Person","@id":"https:\/\/congovirtuel.com\/information\/#\/schema\/person\/739a44bf7990966cb53d58d2fdeca0b6","name":"infocongovirtuel","image":{"@type":"ImageObject","inLanguage":"fr-FR","@id":"https:\/\/secure.gravatar.com\/avatar\/4d76991aa72469f0eb22e772586c99113c6997f88da636a9db8f2ce3a2c05e69?s=96&d=mm&r=g","url":"https:\/\/secure.gravatar.com\/avatar\/4d76991aa72469f0eb22e772586c99113c6997f88da636a9db8f2ce3a2c05e69?s=96&d=mm&r=g","contentUrl":"https:\/\/secure.gravatar.com\/avatar\/4d76991aa72469f0eb22e772586c99113c6997f88da636a9db8f2ce3a2c05e69?s=96&d=mm&r=g","caption":"infocongovirtuel"},"url":"https:\/\/congovirtuel.com\/information\/author\/infocongovirtuel\/"}]}},"gt_translate_keys":[{"key":"link","format":"url"}],"_links":{"self":[{"href":"https:\/\/congovirtuel.com\/information\/wp-json\/wp\/v2\/posts\/15975","targetHints":{"allow":["GET"]}}],"collection":[{"href":"https:\/\/congovirtuel.com\/information\/wp-json\/wp\/v2\/posts"}],"about":[{"href":"https:\/\/congovirtuel.com\/information\/wp-json\/wp\/v2\/types\/post"}],"author":[{"embeddable":true,"href":"https:\/\/congovirtuel.com\/information\/wp-json\/wp\/v2\/users\/1"}],"replies":[{"embeddable":true,"href":"https:\/\/congovirtuel.com\/information\/wp-json\/wp\/v2\/comments?post=15975"}],"version-history":[{"count":1,"href":"https:\/\/congovirtuel.com\/information\/wp-json\/wp\/v2\/posts\/15975\/revisions"}],"predecessor-version":[{"id":15980,"href":"https:\/\/congovirtuel.com\/information\/wp-json\/wp\/v2\/posts\/15975\/revisions\/15980"}],"wp:featuredmedia":[{"embeddable":true,"href":"https:\/\/congovirtuel.com\/information\/wp-json\/wp\/v2\/media\/15977"}],"wp:attachment":[{"href":"https:\/\/congovirtuel.com\/information\/wp-json\/wp\/v2\/media?parent=15975"}],"wp:term":[{"taxonomy":"category","embeddable":true,"href":"https:\/\/congovirtuel.com\/information\/wp-json\/wp\/v2\/categories?post=15975"},{"taxonomy":"post_tag","embeddable":true,"href":"https:\/\/congovirtuel.com\/information\/wp-json\/wp\/v2\/tags?post=15975"}],"curies":[{"name":"wp","href":"https:\/\/api.w.org\/{rel}","templated":true}]}}