{"id":1622,"date":"2020-05-28T06:13:38","date_gmt":"2020-05-28T05:13:38","guid":{"rendered":"https:\/\/congovirtuel.com\/information\/?p=1622"},"modified":"2020-05-28T06:13:50","modified_gmt":"2020-05-28T05:13:50","slug":"bientot-la-loi-des-finances-revue-a-la-baisse-selon-le-vice-premier-ministre-du-budget","status":"publish","type":"post","link":"https:\/\/congovirtuel.com\/information\/bientot-la-loi-des-finances-revue-a-la-baisse-selon-le-vice-premier-ministre-du-budget\/","title":{"rendered":"Bient\u00f4t la loi des finances revue \u00e0 la baisse, selon le vice-Premier ministre du Budget","gt_translate_keys":[{"key":"rendered","format":"text"}]},"content":{"rendered":"\n<p class=\"wp-block-paragraph\"><strong>Le vice-Premier ministre et ministre du Budget, Jean Baudouin Mayo, a indiqu\u00e9 la loi des finances pour l\u2019exercice 2020 sera bient\u00f4t revue \u00e0 la baisse.<\/strong><\/p>\n\n\n\n<p class=\"wp-block-paragraph\">Il a fait cette r\u00e9v\u00e9lation mardi lors de sa r\u00e9ponse sur l\u2019ex\u00e9cution du budget pour le premier trimestre \u00e0 la Commission \u00e9conomie et finances (ECOFIN) de&nbsp; la chambre basse du parlement.<\/p>\n\n\n\n<p class=\"wp-block-paragraph\">Cette r\u00e9vision \u00e0 la baisse de la loi des finances se justifie, a pr\u00e9cis\u00e9 le Vice-premier ministre Mayo, eu \u00e9gard aux effets n\u00e9gatifs engendr\u00e9s par la pand\u00e9mie du coronavirus<\/p>\n\n\n\n<p class=\"wp-block-paragraph\">Sur invitation de cette structure, le vice-Premier ministre \u00e9tait appel\u00e9 \u00e0 exposer sur l\u2019\u00e9tat d\u2019ex\u00e9cution de cette loi des finances en vue d\u2019\u00e9clairer la lanterne des repr\u00e9sentants du peuple sur la situation des d\u00e9penses d\u2019une mani\u00e8re globale.<\/p>\n\n\n\n<p class=\"wp-block-paragraph\">La revue \u00e0 la baisse de la loi des finances est cons\u00e9cutive aux effets n\u00e9gatifs de la pand\u00e9mie de la COVID19.<\/p>\n\n\n\n<p class=\"wp-block-paragraph\">Il a fait savoir que la question rel\u00e8ve d\u2019un exercice l\u00e9gal, avant de rassurer ses interlocuteurs que la situation des recettes encaiss\u00e9es est en train d\u2019\u00eatre saisie par les experts de son minist\u00e8re et que dans un bref d\u00e9lai elle leur sera pr\u00e9sent\u00e9e. La commission de l\u2019\u00e9conomie et finances, souligne-t-on, est dirig\u00e9e par R\u00e9my Massamba.\u00a0<\/p>\n\n\n\n<p class=\"wp-block-paragraph\"><strong>ACP\/Kayu<\/strong><\/p>\n","protected":false,"gt_translate_keys":[{"key":"rendered","format":"html"}]},"excerpt":{"rendered":"<p>Le vice-Premier ministre et ministre du Budget, Jean Baudouin Mayo, a indiqu\u00e9 la loi des finances pour l\u2019exercice 2020 sera bient\u00f4t revue \u00e0 la baisse. Il a fait cette r\u00e9v\u00e9lation mardi lors de sa r\u00e9ponse sur l\u2019ex\u00e9cution du budget pour le premier trimestre \u00e0 la Commission \u00e9conomie et finances (ECOFIN) de&nbsp; la chambre basse du parlement. Cette r\u00e9vision \u00e0 la baisse de la loi des finances se justifie, a pr\u00e9cis\u00e9 le Vice-premier ministre Mayo, eu \u00e9gard aux effets n\u00e9gatifs engendr\u00e9s par la pand\u00e9mie du coronavirus Sur invitation de cette structure,&hellip;<\/p>\n","protected":false,"gt_translate_keys":[{"key":"rendered","format":"html"}]},"author":1,"featured_media":1624,"comment_status":"open","ping_status":"open","sticky":false,"template":"","format":"standard","meta":{"_crdt_document":"","footnotes":""},"categories":[218,177],"tags":[865,864,866],"class_list":["post-1622","post","type-post","status-publish","format-standard","has-post-thumbnail","hentry","category-gouvernement","category-rdc-democratie","tag-jean-beaudoin-mayo","tag-loi-des-finances-revue-a-la-baisse","tag-ministre-budget-rdc-mayo"],"gutentor_comment":0,"yoast_head":"<!-- This site is optimized with the Yoast SEO plugin v27.5 - https:\/\/yoast.com\/product\/yoast-seo-wordpress\/ -->\n<title>Bient\u00f4t la loi des finances revue \u00e0 la baisse, selon le vice-Premier ministre du Budget - Actualit\u00e9s congolaises et internationales<\/title>\n<meta name=\"robots\" content=\"index, follow, max-snippet:-1, max-image-preview:large, max-video-preview:-1\" \/>\n<link rel=\"canonical\" href=\"https:\/\/congovirtuel.com\/information\/bientot-la-loi-des-finances-revue-a-la-baisse-selon-le-vice-premier-ministre-du-budget\/\" \/>\n<meta property=\"og:locale\" content=\"fr_FR\" \/>\n<meta property=\"og:type\" content=\"article\" \/>\n<meta property=\"og:title\" content=\"Bient\u00f4t la loi des finances revue \u00e0 la baisse, selon le vice-Premier ministre du Budget - Actualit\u00e9s congolaises et internationales\" \/>\n<meta property=\"og:description\" content=\"Le vice-Premier ministre et ministre du Budget, Jean Baudouin Mayo, a indiqu\u00e9 la loi des finances pour l\u2019exercice 2020 sera bient\u00f4t revue \u00e0 la baisse. Il a fait cette r\u00e9v\u00e9lation mardi lors de sa r\u00e9ponse sur l\u2019ex\u00e9cution du budget pour le premier trimestre \u00e0 la Commission \u00e9conomie et finances (ECOFIN) de&nbsp; la chambre basse du parlement. Cette r\u00e9vision \u00e0 la baisse de la loi des finances se justifie, a pr\u00e9cis\u00e9 le Vice-premier ministre Mayo, eu \u00e9gard aux effets n\u00e9gatifs engendr\u00e9s par la pand\u00e9mie du coronavirus Sur invitation de cette structure,&hellip;\" \/>\n<meta property=\"og:url\" content=\"https:\/\/congovirtuel.com\/information\/bientot-la-loi-des-finances-revue-a-la-baisse-selon-le-vice-premier-ministre-du-budget\/\" \/>\n<meta property=\"og:site_name\" content=\"Actualit\u00e9s congolaises et internationales\" \/>\n<meta property=\"article:publisher\" content=\"https:\/\/web.facebook.com\/Congovirtuel-763617960319601\/?ref=aymt_homepage_panel&amp;amp%3bamp%3bamp%3bamp%3bamp%3bamp%3bamp%3bamp%3bamp%3bamp%3bamp%3beid=ARCoxULa66767kIgF_KYav6VdjXTI4yk_LW4yoVO9s6NXpysgb7Cb65vpxcxgqzOAKvIbLQxaAETcqHT\" \/>\n<meta property=\"article:published_time\" content=\"2020-05-28T05:13:38+00:00\" \/>\n<meta property=\"article:modified_time\" content=\"2020-05-28T05:13:50+00:00\" \/>\n<meta property=\"og:image\" content=\"https:\/\/congovirtuel.com\/information\/wp-content\/uploads\/2020\/05\/senat_rdc.jpg\" \/>\n\t<meta property=\"og:image:width\" content=\"696\" \/>\n\t<meta property=\"og:image:height\" content=\"348\" \/>\n\t<meta property=\"og:image:type\" content=\"image\/jpeg\" \/>\n<meta name=\"author\" content=\"infocongovirtuel\" \/>\n<meta name=\"twitter:card\" content=\"summary_large_image\" \/>\n<meta name=\"twitter:creator\" content=\"@congovirtuel\" \/>\n<meta name=\"twitter:site\" content=\"@congovirtuel\" \/>\n<meta name=\"twitter:label1\" content=\"\u00c9crit par\" \/>\n\t<meta name=\"twitter:data1\" content=\"infocongovirtuel\" \/>\n\t<meta name=\"twitter:label2\" content=\"Dur\u00e9e de lecture estim\u00e9e\" \/>\n\t<meta name=\"twitter:data2\" content=\"1 minute\" \/>\n<script type=\"application\/ld+json\" class=\"yoast-schema-graph\">{\"@context\":\"https:\\\/\\\/schema.org\",\"@graph\":[{\"@type\":\"Article\",\"@id\":\"https:\\\/\\\/congovirtuel.com\\\/information\\\/bientot-la-loi-des-finances-revue-a-la-baisse-selon-le-vice-premier-ministre-du-budget\\\/#article\",\"isPartOf\":{\"@id\":\"https:\\\/\\\/congovirtuel.com\\\/information\\\/bientot-la-loi-des-finances-revue-a-la-baisse-selon-le-vice-premier-ministre-du-budget\\\/\"},\"author\":{\"name\":\"infocongovirtuel\",\"@id\":\"https:\\\/\\\/congovirtuel.com\\\/information\\\/#\\\/schema\\\/person\\\/739a44bf7990966cb53d58d2fdeca0b6\"},\"headline\":\"Bient\u00f4t la loi des finances revue \u00e0 la baisse, selon le vice-Premier ministre du Budget\",\"datePublished\":\"2020-05-28T05:13:38+00:00\",\"dateModified\":\"2020-05-28T05:13:50+00:00\",\"mainEntityOfPage\":{\"@id\":\"https:\\\/\\\/congovirtuel.com\\\/information\\\/bientot-la-loi-des-finances-revue-a-la-baisse-selon-le-vice-premier-ministre-du-budget\\\/\"},\"wordCount\":245,\"commentCount\":0,\"publisher\":{\"@id\":\"https:\\\/\\\/congovirtuel.com\\\/information\\\/#organization\"},\"image\":{\"@id\":\"https:\\\/\\\/congovirtuel.com\\\/information\\\/bientot-la-loi-des-finances-revue-a-la-baisse-selon-le-vice-premier-ministre-du-budget\\\/#primaryimage\"},\"thumbnailUrl\":\"https:\\\/\\\/congovirtuel.com\\\/information\\\/wp-content\\\/uploads\\\/2020\\\/05\\\/senat_rdc.jpg\",\"keywords\":[\"Jean Beaudoin Mayo\",\"loi des finances revue \u00e0 la baisse\",\"Ministre budget rdc Mayo\"],\"articleSection\":[\"Gouvernement\",\"RDC\"],\"inLanguage\":\"fr-FR\",\"potentialAction\":[{\"@type\":\"CommentAction\",\"name\":\"Comment\",\"target\":[\"https:\\\/\\\/congovirtuel.com\\\/information\\\/bientot-la-loi-des-finances-revue-a-la-baisse-selon-le-vice-premier-ministre-du-budget\\\/#respond\"]}]},{\"@type\":\"WebPage\",\"@id\":\"https:\\\/\\\/congovirtuel.com\\\/information\\\/bientot-la-loi-des-finances-revue-a-la-baisse-selon-le-vice-premier-ministre-du-budget\\\/\",\"url\":\"https:\\\/\\\/congovirtuel.com\\\/information\\\/bientot-la-loi-des-finances-revue-a-la-baisse-selon-le-vice-premier-ministre-du-budget\\\/\",\"name\":\"Bient\u00f4t la loi des finances revue \u00e0 la baisse, selon le vice-Premier ministre du Budget - Actualit\u00e9s congolaises et internationales\",\"isPartOf\":{\"@id\":\"https:\\\/\\\/congovirtuel.com\\\/information\\\/#website\"},\"primaryImageOfPage\":{\"@id\":\"https:\\\/\\\/congovirtuel.com\\\/information\\\/bientot-la-loi-des-finances-revue-a-la-baisse-selon-le-vice-premier-ministre-du-budget\\\/#primaryimage\"},\"image\":{\"@id\":\"https:\\\/\\\/congovirtuel.com\\\/information\\\/bientot-la-loi-des-finances-revue-a-la-baisse-selon-le-vice-premier-ministre-du-budget\\\/#primaryimage\"},\"thumbnailUrl\":\"https:\\\/\\\/congovirtuel.com\\\/information\\\/wp-content\\\/uploads\\\/2020\\\/05\\\/senat_rdc.jpg\",\"datePublished\":\"2020-05-28T05:13:38+00:00\",\"dateModified\":\"2020-05-28T05:13:50+00:00\",\"breadcrumb\":{\"@id\":\"https:\\\/\\\/congovirtuel.com\\\/information\\\/bientot-la-loi-des-finances-revue-a-la-baisse-selon-le-vice-premier-ministre-du-budget\\\/#breadcrumb\"},\"inLanguage\":\"fr-FR\",\"potentialAction\":[{\"@type\":\"ReadAction\",\"target\":[\"https:\\\/\\\/congovirtuel.com\\\/information\\\/bientot-la-loi-des-finances-revue-a-la-baisse-selon-le-vice-premier-ministre-du-budget\\\/\"]}]},{\"@type\":\"ImageObject\",\"inLanguage\":\"fr-FR\",\"@id\":\"https:\\\/\\\/congovirtuel.com\\\/information\\\/bientot-la-loi-des-finances-revue-a-la-baisse-selon-le-vice-premier-ministre-du-budget\\\/#primaryimage\",\"url\":\"https:\\\/\\\/congovirtuel.com\\\/information\\\/wp-content\\\/uploads\\\/2020\\\/05\\\/senat_rdc.jpg\",\"contentUrl\":\"https:\\\/\\\/congovirtuel.com\\\/information\\\/wp-content\\\/uploads\\\/2020\\\/05\\\/senat_rdc.jpg\",\"width\":696,\"height\":348,\"caption\":\"S\u00e9nat RDC\"},{\"@type\":\"BreadcrumbList\",\"@id\":\"https:\\\/\\\/congovirtuel.com\\\/information\\\/bientot-la-loi-des-finances-revue-a-la-baisse-selon-le-vice-premier-ministre-du-budget\\\/#breadcrumb\",\"itemListElement\":[{\"@type\":\"ListItem\",\"position\":1,\"name\":\"Accueil\",\"item\":\"https:\\\/\\\/congovirtuel.com\\\/information\\\/\"},{\"@type\":\"ListItem\",\"position\":2,\"name\":\"Bient\u00f4t la loi des finances revue \u00e0 la baisse, selon le vice-Premier ministre du Budget\"}]},{\"@type\":\"WebSite\",\"@id\":\"https:\\\/\\\/congovirtuel.com\\\/information\\\/#website\",\"url\":\"https:\\\/\\\/congovirtuel.com\\\/information\\\/\",\"name\":\"Actualit\u00e9s congolaises et internationales\",\"description\":\"site d&#039;analyse et de traitement d&#039;information\",\"publisher\":{\"@id\":\"https:\\\/\\\/congovirtuel.com\\\/information\\\/#organization\"},\"potentialAction\":[{\"@type\":\"SearchAction\",\"target\":{\"@type\":\"EntryPoint\",\"urlTemplate\":\"https:\\\/\\\/congovirtuel.com\\\/information\\\/?s={search_term_string}\"},\"query-input\":{\"@type\":\"PropertyValueSpecification\",\"valueRequired\":true,\"valueName\":\"search_term_string\"}}],\"inLanguage\":\"fr-FR\"},{\"@type\":\"Organization\",\"@id\":\"https:\\\/\\\/congovirtuel.com\\\/information\\\/#organization\",\"name\":\"Biblioth\u00e8que Virtuelle de la RDC\",\"url\":\"https:\\\/\\\/congovirtuel.com\\\/information\\\/\",\"logo\":{\"@type\":\"ImageObject\",\"inLanguage\":\"fr-FR\",\"@id\":\"https:\\\/\\\/congovirtuel.com\\\/information\\\/#\\\/schema\\\/logo\\\/image\\\/\",\"url\":\"https:\\\/\\\/congovirtuel.com\\\/information\\\/wp-content\\\/uploads\\\/2018\\\/10\\\/header-info-congovirtuel-vraie.jpg\",\"contentUrl\":\"https:\\\/\\\/congovirtuel.com\\\/information\\\/wp-content\\\/uploads\\\/2018\\\/10\\\/header-info-congovirtuel-vraie.jpg\",\"width\":728,\"height\":90,\"caption\":\"Biblioth\u00e8que Virtuelle de la RDC\"},\"image\":{\"@id\":\"https:\\\/\\\/congovirtuel.com\\\/information\\\/#\\\/schema\\\/logo\\\/image\\\/\"},\"sameAs\":[\"https:\\\/\\\/web.facebook.com\\\/Congovirtuel-763617960319601\\\/?ref=aymt_homepage_panel&amp;amp;amp;amp;amp;amp;amp;amp;amp;amp;amp;eid=ARCoxULa66767kIgF_KYav6VdjXTI4yk_LW4yoVO9s6NXpysgb7Cb65vpxcxgqzOAKvIbLQxaAETcqHT\",\"https:\\\/\\\/x.com\\\/congovirtuel\",\"https:\\\/\\\/www.youtube.com\\\/channel\\\/UCkFfprYzGgS3EWNpeMXpToQ?view_as=subscriber\"]},{\"@type\":\"Person\",\"@id\":\"https:\\\/\\\/congovirtuel.com\\\/information\\\/#\\\/schema\\\/person\\\/739a44bf7990966cb53d58d2fdeca0b6\",\"name\":\"infocongovirtuel\",\"image\":{\"@type\":\"ImageObject\",\"inLanguage\":\"fr-FR\",\"@id\":\"https:\\\/\\\/secure.gravatar.com\\\/avatar\\\/4d76991aa72469f0eb22e772586c99113c6997f88da636a9db8f2ce3a2c05e69?s=96&d=mm&r=g\",\"url\":\"https:\\\/\\\/secure.gravatar.com\\\/avatar\\\/4d76991aa72469f0eb22e772586c99113c6997f88da636a9db8f2ce3a2c05e69?s=96&d=mm&r=g\",\"contentUrl\":\"https:\\\/\\\/secure.gravatar.com\\\/avatar\\\/4d76991aa72469f0eb22e772586c99113c6997f88da636a9db8f2ce3a2c05e69?s=96&d=mm&r=g\",\"caption\":\"infocongovirtuel\"},\"url\":\"https:\\\/\\\/congovirtuel.com\\\/information\\\/author\\\/infocongovirtuel\\\/\"}]}<\/script>\n<!-- \/ Yoast SEO plugin. -->","yoast_head_json":{"title":"Bient\u00f4t la loi des finances revue \u00e0 la baisse, selon le vice-Premier ministre du Budget - Actualit\u00e9s congolaises et internationales","robots":{"index":"index","follow":"follow","max-snippet":"max-snippet:-1","max-image-preview":"max-image-preview:large","max-video-preview":"max-video-preview:-1"},"canonical":"https:\/\/congovirtuel.com\/information\/bientot-la-loi-des-finances-revue-a-la-baisse-selon-le-vice-premier-ministre-du-budget\/","og_locale":"fr_FR","og_type":"article","og_title":"Bient\u00f4t la loi des finances revue \u00e0 la baisse, selon le vice-Premier ministre du Budget - Actualit\u00e9s congolaises et internationales","og_description":"Le vice-Premier ministre et ministre du Budget, Jean Baudouin Mayo, a indiqu\u00e9 la loi des finances pour l\u2019exercice 2020 sera bient\u00f4t revue \u00e0 la baisse. Il a fait cette r\u00e9v\u00e9lation mardi lors de sa r\u00e9ponse sur l\u2019ex\u00e9cution du budget pour le premier trimestre \u00e0 la Commission \u00e9conomie et finances (ECOFIN) de&nbsp; la chambre basse du parlement. Cette r\u00e9vision \u00e0 la baisse de la loi des finances se justifie, a pr\u00e9cis\u00e9 le Vice-premier ministre Mayo, eu \u00e9gard aux effets n\u00e9gatifs engendr\u00e9s par la pand\u00e9mie du coronavirus Sur invitation de cette structure,&hellip;","og_url":"https:\/\/congovirtuel.com\/information\/bientot-la-loi-des-finances-revue-a-la-baisse-selon-le-vice-premier-ministre-du-budget\/","og_site_name":"Actualit\u00e9s congolaises et internationales","article_publisher":"https:\/\/web.facebook.com\/Congovirtuel-763617960319601\/?ref=aymt_homepage_panel&amp%3bamp%3bamp%3bamp%3bamp%3bamp%3bamp%3bamp%3bamp%3bamp%3bamp%3beid=ARCoxULa66767kIgF_KYav6VdjXTI4yk_LW4yoVO9s6NXpysgb7Cb65vpxcxgqzOAKvIbLQxaAETcqHT","article_published_time":"2020-05-28T05:13:38+00:00","article_modified_time":"2020-05-28T05:13:50+00:00","og_image":[{"width":696,"height":348,"url":"https:\/\/congovirtuel.com\/information\/wp-content\/uploads\/2020\/05\/senat_rdc.jpg","type":"image\/jpeg"}],"author":"infocongovirtuel","twitter_card":"summary_large_image","twitter_creator":"@congovirtuel","twitter_site":"@congovirtuel","twitter_misc":{"\u00c9crit par":"infocongovirtuel","Dur\u00e9e de lecture estim\u00e9e":"1 minute"},"schema":{"@context":"https:\/\/schema.org","@graph":[{"@type":"Article","@id":"https:\/\/congovirtuel.com\/information\/bientot-la-loi-des-finances-revue-a-la-baisse-selon-le-vice-premier-ministre-du-budget\/#article","isPartOf":{"@id":"https:\/\/congovirtuel.com\/information\/bientot-la-loi-des-finances-revue-a-la-baisse-selon-le-vice-premier-ministre-du-budget\/"},"author":{"name":"infocongovirtuel","@id":"https:\/\/congovirtuel.com\/information\/#\/schema\/person\/739a44bf7990966cb53d58d2fdeca0b6"},"headline":"Bient\u00f4t la loi des finances revue \u00e0 la baisse, selon le vice-Premier ministre du Budget","datePublished":"2020-05-28T05:13:38+00:00","dateModified":"2020-05-28T05:13:50+00:00","mainEntityOfPage":{"@id":"https:\/\/congovirtuel.com\/information\/bientot-la-loi-des-finances-revue-a-la-baisse-selon-le-vice-premier-ministre-du-budget\/"},"wordCount":245,"commentCount":0,"publisher":{"@id":"https:\/\/congovirtuel.com\/information\/#organization"},"image":{"@id":"https:\/\/congovirtuel.com\/information\/bientot-la-loi-des-finances-revue-a-la-baisse-selon-le-vice-premier-ministre-du-budget\/#primaryimage"},"thumbnailUrl":"https:\/\/congovirtuel.com\/information\/wp-content\/uploads\/2020\/05\/senat_rdc.jpg","keywords":["Jean Beaudoin Mayo","loi des finances revue \u00e0 la baisse","Ministre budget rdc Mayo"],"articleSection":["Gouvernement","RDC"],"inLanguage":"fr-FR","potentialAction":[{"@type":"CommentAction","name":"Comment","target":["https:\/\/congovirtuel.com\/information\/bientot-la-loi-des-finances-revue-a-la-baisse-selon-le-vice-premier-ministre-du-budget\/#respond"]}]},{"@type":"WebPage","@id":"https:\/\/congovirtuel.com\/information\/bientot-la-loi-des-finances-revue-a-la-baisse-selon-le-vice-premier-ministre-du-budget\/","url":"https:\/\/congovirtuel.com\/information\/bientot-la-loi-des-finances-revue-a-la-baisse-selon-le-vice-premier-ministre-du-budget\/","name":"Bient\u00f4t la loi des finances revue \u00e0 la baisse, selon le vice-Premier ministre du Budget - Actualit\u00e9s congolaises et internationales","isPartOf":{"@id":"https:\/\/congovirtuel.com\/information\/#website"},"primaryImageOfPage":{"@id":"https:\/\/congovirtuel.com\/information\/bientot-la-loi-des-finances-revue-a-la-baisse-selon-le-vice-premier-ministre-du-budget\/#primaryimage"},"image":{"@id":"https:\/\/congovirtuel.com\/information\/bientot-la-loi-des-finances-revue-a-la-baisse-selon-le-vice-premier-ministre-du-budget\/#primaryimage"},"thumbnailUrl":"https:\/\/congovirtuel.com\/information\/wp-content\/uploads\/2020\/05\/senat_rdc.jpg","datePublished":"2020-05-28T05:13:38+00:00","dateModified":"2020-05-28T05:13:50+00:00","breadcrumb":{"@id":"https:\/\/congovirtuel.com\/information\/bientot-la-loi-des-finances-revue-a-la-baisse-selon-le-vice-premier-ministre-du-budget\/#breadcrumb"},"inLanguage":"fr-FR","potentialAction":[{"@type":"ReadAction","target":["https:\/\/congovirtuel.com\/information\/bientot-la-loi-des-finances-revue-a-la-baisse-selon-le-vice-premier-ministre-du-budget\/"]}]},{"@type":"ImageObject","inLanguage":"fr-FR","@id":"https:\/\/congovirtuel.com\/information\/bientot-la-loi-des-finances-revue-a-la-baisse-selon-le-vice-premier-ministre-du-budget\/#primaryimage","url":"https:\/\/congovirtuel.com\/information\/wp-content\/uploads\/2020\/05\/senat_rdc.jpg","contentUrl":"https:\/\/congovirtuel.com\/information\/wp-content\/uploads\/2020\/05\/senat_rdc.jpg","width":696,"height":348,"caption":"S\u00e9nat RDC"},{"@type":"BreadcrumbList","@id":"https:\/\/congovirtuel.com\/information\/bientot-la-loi-des-finances-revue-a-la-baisse-selon-le-vice-premier-ministre-du-budget\/#breadcrumb","itemListElement":[{"@type":"ListItem","position":1,"name":"Accueil","item":"https:\/\/congovirtuel.com\/information\/"},{"@type":"ListItem","position":2,"name":"Bient\u00f4t la loi des finances revue \u00e0 la baisse, selon le vice-Premier ministre du Budget"}]},{"@type":"WebSite","@id":"https:\/\/congovirtuel.com\/information\/#website","url":"https:\/\/congovirtuel.com\/information\/","name":"Actualit\u00e9s congolaises et internationales","description":"site d&#039;analyse et de traitement d&#039;information","publisher":{"@id":"https:\/\/congovirtuel.com\/information\/#organization"},"potentialAction":[{"@type":"SearchAction","target":{"@type":"EntryPoint","urlTemplate":"https:\/\/congovirtuel.com\/information\/?s={search_term_string}"},"query-input":{"@type":"PropertyValueSpecification","valueRequired":true,"valueName":"search_term_string"}}],"inLanguage":"fr-FR"},{"@type":"Organization","@id":"https:\/\/congovirtuel.com\/information\/#organization","name":"Biblioth\u00e8que Virtuelle de la RDC","url":"https:\/\/congovirtuel.com\/information\/","logo":{"@type":"ImageObject","inLanguage":"fr-FR","@id":"https:\/\/congovirtuel.com\/information\/#\/schema\/logo\/image\/","url":"https:\/\/congovirtuel.com\/information\/wp-content\/uploads\/2018\/10\/header-info-congovirtuel-vraie.jpg","contentUrl":"https:\/\/congovirtuel.com\/information\/wp-content\/uploads\/2018\/10\/header-info-congovirtuel-vraie.jpg","width":728,"height":90,"caption":"Biblioth\u00e8que Virtuelle de la RDC"},"image":{"@id":"https:\/\/congovirtuel.com\/information\/#\/schema\/logo\/image\/"},"sameAs":["https:\/\/web.facebook.com\/Congovirtuel-763617960319601\/?ref=aymt_homepage_panel&amp;amp;amp;amp;amp;amp;amp;amp;amp;amp;amp;eid=ARCoxULa66767kIgF_KYav6VdjXTI4yk_LW4yoVO9s6NXpysgb7Cb65vpxcxgqzOAKvIbLQxaAETcqHT","https:\/\/x.com\/congovirtuel","https:\/\/www.youtube.com\/channel\/UCkFfprYzGgS3EWNpeMXpToQ?view_as=subscriber"]},{"@type":"Person","@id":"https:\/\/congovirtuel.com\/information\/#\/schema\/person\/739a44bf7990966cb53d58d2fdeca0b6","name":"infocongovirtuel","image":{"@type":"ImageObject","inLanguage":"fr-FR","@id":"https:\/\/secure.gravatar.com\/avatar\/4d76991aa72469f0eb22e772586c99113c6997f88da636a9db8f2ce3a2c05e69?s=96&d=mm&r=g","url":"https:\/\/secure.gravatar.com\/avatar\/4d76991aa72469f0eb22e772586c99113c6997f88da636a9db8f2ce3a2c05e69?s=96&d=mm&r=g","contentUrl":"https:\/\/secure.gravatar.com\/avatar\/4d76991aa72469f0eb22e772586c99113c6997f88da636a9db8f2ce3a2c05e69?s=96&d=mm&r=g","caption":"infocongovirtuel"},"url":"https:\/\/congovirtuel.com\/information\/author\/infocongovirtuel\/"}]}},"gt_translate_keys":[{"key":"link","format":"url"}],"_links":{"self":[{"href":"https:\/\/congovirtuel.com\/information\/wp-json\/wp\/v2\/posts\/1622","targetHints":{"allow":["GET"]}}],"collection":[{"href":"https:\/\/congovirtuel.com\/information\/wp-json\/wp\/v2\/posts"}],"about":[{"href":"https:\/\/congovirtuel.com\/information\/wp-json\/wp\/v2\/types\/post"}],"author":[{"embeddable":true,"href":"https:\/\/congovirtuel.com\/information\/wp-json\/wp\/v2\/users\/1"}],"replies":[{"embeddable":true,"href":"https:\/\/congovirtuel.com\/information\/wp-json\/wp\/v2\/comments?post=1622"}],"version-history":[{"count":1,"href":"https:\/\/congovirtuel.com\/information\/wp-json\/wp\/v2\/posts\/1622\/revisions"}],"predecessor-version":[{"id":1625,"href":"https:\/\/congovirtuel.com\/information\/wp-json\/wp\/v2\/posts\/1622\/revisions\/1625"}],"wp:featuredmedia":[{"embeddable":true,"href":"https:\/\/congovirtuel.com\/information\/wp-json\/wp\/v2\/media\/1624"}],"wp:attachment":[{"href":"https:\/\/congovirtuel.com\/information\/wp-json\/wp\/v2\/media?parent=1622"}],"wp:term":[{"taxonomy":"category","embeddable":true,"href":"https:\/\/congovirtuel.com\/information\/wp-json\/wp\/v2\/categories?post=1622"},{"taxonomy":"post_tag","embeddable":true,"href":"https:\/\/congovirtuel.com\/information\/wp-json\/wp\/v2\/tags?post=1622"}],"curies":[{"name":"wp","href":"https:\/\/api.w.org\/{rel}","templated":true}]}}